{"id":9753,"date":"2020-01-22T21:31:47","date_gmt":"2020-01-22T20:31:47","guid":{"rendered":"http:\/\/www.jojoenherbe.com\/?p=9753"},"modified":"2023-08-20T10:17:17","modified_gmt":"2023-08-20T08:17:17","slug":"au-fil-des-pages-avec-pecheur-de-couleurs","status":"publish","type":"post","link":"http:\/\/www.jojoenherbe.com\/index.php\/2020\/01\/22\/au-fil-des-pages-avec-pecheur-de-couleurs\/","title":{"rendered":"Au fil des pages avec P\u00eacheur de couleurs"},"content":{"rendered":"<p style=\"text-align: justify;\"><em><a href=\"https:\/\/i0.wp.com\/www.jojoenherbe.com\/wp-content\/uploads\/2020\/01\/P%C3%AAcheur-de-couleurs-2-scaled.jpg\"><img data-recalc-dims=\"1\" loading=\"lazy\" decoding=\"async\" data-attachment-id=\"9757\" data-permalink=\"http:\/\/www.jojoenherbe.com\/index.php\/2020\/01\/22\/au-fil-des-pages-avec-pecheur-de-couleurs\/pecheur-de-couleurs-2\/\" data-orig-file=\"https:\/\/i0.wp.com\/www.jojoenherbe.com\/wp-content\/uploads\/2020\/01\/P%C3%AAcheur-de-couleurs-2-scaled.jpg?fit=2560%2C1544\" data-orig-size=\"2560,1544\" data-comments-opened=\"1\" data-image-meta=\"{&quot;aperture&quot;:&quot;2.4&quot;,&quot;credit&quot;:&quot;&quot;,&quot;camera&quot;:&quot;iPhone 4S&quot;,&quot;caption&quot;:&quot;&quot;,&quot;created_timestamp&quot;:&quot;1579604321&quot;,&quot;copyright&quot;:&quot;&quot;,&quot;focal_length&quot;:&quot;4.28&quot;,&quot;iso&quot;:&quot;320&quot;,&quot;shutter_speed&quot;:&quot;0.05&quot;,&quot;title&quot;:&quot;&quot;,&quot;orientation&quot;:&quot;1&quot;}\" data-image-title=\"P\u00eacheur de couleurs 2\" data-image-description=\"\" data-image-caption=\"\" data-large-file=\"https:\/\/i0.wp.com\/www.jojoenherbe.com\/wp-content\/uploads\/2020\/01\/P%C3%AAcheur-de-couleurs-2-scaled.jpg?fit=676%2C407\" class=\"alignleft size-thumbnail wp-image-9757\" src=\"https:\/\/i0.wp.com\/www.jojoenherbe.com\/wp-content\/uploads\/2020\/01\/P%C3%AAcheur-de-couleurs-2.jpg?resize=150%2C150\" alt=\"\" width=\"150\" height=\"150\" srcset=\"https:\/\/i0.wp.com\/www.jojoenherbe.com\/wp-content\/uploads\/2020\/01\/P%C3%AAcheur-de-couleurs-2-scaled.jpg?resize=150%2C150 150w, https:\/\/i0.wp.com\/www.jojoenherbe.com\/wp-content\/uploads\/2020\/01\/P%C3%AAcheur-de-couleurs-2-scaled.jpg?zoom=2&amp;resize=150%2C150 300w, https:\/\/i0.wp.com\/www.jojoenherbe.com\/wp-content\/uploads\/2020\/01\/P%C3%AAcheur-de-couleurs-2-scaled.jpg?zoom=3&amp;resize=150%2C150 450w\" sizes=\"auto, (max-width: 150px) 100vw, 150px\" \/><\/a> <a href=\"https:\/\/i0.wp.com\/www.jojoenherbe.com\/wp-content\/uploads\/2020\/01\/P%C3%AAcheur-de-couleurs-3-scaled.jpg\"><img data-recalc-dims=\"1\" loading=\"lazy\" decoding=\"async\" data-attachment-id=\"9758\" data-permalink=\"http:\/\/www.jojoenherbe.com\/index.php\/2020\/01\/22\/au-fil-des-pages-avec-pecheur-de-couleurs\/pecheur-de-couleurs-3\/\" data-orig-file=\"https:\/\/i0.wp.com\/www.jojoenherbe.com\/wp-content\/uploads\/2020\/01\/P%C3%AAcheur-de-couleurs-3-scaled.jpg?fit=2560%2C1445\" data-orig-size=\"2560,1445\" data-comments-opened=\"1\" data-image-meta=\"{&quot;aperture&quot;:&quot;2.4&quot;,&quot;credit&quot;:&quot;&quot;,&quot;camera&quot;:&quot;iPhone 4S&quot;,&quot;caption&quot;:&quot;&quot;,&quot;created_timestamp&quot;:&quot;1579604335&quot;,&quot;copyright&quot;:&quot;&quot;,&quot;focal_length&quot;:&quot;4.28&quot;,&quot;iso&quot;:&quot;400&quot;,&quot;shutter_speed&quot;:&quot;0.05&quot;,&quot;title&quot;:&quot;&quot;,&quot;orientation&quot;:&quot;1&quot;}\" data-image-title=\"P\u00eacheur de couleurs 3\" data-image-description=\"\" data-image-caption=\"\" data-large-file=\"https:\/\/i0.wp.com\/www.jojoenherbe.com\/wp-content\/uploads\/2020\/01\/P%C3%AAcheur-de-couleurs-3-scaled.jpg?fit=676%2C382\" class=\"alignleft size-thumbnail wp-image-9758\" src=\"https:\/\/i0.wp.com\/www.jojoenherbe.com\/wp-content\/uploads\/2020\/01\/P%C3%AAcheur-de-couleurs-3.jpg?resize=150%2C150\" alt=\"\" width=\"150\" height=\"150\" srcset=\"https:\/\/i0.wp.com\/www.jojoenherbe.com\/wp-content\/uploads\/2020\/01\/P%C3%AAcheur-de-couleurs-3-scaled.jpg?resize=150%2C150 150w, https:\/\/i0.wp.com\/www.jojoenherbe.com\/wp-content\/uploads\/2020\/01\/P%C3%AAcheur-de-couleurs-3-scaled.jpg?zoom=2&amp;resize=150%2C150 300w, https:\/\/i0.wp.com\/www.jojoenherbe.com\/wp-content\/uploads\/2020\/01\/P%C3%AAcheur-de-couleurs-3-scaled.jpg?zoom=3&amp;resize=150%2C150 450w\" sizes=\"auto, (max-width: 150px) 100vw, 150px\" \/><\/a>Nous lisons, depuis lundi, un album jeunesse emprunt\u00e9 \u00e0 l&rsquo;\u00e9cole parmi une s\u00e9lection propos\u00e9e par la ma\u00eetresse: <\/em><span class=\"\"><em><span style=\"text-decoration: underline;\">P\u00eacheur de couleurs<\/span> d&rsquo;\u00c9ric Battut et Michel Piquemal (\u00e9d. Didier Jeunesse, 2003), un album jeunesse \u00e0 partir de 3 ans. Dandine, une vache blanche r\u00eave d&rsquo;ailleurs et quitte ses verts p\u00e2turages. En compagnie de Martin, un martin-p\u00eacheur &#8211; \u00ab\u00a0oiseau qui p\u00eache les couleurs\u00a0\u00bb, elle part explorer le vaste monde avec toute sa palette de couleurs. Mais l&rsquo;herbe est-t-elle plus verte ailleurs? Un joli r\u00e9cit d&rsquo;apprentissage des couleurs pour les tout-petits! A chaque double page, un paysage diff\u00e9rent est illustr\u00e9 avec sa couleur primaire associ\u00e9e comme par exemple le jaune pour le sable du d\u00e9sert ou le blanc pour la neige des pays froids, malgr\u00e9 un petit b\u00e9mol pour l&rsquo;illustration du rouge. Un bon moment de lecture tout en po\u00e9sie autour des couleurs!<\/em><br \/><\/span><\/p>\n<div style=\"width: 120px\" class=\"wp-caption alignleft\"><img data-recalc-dims=\"1\" loading=\"lazy\" decoding=\"async\" class=\"\" src=\"https:\/\/i0.wp.com\/delivrer-des-livres.fr\/wp-content\/uploads\/2019\/05\/logoalbums2019.png?resize=110%2C110\" alt=\"\" width=\"110\" height=\"110\" \/><p class=\"wp-caption-text\">Participation #135 <a href=\"http:\/\/delivrer-des-livres.fr\/challenge-albums-2019\/\">Je lis aussi des albums<\/a><\/p><\/div>\n<div style=\"width: 91px\" class=\"wp-caption alignleft\"><img data-recalc-dims=\"1\" loading=\"lazy\" decoding=\"async\" class=\"wp-caption-dt\" src=\"https:\/\/i0.wp.com\/2.bp.blogspot.com\/-TKBnABVnvwc\/Vx4rlxCGC1I\/AAAAAAAAL0o\/vWHf3kJJ_oQFnl5_LYs-AhwhkwyCAd2cgCPcBGAYYCw\/s200\/chut-les-enfants-lisent-logo-I.jpg?resize=81%2C146&#038;ssl=1\" alt=\"\" width=\"81\" height=\"146\" border=\"0\" data-original-height=\"386\" data-original-width=\"215\" \/><p class=\"wp-caption-text\">Participation #32 <a href=\"http:\/\/www.devinequivientbloguer.fr\/oceans-chut-les-enfants-lisent\/\">Devine qui vient Bloguer?<\/a><\/p><\/div>\n<div style=\"width: 128px\" class=\"wp-caption alignleft\"><img loading=\"lazy\" decoding=\"async\" class=\"\" src=\"https:\/\/lh3.googleusercontent.com\/yeyHsyE8ePB9xQx2t9obPo4nIUGeuGsS-P1wwGiEip3f9lcFED23VkM1Pr5hYoy4puCex2GzVOyZNHjl5qeUnhImyiKFqwfTaONmF_HEc7SEvgxhr1eZXuJ6zzg9JfEY4XADWBPBCxMLePs3HiWfgCjRFVaAIkiQhaX8RGfOMzZhoMNQUFFuWlglQGRva5RIkSFvo7nk3yMWVz4PgUXBK3Uof2Hf073K4C6YvQC1u6gRN2BCr4tNyqitAlYfULcqVlua9UK9L5kLVOZWs2-xrAzDf1K3rxU8pxE6Fdm1EI8_YbPW09CsTNa9CW1z0lvieJ6Ify6BbltA9XBnOC99XwB4E833hDdb9KWRbKTb8bwsVGIAFF1x2JkOCAWTkq3OtXJmlgaccySEr2PvCr9rzIA4GtrzB04GpU7RNPlnkfNDjtPoy6UR5nf5SD-RQvfrkHaKDQocAHpi1MoHr0bWF4h3F08r5y_TM01DqKXAgeInHehhuxNBZ4LGs7Emk2ol6RPfVd4UEj0916JVKRknXSsSbJG_50ptPlCGTOdHDTOUMc6x63Wp68_DnNhG9qn5FPKuDHhZvC008a4nifQFWuKVT6HvqNgW-LcvXb0wnjbSwgS8qwHb3LtHJj3uAe971aQRDPkS146UchPgCLNczeUje4Y3YFpuV4P1KYu67RSdAOITJNzzSRO2Dycc1PCqSdc7IoPwLu0-aT-FJ0m-KvlkUQLXoamPhl2WKbODyZSfc5ZT=w285-h217-no\" alt=\"\" width=\"118\" height=\"90\" \/><p class=\"wp-caption-text\"><a href=\"https:\/\/ennalit.wordpress.com\/2019\/12\/01\/challenge-petit-bac-2020-qui-veut-jouer\/\">Challenge Petit Bac d&rsquo;Enna<\/a> #3 Cat\u00e9gorie Couleur: \u00ab\u00a0Couleurs\u00a0\u00bb<\/p><\/div>\n\n\n<p><\/p>\n","protected":false},"excerpt":{"rendered":"<p>Nous lisons, depuis lundi, un album jeunesse emprunt\u00e9 \u00e0 l&rsquo;\u00e9cole parmi une s\u00e9lection propos\u00e9e par la ma\u00eetresse: P\u00eacheur de couleurs d&rsquo;\u00c9ric Battut et Michel Piquemal (\u00e9d. Didier Jeunesse, 2003), un album jeunesse \u00e0 partir de 3 ans. Dandine, une vache blanche r\u00eave d&rsquo;ailleurs et quitte ses verts p\u00e2turages. En compagnie de Martin, un martin-p\u00eacheur &#8211; [&hellip;]<\/p>\n","protected":false},"author":1,"featured_media":9759,"comment_status":"open","ping_status":"open","sticky":false,"template":"","format":"standard","meta":{"jetpack_post_was_ever_published":false,"_jetpack_newsletter_access":"","_jetpack_dont_email_post_to_subs":false,"_jetpack_newsletter_tier_id":0,"_jetpack_memberships_contains_paywalled_content":false,"_jetpack_memberships_contains_paid_content":false,"footnotes":""},"categories":[363],"tags":[785,409,386,1352,1119,239,638,1189,1350,367,1188,1190,543,798,1187,1186],"class_list":["post-9753","post","type-post","status-publish","format-standard","has-post-thumbnail","hentry","category-mini-lecteur","tag-3-6-ans","tag-albums-jeunesse","tag-amitie","tag-challenge-petit-bac-2020","tag-chut-les-enfants-lisent","tag-couleurs","tag-couleurs-primaires","tag-eric-battut","tag-je-lis-aussi-des-albums-2019","tag-lecture-jeunesse","tag-martin-pecheur","tag-michel-piquemal","tag-nature","tag-reve","tag-vache","tag-voyage","post-preview"],"jetpack_featured_media_url":"https:\/\/i0.wp.com\/www.jojoenherbe.com\/wp-content\/uploads\/2020\/01\/P%C3%AAcheur-de-couleurs-scaled.jpg?fit=2560%2C1997","jetpack_sharing_enabled":true,"jetpack_shortlink":"https:\/\/wp.me\/p9zhGx-2xj","jetpack_likes_enabled":true,"jetpack-related-posts":[{"id":16863,"url":"http:\/\/www.jojoenherbe.com\/index.php\/2021\/03\/28\/troisieme-alphabet-des-animaux-e-comme-elephant\/","url_meta":{"origin":9753,"position":0},"title":"Troisi\u00e8me alphabet des animaux: E comme \u00c9l\u00e9phant","author":"Jojo","date":"28 mars 2021","format":false,"excerpt":"Pour la semaine 50 de mon challenge de l'alphabet des animaux illustr\u00e9s sur Instagram #jojoenherbeetcieillustre qui associe la premi\u00e8re lettre d'un animal avec une illustration tir\u00e9e de la litt\u00e9rature jeunesse en suivant l'ordre de l'alphabet, il s'agit du E comme \u00c9l\u00e9phant. Alors voici notre s\u00e9lection d'\u00e9l\u00e9phants qui sera mise \u00e0\u2026","rel":"","context":"Dans &quot;Mini challenger&quot;","block_context":{"text":"Mini challenger","link":"http:\/\/www.jojoenherbe.com\/index.php\/category\/mini-challenger\/"},"img":{"alt_text":"","src":"https:\/\/i0.wp.com\/www.jojoenherbe.com\/wp-content\/uploads\/2021\/03\/Selection-Elephant-1-scaled.jpg?fit=1200%2C838&resize=350%2C200","width":350,"height":200,"srcset":"https:\/\/i0.wp.com\/www.jojoenherbe.com\/wp-content\/uploads\/2021\/03\/Selection-Elephant-1-scaled.jpg?fit=1200%2C838&resize=350%2C200 1x, https:\/\/i0.wp.com\/www.jojoenherbe.com\/wp-content\/uploads\/2021\/03\/Selection-Elephant-1-scaled.jpg?fit=1200%2C838&resize=525%2C300 1.5x, https:\/\/i0.wp.com\/www.jojoenherbe.com\/wp-content\/uploads\/2021\/03\/Selection-Elephant-1-scaled.jpg?fit=1200%2C838&resize=700%2C400 2x, https:\/\/i0.wp.com\/www.jojoenherbe.com\/wp-content\/uploads\/2021\/03\/Selection-Elephant-1-scaled.jpg?fit=1200%2C838&resize=1050%2C600 3x"},"classes":[]},{"id":34807,"url":"http:\/\/www.jojoenherbe.com\/index.php\/2024\/02\/16\/au-fil-des-pages-avec-le-pirate-de-coeur\/","url_meta":{"origin":9753,"position":1},"title":"Au fil des pages avec Le Pirate de c\u0153ur","author":"Jojo","date":"16 f\u00e9vrier 2024","format":false,"excerpt":"Nous avons relu Le Pirate de c\u0153ur de S\u00e9bastien Perez et Justine Brax (\u00e9d. Albin Michel Jeunesse, septembre 2019, 32 pages), un album jeunesse grand format \u00e0 partir de 6 ans. Fils et petit-fils de pirate, Louis pense sa vie toute trac\u00e9e. Mais le temps passant \u00e0 naviguer \u00e0 bord\u2026","rel":"","context":"Dans &quot;Mini lecteur&quot;","block_context":{"text":"Mini lecteur","link":"http:\/\/www.jojoenherbe.com\/index.php\/category\/mini-lecteur\/"},"img":{"alt_text":"","src":"https:\/\/i0.wp.com\/www.jojoenherbe.com\/wp-content\/uploads\/2024\/02\/Le-pirate-de-coeur-scaled.jpg?fit=1200%2C900&resize=350%2C200","width":350,"height":200,"srcset":"https:\/\/i0.wp.com\/www.jojoenherbe.com\/wp-content\/uploads\/2024\/02\/Le-pirate-de-coeur-scaled.jpg?fit=1200%2C900&resize=350%2C200 1x, https:\/\/i0.wp.com\/www.jojoenherbe.com\/wp-content\/uploads\/2024\/02\/Le-pirate-de-coeur-scaled.jpg?fit=1200%2C900&resize=525%2C300 1.5x, https:\/\/i0.wp.com\/www.jojoenherbe.com\/wp-content\/uploads\/2024\/02\/Le-pirate-de-coeur-scaled.jpg?fit=1200%2C900&resize=700%2C400 2x, https:\/\/i0.wp.com\/www.jojoenherbe.com\/wp-content\/uploads\/2024\/02\/Le-pirate-de-coeur-scaled.jpg?fit=1200%2C900&resize=1050%2C600 3x"},"classes":[]},{"id":8192,"url":"http:\/\/www.jojoenherbe.com\/index.php\/2019\/10\/24\/au-fil-des-pages-avec-le-petit-pecheur-et-le-squelette\/","url_meta":{"origin":9753,"position":2},"title":"Au fil des pages avec Le petit p\u00eacheur et le squelette","author":"Jojo","date":"24 octobre 2019","format":false,"excerpt":"J'emprunte \u00e0 la biblioth\u00e8que Le petit p\u00eacheur et le squelette de Chen Jiang Hong (\u00e9d. L\u2019\u00c9cole des loisirs, 2013), un album jeunesse \u00e0 partir de 9 ans se lisant comme un conte initiatique. Orphelin de p\u00e8re et p\u00eacheur comme lui, un petit gar\u00e7on brave la temp\u00eate pour quelques poissons. Mais\u2026","rel":"","context":"Dans &quot;Mini lecteur&quot;","block_context":{"text":"Mini lecteur","link":"http:\/\/www.jojoenherbe.com\/index.php\/category\/mini-lecteur\/"},"img":{"alt_text":"","src":"https:\/\/i0.wp.com\/www.jojoenherbe.com\/wp-content\/uploads\/2019\/10\/Le-petit-p%C3%AAcheur-et-le-squelette.jpg?fit=1200%2C900&resize=350%2C200","width":350,"height":200,"srcset":"https:\/\/i0.wp.com\/www.jojoenherbe.com\/wp-content\/uploads\/2019\/10\/Le-petit-p%C3%AAcheur-et-le-squelette.jpg?fit=1200%2C900&resize=350%2C200 1x, https:\/\/i0.wp.com\/www.jojoenherbe.com\/wp-content\/uploads\/2019\/10\/Le-petit-p%C3%AAcheur-et-le-squelette.jpg?fit=1200%2C900&resize=525%2C300 1.5x, https:\/\/i0.wp.com\/www.jojoenherbe.com\/wp-content\/uploads\/2019\/10\/Le-petit-p%C3%AAcheur-et-le-squelette.jpg?fit=1200%2C900&resize=700%2C400 2x, https:\/\/i0.wp.com\/www.jojoenherbe.com\/wp-content\/uploads\/2019\/10\/Le-petit-p%C3%AAcheur-et-le-squelette.jpg?fit=1200%2C900&resize=1050%2C600 3x"},"classes":[]},{"id":6100,"url":"http:\/\/www.jojoenherbe.com\/index.php\/2019\/05\/29\/au-fil-des-pages-avec-des-contes-chinois\/","url_meta":{"origin":9753,"position":3},"title":"Au fil des pages avec des contes chinois","author":"Jojo","date":"29 mai 2019","format":false,"excerpt":"Comme je l'ai \u00e9crit dans mon dernier article, je participe cette ann\u00e9e au challenge \"Je lis aussi des albums 2019\". Ce mois de mai est consacr\u00e9 au th\u00e8me facultatif de la Chine. C'est l'occasion pour nous de d\u00e9couvrir des contes chinois \u00e0 travers ces deux albums jeunesse emprunt\u00e9s \u00e0 la\u2026","rel":"","context":"Dans &quot;Mini lecteur&quot;","block_context":{"text":"Mini lecteur","link":"http:\/\/www.jojoenherbe.com\/index.php\/category\/mini-lecteur\/"},"img":{"alt_text":"","src":"https:\/\/i0.wp.com\/www.jojoenherbe.com\/wp-content\/uploads\/2019\/05\/contes-chinois.jpg?fit=1014%2C1200&resize=350%2C200","width":350,"height":200,"srcset":"https:\/\/i0.wp.com\/www.jojoenherbe.com\/wp-content\/uploads\/2019\/05\/contes-chinois.jpg?fit=1014%2C1200&resize=350%2C200 1x, https:\/\/i0.wp.com\/www.jojoenherbe.com\/wp-content\/uploads\/2019\/05\/contes-chinois.jpg?fit=1014%2C1200&resize=525%2C300 1.5x, https:\/\/i0.wp.com\/www.jojoenherbe.com\/wp-content\/uploads\/2019\/05\/contes-chinois.jpg?fit=1014%2C1200&resize=700%2C400 2x"},"classes":[]},{"id":11591,"url":"http:\/\/www.jojoenherbe.com\/index.php\/2020\/07\/30\/au-fil-des-pages-avec-on-joue\/","url_meta":{"origin":9753,"position":4},"title":"Au fil des pages avec On joue?","author":"Jojo","date":"30 juillet 2020","format":false,"excerpt":"Nous lisons ces derni\u00e8res semaines On joue? d\u2019Herv\u00e9 Tullet (\u00e9d. Bayard Jeunesse, 2016), un album jeunesse \u00e0 partir de 3 ans. Nous nous amusons \u00e0 faire vivre un petit point rond jaune au fil des pages, le livre devenant un gigantesque terrain de jeux. Que d\u2019inventivit\u00e9 chez cet auteur qui\u2026","rel":"","context":"Dans &quot;Mini lecteur&quot;","block_context":{"text":"Mini lecteur","link":"http:\/\/www.jojoenherbe.com\/index.php\/category\/mini-lecteur\/"},"img":{"alt_text":"","src":"https:\/\/i0.wp.com\/www.jojoenherbe.com\/wp-content\/uploads\/2020\/07\/On-joue-scaled.jpg?fit=1200%2C900&resize=350%2C200","width":350,"height":200,"srcset":"https:\/\/i0.wp.com\/www.jojoenherbe.com\/wp-content\/uploads\/2020\/07\/On-joue-scaled.jpg?fit=1200%2C900&resize=350%2C200 1x, https:\/\/i0.wp.com\/www.jojoenherbe.com\/wp-content\/uploads\/2020\/07\/On-joue-scaled.jpg?fit=1200%2C900&resize=525%2C300 1.5x, https:\/\/i0.wp.com\/www.jojoenherbe.com\/wp-content\/uploads\/2020\/07\/On-joue-scaled.jpg?fit=1200%2C900&resize=700%2C400 2x, https:\/\/i0.wp.com\/www.jojoenherbe.com\/wp-content\/uploads\/2020\/07\/On-joue-scaled.jpg?fit=1200%2C900&resize=1050%2C600 3x"},"classes":[]},{"id":26956,"url":"http:\/\/www.jojoenherbe.com\/index.php\/2022\/08\/10\/au-fil-des-pages-avec-le-reve-de-jonas\/","url_meta":{"origin":9753,"position":5},"title":"Au fil des pages avec Le r\u00eave de Jonas","author":"Jojo","date":"10 ao\u00fbt 2022","format":false,"excerpt":"Nous lisons et relisons Le r\u00eave de Jonas de Marlies van der Wel (\u00e9d. Kal\u00e9idoscope, diff. L\u2019\u00e9cole des loisirs, 2021), un album jeunesse au format \u00e0 l\u2019italienne \u00e0 partir de 5 ans. Lorsque Jonas d\u00e9couvre la mer \u00e0 l\u2019\u00e2ge de 2 ans, il r\u00eave alors de vivre au milieu des\u2026","rel":"","context":"Dans &quot;Mini lecteur&quot;","block_context":{"text":"Mini lecteur","link":"http:\/\/www.jojoenherbe.com\/index.php\/category\/mini-lecteur\/"},"img":{"alt_text":"","src":"https:\/\/i0.wp.com\/www.jojoenherbe.com\/wp-content\/uploads\/2022\/08\/Le-reve-de-Jonas-scaled.jpg?fit=1200%2C797&resize=350%2C200","width":350,"height":200,"srcset":"https:\/\/i0.wp.com\/www.jojoenherbe.com\/wp-content\/uploads\/2022\/08\/Le-reve-de-Jonas-scaled.jpg?fit=1200%2C797&resize=350%2C200 1x, https:\/\/i0.wp.com\/www.jojoenherbe.com\/wp-content\/uploads\/2022\/08\/Le-reve-de-Jonas-scaled.jpg?fit=1200%2C797&resize=525%2C300 1.5x, https:\/\/i0.wp.com\/www.jojoenherbe.com\/wp-content\/uploads\/2022\/08\/Le-reve-de-Jonas-scaled.jpg?fit=1200%2C797&resize=700%2C400 2x, https:\/\/i0.wp.com\/www.jojoenherbe.com\/wp-content\/uploads\/2022\/08\/Le-reve-de-Jonas-scaled.jpg?fit=1200%2C797&resize=1050%2C600 3x"},"classes":[]}],"_links":{"self":[{"href":"http:\/\/www.jojoenherbe.com\/index.php\/wp-json\/wp\/v2\/posts\/9753","targetHints":{"allow":["GET"]}}],"collection":[{"href":"http:\/\/www.jojoenherbe.com\/index.php\/wp-json\/wp\/v2\/posts"}],"about":[{"href":"http:\/\/www.jojoenherbe.com\/index.php\/wp-json\/wp\/v2\/types\/post"}],"author":[{"embeddable":true,"href":"http:\/\/www.jojoenherbe.com\/index.php\/wp-json\/wp\/v2\/users\/1"}],"replies":[{"embeddable":true,"href":"http:\/\/www.jojoenherbe.com\/index.php\/wp-json\/wp\/v2\/comments?post=9753"}],"version-history":[{"count":1,"href":"http:\/\/www.jojoenherbe.com\/index.php\/wp-json\/wp\/v2\/posts\/9753\/revisions"}],"predecessor-version":[{"id":25692,"href":"http:\/\/www.jojoenherbe.com\/index.php\/wp-json\/wp\/v2\/posts\/9753\/revisions\/25692"}],"wp:featuredmedia":[{"embeddable":true,"href":"http:\/\/www.jojoenherbe.com\/index.php\/wp-json\/wp\/v2\/media\/9759"}],"wp:attachment":[{"href":"http:\/\/www.jojoenherbe.com\/index.php\/wp-json\/wp\/v2\/media?parent=9753"}],"wp:term":[{"taxonomy":"category","embeddable":true,"href":"http:\/\/www.jojoenherbe.com\/index.php\/wp-json\/wp\/v2\/categories?post=9753"},{"taxonomy":"post_tag","embeddable":true,"href":"http:\/\/www.jojoenherbe.com\/index.php\/wp-json\/wp\/v2\/tags?post=9753"}],"curies":[{"name":"wp","href":"https:\/\/api.w.org\/{rel}","templated":true}]}}