{"id":9727,"date":"2020-01-20T21:58:38","date_gmt":"2020-01-20T20:58:38","guid":{"rendered":"http:\/\/www.jojoenherbe.com\/?p=9727"},"modified":"2023-01-19T17:38:43","modified_gmt":"2023-01-19T16:38:43","slug":"au-fil-des-pages-avec-article-309-du-code-penal-du-jardin","status":"publish","type":"post","link":"http:\/\/www.jojoenherbe.com\/index.php\/2020\/01\/20\/au-fil-des-pages-avec-article-309-du-code-penal-du-jardin\/","title":{"rendered":"Au fil des pages avec Article 309 du code p\u00e9nal du jardin"},"content":{"rendered":"<p style=\"text-align: justify;\"><em><a href=\"https:\/\/i0.wp.com\/www.jojoenherbe.com\/wp-content\/uploads\/2020\/01\/Article-309-du-code-p%C3%A9nal-du-jardin-2-scaled.jpg\"><img data-recalc-dims=\"1\" loading=\"lazy\" decoding=\"async\" data-attachment-id=\"9730\" data-permalink=\"http:\/\/www.jojoenherbe.com\/index.php\/2020\/01\/20\/au-fil-des-pages-avec-article-309-du-code-penal-du-jardin\/article-309-du-code-penal-du-jardin-2\/\" data-orig-file=\"https:\/\/i0.wp.com\/www.jojoenherbe.com\/wp-content\/uploads\/2020\/01\/Article-309-du-code-p%C3%A9nal-du-jardin-2-scaled.jpg?fit=2560%2C1663\" data-orig-size=\"2560,1663\" data-comments-opened=\"1\" data-image-meta=\"{&quot;aperture&quot;:&quot;2.4&quot;,&quot;credit&quot;:&quot;&quot;,&quot;camera&quot;:&quot;iPhone 4S&quot;,&quot;caption&quot;:&quot;&quot;,&quot;created_timestamp&quot;:&quot;1579537075&quot;,&quot;copyright&quot;:&quot;&quot;,&quot;focal_length&quot;:&quot;4.28&quot;,&quot;iso&quot;:&quot;640&quot;,&quot;shutter_speed&quot;:&quot;0.066666666666667&quot;,&quot;title&quot;:&quot;&quot;,&quot;orientation&quot;:&quot;1&quot;}\" data-image-title=\"Article 309 du code p\u00e9nal du jardin 2\" data-image-description=\"\" data-image-caption=\"\" data-large-file=\"https:\/\/i0.wp.com\/www.jojoenherbe.com\/wp-content\/uploads\/2020\/01\/Article-309-du-code-p%C3%A9nal-du-jardin-2-scaled.jpg?fit=676%2C439\" class=\"alignleft size-thumbnail wp-image-9730\" src=\"https:\/\/i0.wp.com\/www.jojoenherbe.com\/wp-content\/uploads\/2020\/01\/Article-309-du-code-p%C3%A9nal-du-jardin-2.jpg?resize=150%2C150\" alt=\"\" width=\"150\" height=\"150\" srcset=\"https:\/\/i0.wp.com\/www.jojoenherbe.com\/wp-content\/uploads\/2020\/01\/Article-309-du-code-p%C3%A9nal-du-jardin-2-scaled.jpg?resize=150%2C150 150w, https:\/\/i0.wp.com\/www.jojoenherbe.com\/wp-content\/uploads\/2020\/01\/Article-309-du-code-p%C3%A9nal-du-jardin-2-scaled.jpg?zoom=2&amp;resize=150%2C150 300w, https:\/\/i0.wp.com\/www.jojoenherbe.com\/wp-content\/uploads\/2020\/01\/Article-309-du-code-p%C3%A9nal-du-jardin-2-scaled.jpg?zoom=3&amp;resize=150%2C150 450w\" sizes=\"auto, (max-width: 150px) 100vw, 150px\" \/><\/a> <a href=\"https:\/\/i0.wp.com\/www.jojoenherbe.com\/wp-content\/uploads\/2020\/01\/Article-309-du-code-p%C3%A9nal-du-jardin-3-scaled.jpg\"><img data-recalc-dims=\"1\" loading=\"lazy\" decoding=\"async\" data-attachment-id=\"9731\" data-permalink=\"http:\/\/www.jojoenherbe.com\/index.php\/2020\/01\/20\/au-fil-des-pages-avec-article-309-du-code-penal-du-jardin\/article-309-du-code-penal-du-jardin-3\/\" data-orig-file=\"https:\/\/i0.wp.com\/www.jojoenherbe.com\/wp-content\/uploads\/2020\/01\/Article-309-du-code-p%C3%A9nal-du-jardin-3-scaled.jpg?fit=2560%2C1744\" data-orig-size=\"2560,1744\" data-comments-opened=\"1\" data-image-meta=\"{&quot;aperture&quot;:&quot;2.4&quot;,&quot;credit&quot;:&quot;&quot;,&quot;camera&quot;:&quot;iPhone 4S&quot;,&quot;caption&quot;:&quot;&quot;,&quot;created_timestamp&quot;:&quot;1579537091&quot;,&quot;copyright&quot;:&quot;&quot;,&quot;focal_length&quot;:&quot;4.28&quot;,&quot;iso&quot;:&quot;800&quot;,&quot;shutter_speed&quot;:&quot;0.066666666666667&quot;,&quot;title&quot;:&quot;&quot;,&quot;orientation&quot;:&quot;1&quot;}\" data-image-title=\"Article 309 du code p\u00e9nal du jardin 3\" data-image-description=\"\" data-image-caption=\"\" data-large-file=\"https:\/\/i0.wp.com\/www.jojoenherbe.com\/wp-content\/uploads\/2020\/01\/Article-309-du-code-p%C3%A9nal-du-jardin-3-scaled.jpg?fit=676%2C461\" class=\"alignleft size-thumbnail wp-image-9731\" src=\"https:\/\/i0.wp.com\/www.jojoenherbe.com\/wp-content\/uploads\/2020\/01\/Article-309-du-code-p%C3%A9nal-du-jardin-3.jpg?resize=150%2C150\" alt=\"\" width=\"150\" height=\"150\" srcset=\"https:\/\/i0.wp.com\/www.jojoenherbe.com\/wp-content\/uploads\/2020\/01\/Article-309-du-code-p%C3%A9nal-du-jardin-3-scaled.jpg?resize=150%2C150 150w, https:\/\/i0.wp.com\/www.jojoenherbe.com\/wp-content\/uploads\/2020\/01\/Article-309-du-code-p%C3%A9nal-du-jardin-3-scaled.jpg?zoom=2&amp;resize=150%2C150 300w, https:\/\/i0.wp.com\/www.jojoenherbe.com\/wp-content\/uploads\/2020\/01\/Article-309-du-code-p%C3%A9nal-du-jardin-3-scaled.jpg?zoom=3&amp;resize=150%2C150 450w\" sizes=\"auto, (max-width: 150px) 100vw, 150px\" \/><\/a>Nous empruntons \u00e0 la biblioth\u00e8que <span style=\"text-decoration: underline;\">Article 309 du code p\u00e9nal du jardin<\/span> de Thierry Dedieu (\u00e9d. Seuil Jeunesse, 2003), un album jeunesse \u00e0 partir de 4 ans et aux illustrations bien diff\u00e9rentes que celles dont nous avait habitu\u00e9 cet auteur avec par exemple <a href=\"http:\/\/www.jojoenherbe.com\/index.php\/2019\/12\/19\/au-fil-des-pages-avec-a-la-recherche-du-pere-noel\/\"><span style=\"text-decoration: underline;\">\u00c0 la recherche du P\u00e8re No\u00ebl<\/span><\/a> ou <a href=\"http:\/\/www.jojoenherbe.com\/index.php\/2019\/10\/26\/au-fil-des-pages-avec-dentre-les-ogres\/\"><span style=\"text-decoration: underline;\">D&rsquo;entre les ogres<\/span><\/a>. Le graphisme est plus \u00e9pur\u00e9 et color\u00e9, l&rsquo;histoire beaucoup plus dr\u00f4le. Un escargot se plaint aupr\u00e8s d&rsquo;un procureur crapaud du vol de sa coquille. Mais qu&rsquo;en est-il vraiment? Et quel est donc ce d\u00e9lit pr\u00e9vu par l&rsquo;article 309 du Code p\u00e9nal du jardin? Cet escargot aurait bien eu besoin d&rsquo;un Avocat pour sa d\u00e9fense&#8230; Un moment rigolo de lecture qui permet au jeune lecteur de se familiariser un peu avec le monde judiciaire!<\/em><\/p>\n<div style=\"width: 123px\" class=\"wp-caption alignleft\"><img data-recalc-dims=\"1\" loading=\"lazy\" decoding=\"async\" class=\"\" src=\"https:\/\/i0.wp.com\/delivrer-des-livres.fr\/wp-content\/uploads\/2019\/05\/logoalbums2019.png?resize=113%2C113\" alt=\"\" width=\"113\" height=\"113\" \/><p class=\"wp-caption-text\">Participation #133 <a href=\"http:\/\/delivrer-des-livres.fr\/challenge-albums-2019\/\">Je lis aussi des albums<\/a><\/p><\/div>\n<div style=\"width: 130px\" class=\"wp-caption alignleft\"><img loading=\"lazy\" decoding=\"async\" class=\"\" src=\"https:\/\/lh3.googleusercontent.com\/yeyHsyE8ePB9xQx2t9obPo4nIUGeuGsS-P1wwGiEip3f9lcFED23VkM1Pr5hYoy4puCex2GzVOyZNHjl5qeUnhImyiKFqwfTaONmF_HEc7SEvgxhr1eZXuJ6zzg9JfEY4XADWBPBCxMLePs3HiWfgCjRFVaAIkiQhaX8RGfOMzZhoMNQUFFuWlglQGRva5RIkSFvo7nk3yMWVz4PgUXBK3Uof2Hf073K4C6YvQC1u6gRN2BCr4tNyqitAlYfULcqVlua9UK9L5kLVOZWs2-xrAzDf1K3rxU8pxE6Fdm1EI8_YbPW09CsTNa9CW1z0lvieJ6Ify6BbltA9XBnOC99XwB4E833hDdb9KWRbKTb8bwsVGIAFF1x2JkOCAWTkq3OtXJmlgaccySEr2PvCr9rzIA4GtrzB04GpU7RNPlnkfNDjtPoy6UR5nf5SD-RQvfrkHaKDQocAHpi1MoHr0bWF4h3F08r5y_TM01DqKXAgeInHehhuxNBZ4LGs7Emk2ol6RPfVd4UEj0916JVKRknXSsSbJG_50ptPlCGTOdHDTOUMc6x63Wp68_DnNhG9qn5FPKuDHhZvC008a4nifQFWuKVT6HvqNgW-LcvXb0wnjbSwgS8qwHb3LtHJj3uAe971aQRDPkS146UchPgCLNczeUje4Y3YFpuV4P1KYu67RSdAOITJNzzSRO2Dycc1PCqSdc7IoPwLu0-aT-FJ0m-KvlkUQLXoamPhl2WKbODyZSfc5ZT=w285-h217-no\" alt=\"\" width=\"120\" height=\"91\" \/><p class=\"wp-caption-text\"><a href=\"https:\/\/ennalit.wordpress.com\/2019\/12\/01\/challenge-petit-bac-2020-qui-veut-jouer\/\">Challenge Petit Bac d&rsquo;Enna<\/a> #1 Cat\u00e9gorie Crimes et Justice: \u00ab\u00a0Code p\u00e9nal\u00a0\u00bb<\/p><\/div>\n","protected":false},"excerpt":{"rendered":"<p>Nous empruntons \u00e0 la biblioth\u00e8que Article 309 du code p\u00e9nal du jardin de Thierry Dedieu (\u00e9d. Seuil Jeunesse, 2003), un album jeunesse \u00e0 partir de 4 ans et aux illustrations bien diff\u00e9rentes que celles dont nous avait habitu\u00e9 cet auteur avec par exemple \u00c0 la recherche du P\u00e8re No\u00ebl ou D&rsquo;entre les ogres. Le graphisme [&hellip;]<\/p>\n","protected":false},"author":1,"featured_media":9732,"comment_status":"open","ping_status":"open","sticky":false,"template":"","format":"standard","meta":{"jetpack_post_was_ever_published":false,"_jetpack_newsletter_access":"","_jetpack_dont_email_post_to_subs":false,"_jetpack_newsletter_tier_id":0,"_jetpack_memberships_contains_paywalled_content":false,"_jetpack_memberships_contains_paid_content":false,"footnotes":""},"categories":[363],"tags":[1031,409,1183,1352,884,3549,344,538,590,1350,169,367,3548,1182,2639,1087,3547],"class_list":["post-9727","post","type-post","status-publish","format-standard","has-post-thumbnail","hentry","category-mini-lecteur","tag-4-7-ans","tag-albums-jeunesse","tag-animaux-du-jardin","tag-challenge-petit-bac-2020","tag-crapaud","tag-delit","tag-escargot","tag-humour","tag-jardin","tag-je-lis-aussi-des-albums-2019","tag-justice","tag-lecture-jeunesse","tag-limace","tag-plainte","tag-proces","tag-thierry-dedieu","tag-usurpation-didentite","post-preview"],"jetpack_featured_media_url":"https:\/\/i0.wp.com\/www.jojoenherbe.com\/wp-content\/uploads\/2020\/01\/Article-309-du-code-p%C3%A9nal-du-jardin-scaled.jpg?fit=2244%2C2560","jetpack_sharing_enabled":true,"jetpack_shortlink":"https:\/\/wp.me\/p9zhGx-2wT","jetpack_likes_enabled":true,"jetpack-related-posts":[{"id":10029,"url":"http:\/\/www.jojoenherbe.com\/index.php\/2020\/02\/14\/au-fil-des-pages-avec-le-mari-de-la-mante-religieuse-a-disparu\/","url_meta":{"origin":9727,"position":0},"title":"Au fil des pages avec Le mari de la mante religieuse a disparu","author":"Jojo","date":"14 f\u00e9vrier 2020","format":false,"excerpt":"Nous empruntons \u00e0 la m\u00e9diath\u00e8que une des enqu\u00eates de la Fourmi n\u00b07707, Le mari de la mante religieuse a disparu de Thierry Dedieu (\u00e9d. Saltimbanque, 2019), un album jeunesse \u00e0 partir de 3 ans. Accompagn\u00e9 de Cruchod l'Escargot et de Madame Chouette qui sait tout sur tout, la Fourmi n\u00b07707\u2026","rel":"","context":"Dans &quot;Mini lecteur&quot;","block_context":{"text":"Mini lecteur","link":"http:\/\/www.jojoenherbe.com\/index.php\/category\/mini-lecteur\/"},"img":{"alt_text":"","src":"https:\/\/i0.wp.com\/www.jojoenherbe.com\/wp-content\/uploads\/2020\/02\/Le-mari-de-la-mante-religieuse-a-disparu.jpg?fit=1200%2C1090&resize=350%2C200","width":350,"height":200,"srcset":"https:\/\/i0.wp.com\/www.jojoenherbe.com\/wp-content\/uploads\/2020\/02\/Le-mari-de-la-mante-religieuse-a-disparu.jpg?fit=1200%2C1090&resize=350%2C200 1x, https:\/\/i0.wp.com\/www.jojoenherbe.com\/wp-content\/uploads\/2020\/02\/Le-mari-de-la-mante-religieuse-a-disparu.jpg?fit=1200%2C1090&resize=525%2C300 1.5x, https:\/\/i0.wp.com\/www.jojoenherbe.com\/wp-content\/uploads\/2020\/02\/Le-mari-de-la-mante-religieuse-a-disparu.jpg?fit=1200%2C1090&resize=700%2C400 2x, https:\/\/i0.wp.com\/www.jojoenherbe.com\/wp-content\/uploads\/2020\/02\/Le-mari-de-la-mante-religieuse-a-disparu.jpg?fit=1200%2C1090&resize=1050%2C600 3x"},"classes":[]},{"id":9038,"url":"http:\/\/www.jojoenherbe.com\/index.php\/2019\/12\/19\/au-fil-des-pages-avec-a-la-recherche-du-pere-noel\/","url_meta":{"origin":9727,"position":1},"title":"Au fil des pages avec \u00c0 la recherche du P\u00e8re No\u00ebl","author":"Jojo","date":"19 d\u00e9cembre 2019","format":false,"excerpt":"Nous empruntons \u00e0 la biblioth\u00e8que \u00c0 la recherche du P\u00e8re No\u00ebl de Thierry Dedieu (\u00e9d. Seuil Jeunesse, 2015), un album jeunesse tr\u00e8s grand format \u00e0 partir de 3 ans. Un bonhomme de neige s'anime sous les yeux m\u00e9dus\u00e9s d'un rouge-gorge. Il souhaite rencontrer le P\u00e8re No\u00ebl pour lui offrir un\u2026","rel":"","context":"Dans &quot;Mini lecteur&quot;","block_context":{"text":"Mini lecteur","link":"http:\/\/www.jojoenherbe.com\/index.php\/category\/mini-lecteur\/"},"img":{"alt_text":"","src":"https:\/\/i0.wp.com\/www.jojoenherbe.com\/wp-content\/uploads\/2019\/12\/A-la-recherche-du-P%C3%A8re-No%C3%ABl.jpg?fit=1200%2C1168&resize=350%2C200","width":350,"height":200,"srcset":"https:\/\/i0.wp.com\/www.jojoenherbe.com\/wp-content\/uploads\/2019\/12\/A-la-recherche-du-P%C3%A8re-No%C3%ABl.jpg?fit=1200%2C1168&resize=350%2C200 1x, https:\/\/i0.wp.com\/www.jojoenherbe.com\/wp-content\/uploads\/2019\/12\/A-la-recherche-du-P%C3%A8re-No%C3%ABl.jpg?fit=1200%2C1168&resize=525%2C300 1.5x, https:\/\/i0.wp.com\/www.jojoenherbe.com\/wp-content\/uploads\/2019\/12\/A-la-recherche-du-P%C3%A8re-No%C3%ABl.jpg?fit=1200%2C1168&resize=700%2C400 2x, https:\/\/i0.wp.com\/www.jojoenherbe.com\/wp-content\/uploads\/2019\/12\/A-la-recherche-du-P%C3%A8re-No%C3%ABl.jpg?fit=1200%2C1168&resize=1050%2C600 3x"},"classes":[]},{"id":10881,"url":"http:\/\/www.jojoenherbe.com\/index.php\/2020\/05\/01\/au-fil-des-pages-avec-bob-marley-la-partie-de-peche-entre-amis\/","url_meta":{"origin":9727,"position":2},"title":"Au fil des pages avec Bob &#038; Marley, La partie de p\u00eache entre amis","author":"Jojo","date":"1 mai 2020","format":false,"excerpt":"Nous lisons Bob & Marley, La partie de p\u00eache entre amis de Fr\u00e9d\u00e9ric Marais et Thierry Dedieu (\u00e9d. Seuil Jeunesse, 2016), un album jeunesse \u00e0 partir de 3 ans. Apr\u00e8s avoir discut\u00e9 du sens de l'amiti\u00e9, Bob et Marley partent p\u00eacher. Arriveront-ils \u00e0 mettre en pratique leur r\u00e9flexion? Encore un\u2026","rel":"","context":"Dans &quot;Mini lecteur&quot;","block_context":{"text":"Mini lecteur","link":"http:\/\/www.jojoenherbe.com\/index.php\/category\/mini-lecteur\/"},"img":{"alt_text":"","src":"https:\/\/i0.wp.com\/www.jojoenherbe.com\/wp-content\/uploads\/2020\/04\/Bob-et-Marley-la-partie-de-p%C3%AAche-entre-amis-scaled.jpg?fit=1200%2C1065&resize=350%2C200","width":350,"height":200,"srcset":"https:\/\/i0.wp.com\/www.jojoenherbe.com\/wp-content\/uploads\/2020\/04\/Bob-et-Marley-la-partie-de-p%C3%AAche-entre-amis-scaled.jpg?fit=1200%2C1065&resize=350%2C200 1x, https:\/\/i0.wp.com\/www.jojoenherbe.com\/wp-content\/uploads\/2020\/04\/Bob-et-Marley-la-partie-de-p%C3%AAche-entre-amis-scaled.jpg?fit=1200%2C1065&resize=525%2C300 1.5x, https:\/\/i0.wp.com\/www.jojoenherbe.com\/wp-content\/uploads\/2020\/04\/Bob-et-Marley-la-partie-de-p%C3%AAche-entre-amis-scaled.jpg?fit=1200%2C1065&resize=700%2C400 2x, https:\/\/i0.wp.com\/www.jojoenherbe.com\/wp-content\/uploads\/2020\/04\/Bob-et-Marley-la-partie-de-p%C3%AAche-entre-amis-scaled.jpg?fit=1200%2C1065&resize=1050%2C600 3x"},"classes":[]},{"id":6941,"url":"http:\/\/www.jojoenherbe.com\/index.php\/2019\/07\/31\/au-fil-des-pages-avec-bob-marley-le-monstre\/","url_meta":{"origin":9727,"position":3},"title":"Au fil des pages avec Bob &#038; Marley, Le monstre","author":"Jojo","date":"31 juillet 2019","format":false,"excerpt":"Apr\u00e8s avoir lu Bob & Marley, La nuit, nous continuons avec une autre aventure:\u00a0 Bob & Marley, Le monstre de Fr\u00e9d\u00e9ric Marais et Thierry Dedieu (\u00e9d. Seuil Jeunesse, mars 2016, 40 pages), un album jeunesse d\u00e8s 3 ans. Cette fois-ci,\u00a0 Bob\u00a0 et Marley sont en pleine cueillette de framboises.\u00a0 Mais\u2026","rel":"","context":"Dans &quot;Mini lecteur&quot;","block_context":{"text":"Mini lecteur","link":"http:\/\/www.jojoenherbe.com\/index.php\/category\/mini-lecteur\/"},"img":{"alt_text":"","src":"https:\/\/i0.wp.com\/www.jojoenherbe.com\/wp-content\/uploads\/2020\/11\/Bob-Marley-Le-monstre-scaled.jpg?fit=1200%2C900&resize=350%2C200","width":350,"height":200,"srcset":"https:\/\/i0.wp.com\/www.jojoenherbe.com\/wp-content\/uploads\/2020\/11\/Bob-Marley-Le-monstre-scaled.jpg?fit=1200%2C900&resize=350%2C200 1x, https:\/\/i0.wp.com\/www.jojoenherbe.com\/wp-content\/uploads\/2020\/11\/Bob-Marley-Le-monstre-scaled.jpg?fit=1200%2C900&resize=525%2C300 1.5x, https:\/\/i0.wp.com\/www.jojoenherbe.com\/wp-content\/uploads\/2020\/11\/Bob-Marley-Le-monstre-scaled.jpg?fit=1200%2C900&resize=700%2C400 2x, https:\/\/i0.wp.com\/www.jojoenherbe.com\/wp-content\/uploads\/2020\/11\/Bob-Marley-Le-monstre-scaled.jpg?fit=1200%2C900&resize=1050%2C600 3x"},"classes":[]},{"id":17447,"url":"http:\/\/www.jojoenherbe.com\/index.php\/2021\/04\/16\/au-fil-des-pages-avec-le-maitre-des-estampes\/","url_meta":{"origin":9727,"position":4},"title":"Au fil des pages avec Le ma\u00eetre des estampes","author":"Jojo","date":"16 avril 2021","format":false,"excerpt":"En cherchant des albums jeunesse pour Un mois au Japon \u00e0 la m\u00e9diath\u00e8que, j'ai jet\u00e9 mon d\u00e9volu sur un album de Thierry Dedieu, un auteur\/illustrateur que j'appr\u00e9cie beaucoup et au style tr\u00e8s vari\u00e9 et pour tous les \u00e2ges comme par exemple, en tant qu'illustrateur, sa s\u00e9rie hilarante avec Fr\u00e9d\u00e9ric Marais,\u2026","rel":"","context":"Dans &quot;Mini lecteur&quot;","block_context":{"text":"Mini lecteur","link":"http:\/\/www.jojoenherbe.com\/index.php\/category\/mini-lecteur\/"},"img":{"alt_text":"","src":"https:\/\/i0.wp.com\/www.jojoenherbe.com\/wp-content\/uploads\/2021\/04\/Le-maitre-des-estampes-scaled.jpg?fit=1200%2C900&resize=350%2C200","width":350,"height":200,"srcset":"https:\/\/i0.wp.com\/www.jojoenherbe.com\/wp-content\/uploads\/2021\/04\/Le-maitre-des-estampes-scaled.jpg?fit=1200%2C900&resize=350%2C200 1x, https:\/\/i0.wp.com\/www.jojoenherbe.com\/wp-content\/uploads\/2021\/04\/Le-maitre-des-estampes-scaled.jpg?fit=1200%2C900&resize=525%2C300 1.5x, https:\/\/i0.wp.com\/www.jojoenherbe.com\/wp-content\/uploads\/2021\/04\/Le-maitre-des-estampes-scaled.jpg?fit=1200%2C900&resize=700%2C400 2x, https:\/\/i0.wp.com\/www.jojoenherbe.com\/wp-content\/uploads\/2021\/04\/Le-maitre-des-estampes-scaled.jpg?fit=1200%2C900&resize=1050%2C600 3x"},"classes":[]},{"id":6909,"url":"http:\/\/www.jojoenherbe.com\/index.php\/2019\/07\/31\/au-fil-des-pages-avec-bob-marley-la-nuit\/","url_meta":{"origin":9727,"position":5},"title":"Au fil des pages avec Bob &#038; Marley, La nuit","author":"Jojo","date":"31 juillet 2019","format":false,"excerpt":"Nous retrouvons avec grand plaisir Bob et Marley, deux amis ours un brin chamailleurs que nous avions d\u00e9couverts avec Bob & Marley, Le cadeau. Nous empruntons, en effet, \u00e0 la biblioth\u00e8que Bob & Marley, La nuit de Fr\u00e9d\u00e9ric Marais et Thierry Dedieu (\u00e9d. Seuil Jeunesse, 2018), album jeunesse d\u00e8s 3\u2026","rel":"","context":"Dans &quot;Mini lecteur&quot;","block_context":{"text":"Mini lecteur","link":"http:\/\/www.jojoenherbe.com\/index.php\/category\/mini-lecteur\/"},"img":{"alt_text":"","src":"https:\/\/i0.wp.com\/www.jojoenherbe.com\/wp-content\/uploads\/2019\/07\/Bob-Marley-la-nuit.jpg?fit=1163%2C1200&resize=350%2C200","width":350,"height":200,"srcset":"https:\/\/i0.wp.com\/www.jojoenherbe.com\/wp-content\/uploads\/2019\/07\/Bob-Marley-la-nuit.jpg?fit=1163%2C1200&resize=350%2C200 1x, https:\/\/i0.wp.com\/www.jojoenherbe.com\/wp-content\/uploads\/2019\/07\/Bob-Marley-la-nuit.jpg?fit=1163%2C1200&resize=525%2C300 1.5x, https:\/\/i0.wp.com\/www.jojoenherbe.com\/wp-content\/uploads\/2019\/07\/Bob-Marley-la-nuit.jpg?fit=1163%2C1200&resize=700%2C400 2x, https:\/\/i0.wp.com\/www.jojoenherbe.com\/wp-content\/uploads\/2019\/07\/Bob-Marley-la-nuit.jpg?fit=1163%2C1200&resize=1050%2C600 3x"},"classes":[]}],"_links":{"self":[{"href":"http:\/\/www.jojoenherbe.com\/index.php\/wp-json\/wp\/v2\/posts\/9727","targetHints":{"allow":["GET"]}}],"collection":[{"href":"http:\/\/www.jojoenherbe.com\/index.php\/wp-json\/wp\/v2\/posts"}],"about":[{"href":"http:\/\/www.jojoenherbe.com\/index.php\/wp-json\/wp\/v2\/types\/post"}],"author":[{"embeddable":true,"href":"http:\/\/www.jojoenherbe.com\/index.php\/wp-json\/wp\/v2\/users\/1"}],"replies":[{"embeddable":true,"href":"http:\/\/www.jojoenherbe.com\/index.php\/wp-json\/wp\/v2\/comments?post=9727"}],"version-history":[{"count":2,"href":"http:\/\/www.jojoenherbe.com\/index.php\/wp-json\/wp\/v2\/posts\/9727\/revisions"}],"predecessor-version":[{"id":29271,"href":"http:\/\/www.jojoenherbe.com\/index.php\/wp-json\/wp\/v2\/posts\/9727\/revisions\/29271"}],"wp:featuredmedia":[{"embeddable":true,"href":"http:\/\/www.jojoenherbe.com\/index.php\/wp-json\/wp\/v2\/media\/9732"}],"wp:attachment":[{"href":"http:\/\/www.jojoenherbe.com\/index.php\/wp-json\/wp\/v2\/media?parent=9727"}],"wp:term":[{"taxonomy":"category","embeddable":true,"href":"http:\/\/www.jojoenherbe.com\/index.php\/wp-json\/wp\/v2\/categories?post=9727"},{"taxonomy":"post_tag","embeddable":true,"href":"http:\/\/www.jojoenherbe.com\/index.php\/wp-json\/wp\/v2\/tags?post=9727"}],"curies":[{"name":"wp","href":"https:\/\/api.w.org\/{rel}","templated":true}]}}