{"id":9713,"date":"2020-01-20T11:01:31","date_gmt":"2020-01-20T10:01:31","guid":{"rendered":"http:\/\/www.jojoenherbe.com\/?p=9713"},"modified":"2021-04-18T11:58:56","modified_gmt":"2021-04-18T09:58:56","slug":"au-fil-des-pages-avec-le-secret-du-rocher-noir","status":"publish","type":"post","link":"http:\/\/www.jojoenherbe.com\/index.php\/2020\/01\/20\/au-fil-des-pages-avec-le-secret-du-rocher-noir\/","title":{"rendered":"Au fil des pages avec Le secret du rocher noir"},"content":{"rendered":"<p style=\"text-align: justify;\"><em><a href=\"https:\/\/i0.wp.com\/www.jojoenherbe.com\/wp-content\/uploads\/2020\/01\/Le-secret-du-rocher-noir-3-scaled.jpg\"><img data-recalc-dims=\"1\" loading=\"lazy\" decoding=\"async\" data-attachment-id=\"9716\" data-permalink=\"http:\/\/www.jojoenherbe.com\/index.php\/2020\/01\/20\/au-fil-des-pages-avec-le-secret-du-rocher-noir\/le-secret-du-rocher-noir-3\/\" data-orig-file=\"https:\/\/i0.wp.com\/www.jojoenherbe.com\/wp-content\/uploads\/2020\/01\/Le-secret-du-rocher-noir-3-scaled.jpg?fit=2560%2C1522\" data-orig-size=\"2560,1522\" data-comments-opened=\"1\" data-image-meta=\"{&quot;aperture&quot;:&quot;2.4&quot;,&quot;credit&quot;:&quot;&quot;,&quot;camera&quot;:&quot;iPhone 4S&quot;,&quot;caption&quot;:&quot;&quot;,&quot;created_timestamp&quot;:&quot;1579513936&quot;,&quot;copyright&quot;:&quot;&quot;,&quot;focal_length&quot;:&quot;4.28&quot;,&quot;iso&quot;:&quot;400&quot;,&quot;shutter_speed&quot;:&quot;0.058823529411765&quot;,&quot;title&quot;:&quot;&quot;,&quot;orientation&quot;:&quot;1&quot;}\" data-image-title=\"Le secret du rocher noir 3\" data-image-description=\"\" data-image-caption=\"\" data-large-file=\"https:\/\/i0.wp.com\/www.jojoenherbe.com\/wp-content\/uploads\/2020\/01\/Le-secret-du-rocher-noir-3-scaled.jpg?fit=676%2C402\" class=\"alignleft size-thumbnail wp-image-9716\" src=\"https:\/\/i0.wp.com\/www.jojoenherbe.com\/wp-content\/uploads\/2020\/01\/Le-secret-du-rocher-noir-3.jpg?resize=150%2C150\" alt=\"\" width=\"150\" height=\"150\" srcset=\"https:\/\/i0.wp.com\/www.jojoenherbe.com\/wp-content\/uploads\/2020\/01\/Le-secret-du-rocher-noir-3-scaled.jpg?resize=150%2C150 150w, https:\/\/i0.wp.com\/www.jojoenherbe.com\/wp-content\/uploads\/2020\/01\/Le-secret-du-rocher-noir-3-scaled.jpg?zoom=2&amp;resize=150%2C150 300w, https:\/\/i0.wp.com\/www.jojoenherbe.com\/wp-content\/uploads\/2020\/01\/Le-secret-du-rocher-noir-3-scaled.jpg?zoom=3&amp;resize=150%2C150 450w\" sizes=\"auto, (max-width: 150px) 100vw, 150px\" \/><\/a> <a href=\"https:\/\/i0.wp.com\/www.jojoenherbe.com\/wp-content\/uploads\/2020\/01\/Le-secret-du-rocher-noir-4-scaled.jpg\"><img data-recalc-dims=\"1\" loading=\"lazy\" decoding=\"async\" data-attachment-id=\"9717\" data-permalink=\"http:\/\/www.jojoenherbe.com\/index.php\/2020\/01\/20\/au-fil-des-pages-avec-le-secret-du-rocher-noir\/le-secret-du-rocher-noir-4\/\" data-orig-file=\"https:\/\/i0.wp.com\/www.jojoenherbe.com\/wp-content\/uploads\/2020\/01\/Le-secret-du-rocher-noir-4-scaled.jpg?fit=2560%2C1518\" data-orig-size=\"2560,1518\" data-comments-opened=\"1\" data-image-meta=\"{&quot;aperture&quot;:&quot;2.4&quot;,&quot;credit&quot;:&quot;&quot;,&quot;camera&quot;:&quot;iPhone 4S&quot;,&quot;caption&quot;:&quot;&quot;,&quot;created_timestamp&quot;:&quot;1579514012&quot;,&quot;copyright&quot;:&quot;&quot;,&quot;focal_length&quot;:&quot;4.28&quot;,&quot;iso&quot;:&quot;320&quot;,&quot;shutter_speed&quot;:&quot;0.05&quot;,&quot;title&quot;:&quot;&quot;,&quot;orientation&quot;:&quot;1&quot;}\" data-image-title=\"Le secret du rocher noir 4\" data-image-description=\"\" data-image-caption=\"\" data-large-file=\"https:\/\/i0.wp.com\/www.jojoenherbe.com\/wp-content\/uploads\/2020\/01\/Le-secret-du-rocher-noir-4-scaled.jpg?fit=676%2C401\" class=\"alignleft size-thumbnail wp-image-9717\" src=\"https:\/\/i0.wp.com\/www.jojoenherbe.com\/wp-content\/uploads\/2020\/01\/Le-secret-du-rocher-noir-4.jpg?resize=150%2C150\" alt=\"\" width=\"150\" height=\"150\" srcset=\"https:\/\/i0.wp.com\/www.jojoenherbe.com\/wp-content\/uploads\/2020\/01\/Le-secret-du-rocher-noir-4-scaled.jpg?resize=150%2C150 150w, https:\/\/i0.wp.com\/www.jojoenherbe.com\/wp-content\/uploads\/2020\/01\/Le-secret-du-rocher-noir-4-scaled.jpg?zoom=2&amp;resize=150%2C150 300w, https:\/\/i0.wp.com\/www.jojoenherbe.com\/wp-content\/uploads\/2020\/01\/Le-secret-du-rocher-noir-4-scaled.jpg?zoom=3&amp;resize=150%2C150 450w\" sizes=\"auto, (max-width: 150px) 100vw, 150px\" \/><\/a>Nous lisons <span style=\"text-decoration: underline;\">Le secret du rocher noir<\/span> de Joe Todd-Stanton (\u00e9d. L&rsquo;\u00e9cole des loisirs, 2018), un album jeunesse \u00e0 partir de 6 ans. Erine a grandi avec sa m\u00e8re dans un port de p\u00eache et est curieuse de savoir ce qui se cache derri\u00e8re la l\u00e9gende du Rocher noir qui emporte les bateaux des p\u00eacheurs. Un jour, elle arrive \u00e0 d\u00e9jouer la surveillance de sa m\u00e8re et part \u00e0 bord de son bateau de p\u00eache. Tomb\u00e9e \u00e0 l&rsquo;eau, elle va d\u00e9couvrir ce qui se cache derri\u00e8re cet intriguant et magnifique rocher. Parviendra-t-elle \u00e0 faire changer l&rsquo;avis des p\u00eacheurs emplis de pr\u00e9jug\u00e9s? <\/em><\/p>\n<p style=\"text-align: justify;\"><em>Quel joli album, ode \u00e0 l&rsquo;\u00e9cologie et \u00e0 la protection de l&rsquo;environnement! Les illustrations de la faune marine sont tr\u00e8s jolies et r\u00e9v\u00e8lent toute la beaut\u00e9 des fonds marins qui peuvent pourtant \u00eatre mis \u00e0 mal par la main des hommes. La petite h\u00e9ro\u00efne, Erine, est fort courageuse et intr\u00e9pide. Derri\u00e8re cette l\u00e9gende, le jeune lecteur pourra se sensibiliser \u00e0 l&rsquo;importance de pr\u00e9server la Nature. Un tr\u00e8s bon moment de lecture engag\u00e9e!<br \/>\n<\/em><\/p>\n<div style=\"width: 138px\" class=\"wp-caption alignleft\"><img data-recalc-dims=\"1\" loading=\"lazy\" decoding=\"async\" class=\"\" src=\"https:\/\/i0.wp.com\/delivrer-des-livres.fr\/wp-content\/uploads\/2019\/05\/logoalbums2019.png?resize=128%2C128\" alt=\"\" width=\"128\" height=\"128\" \/><p class=\"wp-caption-text\">Participation #132 <a href=\"http:\/\/delivrer-des-livres.fr\/challenge-albums-2019\/\">Je lis aussi des albums<\/a><\/p><\/div>\n<div id=\"attachment_10219\" style=\"width: 123px\" class=\"wp-caption alignleft\"><img data-recalc-dims=\"1\" loading=\"lazy\" decoding=\"async\" aria-describedby=\"caption-attachment-10219\" data-attachment-id=\"10219\" data-permalink=\"http:\/\/www.jojoenherbe.com\/index.php\/2020\/03\/02\/au-fil-des-pages-avec-lievre-et-ours-sous-la-neige\/lievre-et-ours-sous-la-neige\/\" data-orig-file=\"https:\/\/i0.wp.com\/www.jojoenherbe.com\/wp-content\/uploads\/2020\/03\/Li%C3%A8vre-et-Ours-sous-la-neige-scaled.jpg?fit=2560%2C1892\" data-orig-size=\"2560,1892\" data-comments-opened=\"1\" data-image-meta=\"{&quot;aperture&quot;:&quot;2.4&quot;,&quot;credit&quot;:&quot;&quot;,&quot;camera&quot;:&quot;iPhone 4S&quot;,&quot;caption&quot;:&quot;&quot;,&quot;created_timestamp&quot;:&quot;1583147305&quot;,&quot;copyright&quot;:&quot;&quot;,&quot;focal_length&quot;:&quot;4.28&quot;,&quot;iso&quot;:&quot;640&quot;,&quot;shutter_speed&quot;:&quot;0.066666666666667&quot;,&quot;title&quot;:&quot;&quot;,&quot;orientation&quot;:&quot;1&quot;}\" data-image-title=\"Li\u00e8vre et Ours, sous la neige\" data-image-description=\"\" data-image-caption=\"\" data-large-file=\"https:\/\/i0.wp.com\/www.jojoenherbe.com\/wp-content\/uploads\/2020\/03\/Li%C3%A8vre-et-Ours-sous-la-neige-scaled.jpg?fit=676%2C500\" class=\"wp-image-10219\" src=\"https:\/\/i0.wp.com\/mapetitemediatheque.fr\/wp-content\/uploads\/2018\/11\/challenge-contes-et-l%C3%A9gendes.jpg?resize=113%2C142\" sizes=\"auto, (max-width: 343px) 100vw, 343px\" srcset=\"http:\/\/mapetitemediatheque.fr\/wp-content\/uploads\/2018\/11\/challenge-contes-et-l\u00e9gendes.jpg 343w, http:\/\/mapetitemediatheque.fr\/wp-content\/uploads\/2018\/11\/challenge-contes-et-l\u00e9gendes-239x300.jpg 239w\" alt=\"\" width=\"113\" height=\"142\" \/><p id=\"caption-attachment-10219\" class=\"wp-caption-text\">Participation #4 Contes &amp; L\u00e9gendes 2020 de <a href=\"http:\/\/mapetitemediatheque.fr\/2020\/01\/challenge-contes-et-legendes-2020\/\">Bidib<\/a><\/p><\/div>\n<div style=\"width: 150px\" class=\"wp-caption alignleft\"><img loading=\"lazy\" decoding=\"async\" class=\"\" src=\"https:\/\/lh3.googleusercontent.com\/yeyHsyE8ePB9xQx2t9obPo4nIUGeuGsS-P1wwGiEip3f9lcFED23VkM1Pr5hYoy4puCex2GzVOyZNHjl5qeUnhImyiKFqwfTaONmF_HEc7SEvgxhr1eZXuJ6zzg9JfEY4XADWBPBCxMLePs3HiWfgCjRFVaAIkiQhaX8RGfOMzZhoMNQUFFuWlglQGRva5RIkSFvo7nk3yMWVz4PgUXBK3Uof2Hf073K4C6YvQC1u6gRN2BCr4tNyqitAlYfULcqVlua9UK9L5kLVOZWs2-xrAzDf1K3rxU8pxE6Fdm1EI8_YbPW09CsTNa9CW1z0lvieJ6Ify6BbltA9XBnOC99XwB4E833hDdb9KWRbKTb8bwsVGIAFF1x2JkOCAWTkq3OtXJmlgaccySEr2PvCr9rzIA4GtrzB04GpU7RNPlnkfNDjtPoy6UR5nf5SD-RQvfrkHaKDQocAHpi1MoHr0bWF4h3F08r5y_TM01DqKXAgeInHehhuxNBZ4LGs7Emk2ol6RPfVd4UEj0916JVKRknXSsSbJG_50ptPlCGTOdHDTOUMc6x63Wp68_DnNhG9qn5FPKuDHhZvC008a4nifQFWuKVT6HvqNgW-LcvXb0wnjbSwgS8qwHb3LtHJj3uAe971aQRDPkS146UchPgCLNczeUje4Y3YFpuV4P1KYu67RSdAOITJNzzSRO2Dycc1PCqSdc7IoPwLu0-aT-FJ0m-KvlkUQLXoamPhl2WKbODyZSfc5ZT=w285-h217-no\" alt=\"\" width=\"140\" height=\"106\" \/><p class=\"wp-caption-text\"><a href=\"https:\/\/ennalit.wordpress.com\/2019\/12\/01\/challenge-petit-bac-2020-qui-veut-jouer\/\">Challenge Petit Bac d&rsquo;Enna<\/a> #2 Cat\u00e9gorie Couleur: \u00ab\u00a0Noir\u00a0\u00bb<\/p><\/div>\n","protected":false},"excerpt":{"rendered":"<p>Nous lisons Le secret du rocher noir de Joe Todd-Stanton (\u00e9d. L&rsquo;\u00e9cole des loisirs, 2018), un album jeunesse \u00e0 partir de 6 ans. Erine a grandi avec sa m\u00e8re dans un port de p\u00eache et est curieuse de savoir ce qui se cache derri\u00e8re la l\u00e9gende du Rocher noir qui emporte les bateaux des p\u00eacheurs. [&hellip;]<\/p>\n","protected":false},"author":1,"featured_media":13571,"comment_status":"open","ping_status":"open","sticky":false,"template":"","format":"standard","meta":{"jetpack_post_was_ever_published":false,"_jetpack_newsletter_access":"","_jetpack_dont_email_post_to_subs":false,"_jetpack_newsletter_tier_id":0,"_jetpack_memberships_contains_paywalled_content":false,"_jetpack_memberships_contains_paid_content":false,"footnotes":""},"categories":[363],"tags":[788,409,601,456,1365,1352,901,412,1178,765,459,843,1350,1921,367,775,658,1179,235,1100],"class_list":["post-9713","post","type-post","status-publish","format-standard","has-post-thumbnail","hentry","category-mini-lecteur","tag-6-9-ans","tag-albums-jeunesse","tag-aventure","tag-betises","tag-challenge-contes-et-legendes-2020","tag-challenge-petit-bac-2020","tag-courage","tag-curiosite","tag-ecologie","tag-environnement","tag-famille","tag-fantastique","tag-je-lis-aussi-des-albums-2019","tag-joe-todd-stanton","tag-lecture-jeunesse","tag-legendes","tag-mer","tag-mystere","tag-peche","tag-secret","post-preview"],"jetpack_featured_media_url":"https:\/\/i0.wp.com\/www.jojoenherbe.com\/wp-content\/uploads\/2020\/10\/Le-secret-du-rocher-noir-2-scaled.jpg?fit=2560%2C1920","jetpack_sharing_enabled":true,"jetpack_shortlink":"https:\/\/wp.me\/p9zhGx-2wF","jetpack_likes_enabled":true,"jetpack-related-posts":[{"id":13762,"url":"http:\/\/www.jojoenherbe.com\/index.php\/2020\/11\/09\/deuxieme-alphabet-des-animaux-d-comme-dauphin\/","url_meta":{"origin":9713,"position":0},"title":"Deuxi\u00e8me alphabet des animaux: D comme Dauphin","author":"Jojo","date":"9 novembre 2020","format":false,"excerpt":"Pour la semaine 30 de mon challenge sur Instagram #jojoenherbeetcieillustre qui associe la premi\u00e8re lettre d'un animal avec une illustration tir\u00e9e de la litt\u00e9rature jeunesse en suivant l'ordre de l'alphabet, il s'agit du D comme Dauphin. Alors voici notre s\u00e9lection de dauphins qui sera mise \u00e0 jour au fur-et-\u00e0-mesure de\u2026","rel":"","context":"Dans &quot;Mini challenger&quot;","block_context":{"text":"Mini challenger","link":"http:\/\/www.jojoenherbe.com\/index.php\/category\/mini-challenger\/"},"img":{"alt_text":"","src":"https:\/\/i0.wp.com\/www.jojoenherbe.com\/wp-content\/uploads\/2020\/11\/Selection-Dauphins-scaled.jpg?fit=1200%2C900&resize=350%2C200","width":350,"height":200,"srcset":"https:\/\/i0.wp.com\/www.jojoenherbe.com\/wp-content\/uploads\/2020\/11\/Selection-Dauphins-scaled.jpg?fit=1200%2C900&resize=350%2C200 1x, https:\/\/i0.wp.com\/www.jojoenherbe.com\/wp-content\/uploads\/2020\/11\/Selection-Dauphins-scaled.jpg?fit=1200%2C900&resize=525%2C300 1.5x, https:\/\/i0.wp.com\/www.jojoenherbe.com\/wp-content\/uploads\/2020\/11\/Selection-Dauphins-scaled.jpg?fit=1200%2C900&resize=700%2C400 2x, https:\/\/i0.wp.com\/www.jojoenherbe.com\/wp-content\/uploads\/2020\/11\/Selection-Dauphins-scaled.jpg?fit=1200%2C900&resize=1050%2C600 3x"},"classes":[]},{"id":13136,"url":"http:\/\/www.jojoenherbe.com\/index.php\/2020\/10\/25\/deuxieme-alphabet-de-jojoenherbeetcieillustre-b-comme-baleine\/","url_meta":{"origin":9713,"position":1},"title":"Deuxi\u00e8me alphabet des animaux: B comme Baleine","author":"Jojo","date":"25 octobre 2020","format":false,"excerpt":"Pour la semaine 28 de mon challenge sur Instagram #jojoenherbeetcieillustre qui associe la premi\u00e8re lettre d'un animal avec une illustration tir\u00e9e de la litt\u00e9rature jeunesse en suivant l'ordre de l'alphabet, il s'agit du B comme Baleine. Alors voici notre s\u00e9lection des baleines qui sera mise \u00e0 jour au fur-et-\u00e0-mesure de\u2026","rel":"","context":"Dans &quot;Mini challenger&quot;","block_context":{"text":"Mini challenger","link":"http:\/\/www.jojoenherbe.com\/index.php\/category\/mini-challenger\/"},"img":{"alt_text":"","src":"https:\/\/i0.wp.com\/www.jojoenherbe.com\/wp-content\/uploads\/2020\/10\/Selection-Baleines-scaled.jpg?fit=1200%2C900&resize=350%2C200","width":350,"height":200,"srcset":"https:\/\/i0.wp.com\/www.jojoenherbe.com\/wp-content\/uploads\/2020\/10\/Selection-Baleines-scaled.jpg?fit=1200%2C900&resize=350%2C200 1x, https:\/\/i0.wp.com\/www.jojoenherbe.com\/wp-content\/uploads\/2020\/10\/Selection-Baleines-scaled.jpg?fit=1200%2C900&resize=525%2C300 1.5x, https:\/\/i0.wp.com\/www.jojoenherbe.com\/wp-content\/uploads\/2020\/10\/Selection-Baleines-scaled.jpg?fit=1200%2C900&resize=700%2C400 2x, https:\/\/i0.wp.com\/www.jojoenherbe.com\/wp-content\/uploads\/2020\/10\/Selection-Baleines-scaled.jpg?fit=1200%2C900&resize=1050%2C600 3x"},"classes":[]},{"id":14053,"url":"http:\/\/www.jojoenherbe.com\/index.php\/2020\/11\/24\/au-fil-des-pages-avec-jules-et-le-renard\/","url_meta":{"origin":9713,"position":2},"title":"Au fil des pages avec Jules et le renard","author":"Jojo","date":"24 novembre 2020","format":false,"excerpt":"Nous lisons Jules et le renard de Joe Todd-Stanton (\u00e9d. L\u2019\u00e9cole des loisirs, avril 2019, r\u00e9\u00e9d. 2020, 44 pages), un album jeunesse \u00e0 partir de 3 ans. Jules est un souriceau introverti qui a appris \u00e0 vivre seul dans la for\u00eat et \u00e0 \u00e9viter les dangers tant des profondeurs de\u2026","rel":"","context":"Dans &quot;Mini lecteur&quot;","block_context":{"text":"Mini lecteur","link":"http:\/\/www.jojoenherbe.com\/index.php\/category\/mini-lecteur\/"},"img":{"alt_text":"","src":"https:\/\/i0.wp.com\/www.jojoenherbe.com\/wp-content\/uploads\/2020\/11\/Jules-et-le-renard-scaled.jpg?fit=1200%2C900&resize=350%2C200","width":350,"height":200,"srcset":"https:\/\/i0.wp.com\/www.jojoenherbe.com\/wp-content\/uploads\/2020\/11\/Jules-et-le-renard-scaled.jpg?fit=1200%2C900&resize=350%2C200 1x, https:\/\/i0.wp.com\/www.jojoenherbe.com\/wp-content\/uploads\/2020\/11\/Jules-et-le-renard-scaled.jpg?fit=1200%2C900&resize=525%2C300 1.5x, https:\/\/i0.wp.com\/www.jojoenherbe.com\/wp-content\/uploads\/2020\/11\/Jules-et-le-renard-scaled.jpg?fit=1200%2C900&resize=700%2C400 2x, https:\/\/i0.wp.com\/www.jojoenherbe.com\/wp-content\/uploads\/2020\/11\/Jules-et-le-renard-scaled.jpg?fit=1200%2C900&resize=1050%2C600 3x"},"classes":[]},{"id":22599,"url":"http:\/\/www.jojoenherbe.com\/index.php\/2021\/11\/18\/au-fil-des-pages-avec-le-tome-3-de-la-famille-vieillepierre\/","url_meta":{"origin":9713,"position":3},"title":"Au fil des pages avec le tome 3 de La famille Vieillepierre","author":"Jojo","date":"18 novembre 2021","format":false,"excerpt":"Nous lisons le tome 3 de La famille Vieillepierre, Le voyage de Ka\u00ef de Joe Todd-Stanton (\u00e9d. Sarbacane, 2020), une BD jeunesse \u00e0 partir de 5\/6 ans. Apr\u00e8s les l\u00e9gendes islandaises dans le tome 1, Arthur et la corde magique et \u00e9gyptiennes dans le tome 2, Lucie et l'\u00e9nigme du\u2026","rel":"","context":"Dans &quot;Mini lecteur&quot;","block_context":{"text":"Mini lecteur","link":"http:\/\/www.jojoenherbe.com\/index.php\/category\/mini-lecteur\/"},"img":{"alt_text":"","src":"https:\/\/i0.wp.com\/www.jojoenherbe.com\/wp-content\/uploads\/2021\/10\/La-famille-Vieillepierre-T3-scaled.jpg?fit=1200%2C990&resize=350%2C200","width":350,"height":200,"srcset":"https:\/\/i0.wp.com\/www.jojoenherbe.com\/wp-content\/uploads\/2021\/10\/La-famille-Vieillepierre-T3-scaled.jpg?fit=1200%2C990&resize=350%2C200 1x, https:\/\/i0.wp.com\/www.jojoenherbe.com\/wp-content\/uploads\/2021\/10\/La-famille-Vieillepierre-T3-scaled.jpg?fit=1200%2C990&resize=525%2C300 1.5x, https:\/\/i0.wp.com\/www.jojoenherbe.com\/wp-content\/uploads\/2021\/10\/La-famille-Vieillepierre-T3-scaled.jpg?fit=1200%2C990&resize=700%2C400 2x, https:\/\/i0.wp.com\/www.jojoenherbe.com\/wp-content\/uploads\/2021\/10\/La-famille-Vieillepierre-T3-scaled.jpg?fit=1200%2C990&resize=1050%2C600 3x"},"classes":[]},{"id":23590,"url":"http:\/\/www.jojoenherbe.com\/index.php\/2022\/01\/11\/au-fil-des-pages-avec-la-legende-du-chien-noir\/","url_meta":{"origin":9713,"position":4},"title":"Au fil des pages avec La l\u00e9gende du chien noir","author":"Jojo","date":"11 janvier 2022","format":false,"excerpt":"Nous lisons La l\u00e9gende du chien noir de Levi Pinfold (\u00e9d. Little Urban, 2015), un album jeunesse \u00e0 partir de 3 ans selon l'\u00e9diteur voire plut\u00f4t de 4\/5 ans. Un matin d'hiver, un immense chien noir se dresse devant la porte de la famille Hope, effrayant les uns apr\u00e8s les\u2026","rel":"","context":"Dans &quot;Mini lecteur&quot;","block_context":{"text":"Mini lecteur","link":"http:\/\/www.jojoenherbe.com\/index.php\/category\/mini-lecteur\/"},"img":{"alt_text":"","src":"https:\/\/i0.wp.com\/www.jojoenherbe.com\/wp-content\/uploads\/2022\/01\/La-legende-du-chien-noir-scaled.jpg?fit=1200%2C1005&resize=350%2C200","width":350,"height":200,"srcset":"https:\/\/i0.wp.com\/www.jojoenherbe.com\/wp-content\/uploads\/2022\/01\/La-legende-du-chien-noir-scaled.jpg?fit=1200%2C1005&resize=350%2C200 1x, https:\/\/i0.wp.com\/www.jojoenherbe.com\/wp-content\/uploads\/2022\/01\/La-legende-du-chien-noir-scaled.jpg?fit=1200%2C1005&resize=525%2C300 1.5x, https:\/\/i0.wp.com\/www.jojoenherbe.com\/wp-content\/uploads\/2022\/01\/La-legende-du-chien-noir-scaled.jpg?fit=1200%2C1005&resize=700%2C400 2x, https:\/\/i0.wp.com\/www.jojoenherbe.com\/wp-content\/uploads\/2022\/01\/La-legende-du-chien-noir-scaled.jpg?fit=1200%2C1005&resize=1050%2C600 3x"},"classes":[]},{"id":33659,"url":"http:\/\/www.jojoenherbe.com\/index.php\/2026\/01\/21\/au-fil-des-pages-avec-la-comete\/","url_meta":{"origin":9713,"position":5},"title":"Au fil des pages avec La com\u00e8te","author":"Jojo","date":"21 janvier 2026","format":false,"excerpt":"Pour le th\u00e8me de janvier 2026 \"Nouvelle vie (d\u00e9m\u00e9nagement, arriv\u00e9e d\u2019un b\u00e9b\u00e9 ou d\u2019un animal dans la famille\u2026)\" du challenge Litt\u00e9rature jeunesse 2025-2026, j'ai choisi une de nos anciennes lectures: La com\u00e8te de Joe Todd-Stanton (\u00e9d. L'\u00e9cole des Loisirs, coll. Kilimax, janvier 2023, 40 pages), un album jeunesse \u00e0\u00a0 partir\u2026","rel":"","context":"Dans &quot;Mini lecteur&quot;","block_context":{"text":"Mini lecteur","link":"http:\/\/www.jojoenherbe.com\/index.php\/category\/mini-lecteur\/"},"img":{"alt_text":"","src":"https:\/\/i0.wp.com\/www.jojoenherbe.com\/wp-content\/uploads\/2026\/01\/La-Comete-scaled.jpeg?fit=1200%2C832&resize=350%2C200","width":350,"height":200,"srcset":"https:\/\/i0.wp.com\/www.jojoenherbe.com\/wp-content\/uploads\/2026\/01\/La-Comete-scaled.jpeg?fit=1200%2C832&resize=350%2C200 1x, https:\/\/i0.wp.com\/www.jojoenherbe.com\/wp-content\/uploads\/2026\/01\/La-Comete-scaled.jpeg?fit=1200%2C832&resize=525%2C300 1.5x, https:\/\/i0.wp.com\/www.jojoenherbe.com\/wp-content\/uploads\/2026\/01\/La-Comete-scaled.jpeg?fit=1200%2C832&resize=700%2C400 2x, https:\/\/i0.wp.com\/www.jojoenherbe.com\/wp-content\/uploads\/2026\/01\/La-Comete-scaled.jpeg?fit=1200%2C832&resize=1050%2C600 3x"},"classes":[]}],"_links":{"self":[{"href":"http:\/\/www.jojoenherbe.com\/index.php\/wp-json\/wp\/v2\/posts\/9713","targetHints":{"allow":["GET"]}}],"collection":[{"href":"http:\/\/www.jojoenherbe.com\/index.php\/wp-json\/wp\/v2\/posts"}],"about":[{"href":"http:\/\/www.jojoenherbe.com\/index.php\/wp-json\/wp\/v2\/types\/post"}],"author":[{"embeddable":true,"href":"http:\/\/www.jojoenherbe.com\/index.php\/wp-json\/wp\/v2\/users\/1"}],"replies":[{"embeddable":true,"href":"http:\/\/www.jojoenherbe.com\/index.php\/wp-json\/wp\/v2\/comments?post=9713"}],"version-history":[{"count":0,"href":"http:\/\/www.jojoenherbe.com\/index.php\/wp-json\/wp\/v2\/posts\/9713\/revisions"}],"wp:featuredmedia":[{"embeddable":true,"href":"http:\/\/www.jojoenherbe.com\/index.php\/wp-json\/wp\/v2\/media\/13571"}],"wp:attachment":[{"href":"http:\/\/www.jojoenherbe.com\/index.php\/wp-json\/wp\/v2\/media?parent=9713"}],"wp:term":[{"taxonomy":"category","embeddable":true,"href":"http:\/\/www.jojoenherbe.com\/index.php\/wp-json\/wp\/v2\/categories?post=9713"},{"taxonomy":"post_tag","embeddable":true,"href":"http:\/\/www.jojoenherbe.com\/index.php\/wp-json\/wp\/v2\/tags?post=9713"}],"curies":[{"name":"wp","href":"https:\/\/api.w.org\/{rel}","templated":true}]}}