{"id":9673,"date":"2020-01-17T15:07:35","date_gmt":"2020-01-17T14:07:35","guid":{"rendered":"http:\/\/www.jojoenherbe.com\/?p=9673"},"modified":"2020-01-19T09:56:53","modified_gmt":"2020-01-19T08:56:53","slug":"au-fil-des-pages-avec-bisous-bisous","status":"publish","type":"post","link":"http:\/\/www.jojoenherbe.com\/index.php\/2020\/01\/17\/au-fil-des-pages-avec-bisous-bisous\/","title":{"rendered":"Au fil des pages avec Bisous, bisous"},"content":{"rendered":"<p style=\"text-align: justify;\"><em><span class=\"\"><a href=\"https:\/\/i0.wp.com\/www.jojoenherbe.com\/wp-content\/uploads\/2020\/01\/Bisous-bisous-2-scaled.jpg\"><img data-recalc-dims=\"1\" loading=\"lazy\" decoding=\"async\" data-attachment-id=\"9674\" data-permalink=\"http:\/\/www.jojoenherbe.com\/index.php\/2020\/01\/17\/au-fil-des-pages-avec-bisous-bisous\/bisous-bisous-2\/\" data-orig-file=\"https:\/\/i0.wp.com\/www.jojoenherbe.com\/wp-content\/uploads\/2020\/01\/Bisous-bisous-2-scaled.jpg?fit=2560%2C1661\" data-orig-size=\"2560,1661\" data-comments-opened=\"1\" data-image-meta=\"{&quot;aperture&quot;:&quot;2.4&quot;,&quot;credit&quot;:&quot;&quot;,&quot;camera&quot;:&quot;iPhone 4S&quot;,&quot;caption&quot;:&quot;&quot;,&quot;created_timestamp&quot;:&quot;1579272596&quot;,&quot;copyright&quot;:&quot;&quot;,&quot;focal_length&quot;:&quot;4.28&quot;,&quot;iso&quot;:&quot;320&quot;,&quot;shutter_speed&quot;:&quot;0.058823529411765&quot;,&quot;title&quot;:&quot;&quot;,&quot;orientation&quot;:&quot;1&quot;}\" data-image-title=\"Bisous, bisous 2\" data-image-description=\"\" data-image-caption=\"\" data-large-file=\"https:\/\/i0.wp.com\/www.jojoenherbe.com\/wp-content\/uploads\/2020\/01\/Bisous-bisous-2-scaled.jpg?fit=676%2C439\" class=\"alignleft size-thumbnail wp-image-9674\" src=\"https:\/\/i0.wp.com\/www.jojoenherbe.com\/wp-content\/uploads\/2020\/01\/Bisous-bisous-2.jpg?resize=150%2C150\" alt=\"\" width=\"150\" height=\"150\" srcset=\"https:\/\/i0.wp.com\/www.jojoenherbe.com\/wp-content\/uploads\/2020\/01\/Bisous-bisous-2-scaled.jpg?resize=150%2C150 150w, https:\/\/i0.wp.com\/www.jojoenherbe.com\/wp-content\/uploads\/2020\/01\/Bisous-bisous-2-scaled.jpg?zoom=2&amp;resize=150%2C150 300w, https:\/\/i0.wp.com\/www.jojoenherbe.com\/wp-content\/uploads\/2020\/01\/Bisous-bisous-2-scaled.jpg?zoom=3&amp;resize=150%2C150 450w\" sizes=\"auto, (max-width: 150px) 100vw, 150px\" \/><\/a> <a href=\"https:\/\/i0.wp.com\/www.jojoenherbe.com\/wp-content\/uploads\/2020\/01\/Bisous-bisous-3-scaled.jpg\"><img data-recalc-dims=\"1\" loading=\"lazy\" decoding=\"async\" data-attachment-id=\"9675\" data-permalink=\"http:\/\/www.jojoenherbe.com\/index.php\/2020\/01\/17\/au-fil-des-pages-avec-bisous-bisous\/bisous-bisous-3\/\" data-orig-file=\"https:\/\/i0.wp.com\/www.jojoenherbe.com\/wp-content\/uploads\/2020\/01\/Bisous-bisous-3-scaled.jpg?fit=2560%2C1680\" data-orig-size=\"2560,1680\" data-comments-opened=\"1\" data-image-meta=\"{&quot;aperture&quot;:&quot;2.4&quot;,&quot;credit&quot;:&quot;&quot;,&quot;camera&quot;:&quot;iPhone 4S&quot;,&quot;caption&quot;:&quot;&quot;,&quot;created_timestamp&quot;:&quot;1579272613&quot;,&quot;copyright&quot;:&quot;&quot;,&quot;focal_length&quot;:&quot;4.28&quot;,&quot;iso&quot;:&quot;400&quot;,&quot;shutter_speed&quot;:&quot;0.066666666666667&quot;,&quot;title&quot;:&quot;&quot;,&quot;orientation&quot;:&quot;1&quot;}\" data-image-title=\"Bisous, bisous 3\" data-image-description=\"\" data-image-caption=\"\" data-large-file=\"https:\/\/i0.wp.com\/www.jojoenherbe.com\/wp-content\/uploads\/2020\/01\/Bisous-bisous-3-scaled.jpg?fit=676%2C444\" class=\"alignleft size-thumbnail wp-image-9675\" src=\"https:\/\/i0.wp.com\/www.jojoenherbe.com\/wp-content\/uploads\/2020\/01\/Bisous-bisous-3.jpg?resize=150%2C150\" alt=\"\" width=\"150\" height=\"150\" srcset=\"https:\/\/i0.wp.com\/www.jojoenherbe.com\/wp-content\/uploads\/2020\/01\/Bisous-bisous-3-scaled.jpg?resize=150%2C150 150w, https:\/\/i0.wp.com\/www.jojoenherbe.com\/wp-content\/uploads\/2020\/01\/Bisous-bisous-3-scaled.jpg?zoom=2&amp;resize=150%2C150 300w, https:\/\/i0.wp.com\/www.jojoenherbe.com\/wp-content\/uploads\/2020\/01\/Bisous-bisous-3-scaled.jpg?zoom=3&amp;resize=150%2C150 450w\" sizes=\"auto, (max-width: 150px) 100vw, 150px\" \/><\/a>Nous empruntons \u00e0 la biblioth\u00e8que <span style=\"text-decoration: underline;\">Bisous, bisous<\/span> de Joanna Walsh et Judi Abbot (\u00e9d. Gr\u00fcnd, 2011), un album jeunesse tout mignon pour les tout-petits. D\u00e8s la couverture de l&rsquo;album, comment ne pas craquer pour ce Petit Pingouin?! Un petit pingouin nous entra\u00eene dans un tourbillon de bisous. Tous les animaux se joignent \u00e0 lui, m\u00eame la pluie et la neige. \u00c0 chacun son bisou: bisou surprise, bisou c\u00e2lin, bisou gourmand ou bien encore bisou du soir! <\/span><span class=\"\">Les illustrations au graphisme simple et color\u00e9 invitent \u00e0 donner et recevoir c\u00e2lins et bisous. Un bien tendre moment de lecture! Et vous, quel est votre bisou pr\u00e9f\u00e9r\u00e9?<\/span><\/em><\/p>\n<div style=\"width: 167px\" class=\"wp-caption alignleft\"><img data-recalc-dims=\"1\" loading=\"lazy\" decoding=\"async\" src=\"https:\/\/i0.wp.com\/delivrer-des-livres.fr\/wp-content\/uploads\/2019\/05\/logoalbums2019.png?resize=157%2C157\" alt=\"\" width=\"157\" height=\"157\" \/><p class=\"wp-caption-text\">Participation #131 <a href=\"http:\/\/delivrer-des-livres.fr\/challenge-albums-2019\/\">Je lis aussi des albums<\/a><\/p><\/div>\n<div style=\"width: 164px\" class=\"wp-caption alignleft\"><img loading=\"lazy\" decoding=\"async\" src=\"https:\/\/lh3.googleusercontent.com\/yeyHsyE8ePB9xQx2t9obPo4nIUGeuGsS-P1wwGiEip3f9lcFED23VkM1Pr5hYoy4puCex2GzVOyZNHjl5qeUnhImyiKFqwfTaONmF_HEc7SEvgxhr1eZXuJ6zzg9JfEY4XADWBPBCxMLePs3HiWfgCjRFVaAIkiQhaX8RGfOMzZhoMNQUFFuWlglQGRva5RIkSFvo7nk3yMWVz4PgUXBK3Uof2Hf073K4C6YvQC1u6gRN2BCr4tNyqitAlYfULcqVlua9UK9L5kLVOZWs2-xrAzDf1K3rxU8pxE6Fdm1EI8_YbPW09CsTNa9CW1z0lvieJ6Ify6BbltA9XBnOC99XwB4E833hDdb9KWRbKTb8bwsVGIAFF1x2JkOCAWTkq3OtXJmlgaccySEr2PvCr9rzIA4GtrzB04GpU7RNPlnkfNDjtPoy6UR5nf5SD-RQvfrkHaKDQocAHpi1MoHr0bWF4h3F08r5y_TM01DqKXAgeInHehhuxNBZ4LGs7Emk2ol6RPfVd4UEj0916JVKRknXSsSbJG_50ptPlCGTOdHDTOUMc6x63Wp68_DnNhG9qn5FPKuDHhZvC008a4nifQFWuKVT6HvqNgW-LcvXb0wnjbSwgS8qwHb3LtHJj3uAe971aQRDPkS146UchPgCLNczeUje4Y3YFpuV4P1KYu67RSdAOITJNzzSRO2Dycc1PCqSdc7IoPwLu0-aT-FJ0m-KvlkUQLXoamPhl2WKbODyZSfc5ZT=w285-h217-no\" alt=\"\" width=\"154\" height=\"117\" \/><p class=\"wp-caption-text\"><a href=\"https:\/\/ennalit.wordpress.com\/2019\/12\/01\/challenge-petit-bac-2020-qui-veut-jouer\/\">Challenge Petit Bac d&rsquo;Enna<\/a> #1 Cat\u00e9gorie Amour et relation amoureuse: \u00ab\u00a0Bisous\u00a0\u00bb<\/p><\/div>\n","protected":false},"excerpt":{"rendered":"<p>Nous empruntons \u00e0 la biblioth\u00e8que Bisous, bisous de Joanna Walsh et Judi Abbot (\u00e9d. Gr\u00fcnd, 2011), un album jeunesse tout mignon pour les tout-petits. D\u00e8s la couverture de l&rsquo;album, comment ne pas craquer pour ce Petit Pingouin?! Un petit pingouin nous entra\u00eene dans un tourbillon de bisous. Tous les animaux se joignent \u00e0 lui, m\u00eame [&hellip;]<\/p>\n","protected":false},"author":1,"featured_media":9676,"comment_status":"open","ping_status":"open","sticky":false,"template":"","format":"standard","meta":{"jetpack_post_was_ever_published":false,"_jetpack_newsletter_access":"","_jetpack_dont_email_post_to_subs":false,"_jetpack_newsletter_tier_id":0,"_jetpack_memberships_contains_paywalled_content":false,"_jetpack_memberships_contains_paid_content":false,"footnotes":""},"categories":[363],"tags":[785,409,777,12,688,634,367,346,622],"class_list":["post-9673","post","type-post","status-publish","format-standard","has-post-thumbnail","hentry","category-mini-lecteur","tag-3-6-ans","tag-albums-jeunesse","tag-amour","tag-animaux","tag-bisous","tag-calin","tag-lecture-jeunesse","tag-pingouin","tag-tendresse","post-preview"],"jetpack_featured_media_url":"https:\/\/i0.wp.com\/www.jojoenherbe.com\/wp-content\/uploads\/2020\/01\/Bisous-bisous-scaled.jpg?fit=2560%2C1920","jetpack_sharing_enabled":true,"jetpack_shortlink":"https:\/\/wp.me\/p9zhGx-2w1","jetpack_likes_enabled":true,"jetpack-related-posts":[{"id":11695,"url":"http:\/\/www.jojoenherbe.com\/index.php\/2020\/07\/30\/au-fil-des-pages-avec-hou-hou-croque-bisous\/","url_meta":{"origin":9673,"position":0},"title":"Au fil des pages avec Hou! Hou! Croque-Bisous!","author":"Jojo","date":"30 juillet 2020","format":false,"excerpt":"Nous empruntons \u00e0 la m\u00e9diath\u00e8que une nouvelle histoire de Croque-Bisous: Hou! Hou! Croque-Bisous! de Kimiko (\u00e9d. L'\u00e9cole des loisirs, coll. Loulou & Cie, 2013), un album cartonn\u00e9 pour les tout-petits. La nuit est tomb\u00e9e. Petite Souris a peur des bruits qu'elle entend dehors. Elle sort alors avec Croque-bisous qui la\u2026","rel":"","context":"Dans &quot;Mini lecteur&quot;","block_context":{"text":"Mini lecteur","link":"http:\/\/www.jojoenherbe.com\/index.php\/category\/mini-lecteur\/"},"img":{"alt_text":"","src":"https:\/\/i0.wp.com\/www.jojoenherbe.com\/wp-content\/uploads\/2020\/07\/Hou-Hou-croque-bisous-scaled.jpg?fit=1200%2C957&resize=350%2C200","width":350,"height":200,"srcset":"https:\/\/i0.wp.com\/www.jojoenherbe.com\/wp-content\/uploads\/2020\/07\/Hou-Hou-croque-bisous-scaled.jpg?fit=1200%2C957&resize=350%2C200 1x, https:\/\/i0.wp.com\/www.jojoenherbe.com\/wp-content\/uploads\/2020\/07\/Hou-Hou-croque-bisous-scaled.jpg?fit=1200%2C957&resize=525%2C300 1.5x, https:\/\/i0.wp.com\/www.jojoenherbe.com\/wp-content\/uploads\/2020\/07\/Hou-Hou-croque-bisous-scaled.jpg?fit=1200%2C957&resize=700%2C400 2x, https:\/\/i0.wp.com\/www.jojoenherbe.com\/wp-content\/uploads\/2020\/07\/Hou-Hou-croque-bisous-scaled.jpg?fit=1200%2C957&resize=1050%2C600 3x"},"classes":[]},{"id":6470,"url":"http:\/\/www.jojoenherbe.com\/index.php\/2019\/06\/19\/au-fil-des-pages-avec-de-quelle-couleur-sont-les-bisous\/","url_meta":{"origin":9673,"position":1},"title":"Au fil des pages avec De quelle couleur sont les bisous?","author":"Jojo","date":"19 juin 2019","format":false,"excerpt":"Apr\u00e8s la F\u00eate des m\u00e8res et la F\u00eate des p\u00e8res, nous lisons avec grand plaisir De quelle couleur sont les bisous? de Rocio Bonilla (\u00e9d. P\u00e8re Fouettard, 2018). Nous adorons la frimousse de cette petite fille, Monica surnomm\u00e9e Minimoni, aussi brune qu'Ana Ana est blonde. Lorsqu'elle veut peindre des bisous,\u2026","rel":"","context":"Dans &quot;Mini lecteur&quot;","block_context":{"text":"Mini lecteur","link":"http:\/\/www.jojoenherbe.com\/index.php\/category\/mini-lecteur\/"},"img":{"alt_text":"","src":"https:\/\/i0.wp.com\/www.jojoenherbe.com\/wp-content\/uploads\/2019\/06\/de-quelle-couleur-sont-les-bisous.jpg?fit=1200%2C900&resize=350%2C200","width":350,"height":200,"srcset":"https:\/\/i0.wp.com\/www.jojoenherbe.com\/wp-content\/uploads\/2019\/06\/de-quelle-couleur-sont-les-bisous.jpg?fit=1200%2C900&resize=350%2C200 1x, https:\/\/i0.wp.com\/www.jojoenherbe.com\/wp-content\/uploads\/2019\/06\/de-quelle-couleur-sont-les-bisous.jpg?fit=1200%2C900&resize=525%2C300 1.5x, https:\/\/i0.wp.com\/www.jojoenherbe.com\/wp-content\/uploads\/2019\/06\/de-quelle-couleur-sont-les-bisous.jpg?fit=1200%2C900&resize=700%2C400 2x, https:\/\/i0.wp.com\/www.jojoenherbe.com\/wp-content\/uploads\/2019\/06\/de-quelle-couleur-sont-les-bisous.jpg?fit=1200%2C900&resize=1050%2C600 3x"},"classes":[]},{"id":14166,"url":"http:\/\/www.jojoenherbe.com\/index.php\/2020\/12\/01\/notre-calendrier-de-noel-livresque-2020\/","url_meta":{"origin":9673,"position":2},"title":"Notre calendrier de No\u00ebl livresque 2020","author":"Jojo","date":"1 d\u00e9cembre 2020","format":false,"excerpt":"En ce 1er d\u00e9cembre 2020, nous d\u00e9butons la journ\u00e9e en ouvrant la premi\u00e8re case de nos calendriers de No\u00ebl. Cela tombe bien puisque MyaRosa, Chicky Poo et Samarian nous proposent de pr\u00e9senter les calendriers de l'Avent. Outre des calendriers habituels avec des chocolats, j'avais pr\u00e9par\u00e9 une surprise: un calendrier livresque,\u2026","rel":"","context":"Dans &quot;Mini challenger&quot;","block_context":{"text":"Mini challenger","link":"http:\/\/www.jojoenherbe.com\/index.php\/category\/mini-challenger\/"},"img":{"alt_text":"","src":"https:\/\/i0.wp.com\/www.jojoenherbe.com\/wp-content\/uploads\/2020\/12\/Calendriers-de-Noel-scaled.jpg?fit=1200%2C1073&resize=350%2C200","width":350,"height":200,"srcset":"https:\/\/i0.wp.com\/www.jojoenherbe.com\/wp-content\/uploads\/2020\/12\/Calendriers-de-Noel-scaled.jpg?fit=1200%2C1073&resize=350%2C200 1x, https:\/\/i0.wp.com\/www.jojoenherbe.com\/wp-content\/uploads\/2020\/12\/Calendriers-de-Noel-scaled.jpg?fit=1200%2C1073&resize=525%2C300 1.5x, https:\/\/i0.wp.com\/www.jojoenherbe.com\/wp-content\/uploads\/2020\/12\/Calendriers-de-Noel-scaled.jpg?fit=1200%2C1073&resize=700%2C400 2x, https:\/\/i0.wp.com\/www.jojoenherbe.com\/wp-content\/uploads\/2020\/12\/Calendriers-de-Noel-scaled.jpg?fit=1200%2C1073&resize=1050%2C600 3x"},"classes":[]},{"id":9978,"url":"http:\/\/www.jojoenherbe.com\/index.php\/2020\/02\/16\/au-fil-des-pages-avec-jaime-pas-les-bisous\/","url_meta":{"origin":9673,"position":3},"title":"Au fil des pages avec J&rsquo;aime pas les bisous","author":"Jojo","date":"16 f\u00e9vrier 2020","format":false,"excerpt":"Nous avons lu J'aime pas les bisous de Nadine Monfils et Claude K. Dubois (\u00e9d. Mijade, ao\u00fbt 2010, 24 pages), un album jeunesse \u00e0 partir de 3 ans dont l'illustration de couverture est toute adorable et que nous avons emprunt\u00e9 \u00e0 la m\u00e9diath\u00e8que. Une petite fille ne supporte plus les\u2026","rel":"","context":"Dans &quot;Mini lecteur&quot;","block_context":{"text":"Mini lecteur","link":"http:\/\/www.jojoenherbe.com\/index.php\/category\/mini-lecteur\/"},"img":{"alt_text":"","src":"https:\/\/i0.wp.com\/www.jojoenherbe.com\/wp-content\/uploads\/2020\/02\/Jaime-pas-les-bisous-scaled.jpg?fit=1200%2C900&resize=350%2C200","width":350,"height":200,"srcset":"https:\/\/i0.wp.com\/www.jojoenherbe.com\/wp-content\/uploads\/2020\/02\/Jaime-pas-les-bisous-scaled.jpg?fit=1200%2C900&resize=350%2C200 1x, https:\/\/i0.wp.com\/www.jojoenherbe.com\/wp-content\/uploads\/2020\/02\/Jaime-pas-les-bisous-scaled.jpg?fit=1200%2C900&resize=525%2C300 1.5x, https:\/\/i0.wp.com\/www.jojoenherbe.com\/wp-content\/uploads\/2020\/02\/Jaime-pas-les-bisous-scaled.jpg?fit=1200%2C900&resize=700%2C400 2x, https:\/\/i0.wp.com\/www.jojoenherbe.com\/wp-content\/uploads\/2020\/02\/Jaime-pas-les-bisous-scaled.jpg?fit=1200%2C900&resize=1050%2C600 3x"},"classes":[]},{"id":10802,"url":"http:\/\/www.jojoenherbe.com\/index.php\/2020\/04\/20\/au-fil-des-pages-avec-croque-bisous\/","url_meta":{"origin":9673,"position":4},"title":"Au fil des pages avec Croque-bisous","author":"Jojo","date":"20 avril 2020","format":false,"excerpt":"Nous avions emprunt\u00e9 \u00e0 la m\u00e9diath\u00e8que, fin ao\u00fbt 2019, Croque-bisous de Kimiko (\u00e9d. L'\u00e9cole des loisirs, r\u00e9\u00e9d. 2014), un album jeunesse cartonn\u00e9 pour les tout-petits. Mais je n'avais pas pris le temps de le chroniquer. Je le fais donc d\u00e9sormais pour le mois d'avril du Challenge Je lis aussi des\u2026","rel":"","context":"Dans &quot;Mini lecteur&quot;","block_context":{"text":"Mini lecteur","link":"http:\/\/www.jojoenherbe.com\/index.php\/category\/mini-lecteur\/"},"img":{"alt_text":"","src":"https:\/\/i0.wp.com\/www.jojoenherbe.com\/wp-content\/uploads\/2020\/04\/Croque-bisous.jpg?fit=1200%2C1156&resize=350%2C200","width":350,"height":200,"srcset":"https:\/\/i0.wp.com\/www.jojoenherbe.com\/wp-content\/uploads\/2020\/04\/Croque-bisous.jpg?fit=1200%2C1156&resize=350%2C200 1x, https:\/\/i0.wp.com\/www.jojoenherbe.com\/wp-content\/uploads\/2020\/04\/Croque-bisous.jpg?fit=1200%2C1156&resize=525%2C300 1.5x, https:\/\/i0.wp.com\/www.jojoenherbe.com\/wp-content\/uploads\/2020\/04\/Croque-bisous.jpg?fit=1200%2C1156&resize=700%2C400 2x, https:\/\/i0.wp.com\/www.jojoenherbe.com\/wp-content\/uploads\/2020\/04\/Croque-bisous.jpg?fit=1200%2C1156&resize=1050%2C600 3x"},"classes":[]},{"id":7365,"url":"http:\/\/www.jojoenherbe.com\/index.php\/2019\/09\/04\/au-fil-des-pages-avec-la-provision-de-bisous-de-zou\/","url_meta":{"origin":9673,"position":5},"title":"Au fil des pages avec La provision de bisous de Zou","author":"Jojo","date":"4 septembre 2019","format":false,"excerpt":"Nous relisons, en cette semaine de rentr\u00e9e des classes, La provision de bisous de Zou de Michel Gay (\u00e9d. L'\u00e9cole des loisirs, 2017), album jeunesse \u00e0 partir de 3 ans. Nous suivons Zou, un petit z\u00e8bre qui part pour la premi\u00e8re fois en colonie de vacances. Triste de devoir \u00eatre\u2026","rel":"","context":"Dans &quot;Mini lecteur&quot;","block_context":{"text":"Mini lecteur","link":"http:\/\/www.jojoenherbe.com\/index.php\/category\/mini-lecteur\/"},"img":{"alt_text":"","src":"https:\/\/i0.wp.com\/www.jojoenherbe.com\/wp-content\/uploads\/2019\/09\/La-provision-de-bisous-de-Zou.jpg?fit=863%2C1200&resize=350%2C200","width":350,"height":200,"srcset":"https:\/\/i0.wp.com\/www.jojoenherbe.com\/wp-content\/uploads\/2019\/09\/La-provision-de-bisous-de-Zou.jpg?fit=863%2C1200&resize=350%2C200 1x, https:\/\/i0.wp.com\/www.jojoenherbe.com\/wp-content\/uploads\/2019\/09\/La-provision-de-bisous-de-Zou.jpg?fit=863%2C1200&resize=525%2C300 1.5x, https:\/\/i0.wp.com\/www.jojoenherbe.com\/wp-content\/uploads\/2019\/09\/La-provision-de-bisous-de-Zou.jpg?fit=863%2C1200&resize=700%2C400 2x"},"classes":[]}],"_links":{"self":[{"href":"http:\/\/www.jojoenherbe.com\/index.php\/wp-json\/wp\/v2\/posts\/9673","targetHints":{"allow":["GET"]}}],"collection":[{"href":"http:\/\/www.jojoenherbe.com\/index.php\/wp-json\/wp\/v2\/posts"}],"about":[{"href":"http:\/\/www.jojoenherbe.com\/index.php\/wp-json\/wp\/v2\/types\/post"}],"author":[{"embeddable":true,"href":"http:\/\/www.jojoenherbe.com\/index.php\/wp-json\/wp\/v2\/users\/1"}],"replies":[{"embeddable":true,"href":"http:\/\/www.jojoenherbe.com\/index.php\/wp-json\/wp\/v2\/comments?post=9673"}],"version-history":[{"count":0,"href":"http:\/\/www.jojoenherbe.com\/index.php\/wp-json\/wp\/v2\/posts\/9673\/revisions"}],"wp:featuredmedia":[{"embeddable":true,"href":"http:\/\/www.jojoenherbe.com\/index.php\/wp-json\/wp\/v2\/media\/9676"}],"wp:attachment":[{"href":"http:\/\/www.jojoenherbe.com\/index.php\/wp-json\/wp\/v2\/media?parent=9673"}],"wp:term":[{"taxonomy":"category","embeddable":true,"href":"http:\/\/www.jojoenherbe.com\/index.php\/wp-json\/wp\/v2\/categories?post=9673"},{"taxonomy":"post_tag","embeddable":true,"href":"http:\/\/www.jojoenherbe.com\/index.php\/wp-json\/wp\/v2\/tags?post=9673"}],"curies":[{"name":"wp","href":"https:\/\/api.w.org\/{rel}","templated":true}]}}