{"id":9665,"date":"2020-01-17T11:09:25","date_gmt":"2020-01-17T10:09:25","guid":{"rendered":"http:\/\/www.jojoenherbe.com\/?p=9665"},"modified":"2023-09-12T14:22:14","modified_gmt":"2023-09-12T12:22:14","slug":"au-fil-des-pages-avec-cosette","status":"publish","type":"post","link":"http:\/\/www.jojoenherbe.com\/index.php\/2020\/01\/17\/au-fil-des-pages-avec-cosette\/","title":{"rendered":"Au fil des pages avec Cosette"},"content":{"rendered":"<p style=\"text-align: justify;\"><em><a href=\"https:\/\/i0.wp.com\/www.jojoenherbe.com\/wp-content\/uploads\/2020\/01\/Cosette-2.jpg\"><img data-recalc-dims=\"1\" loading=\"lazy\" decoding=\"async\" data-attachment-id=\"9668\" data-permalink=\"http:\/\/www.jojoenherbe.com\/index.php\/2020\/01\/17\/au-fil-des-pages-avec-cosette\/cosette-2\/\" data-orig-file=\"https:\/\/i0.wp.com\/www.jojoenherbe.com\/wp-content\/uploads\/2020\/01\/Cosette-2.jpg?fit=1440%2C1080\" data-orig-size=\"1440,1080\" data-comments-opened=\"1\" data-image-meta=\"{&quot;aperture&quot;:&quot;2.8&quot;,&quot;credit&quot;:&quot;&quot;,&quot;camera&quot;:&quot;DSC-HX400V&quot;,&quot;caption&quot;:&quot;&quot;,&quot;created_timestamp&quot;:&quot;1579258902&quot;,&quot;copyright&quot;:&quot;&quot;,&quot;focal_length&quot;:&quot;4.3&quot;,&quot;iso&quot;:&quot;800&quot;,&quot;shutter_speed&quot;:&quot;0.066666666666667&quot;,&quot;title&quot;:&quot;&quot;,&quot;orientation&quot;:&quot;1&quot;}\" data-image-title=\"Cosette 2\" data-image-description=\"\" data-image-caption=\"\" data-large-file=\"https:\/\/i0.wp.com\/www.jojoenherbe.com\/wp-content\/uploads\/2020\/01\/Cosette-2.jpg?fit=676%2C507\" class=\"alignleft size-thumbnail wp-image-9668\" src=\"https:\/\/i0.wp.com\/www.jojoenherbe.com\/wp-content\/uploads\/2020\/01\/Cosette-2.jpg?resize=150%2C150\" alt=\"\" width=\"150\" height=\"150\" srcset=\"https:\/\/i0.wp.com\/www.jojoenherbe.com\/wp-content\/uploads\/2020\/01\/Cosette-2.jpg?resize=150%2C150 150w, https:\/\/i0.wp.com\/www.jojoenherbe.com\/wp-content\/uploads\/2020\/01\/Cosette-2.jpg?zoom=2&amp;resize=150%2C150 300w, https:\/\/i0.wp.com\/www.jojoenherbe.com\/wp-content\/uploads\/2020\/01\/Cosette-2.jpg?zoom=3&amp;resize=150%2C150 450w\" sizes=\"auto, (max-width: 150px) 100vw, 150px\" \/><\/a> <a href=\"https:\/\/i0.wp.com\/www.jojoenherbe.com\/wp-content\/uploads\/2020\/01\/Cosette-4.jpg\"><img data-recalc-dims=\"1\" loading=\"lazy\" decoding=\"async\" data-attachment-id=\"9670\" data-permalink=\"http:\/\/www.jojoenherbe.com\/index.php\/2020\/01\/17\/au-fil-des-pages-avec-cosette\/cosette-4\/\" data-orig-file=\"https:\/\/i0.wp.com\/www.jojoenherbe.com\/wp-content\/uploads\/2020\/01\/Cosette-4.jpg?fit=1439%2C840\" data-orig-size=\"1439,840\" data-comments-opened=\"1\" data-image-meta=\"{&quot;aperture&quot;:&quot;2.8&quot;,&quot;credit&quot;:&quot;&quot;,&quot;camera&quot;:&quot;DSC-HX400V&quot;,&quot;caption&quot;:&quot;&quot;,&quot;created_timestamp&quot;:&quot;1579258882&quot;,&quot;copyright&quot;:&quot;&quot;,&quot;focal_length&quot;:&quot;4.3&quot;,&quot;iso&quot;:&quot;800&quot;,&quot;shutter_speed&quot;:&quot;0.076923076923077&quot;,&quot;title&quot;:&quot;&quot;,&quot;orientation&quot;:&quot;1&quot;}\" data-image-title=\"Cosette 4\" data-image-description=\"\" data-image-caption=\"\" data-large-file=\"https:\/\/i0.wp.com\/www.jojoenherbe.com\/wp-content\/uploads\/2020\/01\/Cosette-4.jpg?fit=676%2C395\" class=\"alignleft size-thumbnail wp-image-9670\" src=\"https:\/\/i0.wp.com\/www.jojoenherbe.com\/wp-content\/uploads\/2020\/01\/Cosette-4.jpg?resize=150%2C150\" alt=\"\" width=\"150\" height=\"150\" srcset=\"https:\/\/i0.wp.com\/www.jojoenherbe.com\/wp-content\/uploads\/2020\/01\/Cosette-4.jpg?resize=150%2C150 150w, https:\/\/i0.wp.com\/www.jojoenherbe.com\/wp-content\/uploads\/2020\/01\/Cosette-4.jpg?zoom=2&amp;resize=150%2C150 300w, https:\/\/i0.wp.com\/www.jojoenherbe.com\/wp-content\/uploads\/2020\/01\/Cosette-4.jpg?zoom=3&amp;resize=150%2C150 450w\" sizes=\"auto, (max-width: 150px) 100vw, 150px\" \/><\/a>J&rsquo;ai emprunt\u00e9 \u00e0 la m\u00e9diath\u00e8que <span style=\"text-decoration: underline;\">Cosette<\/span> d&rsquo;Olivier Desvaux, d&rsquo;apr\u00e8s Victor Hugo (\u00e9d. Belin Jeunesse, 2018, 51 pages), un album jeunesse \u00e0 partir de 8 ans qui permet aux jeunes lecteurs d&rsquo;acc\u00e9der dans une version abr\u00e9g\u00e9e et joliment illustr\u00e9e \u00e0 l\u2019\u0153uvre magistrale de Victor Hugo parue en 1862, <span style=\"text-decoration: underline;\">Les Mis\u00e9rables<\/span>. Dans cet album jeunesse, nous nous concentrons sur l&rsquo;enfance de Cosette, sa vie bien difficile et triste aupr\u00e8s des Th\u00e9nardier, ce couple vil et maltraitant tenant une auberge \u00e0 Montfermeil. La m\u00e8re de Cosette, Fantine, s&rsquo;est bien tromp\u00e9e en confiant aux \u00e9poux Th\u00e9nardier sa fille qui ont fait de cette derni\u00e8re leur servante. Le soir de No\u00ebl 1823, maltrait\u00e9e et \u00e2g\u00e9e de 8 ans, Cosette est envoy\u00e9e en pleine nuit, loin du village, pour aller chercher de l&rsquo;eau pour le cheval d&rsquo;un des clients de l&rsquo;auberge. Dans la nuit noire, elle est aid\u00e9e dans sa t\u00e2che par un homme inconnu et bienveillant, Jean Valjean. La vie de Cosette va-t-elle alors basculer avec cette rencontre? <\/em><\/p>\n<p style=\"text-align: justify;\"><em><a href=\"https:\/\/i0.wp.com\/www.jojoenherbe.com\/wp-content\/uploads\/2020\/01\/Cosette-3.jpg\"><img data-recalc-dims=\"1\" loading=\"lazy\" decoding=\"async\" data-attachment-id=\"9669\" data-permalink=\"http:\/\/www.jojoenherbe.com\/index.php\/2020\/01\/17\/au-fil-des-pages-avec-cosette\/cosette-3\/\" data-orig-file=\"https:\/\/i0.wp.com\/www.jojoenherbe.com\/wp-content\/uploads\/2020\/01\/Cosette-3.jpg?fit=1440%2C1080\" data-orig-size=\"1440,1080\" data-comments-opened=\"1\" data-image-meta=\"{&quot;aperture&quot;:&quot;2.8&quot;,&quot;credit&quot;:&quot;&quot;,&quot;camera&quot;:&quot;DSC-HX400V&quot;,&quot;caption&quot;:&quot;&quot;,&quot;created_timestamp&quot;:&quot;1579258861&quot;,&quot;copyright&quot;:&quot;&quot;,&quot;focal_length&quot;:&quot;4.3&quot;,&quot;iso&quot;:&quot;800&quot;,&quot;shutter_speed&quot;:&quot;0.04&quot;,&quot;title&quot;:&quot;&quot;,&quot;orientation&quot;:&quot;1&quot;}\" data-image-title=\"Cosette 3\" data-image-description=\"\" data-image-caption=\"\" data-large-file=\"https:\/\/i0.wp.com\/www.jojoenherbe.com\/wp-content\/uploads\/2020\/01\/Cosette-3.jpg?fit=676%2C507\" class=\"size-thumbnail wp-image-9669 alignright\" src=\"https:\/\/i0.wp.com\/www.jojoenherbe.com\/wp-content\/uploads\/2020\/01\/Cosette-3.jpg?resize=150%2C150\" alt=\"\" width=\"150\" height=\"150\" srcset=\"https:\/\/i0.wp.com\/www.jojoenherbe.com\/wp-content\/uploads\/2020\/01\/Cosette-3.jpg?resize=150%2C150 150w, https:\/\/i0.wp.com\/www.jojoenherbe.com\/wp-content\/uploads\/2020\/01\/Cosette-3.jpg?zoom=2&amp;resize=150%2C150 300w, https:\/\/i0.wp.com\/www.jojoenherbe.com\/wp-content\/uploads\/2020\/01\/Cosette-3.jpg?zoom=3&amp;resize=150%2C150 450w\" sizes=\"auto, (max-width: 150px) 100vw, 150px\" \/><\/a>Je retrouve avec grand plaisir le beau et \u00e9mouvant texte de Victor Hugo. Les superbes illustrations d&rsquo;Olivier Desvaux ne sont pas en reste non plus, \u00e0 l&rsquo;instar de la couverture de l&rsquo;album qui m&rsquo;a imm\u00e9diatement attir\u00e9e. L&rsquo;illustrateur joue avec les ombres et la lumi\u00e8re, d\u00e9crivant tr\u00e8s bien par exemple les postures terroris\u00e9es de Cosette. Coup de c\u0153ur pour cet album jeunesse \u00e0 mettre entre les mains de jeunes lecteurs avertis!<\/em><\/p>\n<div id=\"attachment_37710\" style=\"width: 149px\" class=\"wp-caption alignleft\"><img data-recalc-dims=\"1\" loading=\"lazy\" decoding=\"async\" aria-describedby=\"caption-attachment-37710\" class=\"wp-image-37710\" src=\"https:\/\/i0.wp.com\/delivrer-des-livres.fr\/wp-content\/uploads\/2020\/01\/Logo-Challenge-Classique-2020bis-300x225.jpg?resize=139%2C104&#038;ssl=1\" sizes=\"auto, (max-width: 300px) 100vw, 300px\" srcset=\"https:\/\/delivrer-des-livres.fr\/wp-content\/uploads\/2020\/01\/Logo-Challenge-Classique-2020bis-300x225.jpg 300w, https:\/\/delivrer-des-livres.fr\/wp-content\/uploads\/2020\/01\/Logo-Challenge-Classique-2020bis-150x113.jpg 150w, https:\/\/delivrer-des-livres.fr\/wp-content\/uploads\/2020\/01\/Logo-Challenge-Classique-2020bis-410x308.jpg 410w, https:\/\/delivrer-des-livres.fr\/wp-content\/uploads\/2020\/01\/Logo-Challenge-Classique-2020bis.jpg 453w\" alt=\"ann\u00e9e\" width=\"139\" height=\"104\" \/><p id=\"caption-attachment-37710\" class=\"wp-caption-text\">Participation #1 au Challenge \u00ab\u00a0Cette ann\u00e9e, je (re)lis des classiques\u00a0\u00bb de <a href=\"https:\/\/delivrer-des-livres.fr\/challenge-classiques-3eme-annee\/\">Nathalie<\/a> et <a href=\"http:\/\/vivrelivre19.over-blog.com\/2020\/01\/challenge-cette-annee-je-re-lis-des-classiques-2020.html\">Blandine<\/a> #aventure\/qu\u00eate initiatique<\/p><\/div>\n<p style=\"text-align: justify;\"><em>Avec cet album jeunesse, je participe pour la premi\u00e8re fois au Challenge \u00ab\u00a0Cette ann\u00e9e, je (re)lis des classiques\u00a0\u00bb organis\u00e9 par <a href=\"https:\/\/delivrer-des-livres.fr\/challenge-classiques-3eme-annee\/\">Nathalie<\/a> et <a href=\"http:\/\/vivrelivre19.over-blog.com\/2020\/01\/challenge-cette-annee-je-re-lis-des-classiques-2020.html\">Blandine<\/a>. Je vais tenter d&rsquo;en lire 6 cette ann\u00e9e en visant le niveau \u00ab\u00a0Je deviens accro\u00a0\u00bb. Pour plus d\u2019infos, n\u2019h\u00e9sitez pas \u00e0 aller sur leur blog.<br \/>\n<\/em><\/p>\n<div style=\"width: 127px\" class=\"wp-caption alignleft\"><img data-recalc-dims=\"1\" loading=\"lazy\" decoding=\"async\" class=\"\" src=\"https:\/\/i0.wp.com\/delivrer-des-livres.fr\/wp-content\/uploads\/2019\/05\/logoalbums2019.png?resize=117%2C117\" alt=\"\" width=\"117\" height=\"117\" \/><p class=\"wp-caption-text\">Participation #130 <a href=\"http:\/\/delivrer-des-livres.fr\/challenge-albums-2019\/\">Je lis aussi des albums<\/a><\/p><\/div>\n<div style=\"width: 132px\" class=\"wp-caption alignleft\"><img loading=\"lazy\" decoding=\"async\" class=\"\" src=\"https:\/\/lh3.googleusercontent.com\/yeyHsyE8ePB9xQx2t9obPo4nIUGeuGsS-P1wwGiEip3f9lcFED23VkM1Pr5hYoy4puCex2GzVOyZNHjl5qeUnhImyiKFqwfTaONmF_HEc7SEvgxhr1eZXuJ6zzg9JfEY4XADWBPBCxMLePs3HiWfgCjRFVaAIkiQhaX8RGfOMzZhoMNQUFFuWlglQGRva5RIkSFvo7nk3yMWVz4PgUXBK3Uof2Hf073K4C6YvQC1u6gRN2BCr4tNyqitAlYfULcqVlua9UK9L5kLVOZWs2-xrAzDf1K3rxU8pxE6Fdm1EI8_YbPW09CsTNa9CW1z0lvieJ6Ify6BbltA9XBnOC99XwB4E833hDdb9KWRbKTb8bwsVGIAFF1x2JkOCAWTkq3OtXJmlgaccySEr2PvCr9rzIA4GtrzB04GpU7RNPlnkfNDjtPoy6UR5nf5SD-RQvfrkHaKDQocAHpi1MoHr0bWF4h3F08r5y_TM01DqKXAgeInHehhuxNBZ4LGs7Emk2ol6RPfVd4UEj0916JVKRknXSsSbJG_50ptPlCGTOdHDTOUMc6x63Wp68_DnNhG9qn5FPKuDHhZvC008a4nifQFWuKVT6HvqNgW-LcvXb0wnjbSwgS8qwHb3LtHJj3uAe971aQRDPkS146UchPgCLNczeUje4Y3YFpuV4P1KYu67RSdAOITJNzzSRO2Dycc1PCqSdc7IoPwLu0-aT-FJ0m-KvlkUQLXoamPhl2WKbODyZSfc5ZT=w285-h217-no\" alt=\"\" width=\"122\" height=\"93\" \/><p class=\"wp-caption-text\"><a href=\"https:\/\/ennalit.wordpress.com\/2019\/12\/01\/challenge-petit-bac-2020-qui-veut-jouer\/\">Challenge Petit Bac d&rsquo;Enna<\/a> #2 Cat\u00e9gorie Pr\u00e9nom: \u00ab\u00a0Cosette\u00a0\u00bb<\/p><\/div>\n","protected":false},"excerpt":{"rendered":"<p>J&rsquo;ai emprunt\u00e9 \u00e0 la m\u00e9diath\u00e8que Cosette d&rsquo;Olivier Desvaux, d&rsquo;apr\u00e8s Victor Hugo (\u00e9d. Belin Jeunesse, 2018, 51 pages), un album jeunesse \u00e0 partir de 8 ans qui permet aux jeunes lecteurs d&rsquo;acc\u00e9der dans une version abr\u00e9g\u00e9e et joliment illustr\u00e9e \u00e0 l\u2019\u0153uvre magistrale de Victor Hugo parue en 1862, Les Mis\u00e9rables. Dans cet album jeunesse, nous nous [&hellip;]<\/p>\n","protected":false},"author":1,"featured_media":9671,"comment_status":"open","ping_status":"open","sticky":false,"template":"","format":"standard","meta":{"jetpack_post_was_ever_published":false,"_jetpack_newsletter_access":"","_jetpack_dont_email_post_to_subs":false,"_jetpack_newsletter_tier_id":0,"_jetpack_memberships_contains_paywalled_content":false,"_jetpack_memberships_contains_paid_content":false,"footnotes":""},"categories":[363],"tags":[852,409,1351,1352,901,868,620,1350,367,1172,1171,1169,1168],"class_list":["post-9665","post","type-post","status-publish","format-standard","has-post-thumbnail","hentry","category-mini-lecteur","tag-9-12-ans","tag-albums-jeunesse","tag-cette-annee-je-relis-des-classiques-2020","tag-challenge-petit-bac-2020","tag-courage","tag-enfance","tag-fille","tag-je-lis-aussi-des-albums-2019","tag-lecture-jeunesse","tag-livres-classiques","tag-maltraitance","tag-olivier-desvaux","tag-victor-hugo","post-preview"],"jetpack_featured_media_url":"https:\/\/i0.wp.com\/www.jojoenherbe.com\/wp-content\/uploads\/2020\/01\/Cosette-scaled.jpg?fit=2560%2C2103","jetpack_sharing_enabled":true,"jetpack_shortlink":"https:\/\/wp.me\/p9zhGx-2vT","jetpack_likes_enabled":true,"jetpack-related-posts":[{"id":11300,"url":"http:\/\/www.jojoenherbe.com\/index.php\/2020\/06\/22\/au-fil-des-pages-avec-le-prince-dragon\/","url_meta":{"origin":9665,"position":0},"title":"Au fil des pages avec Le prince dragon","author":"Jojo","date":"22 juin 2020","format":false,"excerpt":"J'emprunte \u00e0 la m\u00e9diath\u00e8que Le prince dragon de Marie Diaz et d'Olivier Desvaux (\u00e9d. Belin Jeunesse, 2014), un album jeunesse grand format \u00e0 partir de 7\/8 ans et d'apr\u00e8s un conte traditionnel scandinave. Dans un royaume du Nord, au temps des dragons, une roi et une reine d\u00e9sesp\u00e8rent de ne\u2026","rel":"","context":"Dans &quot;Mini lecteur&quot;","block_context":{"text":"Mini lecteur","link":"http:\/\/www.jojoenherbe.com\/index.php\/category\/mini-lecteur\/"},"img":{"alt_text":"","src":"https:\/\/i0.wp.com\/www.jojoenherbe.com\/wp-content\/uploads\/2020\/06\/Le-prince-dragon-scaled.jpg?fit=1200%2C1185&resize=350%2C200","width":350,"height":200,"srcset":"https:\/\/i0.wp.com\/www.jojoenherbe.com\/wp-content\/uploads\/2020\/06\/Le-prince-dragon-scaled.jpg?fit=1200%2C1185&resize=350%2C200 1x, https:\/\/i0.wp.com\/www.jojoenherbe.com\/wp-content\/uploads\/2020\/06\/Le-prince-dragon-scaled.jpg?fit=1200%2C1185&resize=525%2C300 1.5x, https:\/\/i0.wp.com\/www.jojoenherbe.com\/wp-content\/uploads\/2020\/06\/Le-prince-dragon-scaled.jpg?fit=1200%2C1185&resize=700%2C400 2x, https:\/\/i0.wp.com\/www.jojoenherbe.com\/wp-content\/uploads\/2020\/06\/Le-prince-dragon-scaled.jpg?fit=1200%2C1185&resize=1050%2C600 3x"},"classes":[]},{"id":8873,"url":"http:\/\/www.jojoenherbe.com\/index.php\/2019\/12\/11\/au-fil-des-pages-avec-lulu-lagneau-qui-nen-faisait-qua-sa-tete\/","url_meta":{"origin":9665,"position":1},"title":"Au fil des pages avec Lulu l&rsquo;agneau qui n&rsquo;en faisait qu&rsquo;\u00e0 sa t\u00eate","author":"Jojo","date":"11 d\u00e9cembre 2019","format":false,"excerpt":"Nous empruntons \u00e0 la biblioth\u00e8que Lulu l'agneau qui n'en faisait qu'\u00e0 sa t\u00eate de Sylvain Victor (\u00e9d. Thierry Magnier, 2019), un album jeunesse rigolo \u00e0 partir de 3 ans. D\u00e9laiss\u00e9 par ses parents, Brigitte et Michel, trop occup\u00e9s \u00e0 manger des framboises, Lulu l'agneau part, seul, \u00e0 l'aventure. Aussi ent\u00eat\u00e9\u2026","rel":"","context":"Dans &quot;Mini lecteur&quot;","block_context":{"text":"Mini lecteur","link":"http:\/\/www.jojoenherbe.com\/index.php\/category\/mini-lecteur\/"},"img":{"alt_text":"","src":"https:\/\/i0.wp.com\/www.jojoenherbe.com\/wp-content\/uploads\/2019\/12\/Lulu-nen-fait-qu%C3%A0-sa-t%C3%AAte-scaled.jpg?fit=1200%2C863&resize=350%2C200","width":350,"height":200,"srcset":"https:\/\/i0.wp.com\/www.jojoenherbe.com\/wp-content\/uploads\/2019\/12\/Lulu-nen-fait-qu%C3%A0-sa-t%C3%AAte-scaled.jpg?fit=1200%2C863&resize=350%2C200 1x, https:\/\/i0.wp.com\/www.jojoenherbe.com\/wp-content\/uploads\/2019\/12\/Lulu-nen-fait-qu%C3%A0-sa-t%C3%AAte-scaled.jpg?fit=1200%2C863&resize=525%2C300 1.5x, https:\/\/i0.wp.com\/www.jojoenherbe.com\/wp-content\/uploads\/2019\/12\/Lulu-nen-fait-qu%C3%A0-sa-t%C3%AAte-scaled.jpg?fit=1200%2C863&resize=700%2C400 2x, https:\/\/i0.wp.com\/www.jojoenherbe.com\/wp-content\/uploads\/2019\/12\/Lulu-nen-fait-qu%C3%A0-sa-t%C3%AAte-scaled.jpg?fit=1200%2C863&resize=1050%2C600 3x"},"classes":[]},{"id":9922,"url":"http:\/\/www.jojoenherbe.com\/index.php\/2020\/02\/07\/au-fil-des-pages-avec-oliver-twist\/","url_meta":{"origin":9665,"position":2},"title":"Au fil des pages avec Oliver Twist","author":"Jojo","date":"7 f\u00e9vrier 2020","format":false,"excerpt":"J'emprunte \u00e0 la biblioth\u00e8que Oliver Twist de Juliette Saumande et Daniela Volpari, d'apr\u00e8s Charles Dickens (\u00e9d. Auzou, 2012), un album jeunesse adapt\u00e9 pour les plus jeunes lecteurs \u00e0 partir de 7 ans selon l'\u00e9diteur. Cet album jeunesse grand format est tr\u00e8s joliment illustr\u00e9 et reprend les moments importants et les\u2026","rel":"","context":"Dans &quot;Mini lecteur&quot;","block_context":{"text":"Mini lecteur","link":"http:\/\/www.jojoenherbe.com\/index.php\/category\/mini-lecteur\/"},"img":{"alt_text":"","src":"https:\/\/i0.wp.com\/www.jojoenherbe.com\/wp-content\/uploads\/2020\/02\/Oliver-Twist-scaled.jpg?fit=1200%2C1044&resize=350%2C200","width":350,"height":200,"srcset":"https:\/\/i0.wp.com\/www.jojoenherbe.com\/wp-content\/uploads\/2020\/02\/Oliver-Twist-scaled.jpg?fit=1200%2C1044&resize=350%2C200 1x, https:\/\/i0.wp.com\/www.jojoenherbe.com\/wp-content\/uploads\/2020\/02\/Oliver-Twist-scaled.jpg?fit=1200%2C1044&resize=525%2C300 1.5x, https:\/\/i0.wp.com\/www.jojoenherbe.com\/wp-content\/uploads\/2020\/02\/Oliver-Twist-scaled.jpg?fit=1200%2C1044&resize=700%2C400 2x, https:\/\/i0.wp.com\/www.jojoenherbe.com\/wp-content\/uploads\/2020\/02\/Oliver-Twist-scaled.jpg?fit=1200%2C1044&resize=1050%2C600 3x"},"classes":[]},{"id":12074,"url":"http:\/\/www.jojoenherbe.com\/index.php\/2020\/09\/03\/au-fil-des-pages-avec-pierre-et-le-loup\/","url_meta":{"origin":9665,"position":3},"title":"Au fil des pages avec Pierre et le loup","author":"Jojo","date":"3 septembre 2020","format":false,"excerpt":"Nous empruntons pendant l'\u00e9t\u00e9 \u00e0 la m\u00e9diath\u00e8que Pierre et le loup de Sergue\u00ef Prokofiev, illustr\u00e9 par Olivier Tallec et racont\u00e9 par Bernard Giraudeau et avec l'Orchestre National de France (\u00e9d. Gallimard Jeunesse, coll. \"les albums musique\", 2019), un album jeunesse \u00e0 partir de 4 ans et accompagn\u00e9 d'un CD. Comme\u2026","rel":"","context":"Dans &quot;Mini lecteur&quot;","block_context":{"text":"Mini lecteur","link":"http:\/\/www.jojoenherbe.com\/index.php\/category\/mini-lecteur\/"},"img":{"alt_text":"","src":"https:\/\/i0.wp.com\/www.jojoenherbe.com\/wp-content\/uploads\/2020\/09\/Pierre-et-le-loup-scaled.jpg?fit=1200%2C900&resize=350%2C200","width":350,"height":200,"srcset":"https:\/\/i0.wp.com\/www.jojoenherbe.com\/wp-content\/uploads\/2020\/09\/Pierre-et-le-loup-scaled.jpg?fit=1200%2C900&resize=350%2C200 1x, https:\/\/i0.wp.com\/www.jojoenherbe.com\/wp-content\/uploads\/2020\/09\/Pierre-et-le-loup-scaled.jpg?fit=1200%2C900&resize=525%2C300 1.5x, https:\/\/i0.wp.com\/www.jojoenherbe.com\/wp-content\/uploads\/2020\/09\/Pierre-et-le-loup-scaled.jpg?fit=1200%2C900&resize=700%2C400 2x, https:\/\/i0.wp.com\/www.jojoenherbe.com\/wp-content\/uploads\/2020\/09\/Pierre-et-le-loup-scaled.jpg?fit=1200%2C900&resize=1050%2C600 3x"},"classes":[]},{"id":9503,"url":"http:\/\/www.jojoenherbe.com\/index.php\/2020\/01\/09\/au-fil-des-pages-avec-la-galette-des-rois\/","url_meta":{"origin":9665,"position":4},"title":"Au fil des pages avec la galette des rois","author":"Jojo","date":"9 janvier 2020","format":false,"excerpt":"Cette ann\u00e9e, nous rajoutons dans nos lectures deux albums jeunesse sur le th\u00e8me de la galette des rois, apr\u00e8s avoir relu les trois ressortis de notre biblioth\u00e8que: P'tit Loup est le roi de la galette, Loup Gouloup et la lune et Petit Lapin Blanc et la galette des rois. Ces\u2026","rel":"","context":"Dans &quot;Mini lecteur&quot;","block_context":{"text":"Mini lecteur","link":"http:\/\/www.jojoenherbe.com\/index.php\/category\/mini-lecteur\/"},"img":{"alt_text":"","src":"https:\/\/i0.wp.com\/www.jojoenherbe.com\/wp-content\/uploads\/2020\/01\/Albums-jeunesse-Galette-des-rois-3-scaled.jpg?fit=1200%2C853&resize=350%2C200","width":350,"height":200,"srcset":"https:\/\/i0.wp.com\/www.jojoenherbe.com\/wp-content\/uploads\/2020\/01\/Albums-jeunesse-Galette-des-rois-3-scaled.jpg?fit=1200%2C853&resize=350%2C200 1x, https:\/\/i0.wp.com\/www.jojoenherbe.com\/wp-content\/uploads\/2020\/01\/Albums-jeunesse-Galette-des-rois-3-scaled.jpg?fit=1200%2C853&resize=525%2C300 1.5x, https:\/\/i0.wp.com\/www.jojoenherbe.com\/wp-content\/uploads\/2020\/01\/Albums-jeunesse-Galette-des-rois-3-scaled.jpg?fit=1200%2C853&resize=700%2C400 2x, https:\/\/i0.wp.com\/www.jojoenherbe.com\/wp-content\/uploads\/2020\/01\/Albums-jeunesse-Galette-des-rois-3-scaled.jpg?fit=1200%2C853&resize=1050%2C600 3x"},"classes":[]},{"id":14546,"url":"http:\/\/www.jojoenherbe.com\/index.php\/2020\/12\/28\/au-fil-des-pages-avec-les-trois-boucs\/","url_meta":{"origin":9665,"position":5},"title":"Au fil des pages avec Les trois boucs","author":"Jojo","date":"28 d\u00e9cembre 2020","format":false,"excerpt":"Apr\u00e8s avoir lu Il n\u2019y a pas de dragon dans cette histoire de Lou Carter et Deborah Allwright, nous voulions en savoir plus sur un des contes repris dans l'histoire et que nous ne connaissions pas, \u00e0 savoir Les trois boucs bourrus, un conte norv\u00e9gien paru en 1843 dans Contes\u2026","rel":"","context":"Dans &quot;Mini lecteur&quot;","block_context":{"text":"Mini lecteur","link":"http:\/\/www.jojoenherbe.com\/index.php\/category\/mini-lecteur\/"},"img":{"alt_text":"","src":"https:\/\/i0.wp.com\/www.jojoenherbe.com\/wp-content\/uploads\/2020\/12\/Les-trois-boucs-scaled.jpg?fit=1200%2C900&resize=350%2C200","width":350,"height":200,"srcset":"https:\/\/i0.wp.com\/www.jojoenherbe.com\/wp-content\/uploads\/2020\/12\/Les-trois-boucs-scaled.jpg?fit=1200%2C900&resize=350%2C200 1x, https:\/\/i0.wp.com\/www.jojoenherbe.com\/wp-content\/uploads\/2020\/12\/Les-trois-boucs-scaled.jpg?fit=1200%2C900&resize=525%2C300 1.5x, https:\/\/i0.wp.com\/www.jojoenherbe.com\/wp-content\/uploads\/2020\/12\/Les-trois-boucs-scaled.jpg?fit=1200%2C900&resize=700%2C400 2x, https:\/\/i0.wp.com\/www.jojoenherbe.com\/wp-content\/uploads\/2020\/12\/Les-trois-boucs-scaled.jpg?fit=1200%2C900&resize=1050%2C600 3x"},"classes":[]}],"_links":{"self":[{"href":"http:\/\/www.jojoenherbe.com\/index.php\/wp-json\/wp\/v2\/posts\/9665","targetHints":{"allow":["GET"]}}],"collection":[{"href":"http:\/\/www.jojoenherbe.com\/index.php\/wp-json\/wp\/v2\/posts"}],"about":[{"href":"http:\/\/www.jojoenherbe.com\/index.php\/wp-json\/wp\/v2\/types\/post"}],"author":[{"embeddable":true,"href":"http:\/\/www.jojoenherbe.com\/index.php\/wp-json\/wp\/v2\/users\/1"}],"replies":[{"embeddable":true,"href":"http:\/\/www.jojoenherbe.com\/index.php\/wp-json\/wp\/v2\/comments?post=9665"}],"version-history":[{"count":4,"href":"http:\/\/www.jojoenherbe.com\/index.php\/wp-json\/wp\/v2\/posts\/9665\/revisions"}],"predecessor-version":[{"id":31917,"href":"http:\/\/www.jojoenherbe.com\/index.php\/wp-json\/wp\/v2\/posts\/9665\/revisions\/31917"}],"wp:featuredmedia":[{"embeddable":true,"href":"http:\/\/www.jojoenherbe.com\/index.php\/wp-json\/wp\/v2\/media\/9671"}],"wp:attachment":[{"href":"http:\/\/www.jojoenherbe.com\/index.php\/wp-json\/wp\/v2\/media?parent=9665"}],"wp:term":[{"taxonomy":"category","embeddable":true,"href":"http:\/\/www.jojoenherbe.com\/index.php\/wp-json\/wp\/v2\/categories?post=9665"},{"taxonomy":"post_tag","embeddable":true,"href":"http:\/\/www.jojoenherbe.com\/index.php\/wp-json\/wp\/v2\/tags?post=9665"}],"curies":[{"name":"wp","href":"https:\/\/api.w.org\/{rel}","templated":true}]}}