{"id":9604,"date":"2020-01-15T11:36:47","date_gmt":"2020-01-15T10:36:47","guid":{"rendered":"http:\/\/www.jojoenherbe.com\/?p=9604"},"modified":"2021-07-05T09:52:49","modified_gmt":"2021-07-05T07:52:49","slug":"au-fil-des-pages-avec-la-maison-des-amis","status":"publish","type":"post","link":"http:\/\/www.jojoenherbe.com\/index.php\/2020\/01\/15\/au-fil-des-pages-avec-la-maison-des-amis\/","title":{"rendered":"Au fil des pages avec La maison des amis"},"content":{"rendered":"<p style=\"text-align: justify;\"><em><a href=\"https:\/\/i0.wp.com\/www.jojoenherbe.com\/wp-content\/uploads\/2020\/01\/La-maison-des-amis-2-scaled.jpg\"><img data-recalc-dims=\"1\" loading=\"lazy\" decoding=\"async\" data-attachment-id=\"9612\" data-permalink=\"http:\/\/www.jojoenherbe.com\/index.php\/2020\/01\/15\/au-fil-des-pages-avec-la-maison-des-amis\/la-maison-des-amis-2\/\" data-orig-file=\"https:\/\/i0.wp.com\/www.jojoenherbe.com\/wp-content\/uploads\/2020\/01\/La-maison-des-amis-2-scaled.jpg?fit=2560%2C1325\" data-orig-size=\"2560,1325\" data-comments-opened=\"1\" data-image-meta=\"{&quot;aperture&quot;:&quot;2.4&quot;,&quot;credit&quot;:&quot;&quot;,&quot;camera&quot;:&quot;iPhone 4S&quot;,&quot;caption&quot;:&quot;&quot;,&quot;created_timestamp&quot;:&quot;1578835096&quot;,&quot;copyright&quot;:&quot;&quot;,&quot;focal_length&quot;:&quot;4.28&quot;,&quot;iso&quot;:&quot;50&quot;,&quot;shutter_speed&quot;:&quot;0.05&quot;,&quot;title&quot;:&quot;&quot;,&quot;orientation&quot;:&quot;1&quot;}\" data-image-title=\"La maison des amis 2\" data-image-description=\"\" data-image-caption=\"\" data-large-file=\"https:\/\/i0.wp.com\/www.jojoenherbe.com\/wp-content\/uploads\/2020\/01\/La-maison-des-amis-2-scaled.jpg?fit=676%2C350\" class=\"alignleft size-thumbnail wp-image-9612\" src=\"https:\/\/i0.wp.com\/www.jojoenherbe.com\/wp-content\/uploads\/2020\/01\/La-maison-des-amis-2.jpg?resize=150%2C150\" alt=\"\" width=\"150\" height=\"150\" srcset=\"https:\/\/i0.wp.com\/www.jojoenherbe.com\/wp-content\/uploads\/2020\/01\/La-maison-des-amis-2-scaled.jpg?resize=150%2C150 150w, https:\/\/i0.wp.com\/www.jojoenherbe.com\/wp-content\/uploads\/2020\/01\/La-maison-des-amis-2-scaled.jpg?zoom=2&amp;resize=150%2C150 300w, https:\/\/i0.wp.com\/www.jojoenherbe.com\/wp-content\/uploads\/2020\/01\/La-maison-des-amis-2-scaled.jpg?zoom=3&amp;resize=150%2C150 450w\" sizes=\"auto, (max-width: 150px) 100vw, 150px\" \/><\/a> <a href=\"https:\/\/i0.wp.com\/www.jojoenherbe.com\/wp-content\/uploads\/2020\/01\/La-maison-des-amis-3-scaled.jpg\"><img data-recalc-dims=\"1\" loading=\"lazy\" decoding=\"async\" data-attachment-id=\"9613\" data-permalink=\"http:\/\/www.jojoenherbe.com\/index.php\/2020\/01\/15\/au-fil-des-pages-avec-la-maison-des-amis\/la-maison-des-amis-3\/\" data-orig-file=\"https:\/\/i0.wp.com\/www.jojoenherbe.com\/wp-content\/uploads\/2020\/01\/La-maison-des-amis-3-scaled.jpg?fit=2560%2C1229\" data-orig-size=\"2560,1229\" data-comments-opened=\"1\" data-image-meta=\"{&quot;aperture&quot;:&quot;2.4&quot;,&quot;credit&quot;:&quot;&quot;,&quot;camera&quot;:&quot;iPhone 4S&quot;,&quot;caption&quot;:&quot;&quot;,&quot;created_timestamp&quot;:&quot;1578835113&quot;,&quot;copyright&quot;:&quot;&quot;,&quot;focal_length&quot;:&quot;4.28&quot;,&quot;iso&quot;:&quot;50&quot;,&quot;shutter_speed&quot;:&quot;0.041666666666667&quot;,&quot;title&quot;:&quot;&quot;,&quot;orientation&quot;:&quot;1&quot;}\" data-image-title=\"La maison des amis 3\" data-image-description=\"\" data-image-caption=\"\" data-large-file=\"https:\/\/i0.wp.com\/www.jojoenherbe.com\/wp-content\/uploads\/2020\/01\/La-maison-des-amis-3-scaled.jpg?fit=676%2C325\" class=\"alignleft size-thumbnail wp-image-9613\" src=\"https:\/\/i0.wp.com\/www.jojoenherbe.com\/wp-content\/uploads\/2020\/01\/La-maison-des-amis-3.jpg?resize=150%2C150\" alt=\"\" width=\"150\" height=\"150\" srcset=\"https:\/\/i0.wp.com\/www.jojoenherbe.com\/wp-content\/uploads\/2020\/01\/La-maison-des-amis-3-scaled.jpg?resize=150%2C150 150w, https:\/\/i0.wp.com\/www.jojoenherbe.com\/wp-content\/uploads\/2020\/01\/La-maison-des-amis-3-scaled.jpg?zoom=2&amp;resize=150%2C150 300w, https:\/\/i0.wp.com\/www.jojoenherbe.com\/wp-content\/uploads\/2020\/01\/La-maison-des-amis-3-scaled.jpg?zoom=3&amp;resize=150%2C150 450w\" sizes=\"auto, (max-width: 150px) 100vw, 150px\" \/><\/a>Nous lisons depuis plusieurs semaines r\u00e9guli\u00e8rement un album emprunt\u00e9 \u00e0 la m\u00e9diath\u00e8que et que nous avons fini par acheter, <span style=\"text-decoration: underline;\">La maison des amis<\/span> de Patricia Hegarty et Greg Abbott (\u00e9d. Larousse, 2017), un album jeunesse \u00e0 partir de 3 ans. Une petite souris d\u00e9cide de construire une maison pour accueillir tous les animaux de la for\u00eat qui le souhaitent et qui ont perdu leur habitat comme une grenouille dont la mare a \u00e9t\u00e9 ass\u00e9ch\u00e9e ou un ours solitaire malheureux. Le chantier de la maison commence alors dans la joie et la bonne humour, chacun participant avec entrain \u00e0 la construction. Ce nouvel abri accueillant sera-t-il fini \u00e0 temps pour se prot\u00e9ger du froid et de la pluie? <\/em><\/p>\n<p style=\"text-align: justify;\"><em>Les illustrations sont adorables avec plein de petits d\u00e9tails rendant ces animaux de la for\u00eat tr\u00e8s mignons et attachants. Rien n&rsquo;aurait \u00e9t\u00e9 possible s&rsquo; ils n&rsquo;avaient pas travailler ensemble. \u00a0Nous aurions bien eu envie de nous joindre \u00e0 eux. Une bien jolie histoire de vivre ensemble, d&rsquo;amiti\u00e9 et de solidarit\u00e9! Le texte tout en rimes invite \u00e0 la lecture \u00e0 haute voix. Coup de c\u0153ur pour cet album jeunesse dont les d\u00e9coupes apportent un petit plus dynamique!<br \/><\/em><\/p>\n<div style=\"width: 131px\" class=\"wp-caption alignleft\"><img data-recalc-dims=\"1\" loading=\"lazy\" decoding=\"async\" class=\"\" src=\"https:\/\/i0.wp.com\/delivrer-des-livres.fr\/wp-content\/uploads\/2019\/05\/logoalbums2019.png?resize=121%2C121\" alt=\"\" width=\"121\" height=\"121\" \/><p class=\"wp-caption-text\">Participation #128 <a href=\"http:\/\/delivrer-des-livres.fr\/challenge-albums-2019\/\">Je lis aussi des albums<\/a><\/p><\/div>\n<div style=\"width: 97px\" class=\"wp-caption alignleft\"><img data-recalc-dims=\"1\" loading=\"lazy\" decoding=\"async\" class=\"wp-caption-dt\" src=\"https:\/\/i0.wp.com\/2.bp.blogspot.com\/-TKBnABVnvwc\/Vx4rlxCGC1I\/AAAAAAAAL0o\/vWHf3kJJ_oQFnl5_LYs-AhwhkwyCAd2cgCPcBGAYYCw\/s200\/chut-les-enfants-lisent-logo-I.jpg?resize=87%2C157&#038;ssl=1\" alt=\"\" width=\"87\" height=\"157\" border=\"0\" data-original-height=\"386\" data-original-width=\"215\" \/><p class=\"wp-caption-text\">Participation #31 <a href=\"http:\/\/www.devinequivientbloguer.fr\/the-amazing-world-of-gumball-chut-les-enfants-lisent\/\">Devine qui vient Bloguer?<\/a><\/p><\/div>\n<div style=\"width: 136px\" class=\"wp-caption alignleft\"><img loading=\"lazy\" decoding=\"async\" class=\"\" src=\"https:\/\/lh3.googleusercontent.com\/yeyHsyE8ePB9xQx2t9obPo4nIUGeuGsS-P1wwGiEip3f9lcFED23VkM1Pr5hYoy4puCex2GzVOyZNHjl5qeUnhImyiKFqwfTaONmF_HEc7SEvgxhr1eZXuJ6zzg9JfEY4XADWBPBCxMLePs3HiWfgCjRFVaAIkiQhaX8RGfOMzZhoMNQUFFuWlglQGRva5RIkSFvo7nk3yMWVz4PgUXBK3Uof2Hf073K4C6YvQC1u6gRN2BCr4tNyqitAlYfULcqVlua9UK9L5kLVOZWs2-xrAzDf1K3rxU8pxE6Fdm1EI8_YbPW09CsTNa9CW1z0lvieJ6Ify6BbltA9XBnOC99XwB4E833hDdb9KWRbKTb8bwsVGIAFF1x2JkOCAWTkq3OtXJmlgaccySEr2PvCr9rzIA4GtrzB04GpU7RNPlnkfNDjtPoy6UR5nf5SD-RQvfrkHaKDQocAHpi1MoHr0bWF4h3F08r5y_TM01DqKXAgeInHehhuxNBZ4LGs7Emk2ol6RPfVd4UEj0916JVKRknXSsSbJG_50ptPlCGTOdHDTOUMc6x63Wp68_DnNhG9qn5FPKuDHhZvC008a4nifQFWuKVT6HvqNgW-LcvXb0wnjbSwgS8qwHb3LtHJj3uAe971aQRDPkS146UchPgCLNczeUje4Y3YFpuV4P1KYu67RSdAOITJNzzSRO2Dycc1PCqSdc7IoPwLu0-aT-FJ0m-KvlkUQLXoamPhl2WKbODyZSfc5ZT=w285-h217-no\" alt=\"\" width=\"126\" height=\"96\" \/><p class=\"wp-caption-text\"><a href=\"https:\/\/ennalit.wordpress.com\/2019\/12\/01\/challenge-petit-bac-2020-qui-veut-jouer\/\">Challenge Petit Bac d&rsquo;Enna<\/a> #1 Cat\u00e9gorie Mot au pluriel: \u00ab\u00a0Amis\u00a0\u00bb<\/p><\/div>\n\n\n<p><\/p>\n","protected":false},"excerpt":{"rendered":"<p>Nous lisons depuis plusieurs semaines r\u00e9guli\u00e8rement un album emprunt\u00e9 \u00e0 la m\u00e9diath\u00e8que et que nous avons fini par acheter, La maison des amis de Patricia Hegarty et Greg Abbott (\u00e9d. Larousse, 2017), un album jeunesse \u00e0 partir de 3 ans. Une petite souris d\u00e9cide de construire une maison pour accueillir tous les animaux de la [&hellip;]<\/p>\n","protected":false},"author":1,"featured_media":19639,"comment_status":"open","ping_status":"open","sticky":false,"template":"","format":"standard","meta":{"jetpack_post_was_ever_published":false,"_jetpack_newsletter_access":"","_jetpack_dont_email_post_to_subs":false,"_jetpack_newsletter_tier_id":0,"_jetpack_memberships_contains_paywalled_content":false,"_jetpack_memberships_contains_paid_content":false,"footnotes":""},"categories":[363],"tags":[785,998,409,808,1352,1119,1160,390,1277,2657,1350,367,1161,2656,388,495,448],"class_list":["post-9604","post","type-post","status-publish","format-standard","has-post-thumbnail","hentry","category-mini-lecteur","tag-3-6-ans","tag-abri","tag-albums-jeunesse","tag-animaux-de-la-foret","tag-challenge-petit-bac-2020","tag-chut-les-enfants-lisent","tag-construction","tag-entraide","tag-foret","tag-greg-abbott","tag-je-lis-aussi-des-albums-2019","tag-lecture-jeunesse","tag-maison","tag-patricia-hegarty","tag-solidarite","tag-souris","tag-vivre-ensemble","post-preview"],"jetpack_featured_media_url":"https:\/\/i0.wp.com\/www.jojoenherbe.com\/wp-content\/uploads\/2020\/01\/La-maison-des-amis-4-scaled.jpg?fit=2560%2C1920","jetpack_sharing_enabled":true,"jetpack_shortlink":"https:\/\/wp.me\/p9zhGx-2uU","jetpack_likes_enabled":true,"jetpack-related-posts":[{"id":20845,"url":"http:\/\/www.jojoenherbe.com\/index.php\/2021\/09\/22\/nos-lectures-automnales-2021\/","url_meta":{"origin":9604,"position":0},"title":"Nos lectures automnales 2021","author":"Jojo","date":"22 septembre 2021","format":false,"excerpt":"En ce premier jour d'automne 2021, je fais comme l'ann\u00e9e derni\u00e8re un billet th\u00e9matique sur nos lectures automnales pass\u00e9es, pr\u00e9sentes et \u00e0 venir. Voici donc notre s\u00e9lection qui \u00e9voluera au-fur-et-\u00e0-mesure de nos lectures, sans mentionner lorsqu'il s'agit de relectures des ann\u00e9es pr\u00e9c\u00e9dentes sauf lorsque je ne l'avais pas encore chroniqu\u00e9es\u2026","rel":"","context":"Dans &quot;Mini lecteur&quot;","block_context":{"text":"Mini lecteur","link":"http:\/\/www.jojoenherbe.com\/index.php\/category\/mini-lecteur\/"},"img":{"alt_text":"","src":"https:\/\/i0.wp.com\/www.jojoenherbe.com\/wp-content\/uploads\/2021\/09\/Nos-lectures-automnales-2021-scaled.jpg?fit=1200%2C862&resize=350%2C200","width":350,"height":200,"srcset":"https:\/\/i0.wp.com\/www.jojoenherbe.com\/wp-content\/uploads\/2021\/09\/Nos-lectures-automnales-2021-scaled.jpg?fit=1200%2C862&resize=350%2C200 1x, https:\/\/i0.wp.com\/www.jojoenherbe.com\/wp-content\/uploads\/2021\/09\/Nos-lectures-automnales-2021-scaled.jpg?fit=1200%2C862&resize=525%2C300 1.5x, https:\/\/i0.wp.com\/www.jojoenherbe.com\/wp-content\/uploads\/2021\/09\/Nos-lectures-automnales-2021-scaled.jpg?fit=1200%2C862&resize=700%2C400 2x, https:\/\/i0.wp.com\/www.jojoenherbe.com\/wp-content\/uploads\/2021\/09\/Nos-lectures-automnales-2021-scaled.jpg?fit=1200%2C862&resize=1050%2C600 3x"},"classes":[]},{"id":7789,"url":"http:\/\/www.jojoenherbe.com\/index.php\/2019\/10\/03\/au-fil-des-pages-avec-des-instruments-de-musique\/","url_meta":{"origin":9604,"position":1},"title":"Au fil des pages avec des instruments de musique","author":"Jojo","date":"3 octobre 2019","format":false,"excerpt":"Nous empruntons \u00e0 la biblioth\u00e8que deux albums jeunesse abordant le th\u00e8me de la musique et par suite des instruments de musique. Nous commen\u00e7ons par Le piano des bois de Kazuo Iwamura (\u00e9d. L'\u00e9cole des loisirs, 2006), un album jeunesse \u00e0 partir de 3 ans, et m\u00eame avant. Nous retrouvons toute\u2026","rel":"","context":"Dans &quot;Mini lecteur&quot;","block_context":{"text":"Mini lecteur","link":"http:\/\/www.jojoenherbe.com\/index.php\/category\/mini-lecteur\/"},"img":{"alt_text":"","src":"https:\/\/i0.wp.com\/www.jojoenherbe.com\/wp-content\/uploads\/2019\/10\/Le-piano-des-bois-Jaune-Kajou.jpg?fit=1200%2C724&resize=350%2C200","width":350,"height":200,"srcset":"https:\/\/i0.wp.com\/www.jojoenherbe.com\/wp-content\/uploads\/2019\/10\/Le-piano-des-bois-Jaune-Kajou.jpg?fit=1200%2C724&resize=350%2C200 1x, https:\/\/i0.wp.com\/www.jojoenherbe.com\/wp-content\/uploads\/2019\/10\/Le-piano-des-bois-Jaune-Kajou.jpg?fit=1200%2C724&resize=525%2C300 1.5x, https:\/\/i0.wp.com\/www.jojoenherbe.com\/wp-content\/uploads\/2019\/10\/Le-piano-des-bois-Jaune-Kajou.jpg?fit=1200%2C724&resize=700%2C400 2x, https:\/\/i0.wp.com\/www.jojoenherbe.com\/wp-content\/uploads\/2019\/10\/Le-piano-des-bois-Jaune-Kajou.jpg?fit=1200%2C724&resize=1050%2C600 3x"},"classes":[]},{"id":17903,"url":"http:\/\/www.jojoenherbe.com\/index.php\/2021\/04\/27\/au-fil-des-pages-avec-quest-ce-que-vous-faites-monsieur-larchitecte\/","url_meta":{"origin":9604,"position":2},"title":"Au fil des pages avec Qu&rsquo;est-ce que vous faites Monsieur l&rsquo;architecte?","author":"Jojo","date":"27 avril 2021","format":false,"excerpt":"Nous lisons Qu\u2019est-ce que vous faites Monsieur l\u2019architecte? de Kunihiko Aoyama (\u00e9d. Nobi! Nobi!, 2016), un album jeunesse \u00e0 partir de\u00a0 3 ans, un\u00a0 conte avec un vieux nain un peu bourru et architecte qui entreprend la construction d\u2019une maison avec un grand belv\u00e9d\u00e8re. Tr\u00e8s vite, les animaux de la\u2026","rel":"","context":"Dans &quot;Mini lecteur&quot;","block_context":{"text":"Mini lecteur","link":"http:\/\/www.jojoenherbe.com\/index.php\/category\/mini-lecteur\/"},"img":{"alt_text":"","src":"https:\/\/i0.wp.com\/www.jojoenherbe.com\/wp-content\/uploads\/2021\/04\/Quest-ce-que-vous-faites-Monsieur-larchitecte-scaled.jpg?fit=1200%2C900&resize=350%2C200","width":350,"height":200,"srcset":"https:\/\/i0.wp.com\/www.jojoenherbe.com\/wp-content\/uploads\/2021\/04\/Quest-ce-que-vous-faites-Monsieur-larchitecte-scaled.jpg?fit=1200%2C900&resize=350%2C200 1x, https:\/\/i0.wp.com\/www.jojoenherbe.com\/wp-content\/uploads\/2021\/04\/Quest-ce-que-vous-faites-Monsieur-larchitecte-scaled.jpg?fit=1200%2C900&resize=525%2C300 1.5x, https:\/\/i0.wp.com\/www.jojoenherbe.com\/wp-content\/uploads\/2021\/04\/Quest-ce-que-vous-faites-Monsieur-larchitecte-scaled.jpg?fit=1200%2C900&resize=700%2C400 2x, https:\/\/i0.wp.com\/www.jojoenherbe.com\/wp-content\/uploads\/2021\/04\/Quest-ce-que-vous-faites-Monsieur-larchitecte-scaled.jpg?fit=1200%2C900&resize=1050%2C600 3x"},"classes":[]},{"id":9137,"url":"http:\/\/www.jojoenherbe.com\/index.php\/2019\/12\/29\/au-fil-des-pages-avec-le-premier-noel-de-nina\/","url_meta":{"origin":9604,"position":3},"title":"Au fil des pages avec Le premier No\u00ebl de Nina","author":"Jojo","date":"29 d\u00e9cembre 2019","format":false,"excerpt":"Lors du premier RAT du Challenge Il \u00e9tait 7 fois No\u00ebl, nous avons relu Le premier No\u00ebl de Nina de Christine Leeson et Gaby Hansen (\u00e9d. Milan Jeunesse, 2003), un album jeunesse \u00e0 partir de 3 ans. Nina, une petite souris, f\u00eate son premier No\u00ebl et souhaite avoir un joli\u2026","rel":"","context":"Dans &quot;Mini lecteur&quot;","block_context":{"text":"Mini lecteur","link":"http:\/\/www.jojoenherbe.com\/index.php\/category\/mini-lecteur\/"},"img":{"alt_text":"","src":"https:\/\/i0.wp.com\/www.jojoenherbe.com\/wp-content\/uploads\/2019\/12\/Le-premier-Noel-de-Nina-scaled.jpg?fit=1200%2C900&resize=350%2C200","width":350,"height":200,"srcset":"https:\/\/i0.wp.com\/www.jojoenherbe.com\/wp-content\/uploads\/2019\/12\/Le-premier-Noel-de-Nina-scaled.jpg?fit=1200%2C900&resize=350%2C200 1x, https:\/\/i0.wp.com\/www.jojoenherbe.com\/wp-content\/uploads\/2019\/12\/Le-premier-Noel-de-Nina-scaled.jpg?fit=1200%2C900&resize=525%2C300 1.5x, https:\/\/i0.wp.com\/www.jojoenherbe.com\/wp-content\/uploads\/2019\/12\/Le-premier-Noel-de-Nina-scaled.jpg?fit=1200%2C900&resize=700%2C400 2x, https:\/\/i0.wp.com\/www.jojoenherbe.com\/wp-content\/uploads\/2019\/12\/Le-premier-Noel-de-Nina-scaled.jpg?fit=1200%2C900&resize=1050%2C600 3x"},"classes":[]},{"id":27989,"url":"http:\/\/www.jojoenherbe.com\/index.php\/2022\/10\/01\/au-fil-des-pages-avec-oups\/","url_meta":{"origin":9604,"position":4},"title":"Au fil des pages avec Oups!","author":"Jojo","date":"1 octobre 2022","format":false,"excerpt":"Nous lisons et relisons Oups! de Suzi Moore et Russell Ayto (\u00e9d. Kal\u00e9idoscope, diff. L\u2019\u00e9cole des loisirs, 2015), un album jeunesse \u00e0 partir de 3 ans. Trois amis \u2013 un chat, un chien et une souris \u2013 voudraient pouvoir retrouver leur \u00e9tat normal et produire les sons associ\u00e9s \u00e0 leur\u2026","rel":"","context":"Dans &quot;Mini lecteur&quot;","block_context":{"text":"Mini lecteur","link":"http:\/\/www.jojoenherbe.com\/index.php\/category\/mini-lecteur\/"},"img":{"alt_text":"","src":"https:\/\/i0.wp.com\/www.jojoenherbe.com\/wp-content\/uploads\/2022\/09\/Oups-scaled.jpg?fit=1200%2C811&resize=350%2C200","width":350,"height":200,"srcset":"https:\/\/i0.wp.com\/www.jojoenherbe.com\/wp-content\/uploads\/2022\/09\/Oups-scaled.jpg?fit=1200%2C811&resize=350%2C200 1x, https:\/\/i0.wp.com\/www.jojoenherbe.com\/wp-content\/uploads\/2022\/09\/Oups-scaled.jpg?fit=1200%2C811&resize=525%2C300 1.5x, https:\/\/i0.wp.com\/www.jojoenherbe.com\/wp-content\/uploads\/2022\/09\/Oups-scaled.jpg?fit=1200%2C811&resize=700%2C400 2x, https:\/\/i0.wp.com\/www.jojoenherbe.com\/wp-content\/uploads\/2022\/09\/Oups-scaled.jpg?fit=1200%2C811&resize=1050%2C600 3x"},"classes":[]},{"id":13983,"url":"http:\/\/www.jojoenherbe.com\/index.php\/2020\/11\/19\/au-fil-des-pages-avec-edmond-et-ses-amis-la-piece-secrete\/","url_meta":{"origin":9604,"position":5},"title":"Au fil des pages avec Edmond et ses amis, La pi\u00e8ce secr\u00e8te","author":"Jojo","date":"19 novembre 2020","format":false,"excerpt":"Nous lisons et relisons en ce moment la derni\u00e8re histoire parue d'Edmond et ses amis, La pi\u00e8ce secr\u00e8te d\u2019Astrid Desbordes et Marc Boutavant (\u00e9d. Nathan, 2020), un album jeunesse \u00e0 partir de 4 ans. En plein pr\u00e9paratif du concert des oiseaux et alors que le vent souffle dehors, Edmond l\u2019\u00e9cureuil\u2026","rel":"","context":"Dans &quot;Mini lecteur&quot;","block_context":{"text":"Mini lecteur","link":"http:\/\/www.jojoenherbe.com\/index.php\/category\/mini-lecteur\/"},"img":{"alt_text":"","src":"https:\/\/i0.wp.com\/www.jojoenherbe.com\/wp-content\/uploads\/2020\/11\/Edmond-et-ses-amis-La-piece-secrete-4-scaled.jpg?fit=1200%2C900&resize=350%2C200","width":350,"height":200,"srcset":"https:\/\/i0.wp.com\/www.jojoenherbe.com\/wp-content\/uploads\/2020\/11\/Edmond-et-ses-amis-La-piece-secrete-4-scaled.jpg?fit=1200%2C900&resize=350%2C200 1x, https:\/\/i0.wp.com\/www.jojoenherbe.com\/wp-content\/uploads\/2020\/11\/Edmond-et-ses-amis-La-piece-secrete-4-scaled.jpg?fit=1200%2C900&resize=525%2C300 1.5x, https:\/\/i0.wp.com\/www.jojoenherbe.com\/wp-content\/uploads\/2020\/11\/Edmond-et-ses-amis-La-piece-secrete-4-scaled.jpg?fit=1200%2C900&resize=700%2C400 2x, https:\/\/i0.wp.com\/www.jojoenherbe.com\/wp-content\/uploads\/2020\/11\/Edmond-et-ses-amis-La-piece-secrete-4-scaled.jpg?fit=1200%2C900&resize=1050%2C600 3x"},"classes":[]}],"_links":{"self":[{"href":"http:\/\/www.jojoenherbe.com\/index.php\/wp-json\/wp\/v2\/posts\/9604","targetHints":{"allow":["GET"]}}],"collection":[{"href":"http:\/\/www.jojoenherbe.com\/index.php\/wp-json\/wp\/v2\/posts"}],"about":[{"href":"http:\/\/www.jojoenherbe.com\/index.php\/wp-json\/wp\/v2\/types\/post"}],"author":[{"embeddable":true,"href":"http:\/\/www.jojoenherbe.com\/index.php\/wp-json\/wp\/v2\/users\/1"}],"replies":[{"embeddable":true,"href":"http:\/\/www.jojoenherbe.com\/index.php\/wp-json\/wp\/v2\/comments?post=9604"}],"version-history":[{"count":0,"href":"http:\/\/www.jojoenherbe.com\/index.php\/wp-json\/wp\/v2\/posts\/9604\/revisions"}],"wp:featuredmedia":[{"embeddable":true,"href":"http:\/\/www.jojoenherbe.com\/index.php\/wp-json\/wp\/v2\/media\/19639"}],"wp:attachment":[{"href":"http:\/\/www.jojoenherbe.com\/index.php\/wp-json\/wp\/v2\/media?parent=9604"}],"wp:term":[{"taxonomy":"category","embeddable":true,"href":"http:\/\/www.jojoenherbe.com\/index.php\/wp-json\/wp\/v2\/categories?post=9604"},{"taxonomy":"post_tag","embeddable":true,"href":"http:\/\/www.jojoenherbe.com\/index.php\/wp-json\/wp\/v2\/tags?post=9604"}],"curies":[{"name":"wp","href":"https:\/\/api.w.org\/{rel}","templated":true}]}}