{"id":9587,"date":"2020-01-14T14:49:45","date_gmt":"2020-01-14T13:49:45","guid":{"rendered":"http:\/\/www.jojoenherbe.com\/?p=9587"},"modified":"2020-01-14T14:49:45","modified_gmt":"2020-01-14T13:49:45","slug":"au-fil-des-pages-avec-quand","status":"publish","type":"post","link":"http:\/\/www.jojoenherbe.com\/index.php\/2020\/01\/14\/au-fil-des-pages-avec-quand\/","title":{"rendered":"Au fil des pages avec Quand&#8230;"},"content":{"rendered":"<p style=\"text-align: justify;\"><em><a href=\"https:\/\/i0.wp.com\/www.jojoenherbe.com\/wp-content\/uploads\/2020\/01\/Quand...-2-scaled.jpg\"><img data-recalc-dims=\"1\" loading=\"lazy\" decoding=\"async\" data-attachment-id=\"9588\" data-permalink=\"http:\/\/www.jojoenherbe.com\/index.php\/2020\/01\/14\/au-fil-des-pages-avec-quand\/quand-2\/\" data-orig-file=\"https:\/\/i0.wp.com\/www.jojoenherbe.com\/wp-content\/uploads\/2020\/01\/Quand...-2-scaled.jpg?fit=2560%2C1645\" data-orig-size=\"2560,1645\" data-comments-opened=\"1\" data-image-meta=\"{&quot;aperture&quot;:&quot;2.4&quot;,&quot;credit&quot;:&quot;&quot;,&quot;camera&quot;:&quot;iPhone 4S&quot;,&quot;caption&quot;:&quot;&quot;,&quot;created_timestamp&quot;:&quot;1578834816&quot;,&quot;copyright&quot;:&quot;&quot;,&quot;focal_length&quot;:&quot;4.28&quot;,&quot;iso&quot;:&quot;80&quot;,&quot;shutter_speed&quot;:&quot;0.05&quot;,&quot;title&quot;:&quot;&quot;,&quot;orientation&quot;:&quot;1&quot;}\" data-image-title=\"Quand&amp;#8230; 2\" data-image-description=\"\" data-image-caption=\"\" data-large-file=\"https:\/\/i0.wp.com\/www.jojoenherbe.com\/wp-content\/uploads\/2020\/01\/Quand...-2-scaled.jpg?fit=676%2C434\" class=\"alignleft wp-image-9588 size-thumbnail\" src=\"https:\/\/i0.wp.com\/www.jojoenherbe.com\/wp-content\/uploads\/2020\/01\/Quand...-2.jpg?resize=150%2C150\" alt=\"\" width=\"150\" height=\"150\" srcset=\"https:\/\/i0.wp.com\/www.jojoenherbe.com\/wp-content\/uploads\/2020\/01\/Quand...-2-scaled.jpg?resize=150%2C150 150w, https:\/\/i0.wp.com\/www.jojoenherbe.com\/wp-content\/uploads\/2020\/01\/Quand...-2-scaled.jpg?zoom=2&amp;resize=150%2C150 300w, https:\/\/i0.wp.com\/www.jojoenherbe.com\/wp-content\/uploads\/2020\/01\/Quand...-2-scaled.jpg?zoom=3&amp;resize=150%2C150 450w\" sizes=\"auto, (max-width: 150px) 100vw, 150px\" \/><\/a> <a href=\"https:\/\/i0.wp.com\/www.jojoenherbe.com\/wp-content\/uploads\/2020\/01\/Quand...-3-scaled.jpg\"><img data-recalc-dims=\"1\" loading=\"lazy\" decoding=\"async\" data-attachment-id=\"9589\" data-permalink=\"http:\/\/www.jojoenherbe.com\/index.php\/2020\/01\/14\/au-fil-des-pages-avec-quand\/quand-3\/\" data-orig-file=\"https:\/\/i0.wp.com\/www.jojoenherbe.com\/wp-content\/uploads\/2020\/01\/Quand...-3-scaled.jpg?fit=2560%2C1600\" data-orig-size=\"2560,1600\" data-comments-opened=\"1\" data-image-meta=\"{&quot;aperture&quot;:&quot;2.4&quot;,&quot;credit&quot;:&quot;&quot;,&quot;camera&quot;:&quot;iPhone 4S&quot;,&quot;caption&quot;:&quot;&quot;,&quot;created_timestamp&quot;:&quot;1578834840&quot;,&quot;copyright&quot;:&quot;&quot;,&quot;focal_length&quot;:&quot;4.28&quot;,&quot;iso&quot;:&quot;50&quot;,&quot;shutter_speed&quot;:&quot;0.033333333333333&quot;,&quot;title&quot;:&quot;&quot;,&quot;orientation&quot;:&quot;1&quot;}\" data-image-title=\"Quand&amp;#8230; 3\" data-image-description=\"\" data-image-caption=\"\" data-large-file=\"https:\/\/i0.wp.com\/www.jojoenherbe.com\/wp-content\/uploads\/2020\/01\/Quand...-3-scaled.jpg?fit=676%2C423\" class=\"alignleft wp-image-9589 size-thumbnail\" src=\"https:\/\/i0.wp.com\/www.jojoenherbe.com\/wp-content\/uploads\/2020\/01\/Quand...-3.jpg?resize=150%2C150\" alt=\"\" width=\"150\" height=\"150\" srcset=\"https:\/\/i0.wp.com\/www.jojoenherbe.com\/wp-content\/uploads\/2020\/01\/Quand...-3-scaled.jpg?resize=150%2C150 150w, https:\/\/i0.wp.com\/www.jojoenherbe.com\/wp-content\/uploads\/2020\/01\/Quand...-3-scaled.jpg?zoom=2&amp;resize=150%2C150 300w, https:\/\/i0.wp.com\/www.jojoenherbe.com\/wp-content\/uploads\/2020\/01\/Quand...-3-scaled.jpg?zoom=3&amp;resize=150%2C150 450w\" sizes=\"auto, (max-width: 150px) 100vw, 150px\" \/><\/a>Nous empruntons \u00e0 la biblioth\u00e8que <span style=\"text-decoration: underline;\">Quand&#8230;<\/span> d&rsquo;Emma Dodd (\u00e9d. Albin Michel Jeunesse, 2007), un album jeunesse pour les tout-petits. Comme indiqu\u00e9 sur la quatri\u00e8me de couverture, c&rsquo;est l&rsquo;histoire d&rsquo;un petit ours qui partage avec sa m\u00e8re ses r\u00eaves d&rsquo;avenir. Il s&rsquo;imagine quand il sera grand. Que de tendresse et de po\u00e9sie dans cette album au texte court mais aux tr\u00e8s jolies illustrations! Cet album jeunesse peut \u00eatre une adorable id\u00e9e de cadeau pour une naissance. Un tr\u00e8s bon moment de lecture partag\u00e9e!<br \/>\n<\/em><\/p>\n<div style=\"width: 155px\" class=\"wp-caption aligncenter\"><img data-recalc-dims=\"1\" loading=\"lazy\" decoding=\"async\" src=\"https:\/\/i0.wp.com\/delivrer-des-livres.fr\/wp-content\/uploads\/2019\/05\/logoalbums2019.png?resize=145%2C145\" alt=\"\" width=\"145\" height=\"145\" \/><p class=\"wp-caption-text\">Participation #127 <a href=\"http:\/\/delivrer-des-livres.fr\/challenge-albums-2019\/\">Je lis aussi des albums<\/a><\/p><\/div>\n","protected":false},"excerpt":{"rendered":"<p>Nous empruntons \u00e0 la biblioth\u00e8que Quand&#8230; d&rsquo;Emma Dodd (\u00e9d. Albin Michel Jeunesse, 2007), un album jeunesse pour les tout-petits. Comme indiqu\u00e9 sur la quatri\u00e8me de couverture, c&rsquo;est l&rsquo;histoire d&rsquo;un petit ours qui partage avec sa m\u00e8re ses r\u00eaves d&rsquo;avenir. Il s&rsquo;imagine quand il sera grand. Que de tendresse et de po\u00e9sie dans cette album au [&hellip;]<\/p>\n","protected":false},"author":1,"featured_media":9590,"comment_status":"open","ping_status":"open","sticky":false,"template":"","format":"standard","meta":{"jetpack_post_was_ever_published":false,"_jetpack_newsletter_access":"","_jetpack_dont_email_post_to_subs":false,"_jetpack_newsletter_tier_id":0,"_jetpack_memberships_contains_paywalled_content":false,"_jetpack_memberships_contains_paid_content":false,"footnotes":""},"categories":[363],"tags":[785,409,812,623,1159,1156,367,476,366,798],"class_list":["post-9587","post","type-post","status-publish","format-standard","has-post-thumbnail","hentry","category-mini-lecteur","tag-3-6-ans","tag-albums-jeunesse","tag-amour-filial","tag-amour-maternel","tag-avenir","tag-emma-dodd","tag-lecture-jeunesse","tag-naissance","tag-ours","tag-reve","post-preview"],"jetpack_featured_media_url":"https:\/\/i0.wp.com\/www.jojoenherbe.com\/wp-content\/uploads\/2020\/01\/Quand...-scaled.jpg?fit=2560%2C1661","jetpack_sharing_enabled":true,"jetpack_shortlink":"https:\/\/wp.me\/p9zhGx-2uD","jetpack_likes_enabled":true,"jetpack-related-posts":[{"id":4284,"url":"http:\/\/www.jojoenherbe.com\/index.php\/2019\/01\/10\/au-fil-des-pages-de-petit-ours-blanc\/","url_meta":{"origin":9587,"position":0},"title":"Au fil des pages de Petit ours blanc","author":"Jojo","date":"10 janvier 2019","format":false,"excerpt":"Petit moment de tendresse avec la lecture de Petit ours blanc de Piers Harper (\u00e9d. Gr\u00fcnd, 2004), un livre \u00e0 caresser. C'est une histoire de partage et d'amour entre un ourson et sa m\u00e8re. Pour redonner le sourire \u00e0 sa m\u00e8re, il d\u00e9cide de lui faire un cadeau tr\u00e8s sp\u00e9cial\u2026","rel":"","context":"Dans &quot;Mini lecteur&quot;","block_context":{"text":"Mini lecteur","link":"http:\/\/www.jojoenherbe.com\/index.php\/category\/mini-lecteur\/"},"img":{"alt_text":"","src":"https:\/\/i0.wp.com\/www.jojoenherbe.com\/wp-content\/uploads\/2019\/01\/petit-ours-blanc-4.jpg?fit=1200%2C1094&resize=350%2C200","width":350,"height":200,"srcset":"https:\/\/i0.wp.com\/www.jojoenherbe.com\/wp-content\/uploads\/2019\/01\/petit-ours-blanc-4.jpg?fit=1200%2C1094&resize=350%2C200 1x, https:\/\/i0.wp.com\/www.jojoenherbe.com\/wp-content\/uploads\/2019\/01\/petit-ours-blanc-4.jpg?fit=1200%2C1094&resize=525%2C300 1.5x, https:\/\/i0.wp.com\/www.jojoenherbe.com\/wp-content\/uploads\/2019\/01\/petit-ours-blanc-4.jpg?fit=1200%2C1094&resize=700%2C400 2x, https:\/\/i0.wp.com\/www.jojoenherbe.com\/wp-content\/uploads\/2019\/01\/petit-ours-blanc-4.jpg?fit=1200%2C1094&resize=1050%2C600 3x"},"classes":[]},{"id":29309,"url":"http:\/\/www.jojoenherbe.com\/index.php\/2023\/01\/22\/au-fil-des-pages-avec-un-amour-de-petite-soeur\/","url_meta":{"origin":9587,"position":1},"title":"Au fil des pages avec Un amour de petite s\u0153ur","author":"Jojo","date":"22 janvier 2023","format":false,"excerpt":"Pendant les vacances de No\u00ebl, nous avons lu Un amour de petite s\u0153ur de Jean-Baptiste Baronian et Noris Kern (\u00e9d. Gallimard Jeunesse, 2005), un album jeunesse \u00e0 partir de 3 ans. En pleine hibernation, Valentine se r\u00e9veille pour poursuivre un oiseau, son grand fr\u00e8re Polo veillant sur elle. En chemin,\u2026","rel":"","context":"Dans &quot;Mini lecteur&quot;","block_context":{"text":"Mini lecteur","link":"http:\/\/www.jojoenherbe.com\/index.php\/category\/mini-lecteur\/"},"img":{"alt_text":"","src":"https:\/\/i0.wp.com\/www.jojoenherbe.com\/wp-content\/uploads\/2023\/01\/Un-amour-de-petite-soeur-scaled.jpg?fit=1200%2C904&resize=350%2C200","width":350,"height":200,"srcset":"https:\/\/i0.wp.com\/www.jojoenherbe.com\/wp-content\/uploads\/2023\/01\/Un-amour-de-petite-soeur-scaled.jpg?fit=1200%2C904&resize=350%2C200 1x, https:\/\/i0.wp.com\/www.jojoenherbe.com\/wp-content\/uploads\/2023\/01\/Un-amour-de-petite-soeur-scaled.jpg?fit=1200%2C904&resize=525%2C300 1.5x, https:\/\/i0.wp.com\/www.jojoenherbe.com\/wp-content\/uploads\/2023\/01\/Un-amour-de-petite-soeur-scaled.jpg?fit=1200%2C904&resize=700%2C400 2x, https:\/\/i0.wp.com\/www.jojoenherbe.com\/wp-content\/uploads\/2023\/01\/Un-amour-de-petite-soeur-scaled.jpg?fit=1200%2C904&resize=1050%2C600 3x"},"classes":[]},{"id":24531,"url":"http:\/\/www.jojoenherbe.com\/index.php\/2022\/04\/07\/au-fil-des-pages-avec-mon-papa-et-moi\/","url_meta":{"origin":9587,"position":2},"title":"Au fil des pages avec Mon papa et moi","author":"Jojo","date":"7 avril 2022","format":false,"excerpt":"Nous lisons Mon papa et moi de Tadao Miyamoto (\u00e9d. Mango, 1995), un album jeunesse \u00e0 partir de 3 ans. En pleine partie de p\u00eache \u00e0 la ligne, Petit Ours demande \u00e0 son p\u00e8re, Papa Ours comment il est s\u00fbr d'\u00eatre vraiment son p\u00e8re. Apr\u00e8s des premi\u00e8res r\u00e9ponses qui ne\u2026","rel":"","context":"Dans &quot;Mini lecteur&quot;","block_context":{"text":"Mini lecteur","link":"http:\/\/www.jojoenherbe.com\/index.php\/category\/mini-lecteur\/"},"img":{"alt_text":"","src":"https:\/\/i0.wp.com\/www.jojoenherbe.com\/wp-content\/uploads\/2022\/04\/Mon-papa-et-moi-scaled.jpg?fit=1200%2C874&resize=350%2C200","width":350,"height":200,"srcset":"https:\/\/i0.wp.com\/www.jojoenherbe.com\/wp-content\/uploads\/2022\/04\/Mon-papa-et-moi-scaled.jpg?fit=1200%2C874&resize=350%2C200 1x, https:\/\/i0.wp.com\/www.jojoenherbe.com\/wp-content\/uploads\/2022\/04\/Mon-papa-et-moi-scaled.jpg?fit=1200%2C874&resize=525%2C300 1.5x, https:\/\/i0.wp.com\/www.jojoenherbe.com\/wp-content\/uploads\/2022\/04\/Mon-papa-et-moi-scaled.jpg?fit=1200%2C874&resize=700%2C400 2x, https:\/\/i0.wp.com\/www.jojoenherbe.com\/wp-content\/uploads\/2022\/04\/Mon-papa-et-moi-scaled.jpg?fit=1200%2C874&resize=1050%2C600 3x"},"classes":[]},{"id":13940,"url":"http:\/\/www.jojoenherbe.com\/index.php\/2020\/11\/17\/au-fil-des-pages-avec-toi-moi-petit-ours\/","url_meta":{"origin":9587,"position":3},"title":"Au fil des pages avec Toi &#038; moi, Petit Ours","author":"Jojo","date":"17 novembre 2020","format":false,"excerpt":"Nous lisons dans nos derniers emprunts \u00e0 la m\u00e9diath\u00e8que Toi & moi, Petit Ours de Martin Waddell et Barbara Firth (\u00e9d. L'\u00e9cole des loisirs, coll. Pastel, 1998), un album jeunesse \u00e0 partir de 3 ans. Il \u00e9tait une fois deux ours, Petit Ours et Grand Ours que nous suivons le\u2026","rel":"","context":"Dans &quot;Mini lecteur&quot;","block_context":{"text":"Mini lecteur","link":"http:\/\/www.jojoenherbe.com\/index.php\/category\/mini-lecteur\/"},"img":{"alt_text":"","src":"https:\/\/i0.wp.com\/www.jojoenherbe.com\/wp-content\/uploads\/2020\/11\/Toi-Moi-Petit-Ours-scaled.jpg?fit=1200%2C938&resize=350%2C200","width":350,"height":200,"srcset":"https:\/\/i0.wp.com\/www.jojoenherbe.com\/wp-content\/uploads\/2020\/11\/Toi-Moi-Petit-Ours-scaled.jpg?fit=1200%2C938&resize=350%2C200 1x, https:\/\/i0.wp.com\/www.jojoenherbe.com\/wp-content\/uploads\/2020\/11\/Toi-Moi-Petit-Ours-scaled.jpg?fit=1200%2C938&resize=525%2C300 1.5x, https:\/\/i0.wp.com\/www.jojoenherbe.com\/wp-content\/uploads\/2020\/11\/Toi-Moi-Petit-Ours-scaled.jpg?fit=1200%2C938&resize=700%2C400 2x, https:\/\/i0.wp.com\/www.jojoenherbe.com\/wp-content\/uploads\/2020\/11\/Toi-Moi-Petit-Ours-scaled.jpg?fit=1200%2C938&resize=1050%2C600 3x"},"classes":[]},{"id":17701,"url":"http:\/\/www.jojoenherbe.com\/index.php\/2021\/04\/21\/au-fil-des-pages-avec-quand-il-fait-nuit\/","url_meta":{"origin":9587,"position":4},"title":"Au fil des pages avec Quand il fait nuit","author":"Jojo","date":"21 avril 2021","format":false,"excerpt":"Nous lisons Quand il fait nuit d\u2019Akiko Miyakoshi (\u00e9d. Syros, 2016), un album jeunesse \u00e0 partir de 3 ans. A la nuit tomb\u00e9e, en rentrant chez lui blotti dans les bras de ses parents, un petit lapin observe les gens qu'il croise derri\u00e8re les fen\u00eatres ou aux portes des immeubles\u2026","rel":"","context":"Dans &quot;Mini lecteur&quot;","block_context":{"text":"Mini lecteur","link":"http:\/\/www.jojoenherbe.com\/index.php\/category\/mini-lecteur\/"},"img":{"alt_text":"","src":"https:\/\/i0.wp.com\/www.jojoenherbe.com\/wp-content\/uploads\/2021\/04\/Quand-il-fait-nuit-2-scaled.jpg?fit=1200%2C851&resize=350%2C200","width":350,"height":200,"srcset":"https:\/\/i0.wp.com\/www.jojoenherbe.com\/wp-content\/uploads\/2021\/04\/Quand-il-fait-nuit-2-scaled.jpg?fit=1200%2C851&resize=350%2C200 1x, https:\/\/i0.wp.com\/www.jojoenherbe.com\/wp-content\/uploads\/2021\/04\/Quand-il-fait-nuit-2-scaled.jpg?fit=1200%2C851&resize=525%2C300 1.5x, https:\/\/i0.wp.com\/www.jojoenherbe.com\/wp-content\/uploads\/2021\/04\/Quand-il-fait-nuit-2-scaled.jpg?fit=1200%2C851&resize=700%2C400 2x, https:\/\/i0.wp.com\/www.jojoenherbe.com\/wp-content\/uploads\/2021\/04\/Quand-il-fait-nuit-2-scaled.jpg?fit=1200%2C851&resize=1050%2C600 3x"},"classes":[]},{"id":12670,"url":"http:\/\/www.jojoenherbe.com\/index.php\/2020\/10\/10\/au-fil-des-pages-avec-comment-etre-aime-quand-on-est-un-grand-mechant-loup\/","url_meta":{"origin":9587,"position":5},"title":"Au fil des pages avec Comment \u00eatre aim\u00e9 quand on est un Grand M\u00e9chant Loup?","author":"Jojo","date":"10 octobre 2020","format":false,"excerpt":"Emprunt\u00e9 \u00e0 la m\u00e9diath\u00e8que le mois dernier, nous lisons et relisons Comment \u00eatre aim\u00e9 quand on est un Grand M\u00e9chant Loup? de Christine Naumann-Villemin et Annick Masson (\u00e9d. Mijade, 2017), un album jeunesse \u00e0 partir de 3 ans et qui a fait partie de la s\u00e9lection CE1 du 31\u00e8me Prix\u2026","rel":"","context":"Dans &quot;Mini lecteur&quot;","block_context":{"text":"Mini lecteur","link":"http:\/\/www.jojoenherbe.com\/index.php\/category\/mini-lecteur\/"},"img":{"alt_text":"","src":"https:\/\/i0.wp.com\/www.jojoenherbe.com\/wp-content\/uploads\/2020\/10\/Comment-etre-aime-quand-on-est-un-Grand-Mechant-Loup-scaled.jpg?fit=1200%2C900&resize=350%2C200","width":350,"height":200,"srcset":"https:\/\/i0.wp.com\/www.jojoenherbe.com\/wp-content\/uploads\/2020\/10\/Comment-etre-aime-quand-on-est-un-Grand-Mechant-Loup-scaled.jpg?fit=1200%2C900&resize=350%2C200 1x, https:\/\/i0.wp.com\/www.jojoenherbe.com\/wp-content\/uploads\/2020\/10\/Comment-etre-aime-quand-on-est-un-Grand-Mechant-Loup-scaled.jpg?fit=1200%2C900&resize=525%2C300 1.5x, https:\/\/i0.wp.com\/www.jojoenherbe.com\/wp-content\/uploads\/2020\/10\/Comment-etre-aime-quand-on-est-un-Grand-Mechant-Loup-scaled.jpg?fit=1200%2C900&resize=700%2C400 2x, https:\/\/i0.wp.com\/www.jojoenherbe.com\/wp-content\/uploads\/2020\/10\/Comment-etre-aime-quand-on-est-un-Grand-Mechant-Loup-scaled.jpg?fit=1200%2C900&resize=1050%2C600 3x"},"classes":[]}],"_links":{"self":[{"href":"http:\/\/www.jojoenherbe.com\/index.php\/wp-json\/wp\/v2\/posts\/9587","targetHints":{"allow":["GET"]}}],"collection":[{"href":"http:\/\/www.jojoenherbe.com\/index.php\/wp-json\/wp\/v2\/posts"}],"about":[{"href":"http:\/\/www.jojoenherbe.com\/index.php\/wp-json\/wp\/v2\/types\/post"}],"author":[{"embeddable":true,"href":"http:\/\/www.jojoenherbe.com\/index.php\/wp-json\/wp\/v2\/users\/1"}],"replies":[{"embeddable":true,"href":"http:\/\/www.jojoenherbe.com\/index.php\/wp-json\/wp\/v2\/comments?post=9587"}],"version-history":[{"count":0,"href":"http:\/\/www.jojoenherbe.com\/index.php\/wp-json\/wp\/v2\/posts\/9587\/revisions"}],"wp:featuredmedia":[{"embeddable":true,"href":"http:\/\/www.jojoenherbe.com\/index.php\/wp-json\/wp\/v2\/media\/9590"}],"wp:attachment":[{"href":"http:\/\/www.jojoenherbe.com\/index.php\/wp-json\/wp\/v2\/media?parent=9587"}],"wp:term":[{"taxonomy":"category","embeddable":true,"href":"http:\/\/www.jojoenherbe.com\/index.php\/wp-json\/wp\/v2\/categories?post=9587"},{"taxonomy":"post_tag","embeddable":true,"href":"http:\/\/www.jojoenherbe.com\/index.php\/wp-json\/wp\/v2\/tags?post=9587"}],"curies":[{"name":"wp","href":"https:\/\/api.w.org\/{rel}","templated":true}]}}