{"id":9536,"date":"2020-01-10T14:53:47","date_gmt":"2020-01-10T13:53:47","guid":{"rendered":"http:\/\/www.jojoenherbe.com\/?p=9536"},"modified":"2021-07-27T22:53:06","modified_gmt":"2021-07-27T20:53:06","slug":"au-fil-des-pages-avec-lievre-et-ours-ou-est-ours","status":"publish","type":"post","link":"http:\/\/www.jojoenherbe.com\/index.php\/2020\/01\/10\/au-fil-des-pages-avec-lievre-et-ours-ou-est-ours\/","title":{"rendered":"Au fil des pages avec Li\u00e8vre et Ours: o\u00f9 est Ours?"},"content":{"rendered":"<p style=\"text-align: justify;\"><em><a href=\"https:\/\/i0.wp.com\/www.jojoenherbe.com\/wp-content\/uploads\/2020\/01\/Li%C3%A8vre-et-ours-o%C3%B9-est-ours-2-scaled.jpg\"><img data-recalc-dims=\"1\" loading=\"lazy\" decoding=\"async\" data-attachment-id=\"9539\" data-permalink=\"http:\/\/www.jojoenherbe.com\/index.php\/2020\/01\/10\/au-fil-des-pages-avec-lievre-et-ours-ou-est-ours\/lievre-et-ours-ou-est-ours-2\/\" data-orig-file=\"https:\/\/i0.wp.com\/www.jojoenherbe.com\/wp-content\/uploads\/2020\/01\/Li%C3%A8vre-et-ours-o%C3%B9-est-ours-2-scaled.jpg?fit=2560%2C1412\" data-orig-size=\"2560,1412\" data-comments-opened=\"1\" data-image-meta=\"{&quot;aperture&quot;:&quot;2.4&quot;,&quot;credit&quot;:&quot;&quot;,&quot;camera&quot;:&quot;iPhone 4S&quot;,&quot;caption&quot;:&quot;&quot;,&quot;created_timestamp&quot;:&quot;1578667210&quot;,&quot;copyright&quot;:&quot;&quot;,&quot;focal_length&quot;:&quot;4.28&quot;,&quot;iso&quot;:&quot;500&quot;,&quot;shutter_speed&quot;:&quot;0.066666666666667&quot;,&quot;title&quot;:&quot;&quot;,&quot;orientation&quot;:&quot;1&quot;}\" data-image-title=\"Li\u00e8vre et ours o\u00f9 est ours 2\" data-image-description=\"\" data-image-caption=\"\" data-large-file=\"https:\/\/i0.wp.com\/www.jojoenherbe.com\/wp-content\/uploads\/2020\/01\/Li%C3%A8vre-et-ours-o%C3%B9-est-ours-2-scaled.jpg?fit=676%2C373\" class=\"alignleft size-thumbnail wp-image-9539\" src=\"https:\/\/i0.wp.com\/www.jojoenherbe.com\/wp-content\/uploads\/2020\/01\/Li%C3%A8vre-et-ours-o%C3%B9-est-ours-2.jpg?resize=150%2C150\" alt=\"\" width=\"150\" height=\"150\" srcset=\"https:\/\/i0.wp.com\/www.jojoenherbe.com\/wp-content\/uploads\/2020\/01\/Li%C3%A8vre-et-ours-o%C3%B9-est-ours-2-scaled.jpg?resize=150%2C150 150w, https:\/\/i0.wp.com\/www.jojoenherbe.com\/wp-content\/uploads\/2020\/01\/Li%C3%A8vre-et-ours-o%C3%B9-est-ours-2-scaled.jpg?zoom=2&amp;resize=150%2C150 300w, https:\/\/i0.wp.com\/www.jojoenherbe.com\/wp-content\/uploads\/2020\/01\/Li%C3%A8vre-et-ours-o%C3%B9-est-ours-2-scaled.jpg?zoom=3&amp;resize=150%2C150 450w\" sizes=\"auto, (max-width: 150px) 100vw, 150px\" \/><\/a> <a href=\"https:\/\/i0.wp.com\/www.jojoenherbe.com\/wp-content\/uploads\/2020\/01\/Li%C3%A8vre-et-ours-o%C3%B9-est-ours-3-scaled.jpg\"><img data-recalc-dims=\"1\" loading=\"lazy\" decoding=\"async\" data-attachment-id=\"9540\" data-permalink=\"http:\/\/www.jojoenherbe.com\/index.php\/2020\/01\/10\/au-fil-des-pages-avec-lievre-et-ours-ou-est-ours\/lievre-et-ours-ou-est-ours-3\/\" data-orig-file=\"https:\/\/i0.wp.com\/www.jojoenherbe.com\/wp-content\/uploads\/2020\/01\/Li%C3%A8vre-et-ours-o%C3%B9-est-ours-3-scaled.jpg?fit=2560%2C1526\" data-orig-size=\"2560,1526\" data-comments-opened=\"1\" data-image-meta=\"{&quot;aperture&quot;:&quot;2.4&quot;,&quot;credit&quot;:&quot;&quot;,&quot;camera&quot;:&quot;iPhone 4S&quot;,&quot;caption&quot;:&quot;&quot;,&quot;created_timestamp&quot;:&quot;1578667237&quot;,&quot;copyright&quot;:&quot;&quot;,&quot;focal_length&quot;:&quot;4.28&quot;,&quot;iso&quot;:&quot;500&quot;,&quot;shutter_speed&quot;:&quot;0.066666666666667&quot;,&quot;title&quot;:&quot;&quot;,&quot;orientation&quot;:&quot;1&quot;}\" data-image-title=\"Li\u00e8vre et ours o\u00f9 est ours 3\" data-image-description=\"\" data-image-caption=\"\" data-large-file=\"https:\/\/i0.wp.com\/www.jojoenherbe.com\/wp-content\/uploads\/2020\/01\/Li%C3%A8vre-et-ours-o%C3%B9-est-ours-3-scaled.jpg?fit=676%2C403\" class=\"alignleft size-thumbnail wp-image-9540\" src=\"https:\/\/i0.wp.com\/www.jojoenherbe.com\/wp-content\/uploads\/2020\/01\/Li%C3%A8vre-et-ours-o%C3%B9-est-ours-3.jpg?resize=150%2C150\" alt=\"\" width=\"150\" height=\"150\" srcset=\"https:\/\/i0.wp.com\/www.jojoenherbe.com\/wp-content\/uploads\/2020\/01\/Li%C3%A8vre-et-ours-o%C3%B9-est-ours-3-scaled.jpg?resize=150%2C150 150w, https:\/\/i0.wp.com\/www.jojoenherbe.com\/wp-content\/uploads\/2020\/01\/Li%C3%A8vre-et-ours-o%C3%B9-est-ours-3-scaled.jpg?zoom=2&amp;resize=150%2C150 300w, https:\/\/i0.wp.com\/www.jojoenherbe.com\/wp-content\/uploads\/2020\/01\/Li%C3%A8vre-et-ours-o%C3%B9-est-ours-3-scaled.jpg?zoom=3&amp;resize=150%2C150 450w\" sizes=\"auto, (max-width: 150px) 100vw, 150px\" \/><\/a>Nous lisons r\u00e9guli\u00e8rement, depuis les vacances de No\u00ebl, <span style=\"text-decoration: underline;\">Li\u00e8vre et Ours: o\u00f9 est Ours?<\/span> d&rsquo;Emily Gravett (\u00e9d. Kal\u00e9idoscope, 2016), un album jeunesse \u00e0 partir de 3 ans voire m\u00eame avant. Il s&rsquo;agit d&rsquo;une histoire toute rigolote de cache-cache entre Li\u00e8vre et Ours, deux amis ins\u00e9parables. <\/em><\/p>\n<p style=\"text-align: justify;\"><em>Ce duo imagin\u00e9 par Emily Gravett est tr\u00e8s attachant. Nous appr\u00e9cions encore une fois les illustrations toujours aussi soign\u00e9es et malicieuses de l&rsquo;autrice et esp\u00e9rons trouver rapidement d&rsquo;autres albums jeunesse de cette s\u00e9rie notamment <span style=\"text-decoration: underline;\">Li\u00e8vre et Ours<\/span> sous la neige. Il y a certes peu de texte mais tout se joue dans les illustrations comme dans <a href=\"http:\/\/www.jojoenherbe.com\/index.php\/2019\/11\/26\/au-fil-des-pages-avec-orange-pomme-poire\/\"><span style=\"text-decoration: underline;\">Orange, pomme, poire<\/span><\/a>, les deux personnages \u00e9tant tr\u00e8s expressifs. Les jeunes lecteurs en \u00e2ge de reconna\u00eetre les chiffres s&rsquo;amuseront \u00e0 les identifier et compter \u00e0 haute voix. La chute de l&rsquo;histoire est toute mignonne \u00e0 souhait. Coup de c\u0153ur pour cet album!<\/em><\/p>\n<div style=\"width: 136px\" class=\"wp-caption alignleft\"><img data-recalc-dims=\"1\" loading=\"lazy\" decoding=\"async\" class=\"\" src=\"https:\/\/i0.wp.com\/delivrer-des-livres.fr\/wp-content\/uploads\/2019\/05\/logoalbums2019.png?resize=126%2C126\" alt=\"\" width=\"126\" height=\"126\" \/><p class=\"wp-caption-text\">Participation #124 <a href=\"http:\/\/delivrer-des-livres.fr\/challenge-albums-2019\/\">Je lis aussi des albums<\/a><\/p><\/div>\n<div style=\"width: 149px\" class=\"wp-caption alignleft\"><img loading=\"lazy\" decoding=\"async\" class=\"\" src=\"https:\/\/lh3.googleusercontent.com\/yeyHsyE8ePB9xQx2t9obPo4nIUGeuGsS-P1wwGiEip3f9lcFED23VkM1Pr5hYoy4puCex2GzVOyZNHjl5qeUnhImyiKFqwfTaONmF_HEc7SEvgxhr1eZXuJ6zzg9JfEY4XADWBPBCxMLePs3HiWfgCjRFVaAIkiQhaX8RGfOMzZhoMNQUFFuWlglQGRva5RIkSFvo7nk3yMWVz4PgUXBK3Uof2Hf073K4C6YvQC1u6gRN2BCr4tNyqitAlYfULcqVlua9UK9L5kLVOZWs2-xrAzDf1K3rxU8pxE6Fdm1EI8_YbPW09CsTNa9CW1z0lvieJ6Ify6BbltA9XBnOC99XwB4E833hDdb9KWRbKTb8bwsVGIAFF1x2JkOCAWTkq3OtXJmlgaccySEr2PvCr9rzIA4GtrzB04GpU7RNPlnkfNDjtPoy6UR5nf5SD-RQvfrkHaKDQocAHpi1MoHr0bWF4h3F08r5y_TM01DqKXAgeInHehhuxNBZ4LGs7Emk2ol6RPfVd4UEj0916JVKRknXSsSbJG_50ptPlCGTOdHDTOUMc6x63Wp68_DnNhG9qn5FPKuDHhZvC008a4nifQFWuKVT6HvqNgW-LcvXb0wnjbSwgS8qwHb3LtHJj3uAe971aQRDPkS146UchPgCLNczeUje4Y3YFpuV4P1KYu67RSdAOITJNzzSRO2Dycc1PCqSdc7IoPwLu0-aT-FJ0m-KvlkUQLXoamPhl2WKbODyZSfc5ZT=w285-h217-no\" alt=\"\" width=\"139\" height=\"106\" \/><p class=\"wp-caption-text\"><a href=\"https:\/\/ennalit.wordpress.com\/2019\/12\/01\/challenge-petit-bac-2020-qui-veut-jouer\/\">Challenge Petit Bac d&rsquo;Enna<\/a> #1 Cat\u00e9gorie Animal: \u00ab\u00a0Li\u00e8vre\u00a0\u00bb<\/p><\/div>\n","protected":false},"excerpt":{"rendered":"<p>Nous lisons r\u00e9guli\u00e8rement, depuis les vacances de No\u00ebl, Li\u00e8vre et Ours: o\u00f9 est Ours? d&rsquo;Emily Gravett (\u00e9d. Kal\u00e9idoscope, 2016), un album jeunesse \u00e0 partir de 3 ans voire m\u00eame avant. Il s&rsquo;agit d&rsquo;une histoire toute rigolote de cache-cache entre Li\u00e8vre et Ours, deux amis ins\u00e9parables. Ce duo imagin\u00e9 par Emily Gravett est tr\u00e8s attachant. Nous [&hellip;]<\/p>\n","protected":false},"author":1,"featured_media":9541,"comment_status":"open","ping_status":"open","sticky":false,"template":"","format":"standard","meta":{"jetpack_post_was_ever_published":false,"_jetpack_newsletter_access":"","_jetpack_dont_email_post_to_subs":false,"_jetpack_newsletter_tier_id":0,"_jetpack_memberships_contains_paywalled_content":false,"_jetpack_memberships_contains_paid_content":false,"footnotes":""},"categories":[363],"tags":[787,409,386,1148,1352,430,1000,1350,452,367,828,366],"class_list":["post-9536","post","type-post","status-publish","format-standard","has-post-thumbnail","hentry","category-mini-lecteur","tag-2-5-ans","tag-albums-jeunesse","tag-amitie","tag-cache-cache","tag-challenge-petit-bac-2020","tag-chiffres","tag-emily-gravett","tag-je-lis-aussi-des-albums-2019","tag-jeux-denfants","tag-lecture-jeunesse","tag-lievre","tag-ours","post-preview"],"jetpack_featured_media_url":"https:\/\/i0.wp.com\/www.jojoenherbe.com\/wp-content\/uploads\/2020\/01\/Li%C3%A8vre-et-ours-o%C3%B9-est-ours-scaled.jpg?fit=2560%2C1780","jetpack_sharing_enabled":true,"jetpack_shortlink":"https:\/\/wp.me\/p9zhGx-2tO","jetpack_likes_enabled":true,"jetpack-related-posts":[{"id":9934,"url":"http:\/\/www.jojoenherbe.com\/index.php\/2020\/02\/07\/au-fil-des-pages-avec-lievre-et-ours-cest-a-moi\/","url_meta":{"origin":9536,"position":0},"title":"Au fil des pages avec Li\u00e8vre et Ours, c&rsquo;est \u00e0 moi!","author":"Jojo","date":"7 f\u00e9vrier 2020","format":false,"excerpt":"Nous empruntons \u00e0 la m\u00e9diath\u00e8que une nouvelle histoire de Li\u00e8vre et Ours, c'est \u00e0 moi! d'Emily Gravett (\u00e9d. Kal\u00e9idoscope, l'\u00e9cole des loisirs, 2016), un album jeunesse \u00e0 partir de 2\/3 ans. C'est encore une chouette et dr\u00f4le histoire concoct\u00e9e avec malice par Emily Gravett, une autrice que nous appr\u00e9cions beaucoup.\u2026","rel":"","context":"Dans &quot;Mini lecteur&quot;","block_context":{"text":"Mini lecteur","link":"http:\/\/www.jojoenherbe.com\/index.php\/category\/mini-lecteur\/"},"img":{"alt_text":"","src":"https:\/\/i0.wp.com\/www.jojoenherbe.com\/wp-content\/uploads\/2020\/02\/Li%C3%A8vre-et-Ours-cest-%C3%A0-moi-scaled.jpg?fit=1200%2C888&resize=350%2C200","width":350,"height":200,"srcset":"https:\/\/i0.wp.com\/www.jojoenherbe.com\/wp-content\/uploads\/2020\/02\/Li%C3%A8vre-et-Ours-cest-%C3%A0-moi-scaled.jpg?fit=1200%2C888&resize=350%2C200 1x, https:\/\/i0.wp.com\/www.jojoenherbe.com\/wp-content\/uploads\/2020\/02\/Li%C3%A8vre-et-Ours-cest-%C3%A0-moi-scaled.jpg?fit=1200%2C888&resize=525%2C300 1.5x, https:\/\/i0.wp.com\/www.jojoenherbe.com\/wp-content\/uploads\/2020\/02\/Li%C3%A8vre-et-Ours-cest-%C3%A0-moi-scaled.jpg?fit=1200%2C888&resize=700%2C400 2x, https:\/\/i0.wp.com\/www.jojoenherbe.com\/wp-content\/uploads\/2020\/02\/Li%C3%A8vre-et-Ours-cest-%C3%A0-moi-scaled.jpg?fit=1200%2C888&resize=1050%2C600 3x"},"classes":[]},{"id":10214,"url":"http:\/\/www.jojoenherbe.com\/index.php\/2020\/03\/02\/au-fil-des-pages-avec-lievre-et-ours-sous-la-neige\/","url_meta":{"origin":9536,"position":1},"title":"Au fil des pages avec Li\u00e8vre et Ours, sous la neige","author":"Jojo","date":"2 mars 2020","format":false,"excerpt":"Nous empruntons \u00e0 la m\u00e9diath\u00e8que une nouvelle histoire de Li\u00e8vre et Ours, sous la neige d'Emily Gravett (\u00e9d. Kal\u00e9idoscope, 2015), un album jeunesse \u00e0 partir de 2\/3 ans et qui vient compl\u00e9ter nos lectures hivernales. Cette fois-ci, Li\u00e8vre et Ours s'amusent dans la neige. Li\u00e8vre s'amuse comme un fou alors\u2026","rel":"","context":"Dans &quot;Mini lecteur&quot;","block_context":{"text":"Mini lecteur","link":"http:\/\/www.jojoenherbe.com\/index.php\/category\/mini-lecteur\/"},"img":{"alt_text":"","src":"https:\/\/i0.wp.com\/www.jojoenherbe.com\/wp-content\/uploads\/2020\/03\/Li%C3%A8vre-et-Ours-sous-la-neige-scaled.jpg?fit=1200%2C887&resize=350%2C200","width":350,"height":200,"srcset":"https:\/\/i0.wp.com\/www.jojoenherbe.com\/wp-content\/uploads\/2020\/03\/Li%C3%A8vre-et-Ours-sous-la-neige-scaled.jpg?fit=1200%2C887&resize=350%2C200 1x, https:\/\/i0.wp.com\/www.jojoenherbe.com\/wp-content\/uploads\/2020\/03\/Li%C3%A8vre-et-Ours-sous-la-neige-scaled.jpg?fit=1200%2C887&resize=525%2C300 1.5x, https:\/\/i0.wp.com\/www.jojoenherbe.com\/wp-content\/uploads\/2020\/03\/Li%C3%A8vre-et-Ours-sous-la-neige-scaled.jpg?fit=1200%2C887&resize=700%2C400 2x, https:\/\/i0.wp.com\/www.jojoenherbe.com\/wp-content\/uploads\/2020\/03\/Li%C3%A8vre-et-Ours-sous-la-neige-scaled.jpg?fit=1200%2C887&resize=1050%2C600 3x"},"classes":[]},{"id":15400,"url":"http:\/\/www.jojoenherbe.com\/index.php\/2021\/01\/27\/au-fil-des-pages-avec-dors-bien-ours-brun\/","url_meta":{"origin":9536,"position":2},"title":"Au fil des pages avec Dors bien, Ours brun!","author":"Jojo","date":"27 janvier 2021","format":false,"excerpt":"L'\u00e9t\u00e9 dernier, nous avions emprunt\u00e9 \u00e0 la m\u00e9diath\u00e8que une lecture hivernale avec Dors bien, Ours brun! de Karma Wilson et Jane Chapman (\u00e9d. Milan, 2002), un album jeunesse \u00e0 partir de 3 ans. En plein hiver, bien \u00e0 l'abri, l'ours brun hiverne. Mais une petite souris puis d'autres animaux de\u2026","rel":"","context":"Dans &quot;Mini lecteur&quot;","block_context":{"text":"Mini lecteur","link":"http:\/\/www.jojoenherbe.com\/index.php\/category\/mini-lecteur\/"},"img":{"alt_text":"","src":"https:\/\/i0.wp.com\/www.jojoenherbe.com\/wp-content\/uploads\/2021\/01\/Dors-bien-Ours-brun-scaled.jpg?fit=1200%2C900&resize=350%2C200","width":350,"height":200,"srcset":"https:\/\/i0.wp.com\/www.jojoenherbe.com\/wp-content\/uploads\/2021\/01\/Dors-bien-Ours-brun-scaled.jpg?fit=1200%2C900&resize=350%2C200 1x, https:\/\/i0.wp.com\/www.jojoenherbe.com\/wp-content\/uploads\/2021\/01\/Dors-bien-Ours-brun-scaled.jpg?fit=1200%2C900&resize=525%2C300 1.5x, https:\/\/i0.wp.com\/www.jojoenherbe.com\/wp-content\/uploads\/2021\/01\/Dors-bien-Ours-brun-scaled.jpg?fit=1200%2C900&resize=700%2C400 2x, https:\/\/i0.wp.com\/www.jojoenherbe.com\/wp-content\/uploads\/2021\/01\/Dors-bien-Ours-brun-scaled.jpg?fit=1200%2C900&resize=1050%2C600 3x"},"classes":[]},{"id":8652,"url":"http:\/\/www.jojoenherbe.com\/index.php\/2019\/11\/26\/au-fil-des-pages-avec-orange-pomme-poire\/","url_meta":{"origin":9536,"position":3},"title":"Au fil des pages avec Orange pomme poire","author":"Jojo","date":"26 novembre 2019","format":false,"excerpt":"Nous empruntons \u00e0 la m\u00e9diath\u00e8que Orange pomme poire d'Emily Gravett (\u00e9d. Kal\u00e9idoscope, 2009), un album jeunesse cartonn\u00e9 pour les tout-petits. L'autrice s'amuse autour de ses trois fruits et un ours Gr\u00e9goire, somme toute gourmand en les mettant en sc\u00e8ne dans diff\u00e9rentes situations afin de mieux les identifier. Il permet ainsi\u2026","rel":"","context":"Dans &quot;Mini lecteur&quot;","block_context":{"text":"Mini lecteur","link":"http:\/\/www.jojoenherbe.com\/index.php\/category\/mini-lecteur\/"},"img":{"alt_text":"","src":"https:\/\/i0.wp.com\/www.jojoenherbe.com\/wp-content\/uploads\/2019\/11\/Orange-pomme-poire-scaled.jpg?fit=1200%2C934&resize=350%2C200","width":350,"height":200,"srcset":"https:\/\/i0.wp.com\/www.jojoenherbe.com\/wp-content\/uploads\/2019\/11\/Orange-pomme-poire-scaled.jpg?fit=1200%2C934&resize=350%2C200 1x, https:\/\/i0.wp.com\/www.jojoenherbe.com\/wp-content\/uploads\/2019\/11\/Orange-pomme-poire-scaled.jpg?fit=1200%2C934&resize=525%2C300 1.5x, https:\/\/i0.wp.com\/www.jojoenherbe.com\/wp-content\/uploads\/2019\/11\/Orange-pomme-poire-scaled.jpg?fit=1200%2C934&resize=700%2C400 2x, https:\/\/i0.wp.com\/www.jojoenherbe.com\/wp-content\/uploads\/2019\/11\/Orange-pomme-poire-scaled.jpg?fit=1200%2C934&resize=1050%2C600 3x"},"classes":[]},{"id":12317,"url":"http:\/\/www.jojoenherbe.com\/index.php\/2020\/09\/21\/au-fil-des-pages-avec-petit-lievre-et-letranger\/","url_meta":{"origin":9536,"position":4},"title":"Au fil des pages avec Petit Li\u00e8vre et l\u2019\u00c9tranger","author":"Jojo","date":"21 septembre 2020","format":false,"excerpt":"Nous empruntons \u00e0 la m\u00e9diath\u00e8que Petit Li\u00e8vre et l\u2019\u00c9tranger de Jacqueline Guillemin et Vanessa Hi\u00e9 (\u00e9d. Nathan, coll. Musicontes, 2011), un album jeunesse \u00e0 partir de 3 ans et accompagn\u00e9 d'un CD avec des extraits de musique am\u00e9rindienne. Dans la grande Prairie, Petit Li\u00e8vre part chaque jour chasser tout en\u2026","rel":"","context":"Dans &quot;Mini lecteur&quot;","block_context":{"text":"Mini lecteur","link":"http:\/\/www.jojoenherbe.com\/index.php\/category\/mini-lecteur\/"},"img":{"alt_text":"","src":"https:\/\/i0.wp.com\/www.jojoenherbe.com\/wp-content\/uploads\/2020\/09\/Petit-Lievre-et-letranger-scaled.jpg?fit=1200%2C900&resize=350%2C200","width":350,"height":200,"srcset":"https:\/\/i0.wp.com\/www.jojoenherbe.com\/wp-content\/uploads\/2020\/09\/Petit-Lievre-et-letranger-scaled.jpg?fit=1200%2C900&resize=350%2C200 1x, https:\/\/i0.wp.com\/www.jojoenherbe.com\/wp-content\/uploads\/2020\/09\/Petit-Lievre-et-letranger-scaled.jpg?fit=1200%2C900&resize=525%2C300 1.5x, https:\/\/i0.wp.com\/www.jojoenherbe.com\/wp-content\/uploads\/2020\/09\/Petit-Lievre-et-letranger-scaled.jpg?fit=1200%2C900&resize=700%2C400 2x, https:\/\/i0.wp.com\/www.jojoenherbe.com\/wp-content\/uploads\/2020\/09\/Petit-Lievre-et-letranger-scaled.jpg?fit=1200%2C900&resize=1050%2C600 3x"},"classes":[]},{"id":10202,"url":"http:\/\/www.jojoenherbe.com\/index.php\/2020\/03\/02\/un-premier-rat-du-challenge-british-mysteries-2020\/","url_meta":{"origin":9536,"position":5},"title":"Un premier RAT du Challenge British Mysteries 2020","author":"Jojo","date":"2 mars 2020","format":false,"excerpt":"Du 28 f\u00e9vrier au 1er mars 2020 s'est d\u00e9roul\u00e9 le premier RAT du Challenge British Mysteries organis\u00e9 par Hilde et Lou. Pour ce marathon de lectures, je n'ai pas vraiment pu y participer comme je l'aurai voulu, \u00e0 d\u00e9faut d'avoir pu constituer dans les temps ma PAL. Heureusement, mars ne\u2026","rel":"","context":"Dans &quot;Mini challenger&quot;","block_context":{"text":"Mini challenger","link":"http:\/\/www.jojoenherbe.com\/index.php\/category\/mini-challenger\/"},"img":{"alt_text":"","src":"https:\/\/i0.wp.com\/www.jojoenherbe.com\/wp-content\/uploads\/2020\/03\/RAT-Challenge-British-Mysteries-scaled.jpg?fit=1200%2C845&resize=350%2C200","width":350,"height":200,"srcset":"https:\/\/i0.wp.com\/www.jojoenherbe.com\/wp-content\/uploads\/2020\/03\/RAT-Challenge-British-Mysteries-scaled.jpg?fit=1200%2C845&resize=350%2C200 1x, https:\/\/i0.wp.com\/www.jojoenherbe.com\/wp-content\/uploads\/2020\/03\/RAT-Challenge-British-Mysteries-scaled.jpg?fit=1200%2C845&resize=525%2C300 1.5x, https:\/\/i0.wp.com\/www.jojoenherbe.com\/wp-content\/uploads\/2020\/03\/RAT-Challenge-British-Mysteries-scaled.jpg?fit=1200%2C845&resize=700%2C400 2x, https:\/\/i0.wp.com\/www.jojoenherbe.com\/wp-content\/uploads\/2020\/03\/RAT-Challenge-British-Mysteries-scaled.jpg?fit=1200%2C845&resize=1050%2C600 3x"},"classes":[]}],"_links":{"self":[{"href":"http:\/\/www.jojoenherbe.com\/index.php\/wp-json\/wp\/v2\/posts\/9536","targetHints":{"allow":["GET"]}}],"collection":[{"href":"http:\/\/www.jojoenherbe.com\/index.php\/wp-json\/wp\/v2\/posts"}],"about":[{"href":"http:\/\/www.jojoenherbe.com\/index.php\/wp-json\/wp\/v2\/types\/post"}],"author":[{"embeddable":true,"href":"http:\/\/www.jojoenherbe.com\/index.php\/wp-json\/wp\/v2\/users\/1"}],"replies":[{"embeddable":true,"href":"http:\/\/www.jojoenherbe.com\/index.php\/wp-json\/wp\/v2\/comments?post=9536"}],"version-history":[{"count":0,"href":"http:\/\/www.jojoenherbe.com\/index.php\/wp-json\/wp\/v2\/posts\/9536\/revisions"}],"wp:featuredmedia":[{"embeddable":true,"href":"http:\/\/www.jojoenherbe.com\/index.php\/wp-json\/wp\/v2\/media\/9541"}],"wp:attachment":[{"href":"http:\/\/www.jojoenherbe.com\/index.php\/wp-json\/wp\/v2\/media?parent=9536"}],"wp:term":[{"taxonomy":"category","embeddable":true,"href":"http:\/\/www.jojoenherbe.com\/index.php\/wp-json\/wp\/v2\/categories?post=9536"},{"taxonomy":"post_tag","embeddable":true,"href":"http:\/\/www.jojoenherbe.com\/index.php\/wp-json\/wp\/v2\/tags?post=9536"}],"curies":[{"name":"wp","href":"https:\/\/api.w.org\/{rel}","templated":true}]}}