{"id":9533,"date":"2020-01-12T13:59:14","date_gmt":"2020-01-12T12:59:14","guid":{"rendered":"http:\/\/www.jojoenherbe.com\/?p=9533"},"modified":"2020-01-12T13:59:14","modified_gmt":"2020-01-12T12:59:14","slug":"ptit-recap-du-challenge-christmas-time-2019","status":"publish","type":"post","link":"http:\/\/www.jojoenherbe.com\/index.php\/2020\/01\/12\/ptit-recap-du-challenge-christmas-time-2019\/","title":{"rendered":"P&rsquo;tit r\u00e9cap du Challenge Christmas Time 2019"},"content":{"rendered":"<p style=\"text-align: justify;\"><em>En 2019, j&rsquo;ai pris en cours de route le Challenge Christmas Time organis\u00e9 par <a href=\"http:\/\/mya.books.over-blog.com\/2019\/11\/challenge-christmas-time-2019.html\">Mya Rosa<\/a> et qui s&rsquo;est d\u00e9roul\u00e9 du 20 novembre 2019 au 12 janvier 2020 avec un planning facultatif. J&rsquo;ai surtout pr\u00e9sent\u00e9, dans le cadre de ce challenge, de la litt\u00e9rature jeunesse avec:<\/em><\/p>\n<p><span style=\"text-decoration: underline;\">Des cahiers d&rsquo;activit\u00e9s<\/span>: <a href=\"http:\/\/www.jojoenherbe.com\/index.php\/2019\/12\/12\/des-cahiers-dactivites-de-noel\/\"><em>des cahiers d&rsquo;activit\u00e9s de No\u00ebl<\/em><\/a><\/p>\n<ul>\n<li style=\"text-align: justify;\"><em><span style=\"text-decoration: underline;\">No\u00ebl colle et colorie<\/span> (\u00e9d. Ballon, 2018)<\/em><\/li>\n<li style=\"text-align: justify;\"><em><span style=\"text-decoration: underline;\">Ma pochette d&rsquo;autocollants &#8211; No\u00ebl<\/span> de Charlotte Ameling (\u00e9d. Auzou, 2016)<\/em><\/li>\n<li style=\"text-align: justify;\"><em><span style=\"text-decoration: underline;\">Merveilleux hiver<\/span> de Sarah Wade (\u00e9d. Kimane, 2015)<\/em><\/li>\n<li style=\"text-align: justify;\"><em><span style=\"text-decoration: underline;\">Le livre d&rsquo;activit\u00e9s du loup &#8211; sp\u00e9cial No\u00ebl<\/span> d&rsquo;Orianne Lallemand et \u00c9l\u00e9onore Thuillier (\u00e9d. Auzou, 2014)<\/em><\/li>\n<\/ul>\n<p style=\"text-align: justify;\"><span style=\"text-decoration: underline;\"> Une bande dessin\u00e9e<\/span>: <em><a href=\"http:\/\/www.jojoenherbe.com\/index.php\/2019\/12\/17\/au-fil-des-pages-avec-le-tome-3-des-carnets-de-cerise\/\"><span style=\"text-decoration: underline;\">Les Carnets de Cerise, Le dernier des cinq tr\u00e9sors<\/span><\/a> de Joris Chamblain et Aur\u00e9lie Neyret, T3 (\u00e9d. Soleil, 2014)<\/em><\/p>\n<p style=\"text-align: justify;\"><span style=\"text-decoration: underline;\"> Pleins d&rsquo;albums jeunesse<\/span>:<\/p>\n<ul>\n<li style=\"text-align: justify;\"><em><a href=\"http:\/\/www.jojoenherbe.com\/index.php\/2019\/12\/18\/au-fil-des-pages-avec-le-joueur-de-flute-de-hamelin\/\"><span style=\"text-decoration: underline;\">Le joueur de fl\u00fbte de Hamelin<\/span><\/a> de Thomas Baas, d\u2019apr\u00e8s les Fr\u00e8res Grimm (\u00e9d. Actes Sud Junior, 2015)<\/em><\/li>\n<li style=\"text-align: justify;\"><em><a href=\"http:\/\/www.jojoenherbe.com\/index.php\/2019\/12\/22\/au-fil-des-pages-avec-un-vrai-noel\/\"><span style=\"text-decoration: underline;\">Un vrai No\u00ebl<\/span><\/a> de Catherine Metzmeyer et Herv\u00e9 Le Goff (\u00e9d. L\u2019\u00e9lan vert, 2016)<\/em><\/li>\n<li style=\"text-align: justify;\"><em><a href=\"http:\/\/www.jojoenherbe.com\/index.php\/2019\/12\/23\/au-fil-des-pages-avec-le-premier-noel-de-lours\/\"><span style=\"text-decoration: underline;\">Le premier No\u00ebl de l\u2019ours<\/span><\/a> de Robert Kinerk et Jim LaMarche (\u00e9d. Casterman, 2008)<\/em><\/li>\n<li style=\"text-align: justify;\"><em><a href=\"http:\/\/www.jojoenherbe.com\/index.php\/2019\/12\/24\/au-fil-des-pages-avec-le-noel-de-fenouil\/\"><span style=\"text-decoration: underline;\">Le No\u00ebl de Fenouil<\/span><\/a> de Brigitte Weninger et \u00c8ve Tharlet (\u00e9d. Mijade, 2017)<\/em><\/li>\n<li style=\"text-align: justify;\"><em><a href=\"http:\/\/www.jojoenherbe.com\/index.php\/2019\/12\/29\/au-fil-des-pages-avec-le-premier-noel-de-nina\/\"><span style=\"text-decoration: underline;\">Le premier No\u00ebl de Nina<\/span><\/a> de Christine Leeson et Gaby Hansen (\u00e9d. Milan Jeunesse, 2003)<\/em><\/li>\n<li style=\"text-align: justify;\"><em><a href=\"http:\/\/www.jojoenherbe.com\/index.php\/2019\/12\/29\/au-fil-des-pages-avec-cest-noel\/\"><span style=\"text-decoration: underline;\">C\u2019est No\u00ebl<\/span><\/a> de Tracey Corderoy et Tim Warnes (\u00e9d. Mijade, 2017)<\/em><\/li>\n<li style=\"text-align: justify;\"><em><a href=\"http:\/\/www.jojoenherbe.com\/index.php\/2020\/01\/03\/au-fil-des-pages-avec-demain-cest-noel\/\"><span style=\"text-decoration: underline;\">Demain c\u2019est No\u00ebl<\/span><\/a> de Claire Masurel et Marie H. Henry (\u00e9d. L\u2019\u00e9cole des loisirs, 2013)<\/em><\/li>\n<li style=\"text-align: justify;\"><em><a href=\"http:\/\/www.jojoenherbe.com\/index.php\/2020\/01\/03\/au-fil-des-pages-avec-anton-et-le-cadeau-de-noel\/\"><span style=\"text-decoration: underline;\">Anton et le cadeau de No\u00ebl<\/span><\/a> d\u2019Ole K\u00f6nnecke (\u00e9d. De la Martini\u00e8re Jeunesse, 2013)<\/em><\/li>\n<li style=\"text-align: justify;\"><em><a href=\"http:\/\/www.jojoenherbe.com\/index.php\/2020\/01\/03\/au-fil-des-pages-avec-joyeux-noel-splat\/\"><span style=\"text-decoration: underline;\">Joyeux No\u00ebl, Splat!<\/span><\/a> de Rob Scotton (\u00e9d. Nathan, 2012)<\/em><\/li>\n<li style=\"text-align: justify;\"><em><a href=\"http:\/\/www.jojoenherbe.com\/index.php\/2020\/01\/06\/au-fil-des-pages-avec-petit-lapin-blanc-fete-noel\/\"><span style=\"text-decoration: underline;\">Petit Lapin Blanc f\u00eate No\u00ebl<\/span><\/a> de Marie-France Floury et Fabienne Boisnard (\u00e9d. Gautier-Languereau, 2018)<\/em><\/li>\n<li style=\"text-align: justify;\"><em><a href=\"http:\/\/www.jojoenherbe.com\/index.php\/2020\/01\/07\/au-fil-des-pages-avec-petit-herisson-a-noel\/\"><span style=\"text-decoration: underline;\">Le No\u00ebl du H\u00e9risson<\/span><\/a> de M. Cristina Butler et Tina Macnaughton (\u00e9d. Milan, 2013)<\/em><\/li>\n<li style=\"text-align: justify;\"><em><a href=\"http:\/\/www.jojoenherbe.com\/index.php\/2020\/01\/07\/au-fil-des-pages-avec-petit-herisson-a-noel\/\"><span style=\"text-decoration: underline;\">Joyeux No\u00ebl, Petit H\u00e9risson<\/span><\/a> de M. Cristina Butler et Tina Macnaughton (\u00e9d. Milan, 2015)<\/em><\/li>\n<\/ul>\n<p style=\"text-align: justify;\">Sans oublier <span style=\"text-decoration: underline;\">une romance de No\u00ebl<\/span>:<em> <a href=\"http:\/\/www.jojoenherbe.com\/index.php\/2019\/12\/22\/au-fil-des-pages-avec-je-te-ferai-aimer-noel\/\"><span style=\"text-decoration: underline;\">Je te ferai aimer No\u00ebl<\/span><\/a> de Caro M. Leene (\u00e9d. Harlequin, 2019)<\/em>.<\/p>\n<div id=\"attachment_9565\" style=\"width: 160px\" class=\"wp-caption alignleft\"><a href=\"https:\/\/i0.wp.com\/www.jojoenherbe.com\/wp-content\/uploads\/2020\/01\/Iluminations-Mandelieu-La-Napoule-scaled.jpg\"><img data-recalc-dims=\"1\" loading=\"lazy\" decoding=\"async\" aria-describedby=\"caption-attachment-9565\" data-attachment-id=\"9565\" data-permalink=\"http:\/\/www.jojoenherbe.com\/index.php\/2020\/01\/12\/ptit-recap-du-challenge-christmas-time-2019\/iluminations-mandelieu-la-napoule\/\" data-orig-file=\"https:\/\/i0.wp.com\/www.jojoenherbe.com\/wp-content\/uploads\/2020\/01\/Iluminations-Mandelieu-La-Napoule-scaled.jpg?fit=2560%2C1882\" data-orig-size=\"2560,1882\" data-comments-opened=\"1\" data-image-meta=\"{&quot;aperture&quot;:&quot;3.5&quot;,&quot;credit&quot;:&quot;&quot;,&quot;camera&quot;:&quot;DSC-HX400V&quot;,&quot;caption&quot;:&quot;&quot;,&quot;created_timestamp&quot;:&quot;1578763654&quot;,&quot;copyright&quot;:&quot;&quot;,&quot;focal_length&quot;:&quot;11.21&quot;,&quot;iso&quot;:&quot;800&quot;,&quot;shutter_speed&quot;:&quot;0.016666666666667&quot;,&quot;title&quot;:&quot;&quot;,&quot;orientation&quot;:&quot;1&quot;}\" data-image-title=\"Iluminations &amp;#8211; Mandelieu La Napoule\" data-image-description=\"\" data-image-caption=\"\" data-large-file=\"https:\/\/i0.wp.com\/www.jojoenherbe.com\/wp-content\/uploads\/2020\/01\/Iluminations-Mandelieu-La-Napoule-scaled.jpg?fit=676%2C497\" class=\"wp-image-9565 size-thumbnail\" src=\"https:\/\/i0.wp.com\/www.jojoenherbe.com\/wp-content\/uploads\/2020\/01\/Iluminations-Mandelieu-La-Napoule.jpg?resize=150%2C150\" alt=\"\" width=\"150\" height=\"150\" srcset=\"https:\/\/i0.wp.com\/www.jojoenherbe.com\/wp-content\/uploads\/2020\/01\/Iluminations-Mandelieu-La-Napoule-scaled.jpg?resize=150%2C150 150w, https:\/\/i0.wp.com\/www.jojoenherbe.com\/wp-content\/uploads\/2020\/01\/Iluminations-Mandelieu-La-Napoule-scaled.jpg?zoom=2&amp;resize=150%2C150 300w, https:\/\/i0.wp.com\/www.jojoenherbe.com\/wp-content\/uploads\/2020\/01\/Iluminations-Mandelieu-La-Napoule-scaled.jpg?zoom=3&amp;resize=150%2C150 450w\" sizes=\"auto, (max-width: 150px) 100vw, 150px\" \/><\/a><p id=\"caption-attachment-9565\" class=\"wp-caption-text\">Mandelieu La Napoule<\/p><\/div>\n<p style=\"text-align: justify;\"><em> A c\u00f4t\u00e9 de toutes ces lectures, No\u00ebl ne serait pas No\u00ebl sans le sapin et autres d\u00e9corations, les illuminations , les march\u00e9s de No\u00ebl, les moments partag\u00e9s en famille et\/ou entre amis, en somme tout ce qui fait la magie de No\u00ebl. Alors cela a donn\u00e9 lieu \u00e0 d&rsquo;autres billets:<\/em><\/p>\n<ul>\n<li style=\"text-align: justify;\"><a href=\"http:\/\/www.jojoenherbe.com\/index.php\/2019\/12\/23\/melis-melos-des-marches-de-noel-2019\/\"><em>M\u00e9li-m\u00e9lo des march\u00e9s de No\u00ebl 2019<\/em><\/a><em> dans les Alpes-Maritimes: Villeneuve-Loubet, Saint-Jean-Cap-Ferrat et Nice mais aussi les illuminations encore pr\u00e9sente hier \u00e0 Madelieu-La Napoule <\/em><\/li>\n<li style=\"text-align: justify;\"><em>un peu de shopping de No\u00ebl: <a href=\"http:\/\/www.jojoenherbe.com\/index.php\/2019\/12\/19\/nouvelles-decos-de-noel-2019\/\">Nouvelles d\u00e9cos de No\u00ebl 2019<\/a><\/em><\/li>\n<li style=\"text-align: justify;\"><em><a href=\"http:\/\/www.jojoenherbe.com\/index.php\/2019\/12\/28\/feter-noel-2019\/\">F\u00eater No\u00ebl 2019<\/a> avec quelques d\u00e9corations install\u00e9es lors du r\u00e9veillon.<\/em><\/li>\n<\/ul>\n<p style=\"text-align: justify;\"><em>Un joli challenge dans l&rsquo;esprit de No\u00ebl! Alors en novembre 2020 pour le prochain!<\/em><\/p>\n<div style=\"width: 174px\" class=\"wp-caption aligncenter\"><img data-recalc-dims=\"1\" loading=\"lazy\" decoding=\"async\" src=\"https:\/\/i0.wp.com\/img.over-blog-kiwi.com\/1\/49\/01\/49\/20191113\/ob_66c4c9_challengechristmastime2019bisbis.jpg?resize=164%2C148&#038;ssl=1\" alt=\"\" width=\"164\" height=\"148\" data-amp-height=\"271\" data-amp-width=\"300\" \/><p class=\"wp-caption-text\">Challenge Christmas Time 2019 de <a href=\"http:\/\/mya.books.over-blog.com\/2019\/11\/challenge-christmas-time-2019.html\">Mya Rosa<\/a><\/p><\/div>\n","protected":false},"excerpt":{"rendered":"<p>En 2019, j&rsquo;ai pris en cours de route le Challenge Christmas Time organis\u00e9 par Mya Rosa et qui s&rsquo;est d\u00e9roul\u00e9 du 20 novembre 2019 au 12 janvier 2020 avec un planning facultatif. J&rsquo;ai surtout pr\u00e9sent\u00e9, dans le cadre de ce challenge, de la litt\u00e9rature jeunesse avec: Des cahiers d&rsquo;activit\u00e9s: des cahiers d&rsquo;activit\u00e9s de No\u00ebl No\u00ebl [&hellip;]<\/p>\n","protected":false},"author":1,"featured_media":9564,"comment_status":"open","ping_status":"open","sticky":false,"template":"","format":"standard","meta":{"jetpack_post_was_ever_published":false,"_jetpack_newsletter_access":"","_jetpack_dont_email_post_to_subs":false,"_jetpack_newsletter_tier_id":0,"_jetpack_memberships_contains_paywalled_content":false,"_jetpack_memberships_contains_paid_content":false,"footnotes":""},"categories":[873],"tags":[983,1070,360,367,1056,19],"class_list":["post-9533","post","type-post","status-publish","format-standard","has-post-thumbnail","hentry","category-mini-challenger","tag-challenge-de-noel","tag-christmas-time","tag-illuminations","tag-lecture-jeunesse","tag-lectures-de-noel","tag-noel","post-preview"],"jetpack_featured_media_url":"https:\/\/i0.wp.com\/www.jojoenherbe.com\/wp-content\/uploads\/2020\/01\/Iluminations-Mandelieu-La-Napoule-2-scaled.jpg?fit=2560%2C1920","jetpack_sharing_enabled":true,"jetpack_shortlink":"https:\/\/wp.me\/p9zhGx-2tL","jetpack_likes_enabled":true,"jetpack-related-posts":[{"id":14016,"url":"http:\/\/www.jojoenherbe.com\/index.php\/2020\/11\/20\/des-cahiers-dactivites-en-attendant-noel-2020\/","url_meta":{"origin":9533,"position":0},"title":"Des cahiers d&rsquo;activit\u00e9s en attendant No\u00ebl 2020","author":"Jojo","date":"20 novembre 2020","format":false,"excerpt":"En attendant les f\u00eates de fin d'ann\u00e9e, nous reprenons les cahiers d'activit\u00e9s de No\u00ebl que nous n'avions pas termin\u00e9s l'ann\u00e9e derni\u00e8re. Pour cette premi\u00e8re journ\u00e9e \"Activit\u00e9s de No\u00ebl\" du Challenge Christmas Time de MyaRosa, je vous pr\u00e9sente deux cahiers d'activit\u00e9s \u00e0 partir de 3 ans - mais plus pour les\u2026","rel":"","context":"Dans &quot;Mini joueur&quot;","block_context":{"text":"Mini joueur","link":"http:\/\/www.jojoenherbe.com\/index.php\/category\/mini-decouvreur\/mini-joueur\/"},"img":{"alt_text":"","src":"https:\/\/i0.wp.com\/www.jojoenherbe.com\/wp-content\/uploads\/2020\/11\/cahiers-dactivites-Usborne-scaled.jpg?fit=1200%2C900&resize=350%2C200","width":350,"height":200,"srcset":"https:\/\/i0.wp.com\/www.jojoenherbe.com\/wp-content\/uploads\/2020\/11\/cahiers-dactivites-Usborne-scaled.jpg?fit=1200%2C900&resize=350%2C200 1x, https:\/\/i0.wp.com\/www.jojoenherbe.com\/wp-content\/uploads\/2020\/11\/cahiers-dactivites-Usborne-scaled.jpg?fit=1200%2C900&resize=525%2C300 1.5x, https:\/\/i0.wp.com\/www.jojoenherbe.com\/wp-content\/uploads\/2020\/11\/cahiers-dactivites-Usborne-scaled.jpg?fit=1200%2C900&resize=700%2C400 2x, https:\/\/i0.wp.com\/www.jojoenherbe.com\/wp-content\/uploads\/2020\/11\/cahiers-dactivites-Usborne-scaled.jpg?fit=1200%2C900&resize=1050%2C600 3x"},"classes":[]},{"id":8889,"url":"http:\/\/www.jojoenherbe.com\/index.php\/2019\/12\/12\/des-cahiers-dactivites-de-noel\/","url_meta":{"origin":9533,"position":1},"title":"Des cahiers d&rsquo;activit\u00e9s de No\u00ebl","author":"Jojo","date":"12 d\u00e9cembre 2019","format":false,"excerpt":"En ce mercredi 11 d\u00e9cembre 2019, nous continuons \u00e0 colorier et coller des gommettes dans nos cahiers d'activit\u00e9s de No\u00ebl. Nous commen\u00e7ons par le dernier achet\u00e9 cette ann\u00e9e: No\u00ebl colle et colorie (\u00e9d. Ballon, 2018), \u00e0 partir de 3 ans selon l'\u00e9diteur en raison des petites gommettes \u00e0 coller. Nous\u2026","rel":"","context":"Dans &quot;Mini joueur&quot;","block_context":{"text":"Mini joueur","link":"http:\/\/www.jojoenherbe.com\/index.php\/category\/mini-decouvreur\/mini-joueur\/"},"img":{"alt_text":"","src":"https:\/\/i0.wp.com\/www.jojoenherbe.com\/wp-content\/uploads\/2019\/12\/Cahiers-dactivit%C3%A9-de-No%C3%ABl.jpg?fit=1200%2C1142&resize=350%2C200","width":350,"height":200,"srcset":"https:\/\/i0.wp.com\/www.jojoenherbe.com\/wp-content\/uploads\/2019\/12\/Cahiers-dactivit%C3%A9-de-No%C3%ABl.jpg?fit=1200%2C1142&resize=350%2C200 1x, https:\/\/i0.wp.com\/www.jojoenherbe.com\/wp-content\/uploads\/2019\/12\/Cahiers-dactivit%C3%A9-de-No%C3%ABl.jpg?fit=1200%2C1142&resize=525%2C300 1.5x, https:\/\/i0.wp.com\/www.jojoenherbe.com\/wp-content\/uploads\/2019\/12\/Cahiers-dactivit%C3%A9-de-No%C3%ABl.jpg?fit=1200%2C1142&resize=700%2C400 2x, https:\/\/i0.wp.com\/www.jojoenherbe.com\/wp-content\/uploads\/2019\/12\/Cahiers-dactivit%C3%A9-de-No%C3%ABl.jpg?fit=1200%2C1142&resize=1050%2C600 3x"},"classes":[]},{"id":13786,"url":"http:\/\/www.jojoenherbe.com\/index.php\/2020\/11\/10\/billet-de-suivi-challenge-christmas-time-2020\/","url_meta":{"origin":9533,"position":2},"title":"Billet de suivi: Challenge Christmas Time 2020","author":"Jojo","date":"10 novembre 2020","format":false,"excerpt":"Le mois de d\u00e9cembre approchant, c'est le retour du Challenge Christmas Time 2020, un challenge de No\u00ebl organis\u00e9 par MyaRosa et qui se d\u00e9roule du 9 novembre 2020 au 12 janvier 2021. Pour plus d\u2019infos, n\u2019h\u00e9sitez pas \u00e0 aller sur son blog. Ce billet sera actualis\u00e9 au fil du mois\u2026","rel":"","context":"Dans &quot;Mini challenger&quot;","block_context":{"text":"Mini challenger","link":"http:\/\/www.jojoenherbe.com\/index.php\/category\/mini-challenger\/"},"img":{"alt_text":"","src":"https:\/\/i0.wp.com\/www.jojoenherbe.com\/wp-content\/uploads\/2020\/11\/image_1490149_20201109_ob_f79ca9_jkhkjkjhh.jpg?fit=564%2C449&resize=350%2C200","width":350,"height":200,"srcset":"https:\/\/i0.wp.com\/www.jojoenherbe.com\/wp-content\/uploads\/2020\/11\/image_1490149_20201109_ob_f79ca9_jkhkjkjhh.jpg?fit=564%2C449&resize=350%2C200 1x, https:\/\/i0.wp.com\/www.jojoenherbe.com\/wp-content\/uploads\/2020\/11\/image_1490149_20201109_ob_f79ca9_jkhkjkjhh.jpg?fit=564%2C449&resize=525%2C300 1.5x"},"classes":[]},{"id":14166,"url":"http:\/\/www.jojoenherbe.com\/index.php\/2020\/12\/01\/notre-calendrier-de-noel-livresque-2020\/","url_meta":{"origin":9533,"position":3},"title":"Notre calendrier de No\u00ebl livresque 2020","author":"Jojo","date":"1 d\u00e9cembre 2020","format":false,"excerpt":"En ce 1er d\u00e9cembre 2020, nous d\u00e9butons la journ\u00e9e en ouvrant la premi\u00e8re case de nos calendriers de No\u00ebl. Cela tombe bien puisque MyaRosa, Chicky Poo et Samarian nous proposent de pr\u00e9senter les calendriers de l'Avent. Outre des calendriers habituels avec des chocolats, j'avais pr\u00e9par\u00e9 une surprise: un calendrier livresque,\u2026","rel":"","context":"Dans &quot;Mini challenger&quot;","block_context":{"text":"Mini challenger","link":"http:\/\/www.jojoenherbe.com\/index.php\/category\/mini-challenger\/"},"img":{"alt_text":"","src":"https:\/\/i0.wp.com\/www.jojoenherbe.com\/wp-content\/uploads\/2020\/12\/Calendriers-de-Noel-scaled.jpg?fit=1200%2C1073&resize=350%2C200","width":350,"height":200,"srcset":"https:\/\/i0.wp.com\/www.jojoenherbe.com\/wp-content\/uploads\/2020\/12\/Calendriers-de-Noel-scaled.jpg?fit=1200%2C1073&resize=350%2C200 1x, https:\/\/i0.wp.com\/www.jojoenherbe.com\/wp-content\/uploads\/2020\/12\/Calendriers-de-Noel-scaled.jpg?fit=1200%2C1073&resize=525%2C300 1.5x, https:\/\/i0.wp.com\/www.jojoenherbe.com\/wp-content\/uploads\/2020\/12\/Calendriers-de-Noel-scaled.jpg?fit=1200%2C1073&resize=700%2C400 2x, https:\/\/i0.wp.com\/www.jojoenherbe.com\/wp-content\/uploads\/2020\/12\/Calendriers-de-Noel-scaled.jpg?fit=1200%2C1073&resize=1050%2C600 3x"},"classes":[]},{"id":41549,"url":"http:\/\/www.jojoenherbe.com\/index.php\/2025\/12\/01\/billet-de-suivi-challenge-christmas-time-2025\/","url_meta":{"origin":9533,"position":4},"title":"Billet de suivi: Challenge Christmas Time 2025","author":"Jojo","date":"1 d\u00e9cembre 2025","format":false,"excerpt":"En ce 1er d\u00e9cembre 2025, c\u2019est le retour du Challenge Christmas Time 2025, un challenge de No\u00ebl organis\u00e9 par MyaRosa et qui se d\u00e9roule du 1er d\u00e9cembre 2025 au 15 janvier 2025 avec un programme libre. Comme chaque ann\u00e9e, MyaRosa a r\u00e9alis\u00e9 de tr\u00e8s jolis logos. Tous les billets sont\u2026","rel":"","context":"Dans &quot;Mini blogueur&quot;","block_context":{"text":"Mini blogueur","link":"http:\/\/www.jojoenherbe.com\/index.php\/category\/mini-blogueur\/"},"img":{"alt_text":"","src":"https:\/\/i0.wp.com\/www.jojoenherbe.com\/wp-content\/uploads\/2025\/12\/Challenge-Christmas-Time-2025-logo.jpg?fit=1024%2C1024&resize=350%2C200","width":350,"height":200,"srcset":"https:\/\/i0.wp.com\/www.jojoenherbe.com\/wp-content\/uploads\/2025\/12\/Challenge-Christmas-Time-2025-logo.jpg?fit=1024%2C1024&resize=350%2C200 1x, https:\/\/i0.wp.com\/www.jojoenherbe.com\/wp-content\/uploads\/2025\/12\/Challenge-Christmas-Time-2025-logo.jpg?fit=1024%2C1024&resize=525%2C300 1.5x, https:\/\/i0.wp.com\/www.jojoenherbe.com\/wp-content\/uploads\/2025\/12\/Challenge-Christmas-Time-2025-logo.jpg?fit=1024%2C1024&resize=700%2C400 2x"},"classes":[]},{"id":22480,"url":"http:\/\/www.jojoenherbe.com\/index.php\/2021\/11\/16\/billet-de-suivi-challenge-christmas-time-2021\/","url_meta":{"origin":9533,"position":5},"title":"Billet de suivi: Challenge Christmas Time 2021","author":"Jojo","date":"16 novembre 2021","format":false,"excerpt":"Le mois de d\u00e9cembre approchant, c\u2019est le retour du Challenge Christmas Time 2021, un challenge de No\u00ebl organis\u00e9 par MyaRosa et qui se d\u00e9roule du 15 novembre 2021 au 15 janvier 2022. Pour plus d\u2019infos, n\u2019h\u00e9sitez pas \u00e0 aller sur son blog. Ce billet sera actualis\u00e9 au fil du challenge\u2026","rel":"","context":"Dans &quot;Mini challenger&quot;","block_context":{"text":"Mini challenger","link":"http:\/\/www.jojoenherbe.com\/index.php\/category\/mini-challenger\/"},"img":{"alt_text":"","src":"https:\/\/i0.wp.com\/www.jojoenherbe.com\/wp-content\/uploads\/2021\/11\/Challenge-Christmas-Time-2021.jpg?fit=416%2C365&resize=350%2C200","width":350,"height":200},"classes":[]}],"_links":{"self":[{"href":"http:\/\/www.jojoenherbe.com\/index.php\/wp-json\/wp\/v2\/posts\/9533","targetHints":{"allow":["GET"]}}],"collection":[{"href":"http:\/\/www.jojoenherbe.com\/index.php\/wp-json\/wp\/v2\/posts"}],"about":[{"href":"http:\/\/www.jojoenherbe.com\/index.php\/wp-json\/wp\/v2\/types\/post"}],"author":[{"embeddable":true,"href":"http:\/\/www.jojoenherbe.com\/index.php\/wp-json\/wp\/v2\/users\/1"}],"replies":[{"embeddable":true,"href":"http:\/\/www.jojoenherbe.com\/index.php\/wp-json\/wp\/v2\/comments?post=9533"}],"version-history":[{"count":0,"href":"http:\/\/www.jojoenherbe.com\/index.php\/wp-json\/wp\/v2\/posts\/9533\/revisions"}],"wp:featuredmedia":[{"embeddable":true,"href":"http:\/\/www.jojoenherbe.com\/index.php\/wp-json\/wp\/v2\/media\/9564"}],"wp:attachment":[{"href":"http:\/\/www.jojoenherbe.com\/index.php\/wp-json\/wp\/v2\/media?parent=9533"}],"wp:term":[{"taxonomy":"category","embeddable":true,"href":"http:\/\/www.jojoenherbe.com\/index.php\/wp-json\/wp\/v2\/categories?post=9533"},{"taxonomy":"post_tag","embeddable":true,"href":"http:\/\/www.jojoenherbe.com\/index.php\/wp-json\/wp\/v2\/tags?post=9533"}],"curies":[{"name":"wp","href":"https:\/\/api.w.org\/{rel}","templated":true}]}}