{"id":9517,"date":"2020-01-09T23:31:10","date_gmt":"2020-01-09T22:31:10","guid":{"rendered":"http:\/\/www.jojoenherbe.com\/?p=9517"},"modified":"2022-05-10T12:13:01","modified_gmt":"2022-05-10T10:13:01","slug":"au-fil-des-pages-avec-le-chapeau-rond-rouge","status":"publish","type":"post","link":"http:\/\/www.jojoenherbe.com\/index.php\/2020\/01\/09\/au-fil-des-pages-avec-le-chapeau-rond-rouge\/","title":{"rendered":"Au fil des pages avec Le Chapeau rond rouge"},"content":{"rendered":"<p style=\"text-align: justify;\"><em>Nous lisons, une nouvelle fois mais cette fois-ci pour la lecture du soir, deux albums jeunesse emprunt\u00e9s \u00e0 la m\u00e9diath\u00e8que et qui sont des contes d\u00e9tourn\u00e9s du <span style=\"text-decoration: underline;\">Petit Chaperon rouge<\/span>, comme l&rsquo;avait d\u00e9j\u00e0 fait \u00e0 sa fa\u00e7on <a href=\"http:\/\/www.jojoenherbe.com\/index.php\/2019\/11\/28\/au-fil-des-pages-avec-histoires-de-loups\/\">Mario Ramos<\/a>.<\/em><\/p>\n<p style=\"text-align: justify;\"><em><a href=\"https:\/\/i0.wp.com\/www.jojoenherbe.com\/wp-content\/uploads\/2020\/01\/Chapeau-rond-rouge-2.jpg\"><img data-recalc-dims=\"1\" loading=\"lazy\" decoding=\"async\" data-attachment-id=\"9519\" data-permalink=\"http:\/\/www.jojoenherbe.com\/index.php\/2020\/01\/09\/au-fil-des-pages-avec-le-chapeau-rond-rouge\/chapeau-rond-rouge-2\/\" data-orig-file=\"https:\/\/i0.wp.com\/www.jojoenherbe.com\/wp-content\/uploads\/2020\/01\/Chapeau-rond-rouge-2.jpg?fit=2360%2C2241\" data-orig-size=\"2360,2241\" data-comments-opened=\"1\" data-image-meta=\"{&quot;aperture&quot;:&quot;2.4&quot;,&quot;credit&quot;:&quot;&quot;,&quot;camera&quot;:&quot;iPhone 4S&quot;,&quot;caption&quot;:&quot;&quot;,&quot;created_timestamp&quot;:&quot;1578590963&quot;,&quot;copyright&quot;:&quot;&quot;,&quot;focal_length&quot;:&quot;4.28&quot;,&quot;iso&quot;:&quot;800&quot;,&quot;shutter_speed&quot;:&quot;0.066666666666667&quot;,&quot;title&quot;:&quot;&quot;,&quot;orientation&quot;:&quot;1&quot;}\" data-image-title=\"Chapeau rond rouge 2\" data-image-description=\"\" data-image-caption=\"\" data-large-file=\"https:\/\/i0.wp.com\/www.jojoenherbe.com\/wp-content\/uploads\/2020\/01\/Chapeau-rond-rouge-2.jpg?fit=676%2C642\" class=\"alignleft wp-image-9519 size-thumbnail\" src=\"https:\/\/i0.wp.com\/www.jojoenherbe.com\/wp-content\/uploads\/2020\/01\/Chapeau-rond-rouge-2.jpg?resize=150%2C150\" alt=\"\" width=\"150\" height=\"150\" srcset=\"https:\/\/i0.wp.com\/www.jojoenherbe.com\/wp-content\/uploads\/2020\/01\/Chapeau-rond-rouge-2.jpg?resize=150%2C150 150w, https:\/\/i0.wp.com\/www.jojoenherbe.com\/wp-content\/uploads\/2020\/01\/Chapeau-rond-rouge-2.jpg?zoom=2&amp;resize=150%2C150 300w, https:\/\/i0.wp.com\/www.jojoenherbe.com\/wp-content\/uploads\/2020\/01\/Chapeau-rond-rouge-2.jpg?zoom=3&amp;resize=150%2C150 450w\" sizes=\"auto, (max-width: 150px) 100vw, 150px\" \/><\/a>Pour le premier, il s&rsquo;agit de <strong><span style=\"text-decoration: underline;\">Chapeau rond rouge<\/span><\/strong> de Geoffroy de Pennart (\u00e9d. Kal\u00e9idoscope, 2004), un album jeunesse \u00e0 partir de 3 ans. Sous des airs beaucoup vifs et espi\u00e8gles que le Petit Chaperon rouge, une fillette, Chapeau rond rouge s&rsquo;en va chez M\u00e8re-Grand lui apporter deux galettes, prenant bien soin d&rsquo;\u00e9viter la for\u00eat. Elle croise toutefois un loup endormi qu&rsquo;elle prend pour un gentil chien. Que sortira-t-il d&rsquo;un tel quiproquo? <\/em><\/p>\n<p style=\"text-align: justify;\"><em><a href=\"https:\/\/i0.wp.com\/www.jojoenherbe.com\/wp-content\/uploads\/2020\/01\/Chapeau-rond-rouge-4-scaled.jpg\"><img data-recalc-dims=\"1\" loading=\"lazy\" decoding=\"async\" data-attachment-id=\"9521\" data-permalink=\"http:\/\/www.jojoenherbe.com\/index.php\/2020\/01\/09\/au-fil-des-pages-avec-le-chapeau-rond-rouge\/chapeau-rond-rouge-4\/\" data-orig-file=\"https:\/\/i0.wp.com\/www.jojoenherbe.com\/wp-content\/uploads\/2020\/01\/Chapeau-rond-rouge-4-scaled.jpg?fit=2560%2C1920\" data-orig-size=\"2560,1920\" data-comments-opened=\"1\" data-image-meta=\"{&quot;aperture&quot;:&quot;2.4&quot;,&quot;credit&quot;:&quot;&quot;,&quot;camera&quot;:&quot;iPhone 4S&quot;,&quot;caption&quot;:&quot;&quot;,&quot;created_timestamp&quot;:&quot;1578611345&quot;,&quot;copyright&quot;:&quot;&quot;,&quot;focal_length&quot;:&quot;4.28&quot;,&quot;iso&quot;:&quot;500&quot;,&quot;shutter_speed&quot;:&quot;0.066666666666667&quot;,&quot;title&quot;:&quot;&quot;,&quot;orientation&quot;:&quot;1&quot;}\" data-image-title=\"Chapeau rond rouge 4\" data-image-description=\"\" data-image-caption=\"\" data-large-file=\"https:\/\/i0.wp.com\/www.jojoenherbe.com\/wp-content\/uploads\/2020\/01\/Chapeau-rond-rouge-4-scaled.jpg?fit=676%2C507\" class=\"alignright wp-image-9521 size-thumbnail\" src=\"https:\/\/i0.wp.com\/www.jojoenherbe.com\/wp-content\/uploads\/2020\/01\/Chapeau-rond-rouge-4.jpg?resize=150%2C150\" alt=\"\" width=\"150\" height=\"150\" srcset=\"https:\/\/i0.wp.com\/www.jojoenherbe.com\/wp-content\/uploads\/2020\/01\/Chapeau-rond-rouge-4-scaled.jpg?resize=150%2C150 150w, https:\/\/i0.wp.com\/www.jojoenherbe.com\/wp-content\/uploads\/2020\/01\/Chapeau-rond-rouge-4-scaled.jpg?zoom=2&amp;resize=150%2C150 300w, https:\/\/i0.wp.com\/www.jojoenherbe.com\/wp-content\/uploads\/2020\/01\/Chapeau-rond-rouge-4-scaled.jpg?zoom=3&amp;resize=150%2C150 450w\" sizes=\"auto, (max-width: 150px) 100vw, 150px\" \/><\/a> <a href=\"https:\/\/i0.wp.com\/www.jojoenherbe.com\/wp-content\/uploads\/2020\/01\/Chapeau-rond-rouge-3-scaled.jpg\"><img data-recalc-dims=\"1\" loading=\"lazy\" decoding=\"async\" data-attachment-id=\"9520\" data-permalink=\"http:\/\/www.jojoenherbe.com\/index.php\/2020\/01\/09\/au-fil-des-pages-avec-le-chapeau-rond-rouge\/chapeau-rond-rouge-3\/\" data-orig-file=\"https:\/\/i0.wp.com\/www.jojoenherbe.com\/wp-content\/uploads\/2020\/01\/Chapeau-rond-rouge-3-scaled.jpg?fit=2560%2C1565\" data-orig-size=\"2560,1565\" data-comments-opened=\"1\" data-image-meta=\"{&quot;aperture&quot;:&quot;2.4&quot;,&quot;credit&quot;:&quot;&quot;,&quot;camera&quot;:&quot;iPhone 4S&quot;,&quot;caption&quot;:&quot;&quot;,&quot;created_timestamp&quot;:&quot;1578611329&quot;,&quot;copyright&quot;:&quot;&quot;,&quot;focal_length&quot;:&quot;4.28&quot;,&quot;iso&quot;:&quot;640&quot;,&quot;shutter_speed&quot;:&quot;0.066666666666667&quot;,&quot;title&quot;:&quot;&quot;,&quot;orientation&quot;:&quot;1&quot;}\" data-image-title=\"Chapeau rond rouge 3\" data-image-description=\"\" data-image-caption=\"\" data-large-file=\"https:\/\/i0.wp.com\/www.jojoenherbe.com\/wp-content\/uploads\/2020\/01\/Chapeau-rond-rouge-3-scaled.jpg?fit=676%2C413\" class=\"size-thumbnail wp-image-9520 alignright\" src=\"https:\/\/i0.wp.com\/www.jojoenherbe.com\/wp-content\/uploads\/2020\/01\/Chapeau-rond-rouge-3.jpg?resize=150%2C150\" alt=\"\" width=\"150\" height=\"150\" srcset=\"https:\/\/i0.wp.com\/www.jojoenherbe.com\/wp-content\/uploads\/2020\/01\/Chapeau-rond-rouge-3-scaled.jpg?resize=150%2C150 150w, https:\/\/i0.wp.com\/www.jojoenherbe.com\/wp-content\/uploads\/2020\/01\/Chapeau-rond-rouge-3-scaled.jpg?zoom=2&amp;resize=150%2C150 300w, https:\/\/i0.wp.com\/www.jojoenherbe.com\/wp-content\/uploads\/2020\/01\/Chapeau-rond-rouge-3-scaled.jpg?zoom=3&amp;resize=150%2C150 450w\" sizes=\"auto, (max-width: 150px) 100vw, 150px\" \/><\/a>Une histoire tr\u00e8s dr\u00f4le bien s\u00fbr! Geoffroy de Pennart s&rsquo;amuse \u00e0 revisiter le conte traditionnel en lui apportant une touche de modernit\u00e9, entre une fillette d\u00e9bordante d&rsquo;\u00e9nergie avec sa trompette de poche, une grand-m\u00e8re encore bien active \u00e0 bord de sa voiture et un loup bien en peine pour affirmer son identit\u00e9 de loup. Sans oublier une seconde intrigue autour de petites souris qui sont venues s&rsquo;installer dans le d\u00e9cor et qui vivent leur vie de page en page. Les illustrations regorgent en effet de petits d\u00e9tails. Un vrai coup de c\u0153ur!<\/em><\/p>\n<p style=\"text-align: justify;\"><em><a href=\"https:\/\/i0.wp.com\/www.jojoenherbe.com\/wp-content\/uploads\/2020\/01\/Le-retour-de-Chapeau-rond-rouge-scaled.jpg\"><img data-recalc-dims=\"1\" loading=\"lazy\" decoding=\"async\" data-attachment-id=\"9525\" data-permalink=\"http:\/\/www.jojoenherbe.com\/index.php\/2020\/01\/09\/au-fil-des-pages-avec-le-chapeau-rond-rouge\/le-retour-de-chapeau-rond-rouge\/\" data-orig-file=\"https:\/\/i0.wp.com\/www.jojoenherbe.com\/wp-content\/uploads\/2020\/01\/Le-retour-de-Chapeau-rond-rouge-scaled.jpg?fit=2560%2C2020\" data-orig-size=\"2560,2020\" data-comments-opened=\"1\" data-image-meta=\"{&quot;aperture&quot;:&quot;2.4&quot;,&quot;credit&quot;:&quot;&quot;,&quot;camera&quot;:&quot;iPhone 4S&quot;,&quot;caption&quot;:&quot;&quot;,&quot;created_timestamp&quot;:&quot;1578591058&quot;,&quot;copyright&quot;:&quot;&quot;,&quot;focal_length&quot;:&quot;4.28&quot;,&quot;iso&quot;:&quot;800&quot;,&quot;shutter_speed&quot;:&quot;0.066666666666667&quot;,&quot;title&quot;:&quot;&quot;,&quot;orientation&quot;:&quot;1&quot;}\" data-image-title=\"Le retour de Chapeau rond rouge\" data-image-description=\"\" data-image-caption=\"\" data-large-file=\"https:\/\/i0.wp.com\/www.jojoenherbe.com\/wp-content\/uploads\/2020\/01\/Le-retour-de-Chapeau-rond-rouge-scaled.jpg?fit=676%2C533\" class=\"alignleft size-thumbnail wp-image-9525\" src=\"https:\/\/i0.wp.com\/www.jojoenherbe.com\/wp-content\/uploads\/2020\/01\/Le-retour-de-Chapeau-rond-rouge.jpg?resize=150%2C150\" alt=\"\" width=\"150\" height=\"150\" srcset=\"https:\/\/i0.wp.com\/www.jojoenherbe.com\/wp-content\/uploads\/2020\/01\/Le-retour-de-Chapeau-rond-rouge-scaled.jpg?resize=150%2C150 150w, https:\/\/i0.wp.com\/www.jojoenherbe.com\/wp-content\/uploads\/2020\/01\/Le-retour-de-Chapeau-rond-rouge-scaled.jpg?zoom=2&amp;resize=150%2C150 300w, https:\/\/i0.wp.com\/www.jojoenherbe.com\/wp-content\/uploads\/2020\/01\/Le-retour-de-Chapeau-rond-rouge-scaled.jpg?zoom=3&amp;resize=150%2C150 450w\" sizes=\"auto, (max-width: 150px) 100vw, 150px\" \/><\/a>Puis nous lisons la suite, <strong><span style=\"text-decoration: underline;\">Le retour de Chapeau rond rouge<\/span><\/strong> de Geoffroy de Pennart (\u00e9d. Kal\u00e9idoscope, 2011), un album jeunesse \u00e0 partir de 3 ans \u00e0 l&rsquo;humour toujours aussi d\u00e9tonnant et qui revisite \u00e9galement un autre conte traditionnel, <span style=\"text-decoration: underline;\">Boucle d&rsquo;Or et les trois ours<\/span>. En voulant \u00e9chapper au loup, Chapeau rond rouge entre dans une maison dans laquelle trois bols sont pos\u00e9s sur la table du salon. <\/em><\/p>\n<p style=\"text-align: justify;\"><em><a href=\"https:\/\/i0.wp.com\/www.jojoenherbe.com\/wp-content\/uploads\/2020\/01\/Le-retour-de-Chapeau-rond-rouge-3-scaled.jpg\"><img data-recalc-dims=\"1\" loading=\"lazy\" decoding=\"async\" data-attachment-id=\"9524\" data-permalink=\"http:\/\/www.jojoenherbe.com\/index.php\/2020\/01\/09\/au-fil-des-pages-avec-le-chapeau-rond-rouge\/le-retour-de-chapeau-rond-rouge-3\/\" data-orig-file=\"https:\/\/i0.wp.com\/www.jojoenherbe.com\/wp-content\/uploads\/2020\/01\/Le-retour-de-Chapeau-rond-rouge-3-scaled.jpg?fit=2560%2C1812\" data-orig-size=\"2560,1812\" data-comments-opened=\"1\" data-image-meta=\"{&quot;aperture&quot;:&quot;2.4&quot;,&quot;credit&quot;:&quot;&quot;,&quot;camera&quot;:&quot;iPhone 4S&quot;,&quot;caption&quot;:&quot;&quot;,&quot;created_timestamp&quot;:&quot;1578611539&quot;,&quot;copyright&quot;:&quot;&quot;,&quot;focal_length&quot;:&quot;4.28&quot;,&quot;iso&quot;:&quot;640&quot;,&quot;shutter_speed&quot;:&quot;0.066666666666667&quot;,&quot;title&quot;:&quot;&quot;,&quot;orientation&quot;:&quot;1&quot;}\" data-image-title=\"Le retour de Chapeau rond rouge 3\" data-image-description=\"\" data-image-caption=\"\" data-large-file=\"https:\/\/i0.wp.com\/www.jojoenherbe.com\/wp-content\/uploads\/2020\/01\/Le-retour-de-Chapeau-rond-rouge-3-scaled.jpg?fit=676%2C479\" class=\"size-thumbnail wp-image-9524 alignright\" src=\"https:\/\/i0.wp.com\/www.jojoenherbe.com\/wp-content\/uploads\/2020\/01\/Le-retour-de-Chapeau-rond-rouge-3.jpg?resize=150%2C150\" alt=\"\" width=\"150\" height=\"150\" srcset=\"https:\/\/i0.wp.com\/www.jojoenherbe.com\/wp-content\/uploads\/2020\/01\/Le-retour-de-Chapeau-rond-rouge-3-scaled.jpg?resize=150%2C150 150w, https:\/\/i0.wp.com\/www.jojoenherbe.com\/wp-content\/uploads\/2020\/01\/Le-retour-de-Chapeau-rond-rouge-3-scaled.jpg?zoom=2&amp;resize=150%2C150 300w, https:\/\/i0.wp.com\/www.jojoenherbe.com\/wp-content\/uploads\/2020\/01\/Le-retour-de-Chapeau-rond-rouge-3-scaled.jpg?zoom=3&amp;resize=150%2C150 450w\" sizes=\"auto, (max-width: 150px) 100vw, 150px\" \/><\/a> <a href=\"https:\/\/i0.wp.com\/www.jojoenherbe.com\/wp-content\/uploads\/2020\/01\/Le-retour-de-Chapeau-rond-rouge-2-scaled.jpg\"><img data-recalc-dims=\"1\" loading=\"lazy\" decoding=\"async\" data-attachment-id=\"9523\" data-permalink=\"http:\/\/www.jojoenherbe.com\/index.php\/2020\/01\/09\/au-fil-des-pages-avec-le-chapeau-rond-rouge\/le-retour-de-chapeau-rond-rouge-2\/\" data-orig-file=\"https:\/\/i0.wp.com\/www.jojoenherbe.com\/wp-content\/uploads\/2020\/01\/Le-retour-de-Chapeau-rond-rouge-2-scaled.jpg?fit=2560%2C2102\" data-orig-size=\"2560,2102\" data-comments-opened=\"1\" data-image-meta=\"{&quot;aperture&quot;:&quot;2.4&quot;,&quot;credit&quot;:&quot;&quot;,&quot;camera&quot;:&quot;iPhone 4S&quot;,&quot;caption&quot;:&quot;&quot;,&quot;created_timestamp&quot;:&quot;1578591161&quot;,&quot;copyright&quot;:&quot;&quot;,&quot;focal_length&quot;:&quot;4.28&quot;,&quot;iso&quot;:&quot;500&quot;,&quot;shutter_speed&quot;:&quot;0.066666666666667&quot;,&quot;title&quot;:&quot;&quot;,&quot;orientation&quot;:&quot;1&quot;}\" data-image-title=\"Le retour de Chapeau rond rouge 2\" data-image-description=\"\" data-image-caption=\"\" data-large-file=\"https:\/\/i0.wp.com\/www.jojoenherbe.com\/wp-content\/uploads\/2020\/01\/Le-retour-de-Chapeau-rond-rouge-2-scaled.jpg?fit=676%2C555\" class=\"size-thumbnail wp-image-9523 alignright\" src=\"https:\/\/i0.wp.com\/www.jojoenherbe.com\/wp-content\/uploads\/2020\/01\/Le-retour-de-Chapeau-rond-rouge-2.jpg?resize=150%2C150\" alt=\"\" width=\"150\" height=\"150\" srcset=\"https:\/\/i0.wp.com\/www.jojoenherbe.com\/wp-content\/uploads\/2020\/01\/Le-retour-de-Chapeau-rond-rouge-2-scaled.jpg?resize=150%2C150 150w, https:\/\/i0.wp.com\/www.jojoenherbe.com\/wp-content\/uploads\/2020\/01\/Le-retour-de-Chapeau-rond-rouge-2-scaled.jpg?zoom=2&amp;resize=150%2C150 300w, https:\/\/i0.wp.com\/www.jojoenherbe.com\/wp-content\/uploads\/2020\/01\/Le-retour-de-Chapeau-rond-rouge-2-scaled.jpg?zoom=3&amp;resize=150%2C150 450w\" sizes=\"auto, (max-width: 150px) 100vw, 150px\" \/><\/a>Quel univers d\u00e9velopp\u00e9 par l&rsquo;auteur qui s&rsquo;amuse \u00e0 rajouter une seconde intrigue avec des petites souris qui rejouent l&rsquo;histoire de Chapeau rond rouge \u00e0 une exception pr\u00e8s, la souris tout de rouge v\u00eatue ne portant pas le fameux chapeau! Il y est \u00e9galement question d&rsquo;un loup, pas du loup de la premi\u00e8re histoire mais de son cousin Igor qui est aussi malmen\u00e9 par Chapeau rond rouge et sa terrible trompette de poche. Cet album r\u00e9pond \u00e9galement \u00e0 d&rsquo;autres passages du pr\u00e9c\u00e9dent, notamment leur derni\u00e8re page respective. Mais je n&rsquo;en dirai pas plus pour ne pas g\u00e2cher votre plaisir si vous ne les aviez pas lus. Encore un coup de c\u0153ur pour cette suite!<\/em><\/p>\n<div style=\"width: 132px\" class=\"wp-caption alignleft\"><img data-recalc-dims=\"1\" loading=\"lazy\" decoding=\"async\" class=\"\" src=\"https:\/\/i0.wp.com\/delivrer-des-livres.fr\/wp-content\/uploads\/2019\/05\/logoalbums2019.png?resize=122%2C122\" alt=\"\" width=\"122\" height=\"122\" \/><p class=\"wp-caption-text\">Participation #123 <a href=\"http:\/\/delivrer-des-livres.fr\/challenge-albums-2019\/\">Je lis aussi des albums<\/a><\/p><\/div>\n<div id=\"attachment_10219\" style=\"width: 115px\" class=\"wp-caption alignleft\"><img data-recalc-dims=\"1\" loading=\"lazy\" decoding=\"async\" aria-describedby=\"caption-attachment-10219\" data-attachment-id=\"10219\" data-permalink=\"http:\/\/www.jojoenherbe.com\/index.php\/2020\/03\/02\/au-fil-des-pages-avec-lievre-et-ours-sous-la-neige\/lievre-et-ours-sous-la-neige\/\" data-orig-file=\"https:\/\/i0.wp.com\/www.jojoenherbe.com\/wp-content\/uploads\/2020\/03\/Li%C3%A8vre-et-Ours-sous-la-neige-scaled.jpg?fit=2560%2C1892\" data-orig-size=\"2560,1892\" data-comments-opened=\"1\" data-image-meta=\"{&quot;aperture&quot;:&quot;2.4&quot;,&quot;credit&quot;:&quot;&quot;,&quot;camera&quot;:&quot;iPhone 4S&quot;,&quot;caption&quot;:&quot;&quot;,&quot;created_timestamp&quot;:&quot;1583147305&quot;,&quot;copyright&quot;:&quot;&quot;,&quot;focal_length&quot;:&quot;4.28&quot;,&quot;iso&quot;:&quot;640&quot;,&quot;shutter_speed&quot;:&quot;0.066666666666667&quot;,&quot;title&quot;:&quot;&quot;,&quot;orientation&quot;:&quot;1&quot;}\" data-image-title=\"Li\u00e8vre et Ours, sous la neige\" data-image-description=\"\" data-image-caption=\"\" data-large-file=\"https:\/\/i0.wp.com\/www.jojoenherbe.com\/wp-content\/uploads\/2020\/03\/Li%C3%A8vre-et-Ours-sous-la-neige-scaled.jpg?fit=676%2C500\" class=\"wp-image-10219\" src=\"https:\/\/i0.wp.com\/mapetitemediatheque.fr\/wp-content\/uploads\/2018\/11\/challenge-contes-et-l%C3%A9gendes.jpg?resize=105%2C132\" sizes=\"auto, (max-width: 343px) 100vw, 343px\" srcset=\"http:\/\/mapetitemediatheque.fr\/wp-content\/uploads\/2018\/11\/challenge-contes-et-l\u00e9gendes.jpg 343w, http:\/\/mapetitemediatheque.fr\/wp-content\/uploads\/2018\/11\/challenge-contes-et-l\u00e9gendes-239x300.jpg 239w\" alt=\"\" width=\"105\" height=\"132\" \/><p id=\"caption-attachment-10219\" class=\"wp-caption-text\">Participation #2 Contes &amp; L\u00e9gendes 2020 de <a href=\"http:\/\/mapetitemediatheque.fr\/2020\/01\/challenge-contes-et-legendes-2020\/\">Bidib<\/a><\/p><\/div>\n<div style=\"width: 142px\" class=\"wp-caption alignleft\"><img loading=\"lazy\" decoding=\"async\" class=\"\" src=\"https:\/\/lh3.googleusercontent.com\/yeyHsyE8ePB9xQx2t9obPo4nIUGeuGsS-P1wwGiEip3f9lcFED23VkM1Pr5hYoy4puCex2GzVOyZNHjl5qeUnhImyiKFqwfTaONmF_HEc7SEvgxhr1eZXuJ6zzg9JfEY4XADWBPBCxMLePs3HiWfgCjRFVaAIkiQhaX8RGfOMzZhoMNQUFFuWlglQGRva5RIkSFvo7nk3yMWVz4PgUXBK3Uof2Hf073K4C6YvQC1u6gRN2BCr4tNyqitAlYfULcqVlua9UK9L5kLVOZWs2-xrAzDf1K3rxU8pxE6Fdm1EI8_YbPW09CsTNa9CW1z0lvieJ6Ify6BbltA9XBnOC99XwB4E833hDdb9KWRbKTb8bwsVGIAFF1x2JkOCAWTkq3OtXJmlgaccySEr2PvCr9rzIA4GtrzB04GpU7RNPlnkfNDjtPoy6UR5nf5SD-RQvfrkHaKDQocAHpi1MoHr0bWF4h3F08r5y_TM01DqKXAgeInHehhuxNBZ4LGs7Emk2ol6RPfVd4UEj0916JVKRknXSsSbJG_50ptPlCGTOdHDTOUMc6x63Wp68_DnNhG9qn5FPKuDHhZvC008a4nifQFWuKVT6HvqNgW-LcvXb0wnjbSwgS8qwHb3LtHJj3uAe971aQRDPkS146UchPgCLNczeUje4Y3YFpuV4P1KYu67RSdAOITJNzzSRO2Dycc1PCqSdc7IoPwLu0-aT-FJ0m-KvlkUQLXoamPhl2WKbODyZSfc5ZT=w285-h217-no\" alt=\"\" width=\"132\" height=\"100\" \/><p class=\"wp-caption-text\"><a href=\"https:\/\/ennalit.wordpress.com\/2019\/12\/01\/challenge-petit-bac-2020-qui-veut-jouer\/\">Challenge Petit Bac d&rsquo;Enna<\/a> #1 Cat\u00e9gories Objet: \u00ab\u00a0Chapeau\u00a0\u00bb et Couleur: \u00ab\u00a0Rouge\u00a0\u00bb<\/p><\/div>\n","protected":false},"excerpt":{"rendered":"<p>Nous lisons, une nouvelle fois mais cette fois-ci pour la lecture du soir, deux albums jeunesse emprunt\u00e9s \u00e0 la m\u00e9diath\u00e8que et qui sont des contes d\u00e9tourn\u00e9s du Petit Chaperon rouge, comme l&rsquo;avait d\u00e9j\u00e0 fait \u00e0 sa fa\u00e7on Mario Ramos. Pour le premier, il s&rsquo;agit de Chapeau rond rouge de Geoffroy de Pennart (\u00e9d. Kal\u00e9idoscope, 2004), [&hellip;]<\/p>\n","protected":false},"author":1,"featured_media":9522,"comment_status":"open","ping_status":"open","sticky":false,"template":"","format":"standard","meta":{"jetpack_post_was_ever_published":false,"_jetpack_newsletter_access":"","_jetpack_dont_email_post_to_subs":false,"_jetpack_newsletter_tier_id":0,"_jetpack_memberships_contains_paywalled_content":false,"_jetpack_memberships_contains_paid_content":false,"footnotes":""},"categories":[363],"tags":[785,409,824,1365,1352,1145,485,1146,1144,538,1350,367,541,366,484,495,1147],"class_list":["post-9517","post","type-post","status-publish","format-standard","has-post-thumbnail","hentry","category-mini-lecteur","tag-3-6-ans","tag-albums-jeunesse","tag-boucle-dor","tag-challenge-contes-et-legendes-2020","tag-challenge-petit-bac-2020","tag-chapeau-rond-rouge","tag-contes-detournes","tag-galette","tag-geoffroy-de-pennart","tag-humour","tag-je-lis-aussi-des-albums-2019","tag-lecture-jeunesse","tag-loup","tag-ours","tag-petit-chaperon-rouge","tag-souris","tag-trompette","post-preview"],"jetpack_featured_media_url":"https:\/\/i0.wp.com\/www.jojoenherbe.com\/wp-content\/uploads\/2020\/01\/Chapeau-rond-rouge-scaled.jpg?fit=2560%2C2009","jetpack_sharing_enabled":true,"jetpack_shortlink":"https:\/\/wp.me\/p9zhGx-2tv","jetpack_likes_enabled":true,"jetpack-related-posts":[{"id":13283,"url":"http:\/\/www.jojoenherbe.com\/index.php\/2020\/10\/25\/nos-lectures-le-petit-chaperon-rouge\/","url_meta":{"origin":9517,"position":0},"title":"Nos lectures \u00ab\u00a0Le Petit Chaperon rouge\u00a0\u00bb","author":"Jojo","date":"25 octobre 2020","format":false,"excerpt":"Apr\u00e8s nos lectures de Blanche-Neige, voici celles du Petit Chaperon rouge pour continuer sur le th\u00e8me Contes et L\u00e9gendes du Challenge Halloween 2020. Comme pour le billet pr\u00e9c\u00e9dent, il sera mis \u00e0 jour r\u00e9guli\u00e8rement, au fur-et-\u00e0-mesure de nos lectures du Petit Chaperon rouge. Des versions classiques: Le Petit Chaperon rouge\u2026","rel":"","context":"Dans &quot;Mini lecteur&quot;","block_context":{"text":"Mini lecteur","link":"http:\/\/www.jojoenherbe.com\/index.php\/category\/mini-lecteur\/"},"img":{"alt_text":"","src":"https:\/\/i0.wp.com\/www.jojoenherbe.com\/wp-content\/uploads\/2020\/10\/Nos-lectures-Petit-Chaperon-rouge-2-scaled.jpg?fit=1200%2C852&resize=350%2C200","width":350,"height":200,"srcset":"https:\/\/i0.wp.com\/www.jojoenherbe.com\/wp-content\/uploads\/2020\/10\/Nos-lectures-Petit-Chaperon-rouge-2-scaled.jpg?fit=1200%2C852&resize=350%2C200 1x, https:\/\/i0.wp.com\/www.jojoenherbe.com\/wp-content\/uploads\/2020\/10\/Nos-lectures-Petit-Chaperon-rouge-2-scaled.jpg?fit=1200%2C852&resize=525%2C300 1.5x, https:\/\/i0.wp.com\/www.jojoenherbe.com\/wp-content\/uploads\/2020\/10\/Nos-lectures-Petit-Chaperon-rouge-2-scaled.jpg?fit=1200%2C852&resize=700%2C400 2x, https:\/\/i0.wp.com\/www.jojoenherbe.com\/wp-content\/uploads\/2020\/10\/Nos-lectures-Petit-Chaperon-rouge-2-scaled.jpg?fit=1200%2C852&resize=1050%2C600 3x"},"classes":[]},{"id":9503,"url":"http:\/\/www.jojoenherbe.com\/index.php\/2020\/01\/09\/au-fil-des-pages-avec-la-galette-des-rois\/","url_meta":{"origin":9517,"position":1},"title":"Au fil des pages avec la galette des rois","author":"Jojo","date":"9 janvier 2020","format":false,"excerpt":"Cette ann\u00e9e, nous rajoutons dans nos lectures deux albums jeunesse sur le th\u00e8me de la galette des rois, apr\u00e8s avoir relu les trois ressortis de notre biblioth\u00e8que: P'tit Loup est le roi de la galette, Loup Gouloup et la lune et Petit Lapin Blanc et la galette des rois. Ces\u2026","rel":"","context":"Dans &quot;Mini lecteur&quot;","block_context":{"text":"Mini lecteur","link":"http:\/\/www.jojoenherbe.com\/index.php\/category\/mini-lecteur\/"},"img":{"alt_text":"","src":"https:\/\/i0.wp.com\/www.jojoenherbe.com\/wp-content\/uploads\/2020\/01\/Albums-jeunesse-Galette-des-rois-3-scaled.jpg?fit=1200%2C853&resize=350%2C200","width":350,"height":200,"srcset":"https:\/\/i0.wp.com\/www.jojoenherbe.com\/wp-content\/uploads\/2020\/01\/Albums-jeunesse-Galette-des-rois-3-scaled.jpg?fit=1200%2C853&resize=350%2C200 1x, https:\/\/i0.wp.com\/www.jojoenherbe.com\/wp-content\/uploads\/2020\/01\/Albums-jeunesse-Galette-des-rois-3-scaled.jpg?fit=1200%2C853&resize=525%2C300 1.5x, https:\/\/i0.wp.com\/www.jojoenherbe.com\/wp-content\/uploads\/2020\/01\/Albums-jeunesse-Galette-des-rois-3-scaled.jpg?fit=1200%2C853&resize=700%2C400 2x, https:\/\/i0.wp.com\/www.jojoenherbe.com\/wp-content\/uploads\/2020\/01\/Albums-jeunesse-Galette-des-rois-3-scaled.jpg?fit=1200%2C853&resize=1050%2C600 3x"},"classes":[]},{"id":23231,"url":"http:\/\/www.jojoenherbe.com\/index.php\/2022\/01\/06\/nos-lectures-autour-de-la-galette-des-rois-2022\/","url_meta":{"origin":9517,"position":2},"title":"Nos lectures autour de la galette des rois 2022","author":"Jojo","date":"6 janvier 2022","format":false,"excerpt":"Cette ann\u00e9e, tout en d\u00e9gustant galettes et couronnes des rois, nous relisons des albums jeunesse sur ce th\u00e8me depuis quelques jours. (Album jeunesse) La galette et le roi de Sch\u00e9h\u00e9razade Zeboudji et Marianne Barcilon Nous commen\u00e7ons par relire La galette et le roi de Sch\u00e9h\u00e9razade Zeboudji et Marianne Barcilon (\u00e9d.\u2026","rel":"","context":"Dans &quot;Mini lecteur&quot;","block_context":{"text":"Mini lecteur","link":"http:\/\/www.jojoenherbe.com\/index.php\/category\/mini-lecteur\/"},"img":{"alt_text":"","src":"https:\/\/i0.wp.com\/www.jojoenherbe.com\/wp-content\/uploads\/2022\/01\/Selection-Galette-des-rois-scaled.jpg?fit=1200%2C916&resize=350%2C200","width":350,"height":200,"srcset":"https:\/\/i0.wp.com\/www.jojoenherbe.com\/wp-content\/uploads\/2022\/01\/Selection-Galette-des-rois-scaled.jpg?fit=1200%2C916&resize=350%2C200 1x, https:\/\/i0.wp.com\/www.jojoenherbe.com\/wp-content\/uploads\/2022\/01\/Selection-Galette-des-rois-scaled.jpg?fit=1200%2C916&resize=525%2C300 1.5x, https:\/\/i0.wp.com\/www.jojoenherbe.com\/wp-content\/uploads\/2022\/01\/Selection-Galette-des-rois-scaled.jpg?fit=1200%2C916&resize=700%2C400 2x, https:\/\/i0.wp.com\/www.jojoenherbe.com\/wp-content\/uploads\/2022\/01\/Selection-Galette-des-rois-scaled.jpg?fit=1200%2C916&resize=1050%2C600 3x"},"classes":[]},{"id":8665,"url":"http:\/\/www.jojoenherbe.com\/index.php\/2019\/11\/28\/au-fil-des-pages-avec-histoires-de-loups\/","url_meta":{"origin":9517,"position":3},"title":"Au fil des pages avec Histoires de loups","author":"Jojo","date":"28 novembre 2019","format":false,"excerpt":"Nous empruntons \u00e0 la biblioth\u00e8que Histoires de loups de Mario Ramos (\u00e9d. L'\u00e9cole des loisirs, coll. Pastel, 2018), un album jeunesse \u00e0 partir de 3 ans. Ce recueil\u00a0 regroupe quatre histoires de l'auteur mettant en sc\u00e8ne le loup et d'autres personnages des contes traditionnels dans des situations loufoques, dr\u00f4les et\u2026","rel":"","context":"Dans &quot;Mini lecteur&quot;","block_context":{"text":"Mini lecteur","link":"http:\/\/www.jojoenherbe.com\/index.php\/category\/mini-lecteur\/"},"img":{"alt_text":"","src":"https:\/\/i0.wp.com\/www.jojoenherbe.com\/wp-content\/uploads\/2019\/11\/Histoires-de-loups-scaled.jpg?fit=1200%2C985&resize=350%2C200","width":350,"height":200,"srcset":"https:\/\/i0.wp.com\/www.jojoenherbe.com\/wp-content\/uploads\/2019\/11\/Histoires-de-loups-scaled.jpg?fit=1200%2C985&resize=350%2C200 1x, https:\/\/i0.wp.com\/www.jojoenherbe.com\/wp-content\/uploads\/2019\/11\/Histoires-de-loups-scaled.jpg?fit=1200%2C985&resize=525%2C300 1.5x, https:\/\/i0.wp.com\/www.jojoenherbe.com\/wp-content\/uploads\/2019\/11\/Histoires-de-loups-scaled.jpg?fit=1200%2C985&resize=700%2C400 2x, https:\/\/i0.wp.com\/www.jojoenherbe.com\/wp-content\/uploads\/2019\/11\/Histoires-de-loups-scaled.jpg?fit=1200%2C985&resize=1050%2C600 3x"},"classes":[]},{"id":20019,"url":"http:\/\/www.jojoenherbe.com\/index.php\/2021\/08\/03\/au-fil-des-pages-avec-la-petite-soeur-du-chaperon-rouge\/","url_meta":{"origin":9517,"position":4},"title":"Au fil des pages avec La petite s\u0153ur du Chaperon rouge","author":"Jojo","date":"3 ao\u00fbt 2021","format":false,"excerpt":"Nous lisons La petite s\u0153ur du Chaperon rouge de Didier L\u00e9vy et Clotilde Perrin (\u00e9d. Milan, 2015), un album jeunesse \u00e0 partir de 4 ans. Devenue c\u00e9l\u00e8bre, le Petit Chaperon rouge voudrait \u00e9galement \u00eatre riche et projette, avec sa grand-m\u00e8re tout aussi c\u00e9l\u00e8bre qu'elle, de transformer la for\u00eat enchant\u00e9e en\u2026","rel":"","context":"Dans &quot;Mini lecteur&quot;","block_context":{"text":"Mini lecteur","link":"http:\/\/www.jojoenherbe.com\/index.php\/category\/mini-lecteur\/"},"img":{"alt_text":"","src":"https:\/\/i0.wp.com\/www.jojoenherbe.com\/wp-content\/uploads\/2021\/08\/La-petite-soeur-du-Petit-Chaperon-rouge-scaled.jpg?fit=1200%2C900&resize=350%2C200","width":350,"height":200,"srcset":"https:\/\/i0.wp.com\/www.jojoenherbe.com\/wp-content\/uploads\/2021\/08\/La-petite-soeur-du-Petit-Chaperon-rouge-scaled.jpg?fit=1200%2C900&resize=350%2C200 1x, https:\/\/i0.wp.com\/www.jojoenherbe.com\/wp-content\/uploads\/2021\/08\/La-petite-soeur-du-Petit-Chaperon-rouge-scaled.jpg?fit=1200%2C900&resize=525%2C300 1.5x, https:\/\/i0.wp.com\/www.jojoenherbe.com\/wp-content\/uploads\/2021\/08\/La-petite-soeur-du-Petit-Chaperon-rouge-scaled.jpg?fit=1200%2C900&resize=700%2C400 2x, https:\/\/i0.wp.com\/www.jojoenherbe.com\/wp-content\/uploads\/2021\/08\/La-petite-soeur-du-Petit-Chaperon-rouge-scaled.jpg?fit=1200%2C900&resize=1050%2C600 3x"},"classes":[]},{"id":16201,"url":"http:\/\/www.jojoenherbe.com\/index.php\/2021\/03\/04\/au-fil-des-pages-avec-devine-ou-jsuis\/","url_meta":{"origin":9517,"position":5},"title":"Au fil des pages avec Devine o\u00f9 j&rsquo;suis!","author":"Jojo","date":"4 mars 2021","format":false,"excerpt":"Nous empruntons \u00e0 la m\u00e9diath\u00e8que Devine o\u00f9 j\u2019suis! de Richard Marnier et Aude Maurel (\u00e9d. Frimousse, 2016), un album jeunesse \u00e0 partir de 3 ans. Alors qu'elle s'appr\u00eate \u00e0 prendre le th\u00e9 avec des amies, la m\u00e8re du Petit Chaperon rouge re\u00e7oit un appel de sa fille contrari\u00e9e. La petite\u2026","rel":"","context":"Dans &quot;Mini lecteur&quot;","block_context":{"text":"Mini lecteur","link":"http:\/\/www.jojoenherbe.com\/index.php\/category\/mini-lecteur\/"},"img":{"alt_text":"","src":"https:\/\/i0.wp.com\/www.jojoenherbe.com\/wp-content\/uploads\/2020\/10\/Devine-ou-jsuis-scaled.jpg?fit=1200%2C1025&resize=350%2C200","width":350,"height":200,"srcset":"https:\/\/i0.wp.com\/www.jojoenherbe.com\/wp-content\/uploads\/2020\/10\/Devine-ou-jsuis-scaled.jpg?fit=1200%2C1025&resize=350%2C200 1x, https:\/\/i0.wp.com\/www.jojoenherbe.com\/wp-content\/uploads\/2020\/10\/Devine-ou-jsuis-scaled.jpg?fit=1200%2C1025&resize=525%2C300 1.5x, https:\/\/i0.wp.com\/www.jojoenherbe.com\/wp-content\/uploads\/2020\/10\/Devine-ou-jsuis-scaled.jpg?fit=1200%2C1025&resize=700%2C400 2x, https:\/\/i0.wp.com\/www.jojoenherbe.com\/wp-content\/uploads\/2020\/10\/Devine-ou-jsuis-scaled.jpg?fit=1200%2C1025&resize=1050%2C600 3x"},"classes":[]}],"_links":{"self":[{"href":"http:\/\/www.jojoenherbe.com\/index.php\/wp-json\/wp\/v2\/posts\/9517","targetHints":{"allow":["GET"]}}],"collection":[{"href":"http:\/\/www.jojoenherbe.com\/index.php\/wp-json\/wp\/v2\/posts"}],"about":[{"href":"http:\/\/www.jojoenherbe.com\/index.php\/wp-json\/wp\/v2\/types\/post"}],"author":[{"embeddable":true,"href":"http:\/\/www.jojoenherbe.com\/index.php\/wp-json\/wp\/v2\/users\/1"}],"replies":[{"embeddable":true,"href":"http:\/\/www.jojoenherbe.com\/index.php\/wp-json\/wp\/v2\/comments?post=9517"}],"version-history":[{"count":1,"href":"http:\/\/www.jojoenherbe.com\/index.php\/wp-json\/wp\/v2\/posts\/9517\/revisions"}],"predecessor-version":[{"id":25553,"href":"http:\/\/www.jojoenherbe.com\/index.php\/wp-json\/wp\/v2\/posts\/9517\/revisions\/25553"}],"wp:featuredmedia":[{"embeddable":true,"href":"http:\/\/www.jojoenherbe.com\/index.php\/wp-json\/wp\/v2\/media\/9522"}],"wp:attachment":[{"href":"http:\/\/www.jojoenherbe.com\/index.php\/wp-json\/wp\/v2\/media?parent=9517"}],"wp:term":[{"taxonomy":"category","embeddable":true,"href":"http:\/\/www.jojoenherbe.com\/index.php\/wp-json\/wp\/v2\/categories?post=9517"},{"taxonomy":"post_tag","embeddable":true,"href":"http:\/\/www.jojoenherbe.com\/index.php\/wp-json\/wp\/v2\/tags?post=9517"}],"curies":[{"name":"wp","href":"https:\/\/api.w.org\/{rel}","templated":true}]}}