{"id":9480,"date":"2020-01-08T22:49:39","date_gmt":"2020-01-08T21:49:39","guid":{"rendered":"http:\/\/www.jojoenherbe.com\/?p=9480"},"modified":"2020-01-08T22:49:39","modified_gmt":"2020-01-08T21:49:39","slug":"au-fil-des-pages-avec-une-petite-mesure-de-rien-du-tout","status":"publish","type":"post","link":"http:\/\/www.jojoenherbe.com\/index.php\/2020\/01\/08\/au-fil-des-pages-avec-une-petite-mesure-de-rien-du-tout\/","title":{"rendered":"Au fil des pages avec Une petite mesure de rien du tout"},"content":{"rendered":"<p style=\"text-align: justify;\"><em>Nous lisons <span style=\"text-decoration: underline;\">Une petite mesure de rien du tout<\/span> de Nathalie Sayac et Caroline Modeste (\u00e9d. Circonflexe, 2015), un album jeunesse sous-titr\u00e9 \u00ab\u00a0Petites histoires math\u00e9matiques\u00a0\u00bb pour les 4-6 ans selon l&rsquo;\u00e9diteur. Cet album jeunesse aborde de fa\u00e7on ludique et avec des objets du quotidien des tout-petits les premi\u00e8res notions math\u00e9matiques comme le poids et la taille \u00e0 travers deux histoires et les outils \u00e0 utiliser pour ce faire. Ils peuvent ainsi se familiariser avec la balance et le m\u00e8tre.<br \/>\n<\/em><\/p>\n<p style=\"text-align: justify;\"><em><a href=\"https:\/\/i0.wp.com\/www.jojoenherbe.com\/wp-content\/uploads\/2020\/01\/Une-petite-mesure-de-rien-du-tout-2-scaled.jpg\"><img data-recalc-dims=\"1\" loading=\"lazy\" decoding=\"async\" data-attachment-id=\"9482\" data-permalink=\"http:\/\/www.jojoenherbe.com\/index.php\/2020\/01\/08\/au-fil-des-pages-avec-une-petite-mesure-de-rien-du-tout\/une-petite-mesure-de-rien-du-tout-2\/\" data-orig-file=\"https:\/\/i0.wp.com\/www.jojoenherbe.com\/wp-content\/uploads\/2020\/01\/Une-petite-mesure-de-rien-du-tout-2-scaled.jpg?fit=2560%2C1920\" data-orig-size=\"2560,1920\" data-comments-opened=\"1\" data-image-meta=\"{&quot;aperture&quot;:&quot;2.4&quot;,&quot;credit&quot;:&quot;&quot;,&quot;camera&quot;:&quot;iPhone 4S&quot;,&quot;caption&quot;:&quot;&quot;,&quot;created_timestamp&quot;:&quot;1578522696&quot;,&quot;copyright&quot;:&quot;&quot;,&quot;focal_length&quot;:&quot;4.28&quot;,&quot;iso&quot;:&quot;500&quot;,&quot;shutter_speed&quot;:&quot;0.066666666666667&quot;,&quot;title&quot;:&quot;&quot;,&quot;orientation&quot;:&quot;1&quot;}\" data-image-title=\"Une petite mesure de rien du tout 2\" data-image-description=\"\" data-image-caption=\"\" data-large-file=\"https:\/\/i0.wp.com\/www.jojoenherbe.com\/wp-content\/uploads\/2020\/01\/Une-petite-mesure-de-rien-du-tout-2-scaled.jpg?fit=676%2C507\" class=\"alignleft wp-image-9482 size-thumbnail\" src=\"https:\/\/i0.wp.com\/www.jojoenherbe.com\/wp-content\/uploads\/2020\/01\/Une-petite-mesure-de-rien-du-tout-2.jpg?resize=150%2C150\" alt=\"\" width=\"150\" height=\"150\" srcset=\"https:\/\/i0.wp.com\/www.jojoenherbe.com\/wp-content\/uploads\/2020\/01\/Une-petite-mesure-de-rien-du-tout-2-scaled.jpg?resize=150%2C150 150w, https:\/\/i0.wp.com\/www.jojoenherbe.com\/wp-content\/uploads\/2020\/01\/Une-petite-mesure-de-rien-du-tout-2-scaled.jpg?zoom=2&amp;resize=150%2C150 300w, https:\/\/i0.wp.com\/www.jojoenherbe.com\/wp-content\/uploads\/2020\/01\/Une-petite-mesure-de-rien-du-tout-2-scaled.jpg?zoom=3&amp;resize=150%2C150 450w\" sizes=\"auto, (max-width: 150px) 100vw, 150px\" \/><\/a> <a href=\"https:\/\/i0.wp.com\/www.jojoenherbe.com\/wp-content\/uploads\/2020\/01\/Une-petite-mesure-de-rien-du-tout-3-scaled.jpg\"><img data-recalc-dims=\"1\" loading=\"lazy\" decoding=\"async\" data-attachment-id=\"9483\" data-permalink=\"http:\/\/www.jojoenherbe.com\/index.php\/2020\/01\/08\/au-fil-des-pages-avec-une-petite-mesure-de-rien-du-tout\/une-petite-mesure-de-rien-du-tout-3\/\" data-orig-file=\"https:\/\/i0.wp.com\/www.jojoenherbe.com\/wp-content\/uploads\/2020\/01\/Une-petite-mesure-de-rien-du-tout-3-scaled.jpg?fit=2560%2C1920\" data-orig-size=\"2560,1920\" data-comments-opened=\"1\" data-image-meta=\"{&quot;aperture&quot;:&quot;2.4&quot;,&quot;credit&quot;:&quot;&quot;,&quot;camera&quot;:&quot;iPhone 4S&quot;,&quot;caption&quot;:&quot;&quot;,&quot;created_timestamp&quot;:&quot;1578522715&quot;,&quot;copyright&quot;:&quot;&quot;,&quot;focal_length&quot;:&quot;4.28&quot;,&quot;iso&quot;:&quot;500&quot;,&quot;shutter_speed&quot;:&quot;0.066666666666667&quot;,&quot;title&quot;:&quot;&quot;,&quot;orientation&quot;:&quot;1&quot;}\" data-image-title=\"Une petite mesure de rien du tout 3\" data-image-description=\"\" data-image-caption=\"\" data-large-file=\"https:\/\/i0.wp.com\/www.jojoenherbe.com\/wp-content\/uploads\/2020\/01\/Une-petite-mesure-de-rien-du-tout-3-scaled.jpg?fit=676%2C507\" class=\"alignleft wp-image-9483 size-thumbnail\" src=\"https:\/\/i0.wp.com\/www.jojoenherbe.com\/wp-content\/uploads\/2020\/01\/Une-petite-mesure-de-rien-du-tout-3.jpg?resize=150%2C150\" alt=\"\" width=\"150\" height=\"150\" srcset=\"https:\/\/i0.wp.com\/www.jojoenherbe.com\/wp-content\/uploads\/2020\/01\/Une-petite-mesure-de-rien-du-tout-3-scaled.jpg?resize=150%2C150 150w, https:\/\/i0.wp.com\/www.jojoenherbe.com\/wp-content\/uploads\/2020\/01\/Une-petite-mesure-de-rien-du-tout-3-scaled.jpg?zoom=2&amp;resize=150%2C150 300w, https:\/\/i0.wp.com\/www.jojoenherbe.com\/wp-content\/uploads\/2020\/01\/Une-petite-mesure-de-rien-du-tout-3-scaled.jpg?zoom=3&amp;resize=150%2C150 450w\" sizes=\"auto, (max-width: 150px) 100vw, 150px\" \/><\/a>Dans la premi\u00e8re histoire, <span style=\"text-decoration: underline;\">L\u00e9a et Anatole se p\u00e8sent<\/span>, les deux amis veulent savoir quel sac est le plus lourd, celui de L\u00e9a ou d&rsquo;Anatole? Mais par la force de leurs bras, il est bien difficile de le d\u00e9terminer. Et pourquoi ne pas utiliser une balance? Puis L\u00e9a et Anatole d\u00e9cident de se peser. Heureusement, la m\u00e8re d&rsquo;Anatole n&rsquo;est pas loin et leur apportera un p\u00e8se-personne.<br \/>\n<\/em><\/p>\n<p style=\"text-align: justify;\"><em><a href=\"https:\/\/i0.wp.com\/www.jojoenherbe.com\/wp-content\/uploads\/2020\/01\/Une-petite-mesure-de-rien-du-tout-5-scaled.jpg\"><img data-recalc-dims=\"1\" loading=\"lazy\" decoding=\"async\" data-attachment-id=\"9485\" data-permalink=\"http:\/\/www.jojoenherbe.com\/index.php\/2020\/01\/08\/au-fil-des-pages-avec-une-petite-mesure-de-rien-du-tout\/une-petite-mesure-de-rien-du-tout-5\/\" data-orig-file=\"https:\/\/i0.wp.com\/www.jojoenherbe.com\/wp-content\/uploads\/2020\/01\/Une-petite-mesure-de-rien-du-tout-5-scaled.jpg?fit=2560%2C1684\" data-orig-size=\"2560,1684\" data-comments-opened=\"1\" data-image-meta=\"{&quot;aperture&quot;:&quot;2.4&quot;,&quot;credit&quot;:&quot;&quot;,&quot;camera&quot;:&quot;iPhone 4S&quot;,&quot;caption&quot;:&quot;&quot;,&quot;created_timestamp&quot;:&quot;1578522775&quot;,&quot;copyright&quot;:&quot;&quot;,&quot;focal_length&quot;:&quot;4.28&quot;,&quot;iso&quot;:&quot;640&quot;,&quot;shutter_speed&quot;:&quot;0.066666666666667&quot;,&quot;title&quot;:&quot;&quot;,&quot;orientation&quot;:&quot;1&quot;}\" data-image-title=\"Une petite mesure de rien du tout 5\" data-image-description=\"\" data-image-caption=\"\" data-large-file=\"https:\/\/i0.wp.com\/www.jojoenherbe.com\/wp-content\/uploads\/2020\/01\/Une-petite-mesure-de-rien-du-tout-5-scaled.jpg?fit=676%2C445\" class=\"size-thumbnail wp-image-9485 alignright\" src=\"https:\/\/i0.wp.com\/www.jojoenherbe.com\/wp-content\/uploads\/2020\/01\/Une-petite-mesure-de-rien-du-tout-5.jpg?resize=150%2C150\" alt=\"\" width=\"150\" height=\"150\" srcset=\"https:\/\/i0.wp.com\/www.jojoenherbe.com\/wp-content\/uploads\/2020\/01\/Une-petite-mesure-de-rien-du-tout-5-scaled.jpg?resize=150%2C150 150w, https:\/\/i0.wp.com\/www.jojoenherbe.com\/wp-content\/uploads\/2020\/01\/Une-petite-mesure-de-rien-du-tout-5-scaled.jpg?zoom=2&amp;resize=150%2C150 300w, https:\/\/i0.wp.com\/www.jojoenherbe.com\/wp-content\/uploads\/2020\/01\/Une-petite-mesure-de-rien-du-tout-5-scaled.jpg?zoom=3&amp;resize=150%2C150 450w\" sizes=\"auto, (max-width: 150px) 100vw, 150px\" \/><\/a> <a href=\"https:\/\/i0.wp.com\/www.jojoenherbe.com\/wp-content\/uploads\/2020\/01\/Une-petite-mesure-de-rien-du-tout-4-scaled.jpg\"><img data-recalc-dims=\"1\" loading=\"lazy\" decoding=\"async\" data-attachment-id=\"9484\" data-permalink=\"http:\/\/www.jojoenherbe.com\/index.php\/2020\/01\/08\/au-fil-des-pages-avec-une-petite-mesure-de-rien-du-tout\/une-petite-mesure-de-rien-du-tout-4\/\" data-orig-file=\"https:\/\/i0.wp.com\/www.jojoenherbe.com\/wp-content\/uploads\/2020\/01\/Une-petite-mesure-de-rien-du-tout-4-scaled.jpg?fit=2560%2C1920\" data-orig-size=\"2560,1920\" data-comments-opened=\"1\" data-image-meta=\"{&quot;aperture&quot;:&quot;2.4&quot;,&quot;credit&quot;:&quot;&quot;,&quot;camera&quot;:&quot;iPhone 4S&quot;,&quot;caption&quot;:&quot;&quot;,&quot;created_timestamp&quot;:&quot;1578522752&quot;,&quot;copyright&quot;:&quot;&quot;,&quot;focal_length&quot;:&quot;4.28&quot;,&quot;iso&quot;:&quot;500&quot;,&quot;shutter_speed&quot;:&quot;0.066666666666667&quot;,&quot;title&quot;:&quot;&quot;,&quot;orientation&quot;:&quot;1&quot;}\" data-image-title=\"Une petite mesure de rien du tout 4\" data-image-description=\"\" data-image-caption=\"\" data-large-file=\"https:\/\/i0.wp.com\/www.jojoenherbe.com\/wp-content\/uploads\/2020\/01\/Une-petite-mesure-de-rien-du-tout-4-scaled.jpg?fit=676%2C507\" class=\"size-thumbnail wp-image-9484 alignright\" src=\"https:\/\/i0.wp.com\/www.jojoenherbe.com\/wp-content\/uploads\/2020\/01\/Une-petite-mesure-de-rien-du-tout-4.jpg?resize=150%2C150\" alt=\"\" width=\"150\" height=\"150\" srcset=\"https:\/\/i0.wp.com\/www.jojoenherbe.com\/wp-content\/uploads\/2020\/01\/Une-petite-mesure-de-rien-du-tout-4-scaled.jpg?resize=150%2C150 150w, https:\/\/i0.wp.com\/www.jojoenherbe.com\/wp-content\/uploads\/2020\/01\/Une-petite-mesure-de-rien-du-tout-4-scaled.jpg?zoom=2&amp;resize=150%2C150 300w, https:\/\/i0.wp.com\/www.jojoenherbe.com\/wp-content\/uploads\/2020\/01\/Une-petite-mesure-de-rien-du-tout-4-scaled.jpg?zoom=3&amp;resize=150%2C150 450w\" sizes=\"auto, (max-width: 150px) 100vw, 150px\" \/><\/a>Dans la seconde histoire, <span style=\"text-decoration: underline;\">L\u00e9a et Anatole se mesurent<\/span>, les deux amis font \u00e9galement preuve d&rsquo;ing\u00e9niosit\u00e9 et d&rsquo;imagination pour savoir qui est le plus grand, en utilisant un livre ou des cartes. Mais ne serait-pas plus simple en utilisant le bon outil &#8211; un m\u00e8tre &#8211; comme le sugg\u00e8re la grande s\u0153ur de L\u00e9a? <\/em><\/p>\n<p style=\"text-align: justify;\"><em>Les illustrations rendent attachants les deux enfants de l&rsquo;album dont on ressent bien leur amiti\u00e9. Le tout-petit lecteur se retrouvera facilement dans les exp\u00e9riences de L\u00e9a et Anatole qui font \u00e9cho \u00e0 ses propres explorations dans les mesures comme mesurer des peluches ou peser des biscuits. Un tr\u00e8s bon moment de lecture qui nous donne envie de ressortir nos m\u00e8tres et nos balances!<\/em><\/p>\n<div style=\"width: 167px\" class=\"wp-caption alignleft\"><img data-recalc-dims=\"1\" loading=\"lazy\" decoding=\"async\" src=\"https:\/\/i0.wp.com\/delivrer-des-livres.fr\/wp-content\/uploads\/2019\/05\/logoalbums2019.png?resize=157%2C157\" alt=\"\" width=\"157\" height=\"157\" \/><p class=\"wp-caption-text\">Participation #121 <a href=\"http:\/\/delivrer-des-livres.fr\/challenge-albums-2019\/\">Je lis aussi des albums<\/a><\/p><\/div>\n<div style=\"width: 120px\" class=\"wp-caption alignleft\"><img data-recalc-dims=\"1\" loading=\"lazy\" decoding=\"async\" class=\"wp-caption-dt\" src=\"https:\/\/i0.wp.com\/2.bp.blogspot.com\/-TKBnABVnvwc\/Vx4rlxCGC1I\/AAAAAAAAL0o\/vWHf3kJJ_oQFnl5_LYs-AhwhkwyCAd2cgCPcBGAYYCw\/s200\/chut-les-enfants-lisent-logo-I.jpg?resize=110%2C200&#038;ssl=1\" alt=\"\" width=\"110\" height=\"200\" border=\"0\" data-original-height=\"386\" data-original-width=\"215\" \/><p class=\"wp-caption-text\">Participation #30 <a href=\"http:\/\/www.devinequivientbloguer.fr\/mortelle-adele-vous-allez-adorer-la-detester-chut-les-enfants-lisent\/\">Devine qui vient Bloguer?<\/a><\/p><\/div>\n","protected":false},"excerpt":{"rendered":"<p>Nous lisons Une petite mesure de rien du tout de Nathalie Sayac et Caroline Modeste (\u00e9d. Circonflexe, 2015), un album jeunesse sous-titr\u00e9 \u00ab\u00a0Petites histoires math\u00e9matiques\u00a0\u00bb pour les 4-6 ans selon l&rsquo;\u00e9diteur. Cet album jeunesse aborde de fa\u00e7on ludique et avec des objets du quotidien des tout-petits les premi\u00e8res notions math\u00e9matiques comme le poids et la [&hellip;]<\/p>\n","protected":false},"author":1,"featured_media":9486,"comment_status":"open","ping_status":"open","sticky":false,"template":"","format":"standard","meta":{"jetpack_post_was_ever_published":false,"_jetpack_newsletter_access":"","_jetpack_dont_email_post_to_subs":false,"_jetpack_newsletter_tier_id":0,"_jetpack_memberships_contains_paywalled_content":false,"_jetpack_memberships_contains_paid_content":false,"footnotes":""},"categories":[363],"tags":[785,409,583,1143,367,686,1141,1139,1142,1140,896],"class_list":["post-9480","post","type-post","status-publish","format-standard","has-post-thumbnail","hentry","category-mini-lecteur","tag-3-6-ans","tag-albums-jeunesse","tag-balance","tag-caroline-modeste","tag-lecture-jeunesse","tag-mathematiques","tag-mesure","tag-metre","tag-nathalie-sayac","tag-poids","tag-taille","post-preview"],"jetpack_featured_media_url":"https:\/\/i0.wp.com\/www.jojoenherbe.com\/wp-content\/uploads\/2020\/01\/Une-petite-mesure-de-rien-du-tout-scaled.jpg?fit=2560%2C1981","jetpack_sharing_enabled":true,"jetpack_shortlink":"https:\/\/wp.me\/p9zhGx-2sU","jetpack_likes_enabled":true,"jetpack-related-posts":[{"id":13283,"url":"http:\/\/www.jojoenherbe.com\/index.php\/2020\/10\/25\/nos-lectures-le-petit-chaperon-rouge\/","url_meta":{"origin":9480,"position":0},"title":"Nos lectures \u00ab\u00a0Le Petit Chaperon rouge\u00a0\u00bb","author":"Jojo","date":"25 octobre 2020","format":false,"excerpt":"Apr\u00e8s nos lectures de Blanche-Neige, voici celles du Petit Chaperon rouge pour continuer sur le th\u00e8me Contes et L\u00e9gendes du Challenge Halloween 2020. Comme pour le billet pr\u00e9c\u00e9dent, il sera mis \u00e0 jour r\u00e9guli\u00e8rement, au fur-et-\u00e0-mesure de nos lectures du Petit Chaperon rouge. Des versions classiques: Le Petit Chaperon rouge\u2026","rel":"","context":"Dans &quot;Mini lecteur&quot;","block_context":{"text":"Mini lecteur","link":"http:\/\/www.jojoenherbe.com\/index.php\/category\/mini-lecteur\/"},"img":{"alt_text":"","src":"https:\/\/i0.wp.com\/www.jojoenherbe.com\/wp-content\/uploads\/2020\/10\/Nos-lectures-Petit-Chaperon-rouge-2-scaled.jpg?fit=1200%2C852&resize=350%2C200","width":350,"height":200,"srcset":"https:\/\/i0.wp.com\/www.jojoenherbe.com\/wp-content\/uploads\/2020\/10\/Nos-lectures-Petit-Chaperon-rouge-2-scaled.jpg?fit=1200%2C852&resize=350%2C200 1x, https:\/\/i0.wp.com\/www.jojoenherbe.com\/wp-content\/uploads\/2020\/10\/Nos-lectures-Petit-Chaperon-rouge-2-scaled.jpg?fit=1200%2C852&resize=525%2C300 1.5x, https:\/\/i0.wp.com\/www.jojoenherbe.com\/wp-content\/uploads\/2020\/10\/Nos-lectures-Petit-Chaperon-rouge-2-scaled.jpg?fit=1200%2C852&resize=700%2C400 2x, https:\/\/i0.wp.com\/www.jojoenherbe.com\/wp-content\/uploads\/2020\/10\/Nos-lectures-Petit-Chaperon-rouge-2-scaled.jpg?fit=1200%2C852&resize=1050%2C600 3x"},"classes":[]},{"id":7420,"url":"http:\/\/www.jojoenherbe.com\/index.php\/2019\/09\/09\/au-fil-des-pages-avec-cinq-dans-le-lit\/","url_meta":{"origin":9480,"position":1},"title":"Au fil des pages avec Cinq dans le lit","author":"Jojo","date":"9 septembre 2019","format":false,"excerpt":"Nous empruntons \u00e0 la biblioth\u00e8que un album jeunesse pour continuer de s'amuser autour des premiers chiffres, apr\u00e8s avoir lu 1,2,3 petits chats qui savaient compter jusqu'\u00e0 3. Il s'agit cette fois de Cinq dans le lit de Marie-France Painset et l'Atelier Saje (\u00e9d. Didier Jeunesse, coll. Les tout-cartons petite enfance,\u2026","rel":"","context":"Dans &quot;Mini lecteur&quot;","block_context":{"text":"Mini lecteur","link":"http:\/\/www.jojoenherbe.com\/index.php\/category\/mini-lecteur\/"},"img":{"alt_text":"","src":"https:\/\/i0.wp.com\/www.jojoenherbe.com\/wp-content\/uploads\/2019\/09\/Cinq-dans-le-lit.jpg?fit=1161%2C1200&resize=350%2C200","width":350,"height":200,"srcset":"https:\/\/i0.wp.com\/www.jojoenherbe.com\/wp-content\/uploads\/2019\/09\/Cinq-dans-le-lit.jpg?fit=1161%2C1200&resize=350%2C200 1x, https:\/\/i0.wp.com\/www.jojoenherbe.com\/wp-content\/uploads\/2019\/09\/Cinq-dans-le-lit.jpg?fit=1161%2C1200&resize=525%2C300 1.5x, https:\/\/i0.wp.com\/www.jojoenherbe.com\/wp-content\/uploads\/2019\/09\/Cinq-dans-le-lit.jpg?fit=1161%2C1200&resize=700%2C400 2x, https:\/\/i0.wp.com\/www.jojoenherbe.com\/wp-content\/uploads\/2019\/09\/Cinq-dans-le-lit.jpg?fit=1161%2C1200&resize=1050%2C600 3x"},"classes":[]},{"id":13136,"url":"http:\/\/www.jojoenherbe.com\/index.php\/2020\/10\/25\/deuxieme-alphabet-de-jojoenherbeetcieillustre-b-comme-baleine\/","url_meta":{"origin":9480,"position":2},"title":"Deuxi\u00e8me alphabet des animaux: B comme Baleine","author":"Jojo","date":"25 octobre 2020","format":false,"excerpt":"Pour la semaine 28 de mon challenge sur Instagram #jojoenherbeetcieillustre qui associe la premi\u00e8re lettre d'un animal avec une illustration tir\u00e9e de la litt\u00e9rature jeunesse en suivant l'ordre de l'alphabet, il s'agit du B comme Baleine. Alors voici notre s\u00e9lection des baleines qui sera mise \u00e0 jour au fur-et-\u00e0-mesure de\u2026","rel":"","context":"Dans &quot;Mini challenger&quot;","block_context":{"text":"Mini challenger","link":"http:\/\/www.jojoenherbe.com\/index.php\/category\/mini-challenger\/"},"img":{"alt_text":"","src":"https:\/\/i0.wp.com\/www.jojoenherbe.com\/wp-content\/uploads\/2020\/10\/Selection-Baleines-scaled.jpg?fit=1200%2C900&resize=350%2C200","width":350,"height":200,"srcset":"https:\/\/i0.wp.com\/www.jojoenherbe.com\/wp-content\/uploads\/2020\/10\/Selection-Baleines-scaled.jpg?fit=1200%2C900&resize=350%2C200 1x, https:\/\/i0.wp.com\/www.jojoenherbe.com\/wp-content\/uploads\/2020\/10\/Selection-Baleines-scaled.jpg?fit=1200%2C900&resize=525%2C300 1.5x, https:\/\/i0.wp.com\/www.jojoenherbe.com\/wp-content\/uploads\/2020\/10\/Selection-Baleines-scaled.jpg?fit=1200%2C900&resize=700%2C400 2x, https:\/\/i0.wp.com\/www.jojoenherbe.com\/wp-content\/uploads\/2020\/10\/Selection-Baleines-scaled.jpg?fit=1200%2C900&resize=1050%2C600 3x"},"classes":[]},{"id":16340,"url":"http:\/\/www.jojoenherbe.com\/index.php\/2021\/03\/08\/nos-lectures-boucle-dor-et-les-trois-ours\/","url_meta":{"origin":9480,"position":3},"title":"Nos lectures \u00ab\u00a0Boucle d&rsquo;Or et les trois ours\u00a0\u00bb","author":"Jojo","date":"8 mars 2021","format":false,"excerpt":"Apr\u00e8s avoir regroup\u00e9 sous un m\u00eame billet th\u00e9matique divers contes, j'avais envie de parler d'un autre conte que nous lisons r\u00e9guli\u00e8rement et que nous appr\u00e9cions beaucoup, celui de Boucle d'Or et les trois ours. Alors voici nos lectures, plus ou moins r\u00e9centes, autour de ce conte traditionnel qui aurait \u00e9t\u00e9\u2026","rel":"","context":"Dans &quot;Mini lecteur&quot;","block_context":{"text":"Mini lecteur","link":"http:\/\/www.jojoenherbe.com\/index.php\/category\/mini-lecteur\/"},"img":{"alt_text":"","src":"https:\/\/i0.wp.com\/www.jojoenherbe.com\/wp-content\/uploads\/2021\/03\/Nos-lectures-Boucle-dOr-scaled.jpg?fit=1200%2C900&resize=350%2C200","width":350,"height":200,"srcset":"https:\/\/i0.wp.com\/www.jojoenherbe.com\/wp-content\/uploads\/2021\/03\/Nos-lectures-Boucle-dOr-scaled.jpg?fit=1200%2C900&resize=350%2C200 1x, https:\/\/i0.wp.com\/www.jojoenherbe.com\/wp-content\/uploads\/2021\/03\/Nos-lectures-Boucle-dOr-scaled.jpg?fit=1200%2C900&resize=525%2C300 1.5x, https:\/\/i0.wp.com\/www.jojoenherbe.com\/wp-content\/uploads\/2021\/03\/Nos-lectures-Boucle-dOr-scaled.jpg?fit=1200%2C900&resize=700%2C400 2x, https:\/\/i0.wp.com\/www.jojoenherbe.com\/wp-content\/uploads\/2021\/03\/Nos-lectures-Boucle-dOr-scaled.jpg?fit=1200%2C900&resize=1050%2C600 3x"},"classes":[]},{"id":7191,"url":"http:\/\/www.jojoenherbe.com\/index.php\/2019\/08\/23\/au-fil-des-pages-avec-123-petits-chats-qui-savaient-compter-jusqua-3\/","url_meta":{"origin":9480,"position":4},"title":"Au fil des pages avec 1,2,3 petits chats qui savaient compter jusqu&rsquo;\u00e0 3","author":"Jojo","date":"23 ao\u00fbt 2019","format":false,"excerpt":"Nous lisons 1,2,3 petits chats qui savaient compter jusqu'\u00e0 3 de Michel Van Zeveren (\u00e9d. L'\u00e9cole des loisirs, 2019), un album jeunesse \u00e0 partir de 3 ans que nous appr\u00e9cions beaucoup. Tendre et dr\u00f4le \u00e0 la fois, cette histoire permet aux tout-petits de compter jusqu'\u00e0 3 avec les personnages de\u2026","rel":"","context":"Dans &quot;Mini lecteur&quot;","block_context":{"text":"Mini lecteur","link":"http:\/\/www.jojoenherbe.com\/index.php\/category\/mini-lecteur\/"},"img":{"alt_text":"","src":"https:\/\/i0.wp.com\/www.jojoenherbe.com\/wp-content\/uploads\/2019\/08\/123-petits-chats.jpg?fit=1200%2C973&resize=350%2C200","width":350,"height":200,"srcset":"https:\/\/i0.wp.com\/www.jojoenherbe.com\/wp-content\/uploads\/2019\/08\/123-petits-chats.jpg?fit=1200%2C973&resize=350%2C200 1x, https:\/\/i0.wp.com\/www.jojoenherbe.com\/wp-content\/uploads\/2019\/08\/123-petits-chats.jpg?fit=1200%2C973&resize=525%2C300 1.5x, https:\/\/i0.wp.com\/www.jojoenherbe.com\/wp-content\/uploads\/2019\/08\/123-petits-chats.jpg?fit=1200%2C973&resize=700%2C400 2x, https:\/\/i0.wp.com\/www.jojoenherbe.com\/wp-content\/uploads\/2019\/08\/123-petits-chats.jpg?fit=1200%2C973&resize=1050%2C600 3x"},"classes":[]},{"id":19352,"url":"http:\/\/www.jojoenherbe.com\/index.php\/2021\/06\/24\/nos-lectures-estivales-2021\/","url_meta":{"origin":9480,"position":5},"title":"Nos lectures estivales 2021","author":"Jojo","date":"24 juin 2021","format":false,"excerpt":"En ce 21 juin 2021 qui dit F\u00eate de la Musique et aussi \u00c9t\u00e9, nous remettons en avant de nos biblioth\u00e8ques les lectures estivales. Il y a bien s\u00fbr des histoires d\u00e9j\u00e0 les ann\u00e9es pr\u00e9c\u00e9dentes, d'autres que nous avons d\u00e9couvertes \u00e0 la m\u00e9diath\u00e8que avant qu'elles rejoignent ou non nos biblioth\u00e8ques\u2026","rel":"","context":"Dans &quot;Mini lecteur&quot;","block_context":{"text":"Mini lecteur","link":"http:\/\/www.jojoenherbe.com\/index.php\/category\/mini-lecteur\/"},"img":{"alt_text":"","src":"https:\/\/i0.wp.com\/www.jojoenherbe.com\/wp-content\/uploads\/2021\/06\/lectures-Ete-scaled.jpg?fit=1200%2C854&resize=350%2C200","width":350,"height":200,"srcset":"https:\/\/i0.wp.com\/www.jojoenherbe.com\/wp-content\/uploads\/2021\/06\/lectures-Ete-scaled.jpg?fit=1200%2C854&resize=350%2C200 1x, https:\/\/i0.wp.com\/www.jojoenherbe.com\/wp-content\/uploads\/2021\/06\/lectures-Ete-scaled.jpg?fit=1200%2C854&resize=525%2C300 1.5x, https:\/\/i0.wp.com\/www.jojoenherbe.com\/wp-content\/uploads\/2021\/06\/lectures-Ete-scaled.jpg?fit=1200%2C854&resize=700%2C400 2x, https:\/\/i0.wp.com\/www.jojoenherbe.com\/wp-content\/uploads\/2021\/06\/lectures-Ete-scaled.jpg?fit=1200%2C854&resize=1050%2C600 3x"},"classes":[]}],"_links":{"self":[{"href":"http:\/\/www.jojoenherbe.com\/index.php\/wp-json\/wp\/v2\/posts\/9480","targetHints":{"allow":["GET"]}}],"collection":[{"href":"http:\/\/www.jojoenherbe.com\/index.php\/wp-json\/wp\/v2\/posts"}],"about":[{"href":"http:\/\/www.jojoenherbe.com\/index.php\/wp-json\/wp\/v2\/types\/post"}],"author":[{"embeddable":true,"href":"http:\/\/www.jojoenherbe.com\/index.php\/wp-json\/wp\/v2\/users\/1"}],"replies":[{"embeddable":true,"href":"http:\/\/www.jojoenherbe.com\/index.php\/wp-json\/wp\/v2\/comments?post=9480"}],"version-history":[{"count":0,"href":"http:\/\/www.jojoenherbe.com\/index.php\/wp-json\/wp\/v2\/posts\/9480\/revisions"}],"wp:featuredmedia":[{"embeddable":true,"href":"http:\/\/www.jojoenherbe.com\/index.php\/wp-json\/wp\/v2\/media\/9486"}],"wp:attachment":[{"href":"http:\/\/www.jojoenherbe.com\/index.php\/wp-json\/wp\/v2\/media?parent=9480"}],"wp:term":[{"taxonomy":"category","embeddable":true,"href":"http:\/\/www.jojoenherbe.com\/index.php\/wp-json\/wp\/v2\/categories?post=9480"},{"taxonomy":"post_tag","embeddable":true,"href":"http:\/\/www.jojoenherbe.com\/index.php\/wp-json\/wp\/v2\/tags?post=9480"}],"curies":[{"name":"wp","href":"https:\/\/api.w.org\/{rel}","templated":true}]}}