{"id":9440,"date":"2020-01-06T22:48:28","date_gmt":"2020-01-06T21:48:28","guid":{"rendered":"http:\/\/www.jojoenherbe.com\/?p=9440"},"modified":"2022-08-09T13:18:04","modified_gmt":"2022-08-09T11:18:04","slug":"au-fil-des-pages-avec-au-bureau-des-objets-trouves","status":"publish","type":"post","link":"http:\/\/www.jojoenherbe.com\/index.php\/2020\/01\/06\/au-fil-des-pages-avec-au-bureau-des-objets-trouves\/","title":{"rendered":"Au fil des pages avec Au bureau des objets trouv\u00e9s"},"content":{"rendered":"<p style=\"text-align: justify;\"><em><a href=\"https:\/\/i0.wp.com\/www.jojoenherbe.com\/wp-content\/uploads\/2020\/01\/Au-bureau-des-objets-trouv%C3%A9s-2-scaled.jpg\"><img data-recalc-dims=\"1\" loading=\"lazy\" decoding=\"async\" data-attachment-id=\"9444\" data-permalink=\"http:\/\/www.jojoenherbe.com\/index.php\/2020\/01\/06\/au-fil-des-pages-avec-au-bureau-des-objets-trouves\/au-bureau-des-objets-trouves-2\/\" data-orig-file=\"https:\/\/i0.wp.com\/www.jojoenherbe.com\/wp-content\/uploads\/2020\/01\/Au-bureau-des-objets-trouv%C3%A9s-2-scaled.jpg?fit=2560%2C1929\" data-orig-size=\"2560,1929\" data-comments-opened=\"1\" data-image-meta=\"{&quot;aperture&quot;:&quot;2.4&quot;,&quot;credit&quot;:&quot;&quot;,&quot;camera&quot;:&quot;iPhone 4S&quot;,&quot;caption&quot;:&quot;&quot;,&quot;created_timestamp&quot;:&quot;1578326430&quot;,&quot;copyright&quot;:&quot;&quot;,&quot;focal_length&quot;:&quot;4.28&quot;,&quot;iso&quot;:&quot;400&quot;,&quot;shutter_speed&quot;:&quot;0.058823529411765&quot;,&quot;title&quot;:&quot;&quot;,&quot;orientation&quot;:&quot;1&quot;}\" data-image-title=\"Au bureau des objets trouv\u00e9s 2\" data-image-description=\"\" data-image-caption=\"\" data-large-file=\"https:\/\/i0.wp.com\/www.jojoenherbe.com\/wp-content\/uploads\/2020\/01\/Au-bureau-des-objets-trouv%C3%A9s-2-scaled.jpg?fit=676%2C509\" class=\"alignleft wp-image-9444 size-thumbnail\" src=\"https:\/\/i0.wp.com\/www.jojoenherbe.com\/wp-content\/uploads\/2020\/01\/Au-bureau-des-objets-trouv%C3%A9s-2.jpg?resize=150%2C150\" alt=\"\" width=\"150\" height=\"150\" srcset=\"https:\/\/i0.wp.com\/www.jojoenherbe.com\/wp-content\/uploads\/2020\/01\/Au-bureau-des-objets-trouv%C3%A9s-2-scaled.jpg?resize=150%2C150 150w, https:\/\/i0.wp.com\/www.jojoenherbe.com\/wp-content\/uploads\/2020\/01\/Au-bureau-des-objets-trouv%C3%A9s-2-scaled.jpg?zoom=2&amp;resize=150%2C150 300w, https:\/\/i0.wp.com\/www.jojoenherbe.com\/wp-content\/uploads\/2020\/01\/Au-bureau-des-objets-trouv%C3%A9s-2-scaled.jpg?zoom=3&amp;resize=150%2C150 450w\" sizes=\"auto, (max-width: 150px) 100vw, 150px\" \/><\/a> <a href=\"https:\/\/i0.wp.com\/www.jojoenherbe.com\/wp-content\/uploads\/2020\/01\/Au-bureau-des-objets-trouv%C3%A9s-3-scaled.jpg\"><img data-recalc-dims=\"1\" loading=\"lazy\" decoding=\"async\" data-attachment-id=\"9445\" data-permalink=\"http:\/\/www.jojoenherbe.com\/index.php\/2020\/01\/06\/au-fil-des-pages-avec-au-bureau-des-objets-trouves\/au-bureau-des-objets-trouves-3\/\" data-orig-file=\"https:\/\/i0.wp.com\/www.jojoenherbe.com\/wp-content\/uploads\/2020\/01\/Au-bureau-des-objets-trouv%C3%A9s-3-scaled.jpg?fit=2560%2C1920\" data-orig-size=\"2560,1920\" data-comments-opened=\"1\" data-image-meta=\"{&quot;aperture&quot;:&quot;2.4&quot;,&quot;credit&quot;:&quot;&quot;,&quot;camera&quot;:&quot;iPhone 4S&quot;,&quot;caption&quot;:&quot;&quot;,&quot;created_timestamp&quot;:&quot;1578326475&quot;,&quot;copyright&quot;:&quot;&quot;,&quot;focal_length&quot;:&quot;4.28&quot;,&quot;iso&quot;:&quot;400&quot;,&quot;shutter_speed&quot;:&quot;0.066666666666667&quot;,&quot;title&quot;:&quot;&quot;,&quot;orientation&quot;:&quot;1&quot;}\" data-image-title=\"Au bureau des objets trouv\u00e9s 3\" data-image-description=\"\" data-image-caption=\"\" data-large-file=\"https:\/\/i0.wp.com\/www.jojoenherbe.com\/wp-content\/uploads\/2020\/01\/Au-bureau-des-objets-trouv%C3%A9s-3-scaled.jpg?fit=676%2C507\" class=\"alignleft wp-image-9445 size-thumbnail\" src=\"https:\/\/i0.wp.com\/www.jojoenherbe.com\/wp-content\/uploads\/2020\/01\/Au-bureau-des-objets-trouv%C3%A9s-3.jpg?resize=150%2C150\" alt=\"\" width=\"150\" height=\"150\" srcset=\"https:\/\/i0.wp.com\/www.jojoenherbe.com\/wp-content\/uploads\/2020\/01\/Au-bureau-des-objets-trouv%C3%A9s-3-scaled.jpg?resize=150%2C150 150w, https:\/\/i0.wp.com\/www.jojoenherbe.com\/wp-content\/uploads\/2020\/01\/Au-bureau-des-objets-trouv%C3%A9s-3-scaled.jpg?zoom=2&amp;resize=150%2C150 300w, https:\/\/i0.wp.com\/www.jojoenherbe.com\/wp-content\/uploads\/2020\/01\/Au-bureau-des-objets-trouv%C3%A9s-3-scaled.jpg?zoom=3&amp;resize=150%2C150 450w\" sizes=\"auto, (max-width: 150px) 100vw, 150px\" \/><\/a>Nous empruntons \u00e0 la biblioth\u00e8que <span style=\"text-decoration: underline;\">Au bureau des objets trouv\u00e9s<\/span> de Junko Shibuya (\u00e9d. Actes Sud Junior, 2016), un album jeunesse rigolo \u00e0 partir de 3 ans et laur\u00e9at du 29\u00e8me Prix des Incorruptibles en 2018 dans la s\u00e9lection \u00ab\u00a0Maternelle\u00a0\u00bb. Nous suivons Monsieur le Chien le temps d&rsquo;une journ\u00e9e de travail au bureau des objets trouv\u00e9s. De nombreux animaux d\u00e9filent pour r\u00e9cup\u00e9rer des objets, comme l&rsquo;escargot venant r\u00e9cup\u00e9rer sa coquille. Un jeu de devinettes s&rsquo;installe alors pour le plus grand plaisir des jeunes lecteurs qui ne manqueront pas non plus d&rsquo;observer ce que fait le chien entre deux visites, comme lire ou manger une part de g\u00e2teau. Et bien s\u00fbr, \u00e0 force de relire et relire cette histoire, l&rsquo;identit\u00e9 v\u00e9ritable des diff\u00e9rents animaux n&rsquo;a plus de secret mais continue de nous faire bien rire. Sans oublier la chute de l&rsquo;histoire tout aussi dr\u00f4le et surtout inattendue. Un coup de c\u0153ur pour cet album jeunesse!<br \/>\n<\/em><\/p>\n<div style=\"width: 121px\" class=\"wp-caption alignleft\"><img data-recalc-dims=\"1\" loading=\"lazy\" decoding=\"async\" class=\"\" src=\"https:\/\/i0.wp.com\/delivrer-des-livres.fr\/wp-content\/uploads\/2019\/05\/logoalbums2019.png?resize=111%2C111\" alt=\"\" width=\"111\" height=\"111\" \/><p class=\"wp-caption-text\">Participation #118 <a href=\"http:\/\/delivrer-des-livres.fr\/challenge-albums-2019\/\">Je lis aussi des albums<\/a><\/p><\/div>\n<div style=\"width: 132px\" class=\"wp-caption alignleft\"><img loading=\"lazy\" decoding=\"async\" class=\"\" src=\"https:\/\/lh3.googleusercontent.com\/yeyHsyE8ePB9xQx2t9obPo4nIUGeuGsS-P1wwGiEip3f9lcFED23VkM1Pr5hYoy4puCex2GzVOyZNHjl5qeUnhImyiKFqwfTaONmF_HEc7SEvgxhr1eZXuJ6zzg9JfEY4XADWBPBCxMLePs3HiWfgCjRFVaAIkiQhaX8RGfOMzZhoMNQUFFuWlglQGRva5RIkSFvo7nk3yMWVz4PgUXBK3Uof2Hf073K4C6YvQC1u6gRN2BCr4tNyqitAlYfULcqVlua9UK9L5kLVOZWs2-xrAzDf1K3rxU8pxE6Fdm1EI8_YbPW09CsTNa9CW1z0lvieJ6Ify6BbltA9XBnOC99XwB4E833hDdb9KWRbKTb8bwsVGIAFF1x2JkOCAWTkq3OtXJmlgaccySEr2PvCr9rzIA4GtrzB04GpU7RNPlnkfNDjtPoy6UR5nf5SD-RQvfrkHaKDQocAHpi1MoHr0bWF4h3F08r5y_TM01DqKXAgeInHehhuxNBZ4LGs7Emk2ol6RPfVd4UEj0916JVKRknXSsSbJG_50ptPlCGTOdHDTOUMc6x63Wp68_DnNhG9qn5FPKuDHhZvC008a4nifQFWuKVT6HvqNgW-LcvXb0wnjbSwgS8qwHb3LtHJj3uAe971aQRDPkS146UchPgCLNczeUje4Y3YFpuV4P1KYu67RSdAOITJNzzSRO2Dycc1PCqSdc7IoPwLu0-aT-FJ0m-KvlkUQLXoamPhl2WKbODyZSfc5ZT=w285-h217-no\" alt=\"\" width=\"122\" height=\"93\" \/><p class=\"wp-caption-text\"><a href=\"https:\/\/ennalit.wordpress.com\/2019\/12\/01\/challenge-petit-bac-2020-qui-veut-jouer\/\">Challenge Petit Bac d&rsquo;Enna<\/a> #1 Cat\u00e9gorie Lieu: \u00ab\u00a0Bureau\u00a0\u00bb<\/p><\/div>\n","protected":false},"excerpt":{"rendered":"<p>Nous empruntons \u00e0 la biblioth\u00e8que Au bureau des objets trouv\u00e9s de Junko Shibuya (\u00e9d. Actes Sud Junior, 2016), un album jeunesse rigolo \u00e0 partir de 3 ans et laur\u00e9at du 29\u00e8me Prix des Incorruptibles en 2018 dans la s\u00e9lection \u00ab\u00a0Maternelle\u00a0\u00bb. Nous suivons Monsieur le Chien le temps d&rsquo;une journ\u00e9e de travail au bureau des objets [&hellip;]<\/p>\n","protected":false},"author":1,"featured_media":9446,"comment_status":"open","ping_status":"open","sticky":false,"template":"","format":"standard","meta":{"jetpack_post_was_ever_published":false,"_jetpack_newsletter_access":"","_jetpack_dont_email_post_to_subs":false,"_jetpack_newsletter_tier_id":0,"_jetpack_memberships_contains_paywalled_content":false,"_jetpack_memberships_contains_paid_content":false,"footnotes":""},"categories":[363],"tags":[785,409,12,1352,563,1130,1098,1350,1200,367,1131,1673,2397],"class_list":["post-9440","post","type-post","status-publish","format-standard","has-post-thumbnail","hentry","category-mini-lecteur","tag-3-6-ans","tag-albums-jeunesse","tag-animaux","tag-challenge-petit-bac-2020","tag-chien","tag-devinettes","tag-enigmes","tag-je-lis-aussi-des-albums-2019","tag-junko-shibuya","tag-lecture-jeunesse","tag-objets-perdus","tag-prix-des-incos","tag-prix-des-incos-2018","post-preview"],"jetpack_featured_media_url":"https:\/\/i0.wp.com\/www.jojoenherbe.com\/wp-content\/uploads\/2020\/01\/Au-bureau-des-objets-trouv%C3%A9s-1.jpg?fit=2448%2C2360","jetpack_sharing_enabled":true,"jetpack_shortlink":"https:\/\/wp.me\/p9zhGx-2sg","jetpack_likes_enabled":true,"jetpack-related-posts":[{"id":9798,"url":"http:\/\/www.jojoenherbe.com\/index.php\/2020\/01\/25\/au-fil-des-pages-avec-a-la-laverie-du-raton-laveur\/","url_meta":{"origin":9440,"position":0},"title":"Au fil des pages avec A la laverie du raton laveur","author":"Jojo","date":"25 janvier 2020","format":false,"excerpt":"Ayant beaucoup appr\u00e9ci\u00e9 Au bureau des objets trouv\u00e9s, nous empruntons \u00e0 la biblioth\u00e8que \u00c0 la laverie du raton laveur de Junko Shibuya (\u00e9d. Actes Sud Junior, 2019), un album jeunesse \u00e0 partir de 3 ans. L'effet de surprise que nous avions ressenti dans le pr\u00e9c\u00e9dent album n'est certes plus l\u00e0\u2026","rel":"","context":"Dans &quot;Mini lecteur&quot;","block_context":{"text":"Mini lecteur","link":"http:\/\/www.jojoenherbe.com\/index.php\/category\/mini-lecteur\/"},"img":{"alt_text":"","src":"https:\/\/i0.wp.com\/www.jojoenherbe.com\/wp-content\/uploads\/2020\/01\/A-la-laverie-du-raton-laveur-scaled.jpg?fit=1200%2C1000&resize=350%2C200","width":350,"height":200,"srcset":"https:\/\/i0.wp.com\/www.jojoenherbe.com\/wp-content\/uploads\/2020\/01\/A-la-laverie-du-raton-laveur-scaled.jpg?fit=1200%2C1000&resize=350%2C200 1x, https:\/\/i0.wp.com\/www.jojoenherbe.com\/wp-content\/uploads\/2020\/01\/A-la-laverie-du-raton-laveur-scaled.jpg?fit=1200%2C1000&resize=525%2C300 1.5x, https:\/\/i0.wp.com\/www.jojoenherbe.com\/wp-content\/uploads\/2020\/01\/A-la-laverie-du-raton-laveur-scaled.jpg?fit=1200%2C1000&resize=700%2C400 2x, https:\/\/i0.wp.com\/www.jojoenherbe.com\/wp-content\/uploads\/2020\/01\/A-la-laverie-du-raton-laveur-scaled.jpg?fit=1200%2C1000&resize=1050%2C600 3x"},"classes":[]},{"id":13916,"url":"http:\/\/www.jojoenherbe.com\/index.php\/2020\/11\/16\/deuxieme-alphabet-des-animaux-e-comme-escargot\/","url_meta":{"origin":9440,"position":1},"title":"Deuxi\u00e8me alphabet des animaux: E comme Escargot","author":"Jojo","date":"16 novembre 2020","format":false,"excerpt":"Pour la semaine 31 de mon challenge sur Instagram #jojoenherbeetcieillustre qui associe la premi\u00e8re lettre d'un animal avec une illustration tir\u00e9e de la litt\u00e9rature jeunesse en suivant l'ordre de l'alphabet, il s'agit du E comme Escargot. Alors voici notre s\u00e9lection d'escargots qui sera mise \u00e0 jour au fur-et-\u00e0-mesure de nos\u2026","rel":"","context":"Dans &quot;Mini challenger&quot;","block_context":{"text":"Mini challenger","link":"http:\/\/www.jojoenherbe.com\/index.php\/category\/mini-challenger\/"},"img":{"alt_text":"","src":"https:\/\/i0.wp.com\/www.jojoenherbe.com\/wp-content\/uploads\/2020\/11\/Selection-Escargot-scaled.jpg?fit=1200%2C831&resize=350%2C200","width":350,"height":200,"srcset":"https:\/\/i0.wp.com\/www.jojoenherbe.com\/wp-content\/uploads\/2020\/11\/Selection-Escargot-scaled.jpg?fit=1200%2C831&resize=350%2C200 1x, https:\/\/i0.wp.com\/www.jojoenherbe.com\/wp-content\/uploads\/2020\/11\/Selection-Escargot-scaled.jpg?fit=1200%2C831&resize=525%2C300 1.5x, https:\/\/i0.wp.com\/www.jojoenherbe.com\/wp-content\/uploads\/2020\/11\/Selection-Escargot-scaled.jpg?fit=1200%2C831&resize=700%2C400 2x, https:\/\/i0.wp.com\/www.jojoenherbe.com\/wp-content\/uploads\/2020\/11\/Selection-Escargot-scaled.jpg?fit=1200%2C831&resize=1050%2C600 3x"},"classes":[]},{"id":9389,"url":"http:\/\/www.jojoenherbe.com\/index.php\/2020\/01\/03\/un-second-rat-post-noel\/","url_meta":{"origin":9440,"position":2},"title":"Un second RAT post-No\u00ebl","author":"Jojo","date":"3 janvier 2020","format":false,"excerpt":"Ce 3 janvier 2020 d\u00e9bute, \u00e0 21h, un second RAT dans le cadre du Challenge Il \u00e9tait 7 fois No\u00ebl organis\u00e9 par Chicky Poo et Samarian, et ce jusqu'au 5 janvier 2020 minuit. Nous sommes ainsi pass\u00e9s pour renouveler nos livres \u00e0 la biblioth\u00e8que cet apr\u00e8s-midi avec encore quelques albums\u2026","rel":"","context":"Dans &quot;Mini challenger&quot;","block_context":{"text":"Mini challenger","link":"http:\/\/www.jojoenherbe.com\/index.php\/category\/mini-challenger\/"},"img":{"alt_text":"","src":"https:\/\/i0.wp.com\/www.jojoenherbe.com\/wp-content\/uploads\/2020\/01\/RAT-de-No%C3%ABl.jpg?fit=1200%2C1071&resize=350%2C200","width":350,"height":200,"srcset":"https:\/\/i0.wp.com\/www.jojoenherbe.com\/wp-content\/uploads\/2020\/01\/RAT-de-No%C3%ABl.jpg?fit=1200%2C1071&resize=350%2C200 1x, https:\/\/i0.wp.com\/www.jojoenherbe.com\/wp-content\/uploads\/2020\/01\/RAT-de-No%C3%ABl.jpg?fit=1200%2C1071&resize=525%2C300 1.5x, https:\/\/i0.wp.com\/www.jojoenherbe.com\/wp-content\/uploads\/2020\/01\/RAT-de-No%C3%ABl.jpg?fit=1200%2C1071&resize=700%2C400 2x, https:\/\/i0.wp.com\/www.jojoenherbe.com\/wp-content\/uploads\/2020\/01\/RAT-de-No%C3%ABl.jpg?fit=1200%2C1071&resize=1050%2C600 3x"},"classes":[]},{"id":17295,"url":"http:\/\/www.jojoenherbe.com\/index.php\/2021\/04\/19\/nos-lectures-de-la-selection-maternelle-du-prix-des-incos-2021\/","url_meta":{"origin":9440,"position":3},"title":"Nos lectures de la s\u00e9lection Maternelle du Prix des Incos 2021","author":"Jojo","date":"19 avril 2021","format":false,"excerpt":"Cette ann\u00e9e et comme d\u00e9j\u00e0 l'ann\u00e9e derni\u00e8re, nous avons pu lire la s\u00e9lection Maternelle du 32\u00e8me Prix des Incos 2020\/2021: Le bon c\u00f4t\u00e9 du mur de Jon Agee (\u00e9d. Gallimard Jeunesse, 2019), un album jeunesse \u00e0 partir de 3 ans. Au milieu du livre, il y a un mur. Un\u2026","rel":"","context":"Dans &quot;Mini lecteur&quot;","block_context":{"text":"Mini lecteur","link":"http:\/\/www.jojoenherbe.com\/index.php\/category\/mini-lecteur\/"},"img":{"alt_text":"","src":"https:\/\/i0.wp.com\/www.jojoenherbe.com\/wp-content\/uploads\/2021\/04\/Selection-Maternelle-Prix-des-Incos-2021-scaled.jpg?fit=1200%2C900&resize=350%2C200","width":350,"height":200,"srcset":"https:\/\/i0.wp.com\/www.jojoenherbe.com\/wp-content\/uploads\/2021\/04\/Selection-Maternelle-Prix-des-Incos-2021-scaled.jpg?fit=1200%2C900&resize=350%2C200 1x, https:\/\/i0.wp.com\/www.jojoenherbe.com\/wp-content\/uploads\/2021\/04\/Selection-Maternelle-Prix-des-Incos-2021-scaled.jpg?fit=1200%2C900&resize=525%2C300 1.5x, https:\/\/i0.wp.com\/www.jojoenherbe.com\/wp-content\/uploads\/2021\/04\/Selection-Maternelle-Prix-des-Incos-2021-scaled.jpg?fit=1200%2C900&resize=700%2C400 2x, https:\/\/i0.wp.com\/www.jojoenherbe.com\/wp-content\/uploads\/2021\/04\/Selection-Maternelle-Prix-des-Incos-2021-scaled.jpg?fit=1200%2C900&resize=1050%2C600 3x"},"classes":[]},{"id":17546,"url":"http:\/\/www.jojoenherbe.com\/index.php\/2021\/04\/19\/au-fil-des-pages-avec-jen-revais-depuis-longtemps\/","url_meta":{"origin":9440,"position":4},"title":"Au fil des pages avec J\u2019en r\u00eavais depuis longtemps","author":"Jojo","date":"19 avril 2021","format":false,"excerpt":"Nous lisons J\u2019en r\u00eavais depuis longtemps d\u2019Olivier Tallec (\u00e9d. Actes Sud Junior, 2018), un album jeunesse au grand format et s'ouvrant par le haut, \u00e0 partir de 4 ans. Il fait \u00e9galement partie de la s\u00e9lection Maternelle du Prix des Incos 2021. A No\u00ebl, un chien devient l'animal de compagnie\u2026","rel":"","context":"Dans &quot;Mini lecteur&quot;","block_context":{"text":"Mini lecteur","link":"http:\/\/www.jojoenherbe.com\/index.php\/category\/mini-lecteur\/"},"img":{"alt_text":"","src":"https:\/\/i0.wp.com\/www.jojoenherbe.com\/wp-content\/uploads\/2021\/04\/Jen-revais-depuis-longtemps-1-scaled.jpg?fit=1200%2C900&resize=350%2C200","width":350,"height":200,"srcset":"https:\/\/i0.wp.com\/www.jojoenherbe.com\/wp-content\/uploads\/2021\/04\/Jen-revais-depuis-longtemps-1-scaled.jpg?fit=1200%2C900&resize=350%2C200 1x, https:\/\/i0.wp.com\/www.jojoenherbe.com\/wp-content\/uploads\/2021\/04\/Jen-revais-depuis-longtemps-1-scaled.jpg?fit=1200%2C900&resize=525%2C300 1.5x, https:\/\/i0.wp.com\/www.jojoenherbe.com\/wp-content\/uploads\/2021\/04\/Jen-revais-depuis-longtemps-1-scaled.jpg?fit=1200%2C900&resize=700%2C400 2x, https:\/\/i0.wp.com\/www.jojoenherbe.com\/wp-content\/uploads\/2021\/04\/Jen-revais-depuis-longtemps-1-scaled.jpg?fit=1200%2C900&resize=1050%2C600 3x"},"classes":[]},{"id":15164,"url":"http:\/\/www.jojoenherbe.com\/index.php\/2021\/01\/17\/deuxieme-alphabet-des-animaux-r-comme-raton-laveur\/","url_meta":{"origin":9440,"position":5},"title":"Deuxi\u00e8me alphabet des animaux: R comme Raton laveur","author":"Jojo","date":"17 janvier 2021","format":false,"excerpt":"Pour la semaine 40 de mon challenge de l'alphabet des animaux illustr\u00e9s sur Instagram #jojoenherbeetcieillustre qui associe la premi\u00e8re lettre d'un animal avec une illustration tir\u00e9e de la litt\u00e9rature jeunesse en suivant l'ordre de l'alphabet, il s'agit du R comme Raton laveur. Alors voici notre s\u00e9lection de ratons laveurs qui\u2026","rel":"","context":"Dans &quot;Mini challenger&quot;","block_context":{"text":"Mini challenger","link":"http:\/\/www.jojoenherbe.com\/index.php\/category\/mini-challenger\/"},"img":{"alt_text":"","src":"https:\/\/i0.wp.com\/www.jojoenherbe.com\/wp-content\/uploads\/2021\/01\/Selection-ratons-laveurs-scaled.jpg?fit=1200%2C1089&resize=350%2C200","width":350,"height":200,"srcset":"https:\/\/i0.wp.com\/www.jojoenherbe.com\/wp-content\/uploads\/2021\/01\/Selection-ratons-laveurs-scaled.jpg?fit=1200%2C1089&resize=350%2C200 1x, https:\/\/i0.wp.com\/www.jojoenherbe.com\/wp-content\/uploads\/2021\/01\/Selection-ratons-laveurs-scaled.jpg?fit=1200%2C1089&resize=525%2C300 1.5x, https:\/\/i0.wp.com\/www.jojoenherbe.com\/wp-content\/uploads\/2021\/01\/Selection-ratons-laveurs-scaled.jpg?fit=1200%2C1089&resize=700%2C400 2x, https:\/\/i0.wp.com\/www.jojoenherbe.com\/wp-content\/uploads\/2021\/01\/Selection-ratons-laveurs-scaled.jpg?fit=1200%2C1089&resize=1050%2C600 3x"},"classes":[]}],"_links":{"self":[{"href":"http:\/\/www.jojoenherbe.com\/index.php\/wp-json\/wp\/v2\/posts\/9440","targetHints":{"allow":["GET"]}}],"collection":[{"href":"http:\/\/www.jojoenherbe.com\/index.php\/wp-json\/wp\/v2\/posts"}],"about":[{"href":"http:\/\/www.jojoenherbe.com\/index.php\/wp-json\/wp\/v2\/types\/post"}],"author":[{"embeddable":true,"href":"http:\/\/www.jojoenherbe.com\/index.php\/wp-json\/wp\/v2\/users\/1"}],"replies":[{"embeddable":true,"href":"http:\/\/www.jojoenherbe.com\/index.php\/wp-json\/wp\/v2\/comments?post=9440"}],"version-history":[{"count":2,"href":"http:\/\/www.jojoenherbe.com\/index.php\/wp-json\/wp\/v2\/posts\/9440\/revisions"}],"predecessor-version":[{"id":26935,"href":"http:\/\/www.jojoenherbe.com\/index.php\/wp-json\/wp\/v2\/posts\/9440\/revisions\/26935"}],"wp:featuredmedia":[{"embeddable":true,"href":"http:\/\/www.jojoenherbe.com\/index.php\/wp-json\/wp\/v2\/media\/9446"}],"wp:attachment":[{"href":"http:\/\/www.jojoenherbe.com\/index.php\/wp-json\/wp\/v2\/media?parent=9440"}],"wp:term":[{"taxonomy":"category","embeddable":true,"href":"http:\/\/www.jojoenherbe.com\/index.php\/wp-json\/wp\/v2\/categories?post=9440"},{"taxonomy":"post_tag","embeddable":true,"href":"http:\/\/www.jojoenherbe.com\/index.php\/wp-json\/wp\/v2\/tags?post=9440"}],"curies":[{"name":"wp","href":"https:\/\/api.w.org\/{rel}","templated":true}]}}