{"id":9424,"date":"2020-01-12T15:26:45","date_gmt":"2020-01-12T14:26:45","guid":{"rendered":"http:\/\/www.jojoenherbe.com\/?p=9424"},"modified":"2022-01-06T11:00:28","modified_gmt":"2022-01-06T10:00:28","slug":"au-fil-des-pages-avec-le-cadeau-des-rois-mages","status":"publish","type":"post","link":"http:\/\/www.jojoenherbe.com\/index.php\/2020\/01\/12\/au-fil-des-pages-avec-le-cadeau-des-rois-mages\/","title":{"rendered":"Au fil des pages avec Le cadeau des Rois mages"},"content":{"rendered":"<p style=\"text-align: justify;\"><em>Le jour de l&rsquo;\u00c9piphanie approchant et pour changer des albums jeunesse centr\u00e9s sur la galette des rois, j&rsquo;ai emprunt\u00e9 \u00e0 la biblioth\u00e8que deux versions illustr\u00e9es du conte de No\u00ebl d&rsquo;O. Henry \u00e9crit en 1905, <span style=\"text-decoration: underline;\">Le Cadeau des Rois Mages<\/span>.<br \/>\n<\/em><\/p>\n<p style=\"text-align: justify;\"><em><a href=\"https:\/\/i0.wp.com\/www.jojoenherbe.com\/wp-content\/uploads\/2020\/01\/Le-cadeau-des-Rois-mages-1-scaled.jpg\"><img data-recalc-dims=\"1\" loading=\"lazy\" decoding=\"async\" data-attachment-id=\"9572\" data-permalink=\"http:\/\/www.jojoenherbe.com\/index.php\/2020\/01\/12\/au-fil-des-pages-avec-le-cadeau-des-rois-mages\/le-cadeau-des-rois-mages-5\/\" data-orig-file=\"https:\/\/i0.wp.com\/www.jojoenherbe.com\/wp-content\/uploads\/2020\/01\/Le-cadeau-des-Rois-mages-1-scaled.jpg?fit=2560%2C1942\" data-orig-size=\"2560,1942\" data-comments-opened=\"1\" data-image-meta=\"{&quot;aperture&quot;:&quot;2.4&quot;,&quot;credit&quot;:&quot;&quot;,&quot;camera&quot;:&quot;iPhone 4S&quot;,&quot;caption&quot;:&quot;&quot;,&quot;created_timestamp&quot;:&quot;1578405109&quot;,&quot;copyright&quot;:&quot;&quot;,&quot;focal_length&quot;:&quot;4.28&quot;,&quot;iso&quot;:&quot;320&quot;,&quot;shutter_speed&quot;:&quot;0.05&quot;,&quot;title&quot;:&quot;&quot;,&quot;orientation&quot;:&quot;1&quot;}\" data-image-title=\"Le cadeau des Rois mages\" data-image-description=\"\" data-image-caption=\"\" data-large-file=\"https:\/\/i0.wp.com\/www.jojoenherbe.com\/wp-content\/uploads\/2020\/01\/Le-cadeau-des-Rois-mages-1-scaled.jpg?fit=676%2C513\" class=\"alignleft wp-image-9572 size-thumbnail\" src=\"https:\/\/i0.wp.com\/www.jojoenherbe.com\/wp-content\/uploads\/2020\/01\/Le-cadeau-des-Rois-mages-1.jpg?resize=150%2C150\" alt=\"\" width=\"150\" height=\"150\" srcset=\"https:\/\/i0.wp.com\/www.jojoenherbe.com\/wp-content\/uploads\/2020\/01\/Le-cadeau-des-Rois-mages-1-scaled.jpg?resize=150%2C150 150w, https:\/\/i0.wp.com\/www.jojoenherbe.com\/wp-content\/uploads\/2020\/01\/Le-cadeau-des-Rois-mages-1-scaled.jpg?zoom=2&amp;resize=150%2C150 300w, https:\/\/i0.wp.com\/www.jojoenherbe.com\/wp-content\/uploads\/2020\/01\/Le-cadeau-des-Rois-mages-1-scaled.jpg?zoom=3&amp;resize=150%2C150 450w\" sizes=\"auto, (max-width: 150px) 100vw, 150px\" \/><\/a> <a href=\"https:\/\/i0.wp.com\/www.jojoenherbe.com\/wp-content\/uploads\/2020\/01\/Le-cadeau-des-Rois-mages-2-scaled.jpg\"><img data-recalc-dims=\"1\" loading=\"lazy\" decoding=\"async\" data-attachment-id=\"9569\" data-permalink=\"http:\/\/www.jojoenherbe.com\/index.php\/2020\/01\/12\/au-fil-des-pages-avec-le-cadeau-des-rois-mages\/le-cadeau-des-rois-mages-2\/\" data-orig-file=\"https:\/\/i0.wp.com\/www.jojoenherbe.com\/wp-content\/uploads\/2020\/01\/Le-cadeau-des-Rois-mages-2-scaled.jpg?fit=2560%2C1920\" data-orig-size=\"2560,1920\" data-comments-opened=\"1\" data-image-meta=\"{&quot;aperture&quot;:&quot;2.4&quot;,&quot;credit&quot;:&quot;&quot;,&quot;camera&quot;:&quot;iPhone 4S&quot;,&quot;caption&quot;:&quot;&quot;,&quot;created_timestamp&quot;:&quot;1578405279&quot;,&quot;copyright&quot;:&quot;&quot;,&quot;focal_length&quot;:&quot;4.28&quot;,&quot;iso&quot;:&quot;320&quot;,&quot;shutter_speed&quot;:&quot;0.05&quot;,&quot;title&quot;:&quot;&quot;,&quot;orientation&quot;:&quot;1&quot;}\" data-image-title=\"Le cadeau des Rois mages 2\" data-image-description=\"\" data-image-caption=\"\" data-large-file=\"https:\/\/i0.wp.com\/www.jojoenherbe.com\/wp-content\/uploads\/2020\/01\/Le-cadeau-des-Rois-mages-2-scaled.jpg?fit=676%2C507\" class=\"alignleft wp-image-9569 size-thumbnail\" src=\"https:\/\/i0.wp.com\/www.jojoenherbe.com\/wp-content\/uploads\/2020\/01\/Le-cadeau-des-Rois-mages-2.jpg?resize=150%2C150\" alt=\"\" width=\"150\" height=\"150\" srcset=\"https:\/\/i0.wp.com\/www.jojoenherbe.com\/wp-content\/uploads\/2020\/01\/Le-cadeau-des-Rois-mages-2-scaled.jpg?resize=150%2C150 150w, https:\/\/i0.wp.com\/www.jojoenherbe.com\/wp-content\/uploads\/2020\/01\/Le-cadeau-des-Rois-mages-2-scaled.jpg?zoom=2&amp;resize=150%2C150 300w, https:\/\/i0.wp.com\/www.jojoenherbe.com\/wp-content\/uploads\/2020\/01\/Le-cadeau-des-Rois-mages-2-scaled.jpg?zoom=3&amp;resize=150%2C150 450w\" sizes=\"auto, (max-width: 150px) 100vw, 150px\" \/><\/a>Je commence par lire <span style=\"text-decoration: underline;\">Le Cadeau des Rois Mages<\/span> illustr\u00e9 par Patrick James Lynch (\u00e9d. Gr\u00fcnd, 2008), ayant \u00e9t\u00e9 attir\u00e9e par l&rsquo;atmosph\u00e8re d\u00e9gag\u00e9e par la couverture de l&rsquo;album. La veille de No\u00ebl, une jeune femme pauvre se lamente, n&rsquo;ayant pas r\u00e9ussi \u00e0 \u00e9conomiser assez d&rsquo;argent pour offrir un cadeau \u00e0 son \u00e9poux. Ne pourrait-elle pas sacrifier sa belle et longue chevelure par amour et par g\u00e9n\u00e9rosit\u00e9 pour son mari? Que lui r\u00e9serve de son c\u00f4t\u00e9 son \u00e9poux? J&rsquo;ai bien appr\u00e9ci\u00e9 les illustrations de P.J. Lynch tout en d\u00e9tails, notamment les visages et postures tr\u00e8s expressifs du couple. Mais le texte a mal vieilli, l&rsquo;auteur \u00e9tant tr\u00e8s misogyne, malgr\u00e9 une histoire d&rsquo;amour inconditionnel.<br \/>\n<\/em><\/p>\n<p style=\"text-align: justify;\"><em><a href=\"https:\/\/i0.wp.com\/www.jojoenherbe.com\/wp-content\/uploads\/2020\/01\/Le-cadeau-des-Rois-mages-4-scaled.jpg\"><img data-recalc-dims=\"1\" loading=\"lazy\" decoding=\"async\" data-attachment-id=\"9571\" data-permalink=\"http:\/\/www.jojoenherbe.com\/index.php\/2020\/01\/12\/au-fil-des-pages-avec-le-cadeau-des-rois-mages\/le-cadeau-des-rois-mages-4\/\" data-orig-file=\"https:\/\/i0.wp.com\/www.jojoenherbe.com\/wp-content\/uploads\/2020\/01\/Le-cadeau-des-Rois-mages-4-scaled.jpg?fit=2560%2C1732\" data-orig-size=\"2560,1732\" data-comments-opened=\"1\" data-image-meta=\"{&quot;aperture&quot;:&quot;2.4&quot;,&quot;credit&quot;:&quot;&quot;,&quot;camera&quot;:&quot;iPhone 4S&quot;,&quot;caption&quot;:&quot;&quot;,&quot;created_timestamp&quot;:&quot;1578405419&quot;,&quot;copyright&quot;:&quot;&quot;,&quot;focal_length&quot;:&quot;4.28&quot;,&quot;iso&quot;:&quot;125&quot;,&quot;shutter_speed&quot;:&quot;0.05&quot;,&quot;title&quot;:&quot;&quot;,&quot;orientation&quot;:&quot;1&quot;}\" data-image-title=\"Le cadeau des Rois mages 4\" data-image-description=\"\" data-image-caption=\"\" data-large-file=\"https:\/\/i0.wp.com\/www.jojoenherbe.com\/wp-content\/uploads\/2020\/01\/Le-cadeau-des-Rois-mages-4-scaled.jpg?fit=676%2C457\" class=\"size-thumbnail wp-image-9571 alignright\" src=\"https:\/\/i0.wp.com\/www.jojoenherbe.com\/wp-content\/uploads\/2020\/01\/Le-cadeau-des-Rois-mages-4.jpg?resize=150%2C150\" alt=\"\" width=\"150\" height=\"150\" srcset=\"https:\/\/i0.wp.com\/www.jojoenherbe.com\/wp-content\/uploads\/2020\/01\/Le-cadeau-des-Rois-mages-4-scaled.jpg?resize=150%2C150 150w, https:\/\/i0.wp.com\/www.jojoenherbe.com\/wp-content\/uploads\/2020\/01\/Le-cadeau-des-Rois-mages-4-scaled.jpg?zoom=2&amp;resize=150%2C150 300w, https:\/\/i0.wp.com\/www.jojoenherbe.com\/wp-content\/uploads\/2020\/01\/Le-cadeau-des-Rois-mages-4-scaled.jpg?zoom=3&amp;resize=150%2C150 450w\" sizes=\"auto, (max-width: 150px) 100vw, 150px\" \/><\/a> <a href=\"https:\/\/i0.wp.com\/www.jojoenherbe.com\/wp-content\/uploads\/2020\/01\/Le-cadeau-des-Rois-mages-3-scaled.jpg\"><img data-recalc-dims=\"1\" loading=\"lazy\" decoding=\"async\" data-attachment-id=\"9570\" data-permalink=\"http:\/\/www.jojoenherbe.com\/index.php\/2020\/01\/12\/au-fil-des-pages-avec-le-cadeau-des-rois-mages\/le-cadeau-des-rois-mages-3\/\" data-orig-file=\"https:\/\/i0.wp.com\/www.jojoenherbe.com\/wp-content\/uploads\/2020\/01\/Le-cadeau-des-Rois-mages-3-scaled.jpg?fit=2560%2C1920\" data-orig-size=\"2560,1920\" data-comments-opened=\"1\" data-image-meta=\"{&quot;aperture&quot;:&quot;2.4&quot;,&quot;credit&quot;:&quot;&quot;,&quot;camera&quot;:&quot;iPhone 4S&quot;,&quot;caption&quot;:&quot;&quot;,&quot;created_timestamp&quot;:&quot;1578405293&quot;,&quot;copyright&quot;:&quot;&quot;,&quot;focal_length&quot;:&quot;4.28&quot;,&quot;iso&quot;:&quot;320&quot;,&quot;shutter_speed&quot;:&quot;0.05&quot;,&quot;title&quot;:&quot;&quot;,&quot;orientation&quot;:&quot;1&quot;}\" data-image-title=\"Le cadeau des Rois mages 3\" data-image-description=\"\" data-image-caption=\"\" data-large-file=\"https:\/\/i0.wp.com\/www.jojoenherbe.com\/wp-content\/uploads\/2020\/01\/Le-cadeau-des-Rois-mages-3-scaled.jpg?fit=676%2C507\" class=\"size-thumbnail wp-image-9570 alignright\" src=\"https:\/\/i0.wp.com\/www.jojoenherbe.com\/wp-content\/uploads\/2020\/01\/Le-cadeau-des-Rois-mages-3.jpg?resize=150%2C150\" alt=\"\" width=\"150\" height=\"150\" srcset=\"https:\/\/i0.wp.com\/www.jojoenherbe.com\/wp-content\/uploads\/2020\/01\/Le-cadeau-des-Rois-mages-3-scaled.jpg?resize=150%2C150 150w, https:\/\/i0.wp.com\/www.jojoenherbe.com\/wp-content\/uploads\/2020\/01\/Le-cadeau-des-Rois-mages-3-scaled.jpg?zoom=2&amp;resize=150%2C150 300w, https:\/\/i0.wp.com\/www.jojoenherbe.com\/wp-content\/uploads\/2020\/01\/Le-cadeau-des-Rois-mages-3-scaled.jpg?zoom=3&amp;resize=150%2C150 450w\" sizes=\"auto, (max-width: 150px) 100vw, 150px\" \/><\/a>Puis j&rsquo;encha\u00eene par une nouvelle traduction illustr\u00e9e par Lisbeth Zwerger (\u00e9d. Nord Sud, 2004), seconde version que j&rsquo;ai moins appr\u00e9ci\u00e9 que la pr\u00e9c\u00e9dente, le texte traduit \u00e9tant moins fluide. Les passages illustr\u00e9s sont souvent les m\u00eames et se ressemblent beaucoup, m\u00eame si le trait de crayon est bien diff\u00e9rent. Si je n&rsquo;avais pas vu en premier la version de P.J. Lynch, il est certain que je n&rsquo;aurai pas emprunt\u00e9 celle-ci. Heureusement, nos autres lectures autour de l&rsquo;\u00c9piphanie ont \u00e9t\u00e9 plus appr\u00e9ci\u00e9es, comme <a href=\"http:\/\/www.jojoenherbe.com\/index.php\/2020\/01\/09\/au-fil-des-pages-avec-la-galette-des-rois\/\"><span style=\"text-decoration: underline;\">La galette \u00e0 l&rsquo;escampette<\/span><\/a>.<br \/>\n<\/em><\/p>\n<p style=\"text-align: justify;\"><em>Pour un autre avis sur une troisi\u00e8me version de cette histoire illustr\u00e9e par Sonja Danawski (\u00e9d. Minedition, 2013): <a href=\"https:\/\/mapetitemediatheque.fr\/2020\/01\/le-cadeau-des-rois-mages-album-jeunesse\/\">Bidib<\/a> et pour un avis bien plus enthousiaste sur la version illustr\u00e9e par P.J. Lynch: <a href=\"https:\/\/vivrelivre19.over-blog.com\/2022\/01\/le-cadeau-des-rois-mages.html\">Blandine<\/a>.<br \/>\n<\/em><\/p>\n<div style=\"width: 139px\" class=\"wp-caption alignleft\"><img data-recalc-dims=\"1\" loading=\"lazy\" decoding=\"async\" class=\"\" src=\"https:\/\/i0.wp.com\/delivrer-des-livres.fr\/wp-content\/uploads\/2019\/05\/logoalbums2019.png?resize=129%2C129\" alt=\"\" width=\"129\" height=\"129\" \/><p class=\"wp-caption-text\">Participation #125 <a href=\"http:\/\/delivrer-des-livres.fr\/challenge-albums-2019\/\">Je lis aussi des albums<\/a><\/p><\/div>\n<div id=\"attachment_10219\" style=\"width: 117px\" class=\"wp-caption alignleft\"><img data-recalc-dims=\"1\" loading=\"lazy\" decoding=\"async\" aria-describedby=\"caption-attachment-10219\" data-attachment-id=\"10219\" data-permalink=\"http:\/\/www.jojoenherbe.com\/index.php\/2020\/03\/02\/au-fil-des-pages-avec-lievre-et-ours-sous-la-neige\/lievre-et-ours-sous-la-neige\/\" data-orig-file=\"https:\/\/i0.wp.com\/www.jojoenherbe.com\/wp-content\/uploads\/2020\/03\/Li%C3%A8vre-et-Ours-sous-la-neige-scaled.jpg?fit=2560%2C1892\" data-orig-size=\"2560,1892\" data-comments-opened=\"1\" data-image-meta=\"{&quot;aperture&quot;:&quot;2.4&quot;,&quot;credit&quot;:&quot;&quot;,&quot;camera&quot;:&quot;iPhone 4S&quot;,&quot;caption&quot;:&quot;&quot;,&quot;created_timestamp&quot;:&quot;1583147305&quot;,&quot;copyright&quot;:&quot;&quot;,&quot;focal_length&quot;:&quot;4.28&quot;,&quot;iso&quot;:&quot;640&quot;,&quot;shutter_speed&quot;:&quot;0.066666666666667&quot;,&quot;title&quot;:&quot;&quot;,&quot;orientation&quot;:&quot;1&quot;}\" data-image-title=\"Li\u00e8vre et Ours, sous la neige\" data-image-description=\"\" data-image-caption=\"\" data-large-file=\"https:\/\/i0.wp.com\/www.jojoenherbe.com\/wp-content\/uploads\/2020\/03\/Li%C3%A8vre-et-Ours-sous-la-neige-scaled.jpg?fit=676%2C500\" class=\"wp-image-10219\" src=\"https:\/\/i0.wp.com\/mapetitemediatheque.fr\/wp-content\/uploads\/2018\/11\/challenge-contes-et-l%C3%A9gendes.jpg?resize=107%2C134\" sizes=\"auto, (max-width: 343px) 100vw, 343px\" srcset=\"http:\/\/mapetitemediatheque.fr\/wp-content\/uploads\/2018\/11\/challenge-contes-et-l\u00e9gendes.jpg 343w, http:\/\/mapetitemediatheque.fr\/wp-content\/uploads\/2018\/11\/challenge-contes-et-l\u00e9gendes-239x300.jpg 239w\" alt=\"\" width=\"107\" height=\"134\" \/><p id=\"caption-attachment-10219\" class=\"wp-caption-text\">Participation #3 Contes &amp; L\u00e9gendes 2020 de <a href=\"http:\/\/mapetitemediatheque.fr\/2020\/01\/challenge-contes-et-legendes-2020\/\">Bidib<\/a><\/p><\/div>\n<div style=\"width: 144px\" class=\"wp-caption alignleft\"><img loading=\"lazy\" decoding=\"async\" class=\"\" src=\"https:\/\/lh3.googleusercontent.com\/yeyHsyE8ePB9xQx2t9obPo4nIUGeuGsS-P1wwGiEip3f9lcFED23VkM1Pr5hYoy4puCex2GzVOyZNHjl5qeUnhImyiKFqwfTaONmF_HEc7SEvgxhr1eZXuJ6zzg9JfEY4XADWBPBCxMLePs3HiWfgCjRFVaAIkiQhaX8RGfOMzZhoMNQUFFuWlglQGRva5RIkSFvo7nk3yMWVz4PgUXBK3Uof2Hf073K4C6YvQC1u6gRN2BCr4tNyqitAlYfULcqVlua9UK9L5kLVOZWs2-xrAzDf1K3rxU8pxE6Fdm1EI8_YbPW09CsTNa9CW1z0lvieJ6Ify6BbltA9XBnOC99XwB4E833hDdb9KWRbKTb8bwsVGIAFF1x2JkOCAWTkq3OtXJmlgaccySEr2PvCr9rzIA4GtrzB04GpU7RNPlnkfNDjtPoy6UR5nf5SD-RQvfrkHaKDQocAHpi1MoHr0bWF4h3F08r5y_TM01DqKXAgeInHehhuxNBZ4LGs7Emk2ol6RPfVd4UEj0916JVKRknXSsSbJG_50ptPlCGTOdHDTOUMc6x63Wp68_DnNhG9qn5FPKuDHhZvC008a4nifQFWuKVT6HvqNgW-LcvXb0wnjbSwgS8qwHb3LtHJj3uAe971aQRDPkS146UchPgCLNczeUje4Y3YFpuV4P1KYu67RSdAOITJNzzSRO2Dycc1PCqSdc7IoPwLu0-aT-FJ0m-KvlkUQLXoamPhl2WKbODyZSfc5ZT=w285-h217-no\" alt=\"\" width=\"134\" height=\"102\" \/><p class=\"wp-caption-text\"><a href=\"https:\/\/ennalit.wordpress.com\/2019\/12\/01\/challenge-petit-bac-2020-qui-veut-jouer\/\">Challenge Petit Bac d&rsquo;Enna<\/a> #1 et #2 Cat\u00e9gorie Personne r\u00e9elle: \u00ab\u00a0Rois mages\u00a0\u00bb<\/p><\/div>\n","protected":false},"excerpt":{"rendered":"<p>Le jour de l&rsquo;\u00c9piphanie approchant et pour changer des albums jeunesse centr\u00e9s sur la galette des rois, j&rsquo;ai emprunt\u00e9 \u00e0 la biblioth\u00e8que deux versions illustr\u00e9es du conte de No\u00ebl d&rsquo;O. Henry \u00e9crit en 1905, Le Cadeau des Rois Mages. Je commence par lire Le Cadeau des Rois Mages illustr\u00e9 par Patrick James Lynch (\u00e9d. Gr\u00fcnd, [&hellip;]<\/p>\n","protected":false},"author":1,"featured_media":9420,"comment_status":"open","ping_status":"open","sticky":false,"template":"","format":"standard","meta":{"jetpack_post_was_ever_published":false,"_jetpack_newsletter_access":"","_jetpack_dont_email_post_to_subs":false,"_jetpack_newsletter_tier_id":0,"_jetpack_memberships_contains_paywalled_content":false,"_jetpack_memberships_contains_paid_content":false,"footnotes":""},"categories":[363],"tags":[788,409,777,1065,1365,1352,1153,987,1126,979,1350,367,1056,2694,2692,2693,1073,1152,1154],"class_list":["post-9424","post","type-post","status-publish","format-standard","has-post-thumbnail","hentry","category-mini-lecteur","tag-6-9-ans","tag-albums-jeunesse","tag-amour","tag-cadeau","tag-challenge-contes-et-legendes-2020","tag-challenge-petit-bac-2020","tag-contes-de-noel","tag-contes-modernes","tag-epiphanie","tag-generosite","tag-je-lis-aussi-des-albums-2019","tag-lecture-jeunesse","tag-lectures-de-noel","tag-lisbeth-zwerger","tag-o-henry","tag-patrick-james-lynch","tag-pauvrete","tag-rois-mages","tag-sacrifice","post-preview"],"jetpack_featured_media_url":"https:\/\/i0.wp.com\/www.jojoenherbe.com\/wp-content\/uploads\/2020\/01\/Le-cadeau-des-rois-mages-scaled.jpg?fit=2560%2C1914","jetpack_sharing_enabled":true,"jetpack_shortlink":"https:\/\/wp.me\/p9zhGx-2s0","jetpack_likes_enabled":true,"jetpack-related-posts":[{"id":9389,"url":"http:\/\/www.jojoenherbe.com\/index.php\/2020\/01\/03\/un-second-rat-post-noel\/","url_meta":{"origin":9424,"position":0},"title":"Un second RAT post-No\u00ebl","author":"Jojo","date":"3 janvier 2020","format":false,"excerpt":"Ce 3 janvier 2020 d\u00e9bute, \u00e0 21h, un second RAT dans le cadre du Challenge Il \u00e9tait 7 fois No\u00ebl organis\u00e9 par Chicky Poo et Samarian, et ce jusqu'au 5 janvier 2020 minuit. Nous sommes ainsi pass\u00e9s pour renouveler nos livres \u00e0 la biblioth\u00e8que cet apr\u00e8s-midi avec encore quelques albums\u2026","rel":"","context":"Dans &quot;Mini challenger&quot;","block_context":{"text":"Mini challenger","link":"http:\/\/www.jojoenherbe.com\/index.php\/category\/mini-challenger\/"},"img":{"alt_text":"","src":"https:\/\/i0.wp.com\/www.jojoenherbe.com\/wp-content\/uploads\/2020\/01\/RAT-de-No%C3%ABl.jpg?fit=1200%2C1071&resize=350%2C200","width":350,"height":200,"srcset":"https:\/\/i0.wp.com\/www.jojoenherbe.com\/wp-content\/uploads\/2020\/01\/RAT-de-No%C3%ABl.jpg?fit=1200%2C1071&resize=350%2C200 1x, https:\/\/i0.wp.com\/www.jojoenherbe.com\/wp-content\/uploads\/2020\/01\/RAT-de-No%C3%ABl.jpg?fit=1200%2C1071&resize=525%2C300 1.5x, https:\/\/i0.wp.com\/www.jojoenherbe.com\/wp-content\/uploads\/2020\/01\/RAT-de-No%C3%ABl.jpg?fit=1200%2C1071&resize=700%2C400 2x, https:\/\/i0.wp.com\/www.jojoenherbe.com\/wp-content\/uploads\/2020\/01\/RAT-de-No%C3%ABl.jpg?fit=1200%2C1071&resize=1050%2C600 3x"},"classes":[]},{"id":9503,"url":"http:\/\/www.jojoenherbe.com\/index.php\/2020\/01\/09\/au-fil-des-pages-avec-la-galette-des-rois\/","url_meta":{"origin":9424,"position":1},"title":"Au fil des pages avec la galette des rois","author":"Jojo","date":"9 janvier 2020","format":false,"excerpt":"Cette ann\u00e9e, nous rajoutons dans nos lectures deux albums jeunesse sur le th\u00e8me de la galette des rois, apr\u00e8s avoir relu les trois ressortis de notre biblioth\u00e8que: P'tit Loup est le roi de la galette, Loup Gouloup et la lune et Petit Lapin Blanc et la galette des rois. Ces\u2026","rel":"","context":"Dans &quot;Mini lecteur&quot;","block_context":{"text":"Mini lecteur","link":"http:\/\/www.jojoenherbe.com\/index.php\/category\/mini-lecteur\/"},"img":{"alt_text":"","src":"https:\/\/i0.wp.com\/www.jojoenherbe.com\/wp-content\/uploads\/2020\/01\/Albums-jeunesse-Galette-des-rois-3-scaled.jpg?fit=1200%2C853&resize=350%2C200","width":350,"height":200,"srcset":"https:\/\/i0.wp.com\/www.jojoenherbe.com\/wp-content\/uploads\/2020\/01\/Albums-jeunesse-Galette-des-rois-3-scaled.jpg?fit=1200%2C853&resize=350%2C200 1x, https:\/\/i0.wp.com\/www.jojoenherbe.com\/wp-content\/uploads\/2020\/01\/Albums-jeunesse-Galette-des-rois-3-scaled.jpg?fit=1200%2C853&resize=525%2C300 1.5x, https:\/\/i0.wp.com\/www.jojoenherbe.com\/wp-content\/uploads\/2020\/01\/Albums-jeunesse-Galette-des-rois-3-scaled.jpg?fit=1200%2C853&resize=700%2C400 2x, https:\/\/i0.wp.com\/www.jojoenherbe.com\/wp-content\/uploads\/2020\/01\/Albums-jeunesse-Galette-des-rois-3-scaled.jpg?fit=1200%2C853&resize=1050%2C600 3x"},"classes":[]},{"id":9038,"url":"http:\/\/www.jojoenherbe.com\/index.php\/2019\/12\/19\/au-fil-des-pages-avec-a-la-recherche-du-pere-noel\/","url_meta":{"origin":9424,"position":2},"title":"Au fil des pages avec \u00c0 la recherche du P\u00e8re No\u00ebl","author":"Jojo","date":"19 d\u00e9cembre 2019","format":false,"excerpt":"Nous empruntons \u00e0 la biblioth\u00e8que \u00c0 la recherche du P\u00e8re No\u00ebl de Thierry Dedieu (\u00e9d. Seuil Jeunesse, 2015), un album jeunesse tr\u00e8s grand format \u00e0 partir de 3 ans. Un bonhomme de neige s'anime sous les yeux m\u00e9dus\u00e9s d'un rouge-gorge. Il souhaite rencontrer le P\u00e8re No\u00ebl pour lui offrir un\u2026","rel":"","context":"Dans &quot;Mini lecteur&quot;","block_context":{"text":"Mini lecteur","link":"http:\/\/www.jojoenherbe.com\/index.php\/category\/mini-lecteur\/"},"img":{"alt_text":"","src":"https:\/\/i0.wp.com\/www.jojoenherbe.com\/wp-content\/uploads\/2019\/12\/A-la-recherche-du-P%C3%A8re-No%C3%ABl.jpg?fit=1200%2C1168&resize=350%2C200","width":350,"height":200,"srcset":"https:\/\/i0.wp.com\/www.jojoenherbe.com\/wp-content\/uploads\/2019\/12\/A-la-recherche-du-P%C3%A8re-No%C3%ABl.jpg?fit=1200%2C1168&resize=350%2C200 1x, https:\/\/i0.wp.com\/www.jojoenherbe.com\/wp-content\/uploads\/2019\/12\/A-la-recherche-du-P%C3%A8re-No%C3%ABl.jpg?fit=1200%2C1168&resize=525%2C300 1.5x, https:\/\/i0.wp.com\/www.jojoenherbe.com\/wp-content\/uploads\/2019\/12\/A-la-recherche-du-P%C3%A8re-No%C3%ABl.jpg?fit=1200%2C1168&resize=700%2C400 2x, https:\/\/i0.wp.com\/www.jojoenherbe.com\/wp-content\/uploads\/2019\/12\/A-la-recherche-du-P%C3%A8re-No%C3%ABl.jpg?fit=1200%2C1168&resize=1050%2C600 3x"},"classes":[]},{"id":9341,"url":"http:\/\/www.jojoenherbe.com\/index.php\/2020\/01\/03\/au-fil-des-pages-avec-anton-et-le-cadeau-de-noel\/","url_meta":{"origin":9424,"position":3},"title":"Au fil des pages avec Anton et le cadeau de No\u00ebl","author":"Jojo","date":"3 janvier 2020","format":false,"excerpt":"Nous empruntons \u00e0 la biblioth\u00e8que Anton et le cadeau de No\u00ebl d'Ole K\u00f6nnecke (\u00e9d. De la Martini\u00e8re Jeunesse, 2013), un album jeunesse \u00e0 partir de 3 ans. Un jour, un petit gar\u00e7on part se promener dans la neige avec sa peluche, Ours Gustav. Tout \u00e0 coup, un paquet tombe du\u2026","rel":"","context":"Dans &quot;Mini lecteur&quot;","block_context":{"text":"Mini lecteur","link":"http:\/\/www.jojoenherbe.com\/index.php\/category\/mini-lecteur\/"},"img":{"alt_text":"","src":"https:\/\/i0.wp.com\/www.jojoenherbe.com\/wp-content\/uploads\/2020\/01\/Anton-et-le-cadeau-de-No%C3%ABl-scaled.jpg?fit=1200%2C906&resize=350%2C200","width":350,"height":200,"srcset":"https:\/\/i0.wp.com\/www.jojoenherbe.com\/wp-content\/uploads\/2020\/01\/Anton-et-le-cadeau-de-No%C3%ABl-scaled.jpg?fit=1200%2C906&resize=350%2C200 1x, https:\/\/i0.wp.com\/www.jojoenherbe.com\/wp-content\/uploads\/2020\/01\/Anton-et-le-cadeau-de-No%C3%ABl-scaled.jpg?fit=1200%2C906&resize=525%2C300 1.5x, https:\/\/i0.wp.com\/www.jojoenherbe.com\/wp-content\/uploads\/2020\/01\/Anton-et-le-cadeau-de-No%C3%ABl-scaled.jpg?fit=1200%2C906&resize=700%2C400 2x, https:\/\/i0.wp.com\/www.jojoenherbe.com\/wp-content\/uploads\/2020\/01\/Anton-et-le-cadeau-de-No%C3%ABl-scaled.jpg?fit=1200%2C906&resize=1050%2C600 3x"},"classes":[]},{"id":9513,"url":"http:\/\/www.jojoenherbe.com\/index.php\/2020\/12\/31\/recap-du-challenge-petit-bac-2020\/","url_meta":{"origin":9424,"position":4},"title":"R\u00e9cap&rsquo; du Challenge Petit Bac 2020","author":"Jojo","date":"31 d\u00e9cembre 2020","format":false,"excerpt":"Cette ann\u00e9e 2020, j'ai particip\u00e9 pour la seconde fois cons\u00e9cutive au Challenge Petit Bac d'Enna, les cinq premi\u00e8res cat\u00e9gories restant identiques \u00e0 l'ann\u00e9e derni\u00e8re mais certaines nouvelles \u00e9tant plus difficiles. Quel casse-t\u00eate pour d\u00e9nicher le mot ad\u00e9quat dans tous les livres lus, essentiellement des albums jeunesse. Finalement ce sera 13\u2026","rel":"","context":"Dans &quot;Mini challenger&quot;","block_context":{"text":"Mini challenger","link":"http:\/\/www.jojoenherbe.com\/index.php\/category\/mini-challenger\/"},"img":{"alt_text":"","src":"https:\/\/i0.wp.com\/www.jojoenherbe.com\/wp-content\/uploads\/2020\/12\/Challenge-Petit-Bac-2020-scaled.jpg?fit=1200%2C1115&resize=350%2C200","width":350,"height":200,"srcset":"https:\/\/i0.wp.com\/www.jojoenherbe.com\/wp-content\/uploads\/2020\/12\/Challenge-Petit-Bac-2020-scaled.jpg?fit=1200%2C1115&resize=350%2C200 1x, https:\/\/i0.wp.com\/www.jojoenherbe.com\/wp-content\/uploads\/2020\/12\/Challenge-Petit-Bac-2020-scaled.jpg?fit=1200%2C1115&resize=525%2C300 1.5x, https:\/\/i0.wp.com\/www.jojoenherbe.com\/wp-content\/uploads\/2020\/12\/Challenge-Petit-Bac-2020-scaled.jpg?fit=1200%2C1115&resize=700%2C400 2x, https:\/\/i0.wp.com\/www.jojoenherbe.com\/wp-content\/uploads\/2020\/12\/Challenge-Petit-Bac-2020-scaled.jpg?fit=1200%2C1115&resize=1050%2C600 3x"},"classes":[]},{"id":9157,"url":"http:\/\/www.jojoenherbe.com\/index.php\/2020\/01\/07\/au-fil-des-pages-avec-petit-herisson-a-noel\/","url_meta":{"origin":9424,"position":5},"title":"Au fil des pages avec Petit H\u00e9risson \u00e0 No\u00ebl","author":"Jojo","date":"7 janvier 2020","format":false,"excerpt":"Pendant les f\u00eates de No\u00ebl, nous lisons deux nouvelles histoires de Petit H\u00e9risson, personnage attachant que nous avions d\u00e9couvert avec Joyeuses P\u00e2ques, Petit H\u00e9risson!. Nous commen\u00e7ons par Le No\u00ebl du H\u00e9risson de M. Cristina Butler et Tina Macnaughton (\u00e9d. Milan, 2013), un album jeunesse \u00e0 partir de 3 ans. En\u2026","rel":"","context":"Dans &quot;Mini lecteur&quot;","block_context":{"text":"Mini lecteur","link":"http:\/\/www.jojoenherbe.com\/index.php\/category\/mini-lecteur\/"},"img":{"alt_text":"","src":"https:\/\/i0.wp.com\/www.jojoenherbe.com\/wp-content\/uploads\/2020\/01\/Petit-H%C3%A9risson-No%C3%ABl-scaled.jpg?fit=1200%2C887&resize=350%2C200","width":350,"height":200,"srcset":"https:\/\/i0.wp.com\/www.jojoenherbe.com\/wp-content\/uploads\/2020\/01\/Petit-H%C3%A9risson-No%C3%ABl-scaled.jpg?fit=1200%2C887&resize=350%2C200 1x, https:\/\/i0.wp.com\/www.jojoenherbe.com\/wp-content\/uploads\/2020\/01\/Petit-H%C3%A9risson-No%C3%ABl-scaled.jpg?fit=1200%2C887&resize=525%2C300 1.5x, https:\/\/i0.wp.com\/www.jojoenherbe.com\/wp-content\/uploads\/2020\/01\/Petit-H%C3%A9risson-No%C3%ABl-scaled.jpg?fit=1200%2C887&resize=700%2C400 2x, https:\/\/i0.wp.com\/www.jojoenherbe.com\/wp-content\/uploads\/2020\/01\/Petit-H%C3%A9risson-No%C3%ABl-scaled.jpg?fit=1200%2C887&resize=1050%2C600 3x"},"classes":[]}],"_links":{"self":[{"href":"http:\/\/www.jojoenherbe.com\/index.php\/wp-json\/wp\/v2\/posts\/9424","targetHints":{"allow":["GET"]}}],"collection":[{"href":"http:\/\/www.jojoenherbe.com\/index.php\/wp-json\/wp\/v2\/posts"}],"about":[{"href":"http:\/\/www.jojoenherbe.com\/index.php\/wp-json\/wp\/v2\/types\/post"}],"author":[{"embeddable":true,"href":"http:\/\/www.jojoenherbe.com\/index.php\/wp-json\/wp\/v2\/users\/1"}],"replies":[{"embeddable":true,"href":"http:\/\/www.jojoenherbe.com\/index.php\/wp-json\/wp\/v2\/comments?post=9424"}],"version-history":[{"count":0,"href":"http:\/\/www.jojoenherbe.com\/index.php\/wp-json\/wp\/v2\/posts\/9424\/revisions"}],"wp:featuredmedia":[{"embeddable":true,"href":"http:\/\/www.jojoenherbe.com\/index.php\/wp-json\/wp\/v2\/media\/9420"}],"wp:attachment":[{"href":"http:\/\/www.jojoenherbe.com\/index.php\/wp-json\/wp\/v2\/media?parent=9424"}],"wp:term":[{"taxonomy":"category","embeddable":true,"href":"http:\/\/www.jojoenherbe.com\/index.php\/wp-json\/wp\/v2\/categories?post=9424"},{"taxonomy":"post_tag","embeddable":true,"href":"http:\/\/www.jojoenherbe.com\/index.php\/wp-json\/wp\/v2\/tags?post=9424"}],"curies":[{"name":"wp","href":"https:\/\/api.w.org\/{rel}","templated":true}]}}