{"id":9363,"date":"2020-01-03T16:57:46","date_gmt":"2020-01-03T15:57:46","guid":{"rendered":"http:\/\/www.jojoenherbe.com\/?p=9363"},"modified":"2020-01-03T17:09:36","modified_gmt":"2020-01-03T16:09:36","slug":"debut-dannee-au-fort-de-la-revere","status":"publish","type":"post","link":"http:\/\/www.jojoenherbe.com\/index.php\/2020\/01\/03\/debut-dannee-au-fort-de-la-revere\/","title":{"rendered":"D\u00e9but d&rsquo;ann\u00e9e au Fort de la Rev\u00e8re"},"content":{"rendered":"<p style=\"text-align: justify;\"><em> <a href=\"https:\/\/i0.wp.com\/www.jojoenherbe.com\/wp-content\/uploads\/2020\/01\/Fort-de-la-Rev%C3%A8re-scaled.jpg\"><img data-recalc-dims=\"1\" loading=\"lazy\" decoding=\"async\" data-attachment-id=\"9370\" data-permalink=\"http:\/\/www.jojoenherbe.com\/index.php\/2020\/01\/03\/debut-dannee-au-fort-de-la-revere\/fort-de-la-revere-19\/\" data-orig-file=\"https:\/\/i0.wp.com\/www.jojoenherbe.com\/wp-content\/uploads\/2020\/01\/Fort-de-la-Rev%C3%A8re-scaled.jpg?fit=2560%2C1920\" data-orig-size=\"2560,1920\" data-comments-opened=\"1\" data-image-meta=\"{&quot;aperture&quot;:&quot;3.2&quot;,&quot;credit&quot;:&quot;&quot;,&quot;camera&quot;:&quot;DSC-HX400V&quot;,&quot;caption&quot;:&quot;&quot;,&quot;created_timestamp&quot;:&quot;1577893635&quot;,&quot;copyright&quot;:&quot;&quot;,&quot;focal_length&quot;:&quot;4.3&quot;,&quot;iso&quot;:&quot;80&quot;,&quot;shutter_speed&quot;:&quot;0.00125&quot;,&quot;title&quot;:&quot;&quot;,&quot;orientation&quot;:&quot;1&quot;}\" data-image-title=\"Fort de la Rev\u00e8re\" data-image-description=\"\" data-image-caption=\"\" data-large-file=\"https:\/\/i0.wp.com\/www.jojoenherbe.com\/wp-content\/uploads\/2020\/01\/Fort-de-la-Rev%C3%A8re-scaled.jpg?fit=676%2C507\" class=\"alignleft size-thumbnail wp-image-9370\" src=\"https:\/\/i0.wp.com\/www.jojoenherbe.com\/wp-content\/uploads\/2020\/01\/Fort-de-la-Rev%C3%A8re.jpg?resize=150%2C150\" alt=\"\" width=\"150\" height=\"150\" srcset=\"https:\/\/i0.wp.com\/www.jojoenherbe.com\/wp-content\/uploads\/2020\/01\/Fort-de-la-Rev%C3%A8re-scaled.jpg?resize=150%2C150 150w, https:\/\/i0.wp.com\/www.jojoenherbe.com\/wp-content\/uploads\/2020\/01\/Fort-de-la-Rev%C3%A8re-scaled.jpg?zoom=2&amp;resize=150%2C150 300w, https:\/\/i0.wp.com\/www.jojoenherbe.com\/wp-content\/uploads\/2020\/01\/Fort-de-la-Rev%C3%A8re-scaled.jpg?zoom=3&amp;resize=150%2C150 450w\" sizes=\"auto, (max-width: 150px) 100vw, 150px\" \/><\/a> <a href=\"https:\/\/i0.wp.com\/www.jojoenherbe.com\/wp-content\/uploads\/2020\/01\/Fort-de-la-Rev%C3%A8re-6-scaled.jpg\"><img data-recalc-dims=\"1\" loading=\"lazy\" decoding=\"async\" data-attachment-id=\"9375\" data-permalink=\"http:\/\/www.jojoenherbe.com\/index.php\/2020\/01\/03\/debut-dannee-au-fort-de-la-revere\/fort-de-la-revere-6-3\/\" data-orig-file=\"https:\/\/i0.wp.com\/www.jojoenherbe.com\/wp-content\/uploads\/2020\/01\/Fort-de-la-Rev%C3%A8re-6-scaled.jpg?fit=2560%2C1920\" data-orig-size=\"2560,1920\" data-comments-opened=\"1\" data-image-meta=\"{&quot;aperture&quot;:&quot;5&quot;,&quot;credit&quot;:&quot;&quot;,&quot;camera&quot;:&quot;DSC-HX400V&quot;,&quot;caption&quot;:&quot;&quot;,&quot;created_timestamp&quot;:&quot;1577891575&quot;,&quot;copyright&quot;:&quot;&quot;,&quot;focal_length&quot;:&quot;4.3&quot;,&quot;iso&quot;:&quot;80&quot;,&quot;shutter_speed&quot;:&quot;0.0005&quot;,&quot;title&quot;:&quot;&quot;,&quot;orientation&quot;:&quot;1&quot;}\" data-image-title=\"Fort de la Rev\u00e8re 6\" data-image-description=\"\" data-image-caption=\"\" data-large-file=\"https:\/\/i0.wp.com\/www.jojoenherbe.com\/wp-content\/uploads\/2020\/01\/Fort-de-la-Rev%C3%A8re-6-scaled.jpg?fit=676%2C507\" class=\"alignleft size-thumbnail wp-image-9375\" src=\"https:\/\/i0.wp.com\/www.jojoenherbe.com\/wp-content\/uploads\/2020\/01\/Fort-de-la-Rev%C3%A8re-6.jpg?resize=150%2C150\" alt=\"\" width=\"150\" height=\"150\" srcset=\"https:\/\/i0.wp.com\/www.jojoenherbe.com\/wp-content\/uploads\/2020\/01\/Fort-de-la-Rev%C3%A8re-6-scaled.jpg?resize=150%2C150 150w, https:\/\/i0.wp.com\/www.jojoenherbe.com\/wp-content\/uploads\/2020\/01\/Fort-de-la-Rev%C3%A8re-6-scaled.jpg?zoom=2&amp;resize=150%2C150 300w, https:\/\/i0.wp.com\/www.jojoenherbe.com\/wp-content\/uploads\/2020\/01\/Fort-de-la-Rev%C3%A8re-6-scaled.jpg?zoom=3&amp;resize=150%2C150 450w\" sizes=\"auto, (max-width: 150px) 100vw, 150px\" \/><\/a>En ce 1er janvier 2020, nous passons une grande partie de la journ\u00e9e \u00e0 balader au Fort de la Rev\u00e8re. Des travaux de restauration du fort ont eu lieu depuis notre derni\u00e8re visite, une pancarte ayant \u00e9galement \u00e9t\u00e9 install\u00e9e en l&rsquo;honneur du R\u00e9v\u00e9rend Donald Currie Caskie qui contribua \u00e0 lib\u00e9rer des aviateurs britanniques prisonniers du Fort en 1942.<br \/>\n<\/em><\/p>\n<div id=\"attachment_9366\" style=\"width: 160px\" class=\"wp-caption alignright\"><a href=\"https:\/\/i0.wp.com\/www.jojoenherbe.com\/wp-content\/uploads\/2020\/01\/Crocus-Fort-de-la-Rev%C3%A8re-2-scaled.jpg\"><img data-recalc-dims=\"1\" loading=\"lazy\" decoding=\"async\" aria-describedby=\"caption-attachment-9366\" data-attachment-id=\"9366\" data-permalink=\"http:\/\/www.jojoenherbe.com\/index.php\/2020\/01\/03\/debut-dannee-au-fort-de-la-revere\/crocus-fort-de-la-revere-2\/\" data-orig-file=\"https:\/\/i0.wp.com\/www.jojoenherbe.com\/wp-content\/uploads\/2020\/01\/Crocus-Fort-de-la-Rev%C3%A8re-2-scaled.jpg?fit=2560%2C1920\" data-orig-size=\"2560,1920\" data-comments-opened=\"1\" data-image-meta=\"{&quot;aperture&quot;:&quot;5&quot;,&quot;credit&quot;:&quot;&quot;,&quot;camera&quot;:&quot;DSC-HX400V&quot;,&quot;caption&quot;:&quot;&quot;,&quot;created_timestamp&quot;:&quot;1577887916&quot;,&quot;copyright&quot;:&quot;&quot;,&quot;focal_length&quot;:&quot;63.06&quot;,&quot;iso&quot;:&quot;100&quot;,&quot;shutter_speed&quot;:&quot;0.004&quot;,&quot;title&quot;:&quot;&quot;,&quot;orientation&quot;:&quot;1&quot;}\" data-image-title=\"Crocus &amp;#8211; Fort de la Rev\u00e8re 2\" data-image-description=\"\" data-image-caption=\"&lt;p&gt;Crocus&lt;\/p&gt;\n\" data-large-file=\"https:\/\/i0.wp.com\/www.jojoenherbe.com\/wp-content\/uploads\/2020\/01\/Crocus-Fort-de-la-Rev%C3%A8re-2-scaled.jpg?fit=676%2C507\" class=\"size-thumbnail wp-image-9366\" src=\"https:\/\/i0.wp.com\/www.jojoenherbe.com\/wp-content\/uploads\/2020\/01\/Crocus-Fort-de-la-Rev%C3%A8re-2.jpg?resize=150%2C150\" alt=\"\" width=\"150\" height=\"150\" srcset=\"https:\/\/i0.wp.com\/www.jojoenherbe.com\/wp-content\/uploads\/2020\/01\/Crocus-Fort-de-la-Rev%C3%A8re-2-scaled.jpg?resize=150%2C150 150w, https:\/\/i0.wp.com\/www.jojoenherbe.com\/wp-content\/uploads\/2020\/01\/Crocus-Fort-de-la-Rev%C3%A8re-2-scaled.jpg?zoom=2&amp;resize=150%2C150 300w, https:\/\/i0.wp.com\/www.jojoenherbe.com\/wp-content\/uploads\/2020\/01\/Crocus-Fort-de-la-Rev%C3%A8re-2-scaled.jpg?zoom=3&amp;resize=150%2C150 450w\" sizes=\"auto, (max-width: 150px) 100vw, 150px\" \/><\/a><p id=\"caption-attachment-9366\" class=\"wp-caption-text\">Crocus<\/p><\/div>\n<div id=\"attachment_9367\" style=\"width: 160px\" class=\"wp-caption alignright\"><a href=\"https:\/\/i0.wp.com\/www.jojoenherbe.com\/wp-content\/uploads\/2020\/01\/Crocus-Fort-de-la-Rev%C3%A8re-scaled.jpg\"><img data-recalc-dims=\"1\" loading=\"lazy\" decoding=\"async\" aria-describedby=\"caption-attachment-9367\" data-attachment-id=\"9367\" data-permalink=\"http:\/\/www.jojoenherbe.com\/index.php\/2020\/01\/03\/debut-dannee-au-fort-de-la-revere\/crocus-fort-de-la-revere\/\" data-orig-file=\"https:\/\/i0.wp.com\/www.jojoenherbe.com\/wp-content\/uploads\/2020\/01\/Crocus-Fort-de-la-Rev%C3%A8re-scaled.jpg?fit=1920%2C2560\" data-orig-size=\"1920,2560\" data-comments-opened=\"1\" data-image-meta=\"{&quot;aperture&quot;:&quot;4&quot;,&quot;credit&quot;:&quot;&quot;,&quot;camera&quot;:&quot;DSC-HX400V&quot;,&quot;caption&quot;:&quot;&quot;,&quot;created_timestamp&quot;:&quot;1577886655&quot;,&quot;copyright&quot;:&quot;&quot;,&quot;focal_length&quot;:&quot;18.55&quot;,&quot;iso&quot;:&quot;80&quot;,&quot;shutter_speed&quot;:&quot;0.002&quot;,&quot;title&quot;:&quot;&quot;,&quot;orientation&quot;:&quot;1&quot;}\" data-image-title=\"Crocus &amp;#8211; Fort de la Rev\u00e8re\" data-image-description=\"\" data-image-caption=\"&lt;p&gt;Crocus&lt;\/p&gt;\n\" data-large-file=\"https:\/\/i0.wp.com\/www.jojoenherbe.com\/wp-content\/uploads\/2020\/01\/Crocus-Fort-de-la-Rev%C3%A8re-scaled.jpg?fit=676%2C901\" class=\"size-thumbnail wp-image-9367\" src=\"https:\/\/i0.wp.com\/www.jojoenherbe.com\/wp-content\/uploads\/2020\/01\/Crocus-Fort-de-la-Rev%C3%A8re.jpg?resize=150%2C150\" alt=\"\" width=\"150\" height=\"150\" srcset=\"https:\/\/i0.wp.com\/www.jojoenherbe.com\/wp-content\/uploads\/2020\/01\/Crocus-Fort-de-la-Rev%C3%A8re-scaled.jpg?resize=150%2C150 150w, https:\/\/i0.wp.com\/www.jojoenherbe.com\/wp-content\/uploads\/2020\/01\/Crocus-Fort-de-la-Rev%C3%A8re-scaled.jpg?zoom=2&amp;resize=150%2C150 300w, https:\/\/i0.wp.com\/www.jojoenherbe.com\/wp-content\/uploads\/2020\/01\/Crocus-Fort-de-la-Rev%C3%A8re-scaled.jpg?zoom=3&amp;resize=150%2C150 450w\" sizes=\"auto, (max-width: 150px) 100vw, 150px\" \/><\/a><p id=\"caption-attachment-9367\" class=\"wp-caption-text\">Crocus<\/p><\/div>\n<p style=\"text-align: justify;\"><em>Le parc a d\u00e9j\u00e0 pris des airs printaniers. nous pouvons d\u00e9j\u00e0 voir des crocus. De nombreux baladeurs profitent du beau temps en ce jour f\u00e9ri\u00e9.<br \/>\n<\/em><\/p>\n<p style=\"text-align: justify;\"><em><a href=\"https:\/\/i0.wp.com\/www.jojoenherbe.com\/wp-content\/uploads\/2020\/01\/Fort-de-la-Rev%C3%A8re-2-scaled.jpg\"><img data-recalc-dims=\"1\" loading=\"lazy\" decoding=\"async\" data-attachment-id=\"9368\" data-permalink=\"http:\/\/www.jojoenherbe.com\/index.php\/2020\/01\/03\/debut-dannee-au-fort-de-la-revere\/fort-de-la-revere-2-4\/\" data-orig-file=\"https:\/\/i0.wp.com\/www.jojoenherbe.com\/wp-content\/uploads\/2020\/01\/Fort-de-la-Rev%C3%A8re-2-scaled.jpg?fit=2560%2C1920\" data-orig-size=\"2560,1920\" data-comments-opened=\"1\" data-image-meta=\"{&quot;aperture&quot;:&quot;3.5&quot;,&quot;credit&quot;:&quot;&quot;,&quot;camera&quot;:&quot;DSC-HX400V&quot;,&quot;caption&quot;:&quot;&quot;,&quot;created_timestamp&quot;:&quot;1577886747&quot;,&quot;copyright&quot;:&quot;&quot;,&quot;focal_length&quot;:&quot;11.86&quot;,&quot;iso&quot;:&quot;80&quot;,&quot;shutter_speed&quot;:&quot;0.000625&quot;,&quot;title&quot;:&quot;&quot;,&quot;orientation&quot;:&quot;1&quot;}\" data-image-title=\"Fort de la Rev\u00e8re 2\" data-image-description=\"\" data-image-caption=\"\" data-large-file=\"https:\/\/i0.wp.com\/www.jojoenherbe.com\/wp-content\/uploads\/2020\/01\/Fort-de-la-Rev%C3%A8re-2-scaled.jpg?fit=676%2C507\" class=\"size-thumbnail wp-image-9368 alignleft\" src=\"https:\/\/i0.wp.com\/www.jojoenherbe.com\/wp-content\/uploads\/2020\/01\/Fort-de-la-Rev%C3%A8re-2.jpg?resize=150%2C150\" alt=\"\" width=\"150\" height=\"150\" srcset=\"https:\/\/i0.wp.com\/www.jojoenherbe.com\/wp-content\/uploads\/2020\/01\/Fort-de-la-Rev%C3%A8re-2-scaled.jpg?resize=150%2C150 150w, https:\/\/i0.wp.com\/www.jojoenherbe.com\/wp-content\/uploads\/2020\/01\/Fort-de-la-Rev%C3%A8re-2-scaled.jpg?zoom=2&amp;resize=150%2C150 300w, https:\/\/i0.wp.com\/www.jojoenherbe.com\/wp-content\/uploads\/2020\/01\/Fort-de-la-Rev%C3%A8re-2-scaled.jpg?zoom=3&amp;resize=150%2C150 450w\" sizes=\"auto, (max-width: 150px) 100vw, 150px\" \/><\/a> <a href=\"https:\/\/i0.wp.com\/www.jojoenherbe.com\/wp-content\/uploads\/2020\/01\/Fort-de-la-Rev%C3%A8re-3-scaled.jpg\"><img data-recalc-dims=\"1\" loading=\"lazy\" decoding=\"async\" data-attachment-id=\"9369\" data-permalink=\"http:\/\/www.jojoenherbe.com\/index.php\/2020\/01\/03\/debut-dannee-au-fort-de-la-revere\/fort-de-la-revere-3-3\/\" data-orig-file=\"https:\/\/i0.wp.com\/www.jojoenherbe.com\/wp-content\/uploads\/2020\/01\/Fort-de-la-Rev%C3%A8re-3-scaled.jpg?fit=2560%2C1920\" data-orig-size=\"2560,1920\" data-comments-opened=\"1\" data-image-meta=\"{&quot;aperture&quot;:&quot;6.3&quot;,&quot;credit&quot;:&quot;&quot;,&quot;camera&quot;:&quot;DSC-HX400V&quot;,&quot;caption&quot;:&quot;&quot;,&quot;created_timestamp&quot;:&quot;1577887033&quot;,&quot;copyright&quot;:&quot;&quot;,&quot;focal_length&quot;:&quot;215&quot;,&quot;iso&quot;:&quot;80&quot;,&quot;shutter_speed&quot;:&quot;0.0025&quot;,&quot;title&quot;:&quot;&quot;,&quot;orientation&quot;:&quot;1&quot;}\" data-image-title=\"Fort de la Rev\u00e8re 3\" data-image-description=\"\" data-image-caption=\"\" data-large-file=\"https:\/\/i0.wp.com\/www.jojoenherbe.com\/wp-content\/uploads\/2020\/01\/Fort-de-la-Rev%C3%A8re-3-scaled.jpg?fit=676%2C507\" class=\"size-thumbnail wp-image-9369 alignleft\" src=\"https:\/\/i0.wp.com\/www.jojoenherbe.com\/wp-content\/uploads\/2020\/01\/Fort-de-la-Rev%C3%A8re-3.jpg?resize=150%2C150\" alt=\"\" width=\"150\" height=\"150\" srcset=\"https:\/\/i0.wp.com\/www.jojoenherbe.com\/wp-content\/uploads\/2020\/01\/Fort-de-la-Rev%C3%A8re-3-scaled.jpg?resize=150%2C150 150w, https:\/\/i0.wp.com\/www.jojoenherbe.com\/wp-content\/uploads\/2020\/01\/Fort-de-la-Rev%C3%A8re-3-scaled.jpg?zoom=2&amp;resize=150%2C150 300w, https:\/\/i0.wp.com\/www.jojoenherbe.com\/wp-content\/uploads\/2020\/01\/Fort-de-la-Rev%C3%A8re-3-scaled.jpg?zoom=3&amp;resize=150%2C150 450w\" sizes=\"auto, (max-width: 150px) 100vw, 150px\" \/><\/a>Nous continuons notre descente pour gagner l&rsquo;observatoire ornithologique, les montagnes bien enneig\u00e9es du Mercantour nous rappelant que nous sommes pourtant en hiver. Des parapentes au loin sont \u00e9galement de sortie.<br \/>\n<\/em><\/p>\n<p style=\"text-align: justify;\"><em><a href=\"https:\/\/i0.wp.com\/www.jojoenherbe.com\/wp-content\/uploads\/2020\/01\/Fort-de-la-Rev%C3%A8re-4-scaled.jpg\"><img data-recalc-dims=\"1\" loading=\"lazy\" decoding=\"async\" data-attachment-id=\"9373\" data-permalink=\"http:\/\/www.jojoenherbe.com\/index.php\/2020\/01\/03\/debut-dannee-au-fort-de-la-revere\/fort-de-la-revere-4-3\/\" data-orig-file=\"https:\/\/i0.wp.com\/www.jojoenherbe.com\/wp-content\/uploads\/2020\/01\/Fort-de-la-Rev%C3%A8re-4-scaled.jpg?fit=2560%2C1920\" data-orig-size=\"2560,1920\" data-comments-opened=\"1\" data-image-meta=\"{&quot;aperture&quot;:&quot;3.2&quot;,&quot;credit&quot;:&quot;&quot;,&quot;camera&quot;:&quot;DSC-HX400V&quot;,&quot;caption&quot;:&quot;&quot;,&quot;created_timestamp&quot;:&quot;1577890844&quot;,&quot;copyright&quot;:&quot;&quot;,&quot;focal_length&quot;:&quot;4.3&quot;,&quot;iso&quot;:&quot;80&quot;,&quot;shutter_speed&quot;:&quot;0.00125&quot;,&quot;title&quot;:&quot;&quot;,&quot;orientation&quot;:&quot;1&quot;}\" data-image-title=\"Fort de la Rev\u00e8re 4\" data-image-description=\"\" data-image-caption=\"\" data-large-file=\"https:\/\/i0.wp.com\/www.jojoenherbe.com\/wp-content\/uploads\/2020\/01\/Fort-de-la-Rev%C3%A8re-4-scaled.jpg?fit=676%2C507\" class=\"size-thumbnail wp-image-9373 alignright\" src=\"https:\/\/i0.wp.com\/www.jojoenherbe.com\/wp-content\/uploads\/2020\/01\/Fort-de-la-Rev%C3%A8re-4.jpg?resize=150%2C150\" alt=\"\" width=\"150\" height=\"150\" srcset=\"https:\/\/i0.wp.com\/www.jojoenherbe.com\/wp-content\/uploads\/2020\/01\/Fort-de-la-Rev%C3%A8re-4-scaled.jpg?resize=150%2C150 150w, https:\/\/i0.wp.com\/www.jojoenherbe.com\/wp-content\/uploads\/2020\/01\/Fort-de-la-Rev%C3%A8re-4-scaled.jpg?zoom=2&amp;resize=150%2C150 300w, https:\/\/i0.wp.com\/www.jojoenherbe.com\/wp-content\/uploads\/2020\/01\/Fort-de-la-Rev%C3%A8re-4-scaled.jpg?zoom=3&amp;resize=150%2C150 450w\" sizes=\"auto, (max-width: 150px) 100vw, 150px\" \/><\/a> <a href=\"https:\/\/i0.wp.com\/www.jojoenherbe.com\/wp-content\/uploads\/2020\/01\/Fort-de-la-Rev%C3%A8re-5-scaled.jpg\"><img data-recalc-dims=\"1\" loading=\"lazy\" decoding=\"async\" data-attachment-id=\"9374\" data-permalink=\"http:\/\/www.jojoenherbe.com\/index.php\/2020\/01\/03\/debut-dannee-au-fort-de-la-revere\/fort-de-la-revere-5-3\/\" data-orig-file=\"https:\/\/i0.wp.com\/www.jojoenherbe.com\/wp-content\/uploads\/2020\/01\/Fort-de-la-Rev%C3%A8re-5-scaled.jpg?fit=2560%2C1920\" data-orig-size=\"2560,1920\" data-comments-opened=\"1\" data-image-meta=\"{&quot;aperture&quot;:&quot;2.8&quot;,&quot;credit&quot;:&quot;&quot;,&quot;camera&quot;:&quot;DSC-HX400V&quot;,&quot;caption&quot;:&quot;&quot;,&quot;created_timestamp&quot;:&quot;1577891462&quot;,&quot;copyright&quot;:&quot;&quot;,&quot;focal_length&quot;:&quot;4.3&quot;,&quot;iso&quot;:&quot;125&quot;,&quot;shutter_speed&quot;:&quot;0.033333333333333&quot;,&quot;title&quot;:&quot;&quot;,&quot;orientation&quot;:&quot;1&quot;}\" data-image-title=\"Fort de la Rev\u00e8re 5\" data-image-description=\"\" data-image-caption=\"\" data-large-file=\"https:\/\/i0.wp.com\/www.jojoenherbe.com\/wp-content\/uploads\/2020\/01\/Fort-de-la-Rev%C3%A8re-5-scaled.jpg?fit=676%2C507\" class=\"size-thumbnail wp-image-9374 alignright\" src=\"https:\/\/i0.wp.com\/www.jojoenherbe.com\/wp-content\/uploads\/2020\/01\/Fort-de-la-Rev%C3%A8re-5.jpg?resize=150%2C150\" alt=\"\" width=\"150\" height=\"150\" srcset=\"https:\/\/i0.wp.com\/www.jojoenherbe.com\/wp-content\/uploads\/2020\/01\/Fort-de-la-Rev%C3%A8re-5-scaled.jpg?resize=150%2C150 150w, https:\/\/i0.wp.com\/www.jojoenherbe.com\/wp-content\/uploads\/2020\/01\/Fort-de-la-Rev%C3%A8re-5-scaled.jpg?zoom=2&amp;resize=150%2C150 300w, https:\/\/i0.wp.com\/www.jojoenherbe.com\/wp-content\/uploads\/2020\/01\/Fort-de-la-Rev%C3%A8re-5-scaled.jpg?zoom=3&amp;resize=150%2C150 450w\" sizes=\"auto, (max-width: 150px) 100vw, 150px\" \/><\/a>Puis nous allons en direction de la Cime de la Forna, le sentier goudronn\u00e9 offrant de jolis points de vue sur \u00c8ze et la presqu&rsquo;\u00eele de Saint-Jean-Cap-Ferrat. C&rsquo;est une ancienne piste militaire, en t\u00e9moigne encore deux tunnels \u00e9troits. Il est d&rsquo;ailleurs possible de gagner La Turbie.<br \/>\n<\/em><\/p>\n<div id=\"attachment_9372\" style=\"width: 160px\" class=\"wp-caption alignleft\"><a href=\"https:\/\/i0.wp.com\/www.jojoenherbe.com\/wp-content\/uploads\/2020\/01\/Campanules-Fort-de-la-Rev%C3%A8re-scaled.jpg\"><img data-recalc-dims=\"1\" loading=\"lazy\" decoding=\"async\" aria-describedby=\"caption-attachment-9372\" data-attachment-id=\"9372\" data-permalink=\"http:\/\/www.jojoenherbe.com\/index.php\/2020\/01\/03\/debut-dannee-au-fort-de-la-revere\/campanules-fort-de-la-revere\/\" data-orig-file=\"https:\/\/i0.wp.com\/www.jojoenherbe.com\/wp-content\/uploads\/2020\/01\/Campanules-Fort-de-la-Rev%C3%A8re-scaled.jpg?fit=2560%2C1920\" data-orig-size=\"2560,1920\" data-comments-opened=\"1\" data-image-meta=\"{&quot;aperture&quot;:&quot;3.2&quot;,&quot;credit&quot;:&quot;&quot;,&quot;camera&quot;:&quot;DSC-HX400V&quot;,&quot;caption&quot;:&quot;&quot;,&quot;created_timestamp&quot;:&quot;1577890733&quot;,&quot;copyright&quot;:&quot;&quot;,&quot;focal_length&quot;:&quot;8.41&quot;,&quot;iso&quot;:&quot;80&quot;,&quot;shutter_speed&quot;:&quot;0.001&quot;,&quot;title&quot;:&quot;&quot;,&quot;orientation&quot;:&quot;1&quot;}\" data-image-title=\"Campanules &amp;#8211; Fort de la Rev\u00e8re\" data-image-description=\"\" data-image-caption=\"&lt;p&gt;Campanules&lt;\/p&gt;\n\" data-large-file=\"https:\/\/i0.wp.com\/www.jojoenherbe.com\/wp-content\/uploads\/2020\/01\/Campanules-Fort-de-la-Rev%C3%A8re-scaled.jpg?fit=676%2C507\" class=\"wp-image-9372 size-thumbnail\" src=\"https:\/\/i0.wp.com\/www.jojoenherbe.com\/wp-content\/uploads\/2020\/01\/Campanules-Fort-de-la-Rev%C3%A8re.jpg?resize=150%2C150\" alt=\"\" width=\"150\" height=\"150\" srcset=\"https:\/\/i0.wp.com\/www.jojoenherbe.com\/wp-content\/uploads\/2020\/01\/Campanules-Fort-de-la-Rev%C3%A8re-scaled.jpg?resize=150%2C150 150w, https:\/\/i0.wp.com\/www.jojoenherbe.com\/wp-content\/uploads\/2020\/01\/Campanules-Fort-de-la-Rev%C3%A8re-scaled.jpg?zoom=2&amp;resize=150%2C150 300w, https:\/\/i0.wp.com\/www.jojoenherbe.com\/wp-content\/uploads\/2020\/01\/Campanules-Fort-de-la-Rev%C3%A8re-scaled.jpg?zoom=3&amp;resize=150%2C150 450w\" sizes=\"auto, (max-width: 150px) 100vw, 150px\" \/><\/a><p id=\"caption-attachment-9372\" class=\"wp-caption-text\">Campanules<\/p><\/div>\n<div id=\"attachment_9371\" style=\"width: 160px\" class=\"wp-caption alignleft\"><a href=\"https:\/\/i0.wp.com\/www.jojoenherbe.com\/wp-content\/uploads\/2020\/01\/Campanules-Fort-de-la-Rev%C3%A8re-2-scaled.jpg\"><img data-recalc-dims=\"1\" loading=\"lazy\" decoding=\"async\" aria-describedby=\"caption-attachment-9371\" data-attachment-id=\"9371\" data-permalink=\"http:\/\/www.jojoenherbe.com\/index.php\/2020\/01\/03\/debut-dannee-au-fort-de-la-revere\/campanules-fort-de-la-revere-2\/\" data-orig-file=\"https:\/\/i0.wp.com\/www.jojoenherbe.com\/wp-content\/uploads\/2020\/01\/Campanules-Fort-de-la-Rev%C3%A8re-2-scaled.jpg?fit=1920%2C2560\" data-orig-size=\"1920,2560\" data-comments-opened=\"1\" data-image-meta=\"{&quot;aperture&quot;:&quot;5&quot;,&quot;credit&quot;:&quot;&quot;,&quot;camera&quot;:&quot;DSC-HX400V&quot;,&quot;caption&quot;:&quot;&quot;,&quot;created_timestamp&quot;:&quot;1577890752&quot;,&quot;copyright&quot;:&quot;&quot;,&quot;focal_length&quot;:&quot;36.34&quot;,&quot;iso&quot;:&quot;80&quot;,&quot;shutter_speed&quot;:&quot;0.0025&quot;,&quot;title&quot;:&quot;&quot;,&quot;orientation&quot;:&quot;1&quot;}\" data-image-title=\"Campanules &amp;#8211; Fort de la Rev\u00e8re 2\" data-image-description=\"\" data-image-caption=\"&lt;p&gt;Campanules&lt;\/p&gt;\n\" data-large-file=\"https:\/\/i0.wp.com\/www.jojoenherbe.com\/wp-content\/uploads\/2020\/01\/Campanules-Fort-de-la-Rev%C3%A8re-2-scaled.jpg?fit=676%2C901\" class=\"wp-image-9371 size-thumbnail\" src=\"https:\/\/i0.wp.com\/www.jojoenherbe.com\/wp-content\/uploads\/2020\/01\/Campanules-Fort-de-la-Rev%C3%A8re-2.jpg?resize=150%2C150\" alt=\"\" width=\"150\" height=\"150\" srcset=\"https:\/\/i0.wp.com\/www.jojoenherbe.com\/wp-content\/uploads\/2020\/01\/Campanules-Fort-de-la-Rev%C3%A8re-2-scaled.jpg?resize=150%2C150 150w, https:\/\/i0.wp.com\/www.jojoenherbe.com\/wp-content\/uploads\/2020\/01\/Campanules-Fort-de-la-Rev%C3%A8re-2-scaled.jpg?zoom=2&amp;resize=150%2C150 300w, https:\/\/i0.wp.com\/www.jojoenherbe.com\/wp-content\/uploads\/2020\/01\/Campanules-Fort-de-la-Rev%C3%A8re-2-scaled.jpg?zoom=3&amp;resize=150%2C150 450w\" sizes=\"auto, (max-width: 150px) 100vw, 150px\" \/><\/a><p id=\"caption-attachment-9371\" class=\"wp-caption-text\">Campanules<\/p><\/div>\n<p style=\"text-align: justify;\"><em>Le long du sentier, dans la paroi fractur\u00e9e de roches s\u00e9dimentaires et calcaires, nous voyons \u00e9galement des campanules violettes.<\/em><\/p>\n<div id=\"attachment_9364\" style=\"width: 160px\" class=\"wp-caption alignright\"><a href=\"https:\/\/i0.wp.com\/www.jojoenherbe.com\/wp-content\/uploads\/2020\/01\/Orchys-Fort-de-la-Rev%C3%A8re-2-scaled.jpg\"><img data-recalc-dims=\"1\" loading=\"lazy\" decoding=\"async\" aria-describedby=\"caption-attachment-9364\" data-attachment-id=\"9364\" data-permalink=\"http:\/\/www.jojoenherbe.com\/index.php\/2020\/01\/03\/debut-dannee-au-fort-de-la-revere\/orchys-fort-de-la-revere-2-2\/\" data-orig-file=\"https:\/\/i0.wp.com\/www.jojoenherbe.com\/wp-content\/uploads\/2020\/01\/Orchys-Fort-de-la-Rev%C3%A8re-2-scaled.jpg?fit=1920%2C2560\" data-orig-size=\"1920,2560\" data-comments-opened=\"1\" data-image-meta=\"{&quot;aperture&quot;:&quot;3.5&quot;,&quot;credit&quot;:&quot;&quot;,&quot;camera&quot;:&quot;DSC-HX400V&quot;,&quot;caption&quot;:&quot;&quot;,&quot;created_timestamp&quot;:&quot;1577893062&quot;,&quot;copyright&quot;:&quot;&quot;,&quot;focal_length&quot;:&quot;12.58&quot;,&quot;iso&quot;:&quot;80&quot;,&quot;shutter_speed&quot;:&quot;0.003125&quot;,&quot;title&quot;:&quot;&quot;,&quot;orientation&quot;:&quot;1&quot;}\" data-image-title=\"Orchys &amp;#8211; Fort de la Rev\u00e8re 2\" data-image-description=\"\" data-image-caption=\"\" data-large-file=\"https:\/\/i0.wp.com\/www.jojoenherbe.com\/wp-content\/uploads\/2020\/01\/Orchys-Fort-de-la-Rev%C3%A8re-2-scaled.jpg?fit=676%2C901\" class=\"wp-image-9364 size-thumbnail\" src=\"https:\/\/i0.wp.com\/www.jojoenherbe.com\/wp-content\/uploads\/2020\/01\/Orchys-Fort-de-la-Rev%C3%A8re-2.jpg?resize=150%2C150\" alt=\"\" width=\"150\" height=\"150\" srcset=\"https:\/\/i0.wp.com\/www.jojoenherbe.com\/wp-content\/uploads\/2020\/01\/Orchys-Fort-de-la-Rev%C3%A8re-2-scaled.jpg?resize=150%2C150 150w, https:\/\/i0.wp.com\/www.jojoenherbe.com\/wp-content\/uploads\/2020\/01\/Orchys-Fort-de-la-Rev%C3%A8re-2-scaled.jpg?zoom=2&amp;resize=150%2C150 300w, https:\/\/i0.wp.com\/www.jojoenherbe.com\/wp-content\/uploads\/2020\/01\/Orchys-Fort-de-la-Rev%C3%A8re-2-scaled.jpg?zoom=3&amp;resize=150%2C150 450w\" sizes=\"auto, (max-width: 150px) 100vw, 150px\" \/><\/a><p id=\"caption-attachment-9364\" class=\"wp-caption-text\">Orchys<\/p><\/div>\n<div id=\"attachment_9365\" style=\"width: 160px\" class=\"wp-caption alignright\"><a href=\"https:\/\/i0.wp.com\/www.jojoenherbe.com\/wp-content\/uploads\/2020\/01\/Orchys-Fort-de-la-Rev%C3%A8re-scaled.jpg\"><img data-recalc-dims=\"1\" loading=\"lazy\" decoding=\"async\" aria-describedby=\"caption-attachment-9365\" data-attachment-id=\"9365\" data-permalink=\"http:\/\/www.jojoenherbe.com\/index.php\/2020\/01\/03\/debut-dannee-au-fort-de-la-revere\/orchys-fort-de-la-revere-4\/\" data-orig-file=\"https:\/\/i0.wp.com\/www.jojoenherbe.com\/wp-content\/uploads\/2020\/01\/Orchys-Fort-de-la-Rev%C3%A8re-scaled.jpg?fit=1920%2C2560\" data-orig-size=\"1920,2560\" data-comments-opened=\"1\" data-image-meta=\"{&quot;aperture&quot;:&quot;3.5&quot;,&quot;credit&quot;:&quot;&quot;,&quot;camera&quot;:&quot;DSC-HX400V&quot;,&quot;caption&quot;:&quot;&quot;,&quot;created_timestamp&quot;:&quot;1577893051&quot;,&quot;copyright&quot;:&quot;&quot;,&quot;focal_length&quot;:&quot;12.58&quot;,&quot;iso&quot;:&quot;80&quot;,&quot;shutter_speed&quot;:&quot;0.003125&quot;,&quot;title&quot;:&quot;&quot;,&quot;orientation&quot;:&quot;1&quot;}\" data-image-title=\"Orchys &amp;#8211; Fort de la Rev\u00e8re\" data-image-description=\"\" data-image-caption=\"\" data-large-file=\"https:\/\/i0.wp.com\/www.jojoenherbe.com\/wp-content\/uploads\/2020\/01\/Orchys-Fort-de-la-Rev%C3%A8re-scaled.jpg?fit=676%2C901\" class=\"wp-image-9365 size-thumbnail\" src=\"https:\/\/i0.wp.com\/www.jojoenherbe.com\/wp-content\/uploads\/2020\/01\/Orchys-Fort-de-la-Rev%C3%A8re.jpg?resize=150%2C150\" alt=\"\" width=\"150\" height=\"150\" srcset=\"https:\/\/i0.wp.com\/www.jojoenherbe.com\/wp-content\/uploads\/2020\/01\/Orchys-Fort-de-la-Rev%C3%A8re-scaled.jpg?resize=150%2C150 150w, https:\/\/i0.wp.com\/www.jojoenherbe.com\/wp-content\/uploads\/2020\/01\/Orchys-Fort-de-la-Rev%C3%A8re-scaled.jpg?zoom=2&amp;resize=150%2C150 300w, https:\/\/i0.wp.com\/www.jojoenherbe.com\/wp-content\/uploads\/2020\/01\/Orchys-Fort-de-la-Rev%C3%A8re-scaled.jpg?zoom=3&amp;resize=150%2C150 450w\" sizes=\"auto, (max-width: 150px) 100vw, 150px\" \/><\/a><p id=\"caption-attachment-9365\" class=\"wp-caption-text\">Orchys<\/p><\/div>\n<p style=\"text-align: justify;\"><em> Pour rejoindre la voiture, nous passons par le sentier en escaliers. C&rsquo;est l&rsquo;occasion de voir des orchys d\u00e9j\u00e0 fleuris. Une bien chouette balade familiale pour entamer cette nouvelle ann\u00e9e!<br \/>\n<\/em><\/p>\n<p><iframe loading=\"lazy\" style=\"border: 0;\" src=\"https:\/\/www.google.com\/maps\/embed?pb=!1m18!1m12!1m3!1d2882.6285725522066!2d7.364427738615556!3d43.73904229555786!2m3!1f0!2f0!3f0!3m2!1i1024!2i768!4f13.1!3m3!1m2!1s0x12cdc37146dc1e73%3A0x6cc20cb7d6fe564!2sFort+de+la+Rev%C3%A8re!5e0!3m2!1sfr!2sfr!4v1519516105532\" width=\"400\" height=\"300\" frameborder=\"0\" allowfullscreen=\"allowfullscreen\"><\/iframe><\/p>\n","protected":false},"excerpt":{"rendered":"<p>En ce 1er janvier 2020, nous passons une grande partie de la journ\u00e9e \u00e0 balader au Fort de la Rev\u00e8re. Des travaux de restauration du fort ont eu lieu depuis notre derni\u00e8re visite, une pancarte ayant \u00e9galement \u00e9t\u00e9 install\u00e9e en l&rsquo;honneur du R\u00e9v\u00e9rend Donald Currie Caskie qui contribua \u00e0 lib\u00e9rer des aviateurs britanniques prisonniers du [&hellip;]<\/p>\n","protected":false},"author":1,"featured_media":9376,"comment_status":"open","ping_status":"open","sticky":false,"template":"","format":"standard","meta":{"jetpack_post_was_ever_published":false,"_jetpack_newsletter_access":"","_jetpack_dont_email_post_to_subs":false,"_jetpack_newsletter_tier_id":0,"_jetpack_memberships_contains_paywalled_content":false,"_jetpack_memberships_contains_paid_content":false,"footnotes":""},"categories":[128],"tags":[25,1124,1123,249,129,652,5,131],"class_list":["post-9363","post","type-post","status-publish","format-standard","has-post-thumbnail","hentry","category-mini-baladeur","tag-alpes-maritimes","tag-campanule","tag-crocus","tag-eze","tag-fort-de-la-revere","tag-orchidee","tag-paca","tag-parc-de-la-grande-corniche","post-preview"],"jetpack_featured_media_url":"https:\/\/i0.wp.com\/www.jojoenherbe.com\/wp-content\/uploads\/2020\/01\/Fort-de-la-Rev%C3%A8re-8-scaled.jpg?fit=2560%2C1920","jetpack_sharing_enabled":true,"jetpack_shortlink":"https:\/\/wp.me\/p9zhGx-2r1","jetpack_likes_enabled":true,"jetpack-related-posts":[{"id":3699,"url":"http:\/\/www.jojoenherbe.com\/index.php\/2018\/09\/22\/petite-pause-au-camp-de-migration-du-fort-de-la-revere\/","url_meta":{"origin":9363,"position":0},"title":"Petite pause au Camp de migration du Fort de la Rev\u00e8re","author":"Jojo","date":"22 septembre 2018","format":false,"excerpt":"En ce dernier jour de l'\u00e9t\u00e9 2018, nous partons nous balader, dans l'apr\u00e8s-midi, dans le parc d\u00e9partemental de la Grande Corniche, au niveau du Fort de la Rev\u00e8re et du site d'observation de la LPO. En effet, comme chaque ann\u00e9e, de septembre \u00e0 d\u00e9but novembre, se d\u00e9roule le Camp de\u2026","rel":"","context":"Dans &quot;Mini baladeur&quot;","block_context":{"text":"Mini baladeur","link":"http:\/\/www.jojoenherbe.com\/index.php\/category\/mini-crapahuteur\/mini-baladeur\/"},"img":{"alt_text":"","src":"https:\/\/i0.wp.com\/www.jojoenherbe.com\/wp-content\/uploads\/2018\/09\/Camp-de-migration-avril-2018.jpg?fit=1200%2C900&resize=350%2C200","width":350,"height":200,"srcset":"https:\/\/i0.wp.com\/www.jojoenherbe.com\/wp-content\/uploads\/2018\/09\/Camp-de-migration-avril-2018.jpg?fit=1200%2C900&resize=350%2C200 1x, https:\/\/i0.wp.com\/www.jojoenherbe.com\/wp-content\/uploads\/2018\/09\/Camp-de-migration-avril-2018.jpg?fit=1200%2C900&resize=525%2C300 1.5x, https:\/\/i0.wp.com\/www.jojoenherbe.com\/wp-content\/uploads\/2018\/09\/Camp-de-migration-avril-2018.jpg?fit=1200%2C900&resize=700%2C400 2x, https:\/\/i0.wp.com\/www.jojoenherbe.com\/wp-content\/uploads\/2018\/09\/Camp-de-migration-avril-2018.jpg?fit=1200%2C900&resize=1050%2C600 3x"},"classes":[]},{"id":1273,"url":"http:\/\/www.jojoenherbe.com\/index.php\/2017\/10\/29\/balade-au-fort-de-la-revere\/","url_meta":{"origin":9363,"position":1},"title":"Balade au Fort de la Rev\u00e8re","author":"Jojo","date":"29 octobre 2017","format":false,"excerpt":"Ce 26 octobre 2017, nous partons balader dans l'apr\u00e8s-midi dans le parc d\u00e9partemental de la Grande Corniche. Nous nous garons sur le parking situ\u00e9 du c\u00f4t\u00e9 du Fort de la Rev\u00e8re. Nous passons devant le Fort ferm\u00e9 au public et descendons le chemin goudronn\u00e9 vers la Maison de la Nature.\u2026","rel":"","context":"Dans &quot;Mini baladeur&quot;","block_context":{"text":"Mini baladeur","link":"http:\/\/www.jojoenherbe.com\/index.php\/category\/mini-crapahuteur\/mini-baladeur\/"},"img":{"alt_text":"","src":"https:\/\/i0.wp.com\/www.jojoenherbe.com\/wp-content\/uploads\/2018\/02\/Parc-de-la-Rev%C3%A8re-6.jpg?fit=1200%2C900&resize=350%2C200","width":350,"height":200,"srcset":"https:\/\/i0.wp.com\/www.jojoenherbe.com\/wp-content\/uploads\/2018\/02\/Parc-de-la-Rev%C3%A8re-6.jpg?fit=1200%2C900&resize=350%2C200 1x, https:\/\/i0.wp.com\/www.jojoenherbe.com\/wp-content\/uploads\/2018\/02\/Parc-de-la-Rev%C3%A8re-6.jpg?fit=1200%2C900&resize=525%2C300 1.5x, https:\/\/i0.wp.com\/www.jojoenherbe.com\/wp-content\/uploads\/2018\/02\/Parc-de-la-Rev%C3%A8re-6.jpg?fit=1200%2C900&resize=700%2C400 2x, https:\/\/i0.wp.com\/www.jojoenherbe.com\/wp-content\/uploads\/2018\/02\/Parc-de-la-Rev%C3%A8re-6.jpg?fit=1200%2C900&resize=1050%2C600 3x"},"classes":[]},{"id":3993,"url":"http:\/\/www.jojoenherbe.com\/index.php\/2018\/10\/25\/le-fort-de-la-revere-encore-et-toujours\/","url_meta":{"origin":9363,"position":2},"title":"Le Fort de la Rev\u00e8re encore et toujours","author":"Jojo","date":"25 octobre 2018","format":false,"excerpt":"Ce 18 octobre 2018, nous partons, une nouvelle fois, balader au Fort de la Rev\u00e8re. Du c\u00f4t\u00e9 de l'observatoire ornithologique, de nombreux oiseaux passent d'arbuste en arbuste. Sur l'un d'eux, nous pouvons apercevoir une fauvette \u00e0 t\u00eate noire en train de grignoter des baies. D'ailleurs, nous sommes sur la fin\u2026","rel":"","context":"Dans &quot;Mini baladeur&quot;","block_context":{"text":"Mini baladeur","link":"http:\/\/www.jojoenherbe.com\/index.php\/category\/mini-crapahuteur\/mini-baladeur\/"},"img":{"alt_text":"","src":"https:\/\/i0.wp.com\/www.jojoenherbe.com\/wp-content\/uploads\/2018\/10\/Fort-de-la-Rev%C3%A8re-1.jpg?fit=1200%2C900&resize=350%2C200","width":350,"height":200,"srcset":"https:\/\/i0.wp.com\/www.jojoenherbe.com\/wp-content\/uploads\/2018\/10\/Fort-de-la-Rev%C3%A8re-1.jpg?fit=1200%2C900&resize=350%2C200 1x, https:\/\/i0.wp.com\/www.jojoenherbe.com\/wp-content\/uploads\/2018\/10\/Fort-de-la-Rev%C3%A8re-1.jpg?fit=1200%2C900&resize=525%2C300 1.5x, https:\/\/i0.wp.com\/www.jojoenherbe.com\/wp-content\/uploads\/2018\/10\/Fort-de-la-Rev%C3%A8re-1.jpg?fit=1200%2C900&resize=700%2C400 2x, https:\/\/i0.wp.com\/www.jojoenherbe.com\/wp-content\/uploads\/2018\/10\/Fort-de-la-Rev%C3%A8re-1.jpg?fit=1200%2C900&resize=1050%2C600 3x"},"classes":[]},{"id":2441,"url":"http:\/\/www.jojoenherbe.com\/index.php\/2018\/04\/26\/sortie-quasi-estivale-au-fort-de-la-revere\/","url_meta":{"origin":9363,"position":3},"title":"Sortie quasi-estivale au Fort de la Rev\u00e8re","author":"Jojo","date":"26 avril 2018","format":false,"excerpt":"Ce 21 avril 2018, nous allons au Fort de la Rev\u00e8re. Le temps est quasi-estival. Nous trouvons facilement une place, m\u00eame si nous ne sommes pas les seuls \u00e0 \u00eatre venus dans ce parc: des groupes en motos, des familles avec tout ce qu'il faut pour pique-niquer, des enfants sur\u2026","rel":"","context":"Dans &quot;Mini baladeur&quot;","block_context":{"text":"Mini baladeur","link":"http:\/\/www.jojoenherbe.com\/index.php\/category\/mini-crapahuteur\/mini-baladeur\/"},"img":{"alt_text":"","src":"https:\/\/i0.wp.com\/www.jojoenherbe.com\/wp-content\/uploads\/2018\/04\/Fort-de-la-Rev%C3%A8re-11.jpg?fit=851%2C1200&resize=350%2C200","width":350,"height":200,"srcset":"https:\/\/i0.wp.com\/www.jojoenherbe.com\/wp-content\/uploads\/2018\/04\/Fort-de-la-Rev%C3%A8re-11.jpg?fit=851%2C1200&resize=350%2C200 1x, https:\/\/i0.wp.com\/www.jojoenherbe.com\/wp-content\/uploads\/2018\/04\/Fort-de-la-Rev%C3%A8re-11.jpg?fit=851%2C1200&resize=525%2C300 1.5x, https:\/\/i0.wp.com\/www.jojoenherbe.com\/wp-content\/uploads\/2018\/04\/Fort-de-la-Rev%C3%A8re-11.jpg?fit=851%2C1200&resize=700%2C400 2x"},"classes":[]},{"id":4963,"url":"http:\/\/www.jojoenherbe.com\/index.php\/2019\/03\/11\/sortie-fleurie-au-fort-de-la-revere\/","url_meta":{"origin":9363,"position":4},"title":"Sortie fleurie au Fort de la Rev\u00e8re","author":"Jojo","date":"11 mars 2019","format":false,"excerpt":"Ce 10 mars 2019, avec ce temps bien printanier quoique venteux, nous retournons au Fort de la Rev\u00e8re en fin d'apr\u00e8s-midi. Malgr\u00e9 un ciel tr\u00e8s nuageux voire m\u00eame brumeux au loin, le printemps marque d\u00e9j\u00e0 de son empreinte le lieu: des fleurs de toute part, dans les arbres, au sol\u2026","rel":"","context":"Dans &quot;Mini baladeur&quot;","block_context":{"text":"Mini baladeur","link":"http:\/\/www.jojoenherbe.com\/index.php\/category\/mini-crapahuteur\/mini-baladeur\/"},"img":{"alt_text":"","src":"https:\/\/i0.wp.com\/www.jojoenherbe.com\/wp-content\/uploads\/2019\/03\/Eze.jpg?fit=900%2C1200&resize=350%2C200","width":350,"height":200,"srcset":"https:\/\/i0.wp.com\/www.jojoenherbe.com\/wp-content\/uploads\/2019\/03\/Eze.jpg?fit=900%2C1200&resize=350%2C200 1x, https:\/\/i0.wp.com\/www.jojoenherbe.com\/wp-content\/uploads\/2019\/03\/Eze.jpg?fit=900%2C1200&resize=525%2C300 1.5x, https:\/\/i0.wp.com\/www.jojoenherbe.com\/wp-content\/uploads\/2019\/03\/Eze.jpg?fit=900%2C1200&resize=700%2C400 2x"},"classes":[]},{"id":8029,"url":"http:\/\/www.jojoenherbe.com\/index.php\/2019\/10\/13\/une-plante-face-a-la-mer\/","url_meta":{"origin":9363,"position":5},"title":"Une plante face \u00e0 la Mer","author":"Jojo","date":"13 octobre 2019","format":false,"excerpt":"Pour cette semaine 41 du Projet 52-2019 de Du c\u00f4t\u00e9 de chez Ma', le th\u00e8me est \"Plante\". Pour illustrer ce th\u00e8me, une petite photo prise lors d'une de nos sorties dans le Parc de la Grande Corniche, au-dessus d'\u00c8ze, du c\u00f4t\u00e9 du Fort de la Rev\u00e8re. J'aurai \u00e9galement pu choisir\u2026","rel":"","context":"Dans &quot;mini photographe&quot;","block_context":{"text":"mini photographe","link":"http:\/\/www.jojoenherbe.com\/index.php\/category\/mini-photographe\/"},"img":{"alt_text":"","src":"https:\/\/i0.wp.com\/www.jojoenherbe.com\/wp-content\/uploads\/2018\/10\/Fort-de-la-Rev%C3%A8re-1.jpg?fit=1200%2C900&resize=350%2C200","width":350,"height":200,"srcset":"https:\/\/i0.wp.com\/www.jojoenherbe.com\/wp-content\/uploads\/2018\/10\/Fort-de-la-Rev%C3%A8re-1.jpg?fit=1200%2C900&resize=350%2C200 1x, https:\/\/i0.wp.com\/www.jojoenherbe.com\/wp-content\/uploads\/2018\/10\/Fort-de-la-Rev%C3%A8re-1.jpg?fit=1200%2C900&resize=525%2C300 1.5x, https:\/\/i0.wp.com\/www.jojoenherbe.com\/wp-content\/uploads\/2018\/10\/Fort-de-la-Rev%C3%A8re-1.jpg?fit=1200%2C900&resize=700%2C400 2x, https:\/\/i0.wp.com\/www.jojoenherbe.com\/wp-content\/uploads\/2018\/10\/Fort-de-la-Rev%C3%A8re-1.jpg?fit=1200%2C900&resize=1050%2C600 3x"},"classes":[]}],"_links":{"self":[{"href":"http:\/\/www.jojoenherbe.com\/index.php\/wp-json\/wp\/v2\/posts\/9363","targetHints":{"allow":["GET"]}}],"collection":[{"href":"http:\/\/www.jojoenherbe.com\/index.php\/wp-json\/wp\/v2\/posts"}],"about":[{"href":"http:\/\/www.jojoenherbe.com\/index.php\/wp-json\/wp\/v2\/types\/post"}],"author":[{"embeddable":true,"href":"http:\/\/www.jojoenherbe.com\/index.php\/wp-json\/wp\/v2\/users\/1"}],"replies":[{"embeddable":true,"href":"http:\/\/www.jojoenherbe.com\/index.php\/wp-json\/wp\/v2\/comments?post=9363"}],"version-history":[{"count":0,"href":"http:\/\/www.jojoenherbe.com\/index.php\/wp-json\/wp\/v2\/posts\/9363\/revisions"}],"wp:featuredmedia":[{"embeddable":true,"href":"http:\/\/www.jojoenherbe.com\/index.php\/wp-json\/wp\/v2\/media\/9376"}],"wp:attachment":[{"href":"http:\/\/www.jojoenherbe.com\/index.php\/wp-json\/wp\/v2\/media?parent=9363"}],"wp:term":[{"taxonomy":"category","embeddable":true,"href":"http:\/\/www.jojoenherbe.com\/index.php\/wp-json\/wp\/v2\/categories?post=9363"},{"taxonomy":"post_tag","embeddable":true,"href":"http:\/\/www.jojoenherbe.com\/index.php\/wp-json\/wp\/v2\/tags?post=9363"}],"curies":[{"name":"wp","href":"https:\/\/api.w.org\/{rel}","templated":true}]}}