{"id":9270,"date":"2019-12-31T14:47:00","date_gmt":"2019-12-31T13:47:00","guid":{"rendered":"http:\/\/www.jojoenherbe.com\/?p=9270"},"modified":"2020-01-09T22:07:34","modified_gmt":"2020-01-09T21:07:34","slug":"recap-du-challenge-petit-bac-2019","status":"publish","type":"post","link":"http:\/\/www.jojoenherbe.com\/index.php\/2019\/12\/31\/recap-du-challenge-petit-bac-2019\/","title":{"rendered":"R\u00e9cap&rsquo; du Challenge Petit Bac 2019"},"content":{"rendered":"<p style=\"text-align: justify;\">Cette<em> ann\u00e9e 2019,\u00a0 j&rsquo;ai particip\u00e9 pour la premi\u00e8re fois au Challenge Petit Bac d&rsquo;Enna, participation que j&rsquo;ai appr\u00e9ci\u00e9e m\u00eame si certaines cat\u00e9gories comme Partie du corps ou M\u00e9tier \u00e9taient plus d\u00e9licates \u00e0 remplir, surtout que nos lectures sont avant tout des albums jeunesse. Cela m&rsquo;a \u00e9galement permis de d\u00e9couvrir d&rsquo;autres livres (une PAL qui n&rsquo;en finit pas de s&rsquo;allonger!) et d&rsquo;\u00e9changer avec d&rsquo;autres participants. Bilan: 15 lignes termin\u00e9es et 2 autres entam\u00e9es. Alors forc\u00e9ment quand Enna organise \u00e0 nouveau pour 2020 le challenge,\u00a0 j&rsquo;y rejoue avec grand plaisir. Voici donc un r\u00e9capitulatif de toutes nos lignes de cette ann\u00e9e par cat\u00e9gorie:<\/em><\/p>\n<p style=\"text-align: justify;\"><span style=\"text-decoration: underline;\">Cat\u00e9gorie Pr\u00e9nom<\/span>:<\/p>\n<ul>\n<li style=\"text-align: justify;\">Ligne 1: MAX <em>&#8211; <a href=\"http:\/\/www.jojoenherbe.com\/index.php\/2019\/01\/28\/au-fil-des-pages-de-max-le-terrible\/\"><span style=\"text-decoration: underline;\">Max le terrible<\/span><\/a> d\u2019Ed Vere (\u00e9d. Milan, 2016)<\/em><\/li>\n<li style=\"text-align: justify;\">Ligne 2: ANA &#8211; <em><a href=\"http:\/\/www.jojoenherbe.com\/index.php\/2019\/03\/14\/au-fil-des-pages-avec-ana-ana\/\"><span style=\"text-decoration: underline;\">Ana Ana, T5, <\/span><span style=\"text-decoration: underline;\">Super-h\u00e9ros en herbe<\/span><\/a> d\u2019Alexis Dormal et Dominique Roques (\u00e9d. Dargaud, 2016)<\/em><\/li>\n<li style=\"text-align: justify;\">Ligne 3: WINNIE &#8211; <a href=\"http:\/\/www.jojoenherbe.com\/index.php\/2019\/04\/03\/au-fil-des-pages-avec-winnie-lourson\/\"><em><span style=\"text-decoration: underline;\">Winnie l&rsquo;Ourson et la pluie<\/span><\/em> <\/a><em>de Katherine Quenot et Philippe Harchy (\u00e9d. Hachette, coll. Ma premi\u00e8re biblioth\u00e8que rose, 2003)<\/em><\/li>\n<li style=\"text-align: justify;\">Ligne 4: LOU &#8211; <a href=\"http:\/\/www.jojoenherbe.com\/index.php\/2019\/04\/30\/au-fil-des-pages-avec-les-abeilles\/\"><span style=\"text-decoration: underline;\"><em>Lou P&rsquo;tit Loup et les abeilles<\/em><\/span><\/a> <em>d\u2019Antoon Krings (\u00e9d. Gallimard Jeunesse, coll. Giboul\u00e9es, 2014)<\/em><\/li>\n<li style=\"text-align: justify;\">Ligne 5: GEORGES &#8211; <em><a href=\"http:\/\/www.jojoenherbe.com\/index.php\/2019\/05\/08\/au-fil-des-pages-avec-les-oiseaux-dantoon-krings\/\"><span style=\"text-decoration: underline;\">Georges le Rouge-Gorge<\/span><\/a> d\u2019Antoon Krings (\u00e9d. Gallimard Jeunesse, coll. Giboul\u00e9es, 2003)<\/em><\/li>\n<li style=\"text-align: justify;\">Ligne 6: GEORGE &#8211; <em><a href=\"http:\/\/www.jojoenherbe.com\/index.php\/2019\/07\/02\/au-fil-des-pages-avec-oh-non-george\/\"><span style=\"text-decoration: underline;\">Oh non, George!<\/span><\/a> de Chris Haughton (\u00e9d. Magnard, coll. Que d\u2019histoires!, 2016)<\/em><\/li>\n<li style=\"text-align: justify;\">Ligne 7: BOB &#8211; <em><a href=\"http:\/\/www.jojoenherbe.com\/index.php\/2019\/07\/31\/au-fil-des-pages-avec-bob-marley-la-nuit\/\"><span style=\"text-decoration: underline;\">Bob &amp; Marley, La nuit<\/span><\/a> de Fr\u00e9d\u00e9ric Marais et Thierry Dedieu (\u00e9d. Seuil Jeunesse, 2018)<\/em><\/li>\n<li style=\"text-align: justify;\">Ligne 8: MARLEY &#8211; <em><a href=\"http:\/\/www.jojoenherbe.com\/index.php\/2019\/07\/31\/au-fil-des-pages-avec-bob-marley-le-monstre\/\"><span style=\"text-decoration: underline;\">Bob &amp; Marley, Le monstre<\/span><\/a> de Fr\u00e9d\u00e9ric Marais et Thierry Dedieu (\u00e9d. Seuil Jeunesse, 2016)<\/em><\/li>\n<li style=\"text-align: justify;\">Ligne 9: RAYMOND &#8211; <em><a href=\"http:\/\/www.jojoenherbe.com\/index.php\/2019\/09\/11\/au-fil-des-pages-avec-raymond-lescargot\/\"><span style=\"text-decoration: underline;\">Raymond r\u00eave<\/span><\/a> d&rsquo;Anne Crausaz (\u00e9d. MeMo, 2007)<\/em><\/li>\n<li style=\"text-align: justify;\">Ligne 10: OSCAR &#8211; <em><a href=\"http:\/\/www.jojoenherbe.com\/index.php\/2019\/10\/05\/au-fil-des-pages-avec-oscar-le-fantome\/\"><span style=\"text-decoration: underline;\">Oscar le fant\u00f4me<\/span><\/a> d\u2019Andr\u00e9 Bouchard (\u00e9d. Saltimbanque, 2018)<\/em><\/li>\n<li style=\"text-align: justify;\">Ligne 11: BLANCHE &#8211; <em><a href=\"http:\/\/www.jojoenherbe.com\/index.php\/2019\/10\/06\/au-fil-des-pages-avec-pas-la-pomme-blanche-neige\/\"><span style=\"text-decoration: underline;\">Pas la pomme, Blanche-Neige!<\/span><\/a> d\u2019Alexandre Jardin et Herv\u00e9 le Goff (\u00e9d. Hachette Jeunesse, 2015)<\/em><\/li>\n<li style=\"text-align: justify;\">Ligne 12: JULIA &#8211; <em><a href=\"http:\/\/www.jojoenherbe.com\/index.php\/2019\/10\/09\/au-fil-des-pages-avec-julia-et-les-monstres-perdus\/\"><span style=\"text-decoration: underline;\">Julia et les monstres perdus<\/span><\/a> de Ben Hatke (\u00e9d. Dargaud Jeunesse, 2017)<\/em><\/li>\n<li style=\"text-align: justify;\">Ligne 13: AM\u00c9LIA &#8211; <em><a href=\"http:\/\/www.jojoenherbe.com\/index.php\/2019\/10\/25\/au-fil-des-pages-avec-amelia-fang\/\"><span style=\"text-decoration: underline;\">Am\u00e9lia Fang et le bal barbare<\/span><\/a> de Laura Ellen Anderson, T1 (\u00e9d. Casterman, 2018)<\/em><\/li>\n<li style=\"text-align: justify;\">Ligne 14: HARPER &#8211; <em><a href=\"http:\/\/www.jojoenherbe.com\/index.php\/2019\/11\/18\/au-fil-des-pages-avec-harper\/\"><span style=\"text-decoration: underline;\">Harper et le cirque des r\u00eaves<\/span><\/a> de Cerrie Burnell et Laura Ellen Anderson, T2 (\u00e9d. Albin Michel Jeunesse, coll. Mes premiers Witty, 2017)<\/em><\/li>\n<li style=\"text-align: justify;\">Ligne 15: NO\u00cbL &#8211; <em><a href=\"http:\/\/www.jojoenherbe.com\/index.php\/2019\/12\/06\/au-fil-des-pages-avec-linvite-de-noel\/\"><span style=\"text-decoration: underline;\">L\u2019invit\u00e9 de No\u00ebl<\/span><\/a> de France Quatromme et M\u00e9lanie Allag (\u00e9d. L\u2019\u00e9lan vert, coll. Les Petits m, 2011)<\/em><\/li>\n<li style=\"text-align: justify;\">Ligne 16: NO\u00cbL &#8211; <em><a href=\"http:\/\/www.jojoenherbe.com\/index.php\/2019\/12\/13\/au-fil-des-pages-avec-un-chant-de-noel\/\"><span style=\"text-decoration: underline;\">Un chant de No\u00ebl<\/span><\/a> de Lucie Papineau et St\u00e9phane Poulin, d\u2019apr\u00e8s Charles Dickens (\u00e9d. Dominique et compagnie, 2004)<\/em><\/li>\n<li style=\"text-align: justify;\"><del>Ligne 17: NINA &#8211; <em><a href=\"http:\/\/www.jojoenherbe.com\/index.php\/2019\/12\/29\/au-fil-des-pages-avec-le-premier-noel-de-nina\/\"><span style=\"text-decoration: underline;\">Le premier No\u00ebl de Nina<\/span><\/a> de Christine Leeson et Gaby Hansen (\u00e9d. Milan Jeunesse, 2003)<\/em><\/del><\/li>\n<\/ul>\n<p><span style=\"text-decoration: underline;\">Cat\u00e9gorie Lieu<\/span>:<\/p>\n<ul>\n<li style=\"text-align: justify;\">Ligne 1: LUNE &#8211; <em><a href=\"http:\/\/www.jojoenherbe.com\/index.php\/2019\/02\/28\/au-fil-des-pages-avec-la-peche-a-la-lune\/\"><span style=\"text-decoration: underline;\">La p\u00eache \u00e0 la lune<\/span><\/a> de Claude K. Dubois (\u00e9d. L\u2019\u00e9cole des loisirs, 2011)<\/em><\/li>\n<li style=\"text-align: justify;\">Ligne 2: MONT SOUFFLON &#8211; <em><a href=\"http:\/\/www.jojoenherbe.com\/index.php\/2019\/03\/19\/au-fil-des-pages-avec-orlando\/\"><span style=\"text-decoration: underline;\">Orlando, Le secret du Mont Soufflon<\/span><\/a> de Teresa Radice et Stefano Turconi, T1 (\u00e9d. Dargaud, 2017)<\/em><\/li>\n<li style=\"text-align: justify;\">Ligne 3: BANQUISE &#8211; <em><a href=\"http:\/\/www.jojoenherbe.com\/index.php\/2019\/04\/02\/au-fil-des-pages-avec-banquise-blues\/\"><span style=\"text-decoration: underline;\">Banquise Blues<\/span><\/a> de Jory John et Lane Smith (\u00e9d. Gallimard Jeunesse, 2018)<\/em><\/li>\n<li style=\"text-align: justify;\">Ligne 4: JARDIN &#8211; <em><a href=\"http:\/\/www.jojoenherbe.com\/index.php\/2019\/05\/12\/au-fil-des-pages-avec-mon-jardin\/\"><span style=\"text-decoration: underline;\">Dans mon jardin<\/span><\/a> de Marion Billet (\u00e9d. Gallimard Jeunesse, coll. Musique, 2017)<\/em><\/li>\n<li style=\"text-align: justify;\">Ligne 5: GARAGE &#8211; <em><a href=\"http:\/\/www.jojoenherbe.com\/index.php\/2019\/06\/13\/au-fil-des-pages-avec-hubert-le-hamster\/\"><span style=\"text-decoration: underline;\">Hubert le hamster \u2013 Au garage<\/span><\/a> de William Bee (\u00e9d. Spash, 2015)<\/em><\/li>\n<li style=\"text-align: justify;\">Ligne 6: FERME &#8211; <em><a href=\"http:\/\/www.jojoenherbe.com\/index.php\/2019\/06\/13\/au-fil-des-pages-avec-hubert-le-hamster\/\"><span style=\"text-decoration: underline;\">Hubert le hamster \u2013 A la ferme<\/span><\/a> de William Bee (\u00e9d. Spash, 2015)<\/em><\/li>\n<li style=\"text-align: justify;\">Ligne 7: \u00c9COLE &#8211; <em><a href=\"http:\/\/www.jojoenherbe.com\/index.php\/2019\/07\/30\/au-fil-des-pages-avec-lecole\/\"><span style=\"text-decoration: underline;\">Un ours<\/span> <span style=\"text-decoration: underline;\">\u00e0 l\u2019\u00e9cole<\/span><\/a> de Jean-Luc Englebert (\u00e9d. L\u2019\u00e9cole des loisirs, coll. Pastel, 2015)<\/em><\/li>\n<li style=\"text-align: justify;\">Ligne 8: \u00c9COLE &#8211; <em><a href=\"http:\/\/www.jojoenherbe.com\/index.php\/2019\/09\/20\/au-fil-des-pages-sur-le-theme-de-lecole\/\"><span style=\"text-decoration: underline;\">Le monstre des couleurs va \u00e0 l\u2019\u00e9cole<\/span><\/a> d\u2019Anna Llenas (\u00e9d. Quatre fleuves, 2019)<\/em><\/li>\n<li style=\"text-align: justify;\">Ligne 9: \u00c9COLE &#8211; <em><a href=\"http:\/\/www.jojoenherbe.com\/index.php\/2019\/09\/20\/au-fil-des-pages-sur-le-theme-de-lecole\/\"><span style=\"text-decoration: underline;\">Pop \u00e0 l\u2019\u00e9cole<\/span><\/a> de Pierrick Bisinski et Alex Sanders (\u00e9d. L\u2019\u00e9cole des loisirs, coll. Les lutins, 2018)<\/em><\/li>\n<li style=\"text-align: justify;\">Ligne 10: OP\u00c9RA &#8211; <em><a href=\"http:\/\/www.jojoenherbe.com\/index.php\/2019\/10\/08\/au-fil-des-pages-avec-le-fantome-de-lopera\/\"><span style=\"text-decoration: underline;\">Le Fant\u00f4me de l\u2019Op\u00e9ra<\/span><\/a> de Fabrice Boulanger, d&rsquo;apr\u00e8s Gaston Leroux (\u00e9d. de la Bagnole, 2015)<\/em><\/li>\n<li style=\"text-align: justify;\">Ligne 11: MER &#8211; <em><a href=\"http:\/\/www.jojoenherbe.com\/index.php\/2019\/10\/17\/au-fil-des-pages-avec-ciao-et-la-mer\/\"><span style=\"text-decoration: underline;\">Ciao et la mer<\/span><\/a> de Sarah Khoury (\u00e9d. P\u00e8re Fouettard, 2019)<\/em><\/li>\n<li style=\"text-align: justify;\">Ligne 12: \u00c9COLE &#8211; <em><a href=\"http:\/\/www.jojoenherbe.com\/index.php\/2019\/10\/30\/au-fil-des-pages-avec-a-lecole-des-abeilles\/\"><span style=\"text-decoration: underline;\">\u00c0 l\u2019\u00e9cole des abeilles<\/span><\/a> de Nadia Shireen (\u00e9d. Nathan, 2016)<\/em><\/li>\n<li style=\"text-align: justify;\">Ligne 13: MOI &#8211; <em><a href=\"http:\/\/www.jojoenherbe.com\/index.php\/2019\/11\/13\/au-fil-des-pages-autour-dun-oeuf\/\"><span style=\"text-decoration: underline;\">C\u2019est \u00e0 moi, \u00e7a!<\/span><\/a> de Michel Van Zeveren (\u00e9d. L\u2019\u00e9cole des loisirs, 2010)<\/em><\/li>\n<li style=\"text-align: justify;\">Ligne 14: FOR\u00caT &#8211; <em><a href=\"http:\/\/www.jojoenherbe.com\/index.php\/2019\/11\/18\/au-fil-des-pages-avec-harper\/\"><span style=\"text-decoration: underline;\">Harper et la for\u00eat de la Nuit<\/span><\/a> de Cerrie Burnell et Laura Ellen Anderson, T3 (\u00e9d. Albin Michel Jeunesse, coll. Mes premiers Witty, 2017)<\/em><\/li>\n<li style=\"text-align: justify;\">Ligne 15: ABRI &#8211; <em><a href=\"http:\/\/www.jojoenherbe.com\/index.php\/2019\/11\/23\/au-fil-des-pages-avec-labri\/\"><span style=\"text-decoration: underline;\">L\u2019abri<\/span><\/a> de C\u00e9line Claire et Qin Leng (\u00e9d. Bayard Jeunesse, 2018)<\/em><\/li>\n<li style=\"text-align: justify;\">Ligne 16: HAMELIN &#8211; <em><a href=\"http:\/\/www.jojoenherbe.com\/index.php\/2019\/12\/18\/au-fil-des-pages-avec-le-joueur-de-flute-de-hamelin\/\"><span style=\"text-decoration: underline;\">Le joueur de fl\u00fbte de Hamelin<\/span><\/a> de Thomas Baas, d\u2019apr\u00e8s les Fr\u00e8res Grimm (\u00e9d. Actes Sud Junior, 2015)<\/em><\/li>\n<li style=\"text-align: justify;\">Ligne 17:<\/li>\n<\/ul>\n<p><span style=\"text-decoration: underline;\">Cat\u00e9gorie Animal<\/span>:<\/p>\n<ul>\n<li style=\"text-align: justify;\">Ligne 1: LAPIN &#8211; <em><a href=\"http:\/\/www.jojoenherbe.com\/index.php\/2019\/01\/23\/au-fil-des-pages-avec-petit-lapin-blanc-dit-non\/\"><span style=\"text-decoration: underline;\">Petit Lapin Blanc dit non<\/span><\/a> de Marie-France Houry et de Fabienne Boisnard (\u00e9d. Gautier-Laguereau, 2016)<\/em><\/li>\n<li style=\"text-align: justify;\">Ligne 2: POULE &#8211; <em><a href=\"http:\/\/www.jojoenherbe.com\/index.php\/2019\/03\/20\/au-fil-des-pages-sur-le-theme-du-printemps\/\"><span style=\"text-decoration: underline;\">Maman Poule et les trois petits \u0153ufs<\/span><\/a> de Beck Ward et Sami Sweeten (\u00e9d. Lipokili, 2004)<\/em><\/li>\n<li style=\"text-align: justify;\">Ligne 3: SOURIS &#8211; <em><a href=\"http:\/\/www.jojoenherbe.com\/index.php\/2019\/03\/25\/au-fil-des-pages-avec-la-lune\/\"><span style=\"text-decoration: underline;\">La famille Souris d\u00eene au clair de lune<\/span><\/a> de Kazuo Iwamura (\u00e9d. L\u2019\u00e9cole des loisirs, 2009)<\/em><\/li>\n<li style=\"text-align: justify;\">Ligne 4: H\u00c9RISSON &#8211; <em><a href=\"http:\/\/www.jojoenherbe.com\/index.php\/2019\/04\/20\/au-fil-des-pages-sur-le-theme-de-paques\/\"><span style=\"text-decoration: underline;\">Joyeuses P\u00e2ques, Petit H\u00e9risson!<\/span><\/a> de M. Christina Butler et Tina Macnaughton (\u00e9d. Milan, 2018)<\/em><\/li>\n<li style=\"text-align: justify;\">Ligne 5: M\u00c9SANGE &#8211; <em><a href=\"http:\/\/www.jojoenherbe.com\/index.php\/2019\/05\/08\/au-fil-des-pages-avec-les-oiseaux-dantoon-krings\/\"><span style=\"text-decoration: underline;\">Solange la M\u00e9sange<\/span><\/a> d\u2019Antoon Krings (\u00e9d. Gallimard Jeunesse, coll. Giboul\u00e9es, 2002)<\/em><\/li>\n<li style=\"text-align: justify;\">Ligne 6: CHENILLE &#8211; <em><a href=\"http:\/\/www.jojoenherbe.com\/index.php\/2019\/06\/19\/au-fil-des-pages-avec-la-chenille-qui-fait-des-trous\/\"><span style=\"text-decoration: underline;\">La chenille qui fait des trous<\/span><\/a> d\u2019\u00c9ric Carle (\u00e9d. Mijade, 2014)<\/em><\/li>\n<li style=\"text-align: justify;\">Ligne 7: LIONS &#8211; <em><a href=\"http:\/\/www.jojoenherbe.com\/index.php\/2019\/07\/08\/au-fil-des-pages-avec-les-lions-ne-mangent-pas-de-croquettes\/\"><span style=\"text-decoration: underline;\">Les lions ne mangent pas de croquettes<\/span><\/a> d\u2019Andr\u00e9 Bouchard (\u00e9d. Seuil Jeunesse, 2012)<\/em><\/li>\n<li style=\"text-align: justify;\">Ligne 8: PINGOUIN &#8211; <em><a href=\"http:\/\/www.jojoenherbe.com\/index.php\/2019\/08\/14\/au-fil-des-pages-avec-tortue-pingouin\/\"><span style=\"text-decoration: underline;\">Tortue Pingouin<\/span><\/a> de Valeri Gorbachev (\u00e9d. L\u2019\u00e9cole des loisirs, 2009)<\/em><\/li>\n<li style=\"text-align: justify;\">Ligne 9: ESCARGOT &#8211; <em><a href=\"http:\/\/www.jojoenherbe.com\/index.php\/2019\/09\/16\/au-fil-des-pages-avec-le-voyage-de-lescargot\/\"><span style=\"text-decoration: underline;\">Le voyage de l\u2019escargot<\/span><\/a> de Ruth Brown (\u00e9d. Gallimard Jeunesse, 2000)<\/em><\/li>\n<li style=\"text-align: justify;\">Ligne 10: OURS &#8211; <em><a href=\"http:\/\/www.jojoenherbe.com\/index.php\/2019\/09\/18\/au-fil-des-pages-avec-la-soupe-des-trois-ours\/\"><span style=\"text-decoration: underline;\">La soupe des trois Ours<\/span><\/a> de Cecil Kim et Mique Moriuchi (\u00e9d. \u00c2ne b\u00e2t\u00e9, 2012)<\/em><\/li>\n<li style=\"text-align: justify;\">Ligne 11: OURS &#8211; <em><a href=\"http:\/\/www.jojoenherbe.com\/index.php\/2019\/10\/04\/au-fil-des-pages-avec-boucle-dor-et-les-trois-ours\/\"><span style=\"text-decoration: underline;\">Les trois ours<\/span><\/a> de Byron Barton (\u00e9d. L\u2019\u00e9cole des loisirs, 2014)<\/em><\/li>\n<li style=\"text-align: justify;\">Ligne 12: DRAGON &#8211; <em><a href=\"http:\/\/www.jojoenherbe.com\/index.php\/2019\/10\/16\/au-fil-des-pages-avec-monsieur-madame-et-halloween\/\"><span style=\"text-decoration: underline;\">M. Chatouille et le dragon<\/span><\/a> de Roger Hargreaves (\u00e9d. Hachette Jeunesse, 2018)<\/em><\/li>\n<li style=\"text-align: justify;\">Ligne 13: LICORNES &#8211; <em><a href=\"http:\/\/www.jojoenherbe.com\/index.php\/2019\/10\/25\/au-fil-des-pages-avec-amelia-fang\/\"><span style=\"text-decoration: underline;\">Am\u00e9lia Fang et les seigneurs licornes<\/span><\/a> de Laura Ellen Anderson (\u00e9d. Casterman, 2019)<\/em><\/li>\n<li>Ligne 14: LAPINS &#8211; <em><a href=\"http:\/\/www.jojoenherbe.com\/index.php\/2019\/11\/22\/au-fil-des-pages-avec-le-probleme-avec-les-lapins\/\"><span style=\"text-decoration: underline;\">Le probl\u00e8me avec les lapins<\/span> <\/a>d\u2019Emily Gravett (\u00e9d. Kal\u00e9idoscope, 2009)<\/em><\/li>\n<li>Ligne 15: OURS &#8211; <em><a href=\"http:\/\/www.jojoenherbe.com\/index.php\/2019\/11\/24\/au-fil-des-pages-avec-dis-ours-tu-sors\/\"><span style=\"text-decoration: underline;\">Dis Ours, tu sors?<\/span><\/a> de Jory John et Benji Davies (\u00e9d. Little Urban, 2019)<\/em><\/li>\n<li>Ligne 16: OURS &#8211; <em><a href=\"http:\/\/www.jojoenherbe.com\/index.php\/2019\/12\/23\/au-fil-des-pages-avec-le-premier-noel-de-lours\/\"><span style=\"text-decoration: underline;\">Le premier No\u00ebl de l\u2019ours<\/span><\/a> de Robert Kinerk et Jim LaMarche (\u00e9d. Casterman, 2008)<\/em><\/li>\n<li>Ligne 17:<\/li>\n<\/ul>\n<p><span style=\"text-decoration: underline;\">Cat\u00e9gorie Objet<\/span>:<\/p>\n<ul>\n<li style=\"text-align: justify;\">Ligne 1: MOUFLE &#8211; <em><a href=\"http:\/\/www.jojoenherbe.com\/index.php\/2019\/03\/05\/au-fil-des-pages-avec-la-moufle\/\"><span style=\"text-decoration: underline;\">La moufle<\/span><\/a> de Florence Desnouveaux et C\u00e9cile Hudrisier (\u00e9d. Didier Jeunesse, coll. A petits petons, 2017)<\/em><\/li>\n<li style=\"text-align: justify;\">Ligne 2: TABLE &#8211; <a href=\"http:\/\/www.jojoenherbe.com\/index.php\/2019\/03\/20\/au-fil-des-pages-sur-le-theme-du-printemps\/\"><span style=\"text-decoration: underline;\">\u00c0<em> table!<\/em><\/span><\/a> <em>de Kazuo Iwamura (\u00e9d. Mijade, 2016)<\/em><\/li>\n<li style=\"text-align: justify;\">Ligne 3: CADEAU &#8211; <em><a href=\"http:\/\/www.jojoenherbe.com\/index.php\/2019\/04\/24\/au-fil-des-pages-avec-bob-marley\/\"><span style=\"text-decoration: underline;\">Bob et Marley, Le cadeau<\/span><\/a> de Fr\u00e9d\u00e9ric Marais et Thierry Dedieu (\u00e9d. Seuil Jeunesse, 2015)<\/em><\/li>\n<li style=\"text-align: justify;\">Ligne 4: POLO &#8211; <em><a href=\"http:\/\/www.jojoenherbe.com\/index.php\/2019\/05\/22\/au-fil-des-pages-avec-polo-et-le-dragon\/\"><span style=\"text-decoration: underline;\">Polo et le dragon<\/span><\/a> de R\u00e9gis Faller (\u00e9d. Bayard Jeunesse, 2003)<\/em><\/li>\n<li style=\"text-align: justify;\">Ligne 5: LESSIVE &#8211; <em><a href=\"http:\/\/www.jojoenherbe.com\/index.php\/2019\/06\/18\/au-fil-des-pages-avec-la-lessive-de-la-famille-souris\/\"><span style=\"text-decoration: underline;\">La lessive de la famille Souris<\/span><\/a> de Kazuo Iwamura (\u00e9d. L\u2019\u00e9cole des Loisirs, 2008)<\/em><\/li>\n<li style=\"text-align: justify;\">Ligne 6: \u00c9TOILE &#8211; <em><a href=\"http:\/\/www.jojoenherbe.com\/index.php\/2019\/06\/20\/au-fil-des-pages-sur-le-theme-de-lespace\/\"><span style=\"text-decoration: underline;\">C\u2019est quoi\u2026 une \u00e9toile?<\/span><\/a> de Katie Daynes et Marta \u00c1lvarez Migu\u00e9ns (\u00e9d. Usborne, 2018)<\/em><\/li>\n<li style=\"text-align: justify;\">Ligne 7: PLAN &#8211; <em><a href=\"http:\/\/www.jojoenherbe.com\/index.php\/2019\/07\/10\/au-fil-des-pages-avec-chut-on-a-un-plan\/\"><span style=\"text-decoration: underline;\">Chut! On a un plan<\/span><\/a> de Chris Haughton (\u00e9d. Thierry Magnier, 2014)<\/em><\/li>\n<li style=\"text-align: justify;\">Ligne 8: LIT &#8211; <em><a href=\"http:\/\/www.jojoenherbe.com\/index.php\/2019\/09\/09\/au-fil-des-pages-avec-cinq-dans-le-lit\/\"><span style=\"text-decoration: underline;\">Cinq dans le lit<\/span><\/a> de Marie-France Painset et l\u2019Atelier Saje (\u00e9d. Didier Jeunesse, coll. Les tout-cartons petite enfance, 2018)<\/em><\/li>\n<li style=\"text-align: justify;\">Ligne 9: FIL &#8211; <em><a href=\"http:\/\/www.jojoenherbe.com\/index.php\/2019\/09\/25\/au-fil-des-pages-avec-devine-combien-je-taime-au-fil-des-saisons\/\">Devine combien je t\u2019aime au fil des saisons<\/a> de Sam McBratney et Anita Jeram (\u00e9d. L\u2019\u00e9cole des loisirs, coll. Pastel, 2009)<br \/>\n<\/em><\/li>\n<li style=\"text-align: justify;\">Ligne 10: PIANO &#8211; <em><a href=\"http:\/\/www.jojoenherbe.com\/index.php\/2019\/10\/03\/au-fil-des-pages-avec-des-instruments-de-musique\/\"><span style=\"text-decoration: underline;\">Le piano des bois<\/span><\/a> de Kazuo Iwamura (\u00e9d. L\u2019\u00e9cole des loisirs, 2006)<\/em><\/li>\n<li style=\"text-align: justify;\">Ligne 11: BOUCLE &#8211; <em><a href=\"http:\/\/www.jojoenherbe.com\/index.php\/2019\/10\/04\/au-fil-des-pages-avec-boucle-dor-et-les-trois-ours\/\"><span style=\"text-decoration: underline;\">Boucle d\u2019Or et les trois ours<\/span><\/a> d\u2019Olivier Douzou (\u00e9d. du Rouergue, 2011)<\/em><\/li>\n<li style=\"text-align: justify;\">Ligne 12: LUNETTE &#8211; <em><a href=\"http:\/\/www.jojoenherbe.com\/index.php\/2019\/10\/17\/au-fil-des-pages-avec-les-chroniques-de-spiderwick\/\"><span style=\"text-decoration: underline;\">Les Chroniques de Spiderwick, La lunette de Pierre<\/span><\/a> de Tony Diterlizzi et Holly Black T2 (\u00e9d. Pocket Jeunesse, 2006)<\/em><\/li>\n<li style=\"text-align: justify;\">Ligne 13: FIL &#8211;\u00a0<em><a href=\"http:\/\/www.jojoenherbe.com\/index.php\/2019\/11\/16\/au-fil-des-pages-avec-bonhomme\/\"><span style=\"text-decoration: underline;\">Bonhomme et le fil rouge<\/span><\/a> d&rsquo;Anne-Ga\u00eblle Balpe et \u00c8ve Tharlet (\u00e9d.\u00a0 Minedition, 2014)<\/em><\/li>\n<li style=\"text-align: justify;\">Ligne 14: PARAPLUIE &#8211; <em><a href=\"http:\/\/www.jojoenherbe.com\/index.php\/2019\/11\/18\/au-fil-des-pages-avec-harper\/\"><span style=\"text-decoration: underline;\">Harper et le parapluie magique<\/span><\/a> de Cerrie Burnell et Laura Ellen Anderson, T1 (\u00e9d. Albin Michel Jeunesse, coll. Mes premiers Witty, 2016)<\/em><\/li>\n<li style=\"text-align: justify;\">Ligne 15: CADEAUX &#8211;<em><a href=\"http:\/\/www.jojoenherbe.com\/index.php\/2019\/12\/18\/au-fil-des-pages-avec-plume-et-les-cadeaux-de-noel\/\"><span style=\"text-decoration: underline;\"> Plume et les cadeaux de No\u00ebl<\/span><\/a> de Rebecca Harry (\u00e9d. Gr\u00fcnd, 2018)<\/em><\/li>\n<li style=\"text-align: justify;\">Ligne 16: CADEAU &#8211; <em><a href=\"http:\/\/www.jojoenherbe.com\/index.php\/2020\/01\/03\/au-fil-des-pages-avec-anton-et-le-cadeau-de-noel\/\">Anton et le cadeau de No\u00ebl<\/a> d\u2019Ole K\u00f6nnecke (\u00e9d. De la Martini\u00e8re Jeunesse, 2013)<\/em><\/li>\n<li style=\"text-align: justify;\">Ligne 17:<\/li>\n<\/ul>\n<p><span style=\"text-decoration: underline;\">Cat\u00e9gorie Couleur<\/span>:<\/p>\n<ul>\n<li style=\"text-align: justify;\">Ligne 1: ROUGE &#8211; <em><a href=\"http:\/\/www.jojoenherbe.com\/index.php\/2019\/02\/06\/au-fil-des-pages-avec-tout-est-rouge\/\"><span style=\"text-decoration: underline;\">Tout est rouge<\/span><\/a> de Kazuo Iwamura (\u00e9d. Mijade, 2016)<\/em><\/li>\n<li style=\"text-align: justify;\">Ligne 2: TABLE &#8211;<em><a href=\"http:\/\/www.jojoenherbe.com\/index.php\/2019\/03\/20\/au-fil-des-pages-sur-le-theme-du-printemps\/\"><span style=\"text-decoration: underline;\"> \u00c0 table!<\/span><\/a>\u00a0 de Kazuo Iwamura (\u00e9d. Mijade, 2016)<\/em><\/li>\n<li style=\"text-align: justify;\">Ligne 3: VERT &#8211; <em><a href=\"http:\/\/www.jojoenherbe.com\/index.php\/2019\/03\/22\/au-fil-des-pages-sur-le-theme-de-la-securite-routiere\/\"><span style=\"text-decoration: underline;\">Rouge et Vert<\/span><\/a> de Gabriel Gay (\u00e9d. L\u2019\u00e9cole des Loisirs, coll. Les lutins, 2016)<\/em><\/li>\n<li style=\"text-align: justify;\">Ligne 4: BLANC &#8211; <em><a href=\"http:\/\/www.jojoenherbe.com\/index.php\/2019\/04\/20\/au-fil-des-pages-sur-le-theme-de-paques\/\"><span style=\"text-decoration: underline;\">Petit Lapin Blanc et les \u0153ufs de P\u00e2ques<\/span><\/a> de de Marie-France Floury et de Fabienne Boisnard (\u00e9d. Gautier-Laguereau, 2017)<\/em><\/li>\n<li style=\"text-align: justify;\">Ligne 5: LILAS &#8211;\u00a0<em><a href=\"http:\/\/www.jojoenherbe.com\/index.php\/2019\/05\/14\/au-fil-des-pages-avec-le-tome-13-dana-ana\/\"><span style=\"text-decoration: underline;\">Ana Ana, Papillons, lilas et fraises des bois<\/span><\/a> d&rsquo;Alexis Dormal et Dominique Roques,\u00a0 T13 (\u00e9d. Dargaud, 2019)<\/em><\/li>\n<li style=\"text-align: justify;\">Ligne 6: COULEUR &#8211; <em><a href=\"http:\/\/www.jojoenherbe.com\/index.php\/2019\/06\/19\/au-fil-des-pages-avec-de-quelle-couleur-sont-les-bisous\/\"><span style=\"text-decoration: underline;\">De quelle couleur sont les bisous?<\/span><\/a> de Rocio Bonilla (\u00e9d. P\u00e8re Fouettard, 2018)<\/em><\/li>\n<li style=\"text-align: justify;\">Ligne 7: BLANCHE &#8211; <em><a href=\"http:\/\/www.jojoenherbe.com\/index.php\/2019\/07\/08\/au-fil-des-pages-avec-blanche-neige\/\"><span style=\"text-decoration: underline;\">Blanche Neige<\/span><\/a> de Benjamin Lacombe, d\u2019apr\u00e8s les fr\u00e8res Grimm (\u00e9d. Milan Jeunesse, 2010)<\/em><\/li>\n<li style=\"text-align: justify;\">Ligne 8: OR &#8211; <em><a href=\"http:\/\/www.jojoenherbe.com\/index.php\/2019\/07\/26\/au-fil-des-pages-avec-boucles-dor-et-les-trois-ours\/\"><span style=\"text-decoration: underline;\">Boucles d\u2019Or et les trois ours<\/span><\/a> de Gerda Muller (\u00e9d. L\u2019\u00e9cole des loisirs, 2006)<\/em><\/li>\n<li style=\"text-align: justify;\">Ligne 9: COULEUR &#8211; <em><a href=\"http:\/\/www.jojoenherbe.com\/index.php\/2019\/08\/29\/au-fil-des-pages-avec-le-monstre-des-couleurs\/\"><span style=\"text-decoration: underline;\">La couleur des \u00e9motions<\/span><\/a> d\u2019Anna Llenas (\u00e9d. Quatre Fleuves, 2017)<\/em><\/li>\n<li style=\"text-align: justify;\">Ligne 10: NOIR &#8211; <em><a href=\"http:\/\/www.jojoenherbe.com\/index.php\/2019\/09\/13\/au-fil-des-pages-avec-le-tome-7-dana-ana\/\"><span style=\"text-decoration: underline;\">Ana Ana, On n\u2019a pas peur du noir!<\/span><\/a> d\u2019Alexis Dormal et Dominique Roques, T7 (\u00e9d. Dargaud, 2016)<\/em><\/li>\n<li style=\"text-align: justify;\">Ligne 11: JAUNE &#8211; <em><a href=\"http:\/\/www.jojoenherbe.com\/index.php\/2019\/10\/03\/au-fil-des-pages-avec-des-instruments-de-musique\/\"><span style=\"text-decoration: underline;\">Jaune Kajou<\/span><\/a> de Malou Ravella et Marianne Barcilon (\u00e9d. du Ricochet, coll. Les Bou\u00e9es du Ricochet, 2004)<\/em><\/li>\n<li style=\"text-align: justify;\">Ligne 12: ROUSSE &#8211; <em><a href=\"http:\/\/www.jojoenherbe.com\/index.php\/2019\/11\/14\/au-fil-des-pages-avec-la-petite-poule-rousse\/\"><span style=\"text-decoration: underline;\">La petite poule rousse<\/span><\/a> de Pierre Delye et C\u00e9cile Hudrisier (\u00e9d. Didier Jeunesse, 2011)<\/em><\/li>\n<li style=\"text-align: justify;\">Ligne 13: BLEU &#8211;\u00a0<em><a href=\"http:\/\/www.jojoenherbe.com\/index.php\/2019\/11\/16\/au-fil-des-pages-avec-bonhomme\/\"><span style=\"text-decoration: underline;\">Bonhomme et le caillou bleu<\/span><\/a> d&rsquo;Anne-Ga\u00eblle Balpe et \u00c8ve Tharlet (\u00e9d.\u00a0 Minedition, 2011)<\/em><\/li>\n<li style=\"text-align: justify;\">Ligne 14: ORANGE &#8211;\u00a0<em><a href=\"http:\/\/www.jojoenherbe.com\/index.php\/2019\/11\/26\/au-fil-des-pages-avec-orange-pomme-poire\/\"><span style=\"text-decoration: underline;\">Orange pomme poire<\/span><\/a> d&rsquo;Emily Gravett (\u00e9d. Kal\u00e9idoscope,\u00a0 2009)\u00a0<\/em><\/li>\n<li style=\"text-align: justify;\">Ligne 15: TAUPE &#8211;<em><a href=\"http:\/\/www.jojoenherbe.com\/index.php\/2019\/12\/17\/au-fil-des-pages-avec-joyeux-noel-petite-taupe\/\"><span style=\"text-decoration: underline;\"> Joyeux No\u00ebl,\u00a0 Petite taupe!<\/span><\/a>\u00a0 d&rsquo;Orianne Lallemand et Claire Frossard (\u00e9d. Auzou,\u00a0 2015)<\/em><\/li>\n<li style=\"text-align: justify;\">Ligne 16: BLANC &#8211; <em><a href=\"http:\/\/www.jojoenherbe.com\/index.php\/2020\/01\/06\/au-fil-des-pages-avec-petit-lapin-blanc-fete-noel\/\"><span style=\"text-decoration: underline;\">Petit Lapin Blanc f\u00eate No\u00ebl<\/span><\/a> de Marie-France Floury et Fabienne Boisnard (\u00e9d. Gautier-Languereau, 2018)<\/em><\/li>\n<li style=\"text-align: justify;\">Ligne 17:<\/li>\n<\/ul>\n<p style=\"text-align: justify;\"><span style=\"text-decoration: underline;\">Cat\u00e9gorie Partie du corps<\/span>:<\/p>\n<ul>\n<li style=\"text-align: justify;\">Ligne 1: DOIGTS &#8211; <em><a href=\"http:\/\/www.jojoenherbe.com\/index.php\/2019\/02\/27\/au-fil-des-pages-avec-123-petits-doigts\/\"><span style=\"text-decoration: underline;\">1,2,3 petits doigts<\/span><\/a> de Laure du Fa\u00ff (\u00e9d. Nathan, 2015)<\/em><\/li>\n<li style=\"text-align: justify;\">Ligne 2: MAINS &#8211; <em><a href=\"http:\/\/www.jojoenherbe.com\/index.php\/2019\/04\/15\/au-fil-des-pages-avec-grenadine-et-mentalo\/\"><span style=\"text-decoration: underline;\">Grenadine et Mentalo: Haut les mains, peau de pingouin!<\/span><\/a> de Colonel Moutarde, T1 (\u00e9d. Milan, coll. BD Kids, 2011)<\/em><\/li>\n<li style=\"text-align: justify;\">Ligne 3: MAIN &#8211; <em><a href=\"http:\/\/www.jojoenherbe.com\/index.php\/2019\/04\/17\/au-fil-des-pages-avec-ta-main-dans-ma-main\/\"><span style=\"text-decoration: underline;\">Ta main dans ma main<\/span><\/a> de Mark Sperring et Britta Teckentrup (\u00e9d. Larousse, 2014)<\/em><\/li>\n<li style=\"text-align: justify;\">Ligne 4: POMME (D&rsquo;ADAM): <em><a href=\"http:\/\/www.jojoenherbe.com\/index.php\/2019\/06\/07\/au-fil-des-pages-avec-la-pomme-des-neiges\/\"><span style=\"text-decoration: underline;\">La pomme des neiges<\/span><\/a> de Feridun Oral (\u00e9d. Minedition, 2013)<\/em><\/li>\n<li style=\"text-align: justify;\">Ligne 5: T\u00caTE &#8211; <em><a href=\"http:\/\/www.jojoenherbe.com\/index.php\/2019\/06\/20\/au-fil-des-pages-sur-le-theme-de-lespace\/\"><span style=\"text-decoration: underline;\">Le loup qui avait la t\u00eate dans les \u00e9toiles<\/span><\/a> d\u2019Orianne Lallemand et \u00c9l\u00e9onore Thuillier (\u00e9d. Auzou, 2017)<\/em><\/li>\n<li style=\"text-align: justify;\">Ligne 6: CORPS &#8211; <em><a href=\"http:\/\/www.jojoenherbe.com\/index.php\/2019\/07\/23\/au-fil-des-pages-avec-le-corps\/\"><span style=\"text-decoration: underline;\">Le corps, mon imagier anim\u00e9<\/span><\/a>\u00a0 d\u2019Ella Bailey (\u00e9d. Gallimard Jeunesse, coll. Mes premi\u00e8res d\u00e9couvertes, 2018)<\/em><\/li>\n<li style=\"text-align: justify;\">Ligne 7: COEUR &#8211; <em><a href=\"http:\/\/www.jojoenherbe.com\/index.php\/2019\/08\/26\/au-fil-des-pages-avec-dans-mon-petit-coeur\/\"><span style=\"text-decoration: underline;\">Dans mon petit c\u0153ur<\/span><\/a> de Jo Witek et Christine Roussey (\u00e9d. De la Martini\u00e8re jeunesse, 2013)<\/em><\/li>\n<li style=\"text-align: justify;\">Ligne 8: BRAS &#8211; <em><a href=\"http:\/\/www.jojoenherbe.com\/index.php\/2019\/09\/12\/au-fil-des-pages-avec-larrivee-dun-bebe\/\"><span style=\"text-decoration: underline;\">Dans mes bras<\/span><\/a> d\u2019\u00c9mile Jadoul (\u00e9d. L\u2019\u00e9cole des loisirs, coll. Pastel, 2016)<\/em><\/li>\n<li style=\"text-align: justify;\">Ligne 9: NEZ &#8211; <em><a href=\"http:\/\/www.jojoenherbe.com\/index.php\/2019\/10\/01\/au-fil-des-pages-avec-par-le-bout-du-nez\/\"><span style=\"text-decoration: underline;\">Par le bout du nez<\/span><\/a> de Loes Riphagen (\u00e9d. Didier Jeunesse, 2017)<\/em><\/li>\n<li style=\"text-align: justify;\">Ligne 10: COEUR &#8211; <em><a href=\"http:\/\/www.jojoenherbe.com\/index.php\/2019\/10\/06\/au-fil-des-pages-avec-coeur-de-pierre\/\"><span style=\"text-decoration: underline;\">C\u0153ur de pierre<\/span><\/a> de S\u00e9verine Gauthier et J\u00e9r\u00e9mie Almanza (\u00e9d. Delcourt, 2013)<\/em><\/li>\n<li style=\"text-align: justify;\">Ligne 11: SQUELETTE &#8211; <em><a href=\"http:\/\/www.jojoenherbe.com\/index.php\/2019\/10\/24\/au-fil-des-pages-avec-le-petit-pecheur-et-le-squelette\/\"><span style=\"text-decoration: underline;\">Le petit p\u00eacheur et le squelette<\/span><\/a> de Chen Jiang Hong (\u00e9d. L\u2019\u00c9cole des loisirs, 2013)<\/em><\/li>\n<li style=\"text-align: justify;\">Ligne 12: SQUELETTE &#8211; <em><a href=\"http:\/\/www.jojoenherbe.com\/index.php\/2019\/10\/28\/au-fil-des-pages-avec-le-sortilege-des-enfants-squelettes\/\"><span style=\"text-decoration: underline;\">Le sortil\u00e8ge des enfants squelettes<\/span><\/a> de S\u00e9bastiaan Van Doninck (\u00e9d. Alice Jeunesse, 2018)<\/em><\/li>\n<li style=\"text-align: justify;\">Ligne 13: COEUR &#8211; <em><a href=\"http:\/\/www.jojoenherbe.com\/index.php\/2019\/11\/14\/au-fil-des-pages-avec-le-dragon-au-coeur-de-chocolat\/\"><span style=\"text-decoration: underline;\">Le Dragon au C\u0153ur de chocolat<\/span><\/a> de Stephanie Burgis (\u00e9d. Gallimard Jeunesse, 2018)<\/em><\/li>\n<li style=\"text-align: justify;\">Ligne 14: T\u00caTE &#8211; <em><a href=\"http:\/\/www.jojoenherbe.com\/index.php\/2019\/12\/11\/au-fil-des-pages-avec-lulu-lagneau-qui-nen-faisait-qua-sa-tete\/\"><span style=\"text-decoration: underline;\">Lulu l\u2019agneau qui n\u2019en faisait qu\u2019\u00e0 sa t\u00eate<\/span><\/a> de Sylvain Victor (\u00e9d. Thierry Magnier, 2019)<\/em><\/li>\n<li style=\"text-align: justify;\">Ligne 15: VISAGE &#8211; <em><a href=\"http:\/\/www.jojoenherbe.com\/index.php\/2019\/12\/23\/au-fil-des-pages-avec-le-tome-4-des-carnets-de-cerise\/\"><span style=\"text-decoration: underline;\">Les Carnets de Cerise, La d\u00e9esse sans visage<\/span><\/a> de Joris Chamblain et Aur\u00e9lie Neyret, T4 (\u00e9d.\u00a0 Soleil,\u00a0 coll. M\u00e9tamorphose, 2016)<\/em><\/li>\n<li style=\"text-align: justify;\">Ligne 16: T\u00caTE &#8211; <em><a href=\"http:\/\/www.jojoenherbe.com\/index.php\/2020\/01\/07\/au-fil-des-pages-avec-la-tete-a-la-dispute\/\"><span style=\"text-decoration: underline;\">La t\u00eate \u00e0 la dispute<\/span><\/a> d\u2019\u00c9mile Jadoul et Catherine Pineur (\u00e9d. L\u2019\u00e9cole des loisirs, coll. Pastel, 2011)<\/em><\/li>\n<li style=\"text-align: justify;\">Ligne 17:<\/li>\n<\/ul>\n<p><span style=\"text-decoration: underline;\">Cat\u00e9gorie M\u00e9tier<\/span>:<\/p>\n<ul>\n<li style=\"text-align: justify;\">Ligne 1: POMPIERS &#8211; <em><a href=\"http:\/\/www.jojoenherbe.com\/index.php\/2019\/02\/23\/au-fil-des-pages-avec-les-pompiers\/\"><span style=\"text-decoration: underline;\">Les pompiers<\/span><\/a> de Marion Zoubenko et Charlie Pop (\u00e9d. Gr\u00fcnd, 2019)<\/em><\/li>\n<li style=\"text-align: justify;\">Ligne 2: CLOWN &#8211; <em><a href=\"http:\/\/www.jojoenherbe.com\/index.php\/2019\/03\/13\/au-fil-des-pages-avec-clown\/\"><span style=\"text-decoration: underline;\">Clown<\/span><\/a> d\u2019Elzbieta (\u00e9d. L\u2019\u00e9cole des loisirs, coll. Les lutins, 2017)<\/em><\/li>\n<li style=\"text-align: justify;\">Ligne 3: COW-BOY &#8211; <em><a href=\"http:\/\/www.jojoenherbe.com\/index.php\/2019\/04\/10\/au-fil-des-pages-avec-guili-le-cow-boy\/\"><span style=\"text-decoration: underline;\">Guili le cow-boy<\/span><\/a> de Fabien Robert et L\u00e9a Weber (\u00e9d. Milan, 2013)<\/em><\/li>\n<li style=\"text-align: justify;\">Ligne 4: P\u00c8RE NO\u00cbL: <em><a href=\"http:\/\/www.jojoenherbe.com\/index.php\/2019\/04\/20\/au-fil-des-pages-sur-le-theme-de-paques\/\"><span style=\"text-decoration: underline;\">La Petite Souris, le P\u00e8re No\u00ebl et le Lapin de P\u00e2ques<\/span><\/a> de Marie Dufeutrel, Gr\u00e9goire Horveno et Claire Le Grand (\u00e9d. Milan, 2018)<\/em><\/li>\n<li style=\"text-align: justify;\">Ligne 5: P\u00caCHEUR &#8211; <em><a href=\"http:\/\/www.jojoenherbe.com\/index.php\/2019\/05\/29\/au-fil-des-pages-avec-des-contes-chinois\/\"><span style=\"text-decoration: underline;\">Le P\u00eacheur et le cormoran<\/span><\/a> de St\u00e9phane S\u00e9n\u00e9gas (\u00e9d. Kal\u00e9idoscope, 2013)<\/em><\/li>\n<li style=\"text-align: justify;\">Ligne 6: PEINTRES &#8211; <em><a href=\"http:\/\/www.jojoenherbe.com\/index.php\/2019\/06\/07\/des-papillons-en-peinture\/\"><span style=\"text-decoration: underline;\">Trois souris peintres<\/span><\/a> d\u2019Ellen Stoll Walsh (\u00e9d. Mijade, 2009)<\/em><\/li>\n<li style=\"text-align: justify;\">Ligne 7: MAGICIEN &#8211; <em data-rich-text-format-boundary=\"true\"><a href=\"http:\/\/www.jojoenherbe.com\/index.php\/2019\/07\/18\/au-fil-des-pages-avec-le-lapin-magicien\/\"><span style=\"text-decoration: underline;\">Le lapin magicien<\/span><\/a> de Micka\u00ebl Escoffier et \u00c9l\u00e9onore Thuillier (\u00e9d. Kal\u00e9idoscope, 2015)<\/em><\/li>\n<li style=\"text-align: justify;\">Ligne 8: PAPA &#8211; <em><a href=\"http:\/\/www.jojoenherbe.com\/index.php\/2019\/09\/11\/au-fil-des-pages-avec-les-bras-de-papa-rien-que-pour-moi\/\"><span style=\"text-decoration: underline;\">Les bras de papa rien que pour moi<\/span><\/a> de Jo Witek et Christine Roussey (\u00e9d. De la Martini\u00e8re Jeunesse, 2012)<\/em><\/li>\n<li style=\"text-align: justify;\">Ligne 9: SORCI\u00c8RE &#8211; <a href=\"http:\/\/www.jojoenherbe.com\/index.php\/2019\/10\/02\/au-fil-des-pages-avec-genealogie-dune-sorciere\/\"><span style=\"text-decoration: underline;\"><em>La Petite Sorci\u00e8re<\/em><\/span><\/a> <em>de Benjamin Lacombe et S\u00e9bastien Perez (\u00e9d. Seuil Jeunesse, 2008)<\/em><\/li>\n<li style=\"text-align: justify;\">Ligne 10: JARDINIER &#8211;\u00a0<em><a href=\"http:\/\/www.jojoenherbe.com\/index.php\/2019\/10\/08\/au-fil-des-pages-avec-le-petit-jardinier\/\"><span style=\"text-decoration: underline;\">Le petit jardinier<\/span><\/a> de Lars Klinting (\u00e9d. Albin Michel Jeunesse, 1999)<\/em><\/li>\n<li style=\"text-align: justify;\">Ligne 11: SORCI\u00c8RE &#8211; <em><a href=\"http:\/\/www.jojoenherbe.com\/index.php\/2019\/10\/16\/au-fil-des-pages-avec-monsieur-madame-et-halloween\/\"><span style=\"text-decoration: underline;\">Mme Bonheur et la sorci\u00e8re<\/span><\/a> de Roger Hargreaves (\u00e9d. Hachette Jeunesse, 2018)<\/em><\/li>\n<li style=\"text-align: justify;\">Ligne 12: MAGICIEN &#8211; <em><a href=\"http:\/\/www.jojoenherbe.com\/index.php\/2019\/10\/16\/au-fil-des-pages-avec-monsieur-madame-et-halloween\/\"><span style=\"text-decoration: underline;\">M. Heureux et le magicien<\/span><\/a> de Roger Hargreaves (\u00e9d. Hachette Jeunesse, 2019)<\/em><\/li>\n<li style=\"text-align: justify;\">Ligne 13: SORCI\u00c8RE &#8211; <em><a href=\"http:\/\/www.jojoenherbe.com\/index.php\/2019\/10\/30\/au-fil-des-pages-avec-vicky-la-petite-sorciere\/\"><span style=\"text-decoration: underline;\">Vicky<\/span><span style=\"text-decoration: underline;\"> la petite sorci\u00e8re<\/span><\/a> de Marion Billet (\u00e9d.\u00a0 Lito,\u00a0 2019)<\/em><\/li>\n<li style=\"text-align: justify;\">Ligne 14: POMPIERS &#8211;<em> <a href=\"http:\/\/www.jojoenherbe.com\/index.php\/2019\/11\/26\/au-fil-des-pages-avec-les-pompiers-2\/\"><span style=\"text-decoration: underline;\">Les pompiers<\/span><\/a> de St\u00e9phanie Ledu et \u00c9ric Gast\u00e9 (\u00e9d. Milan, coll. Mes p\u2019tits docs, 2019)<br \/>\n<\/em><\/li>\n<li style=\"text-align: justify;\">Ligne 15: POMPIERS &#8211; <em><a href=\"http:\/\/www.jojoenherbe.com\/index.php\/2019\/11\/26\/au-fil-des-pages-avec-les-pompiers-2\/\"><span style=\"text-decoration: underline;\">Les pompiers<\/span><\/a> de Delphine Huguet, Robert Barborini, H\u00e9l\u00e8ne Convert, Yating Hung et Patrick Morize (\u00e9d. Milan, coll. Mes ann\u00e9es Pourquoi, 2016)<br \/>\n<\/em><\/li>\n<li style=\"text-align: justify;\">Ligne 16: P\u00c8RE NO\u00cbL &#8211; <em><a href=\"http:\/\/www.jojoenherbe.com\/index.php\/2019\/12\/19\/au-fil-des-pages-avec-a-la-recherche-du-pere-noel\/\"><span style=\"text-decoration: underline;\">\u00c0 la recherche du P\u00e8re No\u00ebl<\/span><\/a> de Thierry Dedieu (\u00e9d. Seuil Jeunesse, 2015)<\/em><\/li>\n<li style=\"text-align: justify;\">Ligne 17:<\/li>\n<\/ul>\n<p><span style=\"text-decoration: underline;\">Cat\u00e9gorie V\u00e9g\u00e9tal<\/span>:<\/p>\n<ul>\n<li style=\"text-align: justify;\">Ligne 1: CASSIS &#8211; <em><a href=\"http:\/\/www.jojoenherbe.com\/index.php\/2019\/02\/18\/au-fil-des-pages-avec-cassis\/\"><span style=\"text-decoration: underline;\">Cassis veut jouer<\/span><\/a> de Brigitte Luciani et Eve Tharlet (\u00e9d. Dargaud, 2014)<\/em><\/li>\n<li style=\"text-align: justify;\">Ligne 2: POMME &#8211; <em><a href=\"http:\/\/www.jojoenherbe.com\/index.php\/2019\/03\/27\/au-fil-des-pages-avec-la-pomme-rouge\/\"><span style=\"text-decoration: underline;\">La pomme rouge<\/span><\/a> de Kazuo Iwamura (\u00e9d. L\u2019\u00e9cole des Loisirs, 2010)<\/em><\/li>\n<li style=\"text-align: justify;\">Ligne 3: PISSENLIT &#8211; <em><a href=\"http:\/\/www.jojoenherbe.com\/index.php\/2019\/03\/27\/au-fil-des-pages-avec-la-pomme-rouge\/\"><span style=\"text-decoration: underline;\">F\u00fb, Hana et les pissenlits<\/span><\/a> de Kazuo Iwamura (\u00e9d. L\u2019\u00e9cole des Loisirs, 2016)<\/em><\/li>\n<li style=\"text-align: justify;\">Ligne 4: FENOUIL &#8211; <em><a href=\"http:\/\/www.jojoenherbe.com\/index.php\/2019\/04\/20\/au-fil-des-pages-sur-le-theme-de-paques\/\"><span style=\"text-decoration: underline;\">Joyeuses P\u00e2ques Fenouil!<\/span><\/a> de Brigitte Weninger et Eve Tharlet (\u00e9d. Mijade, 2012)<\/em><\/li>\n<li style=\"text-align: justify;\">Ligne 5: GRAINES &#8211;\u00a0<em><a href=\"http:\/\/www.jojoenherbe.com\/index.php\/2019\/06\/25\/au-fil-des-pages-avec-dix-petites-graines\/\"><span style=\"text-decoration: underline;\">Dix petites graines<\/span><\/a> de Ruth Brown (\u00e9d. Gallimard Jeunesse,\u00a0 2010)<\/em><\/li>\n<li style=\"text-align: justify;\">Ligne 6: NATURE &#8211;<em><a href=\"http:\/\/www.jojoenherbe.com\/index.php\/2019\/07\/23\/au-fil-des-pages-avec-petits-riens-grande-nature\/\"><span style=\"text-decoration: underline;\"> Petits riens grande nature<\/span><\/a> de G\u00e9raldine Collet et Kerasco\u00ebt (\u00e9d. Albin Michel Jeunesse, 2018)<\/em><\/li>\n<li style=\"text-align: justify;\">Ligne 7: FENOUIL &#8211; <em><a href=\"http:\/\/www.jojoenherbe.com\/index.php\/2019\/08\/28\/au-fil-des-pages-avec-fenouil\/\"><span style=\"text-decoration: underline;\">Fenouil, reviens!<\/span><\/a> de Brigitte Weninger et Eve Tharlet (\u00e9d. Nord-Sud, 1996)<\/em><\/li>\n<li style=\"text-align: justify;\">Ligne 8: FENOUIL &#8211; <em><a href=\"http:\/\/www.jojoenherbe.com\/index.php\/2019\/08\/28\/au-fil-des-pages-avec-fenouil\/\"><span style=\"text-decoration: underline;\">Fenouil, parole de lapinou!<\/span><\/a> de Brigitte Weninger et Eve Tharlet (\u00e9d. Nord-Sud, 2005)<\/em><\/li>\n<li style=\"text-align: justify;\">Ligne 9: FENOUIL &#8211; <em><a href=\"http:\/\/www.jojoenherbe.com\/index.php\/2019\/09\/12\/au-fil-des-pages-avec-larrivee-dun-bebe\/\"><span style=\"text-decoration: underline;\">Une petite s\u0153ur pour Fenouil<\/span><\/a> de Brigitte Weninger et \u00c8ve Tharlet (\u00e9d. Nord-Sud, 2009)<\/em><\/li>\n<li style=\"text-align: justify;\">Ligne 10: FEUILLE &#8211; <em><a href=\"http:\/\/www.jojoenherbe.com\/index.php\/2019\/09\/15\/au-fil-des-pages-avec-ma-feuille\/\"><span style=\"text-decoration: underline;\">Ma feuille!<\/span><\/a> de Claude K. Dubois et P\u00e9lagie Lamenthe (\u00e9d. L\u2019\u00e9cole des loisirs, coll. Pastel, 2013)<\/em><\/li>\n<li style=\"text-align: justify;\">Ligne 11: CARROT (CAROTTE) &#8211; <em><a href=\"http:\/\/www.jojoenherbe.com\/index.php\/2019\/10\/05\/au-fil-des-pages-avec-pepper-et-carrot\/\"><span style=\"text-decoration: underline;\">Pepper et Carrot, Les sorci\u00e8res de Chaosah<\/span><\/a> de David Revoy, T2 (\u00e9d. Gl\u00e9nat, 2017)<\/em><\/li>\n<li style=\"text-align: justify;\">Ligne 12: POIS &#8211;\u00a0<em><a href=\"http:\/\/www.jojoenherbe.com\/index.php\/2019\/10\/10\/au-fil-des-pages-avec-petit-pois\/\"><span style=\"text-decoration: underline;\">Petit Pois<\/span><\/a> de Davide Cali et S\u00e9bastien Mour (\u00e9d. Actes Sud Junior, 2017)<\/em><\/li>\n<li style=\"text-align: justify;\">Ligne 13: POTIRON &#8211; <em><a href=\"http:\/\/www.jojoenherbe.com\/index.php\/2019\/11\/07\/au-fil-des-pages-avec-la-soupe-de-potiron-et-un-delice\/\"><span style=\"text-decoration: underline;\">La soupe au potiron<\/span><\/a> d\u2019Helen Cooper (\u00e9d. Kal\u00e9idoscope, 2001)<\/em><\/li>\n<li style=\"text-align: justify;\">Ligne 14: CITROUILLES &#8211; <em><a href=\"http:\/\/www.jojoenherbe.com\/index.php\/2019\/11\/16\/au-fil-des-pages-avec-splat-a-la-chasse-aux-citrouilles\/\"><span style=\"text-decoration: underline;\">Splat \u00e0 la chasse aux citrouilles<\/span><\/a> de Rob Scotton (\u00e9d. Nathan, 2019)<\/em><\/li>\n<li style=\"text-align: justify;\">Ligne 15: SAPIN &#8211; <em><a href=\"http:\/\/www.jojoenherbe.com\/index.php\/2019\/12\/05\/au-fil-des-pages-avec-noel-de-sapin\/\"><span style=\"text-decoration: underline;\">No\u00ebl de sapin<\/span><\/a> de Michel Gay (\u00e9d. L\u2019\u00e9cole des loisirs, 2013)<\/em><\/li>\n<li style=\"text-align: justify;\">Ligne 16: CERISE &#8211; <em><a href=\"http:\/\/www.jojoenherbe.com\/index.php\/2019\/12\/17\/au-fil-des-pages-avec-le-tome-3-des-carnets-de-cerise\/\"><span style=\"text-decoration: underline;\">Les Carnets de Cerise, Le dernier des cinq tr\u00e9sors<\/span><\/a> de Joris Chamblain et Aur\u00e9lie Neyret, T3 (\u00e9d. Soleil, 2014)<\/em><\/li>\n<li style=\"text-align: justify;\"><del>Ligne 17: FENOUIL &#8211; <em><a href=\"http:\/\/www.jojoenherbe.com\/index.php\/2019\/12\/24\/au-fil-des-pages-avec-le-noel-de-fenouil\/\"><span style=\"text-decoration: underline;\">Le No\u00ebl de Fenouil<\/span><\/a> de Brigitte Weninger et \u00c8ve Tharlet (\u00e9d. Mijade, 2017)<\/em><\/del><\/li>\n<\/ul>\n<p><span style=\"text-decoration: underline;\">Cat\u00e9gorie Lecture<\/span>:<\/p>\n<ul>\n<li style=\"text-align: justify;\">Ligne 1: LIVRE &#8211; <em><a href=\"http:\/\/www.jojoenherbe.com\/index.php\/2019\/01\/24\/au-fil-des-pages-avec-cest-un-petit-livre\/\"><span style=\"text-decoration: underline;\">C\u2019est un petit livre<\/span><\/a> de Lane Smith (\u00e9d. Gallimard Jeunesse, 2017)<\/em><\/li>\n<li>Ligne 2: CODE &#8211; <em><a href=\"http:\/\/www.jojoenherbe.com\/index.php\/2019\/03\/22\/au-fil-des-pages-sur-le-theme-de-la-securite-routiere\/\"><span style=\"text-decoration: underline;\">Le code de la route<\/span><\/a> de Mario Ramos (\u00e9d. L\u2019\u00e9cole des Loisirs, coll. Les lutins, 2018)<\/em><\/li>\n<li>Ligne 3: HISTOIRE &#8211; <em><a href=\"http:\/\/www.jojoenherbe.com\/index.php\/2019\/04\/30\/au-fil-des-pages-avec-les-abeilles\/\"><span style=\"text-decoration: underline;\">Petit Ours, une histoire adorable pour les tout-petits<\/span><\/a> (\u00e9d. L\u2019impr\u00e9vu, coll. Dr\u00f4les de p\u2019tits yeux, 2015)<\/em><\/li>\n<li style=\"text-align: justify;\">Ligne 4: LIVRE &#8211; <em><a href=\"http:\/\/www.jojoenherbe.com\/index.php\/2019\/06\/05\/au-fil-des-pages-avec-le-grand-livre-de-petit-ours\/\"><span style=\"text-decoration: underline;\">Le Grand Livre de Petit Ours<\/span><\/a> de John Prater (\u00e9d. Les Livres du Dragon d\u2019Or, 2002)<\/em><\/li>\n<li>Ligne 5: LIVRES &#8211; <em><a href=\"http:\/\/www.jojoenherbe.com\/index.php\/2019\/07\/07\/au-fil-des-pages-avec-la-montagne-de-livres\/\"><span style=\"text-decoration: underline;\">La montagne de livres<\/span><\/a> de Rocio Bonilla (\u00e9d. P\u00e8re Fouettard, 2017)<\/em><\/li>\n<li style=\"text-align: justify;\">Ligne 6: HISTOIRE &#8211; <em><a href=\"http:\/\/www.jojoenherbe.com\/index.php\/2019\/07\/12\/au-fil-des-pages-avec-la-grande-histoire-de-la-petite-puce\/\"><span style=\"text-decoration: underline;\">La grande histoire de la petite puce<\/span><\/a> de Karine Quesada et Lucile Thibaudier (\u00e9d. Bilboquet, coll. Les tout petits, 2012)<\/em><\/li>\n<li style=\"text-align: justify;\">Ligne 7: HISTOIRE &#8211; <em><a href=\"http:\/\/www.jojoenherbe.com\/index.php\/2019\/07\/24\/au-fil-des-pages-avec-cest-lhistoire\/\"><span style=\"text-decoration: underline;\">C\u2019est l\u2019histoire<\/span><\/a> d\u2019Anne Crausaz (\u00e9d. MeMo, 2017)<\/em><\/li>\n<li style=\"text-align: justify;\">Ligne 8: HISTOIRES &#8211; <em><a href=\"http:\/\/www.jojoenherbe.com\/index.php\/2019\/08\/05\/au-fil-des-pages-avec-lours-qui-aimait-les-histoires\/\"><span style=\"text-decoration: underline;\">L\u2019ours qui aimait les histoires<\/span><\/a> de Dennis Haseley et Jim LaMarche (\u00e9d. Casterman, 2013)<\/em><\/li>\n<li style=\"text-align: justify;\">Ligne 9: MOTS &#8211; <em><a href=\"http:\/\/www.jojoenherbe.com\/index.php\/2019\/09\/03\/au-fil-des-pages-avec-les-mots-doux\/\">Les mots doux<\/a> de Carl Norac et Claude K. Dubois (\u00e9d. L\u2019\u00e9cole des loisirs, coll. Pastel, 2015)<\/em><\/li>\n<li style=\"text-align: justify;\">Ligne 10: GRIMOIRE &#8211; <a href=\"http:\/\/www.jojoenherbe.com\/index.php\/2019\/10\/02\/au-fil-des-pages-avec-genealogie-dune-sorciere\/\"><span style=\"text-decoration: underline;\"><em>Grimoire de Sorci\u00e8res<\/em><\/span><\/a> <em>de Benjamin Lacombe et S\u00e9bastien Perez (\u00e9d. Seuil Jeunesse, 2008)<\/em><\/li>\n<li style=\"text-align: justify;\">Ligne 11: NOUVELLES &#8211; <em><a href=\"http:\/\/www.jojoenherbe.com\/index.php\/2019\/10\/07\/au-fil-des-pages-avec-le-fantome-de-canterville-et-autres-nouvelles\/\"><span style=\"text-decoration: underline;\">Le fant\u00f4me de Canterville et autres nouvelles<\/span><\/a> d\u2019Oscar Wilde (\u00e9d. Le Livre de Poche Jeunesse, 2011)<\/em><\/li>\n<li style=\"text-align: justify;\">Ligne 12: LIVRES &#8211; <em><a href=\"http:\/\/www.jojoenherbe.com\/index.php\/2019\/10\/19\/au-fil-des-pages-avec-glouton-croqueur-de-livres\/\"><span style=\"text-decoration: underline;\">Glouton, Le croqueur de livres<\/span><\/a> d\u2019Emma Yarlett (\u00e9d. Gr\u00fcnd, 2016)<\/em><\/li>\n<li style=\"text-align: justify;\">Ligne 13: MOTS &#8211; <em><a href=\"http:\/\/www.jojoenherbe.com\/index.php\/2019\/11\/18\/au-fil-des-pages-avec-le-cimetiere-des-mots-doux\/\"><span style=\"text-decoration: underline;\">Le cimeti\u00e8re des mots doux<\/span><\/a> d\u2019Agn\u00e8s Ledig et Fr\u00e9d\u00e9ric Pillot (\u00e9d. Albin Michel Jeunesse, 2019)<\/em><\/li>\n<li style=\"text-align: justify;\">Ligne 14: HISTOIRES &#8211; <em><a href=\"http:\/\/www.jojoenherbe.com\/index.php\/2019\/11\/28\/au-fil-des-pages-avec-histoires-de-loups\/\"><span style=\"text-decoration: underline;\">Histoires de loups<\/span><\/a> de Mario Ramos (\u00e9d. L\u2019\u00e9cole des loisirs, coll. Pastel, 2018)<\/em><\/li>\n<li>Ligne 15: LETTRE &#8211; <em><a href=\"http:\/\/www.jojoenherbe.com\/index.php\/2019\/12\/10\/au-fil-des-pages-avec-la-lettre-du-pere-noel\/\"><span style=\"text-decoration: underline;\">La lettre du P\u00e8re No\u00ebl<\/span><\/a> de Yukiko Tanno et Mako Taruishi (\u00e9d. L\u2019\u00e9cole des loisirs, 2018)<\/em><\/li>\n<li style=\"text-align: justify;\">Ligne 16: PO\u00c9SIE &#8211; <em><a href=\"http:\/\/www.jojoenherbe.com\/index.php\/2020\/01\/07\/au-fil-des-pages-avec-mon-imagier-de-la-poesie\/\"><span style=\"text-decoration: underline;\">Mon imagier de la po\u00e9sie<\/span><\/a> d\u2019Olivier Latyk (\u00e9d. Gallimard Jeunesse, coll. \u00c9veil musical, 2016)<\/em><\/li>\n<li style=\"text-align: justify;\">Ligne 17:<\/li>\n<\/ul>\n<p><span style=\"text-decoration: underline;\">Cat\u00e9gorie Adjectif<\/span>:<\/p>\n<ul>\n<li style=\"text-align: justify;\">Ligne 1: PETITE &#8211; <em><a href=\"http:\/\/www.jojoenherbe.com\/index.php\/2019\/03\/12\/au-fil-des-pages-avec-fais-moi-une-petite-place\/\"><span style=\"text-decoration: underline;\">Fais-moi une petite place!<\/span><\/a> de Susan Perez (\u00e9d. Lito, 2005)<\/em><\/li>\n<li style=\"text-align: justify;\">Ligne 2: TRANQUILLE &#8211; <em><a href=\"http:\/\/www.jojoenherbe.com\/index.php\/2019\/03\/16\/deux-autres-albums-jeunesse-sur-lhiver\/\"><span style=\"text-decoration: underline;\">Monsieur Blaireau et Madame Renarde \u2013 Jamais tranquille!<\/span><\/a> de Brigitte Luciani et Eve Tharlet, T4 (\u00e9d. Dargaud, 2013)<\/em><\/li>\n<li style=\"text-align: justify;\">Ligne 3: DOUCE &#8211; <em><a href=\"http:\/\/www.jojoenherbe.com\/index.php\/2019\/04\/06\/au-fil-des-pages-avec-ana-ana-2\/\"><span style=\"text-decoration: underline;\">Ana Ana, Douce nuit<\/span><\/a> d\u2019Alexis Dormal et Dominique Roques, T1 (\u00e9d. Dargaud, 2017)<\/em><\/li>\n<li style=\"text-align: justify;\">Ligne 4: PERDU &#8211;\u00a0<em><a href=\"http:\/\/www.jojoenherbe.com\/index.php\/2019\/05\/03\/au-fil-des-pages-avec-un-peu-perdu\/\"><span style=\"text-decoration: underline;\">Un peu perdu<\/span><\/a> de Chris Haughton (\u00e9d. Thierry Magnier, 2013)<br \/>\n<\/em><\/li>\n<li style=\"text-align: justify;\">Ligne 5: VAGUE &#8211;\u00a0<em><a href=\"http:\/\/www.jojoenherbe.com\/index.php\/2019\/06\/12\/au-fil-des-pages-avec-la-vague\/\"><span style=\"text-decoration: underline;\">La vague<\/span><\/a> de de Suzy Lee (\u00e9d. Kal\u00e9idoscope, 2010)<br \/>\n<\/em><\/li>\n<li style=\"text-align: justify;\">Ligne 6: PRESS\u00c9S &#8211; <em><a href=\"http:\/\/www.jojoenherbe.com\/index.php\/2019\/06\/30\/au-fil-des-pages-avec-pourquoi-si-presses\/\"><span style=\"text-decoration: underline;\">Pourquoi si press\u00e9s?<\/span><\/a> de Thomas M\u00fcller (\u00e9d. L\u2019\u00e9cole des loisirs, 2014)<\/em><\/li>\n<li style=\"text-align: justify;\">Ligne 7: PREMIER &#8211; <em><a href=\"http:\/\/www.jojoenherbe.com\/index.php\/2019\/07\/30\/au-fil-des-pages-avec-lecole\/\"><span style=\"text-decoration: underline;\">Mon premier jour d\u2019\u00e9cole<\/span><\/a> de Debi Gliori et Alison Brown (\u00e9d. Gautier-Laugereau, 2018)<\/em><\/li>\n<li style=\"text-align: justify;\">Ligne 8: ROUGE &#8211; <em><a href=\"http:\/\/www.jojoenherbe.com\/index.php\/2019\/08\/08\/au-fil-des-pages-avec-rouge-thildou\/\"><span style=\"text-decoration: underline;\">Rouge Thildou<\/span><\/a> de Malou Ravella et Marianne Barcilon (\u00e9d. du Ricochet, coll. Les Bou\u00e9es du Ricochet, 2003)<\/em><\/li>\n<li style=\"text-align: justify;\">Ligne 9: GRAND &#8211; <em><a href=\"http:\/\/www.jojoenherbe.com\/index.php\/2019\/08\/29\/au-fil-des-pages-avec-un-amour-grand-comme-ca\/\"><span style=\"text-decoration: underline;\">Un amour grand comme \u00e7a<\/span><\/a> de Jeanne Willis et Jan Fearnley (\u00e9d. Gr\u00fcnd, 2005)<\/em><\/li>\n<li style=\"text-align: justify;\">Ligne 10: PETIT &#8211; <em><a href=\"http:\/\/www.jojoenherbe.com\/index.php\/2019\/09\/20\/au-fil-des-pages-sur-le-theme-de-lecole\/\"><span style=\"text-decoration: underline;\">Petit Lapin Blanc \u00e0 la maternelle<\/span><\/a> de Marie-France Floury et Fabienne Boisnard (\u00e9d. Gautier-Laugereau, 2011)<\/em><\/li>\n<li style=\"text-align: justify;\">Ligne 11: HANT\u00c9E &#8211; <em><a href=\"http:\/\/www.jojoenherbe.com\/index.php\/2019\/10\/08\/au-fil-des-pages-avec-une-drole-de-maison-hantee\/\"><span style=\"text-decoration: underline;\">Une dr\u00f4le de maison hant\u00e9e<\/span><\/a> de Janet Lawler et Anna Chambers (\u00e9d. Thomas Jeunesse, 2015)<\/em><\/li>\n<li style=\"text-align: justify;\">Ligne 12: MAGIQUE &#8211; <em><a href=\"http:\/\/www.jojoenherbe.com\/index.php\/2019\/10\/17\/au-fil-des-pages-avec-les-chroniques-de-spiderwick\/\"><span style=\"text-decoration: underline;\">Les Chroniques de Spiderwick, Le livre magique<\/span><\/a> de Tony Diterlizzi et Holly Black, T1 (\u00e9d. Pocket Jeunesse, 2006)<\/em><\/li>\n<li style=\"text-align: justify;\">Ligne 13: DR\u00d4LE &#8211; <em><a href=\"http:\/\/www.jojoenherbe.com\/index.php\/2019\/11\/13\/au-fil-des-pages-autour-dun-oeuf\/\"><span style=\"text-decoration: underline;\">Dr\u00f4le d\u2019\u0153uf<\/span><\/a> d\u2019Emily Gravett (\u00e9d. Kal\u00e9idoscope, 2008)<\/em><\/li>\n<li style=\"text-align: justify;\">Ligne 14: EXTRATERRESTRE &#8211;\u00a0<em><a href=\"http:\/\/www.jojoenherbe.com\/index.php\/2019\/11\/21\/au-fil-des-pages-avec-mon-ami-extraterrestre\/\"><span style=\"text-decoration: underline;\">Mon ami extraterrestre<\/span><\/a> de Rocio Bonilla (\u00e9d.\u00a0 P\u00e8re Fouettard, 2019)<\/em><\/li>\n<li style=\"text-align: justify;\">Ligne 15: \u00c9TERNELS &#8211; <em><a href=\"http:\/\/www.jojoenherbe.com\/index.php\/2019\/12\/21\/au-fil-des-pages-avec-les-bonshommes-de-neige-sont-eternels\/\"><span style=\"text-decoration: underline;\">Les bonshommes de neige sont \u00e9ternels<\/span><\/a> de Thierry Dedieu (\u00e9d. Seuil Jeunesse, 2016<\/em>)<\/li>\n<li style=\"text-align: justify;\">Ligne 16: VRAI &#8211; <em><a href=\"http:\/\/www.jojoenherbe.com\/index.php\/2019\/12\/22\/au-fil-des-pages-avec-un-vrai-noel\/\"><span style=\"text-decoration: underline;\">Un vrai No\u00ebl<\/span><\/a> de Catherine Metzmeyer et Herv\u00e9 Le Goff (\u00e9d. L\u2019\u00e9lan vert, 2016)<\/em><\/li>\n<li style=\"text-align: justify;\"><del>Ligne 17: BEL &#8211; <em><span style=\"text-decoration: underline;\"><a href=\"http:\/\/www.jojoenherbe.com\/index.php\/2019\/12\/28\/au-fil-des-pages-avec-le-tome-14-dana-ana\/\">Ana Ana, Un bel hive<\/a>r<\/span> d\u2019Alexis Dormal et Dominique Roques, T14 (\u00e9d. Dargaud, 2019)<\/em><\/del><\/li>\n<\/ul>\n<p style=\"text-align: justify;\"><em>Finalement, Enna prenant les liens jusqu&rsquo;au 30 d\u00e9cembre 2019 \u00e0 17h, ce sera 15 lignes finies et une seizi\u00e8me ligne entam\u00e9e qu&rsquo;il nous est possible de terminer d\u00e9but janvier 2020. Il restera donc quatre livres \u00e0 lire pour clore ma ligne 16 pour les cat\u00e9gories Objet, Couleur, Partie du corps et Lecture. \u00c0 l&rsquo;ann\u00e9e prochaine pour une nouvelle partie!<br \/>\n<\/em><\/p>\n<div id=\"attachment_33643\" style=\"width: 198px\" class=\"wp-caption aligncenter\"><img loading=\"lazy\" decoding=\"async\" aria-describedby=\"caption-attachment-33643\" class=\"wp-image-33643\" src=\"https:\/\/i0.wp.com\/delivrer-des-livres.fr\/wp-content\/uploads\/2019\/01\/petit-bac-2019.jpg?resize=200%2C152\" sizes=\"auto, (max-width: 200px) 100vw, 200px\" srcset=\"https:\/\/i0.wp.com\/delivrer-des-livres.fr\/wp-content\/uploads\/2019\/01\/petit-bac-2019.jpg?resize=200%2C152 285w, http:\/\/delivrer-des-livres.fr\/wp-content\/uploads\/2019\/01\/petit-bac-2019-150x114.jpg 150w\" alt=\"\" width=\"188\" height=\"143\" aria-describedby=\"caption-attachment-33643\" \/><p id=\"caption-attachment-33643\" class=\"wp-caption-text\"><a href=\"https:\/\/ennalit.wordpress.com\/2018\/12\/01\/challenge-petit-bac-2019-qui-veut-jouer\/\">Challenge Petit Bac d&rsquo;Enna<\/a><\/p><\/div>\n","protected":false},"excerpt":{"rendered":"<p>Cette ann\u00e9e 2019,\u00a0 j&rsquo;ai particip\u00e9 pour la premi\u00e8re fois au Challenge Petit Bac d&rsquo;Enna, participation que j&rsquo;ai appr\u00e9ci\u00e9e m\u00eame si certaines cat\u00e9gories comme Partie du corps ou M\u00e9tier \u00e9taient plus d\u00e9licates \u00e0 remplir, surtout que nos lectures sont avant tout des albums jeunesse. Cela m&rsquo;a \u00e9galement permis de d\u00e9couvrir d&rsquo;autres livres (une PAL qui n&rsquo;en [&hellip;]<\/p>\n","protected":false},"author":1,"featured_media":9316,"comment_status":"open","ping_status":"open","sticky":false,"template":"","format":"standard","meta":{"jetpack_post_was_ever_published":false,"_jetpack_newsletter_access":"","_jetpack_dont_email_post_to_subs":false,"_jetpack_newsletter_tier_id":0,"_jetpack_memberships_contains_paywalled_content":false,"_jetpack_memberships_contains_paid_content":false,"footnotes":""},"categories":[873,363],"tags":[1071,367],"class_list":["post-9270","post","type-post","status-publish","format-standard","has-post-thumbnail","hentry","category-mini-challenger","category-mini-lecteur","tag-challenge-petit-bac","tag-lecture-jeunesse","post-preview"],"jetpack_featured_media_url":"https:\/\/i0.wp.com\/www.jojoenherbe.com\/wp-content\/uploads\/2019\/12\/Jojo-carnet.jpg?fit=2340%2C2210","jetpack_sharing_enabled":true,"jetpack_shortlink":"https:\/\/wp.me\/p9zhGx-2pw","jetpack_likes_enabled":true,"jetpack-related-posts":[{"id":12256,"url":"http:\/\/www.jojoenherbe.com\/index.php\/2020\/09\/14\/au-fil-des-pages-avec-blanche-neige-2\/","url_meta":{"origin":9270,"position":0},"title":"Au fil des pages avec Blanche-Neige","author":"Jojo","date":"14 septembre 2020","format":false,"excerpt":"J'emprunte \u00e0 la m\u00e9diath\u00e8que Blanche-Neige illustr\u00e9 par Mayalen Goust, d'apr\u00e8s les Fr\u00e8res Grimm (\u00e9d. Flammarion Jeunesse, coll. P\u00e8re Castor, 2009), un album jeunesse en petit format souple \u00e0 partir de 3 ans selon l'\u00e9diteur. Le texte reprend celui, parfois cruel, des Fr\u00e8res Grimm avec les diff\u00e9rentes tentatives sous fond de\u2026","rel":"","context":"Dans &quot;Mini lecteur&quot;","block_context":{"text":"Mini lecteur","link":"http:\/\/www.jojoenherbe.com\/index.php\/category\/mini-lecteur\/"},"img":{"alt_text":"","src":"https:\/\/i0.wp.com\/www.jojoenherbe.com\/wp-content\/uploads\/2020\/09\/Blanche-Neige-scaled.jpg?fit=1200%2C900&resize=350%2C200","width":350,"height":200,"srcset":"https:\/\/i0.wp.com\/www.jojoenherbe.com\/wp-content\/uploads\/2020\/09\/Blanche-Neige-scaled.jpg?fit=1200%2C900&resize=350%2C200 1x, https:\/\/i0.wp.com\/www.jojoenherbe.com\/wp-content\/uploads\/2020\/09\/Blanche-Neige-scaled.jpg?fit=1200%2C900&resize=525%2C300 1.5x, https:\/\/i0.wp.com\/www.jojoenherbe.com\/wp-content\/uploads\/2020\/09\/Blanche-Neige-scaled.jpg?fit=1200%2C900&resize=700%2C400 2x, https:\/\/i0.wp.com\/www.jojoenherbe.com\/wp-content\/uploads\/2020\/09\/Blanche-Neige-scaled.jpg?fit=1200%2C900&resize=1050%2C600 3x"},"classes":[]},{"id":10971,"url":"http:\/\/www.jojoenherbe.com\/index.php\/2020\/05\/29\/au-fil-des-pages-avec-le-petit-chaperon-rouge\/","url_meta":{"origin":9270,"position":1},"title":"Au fil des pages avec Le Petit Chaperon rouge","author":"Jojo","date":"29 mai 2020","format":false,"excerpt":"Nous lisons Le Petit Chaperon rouge de Beatrix Potter et Helen Oxenbury, d'apr\u00e8s Charles Perrault (\u00e9d. Kal\u00e9idoscope, 2019), un album jeunesse \u00e0 partir de 3 ans. Le Petit Chaperon rouge va rendre visite \u00e0 sa grand-m\u00e8re avec un briochon et une petite motte de beurre. En chemin, elle croise la\u2026","rel":"","context":"Dans &quot;Mini lecteur&quot;","block_context":{"text":"Mini lecteur","link":"http:\/\/www.jojoenherbe.com\/index.php\/category\/mini-lecteur\/"},"img":{"alt_text":"","src":"https:\/\/i0.wp.com\/www.jojoenherbe.com\/wp-content\/uploads\/2020\/05\/Le-petit-chaperon-rouge.jpg?fit=1193%2C1200&resize=350%2C200","width":350,"height":200,"srcset":"https:\/\/i0.wp.com\/www.jojoenherbe.com\/wp-content\/uploads\/2020\/05\/Le-petit-chaperon-rouge.jpg?fit=1193%2C1200&resize=350%2C200 1x, https:\/\/i0.wp.com\/www.jojoenherbe.com\/wp-content\/uploads\/2020\/05\/Le-petit-chaperon-rouge.jpg?fit=1193%2C1200&resize=525%2C300 1.5x, https:\/\/i0.wp.com\/www.jojoenherbe.com\/wp-content\/uploads\/2020\/05\/Le-petit-chaperon-rouge.jpg?fit=1193%2C1200&resize=700%2C400 2x, https:\/\/i0.wp.com\/www.jojoenherbe.com\/wp-content\/uploads\/2020\/05\/Le-petit-chaperon-rouge.jpg?fit=1193%2C1200&resize=1050%2C600 3x"},"classes":[]},{"id":15440,"url":"http:\/\/www.jojoenherbe.com\/index.php\/2021\/02\/02\/notre-mois-bloguesque-de-janvier-2021\/","url_meta":{"origin":9270,"position":2},"title":"Notre mois bloguesque de janvier 2021","author":"Jojo","date":"2 f\u00e9vrier 2021","format":false,"excerpt":"Cette ann\u00e9e, j'ai d\u00e9cid\u00e9 de r\u00e9diger des billets mensuels autour des mois \u00e9coul\u00e9s. Alors voici un petit retour bloguesque sur janvier 2021 avec beaucoup de lectures. Mais nous avons quand m\u00eame pu faire une journ\u00e9e \u00e0 la neige. J'ai commenc\u00e9 l'ann\u00e9e en continuant avec les challenges de No\u00ebl:\u00a0 Il \u00e9tait\u2026","rel":"","context":"Dans &quot;Mini blogueur&quot;","block_context":{"text":"Mini blogueur","link":"http:\/\/www.jojoenherbe.com\/index.php\/category\/mini-blogueur\/"},"img":{"alt_text":"","src":"https:\/\/i0.wp.com\/www.jojoenherbe.com\/wp-content\/uploads\/2021\/02\/Janvier-2021-scaled.jpg?fit=1200%2C990&resize=350%2C200","width":350,"height":200,"srcset":"https:\/\/i0.wp.com\/www.jojoenherbe.com\/wp-content\/uploads\/2021\/02\/Janvier-2021-scaled.jpg?fit=1200%2C990&resize=350%2C200 1x, https:\/\/i0.wp.com\/www.jojoenherbe.com\/wp-content\/uploads\/2021\/02\/Janvier-2021-scaled.jpg?fit=1200%2C990&resize=525%2C300 1.5x, https:\/\/i0.wp.com\/www.jojoenherbe.com\/wp-content\/uploads\/2021\/02\/Janvier-2021-scaled.jpg?fit=1200%2C990&resize=700%2C400 2x, https:\/\/i0.wp.com\/www.jojoenherbe.com\/wp-content\/uploads\/2021\/02\/Janvier-2021-scaled.jpg?fit=1200%2C990&resize=1050%2C600 3x"},"classes":[]},{"id":15493,"url":"http:\/\/www.jojoenherbe.com\/index.php\/2021\/03\/01\/notre-mois-bloguesque-de-fevrier-2021\/","url_meta":{"origin":9270,"position":3},"title":"Notre mois bloguesque de f\u00e9vrier 2021","author":"Jojo","date":"1 mars 2021","format":false,"excerpt":"Comme le mois dernier, voici un petit retour bloguesque sur f\u00e9vrier 2021 avec encore une fois beaucoup de lectures. Nous avons continu\u00e9 nos lectures hivernales et nous y avons ajout\u00e9 nos lectures autour du carnaval avec un coup de coeur pour Le carnaval de l'ogre de Catherine Tamain et Marjorie\u2026","rel":"","context":"Dans &quot;Mini blogueur&quot;","block_context":{"text":"Mini blogueur","link":"http:\/\/www.jojoenherbe.com\/index.php\/category\/mini-blogueur\/"},"img":{"alt_text":"","src":"https:\/\/i0.wp.com\/www.jojoenherbe.com\/wp-content\/uploads\/2021\/02\/Fevrier-2021-scaled.jpg?fit=1200%2C826&resize=350%2C200","width":350,"height":200,"srcset":"https:\/\/i0.wp.com\/www.jojoenherbe.com\/wp-content\/uploads\/2021\/02\/Fevrier-2021-scaled.jpg?fit=1200%2C826&resize=350%2C200 1x, https:\/\/i0.wp.com\/www.jojoenherbe.com\/wp-content\/uploads\/2021\/02\/Fevrier-2021-scaled.jpg?fit=1200%2C826&resize=525%2C300 1.5x, https:\/\/i0.wp.com\/www.jojoenherbe.com\/wp-content\/uploads\/2021\/02\/Fevrier-2021-scaled.jpg?fit=1200%2C826&resize=700%2C400 2x, https:\/\/i0.wp.com\/www.jojoenherbe.com\/wp-content\/uploads\/2021\/02\/Fevrier-2021-scaled.jpg?fit=1200%2C826&resize=1050%2C600 3x"},"classes":[]},{"id":31481,"url":"http:\/\/www.jojoenherbe.com\/index.php\/2023\/08\/01\/bilan-de-lecture-juillet-2023\/","url_meta":{"origin":9270,"position":4},"title":"Bilan de lecture: juillet 2023","author":"Jojo","date":"1 ao\u00fbt 2023","format":false,"excerpt":"C\u2019est le premier du mois alors voici un petit retour bloguesque sur juillet 2023. Apr\u00e8s un mois de juin consacr\u00e9 \u00e0 des lectures anglaises avec le Mois Anglais 2023 et nos (re)lectures estivales avec le d\u00e9but de l\u2019\u00e9t\u00e9, nous avons continu\u00e9 ce mois-ci des lectures semblables. Voici d\u2019ailleurs mon petit\u2026","rel":"","context":"Dans &quot;Mini blogueur&quot;","block_context":{"text":"Mini blogueur","link":"http:\/\/www.jojoenherbe.com\/index.php\/category\/mini-blogueur\/"},"img":{"alt_text":"","src":"","width":0,"height":0},"classes":[]},{"id":14650,"url":"http:\/\/www.jojoenherbe.com\/index.php\/2021\/01\/01\/nos-challenges-livresques-2021\/","url_meta":{"origin":9270,"position":5},"title":"Nos challenges livresques 2021","author":"Jojo","date":"1 janvier 2021","format":false,"excerpt":"Nous commen\u00e7ons d\u2019abord par vous souhaiter une bonne ann\u00e9e et \u00e0 vous pr\u00e9senter nos meilleurs v\u0153ux. Pour la troisi\u00e8me ann\u00e9e cons\u00e9cutive, je continue de participer \u00e0 des challenges livresques. Certains challenges n'existent plus et d'autres ont \u00e9t\u00e9 d\u00e9couverts en cours de route l'ann\u00e9e derni\u00e8re. La plupart sont des challenges annuels\u2026","rel":"","context":"Dans &quot;Mini challenger&quot;","block_context":{"text":"Mini challenger","link":"http:\/\/www.jojoenherbe.com\/index.php\/category\/mini-challenger\/"},"img":{"alt_text":"","src":"https:\/\/i0.wp.com\/www.jojoenherbe.com\/wp-content\/uploads\/2021\/01\/Challenges-2021-scaled.jpg?fit=1200%2C793&resize=350%2C200","width":350,"height":200,"srcset":"https:\/\/i0.wp.com\/www.jojoenherbe.com\/wp-content\/uploads\/2021\/01\/Challenges-2021-scaled.jpg?fit=1200%2C793&resize=350%2C200 1x, https:\/\/i0.wp.com\/www.jojoenherbe.com\/wp-content\/uploads\/2021\/01\/Challenges-2021-scaled.jpg?fit=1200%2C793&resize=525%2C300 1.5x, https:\/\/i0.wp.com\/www.jojoenherbe.com\/wp-content\/uploads\/2021\/01\/Challenges-2021-scaled.jpg?fit=1200%2C793&resize=700%2C400 2x, https:\/\/i0.wp.com\/www.jojoenherbe.com\/wp-content\/uploads\/2021\/01\/Challenges-2021-scaled.jpg?fit=1200%2C793&resize=1050%2C600 3x"},"classes":[]}],"_links":{"self":[{"href":"http:\/\/www.jojoenherbe.com\/index.php\/wp-json\/wp\/v2\/posts\/9270","targetHints":{"allow":["GET"]}}],"collection":[{"href":"http:\/\/www.jojoenherbe.com\/index.php\/wp-json\/wp\/v2\/posts"}],"about":[{"href":"http:\/\/www.jojoenherbe.com\/index.php\/wp-json\/wp\/v2\/types\/post"}],"author":[{"embeddable":true,"href":"http:\/\/www.jojoenherbe.com\/index.php\/wp-json\/wp\/v2\/users\/1"}],"replies":[{"embeddable":true,"href":"http:\/\/www.jojoenherbe.com\/index.php\/wp-json\/wp\/v2\/comments?post=9270"}],"version-history":[{"count":0,"href":"http:\/\/www.jojoenherbe.com\/index.php\/wp-json\/wp\/v2\/posts\/9270\/revisions"}],"wp:featuredmedia":[{"embeddable":true,"href":"http:\/\/www.jojoenherbe.com\/index.php\/wp-json\/wp\/v2\/media\/9316"}],"wp:attachment":[{"href":"http:\/\/www.jojoenherbe.com\/index.php\/wp-json\/wp\/v2\/media?parent=9270"}],"wp:term":[{"taxonomy":"category","embeddable":true,"href":"http:\/\/www.jojoenherbe.com\/index.php\/wp-json\/wp\/v2\/categories?post=9270"},{"taxonomy":"post_tag","embeddable":true,"href":"http:\/\/www.jojoenherbe.com\/index.php\/wp-json\/wp\/v2\/tags?post=9270"}],"curies":[{"name":"wp","href":"https:\/\/api.w.org\/{rel}","templated":true}]}}