{"id":9225,"date":"2019-12-28T13:20:54","date_gmt":"2019-12-28T12:20:54","guid":{"rendered":"http:\/\/www.jojoenherbe.com\/?p=9225"},"modified":"2021-05-06T10:59:02","modified_gmt":"2021-05-06T08:59:02","slug":"petite-pause-ornitho-aux-etangs-de-villepey","status":"publish","type":"post","link":"http:\/\/www.jojoenherbe.com\/index.php\/2019\/12\/28\/petite-pause-ornitho-aux-etangs-de-villepey\/","title":{"rendered":"Petite pause ornitho aux \u00e9tangs de Villepey"},"content":{"rendered":"<p style=\"text-align: justify;\"><em><a href=\"https:\/\/i0.wp.com\/www.jojoenherbe.com\/wp-content\/uploads\/2019\/12\/Etangs-de-Villepey-scaled.jpg\"><img data-recalc-dims=\"1\" loading=\"lazy\" decoding=\"async\" data-attachment-id=\"9231\" data-permalink=\"http:\/\/www.jojoenherbe.com\/index.php\/2019\/12\/28\/petite-pause-ornitho-aux-etangs-de-villepey\/etangs-de-villepey-9\/\" data-orig-file=\"https:\/\/i0.wp.com\/www.jojoenherbe.com\/wp-content\/uploads\/2019\/12\/Etangs-de-Villepey-scaled.jpg?fit=2560%2C1920\" data-orig-size=\"2560,1920\" data-comments-opened=\"1\" data-image-meta=\"{&quot;aperture&quot;:&quot;4.5&quot;,&quot;credit&quot;:&quot;&quot;,&quot;camera&quot;:&quot;DSC-HX400V&quot;,&quot;caption&quot;:&quot;&quot;,&quot;created_timestamp&quot;:&quot;1577364002&quot;,&quot;copyright&quot;:&quot;&quot;,&quot;focal_length&quot;:&quot;33.38&quot;,&quot;iso&quot;:&quot;80&quot;,&quot;shutter_speed&quot;:&quot;0.004&quot;,&quot;title&quot;:&quot;&quot;,&quot;orientation&quot;:&quot;1&quot;}\" data-image-title=\"Etangs de Villepey\" data-image-description=\"\" data-image-caption=\"\" data-large-file=\"https:\/\/i0.wp.com\/www.jojoenherbe.com\/wp-content\/uploads\/2019\/12\/Etangs-de-Villepey-scaled.jpg?fit=676%2C507\" class=\"alignleft size-thumbnail wp-image-9231\" src=\"https:\/\/i0.wp.com\/www.jojoenherbe.com\/wp-content\/uploads\/2019\/12\/Etangs-de-Villepey.jpg?resize=150%2C150\" alt=\"\" width=\"150\" height=\"150\" srcset=\"https:\/\/i0.wp.com\/www.jojoenherbe.com\/wp-content\/uploads\/2019\/12\/Etangs-de-Villepey-scaled.jpg?resize=150%2C150 150w, https:\/\/i0.wp.com\/www.jojoenherbe.com\/wp-content\/uploads\/2019\/12\/Etangs-de-Villepey-scaled.jpg?zoom=2&amp;resize=150%2C150 300w, https:\/\/i0.wp.com\/www.jojoenherbe.com\/wp-content\/uploads\/2019\/12\/Etangs-de-Villepey-scaled.jpg?zoom=3&amp;resize=150%2C150 450w\" sizes=\"auto, (max-width: 150px) 100vw, 150px\" \/><\/a><\/em><\/p>\n<div id=\"attachment_9234\" style=\"width: 160px\" class=\"wp-caption alignleft\"><a href=\"https:\/\/i0.wp.com\/www.jojoenherbe.com\/wp-content\/uploads\/2019\/12\/Mouette-rieuse-scaled.jpg\"><img data-recalc-dims=\"1\" loading=\"lazy\" decoding=\"async\" aria-describedby=\"caption-attachment-9234\" data-attachment-id=\"9234\" data-permalink=\"http:\/\/www.jojoenherbe.com\/index.php\/2019\/12\/28\/petite-pause-ornitho-aux-etangs-de-villepey\/mouette-rieuse\/\" data-orig-file=\"https:\/\/i0.wp.com\/www.jojoenherbe.com\/wp-content\/uploads\/2019\/12\/Mouette-rieuse-scaled.jpg?fit=2560%2C1920\" data-orig-size=\"2560,1920\" data-comments-opened=\"1\" data-image-meta=\"{&quot;aperture&quot;:&quot;6.3&quot;,&quot;credit&quot;:&quot;&quot;,&quot;camera&quot;:&quot;DSC-HX400V&quot;,&quot;caption&quot;:&quot;&quot;,&quot;created_timestamp&quot;:&quot;1577364278&quot;,&quot;copyright&quot;:&quot;&quot;,&quot;focal_length&quot;:&quot;215&quot;,&quot;iso&quot;:&quot;80&quot;,&quot;shutter_speed&quot;:&quot;0.001&quot;,&quot;title&quot;:&quot;&quot;,&quot;orientation&quot;:&quot;1&quot;}\" data-image-title=\"Mouette rieuse\" data-image-description=\"\" data-image-caption=\"&lt;p&gt;Mouette rieuse&lt;\/p&gt;\n\" data-large-file=\"https:\/\/i0.wp.com\/www.jojoenherbe.com\/wp-content\/uploads\/2019\/12\/Mouette-rieuse-scaled.jpg?fit=676%2C507\" class=\"size-thumbnail wp-image-9234\" src=\"https:\/\/i0.wp.com\/www.jojoenherbe.com\/wp-content\/uploads\/2019\/12\/Mouette-rieuse.jpg?resize=150%2C150\" alt=\"\" width=\"150\" height=\"150\" srcset=\"https:\/\/i0.wp.com\/www.jojoenherbe.com\/wp-content\/uploads\/2019\/12\/Mouette-rieuse-scaled.jpg?resize=150%2C150 150w, https:\/\/i0.wp.com\/www.jojoenherbe.com\/wp-content\/uploads\/2019\/12\/Mouette-rieuse-scaled.jpg?zoom=2&amp;resize=150%2C150 300w, https:\/\/i0.wp.com\/www.jojoenherbe.com\/wp-content\/uploads\/2019\/12\/Mouette-rieuse-scaled.jpg?zoom=3&amp;resize=150%2C150 450w\" sizes=\"auto, (max-width: 150px) 100vw, 150px\" \/><\/a><p id=\"caption-attachment-9234\" class=\"wp-caption-text\">Mouette rieuse<\/p><\/div>\n<p style=\"text-align: justify;\"><em>Ce 26 d\u00e9cembre 2019,&nbsp; nous allons au dernier poste d&rsquo;observation install\u00e9 aux \u00e9tangs de Villepey, au niveau de la lagune, les derni\u00e8res intemp\u00e9ries ayant ab\u00eem\u00e9 la passerelle permettant d&rsquo;acc\u00e9der rapidement \u00e0 l&rsquo;observatoire de la Vasi\u00e8re. Pour une fois, il y a d&rsquo;autres oiseaux que des go\u00e9lands leucoph\u00e9e, mouettes rieuses ou grands cormorans. Ceux-l\u00e0 sont tr\u00e8s coutumiers des \u00e9tangs. Nous en voyons d&rsquo;ailleurs \u00e0 chaque fois que nous nous y rendons.<\/em><\/p>\n<div id=\"attachment_9232\" style=\"width: 160px\" class=\"wp-caption alignright\"><a href=\"https:\/\/i0.wp.com\/www.jojoenherbe.com\/wp-content\/uploads\/2019\/12\/Gr%C3%A8be-hupp%C3%A9-2-scaled.jpg\"><img data-recalc-dims=\"1\" loading=\"lazy\" decoding=\"async\" aria-describedby=\"caption-attachment-9232\" data-attachment-id=\"9232\" data-permalink=\"http:\/\/www.jojoenherbe.com\/index.php\/2019\/12\/28\/petite-pause-ornitho-aux-etangs-de-villepey\/grebe-huppe-2\/\" data-orig-file=\"https:\/\/i0.wp.com\/www.jojoenherbe.com\/wp-content\/uploads\/2019\/12\/Gr%C3%A8be-hupp%C3%A9-2-scaled.jpg?fit=2560%2C1920\" data-orig-size=\"2560,1920\" data-comments-opened=\"1\" data-image-meta=\"{&quot;aperture&quot;:&quot;6.3&quot;,&quot;credit&quot;:&quot;&quot;,&quot;camera&quot;:&quot;DSC-HX400V&quot;,&quot;caption&quot;:&quot;&quot;,&quot;created_timestamp&quot;:&quot;1577364180&quot;,&quot;copyright&quot;:&quot;&quot;,&quot;focal_length&quot;:&quot;215&quot;,&quot;iso&quot;:&quot;80&quot;,&quot;shutter_speed&quot;:&quot;0.002&quot;,&quot;title&quot;:&quot;&quot;,&quot;orientation&quot;:&quot;1&quot;}\" data-image-title=\"Gr\u00e8be hupp\u00e9 2\" data-image-description=\"\" data-image-caption=\"&lt;p&gt;Gr\u00e8be hupp\u00e9&lt;\/p&gt;\n\" data-large-file=\"https:\/\/i0.wp.com\/www.jojoenherbe.com\/wp-content\/uploads\/2019\/12\/Gr%C3%A8be-hupp%C3%A9-2-scaled.jpg?fit=676%2C507\" class=\"size-thumbnail wp-image-9232\" src=\"https:\/\/i0.wp.com\/www.jojoenherbe.com\/wp-content\/uploads\/2019\/12\/Gr%C3%A8be-hupp%C3%A9-2.jpg?resize=150%2C150\" alt=\"\" width=\"150\" height=\"150\" srcset=\"https:\/\/i0.wp.com\/www.jojoenherbe.com\/wp-content\/uploads\/2019\/12\/Gr%C3%A8be-hupp%C3%A9-2-scaled.jpg?resize=150%2C150 150w, https:\/\/i0.wp.com\/www.jojoenherbe.com\/wp-content\/uploads\/2019\/12\/Gr%C3%A8be-hupp%C3%A9-2-scaled.jpg?zoom=2&amp;resize=150%2C150 300w, https:\/\/i0.wp.com\/www.jojoenherbe.com\/wp-content\/uploads\/2019\/12\/Gr%C3%A8be-hupp%C3%A9-2-scaled.jpg?zoom=3&amp;resize=150%2C150 450w\" sizes=\"auto, (max-width: 150px) 100vw, 150px\" \/><\/a><p id=\"caption-attachment-9232\" class=\"wp-caption-text\">Gr\u00e8be hupp\u00e9<\/p><\/div>\n<div id=\"attachment_9233\" style=\"width: 160px\" class=\"wp-caption alignright\"><a href=\"https:\/\/i0.wp.com\/www.jojoenherbe.com\/wp-content\/uploads\/2019\/12\/Gr%C3%A8be-hupp%C3%A9-scaled.jpg\"><img data-recalc-dims=\"1\" loading=\"lazy\" decoding=\"async\" aria-describedby=\"caption-attachment-9233\" data-attachment-id=\"9233\" data-permalink=\"http:\/\/www.jojoenherbe.com\/index.php\/2019\/12\/28\/petite-pause-ornitho-aux-etangs-de-villepey\/grebe-huppe\/\" data-orig-file=\"https:\/\/i0.wp.com\/www.jojoenherbe.com\/wp-content\/uploads\/2019\/12\/Gr%C3%A8be-hupp%C3%A9-scaled.jpg?fit=2560%2C1920\" data-orig-size=\"2560,1920\" data-comments-opened=\"1\" data-image-meta=\"{&quot;aperture&quot;:&quot;6.3&quot;,&quot;credit&quot;:&quot;&quot;,&quot;camera&quot;:&quot;DSC-HX400V&quot;,&quot;caption&quot;:&quot;&quot;,&quot;created_timestamp&quot;:&quot;1577364144&quot;,&quot;copyright&quot;:&quot;&quot;,&quot;focal_length&quot;:&quot;215&quot;,&quot;iso&quot;:&quot;80&quot;,&quot;shutter_speed&quot;:&quot;0.002&quot;,&quot;title&quot;:&quot;&quot;,&quot;orientation&quot;:&quot;1&quot;}\" data-image-title=\"Gr\u00e8be hupp\u00e9\" data-image-description=\"\" data-image-caption=\"&lt;p&gt;Gr\u00e8be hupp\u00e9&lt;\/p&gt;\n\" data-large-file=\"https:\/\/i0.wp.com\/www.jojoenherbe.com\/wp-content\/uploads\/2019\/12\/Gr%C3%A8be-hupp%C3%A9-scaled.jpg?fit=676%2C507\" class=\"size-thumbnail wp-image-9233\" src=\"https:\/\/i0.wp.com\/www.jojoenherbe.com\/wp-content\/uploads\/2019\/12\/Gr%C3%A8be-hupp%C3%A9.jpg?resize=150%2C150\" alt=\"\" width=\"150\" height=\"150\" srcset=\"https:\/\/i0.wp.com\/www.jojoenherbe.com\/wp-content\/uploads\/2019\/12\/Gr%C3%A8be-hupp%C3%A9-scaled.jpg?resize=150%2C150 150w, https:\/\/i0.wp.com\/www.jojoenherbe.com\/wp-content\/uploads\/2019\/12\/Gr%C3%A8be-hupp%C3%A9-scaled.jpg?zoom=2&amp;resize=150%2C150 300w, https:\/\/i0.wp.com\/www.jojoenherbe.com\/wp-content\/uploads\/2019\/12\/Gr%C3%A8be-hupp%C3%A9-scaled.jpg?zoom=3&amp;resize=150%2C150 450w\" sizes=\"auto, (max-width: 150px) 100vw, 150px\" \/><\/a><p id=\"caption-attachment-9233\" class=\"wp-caption-text\">Gr\u00e8be hupp\u00e9<\/p><\/div>\n<p style=\"text-align: justify;\"><em>Vers midi et demi, nous pouvons observer deux gr\u00e8bes hupp\u00e9s en train de plonger pour se nourrir en passant d&rsquo;un c\u00f4t\u00e9 et de l&rsquo;autre de l&rsquo;\u00e9tang.<\/em><\/p>\n<div id=\"attachment_9235\" style=\"width: 160px\" class=\"wp-caption alignleft\"><a href=\"https:\/\/i0.wp.com\/www.jojoenherbe.com\/wp-content\/uploads\/2019\/12\/Tadornes-de-Belon-scaled.jpg\"><img data-recalc-dims=\"1\" loading=\"lazy\" decoding=\"async\" aria-describedby=\"caption-attachment-9235\" data-attachment-id=\"9235\" data-permalink=\"http:\/\/www.jojoenherbe.com\/index.php\/2019\/12\/28\/petite-pause-ornitho-aux-etangs-de-villepey\/tadornes-de-belon\/\" data-orig-file=\"https:\/\/i0.wp.com\/www.jojoenherbe.com\/wp-content\/uploads\/2019\/12\/Tadornes-de-Belon-scaled.jpg?fit=2560%2C1920\" data-orig-size=\"2560,1920\" data-comments-opened=\"1\" data-image-meta=\"{&quot;aperture&quot;:&quot;6.3&quot;,&quot;credit&quot;:&quot;&quot;,&quot;camera&quot;:&quot;DSC-HX400V&quot;,&quot;caption&quot;:&quot;&quot;,&quot;created_timestamp&quot;:&quot;1577364380&quot;,&quot;copyright&quot;:&quot;&quot;,&quot;focal_length&quot;:&quot;215&quot;,&quot;iso&quot;:&quot;80&quot;,&quot;shutter_speed&quot;:&quot;0.00125&quot;,&quot;title&quot;:&quot;&quot;,&quot;orientation&quot;:&quot;1&quot;}\" data-image-title=\"Tadornes de Belon\" data-image-description=\"\" data-image-caption=\"&lt;p&gt;Tadornes de Belon&lt;\/p&gt;\n\" data-large-file=\"https:\/\/i0.wp.com\/www.jojoenherbe.com\/wp-content\/uploads\/2019\/12\/Tadornes-de-Belon-scaled.jpg?fit=676%2C507\" class=\"size-thumbnail wp-image-9235\" src=\"https:\/\/i0.wp.com\/www.jojoenherbe.com\/wp-content\/uploads\/2019\/12\/Tadornes-de-Belon.jpg?resize=150%2C150\" alt=\"\" width=\"150\" height=\"150\" srcset=\"https:\/\/i0.wp.com\/www.jojoenherbe.com\/wp-content\/uploads\/2019\/12\/Tadornes-de-Belon-scaled.jpg?resize=150%2C150 150w, https:\/\/i0.wp.com\/www.jojoenherbe.com\/wp-content\/uploads\/2019\/12\/Tadornes-de-Belon-scaled.jpg?zoom=2&amp;resize=150%2C150 300w, https:\/\/i0.wp.com\/www.jojoenherbe.com\/wp-content\/uploads\/2019\/12\/Tadornes-de-Belon-scaled.jpg?zoom=3&amp;resize=150%2C150 450w\" sizes=\"auto, (max-width: 150px) 100vw, 150px\" \/><\/a><p id=\"caption-attachment-9235\" class=\"wp-caption-text\">Tadornes de Belon<\/p><\/div>\n<p style=\"text-align: justify;\"><em>Nous observons ensuite, un peu plus loin sur l&rsquo;\u00e9tang, trois tadornes de Belon. Nous voyons enfin passer \u00e0 toute vitesse un martin-p\u00eacheur dont le vol est tr\u00e8s reconnaissable.<\/em><\/p>\n<p><iframe loading=\"lazy\" style=\"border: 0;\" src=\"https:\/\/www.google.com\/maps\/embed?pb=!1m18!1m12!1m3!1d23191.134620844943!2d6.70730926457407!3d43.40019031435337!2m3!1f0!2f0!3f0!3m2!1i1024!2i768!4f13.1!3m3!1m2!1s0x12cebd9f47cb5c39%3A0x3208a2b46871c085!2sLes+Etangs+de+Villepey!5e0!3m2!1sfr!2sfr!4v1546262823206\" allowfullscreen=\"allowfullscreen\" width=\"400\" height=\"300\" frameborder=\"0\"><\/iframe><\/p>\n","protected":false},"excerpt":{"rendered":"<p>Ce 26 d\u00e9cembre 2019,&nbsp; nous allons au dernier poste d&rsquo;observation install\u00e9 aux \u00e9tangs de Villepey, au niveau de la lagune, les derni\u00e8res intemp\u00e9ries ayant ab\u00eem\u00e9 la passerelle permettant d&rsquo;acc\u00e9der rapidement \u00e0 l&rsquo;observatoire de la Vasi\u00e8re. Pour une fois, il y a d&rsquo;autres oiseaux que des go\u00e9lands leucoph\u00e9e, mouettes rieuses ou grands cormorans. Ceux-l\u00e0 sont tr\u00e8s [&hellip;]<\/p>\n","protected":false},"author":1,"featured_media":9230,"comment_status":"open","ping_status":"open","sticky":false,"template":"","format":"standard","meta":{"jetpack_post_was_ever_published":false,"_jetpack_newsletter_access":"","_jetpack_dont_email_post_to_subs":false,"_jetpack_newsletter_tier_id":0,"_jetpack_memberships_contains_paywalled_content":false,"_jetpack_memberships_contains_paid_content":false,"footnotes":""},"categories":[128,2496],"tags":[126,224,43,1107,1108,130,5,166,1109,27,358],"class_list":["post-9225","post","type-post","status-publish","format-standard","has-post-thumbnail","hentry","category-mini-baladeur","category-mini-ornitho","tag-etangs","tag-etangs-de-villepey","tag-frejus","tag-grebe-huppe","tag-mouette-rieuse","tag-ornithologie","tag-paca","tag-saint-aygulf","tag-tadorne-de-belon","tag-var","tag-zones-humides","post-preview"],"jetpack_featured_media_url":"https:\/\/i0.wp.com\/www.jojoenherbe.com\/wp-content\/uploads\/2019\/12\/Etangs-de-Villepey-2-scaled.jpg?fit=2560%2C1663","jetpack_sharing_enabled":true,"jetpack_shortlink":"https:\/\/wp.me\/p9zhGx-2oN","jetpack_likes_enabled":true,"jetpack-related-posts":[{"id":19796,"url":"http:\/\/www.jojoenherbe.com\/index.php\/2021\/07\/24\/pause-ornitho-aux-etangs-de-villepey\/","url_meta":{"origin":9225,"position":0},"title":"Pause ornitho aux \u00e9tangs de Villepey","author":"Jojo","date":"24 juillet 2021","format":false,"excerpt":"Le 16 juillet 2021, nous passons la matin\u00e9e aux \u00e9tangs de Villepey, du c\u00f4t\u00e9 de l'observatoire de la Vasi\u00e8re, l'occasion d'observer des aigrettes garzettes, des grandes aigrettes et aussi des go\u00e9lands leucoph\u00e9es. Il y a surtout une aigrette garzette que j'ai photographi\u00e9e car elle faisait beaucoup de va-et-vient et \u00e9tait\u2026","rel":"","context":"Dans &quot;Mini ornitho&quot;","block_context":{"text":"Mini ornitho","link":"http:\/\/www.jojoenherbe.com\/index.php\/category\/mini-ornitho\/"},"img":{"alt_text":"","src":"https:\/\/i0.wp.com\/www.jojoenherbe.com\/wp-content\/uploads\/2021\/07\/Etangs-de-Villepey-scaled.jpg?fit=1200%2C887&resize=350%2C200","width":350,"height":200,"srcset":"https:\/\/i0.wp.com\/www.jojoenherbe.com\/wp-content\/uploads\/2021\/07\/Etangs-de-Villepey-scaled.jpg?fit=1200%2C887&resize=350%2C200 1x, https:\/\/i0.wp.com\/www.jojoenherbe.com\/wp-content\/uploads\/2021\/07\/Etangs-de-Villepey-scaled.jpg?fit=1200%2C887&resize=525%2C300 1.5x, https:\/\/i0.wp.com\/www.jojoenherbe.com\/wp-content\/uploads\/2021\/07\/Etangs-de-Villepey-scaled.jpg?fit=1200%2C887&resize=700%2C400 2x, https:\/\/i0.wp.com\/www.jojoenherbe.com\/wp-content\/uploads\/2021\/07\/Etangs-de-Villepey-scaled.jpg?fit=1200%2C887&resize=1050%2C600 3x"},"classes":[]},{"id":11821,"url":"http:\/\/www.jojoenherbe.com\/index.php\/2020\/08\/20\/flamants-roses-aux-etangs-de-villepey\/","url_meta":{"origin":9225,"position":1},"title":"Pause ornitho: Flamants roses aux \u00e9tangs de Villepey","author":"Jojo","date":"20 ao\u00fbt 2020","format":false,"excerpt":"Lors de notre derni\u00e8re sortie aux \u00e9tangs de Villepey la semaine derni\u00e8re, nous avons pu observer trois flamants roses dont un juv\u00e9nile. Une agr\u00e9able surprise puisque cela faisait tr\u00e8s longtemps que nous n'en avions plus vus aux \u00e9tangs! Il y avait \u00e9galement des mouettes rieuses et un cygne noir.","rel":"","context":"Dans &quot;Mini baladeur&quot;","block_context":{"text":"Mini baladeur","link":"http:\/\/www.jojoenherbe.com\/index.php\/category\/mini-crapahuteur\/mini-baladeur\/"},"img":{"alt_text":"","src":"https:\/\/i0.wp.com\/www.jojoenherbe.com\/wp-content\/uploads\/2020\/08\/Flamant-rose-etangs-de-Villepey-scaled.jpg?fit=1200%2C900&resize=350%2C200","width":350,"height":200,"srcset":"https:\/\/i0.wp.com\/www.jojoenherbe.com\/wp-content\/uploads\/2020\/08\/Flamant-rose-etangs-de-Villepey-scaled.jpg?fit=1200%2C900&resize=350%2C200 1x, https:\/\/i0.wp.com\/www.jojoenherbe.com\/wp-content\/uploads\/2020\/08\/Flamant-rose-etangs-de-Villepey-scaled.jpg?fit=1200%2C900&resize=525%2C300 1.5x, https:\/\/i0.wp.com\/www.jojoenherbe.com\/wp-content\/uploads\/2020\/08\/Flamant-rose-etangs-de-Villepey-scaled.jpg?fit=1200%2C900&resize=700%2C400 2x, https:\/\/i0.wp.com\/www.jojoenherbe.com\/wp-content\/uploads\/2020\/08\/Flamant-rose-etangs-de-Villepey-scaled.jpg?fit=1200%2C900&resize=1050%2C600 3x"},"classes":[]},{"id":2589,"url":"http:\/\/www.jojoenherbe.com\/index.php\/2018\/05\/13\/petite-balade-aux-etangs-de-villepey\/","url_meta":{"origin":9225,"position":2},"title":"Petite balade aux \u00e9tangs de Villepey","author":"Jojo","date":"13 mai 2018","format":false,"excerpt":"Ce 11 mai 2018, nous partons dans l'apr\u00e8s-midi nous balader le long d'un des sentiers am\u00e9nag\u00e9s des \u00e9tangs de Villepey, au niveau de l'entr\u00e9e de Saint-Aygulf. Nous laissons les vacanciers sur les plages de sable au niveau o\u00f9 les \u00e9tangs se m\u00e9langent avec la Mer M\u00e9diterran\u00e9e sous le pont de\u2026","rel":"","context":"Dans &quot;Mini baladeur&quot;","block_context":{"text":"Mini baladeur","link":"http:\/\/www.jojoenherbe.com\/index.php\/category\/mini-crapahuteur\/mini-baladeur\/"},"img":{"alt_text":"","src":"https:\/\/i0.wp.com\/www.jojoenherbe.com\/wp-content\/uploads\/2018\/05\/Perruche-%C3%A0-collier-bleue-%C3%A9tangs-de-Villepey-2.jpg?fit=1004%2C1200&resize=350%2C200","width":350,"height":200,"srcset":"https:\/\/i0.wp.com\/www.jojoenherbe.com\/wp-content\/uploads\/2018\/05\/Perruche-%C3%A0-collier-bleue-%C3%A9tangs-de-Villepey-2.jpg?fit=1004%2C1200&resize=350%2C200 1x, https:\/\/i0.wp.com\/www.jojoenherbe.com\/wp-content\/uploads\/2018\/05\/Perruche-%C3%A0-collier-bleue-%C3%A9tangs-de-Villepey-2.jpg?fit=1004%2C1200&resize=525%2C300 1.5x, https:\/\/i0.wp.com\/www.jojoenherbe.com\/wp-content\/uploads\/2018\/05\/Perruche-%C3%A0-collier-bleue-%C3%A9tangs-de-Villepey-2.jpg?fit=1004%2C1200&resize=700%2C400 2x"},"classes":[]},{"id":3576,"url":"http:\/\/www.jojoenherbe.com\/index.php\/2018\/02\/12\/petite-balade-hivernale-autour-des-etangs-de-villepey-dans-la-zone-des-esclamandes\/","url_meta":{"origin":9225,"position":3},"title":"Petite balade hivernale autour des \u00e9tangs de Villepey dans la zone des Esclamandes","author":"Jojo","date":"12 f\u00e9vrier 2018","format":false,"excerpt":"Ce 9 f\u00e9vrier 2018, en fin d'apr\u00e8s-midi, nous partons nous promener autour des \u00e9tangs de Villepey dans la zone des Esclamandes. Ces \u00e9tangs font partie des zones humides littorales et sont un site Natura 2000. Nous nous garons sur l'un des grands parkings pr\u00e9vus sur la RD559 et qui donne\u2026","rel":"","context":"Dans &quot;Mini baladeur&quot;","block_context":{"text":"Mini baladeur","link":"http:\/\/www.jojoenherbe.com\/index.php\/category\/mini-crapahuteur\/mini-baladeur\/"},"img":{"alt_text":"","src":"https:\/\/i0.wp.com\/www.jojoenherbe.com\/wp-content\/uploads\/2018\/02\/%C3%A9tangs-de-Villepey-5.jpg?fit=977%2C1200&resize=350%2C200","width":350,"height":200,"srcset":"https:\/\/i0.wp.com\/www.jojoenherbe.com\/wp-content\/uploads\/2018\/02\/%C3%A9tangs-de-Villepey-5.jpg?fit=977%2C1200&resize=350%2C200 1x, https:\/\/i0.wp.com\/www.jojoenherbe.com\/wp-content\/uploads\/2018\/02\/%C3%A9tangs-de-Villepey-5.jpg?fit=977%2C1200&resize=525%2C300 1.5x, https:\/\/i0.wp.com\/www.jojoenherbe.com\/wp-content\/uploads\/2018\/02\/%C3%A9tangs-de-Villepey-5.jpg?fit=977%2C1200&resize=700%2C400 2x"},"classes":[]},{"id":4173,"url":"http:\/\/www.jojoenherbe.com\/index.php\/2018\/12\/30\/sorties-aux-etangs-de-villepey\/","url_meta":{"origin":9225,"position":4},"title":"Sorties aux \u00e9tangs de Villepey","author":"Jojo","date":"30 d\u00e9cembre 2018","format":false,"excerpt":"En cette fin d'ann\u00e9e 2018, nous allons nous balader, deux matin\u00e9es de suite autour des \u00e9tangs de Villepey. Lors de notre premi\u00e8re sortie, nous allons dans la zone des Esclamandes. La plage est recouverte de morceaux de bois de toute taille. Nous retournons du c\u00f4t\u00e9 de l'\u00e9tang face \u00e0 l'observatoire\u2026","rel":"","context":"Dans &quot;Mini baladeur&quot;","block_context":{"text":"Mini baladeur","link":"http:\/\/www.jojoenherbe.com\/index.php\/category\/mini-crapahuteur\/mini-baladeur\/"},"img":{"alt_text":"","src":"https:\/\/i0.wp.com\/www.jojoenherbe.com\/wp-content\/uploads\/2018\/12\/%C3%A9tangs-de-Villepey-2.jpg?fit=1200%2C900&resize=350%2C200","width":350,"height":200,"srcset":"https:\/\/i0.wp.com\/www.jojoenherbe.com\/wp-content\/uploads\/2018\/12\/%C3%A9tangs-de-Villepey-2.jpg?fit=1200%2C900&resize=350%2C200 1x, https:\/\/i0.wp.com\/www.jojoenherbe.com\/wp-content\/uploads\/2018\/12\/%C3%A9tangs-de-Villepey-2.jpg?fit=1200%2C900&resize=525%2C300 1.5x, https:\/\/i0.wp.com\/www.jojoenherbe.com\/wp-content\/uploads\/2018\/12\/%C3%A9tangs-de-Villepey-2.jpg?fit=1200%2C900&resize=700%2C400 2x, https:\/\/i0.wp.com\/www.jojoenherbe.com\/wp-content\/uploads\/2018\/12\/%C3%A9tangs-de-Villepey-2.jpg?fit=1200%2C900&resize=1050%2C600 3x"},"classes":[]},{"id":25015,"url":"http:\/\/www.jojoenherbe.com\/index.php\/2022\/04\/19\/la-nature-au-fil-du-printemps-3\/","url_meta":{"origin":9225,"position":5},"title":"La Nature au fil du printemps #3","author":"Jojo","date":"19 avril 2022","format":false,"excerpt":"Pour ce nouveau rendez-vous photo avec Syl et Isabelle d\u2019\u00e9coute et d\u2019observation de la Nature au fil du printemps, voici quelques photos prises lors de nos sorties du week-end dernier aux \u00e9tangs de Villepey puis aux calanques de Saint-Aygulf. Du c\u00f4t\u00e9 des \u00e9tangs de Villepey Samedi 17 avril 2022, nous\u2026","rel":"","context":"Dans &quot;Mini baladeur&quot;","block_context":{"text":"Mini baladeur","link":"http:\/\/www.jojoenherbe.com\/index.php\/category\/mini-crapahuteur\/mini-baladeur\/"},"img":{"alt_text":"","src":"https:\/\/i0.wp.com\/www.jojoenherbe.com\/wp-content\/uploads\/2022\/04\/etangs-de-Villepey-4-scaled.jpg?fit=1200%2C900&resize=350%2C200","width":350,"height":200,"srcset":"https:\/\/i0.wp.com\/www.jojoenherbe.com\/wp-content\/uploads\/2022\/04\/etangs-de-Villepey-4-scaled.jpg?fit=1200%2C900&resize=350%2C200 1x, https:\/\/i0.wp.com\/www.jojoenherbe.com\/wp-content\/uploads\/2022\/04\/etangs-de-Villepey-4-scaled.jpg?fit=1200%2C900&resize=525%2C300 1.5x, https:\/\/i0.wp.com\/www.jojoenherbe.com\/wp-content\/uploads\/2022\/04\/etangs-de-Villepey-4-scaled.jpg?fit=1200%2C900&resize=700%2C400 2x, https:\/\/i0.wp.com\/www.jojoenherbe.com\/wp-content\/uploads\/2022\/04\/etangs-de-Villepey-4-scaled.jpg?fit=1200%2C900&resize=1050%2C600 3x"},"classes":[]}],"_links":{"self":[{"href":"http:\/\/www.jojoenherbe.com\/index.php\/wp-json\/wp\/v2\/posts\/9225","targetHints":{"allow":["GET"]}}],"collection":[{"href":"http:\/\/www.jojoenherbe.com\/index.php\/wp-json\/wp\/v2\/posts"}],"about":[{"href":"http:\/\/www.jojoenherbe.com\/index.php\/wp-json\/wp\/v2\/types\/post"}],"author":[{"embeddable":true,"href":"http:\/\/www.jojoenherbe.com\/index.php\/wp-json\/wp\/v2\/users\/1"}],"replies":[{"embeddable":true,"href":"http:\/\/www.jojoenherbe.com\/index.php\/wp-json\/wp\/v2\/comments?post=9225"}],"version-history":[{"count":0,"href":"http:\/\/www.jojoenherbe.com\/index.php\/wp-json\/wp\/v2\/posts\/9225\/revisions"}],"wp:featuredmedia":[{"embeddable":true,"href":"http:\/\/www.jojoenherbe.com\/index.php\/wp-json\/wp\/v2\/media\/9230"}],"wp:attachment":[{"href":"http:\/\/www.jojoenherbe.com\/index.php\/wp-json\/wp\/v2\/media?parent=9225"}],"wp:term":[{"taxonomy":"category","embeddable":true,"href":"http:\/\/www.jojoenherbe.com\/index.php\/wp-json\/wp\/v2\/categories?post=9225"},{"taxonomy":"post_tag","embeddable":true,"href":"http:\/\/www.jojoenherbe.com\/index.php\/wp-json\/wp\/v2\/tags?post=9225"}],"curies":[{"name":"wp","href":"https:\/\/api.w.org\/{rel}","templated":true}]}}