{"id":9166,"date":"2020-01-03T14:30:22","date_gmt":"2020-01-03T13:30:22","guid":{"rendered":"http:\/\/www.jojoenherbe.com\/?p=9166"},"modified":"2021-12-06T12:13:50","modified_gmt":"2021-12-06T11:13:50","slug":"au-fil-des-pages-avec-demain-cest-noel","status":"publish","type":"post","link":"http:\/\/www.jojoenherbe.com\/index.php\/2020\/01\/03\/au-fil-des-pages-avec-demain-cest-noel\/","title":{"rendered":"Au fil des pages avec Demain c&rsquo;est No\u00ebl"},"content":{"rendered":"<p style=\"text-align: justify;\"><em><a href=\"https:\/\/i0.wp.com\/www.jojoenherbe.com\/wp-content\/uploads\/2020\/01\/Demain-cest-No%C3%ABl-2-scaled.jpg\"><img data-recalc-dims=\"1\" loading=\"lazy\" decoding=\"async\" data-attachment-id=\"9334\" data-permalink=\"http:\/\/www.jojoenherbe.com\/index.php\/2020\/01\/03\/au-fil-des-pages-avec-demain-cest-noel\/demain-cest-noel-2\/\" data-orig-file=\"https:\/\/i0.wp.com\/www.jojoenherbe.com\/wp-content\/uploads\/2020\/01\/Demain-cest-No%C3%ABl-2-scaled.jpg?fit=2560%2C1720\" data-orig-size=\"2560,1720\" data-comments-opened=\"1\" data-image-meta=\"{&quot;aperture&quot;:&quot;2.4&quot;,&quot;credit&quot;:&quot;&quot;,&quot;camera&quot;:&quot;iPhone 4S&quot;,&quot;caption&quot;:&quot;&quot;,&quot;created_timestamp&quot;:&quot;1577114979&quot;,&quot;copyright&quot;:&quot;&quot;,&quot;focal_length&quot;:&quot;4.28&quot;,&quot;iso&quot;:&quot;200&quot;,&quot;shutter_speed&quot;:&quot;0.05&quot;,&quot;title&quot;:&quot;&quot;,&quot;orientation&quot;:&quot;1&quot;}\" data-image-title=\"Demain c&amp;rsquo;est No\u00ebl 2\" data-image-description=\"\" data-image-caption=\"\" data-large-file=\"https:\/\/i0.wp.com\/www.jojoenherbe.com\/wp-content\/uploads\/2020\/01\/Demain-cest-No%C3%ABl-2-scaled.jpg?fit=676%2C454\" class=\"alignleft size-thumbnail wp-image-9334\" src=\"https:\/\/i0.wp.com\/www.jojoenherbe.com\/wp-content\/uploads\/2020\/01\/Demain-cest-No%C3%ABl-2.jpg?resize=150%2C150\" alt=\"\" width=\"150\" height=\"150\" srcset=\"https:\/\/i0.wp.com\/www.jojoenherbe.com\/wp-content\/uploads\/2020\/01\/Demain-cest-No%C3%ABl-2-scaled.jpg?resize=150%2C150 150w, https:\/\/i0.wp.com\/www.jojoenherbe.com\/wp-content\/uploads\/2020\/01\/Demain-cest-No%C3%ABl-2-scaled.jpg?zoom=2&amp;resize=150%2C150 300w, https:\/\/i0.wp.com\/www.jojoenherbe.com\/wp-content\/uploads\/2020\/01\/Demain-cest-No%C3%ABl-2-scaled.jpg?zoom=3&amp;resize=150%2C150 450w\" sizes=\"auto, (max-width: 150px) 100vw, 150px\" \/><\/a> <a href=\"https:\/\/i0.wp.com\/www.jojoenherbe.com\/wp-content\/uploads\/2020\/01\/Demain-cest-No%C3%ABl-3-scaled.jpg\"><img data-recalc-dims=\"1\" loading=\"lazy\" decoding=\"async\" data-attachment-id=\"9335\" data-permalink=\"http:\/\/www.jojoenherbe.com\/index.php\/2020\/01\/03\/au-fil-des-pages-avec-demain-cest-noel\/demain-cest-noel-3\/\" data-orig-file=\"https:\/\/i0.wp.com\/www.jojoenherbe.com\/wp-content\/uploads\/2020\/01\/Demain-cest-No%C3%ABl-3-scaled.jpg?fit=2560%2C1612\" data-orig-size=\"2560,1612\" data-comments-opened=\"1\" data-image-meta=\"{&quot;aperture&quot;:&quot;2.4&quot;,&quot;credit&quot;:&quot;&quot;,&quot;camera&quot;:&quot;iPhone 4S&quot;,&quot;caption&quot;:&quot;&quot;,&quot;created_timestamp&quot;:&quot;1578060683&quot;,&quot;copyright&quot;:&quot;&quot;,&quot;focal_length&quot;:&quot;4.28&quot;,&quot;iso&quot;:&quot;125&quot;,&quot;shutter_speed&quot;:&quot;0.05&quot;,&quot;title&quot;:&quot;&quot;,&quot;orientation&quot;:&quot;1&quot;}\" data-image-title=\"Demain c&amp;rsquo;est No\u00ebl 3\" data-image-description=\"\" data-image-caption=\"\" data-large-file=\"https:\/\/i0.wp.com\/www.jojoenherbe.com\/wp-content\/uploads\/2020\/01\/Demain-cest-No%C3%ABl-3-scaled.jpg?fit=676%2C426\" class=\"alignleft size-thumbnail wp-image-9335\" src=\"https:\/\/i0.wp.com\/www.jojoenherbe.com\/wp-content\/uploads\/2020\/01\/Demain-cest-No%C3%ABl-3.jpg?resize=150%2C150\" alt=\"\" width=\"150\" height=\"150\" srcset=\"https:\/\/i0.wp.com\/www.jojoenherbe.com\/wp-content\/uploads\/2020\/01\/Demain-cest-No%C3%ABl-3-scaled.jpg?resize=150%2C150 150w, https:\/\/i0.wp.com\/www.jojoenherbe.com\/wp-content\/uploads\/2020\/01\/Demain-cest-No%C3%ABl-3-scaled.jpg?zoom=2&amp;resize=150%2C150 300w, https:\/\/i0.wp.com\/www.jojoenherbe.com\/wp-content\/uploads\/2020\/01\/Demain-cest-No%C3%ABl-3-scaled.jpg?zoom=3&amp;resize=150%2C150 450w\" sizes=\"auto, (max-width: 150px) 100vw, 150px\" \/><\/a>Nous lisons et relisons <span style=\"text-decoration: underline;\">Demain c&rsquo;est No\u00ebl<\/span> de Claire Masurel et Marie H. Henry (\u00e9d. L&rsquo;\u00e9cole des loisirs, 1994, r\u00e9\u00e9d. 2013), un album jeunesse \u00e0 partir de 3 ans. Nous suivons les pr\u00e9paratifs de No\u00ebl chez Juliette, une petite fille avec ses parents et ses doudous: le choix du sapin, la mise en place des d\u00e9corations, la pr\u00e9paration du repas du r\u00e9veillon, etc. L&rsquo;excitation est \u00e0 sa comble, surtout chez les doudous qui accumulent b\u00eatises et maladresses, m\u00eame au moment de l&rsquo;arriv\u00e9e du P\u00e8re No\u00ebl! Le tout petit lecteur se reconna\u00eetra facilement dans les doudous de la petite fille. Les illustrations sont un peu r\u00e9tro mais tout en douceur et en tendresse. Elles refl\u00e8tent bien cette ambiance si particuli\u00e8re de No\u00ebl. Un bon moment de lecture dans l&rsquo;esprit de No\u00ebl!<br \/><\/em><\/p>\n<div id=\"attachment_4796\" style=\"width: 128px\" class=\"wp-caption alignleft\"><img data-recalc-dims=\"1\" loading=\"lazy\" decoding=\"async\" aria-describedby=\"caption-attachment-4796\" class=\"wp-image-4796\" src=\"https:\/\/i0.wp.com\/www.laplanquealibellules.fr\/wp-content\/uploads\/sites\/3\/2019\/11\/Logo_1_2019-1024x1024.jpg?resize=118%2C118&#038;ssl=1\" sizes=\"auto, (max-width: 1024px) 100vw, 1024px\" srcset=\"https:\/\/www.laplanquealibellules.fr\/wp-content\/uploads\/sites\/3\/2019\/11\/Logo_1_2019-1024x1024.jpg 1024w, https:\/\/www.laplanquealibellules.fr\/wp-content\/uploads\/sites\/3\/2019\/11\/Logo_1_2019-150x150.jpg 150w, https:\/\/www.laplanquealibellules.fr\/wp-content\/uploads\/sites\/3\/2019\/11\/Logo_1_2019-300x300.jpg 300w, https:\/\/www.laplanquealibellules.fr\/wp-content\/uploads\/sites\/3\/2019\/11\/Logo_1_2019-768x768.jpg 768w, https:\/\/www.laplanquealibellules.fr\/wp-content\/uploads\/sites\/3\/2019\/11\/Logo_1_2019.jpg 2000w\" alt=\"\" width=\"118\" height=\"118\" data-id=\"4796\" data-link=\"https:\/\/www.laplanquealibellules.fr\/?attachment_id=4796\" \/><p id=\"caption-attachment-4796\" class=\"wp-caption-text\">Challenge Il \u00e9tait 7 fois No\u00ebl de <a href=\"https:\/\/www.laplanquealibellules.fr\/2019\/11\/il-etait-sept-fois-noel.html\/\">Chicky Poo<\/a> et <a href=\"https:\/\/viedecontedefee.blogspot.com\/2019\/11\/1577-il-etait-sept-fois-noel.html\">Samarian<\/a><\/p><\/div>\n<div style=\"width: 142px\" class=\"wp-caption alignleft\"><img data-recalc-dims=\"1\" loading=\"lazy\" decoding=\"async\" class=\"\" src=\"https:\/\/i0.wp.com\/img.over-blog-kiwi.com\/1\/49\/01\/49\/20191113\/ob_66c4c9_challengechristmastime2019bisbis.jpg?resize=132%2C120&#038;ssl=1\" alt=\"\" width=\"132\" height=\"120\" data-amp-height=\"271\" data-amp-width=\"300\" \/><p class=\"wp-caption-text\">Challenge Christmas Time 2019 de <a href=\"http:\/\/mya.books.over-blog.com\/2019\/11\/challenge-christmas-time-2019.html\">Mya Rosa<\/a> #Livre de No\u00ebl<\/p><\/div>\n<div style=\"width: 135px\" class=\"wp-caption alignleft\"><img data-recalc-dims=\"1\" loading=\"lazy\" decoding=\"async\" class=\"\" src=\"https:\/\/i0.wp.com\/delivrer-des-livres.fr\/wp-content\/uploads\/2019\/05\/logoalbums2019.png?resize=125%2C125\" alt=\"\" width=\"125\" height=\"125\" \/><p class=\"wp-caption-text\">Participation #115 <a href=\"http:\/\/delivrer-des-livres.fr\/challenge-albums-2019\/\">Je lis aussi des albums<\/a><\/p><\/div>\n\n\n<p><\/p>\n","protected":false},"excerpt":{"rendered":"<p>Nous lisons et relisons Demain c&rsquo;est No\u00ebl de Claire Masurel et Marie H. Henry (\u00e9d. L&rsquo;\u00e9cole des loisirs, 1994, r\u00e9\u00e9d. 2013), un album jeunesse \u00e0 partir de 3 ans. Nous suivons les pr\u00e9paratifs de No\u00ebl chez Juliette, une petite fille avec ses parents et ses doudous: le choix du sapin, la mise en place des [&hellip;]<\/p>\n","protected":false},"author":1,"featured_media":14413,"comment_status":"open","ping_status":"open","sticky":false,"template":"","format":"standard","meta":{"jetpack_post_was_ever_published":false,"_jetpack_newsletter_access":"","_jetpack_dont_email_post_to_subs":false,"_jetpack_newsletter_tier_id":0,"_jetpack_memberships_contains_paywalled_content":false,"_jetpack_memberships_contains_paid_content":false,"footnotes":""},"categories":[363],"tags":[785,409,456,1065,1381,1987,21,447,620,982,1350,367,1056,1988,19,451,698,1066,989,348],"class_list":["post-9166","post","type-post","status-publish","format-standard","has-post-thumbnail","hentry","category-mini-lecteur","tag-3-6-ans","tag-albums-jeunesse","tag-betises","tag-cadeau","tag-challenge-christmas-time-2019","tag-claire-masurel","tag-decorations","tag-doudous","tag-fille","tag-il-etait-7-fois-noel","tag-je-lis-aussi-des-albums-2019","tag-lecture-jeunesse","tag-lectures-de-noel","tag-marie-h-henry","tag-noel","tag-partage","tag-pere-noel","tag-preparatifs","tag-reveillon","tag-sapin-de-noel","post-preview"],"jetpack_featured_media_url":"https:\/\/i0.wp.com\/www.jojoenherbe.com\/wp-content\/uploads\/2020\/01\/Demain-cest-Noel-scaled.jpg?fit=2560%2C1663","jetpack_sharing_enabled":true,"jetpack_shortlink":"https:\/\/wp.me\/p9zhGx-2nQ","jetpack_likes_enabled":true,"jetpack-related-posts":[{"id":9214,"url":"http:\/\/www.jojoenherbe.com\/index.php\/2019\/12\/29\/au-fil-des-pages-avec-cest-noel\/","url_meta":{"origin":9166,"position":0},"title":"Au fil des pages avec C&rsquo;est No\u00ebl!","author":"Jojo","date":"29 d\u00e9cembre 2019","format":false,"excerpt":"Au pied du sapin, nous avons d\u00e9couvert \u00e9galement une autre histoire d'un personnage que nous appr\u00e9cions: Arthur le petit rhinoc\u00e9ros. Il s'agit de C'est No\u00ebl de Tracey Corderoy et Tim Warnes (\u00e9d. Mijade, 2017), un album jeunesse \u00e0 partir de 3 ans. Que d'excitation chez Arthur \u00e0 quelques jours de\u2026","rel":"","context":"Dans &quot;Mini lecteur&quot;","block_context":{"text":"Mini lecteur","link":"http:\/\/www.jojoenherbe.com\/index.php\/category\/mini-lecteur\/"},"img":{"alt_text":"","src":"https:\/\/i0.wp.com\/www.jojoenherbe.com\/wp-content\/uploads\/2019\/12\/Cest-No%C3%ABl.jpg?fit=1200%2C1003&resize=350%2C200","width":350,"height":200,"srcset":"https:\/\/i0.wp.com\/www.jojoenherbe.com\/wp-content\/uploads\/2019\/12\/Cest-No%C3%ABl.jpg?fit=1200%2C1003&resize=350%2C200 1x, https:\/\/i0.wp.com\/www.jojoenherbe.com\/wp-content\/uploads\/2019\/12\/Cest-No%C3%ABl.jpg?fit=1200%2C1003&resize=525%2C300 1.5x, https:\/\/i0.wp.com\/www.jojoenherbe.com\/wp-content\/uploads\/2019\/12\/Cest-No%C3%ABl.jpg?fit=1200%2C1003&resize=700%2C400 2x, https:\/\/i0.wp.com\/www.jojoenherbe.com\/wp-content\/uploads\/2019\/12\/Cest-No%C3%ABl.jpg?fit=1200%2C1003&resize=1050%2C600 3x"},"classes":[]},{"id":14522,"url":"http:\/\/www.jojoenherbe.com\/index.php\/2020\/12\/20\/deuxieme-alphabet-des-animaux-l-comme-lapin\/","url_meta":{"origin":9166,"position":1},"title":"Deuxi\u00e8me alphabet des animaux: L comme Lapin","author":"Jojo","date":"20 d\u00e9cembre 2020","format":false,"excerpt":"Pour la semaine 36 de mon challenge sur Instagram #jojoenherbeetcieillustre qui associe la premi\u00e8re lettre d'un animal avec une illustration tir\u00e9e de la litt\u00e9rature jeunesse en suivant l'ordre de l'alphabet, il s'agit du L comme Lapin. Alors voici notre s\u00e9lection de lapins qui sera mise \u00e0 jour au fur-et-\u00e0-mesure de\u2026","rel":"","context":"Dans &quot;Mini challenger&quot;","block_context":{"text":"Mini challenger","link":"http:\/\/www.jojoenherbe.com\/index.php\/category\/mini-challenger\/"},"img":{"alt_text":"","src":"https:\/\/i0.wp.com\/www.jojoenherbe.com\/wp-content\/uploads\/2020\/12\/Selection-de-lapins-scaled.jpg?fit=1200%2C773&resize=350%2C200","width":350,"height":200,"srcset":"https:\/\/i0.wp.com\/www.jojoenherbe.com\/wp-content\/uploads\/2020\/12\/Selection-de-lapins-scaled.jpg?fit=1200%2C773&resize=350%2C200 1x, https:\/\/i0.wp.com\/www.jojoenherbe.com\/wp-content\/uploads\/2020\/12\/Selection-de-lapins-scaled.jpg?fit=1200%2C773&resize=525%2C300 1.5x, https:\/\/i0.wp.com\/www.jojoenherbe.com\/wp-content\/uploads\/2020\/12\/Selection-de-lapins-scaled.jpg?fit=1200%2C773&resize=700%2C400 2x, https:\/\/i0.wp.com\/www.jojoenherbe.com\/wp-content\/uploads\/2020\/12\/Selection-de-lapins-scaled.jpg?fit=1200%2C773&resize=1050%2C600 3x"},"classes":[]},{"id":8982,"url":"http:\/\/www.jojoenherbe.com\/index.php\/2019\/12\/17\/au-fil-des-pages-avec-joyeux-noel-petite-taupe\/","url_meta":{"origin":9166,"position":2},"title":"Au fil des pages avec Joyeux No\u00ebl, Petite taupe!","author":"Jojo","date":"17 d\u00e9cembre 2019","format":false,"excerpt":"Nous lisons depuis le d\u00e9but du mois un album jeunesse, \u00e0 partir de 3 ans, emprunt\u00e9 \u00e0 la biblioth\u00e8que, Joyeux No\u00ebl, Petite taupe! d'Orianne Lallemand et Claire Frossard (\u00e9d. Auzou, 2015). La veille de No\u00ebl, Petite taupe pense que la journ\u00e9e va \u00eatre longue avant No\u00ebl mais c'est sans compter\u2026","rel":"","context":"Dans &quot;Mini lecteur&quot;","block_context":{"text":"Mini lecteur","link":"http:\/\/www.jojoenherbe.com\/index.php\/category\/mini-lecteur\/"},"img":{"alt_text":"","src":"https:\/\/i0.wp.com\/www.jojoenherbe.com\/wp-content\/uploads\/2019\/12\/Joyeux-Noel-Petite-taupe-6-scaled.jpg?fit=1200%2C918&resize=350%2C200","width":350,"height":200,"srcset":"https:\/\/i0.wp.com\/www.jojoenherbe.com\/wp-content\/uploads\/2019\/12\/Joyeux-Noel-Petite-taupe-6-scaled.jpg?fit=1200%2C918&resize=350%2C200 1x, https:\/\/i0.wp.com\/www.jojoenherbe.com\/wp-content\/uploads\/2019\/12\/Joyeux-Noel-Petite-taupe-6-scaled.jpg?fit=1200%2C918&resize=525%2C300 1.5x, https:\/\/i0.wp.com\/www.jojoenherbe.com\/wp-content\/uploads\/2019\/12\/Joyeux-Noel-Petite-taupe-6-scaled.jpg?fit=1200%2C918&resize=700%2C400 2x, https:\/\/i0.wp.com\/www.jojoenherbe.com\/wp-content\/uploads\/2019\/12\/Joyeux-Noel-Petite-taupe-6-scaled.jpg?fit=1200%2C918&resize=1050%2C600 3x"},"classes":[]},{"id":9348,"url":"http:\/\/www.jojoenherbe.com\/index.php\/2020\/01\/03\/au-fil-des-pages-avec-joyeux-noel-splat\/","url_meta":{"origin":9166,"position":3},"title":"Au fil des pages avec Joyeux No\u00ebl, Splat!","author":"Jojo","date":"3 janvier 2020","format":false,"excerpt":"Nous lisons et relisons Joyeux No\u00ebl, Splat! de Rob Scotton (\u00e9d. Nathan, 2012), un album jeunesse \u00e0 partir de 3 ans. Apr\u00e8s Halloween, nous retrouvons Splat le chat et Harry Souris dans les derniers pr\u00e9paratifs avant No\u00ebl: la lettre au P\u00e8re No\u00ebl, le sapin de No\u00ebl et le repas du\u2026","rel":"","context":"Dans &quot;Mini lecteur&quot;","block_context":{"text":"Mini lecteur","link":"http:\/\/www.jojoenherbe.com\/index.php\/category\/mini-lecteur\/"},"img":{"alt_text":"","src":"https:\/\/i0.wp.com\/www.jojoenherbe.com\/wp-content\/uploads\/2020\/01\/Joyeux-Noel-Splat-scaled.jpg?fit=1200%2C900&resize=350%2C200","width":350,"height":200,"srcset":"https:\/\/i0.wp.com\/www.jojoenherbe.com\/wp-content\/uploads\/2020\/01\/Joyeux-Noel-Splat-scaled.jpg?fit=1200%2C900&resize=350%2C200 1x, https:\/\/i0.wp.com\/www.jojoenherbe.com\/wp-content\/uploads\/2020\/01\/Joyeux-Noel-Splat-scaled.jpg?fit=1200%2C900&resize=525%2C300 1.5x, https:\/\/i0.wp.com\/www.jojoenherbe.com\/wp-content\/uploads\/2020\/01\/Joyeux-Noel-Splat-scaled.jpg?fit=1200%2C900&resize=700%2C400 2x, https:\/\/i0.wp.com\/www.jojoenherbe.com\/wp-content\/uploads\/2020\/01\/Joyeux-Noel-Splat-scaled.jpg?fit=1200%2C900&resize=1050%2C600 3x"},"classes":[]},{"id":33773,"url":"http:\/\/www.jojoenherbe.com\/index.php\/2023\/12\/25\/au-fil-des-pages-avec-le-tome-22-dana-ana\/","url_meta":{"origin":9166,"position":4},"title":"Au fil des pages avec le tome 22 d&rsquo;Ana Ana","author":"Jojo","date":"25 d\u00e9cembre 2023","format":false,"excerpt":"Achet\u00e9 \u00e0 sa parution et aussit\u00f4t lu, nous relisons depuis le tome 22 d'Ana Ana, Joyeux No\u00ebl! de Dominique Roques et Alexis Dormal (\u00e9d. Dargaud, octobre 2023, 32 pages) une BD jeunesse au format \u00e0 l\u2019italienne et pour les 3\/6 ans (mais les plus grands aussi!). En ce jour de\u2026","rel":"","context":"Dans &quot;Mini lecteur&quot;","block_context":{"text":"Mini lecteur","link":"http:\/\/www.jojoenherbe.com\/index.php\/category\/mini-lecteur\/"},"img":{"alt_text":"","src":"https:\/\/i0.wp.com\/www.jojoenherbe.com\/wp-content\/uploads\/2023\/12\/Ana-Ana-BD-T22-scaled.jpg?fit=1196%2C1200&resize=350%2C200","width":350,"height":200,"srcset":"https:\/\/i0.wp.com\/www.jojoenherbe.com\/wp-content\/uploads\/2023\/12\/Ana-Ana-BD-T22-scaled.jpg?fit=1196%2C1200&resize=350%2C200 1x, https:\/\/i0.wp.com\/www.jojoenherbe.com\/wp-content\/uploads\/2023\/12\/Ana-Ana-BD-T22-scaled.jpg?fit=1196%2C1200&resize=525%2C300 1.5x, https:\/\/i0.wp.com\/www.jojoenherbe.com\/wp-content\/uploads\/2023\/12\/Ana-Ana-BD-T22-scaled.jpg?fit=1196%2C1200&resize=700%2C400 2x, https:\/\/i0.wp.com\/www.jojoenherbe.com\/wp-content\/uploads\/2023\/12\/Ana-Ana-BD-T22-scaled.jpg?fit=1196%2C1200&resize=1050%2C600 3x"},"classes":[]},{"id":33712,"url":"http:\/\/www.jojoenherbe.com\/index.php\/2023\/12\/23\/au-fil-des-pages-avec-le-tome-5-de-rita-et-machin\/","url_meta":{"origin":9166,"position":5},"title":"Au fil des pages avec le tome 5 de Rita et Machin","author":"Jojo","date":"23 d\u00e9cembre 2023","format":false,"excerpt":"Lors du RAT de No\u00ebl 2019, nous avions lu le tome 5 de Rita et Machin, Le No\u00ebl de Rita et Machin de Jean-Philippe Arrou-Vignod et Olivier Tallec (\u00e9d. Gallimard Jeunesse, 2006, 28 pages), un album jeunesse \u00e0 partir de 4 ans. Ce soir, c'est la nuit de No\u00ebl mais\u2026","rel":"","context":"Dans &quot;Mini lecteur&quot;","block_context":{"text":"Mini lecteur","link":"http:\/\/www.jojoenherbe.com\/index.php\/category\/mini-lecteur\/"},"img":{"alt_text":"","src":"https:\/\/i0.wp.com\/www.jojoenherbe.com\/wp-content\/uploads\/2023\/12\/Le-Noel-de-Rita-et-Machin-scaled.jpg?fit=1200%2C833&resize=350%2C200","width":350,"height":200,"srcset":"https:\/\/i0.wp.com\/www.jojoenherbe.com\/wp-content\/uploads\/2023\/12\/Le-Noel-de-Rita-et-Machin-scaled.jpg?fit=1200%2C833&resize=350%2C200 1x, https:\/\/i0.wp.com\/www.jojoenherbe.com\/wp-content\/uploads\/2023\/12\/Le-Noel-de-Rita-et-Machin-scaled.jpg?fit=1200%2C833&resize=525%2C300 1.5x, https:\/\/i0.wp.com\/www.jojoenherbe.com\/wp-content\/uploads\/2023\/12\/Le-Noel-de-Rita-et-Machin-scaled.jpg?fit=1200%2C833&resize=700%2C400 2x, https:\/\/i0.wp.com\/www.jojoenherbe.com\/wp-content\/uploads\/2023\/12\/Le-Noel-de-Rita-et-Machin-scaled.jpg?fit=1200%2C833&resize=1050%2C600 3x"},"classes":[]}],"_links":{"self":[{"href":"http:\/\/www.jojoenherbe.com\/index.php\/wp-json\/wp\/v2\/posts\/9166","targetHints":{"allow":["GET"]}}],"collection":[{"href":"http:\/\/www.jojoenherbe.com\/index.php\/wp-json\/wp\/v2\/posts"}],"about":[{"href":"http:\/\/www.jojoenherbe.com\/index.php\/wp-json\/wp\/v2\/types\/post"}],"author":[{"embeddable":true,"href":"http:\/\/www.jojoenherbe.com\/index.php\/wp-json\/wp\/v2\/users\/1"}],"replies":[{"embeddable":true,"href":"http:\/\/www.jojoenherbe.com\/index.php\/wp-json\/wp\/v2\/comments?post=9166"}],"version-history":[{"count":0,"href":"http:\/\/www.jojoenherbe.com\/index.php\/wp-json\/wp\/v2\/posts\/9166\/revisions"}],"wp:featuredmedia":[{"embeddable":true,"href":"http:\/\/www.jojoenherbe.com\/index.php\/wp-json\/wp\/v2\/media\/14413"}],"wp:attachment":[{"href":"http:\/\/www.jojoenherbe.com\/index.php\/wp-json\/wp\/v2\/media?parent=9166"}],"wp:term":[{"taxonomy":"category","embeddable":true,"href":"http:\/\/www.jojoenherbe.com\/index.php\/wp-json\/wp\/v2\/categories?post=9166"},{"taxonomy":"post_tag","embeddable":true,"href":"http:\/\/www.jojoenherbe.com\/index.php\/wp-json\/wp\/v2\/tags?post=9166"}],"curies":[{"name":"wp","href":"https:\/\/api.w.org\/{rel}","templated":true}]}}