{"id":9157,"date":"2020-01-07T12:05:38","date_gmt":"2020-01-07T11:05:38","guid":{"rendered":"http:\/\/www.jojoenherbe.com\/?p=9157"},"modified":"2021-11-10T17:30:17","modified_gmt":"2021-11-10T16:30:17","slug":"au-fil-des-pages-avec-petit-herisson-a-noel","status":"publish","type":"post","link":"http:\/\/www.jojoenherbe.com\/index.php\/2020\/01\/07\/au-fil-des-pages-avec-petit-herisson-a-noel\/","title":{"rendered":"Au fil des pages avec Petit H\u00e9risson \u00e0 No\u00ebl"},"content":{"rendered":"<p style=\"text-align: justify;\"><em><a href=\"https:\/\/i0.wp.com\/www.jojoenherbe.com\/wp-content\/uploads\/2020\/01\/Le-No%C3%ABl-du-H%C3%A9risson.jpg\"><img data-recalc-dims=\"1\" loading=\"lazy\" decoding=\"async\" data-attachment-id=\"9460\" data-permalink=\"http:\/\/www.jojoenherbe.com\/index.php\/2020\/01\/07\/au-fil-des-pages-avec-petit-herisson-a-noel\/le-noel-du-herisson\/\" data-orig-file=\"https:\/\/i0.wp.com\/www.jojoenherbe.com\/wp-content\/uploads\/2020\/01\/Le-No%C3%ABl-du-H%C3%A9risson.jpg?fit=2541%2C2120\" data-orig-size=\"2541,2120\" data-comments-opened=\"1\" data-image-meta=\"{&quot;aperture&quot;:&quot;2.4&quot;,&quot;credit&quot;:&quot;&quot;,&quot;camera&quot;:&quot;iPhone 4S&quot;,&quot;caption&quot;:&quot;&quot;,&quot;created_timestamp&quot;:&quot;1578391981&quot;,&quot;copyright&quot;:&quot;&quot;,&quot;focal_length&quot;:&quot;4.28&quot;,&quot;iso&quot;:&quot;640&quot;,&quot;shutter_speed&quot;:&quot;0.066666666666667&quot;,&quot;title&quot;:&quot;&quot;,&quot;orientation&quot;:&quot;1&quot;}\" data-image-title=\"Le No\u00ebl du H\u00e9risson\" data-image-description=\"\" data-image-caption=\"\" data-large-file=\"https:\/\/i0.wp.com\/www.jojoenherbe.com\/wp-content\/uploads\/2020\/01\/Le-No%C3%ABl-du-H%C3%A9risson.jpg?fit=676%2C564\" class=\"alignleft size-thumbnail wp-image-9460\" src=\"https:\/\/i0.wp.com\/www.jojoenherbe.com\/wp-content\/uploads\/2020\/01\/Le-No%C3%ABl-du-H%C3%A9risson.jpg?resize=150%2C150\" alt=\"\" width=\"150\" height=\"150\" srcset=\"https:\/\/i0.wp.com\/www.jojoenherbe.com\/wp-content\/uploads\/2020\/01\/Le-No%C3%ABl-du-H%C3%A9risson.jpg?resize=150%2C150 150w, https:\/\/i0.wp.com\/www.jojoenherbe.com\/wp-content\/uploads\/2020\/01\/Le-No%C3%ABl-du-H%C3%A9risson.jpg?zoom=2&amp;resize=150%2C150 300w, https:\/\/i0.wp.com\/www.jojoenherbe.com\/wp-content\/uploads\/2020\/01\/Le-No%C3%ABl-du-H%C3%A9risson.jpg?zoom=3&amp;resize=150%2C150 450w\" sizes=\"auto, (max-width: 150px) 100vw, 150px\" \/><\/a> <a href=\"https:\/\/i0.wp.com\/www.jojoenherbe.com\/wp-content\/uploads\/2020\/01\/Le-No%C3%ABl-du-H%C3%A9risson-2.jpg\"><img data-recalc-dims=\"1\" loading=\"lazy\" decoding=\"async\" data-attachment-id=\"9459\" data-permalink=\"http:\/\/www.jojoenherbe.com\/index.php\/2020\/01\/07\/au-fil-des-pages-avec-petit-herisson-a-noel\/le-noel-du-herisson-2\/\" data-orig-file=\"https:\/\/i0.wp.com\/www.jojoenherbe.com\/wp-content\/uploads\/2020\/01\/Le-No%C3%ABl-du-H%C3%A9risson-2.jpg?fit=2551%2C2040\" data-orig-size=\"2551,2040\" data-comments-opened=\"1\" data-image-meta=\"{&quot;aperture&quot;:&quot;2.4&quot;,&quot;credit&quot;:&quot;&quot;,&quot;camera&quot;:&quot;iPhone 4S&quot;,&quot;caption&quot;:&quot;&quot;,&quot;created_timestamp&quot;:&quot;1578392007&quot;,&quot;copyright&quot;:&quot;&quot;,&quot;focal_length&quot;:&quot;4.28&quot;,&quot;iso&quot;:&quot;500&quot;,&quot;shutter_speed&quot;:&quot;0.066666666666667&quot;,&quot;title&quot;:&quot;&quot;,&quot;orientation&quot;:&quot;1&quot;}\" data-image-title=\"Le No\u00ebl du H\u00e9risson 2\" data-image-description=\"\" data-image-caption=\"\" data-large-file=\"https:\/\/i0.wp.com\/www.jojoenherbe.com\/wp-content\/uploads\/2020\/01\/Le-No%C3%ABl-du-H%C3%A9risson-2.jpg?fit=676%2C541\" class=\"alignleft size-thumbnail wp-image-9459\" src=\"https:\/\/i0.wp.com\/www.jojoenherbe.com\/wp-content\/uploads\/2020\/01\/Le-No%C3%ABl-du-H%C3%A9risson-2.jpg?resize=150%2C150\" alt=\"\" width=\"150\" height=\"150\" srcset=\"https:\/\/i0.wp.com\/www.jojoenherbe.com\/wp-content\/uploads\/2020\/01\/Le-No%C3%ABl-du-H%C3%A9risson-2.jpg?resize=150%2C150 150w, https:\/\/i0.wp.com\/www.jojoenherbe.com\/wp-content\/uploads\/2020\/01\/Le-No%C3%ABl-du-H%C3%A9risson-2.jpg?zoom=2&amp;resize=150%2C150 300w, https:\/\/i0.wp.com\/www.jojoenherbe.com\/wp-content\/uploads\/2020\/01\/Le-No%C3%ABl-du-H%C3%A9risson-2.jpg?zoom=3&amp;resize=150%2C150 450w\" sizes=\"auto, (max-width: 150px) 100vw, 150px\" \/><\/a>Pendant les f\u00eates de No\u00ebl, nous lisons deux nouvelles histoires de Petit H\u00e9risson, personnage attachant que nous avions d\u00e9couvert avec <a href=\"http:\/\/www.jojoenherbe.com\/index.php\/2019\/04\/20\/au-fil-des-pages-sur-le-theme-de-paques\/\"><span style=\"text-decoration: underline;\">Joyeuses P\u00e2ques, Petit H\u00e9risson!<\/span><\/a>. Nous commen\u00e7ons par <span style=\"text-decoration: underline;\">Le No\u00ebl du H\u00e9risson<\/span> de M. Cristina Butler et Tina Macnaughton (\u00e9d. Milan, 2013), un album jeunesse \u00e0 partir de 3 ans. En pleine hibernation, Petit H\u00e9risson est r\u00e9veill\u00e9 par le bruit d&rsquo;un cadeau du P\u00e8re No\u00ebl tombant dans la neige. Il s&rsquo;agit d&rsquo;un bonnet rouge qu&rsquo;il ne peut mettre. Il d\u00e9cide alors de l&rsquo;offrir \u00e0 son ami, Lapin Coquin qui a son tour ne peut le mettre non plus. S&rsquo;ensuit alors un autre don de ce bonnet. A qui finira-t-il pas \u00eatre offert? Les illustrations sont toute mignonnes et tendres comme le texte empreint de g\u00e9n\u00e9rosit\u00e9, d&rsquo;entraide et d&rsquo;amiti\u00e9. Nous savons d\u00e9sormais d&rsquo;o\u00f9 vient le bonnet rouge de Petit H\u00e9risson qu&rsquo;il ne quitte jamais. <br \/><\/em><\/p>\n<p style=\"text-align: justify;\"><a href=\"https:\/\/i0.wp.com\/www.jojoenherbe.com\/wp-content\/uploads\/2020\/01\/Joyeux-No%C3%ABl-Petit-H%C3%A9risson-2-scaled.jpg\"><img data-recalc-dims=\"1\" loading=\"lazy\" decoding=\"async\" data-attachment-id=\"9457\" data-permalink=\"http:\/\/www.jojoenherbe.com\/index.php\/2020\/01\/07\/au-fil-des-pages-avec-petit-herisson-a-noel\/joyeux-noel-petit-herisson-2\/\" data-orig-file=\"https:\/\/i0.wp.com\/www.jojoenherbe.com\/wp-content\/uploads\/2020\/01\/Joyeux-No%C3%ABl-Petit-H%C3%A9risson-2-scaled.jpg?fit=2560%2C2105\" data-orig-size=\"2560,2105\" data-comments-opened=\"1\" data-image-meta=\"{&quot;aperture&quot;:&quot;2.4&quot;,&quot;credit&quot;:&quot;&quot;,&quot;camera&quot;:&quot;iPhone 4S&quot;,&quot;caption&quot;:&quot;&quot;,&quot;created_timestamp&quot;:&quot;1578392092&quot;,&quot;copyright&quot;:&quot;&quot;,&quot;focal_length&quot;:&quot;4.28&quot;,&quot;iso&quot;:&quot;500&quot;,&quot;shutter_speed&quot;:&quot;0.066666666666667&quot;,&quot;title&quot;:&quot;&quot;,&quot;orientation&quot;:&quot;1&quot;}\" data-image-title=\"Joyeux No\u00ebl, Petit H\u00e9risson 2\" data-image-description=\"\" data-image-caption=\"\" data-large-file=\"https:\/\/i0.wp.com\/www.jojoenherbe.com\/wp-content\/uploads\/2020\/01\/Joyeux-No%C3%ABl-Petit-H%C3%A9risson-2-scaled.jpg?fit=676%2C556\" class=\"size-thumbnail wp-image-9457 alignright\" src=\"https:\/\/i0.wp.com\/www.jojoenherbe.com\/wp-content\/uploads\/2020\/01\/Joyeux-No%C3%ABl-Petit-H%C3%A9risson-2.jpg?resize=150%2C150\" alt=\"\" width=\"150\" height=\"150\" srcset=\"https:\/\/i0.wp.com\/www.jojoenherbe.com\/wp-content\/uploads\/2020\/01\/Joyeux-No%C3%ABl-Petit-H%C3%A9risson-2-scaled.jpg?resize=150%2C150 150w, https:\/\/i0.wp.com\/www.jojoenherbe.com\/wp-content\/uploads\/2020\/01\/Joyeux-No%C3%ABl-Petit-H%C3%A9risson-2-scaled.jpg?zoom=2&amp;resize=150%2C150 300w, https:\/\/i0.wp.com\/www.jojoenherbe.com\/wp-content\/uploads\/2020\/01\/Joyeux-No%C3%ABl-Petit-H%C3%A9risson-2-scaled.jpg?zoom=3&amp;resize=150%2C150 450w\" sizes=\"auto, (max-width: 150px) 100vw, 150px\" \/><\/a> <a href=\"https:\/\/i0.wp.com\/www.jojoenherbe.com\/wp-content\/uploads\/2020\/01\/Joyeux-No%C3%ABl-Petit-H%C3%A9risson.jpg\"><img data-recalc-dims=\"1\" loading=\"lazy\" decoding=\"async\" data-attachment-id=\"9458\" data-permalink=\"http:\/\/www.jojoenherbe.com\/index.php\/2020\/01\/07\/au-fil-des-pages-avec-petit-herisson-a-noel\/joyeux-noel-petit-herisson\/\" data-orig-file=\"https:\/\/i0.wp.com\/www.jojoenherbe.com\/wp-content\/uploads\/2020\/01\/Joyeux-No%C3%ABl-Petit-H%C3%A9risson.jpg?fit=2264%2C2014\" data-orig-size=\"2264,2014\" data-comments-opened=\"1\" data-image-meta=\"{&quot;aperture&quot;:&quot;2.4&quot;,&quot;credit&quot;:&quot;&quot;,&quot;camera&quot;:&quot;iPhone 4S&quot;,&quot;caption&quot;:&quot;&quot;,&quot;created_timestamp&quot;:&quot;1578392020&quot;,&quot;copyright&quot;:&quot;&quot;,&quot;focal_length&quot;:&quot;4.28&quot;,&quot;iso&quot;:&quot;800&quot;,&quot;shutter_speed&quot;:&quot;0.066666666666667&quot;,&quot;title&quot;:&quot;&quot;,&quot;orientation&quot;:&quot;1&quot;}\" data-image-title=\"Joyeux No\u00ebl, Petit H\u00e9risson\" data-image-description=\"\" data-image-caption=\"\" data-large-file=\"https:\/\/i0.wp.com\/www.jojoenherbe.com\/wp-content\/uploads\/2020\/01\/Joyeux-No%C3%ABl-Petit-H%C3%A9risson.jpg?fit=676%2C601\" class=\"size-thumbnail wp-image-9458 alignright\" src=\"https:\/\/i0.wp.com\/www.jojoenherbe.com\/wp-content\/uploads\/2020\/01\/Joyeux-No%C3%ABl-Petit-H%C3%A9risson.jpg?resize=150%2C150\" alt=\"\" width=\"150\" height=\"150\" srcset=\"https:\/\/i0.wp.com\/www.jojoenherbe.com\/wp-content\/uploads\/2020\/01\/Joyeux-No%C3%ABl-Petit-H%C3%A9risson.jpg?resize=150%2C150 150w, https:\/\/i0.wp.com\/www.jojoenherbe.com\/wp-content\/uploads\/2020\/01\/Joyeux-No%C3%ABl-Petit-H%C3%A9risson.jpg?zoom=2&amp;resize=150%2C150 300w, https:\/\/i0.wp.com\/www.jojoenherbe.com\/wp-content\/uploads\/2020\/01\/Joyeux-No%C3%ABl-Petit-H%C3%A9risson.jpg?zoom=3&amp;resize=150%2C150 450w\" sizes=\"auto, (max-width: 150px) 100vw, 150px\" \/><\/a><em>Puis nous lisons <span style=\"text-decoration: underline;\">Joyeux No\u00ebl, Petit H\u00e9risson<\/span> de M. Cristina Butler et Tina Macnaughton (\u00e9d. Milan, 2015), un album jeunesse \u00e0 partir de 3 ans et dans lequel il est aussi question d&rsquo;amiti\u00e9, de g\u00e9n\u00e9rosit\u00e9 et de partage dans l&rsquo;esprit de No\u00ebl. Nous retrouvons les diff\u00e9rents pr\u00e9paratifs de No\u00ebl. Mais que peut-il manquer une fois le sapin de No\u00ebl mis en place et le repas du r\u00e9veillon pr\u00e9par\u00e9? Un tr\u00e8s bon moment de lecture avec ces deux contes de No\u00ebl mettant en sc\u00e8ne Petit H\u00e9risson et ses amis, le lapin, le renard, le blaireau et la famille Mulot! <\/em><\/p>\n<div id=\"attachment_4796\" style=\"width: 127px\" class=\"wp-caption alignleft\"><img data-recalc-dims=\"1\" loading=\"lazy\" decoding=\"async\" aria-describedby=\"caption-attachment-4796\" class=\"wp-image-4796\" src=\"https:\/\/i0.wp.com\/www.laplanquealibellules.fr\/wp-content\/uploads\/sites\/3\/2019\/11\/Logo_1_2019-1024x1024.jpg?resize=117%2C117&#038;ssl=1\" sizes=\"auto, (max-width: 1024px) 100vw, 1024px\" srcset=\"https:\/\/www.laplanquealibellules.fr\/wp-content\/uploads\/sites\/3\/2019\/11\/Logo_1_2019-1024x1024.jpg 1024w, https:\/\/www.laplanquealibellules.fr\/wp-content\/uploads\/sites\/3\/2019\/11\/Logo_1_2019-150x150.jpg 150w, https:\/\/www.laplanquealibellules.fr\/wp-content\/uploads\/sites\/3\/2019\/11\/Logo_1_2019-300x300.jpg 300w, https:\/\/www.laplanquealibellules.fr\/wp-content\/uploads\/sites\/3\/2019\/11\/Logo_1_2019-768x768.jpg 768w, https:\/\/www.laplanquealibellules.fr\/wp-content\/uploads\/sites\/3\/2019\/11\/Logo_1_2019.jpg 2000w\" alt=\"\" width=\"117\" height=\"117\" data-id=\"4796\" data-link=\"https:\/\/www.laplanquealibellules.fr\/?attachment_id=4796\" \/><p id=\"caption-attachment-4796\" class=\"wp-caption-text\">Challenge Il \u00e9tait 7 fois No\u00ebl de <a href=\"https:\/\/www.laplanquealibellules.fr\/2019\/11\/il-etait-sept-fois-noel.html\/\">Chicky Poo<\/a> et <a href=\"https:\/\/viedecontedefee.blogspot.com\/2019\/11\/1577-il-etait-sept-fois-noel.html\">Samarian<\/a><\/p><\/div>\n<div style=\"width: 139px\" class=\"wp-caption alignleft\"><img data-recalc-dims=\"1\" loading=\"lazy\" decoding=\"async\" class=\"\" src=\"https:\/\/i0.wp.com\/img.over-blog-kiwi.com\/1\/49\/01\/49\/20191113\/ob_66c4c9_challengechristmastime2019bisbis.jpg?resize=129%2C117&#038;ssl=1\" alt=\"\" width=\"129\" height=\"117\" data-amp-height=\"271\" data-amp-width=\"300\" \/><p class=\"wp-caption-text\">Challenge Christmas Time 2019 de <a href=\"http:\/\/mya.books.over-blog.com\/2019\/11\/challenge-christmas-time-2019.html\">Mya Rosa<\/a> #Livre de No\u00ebl<\/p><\/div>\n<div style=\"width: 127px\" class=\"wp-caption alignleft\"><img data-recalc-dims=\"1\" loading=\"lazy\" decoding=\"async\" class=\"\" src=\"https:\/\/i0.wp.com\/delivrer-des-livres.fr\/wp-content\/uploads\/2019\/05\/logoalbums2019.png?resize=117%2C117\" alt=\"\" width=\"117\" height=\"117\" \/><p class=\"wp-caption-text\">Participation #119 <a href=\"http:\/\/delivrer-des-livres.fr\/challenge-albums-2019\/\">Je lis aussi des albums<\/a><\/p><\/div>\n\n\n<p><\/p>\n","protected":false},"excerpt":{"rendered":"<p>Pendant les f\u00eates de No\u00ebl, nous lisons deux nouvelles histoires de Petit H\u00e9risson, personnage attachant que nous avions d\u00e9couvert avec Joyeuses P\u00e2ques, Petit H\u00e9risson!. Nous commen\u00e7ons par Le No\u00ebl du H\u00e9risson de M. Cristina Butler et Tina Macnaughton (\u00e9d. Milan, 2013), un album jeunesse \u00e0 partir de 3 ans. En pleine hibernation, Petit H\u00e9risson est [&hellip;]<\/p>\n","protected":false},"author":1,"featured_media":9461,"comment_status":"open","ping_status":"open","sticky":false,"template":"","format":"standard","meta":{"jetpack_post_was_ever_published":false,"_jetpack_newsletter_access":"","_jetpack_dont_email_post_to_subs":false,"_jetpack_newsletter_tier_id":0,"_jetpack_memberships_contains_paywalled_content":false,"_jetpack_memberships_contains_paid_content":false,"footnotes":""},"categories":[363],"tags":[785,409,386,458,1065,1381,390,1132,326,365,982,1350,222,367,1056,2865,369,19,451,698,394,989,1012],"class_list":["post-9157","post","type-post","status-publish","format-standard","has-post-thumbnail","hentry","category-mini-lecteur","tag-3-6-ans","tag-albums-jeunesse","tag-amitie","tag-blaireau","tag-cadeau","tag-challenge-christmas-time-2019","tag-entraide","tag-esprit-de-noel","tag-herisson","tag-hiver","tag-il-etait-7-fois-noel","tag-je-lis-aussi-des-albums-2019","tag-lapin","tag-lecture-jeunesse","tag-lectures-de-noel","tag-m-cristina-butler","tag-neige","tag-noel","tag-partage","tag-pere-noel","tag-renard","tag-reveillon","tag-tina-macnaughton","post-preview"],"jetpack_featured_media_url":"https:\/\/i0.wp.com\/www.jojoenherbe.com\/wp-content\/uploads\/2020\/01\/Petit-H%C3%A9risson-No%C3%ABl-scaled.jpg?fit=2560%2C1893","jetpack_sharing_enabled":true,"jetpack_shortlink":"https:\/\/wp.me\/p9zhGx-2nH","jetpack_likes_enabled":true,"jetpack-related-posts":[{"id":13964,"url":"http:\/\/www.jojoenherbe.com\/index.php\/2020\/11\/18\/notre-pal-albums-jeunesse-de-noel-2020\/","url_meta":{"origin":9157,"position":0},"title":"Notre PAL Albums jeunesse de No\u00ebl 2020","author":"Jojo","date":"18 novembre 2020","format":false,"excerpt":"En ce 18 novembre 2020, MyaRosa nous propose dans le cadre du challenge Christmas Time de pr\u00e9senter notre PAL de No\u00ebl. Alors voici la premi\u00e8re partie de notre PAL avec les albums jeunesse de nos biblioth\u00e8ques et ceux que j'ai d\u00e9j\u00e0 pu emprunt\u00e9s \u00e0 la m\u00e9diath\u00e8que le mois dernier, juste\u2026","rel":"","context":"Dans &quot;Mini lecteur&quot;","block_context":{"text":"Mini lecteur","link":"http:\/\/www.jojoenherbe.com\/index.php\/category\/mini-lecteur\/"},"img":{"alt_text":"","src":"https:\/\/i0.wp.com\/www.jojoenherbe.com\/wp-content\/uploads\/2020\/11\/PAL-Noel-2020-scaled.jpg?fit=1200%2C952&resize=350%2C200","width":350,"height":200,"srcset":"https:\/\/i0.wp.com\/www.jojoenherbe.com\/wp-content\/uploads\/2020\/11\/PAL-Noel-2020-scaled.jpg?fit=1200%2C952&resize=350%2C200 1x, https:\/\/i0.wp.com\/www.jojoenherbe.com\/wp-content\/uploads\/2020\/11\/PAL-Noel-2020-scaled.jpg?fit=1200%2C952&resize=525%2C300 1.5x, https:\/\/i0.wp.com\/www.jojoenherbe.com\/wp-content\/uploads\/2020\/11\/PAL-Noel-2020-scaled.jpg?fit=1200%2C952&resize=700%2C400 2x, https:\/\/i0.wp.com\/www.jojoenherbe.com\/wp-content\/uploads\/2020\/11\/PAL-Noel-2020-scaled.jpg?fit=1200%2C952&resize=1050%2C600 3x"},"classes":[]},{"id":9533,"url":"http:\/\/www.jojoenherbe.com\/index.php\/2020\/01\/12\/ptit-recap-du-challenge-christmas-time-2019\/","url_meta":{"origin":9157,"position":1},"title":"P&rsquo;tit r\u00e9cap du Challenge Christmas Time 2019","author":"Jojo","date":"12 janvier 2020","format":false,"excerpt":"En 2019, j'ai pris en cours de route le Challenge Christmas Time organis\u00e9 par Mya Rosa et qui s'est d\u00e9roul\u00e9 du 20 novembre 2019 au 12 janvier 2020 avec un planning facultatif. J'ai surtout pr\u00e9sent\u00e9, dans le cadre de ce challenge, de la litt\u00e9rature jeunesse avec: Des cahiers d'activit\u00e9s: des\u2026","rel":"","context":"Dans &quot;Mini challenger&quot;","block_context":{"text":"Mini challenger","link":"http:\/\/www.jojoenherbe.com\/index.php\/category\/mini-challenger\/"},"img":{"alt_text":"","src":"https:\/\/i0.wp.com\/www.jojoenherbe.com\/wp-content\/uploads\/2020\/01\/Iluminations-Mandelieu-La-Napoule-2-scaled.jpg?fit=1200%2C900&resize=350%2C200","width":350,"height":200,"srcset":"https:\/\/i0.wp.com\/www.jojoenherbe.com\/wp-content\/uploads\/2020\/01\/Iluminations-Mandelieu-La-Napoule-2-scaled.jpg?fit=1200%2C900&resize=350%2C200 1x, https:\/\/i0.wp.com\/www.jojoenherbe.com\/wp-content\/uploads\/2020\/01\/Iluminations-Mandelieu-La-Napoule-2-scaled.jpg?fit=1200%2C900&resize=525%2C300 1.5x, https:\/\/i0.wp.com\/www.jojoenherbe.com\/wp-content\/uploads\/2020\/01\/Iluminations-Mandelieu-La-Napoule-2-scaled.jpg?fit=1200%2C900&resize=700%2C400 2x, https:\/\/i0.wp.com\/www.jojoenherbe.com\/wp-content\/uploads\/2020\/01\/Iluminations-Mandelieu-La-Napoule-2-scaled.jpg?fit=1200%2C900&resize=1050%2C600 3x"},"classes":[]},{"id":5377,"url":"http:\/\/www.jojoenherbe.com\/index.php\/2019\/04\/20\/au-fil-des-pages-sur-le-theme-de-paques\/","url_meta":{"origin":9157,"position":2},"title":"Au fil des pages sur le th\u00e8me de P\u00e2ques","author":"Jojo","date":"20 avril 2019","format":false,"excerpt":"Ce mois-ci, le th\u00e8me du rendez-vous \"Et dans leur biblioth\u00e8que il y a...\" est P\u00e2ques. Nous n'avons pas attendu le 20 avril pour commencer \u00e0 lire ou relire des albums jeunesse sur cette f\u00eate. Voici les n\u00f4tres, sans ordre de pr\u00e9f\u00e9rence et la plupart \u00e0 partir de 3 ans (voire\u2026","rel":"","context":"Dans &quot;Mini lecteur&quot;","block_context":{"text":"Mini lecteur","link":"http:\/\/www.jojoenherbe.com\/index.php\/category\/mini-lecteur\/"},"img":{"alt_text":"","src":"https:\/\/i0.wp.com\/www.jojoenherbe.com\/wp-content\/uploads\/2019\/04\/albums-P%C3%A2ques-1.jpg?fit=1200%2C871&resize=350%2C200","width":350,"height":200,"srcset":"https:\/\/i0.wp.com\/www.jojoenherbe.com\/wp-content\/uploads\/2019\/04\/albums-P%C3%A2ques-1.jpg?fit=1200%2C871&resize=350%2C200 1x, https:\/\/i0.wp.com\/www.jojoenherbe.com\/wp-content\/uploads\/2019\/04\/albums-P%C3%A2ques-1.jpg?fit=1200%2C871&resize=525%2C300 1.5x, https:\/\/i0.wp.com\/www.jojoenherbe.com\/wp-content\/uploads\/2019\/04\/albums-P%C3%A2ques-1.jpg?fit=1200%2C871&resize=700%2C400 2x, https:\/\/i0.wp.com\/www.jojoenherbe.com\/wp-content\/uploads\/2019\/04\/albums-P%C3%A2ques-1.jpg?fit=1200%2C871&resize=1050%2C600 3x"},"classes":[]},{"id":14139,"url":"http:\/\/www.jojoenherbe.com\/index.php\/2020\/11\/30\/notre-pal-albums-jeunesse-de-noel-2020-2\/","url_meta":{"origin":9157,"position":3},"title":"Notre PAL Albums jeunesse de No\u00ebl 2020 #2","author":"Jojo","date":"30 novembre 2020","format":false,"excerpt":"Apr\u00e8s avoir pr\u00e9sent\u00e9 le 18 novembre 2020 la premi\u00e8re partie de notre PAL Albums jeunesse de No\u00ebl pour cette ann\u00e9e, voici une deuxi\u00e8me partie avec des albums jeunesse que j'ai pu emprunter \u00e0 la m\u00e9diath\u00e8que la semaine derni\u00e8re en attendant de d\u00e9couvrir ceux gliss\u00e9s dans le calendrier de l'Avent. Il\u2026","rel":"","context":"Dans &quot;Mini lecteur&quot;","block_context":{"text":"Mini lecteur","link":"http:\/\/www.jojoenherbe.com\/index.php\/category\/mini-lecteur\/"},"img":{"alt_text":"","src":"https:\/\/i0.wp.com\/www.jojoenherbe.com\/wp-content\/uploads\/2020\/11\/PAL-Noel-2020-2-1-scaled.jpg?fit=1200%2C900&resize=350%2C200","width":350,"height":200,"srcset":"https:\/\/i0.wp.com\/www.jojoenherbe.com\/wp-content\/uploads\/2020\/11\/PAL-Noel-2020-2-1-scaled.jpg?fit=1200%2C900&resize=350%2C200 1x, https:\/\/i0.wp.com\/www.jojoenherbe.com\/wp-content\/uploads\/2020\/11\/PAL-Noel-2020-2-1-scaled.jpg?fit=1200%2C900&resize=525%2C300 1.5x, https:\/\/i0.wp.com\/www.jojoenherbe.com\/wp-content\/uploads\/2020\/11\/PAL-Noel-2020-2-1-scaled.jpg?fit=1200%2C900&resize=700%2C400 2x, https:\/\/i0.wp.com\/www.jojoenherbe.com\/wp-content\/uploads\/2020\/11\/PAL-Noel-2020-2-1-scaled.jpg?fit=1200%2C900&resize=1050%2C600 3x"},"classes":[]},{"id":8706,"url":"http:\/\/www.jojoenherbe.com\/index.php\/2019\/12\/02\/pal-de-decembre-2019\/","url_meta":{"origin":9157,"position":4},"title":"PAL de d\u00e9cembre 2019","author":"Jojo","date":"2 d\u00e9cembre 2019","format":false,"excerpt":"En ce 2 d\u00e9cembre 2019, Chicky Poo et Samarian nous proposent dans le cadre du challenge \"Il \u00e9tait 7 fois No\u00ebl\" de publier une photo de notre PAL de d\u00e9cembre. Voici donc notre PAL avec des livres sur l'hiver et sur No\u00ebl. Cette PAL est non-exhautive puisque nous la compl\u00e9terons\u2026","rel":"","context":"Dans &quot;Mini challenger&quot;","block_context":{"text":"Mini challenger","link":"http:\/\/www.jojoenherbe.com\/index.php\/category\/mini-challenger\/"},"img":{"alt_text":"","src":"https:\/\/i0.wp.com\/www.jojoenherbe.com\/wp-content\/uploads\/2019\/12\/PAL-de-No%C3%ABl-2019-scaled.jpg?fit=1200%2C787&resize=350%2C200","width":350,"height":200,"srcset":"https:\/\/i0.wp.com\/www.jojoenherbe.com\/wp-content\/uploads\/2019\/12\/PAL-de-No%C3%ABl-2019-scaled.jpg?fit=1200%2C787&resize=350%2C200 1x, https:\/\/i0.wp.com\/www.jojoenherbe.com\/wp-content\/uploads\/2019\/12\/PAL-de-No%C3%ABl-2019-scaled.jpg?fit=1200%2C787&resize=525%2C300 1.5x, https:\/\/i0.wp.com\/www.jojoenherbe.com\/wp-content\/uploads\/2019\/12\/PAL-de-No%C3%ABl-2019-scaled.jpg?fit=1200%2C787&resize=700%2C400 2x, https:\/\/i0.wp.com\/www.jojoenherbe.com\/wp-content\/uploads\/2019\/12\/PAL-de-No%C3%ABl-2019-scaled.jpg?fit=1200%2C787&resize=1050%2C600 3x"},"classes":[]},{"id":8840,"url":"http:\/\/www.jojoenherbe.com\/index.php\/2019\/12\/11\/au-fil-des-pages-avec-debout-cest-noel\/","url_meta":{"origin":9157,"position":5},"title":"Au fil des pages avec Debout, c&rsquo;est No\u00ebl","author":"Jojo","date":"11 d\u00e9cembre 2019","format":false,"excerpt":"Nous empruntons \u00e0 la biblioth\u00e8que Debout, c'est No\u00ebl de Catherine Metzmeyer et Anja Klauss (\u00e9d. L'\u00e9lan vert, 2018), un album jeunesse \u00e0 partir de 3 ans. Il est bien compliqu\u00e9 pour la famille H\u00e9risson de f\u00eater No\u00ebl en pleine p\u00e9riode d'hibernation. Le jour du r\u00e9veillon, seuls les petits h\u00e9rissons se\u2026","rel":"","context":"Dans &quot;Mini lecteur&quot;","block_context":{"text":"Mini lecteur","link":"http:\/\/www.jojoenherbe.com\/index.php\/category\/mini-lecteur\/"},"img":{"alt_text":"","src":"https:\/\/i0.wp.com\/www.jojoenherbe.com\/wp-content\/uploads\/2019\/12\/Debout-cest-No%C3%ABl-scaled.jpg?fit=1200%2C1043&resize=350%2C200","width":350,"height":200,"srcset":"https:\/\/i0.wp.com\/www.jojoenherbe.com\/wp-content\/uploads\/2019\/12\/Debout-cest-No%C3%ABl-scaled.jpg?fit=1200%2C1043&resize=350%2C200 1x, https:\/\/i0.wp.com\/www.jojoenherbe.com\/wp-content\/uploads\/2019\/12\/Debout-cest-No%C3%ABl-scaled.jpg?fit=1200%2C1043&resize=525%2C300 1.5x, https:\/\/i0.wp.com\/www.jojoenherbe.com\/wp-content\/uploads\/2019\/12\/Debout-cest-No%C3%ABl-scaled.jpg?fit=1200%2C1043&resize=700%2C400 2x, https:\/\/i0.wp.com\/www.jojoenherbe.com\/wp-content\/uploads\/2019\/12\/Debout-cest-No%C3%ABl-scaled.jpg?fit=1200%2C1043&resize=1050%2C600 3x"},"classes":[]}],"_links":{"self":[{"href":"http:\/\/www.jojoenherbe.com\/index.php\/wp-json\/wp\/v2\/posts\/9157","targetHints":{"allow":["GET"]}}],"collection":[{"href":"http:\/\/www.jojoenherbe.com\/index.php\/wp-json\/wp\/v2\/posts"}],"about":[{"href":"http:\/\/www.jojoenherbe.com\/index.php\/wp-json\/wp\/v2\/types\/post"}],"author":[{"embeddable":true,"href":"http:\/\/www.jojoenherbe.com\/index.php\/wp-json\/wp\/v2\/users\/1"}],"replies":[{"embeddable":true,"href":"http:\/\/www.jojoenherbe.com\/index.php\/wp-json\/wp\/v2\/comments?post=9157"}],"version-history":[{"count":0,"href":"http:\/\/www.jojoenherbe.com\/index.php\/wp-json\/wp\/v2\/posts\/9157\/revisions"}],"wp:featuredmedia":[{"embeddable":true,"href":"http:\/\/www.jojoenherbe.com\/index.php\/wp-json\/wp\/v2\/media\/9461"}],"wp:attachment":[{"href":"http:\/\/www.jojoenherbe.com\/index.php\/wp-json\/wp\/v2\/media?parent=9157"}],"wp:term":[{"taxonomy":"category","embeddable":true,"href":"http:\/\/www.jojoenherbe.com\/index.php\/wp-json\/wp\/v2\/categories?post=9157"},{"taxonomy":"post_tag","embeddable":true,"href":"http:\/\/www.jojoenherbe.com\/index.php\/wp-json\/wp\/v2\/tags?post=9157"}],"curies":[{"name":"wp","href":"https:\/\/api.w.org\/{rel}","templated":true}]}}