{"id":9088,"date":"2019-12-22T14:00:10","date_gmt":"2019-12-22T13:00:10","guid":{"rendered":"http:\/\/www.jojoenherbe.com\/?p=9088"},"modified":"2023-02-15T13:59:01","modified_gmt":"2023-02-15T12:59:01","slug":"au-fil-des-pages-avec-un-vrai-noel","status":"publish","type":"post","link":"http:\/\/www.jojoenherbe.com\/index.php\/2019\/12\/22\/au-fil-des-pages-avec-un-vrai-noel\/","title":{"rendered":"Au fil des pages avec Un vrai No\u00ebl"},"content":{"rendered":"<p style=\"text-align: justify;\"><em><a href=\"https:\/\/i0.wp.com\/www.jojoenherbe.com\/wp-content\/uploads\/2019\/12\/Un-vrai-No%C3%ABl-2-scaled.jpg\"><img data-recalc-dims=\"1\" loading=\"lazy\" decoding=\"async\" data-attachment-id=\"9094\" data-permalink=\"http:\/\/www.jojoenherbe.com\/index.php\/2019\/12\/22\/au-fil-des-pages-avec-un-vrai-noel\/un-vrai-noel-2\/\" data-orig-file=\"https:\/\/i0.wp.com\/www.jojoenherbe.com\/wp-content\/uploads\/2019\/12\/Un-vrai-No%C3%ABl-2-scaled.jpg?fit=2560%2C1867\" data-orig-size=\"2560,1867\" data-comments-opened=\"1\" data-image-meta=\"{&quot;aperture&quot;:&quot;2.4&quot;,&quot;credit&quot;:&quot;&quot;,&quot;camera&quot;:&quot;iPhone 4S&quot;,&quot;caption&quot;:&quot;&quot;,&quot;created_timestamp&quot;:&quot;1577022727&quot;,&quot;copyright&quot;:&quot;&quot;,&quot;focal_length&quot;:&quot;4.28&quot;,&quot;iso&quot;:&quot;64&quot;,&quot;shutter_speed&quot;:&quot;0.05&quot;,&quot;title&quot;:&quot;&quot;,&quot;orientation&quot;:&quot;1&quot;}\" data-image-title=\"Un vrai No\u00ebl 2\" data-image-description=\"\" data-image-caption=\"\" data-large-file=\"https:\/\/i0.wp.com\/www.jojoenherbe.com\/wp-content\/uploads\/2019\/12\/Un-vrai-No%C3%ABl-2-scaled.jpg?fit=676%2C493\" class=\"alignleft size-thumbnail wp-image-9094\" src=\"https:\/\/i0.wp.com\/www.jojoenherbe.com\/wp-content\/uploads\/2019\/12\/Un-vrai-No%C3%ABl-2.jpg?resize=150%2C150\" alt=\"\" width=\"150\" height=\"150\" srcset=\"https:\/\/i0.wp.com\/www.jojoenherbe.com\/wp-content\/uploads\/2019\/12\/Un-vrai-No%C3%ABl-2-scaled.jpg?resize=150%2C150 150w, https:\/\/i0.wp.com\/www.jojoenherbe.com\/wp-content\/uploads\/2019\/12\/Un-vrai-No%C3%ABl-2-scaled.jpg?zoom=2&amp;resize=150%2C150 300w, https:\/\/i0.wp.com\/www.jojoenherbe.com\/wp-content\/uploads\/2019\/12\/Un-vrai-No%C3%ABl-2-scaled.jpg?zoom=3&amp;resize=150%2C150 450w\" sizes=\"auto, (max-width: 150px) 100vw, 150px\" \/><\/a> <a href=\"https:\/\/i0.wp.com\/www.jojoenherbe.com\/wp-content\/uploads\/2019\/12\/Un-vrai-No%C3%ABl-3-scaled.jpg\"><img data-recalc-dims=\"1\" loading=\"lazy\" decoding=\"async\" data-attachment-id=\"9095\" data-permalink=\"http:\/\/www.jojoenherbe.com\/index.php\/2019\/12\/22\/au-fil-des-pages-avec-un-vrai-noel\/un-vrai-noel-3\/\" data-orig-file=\"https:\/\/i0.wp.com\/www.jojoenherbe.com\/wp-content\/uploads\/2019\/12\/Un-vrai-No%C3%ABl-3-scaled.jpg?fit=2560%2C1679\" data-orig-size=\"2560,1679\" data-comments-opened=\"1\" data-image-meta=\"{&quot;aperture&quot;:&quot;2.4&quot;,&quot;credit&quot;:&quot;&quot;,&quot;camera&quot;:&quot;iPhone 4S&quot;,&quot;caption&quot;:&quot;&quot;,&quot;created_timestamp&quot;:&quot;1577013724&quot;,&quot;copyright&quot;:&quot;&quot;,&quot;focal_length&quot;:&quot;4.28&quot;,&quot;iso&quot;:&quot;800&quot;,&quot;shutter_speed&quot;:&quot;0.066666666666667&quot;,&quot;title&quot;:&quot;&quot;,&quot;orientation&quot;:&quot;1&quot;}\" data-image-title=\"Un vrai No\u00ebl 3\" data-image-description=\"\" data-image-caption=\"\" data-large-file=\"https:\/\/i0.wp.com\/www.jojoenherbe.com\/wp-content\/uploads\/2019\/12\/Un-vrai-No%C3%ABl-3-scaled.jpg?fit=676%2C444\" class=\"alignleft size-thumbnail wp-image-9095\" src=\"https:\/\/i0.wp.com\/www.jojoenherbe.com\/wp-content\/uploads\/2019\/12\/Un-vrai-No%C3%ABl-3.jpg?resize=150%2C150\" alt=\"\" width=\"150\" height=\"150\" srcset=\"https:\/\/i0.wp.com\/www.jojoenherbe.com\/wp-content\/uploads\/2019\/12\/Un-vrai-No%C3%ABl-3-scaled.jpg?resize=150%2C150 150w, https:\/\/i0.wp.com\/www.jojoenherbe.com\/wp-content\/uploads\/2019\/12\/Un-vrai-No%C3%ABl-3-scaled.jpg?zoom=2&amp;resize=150%2C150 300w, https:\/\/i0.wp.com\/www.jojoenherbe.com\/wp-content\/uploads\/2019\/12\/Un-vrai-No%C3%ABl-3-scaled.jpg?zoom=3&amp;resize=150%2C150 450w\" sizes=\"auto, (max-width: 150px) 100vw, 150px\" \/><\/a>\u00c0 quelques jours de No\u00ebl, nous continuons de lire avec beaucoup de plaisir des albums jeunesse sur No\u00ebl. Cette fois-ci, nous relisons <span style=\"text-decoration: underline;\">Un vrai No\u00ebl<\/span> de Catherine Metzmeyer et Herv\u00e9 Le Goff (\u00e9d. L&rsquo;\u00e9lan vert, 2016), un album jeunesse \u00e0 partir de 3 ans que nous avions d\u00e9j\u00e0 lu lors du premier RAT du Challenge \u00ab\u00a0Il \u00e9tait 7 fois No\u00ebl\u00a0\u00bb. En ce 22 d\u00e9cembre 2019, c&rsquo;est aussi mon choix de pr\u00e9sentation d&rsquo;un album jeunesse dans le cadre du Challenge Christmas Time. <\/em><\/p>\n<p style=\"text-align: justify;\"><em>La veille de No\u00ebl, un ours g\u00e9ant se blesse alors qu&rsquo;il partait chercher un sapin de No\u00ebl dans la for\u00eat. Les autres animaux de la for\u00eat accourent pour l&rsquo;aider mais en vain. Ils n&rsquo;arrivent m\u00eame pas \u00e0 le d\u00e9placer au risque de le voir finir mort de froid. Qu&rsquo;\u00e0 cela ne tienne! S&rsquo;ils ne peuvent le ramener chez lui pour r\u00e9veillonner, le r\u00e9veillon viendra \u00e0 eux! Arriveront-ils \u00e0 construire un abri \u00e0 temps? <\/em><\/p>\n<p style=\"text-align: justify;\"><em>Cet album jeunesse aux jolies illustrations d&rsquo;Herv\u00e9 le Goff aborde, sous le signe de la solidarit\u00e9, de l&rsquo;entraide et de l&rsquo;amiti\u00e9, l&rsquo;esprit de No\u00ebl, sans mentionner le P\u00e8re No\u00ebl. Un tr\u00e8s bon moment de lecture avec des animaux tout mignons et tr\u00e8s expressifs!<br \/>\n<\/em><\/p>\n<div id=\"attachment_4796\" style=\"width: 132px\" class=\"wp-caption alignleft\"><img data-recalc-dims=\"1\" loading=\"lazy\" decoding=\"async\" aria-describedby=\"caption-attachment-4796\" class=\"wp-image-4796\" src=\"https:\/\/i0.wp.com\/www.laplanquealibellules.fr\/wp-content\/uploads\/sites\/3\/2019\/11\/Logo_1_2019-1024x1024.jpg?resize=122%2C122&#038;ssl=1\" sizes=\"auto, (max-width: 1024px) 100vw, 1024px\" srcset=\"https:\/\/www.laplanquealibellules.fr\/wp-content\/uploads\/sites\/3\/2019\/11\/Logo_1_2019-1024x1024.jpg 1024w, https:\/\/www.laplanquealibellules.fr\/wp-content\/uploads\/sites\/3\/2019\/11\/Logo_1_2019-150x150.jpg 150w, https:\/\/www.laplanquealibellules.fr\/wp-content\/uploads\/sites\/3\/2019\/11\/Logo_1_2019-300x300.jpg 300w, https:\/\/www.laplanquealibellules.fr\/wp-content\/uploads\/sites\/3\/2019\/11\/Logo_1_2019-768x768.jpg 768w, https:\/\/www.laplanquealibellules.fr\/wp-content\/uploads\/sites\/3\/2019\/11\/Logo_1_2019.jpg 2000w\" alt=\"\" data-id=\"4796\" data-link=\"https:\/\/www.laplanquealibellules.fr\/?attachment_id=4796\" width=\"122\" height=\"122\"><p id=\"caption-attachment-4796\" class=\"wp-caption-text\">Challenge Il \u00e9tait 7 fois No\u00ebl de <a href=\"https:\/\/www.laplanquealibellules.fr\/2019\/11\/il-etait-sept-fois-noel.html\/\">Chicky Poo<\/a> et <a href=\"https:\/\/viedecontedefee.blogspot.com\/2019\/11\/1577-il-etait-sept-fois-noel.html\">Samarian<\/a> #RAT<\/p><\/div>\n<div style=\"width: 143px\" class=\"wp-caption alignleft\"><img data-recalc-dims=\"1\" loading=\"lazy\" decoding=\"async\" class=\"\" src=\"https:\/\/i0.wp.com\/img.over-blog-kiwi.com\/1\/49\/01\/49\/20191113\/ob_66c4c9_challengechristmastime2019bisbis.jpg?resize=133%2C120&#038;ssl=1\" alt=\"\" data-amp-height=\"271\" data-amp-width=\"300\" width=\"133\" height=\"120\"><p class=\"wp-caption-text\">Challenge Christmas Time 2019 de <a href=\"http:\/\/mya.books.over-blog.com\/2019\/11\/challenge-christmas-time-2019.html\">Mya Rosa<\/a> #Album\/Livre pour enfants de No\u00ebl<\/p><\/div>\n<div style=\"width: 133px\" class=\"wp-caption alignleft\"><img data-recalc-dims=\"1\" loading=\"lazy\" decoding=\"async\" class=\"\" src=\"https:\/\/i0.wp.com\/delivrer-des-livres.fr\/wp-content\/uploads\/2019\/05\/logoalbums2019.png?resize=123%2C123\" alt=\"\" width=\"123\" height=\"123\"><p class=\"wp-caption-text\">Participation #111 <a href=\"http:\/\/delivrer-des-livres.fr\/challenge-albums-2019\/\">Je lis aussi des albums<\/a><\/p><\/div>\n<div id=\"attachment_33643\" style=\"width: 132px\" class=\"wp-caption alignleft\"><img data-recalc-dims=\"1\" loading=\"lazy\" decoding=\"async\" aria-describedby=\"caption-attachment-33643\" class=\"wp-image-33643\" src=\"https:\/\/i0.wp.com\/delivrer-des-livres.fr\/wp-content\/uploads\/2019\/01\/petit-bac-2019.jpg?resize=122%2C93\" sizes=\"auto, (max-width: 200px) 100vw, 200px\" srcset=\"http:\/\/delivrer-des-livres.fr\/wp-content\/uploads\/2019\/01\/petit-bac-2019.jpg 285w, http:\/\/delivrer-des-livres.fr\/wp-content\/uploads\/2019\/01\/petit-bac-2019-150x114.jpg 150w\" alt=\"\" width=\"122\" height=\"93\"><p id=\"caption-attachment-33643\" class=\"wp-caption-text\"><a href=\"https:\/\/ennalit.wordpress.com\/2018\/12\/01\/challenge-petit-bac-2019-qui-veut-jouer\/\">Challenge Petit Bac d&rsquo;Enna<\/a> &#8211; #16 cat\u00e9gorie Adjectif: \u00ab\u00a0Vrai\u00a0\u00bb<\/p><\/div>\n","protected":false},"excerpt":{"rendered":"<p>\u00c0 quelques jours de No\u00ebl, nous continuons de lire avec beaucoup de plaisir des albums jeunesse sur No\u00ebl. Cette fois-ci, nous relisons Un vrai No\u00ebl de Catherine Metzmeyer et Herv\u00e9 Le Goff (\u00e9d. L&rsquo;\u00e9lan vert, 2016), un album jeunesse \u00e0 partir de 3 ans que nous avions d\u00e9j\u00e0 lu lors du premier RAT du Challenge [&hellip;]<\/p>\n","protected":false},"author":1,"featured_media":9096,"comment_status":"open","ping_status":"open","sticky":false,"template":"","format":"standard","meta":{"jetpack_post_was_ever_published":false,"_jetpack_newsletter_access":"","_jetpack_dont_email_post_to_subs":false,"_jetpack_newsletter_tier_id":0,"_jetpack_memberships_contains_paywalled_content":false,"_jetpack_memberships_contains_paid_content":false,"footnotes":""},"categories":[363],"tags":[785,998,409,386,808,1092,1093,1381,1349,390,1094,982,1350,1056,369,19,366,989,388],"class_list":["post-9088","post","type-post","status-publish","format-standard","has-post-thumbnail","hentry","category-mini-lecteur","tag-3-6-ans","tag-abri","tag-albums-jeunesse","tag-amitie","tag-animaux-de-la-foret","tag-blessure","tag-catherine-metzmeyer","tag-challenge-christmas-time-2019","tag-challenge-petit-bac-2019","tag-entraide","tag-herve-le-goff","tag-il-etait-7-fois-noel","tag-je-lis-aussi-des-albums-2019","tag-lectures-de-noel","tag-neige","tag-noel","tag-ours","tag-reveillon","tag-solidarite","post-preview"],"jetpack_featured_media_url":"https:\/\/i0.wp.com\/www.jojoenherbe.com\/wp-content\/uploads\/2019\/12\/Un-vrai-No%C3%ABl.jpg?fit=2420%2C2250","jetpack_sharing_enabled":true,"jetpack_shortlink":"https:\/\/wp.me\/p9zhGx-2mA","jetpack_likes_enabled":true,"jetpack-related-posts":[{"id":8840,"url":"http:\/\/www.jojoenherbe.com\/index.php\/2019\/12\/11\/au-fil-des-pages-avec-debout-cest-noel\/","url_meta":{"origin":9088,"position":0},"title":"Au fil des pages avec Debout, c&rsquo;est No\u00ebl","author":"Jojo","date":"11 d\u00e9cembre 2019","format":false,"excerpt":"Nous empruntons \u00e0 la biblioth\u00e8que Debout, c'est No\u00ebl de Catherine Metzmeyer et Anja Klauss (\u00e9d. L'\u00e9lan vert, 2018), un album jeunesse \u00e0 partir de 3 ans. Il est bien compliqu\u00e9 pour la famille H\u00e9risson de f\u00eater No\u00ebl en pleine p\u00e9riode d'hibernation. Le jour du r\u00e9veillon, seuls les petits h\u00e9rissons se\u2026","rel":"","context":"Dans &quot;Mini lecteur&quot;","block_context":{"text":"Mini lecteur","link":"http:\/\/www.jojoenherbe.com\/index.php\/category\/mini-lecteur\/"},"img":{"alt_text":"","src":"https:\/\/i0.wp.com\/www.jojoenherbe.com\/wp-content\/uploads\/2019\/12\/Debout-cest-No%C3%ABl-scaled.jpg?fit=1200%2C1043&resize=350%2C200","width":350,"height":200,"srcset":"https:\/\/i0.wp.com\/www.jojoenherbe.com\/wp-content\/uploads\/2019\/12\/Debout-cest-No%C3%ABl-scaled.jpg?fit=1200%2C1043&resize=350%2C200 1x, https:\/\/i0.wp.com\/www.jojoenherbe.com\/wp-content\/uploads\/2019\/12\/Debout-cest-No%C3%ABl-scaled.jpg?fit=1200%2C1043&resize=525%2C300 1.5x, https:\/\/i0.wp.com\/www.jojoenherbe.com\/wp-content\/uploads\/2019\/12\/Debout-cest-No%C3%ABl-scaled.jpg?fit=1200%2C1043&resize=700%2C400 2x, https:\/\/i0.wp.com\/www.jojoenherbe.com\/wp-content\/uploads\/2019\/12\/Debout-cest-No%C3%ABl-scaled.jpg?fit=1200%2C1043&resize=1050%2C600 3x"},"classes":[]},{"id":8880,"url":"http:\/\/www.jojoenherbe.com\/index.php\/2019\/12\/13\/un-premier-rat-de-noel-2019\/","url_meta":{"origin":9088,"position":1},"title":"Un premier RAT de No\u00ebl 2019","author":"Jojo","date":"13 d\u00e9cembre 2019","format":false,"excerpt":"C'est avec beaucoup d'impatience que j'attendais de d\u00e9buter ce premier RAT de No\u00ebl organis\u00e9 par Chicky Poo et Samarian du 13 d\u00e9cembre 21h au 15 d\u00e9cembre 2019 minuit, dans le cadre du Challenge \"Il \u00e9tait 7 fois No\u00ebl\". J'avais mis de c\u00f4t\u00e9 de nombreux albums jeunesse et romans. Certains ont\u2026","rel":"","context":"Dans &quot;Mini challenger&quot;","block_context":{"text":"Mini challenger","link":"http:\/\/www.jojoenherbe.com\/index.php\/category\/mini-challenger\/"},"img":{"alt_text":"","src":"https:\/\/i0.wp.com\/www.jojoenherbe.com\/wp-content\/uploads\/2019\/12\/1er-RAT-de-No%C3%ABl.jpg?fit=1167%2C1200&resize=350%2C200","width":350,"height":200,"srcset":"https:\/\/i0.wp.com\/www.jojoenherbe.com\/wp-content\/uploads\/2019\/12\/1er-RAT-de-No%C3%ABl.jpg?fit=1167%2C1200&resize=350%2C200 1x, https:\/\/i0.wp.com\/www.jojoenherbe.com\/wp-content\/uploads\/2019\/12\/1er-RAT-de-No%C3%ABl.jpg?fit=1167%2C1200&resize=525%2C300 1.5x, https:\/\/i0.wp.com\/www.jojoenherbe.com\/wp-content\/uploads\/2019\/12\/1er-RAT-de-No%C3%ABl.jpg?fit=1167%2C1200&resize=700%2C400 2x, https:\/\/i0.wp.com\/www.jojoenherbe.com\/wp-content\/uploads\/2019\/12\/1er-RAT-de-No%C3%ABl.jpg?fit=1167%2C1200&resize=1050%2C600 3x"},"classes":[]},{"id":14611,"url":"http:\/\/www.jojoenherbe.com\/index.php\/2020\/12\/30\/au-fil-des-pages-avec-le-manteau-rouge\/","url_meta":{"origin":9088,"position":2},"title":"Au fil des pages avec Le manteau rouge","author":"Jojo","date":"30 d\u00e9cembre 2020","format":false,"excerpt":"J'emprunte \u00e0 la m\u00e9diath\u00e8que Le manteau rouge de Philippe Lechermeier et Herv\u00e9 Le Goff (\u00e9d. Gautier-Languereau, 2017), un album jeunesse \u00e0 partir de 6 ans et qui conte une origine possible du P\u00e8re No\u00ebl. C'est \u00e0 travers le point de vue d'un enfant que la l\u00e9gende nous est racont\u00e9e. Dans\u2026","rel":"","context":"Dans &quot;Mini lecteur&quot;","block_context":{"text":"Mini lecteur","link":"http:\/\/www.jojoenherbe.com\/index.php\/category\/mini-lecteur\/"},"img":{"alt_text":"","src":"https:\/\/i0.wp.com\/www.jojoenherbe.com\/wp-content\/uploads\/2020\/12\/Le-manteau-rouge-scaled.jpg?fit=1200%2C856&resize=350%2C200","width":350,"height":200,"srcset":"https:\/\/i0.wp.com\/www.jojoenherbe.com\/wp-content\/uploads\/2020\/12\/Le-manteau-rouge-scaled.jpg?fit=1200%2C856&resize=350%2C200 1x, https:\/\/i0.wp.com\/www.jojoenherbe.com\/wp-content\/uploads\/2020\/12\/Le-manteau-rouge-scaled.jpg?fit=1200%2C856&resize=525%2C300 1.5x, https:\/\/i0.wp.com\/www.jojoenherbe.com\/wp-content\/uploads\/2020\/12\/Le-manteau-rouge-scaled.jpg?fit=1200%2C856&resize=700%2C400 2x, https:\/\/i0.wp.com\/www.jojoenherbe.com\/wp-content\/uploads\/2020\/12\/Le-manteau-rouge-scaled.jpg?fit=1200%2C856&resize=1050%2C600 3x"},"classes":[]},{"id":14139,"url":"http:\/\/www.jojoenherbe.com\/index.php\/2020\/11\/30\/notre-pal-albums-jeunesse-de-noel-2020-2\/","url_meta":{"origin":9088,"position":3},"title":"Notre PAL Albums jeunesse de No\u00ebl 2020 #2","author":"Jojo","date":"30 novembre 2020","format":false,"excerpt":"Apr\u00e8s avoir pr\u00e9sent\u00e9 le 18 novembre 2020 la premi\u00e8re partie de notre PAL Albums jeunesse de No\u00ebl pour cette ann\u00e9e, voici une deuxi\u00e8me partie avec des albums jeunesse que j'ai pu emprunter \u00e0 la m\u00e9diath\u00e8que la semaine derni\u00e8re en attendant de d\u00e9couvrir ceux gliss\u00e9s dans le calendrier de l'Avent. Il\u2026","rel":"","context":"Dans &quot;Mini lecteur&quot;","block_context":{"text":"Mini lecteur","link":"http:\/\/www.jojoenherbe.com\/index.php\/category\/mini-lecteur\/"},"img":{"alt_text":"","src":"https:\/\/i0.wp.com\/www.jojoenherbe.com\/wp-content\/uploads\/2020\/11\/PAL-Noel-2020-2-1-scaled.jpg?fit=1200%2C900&resize=350%2C200","width":350,"height":200,"srcset":"https:\/\/i0.wp.com\/www.jojoenherbe.com\/wp-content\/uploads\/2020\/11\/PAL-Noel-2020-2-1-scaled.jpg?fit=1200%2C900&resize=350%2C200 1x, https:\/\/i0.wp.com\/www.jojoenherbe.com\/wp-content\/uploads\/2020\/11\/PAL-Noel-2020-2-1-scaled.jpg?fit=1200%2C900&resize=525%2C300 1.5x, https:\/\/i0.wp.com\/www.jojoenherbe.com\/wp-content\/uploads\/2020\/11\/PAL-Noel-2020-2-1-scaled.jpg?fit=1200%2C900&resize=700%2C400 2x, https:\/\/i0.wp.com\/www.jojoenherbe.com\/wp-content\/uploads\/2020\/11\/PAL-Noel-2020-2-1-scaled.jpg?fit=1200%2C900&resize=1050%2C600 3x"},"classes":[]},{"id":13574,"url":"http:\/\/www.jojoenherbe.com\/index.php\/2020\/11\/10\/billet-de-suivi-il-etait-8-fois-noel\/","url_meta":{"origin":9088,"position":4},"title":"Billet de suivi: Il \u00e9tait 8 fois No\u00ebl","author":"Jojo","date":"10 novembre 2020","format":false,"excerpt":"Le mois de d\u00e9cembre approchant, c'est le retour de Il \u00e9tait 8 fois No\u00ebl, un challenge de No\u00ebl organis\u00e9 par Chicky Poo et Samarian et qui se d\u00e9roule du 30 novembre 2020 au 3 janvier 2021. Pour plus d\u2019infos, n\u2019h\u00e9sitez pas \u00e0 aller sur leurs blogs. Ce billet sera actualis\u00e9\u2026","rel":"","context":"Dans &quot;Mini challenger&quot;","block_context":{"text":"Mini challenger","link":"http:\/\/www.jojoenherbe.com\/index.php\/category\/mini-challenger\/"},"img":{"alt_text":"","src":"https:\/\/i0.wp.com\/www.jojoenherbe.com\/wp-content\/uploads\/2020\/11\/Logo_2_2020-1024x992-1.jpg?fit=1024%2C992&resize=350%2C200","width":350,"height":200,"srcset":"https:\/\/i0.wp.com\/www.jojoenherbe.com\/wp-content\/uploads\/2020\/11\/Logo_2_2020-1024x992-1.jpg?fit=1024%2C992&resize=350%2C200 1x, https:\/\/i0.wp.com\/www.jojoenherbe.com\/wp-content\/uploads\/2020\/11\/Logo_2_2020-1024x992-1.jpg?fit=1024%2C992&resize=525%2C300 1.5x, https:\/\/i0.wp.com\/www.jojoenherbe.com\/wp-content\/uploads\/2020\/11\/Logo_2_2020-1024x992-1.jpg?fit=1024%2C992&resize=700%2C400 2x"},"classes":[]},{"id":9214,"url":"http:\/\/www.jojoenherbe.com\/index.php\/2019\/12\/29\/au-fil-des-pages-avec-cest-noel\/","url_meta":{"origin":9088,"position":5},"title":"Au fil des pages avec C&rsquo;est No\u00ebl!","author":"Jojo","date":"29 d\u00e9cembre 2019","format":false,"excerpt":"Au pied du sapin, nous avons d\u00e9couvert \u00e9galement une autre histoire d'un personnage que nous appr\u00e9cions: Arthur le petit rhinoc\u00e9ros. Il s'agit de C'est No\u00ebl de Tracey Corderoy et Tim Warnes (\u00e9d. Mijade, 2017), un album jeunesse \u00e0 partir de 3 ans. Que d'excitation chez Arthur \u00e0 quelques jours de\u2026","rel":"","context":"Dans &quot;Mini lecteur&quot;","block_context":{"text":"Mini lecteur","link":"http:\/\/www.jojoenherbe.com\/index.php\/category\/mini-lecteur\/"},"img":{"alt_text":"","src":"https:\/\/i0.wp.com\/www.jojoenherbe.com\/wp-content\/uploads\/2019\/12\/Cest-No%C3%ABl.jpg?fit=1200%2C1003&resize=350%2C200","width":350,"height":200,"srcset":"https:\/\/i0.wp.com\/www.jojoenherbe.com\/wp-content\/uploads\/2019\/12\/Cest-No%C3%ABl.jpg?fit=1200%2C1003&resize=350%2C200 1x, https:\/\/i0.wp.com\/www.jojoenherbe.com\/wp-content\/uploads\/2019\/12\/Cest-No%C3%ABl.jpg?fit=1200%2C1003&resize=525%2C300 1.5x, https:\/\/i0.wp.com\/www.jojoenherbe.com\/wp-content\/uploads\/2019\/12\/Cest-No%C3%ABl.jpg?fit=1200%2C1003&resize=700%2C400 2x, https:\/\/i0.wp.com\/www.jojoenherbe.com\/wp-content\/uploads\/2019\/12\/Cest-No%C3%ABl.jpg?fit=1200%2C1003&resize=1050%2C600 3x"},"classes":[]}],"_links":{"self":[{"href":"http:\/\/www.jojoenherbe.com\/index.php\/wp-json\/wp\/v2\/posts\/9088","targetHints":{"allow":["GET"]}}],"collection":[{"href":"http:\/\/www.jojoenherbe.com\/index.php\/wp-json\/wp\/v2\/posts"}],"about":[{"href":"http:\/\/www.jojoenherbe.com\/index.php\/wp-json\/wp\/v2\/types\/post"}],"author":[{"embeddable":true,"href":"http:\/\/www.jojoenherbe.com\/index.php\/wp-json\/wp\/v2\/users\/1"}],"replies":[{"embeddable":true,"href":"http:\/\/www.jojoenherbe.com\/index.php\/wp-json\/wp\/v2\/comments?post=9088"}],"version-history":[{"count":1,"href":"http:\/\/www.jojoenherbe.com\/index.php\/wp-json\/wp\/v2\/posts\/9088\/revisions"}],"predecessor-version":[{"id":29824,"href":"http:\/\/www.jojoenherbe.com\/index.php\/wp-json\/wp\/v2\/posts\/9088\/revisions\/29824"}],"wp:featuredmedia":[{"embeddable":true,"href":"http:\/\/www.jojoenherbe.com\/index.php\/wp-json\/wp\/v2\/media\/9096"}],"wp:attachment":[{"href":"http:\/\/www.jojoenherbe.com\/index.php\/wp-json\/wp\/v2\/media?parent=9088"}],"wp:term":[{"taxonomy":"category","embeddable":true,"href":"http:\/\/www.jojoenherbe.com\/index.php\/wp-json\/wp\/v2\/categories?post=9088"},{"taxonomy":"post_tag","embeddable":true,"href":"http:\/\/www.jojoenherbe.com\/index.php\/wp-json\/wp\/v2\/tags?post=9088"}],"curies":[{"name":"wp","href":"https:\/\/api.w.org\/{rel}","templated":true}]}}