{"id":9064,"date":"2019-12-22T08:00:00","date_gmt":"2019-12-22T07:00:00","guid":{"rendered":"http:\/\/www.jojoenherbe.com\/?p=9064"},"modified":"2021-06-14T12:25:21","modified_gmt":"2021-06-14T10:25:21","slug":"des-petits-sables-de-noel","status":"publish","type":"post","link":"http:\/\/www.jojoenherbe.com\/index.php\/2019\/12\/22\/des-petits-sables-de-noel\/","title":{"rendered":"Des petits sabl\u00e9s de No\u00ebl"},"content":{"rendered":"<p style=\"text-align: justify;\"><em><a href=\"https:\/\/i0.wp.com\/www.jojoenherbe.com\/wp-content\/uploads\/2019\/12\/Petits-sabl%C3%A9s-de-No%C3%ABl-scaled.jpg\"><img data-recalc-dims=\"1\" loading=\"lazy\" decoding=\"async\" data-attachment-id=\"9067\" data-permalink=\"http:\/\/www.jojoenherbe.com\/index.php\/2019\/12\/22\/des-petits-sables-de-noel\/petits-sables-de-noel\/\" data-orig-file=\"https:\/\/i0.wp.com\/www.jojoenherbe.com\/wp-content\/uploads\/2019\/12\/Petits-sabl%C3%A9s-de-No%C3%ABl-scaled.jpg?fit=2560%2C1808\" data-orig-size=\"2560,1808\" data-comments-opened=\"1\" data-image-meta=\"{&quot;aperture&quot;:&quot;2.4&quot;,&quot;credit&quot;:&quot;&quot;,&quot;camera&quot;:&quot;iPhone 4S&quot;,&quot;caption&quot;:&quot;&quot;,&quot;created_timestamp&quot;:&quot;1576866282&quot;,&quot;copyright&quot;:&quot;&quot;,&quot;focal_length&quot;:&quot;4.28&quot;,&quot;iso&quot;:&quot;800&quot;,&quot;shutter_speed&quot;:&quot;0.066666666666667&quot;,&quot;title&quot;:&quot;&quot;,&quot;orientation&quot;:&quot;1&quot;}\" data-image-title=\"Petits sabl\u00e9s de No\u00ebl\" data-image-description=\"\" data-image-caption=\"\" data-large-file=\"https:\/\/i0.wp.com\/www.jojoenherbe.com\/wp-content\/uploads\/2019\/12\/Petits-sabl%C3%A9s-de-No%C3%ABl-scaled.jpg?fit=676%2C477\" class=\"alignleft size-thumbnail wp-image-9067\" src=\"https:\/\/i0.wp.com\/www.jojoenherbe.com\/wp-content\/uploads\/2019\/12\/Petits-sabl%C3%A9s-de-No%C3%ABl.jpg?resize=150%2C150\" alt=\"\" width=\"150\" height=\"150\" srcset=\"https:\/\/i0.wp.com\/www.jojoenherbe.com\/wp-content\/uploads\/2019\/12\/Petits-sabl%C3%A9s-de-No%C3%ABl-scaled.jpg?resize=150%2C150 150w, https:\/\/i0.wp.com\/www.jojoenherbe.com\/wp-content\/uploads\/2019\/12\/Petits-sabl%C3%A9s-de-No%C3%ABl-scaled.jpg?zoom=2&amp;resize=150%2C150 300w, https:\/\/i0.wp.com\/www.jojoenherbe.com\/wp-content\/uploads\/2019\/12\/Petits-sabl%C3%A9s-de-No%C3%ABl-scaled.jpg?zoom=3&amp;resize=150%2C150 450w\" sizes=\"auto, (max-width: 150px) 100vw, 150px\" \/><\/a>Nous reprenons <span style=\"text-decoration: underline;\">Le livre d&rsquo;activit\u00e9s du loup &#8211; sp\u00e9cial No\u00ebl<\/span> d&rsquo;Orianne Lallemand et \u00c9l\u00e9onore Thuillier (\u00e9d. Auzou, 2014) pour r\u00e9aliser la recette de petits sabl\u00e9s de No\u00ebl de Gros-Louis. Cette recette est facilement r\u00e9alisable, avec un peu d&rsquo;aide, pour des jeunes enfants. Pour la recette: un \u0153uf, 125 grammes de sucre, 250 grammes de farine, 125 grammes de beurre et une pinc\u00e9e de sel.<br \/>\n<\/em><\/p>\n<p style=\"text-align: justify;\"><em><a href=\"https:\/\/i0.wp.com\/www.jojoenherbe.com\/wp-content\/uploads\/2019\/12\/Petits-sabl%C3%A9s-de-No%C3%ABl-2-scaled.jpg\"><img data-recalc-dims=\"1\" loading=\"lazy\" decoding=\"async\" data-attachment-id=\"9065\" data-permalink=\"http:\/\/www.jojoenherbe.com\/index.php\/2019\/12\/22\/des-petits-sables-de-noel\/petits-sables-de-noel-2\/\" data-orig-file=\"https:\/\/i0.wp.com\/www.jojoenherbe.com\/wp-content\/uploads\/2019\/12\/Petits-sabl%C3%A9s-de-No%C3%ABl-2-scaled.jpg?fit=2560%2C1920\" data-orig-size=\"2560,1920\" data-comments-opened=\"1\" data-image-meta=\"{&quot;aperture&quot;:&quot;2.4&quot;,&quot;credit&quot;:&quot;&quot;,&quot;camera&quot;:&quot;iPhone 4S&quot;,&quot;caption&quot;:&quot;&quot;,&quot;created_timestamp&quot;:&quot;1576855926&quot;,&quot;copyright&quot;:&quot;&quot;,&quot;focal_length&quot;:&quot;4.28&quot;,&quot;iso&quot;:&quot;640&quot;,&quot;shutter_speed&quot;:&quot;0.066666666666667&quot;,&quot;title&quot;:&quot;&quot;,&quot;orientation&quot;:&quot;1&quot;}\" data-image-title=\"Petits sabl\u00e9s de No\u00ebl 2\" data-image-description=\"\" data-image-caption=\"\" data-large-file=\"https:\/\/i0.wp.com\/www.jojoenherbe.com\/wp-content\/uploads\/2019\/12\/Petits-sabl%C3%A9s-de-No%C3%ABl-2-scaled.jpg?fit=676%2C507\" class=\"size-thumbnail wp-image-9065 alignright\" src=\"https:\/\/i0.wp.com\/www.jojoenherbe.com\/wp-content\/uploads\/2019\/12\/Petits-sabl%C3%A9s-de-No%C3%ABl-2.jpg?resize=150%2C150\" alt=\"\" width=\"150\" height=\"150\" srcset=\"https:\/\/i0.wp.com\/www.jojoenherbe.com\/wp-content\/uploads\/2019\/12\/Petits-sabl%C3%A9s-de-No%C3%ABl-2-scaled.jpg?resize=150%2C150 150w, https:\/\/i0.wp.com\/www.jojoenherbe.com\/wp-content\/uploads\/2019\/12\/Petits-sabl%C3%A9s-de-No%C3%ABl-2-scaled.jpg?zoom=2&amp;resize=150%2C150 300w, https:\/\/i0.wp.com\/www.jojoenherbe.com\/wp-content\/uploads\/2019\/12\/Petits-sabl%C3%A9s-de-No%C3%ABl-2-scaled.jpg?zoom=3&amp;resize=150%2C150 450w\" sizes=\"auto, (max-width: 150px) 100vw, 150px\" \/><\/a>Apr\u00e8s avoir laiss\u00e9 le beurre \u00e0 temp\u00e9rature ambiante pour le ramollir un peu, nous commen\u00e7ons par fouetter l\u2019\u0153uf et le sucre. La suite de la recette se fait avec les doigts: la farine et une pinc\u00e9e de sel puis les morceaux de beurre ramolli. Nous \u00e9talons ensuite la p\u00e2te avant d&rsquo;utiliser des emporte-pi\u00e8ces aux formes de No\u00ebl avant de passer le tout au four pour la cuisson. Les petits sabl\u00e9s sont vite cuits. Il y en a une bonne quarantaine. Une fois refroidis, ils accompagnent tr\u00e8s bien un bon chocolat chaud, un caf\u00e9 ou un th\u00e9 de No\u00ebl.<\/em><\/p>\n<div id=\"attachment_30822\" style=\"width: 117px\" class=\"wp-caption alignleft\"><img data-recalc-dims=\"1\" loading=\"lazy\" decoding=\"async\" aria-describedby=\"caption-attachment-30822\" data-attachment-id=\"30822\" data-permalink=\"http:\/\/www.jojoenherbe.com\/index.php\/2023\/05\/08\/point-lecture-hebdomadaire-2023-18\/gyara-t1\/\" data-orig-file=\"https:\/\/i0.wp.com\/www.jojoenherbe.com\/wp-content\/uploads\/2023\/05\/Gyara-T1.jpg?fit=750%2C1334\" data-orig-size=\"750,1334\" data-comments-opened=\"1\" data-image-meta=\"{&quot;aperture&quot;:&quot;0&quot;,&quot;credit&quot;:&quot;&quot;,&quot;camera&quot;:&quot;&quot;,&quot;caption&quot;:&quot;&quot;,&quot;created_timestamp&quot;:&quot;0&quot;,&quot;copyright&quot;:&quot;&quot;,&quot;focal_length&quot;:&quot;0&quot;,&quot;iso&quot;:&quot;0&quot;,&quot;shutter_speed&quot;:&quot;0&quot;,&quot;title&quot;:&quot;&quot;,&quot;orientation&quot;:&quot;0&quot;}\" data-image-title=\"Gyara T1\" data-image-description=\"\" data-image-caption=\"\" data-large-file=\"https:\/\/i0.wp.com\/www.jojoenherbe.com\/wp-content\/uploads\/2023\/05\/Gyara-T1.jpg?fit=576%2C1024\" class=\"wp-image-30822\" src=\"https:\/\/sylectures.files.wordpress.com\/2019\/12\/logo-gourmandisesnoc3abl19.jpg?w=139&#038;h=221&#038;fit=139%2C221&#038;resize=107%2C174\" alt=\"\" width=\"107\" height=\"174\" data-attachment-id=\"30822\" data-permalink=\"https:\/\/sylectures.wordpress.com\/2019\/12\/08\/brunkager-danois\/logo-gourmandisesnoel19\/\" data-orig-file=\"https:\/\/sylectures.files.wordpress.com\/2019\/12\/logo-gourmandisesnoc3abl19.jpg\" data-orig-size=\"368,600\" data-comments-opened=\"1\" data-image-meta=\"{&quot;aperture&quot;:&quot;0&quot;,&quot;credit&quot;:&quot;&quot;,&quot;camera&quot;:&quot;&quot;,&quot;caption&quot;:&quot;&quot;,&quot;created_timestamp&quot;:&quot;0&quot;,&quot;copyright&quot;:&quot;&quot;,&quot;focal_length&quot;:&quot;0&quot;,&quot;iso&quot;:&quot;0&quot;,&quot;shutter_speed&quot;:&quot;0&quot;,&quot;title&quot;:&quot;&quot;,&quot;orientation&quot;:&quot;0&quot;}\" data-image-title=\"logo GourmandisesNo\u00ebl19\" data-image-description=\"\" data-medium-file=\"https:\/\/sylectures.files.wordpress.com\/2019\/12\/logo-gourmandisesnoc3abl19.jpg?w=184\" data-large-file=\"https:\/\/sylectures.files.wordpress.com\/2019\/12\/logo-gourmandisesnoc3abl19.jpg?w=368\" \/><p id=\"caption-attachment-30822\" class=\"wp-caption-text\">Les Gourmandises de <a href=\"https:\/\/sylectures.wordpress.com\/2019\/12\/22\/appelsinbiff-jambon-a-lorange\/\">Syl<\/a><\/p><\/div>\n<p style=\"text-align: justify;\"><em>Ces petits sabl\u00e9s de No\u00ebl participent, comme chaque dimanche de d\u00e9cembre 2019, au rendez-vous gourmand de Syl, \u00ab\u00a0Les gourmandises f\u00eatent No\u00ebl\u00a0\u00bb.<br \/>\n<\/em><\/p>\n<div id=\"attachment_4796\" style=\"width: 142px\" class=\"wp-caption alignleft\"><img data-recalc-dims=\"1\" loading=\"lazy\" decoding=\"async\" aria-describedby=\"caption-attachment-4796\" class=\"wp-image-4796\" src=\"https:\/\/i0.wp.com\/www.laplanquealibellules.fr\/wp-content\/uploads\/sites\/3\/2019\/11\/Logo_1_2019-1024x1024.jpg?resize=132%2C132&#038;ssl=1\" sizes=\"auto, (max-width: 1024px) 100vw, 1024px\" srcset=\"https:\/\/www.laplanquealibellules.fr\/wp-content\/uploads\/sites\/3\/2019\/11\/Logo_1_2019-1024x1024.jpg 1024w, https:\/\/www.laplanquealibellules.fr\/wp-content\/uploads\/sites\/3\/2019\/11\/Logo_1_2019-150x150.jpg 150w, https:\/\/www.laplanquealibellules.fr\/wp-content\/uploads\/sites\/3\/2019\/11\/Logo_1_2019-300x300.jpg 300w, https:\/\/www.laplanquealibellules.fr\/wp-content\/uploads\/sites\/3\/2019\/11\/Logo_1_2019-768x768.jpg 768w, https:\/\/www.laplanquealibellules.fr\/wp-content\/uploads\/sites\/3\/2019\/11\/Logo_1_2019.jpg 2000w\" alt=\"\" width=\"132\" height=\"132\" data-id=\"4796\" data-link=\"https:\/\/www.laplanquealibellules.fr\/?attachment_id=4796\" \/><p id=\"caption-attachment-4796\" class=\"wp-caption-text\">Challenge Il \u00e9tait 7 fois No\u00ebl de <a href=\"https:\/\/www.laplanquealibellules.fr\/2019\/11\/il-etait-sept-fois-noel.html\/\">Chicky Poo<\/a> et <a href=\"https:\/\/viedecontedefee.blogspot.com\/2019\/11\/1577-il-etait-sept-fois-noel.html\">Samarian<\/a><\/p><\/div>\n","protected":false},"excerpt":{"rendered":"<p>Nous reprenons Le livre d&rsquo;activit\u00e9s du loup &#8211; sp\u00e9cial No\u00ebl d&rsquo;Orianne Lallemand et \u00c9l\u00e9onore Thuillier (\u00e9d. Auzou, 2014) pour r\u00e9aliser la recette de petits sabl\u00e9s de No\u00ebl de Gros-Louis. Cette recette est facilement r\u00e9alisable, avec un peu d&rsquo;aide, pour des jeunes enfants. Pour la recette: un \u0153uf, 125 grammes de sucre, 250 grammes de farine, [&hellip;]<\/p>\n","protected":false},"author":1,"featured_media":9066,"comment_status":"open","ping_status":"open","sticky":false,"template":"","format":"standard","meta":{"jetpack_post_was_ever_published":false,"_jetpack_newsletter_access":"","_jetpack_dont_email_post_to_subs":false,"_jetpack_newsletter_tier_id":0,"_jetpack_memberships_contains_paywalled_content":false,"_jetpack_memberships_contains_paid_content":false,"footnotes":""},"categories":[7],"tags":[614,1069,9,1090,982,2497,2598,541,19,1089,398,1088],"class_list":["post-9064","post","type-post","status-publish","format-standard","has-post-thumbnail","hentry","category-mini-toque","tag-biscuits","tag-cahier-dactivite","tag-cuisine","tag-eleonore-thuillier","tag-il-etait-7-fois-noel","tag-le-loup-qui","tag-les-gourmandises-de-syl-2019","tag-loup","tag-noel","tag-orianne-lallemand","tag-recettes","tag-sables","post-preview"],"jetpack_featured_media_url":"https:\/\/i0.wp.com\/www.jojoenherbe.com\/wp-content\/uploads\/2019\/12\/Petits-sabl%C3%A9s-de-No%C3%ABl-3-scaled.jpg?fit=2560%2C1988","jetpack_sharing_enabled":true,"jetpack_shortlink":"https:\/\/wp.me\/p9zhGx-2mc","jetpack_likes_enabled":true,"jetpack-related-posts":[{"id":8889,"url":"http:\/\/www.jojoenherbe.com\/index.php\/2019\/12\/12\/des-cahiers-dactivites-de-noel\/","url_meta":{"origin":9064,"position":0},"title":"Des cahiers d&rsquo;activit\u00e9s de No\u00ebl","author":"Jojo","date":"12 d\u00e9cembre 2019","format":false,"excerpt":"En ce mercredi 11 d\u00e9cembre 2019, nous continuons \u00e0 colorier et coller des gommettes dans nos cahiers d'activit\u00e9s de No\u00ebl. Nous commen\u00e7ons par le dernier achet\u00e9 cette ann\u00e9e: No\u00ebl colle et colorie (\u00e9d. Ballon, 2018), \u00e0 partir de 3 ans selon l'\u00e9diteur en raison des petites gommettes \u00e0 coller. Nous\u2026","rel":"","context":"Dans &quot;Mini joueur&quot;","block_context":{"text":"Mini joueur","link":"http:\/\/www.jojoenherbe.com\/index.php\/category\/mini-decouvreur\/mini-joueur\/"},"img":{"alt_text":"","src":"https:\/\/i0.wp.com\/www.jojoenherbe.com\/wp-content\/uploads\/2019\/12\/Cahiers-dactivit%C3%A9-de-No%C3%ABl.jpg?fit=1200%2C1142&resize=350%2C200","width":350,"height":200,"srcset":"https:\/\/i0.wp.com\/www.jojoenherbe.com\/wp-content\/uploads\/2019\/12\/Cahiers-dactivit%C3%A9-de-No%C3%ABl.jpg?fit=1200%2C1142&resize=350%2C200 1x, https:\/\/i0.wp.com\/www.jojoenherbe.com\/wp-content\/uploads\/2019\/12\/Cahiers-dactivit%C3%A9-de-No%C3%ABl.jpg?fit=1200%2C1142&resize=525%2C300 1.5x, https:\/\/i0.wp.com\/www.jojoenherbe.com\/wp-content\/uploads\/2019\/12\/Cahiers-dactivit%C3%A9-de-No%C3%ABl.jpg?fit=1200%2C1142&resize=700%2C400 2x, https:\/\/i0.wp.com\/www.jojoenherbe.com\/wp-content\/uploads\/2019\/12\/Cahiers-dactivit%C3%A9-de-No%C3%ABl.jpg?fit=1200%2C1142&resize=1050%2C600 3x"},"classes":[]},{"id":12184,"url":"http:\/\/www.jojoenherbe.com\/index.php\/2020\/09\/09\/au-fil-des-pages-avec-le-loup-qui-decouvrait-le-pays-des-contes\/","url_meta":{"origin":9064,"position":1},"title":"Au fil des pages avec Le loup qui d\u00e9couvrait le pays des contes","author":"Jojo","date":"9 septembre 2020","format":false,"excerpt":"Nous empruntons \u00e0 la m\u00e9diath\u00e8que Le loup qui d\u00e9couvrait le pays des contes d'Orianne Lallemand et \u00c9l\u00e9onore Thuillier (\u00e9d. Auzou, 2014), un album jeunesse \u00e0 partir de 3 ans. Pour le go\u00fbter du Printemps, Loup voudrait pr\u00e9parer un g\u00e2teau aux pommes pour ses amis mais il ne sait pas cuisiner.\u2026","rel":"","context":"Dans &quot;Mini lecteur&quot;","block_context":{"text":"Mini lecteur","link":"http:\/\/www.jojoenherbe.com\/index.php\/category\/mini-lecteur\/"},"img":{"alt_text":"","src":"https:\/\/i0.wp.com\/www.jojoenherbe.com\/wp-content\/uploads\/2020\/09\/Le-loup-qui-decouvrait-le-pays-des-contes-scaled.jpg?fit=1200%2C900&resize=350%2C200","width":350,"height":200,"srcset":"https:\/\/i0.wp.com\/www.jojoenherbe.com\/wp-content\/uploads\/2020\/09\/Le-loup-qui-decouvrait-le-pays-des-contes-scaled.jpg?fit=1200%2C900&resize=350%2C200 1x, https:\/\/i0.wp.com\/www.jojoenherbe.com\/wp-content\/uploads\/2020\/09\/Le-loup-qui-decouvrait-le-pays-des-contes-scaled.jpg?fit=1200%2C900&resize=525%2C300 1.5x, https:\/\/i0.wp.com\/www.jojoenherbe.com\/wp-content\/uploads\/2020\/09\/Le-loup-qui-decouvrait-le-pays-des-contes-scaled.jpg?fit=1200%2C900&resize=700%2C400 2x, https:\/\/i0.wp.com\/www.jojoenherbe.com\/wp-content\/uploads\/2020\/09\/Le-loup-qui-decouvrait-le-pays-des-contes-scaled.jpg?fit=1200%2C900&resize=1050%2C600 3x"},"classes":[]},{"id":5919,"url":"http:\/\/www.jojoenherbe.com\/index.php\/2019\/05\/11\/au-fil-des-pages-avec-le-loup-qui-apprivoisait-ses-emotions\/","url_meta":{"origin":9064,"position":2},"title":"Au fil des pages avec Le loup qui apprivoisait ses \u00e9motions","author":"Jojo","date":"11 mai 2019","format":false,"excerpt":"Apr\u00e8s avoir r\u00e9alis\u00e9 un dessin en collage avec le personnage de Loup, nous relisons Le loup qui apprivoisait ses \u00e9motions d'Orianne Lallemand et \u00c9l\u00e9onore Thuillier (\u00e9d. Auzou, 2017). Nous suivons l'histoire de Loup qui va tenter de ma\u00eetriser ses \u00e9motions gr\u00e2ce \u00e0 l'aide de ses amis. Cet album jeunesse permet\u2026","rel":"","context":"Dans &quot;Mini lecteur&quot;","block_context":{"text":"Mini lecteur","link":"http:\/\/www.jojoenherbe.com\/index.php\/category\/mini-lecteur\/"},"img":{"alt_text":"","src":"https:\/\/i0.wp.com\/www.jojoenherbe.com\/wp-content\/uploads\/2019\/05\/Le-loup-qui-apprivoisait-ses-%C3%A9motions.jpg?fit=934%2C1200&resize=350%2C200","width":350,"height":200,"srcset":"https:\/\/i0.wp.com\/www.jojoenherbe.com\/wp-content\/uploads\/2019\/05\/Le-loup-qui-apprivoisait-ses-%C3%A9motions.jpg?fit=934%2C1200&resize=350%2C200 1x, https:\/\/i0.wp.com\/www.jojoenherbe.com\/wp-content\/uploads\/2019\/05\/Le-loup-qui-apprivoisait-ses-%C3%A9motions.jpg?fit=934%2C1200&resize=525%2C300 1.5x, https:\/\/i0.wp.com\/www.jojoenherbe.com\/wp-content\/uploads\/2019\/05\/Le-loup-qui-apprivoisait-ses-%C3%A9motions.jpg?fit=934%2C1200&resize=700%2C400 2x"},"classes":[]},{"id":4340,"url":"http:\/\/www.jojoenherbe.com\/index.php\/2019\/01\/19\/au-fil-des-pages-sur-le-theme-de-la-galette-des-rois\/","url_meta":{"origin":9064,"position":3},"title":"Au fil des pages sur le th\u00e8me de la galette des rois","author":"Jojo","date":"19 janvier 2019","format":false,"excerpt":"Apr\u00e8s avoir mang\u00e9 de la galette et fabriqu\u00e9 des couronnes il y a quelques jours, nous poursuivons par la lecture d'histoires sur le th\u00e8me de la galette des rois. Je ne parlerai que de trois d'entre elles. Le premier album jeunesse lu est celui avec un des personnages pr\u00e9f\u00e9r\u00e9s de\u2026","rel":"","context":"Dans &quot;Mini lecteur&quot;","block_context":{"text":"Mini lecteur","link":"http:\/\/www.jojoenherbe.com\/index.php\/category\/mini-lecteur\/"},"img":{"alt_text":"","src":"https:\/\/i0.wp.com\/www.jojoenherbe.com\/wp-content\/uploads\/2019\/01\/albums-jeunesse-galette.jpg?fit=1200%2C977&resize=350%2C200","width":350,"height":200,"srcset":"https:\/\/i0.wp.com\/www.jojoenherbe.com\/wp-content\/uploads\/2019\/01\/albums-jeunesse-galette.jpg?fit=1200%2C977&resize=350%2C200 1x, https:\/\/i0.wp.com\/www.jojoenherbe.com\/wp-content\/uploads\/2019\/01\/albums-jeunesse-galette.jpg?fit=1200%2C977&resize=525%2C300 1.5x, https:\/\/i0.wp.com\/www.jojoenherbe.com\/wp-content\/uploads\/2019\/01\/albums-jeunesse-galette.jpg?fit=1200%2C977&resize=700%2C400 2x, https:\/\/i0.wp.com\/www.jojoenherbe.com\/wp-content\/uploads\/2019\/01\/albums-jeunesse-galette.jpg?fit=1200%2C977&resize=1050%2C600 3x"},"classes":[]},{"id":6302,"url":"http:\/\/www.jojoenherbe.com\/index.php\/2019\/06\/10\/au-fil-des-pages-avec-le-loup-qui-voyageait-dans-le-temps\/","url_meta":{"origin":9064,"position":4},"title":"Au fil des pages avec Le loup qui voyageait dans le temps","author":"Jojo","date":"10 juin 2019","format":false,"excerpt":"Apr\u00e8s notre balade \u00e0 Tourrette-Levens \u00e0 travers les \u00e2ges, nous lisons Le loup qui voyageait dans le temps d'Orianne Lallemand et \u00c9l\u00e9onore Thuillier (\u00e9d. Auzou, 2014). Apr\u00e8s avoir abord\u00e9 les \u00e9motions avec Loup, nous voil\u00e0 d\u00e9sormais \u00e0 remonter le temps avec lui: au temps des dinosaures puis des Temps modernes\u2026","rel":"","context":"Dans &quot;Mini lecteur&quot;","block_context":{"text":"Mini lecteur","link":"http:\/\/www.jojoenherbe.com\/index.php\/category\/mini-lecteur\/"},"img":{"alt_text":"","src":"https:\/\/i0.wp.com\/www.jojoenherbe.com\/wp-content\/uploads\/2019\/06\/Le-loup-qui-voyageait-dans-le-temps.jpg?fit=1059%2C1200&resize=350%2C200","width":350,"height":200,"srcset":"https:\/\/i0.wp.com\/www.jojoenherbe.com\/wp-content\/uploads\/2019\/06\/Le-loup-qui-voyageait-dans-le-temps.jpg?fit=1059%2C1200&resize=350%2C200 1x, https:\/\/i0.wp.com\/www.jojoenherbe.com\/wp-content\/uploads\/2019\/06\/Le-loup-qui-voyageait-dans-le-temps.jpg?fit=1059%2C1200&resize=525%2C300 1.5x, https:\/\/i0.wp.com\/www.jojoenherbe.com\/wp-content\/uploads\/2019\/06\/Le-loup-qui-voyageait-dans-le-temps.jpg?fit=1059%2C1200&resize=700%2C400 2x, https:\/\/i0.wp.com\/www.jojoenherbe.com\/wp-content\/uploads\/2019\/06\/Le-loup-qui-voyageait-dans-le-temps.jpg?fit=1059%2C1200&resize=1050%2C600 3x"},"classes":[]},{"id":6547,"url":"http:\/\/www.jojoenherbe.com\/index.php\/2019\/06\/26\/au-fil-des-pages-avec-la-plage\/","url_meta":{"origin":9064,"position":5},"title":"Au fil des pages avec la plage","author":"Jojo","date":"26 juin 2019","format":false,"excerpt":"Nous continuons \u00e0 emprunter des livres sur l'\u00e9t\u00e9, la plage et les vacances (d\u00e8s 2\/3 ans). Nous lisons Les souris \u00e0 la plage de Haruo Yamashita et Kazuo Iwamura (\u00e9d. L'\u00e9cole des loisirs, 1999). Nous retrouvons avec plaisir le coup de crayon de Kazuo Iwamura pour les illustrations mais une\u2026","rel":"","context":"Dans &quot;Mini lecteur&quot;","block_context":{"text":"Mini lecteur","link":"http:\/\/www.jojoenherbe.com\/index.php\/category\/mini-lecteur\/"},"img":{"alt_text":"","src":"https:\/\/i0.wp.com\/www.jojoenherbe.com\/wp-content\/uploads\/2019\/06\/%C3%A0-la-plage.jpg?fit=1200%2C900&resize=350%2C200","width":350,"height":200,"srcset":"https:\/\/i0.wp.com\/www.jojoenherbe.com\/wp-content\/uploads\/2019\/06\/%C3%A0-la-plage.jpg?fit=1200%2C900&resize=350%2C200 1x, https:\/\/i0.wp.com\/www.jojoenherbe.com\/wp-content\/uploads\/2019\/06\/%C3%A0-la-plage.jpg?fit=1200%2C900&resize=525%2C300 1.5x, https:\/\/i0.wp.com\/www.jojoenherbe.com\/wp-content\/uploads\/2019\/06\/%C3%A0-la-plage.jpg?fit=1200%2C900&resize=700%2C400 2x, https:\/\/i0.wp.com\/www.jojoenherbe.com\/wp-content\/uploads\/2019\/06\/%C3%A0-la-plage.jpg?fit=1200%2C900&resize=1050%2C600 3x"},"classes":[]}],"_links":{"self":[{"href":"http:\/\/www.jojoenherbe.com\/index.php\/wp-json\/wp\/v2\/posts\/9064","targetHints":{"allow":["GET"]}}],"collection":[{"href":"http:\/\/www.jojoenherbe.com\/index.php\/wp-json\/wp\/v2\/posts"}],"about":[{"href":"http:\/\/www.jojoenherbe.com\/index.php\/wp-json\/wp\/v2\/types\/post"}],"author":[{"embeddable":true,"href":"http:\/\/www.jojoenherbe.com\/index.php\/wp-json\/wp\/v2\/users\/1"}],"replies":[{"embeddable":true,"href":"http:\/\/www.jojoenherbe.com\/index.php\/wp-json\/wp\/v2\/comments?post=9064"}],"version-history":[{"count":0,"href":"http:\/\/www.jojoenherbe.com\/index.php\/wp-json\/wp\/v2\/posts\/9064\/revisions"}],"wp:featuredmedia":[{"embeddable":true,"href":"http:\/\/www.jojoenherbe.com\/index.php\/wp-json\/wp\/v2\/media\/9066"}],"wp:attachment":[{"href":"http:\/\/www.jojoenherbe.com\/index.php\/wp-json\/wp\/v2\/media?parent=9064"}],"wp:term":[{"taxonomy":"category","embeddable":true,"href":"http:\/\/www.jojoenherbe.com\/index.php\/wp-json\/wp\/v2\/categories?post=9064"},{"taxonomy":"post_tag","embeddable":true,"href":"http:\/\/www.jojoenherbe.com\/index.php\/wp-json\/wp\/v2\/tags?post=9064"}],"curies":[{"name":"wp","href":"https:\/\/api.w.org\/{rel}","templated":true}]}}