{"id":9021,"date":"2019-12-19T08:00:00","date_gmt":"2019-12-19T07:00:00","guid":{"rendered":"http:\/\/www.jojoenherbe.com\/?p=9021"},"modified":"2019-12-19T08:04:04","modified_gmt":"2019-12-19T07:04:04","slug":"nouvelles-decos-de-noel-2019","status":"publish","type":"post","link":"http:\/\/www.jojoenherbe.com\/index.php\/2019\/12\/19\/nouvelles-decos-de-noel-2019\/","title":{"rendered":"Nouvelles d\u00e9cos de No\u00ebl 2019"},"content":{"rendered":"<p style=\"text-align: justify;\"><em><a href=\"https:\/\/i0.wp.com\/www.jojoenherbe.com\/wp-content\/uploads\/2019\/12\/D%C3%A9cos-de-No%C3%ABl-2-1.jpg\"><img data-recalc-dims=\"1\" loading=\"lazy\" decoding=\"async\" data-attachment-id=\"9023\" data-permalink=\"http:\/\/www.jojoenherbe.com\/index.php\/2019\/12\/19\/nouvelles-decos-de-noel-2019\/decos-de-noel-2-2\/\" data-orig-file=\"https:\/\/i0.wp.com\/www.jojoenherbe.com\/wp-content\/uploads\/2019\/12\/D%C3%A9cos-de-No%C3%ABl-2-1.jpg?fit=1440%2C1389\" data-orig-size=\"1440,1389\" data-comments-opened=\"1\" data-image-meta=\"{&quot;aperture&quot;:&quot;2.4&quot;,&quot;credit&quot;:&quot;&quot;,&quot;camera&quot;:&quot;iPhone 4S&quot;,&quot;caption&quot;:&quot;&quot;,&quot;created_timestamp&quot;:&quot;1576686343&quot;,&quot;copyright&quot;:&quot;&quot;,&quot;focal_length&quot;:&quot;4.28&quot;,&quot;iso&quot;:&quot;800&quot;,&quot;shutter_speed&quot;:&quot;0.066666666666667&quot;,&quot;title&quot;:&quot;&quot;,&quot;orientation&quot;:&quot;1&quot;}\" data-image-title=\"D\u00e9cos de No\u00ebl 2\" data-image-description=\"\" data-image-caption=\"\" data-large-file=\"https:\/\/i0.wp.com\/www.jojoenherbe.com\/wp-content\/uploads\/2019\/12\/D%C3%A9cos-de-No%C3%ABl-2-1.jpg?fit=676%2C652\" class=\"alignleft size-thumbnail wp-image-9023\" src=\"https:\/\/i0.wp.com\/www.jojoenherbe.com\/wp-content\/uploads\/2019\/12\/D%C3%A9cos-de-No%C3%ABl-2-1.jpg?resize=150%2C150\" alt=\"\" width=\"150\" height=\"150\" srcset=\"https:\/\/i0.wp.com\/www.jojoenherbe.com\/wp-content\/uploads\/2019\/12\/D%C3%A9cos-de-No%C3%ABl-2-1.jpg?resize=150%2C150 150w, https:\/\/i0.wp.com\/www.jojoenherbe.com\/wp-content\/uploads\/2019\/12\/D%C3%A9cos-de-No%C3%ABl-2-1.jpg?zoom=2&amp;resize=150%2C150 300w, https:\/\/i0.wp.com\/www.jojoenherbe.com\/wp-content\/uploads\/2019\/12\/D%C3%A9cos-de-No%C3%ABl-2-1.jpg?zoom=3&amp;resize=150%2C150 450w\" sizes=\"auto, (max-width: 150px) 100vw, 150px\" \/><\/a> <a href=\"https:\/\/i0.wp.com\/www.jojoenherbe.com\/wp-content\/uploads\/2019\/12\/D%C3%A9cos-de-No%C3%ABl-3-1.jpg\"><img data-recalc-dims=\"1\" loading=\"lazy\" decoding=\"async\" data-attachment-id=\"9024\" data-permalink=\"http:\/\/www.jojoenherbe.com\/index.php\/2019\/12\/19\/nouvelles-decos-de-noel-2019\/decos-de-noel-3-2\/\" data-orig-file=\"https:\/\/i0.wp.com\/www.jojoenherbe.com\/wp-content\/uploads\/2019\/12\/D%C3%A9cos-de-No%C3%ABl-3-1.jpg?fit=1937%2C2502\" data-orig-size=\"1937,2502\" data-comments-opened=\"1\" data-image-meta=\"{&quot;aperture&quot;:&quot;2.4&quot;,&quot;credit&quot;:&quot;&quot;,&quot;camera&quot;:&quot;iPhone 4S&quot;,&quot;caption&quot;:&quot;&quot;,&quot;created_timestamp&quot;:&quot;1576686354&quot;,&quot;copyright&quot;:&quot;&quot;,&quot;focal_length&quot;:&quot;4.28&quot;,&quot;iso&quot;:&quot;800&quot;,&quot;shutter_speed&quot;:&quot;0.066666666666667&quot;,&quot;title&quot;:&quot;&quot;,&quot;orientation&quot;:&quot;1&quot;}\" data-image-title=\"D\u00e9cos de No\u00ebl 3\" data-image-description=\"\" data-image-caption=\"\" data-large-file=\"https:\/\/i0.wp.com\/www.jojoenherbe.com\/wp-content\/uploads\/2019\/12\/D%C3%A9cos-de-No%C3%ABl-3-1.jpg?fit=676%2C873\" class=\"alignleft size-thumbnail wp-image-9024\" src=\"https:\/\/i0.wp.com\/www.jojoenherbe.com\/wp-content\/uploads\/2019\/12\/D%C3%A9cos-de-No%C3%ABl-3-1.jpg?resize=150%2C150\" alt=\"\" width=\"150\" height=\"150\" srcset=\"https:\/\/i0.wp.com\/www.jojoenherbe.com\/wp-content\/uploads\/2019\/12\/D%C3%A9cos-de-No%C3%ABl-3-1.jpg?resize=150%2C150 150w, https:\/\/i0.wp.com\/www.jojoenherbe.com\/wp-content\/uploads\/2019\/12\/D%C3%A9cos-de-No%C3%ABl-3-1.jpg?zoom=2&amp;resize=150%2C150 300w, https:\/\/i0.wp.com\/www.jojoenherbe.com\/wp-content\/uploads\/2019\/12\/D%C3%A9cos-de-No%C3%ABl-3-1.jpg?zoom=3&amp;resize=150%2C150 450w\" sizes=\"auto, (max-width: 150px) 100vw, 150px\" \/><\/a>En ce 19 d\u00e9cembre 2019, le th\u00e8me est \u00ab\u00a0notre shopping de No\u00ebl\u00a0\u00bb pour le Challenge Christmas Time 2019. Alors voici une photo de deux d\u00e9corations de No\u00ebl qui rejoignent l&rsquo;une le sapin et l&rsquo;autre le meuble ordi du salon. Les deux ont \u00e9t\u00e9 achet\u00e9s sur des march\u00e9s de No\u00ebl, le premier \u00e0 celui de Villeneuve-Loubet village et le second \u00e0 celui de La Gaude.\u00a0<\/em><\/p>\n<div style=\"width: 174px\" class=\"wp-caption aligncenter\"><img data-recalc-dims=\"1\" loading=\"lazy\" decoding=\"async\" src=\"https:\/\/i0.wp.com\/img.over-blog-kiwi.com\/1\/49\/01\/49\/20191113\/ob_66c4c9_challengechristmastime2019bisbis.jpg?resize=164%2C148&#038;ssl=1\" alt=\"\" width=\"164\" height=\"148\" data-amp-height=\"271\" data-amp-width=\"300\" \/><p class=\"wp-caption-text\">Challenge Christmas Time 2019 de <a href=\"http:\/\/mya.books.over-blog.com\/2019\/11\/challenge-christmas-time-2019.html\">Mya Rosa<\/a> #Shopping de No\u00ebl<\/p><\/div>\n","protected":false},"excerpt":{"rendered":"<p>En ce 19 d\u00e9cembre 2019, le th\u00e8me est \u00ab\u00a0notre shopping de No\u00ebl\u00a0\u00bb pour le Challenge Christmas Time 2019. Alors voici une photo de deux d\u00e9corations de No\u00ebl qui rejoignent l&rsquo;une le sapin et l&rsquo;autre le meuble ordi du salon. Les deux ont \u00e9t\u00e9 achet\u00e9s sur des march\u00e9s de No\u00ebl, le premier \u00e0 celui de Villeneuve-Loubet [&hellip;]<\/p>\n","protected":false},"author":1,"featured_media":9025,"comment_status":"open","ping_status":"open","sticky":false,"template":"","format":"standard","meta":{"jetpack_post_was_ever_published":false,"_jetpack_newsletter_access":"","_jetpack_dont_email_post_to_subs":false,"_jetpack_newsletter_tier_id":0,"_jetpack_memberships_contains_paywalled_content":false,"_jetpack_memberships_contains_paid_content":false,"footnotes":""},"categories":[873],"tags":[1084,983,21,23,19],"class_list":["post-9021","post","type-post","status-publish","format-standard","has-post-thumbnail","hentry","category-mini-challenger","tag-challenge-christmas-time","tag-challenge-de-noel","tag-decorations","tag-marches-de-noel","tag-noel","post-preview"],"jetpack_featured_media_url":"https:\/\/i0.wp.com\/www.jojoenherbe.com\/wp-content\/uploads\/2019\/12\/D%C3%A9cos-de-No%C3%ABl-1.jpg?fit=2271%2C2222","jetpack_sharing_enabled":true,"jetpack_shortlink":"https:\/\/wp.me\/p9zhGx-2lv","jetpack_likes_enabled":true,"jetpack-related-posts":[{"id":23215,"url":"http:\/\/www.jojoenherbe.com\/index.php\/2021\/12\/31\/melis-melos-des-marches-de-noel-2021\/","url_meta":{"origin":9021,"position":0},"title":"M\u00e9lis-m\u00e9los des march\u00e9s de No\u00ebl 2021","author":"Jojo","date":"31 d\u00e9cembre 2021","format":false,"excerpt":"Pendant les vacances de No\u00ebl, nous n'avons pas pu faire tous les march\u00e9s de No\u00ebl comme nous le voulions. Mais nous avons pu quand m\u00eame en appr\u00e9cier quelques-uns. Le march\u00e9 de No\u00ebl de Sisteron Le 18 d\u00e9cembre 2021, nous sommes arriv\u00e9s dans l'apr\u00e8s-midi \u00e0 Sisteron, l'occasion de visiter la vieille\u2026","rel":"","context":"Dans &quot;Mini visiteur&quot;","block_context":{"text":"Mini visiteur","link":"http:\/\/www.jojoenherbe.com\/index.php\/category\/mini-crapahuteur\/mini-visiteur\/"},"img":{"alt_text":"","src":"https:\/\/i0.wp.com\/www.jojoenherbe.com\/wp-content\/uploads\/2021\/12\/St-Jean-Cap-Ferrat-Illuminations-5-scaled.jpg?fit=1200%2C900&resize=350%2C200","width":350,"height":200,"srcset":"https:\/\/i0.wp.com\/www.jojoenherbe.com\/wp-content\/uploads\/2021\/12\/St-Jean-Cap-Ferrat-Illuminations-5-scaled.jpg?fit=1200%2C900&resize=350%2C200 1x, https:\/\/i0.wp.com\/www.jojoenherbe.com\/wp-content\/uploads\/2021\/12\/St-Jean-Cap-Ferrat-Illuminations-5-scaled.jpg?fit=1200%2C900&resize=525%2C300 1.5x, https:\/\/i0.wp.com\/www.jojoenherbe.com\/wp-content\/uploads\/2021\/12\/St-Jean-Cap-Ferrat-Illuminations-5-scaled.jpg?fit=1200%2C900&resize=700%2C400 2x, https:\/\/i0.wp.com\/www.jojoenherbe.com\/wp-content\/uploads\/2021\/12\/St-Jean-Cap-Ferrat-Illuminations-5-scaled.jpg?fit=1200%2C900&resize=1050%2C600 3x"},"classes":[]},{"id":9108,"url":"http:\/\/www.jojoenherbe.com\/index.php\/2019\/12\/23\/melis-melos-des-marches-de-noel-2019\/","url_meta":{"origin":9021,"position":1},"title":"M\u00e9lis-m\u00e9los des march\u00e9s de No\u00ebl 2019","author":"Jojo","date":"23 d\u00e9cembre 2019","format":false,"excerpt":"Le temps ne nous permet pas cette ann\u00e9e de profiter comme il se doit des march\u00e9s de No\u00ebl dans les Alpes-Maritimes et dans le Var, entre les week-ends de confinement en raison des alertes rouges pluie-inondations, vague-submersions et encore ce week-end alerte orange pour les vents violents \u00e9galement. Mais nous\u2026","rel":"","context":"Dans &quot;mini photographe&quot;","block_context":{"text":"mini photographe","link":"http:\/\/www.jojoenherbe.com\/index.php\/category\/mini-photographe\/"},"img":{"alt_text":"","src":"https:\/\/i0.wp.com\/www.jojoenherbe.com\/wp-content\/uploads\/2019\/12\/Illuminations-Saint-Jean-Cap-Ferrat-2-scaled.jpg?fit=1200%2C900&resize=350%2C200","width":350,"height":200,"srcset":"https:\/\/i0.wp.com\/www.jojoenherbe.com\/wp-content\/uploads\/2019\/12\/Illuminations-Saint-Jean-Cap-Ferrat-2-scaled.jpg?fit=1200%2C900&resize=350%2C200 1x, https:\/\/i0.wp.com\/www.jojoenherbe.com\/wp-content\/uploads\/2019\/12\/Illuminations-Saint-Jean-Cap-Ferrat-2-scaled.jpg?fit=1200%2C900&resize=525%2C300 1.5x, https:\/\/i0.wp.com\/www.jojoenherbe.com\/wp-content\/uploads\/2019\/12\/Illuminations-Saint-Jean-Cap-Ferrat-2-scaled.jpg?fit=1200%2C900&resize=700%2C400 2x, https:\/\/i0.wp.com\/www.jojoenherbe.com\/wp-content\/uploads\/2019\/12\/Illuminations-Saint-Jean-Cap-Ferrat-2-scaled.jpg?fit=1200%2C900&resize=1050%2C600 3x"},"classes":[]},{"id":9533,"url":"http:\/\/www.jojoenherbe.com\/index.php\/2020\/01\/12\/ptit-recap-du-challenge-christmas-time-2019\/","url_meta":{"origin":9021,"position":2},"title":"P&rsquo;tit r\u00e9cap du Challenge Christmas Time 2019","author":"Jojo","date":"12 janvier 2020","format":false,"excerpt":"En 2019, j'ai pris en cours de route le Challenge Christmas Time organis\u00e9 par Mya Rosa et qui s'est d\u00e9roul\u00e9 du 20 novembre 2019 au 12 janvier 2020 avec un planning facultatif. J'ai surtout pr\u00e9sent\u00e9, dans le cadre de ce challenge, de la litt\u00e9rature jeunesse avec: Des cahiers d'activit\u00e9s: des\u2026","rel":"","context":"Dans &quot;Mini challenger&quot;","block_context":{"text":"Mini challenger","link":"http:\/\/www.jojoenherbe.com\/index.php\/category\/mini-challenger\/"},"img":{"alt_text":"","src":"https:\/\/i0.wp.com\/www.jojoenherbe.com\/wp-content\/uploads\/2020\/01\/Iluminations-Mandelieu-La-Napoule-2-scaled.jpg?fit=1200%2C900&resize=350%2C200","width":350,"height":200,"srcset":"https:\/\/i0.wp.com\/www.jojoenherbe.com\/wp-content\/uploads\/2020\/01\/Iluminations-Mandelieu-La-Napoule-2-scaled.jpg?fit=1200%2C900&resize=350%2C200 1x, https:\/\/i0.wp.com\/www.jojoenherbe.com\/wp-content\/uploads\/2020\/01\/Iluminations-Mandelieu-La-Napoule-2-scaled.jpg?fit=1200%2C900&resize=525%2C300 1.5x, https:\/\/i0.wp.com\/www.jojoenherbe.com\/wp-content\/uploads\/2020\/01\/Iluminations-Mandelieu-La-Napoule-2-scaled.jpg?fit=1200%2C900&resize=700%2C400 2x, https:\/\/i0.wp.com\/www.jojoenherbe.com\/wp-content\/uploads\/2020\/01\/Iluminations-Mandelieu-La-Napoule-2-scaled.jpg?fit=1200%2C900&resize=1050%2C600 3x"},"classes":[]},{"id":9219,"url":"http:\/\/www.jojoenherbe.com\/index.php\/2019\/12\/28\/feter-noel-2019\/","url_meta":{"origin":9021,"position":3},"title":"F\u00eater No\u00ebl 2019","author":"Jojo","date":"28 d\u00e9cembre 2019","format":false,"excerpt":"Pour cette derni\u00e8re semaine de l'ann\u00e9e, il est temps de f\u00eater No\u00ebl! Je commence par une premi\u00e8re photo pour la semaine 52 du Projet 52-2019 de Du c\u00f4t\u00e9 de chez Ma', le th\u00e8me \u00e9tant \"F\u00eater\". Il s' agit de la d\u00e9coration principale de notre table \u00e9clair\u00e9e aux bougies et \u00e0\u2026","rel":"","context":"Dans &quot;mini photographe&quot;","block_context":{"text":"mini photographe","link":"http:\/\/www.jojoenherbe.com\/index.php\/category\/mini-photographe\/"},"img":{"alt_text":"","src":"https:\/\/i0.wp.com\/www.jojoenherbe.com\/wp-content\/uploads\/2019\/12\/D%C3%A9cos-du-r%C3%A9veillon-de-No%C3%ABl-scaled.jpg?fit=1200%2C900&resize=350%2C200","width":350,"height":200,"srcset":"https:\/\/i0.wp.com\/www.jojoenherbe.com\/wp-content\/uploads\/2019\/12\/D%C3%A9cos-du-r%C3%A9veillon-de-No%C3%ABl-scaled.jpg?fit=1200%2C900&resize=350%2C200 1x, https:\/\/i0.wp.com\/www.jojoenherbe.com\/wp-content\/uploads\/2019\/12\/D%C3%A9cos-du-r%C3%A9veillon-de-No%C3%ABl-scaled.jpg?fit=1200%2C900&resize=525%2C300 1.5x, https:\/\/i0.wp.com\/www.jojoenherbe.com\/wp-content\/uploads\/2019\/12\/D%C3%A9cos-du-r%C3%A9veillon-de-No%C3%ABl-scaled.jpg?fit=1200%2C900&resize=700%2C400 2x, https:\/\/i0.wp.com\/www.jojoenherbe.com\/wp-content\/uploads\/2019\/12\/D%C3%A9cos-du-r%C3%A9veillon-de-No%C3%ABl-scaled.jpg?fit=1200%2C900&resize=1050%2C600 3x"},"classes":[]},{"id":8805,"url":"http:\/\/www.jojoenherbe.com\/index.php\/2019\/12\/09\/decos-au-chalet-de-noel\/","url_meta":{"origin":9021,"position":4},"title":"D\u00e9cos au chalet de No\u00ebl","author":"Jojo","date":"9 d\u00e9cembre 2019","format":false,"excerpt":"Dans le cadre du challenge \"Il \u00e9tait 7 fois No\u00ebl\", les d\u00e9corations de No\u00ebl sont mises \u00e0 l'honneur en ce 8 d\u00e9cembre 2019, jour des lumi\u00e8res \u00e9galement. Avec un petit jour de retard, voici nos principales d\u00e9corations install\u00e9es dans notre chambre cosy du chalet. Nous avons tout d\u00e9cor\u00e9 depuis fin\u2026","rel":"","context":"Dans &quot;Mini challenger&quot;","block_context":{"text":"Mini challenger","link":"http:\/\/www.jojoenherbe.com\/index.php\/category\/mini-challenger\/"},"img":{"alt_text":"","src":"https:\/\/i0.wp.com\/www.jojoenherbe.com\/wp-content\/uploads\/2019\/12\/D%C3%A9cos-de-No%C3%ABl-6-1-scaled.jpg?fit=551%2C1200&resize=350%2C200","width":350,"height":200,"srcset":"https:\/\/i0.wp.com\/www.jojoenherbe.com\/wp-content\/uploads\/2019\/12\/D%C3%A9cos-de-No%C3%ABl-6-1-scaled.jpg?fit=551%2C1200&resize=350%2C200 1x, https:\/\/i0.wp.com\/www.jojoenherbe.com\/wp-content\/uploads\/2019\/12\/D%C3%A9cos-de-No%C3%ABl-6-1-scaled.jpg?fit=551%2C1200&resize=525%2C300 1.5x"},"classes":[]},{"id":41912,"url":"http:\/\/www.jojoenherbe.com\/index.php\/2025\/12\/21\/semaine-51-du-projet-52-2025-fetes-de-fin-dannee\/","url_meta":{"origin":9021,"position":5},"title":"Semaine 51 du Projet 52-2025: \u00ab\u00a0F\u00eates de fin d&rsquo;ann\u00e9e\u00a0\u00bb","author":"Jojo","date":"21 d\u00e9cembre 2025","format":false,"excerpt":"Pour la semaine 51 du Projet 52-2025 de Du c\u00f4t\u00e9 de chez Ma\u2019, le th\u00e8me est \"F\u00eates de fin d'ann\u00e9e\", un th\u00e8me bien de saison et pour lequel j'ai pioch\u00e9 dans les photos prises hier soir, \u00e0 Nice, sur le miroir d'eau de de la Coul\u00e9e Verte jouxtant la place\u2026","rel":"","context":"Dans &quot;Mini blogueur&quot;","block_context":{"text":"Mini blogueur","link":"http:\/\/www.jojoenherbe.com\/index.php\/category\/mini-blogueur\/"},"img":{"alt_text":"","src":"https:\/\/i0.wp.com\/www.jojoenherbe.com\/wp-content\/uploads\/2025\/12\/Nice-Noel-2025-scaled.jpg?fit=1040%2C1200&resize=350%2C200","width":350,"height":200,"srcset":"https:\/\/i0.wp.com\/www.jojoenherbe.com\/wp-content\/uploads\/2025\/12\/Nice-Noel-2025-scaled.jpg?fit=1040%2C1200&resize=350%2C200 1x, https:\/\/i0.wp.com\/www.jojoenherbe.com\/wp-content\/uploads\/2025\/12\/Nice-Noel-2025-scaled.jpg?fit=1040%2C1200&resize=525%2C300 1.5x, https:\/\/i0.wp.com\/www.jojoenherbe.com\/wp-content\/uploads\/2025\/12\/Nice-Noel-2025-scaled.jpg?fit=1040%2C1200&resize=700%2C400 2x"},"classes":[]}],"_links":{"self":[{"href":"http:\/\/www.jojoenherbe.com\/index.php\/wp-json\/wp\/v2\/posts\/9021","targetHints":{"allow":["GET"]}}],"collection":[{"href":"http:\/\/www.jojoenherbe.com\/index.php\/wp-json\/wp\/v2\/posts"}],"about":[{"href":"http:\/\/www.jojoenherbe.com\/index.php\/wp-json\/wp\/v2\/types\/post"}],"author":[{"embeddable":true,"href":"http:\/\/www.jojoenherbe.com\/index.php\/wp-json\/wp\/v2\/users\/1"}],"replies":[{"embeddable":true,"href":"http:\/\/www.jojoenherbe.com\/index.php\/wp-json\/wp\/v2\/comments?post=9021"}],"version-history":[{"count":0,"href":"http:\/\/www.jojoenherbe.com\/index.php\/wp-json\/wp\/v2\/posts\/9021\/revisions"}],"wp:featuredmedia":[{"embeddable":true,"href":"http:\/\/www.jojoenherbe.com\/index.php\/wp-json\/wp\/v2\/media\/9025"}],"wp:attachment":[{"href":"http:\/\/www.jojoenherbe.com\/index.php\/wp-json\/wp\/v2\/media?parent=9021"}],"wp:term":[{"taxonomy":"category","embeddable":true,"href":"http:\/\/www.jojoenherbe.com\/index.php\/wp-json\/wp\/v2\/categories?post=9021"},{"taxonomy":"post_tag","embeddable":true,"href":"http:\/\/www.jojoenherbe.com\/index.php\/wp-json\/wp\/v2\/tags?post=9021"}],"curies":[{"name":"wp","href":"https:\/\/api.w.org\/{rel}","templated":true}]}}