{"id":9008,"date":"2019-12-18T15:39:56","date_gmt":"2019-12-18T14:39:56","guid":{"rendered":"http:\/\/www.jojoenherbe.com\/?p=9008"},"modified":"2022-04-12T16:35:32","modified_gmt":"2022-04-12T14:35:32","slug":"au-fil-des-pages-avec-le-joueur-de-flute-de-hamelin","status":"publish","type":"post","link":"http:\/\/www.jojoenherbe.com\/index.php\/2019\/12\/18\/au-fil-des-pages-avec-le-joueur-de-flute-de-hamelin\/","title":{"rendered":"Au fil des pages avec Le joueur de fl\u00fbte de Hamelin"},"content":{"rendered":"<p style=\"text-align: justify;\"><a href=\"https:\/\/i0.wp.com\/www.jojoenherbe.com\/wp-content\/uploads\/2019\/12\/Le-joueur-de-fl%C3%BBte-de-Hamelin-2-scaled.jpg\"><img data-recalc-dims=\"1\" loading=\"lazy\" decoding=\"async\" data-attachment-id=\"9010\" data-permalink=\"http:\/\/www.jojoenherbe.com\/index.php\/2019\/12\/18\/au-fil-des-pages-avec-le-joueur-de-flute-de-hamelin\/le-joueur-de-flute-de-hamelin-2\/\" data-orig-file=\"https:\/\/i0.wp.com\/www.jojoenherbe.com\/wp-content\/uploads\/2019\/12\/Le-joueur-de-fl%C3%BBte-de-Hamelin-2-scaled.jpg?fit=2560%2C1814\" data-orig-size=\"2560,1814\" data-comments-opened=\"1\" data-image-meta=\"{&quot;aperture&quot;:&quot;2.4&quot;,&quot;credit&quot;:&quot;&quot;,&quot;camera&quot;:&quot;iPhone 4S&quot;,&quot;caption&quot;:&quot;&quot;,&quot;created_timestamp&quot;:&quot;1576680295&quot;,&quot;copyright&quot;:&quot;&quot;,&quot;focal_length&quot;:&quot;4.28&quot;,&quot;iso&quot;:&quot;800&quot;,&quot;shutter_speed&quot;:&quot;0.066666666666667&quot;,&quot;title&quot;:&quot;&quot;,&quot;orientation&quot;:&quot;1&quot;}\" data-image-title=\"Le joueur de fl\u00fbte de Hamelin 2\" data-image-description=\"\" data-image-caption=\"\" data-large-file=\"https:\/\/i0.wp.com\/www.jojoenherbe.com\/wp-content\/uploads\/2019\/12\/Le-joueur-de-fl%C3%BBte-de-Hamelin-2-scaled.jpg?fit=676%2C479\" class=\"alignleft size-thumbnail wp-image-9010\" src=\"https:\/\/i0.wp.com\/www.jojoenherbe.com\/wp-content\/uploads\/2019\/12\/Le-joueur-de-fl%C3%BBte-de-Hamelin-2.jpg?resize=150%2C150\" alt=\"\" width=\"150\" height=\"150\" srcset=\"https:\/\/i0.wp.com\/www.jojoenherbe.com\/wp-content\/uploads\/2019\/12\/Le-joueur-de-fl%C3%BBte-de-Hamelin-2-scaled.jpg?resize=150%2C150 150w, https:\/\/i0.wp.com\/www.jojoenherbe.com\/wp-content\/uploads\/2019\/12\/Le-joueur-de-fl%C3%BBte-de-Hamelin-2-scaled.jpg?zoom=2&amp;resize=150%2C150 300w, https:\/\/i0.wp.com\/www.jojoenherbe.com\/wp-content\/uploads\/2019\/12\/Le-joueur-de-fl%C3%BBte-de-Hamelin-2-scaled.jpg?zoom=3&amp;resize=150%2C150 450w\" sizes=\"auto, (max-width: 150px) 100vw, 150px\" \/><\/a> <a href=\"https:\/\/i0.wp.com\/www.jojoenherbe.com\/wp-content\/uploads\/2019\/12\/Le-joueur-de-fl%C3%BBte-de-Hamelin-3-scaled.jpg\"><img data-recalc-dims=\"1\" loading=\"lazy\" decoding=\"async\" data-attachment-id=\"9011\" data-permalink=\"http:\/\/www.jojoenherbe.com\/index.php\/2019\/12\/18\/au-fil-des-pages-avec-le-joueur-de-flute-de-hamelin\/le-joueur-de-flute-de-hamelin-3\/\" data-orig-file=\"https:\/\/i0.wp.com\/www.jojoenherbe.com\/wp-content\/uploads\/2019\/12\/Le-joueur-de-fl%C3%BBte-de-Hamelin-3-scaled.jpg?fit=2560%2C1805\" data-orig-size=\"2560,1805\" data-comments-opened=\"1\" data-image-meta=\"{&quot;aperture&quot;:&quot;2.4&quot;,&quot;credit&quot;:&quot;&quot;,&quot;camera&quot;:&quot;iPhone 4S&quot;,&quot;caption&quot;:&quot;&quot;,&quot;created_timestamp&quot;:&quot;1576680308&quot;,&quot;copyright&quot;:&quot;&quot;,&quot;focal_length&quot;:&quot;4.28&quot;,&quot;iso&quot;:&quot;320&quot;,&quot;shutter_speed&quot;:&quot;0.066666666666667&quot;,&quot;title&quot;:&quot;&quot;,&quot;orientation&quot;:&quot;1&quot;}\" data-image-title=\"Le joueur de fl\u00fbte de Hamelin 3\" data-image-description=\"\" data-image-caption=\"\" data-large-file=\"https:\/\/i0.wp.com\/www.jojoenherbe.com\/wp-content\/uploads\/2019\/12\/Le-joueur-de-fl%C3%BBte-de-Hamelin-3-scaled.jpg?fit=676%2C477\" class=\"alignleft size-thumbnail wp-image-9011\" src=\"https:\/\/i0.wp.com\/www.jojoenherbe.com\/wp-content\/uploads\/2019\/12\/Le-joueur-de-fl%C3%BBte-de-Hamelin-3.jpg?resize=150%2C150\" alt=\"\" width=\"150\" height=\"150\" srcset=\"https:\/\/i0.wp.com\/www.jojoenherbe.com\/wp-content\/uploads\/2019\/12\/Le-joueur-de-fl%C3%BBte-de-Hamelin-3-scaled.jpg?resize=150%2C150 150w, https:\/\/i0.wp.com\/www.jojoenherbe.com\/wp-content\/uploads\/2019\/12\/Le-joueur-de-fl%C3%BBte-de-Hamelin-3-scaled.jpg?zoom=2&amp;resize=150%2C150 300w, https:\/\/i0.wp.com\/www.jojoenherbe.com\/wp-content\/uploads\/2019\/12\/Le-joueur-de-fl%C3%BBte-de-Hamelin-3-scaled.jpg?zoom=3&amp;resize=150%2C150 450w\" sizes=\"auto, (max-width: 150px) 100vw, 150px\" \/><\/a><em>J&#8217;emprunte \u00e0 la biblioth\u00e8que <span style=\"text-decoration: underline;\">Le joueur de fl\u00fbte de Hamelin<\/span> de Thomas Baas, d&rsquo;apr\u00e8s les Fr\u00e8res Grimm (\u00e9d. Actes Sud Junior, 2015), un album jeunesse \u00e0 partir de 6 ans. Nous retrouvons les habitants de Hamelin, une petite ville allemande, tr\u00e8s orgueilleux et privil\u00e9giant les f\u00eates \u00e0 leurs enfants. C&rsquo;est alors que des rats envahissent la ville. Incapable de les chasser, le maire promet une r\u00e9compense de mille pi\u00e8ces d&rsquo;or. Un \u00e9tranger, joueur de fl\u00fbte arrive alors. Qu&rsquo;adviendra-t-il de la ville et de ses habitants, en particulier des enfants? <\/em><\/p>\n<p style=\"text-align: justify;\"><em>L&rsquo;histoire s&rsquo;attarde sur les rats, leur faim insatiable et la peur des habitants face \u00e0 ce danger, les illustrations \u00e9tant alors tr\u00e8s sombres voire effrayantes pour de jeunes lecteurs. Bien que l&rsquo;auteur pose l&rsquo;histoire la veille de No\u00ebl 1283, il l&rsquo;illustre dans un d\u00e9cor plus proche de la premi\u00e8re moiti\u00e9 du XXe si\u00e8cle. Quant au joueur de fl\u00fbte, tout de noir v\u00eatu, il y a un c\u00f4t\u00e9 sobre et magique qui se d\u00e9gage de lui, ce qui contraste avec l&rsquo;attitude des parents ancr\u00e9s dans leurs vices et celle des enfants au mine joyeuse presque na\u00efve. Une relecture int\u00e9ressante du conte traditionnel des fr\u00e8res Grimm, lui-m\u00eame issu d&rsquo;une l\u00e9gende allemande de disparition d&rsquo;enfants de 1284!<\/em><\/p>\n<div id=\"attachment_10221\" style=\"width: 103px\" class=\"wp-caption alignleft\"><img data-recalc-dims=\"1\" loading=\"lazy\" decoding=\"async\" aria-describedby=\"caption-attachment-10221\" class=\"wp-image-10221\" src=\"https:\/\/i0.wp.com\/mapetitemediatheque.fr\/wp-content\/uploads\/2018\/11\/No%C3%ABl-230x300.jpg?resize=93%2C121\" sizes=\"auto, (max-width: 143px) 100vw, 143px\" srcset=\"http:\/\/mapetitemediatheque.fr\/wp-content\/uploads\/2018\/11\/No\u00ebl-230x300.jpg 230w, http:\/\/mapetitemediatheque.fr\/wp-content\/uploads\/2018\/11\/No\u00ebl-768x1000.jpg 768w, http:\/\/mapetitemediatheque.fr\/wp-content\/uploads\/2018\/11\/No\u00ebl-786x1024.jpg 786w, http:\/\/mapetitemediatheque.fr\/wp-content\/uploads\/2018\/11\/No\u00ebl-600x781.jpg 600w, http:\/\/mapetitemediatheque.fr\/wp-content\/uploads\/2018\/11\/No\u00ebl.jpg 960w\" alt=\"\" width=\"93\" height=\"121\" \/><p id=\"caption-attachment-10221\" class=\"wp-caption-text\">Participation #2 Challenge Contes de No\u00ebl de <a href=\"http:\/\/mapetitemediatheque.fr\/\">Bidib<\/a><\/p><\/div>\n<div style=\"width: 120px\" class=\"wp-caption alignleft\"><img data-recalc-dims=\"1\" loading=\"lazy\" decoding=\"async\" class=\"\" src=\"https:\/\/i0.wp.com\/img.over-blog-kiwi.com\/1\/49\/01\/49\/20191113\/ob_66c4c9_challengechristmastime2019bisbis.jpg?resize=110%2C100&#038;ssl=1\" alt=\"\" width=\"110\" height=\"100\" data-amp-height=\"271\" data-amp-width=\"300\" \/><p class=\"wp-caption-text\">Challenge Christmas Time 2019 de <a href=\"http:\/\/mya.books.over-blog.com\/2019\/11\/challenge-christmas-time-2019.html\">Mya Rosa<\/a> #Contes d&rsquo;hiver et de No\u00ebl<\/p><\/div>\n<div id=\"attachment_4796\" style=\"width: 111px\" class=\"wp-caption alignleft\"><img data-recalc-dims=\"1\" loading=\"lazy\" decoding=\"async\" aria-describedby=\"caption-attachment-4796\" class=\"wp-image-4796\" src=\"https:\/\/i0.wp.com\/www.laplanquealibellules.fr\/wp-content\/uploads\/sites\/3\/2019\/11\/Logo_1_2019-1024x1024.jpg?resize=101%2C101&#038;ssl=1\" sizes=\"auto, (max-width: 1024px) 100vw, 1024px\" srcset=\"https:\/\/www.laplanquealibellules.fr\/wp-content\/uploads\/sites\/3\/2019\/11\/Logo_1_2019-1024x1024.jpg 1024w, https:\/\/www.laplanquealibellules.fr\/wp-content\/uploads\/sites\/3\/2019\/11\/Logo_1_2019-150x150.jpg 150w, https:\/\/www.laplanquealibellules.fr\/wp-content\/uploads\/sites\/3\/2019\/11\/Logo_1_2019-300x300.jpg 300w, https:\/\/www.laplanquealibellules.fr\/wp-content\/uploads\/sites\/3\/2019\/11\/Logo_1_2019-768x768.jpg 768w, https:\/\/www.laplanquealibellules.fr\/wp-content\/uploads\/sites\/3\/2019\/11\/Logo_1_2019.jpg 2000w\" alt=\"\" width=\"101\" height=\"101\" data-id=\"4796\" data-link=\"https:\/\/www.laplanquealibellules.fr\/?attachment_id=4796\" \/><p id=\"caption-attachment-4796\" class=\"wp-caption-text\">Challenge Il \u00e9tait 7 fois No\u00ebl de <a href=\"https:\/\/www.laplanquealibellules.fr\/2019\/11\/il-etait-sept-fois-noel.html\/\">Chicky Poo<\/a> et <a href=\"https:\/\/viedecontedefee.blogspot.com\/2019\/11\/1577-il-etait-sept-fois-noel.html\">Samarian<\/a><\/p><\/div>\n<div style=\"width: 116px\" class=\"wp-caption alignleft\"><img data-recalc-dims=\"1\" loading=\"lazy\" decoding=\"async\" class=\"\" src=\"https:\/\/i0.wp.com\/delivrer-des-livres.fr\/wp-content\/uploads\/2019\/05\/logoalbums2019.png?resize=106%2C106\" alt=\"\" width=\"106\" height=\"106\" \/><p class=\"wp-caption-text\">Participation #108 <a href=\"http:\/\/delivrer-des-livres.fr\/challenge-albums-2019\/\">Je lis aussi des albums<\/a><\/p><\/div>\n<div id=\"attachment_33643\" style=\"width: 127px\" class=\"wp-caption alignleft\"><img data-recalc-dims=\"1\" loading=\"lazy\" decoding=\"async\" aria-describedby=\"caption-attachment-33643\" class=\"wp-image-33643\" src=\"https:\/\/i0.wp.com\/delivrer-des-livres.fr\/wp-content\/uploads\/2019\/01\/petit-bac-2019.jpg?resize=117%2C89\" sizes=\"auto, (max-width: 200px) 100vw, 200px\" srcset=\"http:\/\/delivrer-des-livres.fr\/wp-content\/uploads\/2019\/01\/petit-bac-2019.jpg 285w, http:\/\/delivrer-des-livres.fr\/wp-content\/uploads\/2019\/01\/petit-bac-2019-150x114.jpg 150w\" alt=\"\" width=\"117\" height=\"89\" \/><p id=\"caption-attachment-33643\" class=\"wp-caption-text\"><a href=\"https:\/\/ennalit.wordpress.com\/2018\/12\/01\/challenge-petit-bac-2019-qui-veut-jouer\/\">Challenge Petit Bac d&rsquo;Enna<\/a> &#8211; #16 cat\u00e9gorie Lieu: \u00ab\u00a0Hamelin\u00a0\u00bb<\/p><\/div>\n","protected":false},"excerpt":{"rendered":"<p>J&#8217;emprunte \u00e0 la biblioth\u00e8que Le joueur de fl\u00fbte de Hamelin de Thomas Baas, d&rsquo;apr\u00e8s les Fr\u00e8res Grimm (\u00e9d. Actes Sud Junior, 2015), un album jeunesse \u00e0 partir de 6 ans. Nous retrouvons les habitants de Hamelin, une petite ville allemande, tr\u00e8s orgueilleux et privil\u00e9giant les f\u00eates \u00e0 leurs enfants. C&rsquo;est alors que des rats envahissent [&hellip;]<\/p>\n","protected":false},"author":1,"featured_media":9012,"comment_status":"open","ping_status":"open","sticky":false,"template":"","format":"standard","meta":{"jetpack_post_was_ever_published":false,"_jetpack_newsletter_access":"","_jetpack_dont_email_post_to_subs":false,"_jetpack_newsletter_tier_id":0,"_jetpack_memberships_contains_paywalled_content":false,"_jetpack_memberships_contains_paid_content":false,"footnotes":""},"categories":[363],"tags":[788,409,1381,1368,1349,245,1082,1081,1080,1083,1078,1077,982,1350,367,775,727,632,19,555,1079,1380],"class_list":["post-9008","post","type-post","status-publish","format-standard","has-post-thumbnail","hentry","category-mini-lecteur","tag-6-9-ans","tag-albums-jeunesse","tag-challenge-christmas-time-2019","tag-challenge-contes-et-legendes-2019","tag-challenge-petit-bac-2019","tag-contes","tag-danger","tag-disparition","tag-enfant","tag-enlevement","tag-flute","tag-freres-grimm","tag-il-etait-7-fois-noel","tag-je-lis-aussi-des-albums-2019","tag-lecture-jeunesse","tag-legendes","tag-magie","tag-musique","tag-noel","tag-peur","tag-rats","tag-thomas-baas","post-preview"],"jetpack_featured_media_url":"https:\/\/i0.wp.com\/www.jojoenherbe.com\/wp-content\/uploads\/2019\/12\/Le-joueur-de-fl%C3%BBte-de-Hamelin-scaled.jpg?fit=2331%2C2560","jetpack_sharing_enabled":true,"jetpack_shortlink":"https:\/\/wp.me\/p9zhGx-2li","jetpack_likes_enabled":true,"jetpack-related-posts":[{"id":15835,"url":"http:\/\/www.jojoenherbe.com\/index.php\/2021\/02\/17\/au-fil-des-pages-avec-le-petit-chaperon-rouge-2\/","url_meta":{"origin":9008,"position":0},"title":"Au fil des pages avec Le petit chaperon rouge","author":"Jojo","date":"17 f\u00e9vrier 2021","format":false,"excerpt":"Nous empruntons \u00e0 la m\u00e9diath\u00e8que Le petit chaperon rouge illustr\u00e9 par Thomas Baas, d'apr\u00e8s les Fr\u00e8res Grimm (\u00e9d. Play Bac, 2017), un album jeunesse \u00e0 partir de 4 ans voire un peu plus grand. Une petite fille se rend chez sa grand-m\u00e8re malade pour lui apporter un bon g\u00e2teau et\u2026","rel":"","context":"Dans &quot;Mini lecteur&quot;","block_context":{"text":"Mini lecteur","link":"http:\/\/www.jojoenherbe.com\/index.php\/category\/mini-lecteur\/"},"img":{"alt_text":"","src":"https:\/\/i0.wp.com\/www.jojoenherbe.com\/wp-content\/uploads\/2021\/02\/Le-petit-chaperon-rouge-Thomas-Baas-scaled.jpg?fit=1200%2C916&resize=350%2C200","width":350,"height":200,"srcset":"https:\/\/i0.wp.com\/www.jojoenherbe.com\/wp-content\/uploads\/2021\/02\/Le-petit-chaperon-rouge-Thomas-Baas-scaled.jpg?fit=1200%2C916&resize=350%2C200 1x, https:\/\/i0.wp.com\/www.jojoenherbe.com\/wp-content\/uploads\/2021\/02\/Le-petit-chaperon-rouge-Thomas-Baas-scaled.jpg?fit=1200%2C916&resize=525%2C300 1.5x, https:\/\/i0.wp.com\/www.jojoenherbe.com\/wp-content\/uploads\/2021\/02\/Le-petit-chaperon-rouge-Thomas-Baas-scaled.jpg?fit=1200%2C916&resize=700%2C400 2x, https:\/\/i0.wp.com\/www.jojoenherbe.com\/wp-content\/uploads\/2021\/02\/Le-petit-chaperon-rouge-Thomas-Baas-scaled.jpg?fit=1200%2C916&resize=1050%2C600 3x"},"classes":[]},{"id":11011,"url":"http:\/\/www.jojoenherbe.com\/index.php\/2020\/05\/23\/au-fil-des-pages-avec-ameline-joueuse-de-flute\/","url_meta":{"origin":9008,"position":1},"title":"Au fil des pages avec Ameline, Joueuse de fl\u00fbte","author":"Jojo","date":"23 mai 2020","format":false,"excerpt":"Je lis Ameline, Joueuse de fl\u00fbte de Cl\u00e9mentine Beauvais et Antoine D\u00e9prez (\u00e9d. Alice Jeunesse, 2018), un album jeunesse \u00e0 partir de 8\/9 ans. Orpheline, Ameline grandit aupr\u00e8s de son grand-p\u00e8re, Popi qui lui raconte tr\u00e8s r\u00e9guli\u00e8rement une histoire sombre et terrifiante, celle du Joueur de fl\u00fbte de Hamelin. Au\u2026","rel":"","context":"Dans &quot;Mini lecteur&quot;","block_context":{"text":"Mini lecteur","link":"http:\/\/www.jojoenherbe.com\/index.php\/category\/mini-lecteur\/"},"img":{"alt_text":"","src":"https:\/\/i0.wp.com\/www.jojoenherbe.com\/wp-content\/uploads\/2020\/05\/Ameline-Joueuse-de-fl%C3%BBte-scaled.jpg?fit=1200%2C937&resize=350%2C200","width":350,"height":200,"srcset":"https:\/\/i0.wp.com\/www.jojoenherbe.com\/wp-content\/uploads\/2020\/05\/Ameline-Joueuse-de-fl%C3%BBte-scaled.jpg?fit=1200%2C937&resize=350%2C200 1x, https:\/\/i0.wp.com\/www.jojoenherbe.com\/wp-content\/uploads\/2020\/05\/Ameline-Joueuse-de-fl%C3%BBte-scaled.jpg?fit=1200%2C937&resize=525%2C300 1.5x, https:\/\/i0.wp.com\/www.jojoenherbe.com\/wp-content\/uploads\/2020\/05\/Ameline-Joueuse-de-fl%C3%BBte-scaled.jpg?fit=1200%2C937&resize=700%2C400 2x, https:\/\/i0.wp.com\/www.jojoenherbe.com\/wp-content\/uploads\/2020\/05\/Ameline-Joueuse-de-fl%C3%BBte-scaled.jpg?fit=1200%2C937&resize=1050%2C600 3x"},"classes":[]},{"id":9533,"url":"http:\/\/www.jojoenherbe.com\/index.php\/2020\/01\/12\/ptit-recap-du-challenge-christmas-time-2019\/","url_meta":{"origin":9008,"position":2},"title":"P&rsquo;tit r\u00e9cap du Challenge Christmas Time 2019","author":"Jojo","date":"12 janvier 2020","format":false,"excerpt":"En 2019, j'ai pris en cours de route le Challenge Christmas Time organis\u00e9 par Mya Rosa et qui s'est d\u00e9roul\u00e9 du 20 novembre 2019 au 12 janvier 2020 avec un planning facultatif. J'ai surtout pr\u00e9sent\u00e9, dans le cadre de ce challenge, de la litt\u00e9rature jeunesse avec: Des cahiers d'activit\u00e9s: des\u2026","rel":"","context":"Dans &quot;Mini challenger&quot;","block_context":{"text":"Mini challenger","link":"http:\/\/www.jojoenherbe.com\/index.php\/category\/mini-challenger\/"},"img":{"alt_text":"","src":"https:\/\/i0.wp.com\/www.jojoenherbe.com\/wp-content\/uploads\/2020\/01\/Iluminations-Mandelieu-La-Napoule-2-scaled.jpg?fit=1200%2C900&resize=350%2C200","width":350,"height":200,"srcset":"https:\/\/i0.wp.com\/www.jojoenherbe.com\/wp-content\/uploads\/2020\/01\/Iluminations-Mandelieu-La-Napoule-2-scaled.jpg?fit=1200%2C900&resize=350%2C200 1x, https:\/\/i0.wp.com\/www.jojoenherbe.com\/wp-content\/uploads\/2020\/01\/Iluminations-Mandelieu-La-Napoule-2-scaled.jpg?fit=1200%2C900&resize=525%2C300 1.5x, https:\/\/i0.wp.com\/www.jojoenherbe.com\/wp-content\/uploads\/2020\/01\/Iluminations-Mandelieu-La-Napoule-2-scaled.jpg?fit=1200%2C900&resize=700%2C400 2x, https:\/\/i0.wp.com\/www.jojoenherbe.com\/wp-content\/uploads\/2020\/01\/Iluminations-Mandelieu-La-Napoule-2-scaled.jpg?fit=1200%2C900&resize=1050%2C600 3x"},"classes":[]},{"id":13014,"url":"http:\/\/www.jojoenherbe.com\/index.php\/2020\/11\/12\/au-fil-des-pages-avec-logre-et-les-sept-freres-biquet\/","url_meta":{"origin":9008,"position":3},"title":"Au fil des pages avec L&rsquo;ogre et les sept fr\u00e8res Biquet","author":"Jojo","date":"12 novembre 2020","format":false,"excerpt":"Nous empruntons \u00e0 la m\u00e9diath\u00e8que L\u2019ogre et les sept fr\u00e8res Biquet de V\u00e9ronique Cauchy et Fabien \u00d6ckto Lambert (\u00e9d. Circonflexe, 2016), un album jeunesse \u00e0 partir de 5 ans et d\u00e9tournant de fa\u00e7on hilarante le conte du Loup et des sept chevreaux des fr\u00e8res Grimm. A l'approche de No\u00ebl, un\u2026","rel":"","context":"Dans &quot;Mini lecteur&quot;","block_context":{"text":"Mini lecteur","link":"http:\/\/www.jojoenherbe.com\/index.php\/category\/mini-lecteur\/"},"img":{"alt_text":"","src":"https:\/\/i0.wp.com\/www.jojoenherbe.com\/wp-content\/uploads\/2020\/10\/Logre-et-les-sept-freres-Biquet-scaled.jpg?fit=1200%2C900&resize=350%2C200","width":350,"height":200,"srcset":"https:\/\/i0.wp.com\/www.jojoenherbe.com\/wp-content\/uploads\/2020\/10\/Logre-et-les-sept-freres-Biquet-scaled.jpg?fit=1200%2C900&resize=350%2C200 1x, https:\/\/i0.wp.com\/www.jojoenherbe.com\/wp-content\/uploads\/2020\/10\/Logre-et-les-sept-freres-Biquet-scaled.jpg?fit=1200%2C900&resize=525%2C300 1.5x, https:\/\/i0.wp.com\/www.jojoenherbe.com\/wp-content\/uploads\/2020\/10\/Logre-et-les-sept-freres-Biquet-scaled.jpg?fit=1200%2C900&resize=700%2C400 2x, https:\/\/i0.wp.com\/www.jojoenherbe.com\/wp-content\/uploads\/2020\/10\/Logre-et-les-sept-freres-Biquet-scaled.jpg?fit=1200%2C900&resize=1050%2C600 3x"},"classes":[]},{"id":8495,"url":"http:\/\/www.jojoenherbe.com\/index.php\/2019\/11\/18\/au-fil-des-pages-avec-harper\/","url_meta":{"origin":9008,"position":4},"title":"Au fil des pages avec Harper","author":"Jojo","date":"18 novembre 2019","format":false,"excerpt":"J'ai lu les trois tomes de la s\u00e9rie Harper, romans jeunesse fantasy \u00e0 partir de 7 ans. J'ai commenc\u00e9 par lire Harper et le parapluie magique de Cerrie Burnell et Laura Ellen Anderson (\u00e9d. Albin Michel Jeunesse, coll. Mes premiers Witty, septembre 2016, 160 pages). Nous suivons les aventures de\u2026","rel":"","context":"Dans &quot;Mini lecteur&quot;","block_context":{"text":"Mini lecteur","link":"http:\/\/www.jojoenherbe.com\/index.php\/category\/mini-lecteur\/"},"img":{"alt_text":"","src":"https:\/\/i0.wp.com\/www.jojoenherbe.com\/wp-content\/uploads\/2019\/11\/trilogie-Harper-scaled.jpg?fit=1200%2C821&resize=350%2C200","width":350,"height":200,"srcset":"https:\/\/i0.wp.com\/www.jojoenherbe.com\/wp-content\/uploads\/2019\/11\/trilogie-Harper-scaled.jpg?fit=1200%2C821&resize=350%2C200 1x, https:\/\/i0.wp.com\/www.jojoenherbe.com\/wp-content\/uploads\/2019\/11\/trilogie-Harper-scaled.jpg?fit=1200%2C821&resize=525%2C300 1.5x, https:\/\/i0.wp.com\/www.jojoenherbe.com\/wp-content\/uploads\/2019\/11\/trilogie-Harper-scaled.jpg?fit=1200%2C821&resize=700%2C400 2x, https:\/\/i0.wp.com\/www.jojoenherbe.com\/wp-content\/uploads\/2019\/11\/trilogie-Harper-scaled.jpg?fit=1200%2C821&resize=1050%2C600 3x"},"classes":[]},{"id":13276,"url":"http:\/\/www.jojoenherbe.com\/index.php\/2020\/10\/25\/nos-lectures-blanche-neige\/","url_meta":{"origin":9008,"position":5},"title":"Nos lectures \u00ab\u00a0Blanche-Neige\u00a0\u00bb","author":"Jojo","date":"25 octobre 2020","format":false,"excerpt":"Apr\u00e8s avoir lu une nouvelle fois Blanche-Neige, j'ai eu envie de regrouper dans un billet unique nos diff\u00e9rentes lectures de ce conte, que ce soit le conte traditionnel ou son d\u00e9tournement. Ce billet sera ainsi mis \u00e0 jour chaque fois qu'une nouvelle version ou adaptation sera lue de Blanche-Neige. Des\u2026","rel":"","context":"Dans &quot;Mini lecteur&quot;","block_context":{"text":"Mini lecteur","link":"http:\/\/www.jojoenherbe.com\/index.php\/category\/mini-lecteur\/"},"img":{"alt_text":"","src":"https:\/\/i0.wp.com\/www.jojoenherbe.com\/wp-content\/uploads\/2020\/10\/Nos-lectures-Blanche-Neige-2-scaled.jpg?fit=1200%2C874&resize=350%2C200","width":350,"height":200,"srcset":"https:\/\/i0.wp.com\/www.jojoenherbe.com\/wp-content\/uploads\/2020\/10\/Nos-lectures-Blanche-Neige-2-scaled.jpg?fit=1200%2C874&resize=350%2C200 1x, https:\/\/i0.wp.com\/www.jojoenherbe.com\/wp-content\/uploads\/2020\/10\/Nos-lectures-Blanche-Neige-2-scaled.jpg?fit=1200%2C874&resize=525%2C300 1.5x, https:\/\/i0.wp.com\/www.jojoenherbe.com\/wp-content\/uploads\/2020\/10\/Nos-lectures-Blanche-Neige-2-scaled.jpg?fit=1200%2C874&resize=700%2C400 2x, https:\/\/i0.wp.com\/www.jojoenherbe.com\/wp-content\/uploads\/2020\/10\/Nos-lectures-Blanche-Neige-2-scaled.jpg?fit=1200%2C874&resize=1050%2C600 3x"},"classes":[]}],"_links":{"self":[{"href":"http:\/\/www.jojoenherbe.com\/index.php\/wp-json\/wp\/v2\/posts\/9008","targetHints":{"allow":["GET"]}}],"collection":[{"href":"http:\/\/www.jojoenherbe.com\/index.php\/wp-json\/wp\/v2\/posts"}],"about":[{"href":"http:\/\/www.jojoenherbe.com\/index.php\/wp-json\/wp\/v2\/types\/post"}],"author":[{"embeddable":true,"href":"http:\/\/www.jojoenherbe.com\/index.php\/wp-json\/wp\/v2\/users\/1"}],"replies":[{"embeddable":true,"href":"http:\/\/www.jojoenherbe.com\/index.php\/wp-json\/wp\/v2\/comments?post=9008"}],"version-history":[{"count":1,"href":"http:\/\/www.jojoenherbe.com\/index.php\/wp-json\/wp\/v2\/posts\/9008\/revisions"}],"predecessor-version":[{"id":24850,"href":"http:\/\/www.jojoenherbe.com\/index.php\/wp-json\/wp\/v2\/posts\/9008\/revisions\/24850"}],"wp:featuredmedia":[{"embeddable":true,"href":"http:\/\/www.jojoenherbe.com\/index.php\/wp-json\/wp\/v2\/media\/9012"}],"wp:attachment":[{"href":"http:\/\/www.jojoenherbe.com\/index.php\/wp-json\/wp\/v2\/media?parent=9008"}],"wp:term":[{"taxonomy":"category","embeddable":true,"href":"http:\/\/www.jojoenherbe.com\/index.php\/wp-json\/wp\/v2\/categories?post=9008"},{"taxonomy":"post_tag","embeddable":true,"href":"http:\/\/www.jojoenherbe.com\/index.php\/wp-json\/wp\/v2\/tags?post=9008"}],"curies":[{"name":"wp","href":"https:\/\/api.w.org\/{rel}","templated":true}]}}