{"id":8971,"date":"2019-12-17T11:13:19","date_gmt":"2019-12-17T10:13:19","guid":{"rendered":"http:\/\/www.jojoenherbe.com\/?p=8971"},"modified":"2021-12-14T12:30:48","modified_gmt":"2021-12-14T11:30:48","slug":"au-fil-des-pages-avec-le-tome-3-des-carnets-de-cerise","status":"publish","type":"post","link":"http:\/\/www.jojoenherbe.com\/index.php\/2019\/12\/17\/au-fil-des-pages-avec-le-tome-3-des-carnets-de-cerise\/","title":{"rendered":"Au fil des pages avec le tome 3 des Carnets de Cerise"},"content":{"rendered":"<p style=\"text-align: justify;\"><em><a href=\"https:\/\/i0.wp.com\/www.jojoenherbe.com\/wp-content\/uploads\/2019\/12\/Les-carnets-de-Cerise-T3-2-scaled.jpg\"><img data-recalc-dims=\"1\" loading=\"lazy\" decoding=\"async\" data-attachment-id=\"8974\" data-permalink=\"http:\/\/www.jojoenherbe.com\/index.php\/2019\/12\/17\/au-fil-des-pages-avec-le-tome-3-des-carnets-de-cerise\/les-carnets-de-cerise-t3-2\/\" data-orig-file=\"https:\/\/i0.wp.com\/www.jojoenherbe.com\/wp-content\/uploads\/2019\/12\/Les-carnets-de-Cerise-T3-2-scaled.jpg?fit=2560%2C2018\" data-orig-size=\"2560,2018\" data-comments-opened=\"1\" data-image-meta=\"{&quot;aperture&quot;:&quot;2.4&quot;,&quot;credit&quot;:&quot;&quot;,&quot;camera&quot;:&quot;iPhone 4S&quot;,&quot;caption&quot;:&quot;&quot;,&quot;created_timestamp&quot;:&quot;1576576731&quot;,&quot;copyright&quot;:&quot;&quot;,&quot;focal_length&quot;:&quot;4.28&quot;,&quot;iso&quot;:&quot;500&quot;,&quot;shutter_speed&quot;:&quot;0.066666666666667&quot;,&quot;title&quot;:&quot;&quot;,&quot;orientation&quot;:&quot;1&quot;}\" data-image-title=\"Les carnets de Cerise T3 2\" data-image-description=\"\" data-image-caption=\"\" data-large-file=\"https:\/\/i0.wp.com\/www.jojoenherbe.com\/wp-content\/uploads\/2019\/12\/Les-carnets-de-Cerise-T3-2-scaled.jpg?fit=676%2C533\" class=\"alignleft size-thumbnail wp-image-8974\" src=\"https:\/\/i0.wp.com\/www.jojoenherbe.com\/wp-content\/uploads\/2019\/12\/Les-carnets-de-Cerise-T3-2.jpg?resize=150%2C150\" alt=\"\" width=\"150\" height=\"150\" srcset=\"https:\/\/i0.wp.com\/www.jojoenherbe.com\/wp-content\/uploads\/2019\/12\/Les-carnets-de-Cerise-T3-2-scaled.jpg?resize=150%2C150 150w, https:\/\/i0.wp.com\/www.jojoenherbe.com\/wp-content\/uploads\/2019\/12\/Les-carnets-de-Cerise-T3-2-scaled.jpg?zoom=2&amp;resize=150%2C150 300w, https:\/\/i0.wp.com\/www.jojoenherbe.com\/wp-content\/uploads\/2019\/12\/Les-carnets-de-Cerise-T3-2-scaled.jpg?zoom=3&amp;resize=150%2C150 450w\" sizes=\"auto, (max-width: 150px) 100vw, 150px\" \/><\/a> <a href=\"https:\/\/i0.wp.com\/www.jojoenherbe.com\/wp-content\/uploads\/2019\/12\/Les-carnets-de-Cerise-T3-3-scaled.jpg\"><img data-recalc-dims=\"1\" loading=\"lazy\" decoding=\"async\" data-attachment-id=\"8975\" data-permalink=\"http:\/\/www.jojoenherbe.com\/index.php\/2019\/12\/17\/au-fil-des-pages-avec-le-tome-3-des-carnets-de-cerise\/les-carnets-de-cerise-t3-3\/\" data-orig-file=\"https:\/\/i0.wp.com\/www.jojoenherbe.com\/wp-content\/uploads\/2019\/12\/Les-carnets-de-Cerise-T3-3-scaled.jpg?fit=2560%2C2161\" data-orig-size=\"2560,2161\" data-comments-opened=\"1\" data-image-meta=\"{&quot;aperture&quot;:&quot;2.4&quot;,&quot;credit&quot;:&quot;&quot;,&quot;camera&quot;:&quot;iPhone 4S&quot;,&quot;caption&quot;:&quot;&quot;,&quot;created_timestamp&quot;:&quot;1576576812&quot;,&quot;copyright&quot;:&quot;&quot;,&quot;focal_length&quot;:&quot;4.28&quot;,&quot;iso&quot;:&quot;500&quot;,&quot;shutter_speed&quot;:&quot;0.066666666666667&quot;,&quot;title&quot;:&quot;&quot;,&quot;orientation&quot;:&quot;1&quot;}\" data-image-title=\"Les carnets de Cerise T3 3\" data-image-description=\"\" data-image-caption=\"\" data-large-file=\"https:\/\/i0.wp.com\/www.jojoenherbe.com\/wp-content\/uploads\/2019\/12\/Les-carnets-de-Cerise-T3-3-scaled.jpg?fit=676%2C571\" class=\"alignleft size-thumbnail wp-image-8975\" src=\"https:\/\/i0.wp.com\/www.jojoenherbe.com\/wp-content\/uploads\/2019\/12\/Les-carnets-de-Cerise-T3-3.jpg?resize=150%2C150\" alt=\"\" width=\"150\" height=\"150\" srcset=\"https:\/\/i0.wp.com\/www.jojoenherbe.com\/wp-content\/uploads\/2019\/12\/Les-carnets-de-Cerise-T3-3-scaled.jpg?resize=150%2C150 150w, https:\/\/i0.wp.com\/www.jojoenherbe.com\/wp-content\/uploads\/2019\/12\/Les-carnets-de-Cerise-T3-3-scaled.jpg?zoom=2&amp;resize=150%2C150 300w, https:\/\/i0.wp.com\/www.jojoenherbe.com\/wp-content\/uploads\/2019\/12\/Les-carnets-de-Cerise-T3-3-scaled.jpg?zoom=3&amp;resize=150%2C150 450w\" sizes=\"auto, (max-width: 150px) 100vw, 150px\" \/><\/a>J&#8217;emprunte \u00e0 la biblioth\u00e8que le tome 3 des <span style=\"text-decoration: underline;\">Carnets de Cerise, Le dernier des cinq tr\u00e9sors<\/span> de Joris Chamblain et Aur\u00e9lie Neyret (\u00e9d. Soleil, 2014), une bande dessin\u00e9e jeunesse \u00e0 partir de 9\/10 ans. Dans ce troisi\u00e8me tome, l&rsquo;histoire se d\u00e9roule en d\u00e9cembre, la premi\u00e8re page mettant imm\u00e9diatement le lecteur dans la magie de No\u00ebl avec une lettre de Cerise au P\u00e8re No\u00ebl. <\/em><\/p>\n<p style=\"text-align: justify;\"><em>Comme dans les tomes pr\u00e9c\u00e9dents, Cerise m\u00e8ne l&rsquo;enqu\u00eate avec ses fid\u00e8les amies, Line et Erica, les trois \u00e9tant d\u00e9sormais au coll\u00e8ge. En effet, en d\u00e9couvrant de vieilles partitions dans l&rsquo;atelier de reliure de Sandra, elles mettent la main sur le premier des cinq tr\u00e9sors. D&rsquo;autres suivront, perturbant de plus en plus Sandra qui replonge dans son pass\u00e9 un brin myst\u00e9rieux. Quel secret se cache derri\u00e8re cela? Sandra sera-t-elle la seule impact\u00e9e par cette enqu\u00eate? <\/em><\/p>\n<p style=\"text-align: justify;\"><em>Les illustrations sont toujours aussi jolies que dans les tomes pr\u00e9c\u00e9dents. J&rsquo;appr\u00e9cie toujours autant ce m\u00e9lange entre le journal intime de Cerise avec ces croquis, confidences et m\u00eame recettes de No\u00ebl et les passages de bandes dessin\u00e9es. L&rsquo;ambiance de No\u00ebl est vraiment bien retranscrite dans ce tome, notamment \u00e0 travers la relation entre Cerise et sa m\u00e8re, cette derni\u00e8re ayant cette fois-ci \u00e9t\u00e9 avertie de l&rsquo;enqu\u00eate. Un tr\u00e8s bon moment de lecture! Et pourquoi pas une id\u00e9e de cadeau de No\u00ebl?<br \/>\n<\/em><\/p>\n<p style=\"text-align: justify;\"><em>Cette bande dessin\u00e9e allait parfaitement bien avec mon week-end cosy du premier RAT du challenge Il \u00e9tait 7 fois No\u00ebl. Et puisque je l&rsquo;ai lu le 14 d\u00e9cembre 2019, c&rsquo;est \u00e9galement la pr\u00e9sentation d&rsquo;une bande dessin\u00e9e pour le Challenge Christmas Time 2019.<\/em><\/p>\n<div id=\"attachment_4796\" style=\"width: 145px\" class=\"wp-caption alignleft\"><img data-recalc-dims=\"1\" loading=\"lazy\" decoding=\"async\" aria-describedby=\"caption-attachment-4796\" class=\"wp-image-4796\" src=\"https:\/\/i0.wp.com\/www.laplanquealibellules.fr\/wp-content\/uploads\/sites\/3\/2019\/11\/Logo_1_2019-1024x1024.jpg?resize=135%2C135&#038;ssl=1\" sizes=\"auto, (max-width: 1024px) 100vw, 1024px\" srcset=\"https:\/\/www.laplanquealibellules.fr\/wp-content\/uploads\/sites\/3\/2019\/11\/Logo_1_2019-1024x1024.jpg 1024w, https:\/\/www.laplanquealibellules.fr\/wp-content\/uploads\/sites\/3\/2019\/11\/Logo_1_2019-150x150.jpg 150w, https:\/\/www.laplanquealibellules.fr\/wp-content\/uploads\/sites\/3\/2019\/11\/Logo_1_2019-300x300.jpg 300w, https:\/\/www.laplanquealibellules.fr\/wp-content\/uploads\/sites\/3\/2019\/11\/Logo_1_2019-768x768.jpg 768w, https:\/\/www.laplanquealibellules.fr\/wp-content\/uploads\/sites\/3\/2019\/11\/Logo_1_2019.jpg 2000w\" alt=\"\" width=\"135\" height=\"135\" data-id=\"4796\" data-link=\"https:\/\/www.laplanquealibellules.fr\/?attachment_id=4796\" \/><p id=\"caption-attachment-4796\" class=\"wp-caption-text\">Challenge Il \u00e9tait 7 fois No\u00ebl de <a href=\"https:\/\/www.laplanquealibellules.fr\/2019\/11\/il-etait-sept-fois-noel.html\/\">Chicky Poo<\/a> et <a href=\"https:\/\/viedecontedefee.blogspot.com\/2019\/11\/1577-il-etait-sept-fois-noel.html\">Samarian<\/a> #RAT<\/p><\/div>\n<div style=\"width: 153px\" class=\"wp-caption alignleft\"><img data-recalc-dims=\"1\" loading=\"lazy\" decoding=\"async\" class=\"\" src=\"https:\/\/i0.wp.com\/img.over-blog-kiwi.com\/1\/49\/01\/49\/20191113\/ob_66c4c9_challengechristmastime2019bisbis.jpg?resize=143%2C129&#038;ssl=1\" alt=\"\" width=\"143\" height=\"129\" data-amp-height=\"271\" data-amp-width=\"300\" \/><p class=\"wp-caption-text\">Challenge Christmas Time 2019 de <a href=\"http:\/\/mya.books.over-blog.com\/2019\/11\/challenge-christmas-time-2019.html\">Mya Rosa<\/a> #Bande dessin\u00e9e<\/p><\/div>\n<div id=\"attachment_33643\" style=\"width: 178px\" class=\"wp-caption alignleft\"><img data-recalc-dims=\"1\" loading=\"lazy\" decoding=\"async\" aria-describedby=\"caption-attachment-33643\" class=\"wp-image-33643\" src=\"https:\/\/i0.wp.com\/delivrer-des-livres.fr\/wp-content\/uploads\/2019\/01\/petit-bac-2019.jpg?resize=168%2C128\" sizes=\"auto, (max-width: 200px) 100vw, 200px\" srcset=\"http:\/\/delivrer-des-livres.fr\/wp-content\/uploads\/2019\/01\/petit-bac-2019.jpg 285w, http:\/\/delivrer-des-livres.fr\/wp-content\/uploads\/2019\/01\/petit-bac-2019-150x114.jpg 150w\" alt=\"\" width=\"168\" height=\"128\" \/><p id=\"caption-attachment-33643\" class=\"wp-caption-text\"><a href=\"https:\/\/ennalit.wordpress.com\/2018\/12\/01\/challenge-petit-bac-2019-qui-veut-jouer\/\">Challenge Petit Bac d&rsquo;Enna<\/a> &#8211; #16 cat\u00e9gorie V\u00e9g\u00e9tal: \u00ab\u00a0Cerise\u00a0\u00bb<\/p><\/div>\n","protected":false},"excerpt":{"rendered":"<p>J&#8217;emprunte \u00e0 la biblioth\u00e8que le tome 3 des Carnets de Cerise, Le dernier des cinq tr\u00e9sors de Joris Chamblain et Aur\u00e9lie Neyret (\u00e9d. Soleil, 2014), une bande dessin\u00e9e jeunesse \u00e0 partir de 9\/10 ans. Dans ce troisi\u00e8me tome, l&rsquo;histoire se d\u00e9roule en d\u00e9cembre, la premi\u00e8re page mettant imm\u00e9diatement le lecteur dans la magie de No\u00ebl [&hellip;]<\/p>\n","protected":false},"author":1,"featured_media":8976,"comment_status":"open","ping_status":"open","sticky":false,"template":"","format":"standard","meta":{"jetpack_post_was_ever_published":false,"_jetpack_newsletter_access":"","_jetpack_dont_email_post_to_subs":false,"_jetpack_newsletter_tier_id":0,"_jetpack_memberships_contains_paywalled_content":false,"_jetpack_memberships_contains_paid_content":false,"footnotes":""},"categories":[363],"tags":[852,386,1911,596,1226,1381,1349,936,868,914,982,1889,1076,367,1056,19,1075],"class_list":["post-8971","post","type-post","status-publish","format-standard","has-post-thumbnail","hentry","category-mini-lecteur","tag-9-12-ans","tag-amitie","tag-aurelie-neyret","tag-bandes-dessinees","tag-bd-jeunesse","tag-challenge-christmas-time-2019","tag-challenge-petit-bac-2019","tag-deuil","tag-enfance","tag-enquete","tag-il-etait-7-fois-noel","tag-joris-chamblain","tag-journal-intime","tag-lecture-jeunesse","tag-lectures-de-noel","tag-noel","tag-souvenirs","post-preview"],"jetpack_featured_media_url":"https:\/\/i0.wp.com\/www.jojoenherbe.com\/wp-content\/uploads\/2019\/12\/Les-carnets-de-Cerise-T3-scaled.jpg?fit=2443%2C2560","jetpack_sharing_enabled":true,"jetpack_shortlink":"https:\/\/wp.me\/p9zhGx-2kH","jetpack_likes_enabled":true,"jetpack-related-posts":[{"id":9148,"url":"http:\/\/www.jojoenherbe.com\/index.php\/2019\/12\/23\/au-fil-des-pages-avec-le-tome-4-des-carnets-de-cerise\/","url_meta":{"origin":8971,"position":0},"title":"Au fil des pages avec le tome 4 des Carnets de Cerise","author":"Jojo","date":"23 d\u00e9cembre 2019","format":false,"excerpt":"Apr\u00e8s avoir lu les trois premiers tomes, j'emprunte le tome 4: Les Carnets de Cerise, La d\u00e9esse sans visage de Joris Chamblain et Aur\u00e9lie Neyret (\u00e9d.\u00a0 Soleil,\u00a0 coll. M\u00e9tamorphose, 2016), une bande dessin\u00e9e jeunesse \u00e0 partir de 9\/10 ans, aux tr\u00e8s jolies illustrations \u00e0 l'instar de la couverture.\u00a0 Dans ce\u2026","rel":"","context":"Dans &quot;Mini lecteur&quot;","block_context":{"text":"Mini lecteur","link":"http:\/\/www.jojoenherbe.com\/index.php\/category\/mini-lecteur\/"},"img":{"alt_text":"","src":"https:\/\/i0.wp.com\/www.jojoenherbe.com\/wp-content\/uploads\/2019\/12\/Les-carnets-de-Cerise-T4-scaled.jpg?fit=1126%2C1200&resize=350%2C200","width":350,"height":200,"srcset":"https:\/\/i0.wp.com\/www.jojoenherbe.com\/wp-content\/uploads\/2019\/12\/Les-carnets-de-Cerise-T4-scaled.jpg?fit=1126%2C1200&resize=350%2C200 1x, https:\/\/i0.wp.com\/www.jojoenherbe.com\/wp-content\/uploads\/2019\/12\/Les-carnets-de-Cerise-T4-scaled.jpg?fit=1126%2C1200&resize=525%2C300 1.5x, https:\/\/i0.wp.com\/www.jojoenherbe.com\/wp-content\/uploads\/2019\/12\/Les-carnets-de-Cerise-T4-scaled.jpg?fit=1126%2C1200&resize=700%2C400 2x, https:\/\/i0.wp.com\/www.jojoenherbe.com\/wp-content\/uploads\/2019\/12\/Les-carnets-de-Cerise-T4-scaled.jpg?fit=1126%2C1200&resize=1050%2C600 3x"},"classes":[]},{"id":8880,"url":"http:\/\/www.jojoenherbe.com\/index.php\/2019\/12\/13\/un-premier-rat-de-noel-2019\/","url_meta":{"origin":8971,"position":1},"title":"Un premier RAT de No\u00ebl 2019","author":"Jojo","date":"13 d\u00e9cembre 2019","format":false,"excerpt":"C'est avec beaucoup d'impatience que j'attendais de d\u00e9buter ce premier RAT de No\u00ebl organis\u00e9 par Chicky Poo et Samarian du 13 d\u00e9cembre 21h au 15 d\u00e9cembre 2019 minuit, dans le cadre du Challenge \"Il \u00e9tait 7 fois No\u00ebl\". J'avais mis de c\u00f4t\u00e9 de nombreux albums jeunesse et romans. Certains ont\u2026","rel":"","context":"Dans &quot;Mini challenger&quot;","block_context":{"text":"Mini challenger","link":"http:\/\/www.jojoenherbe.com\/index.php\/category\/mini-challenger\/"},"img":{"alt_text":"","src":"https:\/\/i0.wp.com\/www.jojoenherbe.com\/wp-content\/uploads\/2019\/12\/1er-RAT-de-No%C3%ABl.jpg?fit=1167%2C1200&resize=350%2C200","width":350,"height":200,"srcset":"https:\/\/i0.wp.com\/www.jojoenherbe.com\/wp-content\/uploads\/2019\/12\/1er-RAT-de-No%C3%ABl.jpg?fit=1167%2C1200&resize=350%2C200 1x, https:\/\/i0.wp.com\/www.jojoenherbe.com\/wp-content\/uploads\/2019\/12\/1er-RAT-de-No%C3%ABl.jpg?fit=1167%2C1200&resize=525%2C300 1.5x, https:\/\/i0.wp.com\/www.jojoenherbe.com\/wp-content\/uploads\/2019\/12\/1er-RAT-de-No%C3%ABl.jpg?fit=1167%2C1200&resize=700%2C400 2x, https:\/\/i0.wp.com\/www.jojoenherbe.com\/wp-content\/uploads\/2019\/12\/1er-RAT-de-No%C3%ABl.jpg?fit=1167%2C1200&resize=1050%2C600 3x"},"classes":[]},{"id":9533,"url":"http:\/\/www.jojoenherbe.com\/index.php\/2020\/01\/12\/ptit-recap-du-challenge-christmas-time-2019\/","url_meta":{"origin":8971,"position":2},"title":"P&rsquo;tit r\u00e9cap du Challenge Christmas Time 2019","author":"Jojo","date":"12 janvier 2020","format":false,"excerpt":"En 2019, j'ai pris en cours de route le Challenge Christmas Time organis\u00e9 par Mya Rosa et qui s'est d\u00e9roul\u00e9 du 20 novembre 2019 au 12 janvier 2020 avec un planning facultatif. J'ai surtout pr\u00e9sent\u00e9, dans le cadre de ce challenge, de la litt\u00e9rature jeunesse avec: Des cahiers d'activit\u00e9s: des\u2026","rel":"","context":"Dans &quot;Mini challenger&quot;","block_context":{"text":"Mini challenger","link":"http:\/\/www.jojoenherbe.com\/index.php\/category\/mini-challenger\/"},"img":{"alt_text":"","src":"https:\/\/i0.wp.com\/www.jojoenherbe.com\/wp-content\/uploads\/2020\/01\/Iluminations-Mandelieu-La-Napoule-2-scaled.jpg?fit=1200%2C900&resize=350%2C200","width":350,"height":200,"srcset":"https:\/\/i0.wp.com\/www.jojoenherbe.com\/wp-content\/uploads\/2020\/01\/Iluminations-Mandelieu-La-Napoule-2-scaled.jpg?fit=1200%2C900&resize=350%2C200 1x, https:\/\/i0.wp.com\/www.jojoenherbe.com\/wp-content\/uploads\/2020\/01\/Iluminations-Mandelieu-La-Napoule-2-scaled.jpg?fit=1200%2C900&resize=525%2C300 1.5x, https:\/\/i0.wp.com\/www.jojoenherbe.com\/wp-content\/uploads\/2020\/01\/Iluminations-Mandelieu-La-Napoule-2-scaled.jpg?fit=1200%2C900&resize=700%2C400 2x, https:\/\/i0.wp.com\/www.jojoenherbe.com\/wp-content\/uploads\/2020\/01\/Iluminations-Mandelieu-La-Napoule-2-scaled.jpg?fit=1200%2C900&resize=1050%2C600 3x"},"classes":[]},{"id":12829,"url":"http:\/\/www.jojoenherbe.com\/index.php\/2020\/10\/28\/au-fil-des-pages-avec-le-tome-1-de-sorcieres-sorcieres\/","url_meta":{"origin":8971,"position":3},"title":"Au fil des pages avec le tome 1 de Sorci\u00e8res Sorci\u00e8res","author":"Jojo","date":"28 octobre 2020","format":false,"excerpt":"J'emprunte \u00e0 la m\u00e9diath\u00e8que le tome 1 de Sorci\u00e8res Sorci\u00e8res, Le myst\u00e8re du jeteur de sorts de Joris Chamblain et Lucile Thibaudier (\u00e9d. Kennes, 2014), une BD jeunesse \u00e0 partir de 6 ans. A Pamprelune, vivent de gentils sorciers dont la famille d'Harmonie et de Miette, deux s\u0153urs tr\u00e8s unies.\u2026","rel":"","context":"Dans &quot;Mini lecteur&quot;","block_context":{"text":"Mini lecteur","link":"http:\/\/www.jojoenherbe.com\/index.php\/category\/mini-lecteur\/"},"img":{"alt_text":"","src":"https:\/\/i0.wp.com\/www.jojoenherbe.com\/wp-content\/uploads\/2020\/10\/Sorcieres-Sorcieres-T1-scaled.jpg?fit=1200%2C900&resize=350%2C200","width":350,"height":200,"srcset":"https:\/\/i0.wp.com\/www.jojoenherbe.com\/wp-content\/uploads\/2020\/10\/Sorcieres-Sorcieres-T1-scaled.jpg?fit=1200%2C900&resize=350%2C200 1x, https:\/\/i0.wp.com\/www.jojoenherbe.com\/wp-content\/uploads\/2020\/10\/Sorcieres-Sorcieres-T1-scaled.jpg?fit=1200%2C900&resize=525%2C300 1.5x, https:\/\/i0.wp.com\/www.jojoenherbe.com\/wp-content\/uploads\/2020\/10\/Sorcieres-Sorcieres-T1-scaled.jpg?fit=1200%2C900&resize=700%2C400 2x, https:\/\/i0.wp.com\/www.jojoenherbe.com\/wp-content\/uploads\/2020\/10\/Sorcieres-Sorcieres-T1-scaled.jpg?fit=1200%2C900&resize=1050%2C600 3x"},"classes":[]},{"id":22374,"url":"http:\/\/www.jojoenherbe.com\/index.php\/2021\/11\/15\/point-lecture-hebdomadaire-15\/","url_meta":{"origin":8971,"position":4},"title":"Point lecture hebdomadaire #15","author":"Jojo","date":"15 novembre 2021","format":false,"excerpt":"En ce d\u00e9but de semaine, voici notre point lecture hebdomadaire avec un retour sur nos lectures de la semaine derni\u00e8re (surtout des relectures de No\u00ebl comme par exemple No\u00ebl dans le grand arbre de Sylvie Misslin et Fabien \u00d6ckto Lambert et No\u00ebl de sapin de Michel Gay) et celles en\u2026","rel":"","context":"Dans &quot;Mini blogueur&quot;","block_context":{"text":"Mini blogueur","link":"http:\/\/www.jojoenherbe.com\/index.php\/category\/mini-blogueur\/"},"img":{"alt_text":"","src":"https:\/\/i0.wp.com\/www.jojoenherbe.com\/wp-content\/uploads\/2021\/11\/Point-lecture-hebdomadaire-15-scaled.jpg?fit=1200%2C900&resize=350%2C200","width":350,"height":200,"srcset":"https:\/\/i0.wp.com\/www.jojoenherbe.com\/wp-content\/uploads\/2021\/11\/Point-lecture-hebdomadaire-15-scaled.jpg?fit=1200%2C900&resize=350%2C200 1x, https:\/\/i0.wp.com\/www.jojoenherbe.com\/wp-content\/uploads\/2021\/11\/Point-lecture-hebdomadaire-15-scaled.jpg?fit=1200%2C900&resize=525%2C300 1.5x, https:\/\/i0.wp.com\/www.jojoenherbe.com\/wp-content\/uploads\/2021\/11\/Point-lecture-hebdomadaire-15-scaled.jpg?fit=1200%2C900&resize=700%2C400 2x, https:\/\/i0.wp.com\/www.jojoenherbe.com\/wp-content\/uploads\/2021\/11\/Point-lecture-hebdomadaire-15-scaled.jpg?fit=1200%2C900&resize=1050%2C600 3x"},"classes":[]},{"id":41986,"url":"http:\/\/www.jojoenherbe.com\/index.php\/2025\/12\/28\/au-fil-des-pages-avec-la-bd-de-lavent-2025\/","url_meta":{"origin":8971,"position":5},"title":"Au fil des pages avec La BD de l&rsquo;Avent 2025","author":"Jojo","date":"28 d\u00e9cembre 2025","format":false,"excerpt":"Comme l'ann\u00e9e derni\u00e8re, j'ai lu, en version num\u00e9rique via ma m\u00e9diath\u00e8que, La BD de l\u2019Avent (\u00e9d. Le Lombard, septembre 2025, 200 pages), 24 courtes BD de No\u00ebl en 4 planches et r\u00e9alis\u00e9es par un collectif de sc\u00e9naristes\/dessinateurs de BD jeunesse et \u00e0 partir de 4 ans selon l'\u00e9diteur. J'ai pr\u00e9f\u00e9r\u00e9\u2026","rel":"","context":"Dans &quot;Mini lecteur&quot;","block_context":{"text":"Mini lecteur","link":"http:\/\/www.jojoenherbe.com\/index.php\/category\/mini-lecteur\/"},"img":{"alt_text":"","src":"https:\/\/i0.wp.com\/www.jojoenherbe.com\/wp-content\/uploads\/2025\/12\/La-BD-de-lAvent-2025.jpg?fit=750%2C994&resize=350%2C200","width":350,"height":200,"srcset":"https:\/\/i0.wp.com\/www.jojoenherbe.com\/wp-content\/uploads\/2025\/12\/La-BD-de-lAvent-2025.jpg?fit=750%2C994&resize=350%2C200 1x, https:\/\/i0.wp.com\/www.jojoenherbe.com\/wp-content\/uploads\/2025\/12\/La-BD-de-lAvent-2025.jpg?fit=750%2C994&resize=525%2C300 1.5x, https:\/\/i0.wp.com\/www.jojoenherbe.com\/wp-content\/uploads\/2025\/12\/La-BD-de-lAvent-2025.jpg?fit=750%2C994&resize=700%2C400 2x"},"classes":[]}],"_links":{"self":[{"href":"http:\/\/www.jojoenherbe.com\/index.php\/wp-json\/wp\/v2\/posts\/8971","targetHints":{"allow":["GET"]}}],"collection":[{"href":"http:\/\/www.jojoenherbe.com\/index.php\/wp-json\/wp\/v2\/posts"}],"about":[{"href":"http:\/\/www.jojoenherbe.com\/index.php\/wp-json\/wp\/v2\/types\/post"}],"author":[{"embeddable":true,"href":"http:\/\/www.jojoenherbe.com\/index.php\/wp-json\/wp\/v2\/users\/1"}],"replies":[{"embeddable":true,"href":"http:\/\/www.jojoenherbe.com\/index.php\/wp-json\/wp\/v2\/comments?post=8971"}],"version-history":[{"count":0,"href":"http:\/\/www.jojoenherbe.com\/index.php\/wp-json\/wp\/v2\/posts\/8971\/revisions"}],"wp:featuredmedia":[{"embeddable":true,"href":"http:\/\/www.jojoenherbe.com\/index.php\/wp-json\/wp\/v2\/media\/8976"}],"wp:attachment":[{"href":"http:\/\/www.jojoenherbe.com\/index.php\/wp-json\/wp\/v2\/media?parent=8971"}],"wp:term":[{"taxonomy":"category","embeddable":true,"href":"http:\/\/www.jojoenherbe.com\/index.php\/wp-json\/wp\/v2\/categories?post=8971"},{"taxonomy":"post_tag","embeddable":true,"href":"http:\/\/www.jojoenherbe.com\/index.php\/wp-json\/wp\/v2\/tags?post=8971"}],"curies":[{"name":"wp","href":"https:\/\/api.w.org\/{rel}","templated":true}]}}