{"id":8633,"date":"2020-02-03T11:14:23","date_gmt":"2020-02-03T10:14:23","guid":{"rendered":"http:\/\/www.jojoenherbe.com\/?p=8633"},"modified":"2022-09-22T19:43:51","modified_gmt":"2022-09-22T17:43:51","slug":"au-fil-des-pages-avec-le-tome-3-de-ptit-boule-bill","status":"publish","type":"post","link":"http:\/\/www.jojoenherbe.com\/index.php\/2020\/02\/03\/au-fil-des-pages-avec-le-tome-3-de-ptit-boule-bill\/","title":{"rendered":"Au fil des pages avec le tome 3 de P&rsquo;tit Boule &#038; Bill"},"content":{"rendered":"<p style=\"text-align: justify;\"><em><a href=\"https:\/\/i0.wp.com\/www.jojoenherbe.com\/wp-content\/uploads\/2019\/11\/Ptit-Boule-Bill-Cabanes-2-scaled.jpg\"><img data-recalc-dims=\"1\" loading=\"lazy\" decoding=\"async\" data-attachment-id=\"8634\" data-permalink=\"http:\/\/www.jojoenherbe.com\/index.php\/2020\/02\/03\/au-fil-des-pages-avec-le-tome-3-de-ptit-boule-bill\/ptit-boule-bill-cabanes-2\/\" data-orig-file=\"https:\/\/i0.wp.com\/www.jojoenherbe.com\/wp-content\/uploads\/2019\/11\/Ptit-Boule-Bill-Cabanes-2-scaled.jpg?fit=2560%2C1605\" data-orig-size=\"2560,1605\" data-comments-opened=\"1\" data-image-meta=\"{&quot;aperture&quot;:&quot;2.4&quot;,&quot;credit&quot;:&quot;&quot;,&quot;camera&quot;:&quot;iPhone 4S&quot;,&quot;caption&quot;:&quot;&quot;,&quot;created_timestamp&quot;:&quot;1574696449&quot;,&quot;copyright&quot;:&quot;&quot;,&quot;focal_length&quot;:&quot;4.28&quot;,&quot;iso&quot;:&quot;80&quot;,&quot;shutter_speed&quot;:&quot;0.05&quot;,&quot;title&quot;:&quot;&quot;,&quot;orientation&quot;:&quot;1&quot;}\" data-image-title=\"P&amp;rsquo;tit Boule &amp;#038; Bill Cabanes 2\" data-image-description=\"\" data-image-caption=\"\" data-large-file=\"https:\/\/i0.wp.com\/www.jojoenherbe.com\/wp-content\/uploads\/2019\/11\/Ptit-Boule-Bill-Cabanes-2-scaled.jpg?fit=676%2C424\" class=\"alignleft size-thumbnail wp-image-8634\" src=\"https:\/\/i0.wp.com\/www.jojoenherbe.com\/wp-content\/uploads\/2019\/11\/Ptit-Boule-Bill-Cabanes-2.jpg?resize=150%2C150\" alt=\"\" width=\"150\" height=\"150\" srcset=\"https:\/\/i0.wp.com\/www.jojoenherbe.com\/wp-content\/uploads\/2019\/11\/Ptit-Boule-Bill-Cabanes-2-scaled.jpg?resize=150%2C150 150w, https:\/\/i0.wp.com\/www.jojoenherbe.com\/wp-content\/uploads\/2019\/11\/Ptit-Boule-Bill-Cabanes-2-scaled.jpg?zoom=2&amp;resize=150%2C150 300w, https:\/\/i0.wp.com\/www.jojoenherbe.com\/wp-content\/uploads\/2019\/11\/Ptit-Boule-Bill-Cabanes-2-scaled.jpg?zoom=3&amp;resize=150%2C150 450w\" sizes=\"auto, (max-width: 150px) 100vw, 150px\" \/><\/a> <a href=\"https:\/\/i0.wp.com\/www.jojoenherbe.com\/wp-content\/uploads\/2019\/11\/Ptit-Boule-Bill-Cabanes-3-scaled.jpg\"><img data-recalc-dims=\"1\" loading=\"lazy\" decoding=\"async\" data-attachment-id=\"8635\" data-permalink=\"http:\/\/www.jojoenherbe.com\/index.php\/2020\/02\/03\/au-fil-des-pages-avec-le-tome-3-de-ptit-boule-bill\/ptit-boule-bill-cabanes-3\/\" data-orig-file=\"https:\/\/i0.wp.com\/www.jojoenherbe.com\/wp-content\/uploads\/2019\/11\/Ptit-Boule-Bill-Cabanes-3-scaled.jpg?fit=2560%2C1475\" data-orig-size=\"2560,1475\" data-comments-opened=\"1\" data-image-meta=\"{&quot;aperture&quot;:&quot;2.4&quot;,&quot;credit&quot;:&quot;&quot;,&quot;camera&quot;:&quot;iPhone 4S&quot;,&quot;caption&quot;:&quot;&quot;,&quot;created_timestamp&quot;:&quot;1574696483&quot;,&quot;copyright&quot;:&quot;&quot;,&quot;focal_length&quot;:&quot;4.28&quot;,&quot;iso&quot;:&quot;80&quot;,&quot;shutter_speed&quot;:&quot;0.05&quot;,&quot;title&quot;:&quot;&quot;,&quot;orientation&quot;:&quot;1&quot;}\" data-image-title=\"P&amp;rsquo;tit Boule &amp;#038; Bill Cabanes 3\" data-image-description=\"\" data-image-caption=\"\" data-large-file=\"https:\/\/i0.wp.com\/www.jojoenherbe.com\/wp-content\/uploads\/2019\/11\/Ptit-Boule-Bill-Cabanes-3-scaled.jpg?fit=676%2C389\" class=\"alignleft size-thumbnail wp-image-8635\" src=\"https:\/\/i0.wp.com\/www.jojoenherbe.com\/wp-content\/uploads\/2019\/11\/Ptit-Boule-Bill-Cabanes-3.jpg?resize=150%2C150\" alt=\"\" width=\"150\" height=\"150\" srcset=\"https:\/\/i0.wp.com\/www.jojoenherbe.com\/wp-content\/uploads\/2019\/11\/Ptit-Boule-Bill-Cabanes-3-scaled.jpg?resize=150%2C150 150w, https:\/\/i0.wp.com\/www.jojoenherbe.com\/wp-content\/uploads\/2019\/11\/Ptit-Boule-Bill-Cabanes-3-scaled.jpg?zoom=2&amp;resize=150%2C150 300w, https:\/\/i0.wp.com\/www.jojoenherbe.com\/wp-content\/uploads\/2019\/11\/Ptit-Boule-Bill-Cabanes-3-scaled.jpg?zoom=3&amp;resize=150%2C150 450w\" sizes=\"auto, (max-width: 150px) 100vw, 150px\" \/><\/a>Nous empruntons un nouveau tome des aventures de P&rsquo;tit Boule &amp; Bill. Il s&rsquo;agit du tome 3, <span style=\"text-decoration: underline;\">P&rsquo;tit Boule &amp; Bill, Cabanes<\/span> de Laurence Gillot et Jose Luis Munuera, d&rsquo;apr\u00e8s Jean Roba (\u00e9d. Dargaud, 2013), une bande dessin\u00e9e au format \u00e0 l&rsquo;italienne pour les jeunes lecteurs\u00a0 \u00e0 partir de 3 ans sur la petite enfance de Boule. Au moment o\u00f9 P&rsquo;tit Boule et son p\u00e8re partent \u00e0 la p\u00eache, la pluie se met \u00e0 tomber. Qu&rsquo;\u00e0 cela ne tienne, la cabane que P&rsquo;tit Boule vient de fabriquer avec le parapluie de sa m\u00e8re pourrait les prot\u00e9ger. Et les voil\u00e0 partis! Une BD jeunesse toute rigolote autour d&rsquo;une belle complicit\u00e9 entre un p\u00e8re et son fils, sans oublier les fac\u00e9ties de Bill!<br \/>\n<\/em><\/p>\n<div style=\"width: 126px\" class=\"wp-caption aligncenter\"><img loading=\"lazy\" decoding=\"async\" class=\"\" src=\"https:\/\/lh3.googleusercontent.com\/yeyHsyE8ePB9xQx2t9obPo4nIUGeuGsS-P1wwGiEip3f9lcFED23VkM1Pr5hYoy4puCex2GzVOyZNHjl5qeUnhImyiKFqwfTaONmF_HEc7SEvgxhr1eZXuJ6zzg9JfEY4XADWBPBCxMLePs3HiWfgCjRFVaAIkiQhaX8RGfOMzZhoMNQUFFuWlglQGRva5RIkSFvo7nk3yMWVz4PgUXBK3Uof2Hf073K4C6YvQC1u6gRN2BCr4tNyqitAlYfULcqVlua9UK9L5kLVOZWs2-xrAzDf1K3rxU8pxE6Fdm1EI8_YbPW09CsTNa9CW1z0lvieJ6Ify6BbltA9XBnOC99XwB4E833hDdb9KWRbKTb8bwsVGIAFF1x2JkOCAWTkq3OtXJmlgaccySEr2PvCr9rzIA4GtrzB04GpU7RNPlnkfNDjtPoy6UR5nf5SD-RQvfrkHaKDQocAHpi1MoHr0bWF4h3F08r5y_TM01DqKXAgeInHehhuxNBZ4LGs7Emk2ol6RPfVd4UEj0916JVKRknXSsSbJG_50ptPlCGTOdHDTOUMc6x63Wp68_DnNhG9qn5FPKuDHhZvC008a4nifQFWuKVT6HvqNgW-LcvXb0wnjbSwgS8qwHb3LtHJj3uAe971aQRDPkS146UchPgCLNczeUje4Y3YFpuV4P1KYu67RSdAOITJNzzSRO2Dycc1PCqSdc7IoPwLu0-aT-FJ0m-KvlkUQLXoamPhl2WKbODyZSfc5ZT=w285-h217-no\" alt=\"\" width=\"116\" height=\"88\" \/><p class=\"wp-caption-text\"><a href=\"https:\/\/ennalit.wordpress.com\/2019\/12\/01\/challenge-petit-bac-2020-qui-veut-jouer\/\">Challenge Petit Bac d&rsquo;Enna<\/a> #3 Cat\u00e9gorie Mot au pluriel: \u00ab\u00a0Cabanes\u00a0\u00bb<\/p><\/div>\n","protected":false},"excerpt":{"rendered":"<p>Nous empruntons un nouveau tome des aventures de P&rsquo;tit Boule &amp; Bill. Il s&rsquo;agit du tome 3, P&rsquo;tit Boule &amp; Bill, Cabanes de Laurence Gillot et Jose Luis Munuera, d&rsquo;apr\u00e8s Jean Roba (\u00e9d. Dargaud, 2013), une bande dessin\u00e9e au format \u00e0 l&rsquo;italienne pour les jeunes lecteurs\u00a0 \u00e0 partir de 3 ans sur la petite enfance [&hellip;]<\/p>\n","protected":false},"author":1,"featured_media":8636,"comment_status":"open","ping_status":"open","sticky":false,"template":"","format":"standard","meta":{"jetpack_post_was_ever_published":false,"_jetpack_newsletter_access":"","_jetpack_dont_email_post_to_subs":false,"_jetpack_newsletter_tier_id":0,"_jetpack_memberships_contains_paywalled_content":false,"_jetpack_memberships_contains_paid_content":false,"footnotes":""},"categories":[363],"tags":[785,633,596,1226,1027,1227,1352,563,611,459,452,1225,1224,367,1020,984,235,457,1203],"class_list":["post-8633","post","type-post","status-publish","format-standard","has-post-thumbnail","hentry","category-mini-lecteur","tag-3-6-ans","tag-amour-paternel","tag-bandes-dessinees","tag-bd-jeunesse","tag-boule-bill","tag-cabane","tag-challenge-petit-bac-2020","tag-chien","tag-ete","tag-famille","tag-jeux-denfants","tag-jose-luis-munuera","tag-laurence-gillot","tag-lecture-jeunesse","tag-lectures-dete","tag-parapluie","tag-peche","tag-pluie","tag-relation-pere-fils","post-preview"],"jetpack_featured_media_url":"https:\/\/i0.wp.com\/www.jojoenherbe.com\/wp-content\/uploads\/2019\/11\/Ptit-Boule-Bill-Cabanes-scaled.jpg?fit=2560%2C1826","jetpack_sharing_enabled":true,"jetpack_shortlink":"https:\/\/wp.me\/p9zhGx-2ff","jetpack_likes_enabled":true,"jetpack-related-posts":[{"id":5456,"url":"http:\/\/www.jojoenherbe.com\/index.php\/2019\/04\/07\/des-crepes-avec-ptit-boule-et-bill\/","url_meta":{"origin":8633,"position":0},"title":"Des cr\u00eapes avec P&rsquo;tit Boule et Bill","author":"Jojo","date":"7 avril 2019","format":false,"excerpt":"Avec ce temps de pluie, rien de tel que des cr\u00eapes au go\u00fbter! Heureusement, nous ne faisons pas comme P'tit Boule qui s'amuse \u00e0 faire des masques avec les cr\u00eapes pr\u00e9par\u00e9es par son p\u00e8re. Les masques, c'est \u00e0 faire avec la p\u00e2te \u00e0 modeler! Nous d\u00e9vorons nos cr\u00eapes avec un\u2026","rel":"","context":"Dans &quot;Mini lecteur&quot;","block_context":{"text":"Mini lecteur","link":"http:\/\/www.jojoenherbe.com\/index.php\/category\/mini-lecteur\/"},"img":{"alt_text":"","src":"https:\/\/i0.wp.com\/www.jojoenherbe.com\/wp-content\/uploads\/2019\/04\/La-partie-de-cr%C3%AApes.jpg?fit=1200%2C1061&resize=350%2C200","width":350,"height":200,"srcset":"https:\/\/i0.wp.com\/www.jojoenherbe.com\/wp-content\/uploads\/2019\/04\/La-partie-de-cr%C3%AApes.jpg?fit=1200%2C1061&resize=350%2C200 1x, https:\/\/i0.wp.com\/www.jojoenherbe.com\/wp-content\/uploads\/2019\/04\/La-partie-de-cr%C3%AApes.jpg?fit=1200%2C1061&resize=525%2C300 1.5x, https:\/\/i0.wp.com\/www.jojoenherbe.com\/wp-content\/uploads\/2019\/04\/La-partie-de-cr%C3%AApes.jpg?fit=1200%2C1061&resize=700%2C400 2x, https:\/\/i0.wp.com\/www.jojoenherbe.com\/wp-content\/uploads\/2019\/04\/La-partie-de-cr%C3%AApes.jpg?fit=1200%2C1061&resize=1050%2C600 3x"},"classes":[]},{"id":15631,"url":"http:\/\/www.jojoenherbe.com\/index.php\/2021\/02\/06\/semaine-5-du-projet-52-2021-pliages\/","url_meta":{"origin":8633,"position":1},"title":"Semaine 5 du Projet 52-2021: Pliage(s)","author":"Jojo","date":"6 f\u00e9vrier 2021","format":false,"excerpt":"Pour la semaine 5 du Projet 52-2021 de Du c\u00f4t\u00e9 de chez Ma', le th\u00e8me est \"Pliage(s)\". Voici une photo de nos activit\u00e9s \"cr\u00eapes party\", la Chandeleur ayant eu lieu ce mardi. C'est vrai qu'au d\u00e9part le th\u00e8me de la semaine m'a fait penser aux origamis mais j'en avais d\u00e9j\u00e0\u2026","rel":"","context":"Dans &quot;mini photographe&quot;","block_context":{"text":"mini photographe","link":"http:\/\/www.jojoenherbe.com\/index.php\/category\/mini-photographe\/"},"img":{"alt_text":"","src":"https:\/\/i0.wp.com\/www.jojoenherbe.com\/wp-content\/uploads\/2021\/02\/activites-crepes-scaled.jpg?fit=1200%2C773&resize=350%2C200","width":350,"height":200,"srcset":"https:\/\/i0.wp.com\/www.jojoenherbe.com\/wp-content\/uploads\/2021\/02\/activites-crepes-scaled.jpg?fit=1200%2C773&resize=350%2C200 1x, https:\/\/i0.wp.com\/www.jojoenherbe.com\/wp-content\/uploads\/2021\/02\/activites-crepes-scaled.jpg?fit=1200%2C773&resize=525%2C300 1.5x, https:\/\/i0.wp.com\/www.jojoenherbe.com\/wp-content\/uploads\/2021\/02\/activites-crepes-scaled.jpg?fit=1200%2C773&resize=700%2C400 2x, https:\/\/i0.wp.com\/www.jojoenherbe.com\/wp-content\/uploads\/2021\/02\/activites-crepes-scaled.jpg?fit=1200%2C773&resize=1050%2C600 3x"},"classes":[]},{"id":7120,"url":"http:\/\/www.jojoenherbe.com\/index.php\/2019\/08\/19\/au-fil-des-pages-avec-ptit-loup-apprend-a-jardiner\/","url_meta":{"origin":8633,"position":2},"title":"Au fil des pages avec P&rsquo;tit Loup apprend \u00e0 jardiner","author":"Jojo","date":"19 ao\u00fbt 2019","format":false,"excerpt":"Nous lisons une nouvelle histoire de P'tit Loup. Cette fois-ci, il s'agit de P'tit Loup apprend \u00e0 jardiner d'Orianne Lallemand et d\u2019\u00c9l\u00e9onore Thuillier (\u00e9d. Auzou \u00e9veil, 2018), un album jeunesse \u00e0 partir de 2\/3 ans: P'tit Loup apprend les rudiments du jardinage avec son p\u00e8re. Que de complicit\u00e9 entre les\u2026","rel":"","context":"Dans &quot;mini jardinier&quot;","block_context":{"text":"mini jardinier","link":"http:\/\/www.jojoenherbe.com\/index.php\/category\/mini-decouvreur\/mini-jardinier\/"},"img":{"alt_text":"","src":"https:\/\/i0.wp.com\/www.jojoenherbe.com\/wp-content\/uploads\/2019\/08\/Ptit-Loup-apprend-%C3%A0-jardiner.jpg?fit=1200%2C900&resize=350%2C200","width":350,"height":200,"srcset":"https:\/\/i0.wp.com\/www.jojoenherbe.com\/wp-content\/uploads\/2019\/08\/Ptit-Loup-apprend-%C3%A0-jardiner.jpg?fit=1200%2C900&resize=350%2C200 1x, https:\/\/i0.wp.com\/www.jojoenherbe.com\/wp-content\/uploads\/2019\/08\/Ptit-Loup-apprend-%C3%A0-jardiner.jpg?fit=1200%2C900&resize=525%2C300 1.5x, https:\/\/i0.wp.com\/www.jojoenherbe.com\/wp-content\/uploads\/2019\/08\/Ptit-Loup-apprend-%C3%A0-jardiner.jpg?fit=1200%2C900&resize=700%2C400 2x, https:\/\/i0.wp.com\/www.jojoenherbe.com\/wp-content\/uploads\/2019\/08\/Ptit-Loup-apprend-%C3%A0-jardiner.jpg?fit=1200%2C900&resize=1050%2C600 3x"},"classes":[]},{"id":22999,"url":"http:\/\/www.jojoenherbe.com\/index.php\/2021\/12\/20\/au-fil-des-pages-avec-reve-de-neige\/","url_meta":{"origin":8633,"position":3},"title":"Au fil des pages avec R\u00eave de neige","author":"Jojo","date":"20 d\u00e9cembre 2021","format":false,"excerpt":"D\u00e9couvert \u00e0 l\u2019ouverture de la case 8 de notre calendrier de No\u00ebl, nous lisons et relisons depuis R\u00eave de neige de Sibylle Delacroix (\u00e9d. Bayard Jeunesse, 2021), un album \u00e0 partir de 3 ans et dans lequel nous retrouvons avec plaisir les deux enfants de Graines de sable (une histoire\u2026","rel":"","context":"Dans &quot;Mini lecteur&quot;","block_context":{"text":"Mini lecteur","link":"http:\/\/www.jojoenherbe.com\/index.php\/category\/mini-lecteur\/"},"img":{"alt_text":"","src":"https:\/\/i0.wp.com\/www.jojoenherbe.com\/wp-content\/uploads\/2021\/12\/Reve-de-neige-2-2-scaled.jpg?fit=1200%2C862&resize=350%2C200","width":350,"height":200,"srcset":"https:\/\/i0.wp.com\/www.jojoenherbe.com\/wp-content\/uploads\/2021\/12\/Reve-de-neige-2-2-scaled.jpg?fit=1200%2C862&resize=350%2C200 1x, https:\/\/i0.wp.com\/www.jojoenherbe.com\/wp-content\/uploads\/2021\/12\/Reve-de-neige-2-2-scaled.jpg?fit=1200%2C862&resize=525%2C300 1.5x, https:\/\/i0.wp.com\/www.jojoenherbe.com\/wp-content\/uploads\/2021\/12\/Reve-de-neige-2-2-scaled.jpg?fit=1200%2C862&resize=700%2C400 2x, https:\/\/i0.wp.com\/www.jojoenherbe.com\/wp-content\/uploads\/2021\/12\/Reve-de-neige-2-2-scaled.jpg?fit=1200%2C862&resize=1050%2C600 3x"},"classes":[]},{"id":4340,"url":"http:\/\/www.jojoenherbe.com\/index.php\/2019\/01\/19\/au-fil-des-pages-sur-le-theme-de-la-galette-des-rois\/","url_meta":{"origin":8633,"position":4},"title":"Au fil des pages sur le th\u00e8me de la galette des rois","author":"Jojo","date":"19 janvier 2019","format":false,"excerpt":"Apr\u00e8s avoir mang\u00e9 de la galette et fabriqu\u00e9 des couronnes il y a quelques jours, nous poursuivons par la lecture d'histoires sur le th\u00e8me de la galette des rois. Je ne parlerai que de trois d'entre elles. Le premier album jeunesse lu est celui avec un des personnages pr\u00e9f\u00e9r\u00e9s de\u2026","rel":"","context":"Dans &quot;Mini lecteur&quot;","block_context":{"text":"Mini lecteur","link":"http:\/\/www.jojoenherbe.com\/index.php\/category\/mini-lecteur\/"},"img":{"alt_text":"","src":"https:\/\/i0.wp.com\/www.jojoenherbe.com\/wp-content\/uploads\/2019\/01\/albums-jeunesse-galette.jpg?fit=1200%2C977&resize=350%2C200","width":350,"height":200,"srcset":"https:\/\/i0.wp.com\/www.jojoenherbe.com\/wp-content\/uploads\/2019\/01\/albums-jeunesse-galette.jpg?fit=1200%2C977&resize=350%2C200 1x, https:\/\/i0.wp.com\/www.jojoenherbe.com\/wp-content\/uploads\/2019\/01\/albums-jeunesse-galette.jpg?fit=1200%2C977&resize=525%2C300 1.5x, https:\/\/i0.wp.com\/www.jojoenherbe.com\/wp-content\/uploads\/2019\/01\/albums-jeunesse-galette.jpg?fit=1200%2C977&resize=700%2C400 2x, https:\/\/i0.wp.com\/www.jojoenherbe.com\/wp-content\/uploads\/2019\/01\/albums-jeunesse-galette.jpg?fit=1200%2C977&resize=1050%2C600 3x"},"classes":[]},{"id":6547,"url":"http:\/\/www.jojoenherbe.com\/index.php\/2019\/06\/26\/au-fil-des-pages-avec-la-plage\/","url_meta":{"origin":8633,"position":5},"title":"Au fil des pages avec la plage","author":"Jojo","date":"26 juin 2019","format":false,"excerpt":"Nous continuons \u00e0 emprunter des livres sur l'\u00e9t\u00e9, la plage et les vacances (d\u00e8s 2\/3 ans). Nous lisons Les souris \u00e0 la plage de Haruo Yamashita et Kazuo Iwamura (\u00e9d. L'\u00e9cole des loisirs, 1999). Nous retrouvons avec plaisir le coup de crayon de Kazuo Iwamura pour les illustrations mais une\u2026","rel":"","context":"Dans &quot;Mini lecteur&quot;","block_context":{"text":"Mini lecteur","link":"http:\/\/www.jojoenherbe.com\/index.php\/category\/mini-lecteur\/"},"img":{"alt_text":"","src":"https:\/\/i0.wp.com\/www.jojoenherbe.com\/wp-content\/uploads\/2019\/06\/%C3%A0-la-plage.jpg?fit=1200%2C900&resize=350%2C200","width":350,"height":200,"srcset":"https:\/\/i0.wp.com\/www.jojoenherbe.com\/wp-content\/uploads\/2019\/06\/%C3%A0-la-plage.jpg?fit=1200%2C900&resize=350%2C200 1x, https:\/\/i0.wp.com\/www.jojoenherbe.com\/wp-content\/uploads\/2019\/06\/%C3%A0-la-plage.jpg?fit=1200%2C900&resize=525%2C300 1.5x, https:\/\/i0.wp.com\/www.jojoenherbe.com\/wp-content\/uploads\/2019\/06\/%C3%A0-la-plage.jpg?fit=1200%2C900&resize=700%2C400 2x, https:\/\/i0.wp.com\/www.jojoenherbe.com\/wp-content\/uploads\/2019\/06\/%C3%A0-la-plage.jpg?fit=1200%2C900&resize=1050%2C600 3x"},"classes":[]}],"_links":{"self":[{"href":"http:\/\/www.jojoenherbe.com\/index.php\/wp-json\/wp\/v2\/posts\/8633","targetHints":{"allow":["GET"]}}],"collection":[{"href":"http:\/\/www.jojoenherbe.com\/index.php\/wp-json\/wp\/v2\/posts"}],"about":[{"href":"http:\/\/www.jojoenherbe.com\/index.php\/wp-json\/wp\/v2\/types\/post"}],"author":[{"embeddable":true,"href":"http:\/\/www.jojoenherbe.com\/index.php\/wp-json\/wp\/v2\/users\/1"}],"replies":[{"embeddable":true,"href":"http:\/\/www.jojoenherbe.com\/index.php\/wp-json\/wp\/v2\/comments?post=8633"}],"version-history":[{"count":2,"href":"http:\/\/www.jojoenherbe.com\/index.php\/wp-json\/wp\/v2\/posts\/8633\/revisions"}],"predecessor-version":[{"id":27793,"href":"http:\/\/www.jojoenherbe.com\/index.php\/wp-json\/wp\/v2\/posts\/8633\/revisions\/27793"}],"wp:featuredmedia":[{"embeddable":true,"href":"http:\/\/www.jojoenherbe.com\/index.php\/wp-json\/wp\/v2\/media\/8636"}],"wp:attachment":[{"href":"http:\/\/www.jojoenherbe.com\/index.php\/wp-json\/wp\/v2\/media?parent=8633"}],"wp:term":[{"taxonomy":"category","embeddable":true,"href":"http:\/\/www.jojoenherbe.com\/index.php\/wp-json\/wp\/v2\/categories?post=8633"},{"taxonomy":"post_tag","embeddable":true,"href":"http:\/\/www.jojoenherbe.com\/index.php\/wp-json\/wp\/v2\/tags?post=8633"}],"curies":[{"name":"wp","href":"https:\/\/api.w.org\/{rel}","templated":true}]}}