{"id":8471,"date":"2019-11-18T19:31:47","date_gmt":"2019-11-18T18:31:47","guid":{"rendered":"http:\/\/www.jojoenherbe.com\/?p=8471"},"modified":"2023-02-22T09:47:42","modified_gmt":"2023-02-22T08:47:42","slug":"au-fil-des-pages-avec-le-cimetiere-des-mots-doux","status":"publish","type":"post","link":"http:\/\/www.jojoenherbe.com\/index.php\/2019\/11\/18\/au-fil-des-pages-avec-le-cimetiere-des-mots-doux\/","title":{"rendered":"Au fil des pages avec Le cimeti\u00e8re des mots doux"},"content":{"rendered":"<p style=\"text-align: justify;\"><em><a href=\"https:\/\/i0.wp.com\/www.jojoenherbe.com\/wp-content\/uploads\/2019\/11\/Le-cimeti%C3%A8re-des-mots-doux-2-scaled.jpg\"><img data-recalc-dims=\"1\" loading=\"lazy\" decoding=\"async\" data-attachment-id=\"8510\" data-permalink=\"http:\/\/www.jojoenherbe.com\/index.php\/2019\/11\/18\/au-fil-des-pages-avec-le-cimetiere-des-mots-doux\/le-cimetiere-des-mots-doux-2\/\" data-orig-file=\"https:\/\/i0.wp.com\/www.jojoenherbe.com\/wp-content\/uploads\/2019\/11\/Le-cimeti%C3%A8re-des-mots-doux-2-scaled.jpg?fit=2560%2C1435\" data-orig-size=\"2560,1435\" data-comments-opened=\"1\" data-image-meta=\"{&quot;aperture&quot;:&quot;2.4&quot;,&quot;credit&quot;:&quot;&quot;,&quot;camera&quot;:&quot;iPhone 4S&quot;,&quot;caption&quot;:&quot;&quot;,&quot;created_timestamp&quot;:&quot;1574090555&quot;,&quot;copyright&quot;:&quot;&quot;,&quot;focal_length&quot;:&quot;4.28&quot;,&quot;iso&quot;:&quot;500&quot;,&quot;shutter_speed&quot;:&quot;0.066666666666667&quot;,&quot;title&quot;:&quot;&quot;,&quot;orientation&quot;:&quot;1&quot;}\" data-image-title=\"Le cimeti\u00e8re des mots doux 2\" data-image-description=\"\" data-image-caption=\"\" data-large-file=\"https:\/\/i0.wp.com\/www.jojoenherbe.com\/wp-content\/uploads\/2019\/11\/Le-cimeti%C3%A8re-des-mots-doux-2-scaled.jpg?fit=676%2C379\" class=\"alignleft size-thumbnail wp-image-8510\" src=\"https:\/\/i0.wp.com\/www.jojoenherbe.com\/wp-content\/uploads\/2019\/11\/Le-cimeti%C3%A8re-des-mots-doux-2.jpg?resize=150%2C150\" alt=\"\" width=\"150\" height=\"150\" srcset=\"https:\/\/i0.wp.com\/www.jojoenherbe.com\/wp-content\/uploads\/2019\/11\/Le-cimeti%C3%A8re-des-mots-doux-2-scaled.jpg?resize=150%2C150 150w, https:\/\/i0.wp.com\/www.jojoenherbe.com\/wp-content\/uploads\/2019\/11\/Le-cimeti%C3%A8re-des-mots-doux-2-scaled.jpg?zoom=2&amp;resize=150%2C150 300w, https:\/\/i0.wp.com\/www.jojoenherbe.com\/wp-content\/uploads\/2019\/11\/Le-cimeti%C3%A8re-des-mots-doux-2-scaled.jpg?zoom=3&amp;resize=150%2C150 450w\" sizes=\"auto, (max-width: 150px) 100vw, 150px\" \/><\/a> <a href=\"https:\/\/i0.wp.com\/www.jojoenherbe.com\/wp-content\/uploads\/2019\/11\/Le-cimeti%C3%A8re-des-mots-doux-3-scaled.jpg\"><img data-recalc-dims=\"1\" loading=\"lazy\" decoding=\"async\" data-attachment-id=\"8511\" data-permalink=\"http:\/\/www.jojoenherbe.com\/index.php\/2019\/11\/18\/au-fil-des-pages-avec-le-cimetiere-des-mots-doux\/le-cimetiere-des-mots-doux-3\/\" data-orig-file=\"https:\/\/i0.wp.com\/www.jojoenherbe.com\/wp-content\/uploads\/2019\/11\/Le-cimeti%C3%A8re-des-mots-doux-3-scaled.jpg?fit=2560%2C1496\" data-orig-size=\"2560,1496\" data-comments-opened=\"1\" data-image-meta=\"{&quot;aperture&quot;:&quot;2.4&quot;,&quot;credit&quot;:&quot;&quot;,&quot;camera&quot;:&quot;iPhone 4S&quot;,&quot;caption&quot;:&quot;&quot;,&quot;created_timestamp&quot;:&quot;1574090587&quot;,&quot;copyright&quot;:&quot;&quot;,&quot;focal_length&quot;:&quot;4.28&quot;,&quot;iso&quot;:&quot;500&quot;,&quot;shutter_speed&quot;:&quot;0.066666666666667&quot;,&quot;title&quot;:&quot;&quot;,&quot;orientation&quot;:&quot;1&quot;}\" data-image-title=\"Le cimeti\u00e8re des mots doux 3\" data-image-description=\"\" data-image-caption=\"\" data-large-file=\"https:\/\/i0.wp.com\/www.jojoenherbe.com\/wp-content\/uploads\/2019\/11\/Le-cimeti%C3%A8re-des-mots-doux-3-scaled.jpg?fit=676%2C395\" class=\"alignleft size-thumbnail wp-image-8511\" src=\"https:\/\/i0.wp.com\/www.jojoenherbe.com\/wp-content\/uploads\/2019\/11\/Le-cimeti%C3%A8re-des-mots-doux-3.jpg?resize=150%2C150\" alt=\"\" width=\"150\" height=\"150\" srcset=\"https:\/\/i0.wp.com\/www.jojoenherbe.com\/wp-content\/uploads\/2019\/11\/Le-cimeti%C3%A8re-des-mots-doux-3-scaled.jpg?resize=150%2C150 150w, https:\/\/i0.wp.com\/www.jojoenherbe.com\/wp-content\/uploads\/2019\/11\/Le-cimeti%C3%A8re-des-mots-doux-3-scaled.jpg?zoom=2&amp;resize=150%2C150 300w, https:\/\/i0.wp.com\/www.jojoenherbe.com\/wp-content\/uploads\/2019\/11\/Le-cimeti%C3%A8re-des-mots-doux-3-scaled.jpg?zoom=3&amp;resize=150%2C150 450w\" sizes=\"auto, (max-width: 150px) 100vw, 150px\" \/><\/a>J&#8217;emprunte \u00e0 la biblioth\u00e8que <span style=\"text-decoration: underline;\">Le cimeti\u00e8re des mots doux<\/span> d&rsquo;Agn\u00e8s Ledig et Fr\u00e9d\u00e9ric Pillot (\u00e9d. Albin Michel Jeunesse, 2019), un album jeunesse \u00e0 partir de 5 ans selon l&rsquo;\u00e9diteur et qui aborde des th\u00e8mes d\u00e9licats pour des jeunes lecteurs: la maladie, la mort et le deuil. Annabelle et Simon sont deux enfants amoureux. Mais tout bascule le jour o\u00f9 Simon ne vient plus \u00e0 l&rsquo;\u00e9cole primaire, souffrant d&rsquo;une grave maladie. Les auteurs nous placent du c\u00f4t\u00e9 d&rsquo;Annabelle, l&rsquo;enfant qui survit et qui, malgr\u00e9 son jeune \u00e2ge, doit g\u00e9rer son chagrin et toutes les \u00e9motions pouvant \u00eatre ressenties dans un tel moment. Malgr\u00e9 le propos de l&rsquo;histoire, il se d\u00e9gage beaucoup de po\u00e9sie et de sensibilit\u00e9 dans le texte qui est accompagn\u00e9 d&rsquo;illustrations aux teintes automnales. Un album jeunesse touchant!<\/em><\/p>\n<div style=\"width: 122px\" class=\"wp-caption alignleft\"><img data-recalc-dims=\"1\" loading=\"lazy\" decoding=\"async\" class=\"\" src=\"https:\/\/i0.wp.com\/delivrer-des-livres.fr\/wp-content\/uploads\/2019\/05\/logoalbums2019.png?resize=112%2C112\" alt=\"\" width=\"112\" height=\"112\" \/><p class=\"wp-caption-text\">Participation #90 <a href=\"http:\/\/delivrer-des-livres.fr\/challenge-albums-2019\/\">Je lis aussi des albums<\/a><\/p><\/div>\n<div id=\"attachment_33643\" style=\"width: 141px\" class=\"wp-caption alignleft\"><img data-recalc-dims=\"1\" loading=\"lazy\" decoding=\"async\" aria-describedby=\"caption-attachment-33643\" class=\"wp-image-33643\" src=\"https:\/\/i0.wp.com\/delivrer-des-livres.fr\/wp-content\/uploads\/2019\/01\/petit-bac-2019.jpg?resize=131%2C99\" sizes=\"auto, (max-width: 200px) 100vw, 200px\" srcset=\"http:\/\/delivrer-des-livres.fr\/wp-content\/uploads\/2019\/01\/petit-bac-2019.jpg 285w, http:\/\/delivrer-des-livres.fr\/wp-content\/uploads\/2019\/01\/petit-bac-2019-150x114.jpg 150w\" alt=\"\" width=\"131\" height=\"99\" \/><p id=\"caption-attachment-33643\" class=\"wp-caption-text\"><a href=\"https:\/\/ennalit.wordpress.com\/2018\/12\/01\/challenge-petit-bac-2019-qui-veut-jouer\/\">Challenge Petit Bac d&rsquo;Enna<\/a> &#8211; #13 cat\u00e9gorie Lecture: \u00ab\u00a0Mots\u00a0\u00bb<\/p><\/div>\n","protected":false},"excerpt":{"rendered":"<p>J&#8217;emprunte \u00e0 la biblioth\u00e8que Le cimeti\u00e8re des mots doux d&rsquo;Agn\u00e8s Ledig et Fr\u00e9d\u00e9ric Pillot (\u00e9d. Albin Michel Jeunesse, 2019), un album jeunesse \u00e0 partir de 5 ans selon l&rsquo;\u00e9diteur et qui aborde des th\u00e8mes d\u00e9licats pour des jeunes lecteurs: la maladie, la mort et le deuil. Annabelle et Simon sont deux enfants amoureux. Mais tout [&hellip;]<\/p>\n","protected":false},"author":1,"featured_media":8512,"comment_status":"open","ping_status":"open","sticky":false,"template":"","format":"standard","meta":{"jetpack_post_was_ever_published":false,"_jetpack_newsletter_access":"","_jetpack_dont_email_post_to_subs":false,"_jetpack_newsletter_tier_id":0,"_jetpack_memberships_contains_paywalled_content":false,"_jetpack_memberships_contains_paid_content":false,"footnotes":""},"categories":[363],"tags":[995,2252,409,981,1349,936,868,2253,1350,367,3278,782,980],"class_list":["post-8471","post","type-post","status-publish","format-standard","has-post-thumbnail","hentry","category-mini-lecteur","tag-5-8-ans","tag-agnes-ledig","tag-albums-jeunesse","tag-chagrin","tag-challenge-petit-bac-2019","tag-deuil","tag-enfance","tag-frederic-pillot","tag-je-lis-aussi-des-albums-2019","tag-lecture-jeunesse","tag-leucemie","tag-maladie","tag-mort","post-preview"],"jetpack_featured_media_url":"https:\/\/i0.wp.com\/www.jojoenherbe.com\/wp-content\/uploads\/2019\/11\/Le-cimeti%C3%A8re-des-mots-doux-scaled.jpg?fit=2560%2C1875","jetpack_sharing_enabled":true,"jetpack_shortlink":"https:\/\/wp.me\/p9zhGx-2cD","jetpack_likes_enabled":true,"jetpack-related-posts":[{"id":7356,"url":"http:\/\/www.jojoenherbe.com\/index.php\/2019\/09\/03\/au-fil-des-pages-avec-les-mots-doux\/","url_meta":{"origin":8471,"position":0},"title":"Au fil des pages avec Les mots doux","author":"Jojo","date":"3 septembre 2019","format":false,"excerpt":"Nous empruntons \u00e0 la biblioth\u00e8que Les mots doux de Carl Norac et Claude K. Dubois (\u00e9d. L'\u00e9cole des loisirs, coll. Pastel, 2015), un album jeunesse \u00e0 partir de 3 ans. Nous suivons Lola, un petit hamster qui, d\u00e8s le r\u00e9veil, se sent incapable de laisser sortir les mots doux qui\u2026","rel":"","context":"Dans &quot;Mini lecteur&quot;","block_context":{"text":"Mini lecteur","link":"http:\/\/www.jojoenherbe.com\/index.php\/category\/mini-lecteur\/"},"img":{"alt_text":"","src":"https:\/\/i0.wp.com\/www.jojoenherbe.com\/wp-content\/uploads\/2019\/09\/Les-mots-doux.jpg?fit=1200%2C828&resize=350%2C200","width":350,"height":200,"srcset":"https:\/\/i0.wp.com\/www.jojoenherbe.com\/wp-content\/uploads\/2019\/09\/Les-mots-doux.jpg?fit=1200%2C828&resize=350%2C200 1x, https:\/\/i0.wp.com\/www.jojoenherbe.com\/wp-content\/uploads\/2019\/09\/Les-mots-doux.jpg?fit=1200%2C828&resize=525%2C300 1.5x, https:\/\/i0.wp.com\/www.jojoenherbe.com\/wp-content\/uploads\/2019\/09\/Les-mots-doux.jpg?fit=1200%2C828&resize=700%2C400 2x, https:\/\/i0.wp.com\/www.jojoenherbe.com\/wp-content\/uploads\/2019\/09\/Les-mots-doux.jpg?fit=1200%2C828&resize=1050%2C600 3x"},"classes":[]},{"id":8192,"url":"http:\/\/www.jojoenherbe.com\/index.php\/2019\/10\/24\/au-fil-des-pages-avec-le-petit-pecheur-et-le-squelette\/","url_meta":{"origin":8471,"position":1},"title":"Au fil des pages avec Le petit p\u00eacheur et le squelette","author":"Jojo","date":"24 octobre 2019","format":false,"excerpt":"J'emprunte \u00e0 la biblioth\u00e8que Le petit p\u00eacheur et le squelette de Chen Jiang Hong (\u00e9d. L\u2019\u00c9cole des loisirs, 2013), un album jeunesse \u00e0 partir de 9 ans se lisant comme un conte initiatique. Orphelin de p\u00e8re et p\u00eacheur comme lui, un petit gar\u00e7on brave la temp\u00eate pour quelques poissons. Mais\u2026","rel":"","context":"Dans &quot;Mini lecteur&quot;","block_context":{"text":"Mini lecteur","link":"http:\/\/www.jojoenherbe.com\/index.php\/category\/mini-lecteur\/"},"img":{"alt_text":"","src":"https:\/\/i0.wp.com\/www.jojoenherbe.com\/wp-content\/uploads\/2019\/10\/Le-petit-p%C3%AAcheur-et-le-squelette.jpg?fit=1200%2C900&resize=350%2C200","width":350,"height":200,"srcset":"https:\/\/i0.wp.com\/www.jojoenherbe.com\/wp-content\/uploads\/2019\/10\/Le-petit-p%C3%AAcheur-et-le-squelette.jpg?fit=1200%2C900&resize=350%2C200 1x, https:\/\/i0.wp.com\/www.jojoenherbe.com\/wp-content\/uploads\/2019\/10\/Le-petit-p%C3%AAcheur-et-le-squelette.jpg?fit=1200%2C900&resize=525%2C300 1.5x, https:\/\/i0.wp.com\/www.jojoenherbe.com\/wp-content\/uploads\/2019\/10\/Le-petit-p%C3%AAcheur-et-le-squelette.jpg?fit=1200%2C900&resize=700%2C400 2x, https:\/\/i0.wp.com\/www.jojoenherbe.com\/wp-content\/uploads\/2019\/10\/Le-petit-p%C3%AAcheur-et-le-squelette.jpg?fit=1200%2C900&resize=1050%2C600 3x"},"classes":[]},{"id":21401,"url":"http:\/\/www.jojoenherbe.com\/index.php\/2021\/10\/15\/un-halloween-cosy-rat-2021\/","url_meta":{"origin":8471,"position":2},"title":"Un Halloween cosy RAT 2021","author":"Jojo","date":"15 octobre 2021","format":false,"excerpt":"Bidib, Hilde, Fondant et Lou nous ont pr\u00e9vu du 15 au 17 octobre 2021 un Halloween Cosy RAT. Il est \u00e9galement possible de faire toute cette semaine un journal de bord. De mon c\u00f4t\u00e9, je continue de mettre \u00e0 jour r\u00e9guli\u00e8rement mon billet de suivi. Nos 4 sorci\u00e8res gourmandes et\u2026","rel":"","context":"Dans &quot;Mini challenger&quot;","block_context":{"text":"Mini challenger","link":"http:\/\/www.jojoenherbe.com\/index.php\/category\/mini-challenger\/"},"img":{"alt_text":"","src":"https:\/\/i0.wp.com\/www.jojoenherbe.com\/wp-content\/uploads\/2021\/10\/Les-Croques-T1-8-300x300.jpg?resize=350%2C200","width":350,"height":200},"classes":[]},{"id":8871,"url":"http:\/\/www.jojoenherbe.com\/index.php\/2019\/12\/13\/au-fil-des-pages-avec-un-chant-de-noel\/","url_meta":{"origin":8471,"position":3},"title":"Au fil des pages avec Un chant de No\u00ebl","author":"Jojo","date":"13 d\u00e9cembre 2019","format":false,"excerpt":"J'emprunte \u00e0 la biblioth\u00e8que Un chant de No\u00ebl de Lucie Papineau et St\u00e9phane Poulin, d'apr\u00e8s Charles Dickens (\u00e9d. Dominique et compagnie, 2004), un album jeunesse \u00e0 partir de 4 ans selon l'\u00e9diteur. Dans cette version revisit\u00e9e, point de vieux monsieur avare et grincheux Scrooge ni le fant\u00f4me de son ancien\u2026","rel":"","context":"Dans &quot;Mini lecteur&quot;","block_context":{"text":"Mini lecteur","link":"http:\/\/www.jojoenherbe.com\/index.php\/category\/mini-lecteur\/"},"img":{"alt_text":"","src":"https:\/\/i0.wp.com\/www.jojoenherbe.com\/wp-content\/uploads\/2019\/12\/Un-chant-de-No%C3%ABl-scaled.jpg?fit=1200%2C991&resize=350%2C200","width":350,"height":200,"srcset":"https:\/\/i0.wp.com\/www.jojoenherbe.com\/wp-content\/uploads\/2019\/12\/Un-chant-de-No%C3%ABl-scaled.jpg?fit=1200%2C991&resize=350%2C200 1x, https:\/\/i0.wp.com\/www.jojoenherbe.com\/wp-content\/uploads\/2019\/12\/Un-chant-de-No%C3%ABl-scaled.jpg?fit=1200%2C991&resize=525%2C300 1.5x, https:\/\/i0.wp.com\/www.jojoenherbe.com\/wp-content\/uploads\/2019\/12\/Un-chant-de-No%C3%ABl-scaled.jpg?fit=1200%2C991&resize=700%2C400 2x, https:\/\/i0.wp.com\/www.jojoenherbe.com\/wp-content\/uploads\/2019\/12\/Un-chant-de-No%C3%ABl-scaled.jpg?fit=1200%2C991&resize=1050%2C600 3x"},"classes":[]},{"id":21608,"url":"http:\/\/www.jojoenherbe.com\/index.php\/2021\/10\/18\/point-lecture-hebdomadaire-11\/","url_meta":{"origin":8471,"position":4},"title":"Point lecture hebdomadaire #11","author":"Jojo","date":"18 octobre 2021","format":false,"excerpt":"En ce d\u00e9but de semaine, voici notre point lecture hebdomadaire avec un retour sur nos lectures de la semaine derni\u00e8re et celle en cours, avec un passage \u00e0 la m\u00e9diath\u00e8que et une fin de semaine plac\u00e9e sous un Halloween cosy RAT. Nos lectures du 11 au 17 octobre 2021: Des\u2026","rel":"","context":"Dans &quot;Mini blogueur&quot;","block_context":{"text":"Mini blogueur","link":"http:\/\/www.jojoenherbe.com\/index.php\/category\/mini-blogueur\/"},"img":{"alt_text":"","src":"https:\/\/i0.wp.com\/www.jojoenherbe.com\/wp-content\/uploads\/2021\/10\/Point-lecture-hebdomadaire-11-scaled.jpg?fit=1200%2C900&resize=350%2C200","width":350,"height":200,"srcset":"https:\/\/i0.wp.com\/www.jojoenherbe.com\/wp-content\/uploads\/2021\/10\/Point-lecture-hebdomadaire-11-scaled.jpg?fit=1200%2C900&resize=350%2C200 1x, https:\/\/i0.wp.com\/www.jojoenherbe.com\/wp-content\/uploads\/2021\/10\/Point-lecture-hebdomadaire-11-scaled.jpg?fit=1200%2C900&resize=525%2C300 1.5x, https:\/\/i0.wp.com\/www.jojoenherbe.com\/wp-content\/uploads\/2021\/10\/Point-lecture-hebdomadaire-11-scaled.jpg?fit=1200%2C900&resize=700%2C400 2x, https:\/\/i0.wp.com\/www.jojoenherbe.com\/wp-content\/uploads\/2021\/10\/Point-lecture-hebdomadaire-11-scaled.jpg?fit=1200%2C900&resize=1050%2C600 3x"},"classes":[]},{"id":11512,"url":"http:\/\/www.jojoenherbe.com\/index.php\/2020\/07\/10\/au-fil-des-pages-avec-lhomme-montagne\/","url_meta":{"origin":8471,"position":5},"title":"Au fil des pages avec L&rsquo;homme montagne","author":"Jojo","date":"10 juillet 2020","format":false,"excerpt":"J'emprunte \u00e0 la m\u00e9diath\u00e8que L'homme montagne\u00a0 de S\u00e9verine Gauthier et Am\u00e9lie Fl\u00e9chais (\u00e9d. Delcourt Jeunesse, 2015), une BD jeunesse \u00e0 partir de 6 ans. Grand-p\u00e8re se pr\u00e9pare pour son dernier voyage, ne pouvant plus avancer sous le poids des montagnes qui ont pouss\u00e9 sur son dos sa vie durant. Son\u2026","rel":"","context":"Dans &quot;Mini lecteur&quot;","block_context":{"text":"Mini lecteur","link":"http:\/\/www.jojoenherbe.com\/index.php\/category\/mini-lecteur\/"},"img":{"alt_text":"","src":"https:\/\/i0.wp.com\/www.jojoenherbe.com\/wp-content\/uploads\/2020\/07\/Lhomme-montagne-scaled.jpg?fit=1200%2C900&resize=350%2C200","width":350,"height":200,"srcset":"https:\/\/i0.wp.com\/www.jojoenherbe.com\/wp-content\/uploads\/2020\/07\/Lhomme-montagne-scaled.jpg?fit=1200%2C900&resize=350%2C200 1x, https:\/\/i0.wp.com\/www.jojoenherbe.com\/wp-content\/uploads\/2020\/07\/Lhomme-montagne-scaled.jpg?fit=1200%2C900&resize=525%2C300 1.5x, https:\/\/i0.wp.com\/www.jojoenherbe.com\/wp-content\/uploads\/2020\/07\/Lhomme-montagne-scaled.jpg?fit=1200%2C900&resize=700%2C400 2x, https:\/\/i0.wp.com\/www.jojoenherbe.com\/wp-content\/uploads\/2020\/07\/Lhomme-montagne-scaled.jpg?fit=1200%2C900&resize=1050%2C600 3x"},"classes":[]}],"_links":{"self":[{"href":"http:\/\/www.jojoenherbe.com\/index.php\/wp-json\/wp\/v2\/posts\/8471","targetHints":{"allow":["GET"]}}],"collection":[{"href":"http:\/\/www.jojoenherbe.com\/index.php\/wp-json\/wp\/v2\/posts"}],"about":[{"href":"http:\/\/www.jojoenherbe.com\/index.php\/wp-json\/wp\/v2\/types\/post"}],"author":[{"embeddable":true,"href":"http:\/\/www.jojoenherbe.com\/index.php\/wp-json\/wp\/v2\/users\/1"}],"replies":[{"embeddable":true,"href":"http:\/\/www.jojoenherbe.com\/index.php\/wp-json\/wp\/v2\/comments?post=8471"}],"version-history":[{"count":2,"href":"http:\/\/www.jojoenherbe.com\/index.php\/wp-json\/wp\/v2\/posts\/8471\/revisions"}],"predecessor-version":[{"id":29954,"href":"http:\/\/www.jojoenherbe.com\/index.php\/wp-json\/wp\/v2\/posts\/8471\/revisions\/29954"}],"wp:featuredmedia":[{"embeddable":true,"href":"http:\/\/www.jojoenherbe.com\/index.php\/wp-json\/wp\/v2\/media\/8512"}],"wp:attachment":[{"href":"http:\/\/www.jojoenherbe.com\/index.php\/wp-json\/wp\/v2\/media?parent=8471"}],"wp:term":[{"taxonomy":"category","embeddable":true,"href":"http:\/\/www.jojoenherbe.com\/index.php\/wp-json\/wp\/v2\/categories?post=8471"},{"taxonomy":"post_tag","embeddable":true,"href":"http:\/\/www.jojoenherbe.com\/index.php\/wp-json\/wp\/v2\/tags?post=8471"}],"curies":[{"name":"wp","href":"https:\/\/api.w.org\/{rel}","templated":true}]}}