{"id":8452,"date":"2019-11-16T14:34:39","date_gmt":"2019-11-16T13:34:39","guid":{"rendered":"http:\/\/www.jojoenherbe.com\/?p=8452"},"modified":"2021-12-08T09:53:43","modified_gmt":"2021-12-08T08:53:43","slug":"au-fil-des-pages-avec-bonhomme","status":"publish","type":"post","link":"http:\/\/www.jojoenherbe.com\/index.php\/2019\/11\/16\/au-fil-des-pages-avec-bonhomme\/","title":{"rendered":"Au fil des pages avec Bonhomme"},"content":{"rendered":"<p style=\"text-align: justify;\"><em><a href=\"https:\/\/i0.wp.com\/www.jojoenherbe.com\/wp-content\/uploads\/2019\/11\/Bonhomme-et-le-caillou-bleu.jpg\"><img data-recalc-dims=\"1\" loading=\"lazy\" decoding=\"async\" data-attachment-id=\"8455\" data-permalink=\"http:\/\/www.jojoenherbe.com\/index.php\/2019\/11\/16\/au-fil-des-pages-avec-bonhomme\/bonhomme-et-le-caillou-bleu\/\" data-orig-file=\"https:\/\/i0.wp.com\/www.jojoenherbe.com\/wp-content\/uploads\/2019\/11\/Bonhomme-et-le-caillou-bleu.jpg?fit=2448%2C2476\" data-orig-size=\"2448,2476\" data-comments-opened=\"1\" data-image-meta=\"{&quot;aperture&quot;:&quot;2.4&quot;,&quot;credit&quot;:&quot;&quot;,&quot;camera&quot;:&quot;iPhone 4S&quot;,&quot;caption&quot;:&quot;&quot;,&quot;created_timestamp&quot;:&quot;1571666742&quot;,&quot;copyright&quot;:&quot;&quot;,&quot;focal_length&quot;:&quot;4.28&quot;,&quot;iso&quot;:&quot;250&quot;,&quot;shutter_speed&quot;:&quot;0.05&quot;,&quot;title&quot;:&quot;&quot;,&quot;orientation&quot;:&quot;1&quot;}\" data-image-title=\"Bonhomme et le caillou bleu\" data-image-description=\"\" data-image-caption=\"\" data-large-file=\"https:\/\/i0.wp.com\/www.jojoenherbe.com\/wp-content\/uploads\/2019\/11\/Bonhomme-et-le-caillou-bleu.jpg?fit=676%2C684\" class=\"alignleft size-thumbnail wp-image-8455\" src=\"https:\/\/i0.wp.com\/www.jojoenherbe.com\/wp-content\/uploads\/2019\/11\/Bonhomme-et-le-caillou-bleu.jpg?resize=150%2C150\" alt=\"\" width=\"150\" height=\"150\" srcset=\"https:\/\/i0.wp.com\/www.jojoenherbe.com\/wp-content\/uploads\/2019\/11\/Bonhomme-et-le-caillou-bleu.jpg?resize=150%2C150 150w, https:\/\/i0.wp.com\/www.jojoenherbe.com\/wp-content\/uploads\/2019\/11\/Bonhomme-et-le-caillou-bleu.jpg?zoom=2&amp;resize=150%2C150 300w, https:\/\/i0.wp.com\/www.jojoenherbe.com\/wp-content\/uploads\/2019\/11\/Bonhomme-et-le-caillou-bleu.jpg?zoom=3&amp;resize=150%2C150 450w\" sizes=\"auto, (max-width: 150px) 100vw, 150px\" \/><\/a> <a href=\"https:\/\/i0.wp.com\/www.jojoenherbe.com\/wp-content\/uploads\/2019\/11\/Bonhomme-et-le-caillou-bleu-2-scaled.jpg\"><img data-recalc-dims=\"1\" loading=\"lazy\" decoding=\"async\" data-attachment-id=\"8454\" data-permalink=\"http:\/\/www.jojoenherbe.com\/index.php\/2019\/11\/16\/au-fil-des-pages-avec-bonhomme\/bonhomme-et-le-caillou-bleu-2\/\" data-orig-file=\"https:\/\/i0.wp.com\/www.jojoenherbe.com\/wp-content\/uploads\/2019\/11\/Bonhomme-et-le-caillou-bleu-2-scaled.jpg?fit=2560%2C1688\" data-orig-size=\"2560,1688\" data-comments-opened=\"1\" data-image-meta=\"{&quot;aperture&quot;:&quot;2.4&quot;,&quot;credit&quot;:&quot;&quot;,&quot;camera&quot;:&quot;iPhone 4S&quot;,&quot;caption&quot;:&quot;&quot;,&quot;created_timestamp&quot;:&quot;1571666797&quot;,&quot;copyright&quot;:&quot;&quot;,&quot;focal_length&quot;:&quot;4.28&quot;,&quot;iso&quot;:&quot;320&quot;,&quot;shutter_speed&quot;:&quot;0.05&quot;,&quot;title&quot;:&quot;&quot;,&quot;orientation&quot;:&quot;1&quot;}\" data-image-title=\"Bonhomme et le caillou bleu 2\" data-image-description=\"\" data-image-caption=\"\" data-large-file=\"https:\/\/i0.wp.com\/www.jojoenherbe.com\/wp-content\/uploads\/2019\/11\/Bonhomme-et-le-caillou-bleu-2-scaled.jpg?fit=676%2C446\" class=\"alignleft size-thumbnail wp-image-8454\" src=\"https:\/\/i0.wp.com\/www.jojoenherbe.com\/wp-content\/uploads\/2019\/11\/Bonhomme-et-le-caillou-bleu-2.jpg?resize=150%2C150\" alt=\"\" width=\"150\" height=\"150\" srcset=\"https:\/\/i0.wp.com\/www.jojoenherbe.com\/wp-content\/uploads\/2019\/11\/Bonhomme-et-le-caillou-bleu-2-scaled.jpg?resize=150%2C150 150w, https:\/\/i0.wp.com\/www.jojoenherbe.com\/wp-content\/uploads\/2019\/11\/Bonhomme-et-le-caillou-bleu-2-scaled.jpg?zoom=2&amp;resize=150%2C150 300w, https:\/\/i0.wp.com\/www.jojoenherbe.com\/wp-content\/uploads\/2019\/11\/Bonhomme-et-le-caillou-bleu-2-scaled.jpg?zoom=3&amp;resize=150%2C150 450w\" sizes=\"auto, (max-width: 150px) 100vw, 150px\" \/><\/a>Nous empruntons \u00e0 la biblioth\u00e8que <span style=\"text-decoration: underline;\">Bonhomme et le caillou bleu<\/span> d&rsquo;Anne-Ga\u00eblle Balpe et \u00c8ve Tharlet (\u00e9d. Minedition, 2011), un album jeunesse \u00e0 partir de 3 ans. Par une journ\u00e9e d&rsquo;\u00e9t\u00e9, Bonhomme trouve un caillou bleu et d\u00e9cide de le garder, nonobstant les dires du sanglier, du loup ou encore des trois lutins crois\u00e9s lors de sa promenade car qui sait, cet objet bien \u00e9trange pourrait \u00eatre utile. Le texte se lit comme un conte-randonn\u00e9e, Bonhomme \u00e9tant d\u00e9termin\u00e9 \u00e0 conserver sa trouvaille. Mais \u00e0 quoi peut donc servir ce caillou? Les tons bleus des illustrations d&rsquo;\u00c8ve Tharlet sont tout en douceur et en g\u00e9n\u00e9rosit\u00e9 comme l&rsquo;est Bonhomme au fil des pages. La fin heureuse de l&rsquo;histoire laisse entrouverte la porte d&rsquo;une autre aventure de Bonhomme.<br \/>\n<\/em><\/p>\n<p style=\"text-align: justify;\"><em><a href=\"https:\/\/i0.wp.com\/www.jojoenherbe.com\/wp-content\/uploads\/2019\/11\/Bonhomme-et-le-fil-rouge-2-scaled.jpg\"><img data-recalc-dims=\"1\" loading=\"lazy\" decoding=\"async\" data-attachment-id=\"8456\" data-permalink=\"http:\/\/www.jojoenherbe.com\/index.php\/2019\/11\/16\/au-fil-des-pages-avec-bonhomme\/bonhomme-et-le-fil-rouge-2\/\" data-orig-file=\"https:\/\/i0.wp.com\/www.jojoenherbe.com\/wp-content\/uploads\/2019\/11\/Bonhomme-et-le-fil-rouge-2-scaled.jpg?fit=2560%2C1920\" data-orig-size=\"2560,1920\" data-comments-opened=\"1\" data-image-meta=\"{&quot;aperture&quot;:&quot;2.4&quot;,&quot;credit&quot;:&quot;&quot;,&quot;camera&quot;:&quot;iPhone 4S&quot;,&quot;caption&quot;:&quot;&quot;,&quot;created_timestamp&quot;:&quot;1573575504&quot;,&quot;copyright&quot;:&quot;&quot;,&quot;focal_length&quot;:&quot;4.28&quot;,&quot;iso&quot;:&quot;500&quot;,&quot;shutter_speed&quot;:&quot;0.066666666666667&quot;,&quot;title&quot;:&quot;&quot;,&quot;orientation&quot;:&quot;1&quot;}\" data-image-title=\"Bonhomme et le fil rouge 2\" data-image-description=\"\" data-image-caption=\"\" data-large-file=\"https:\/\/i0.wp.com\/www.jojoenherbe.com\/wp-content\/uploads\/2019\/11\/Bonhomme-et-le-fil-rouge-2-scaled.jpg?fit=676%2C507\" class=\"size-thumbnail wp-image-8456 alignright\" src=\"https:\/\/i0.wp.com\/www.jojoenherbe.com\/wp-content\/uploads\/2019\/11\/Bonhomme-et-le-fil-rouge-2.jpg?resize=150%2C150\" alt=\"\" width=\"150\" height=\"150\" srcset=\"https:\/\/i0.wp.com\/www.jojoenherbe.com\/wp-content\/uploads\/2019\/11\/Bonhomme-et-le-fil-rouge-2-scaled.jpg?resize=150%2C150 150w, https:\/\/i0.wp.com\/www.jojoenherbe.com\/wp-content\/uploads\/2019\/11\/Bonhomme-et-le-fil-rouge-2-scaled.jpg?zoom=2&amp;resize=150%2C150 300w, https:\/\/i0.wp.com\/www.jojoenherbe.com\/wp-content\/uploads\/2019\/11\/Bonhomme-et-le-fil-rouge-2-scaled.jpg?zoom=3&amp;resize=150%2C150 450w\" sizes=\"auto, (max-width: 150px) 100vw, 150px\" \/><\/a> <a href=\"https:\/\/i0.wp.com\/www.jojoenherbe.com\/wp-content\/uploads\/2019\/11\/Bonhomme-et-le-fil-rouge.jpg\"><img data-recalc-dims=\"1\" loading=\"lazy\" decoding=\"async\" data-attachment-id=\"8457\" data-permalink=\"http:\/\/www.jojoenherbe.com\/index.php\/2019\/11\/16\/au-fil-des-pages-avec-bonhomme\/bonhomme-et-le-fil-rouge\/\" data-orig-file=\"https:\/\/i0.wp.com\/www.jojoenherbe.com\/wp-content\/uploads\/2019\/11\/Bonhomme-et-le-fil-rouge.jpg?fit=2382%2C2502\" data-orig-size=\"2382,2502\" data-comments-opened=\"1\" data-image-meta=\"{&quot;aperture&quot;:&quot;2.4&quot;,&quot;credit&quot;:&quot;&quot;,&quot;camera&quot;:&quot;iPhone 4S&quot;,&quot;caption&quot;:&quot;&quot;,&quot;created_timestamp&quot;:&quot;1573575393&quot;,&quot;copyright&quot;:&quot;&quot;,&quot;focal_length&quot;:&quot;4.28&quot;,&quot;iso&quot;:&quot;400&quot;,&quot;shutter_speed&quot;:&quot;0.066666666666667&quot;,&quot;title&quot;:&quot;&quot;,&quot;orientation&quot;:&quot;1&quot;}\" data-image-title=\"Bonhomme et le fil rouge\" data-image-description=\"\" data-image-caption=\"\" data-large-file=\"https:\/\/i0.wp.com\/www.jojoenherbe.com\/wp-content\/uploads\/2019\/11\/Bonhomme-et-le-fil-rouge.jpg?fit=676%2C710\" class=\"size-thumbnail wp-image-8457 alignright\" src=\"https:\/\/i0.wp.com\/www.jojoenherbe.com\/wp-content\/uploads\/2019\/11\/Bonhomme-et-le-fil-rouge.jpg?resize=150%2C150\" alt=\"\" width=\"150\" height=\"150\" srcset=\"https:\/\/i0.wp.com\/www.jojoenherbe.com\/wp-content\/uploads\/2019\/11\/Bonhomme-et-le-fil-rouge.jpg?resize=150%2C150 150w, https:\/\/i0.wp.com\/www.jojoenherbe.com\/wp-content\/uploads\/2019\/11\/Bonhomme-et-le-fil-rouge.jpg?zoom=2&amp;resize=150%2C150 300w, https:\/\/i0.wp.com\/www.jojoenherbe.com\/wp-content\/uploads\/2019\/11\/Bonhomme-et-le-fil-rouge.jpg?zoom=3&amp;resize=150%2C150 450w\" sizes=\"auto, (max-width: 150px) 100vw, 150px\" \/><\/a> Nous lisons \u00e9galement sa suite, <span style=\"text-decoration: underline;\">Bonhomme et le fil rouge<\/span> d&rsquo;Anne-Ga\u00eblle Balpe et \u00c8ve Tharlet (\u00e9d. Minedition, 2014) qui reprend l&rsquo;histoire peu de temps avant la premi\u00e8re, mais cette fois-ci en automne. A la place d&rsquo;un caillou bleu, c&rsquo;est un fil rouge d&rsquo;une poup\u00e9e que Bonhomme ramasse par terre. Mais le vent violent emporte, dans une bourrasque, son fil qui se r\u00e9v\u00e8le bien utile pour le nid d&rsquo;un oiseau. En remerciement, l&rsquo;oiseau offre deux plumes \u00e0 Bonhomme. De rencontre en rencontre au cours de sa promenade, Bonhomme fait preuve du m\u00eame sens du partage et d&rsquo;entraide. Les illustrations douces d&rsquo;\u00c8ve Tharlet dans les tons rouges sont toujours plaisantes \u00e0 regarder et accompagnent le texte dans son \u00e9lan d&rsquo;optimisme et de g\u00e9n\u00e9rosit\u00e9 jusqu&rsquo;\u00e0 la chute finale tout en po\u00e9sie. Un tr\u00e8s bon moment de lecture et un beau message pour les jeunes lecteurs!<br \/>\n<\/em><\/p>\n<p style=\"text-align: justify;\"><em><span style=\"text-decoration: underline;\">Mise \u00e0 jour le 7 janvier 2021<\/span>: ces deux histoires ont \u00e9t\u00e9 r\u00e9unies dans un seul album jeunesse paru le 8 octobre 2020, <span style=\"text-decoration: underline;\">Les petits tr\u00e9sors de Bonhomme<\/span> du m\u00eame duo autrice\/illustratrice (\u00e9d. Minedition, 2020).<\/em><\/p>\n<div style=\"width: 139px\" class=\"wp-caption alignleft\"><img data-recalc-dims=\"1\" loading=\"lazy\" decoding=\"async\" class=\"\" src=\"https:\/\/i0.wp.com\/delivrer-des-livres.fr\/wp-content\/uploads\/2019\/05\/logoalbums2019.png?resize=129%2C129\" alt=\"\" width=\"129\" height=\"129\" \/><p class=\"wp-caption-text\">Participation #88 <a href=\"http:\/\/delivrer-des-livres.fr\/challenge-albums-2019\/\">Je lis aussi des albums<\/a><\/p><\/div>\n<div id=\"attachment_33643\" style=\"width: 148px\" class=\"wp-caption alignleft\"><img data-recalc-dims=\"1\" loading=\"lazy\" decoding=\"async\" aria-describedby=\"caption-attachment-33643\" class=\"wp-image-33643\" src=\"https:\/\/i0.wp.com\/delivrer-des-livres.fr\/wp-content\/uploads\/2019\/01\/petit-bac-2019.jpg?resize=138%2C105\" sizes=\"auto, (max-width: 200px) 100vw, 200px\" srcset=\"http:\/\/delivrer-des-livres.fr\/wp-content\/uploads\/2019\/01\/petit-bac-2019.jpg 285w, http:\/\/delivrer-des-livres.fr\/wp-content\/uploads\/2019\/01\/petit-bac-2019-150x114.jpg 150w\" alt=\"\" width=\"138\" height=\"105\" \/><p id=\"caption-attachment-33643\" class=\"wp-caption-text\"><a href=\"https:\/\/ennalit.wordpress.com\/2018\/12\/01\/challenge-petit-bac-2019-qui-veut-jouer\/\">Challenge Petit Bac d&rsquo;Enna<\/a> &#8211; #13 cat\u00e9gorie Couleur: \u00ab\u00a0Bleu\u00a0\u00bb et cat\u00e9gorie Objet: \u00ab\u00a0Fil\u00a0\u00bb<\/p><\/div>\n","protected":false},"excerpt":{"rendered":"<p>Nous empruntons \u00e0 la biblioth\u00e8que Bonhomme et le caillou bleu d&rsquo;Anne-Ga\u00eblle Balpe et \u00c8ve Tharlet (\u00e9d. Minedition, 2011), un album jeunesse \u00e0 partir de 3 ans. Par une journ\u00e9e d&rsquo;\u00e9t\u00e9, Bonhomme trouve un caillou bleu et d\u00e9cide de le garder, nonobstant les dires du sanglier, du loup ou encore des trois lutins crois\u00e9s lors de [&hellip;]<\/p>\n","protected":false},"author":1,"featured_media":8458,"comment_status":"open","ping_status":"open","sticky":false,"template":"","format":"standard","meta":{"jetpack_post_was_ever_published":false,"_jetpack_newsletter_access":"","_jetpack_dont_email_post_to_subs":false,"_jetpack_newsletter_tier_id":0,"_jetpack_memberships_contains_paywalled_content":false,"_jetpack_memberships_contains_paid_content":false,"footnotes":""},"categories":[363],"tags":[785,409,1348,977,1071,1349,970,390,1998,979,1350,367,451,978],"class_list":["post-8452","post","type-post","status-publish","format-standard","has-post-thumbnail","hentry","category-mini-lecteur","tag-3-6-ans","tag-albums-jeunesse","tag-anne-gaelle-balpe","tag-caillou","tag-challenge-petit-bac","tag-challenge-petit-bac-2019","tag-confiance-en-soi","tag-entraide","tag-eve-tharlet","tag-generosite","tag-je-lis-aussi-des-albums-2019","tag-lecture-jeunesse","tag-partage","tag-poupee","post-preview"],"jetpack_featured_media_url":"https:\/\/i0.wp.com\/www.jojoenherbe.com\/wp-content\/uploads\/2019\/11\/Bonhomme-scaled.jpg?fit=2560%2C1776","jetpack_sharing_enabled":true,"jetpack_shortlink":"https:\/\/wp.me\/p9zhGx-2ck","jetpack_likes_enabled":true,"jetpack-related-posts":[{"id":5046,"url":"http:\/\/www.jojoenherbe.com\/index.php\/2019\/03\/16\/deux-autres-albums-jeunesse-sur-lhiver\/","url_meta":{"origin":8452,"position":0},"title":"Deux autres albums jeunesse sur l&rsquo;hiver","author":"Jojo","date":"16 mars 2019","format":false,"excerpt":"Dans cette derni\u00e8re semaine d'hiver, nous empruntons \u00e0 la biblioth\u00e8que deux albums jeunesse sur cette saison. Cette ann\u00e9e, l'hiver ayant \u00e9t\u00e9 particuli\u00e8rement doux dans le Sud de la France, nous n'avons pas vraiment pu profiter de la neige. Nous avions ador\u00e9 d\u00e9couvrir les aventures automnales de Nic, Nac, Noc, trois\u2026","rel":"","context":"Dans &quot;Mini lecteur&quot;","block_context":{"text":"Mini lecteur","link":"http:\/\/www.jojoenherbe.com\/index.php\/category\/mini-lecteur\/"},"img":{"alt_text":"","src":"https:\/\/i0.wp.com\/www.jojoenherbe.com\/wp-content\/uploads\/2019\/03\/Vive-la-neige.jpg?fit=1200%2C714&resize=350%2C200","width":350,"height":200,"srcset":"https:\/\/i0.wp.com\/www.jojoenherbe.com\/wp-content\/uploads\/2019\/03\/Vive-la-neige.jpg?fit=1200%2C714&resize=350%2C200 1x, https:\/\/i0.wp.com\/www.jojoenherbe.com\/wp-content\/uploads\/2019\/03\/Vive-la-neige.jpg?fit=1200%2C714&resize=525%2C300 1.5x, https:\/\/i0.wp.com\/www.jojoenherbe.com\/wp-content\/uploads\/2019\/03\/Vive-la-neige.jpg?fit=1200%2C714&resize=700%2C400 2x, https:\/\/i0.wp.com\/www.jojoenherbe.com\/wp-content\/uploads\/2019\/03\/Vive-la-neige.jpg?fit=1200%2C714&resize=1050%2C600 3x"},"classes":[]},{"id":9038,"url":"http:\/\/www.jojoenherbe.com\/index.php\/2019\/12\/19\/au-fil-des-pages-avec-a-la-recherche-du-pere-noel\/","url_meta":{"origin":8452,"position":1},"title":"Au fil des pages avec \u00c0 la recherche du P\u00e8re No\u00ebl","author":"Jojo","date":"19 d\u00e9cembre 2019","format":false,"excerpt":"Nous empruntons \u00e0 la biblioth\u00e8que \u00c0 la recherche du P\u00e8re No\u00ebl de Thierry Dedieu (\u00e9d. Seuil Jeunesse, 2015), un album jeunesse tr\u00e8s grand format \u00e0 partir de 3 ans. Un bonhomme de neige s'anime sous les yeux m\u00e9dus\u00e9s d'un rouge-gorge. Il souhaite rencontrer le P\u00e8re No\u00ebl pour lui offrir un\u2026","rel":"","context":"Dans &quot;Mini lecteur&quot;","block_context":{"text":"Mini lecteur","link":"http:\/\/www.jojoenherbe.com\/index.php\/category\/mini-lecteur\/"},"img":{"alt_text":"","src":"https:\/\/i0.wp.com\/www.jojoenherbe.com\/wp-content\/uploads\/2019\/12\/A-la-recherche-du-P%C3%A8re-No%C3%ABl.jpg?fit=1200%2C1168&resize=350%2C200","width":350,"height":200,"srcset":"https:\/\/i0.wp.com\/www.jojoenherbe.com\/wp-content\/uploads\/2019\/12\/A-la-recherche-du-P%C3%A8re-No%C3%ABl.jpg?fit=1200%2C1168&resize=350%2C200 1x, https:\/\/i0.wp.com\/www.jojoenherbe.com\/wp-content\/uploads\/2019\/12\/A-la-recherche-du-P%C3%A8re-No%C3%ABl.jpg?fit=1200%2C1168&resize=525%2C300 1.5x, https:\/\/i0.wp.com\/www.jojoenherbe.com\/wp-content\/uploads\/2019\/12\/A-la-recherche-du-P%C3%A8re-No%C3%ABl.jpg?fit=1200%2C1168&resize=700%2C400 2x, https:\/\/i0.wp.com\/www.jojoenherbe.com\/wp-content\/uploads\/2019\/12\/A-la-recherche-du-P%C3%A8re-No%C3%ABl.jpg?fit=1200%2C1168&resize=1050%2C600 3x"},"classes":[]},{"id":15969,"url":"http:\/\/www.jojoenherbe.com\/index.php\/2021\/02\/23\/au-fil-des-pages-avec-le-bonhomme-de-pain-depice\/","url_meta":{"origin":8452,"position":2},"title":"Au fil des pages avec Le bonhomme de pain d&rsquo;\u00e9pice","author":"Jojo","date":"23 f\u00e9vrier 2021","format":false,"excerpt":"Lors du RAT de St-Valentin, nous avons lu deux versions du conte-randonn\u00e9e gourmand du bonhomme de pain d'\u00e9pice, un conte traditionnel paru pour la premi\u00e8re fois aux \u00c9tats-Unis en 1875. Puis le week-end dernier, nous en avons lu une troisi\u00e8me version. Le bonhomme de pain d\u2019\u00e9pice \u00a0 Nous commen\u00e7ons par\u2026","rel":"","context":"Dans &quot;Mini lecteur&quot;","block_context":{"text":"Mini lecteur","link":"http:\/\/www.jojoenherbe.com\/index.php\/category\/mini-lecteur\/"},"img":{"alt_text":"","src":"https:\/\/i0.wp.com\/www.jojoenherbe.com\/wp-content\/uploads\/2021\/02\/Selection-Le-bonhomme-de-pain-depice-scaled.jpg?fit=1200%2C900&resize=350%2C200","width":350,"height":200,"srcset":"https:\/\/i0.wp.com\/www.jojoenherbe.com\/wp-content\/uploads\/2021\/02\/Selection-Le-bonhomme-de-pain-depice-scaled.jpg?fit=1200%2C900&resize=350%2C200 1x, https:\/\/i0.wp.com\/www.jojoenherbe.com\/wp-content\/uploads\/2021\/02\/Selection-Le-bonhomme-de-pain-depice-scaled.jpg?fit=1200%2C900&resize=525%2C300 1.5x, https:\/\/i0.wp.com\/www.jojoenherbe.com\/wp-content\/uploads\/2021\/02\/Selection-Le-bonhomme-de-pain-depice-scaled.jpg?fit=1200%2C900&resize=700%2C400 2x, https:\/\/i0.wp.com\/www.jojoenherbe.com\/wp-content\/uploads\/2021\/02\/Selection-Le-bonhomme-de-pain-depice-scaled.jpg?fit=1200%2C900&resize=1050%2C600 3x"},"classes":[]},{"id":9034,"url":"http:\/\/www.jojoenherbe.com\/index.php\/2019\/12\/21\/au-fil-des-pages-avec-les-bonshommes-de-neige-sont-eternels\/","url_meta":{"origin":8452,"position":3},"title":"Au fil des pages avec Les bonshommes de neige sont \u00e9ternels","author":"Jojo","date":"21 d\u00e9cembre 2019","format":false,"excerpt":"Nous empruntons \u00e0 la biblioth\u00e8que Les bonshommes de neige sont \u00e9ternels de Thierry Dedieu (\u00e9d. Seuil Jeunesse, 2016), un album jeunesse tr\u00e8s grand format \u00e0 partir de 3 ans. A la fin de l'hiver, quatre animaux de la for\u00eat, \u00c9cureuil, Chouette, H\u00e9risson et Lapin, s'inqui\u00e8tent pour leur ami, le Bonhomme\u2026","rel":"","context":"Dans &quot;Mini lecteur&quot;","block_context":{"text":"Mini lecteur","link":"http:\/\/www.jojoenherbe.com\/index.php\/category\/mini-lecteur\/"},"img":{"alt_text":"","src":"https:\/\/i0.wp.com\/www.jojoenherbe.com\/wp-content\/uploads\/2019\/12\/Les-bonshommes-de-neige-sont-%C3%A9ternels.jpg?fit=1200%2C1127&resize=350%2C200","width":350,"height":200,"srcset":"https:\/\/i0.wp.com\/www.jojoenherbe.com\/wp-content\/uploads\/2019\/12\/Les-bonshommes-de-neige-sont-%C3%A9ternels.jpg?fit=1200%2C1127&resize=350%2C200 1x, https:\/\/i0.wp.com\/www.jojoenherbe.com\/wp-content\/uploads\/2019\/12\/Les-bonshommes-de-neige-sont-%C3%A9ternels.jpg?fit=1200%2C1127&resize=525%2C300 1.5x, https:\/\/i0.wp.com\/www.jojoenherbe.com\/wp-content\/uploads\/2019\/12\/Les-bonshommes-de-neige-sont-%C3%A9ternels.jpg?fit=1200%2C1127&resize=700%2C400 2x, https:\/\/i0.wp.com\/www.jojoenherbe.com\/wp-content\/uploads\/2019\/12\/Les-bonshommes-de-neige-sont-%C3%A9ternels.jpg?fit=1200%2C1127&resize=1050%2C600 3x"},"classes":[]},{"id":7461,"url":"http:\/\/www.jojoenherbe.com\/index.php\/2019\/09\/12\/au-fil-des-pages-avec-larrivee-dun-bebe\/","url_meta":{"origin":8452,"position":4},"title":"Au fil des pages avec l&rsquo;arriv\u00e9e d&rsquo;un b\u00e9b\u00e9","author":"Jojo","date":"12 septembre 2019","format":false,"excerpt":"Nous empruntons \u00e0 la biblioth\u00e8que deux albums sur l'arriv\u00e9e d'un b\u00e9b\u00e9 dans une famille, des albums \u00e0 partir de 2 ans et qui peuvent permettre de d\u00e9dramatiser l'arriv\u00e9e d'un nouvel enfant dans la famille ou tout simplement d'apporter les premi\u00e8res r\u00e9ponses au fait de voir des femmes avec des ventres\u2026","rel":"","context":"Dans &quot;Mini lecteur&quot;","block_context":{"text":"Mini lecteur","link":"http:\/\/www.jojoenherbe.com\/index.php\/category\/mini-lecteur\/"},"img":{"alt_text":"","src":"https:\/\/i0.wp.com\/www.jojoenherbe.com\/wp-content\/uploads\/2019\/09\/Albums-naissance.jpg?fit=1200%2C905&resize=350%2C200","width":350,"height":200,"srcset":"https:\/\/i0.wp.com\/www.jojoenherbe.com\/wp-content\/uploads\/2019\/09\/Albums-naissance.jpg?fit=1200%2C905&resize=350%2C200 1x, https:\/\/i0.wp.com\/www.jojoenherbe.com\/wp-content\/uploads\/2019\/09\/Albums-naissance.jpg?fit=1200%2C905&resize=525%2C300 1.5x, https:\/\/i0.wp.com\/www.jojoenherbe.com\/wp-content\/uploads\/2019\/09\/Albums-naissance.jpg?fit=1200%2C905&resize=700%2C400 2x, https:\/\/i0.wp.com\/www.jojoenherbe.com\/wp-content\/uploads\/2019\/09\/Albums-naissance.jpg?fit=1200%2C905&resize=1050%2C600 3x"},"classes":[]},{"id":6600,"url":"http:\/\/www.jojoenherbe.com\/index.php\/2019\/07\/10\/au-fil-des-pages-avec-chut-on-a-un-plan\/","url_meta":{"origin":8452,"position":5},"title":"Au fil des pages avec Chut! On a un plan","author":"Jojo","date":"10 juillet 2019","format":false,"excerpt":"Apr\u00e8s Oh non, George! et Un peu perdu, nous lisons Chut! On a un plan de Chris Haughton (\u00e9d. Thierry Magnier, 2014), un album jeunesse dans sa forme grand format pouvant \u00eatre lu d\u00e8s 2 ou 3 ans. Nous suivons les p\u00e9rip\u00e9ties un brin gaffeuses de trois bonhommes qui tentent\u2026","rel":"","context":"Dans &quot;Mini lecteur&quot;","block_context":{"text":"Mini lecteur","link":"http:\/\/www.jojoenherbe.com\/index.php\/category\/mini-lecteur\/"},"img":{"alt_text":"","src":"https:\/\/i0.wp.com\/www.jojoenherbe.com\/wp-content\/uploads\/2019\/07\/Chut-on-a-un-plan.jpg?fit=1200%2C1069&resize=350%2C200","width":350,"height":200,"srcset":"https:\/\/i0.wp.com\/www.jojoenherbe.com\/wp-content\/uploads\/2019\/07\/Chut-on-a-un-plan.jpg?fit=1200%2C1069&resize=350%2C200 1x, https:\/\/i0.wp.com\/www.jojoenherbe.com\/wp-content\/uploads\/2019\/07\/Chut-on-a-un-plan.jpg?fit=1200%2C1069&resize=525%2C300 1.5x, https:\/\/i0.wp.com\/www.jojoenherbe.com\/wp-content\/uploads\/2019\/07\/Chut-on-a-un-plan.jpg?fit=1200%2C1069&resize=700%2C400 2x, https:\/\/i0.wp.com\/www.jojoenherbe.com\/wp-content\/uploads\/2019\/07\/Chut-on-a-un-plan.jpg?fit=1200%2C1069&resize=1050%2C600 3x"},"classes":[]}],"_links":{"self":[{"href":"http:\/\/www.jojoenherbe.com\/index.php\/wp-json\/wp\/v2\/posts\/8452","targetHints":{"allow":["GET"]}}],"collection":[{"href":"http:\/\/www.jojoenherbe.com\/index.php\/wp-json\/wp\/v2\/posts"}],"about":[{"href":"http:\/\/www.jojoenherbe.com\/index.php\/wp-json\/wp\/v2\/types\/post"}],"author":[{"embeddable":true,"href":"http:\/\/www.jojoenherbe.com\/index.php\/wp-json\/wp\/v2\/users\/1"}],"replies":[{"embeddable":true,"href":"http:\/\/www.jojoenherbe.com\/index.php\/wp-json\/wp\/v2\/comments?post=8452"}],"version-history":[{"count":0,"href":"http:\/\/www.jojoenherbe.com\/index.php\/wp-json\/wp\/v2\/posts\/8452\/revisions"}],"wp:featuredmedia":[{"embeddable":true,"href":"http:\/\/www.jojoenherbe.com\/index.php\/wp-json\/wp\/v2\/media\/8458"}],"wp:attachment":[{"href":"http:\/\/www.jojoenherbe.com\/index.php\/wp-json\/wp\/v2\/media?parent=8452"}],"wp:term":[{"taxonomy":"category","embeddable":true,"href":"http:\/\/www.jojoenherbe.com\/index.php\/wp-json\/wp\/v2\/categories?post=8452"},{"taxonomy":"post_tag","embeddable":true,"href":"http:\/\/www.jojoenherbe.com\/index.php\/wp-json\/wp\/v2\/tags?post=8452"}],"curies":[{"name":"wp","href":"https:\/\/api.w.org\/{rel}","templated":true}]}}