{"id":8251,"date":"2019-10-29T15:40:11","date_gmt":"2019-10-29T14:40:11","guid":{"rendered":"http:\/\/www.jojoenherbe.com\/?p=8251"},"modified":"2019-11-07T08:39:15","modified_gmt":"2019-11-07T07:39:15","slug":"des-coeurs-de-sorciere-a-vaugrenier","status":"publish","type":"post","link":"http:\/\/www.jojoenherbe.com\/index.php\/2019\/10\/29\/des-coeurs-de-sorciere-a-vaugrenier\/","title":{"rendered":"Des c\u0153urs de sorci\u00e8re \u00e0 Vaugrenier"},"content":{"rendered":"<p style=\"text-align: justify;\"><em><a href=\"https:\/\/i0.wp.com\/www.jojoenherbe.com\/wp-content\/uploads\/2019\/10\/Clathre-rouge-ou-coeur-de-sorci%C3%A8re-2.jpg\"><img data-recalc-dims=\"1\" loading=\"lazy\" decoding=\"async\" data-attachment-id=\"8252\" data-permalink=\"http:\/\/www.jojoenherbe.com\/index.php\/2019\/10\/29\/des-coeurs-de-sorciere-a-vaugrenier\/clathre-rouge-ou-coeur-de-sorciere-2\/\" data-orig-file=\"https:\/\/i0.wp.com\/www.jojoenherbe.com\/wp-content\/uploads\/2019\/10\/Clathre-rouge-ou-coeur-de-sorci%C3%A8re-2.jpg?fit=5184%2C3888\" data-orig-size=\"5184,3888\" data-comments-opened=\"1\" data-image-meta=\"{&quot;aperture&quot;:&quot;4&quot;,&quot;credit&quot;:&quot;&quot;,&quot;camera&quot;:&quot;DSC-HX400V&quot;,&quot;caption&quot;:&quot;&quot;,&quot;created_timestamp&quot;:&quot;1572350295&quot;,&quot;copyright&quot;:&quot;&quot;,&quot;focal_length&quot;:&quot;16.71&quot;,&quot;iso&quot;:&quot;100&quot;,&quot;shutter_speed&quot;:&quot;0.01&quot;,&quot;title&quot;:&quot;&quot;,&quot;orientation&quot;:&quot;1&quot;}\" data-image-title=\"Clathre rouge ou coeur de sorci\u00e8re 2\" data-image-description=\"\" data-image-caption=\"\" data-large-file=\"https:\/\/i0.wp.com\/www.jojoenherbe.com\/wp-content\/uploads\/2019\/10\/Clathre-rouge-ou-coeur-de-sorci%C3%A8re-2.jpg?fit=676%2C507\" class=\"alignleft size-thumbnail wp-image-8252\" src=\"https:\/\/i0.wp.com\/www.jojoenherbe.com\/wp-content\/uploads\/2019\/10\/Clathre-rouge-ou-coeur-de-sorci%C3%A8re-2.jpg?resize=150%2C150\" alt=\"\" width=\"150\" height=\"150\" srcset=\"https:\/\/i0.wp.com\/www.jojoenherbe.com\/wp-content\/uploads\/2019\/10\/Clathre-rouge-ou-coeur-de-sorci%C3%A8re-2.jpg?resize=150%2C150 150w, https:\/\/i0.wp.com\/www.jojoenherbe.com\/wp-content\/uploads\/2019\/10\/Clathre-rouge-ou-coeur-de-sorci%C3%A8re-2.jpg?zoom=2&amp;resize=150%2C150 300w, https:\/\/i0.wp.com\/www.jojoenherbe.com\/wp-content\/uploads\/2019\/10\/Clathre-rouge-ou-coeur-de-sorci%C3%A8re-2.jpg?zoom=3&amp;resize=150%2C150 450w\" sizes=\"auto, (max-width: 150px) 100vw, 150px\" \/><\/a>Ce 29 octobre 2019, nous allons ce matin au Parc de Vaugrenier qui a pris des couleurs automnales. Nous prenons notre temps \u00e0 marcher, passant d&rsquo;un rocher \u00e0 un arbre, sans vraiment respecter les all\u00e9es am\u00e9nag\u00e9es. Un peu partout, des champignons ont pouss\u00e9 apr\u00e8s ces derniers jours de pluie. Nous passons alors \u00e0 c\u00f4t\u00e9 d&rsquo;un champignon \u00e0 l&rsquo;allure bien surprenante: rose \/ rouge avec des trous, visqueux et prot\u00e9iforme. Il y en a d&rsquo;autres un peu plus loin. Apr\u00e8s recherche, il s&rsquo;agit d&rsquo;un clathre rouge \u00e9galement appel\u00e9 c\u0153ur de sorci\u00e8re. Il a une odeur naus\u00e9abonde et n&rsquo;est pas comestible puisque sans int\u00e9r\u00eat gustatif. Il aurait servi au Moyen \u00c2ge dans la fabrication de sortil\u00e8ges ou autres potions. Le Halloween Challenge de Hilde et Lou n&rsquo;est pas loin. \u00c0 vos chaudrons!<br \/>\n<\/em><\/p>\n<p><iframe loading=\"lazy\" src=\"https:\/\/www.google.com\/maps\/embed?pb=!1m18!1m12!1m3!1d2888.1023006527384!2d7.1216354154968355!3d43.62522967912221!2m3!1f0!2f0!3f0!3m2!1i1024!2i768!4f13.1!3m3!1m2!1s0x12cdd4ed401dc03d%3A0x9269a1fb64c10ccd!2sParc+Naturel+D%C3%A9partemental+de+Vaugrenier!5e0!3m2!1sfr!2sfr!4v1548625400523\" width=\"400\" height=\"300\" frameborder=\"0\" allowfullscreen=\"allowfullscreen\"><\/iframe><\/p>\n<div id=\"attachment_25301\" style=\"width: 192px\" class=\"wp-caption aligncenter\"><img data-recalc-dims=\"1\" loading=\"lazy\" decoding=\"async\" aria-describedby=\"caption-attachment-25301\" class=\"wp-image-25301\" src=\"https:\/\/i0.wp.com\/www.myloubook.com\/wp-content\/uploads\/2019\/09\/logo-halloween-2019-candles.jpg?resize=182%2C123\" sizes=\"auto, (max-width: 1000px) 100vw, 1000px\" srcset=\"http:\/\/www.myloubook.com\/wp-content\/uploads\/2019\/09\/logo-halloween-2019-candles.jpg 1000w, http:\/\/www.myloubook.com\/wp-content\/uploads\/2019\/09\/logo-halloween-2019-candles-300x203.jpg 300w, http:\/\/www.myloubook.com\/wp-content\/uploads\/2019\/09\/logo-halloween-2019-candles-768x519.jpg 768w\" alt=\"\" width=\"182\" height=\"123\" \/><p id=\"caption-attachment-25301\" class=\"wp-caption-text\">Challenge Halloween 2019 de <a href=\"http:\/\/www.lelivroblog.fr\/archive\/2019\/09\/26\/le-recapitulatif-du-challenge-halloween-2019-6178421.html\">Hilde<\/a> et <a href=\"http:\/\/www.myloubook.com\/2019\/09\/28\/challenge-halloween-2019-10-ans-billet-recapitulatif\/\">Lou<\/a> #botanique<\/p><\/div>\n","protected":false},"excerpt":{"rendered":"<p>Ce 29 octobre 2019, nous allons ce matin au Parc de Vaugrenier qui a pris des couleurs automnales. Nous prenons notre temps \u00e0 marcher, passant d&rsquo;un rocher \u00e0 un arbre, sans vraiment respecter les all\u00e9es am\u00e9nag\u00e9es. Un peu partout, des champignons ont pouss\u00e9 apr\u00e8s ces derniers jours de pluie. Nous passons alors \u00e0 c\u00f4t\u00e9 d&rsquo;un [&hellip;]<\/p>\n","protected":false},"author":1,"featured_media":8253,"comment_status":"open","ping_status":"open","sticky":false,"template":"","format":"standard","meta":{"jetpack_post_was_ever_published":false,"_jetpack_newsletter_access":"","_jetpack_dont_email_post_to_subs":false,"_jetpack_newsletter_tier_id":0,"_jetpack_memberships_contains_paywalled_content":false,"_jetpack_memberships_contains_paid_content":false,"footnotes":""},"categories":[128],"tags":[25,321,856,803,944,945,383,5,37,340,41],"class_list":["post-8251","post","type-post","status-publish","format-standard","has-post-thumbnail","hentry","category-mini-baladeur","tag-alpes-maritimes","tag-automne","tag-botanique","tag-champignon","tag-clathre-rouge","tag-coeur-de-sorciere","tag-etang-de-vaugrenier","tag-paca","tag-parc-naturel-departemental","tag-sorciere","tag-villeneuve-loubet","post-preview"],"jetpack_featured_media_url":"https:\/\/i0.wp.com\/www.jojoenherbe.com\/wp-content\/uploads\/2019\/10\/Clathre-rouge-ou-coeur-de-sorci%C3%A8re.jpg?fit=5184%2C3888","jetpack_sharing_enabled":true,"jetpack_shortlink":"https:\/\/wp.me\/p9zhGx-295","jetpack_likes_enabled":true,"jetpack-related-posts":[{"id":4422,"url":"http:\/\/www.jojoenherbe.com\/index.php\/2019\/01\/28\/un-apres-midi-au-parc-de-vaugrenier\/","url_meta":{"origin":8251,"position":0},"title":"Un apr\u00e8s-midi au parc de Vaugrenier","author":"Jojo","date":"28 janvier 2019","format":false,"excerpt":"Ce 27 janvier 2019, nous passons l'apr\u00e8s-midi au parc d\u00e9partemental de Vaugrenier. Apr\u00e8s avoir vu un rouge-gorge, nous nous arr\u00eatons un moment \u00e0 l'un des deux observatoires ornithologiques install\u00e9s autour de l'\u00e9tang. A peine arriv\u00e9s, nous voyons s'envoler un h\u00e9ron cendr\u00e9 qui se repose aussit\u00f4t dans les roseaux. Il restera\u2026","rel":"","context":"Dans &quot;Mini baladeur&quot;","block_context":{"text":"Mini baladeur","link":"http:\/\/www.jojoenherbe.com\/index.php\/category\/mini-crapahuteur\/mini-baladeur\/"},"img":{"alt_text":"","src":"https:\/\/i0.wp.com\/www.jojoenherbe.com\/wp-content\/uploads\/2019\/01\/%C3%A9tang-de-Vaugrenier-4.jpg?fit=1200%2C747&resize=350%2C200","width":350,"height":200,"srcset":"https:\/\/i0.wp.com\/www.jojoenherbe.com\/wp-content\/uploads\/2019\/01\/%C3%A9tang-de-Vaugrenier-4.jpg?fit=1200%2C747&resize=350%2C200 1x, https:\/\/i0.wp.com\/www.jojoenherbe.com\/wp-content\/uploads\/2019\/01\/%C3%A9tang-de-Vaugrenier-4.jpg?fit=1200%2C747&resize=525%2C300 1.5x, https:\/\/i0.wp.com\/www.jojoenherbe.com\/wp-content\/uploads\/2019\/01\/%C3%A9tang-de-Vaugrenier-4.jpg?fit=1200%2C747&resize=700%2C400 2x, https:\/\/i0.wp.com\/www.jojoenherbe.com\/wp-content\/uploads\/2019\/01\/%C3%A9tang-de-Vaugrenier-4.jpg?fit=1200%2C747&resize=1050%2C600 3x"},"classes":[]},{"id":5260,"url":"http:\/\/www.jojoenherbe.com\/index.php\/2019\/03\/26\/petite-pause-a-lobservatoire-de-vaugrenier\/","url_meta":{"origin":8251,"position":1},"title":"Petite pause \u00e0 l&rsquo;observatoire de Vaugrenier","author":"Jojo","date":"26 mars 2019","format":false,"excerpt":"Ce 24 mars 2019, nous passons une bonne partie de la journ\u00e9e au parc d\u00e9partemental de Vaugrenier malgr\u00e9 la fr\u00e9quentation en hausse. Heureusement, les rouges-gorges et les pinsons des arbres ne sont pas farouches. Il y a \u00e9galement beaucoup d'arbres en pleine floraison et des fleurs parsemant le parc. Comme\u2026","rel":"","context":"Dans &quot;Mini baladeur&quot;","block_context":{"text":"Mini baladeur","link":"http:\/\/www.jojoenherbe.com\/index.php\/category\/mini-crapahuteur\/mini-baladeur\/"},"img":{"alt_text":"","src":"https:\/\/i0.wp.com\/www.jojoenherbe.com\/wp-content\/uploads\/2019\/03\/Parc-de-Vaugrenier.jpg?fit=1200%2C900&resize=350%2C200","width":350,"height":200,"srcset":"https:\/\/i0.wp.com\/www.jojoenherbe.com\/wp-content\/uploads\/2019\/03\/Parc-de-Vaugrenier.jpg?fit=1200%2C900&resize=350%2C200 1x, https:\/\/i0.wp.com\/www.jojoenherbe.com\/wp-content\/uploads\/2019\/03\/Parc-de-Vaugrenier.jpg?fit=1200%2C900&resize=525%2C300 1.5x, https:\/\/i0.wp.com\/www.jojoenherbe.com\/wp-content\/uploads\/2019\/03\/Parc-de-Vaugrenier.jpg?fit=1200%2C900&resize=700%2C400 2x, https:\/\/i0.wp.com\/www.jojoenherbe.com\/wp-content\/uploads\/2019\/03\/Parc-de-Vaugrenier.jpg?fit=1200%2C900&resize=1050%2C600 3x"},"classes":[]},{"id":4604,"url":"http:\/\/www.jojoenherbe.com\/index.php\/2019\/02\/16\/petite-pause-aux-observatoires-de-letang-de-vaugrenier\/","url_meta":{"origin":8251,"position":2},"title":"Petite pause aux observatoires de l&rsquo;\u00e9tang de Vaugrenier","author":"Jojo","date":"16 f\u00e9vrier 2019","format":false,"excerpt":"Ce 16 f\u00e9vrier 2019, direction le parc d\u00e9partemental de Vaugrenier et ses observatoires autour de l'\u00e9tang. Il y a un peu plus d'oiseaux \u00e0 observer que la fois pr\u00e9c\u00e9dente. Avant de nous rendre au bord de l'\u00e9tang, nous nous arr\u00eatons pour tenter de voir les rouge-gorges dont nous entendons les\u2026","rel":"","context":"Dans &quot;Mini baladeur&quot;","block_context":{"text":"Mini baladeur","link":"http:\/\/www.jojoenherbe.com\/index.php\/category\/mini-crapahuteur\/mini-baladeur\/"},"img":{"alt_text":"","src":"https:\/\/i0.wp.com\/www.jojoenherbe.com\/wp-content\/uploads\/2019\/02\/Etang-de-Vaugrenier-2.jpg?fit=1200%2C771&resize=350%2C200","width":350,"height":200,"srcset":"https:\/\/i0.wp.com\/www.jojoenherbe.com\/wp-content\/uploads\/2019\/02\/Etang-de-Vaugrenier-2.jpg?fit=1200%2C771&resize=350%2C200 1x, https:\/\/i0.wp.com\/www.jojoenherbe.com\/wp-content\/uploads\/2019\/02\/Etang-de-Vaugrenier-2.jpg?fit=1200%2C771&resize=525%2C300 1.5x, https:\/\/i0.wp.com\/www.jojoenherbe.com\/wp-content\/uploads\/2019\/02\/Etang-de-Vaugrenier-2.jpg?fit=1200%2C771&resize=700%2C400 2x, https:\/\/i0.wp.com\/www.jojoenherbe.com\/wp-content\/uploads\/2019\/02\/Etang-de-Vaugrenier-2.jpg?fit=1200%2C771&resize=1050%2C600 3x"},"classes":[]},{"id":12212,"url":"http:\/\/www.jojoenherbe.com\/index.php\/2020\/09\/10\/un-mercredi-apres-midi-de-septembre-a-vaugrenier\/","url_meta":{"origin":8251,"position":3},"title":"Un mercredi apr\u00e8s-midi de septembre \u00e0 Vaugrenier","author":"Jojo","date":"10 septembre 2020","format":false,"excerpt":"Ce 9 septembre 2020, nous passons l'apr\u00e8s-midi \u00e0 Vaugrenier, avec plusieurs passages au niveau des observatoires de l'\u00e9tang. A notre premier passage, il y a beaucoup de monde au premier poste d'observation et nous filons au second. Peu d'oiseaux \u00e0 l'exception d'une mouette rieuse et d'une dizaine de canards. Au\u2026","rel":"","context":"Dans &quot;Mini baladeur&quot;","block_context":{"text":"Mini baladeur","link":"http:\/\/www.jojoenherbe.com\/index.php\/category\/mini-crapahuteur\/mini-baladeur\/"},"img":{"alt_text":"","src":"https:\/\/i0.wp.com\/www.jojoenherbe.com\/wp-content\/uploads\/2020\/09\/etang-de-Vaugrenier-3-scaled.jpg?fit=1200%2C900&resize=350%2C200","width":350,"height":200,"srcset":"https:\/\/i0.wp.com\/www.jojoenherbe.com\/wp-content\/uploads\/2020\/09\/etang-de-Vaugrenier-3-scaled.jpg?fit=1200%2C900&resize=350%2C200 1x, https:\/\/i0.wp.com\/www.jojoenherbe.com\/wp-content\/uploads\/2020\/09\/etang-de-Vaugrenier-3-scaled.jpg?fit=1200%2C900&resize=525%2C300 1.5x, https:\/\/i0.wp.com\/www.jojoenherbe.com\/wp-content\/uploads\/2020\/09\/etang-de-Vaugrenier-3-scaled.jpg?fit=1200%2C900&resize=700%2C400 2x, https:\/\/i0.wp.com\/www.jojoenherbe.com\/wp-content\/uploads\/2020\/09\/etang-de-Vaugrenier-3-scaled.jpg?fit=1200%2C900&resize=1050%2C600 3x"},"classes":[]},{"id":5843,"url":"http:\/\/www.jojoenherbe.com\/index.php\/2019\/05\/05\/quand-le-printemps-sinstalle-a-vaugrenier\/","url_meta":{"origin":8251,"position":4},"title":"Quand le printemps s&rsquo;installe \u00e0 Vaugrenier","author":"Jojo","date":"5 mai 2019","format":false,"excerpt":"Ce 5 mai 2019, nous allons, \u00e0 nouveau, au parc d\u00e9partemental de Vaugrenier, des ibis falcinelles ayant \u00e9t\u00e9 observ\u00e9es depuis quelques jours. Mais malheureusement, nous n'arriverons pas \u00e0 les voir, vu l'heure, l'affluence dans le parc et le fait que nous sommes surtout rest\u00e9s au niveau des observatoires ornithologiques. Les\u2026","rel":"","context":"Dans &quot;Mini baladeur&quot;","block_context":{"text":"Mini baladeur","link":"http:\/\/www.jojoenherbe.com\/index.php\/category\/mini-crapahuteur\/mini-baladeur\/"},"img":{"alt_text":"","src":"https:\/\/i0.wp.com\/www.jojoenherbe.com\/wp-content\/uploads\/2019\/05\/parc-de-Vaugrenier-10.jpg?fit=1200%2C900&resize=350%2C200","width":350,"height":200,"srcset":"https:\/\/i0.wp.com\/www.jojoenherbe.com\/wp-content\/uploads\/2019\/05\/parc-de-Vaugrenier-10.jpg?fit=1200%2C900&resize=350%2C200 1x, https:\/\/i0.wp.com\/www.jojoenherbe.com\/wp-content\/uploads\/2019\/05\/parc-de-Vaugrenier-10.jpg?fit=1200%2C900&resize=525%2C300 1.5x, https:\/\/i0.wp.com\/www.jojoenherbe.com\/wp-content\/uploads\/2019\/05\/parc-de-Vaugrenier-10.jpg?fit=1200%2C900&resize=700%2C400 2x, https:\/\/i0.wp.com\/www.jojoenherbe.com\/wp-content\/uploads\/2019\/05\/parc-de-Vaugrenier-10.jpg?fit=1200%2C900&resize=1050%2C600 3x"},"classes":[]},{"id":18120,"url":"http:\/\/www.jojoenherbe.com\/index.php\/2021\/05\/06\/une-journee-printaniere-a-vaugrenier\/","url_meta":{"origin":8251,"position":5},"title":"Une journ\u00e9e printani\u00e8re \u00e0 Vaugrenier","author":"Jojo","date":"6 mai 2021","format":false,"excerpt":"Avec ce nouveau d\u00e9confinement et la fin de l'interdiction d'aller \u00e0 plus de 10km, nous pouvons enfin retourner balader et nous passons la journ\u00e9e du 5 mai 2021 dans le parc de Vaugrenier avec ses aires de jeux, ses sous-bois et son \u00e9tang. Que cela fait du bien de passer\u2026","rel":"","context":"Dans &quot;Mini baladeur&quot;","block_context":{"text":"Mini baladeur","link":"http:\/\/www.jojoenherbe.com\/index.php\/category\/mini-crapahuteur\/mini-baladeur\/"},"img":{"alt_text":"","src":"https:\/\/i0.wp.com\/www.jojoenherbe.com\/wp-content\/uploads\/2021\/05\/Etang-de-Vaugrenier-scaled.jpg?fit=1200%2C662&resize=350%2C200","width":350,"height":200,"srcset":"https:\/\/i0.wp.com\/www.jojoenherbe.com\/wp-content\/uploads\/2021\/05\/Etang-de-Vaugrenier-scaled.jpg?fit=1200%2C662&resize=350%2C200 1x, https:\/\/i0.wp.com\/www.jojoenherbe.com\/wp-content\/uploads\/2021\/05\/Etang-de-Vaugrenier-scaled.jpg?fit=1200%2C662&resize=525%2C300 1.5x, https:\/\/i0.wp.com\/www.jojoenherbe.com\/wp-content\/uploads\/2021\/05\/Etang-de-Vaugrenier-scaled.jpg?fit=1200%2C662&resize=700%2C400 2x, https:\/\/i0.wp.com\/www.jojoenherbe.com\/wp-content\/uploads\/2021\/05\/Etang-de-Vaugrenier-scaled.jpg?fit=1200%2C662&resize=1050%2C600 3x"},"classes":[]}],"_links":{"self":[{"href":"http:\/\/www.jojoenherbe.com\/index.php\/wp-json\/wp\/v2\/posts\/8251","targetHints":{"allow":["GET"]}}],"collection":[{"href":"http:\/\/www.jojoenherbe.com\/index.php\/wp-json\/wp\/v2\/posts"}],"about":[{"href":"http:\/\/www.jojoenherbe.com\/index.php\/wp-json\/wp\/v2\/types\/post"}],"author":[{"embeddable":true,"href":"http:\/\/www.jojoenherbe.com\/index.php\/wp-json\/wp\/v2\/users\/1"}],"replies":[{"embeddable":true,"href":"http:\/\/www.jojoenherbe.com\/index.php\/wp-json\/wp\/v2\/comments?post=8251"}],"version-history":[{"count":0,"href":"http:\/\/www.jojoenherbe.com\/index.php\/wp-json\/wp\/v2\/posts\/8251\/revisions"}],"wp:featuredmedia":[{"embeddable":true,"href":"http:\/\/www.jojoenherbe.com\/index.php\/wp-json\/wp\/v2\/media\/8253"}],"wp:attachment":[{"href":"http:\/\/www.jojoenherbe.com\/index.php\/wp-json\/wp\/v2\/media?parent=8251"}],"wp:term":[{"taxonomy":"category","embeddable":true,"href":"http:\/\/www.jojoenherbe.com\/index.php\/wp-json\/wp\/v2\/categories?post=8251"},{"taxonomy":"post_tag","embeddable":true,"href":"http:\/\/www.jojoenherbe.com\/index.php\/wp-json\/wp\/v2\/tags?post=8251"}],"curies":[{"name":"wp","href":"https:\/\/api.w.org\/{rel}","templated":true}]}}