{"id":8226,"date":"2019-10-26T08:00:08","date_gmt":"2019-10-26T06:00:08","guid":{"rendered":"http:\/\/www.jojoenherbe.com\/?p=8226"},"modified":"2021-02-11T10:04:51","modified_gmt":"2021-02-11T09:04:51","slug":"au-fil-des-pages-avec-dentre-les-ogres","status":"publish","type":"post","link":"http:\/\/www.jojoenherbe.com\/index.php\/2019\/10\/26\/au-fil-des-pages-avec-dentre-les-ogres\/","title":{"rendered":"Au fil des pages avec D&rsquo;entre les ogres"},"content":{"rendered":"<p style=\"text-align: justify;\"><em><a href=\"https:\/\/i0.wp.com\/www.jojoenherbe.com\/wp-content\/uploads\/2019\/10\/Dentre-les-ogres-2.jpg\"><img data-recalc-dims=\"1\" loading=\"lazy\" decoding=\"async\" data-attachment-id=\"8227\" data-permalink=\"http:\/\/www.jojoenherbe.com\/index.php\/2019\/10\/26\/au-fil-des-pages-avec-dentre-les-ogres\/dentre-les-ogres-2\/\" data-orig-file=\"https:\/\/i0.wp.com\/www.jojoenherbe.com\/wp-content\/uploads\/2019\/10\/Dentre-les-ogres-2.jpg?fit=2941%2C2342\" data-orig-size=\"2941,2342\" data-comments-opened=\"1\" data-image-meta=\"{&quot;aperture&quot;:&quot;2.4&quot;,&quot;credit&quot;:&quot;&quot;,&quot;camera&quot;:&quot;iPhone 4S&quot;,&quot;caption&quot;:&quot;&quot;,&quot;created_timestamp&quot;:&quot;1571666405&quot;,&quot;copyright&quot;:&quot;&quot;,&quot;focal_length&quot;:&quot;4.28&quot;,&quot;iso&quot;:&quot;400&quot;,&quot;shutter_speed&quot;:&quot;0.058823529411765&quot;,&quot;title&quot;:&quot;&quot;,&quot;orientation&quot;:&quot;1&quot;}\" data-image-title=\"D&amp;rsquo;entre les ogres 2\" data-image-description=\"\" data-image-caption=\"\" data-large-file=\"https:\/\/i0.wp.com\/www.jojoenherbe.com\/wp-content\/uploads\/2019\/10\/Dentre-les-ogres-2.jpg?fit=676%2C538\" class=\"alignleft size-thumbnail wp-image-8227\" src=\"https:\/\/i0.wp.com\/www.jojoenherbe.com\/wp-content\/uploads\/2019\/10\/Dentre-les-ogres-2.jpg?resize=150%2C150\" alt=\"\" width=\"150\" height=\"150\" srcset=\"https:\/\/i0.wp.com\/www.jojoenherbe.com\/wp-content\/uploads\/2019\/10\/Dentre-les-ogres-2.jpg?resize=150%2C150 150w, https:\/\/i0.wp.com\/www.jojoenherbe.com\/wp-content\/uploads\/2019\/10\/Dentre-les-ogres-2.jpg?zoom=2&amp;resize=150%2C150 300w, https:\/\/i0.wp.com\/www.jojoenherbe.com\/wp-content\/uploads\/2019\/10\/Dentre-les-ogres-2.jpg?zoom=3&amp;resize=150%2C150 450w\" sizes=\"auto, (max-width: 150px) 100vw, 150px\" \/><\/a> <a href=\"https:\/\/i0.wp.com\/www.jojoenherbe.com\/wp-content\/uploads\/2019\/10\/Dentre-les-ogres-3.jpg\"><img data-recalc-dims=\"1\" loading=\"lazy\" decoding=\"async\" data-attachment-id=\"8228\" data-permalink=\"http:\/\/www.jojoenherbe.com\/index.php\/2019\/10\/26\/au-fil-des-pages-avec-dentre-les-ogres\/dentre-les-ogres-3\/\" data-orig-file=\"https:\/\/i0.wp.com\/www.jojoenherbe.com\/wp-content\/uploads\/2019\/10\/Dentre-les-ogres-3.jpg?fit=2775%2C2264\" data-orig-size=\"2775,2264\" data-comments-opened=\"1\" data-image-meta=\"{&quot;aperture&quot;:&quot;2.4&quot;,&quot;credit&quot;:&quot;&quot;,&quot;camera&quot;:&quot;iPhone 4S&quot;,&quot;caption&quot;:&quot;&quot;,&quot;created_timestamp&quot;:&quot;1571666474&quot;,&quot;copyright&quot;:&quot;&quot;,&quot;focal_length&quot;:&quot;4.28&quot;,&quot;iso&quot;:&quot;320&quot;,&quot;shutter_speed&quot;:&quot;0.058823529411765&quot;,&quot;title&quot;:&quot;&quot;,&quot;orientation&quot;:&quot;1&quot;}\" data-image-title=\"D&amp;rsquo;entre les ogres 3\" data-image-description=\"\" data-image-caption=\"\" data-large-file=\"https:\/\/i0.wp.com\/www.jojoenherbe.com\/wp-content\/uploads\/2019\/10\/Dentre-les-ogres-3.jpg?fit=676%2C551\" class=\"alignleft size-thumbnail wp-image-8228\" src=\"https:\/\/i0.wp.com\/www.jojoenherbe.com\/wp-content\/uploads\/2019\/10\/Dentre-les-ogres-3.jpg?resize=150%2C150\" alt=\"\" width=\"150\" height=\"150\" srcset=\"https:\/\/i0.wp.com\/www.jojoenherbe.com\/wp-content\/uploads\/2019\/10\/Dentre-les-ogres-3.jpg?resize=150%2C150 150w, https:\/\/i0.wp.com\/www.jojoenherbe.com\/wp-content\/uploads\/2019\/10\/Dentre-les-ogres-3.jpg?zoom=2&amp;resize=150%2C150 300w, https:\/\/i0.wp.com\/www.jojoenherbe.com\/wp-content\/uploads\/2019\/10\/Dentre-les-ogres-3.jpg?zoom=3&amp;resize=150%2C150 450w\" sizes=\"auto, (max-width: 150px) 100vw, 150px\" \/><\/a>J&#8217;emprunte \u00e0 la biblioth\u00e8que <span style=\"text-decoration: underline;\">D&rsquo;entre les ogres<\/span> de Gilles Baum et Thierry Dedieu (\u00e9d. Seuil Jeunesse, 2017), un album jeunesse \u00e0 partir de 6 ans selon l&rsquo;\u00e9diteur mais pour les plus grands selon moi au regard des illustrations au fusain tr\u00e8s sombres voire effrayantes et d\u00e9rangeantes pour de jeunes enfants. En effet, cet album jeunesse ne laisse pas indiff\u00e9rent apr\u00e8s sa lecture, \u00e0 l&rsquo;instar de la couverture qui interpelle. <\/em><\/p>\n<p style=\"text-align: justify;\"><em>Un couple d&rsquo;ogres d\u00e9couvre dans la for\u00eat un b\u00e9b\u00e9 humain. Ils l&rsquo;\u00e9l\u00e8vent comme si elle \u00e9tait leur propre fille, la pr\u00e9nommant Blanche et la choyant de tout leur amour. Mais en grandissant, Blanche devient trop curieuse sur les diff\u00e9rences qu&rsquo;elle constate entre ses parents adoptifs et elle, en devenant m\u00eame plus monstrueuse que les ogres. Pourquoi l&#8217;emp\u00eachent-ils de manger comme eux par exemple? Devant l&rsquo;insistance des questions de Blanche auxquelles ils ne peuvent r\u00e9pondre par amour pour elle, ils d\u00e9cident, le c\u0153ur gros, de la ramener parmi les siens, ceux-l\u00e0 m\u00eame \u00e0 l&rsquo;origine de son abandon dans la for\u00eat. Qu&rsquo;attendre d&rsquo;un tel retour? <\/em><\/p>\n<p style=\"text-align: justify;\"><em>\u00c0 travers la relation entre des ogres &#8211; parents imparfaits &#8211; et une enfant humaine, cet album jeunesse aborde d&rsquo;une fa\u00e7on tr\u00e8s singuli\u00e8re les th\u00e8mes de l&rsquo;adoption,\u00a0 de la diff\u00e9rence, des pr\u00e9jug\u00e9s et de la recherche de ses origines. La fin de l&rsquo;histoire, bien qu&rsquo;ouverte, ne pr\u00e9sage rien de bon, si ce n&rsquo;est, peut-\u00eatre, l&rsquo;amour inconditionnel que se portent ces trois \u00eatres. Un album jeunesse \u00e0 d\u00e9couvrir!<br \/>\n<\/em><\/p>\n<div id=\"attachment_25301\" style=\"width: 192px\" class=\"wp-caption alignleft\"><img data-recalc-dims=\"1\" loading=\"lazy\" decoding=\"async\" aria-describedby=\"caption-attachment-25301\" class=\"wp-image-25301\" src=\"https:\/\/i0.wp.com\/www.myloubook.com\/wp-content\/uploads\/2019\/09\/logo-halloween-2019-candles.jpg?resize=182%2C123\" sizes=\"auto, (max-width: 1000px) 100vw, 1000px\" srcset=\"http:\/\/www.myloubook.com\/wp-content\/uploads\/2019\/09\/logo-halloween-2019-candles.jpg 1000w, http:\/\/www.myloubook.com\/wp-content\/uploads\/2019\/09\/logo-halloween-2019-candles-300x203.jpg 300w, http:\/\/www.myloubook.com\/wp-content\/uploads\/2019\/09\/logo-halloween-2019-candles-768x519.jpg 768w\" alt=\"\" width=\"182\" height=\"123\" \/><p id=\"caption-attachment-25301\" class=\"wp-caption-text\">Challenge Halloween 2019 de <a href=\"http:\/\/www.lelivroblog.fr\/archive\/2019\/09\/26\/le-recapitulatif-du-challenge-halloween-2019-6178421.html\">Hilde<\/a> et <a href=\"http:\/\/www.myloubook.com\/2019\/09\/28\/challenge-halloween-2019-10-ans-billet-recapitulatif\/\">Lou<\/a><\/p><\/div>\n<div style=\"width: 167px\" class=\"wp-caption alignleft\"><img data-recalc-dims=\"1\" loading=\"lazy\" decoding=\"async\" src=\"https:\/\/i0.wp.com\/delivrer-des-livres.fr\/wp-content\/uploads\/2019\/05\/logoalbums2019.png?resize=157%2C157\" alt=\"\" width=\"157\" height=\"157\" \/><p class=\"wp-caption-text\">Participation #78 <a href=\"http:\/\/delivrer-des-livres.fr\/challenge-albums-2019\/\">Je lis aussi des albums<\/a><\/p><\/div>\n","protected":false},"excerpt":{"rendered":"<p>J&#8217;emprunte \u00e0 la biblioth\u00e8que D&rsquo;entre les ogres de Gilles Baum et Thierry Dedieu (\u00e9d. Seuil Jeunesse, 2017), un album jeunesse \u00e0 partir de 6 ans selon l&rsquo;\u00e9diteur mais pour les plus grands selon moi au regard des illustrations au fusain tr\u00e8s sombres voire effrayantes et d\u00e9rangeantes pour de jeunes enfants. En effet, cet album jeunesse [&hellip;]<\/p>\n","protected":false},"author":1,"featured_media":8229,"comment_status":"open","ping_status":"open","sticky":false,"template":"","format":"standard","meta":{"jetpack_post_was_ever_published":false,"_jetpack_newsletter_access":"","_jetpack_dont_email_post_to_subs":false,"_jetpack_newsletter_tier_id":0,"_jetpack_memberships_contains_paywalled_content":false,"_jetpack_memberships_contains_paid_content":false,"footnotes":""},"categories":[363],"tags":[788,852,940,939,409,612,459,1752,1386,1350,367,908,555,613,711,1087],"class_list":["post-8226","post","type-post","status-publish","format-standard","has-post-thumbnail","hentry","category-mini-lecteur","tag-6-9-ans","tag-9-12-ans","tag-abandon","tag-adoption","tag-albums-jeunesse","tag-difference","tag-famille","tag-gilles-baum","tag-halloween-challenge-2019","tag-je-lis-aussi-des-albums-2019","tag-lecture-jeunesse","tag-ogre","tag-peur","tag-peur-de-lautre","tag-prejuges","tag-thierry-dedieu","post-preview"],"jetpack_featured_media_url":"https:\/\/i0.wp.com\/www.jojoenherbe.com\/wp-content\/uploads\/2019\/10\/Dentre-les-ogres.jpg?fit=2444%2C2338","jetpack_sharing_enabled":true,"jetpack_shortlink":"https:\/\/wp.me\/p9zhGx-28G","jetpack_likes_enabled":true,"jetpack-related-posts":[{"id":12696,"url":"http:\/\/www.jojoenherbe.com\/index.php\/2020\/10\/06\/notre-selection-fuyons-les-ogres-du-challenge-halloween\/","url_meta":{"origin":8226,"position":0},"title":"Notre s\u00e9lection \u00ab\u00a0Ogres\u00a0\u00bb du Challenge Halloween","author":"Jojo","date":"6 octobre 2020","format":false,"excerpt":"Apr\u00e8s notre s\u00e9lection \"Sorci\u00e8res\", voici notre s\u00e9lection \"Fuyons les ogres\" avec des livres aussi d\u00e9j\u00e0 lus et\/ou chroniqu\u00e9s les ann\u00e9es pr\u00e9c\u00e9dentes. En effet, cette ann\u00e9e, le Challenge Halloween de Hilde et Lou s'associe avec le Challenge Contes et L\u00e9gendes de Bidib autour de la th\u00e9matique des Ogres. Dans les contes\u2026","rel":"","context":"Dans &quot;Mini challenger&quot;","block_context":{"text":"Mini challenger","link":"http:\/\/www.jojoenherbe.com\/index.php\/category\/mini-challenger\/"},"img":{"alt_text":"","src":"https:\/\/i0.wp.com\/www.jojoenherbe.com\/wp-content\/uploads\/2020\/10\/Selection-Ogres-scaled.jpg?fit=1200%2C900&resize=350%2C200","width":350,"height":200,"srcset":"https:\/\/i0.wp.com\/www.jojoenherbe.com\/wp-content\/uploads\/2020\/10\/Selection-Ogres-scaled.jpg?fit=1200%2C900&resize=350%2C200 1x, https:\/\/i0.wp.com\/www.jojoenherbe.com\/wp-content\/uploads\/2020\/10\/Selection-Ogres-scaled.jpg?fit=1200%2C900&resize=525%2C300 1.5x, https:\/\/i0.wp.com\/www.jojoenherbe.com\/wp-content\/uploads\/2020\/10\/Selection-Ogres-scaled.jpg?fit=1200%2C900&resize=700%2C400 2x, https:\/\/i0.wp.com\/www.jojoenherbe.com\/wp-content\/uploads\/2020\/10\/Selection-Ogres-scaled.jpg?fit=1200%2C900&resize=1050%2C600 3x"},"classes":[]},{"id":9727,"url":"http:\/\/www.jojoenherbe.com\/index.php\/2020\/01\/20\/au-fil-des-pages-avec-article-309-du-code-penal-du-jardin\/","url_meta":{"origin":8226,"position":1},"title":"Au fil des pages avec Article 309 du code p\u00e9nal du jardin","author":"Jojo","date":"20 janvier 2020","format":false,"excerpt":"Nous empruntons \u00e0 la biblioth\u00e8que Article 309 du code p\u00e9nal du jardin de Thierry Dedieu (\u00e9d. Seuil Jeunesse, 2003), un album jeunesse \u00e0 partir de 4 ans et aux illustrations bien diff\u00e9rentes que celles dont nous avait habitu\u00e9 cet auteur avec par exemple \u00c0 la recherche du P\u00e8re No\u00ebl ou\u2026","rel":"","context":"Dans &quot;Mini lecteur&quot;","block_context":{"text":"Mini lecteur","link":"http:\/\/www.jojoenherbe.com\/index.php\/category\/mini-lecteur\/"},"img":{"alt_text":"","src":"https:\/\/i0.wp.com\/www.jojoenherbe.com\/wp-content\/uploads\/2020\/01\/Article-309-du-code-p%C3%A9nal-du-jardin-scaled.jpg?fit=1052%2C1200&resize=350%2C200","width":350,"height":200,"srcset":"https:\/\/i0.wp.com\/www.jojoenherbe.com\/wp-content\/uploads\/2020\/01\/Article-309-du-code-p%C3%A9nal-du-jardin-scaled.jpg?fit=1052%2C1200&resize=350%2C200 1x, https:\/\/i0.wp.com\/www.jojoenherbe.com\/wp-content\/uploads\/2020\/01\/Article-309-du-code-p%C3%A9nal-du-jardin-scaled.jpg?fit=1052%2C1200&resize=525%2C300 1.5x, https:\/\/i0.wp.com\/www.jojoenherbe.com\/wp-content\/uploads\/2020\/01\/Article-309-du-code-p%C3%A9nal-du-jardin-scaled.jpg?fit=1052%2C1200&resize=700%2C400 2x, https:\/\/i0.wp.com\/www.jojoenherbe.com\/wp-content\/uploads\/2020\/01\/Article-309-du-code-p%C3%A9nal-du-jardin-scaled.jpg?fit=1052%2C1200&resize=1050%2C600 3x"},"classes":[]},{"id":17447,"url":"http:\/\/www.jojoenherbe.com\/index.php\/2021\/04\/16\/au-fil-des-pages-avec-le-maitre-des-estampes\/","url_meta":{"origin":8226,"position":2},"title":"Au fil des pages avec Le ma\u00eetre des estampes","author":"Jojo","date":"16 avril 2021","format":false,"excerpt":"En cherchant des albums jeunesse pour Un mois au Japon \u00e0 la m\u00e9diath\u00e8que, j'ai jet\u00e9 mon d\u00e9volu sur un album de Thierry Dedieu, un auteur\/illustrateur que j'appr\u00e9cie beaucoup et au style tr\u00e8s vari\u00e9 et pour tous les \u00e2ges comme par exemple, en tant qu'illustrateur, sa s\u00e9rie hilarante avec Fr\u00e9d\u00e9ric Marais,\u2026","rel":"","context":"Dans &quot;Mini lecteur&quot;","block_context":{"text":"Mini lecteur","link":"http:\/\/www.jojoenherbe.com\/index.php\/category\/mini-lecteur\/"},"img":{"alt_text":"","src":"https:\/\/i0.wp.com\/www.jojoenherbe.com\/wp-content\/uploads\/2021\/04\/Le-maitre-des-estampes-scaled.jpg?fit=1200%2C900&resize=350%2C200","width":350,"height":200,"srcset":"https:\/\/i0.wp.com\/www.jojoenherbe.com\/wp-content\/uploads\/2021\/04\/Le-maitre-des-estampes-scaled.jpg?fit=1200%2C900&resize=350%2C200 1x, https:\/\/i0.wp.com\/www.jojoenherbe.com\/wp-content\/uploads\/2021\/04\/Le-maitre-des-estampes-scaled.jpg?fit=1200%2C900&resize=525%2C300 1.5x, https:\/\/i0.wp.com\/www.jojoenherbe.com\/wp-content\/uploads\/2021\/04\/Le-maitre-des-estampes-scaled.jpg?fit=1200%2C900&resize=700%2C400 2x, https:\/\/i0.wp.com\/www.jojoenherbe.com\/wp-content\/uploads\/2021\/04\/Le-maitre-des-estampes-scaled.jpg?fit=1200%2C900&resize=1050%2C600 3x"},"classes":[]},{"id":6909,"url":"http:\/\/www.jojoenherbe.com\/index.php\/2019\/07\/31\/au-fil-des-pages-avec-bob-marley-la-nuit\/","url_meta":{"origin":8226,"position":3},"title":"Au fil des pages avec Bob &#038; Marley, La nuit","author":"Jojo","date":"31 juillet 2019","format":false,"excerpt":"Nous retrouvons avec grand plaisir Bob et Marley, deux amis ours un brin chamailleurs que nous avions d\u00e9couverts avec Bob & Marley, Le cadeau. Nous empruntons, en effet, \u00e0 la biblioth\u00e8que Bob & Marley, La nuit de Fr\u00e9d\u00e9ric Marais et Thierry Dedieu (\u00e9d. Seuil Jeunesse, 2018), album jeunesse d\u00e8s 3\u2026","rel":"","context":"Dans &quot;Mini lecteur&quot;","block_context":{"text":"Mini lecteur","link":"http:\/\/www.jojoenherbe.com\/index.php\/category\/mini-lecteur\/"},"img":{"alt_text":"","src":"https:\/\/i0.wp.com\/www.jojoenherbe.com\/wp-content\/uploads\/2019\/07\/Bob-Marley-la-nuit.jpg?fit=1163%2C1200&resize=350%2C200","width":350,"height":200,"srcset":"https:\/\/i0.wp.com\/www.jojoenherbe.com\/wp-content\/uploads\/2019\/07\/Bob-Marley-la-nuit.jpg?fit=1163%2C1200&resize=350%2C200 1x, https:\/\/i0.wp.com\/www.jojoenherbe.com\/wp-content\/uploads\/2019\/07\/Bob-Marley-la-nuit.jpg?fit=1163%2C1200&resize=525%2C300 1.5x, https:\/\/i0.wp.com\/www.jojoenherbe.com\/wp-content\/uploads\/2019\/07\/Bob-Marley-la-nuit.jpg?fit=1163%2C1200&resize=700%2C400 2x, https:\/\/i0.wp.com\/www.jojoenherbe.com\/wp-content\/uploads\/2019\/07\/Bob-Marley-la-nuit.jpg?fit=1163%2C1200&resize=1050%2C600 3x"},"classes":[]},{"id":9034,"url":"http:\/\/www.jojoenherbe.com\/index.php\/2019\/12\/21\/au-fil-des-pages-avec-les-bonshommes-de-neige-sont-eternels\/","url_meta":{"origin":8226,"position":4},"title":"Au fil des pages avec Les bonshommes de neige sont \u00e9ternels","author":"Jojo","date":"21 d\u00e9cembre 2019","format":false,"excerpt":"Nous empruntons \u00e0 la biblioth\u00e8que Les bonshommes de neige sont \u00e9ternels de Thierry Dedieu (\u00e9d. Seuil Jeunesse, 2016), un album jeunesse tr\u00e8s grand format \u00e0 partir de 3 ans. A la fin de l'hiver, quatre animaux de la for\u00eat, \u00c9cureuil, Chouette, H\u00e9risson et Lapin, s'inqui\u00e8tent pour leur ami, le Bonhomme\u2026","rel":"","context":"Dans &quot;Mini lecteur&quot;","block_context":{"text":"Mini lecteur","link":"http:\/\/www.jojoenherbe.com\/index.php\/category\/mini-lecteur\/"},"img":{"alt_text":"","src":"https:\/\/i0.wp.com\/www.jojoenherbe.com\/wp-content\/uploads\/2019\/12\/Les-bonshommes-de-neige-sont-%C3%A9ternels.jpg?fit=1200%2C1127&resize=350%2C200","width":350,"height":200,"srcset":"https:\/\/i0.wp.com\/www.jojoenherbe.com\/wp-content\/uploads\/2019\/12\/Les-bonshommes-de-neige-sont-%C3%A9ternels.jpg?fit=1200%2C1127&resize=350%2C200 1x, https:\/\/i0.wp.com\/www.jojoenherbe.com\/wp-content\/uploads\/2019\/12\/Les-bonshommes-de-neige-sont-%C3%A9ternels.jpg?fit=1200%2C1127&resize=525%2C300 1.5x, https:\/\/i0.wp.com\/www.jojoenherbe.com\/wp-content\/uploads\/2019\/12\/Les-bonshommes-de-neige-sont-%C3%A9ternels.jpg?fit=1200%2C1127&resize=700%2C400 2x, https:\/\/i0.wp.com\/www.jojoenherbe.com\/wp-content\/uploads\/2019\/12\/Les-bonshommes-de-neige-sont-%C3%A9ternels.jpg?fit=1200%2C1127&resize=1050%2C600 3x"},"classes":[]},{"id":5647,"url":"http:\/\/www.jojoenherbe.com\/index.php\/2019\/04\/24\/au-fil-des-pages-avec-bob-marley\/","url_meta":{"origin":8226,"position":5},"title":"Au fil des pages avec Bob &#038; Marley","author":"Jojo","date":"24 avril 2019","format":false,"excerpt":"Nous avons emprunt\u00e9 \u00e0 la biblioth\u00e8que un album jeunesse plein d'humour: Bob et Marley, Le cadeau de Fr\u00e9d\u00e9ric Marais et Thierry Dedieu (\u00e9d. Seuil Jeunesse, 2015). Nous suivons les p\u00e9rip\u00e9ties de Marley, un grand ours noir et de Bob, un petit ours gris. Marley offre un tabouret comme cadeau \u00e0\u2026","rel":"","context":"Dans &quot;Mini lecteur&quot;","block_context":{"text":"Mini lecteur","link":"http:\/\/www.jojoenherbe.com\/index.php\/category\/mini-lecteur\/"},"img":{"alt_text":"","src":"https:\/\/i0.wp.com\/www.jojoenherbe.com\/wp-content\/uploads\/2019\/04\/bob-et-marley.jpg?fit=1200%2C1001&resize=350%2C200","width":350,"height":200,"srcset":"https:\/\/i0.wp.com\/www.jojoenherbe.com\/wp-content\/uploads\/2019\/04\/bob-et-marley.jpg?fit=1200%2C1001&resize=350%2C200 1x, https:\/\/i0.wp.com\/www.jojoenherbe.com\/wp-content\/uploads\/2019\/04\/bob-et-marley.jpg?fit=1200%2C1001&resize=525%2C300 1.5x, https:\/\/i0.wp.com\/www.jojoenherbe.com\/wp-content\/uploads\/2019\/04\/bob-et-marley.jpg?fit=1200%2C1001&resize=700%2C400 2x, https:\/\/i0.wp.com\/www.jojoenherbe.com\/wp-content\/uploads\/2019\/04\/bob-et-marley.jpg?fit=1200%2C1001&resize=1050%2C600 3x"},"classes":[]}],"_links":{"self":[{"href":"http:\/\/www.jojoenherbe.com\/index.php\/wp-json\/wp\/v2\/posts\/8226","targetHints":{"allow":["GET"]}}],"collection":[{"href":"http:\/\/www.jojoenherbe.com\/index.php\/wp-json\/wp\/v2\/posts"}],"about":[{"href":"http:\/\/www.jojoenherbe.com\/index.php\/wp-json\/wp\/v2\/types\/post"}],"author":[{"embeddable":true,"href":"http:\/\/www.jojoenherbe.com\/index.php\/wp-json\/wp\/v2\/users\/1"}],"replies":[{"embeddable":true,"href":"http:\/\/www.jojoenherbe.com\/index.php\/wp-json\/wp\/v2\/comments?post=8226"}],"version-history":[{"count":0,"href":"http:\/\/www.jojoenherbe.com\/index.php\/wp-json\/wp\/v2\/posts\/8226\/revisions"}],"wp:featuredmedia":[{"embeddable":true,"href":"http:\/\/www.jojoenherbe.com\/index.php\/wp-json\/wp\/v2\/media\/8229"}],"wp:attachment":[{"href":"http:\/\/www.jojoenherbe.com\/index.php\/wp-json\/wp\/v2\/media?parent=8226"}],"wp:term":[{"taxonomy":"category","embeddable":true,"href":"http:\/\/www.jojoenherbe.com\/index.php\/wp-json\/wp\/v2\/categories?post=8226"},{"taxonomy":"post_tag","embeddable":true,"href":"http:\/\/www.jojoenherbe.com\/index.php\/wp-json\/wp\/v2\/tags?post=8226"}],"curies":[{"name":"wp","href":"https:\/\/api.w.org\/{rel}","templated":true}]}}