{"id":8060,"date":"2019-10-24T14:16:05","date_gmt":"2019-10-24T12:16:05","guid":{"rendered":"http:\/\/www.jojoenherbe.com\/?p=8060"},"modified":"2022-09-14T15:10:50","modified_gmt":"2022-09-14T13:10:50","slug":"au-fil-des-pages-avec-la-sorciere-tambouille","status":"publish","type":"post","link":"http:\/\/www.jojoenherbe.com\/index.php\/2019\/10\/24\/au-fil-des-pages-avec-la-sorciere-tambouille\/","title":{"rendered":"Au fil des pages avec La sorci\u00e8re Tambouille"},"content":{"rendered":"<p style=\"text-align: justify;\"><em><a href=\"https:\/\/i0.wp.com\/www.jojoenherbe.com\/wp-content\/uploads\/2019\/10\/La-sorci%C3%A8re-Tambouille-2.jpg\"><img data-recalc-dims=\"1\" loading=\"lazy\" decoding=\"async\" data-attachment-id=\"8183\" data-permalink=\"http:\/\/www.jojoenherbe.com\/index.php\/2019\/10\/24\/au-fil-des-pages-avec-la-sorciere-tambouille\/la-sorciere-tambouille-2\/\" data-orig-file=\"https:\/\/i0.wp.com\/www.jojoenherbe.com\/wp-content\/uploads\/2019\/10\/La-sorci%C3%A8re-Tambouille-2.jpg?fit=2881%2C2257\" data-orig-size=\"2881,2257\" data-comments-opened=\"1\" data-image-meta=\"{&quot;aperture&quot;:&quot;2.4&quot;,&quot;credit&quot;:&quot;&quot;,&quot;camera&quot;:&quot;iPhone 4S&quot;,&quot;caption&quot;:&quot;&quot;,&quot;created_timestamp&quot;:&quot;1571916949&quot;,&quot;copyright&quot;:&quot;&quot;,&quot;focal_length&quot;:&quot;4.28&quot;,&quot;iso&quot;:&quot;500&quot;,&quot;shutter_speed&quot;:&quot;0.066666666666667&quot;,&quot;title&quot;:&quot;&quot;,&quot;orientation&quot;:&quot;1&quot;}\" data-image-title=\"La sorci\u00e8re Tambouille 2\" data-image-description=\"\" data-image-caption=\"\" data-large-file=\"https:\/\/i0.wp.com\/www.jojoenherbe.com\/wp-content\/uploads\/2019\/10\/La-sorci%C3%A8re-Tambouille-2.jpg?fit=676%2C529\" class=\"alignleft size-thumbnail wp-image-8183\" src=\"https:\/\/i0.wp.com\/www.jojoenherbe.com\/wp-content\/uploads\/2019\/10\/La-sorci%C3%A8re-Tambouille-2.jpg?resize=150%2C150\" alt=\"\" width=\"150\" height=\"150\" srcset=\"https:\/\/i0.wp.com\/www.jojoenherbe.com\/wp-content\/uploads\/2019\/10\/La-sorci%C3%A8re-Tambouille-2.jpg?resize=150%2C150 150w, https:\/\/i0.wp.com\/www.jojoenherbe.com\/wp-content\/uploads\/2019\/10\/La-sorci%C3%A8re-Tambouille-2.jpg?zoom=2&amp;resize=150%2C150 300w, https:\/\/i0.wp.com\/www.jojoenherbe.com\/wp-content\/uploads\/2019\/10\/La-sorci%C3%A8re-Tambouille-2.jpg?zoom=3&amp;resize=150%2C150 450w\" sizes=\"auto, (max-width: 150px) 100vw, 150px\" \/><\/a> <a href=\"https:\/\/i0.wp.com\/www.jojoenherbe.com\/wp-content\/uploads\/2019\/10\/La-sorci%C3%A8re-Tambouille-3.jpg\"><img data-recalc-dims=\"1\" loading=\"lazy\" decoding=\"async\" data-attachment-id=\"8184\" data-permalink=\"http:\/\/www.jojoenherbe.com\/index.php\/2019\/10\/24\/au-fil-des-pages-avec-la-sorciere-tambouille\/la-sorciere-tambouille-3\/\" data-orig-file=\"https:\/\/i0.wp.com\/www.jojoenherbe.com\/wp-content\/uploads\/2019\/10\/La-sorci%C3%A8re-Tambouille-3.jpg?fit=2858%2C2251\" data-orig-size=\"2858,2251\" data-comments-opened=\"1\" data-image-meta=\"{&quot;aperture&quot;:&quot;2.4&quot;,&quot;credit&quot;:&quot;&quot;,&quot;camera&quot;:&quot;iPhone 4S&quot;,&quot;caption&quot;:&quot;&quot;,&quot;created_timestamp&quot;:&quot;1571917040&quot;,&quot;copyright&quot;:&quot;&quot;,&quot;focal_length&quot;:&quot;4.28&quot;,&quot;iso&quot;:&quot;500&quot;,&quot;shutter_speed&quot;:&quot;0.066666666666667&quot;,&quot;title&quot;:&quot;&quot;,&quot;orientation&quot;:&quot;1&quot;}\" data-image-title=\"La sorci\u00e8re Tambouille 3\" data-image-description=\"\" data-image-caption=\"\" data-large-file=\"https:\/\/i0.wp.com\/www.jojoenherbe.com\/wp-content\/uploads\/2019\/10\/La-sorci%C3%A8re-Tambouille-3.jpg?fit=676%2C533\" class=\"alignleft size-thumbnail wp-image-8184\" src=\"https:\/\/i0.wp.com\/www.jojoenherbe.com\/wp-content\/uploads\/2019\/10\/La-sorci%C3%A8re-Tambouille-3.jpg?resize=150%2C150\" alt=\"\" width=\"150\" height=\"150\" srcset=\"https:\/\/i0.wp.com\/www.jojoenherbe.com\/wp-content\/uploads\/2019\/10\/La-sorci%C3%A8re-Tambouille-3.jpg?resize=150%2C150 150w, https:\/\/i0.wp.com\/www.jojoenherbe.com\/wp-content\/uploads\/2019\/10\/La-sorci%C3%A8re-Tambouille-3.jpg?zoom=2&amp;resize=150%2C150 300w, https:\/\/i0.wp.com\/www.jojoenherbe.com\/wp-content\/uploads\/2019\/10\/La-sorci%C3%A8re-Tambouille-3.jpg?zoom=3&amp;resize=150%2C150 450w\" sizes=\"auto, (max-width: 150px) 100vw, 150px\" \/><\/a>Dans le cadre du second Hallow RAT 2019, nous lisons <span style=\"text-decoration: underline;\">La sorci\u00e8re Tambouille<\/span> de Magdalena Guirao-Jullien et Marianne Barcilon (\u00e9d.&nbsp; L&rsquo;\u00c9cole des loisirs, 2018), un album jeunesse \u00e0 partir de 3 ans.&nbsp; Nous suivons une sorci\u00e8re d&rsquo;une belle laideur, ind\u00e9pendante et passionn\u00e9e de cuisine. Mais elle est lasse de ne jamais recevoir de compliments,&nbsp; \u00e0 tout le moins de remerciements, de la part de ses amis qu&rsquo;elle invite r\u00e9guli\u00e8rement pour partager de bons repas.&nbsp; Elle&nbsp; d\u00e9cide de r\u00e9pondre \u00e0 l&rsquo;annonce de Rococo, un ogre repenti qui cherche une dame de compagnie. D&rsquo;abord surprise par un nouvel environnement aux antipodes du sien, elle s&rsquo;habitue pourtant rapidement au luxe du ch\u00e2teau de l&rsquo;ogre jusqu&rsquo;\u00e0 en devenir coquette et \u00e0 d\u00e9laisser les fourneaux. Lorsque l&rsquo;ogre lui propose le mariage, que d\u00e9cidera Tambouille: rester chez l&rsquo;ogre qui appr\u00e9cie ses talents de cuisini\u00e8re &#8211; peut-\u00eatre trop &#8211; ou retourner chez elle?&nbsp; Les jolies illustrations color\u00e9es donneraient presque envie de go\u00fbter les mets pourtant peu rago\u00fbtants de la sorci\u00e8re Tambouille: terrine d&rsquo;escargots, queues de rat en chocolat ou autres asticots confits. Un coup de c\u0153ur pour cet album jeunesse!<br \/>\n<\/em><\/p>\n<p style=\"text-align: justify;\"><em>Pour d&rsquo;autres avis sur cet album jeunesse: <a href=\"https:\/\/sylectures.wordpress.com\/2019\/10\/05\/la-sorciere-tambouille\/\">Syl<\/a> (que je remercie au passage pour la d\u00e9couverte) et <a href=\"http:\/\/www.lelivroblog.fr\/archive\/2019\/10\/06\/la-sorciere-tambouille-6180945.html\">Hilde<\/a>.<\/em><\/p>\n<div id=\"attachment_25301\" style=\"width: 158px\" class=\"wp-caption alignleft\"><img data-recalc-dims=\"1\" loading=\"lazy\" decoding=\"async\" aria-describedby=\"caption-attachment-25301\" class=\"wp-image-25301\" src=\"https:\/\/i0.wp.com\/www.myloubook.com\/wp-content\/uploads\/2019\/09\/logo-halloween-2019-candles.jpg?resize=148%2C100\" sizes=\"auto, (max-width: 1000px) 100vw, 1000px\" srcset=\"http:\/\/www.myloubook.com\/wp-content\/uploads\/2019\/09\/logo-halloween-2019-candles.jpg 1000w, http:\/\/www.myloubook.com\/wp-content\/uploads\/2019\/09\/logo-halloween-2019-candles-300x203.jpg 300w, http:\/\/www.myloubook.com\/wp-content\/uploads\/2019\/09\/logo-halloween-2019-candles-768x519.jpg 768w\" alt=\"\" width=\"148\" height=\"100\"><p id=\"caption-attachment-25301\" class=\"wp-caption-text\">Challenge Halloween 2019 de <a href=\"http:\/\/www.lelivroblog.fr\/archive\/2019\/09\/26\/le-recapitulatif-du-challenge-halloween-2019-6178421.html\">Hilde<\/a> et <a href=\"http:\/\/www.myloubook.com\/2019\/09\/28\/challenge-halloween-2019-10-ans-billet-recapitulatif\/\">Lou<\/a> #Hallow RAT et #Cosy Halloween<\/p><\/div>\n<div style=\"width: 121px\" class=\"wp-caption alignleft\"><img data-recalc-dims=\"1\" loading=\"lazy\" decoding=\"async\" class=\"\" src=\"https:\/\/i0.wp.com\/delivrer-des-livres.fr\/wp-content\/uploads\/2019\/05\/logoalbums2019.png?resize=111%2C111\" alt=\"\" width=\"111\" height=\"111\"><p class=\"wp-caption-text\">Participation #76 <a href=\"http:\/\/delivrer-des-livres.fr\/challenge-albums-2019\/\">Je lis aussi des albums<\/a><\/p><\/div>\n","protected":false},"excerpt":{"rendered":"<p>Dans le cadre du second Hallow RAT 2019, nous lisons La sorci\u00e8re Tambouille de Magdalena Guirao-Jullien et Marianne Barcilon (\u00e9d.&nbsp; L&rsquo;\u00c9cole des loisirs, 2018), un album jeunesse \u00e0 partir de 3 ans.&nbsp; Nous suivons une sorci\u00e8re d&rsquo;une belle laideur, ind\u00e9pendante et passionn\u00e9e de cuisine. Mais elle est lasse de ne jamais recevoir de compliments,&nbsp; \u00e0 [&hellip;]<\/p>\n","protected":false},"author":1,"featured_media":8185,"comment_status":"open","ping_status":"open","sticky":false,"template":"","format":"standard","meta":{"jetpack_post_was_ever_published":false,"_jetpack_newsletter_access":"","_jetpack_dont_email_post_to_subs":false,"_jetpack_newsletter_tier_id":0,"_jetpack_memberships_contains_paywalled_content":false,"_jetpack_memberships_contains_paid_content":false,"footnotes":""},"categories":[363],"tags":[785,788,409,9,1386,1350,367,1797,1754,1476,908,340],"class_list":["post-8060","post","type-post","status-publish","format-standard","has-post-thumbnail","hentry","category-mini-lecteur","tag-3-6-ans","tag-6-9-ans","tag-albums-jeunesse","tag-cuisine","tag-halloween-challenge-2019","tag-je-lis-aussi-des-albums-2019","tag-lecture-jeunesse","tag-lectures-dhalloween","tag-magdalena-guirao-jullien","tag-marianne-barcilon","tag-ogre","tag-sorciere","post-preview"],"jetpack_featured_media_url":"https:\/\/i0.wp.com\/www.jojoenherbe.com\/wp-content\/uploads\/2019\/10\/La-sorci%C3%A8re-Tambouille.jpg?fit=2422%2C2222","jetpack_sharing_enabled":true,"jetpack_shortlink":"https:\/\/wp.me\/p9zhGx-260","jetpack_likes_enabled":true,"jetpack-related-posts":[{"id":7876,"url":"http:\/\/www.jojoenherbe.com\/index.php\/2019\/11\/08\/petit-recap-du-halloween-challenge-2019\/","url_meta":{"origin":8060,"position":0},"title":"Petit r\u00e9cap&rsquo; du Halloween Challenge 2019","author":"Jojo","date":"8 novembre 2019","format":false,"excerpt":"Pour clore le Halloween Challenge 2019 de Hilde et Lou, voici un petit r\u00e9cap' du mois \u00e9coul\u00e9 avec des lectures, bricolages, d\u00e9corations halloweenesques, etc. Un mois riche en d\u00e9couvertes, en \u00e9changes et partages avec les autres participants! Le challenge a d\u00e9but\u00e9 par un premier Hallow RAT du 27 septembre minuit\u2026","rel":"","context":"Dans &quot;Mini challenger&quot;","block_context":{"text":"Mini challenger","link":"http:\/\/www.jojoenherbe.com\/index.php\/category\/mini-challenger\/"},"img":{"alt_text":"","src":"https:\/\/i0.wp.com\/www.jojoenherbe.com\/wp-content\/uploads\/2019\/11\/Halloween-Challenge-2019.jpg?fit=1200%2C798&resize=350%2C200","width":350,"height":200,"srcset":"https:\/\/i0.wp.com\/www.jojoenherbe.com\/wp-content\/uploads\/2019\/11\/Halloween-Challenge-2019.jpg?fit=1200%2C798&resize=350%2C200 1x, https:\/\/i0.wp.com\/www.jojoenherbe.com\/wp-content\/uploads\/2019\/11\/Halloween-Challenge-2019.jpg?fit=1200%2C798&resize=525%2C300 1.5x, https:\/\/i0.wp.com\/www.jojoenherbe.com\/wp-content\/uploads\/2019\/11\/Halloween-Challenge-2019.jpg?fit=1200%2C798&resize=700%2C400 2x, https:\/\/i0.wp.com\/www.jojoenherbe.com\/wp-content\/uploads\/2019\/11\/Halloween-Challenge-2019.jpg?fit=1200%2C798&resize=1050%2C600 3x"},"classes":[]},{"id":7964,"url":"http:\/\/www.jojoenherbe.com\/index.php\/2019\/10\/11\/un-second-hallow-rat-2019\/","url_meta":{"origin":8060,"position":1},"title":"Un second Hallow RAT 2019","author":"Jojo","date":"11 octobre 2019","format":false,"excerpt":"Et c'est reparti pour un second week-end Hallow RAT du 11 octobre minuit au 13 octobre 2019. J'ai d\u00e9j\u00e0 pr\u00e9vu une \"petite\" pile de lectures pour ce RAT avec des livres achet\u00e9s ou emprunt\u00e9s \u00e0 la biblioth\u00e8que, en reprenant parfois des id\u00e9es de lecture rep\u00e9r\u00e9es chez d'autres participants depuis le\u2026","rel":"","context":"Dans &quot;Mini challenger&quot;","block_context":{"text":"Mini challenger","link":"http:\/\/www.jojoenherbe.com\/index.php\/category\/mini-challenger\/"},"img":{"alt_text":"","src":"https:\/\/i0.wp.com\/www.jojoenherbe.com\/wp-content\/uploads\/2019\/10\/Hallow-RAT.jpg?fit=1200%2C759&resize=350%2C200","width":350,"height":200,"srcset":"https:\/\/i0.wp.com\/www.jojoenherbe.com\/wp-content\/uploads\/2019\/10\/Hallow-RAT.jpg?fit=1200%2C759&resize=350%2C200 1x, https:\/\/i0.wp.com\/www.jojoenherbe.com\/wp-content\/uploads\/2019\/10\/Hallow-RAT.jpg?fit=1200%2C759&resize=525%2C300 1.5x, https:\/\/i0.wp.com\/www.jojoenherbe.com\/wp-content\/uploads\/2019\/10\/Hallow-RAT.jpg?fit=1200%2C759&resize=700%2C400 2x, https:\/\/i0.wp.com\/www.jojoenherbe.com\/wp-content\/uploads\/2019\/10\/Hallow-RAT.jpg?fit=1200%2C759&resize=1050%2C600 3x"},"classes":[]},{"id":12580,"url":"http:\/\/www.jojoenherbe.com\/index.php\/2020\/10\/01\/notre-selection-sorcieres-pour-le-challenge-halloween\/","url_meta":{"origin":8060,"position":2},"title":"Notre s\u00e9lection \u00ab\u00a0Sorci\u00e8res\u00a0\u00bb pour le Challenge Halloween","author":"Jojo","date":"1 octobre 2020","format":false,"excerpt":"Ce 1er octobre 2020, Hilde, Grande Sorci\u00e8re et coorganisatrice du Challenge Halloween pour sa 11\u00e8me \u00e9dition, a propos\u00e9 une superbe actualisation de son billet sp\u00e9cial Sorci\u00e8re et nous propose d'en faire un \u00e0 notre tour. Sit\u00f4t vu sit\u00f4t fait d'autant que cette ann\u00e9e j'ai d\u00e9j\u00e0 mis dans notre PAL de\u2026","rel":"","context":"Dans &quot;Mini challenger&quot;","block_context":{"text":"Mini challenger","link":"http:\/\/www.jojoenherbe.com\/index.php\/category\/mini-challenger\/"},"img":{"alt_text":"","src":"https:\/\/i0.wp.com\/www.jojoenherbe.com\/wp-content\/uploads\/2020\/10\/Billet-Sorciere-scaled.jpg?fit=1200%2C947&resize=350%2C200","width":350,"height":200,"srcset":"https:\/\/i0.wp.com\/www.jojoenherbe.com\/wp-content\/uploads\/2020\/10\/Billet-Sorciere-scaled.jpg?fit=1200%2C947&resize=350%2C200 1x, https:\/\/i0.wp.com\/www.jojoenherbe.com\/wp-content\/uploads\/2020\/10\/Billet-Sorciere-scaled.jpg?fit=1200%2C947&resize=525%2C300 1.5x, https:\/\/i0.wp.com\/www.jojoenherbe.com\/wp-content\/uploads\/2020\/10\/Billet-Sorciere-scaled.jpg?fit=1200%2C947&resize=700%2C400 2x, https:\/\/i0.wp.com\/www.jojoenherbe.com\/wp-content\/uploads\/2020\/10\/Billet-Sorciere-scaled.jpg?fit=1200%2C947&resize=1050%2C600 3x"},"classes":[]},{"id":12696,"url":"http:\/\/www.jojoenherbe.com\/index.php\/2020\/10\/06\/notre-selection-fuyons-les-ogres-du-challenge-halloween\/","url_meta":{"origin":8060,"position":3},"title":"Notre s\u00e9lection \u00ab\u00a0Ogres\u00a0\u00bb du Challenge Halloween","author":"Jojo","date":"6 octobre 2020","format":false,"excerpt":"Apr\u00e8s notre s\u00e9lection \"Sorci\u00e8res\", voici notre s\u00e9lection \"Fuyons les ogres\" avec des livres aussi d\u00e9j\u00e0 lus et\/ou chroniqu\u00e9s les ann\u00e9es pr\u00e9c\u00e9dentes. En effet, cette ann\u00e9e, le Challenge Halloween de Hilde et Lou s'associe avec le Challenge Contes et L\u00e9gendes de Bidib autour de la th\u00e9matique des Ogres. Dans les contes\u2026","rel":"","context":"Dans &quot;Mini challenger&quot;","block_context":{"text":"Mini challenger","link":"http:\/\/www.jojoenherbe.com\/index.php\/category\/mini-challenger\/"},"img":{"alt_text":"","src":"https:\/\/i0.wp.com\/www.jojoenherbe.com\/wp-content\/uploads\/2020\/10\/Selection-Ogres-scaled.jpg?fit=1200%2C900&resize=350%2C200","width":350,"height":200,"srcset":"https:\/\/i0.wp.com\/www.jojoenherbe.com\/wp-content\/uploads\/2020\/10\/Selection-Ogres-scaled.jpg?fit=1200%2C900&resize=350%2C200 1x, https:\/\/i0.wp.com\/www.jojoenherbe.com\/wp-content\/uploads\/2020\/10\/Selection-Ogres-scaled.jpg?fit=1200%2C900&resize=525%2C300 1.5x, https:\/\/i0.wp.com\/www.jojoenherbe.com\/wp-content\/uploads\/2020\/10\/Selection-Ogres-scaled.jpg?fit=1200%2C900&resize=700%2C400 2x, https:\/\/i0.wp.com\/www.jojoenherbe.com\/wp-content\/uploads\/2020\/10\/Selection-Ogres-scaled.jpg?fit=1200%2C900&resize=1050%2C600 3x"},"classes":[]},{"id":14066,"url":"http:\/\/www.jojoenherbe.com\/index.php\/2021\/10\/04\/au-fil-des-pages-avec-une-soupe-100-sorciere\/","url_meta":{"origin":8060,"position":4},"title":"Au fil des pages avec Une soupe 100% Sorci\u00e8re","author":"Jojo","date":"4 octobre 2021","format":false,"excerpt":"Dans le cadre du Challenge Halloween 2021, nous relisons Une soupe 100% Sorci\u00e8re de Quitterie Simon et Magali Le Huche (\u00e9d. Gl\u00e9nat Jeunesse, 2007, r\u00e9\u00e9d. 2020), un album jeunesse au format \u00e0 l'italienne et \u00e0 partir de 3 ans que nous avions d\u00e9j\u00e0 lu l'ann\u00e9e derni\u00e8re, en toute fin du\u2026","rel":"","context":"Dans &quot;Mini lecteur&quot;","block_context":{"text":"Mini lecteur","link":"http:\/\/www.jojoenherbe.com\/index.php\/category\/mini-lecteur\/"},"img":{"alt_text":"","src":"https:\/\/i0.wp.com\/www.jojoenherbe.com\/wp-content\/uploads\/2021\/10\/Une-soupe-100-Sorciere-scaled.jpg?fit=1200%2C997&resize=350%2C200","width":350,"height":200,"srcset":"https:\/\/i0.wp.com\/www.jojoenherbe.com\/wp-content\/uploads\/2021\/10\/Une-soupe-100-Sorciere-scaled.jpg?fit=1200%2C997&resize=350%2C200 1x, https:\/\/i0.wp.com\/www.jojoenherbe.com\/wp-content\/uploads\/2021\/10\/Une-soupe-100-Sorciere-scaled.jpg?fit=1200%2C997&resize=525%2C300 1.5x, https:\/\/i0.wp.com\/www.jojoenherbe.com\/wp-content\/uploads\/2021\/10\/Une-soupe-100-Sorciere-scaled.jpg?fit=1200%2C997&resize=700%2C400 2x, https:\/\/i0.wp.com\/www.jojoenherbe.com\/wp-content\/uploads\/2021\/10\/Une-soupe-100-Sorciere-scaled.jpg?fit=1200%2C997&resize=1050%2C600 3x"},"classes":[]},{"id":37533,"url":"http:\/\/www.jojoenherbe.com\/index.php\/2024\/12\/24\/au-fil-des-pages-avec-la-lettre-de-loup-au-pere-noel\/","url_meta":{"origin":8060,"position":5},"title":"Au fil des pages avec La lettre de Loup au P\u00e8re No\u00ebl","author":"Jojo","date":"24 d\u00e9cembre 2024","format":false,"excerpt":"Nous avons lu et relu avec mon mini lutin La lettre de Loup au P\u00e8re No\u00ebl de Shakti Staal et Marianne Barcilon (\u00e9d. Kal\u00e9idoscope, diff. L\u2019\u00e9cole des loisirs, novembre 2024, 40 pages), un album jeunesse grand format \u00e0 partir de 3 ans avec des flaps et des lettres \u00e0 ouvrir.\u2026","rel":"","context":"Dans &quot;Mini lecteur&quot;","block_context":{"text":"Mini lecteur","link":"http:\/\/www.jojoenherbe.com\/index.php\/category\/mini-lecteur\/"},"img":{"alt_text":"","src":"https:\/\/i0.wp.com\/www.jojoenherbe.com\/wp-content\/uploads\/2024\/12\/La-lettre-du-Loup-au-Pere-Noel-2-scaled.jpg?fit=1200%2C1011&resize=350%2C200","width":350,"height":200,"srcset":"https:\/\/i0.wp.com\/www.jojoenherbe.com\/wp-content\/uploads\/2024\/12\/La-lettre-du-Loup-au-Pere-Noel-2-scaled.jpg?fit=1200%2C1011&resize=350%2C200 1x, https:\/\/i0.wp.com\/www.jojoenherbe.com\/wp-content\/uploads\/2024\/12\/La-lettre-du-Loup-au-Pere-Noel-2-scaled.jpg?fit=1200%2C1011&resize=525%2C300 1.5x, https:\/\/i0.wp.com\/www.jojoenherbe.com\/wp-content\/uploads\/2024\/12\/La-lettre-du-Loup-au-Pere-Noel-2-scaled.jpg?fit=1200%2C1011&resize=700%2C400 2x, https:\/\/i0.wp.com\/www.jojoenherbe.com\/wp-content\/uploads\/2024\/12\/La-lettre-du-Loup-au-Pere-Noel-2-scaled.jpg?fit=1200%2C1011&resize=1050%2C600 3x"},"classes":[]}],"_links":{"self":[{"href":"http:\/\/www.jojoenherbe.com\/index.php\/wp-json\/wp\/v2\/posts\/8060","targetHints":{"allow":["GET"]}}],"collection":[{"href":"http:\/\/www.jojoenherbe.com\/index.php\/wp-json\/wp\/v2\/posts"}],"about":[{"href":"http:\/\/www.jojoenherbe.com\/index.php\/wp-json\/wp\/v2\/types\/post"}],"author":[{"embeddable":true,"href":"http:\/\/www.jojoenherbe.com\/index.php\/wp-json\/wp\/v2\/users\/1"}],"replies":[{"embeddable":true,"href":"http:\/\/www.jojoenherbe.com\/index.php\/wp-json\/wp\/v2\/comments?post=8060"}],"version-history":[{"count":2,"href":"http:\/\/www.jojoenherbe.com\/index.php\/wp-json\/wp\/v2\/posts\/8060\/revisions"}],"predecessor-version":[{"id":27615,"href":"http:\/\/www.jojoenherbe.com\/index.php\/wp-json\/wp\/v2\/posts\/8060\/revisions\/27615"}],"wp:featuredmedia":[{"embeddable":true,"href":"http:\/\/www.jojoenherbe.com\/index.php\/wp-json\/wp\/v2\/media\/8185"}],"wp:attachment":[{"href":"http:\/\/www.jojoenherbe.com\/index.php\/wp-json\/wp\/v2\/media?parent=8060"}],"wp:term":[{"taxonomy":"category","embeddable":true,"href":"http:\/\/www.jojoenherbe.com\/index.php\/wp-json\/wp\/v2\/categories?post=8060"},{"taxonomy":"post_tag","embeddable":true,"href":"http:\/\/www.jojoenherbe.com\/index.php\/wp-json\/wp\/v2\/tags?post=8060"}],"curies":[{"name":"wp","href":"https:\/\/api.w.org\/{rel}","templated":true}]}}