{"id":7972,"date":"2019-10-12T08:00:14","date_gmt":"2019-10-12T06:00:14","guid":{"rendered":"http:\/\/www.jojoenherbe.com\/?p=7972"},"modified":"2022-04-20T10:02:44","modified_gmt":"2022-04-20T08:02:44","slug":"au-fil-des-pages-avec-belfegor-et-lorage","status":"publish","type":"post","link":"http:\/\/www.jojoenherbe.com\/index.php\/2019\/10\/12\/au-fil-des-pages-avec-belfegor-et-lorage\/","title":{"rendered":"Au fil des pages avec Belf\u00e9gor et l&rsquo;orage"},"content":{"rendered":"<p style=\"text-align: justify;\"><em><a href=\"https:\/\/i0.wp.com\/www.jojoenherbe.com\/wp-content\/uploads\/2019\/10\/Belf%C3%A9gor-et-lorage-3.jpg\"><img data-recalc-dims=\"1\" loading=\"lazy\" decoding=\"async\" data-attachment-id=\"7975\" data-permalink=\"http:\/\/www.jojoenherbe.com\/index.php\/2019\/10\/12\/au-fil-des-pages-avec-belfegor-et-lorage\/belfegor-et-lorage-3\/\" data-orig-file=\"https:\/\/i0.wp.com\/www.jojoenherbe.com\/wp-content\/uploads\/2019\/10\/Belf%C3%A9gor-et-lorage-3.jpg?fit=3261%2C2077\" data-orig-size=\"3261,2077\" data-comments-opened=\"1\" data-image-meta=\"{&quot;aperture&quot;:&quot;2.4&quot;,&quot;credit&quot;:&quot;&quot;,&quot;camera&quot;:&quot;iPhone 4S&quot;,&quot;caption&quot;:&quot;&quot;,&quot;created_timestamp&quot;:&quot;1570724179&quot;,&quot;copyright&quot;:&quot;&quot;,&quot;focal_length&quot;:&quot;4.28&quot;,&quot;iso&quot;:&quot;125&quot;,&quot;shutter_speed&quot;:&quot;0.05&quot;,&quot;title&quot;:&quot;&quot;,&quot;orientation&quot;:&quot;1&quot;}\" data-image-title=\"Belf\u00e9gor et l&amp;rsquo;orage 3\" data-image-description=\"\" data-image-caption=\"\" data-large-file=\"https:\/\/i0.wp.com\/www.jojoenherbe.com\/wp-content\/uploads\/2019\/10\/Belf%C3%A9gor-et-lorage-3.jpg?fit=676%2C430\" class=\"alignleft size-thumbnail wp-image-7975\" src=\"https:\/\/i0.wp.com\/www.jojoenherbe.com\/wp-content\/uploads\/2019\/10\/Belf%C3%A9gor-et-lorage-3.jpg?resize=150%2C150\" alt=\"\" width=\"150\" height=\"150\" srcset=\"https:\/\/i0.wp.com\/www.jojoenherbe.com\/wp-content\/uploads\/2019\/10\/Belf%C3%A9gor-et-lorage-3.jpg?resize=150%2C150 150w, https:\/\/i0.wp.com\/www.jojoenherbe.com\/wp-content\/uploads\/2019\/10\/Belf%C3%A9gor-et-lorage-3.jpg?zoom=2&amp;resize=150%2C150 300w, https:\/\/i0.wp.com\/www.jojoenherbe.com\/wp-content\/uploads\/2019\/10\/Belf%C3%A9gor-et-lorage-3.jpg?zoom=3&amp;resize=150%2C150 450w\" sizes=\"auto, (max-width: 150px) 100vw, 150px\" \/><\/a> <a href=\"https:\/\/i0.wp.com\/www.jojoenherbe.com\/wp-content\/uploads\/2019\/10\/Belf%C3%A9gor-et-lorage-2.jpg\"><img data-recalc-dims=\"1\" loading=\"lazy\" decoding=\"async\" data-attachment-id=\"7974\" data-permalink=\"http:\/\/www.jojoenherbe.com\/index.php\/2019\/10\/12\/au-fil-des-pages-avec-belfegor-et-lorage\/belfegor-et-lorage-2\/\" data-orig-file=\"https:\/\/i0.wp.com\/www.jojoenherbe.com\/wp-content\/uploads\/2019\/10\/Belf%C3%A9gor-et-lorage-2.jpg?fit=3261%2C2160\" data-orig-size=\"3261,2160\" data-comments-opened=\"1\" data-image-meta=\"{&quot;aperture&quot;:&quot;2.4&quot;,&quot;credit&quot;:&quot;&quot;,&quot;camera&quot;:&quot;iPhone 4S&quot;,&quot;caption&quot;:&quot;&quot;,&quot;created_timestamp&quot;:&quot;1570724142&quot;,&quot;copyright&quot;:&quot;&quot;,&quot;focal_length&quot;:&quot;4.28&quot;,&quot;iso&quot;:&quot;125&quot;,&quot;shutter_speed&quot;:&quot;0.05&quot;,&quot;title&quot;:&quot;&quot;,&quot;orientation&quot;:&quot;1&quot;}\" data-image-title=\"Belf\u00e9gor et l&amp;rsquo;orage 2\" data-image-description=\"\" data-image-caption=\"\" data-large-file=\"https:\/\/i0.wp.com\/www.jojoenherbe.com\/wp-content\/uploads\/2019\/10\/Belf%C3%A9gor-et-lorage-2.jpg?fit=676%2C448\" class=\"alignleft size-thumbnail wp-image-7974\" src=\"https:\/\/i0.wp.com\/www.jojoenherbe.com\/wp-content\/uploads\/2019\/10\/Belf%C3%A9gor-et-lorage-2.jpg?resize=150%2C150\" alt=\"\" width=\"150\" height=\"150\" srcset=\"https:\/\/i0.wp.com\/www.jojoenherbe.com\/wp-content\/uploads\/2019\/10\/Belf%C3%A9gor-et-lorage-2.jpg?resize=150%2C150 150w, https:\/\/i0.wp.com\/www.jojoenherbe.com\/wp-content\/uploads\/2019\/10\/Belf%C3%A9gor-et-lorage-2.jpg?zoom=2&amp;resize=150%2C150 300w, https:\/\/i0.wp.com\/www.jojoenherbe.com\/wp-content\/uploads\/2019\/10\/Belf%C3%A9gor-et-lorage-2.jpg?zoom=3&amp;resize=150%2C150 450w\" sizes=\"auto, (max-width: 150px) 100vw, 150px\" \/><\/a>Nous empruntons \u00e0 la biblioth\u00e8que <span style=\"text-decoration: underline;\">Belf\u00e9gor et l&rsquo;orage<\/span> de Laurence Bourguignon et Vincent Hardy (\u00e9d. Mijade, 2006), un album jeunesse \u00e0 partir de 3 ans. Belf\u00e9gor, un jeune dragon (de 505 ans tout de m\u00eame!) va enfin devenir un \u00ab\u00a0vrai\u00a0\u00bb dragon, un dragon capable de cracher du feu! Pour cela, comme tous les dragons avant lui, il doit manger un \u00e9clair. Initi\u00e9 par son p\u00e8re, Belf\u00e9gor y parviendra-t-il? Aura-t-il suffisamment de courage? Les illustrations rendent ce petit dragon attachant, double du tout-petit lors de sa phase d&rsquo;imitation lorsqu&rsquo;il veut tout faire tout seul et comme ses parents. Cette histoire plaisante peut \u00e9galement \u00eatre lue pour accompagner les tout-petits qui ont peur de l&rsquo;orage et les aider \u00e0 surmonter cette peur.<br \/>\n<\/em><\/p>\n<div id=\"attachment_25301\" style=\"width: 135px\" class=\"wp-caption alignleft\"><img data-recalc-dims=\"1\" loading=\"lazy\" decoding=\"async\" aria-describedby=\"caption-attachment-25301\" class=\"wp-image-25301\" src=\"https:\/\/i0.wp.com\/www.myloubook.com\/wp-content\/uploads\/2019\/09\/logo-halloween-2019-candles.jpg?resize=125%2C85\" sizes=\"auto, (max-width: 1000px) 100vw, 1000px\" srcset=\"http:\/\/www.myloubook.com\/wp-content\/uploads\/2019\/09\/logo-halloween-2019-candles.jpg 1000w, http:\/\/www.myloubook.com\/wp-content\/uploads\/2019\/09\/logo-halloween-2019-candles-300x203.jpg 300w, http:\/\/www.myloubook.com\/wp-content\/uploads\/2019\/09\/logo-halloween-2019-candles-768x519.jpg 768w\" alt=\"\" width=\"125\" height=\"85\" \/><p id=\"caption-attachment-25301\" class=\"wp-caption-text\">Challenge Halloween 2019 de <a href=\"http:\/\/www.lelivroblog.fr\/archive\/2019\/09\/26\/le-recapitulatif-du-challenge-halloween-2019-6178421.html\">Hilde<\/a> et <a href=\"http:\/\/www.myloubook.com\/2019\/09\/28\/challenge-halloween-2019-10-ans-billet-recapitulatif\/\">Lou<\/a> #Hallow RAT<\/p><\/div>\n<div style=\"width: 113px\" class=\"wp-caption alignleft\"><img data-recalc-dims=\"1\" loading=\"lazy\" decoding=\"async\" class=\"\" src=\"https:\/\/i0.wp.com\/delivrer-des-livres.fr\/wp-content\/uploads\/2019\/05\/logoalbums2019.png?resize=103%2C103\" alt=\"\" width=\"103\" height=\"103\" \/><p class=\"wp-caption-text\">Participation #69 <a href=\"http:\/\/delivrer-des-livres.fr\/challenge-albums-2019\/\">Je lis aussi des albums<\/a><\/p><\/div>\n","protected":false},"excerpt":{"rendered":"<p>Nous empruntons \u00e0 la biblioth\u00e8que Belf\u00e9gor et l&rsquo;orage de Laurence Bourguignon et Vincent Hardy (\u00e9d. Mijade, 2006), un album jeunesse \u00e0 partir de 3 ans. Belf\u00e9gor, un jeune dragon (de 505 ans tout de m\u00eame!) va enfin devenir un \u00ab\u00a0vrai\u00a0\u00bb dragon, un dragon capable de cracher du feu! Pour cela, comme tous les dragons avant [&hellip;]<\/p>\n","protected":false},"author":1,"featured_media":7976,"comment_status":"open","ping_status":"open","sticky":false,"template":"","format":"standard","meta":{"jetpack_post_was_ever_published":false,"_jetpack_newsletter_access":"","_jetpack_dont_email_post_to_subs":false,"_jetpack_newsletter_tier_id":0,"_jetpack_memberships_contains_paywalled_content":false,"_jetpack_memberships_contains_paid_content":false,"footnotes":""},"categories":[363],"tags":[785,409,377,901,464,1386,1350,1761,367,725,555,899,1762],"class_list":["post-7972","post","type-post","status-publish","format-standard","has-post-thumbnail","hentry","category-mini-lecteur","tag-3-6-ans","tag-albums-jeunesse","tag-apprentissage","tag-courage","tag-dragon","tag-halloween-challenge-2019","tag-je-lis-aussi-des-albums-2019","tag-laurence-bourguignon","tag-lecture-jeunesse","tag-orage","tag-peur","tag-rite-initiatique","tag-vincent-hardy","post-preview"],"jetpack_featured_media_url":"https:\/\/i0.wp.com\/www.jojoenherbe.com\/wp-content\/uploads\/2019\/10\/Belf%C3%A9gor-et-lorage.jpg?fit=2444%2C2569","jetpack_sharing_enabled":true,"jetpack_shortlink":"https:\/\/wp.me\/p9zhGx-24A","jetpack_likes_enabled":true,"jetpack-related-posts":[{"id":7964,"url":"http:\/\/www.jojoenherbe.com\/index.php\/2019\/10\/11\/un-second-hallow-rat-2019\/","url_meta":{"origin":7972,"position":0},"title":"Un second Hallow RAT 2019","author":"Jojo","date":"11 octobre 2019","format":false,"excerpt":"Et c'est reparti pour un second week-end Hallow RAT du 11 octobre minuit au 13 octobre 2019. J'ai d\u00e9j\u00e0 pr\u00e9vu une \"petite\" pile de lectures pour ce RAT avec des livres achet\u00e9s ou emprunt\u00e9s \u00e0 la biblioth\u00e8que, en reprenant parfois des id\u00e9es de lecture rep\u00e9r\u00e9es chez d'autres participants depuis le\u2026","rel":"","context":"Dans &quot;Mini challenger&quot;","block_context":{"text":"Mini challenger","link":"http:\/\/www.jojoenherbe.com\/index.php\/category\/mini-challenger\/"},"img":{"alt_text":"","src":"https:\/\/i0.wp.com\/www.jojoenherbe.com\/wp-content\/uploads\/2019\/10\/Hallow-RAT.jpg?fit=1200%2C759&resize=350%2C200","width":350,"height":200,"srcset":"https:\/\/i0.wp.com\/www.jojoenherbe.com\/wp-content\/uploads\/2019\/10\/Hallow-RAT.jpg?fit=1200%2C759&resize=350%2C200 1x, https:\/\/i0.wp.com\/www.jojoenherbe.com\/wp-content\/uploads\/2019\/10\/Hallow-RAT.jpg?fit=1200%2C759&resize=525%2C300 1.5x, https:\/\/i0.wp.com\/www.jojoenherbe.com\/wp-content\/uploads\/2019\/10\/Hallow-RAT.jpg?fit=1200%2C759&resize=700%2C400 2x, https:\/\/i0.wp.com\/www.jojoenherbe.com\/wp-content\/uploads\/2019\/10\/Hallow-RAT.jpg?fit=1200%2C759&resize=1050%2C600 3x"},"classes":[]},{"id":7876,"url":"http:\/\/www.jojoenherbe.com\/index.php\/2019\/11\/08\/petit-recap-du-halloween-challenge-2019\/","url_meta":{"origin":7972,"position":1},"title":"Petit r\u00e9cap&rsquo; du Halloween Challenge 2019","author":"Jojo","date":"8 novembre 2019","format":false,"excerpt":"Pour clore le Halloween Challenge 2019 de Hilde et Lou, voici un petit r\u00e9cap' du mois \u00e9coul\u00e9 avec des lectures, bricolages, d\u00e9corations halloweenesques, etc. Un mois riche en d\u00e9couvertes, en \u00e9changes et partages avec les autres participants! Le challenge a d\u00e9but\u00e9 par un premier Hallow RAT du 27 septembre minuit\u2026","rel":"","context":"Dans &quot;Mini challenger&quot;","block_context":{"text":"Mini challenger","link":"http:\/\/www.jojoenherbe.com\/index.php\/category\/mini-challenger\/"},"img":{"alt_text":"","src":"https:\/\/i0.wp.com\/www.jojoenherbe.com\/wp-content\/uploads\/2019\/11\/Halloween-Challenge-2019.jpg?fit=1200%2C798&resize=350%2C200","width":350,"height":200,"srcset":"https:\/\/i0.wp.com\/www.jojoenherbe.com\/wp-content\/uploads\/2019\/11\/Halloween-Challenge-2019.jpg?fit=1200%2C798&resize=350%2C200 1x, https:\/\/i0.wp.com\/www.jojoenherbe.com\/wp-content\/uploads\/2019\/11\/Halloween-Challenge-2019.jpg?fit=1200%2C798&resize=525%2C300 1.5x, https:\/\/i0.wp.com\/www.jojoenherbe.com\/wp-content\/uploads\/2019\/11\/Halloween-Challenge-2019.jpg?fit=1200%2C798&resize=700%2C400 2x, https:\/\/i0.wp.com\/www.jojoenherbe.com\/wp-content\/uploads\/2019\/11\/Halloween-Challenge-2019.jpg?fit=1200%2C798&resize=1050%2C600 3x"},"classes":[]},{"id":9964,"url":"http:\/\/www.jojoenherbe.com\/index.php\/2020\/02\/09\/au-fil-des-pages-avec-noulouk\/","url_meta":{"origin":7972,"position":2},"title":"Au fil des pages avec Noulouk","author":"Jojo","date":"9 f\u00e9vrier 2020","format":false,"excerpt":"Nous empruntons \u00e0 la m\u00e9diath\u00e8que Noulouk d'Agn\u00e8s Bertron-Martin et Gwen Keraval (\u00e9d. Flammarion, coll. Les albums du P\u00e8re Castor, 2010), un album jeunesse \u00e0 partir de 3 ans. Un jeune esquimau, \u00a0Noulouk vit dans la banquise dans le respect de la Nature, en pr\u00e9servant l'\u00e9quilibre de ses \u00e9l\u00e9ments comme le\u2026","rel":"","context":"Dans &quot;Mini lecteur&quot;","block_context":{"text":"Mini lecteur","link":"http:\/\/www.jojoenherbe.com\/index.php\/category\/mini-lecteur\/"},"img":{"alt_text":"","src":"https:\/\/i0.wp.com\/www.jojoenherbe.com\/wp-content\/uploads\/2020\/02\/Noulouk-scaled.jpg?fit=1200%2C900&resize=350%2C200","width":350,"height":200,"srcset":"https:\/\/i0.wp.com\/www.jojoenherbe.com\/wp-content\/uploads\/2020\/02\/Noulouk-scaled.jpg?fit=1200%2C900&resize=350%2C200 1x, https:\/\/i0.wp.com\/www.jojoenherbe.com\/wp-content\/uploads\/2020\/02\/Noulouk-scaled.jpg?fit=1200%2C900&resize=525%2C300 1.5x, https:\/\/i0.wp.com\/www.jojoenherbe.com\/wp-content\/uploads\/2020\/02\/Noulouk-scaled.jpg?fit=1200%2C900&resize=700%2C400 2x, https:\/\/i0.wp.com\/www.jojoenherbe.com\/wp-content\/uploads\/2020\/02\/Noulouk-scaled.jpg?fit=1200%2C900&resize=1050%2C600 3x"},"classes":[]},{"id":8064,"url":"http:\/\/www.jojoenherbe.com\/index.php\/2019\/10\/16\/au-fil-des-pages-avec-monsieur-madame-et-halloween\/","url_meta":{"origin":7972,"position":3},"title":"Au fil des pages avec Monsieur Madame et Halloween","author":"Jojo","date":"16 octobre 2019","format":false,"excerpt":"Dans le cadre du second Hallow RAT 2019, je lis quatre albums de la s\u00e9rie Monsieur Madame de Roger Hargreaves et que je r\u00e9serve comme cadeaux pour la f\u00eate \"myst\u00e8re\" d'Halloween. Mais pour savoir \u00e0 qui offrir chaque livre au bon enfant, il faut les lire avant - que ne\u2026","rel":"","context":"Dans &quot;Mini lecteur&quot;","block_context":{"text":"Mini lecteur","link":"http:\/\/www.jojoenherbe.com\/index.php\/category\/mini-lecteur\/"},"img":{"alt_text":"","src":"https:\/\/i0.wp.com\/www.jojoenherbe.com\/wp-content\/uploads\/2019\/10\/Monsieur-Madame-Halloween-1.jpg?fit=1200%2C847&resize=350%2C200","width":350,"height":200,"srcset":"https:\/\/i0.wp.com\/www.jojoenherbe.com\/wp-content\/uploads\/2019\/10\/Monsieur-Madame-Halloween-1.jpg?fit=1200%2C847&resize=350%2C200 1x, https:\/\/i0.wp.com\/www.jojoenherbe.com\/wp-content\/uploads\/2019\/10\/Monsieur-Madame-Halloween-1.jpg?fit=1200%2C847&resize=525%2C300 1.5x, https:\/\/i0.wp.com\/www.jojoenherbe.com\/wp-content\/uploads\/2019\/10\/Monsieur-Madame-Halloween-1.jpg?fit=1200%2C847&resize=700%2C400 2x, https:\/\/i0.wp.com\/www.jojoenherbe.com\/wp-content\/uploads\/2019\/10\/Monsieur-Madame-Halloween-1.jpg?fit=1200%2C847&resize=1050%2C600 3x"},"classes":[]},{"id":13259,"url":"http:\/\/www.jojoenherbe.com\/index.php\/2020\/10\/24\/au-fil-des-pages-avec-il-ny-a-pas-de-dragon-dans-cette-histoire\/","url_meta":{"origin":7972,"position":4},"title":"Au fil des pages avec Il n&rsquo;y a pas de dragon dans cette histoire","author":"Jojo","date":"24 octobre 2020","format":false,"excerpt":"Nous empruntons \u00e0 la m\u00e9diath\u00e8que Il n'y a pas de dragon dans cette histoire de Lou Carter et Deborah Allwright (\u00e9d. Circonflexe, 2018), un album jeunesse \u00e0 partir de 4 ans et qui a \u00e9t\u00e9 Laur\u00e9at du 31\u00e8me Prix des Incos en 2020 dans la s\u00e9lection CE1.\u00a0 Un dragon en\u2026","rel":"","context":"Dans &quot;Mini lecteur&quot;","block_context":{"text":"Mini lecteur","link":"http:\/\/www.jojoenherbe.com\/index.php\/category\/mini-lecteur\/"},"img":{"alt_text":"","src":"https:\/\/i0.wp.com\/www.jojoenherbe.com\/wp-content\/uploads\/2020\/10\/Il-ny-a-pas-de-dragon-dans-cette-histoire-2-1-scaled.jpg?fit=1200%2C833&resize=350%2C200","width":350,"height":200,"srcset":"https:\/\/i0.wp.com\/www.jojoenherbe.com\/wp-content\/uploads\/2020\/10\/Il-ny-a-pas-de-dragon-dans-cette-histoire-2-1-scaled.jpg?fit=1200%2C833&resize=350%2C200 1x, https:\/\/i0.wp.com\/www.jojoenherbe.com\/wp-content\/uploads\/2020\/10\/Il-ny-a-pas-de-dragon-dans-cette-histoire-2-1-scaled.jpg?fit=1200%2C833&resize=525%2C300 1.5x, https:\/\/i0.wp.com\/www.jojoenherbe.com\/wp-content\/uploads\/2020\/10\/Il-ny-a-pas-de-dragon-dans-cette-histoire-2-1-scaled.jpg?fit=1200%2C833&resize=700%2C400 2x, https:\/\/i0.wp.com\/www.jojoenherbe.com\/wp-content\/uploads\/2020\/10\/Il-ny-a-pas-de-dragon-dans-cette-histoire-2-1-scaled.jpg?fit=1200%2C833&resize=1050%2C600 3x"},"classes":[]},{"id":8657,"url":"http:\/\/www.jojoenherbe.com\/index.php\/2020\/09\/21\/au-fil-des-pages-avec-cher-dragon\/","url_meta":{"origin":7972,"position":5},"title":"Au fil des pages avec Cher dragon","author":"Jojo","date":"21 septembre 2020","format":false,"excerpt":"Nous empruntons, \u00e0 nouveau pour Halloween, comme d\u00e9j\u00e0 l'ann\u00e9e derni\u00e8re, \u00e0 la m\u00e9diath\u00e8que Cher dragon d'Emma Yarlett (\u00e9d. Albin Michel Jeunesse, 2018), un album jeunesse \u00e0 partir de 4 ans et m\u00eame avant. Alex, un petit gar\u00e7on souhaite garder un dragon qu'il a trouv\u00e9 un jour dans sa maison. Mais\u2026","rel":"","context":"Dans &quot;Mini lecteur&quot;","block_context":{"text":"Mini lecteur","link":"http:\/\/www.jojoenherbe.com\/index.php\/category\/mini-lecteur\/"},"img":{"alt_text":"","src":"https:\/\/i0.wp.com\/www.jojoenherbe.com\/wp-content\/uploads\/2020\/09\/Cher-dragon-scaled.jpg?fit=1200%2C900&resize=350%2C200","width":350,"height":200,"srcset":"https:\/\/i0.wp.com\/www.jojoenherbe.com\/wp-content\/uploads\/2020\/09\/Cher-dragon-scaled.jpg?fit=1200%2C900&resize=350%2C200 1x, https:\/\/i0.wp.com\/www.jojoenherbe.com\/wp-content\/uploads\/2020\/09\/Cher-dragon-scaled.jpg?fit=1200%2C900&resize=525%2C300 1.5x, https:\/\/i0.wp.com\/www.jojoenherbe.com\/wp-content\/uploads\/2020\/09\/Cher-dragon-scaled.jpg?fit=1200%2C900&resize=700%2C400 2x, https:\/\/i0.wp.com\/www.jojoenherbe.com\/wp-content\/uploads\/2020\/09\/Cher-dragon-scaled.jpg?fit=1200%2C900&resize=1050%2C600 3x"},"classes":[]}],"_links":{"self":[{"href":"http:\/\/www.jojoenherbe.com\/index.php\/wp-json\/wp\/v2\/posts\/7972","targetHints":{"allow":["GET"]}}],"collection":[{"href":"http:\/\/www.jojoenherbe.com\/index.php\/wp-json\/wp\/v2\/posts"}],"about":[{"href":"http:\/\/www.jojoenherbe.com\/index.php\/wp-json\/wp\/v2\/types\/post"}],"author":[{"embeddable":true,"href":"http:\/\/www.jojoenherbe.com\/index.php\/wp-json\/wp\/v2\/users\/1"}],"replies":[{"embeddable":true,"href":"http:\/\/www.jojoenherbe.com\/index.php\/wp-json\/wp\/v2\/comments?post=7972"}],"version-history":[{"count":1,"href":"http:\/\/www.jojoenherbe.com\/index.php\/wp-json\/wp\/v2\/posts\/7972\/revisions"}],"predecessor-version":[{"id":25070,"href":"http:\/\/www.jojoenherbe.com\/index.php\/wp-json\/wp\/v2\/posts\/7972\/revisions\/25070"}],"wp:featuredmedia":[{"embeddable":true,"href":"http:\/\/www.jojoenherbe.com\/index.php\/wp-json\/wp\/v2\/media\/7976"}],"wp:attachment":[{"href":"http:\/\/www.jojoenherbe.com\/index.php\/wp-json\/wp\/v2\/media?parent=7972"}],"wp:term":[{"taxonomy":"category","embeddable":true,"href":"http:\/\/www.jojoenherbe.com\/index.php\/wp-json\/wp\/v2\/categories?post=7972"},{"taxonomy":"post_tag","embeddable":true,"href":"http:\/\/www.jojoenherbe.com\/index.php\/wp-json\/wp\/v2\/tags?post=7972"}],"curies":[{"name":"wp","href":"https:\/\/api.w.org\/{rel}","templated":true}]}}