{"id":7964,"date":"2019-10-11T09:43:43","date_gmt":"2019-10-11T07:43:43","guid":{"rendered":"http:\/\/www.jojoenherbe.com\/?p=7964"},"modified":"2022-09-22T16:08:31","modified_gmt":"2022-09-22T14:08:31","slug":"un-second-hallow-rat-2019","status":"publish","type":"post","link":"http:\/\/www.jojoenherbe.com\/index.php\/2019\/10\/11\/un-second-hallow-rat-2019\/","title":{"rendered":"Un second Hallow RAT 2019"},"content":{"rendered":"<p style=\"text-align: justify;\"><em>Et c&rsquo;est reparti pour un second week-end Hallow RAT du 11 octobre minuit au 13 octobre 2019. J&rsquo;ai d\u00e9j\u00e0 pr\u00e9vu une \u00ab\u00a0petite\u00a0\u00bb pile de lectures pour ce RAT avec des livres achet\u00e9s ou emprunt\u00e9s \u00e0 la biblioth\u00e8que, en reprenant parfois des id\u00e9es de lecture rep\u00e9r\u00e9es chez d&rsquo;autres participants depuis le d\u00e9but de ce challenge:<\/em><\/p>\n<ul>\n<li style=\"text-align: justify;\"><em>(Album jeunesse) <span style=\"text-decoration: underline;\">Comment reconna\u00eetre un Monstre<\/span> de Gustave Rold\u00e1n (LU)<br \/>\n<\/em><\/li>\n<li style=\"text-align: justify;\"><em>(Album jeunesse) <a href=\"http:\/\/www.jojoenherbe.com\/index.php\/2019\/10\/12\/au-fil-des-pages-avec-belfegor-et-lorage\/\"><span style=\"text-decoration: underline;\">Belf\u00e9gor et l&rsquo;orage<\/span><\/a> de Laurence Bourguignon et Vincent Hardy (LU)<br \/>\n<\/em><\/li>\n<li style=\"text-align: justify;\"><em>(Album jeunesse) <a href=\"http:\/\/www.jojoenherbe.com\/index.php\/2019\/10\/14\/au-fil-des-pages-avec-le-monstre-du-placard\/\"><span style=\"text-decoration: underline;\">Le monstre du placard existe et je vais vous le prouver&#8230;<\/span><\/a> d&rsquo;Antoine Dole et Bruno Salamone (LU)<br \/>\n<\/em><\/li>\n<li style=\"text-align: justify;\"><em>(Roman) <span style=\"text-decoration: underline;\">L&rsquo;arbre d&rsquo;Halloween<\/span> de Ray Bradbury (LU)<\/em><\/li>\n<li><em>(Roman jeunesse) <span style=\"text-decoration: underline;\">Lili Goth et la souris fant\u00f4me<\/span> de Chris Riddell (LU)<br \/>\n<\/em><\/li>\n<li style=\"text-align: justify;\"><em>(Roman jeunesse) <a href=\"http:\/\/www.jojoenherbe.com\/index.php\/2019\/10\/17\/au-fil-des-pages-avec-les-chroniques-de-spiderwick\/\"><span style=\"text-decoration: underline;\">Les chroniques de Spiderwick<\/span><\/a> de Tony Diterlizzi et Holly Black (tome 1 LU)<br \/>\n<\/em><\/li>\n<li style=\"text-align: justify;\"><em>(BD jeunesse) <a href=\"https:\/\/www.jojoenherbe.com\/index.php\/2022\/06\/08\/au-fil-des-pages-avec-hilda-et-le-troll\/\"><span style=\"text-decoration: underline;\">Hilda et le troll<\/span><\/a> de Luke Pearson (LU)<br \/>\n<\/em><\/li>\n<li style=\"text-align: justify;\"><em>(Album jeunesse) <span style=\"text-decoration: underline;\">M. Heureux et le magicien<\/span> de Roger Hargreaves (LU )<\/em><\/li>\n<li style=\"text-align: justify;\"><em>(Album jeunesse) <a href=\"http:\/\/www.jojoenherbe.com\/index.php\/2019\/10\/16\/au-fil-des-pages-avec-monsieur-madame-et-halloween\/\"><span style=\"text-decoration: underline;\">Les Monsieur Madame f\u00eatent Halloween<\/span><\/a> de Roger Hargreaves (LU)<br \/>\n<\/em><\/li>\n<li style=\"text-align: justify;\"><em>(Album jeunesse) <a href=\"http:\/\/www.jojoenherbe.com\/index.php\/2019\/10\/24\/au-fil-des-pages-avec-la-sorciere-tambouille\/\"><span style=\"text-decoration: underline;\">La sorci\u00e8re Tambouille<\/span><\/a> de Magdalena Guirao-Jullien et Marianne Barcilon (LU)<br \/>\n<\/em><\/li>\n<\/ul>\n<p style=\"text-align: justify;\"><em><a href=\"https:\/\/i0.wp.com\/www.jojoenherbe.com\/wp-content\/uploads\/2019\/10\/Monsieur-Madame-Halloween.jpg\"><img data-recalc-dims=\"1\" loading=\"lazy\" decoding=\"async\" data-attachment-id=\"7990\" data-permalink=\"http:\/\/www.jojoenherbe.com\/index.php\/2019\/10\/11\/un-second-hallow-rat-2019\/monsieur-madame-halloween\/\" data-orig-file=\"https:\/\/i0.wp.com\/www.jojoenherbe.com\/wp-content\/uploads\/2019\/10\/Monsieur-Madame-Halloween.jpg?fit=2711%2C2140\" data-orig-size=\"2711,2140\" data-comments-opened=\"1\" data-image-meta=\"{&quot;aperture&quot;:&quot;2.4&quot;,&quot;credit&quot;:&quot;&quot;,&quot;camera&quot;:&quot;iPhone 4S&quot;,&quot;caption&quot;:&quot;&quot;,&quot;created_timestamp&quot;:&quot;1570818352&quot;,&quot;copyright&quot;:&quot;&quot;,&quot;focal_length&quot;:&quot;4.28&quot;,&quot;iso&quot;:&quot;800&quot;,&quot;shutter_speed&quot;:&quot;0.066666666666667&quot;,&quot;title&quot;:&quot;&quot;,&quot;orientation&quot;:&quot;1&quot;}\" data-image-title=\"Monsieur Madame Halloween\" data-image-description=\"\" data-image-caption=\"\" data-large-file=\"https:\/\/i0.wp.com\/www.jojoenherbe.com\/wp-content\/uploads\/2019\/10\/Monsieur-Madame-Halloween.jpg?fit=676%2C533\" class=\"alignleft size-thumbnail wp-image-7990\" src=\"https:\/\/i0.wp.com\/www.jojoenherbe.com\/wp-content\/uploads\/2019\/10\/Monsieur-Madame-Halloween.jpg?resize=150%2C150\" alt=\"\" width=\"150\" height=\"150\" srcset=\"https:\/\/i0.wp.com\/www.jojoenherbe.com\/wp-content\/uploads\/2019\/10\/Monsieur-Madame-Halloween.jpg?resize=150%2C150 150w, https:\/\/i0.wp.com\/www.jojoenherbe.com\/wp-content\/uploads\/2019\/10\/Monsieur-Madame-Halloween.jpg?zoom=2&amp;resize=150%2C150 300w, https:\/\/i0.wp.com\/www.jojoenherbe.com\/wp-content\/uploads\/2019\/10\/Monsieur-Madame-Halloween.jpg?zoom=3&amp;resize=150%2C150 450w\" sizes=\"auto, (max-width: 150px) 100vw, 150px\" \/><\/a>Les esprits halloweenesques nous ayant ensorcel\u00e9s, il est bien trop difficile d&rsquo;attendre minuit pour nous plonger dans cette pile de livres surtout qu&rsquo;apr\u00e8s une sortie course, je reviens avec deux autres albums jeunesse de la s\u00e9rie \u00ab\u00a0Monsieur Madame\u00a0\u00bb de Roger Hargreaves: <span style=\"text-decoration: underline;\">Mme Bonheur et la sorci\u00e8re<\/span> et <span style=\"text-decoration: underline;\">M. Chatouille et le dragon<\/span>. <\/em><\/p>\n<p style=\"text-align: justify;\"><em><a href=\"https:\/\/i0.wp.com\/www.jojoenherbe.com\/wp-content\/uploads\/2019\/10\/Berg%C3%A8res-Guerri%C3%A8res.jpg\"><img data-recalc-dims=\"1\" loading=\"lazy\" decoding=\"async\" data-attachment-id=\"7989\" data-permalink=\"http:\/\/www.jojoenherbe.com\/index.php\/2019\/10\/11\/un-second-hallow-rat-2019\/bergeres-guerrieres\/\" data-orig-file=\"https:\/\/i0.wp.com\/www.jojoenherbe.com\/wp-content\/uploads\/2019\/10\/Berg%C3%A8res-Guerri%C3%A8res.jpg?fit=3104%2C2167\" data-orig-size=\"3104,2167\" data-comments-opened=\"1\" data-image-meta=\"{&quot;aperture&quot;:&quot;2.4&quot;,&quot;credit&quot;:&quot;&quot;,&quot;camera&quot;:&quot;iPhone 4S&quot;,&quot;caption&quot;:&quot;&quot;,&quot;created_timestamp&quot;:&quot;1570817741&quot;,&quot;copyright&quot;:&quot;&quot;,&quot;focal_length&quot;:&quot;4.28&quot;,&quot;iso&quot;:&quot;500&quot;,&quot;shutter_speed&quot;:&quot;0.066666666666667&quot;,&quot;title&quot;:&quot;&quot;,&quot;orientation&quot;:&quot;1&quot;}\" data-image-title=\"Berg\u00e8res Guerri\u00e8res\" data-image-description=\"\" data-image-caption=\"\" data-large-file=\"https:\/\/i0.wp.com\/www.jojoenherbe.com\/wp-content\/uploads\/2019\/10\/Berg%C3%A8res-Guerri%C3%A8res.jpg?fit=676%2C472\" class=\"size-thumbnail wp-image-7989 alignright\" src=\"https:\/\/i0.wp.com\/www.jojoenherbe.com\/wp-content\/uploads\/2019\/10\/Berg%C3%A8res-Guerri%C3%A8res.jpg?resize=150%2C150\" alt=\"\" width=\"150\" height=\"150\" srcset=\"https:\/\/i0.wp.com\/www.jojoenherbe.com\/wp-content\/uploads\/2019\/10\/Berg%C3%A8res-Guerri%C3%A8res.jpg?resize=150%2C150 150w, https:\/\/i0.wp.com\/www.jojoenherbe.com\/wp-content\/uploads\/2019\/10\/Berg%C3%A8res-Guerri%C3%A8res.jpg?zoom=2&amp;resize=150%2C150 300w, https:\/\/i0.wp.com\/www.jojoenherbe.com\/wp-content\/uploads\/2019\/10\/Berg%C3%A8res-Guerri%C3%A8res.jpg?zoom=3&amp;resize=150%2C150 450w\" sizes=\"auto, (max-width: 150px) 100vw, 150px\" \/><\/a>Alors, j&rsquo;avoue avoir d\u00e9j\u00e0 lu cet apr\u00e8s-midi les deux premiers tomes de <span style=\"text-decoration: underline;\">Berg\u00e8res Guerri\u00e8res<\/span> de Jonathan Garnier et Am\u00e9lie Fl\u00e9chais, une bande dessin\u00e9e jeunesse qui, sans le savoir, rentre dans le th\u00e8me du Halloween RAT puisque l&rsquo;histoire se d\u00e9roule dans un univers fantasy.<br \/>\n<\/em><\/p>\n<p style=\"text-align: justify;\"><em> <a href=\"https:\/\/i0.wp.com\/www.jojoenherbe.com\/wp-content\/uploads\/2019\/10\/Les-chroniques-de-Spiderwick-T1.jpg\"><img data-recalc-dims=\"1\" loading=\"lazy\" decoding=\"async\" data-attachment-id=\"7993\" data-permalink=\"http:\/\/www.jojoenherbe.com\/index.php\/2019\/10\/11\/un-second-hallow-rat-2019\/les-chroniques-de-spiderwick-t1\/\" data-orig-file=\"https:\/\/i0.wp.com\/www.jojoenherbe.com\/wp-content\/uploads\/2019\/10\/Les-chroniques-de-Spiderwick-T1.jpg?fit=2494%2C2084\" data-orig-size=\"2494,2084\" data-comments-opened=\"1\" data-image-meta=\"{&quot;aperture&quot;:&quot;2.4&quot;,&quot;credit&quot;:&quot;&quot;,&quot;camera&quot;:&quot;iPhone 4S&quot;,&quot;caption&quot;:&quot;&quot;,&quot;created_timestamp&quot;:&quot;1570818524&quot;,&quot;copyright&quot;:&quot;&quot;,&quot;focal_length&quot;:&quot;4.28&quot;,&quot;iso&quot;:&quot;800&quot;,&quot;shutter_speed&quot;:&quot;0.066666666666667&quot;,&quot;title&quot;:&quot;&quot;,&quot;orientation&quot;:&quot;1&quot;}\" data-image-title=\"Les chroniques de Spiderwick T1\" data-image-description=\"\" data-image-caption=\"\" data-large-file=\"https:\/\/i0.wp.com\/www.jojoenherbe.com\/wp-content\/uploads\/2019\/10\/Les-chroniques-de-Spiderwick-T1.jpg?fit=676%2C565\" class=\"alignleft size-thumbnail wp-image-7993\" src=\"https:\/\/i0.wp.com\/www.jojoenherbe.com\/wp-content\/uploads\/2019\/10\/Les-chroniques-de-Spiderwick-T1.jpg?resize=150%2C150\" alt=\"\" width=\"150\" height=\"150\" srcset=\"https:\/\/i0.wp.com\/www.jojoenherbe.com\/wp-content\/uploads\/2019\/10\/Les-chroniques-de-Spiderwick-T1.jpg?resize=150%2C150 150w, https:\/\/i0.wp.com\/www.jojoenherbe.com\/wp-content\/uploads\/2019\/10\/Les-chroniques-de-Spiderwick-T1.jpg?zoom=2&amp;resize=150%2C150 300w, https:\/\/i0.wp.com\/www.jojoenherbe.com\/wp-content\/uploads\/2019\/10\/Les-chroniques-de-Spiderwick-T1.jpg?zoom=3&amp;resize=150%2C150 450w\" sizes=\"auto, (max-width: 150px) 100vw, 150px\" \/><\/a>J&rsquo;ai donc tout naturellement encha\u00een\u00e9 avec ma PAL halloweenesque et ai lu le tome 1 des <span style=\"text-decoration: underline;\">Chroniques de Spiderwick: Le livre magique<\/span> de Tony Diterlizzi et Holly Black. Mais je dois attendre lundi pour aller chercher les autres tomes \u00e0 la m\u00e9diath\u00e8que, en esp\u00e9rant que personne ne les ait emprunt\u00e9s entretemps.<br \/>\n<\/em><\/p>\n<p style=\"text-align: justify;\"><em><a href=\"https:\/\/i0.wp.com\/www.jojoenherbe.com\/wp-content\/uploads\/2019\/10\/Albums-jeunesse-monstres-et-dragon.jpg\"><img data-recalc-dims=\"1\" loading=\"lazy\" decoding=\"async\" data-attachment-id=\"7992\" data-permalink=\"http:\/\/www.jojoenherbe.com\/index.php\/2019\/10\/11\/un-second-hallow-rat-2019\/albums-jeunesse-monstres-et-dragon\/\" data-orig-file=\"https:\/\/i0.wp.com\/www.jojoenherbe.com\/wp-content\/uploads\/2019\/10\/Albums-jeunesse-monstres-et-dragon.jpg?fit=2951%2C2264\" data-orig-size=\"2951,2264\" data-comments-opened=\"1\" data-image-meta=\"{&quot;aperture&quot;:&quot;2.4&quot;,&quot;credit&quot;:&quot;&quot;,&quot;camera&quot;:&quot;iPhone 4S&quot;,&quot;caption&quot;:&quot;&quot;,&quot;created_timestamp&quot;:&quot;1570818609&quot;,&quot;copyright&quot;:&quot;&quot;,&quot;focal_length&quot;:&quot;4.28&quot;,&quot;iso&quot;:&quot;400&quot;,&quot;shutter_speed&quot;:&quot;0.066666666666667&quot;,&quot;title&quot;:&quot;&quot;,&quot;orientation&quot;:&quot;1&quot;}\" data-image-title=\"Albums jeunesse &amp;#8211; monstres et dragon\" data-image-description=\"\" data-image-caption=\"\" data-large-file=\"https:\/\/i0.wp.com\/www.jojoenherbe.com\/wp-content\/uploads\/2019\/10\/Albums-jeunesse-monstres-et-dragon.jpg?fit=676%2C519\" class=\"size-thumbnail wp-image-7992 alignright\" src=\"https:\/\/i0.wp.com\/www.jojoenherbe.com\/wp-content\/uploads\/2019\/10\/Albums-jeunesse-monstres-et-dragon.jpg?resize=150%2C150\" alt=\"\" width=\"150\" height=\"150\" srcset=\"https:\/\/i0.wp.com\/www.jojoenherbe.com\/wp-content\/uploads\/2019\/10\/Albums-jeunesse-monstres-et-dragon.jpg?resize=150%2C150 150w, https:\/\/i0.wp.com\/www.jojoenherbe.com\/wp-content\/uploads\/2019\/10\/Albums-jeunesse-monstres-et-dragon.jpg?zoom=2&amp;resize=150%2C150 300w, https:\/\/i0.wp.com\/www.jojoenherbe.com\/wp-content\/uploads\/2019\/10\/Albums-jeunesse-monstres-et-dragon.jpg?zoom=3&amp;resize=150%2C150 450w\" sizes=\"auto, (max-width: 150px) 100vw, 150px\" \/><\/a>Puis 16h30 rimant (ou pas) avec sortie des classes et donc d\u00e9but du week-end, nous lisons trois albums jeunesse (d\u00e8s 3 ans): <span style=\"text-decoration: underline;\">Comment reconna\u00eetre un Monstre<\/span> de Gustave Rold\u00e1n, <span style=\"text-decoration: underline;\">Belf\u00e9gor et l&rsquo;orage<\/span> de Laurence Bourguignon et Vincent Hardy ainsi que <span style=\"text-decoration: underline;\">Le monstre du placard existe et je vais vous le prouver&#8230;<\/span> d&rsquo;Antoine Dole et Bruno Salamone.<br \/>\n<\/em><\/p>\n<p style=\"text-align: justify;\"><a href=\"https:\/\/i0.wp.com\/www.jojoenherbe.com\/wp-content\/uploads\/2019\/10\/Hallow-RAT-3.jpg\"><img data-recalc-dims=\"1\" loading=\"lazy\" decoding=\"async\" data-attachment-id=\"8002\" data-permalink=\"http:\/\/www.jojoenherbe.com\/index.php\/2019\/10\/11\/un-second-hallow-rat-2019\/hallow-rat-3\/\" data-orig-file=\"https:\/\/i0.wp.com\/www.jojoenherbe.com\/wp-content\/uploads\/2019\/10\/Hallow-RAT-3.jpg?fit=2938%2C2184\" data-orig-size=\"2938,2184\" data-comments-opened=\"1\" data-image-meta=\"{&quot;aperture&quot;:&quot;2.4&quot;,&quot;credit&quot;:&quot;&quot;,&quot;camera&quot;:&quot;iPhone 4S&quot;,&quot;caption&quot;:&quot;&quot;,&quot;created_timestamp&quot;:&quot;1570877479&quot;,&quot;copyright&quot;:&quot;&quot;,&quot;focal_length&quot;:&quot;4.28&quot;,&quot;iso&quot;:&quot;400&quot;,&quot;shutter_speed&quot;:&quot;0.058823529411765&quot;,&quot;title&quot;:&quot;&quot;,&quot;orientation&quot;:&quot;1&quot;}\" data-image-title=\"Hallow RAT 3\" data-image-description=\"\" data-image-caption=\"\" data-large-file=\"https:\/\/i0.wp.com\/www.jojoenherbe.com\/wp-content\/uploads\/2019\/10\/Hallow-RAT-3.jpg?fit=676%2C502\" class=\"alignleft size-thumbnail wp-image-8002\" src=\"https:\/\/i0.wp.com\/www.jojoenherbe.com\/wp-content\/uploads\/2019\/10\/Hallow-RAT-3.jpg?resize=150%2C150\" alt=\"\" width=\"150\" height=\"150\" srcset=\"https:\/\/i0.wp.com\/www.jojoenherbe.com\/wp-content\/uploads\/2019\/10\/Hallow-RAT-3.jpg?resize=150%2C150 150w, https:\/\/i0.wp.com\/www.jojoenherbe.com\/wp-content\/uploads\/2019\/10\/Hallow-RAT-3.jpg?zoom=2&amp;resize=150%2C150 300w, https:\/\/i0.wp.com\/www.jojoenherbe.com\/wp-content\/uploads\/2019\/10\/Hallow-RAT-3.jpg?zoom=3&amp;resize=150%2C150 450w\" sizes=\"auto, (max-width: 150px) 100vw, 150px\" \/><\/a><a href=\"https:\/\/i0.wp.com\/www.jojoenherbe.com\/wp-content\/uploads\/2019\/10\/Larbre-dHalloween.jpg\"><img data-recalc-dims=\"1\" loading=\"lazy\" decoding=\"async\" data-attachment-id=\"8015\" data-permalink=\"http:\/\/www.jojoenherbe.com\/index.php\/2019\/10\/11\/un-second-hallow-rat-2019\/larbre-dhalloween\/\" data-orig-file=\"https:\/\/i0.wp.com\/www.jojoenherbe.com\/wp-content\/uploads\/2019\/10\/Larbre-dHalloween.jpg?fit=2444%2C2533\" data-orig-size=\"2444,2533\" data-comments-opened=\"1\" data-image-meta=\"{&quot;aperture&quot;:&quot;2.4&quot;,&quot;credit&quot;:&quot;&quot;,&quot;camera&quot;:&quot;iPhone 4S&quot;,&quot;caption&quot;:&quot;&quot;,&quot;created_timestamp&quot;:&quot;1570910511&quot;,&quot;copyright&quot;:&quot;&quot;,&quot;focal_length&quot;:&quot;4.28&quot;,&quot;iso&quot;:&quot;800&quot;,&quot;shutter_speed&quot;:&quot;0.066666666666667&quot;,&quot;title&quot;:&quot;&quot;,&quot;orientation&quot;:&quot;1&quot;}\" data-image-title=\"L&amp;rsquo;arbre d&amp;rsquo;Halloween\" data-image-description=\"\" data-image-caption=\"\" data-large-file=\"https:\/\/i0.wp.com\/www.jojoenherbe.com\/wp-content\/uploads\/2019\/10\/Larbre-dHalloween.jpg?fit=676%2C701\" class=\"alignleft wp-image-8015 size-thumbnail\" src=\"https:\/\/i0.wp.com\/www.jojoenherbe.com\/wp-content\/uploads\/2019\/10\/Larbre-dHalloween.jpg?resize=150%2C150\" alt=\"\" width=\"150\" height=\"150\" srcset=\"https:\/\/i0.wp.com\/www.jojoenherbe.com\/wp-content\/uploads\/2019\/10\/Larbre-dHalloween.jpg?resize=150%2C150 150w, https:\/\/i0.wp.com\/www.jojoenherbe.com\/wp-content\/uploads\/2019\/10\/Larbre-dHalloween.jpg?zoom=2&amp;resize=150%2C150 300w, https:\/\/i0.wp.com\/www.jojoenherbe.com\/wp-content\/uploads\/2019\/10\/Larbre-dHalloween.jpg?zoom=3&amp;resize=150%2C150 450w\" sizes=\"auto, (max-width: 150px) 100vw, 150px\" \/><\/a>En soir\u00e9e, je lis <em><span style=\"text-decoration: underline;\">Lili Goth et la souris fant\u00f4me<\/span> de Chris Riddell<\/em> et commence, quelques pages, de <em><span style=\"text-decoration: underline;\">L&rsquo;arbre d&rsquo;Halloween<\/span> de Ray Bradbury, avec son texte en rimes. Les esprits de la nuit sont bient\u00f4t pr\u00eats pour m&rsquo;entra\u00eener dans un profond sommeil.<\/em><\/p>\n<p style=\"text-align: justify;\"><a href=\"https:\/\/i0.wp.com\/www.jojoenherbe.com\/wp-content\/uploads\/2019\/10\/Hallow-RAT-2.jpg\"><img data-recalc-dims=\"1\" loading=\"lazy\" decoding=\"async\" data-attachment-id=\"8001\" data-permalink=\"http:\/\/www.jojoenherbe.com\/index.php\/2019\/10\/11\/un-second-hallow-rat-2019\/hallow-rat-2\/\" data-orig-file=\"https:\/\/i0.wp.com\/www.jojoenherbe.com\/wp-content\/uploads\/2019\/10\/Hallow-RAT-2.jpg?fit=2951%2C2224\" data-orig-size=\"2951,2224\" data-comments-opened=\"1\" data-image-meta=\"{&quot;aperture&quot;:&quot;2.4&quot;,&quot;credit&quot;:&quot;&quot;,&quot;camera&quot;:&quot;iPhone 4S&quot;,&quot;caption&quot;:&quot;&quot;,&quot;created_timestamp&quot;:&quot;1570877444&quot;,&quot;copyright&quot;:&quot;&quot;,&quot;focal_length&quot;:&quot;4.28&quot;,&quot;iso&quot;:&quot;250&quot;,&quot;shutter_speed&quot;:&quot;0.05&quot;,&quot;title&quot;:&quot;&quot;,&quot;orientation&quot;:&quot;1&quot;}\" data-image-title=\"Hallow RAT 2\" data-image-description=\"\" data-image-caption=\"\" data-large-file=\"https:\/\/i0.wp.com\/www.jojoenherbe.com\/wp-content\/uploads\/2019\/10\/Hallow-RAT-2.jpg?fit=676%2C510\" class=\"size-thumbnail wp-image-8001 alignright\" src=\"https:\/\/i0.wp.com\/www.jojoenherbe.com\/wp-content\/uploads\/2019\/10\/Hallow-RAT-2.jpg?resize=150%2C150\" alt=\"\" width=\"150\" height=\"150\" srcset=\"https:\/\/i0.wp.com\/www.jojoenherbe.com\/wp-content\/uploads\/2019\/10\/Hallow-RAT-2.jpg?resize=150%2C150 150w, https:\/\/i0.wp.com\/www.jojoenherbe.com\/wp-content\/uploads\/2019\/10\/Hallow-RAT-2.jpg?zoom=2&amp;resize=150%2C150 300w, https:\/\/i0.wp.com\/www.jojoenherbe.com\/wp-content\/uploads\/2019\/10\/Hallow-RAT-2.jpg?zoom=3&amp;resize=150%2C150 450w\" sizes=\"auto, (max-width: 150px) 100vw, 150px\" \/><\/a>Ce 12 octobre 2019, d\u00e8s 6h30, nous commen\u00e7ons ce week-end de marathon avec deux albums jeunesse: <em><span style=\"text-decoration: underline;\">La sorci\u00e8re Tambouille<\/span> de Magdalena Guirao-Jullien et Marianne Barcilon et <span style=\"text-decoration: underline;\">Les Monsieur Madame f\u00eatent Halloween<\/span> de Roger Hargreaves. Puis je poursuis ma lecture de <span style=\"text-decoration: underline;\">L&rsquo;arbre d&rsquo;Halloween<\/span>.<\/em><\/p>\n<p style=\"text-align: justify;\"><em><img data-recalc-dims=\"1\" loading=\"lazy\" decoding=\"async\" id=\"media-6035179\" class=\"alignleft\" src=\"https:\/\/i0.wp.com\/www.lelivroblog.fr\/media\/02\/01\/2287546405.jpg?resize=138%2C138\" alt=\"D\u00e9fi Mr Jack.jpg\" width=\"138\" height=\"138\" \/>\u00a0 <a href=\"http:\/\/www.jojoenherbe.com\/index.php\/2019\/10\/11\/un-second-hallow-rat-2019\/m-curieux-et-le-haricot-magique\/\"><img data-recalc-dims=\"1\" loading=\"lazy\" decoding=\"async\" data-attachment-id=\"8016\" data-permalink=\"http:\/\/www.jojoenherbe.com\/index.php\/2019\/10\/11\/un-second-hallow-rat-2019\/m-curieux-et-le-haricot-magique\/\" data-orig-file=\"https:\/\/i0.wp.com\/www.jojoenherbe.com\/wp-content\/uploads\/2019\/10\/M.-Curieux-et-le-haricot-magique.jpg?fit=2471%2C2020\" data-orig-size=\"2471,2020\" data-comments-opened=\"1\" data-image-meta=\"{&quot;aperture&quot;:&quot;2.4&quot;,&quot;credit&quot;:&quot;&quot;,&quot;camera&quot;:&quot;iPhone 4S&quot;,&quot;caption&quot;:&quot;&quot;,&quot;created_timestamp&quot;:&quot;1570881285&quot;,&quot;copyright&quot;:&quot;&quot;,&quot;focal_length&quot;:&quot;4.28&quot;,&quot;iso&quot;:&quot;200&quot;,&quot;shutter_speed&quot;:&quot;0.05&quot;,&quot;title&quot;:&quot;&quot;,&quot;orientation&quot;:&quot;1&quot;}\" data-image-title=\"M. Curieux et le haricot magique\" data-image-description=\"\" data-image-caption=\"\" data-large-file=\"https:\/\/i0.wp.com\/www.jojoenherbe.com\/wp-content\/uploads\/2019\/10\/M.-Curieux-et-le-haricot-magique.jpg?fit=676%2C553\" class=\"alignleft wp-image-8016 size-thumbnail\" src=\"https:\/\/i0.wp.com\/www.jojoenherbe.com\/wp-content\/uploads\/2019\/10\/M.-Curieux-et-le-haricot-magique.jpg?resize=150%2C150\" alt=\"\" width=\"150\" height=\"150\" srcset=\"https:\/\/i0.wp.com\/www.jojoenherbe.com\/wp-content\/uploads\/2019\/10\/M.-Curieux-et-le-haricot-magique.jpg?resize=150%2C150 150w, https:\/\/i0.wp.com\/www.jojoenherbe.com\/wp-content\/uploads\/2019\/10\/M.-Curieux-et-le-haricot-magique.jpg?zoom=2&amp;resize=150%2C150 300w, https:\/\/i0.wp.com\/www.jojoenherbe.com\/wp-content\/uploads\/2019\/10\/M.-Curieux-et-le-haricot-magique.jpg?zoom=3&amp;resize=150%2C150 450w\" sizes=\"auto, (max-width: 150px) 100vw, 150px\" \/><\/a>Apr\u00e8s un petit tour chez les autres participants, je finis de lire <span style=\"text-decoration: underline;\">L&rsquo;arbre d&rsquo;Halloween<\/span> en d\u00e9but d&rsquo;apr\u00e8s-midi et r\u00e9ussis donc le d\u00e9fi Mr. Jack (lire un titre avec une citrouille en couverture), avant de laisser de c\u00f4t\u00e9 toute cette aventure halloweenesque pour d&rsquo;autres petits diablotins, go\u00fbter d&rsquo;anniversaire oblige, m\u00eame si la magie n&rsquo;est pas tr\u00e8s loin, un des cadeaux \u00e9tant <span style=\"text-decoration: underline;\">M. Curieux et le haricot magique<\/span> de Roger Hargreaves.<\/em><\/p>\n<p style=\"text-align: justify;\"><em><a href=\"https:\/\/i0.wp.com\/www.jojoenherbe.com\/wp-content\/uploads\/2019\/10\/Hilda-et-le-troll.jpg\"><img data-recalc-dims=\"1\" loading=\"lazy\" decoding=\"async\" data-attachment-id=\"8014\" data-permalink=\"http:\/\/www.jojoenherbe.com\/index.php\/2019\/10\/11\/un-second-hallow-rat-2019\/hilda-et-le-troll\/\" data-orig-file=\"https:\/\/i0.wp.com\/www.jojoenherbe.com\/wp-content\/uploads\/2019\/10\/Hilda-et-le-troll.jpg?fit=2448%2C2409\" data-orig-size=\"2448,2409\" data-comments-opened=\"1\" data-image-meta=\"{&quot;aperture&quot;:&quot;2.4&quot;,&quot;credit&quot;:&quot;&quot;,&quot;camera&quot;:&quot;iPhone 4S&quot;,&quot;caption&quot;:&quot;&quot;,&quot;created_timestamp&quot;:&quot;1570910726&quot;,&quot;copyright&quot;:&quot;&quot;,&quot;focal_length&quot;:&quot;4.28&quot;,&quot;iso&quot;:&quot;800&quot;,&quot;shutter_speed&quot;:&quot;0.066666666666667&quot;,&quot;title&quot;:&quot;&quot;,&quot;orientation&quot;:&quot;1&quot;}\" data-image-title=\"Hilda et le troll\" data-image-description=\"\" data-image-caption=\"\" data-large-file=\"https:\/\/i0.wp.com\/www.jojoenherbe.com\/wp-content\/uploads\/2019\/10\/Hilda-et-le-troll.jpg?fit=676%2C665\" class=\"size-thumbnail wp-image-8014 alignright\" src=\"https:\/\/i0.wp.com\/www.jojoenherbe.com\/wp-content\/uploads\/2019\/10\/Hilda-et-le-troll.jpg?resize=150%2C150\" alt=\"\" width=\"150\" height=\"150\" srcset=\"https:\/\/i0.wp.com\/www.jojoenherbe.com\/wp-content\/uploads\/2019\/10\/Hilda-et-le-troll.jpg?resize=150%2C150 150w, https:\/\/i0.wp.com\/www.jojoenherbe.com\/wp-content\/uploads\/2019\/10\/Hilda-et-le-troll.jpg?zoom=2&amp;resize=150%2C150 300w, https:\/\/i0.wp.com\/www.jojoenherbe.com\/wp-content\/uploads\/2019\/10\/Hilda-et-le-troll.jpg?zoom=3&amp;resize=150%2C150 450w\" sizes=\"auto, (max-width: 150px) 100vw, 150px\" \/><\/a><a href=\"https:\/\/i0.wp.com\/www.jojoenherbe.com\/wp-content\/uploads\/2019\/10\/Notre-Dame-de-Paris.jpg\"><img data-recalc-dims=\"1\" loading=\"lazy\" decoding=\"async\" data-attachment-id=\"8025\" data-permalink=\"http:\/\/www.jojoenherbe.com\/index.php\/2019\/10\/11\/un-second-hallow-rat-2019\/notre-dame-de-paris\/\" data-orig-file=\"https:\/\/i0.wp.com\/www.jojoenherbe.com\/wp-content\/uploads\/2019\/10\/Notre-Dame-de-Paris.jpg?fit=2448%2C2806\" data-orig-size=\"2448,2806\" data-comments-opened=\"1\" data-image-meta=\"{&quot;aperture&quot;:&quot;2.4&quot;,&quot;credit&quot;:&quot;&quot;,&quot;camera&quot;:&quot;iPhone 4S&quot;,&quot;caption&quot;:&quot;&quot;,&quot;created_timestamp&quot;:&quot;1570910810&quot;,&quot;copyright&quot;:&quot;&quot;,&quot;focal_length&quot;:&quot;4.28&quot;,&quot;iso&quot;:&quot;800&quot;,&quot;shutter_speed&quot;:&quot;0.066666666666667&quot;,&quot;title&quot;:&quot;&quot;,&quot;orientation&quot;:&quot;1&quot;}\" data-image-title=\"Notre Dame de Paris\" data-image-description=\"\" data-image-caption=\"\" data-large-file=\"https:\/\/i0.wp.com\/www.jojoenherbe.com\/wp-content\/uploads\/2019\/10\/Notre-Dame-de-Paris.jpg?fit=676%2C775\" class=\"size-thumbnail wp-image-8025 alignright\" src=\"https:\/\/i0.wp.com\/www.jojoenherbe.com\/wp-content\/uploads\/2019\/10\/Notre-Dame-de-Paris.jpg?resize=150%2C150\" alt=\"\" width=\"150\" height=\"150\" srcset=\"https:\/\/i0.wp.com\/www.jojoenherbe.com\/wp-content\/uploads\/2019\/10\/Notre-Dame-de-Paris.jpg?resize=150%2C150 150w, https:\/\/i0.wp.com\/www.jojoenherbe.com\/wp-content\/uploads\/2019\/10\/Notre-Dame-de-Paris.jpg?zoom=2&amp;resize=150%2C150 300w, https:\/\/i0.wp.com\/www.jojoenherbe.com\/wp-content\/uploads\/2019\/10\/Notre-Dame-de-Paris.jpg?zoom=3&amp;resize=150%2C150 450w\" sizes=\"auto, (max-width: 150px) 100vw, 150px\" \/><\/a>Dans la soir\u00e9e, je fais un tour chez les autres participants qui ont \u00e9galement \u00e9t\u00e9 tr\u00e8s inspir\u00e9s tout au long de la journ\u00e9e. C&rsquo;est l&rsquo;occasion de noter de nouvelles id\u00e9es de lecture. Puis je d\u00e9bute ma soir\u00e9e de lecture en commen\u00e7ant par <span style=\"text-decoration: underline;\">Hilda et le troll<\/span>. Puis je relis un roman d\u00e9j\u00e0 lu il y a bien vingt ans, <span style=\"text-decoration: underline;\">Notre Dame de Paris<\/span> de Victor Hugo, mais cette fois-ci la version illustr\u00e9e par Benjamin Lacombe en deux tomes. Je ne lirai pas tout, m&rsquo;arr\u00eatant surtout sur les illustrations restituant formidablement le destin tragique d&rsquo;Esm\u00e9ralda.<\/em><\/p>\n<p style=\"text-align: justify;\"><em><a href=\"https:\/\/i0.wp.com\/www.jojoenherbe.com\/wp-content\/uploads\/2019\/10\/Am%C3%A9lia-Fang-et-le-bal-barbare.jpg\"><img data-recalc-dims=\"1\" loading=\"lazy\" decoding=\"async\" data-attachment-id=\"8024\" data-permalink=\"http:\/\/www.jojoenherbe.com\/index.php\/2019\/10\/11\/un-second-hallow-rat-2019\/amelia-fang-et-le-bal-barbare\/\" data-orig-file=\"https:\/\/i0.wp.com\/www.jojoenherbe.com\/wp-content\/uploads\/2019\/10\/Am%C3%A9lia-Fang-et-le-bal-barbare.jpg?fit=2448%2C2578\" data-orig-size=\"2448,2578\" data-comments-opened=\"1\" data-image-meta=\"{&quot;aperture&quot;:&quot;2.4&quot;,&quot;credit&quot;:&quot;&quot;,&quot;camera&quot;:&quot;iPhone 4S&quot;,&quot;caption&quot;:&quot;&quot;,&quot;created_timestamp&quot;:&quot;1570961064&quot;,&quot;copyright&quot;:&quot;&quot;,&quot;focal_length&quot;:&quot;4.28&quot;,&quot;iso&quot;:&quot;500&quot;,&quot;shutter_speed&quot;:&quot;0.066666666666667&quot;,&quot;title&quot;:&quot;&quot;,&quot;orientation&quot;:&quot;1&quot;}\" data-image-title=\"Am\u00e9lia Fang et le bal barbare\" data-image-description=\"\" data-image-caption=\"\" data-large-file=\"https:\/\/i0.wp.com\/www.jojoenherbe.com\/wp-content\/uploads\/2019\/10\/Am%C3%A9lia-Fang-et-le-bal-barbare.jpg?fit=676%2C712\" class=\"alignleft size-thumbnail wp-image-8024\" src=\"https:\/\/i0.wp.com\/www.jojoenherbe.com\/wp-content\/uploads\/2019\/10\/Am%C3%A9lia-Fang-et-le-bal-barbare.jpg?resize=150%2C150\" alt=\"\" width=\"150\" height=\"150\" srcset=\"https:\/\/i0.wp.com\/www.jojoenherbe.com\/wp-content\/uploads\/2019\/10\/Am%C3%A9lia-Fang-et-le-bal-barbare.jpg?resize=150%2C150 150w, https:\/\/i0.wp.com\/www.jojoenherbe.com\/wp-content\/uploads\/2019\/10\/Am%C3%A9lia-Fang-et-le-bal-barbare.jpg?zoom=2&amp;resize=150%2C150 300w, https:\/\/i0.wp.com\/www.jojoenherbe.com\/wp-content\/uploads\/2019\/10\/Am%C3%A9lia-Fang-et-le-bal-barbare.jpg?zoom=3&amp;resize=150%2C150 450w\" sizes=\"auto, (max-width: 150px) 100vw, 150px\" \/><\/a><a href=\"https:\/\/i0.wp.com\/www.jojoenherbe.com\/wp-content\/uploads\/2019\/10\/M.-Heureux-et-le-magicien.jpg\"><img data-recalc-dims=\"1\" loading=\"lazy\" decoding=\"async\" data-attachment-id=\"8027\" data-permalink=\"http:\/\/www.jojoenherbe.com\/index.php\/2019\/10\/11\/un-second-hallow-rat-2019\/m-heureux-et-le-magicien\/\" data-orig-file=\"https:\/\/i0.wp.com\/www.jojoenherbe.com\/wp-content\/uploads\/2019\/10\/M.-Heureux-et-le-magicien.jpg?fit=3264%2C2448\" data-orig-size=\"3264,2448\" data-comments-opened=\"1\" data-image-meta=\"{&quot;aperture&quot;:&quot;2.4&quot;,&quot;credit&quot;:&quot;&quot;,&quot;camera&quot;:&quot;iPhone 4S&quot;,&quot;caption&quot;:&quot;&quot;,&quot;created_timestamp&quot;:&quot;1570961459&quot;,&quot;copyright&quot;:&quot;&quot;,&quot;focal_length&quot;:&quot;4.28&quot;,&quot;iso&quot;:&quot;640&quot;,&quot;shutter_speed&quot;:&quot;0.066666666666667&quot;,&quot;title&quot;:&quot;&quot;,&quot;orientation&quot;:&quot;1&quot;}\" data-image-title=\"M. Heureux et le magicien\" data-image-description=\"\" data-image-caption=\"\" data-large-file=\"https:\/\/i0.wp.com\/www.jojoenherbe.com\/wp-content\/uploads\/2019\/10\/M.-Heureux-et-le-magicien.jpg?fit=676%2C507\" class=\"alignleft size-thumbnail wp-image-8027\" src=\"https:\/\/i0.wp.com\/www.jojoenherbe.com\/wp-content\/uploads\/2019\/10\/M.-Heureux-et-le-magicien.jpg?resize=150%2C150\" alt=\"\" width=\"150\" height=\"150\" srcset=\"https:\/\/i0.wp.com\/www.jojoenherbe.com\/wp-content\/uploads\/2019\/10\/M.-Heureux-et-le-magicien.jpg?resize=150%2C150 150w, https:\/\/i0.wp.com\/www.jojoenherbe.com\/wp-content\/uploads\/2019\/10\/M.-Heureux-et-le-magicien.jpg?zoom=2&amp;resize=150%2C150 300w, https:\/\/i0.wp.com\/www.jojoenherbe.com\/wp-content\/uploads\/2019\/10\/M.-Heureux-et-le-magicien.jpg?zoom=3&amp;resize=150%2C150 450w\" sizes=\"auto, (max-width: 150px) 100vw, 150px\" \/><\/a>Ce 13 octobre 2019,\u00a0 nous d\u00e9butons la suite du marathon avec trois albums jeunesse, des Monsieur Madame: <span style=\"text-decoration: underline;\">M. Heureux et le magicien<\/span>, <span style=\"text-decoration: underline;\">Mme Bonheur et la sorci\u00e8re<\/span> et <span style=\"text-decoration: underline;\">M. Chatouille et le dragon<\/span>. Puis je commence la lecture d&rsquo;<a href=\"http:\/\/www.jojoenherbe.com\/index.php\/2019\/10\/25\/au-fil-des-pages-avec-amelia-fang\/\"><span style=\"text-decoration: underline;\">Am\u00e9lia Fang et le bal barbare<\/span><\/a> de Laura Ellen Anderson (tome 1) mais seulement pour quelques pages.<br \/>\n<\/em><\/p>\n<p style=\"text-align: justify;\"><em>Vers 15h30, je reprends l&rsquo;histoire tr\u00e8s plaisante d&rsquo;<span style=\"text-decoration: underline;\">Am\u00e9lia Fang et le bal barbare<\/span>, ce qui me donne envie de lire les deux tomes suivants, le troisi\u00e8me tome sortant le 16 octobre 2019. <\/em><\/p>\n<p style=\"text-align: justify;\"><em><a href=\"https:\/\/i0.wp.com\/www.jojoenherbe.com\/wp-content\/uploads\/2019\/10\/Cest-le-coeur-qui-l%C3%A2che-en-dernier.jpg\"><img data-recalc-dims=\"1\" loading=\"lazy\" decoding=\"async\" data-attachment-id=\"8045\" data-permalink=\"http:\/\/www.jojoenherbe.com\/index.php\/2019\/10\/11\/un-second-hallow-rat-2019\/cest-le-coeur-qui-lache-en-dernier\/\" data-orig-file=\"https:\/\/i0.wp.com\/www.jojoenherbe.com\/wp-content\/uploads\/2019\/10\/Cest-le-coeur-qui-l%C3%A2che-en-dernier.jpg?fit=2448%2C2685\" data-orig-size=\"2448,2685\" data-comments-opened=\"1\" data-image-meta=\"{&quot;aperture&quot;:&quot;2.4&quot;,&quot;credit&quot;:&quot;&quot;,&quot;camera&quot;:&quot;iPhone 4S&quot;,&quot;caption&quot;:&quot;&quot;,&quot;created_timestamp&quot;:&quot;1571046605&quot;,&quot;copyright&quot;:&quot;&quot;,&quot;focal_length&quot;:&quot;4.28&quot;,&quot;iso&quot;:&quot;400&quot;,&quot;shutter_speed&quot;:&quot;0.066666666666667&quot;,&quot;title&quot;:&quot;&quot;,&quot;orientation&quot;:&quot;1&quot;}\" data-image-title=\"C&amp;rsquo;est le coeur qui l\u00e2che en dernier\" data-image-description=\"\" data-image-caption=\"\" data-large-file=\"https:\/\/i0.wp.com\/www.jojoenherbe.com\/wp-content\/uploads\/2019\/10\/Cest-le-coeur-qui-l%C3%A2che-en-dernier.jpg?fit=676%2C741\" class=\"size-thumbnail wp-image-8045 alignright\" src=\"https:\/\/i0.wp.com\/www.jojoenherbe.com\/wp-content\/uploads\/2019\/10\/Cest-le-coeur-qui-l%C3%A2che-en-dernier.jpg?resize=150%2C150\" alt=\"\" width=\"150\" height=\"150\" srcset=\"https:\/\/i0.wp.com\/www.jojoenherbe.com\/wp-content\/uploads\/2019\/10\/Cest-le-coeur-qui-l%C3%A2che-en-dernier.jpg?resize=150%2C150 150w, https:\/\/i0.wp.com\/www.jojoenherbe.com\/wp-content\/uploads\/2019\/10\/Cest-le-coeur-qui-l%C3%A2che-en-dernier.jpg?zoom=2&amp;resize=150%2C150 300w, https:\/\/i0.wp.com\/www.jojoenherbe.com\/wp-content\/uploads\/2019\/10\/Cest-le-coeur-qui-l%C3%A2che-en-dernier.jpg?zoom=3&amp;resize=150%2C150 450w\" sizes=\"auto, (max-width: 150px) 100vw, 150px\" \/><\/a>Contrairement au RAT pr\u00e9c\u00e9dent au cours duquel nous \u00e9tions beaucoup sortis balader, j&rsquo;ai d\u00e9vor\u00e9, comme une petite cr\u00e9ature halloweenesque, ma pile de livres &#8211; il est vrai essentiellement constitu\u00e9e d&rsquo;albums jeunesse &#8211; et je me trouve fort d\u00e9pourvue pour terminer avec des livres dans le th\u00e8me cette fin de week-end. Je vais, en effet, commencer la lecture de <span style=\"text-decoration: underline;\">C&rsquo;est le c\u0153ur qui l\u00e2che en dernier<\/span> de Margaret Atwood. Heureusement, demain, je vais pouvoir aller refaire le plein de livres \u00e0 la biblioth\u00e8que.<br \/>\n<\/em><\/p>\n<p style=\"text-align: justify;\"><em><a href=\"https:\/\/i0.wp.com\/www.jojoenherbe.com\/wp-content\/uploads\/2019\/10\/Biscuits-Halloween.jpg\"><img data-recalc-dims=\"1\" loading=\"lazy\" decoding=\"async\" data-attachment-id=\"8033\" data-permalink=\"http:\/\/www.jojoenherbe.com\/index.php\/2019\/10\/11\/un-second-hallow-rat-2019\/biscuits-halloween\/\" data-orig-file=\"https:\/\/i0.wp.com\/www.jojoenherbe.com\/wp-content\/uploads\/2019\/10\/Biscuits-Halloween.jpg?fit=3264%2C2448\" data-orig-size=\"3264,2448\" data-comments-opened=\"1\" data-image-meta=\"{&quot;aperture&quot;:&quot;2.4&quot;,&quot;credit&quot;:&quot;&quot;,&quot;camera&quot;:&quot;iPhone 4S&quot;,&quot;caption&quot;:&quot;&quot;,&quot;created_timestamp&quot;:&quot;1570990338&quot;,&quot;copyright&quot;:&quot;&quot;,&quot;focal_length&quot;:&quot;4.28&quot;,&quot;iso&quot;:&quot;800&quot;,&quot;shutter_speed&quot;:&quot;0.066666666666667&quot;,&quot;title&quot;:&quot;&quot;,&quot;orientation&quot;:&quot;1&quot;}\" data-image-title=\"Biscuits Halloween\" data-image-description=\"\" data-image-caption=\"\" data-large-file=\"https:\/\/i0.wp.com\/www.jojoenherbe.com\/wp-content\/uploads\/2019\/10\/Biscuits-Halloween.jpg?fit=676%2C507\" class=\"size-thumbnail wp-image-8033 alignleft\" src=\"https:\/\/i0.wp.com\/www.jojoenherbe.com\/wp-content\/uploads\/2019\/10\/Biscuits-Halloween.jpg?resize=150%2C150\" alt=\"\" width=\"150\" height=\"150\" srcset=\"https:\/\/i0.wp.com\/www.jojoenherbe.com\/wp-content\/uploads\/2019\/10\/Biscuits-Halloween.jpg?resize=150%2C150 150w, https:\/\/i0.wp.com\/www.jojoenherbe.com\/wp-content\/uploads\/2019\/10\/Biscuits-Halloween.jpg?zoom=2&amp;resize=150%2C150 300w, https:\/\/i0.wp.com\/www.jojoenherbe.com\/wp-content\/uploads\/2019\/10\/Biscuits-Halloween.jpg?zoom=3&amp;resize=150%2C150 450w\" sizes=\"auto, (max-width: 150px) 100vw, 150px\" \/><\/a>Mais avant, une petite <a href=\"http:\/\/www.jojoenherbe.com\/index.php\/2019\/10\/14\/des-petits-monstres-halloweenesques-a-croquer\/\">pause gourmande<\/a> avec des biscuits en forme de monstres halloweenesques! Une recette qui rentre parfaitement dans le cadre du rendez-vous de ce dimanche gourmand de Syl.<br \/>\n<\/em><\/p>\n<p style=\"text-align: justify;\"><em><span style=\"text-decoration: underline;\">Bilan halloweenesque de ce second Hallow RAT 2019<\/span>: J&rsquo;ai encore beaucoup appr\u00e9ci\u00e9 ce marathon partag\u00e9 en famille et \u00e0 travers les blogs des diff\u00e9rents participants. J&rsquo;en profite pour tous les remercier pour leurs commentaires, leurs encouragements, leurs billets et id\u00e9es de lecture. Nous arrivons bient\u00f4t \u00e0 mi-parcours du challenge et j&rsquo;ai h\u00e2te de d\u00e9couvrir toutes les lectures et aventures halloweenesques que nous r\u00e9serve la suite!<br \/>\n<\/em><\/p>\n<p style=\"text-align: justify;\"><em>Pour d&rsquo;autres id\u00e9es de lectures, les autres participants du RAT: <a href=\"http:\/\/www.lelivroblog.fr\/archive\/2019\/10\/10\/hallow-rat-halloween-is-coming-6181955.html\">Hilde<\/a>, <a href=\"http:\/\/www.myloubook.com\/2019\/10\/11\/hallow-rat-2019-le-come-back\/\">Lou<\/a>, <a href=\"https:\/\/avenuereinemathilde.com\/\">Tiphania<\/a>, <a href=\"http:\/\/mapetitemediatheque.fr\/2019\/10\/read-a-thon-halloween-2019-deuxieme-du-nom\/\">Bidib<\/a>, <a href=\"http:\/\/croquerlespages.canalblog.com\/archives\/2019\/10\/08\/37694295.html\">FondantGrignote<\/a>, <a href=\"http:\/\/bouquinbourg.canalblog.com\/archives\/2019\/10\/11\/37702387.html\">Sookee<\/a>, <a href=\"http:\/\/blogclarabel.canalblog.com\/\">Clarabel<\/a>, <a href=\"https:\/\/lorouge.wordpress.com\/2019\/10\/11\/read-a-thon-dhalloween-deuxieme-couplet-a-suivre-tout-le-week-end\/\">L&rsquo;Or rouge<\/a>, <a href=\"https:\/\/sophieandtheseaofstories.wordpress.com\/2019\/10\/11\/hallow-r-a-t\/\">Sophie<\/a>, <a href=\"https:\/\/viedecontedefee.blogspot.com\/2019\/10\/1571-rat-dhalloween.html\">Samarian<\/a>, <a href=\"https:\/\/souriresouslapluie.wordpress.com\/2019\/10\/12\/rat-dhalloween-2\/\">Touloulou<\/a>, <a href=\"http:\/\/vivrelivre19.over-blog.com\/2019\/10\/challenge-halloween-2019-hallow-rat-2e-round.html\">Blandine<\/a> et <a href=\"https:\/\/samlorenlivre.wordpress.com\/2019\/09\/27\/hallowrat-the-beginning\/\">Samlor en livre<\/a>. Sans oublier la Hallow Pom Pom: <a href=\"http:\/\/livrement.com\/\">AcrO<\/a>.<br \/>\n<\/em><\/p>\n<div style=\"width: 196px\" class=\"wp-caption aligncenter\"><img data-recalc-dims=\"1\" loading=\"lazy\" decoding=\"async\" src=\"https:\/\/i0.wp.com\/size.blogspirit.net\/lelivroblog.fr\/www\/826\/media\/02\/00\/193903516.jpg?resize=186%2C141&#038;ssl=1\" alt=\"\" width=\"186\" height=\"141\" \/><p class=\"wp-caption-text\">Challenge Halloween 2019 de <a href=\"http:\/\/www.lelivroblog.fr\/archive\/2019\/09\/26\/le-recapitulatif-du-challenge-halloween-2019-6178421.html\">Hilde<\/a> et <a href=\"http:\/\/www.myloubook.com\/2019\/09\/28\/challenge-halloween-2019-10-ans-billet-recapitulatif\/\">Lou<\/a> #Hallow RAT<\/p><\/div>\n","protected":false},"excerpt":{"rendered":"<p>Et c&rsquo;est reparti pour un second week-end Hallow RAT du 11 octobre minuit au 13 octobre 2019. J&rsquo;ai d\u00e9j\u00e0 pr\u00e9vu une \u00ab\u00a0petite\u00a0\u00bb pile de lectures pour ce RAT avec des livres achet\u00e9s ou emprunt\u00e9s \u00e0 la biblioth\u00e8que, en reprenant parfois des id\u00e9es de lecture rep\u00e9r\u00e9es chez d&rsquo;autres participants depuis le d\u00e9but de ce challenge: (Album [&hellip;]<\/p>\n","protected":false},"author":1,"featured_media":7966,"comment_status":"open","ping_status":"open","sticky":false,"template":"","format":"standard","meta":{"jetpack_post_was_ever_published":false,"_jetpack_newsletter_access":"","_jetpack_dont_email_post_to_subs":false,"_jetpack_newsletter_tier_id":0,"_jetpack_memberships_contains_paywalled_content":false,"_jetpack_memberships_contains_paid_content":false,"footnotes":""},"categories":[873,363],"tags":[785,788,852,409,596,877,464,843,870,341,339,906,1386,367,726,727,770,905,789,854,340,774],"class_list":["post-7964","post","type-post","status-publish","format-standard","has-post-thumbnail","hentry","category-mini-challenger","category-mini-lecteur","tag-3-6-ans","tag-6-9-ans","tag-9-12-ans","tag-albums-jeunesse","tag-bandes-dessinees","tag-creatures","tag-dragon","tag-fantastique","tag-fantasy","tag-fantome","tag-halloween","tag-halloween-challenge","tag-halloween-challenge-2019","tag-lecture-jeunesse","tag-magicien","tag-magie","tag-monstre","tag-romans-adulte","tag-romans-jeunesse","tag-sorcellerie","tag-sorciere","tag-trolls","post-preview"],"jetpack_featured_media_url":"https:\/\/i0.wp.com\/www.jojoenherbe.com\/wp-content\/uploads\/2019\/10\/Hallow-RAT.jpg?fit=3151%2C1994","jetpack_sharing_enabled":true,"jetpack_shortlink":"https:\/\/wp.me\/p9zhGx-24s","jetpack_likes_enabled":true,"jetpack-related-posts":[{"id":8042,"url":"http:\/\/www.jojoenherbe.com\/index.php\/2019\/10\/14\/au-fil-des-pages-avec-le-monstre-du-placard\/","url_meta":{"origin":7964,"position":0},"title":"Au fil des pages avec Le monstre du placard","author":"Jojo","date":"14 octobre 2019","format":false,"excerpt":"Nous empruntons \u00e0 la m\u00e9diath\u00e8que Le monstre du placard existe et je vais vous le prouver... d'Antoine Dole et Bruno Salamone (\u00e9d. Actes Sud Junior, 2016), un album jeunesse \u00e0 partir de 3 ans. Que d'imagination chez ce petit gar\u00e7on qui cohabiterait avec un monstre du placard! L'histoire qui se\u2026","rel":"","context":"Dans &quot;Mini lecteur&quot;","block_context":{"text":"Mini lecteur","link":"http:\/\/www.jojoenherbe.com\/index.php\/category\/mini-lecteur\/"},"img":{"alt_text":"","src":"https:\/\/i0.wp.com\/www.jojoenherbe.com\/wp-content\/uploads\/2019\/10\/Le-monstre-du-placard.jpg?fit=1200%2C1025&resize=350%2C200","width":350,"height":200,"srcset":"https:\/\/i0.wp.com\/www.jojoenherbe.com\/wp-content\/uploads\/2019\/10\/Le-monstre-du-placard.jpg?fit=1200%2C1025&resize=350%2C200 1x, https:\/\/i0.wp.com\/www.jojoenherbe.com\/wp-content\/uploads\/2019\/10\/Le-monstre-du-placard.jpg?fit=1200%2C1025&resize=525%2C300 1.5x, https:\/\/i0.wp.com\/www.jojoenherbe.com\/wp-content\/uploads\/2019\/10\/Le-monstre-du-placard.jpg?fit=1200%2C1025&resize=700%2C400 2x, https:\/\/i0.wp.com\/www.jojoenherbe.com\/wp-content\/uploads\/2019\/10\/Le-monstre-du-placard.jpg?fit=1200%2C1025&resize=1050%2C600 3x"},"classes":[]},{"id":7632,"url":"http:\/\/www.jojoenherbe.com\/index.php\/2019\/09\/27\/challenge-halloween-2019\/","url_meta":{"origin":7964,"position":1},"title":"Challenge Halloween 2019","author":"Jojo","date":"27 septembre 2019","format":false,"excerpt":"Le mois d'octobre approchant, je viens de d\u00e9couvrir un nouveau challenge diaboliquement tentant: le Challenge Halloween 2019 coorganis\u00e9 par Hilde et Lou et qui se d\u00e9roule du 27 septembre au 31 octobre 2019. Pour plus d'infos, n'h\u00e9sitez pas \u00e0 aller sur leur blog et\/ou \u00e0 y participer \u00e0 votre tour.\u2026","rel":"","context":"Dans &quot;Mini challenger&quot;","block_context":{"text":"Mini challenger","link":"http:\/\/www.jojoenherbe.com\/index.php\/category\/mini-challenger\/"},"img":{"alt_text":"","src":"https:\/\/i0.wp.com\/www.jojoenherbe.com\/wp-content\/uploads\/2019\/09\/Halloween-RAT.jpg?fit=1200%2C847&resize=350%2C200","width":350,"height":200,"srcset":"https:\/\/i0.wp.com\/www.jojoenherbe.com\/wp-content\/uploads\/2019\/09\/Halloween-RAT.jpg?fit=1200%2C847&resize=350%2C200 1x, https:\/\/i0.wp.com\/www.jojoenherbe.com\/wp-content\/uploads\/2019\/09\/Halloween-RAT.jpg?fit=1200%2C847&resize=525%2C300 1.5x, https:\/\/i0.wp.com\/www.jojoenherbe.com\/wp-content\/uploads\/2019\/09\/Halloween-RAT.jpg?fit=1200%2C847&resize=700%2C400 2x, https:\/\/i0.wp.com\/www.jojoenherbe.com\/wp-content\/uploads\/2019\/09\/Halloween-RAT.jpg?fit=1200%2C847&resize=1050%2C600 3x"},"classes":[]},{"id":12274,"url":"http:\/\/www.jojoenherbe.com\/index.php\/2020\/09\/15\/ptit-recap-du-challenge-halloween-2020\/","url_meta":{"origin":7964,"position":2},"title":"Billet de suivi: Challenge Halloween 2020","author":"Jojo","date":"15 septembre 2020","format":false,"excerpt":"Comme l'ann\u00e9e derni\u00e8re, je participe du 15 septembre au 15 d\u00e9cembre 2020 au Challenge Halloween organis\u00e9 par Hilde et Lou. D\u00e8s le 15 septembre, elles ouvrent les portes de leur manoir pour deux mois halloweenesques. le challenge commence en douceur par un d\u00e9poussi\u00e9rage de PAL et premi\u00e8res suggestions et ambiances\u2026","rel":"","context":"Dans &quot;Mini challenger&quot;","block_context":{"text":"Mini challenger","link":"http:\/\/www.jojoenherbe.com\/index.php\/category\/mini-challenger\/"},"img":{"alt_text":"","src":"https:\/\/i0.wp.com\/www.jojoenherbe.com\/wp-content\/uploads\/2020\/09\/Challenge-Halloween-2020-scaled.jpg?fit=1200%2C1187&resize=350%2C200","width":350,"height":200,"srcset":"https:\/\/i0.wp.com\/www.jojoenherbe.com\/wp-content\/uploads\/2020\/09\/Challenge-Halloween-2020-scaled.jpg?fit=1200%2C1187&resize=350%2C200 1x, https:\/\/i0.wp.com\/www.jojoenherbe.com\/wp-content\/uploads\/2020\/09\/Challenge-Halloween-2020-scaled.jpg?fit=1200%2C1187&resize=525%2C300 1.5x, https:\/\/i0.wp.com\/www.jojoenherbe.com\/wp-content\/uploads\/2020\/09\/Challenge-Halloween-2020-scaled.jpg?fit=1200%2C1187&resize=700%2C400 2x, https:\/\/i0.wp.com\/www.jojoenherbe.com\/wp-content\/uploads\/2020\/09\/Challenge-Halloween-2020-scaled.jpg?fit=1200%2C1187&resize=1050%2C600 3x"},"classes":[]},{"id":7876,"url":"http:\/\/www.jojoenherbe.com\/index.php\/2019\/11\/08\/petit-recap-du-halloween-challenge-2019\/","url_meta":{"origin":7964,"position":3},"title":"Petit r\u00e9cap&rsquo; du Halloween Challenge 2019","author":"Jojo","date":"8 novembre 2019","format":false,"excerpt":"Pour clore le Halloween Challenge 2019 de Hilde et Lou, voici un petit r\u00e9cap' du mois \u00e9coul\u00e9 avec des lectures, bricolages, d\u00e9corations halloweenesques, etc. Un mois riche en d\u00e9couvertes, en \u00e9changes et partages avec les autres participants! Le challenge a d\u00e9but\u00e9 par un premier Hallow RAT du 27 septembre minuit\u2026","rel":"","context":"Dans &quot;Mini challenger&quot;","block_context":{"text":"Mini challenger","link":"http:\/\/www.jojoenherbe.com\/index.php\/category\/mini-challenger\/"},"img":{"alt_text":"","src":"https:\/\/i0.wp.com\/www.jojoenherbe.com\/wp-content\/uploads\/2019\/11\/Halloween-Challenge-2019.jpg?fit=1200%2C798&resize=350%2C200","width":350,"height":200,"srcset":"https:\/\/i0.wp.com\/www.jojoenherbe.com\/wp-content\/uploads\/2019\/11\/Halloween-Challenge-2019.jpg?fit=1200%2C798&resize=350%2C200 1x, https:\/\/i0.wp.com\/www.jojoenherbe.com\/wp-content\/uploads\/2019\/11\/Halloween-Challenge-2019.jpg?fit=1200%2C798&resize=525%2C300 1.5x, https:\/\/i0.wp.com\/www.jojoenherbe.com\/wp-content\/uploads\/2019\/11\/Halloween-Challenge-2019.jpg?fit=1200%2C798&resize=700%2C400 2x, https:\/\/i0.wp.com\/www.jojoenherbe.com\/wp-content\/uploads\/2019\/11\/Halloween-Challenge-2019.jpg?fit=1200%2C798&resize=1050%2C600 3x"},"classes":[]},{"id":7649,"url":"http:\/\/www.jojoenherbe.com\/index.php\/2019\/09\/27\/des-livres-pour-les-grands-et-les-petits-pour-le-halloween-rat-2019\/","url_meta":{"origin":7964,"position":4},"title":"Des livres pour les grands et les petits pour le Halloween RAT 2019","author":"Jojo","date":"27 septembre 2019","format":false,"excerpt":"Comme indiqu\u00e9 dans mon pr\u00e9c\u00e9dent article, le Halloween Challenge 2019 commence par un RAT (read-a-thon) ce jour jusqu'au 29 septembre 2019. Apr\u00e8s une pause dans ma lecture du Crime d'Halloween d'Agatha Christie, me revoil\u00e0 avec des albums, romans et BD jeunesse emprunt\u00e9s \u00e0 la biblioth\u00e8que sur le th\u00e8me des fant\u00f4mes\u2026","rel":"","context":"Dans &quot;Mini challenger&quot;","block_context":{"text":"Mini challenger","link":"http:\/\/www.jojoenherbe.com\/index.php\/category\/mini-challenger\/"},"img":{"alt_text":"","src":"https:\/\/i0.wp.com\/www.jojoenherbe.com\/wp-content\/uploads\/2019\/09\/Halloween-RAT-2.jpg?fit=1200%2C951&resize=350%2C200","width":350,"height":200,"srcset":"https:\/\/i0.wp.com\/www.jojoenherbe.com\/wp-content\/uploads\/2019\/09\/Halloween-RAT-2.jpg?fit=1200%2C951&resize=350%2C200 1x, https:\/\/i0.wp.com\/www.jojoenherbe.com\/wp-content\/uploads\/2019\/09\/Halloween-RAT-2.jpg?fit=1200%2C951&resize=525%2C300 1.5x, https:\/\/i0.wp.com\/www.jojoenherbe.com\/wp-content\/uploads\/2019\/09\/Halloween-RAT-2.jpg?fit=1200%2C951&resize=700%2C400 2x, https:\/\/i0.wp.com\/www.jojoenherbe.com\/wp-content\/uploads\/2019\/09\/Halloween-RAT-2.jpg?fit=1200%2C951&resize=1050%2C600 3x"},"classes":[]},{"id":8060,"url":"http:\/\/www.jojoenherbe.com\/index.php\/2019\/10\/24\/au-fil-des-pages-avec-la-sorciere-tambouille\/","url_meta":{"origin":7964,"position":5},"title":"Au fil des pages avec La sorci\u00e8re Tambouille","author":"Jojo","date":"24 octobre 2019","format":false,"excerpt":"Dans le cadre du second Hallow RAT 2019, nous lisons La sorci\u00e8re Tambouille de Magdalena Guirao-Jullien et Marianne Barcilon (\u00e9d.\u00a0 L'\u00c9cole des loisirs, 2018), un album jeunesse \u00e0 partir de 3 ans.\u00a0 Nous suivons une sorci\u00e8re d'une belle laideur, ind\u00e9pendante et passionn\u00e9e de cuisine. Mais elle est lasse de ne\u2026","rel":"","context":"Dans &quot;Mini lecteur&quot;","block_context":{"text":"Mini lecteur","link":"http:\/\/www.jojoenherbe.com\/index.php\/category\/mini-lecteur\/"},"img":{"alt_text":"","src":"https:\/\/i0.wp.com\/www.jojoenherbe.com\/wp-content\/uploads\/2019\/10\/La-sorci%C3%A8re-Tambouille.jpg?fit=1200%2C1101&resize=350%2C200","width":350,"height":200,"srcset":"https:\/\/i0.wp.com\/www.jojoenherbe.com\/wp-content\/uploads\/2019\/10\/La-sorci%C3%A8re-Tambouille.jpg?fit=1200%2C1101&resize=350%2C200 1x, https:\/\/i0.wp.com\/www.jojoenherbe.com\/wp-content\/uploads\/2019\/10\/La-sorci%C3%A8re-Tambouille.jpg?fit=1200%2C1101&resize=525%2C300 1.5x, https:\/\/i0.wp.com\/www.jojoenherbe.com\/wp-content\/uploads\/2019\/10\/La-sorci%C3%A8re-Tambouille.jpg?fit=1200%2C1101&resize=700%2C400 2x, https:\/\/i0.wp.com\/www.jojoenherbe.com\/wp-content\/uploads\/2019\/10\/La-sorci%C3%A8re-Tambouille.jpg?fit=1200%2C1101&resize=1050%2C600 3x"},"classes":[]}],"_links":{"self":[{"href":"http:\/\/www.jojoenherbe.com\/index.php\/wp-json\/wp\/v2\/posts\/7964","targetHints":{"allow":["GET"]}}],"collection":[{"href":"http:\/\/www.jojoenherbe.com\/index.php\/wp-json\/wp\/v2\/posts"}],"about":[{"href":"http:\/\/www.jojoenherbe.com\/index.php\/wp-json\/wp\/v2\/types\/post"}],"author":[{"embeddable":true,"href":"http:\/\/www.jojoenherbe.com\/index.php\/wp-json\/wp\/v2\/users\/1"}],"replies":[{"embeddable":true,"href":"http:\/\/www.jojoenherbe.com\/index.php\/wp-json\/wp\/v2\/comments?post=7964"}],"version-history":[{"count":3,"href":"http:\/\/www.jojoenherbe.com\/index.php\/wp-json\/wp\/v2\/posts\/7964\/revisions"}],"predecessor-version":[{"id":27782,"href":"http:\/\/www.jojoenherbe.com\/index.php\/wp-json\/wp\/v2\/posts\/7964\/revisions\/27782"}],"wp:featuredmedia":[{"embeddable":true,"href":"http:\/\/www.jojoenherbe.com\/index.php\/wp-json\/wp\/v2\/media\/7966"}],"wp:attachment":[{"href":"http:\/\/www.jojoenherbe.com\/index.php\/wp-json\/wp\/v2\/media?parent=7964"}],"wp:term":[{"taxonomy":"category","embeddable":true,"href":"http:\/\/www.jojoenherbe.com\/index.php\/wp-json\/wp\/v2\/categories?post=7964"},{"taxonomy":"post_tag","embeddable":true,"href":"http:\/\/www.jojoenherbe.com\/index.php\/wp-json\/wp\/v2\/tags?post=7964"}],"curies":[{"name":"wp","href":"https:\/\/api.w.org\/{rel}","templated":true}]}}