{"id":7891,"date":"2019-10-08T15:13:45","date_gmt":"2019-10-08T13:13:45","guid":{"rendered":"http:\/\/www.jojoenherbe.com\/?p=7891"},"modified":"2021-01-26T09:13:16","modified_gmt":"2021-01-26T08:13:16","slug":"au-fil-des-pages-avec-le-petit-jardinier","status":"publish","type":"post","link":"http:\/\/www.jojoenherbe.com\/index.php\/2019\/10\/08\/au-fil-des-pages-avec-le-petit-jardinier\/","title":{"rendered":"Au fil des pages avec Le petit jardinier"},"content":{"rendered":"<p style=\"text-align: justify;\"><em><a href=\"https:\/\/i0.wp.com\/www.jojoenherbe.com\/wp-content\/uploads\/2019\/10\/Le-petit-jardinier-2.jpg\"><img data-recalc-dims=\"1\" loading=\"lazy\" decoding=\"async\" data-attachment-id=\"7893\" data-permalink=\"http:\/\/www.jojoenherbe.com\/index.php\/2019\/10\/08\/au-fil-des-pages-avec-le-petit-jardinier\/le-petit-jardinier-2\/\" data-orig-file=\"https:\/\/i0.wp.com\/www.jojoenherbe.com\/wp-content\/uploads\/2019\/10\/Le-petit-jardinier-2.jpg?fit=3264%2C1950\" data-orig-size=\"3264,1950\" data-comments-opened=\"1\" data-image-meta=\"{&quot;aperture&quot;:&quot;2.4&quot;,&quot;credit&quot;:&quot;&quot;,&quot;camera&quot;:&quot;iPhone 4S&quot;,&quot;caption&quot;:&quot;&quot;,&quot;created_timestamp&quot;:&quot;1570532544&quot;,&quot;copyright&quot;:&quot;&quot;,&quot;focal_length&quot;:&quot;4.28&quot;,&quot;iso&quot;:&quot;320&quot;,&quot;shutter_speed&quot;:&quot;0.05&quot;,&quot;title&quot;:&quot;&quot;,&quot;orientation&quot;:&quot;1&quot;}\" data-image-title=\"Le petit jardinier 2\" data-image-description=\"\" data-image-caption=\"\" data-large-file=\"https:\/\/i0.wp.com\/www.jojoenherbe.com\/wp-content\/uploads\/2019\/10\/Le-petit-jardinier-2.jpg?fit=676%2C404\" class=\"alignleft size-thumbnail wp-image-7893\" src=\"https:\/\/i0.wp.com\/www.jojoenherbe.com\/wp-content\/uploads\/2019\/10\/Le-petit-jardinier-2.jpg?resize=150%2C150\" alt=\"\" width=\"150\" height=\"150\" srcset=\"https:\/\/i0.wp.com\/www.jojoenherbe.com\/wp-content\/uploads\/2019\/10\/Le-petit-jardinier-2.jpg?resize=150%2C150 150w, https:\/\/i0.wp.com\/www.jojoenherbe.com\/wp-content\/uploads\/2019\/10\/Le-petit-jardinier-2.jpg?zoom=2&amp;resize=150%2C150 300w, https:\/\/i0.wp.com\/www.jojoenherbe.com\/wp-content\/uploads\/2019\/10\/Le-petit-jardinier-2.jpg?zoom=3&amp;resize=150%2C150 450w\" sizes=\"auto, (max-width: 150px) 100vw, 150px\" \/><\/a> <a href=\"https:\/\/i0.wp.com\/www.jojoenherbe.com\/wp-content\/uploads\/2019\/10\/Le-petit-jardinier-3.jpg\"><img data-recalc-dims=\"1\" loading=\"lazy\" decoding=\"async\" data-attachment-id=\"7894\" data-permalink=\"http:\/\/www.jojoenherbe.com\/index.php\/2019\/10\/08\/au-fil-des-pages-avec-le-petit-jardinier\/le-petit-jardinier-3\/\" data-orig-file=\"https:\/\/i0.wp.com\/www.jojoenherbe.com\/wp-content\/uploads\/2019\/10\/Le-petit-jardinier-3.jpg?fit=3264%2C2037\" data-orig-size=\"3264,2037\" data-comments-opened=\"1\" data-image-meta=\"{&quot;aperture&quot;:&quot;2.4&quot;,&quot;credit&quot;:&quot;&quot;,&quot;camera&quot;:&quot;iPhone 4S&quot;,&quot;caption&quot;:&quot;&quot;,&quot;created_timestamp&quot;:&quot;1570532585&quot;,&quot;copyright&quot;:&quot;&quot;,&quot;focal_length&quot;:&quot;4.28&quot;,&quot;iso&quot;:&quot;320&quot;,&quot;shutter_speed&quot;:&quot;0.05&quot;,&quot;title&quot;:&quot;&quot;,&quot;orientation&quot;:&quot;1&quot;}\" data-image-title=\"Le petit jardinier 3\" data-image-description=\"\" data-image-caption=\"\" data-large-file=\"https:\/\/i0.wp.com\/www.jojoenherbe.com\/wp-content\/uploads\/2019\/10\/Le-petit-jardinier-3.jpg?fit=676%2C422\" class=\"alignleft size-thumbnail wp-image-7894\" src=\"https:\/\/i0.wp.com\/www.jojoenherbe.com\/wp-content\/uploads\/2019\/10\/Le-petit-jardinier-3.jpg?resize=150%2C150\" alt=\"\" width=\"150\" height=\"150\" srcset=\"https:\/\/i0.wp.com\/www.jojoenherbe.com\/wp-content\/uploads\/2019\/10\/Le-petit-jardinier-3.jpg?resize=150%2C150 150w, https:\/\/i0.wp.com\/www.jojoenherbe.com\/wp-content\/uploads\/2019\/10\/Le-petit-jardinier-3.jpg?zoom=2&amp;resize=150%2C150 300w, https:\/\/i0.wp.com\/www.jojoenherbe.com\/wp-content\/uploads\/2019\/10\/Le-petit-jardinier-3.jpg?zoom=3&amp;resize=150%2C150 450w\" sizes=\"auto, (max-width: 150px) 100vw, 150px\" \/><\/a>Nous empruntons \u00e0 la biblioth\u00e8que <span style=\"text-decoration: underline;\">Le petit jardinier<\/span> de Lars Klinting (\u00e9d. Albin Michel Jeunesse, 1999). Nous suivons, \u00e9tape par \u00e9tape, Castor et Petit Castor qui font pousser des haricots blancs. <\/em><\/p>\n<p style=\"text-align: justify;\"><em>Cet album jeunesse d\u00e9crit en d\u00e9tails le processus de plantation des graines: le manuel de l&rsquo;Oncle Samson, le mat\u00e9riel \u00e0 utiliser, la longue attente de germination, les premi\u00e8res pousses jusqu&rsquo;\u00e0 la d\u00e9gustation d&rsquo;un bon petit plat! Sans oublier par exemple de montrer que parfois toutes les graines ne germent pas, ce qui nous rappelle l&rsquo;histoire de <a href=\"http:\/\/www.jojoenherbe.com\/index.php\/2019\/06\/25\/au-fil-des-pages-avec-dix-petites-graines\/\"><span style=\"text-decoration: underline;\">Dix petites graines<\/span><\/a> et le cycle de la plante. Cet album jeunesse\u00a0 pourra lui-m\u00eame servir de guide pour planter des lentilles pour No\u00ebl!<br \/>\n<\/em><\/p>\n<div style=\"width: 163px\" class=\"wp-caption alignleft\"><img data-recalc-dims=\"1\" loading=\"lazy\" decoding=\"async\" class=\"\" src=\"https:\/\/i0.wp.com\/delivrer-des-livres.fr\/wp-content\/uploads\/2019\/05\/logoalbums2019.png?resize=153%2C153\" alt=\"\" width=\"153\" height=\"153\" \/><p class=\"wp-caption-text\">Participation #63 <a href=\"http:\/\/delivrer-des-livres.fr\/challenge-albums-2019\/\">Je lis aussi des albums<\/a><\/p><\/div>\n<div id=\"attachment_33643\" style=\"width: 186px\" class=\"wp-caption alignleft\"><img data-recalc-dims=\"1\" loading=\"lazy\" decoding=\"async\" aria-describedby=\"caption-attachment-33643\" class=\"wp-image-33643\" src=\"https:\/\/i0.wp.com\/delivrer-des-livres.fr\/wp-content\/uploads\/2019\/01\/petit-bac-2019.jpg?resize=176%2C134\" sizes=\"auto, (max-width: 200px) 100vw, 200px\" srcset=\"http:\/\/delivrer-des-livres.fr\/wp-content\/uploads\/2019\/01\/petit-bac-2019.jpg 285w, http:\/\/delivrer-des-livres.fr\/wp-content\/uploads\/2019\/01\/petit-bac-2019-150x114.jpg 150w\" alt=\"\" width=\"176\" height=\"134\" \/><p id=\"caption-attachment-33643\" class=\"wp-caption-text\"><a href=\"https:\/\/ennalit.wordpress.com\/2018\/12\/01\/challenge-petit-bac-2019-qui-veut-jouer\/\">Challenge Petit Bac d&rsquo;Enna<\/a> &#8211; #10 cat\u00e9gorie M\u00e9tier: \u00ab\u00a0Jardinier\u00a0\u00bb<\/p><\/div>\n","protected":false},"excerpt":{"rendered":"<p>Nous empruntons \u00e0 la biblioth\u00e8que Le petit jardinier de Lars Klinting (\u00e9d. Albin Michel Jeunesse, 1999). Nous suivons, \u00e9tape par \u00e9tape, Castor et Petit Castor qui font pousser des haricots blancs. Cet album jeunesse d\u00e9crit en d\u00e9tails le processus de plantation des graines: le manuel de l&rsquo;Oncle Samson, le mat\u00e9riel \u00e0 utiliser, la longue attente [&hellip;]<\/p>\n","protected":false},"author":1,"featured_media":7895,"comment_status":"open","ping_status":"open","sticky":false,"template":"","format":"standard","meta":{"jetpack_post_was_ever_published":false,"_jetpack_newsletter_access":"","_jetpack_dont_email_post_to_subs":false,"_jetpack_newsletter_tier_id":0,"_jetpack_memberships_contains_paywalled_content":false,"_jetpack_memberships_contains_paid_content":false,"footnotes":""},"categories":[363],"tags":[785,409,879,1349,674,878,673,1423,1350,1424,367,880],"class_list":["post-7891","post","type-post","status-publish","format-standard","has-post-thumbnail","hentry","category-mini-lecteur","tag-3-6-ans","tag-albums-jeunesse","tag-castor","tag-challenge-petit-bac-2019","tag-cycle-de-la-plante","tag-haricot","tag-jardinage","tag-jardinier","tag-je-lis-aussi-des-albums-2019","tag-lars-klinting","tag-lecture-jeunesse","tag-plantes","post-preview"],"jetpack_featured_media_url":"https:\/\/i0.wp.com\/www.jojoenherbe.com\/wp-content\/uploads\/2019\/10\/Le-petit-jardinier.jpg?fit=2891%2C2081","jetpack_sharing_enabled":true,"jetpack_shortlink":"https:\/\/wp.me\/p9zhGx-23h","jetpack_likes_enabled":true,"jetpack-related-posts":[{"id":10955,"url":"http:\/\/www.jojoenherbe.com\/index.php\/2020\/05\/13\/au-fil-des-pages-avec-le-secret-du-potager\/","url_meta":{"origin":7891,"position":0},"title":"Au fil des pages avec Le secret du potager","author":"Jojo","date":"13 mai 2020","format":false,"excerpt":"Nous lisons Le secret du potager de Luc Foccroulle et Annick Masson (\u00e9d. Mijade, r\u00e9\u00e9d. 2018), un album jeunesse \u00e0 partir de 3 ans. Lili n'est pas ravie \u00e0 l'id\u00e9e de passer ses vacances chez son grand-p\u00e8re \u00e0 la campagne. Elle r\u00eave de plage et \u00e0 la place, il n'est\u2026","rel":"","context":"Dans &quot;Mini lecteur&quot;","block_context":{"text":"Mini lecteur","link":"http:\/\/www.jojoenherbe.com\/index.php\/category\/mini-lecteur\/"},"img":{"alt_text":"","src":"https:\/\/i0.wp.com\/www.jojoenherbe.com\/wp-content\/uploads\/2020\/05\/Le-secret-du-potager-scaled.jpg?fit=1200%2C655&resize=350%2C200","width":350,"height":200,"srcset":"https:\/\/i0.wp.com\/www.jojoenherbe.com\/wp-content\/uploads\/2020\/05\/Le-secret-du-potager-scaled.jpg?fit=1200%2C655&resize=350%2C200 1x, https:\/\/i0.wp.com\/www.jojoenherbe.com\/wp-content\/uploads\/2020\/05\/Le-secret-du-potager-scaled.jpg?fit=1200%2C655&resize=525%2C300 1.5x, https:\/\/i0.wp.com\/www.jojoenherbe.com\/wp-content\/uploads\/2020\/05\/Le-secret-du-potager-scaled.jpg?fit=1200%2C655&resize=700%2C400 2x, https:\/\/i0.wp.com\/www.jojoenherbe.com\/wp-content\/uploads\/2020\/05\/Le-secret-du-potager-scaled.jpg?fit=1200%2C655&resize=1050%2C600 3x"},"classes":[]},{"id":11785,"url":"http:\/\/www.jojoenherbe.com\/index.php\/2020\/09\/02\/au-fil-des-pages-avec-le-jardin-voyageur\/","url_meta":{"origin":7891,"position":1},"title":"Au fil des pages avec Le jardin voyageur","author":"Jojo","date":"2 septembre 2020","format":false,"excerpt":"Nous lisons depuis plusieurs semaines Le jardin voyageur de Peter Brown (\u00e9d. NordSud, 2010), un album jeunesse \u00e0 partir de 3 ans. Alors qu'il se prom\u00e8ne sous la pluie dans les rues d'une ville morne et grise, Liam, un petit gar\u00e7on d\u00e9couvre sur une portion d'une ancienne voie ferr\u00e9e un\u2026","rel":"","context":"Dans &quot;Mini lecteur&quot;","block_context":{"text":"Mini lecteur","link":"http:\/\/www.jojoenherbe.com\/index.php\/category\/mini-lecteur\/"},"img":{"alt_text":"","src":"https:\/\/i0.wp.com\/www.jojoenherbe.com\/wp-content\/uploads\/2020\/08\/Le-jardin-voyageur-scaled.jpg?fit=1200%2C900&resize=350%2C200","width":350,"height":200,"srcset":"https:\/\/i0.wp.com\/www.jojoenherbe.com\/wp-content\/uploads\/2020\/08\/Le-jardin-voyageur-scaled.jpg?fit=1200%2C900&resize=350%2C200 1x, https:\/\/i0.wp.com\/www.jojoenherbe.com\/wp-content\/uploads\/2020\/08\/Le-jardin-voyageur-scaled.jpg?fit=1200%2C900&resize=525%2C300 1.5x, https:\/\/i0.wp.com\/www.jojoenherbe.com\/wp-content\/uploads\/2020\/08\/Le-jardin-voyageur-scaled.jpg?fit=1200%2C900&resize=700%2C400 2x, https:\/\/i0.wp.com\/www.jojoenherbe.com\/wp-content\/uploads\/2020\/08\/Le-jardin-voyageur-scaled.jpg?fit=1200%2C900&resize=1050%2C600 3x"},"classes":[]},{"id":7120,"url":"http:\/\/www.jojoenherbe.com\/index.php\/2019\/08\/19\/au-fil-des-pages-avec-ptit-loup-apprend-a-jardiner\/","url_meta":{"origin":7891,"position":2},"title":"Au fil des pages avec P&rsquo;tit Loup apprend \u00e0 jardiner","author":"Jojo","date":"19 ao\u00fbt 2019","format":false,"excerpt":"Nous lisons une nouvelle histoire de P'tit Loup. Cette fois-ci, il s'agit de P'tit Loup apprend \u00e0 jardiner d'Orianne Lallemand et d\u2019\u00c9l\u00e9onore Thuillier (\u00e9d. Auzou \u00e9veil, 2018), un album jeunesse \u00e0 partir de 2\/3 ans: P'tit Loup apprend les rudiments du jardinage avec son p\u00e8re. Que de complicit\u00e9 entre les\u2026","rel":"","context":"Dans &quot;mini jardinier&quot;","block_context":{"text":"mini jardinier","link":"http:\/\/www.jojoenherbe.com\/index.php\/category\/mini-decouvreur\/mini-jardinier\/"},"img":{"alt_text":"","src":"https:\/\/i0.wp.com\/www.jojoenherbe.com\/wp-content\/uploads\/2019\/08\/Ptit-Loup-apprend-%C3%A0-jardiner.jpg?fit=1200%2C900&resize=350%2C200","width":350,"height":200,"srcset":"https:\/\/i0.wp.com\/www.jojoenherbe.com\/wp-content\/uploads\/2019\/08\/Ptit-Loup-apprend-%C3%A0-jardiner.jpg?fit=1200%2C900&resize=350%2C200 1x, https:\/\/i0.wp.com\/www.jojoenherbe.com\/wp-content\/uploads\/2019\/08\/Ptit-Loup-apprend-%C3%A0-jardiner.jpg?fit=1200%2C900&resize=525%2C300 1.5x, https:\/\/i0.wp.com\/www.jojoenherbe.com\/wp-content\/uploads\/2019\/08\/Ptit-Loup-apprend-%C3%A0-jardiner.jpg?fit=1200%2C900&resize=700%2C400 2x, https:\/\/i0.wp.com\/www.jojoenherbe.com\/wp-content\/uploads\/2019\/08\/Ptit-Loup-apprend-%C3%A0-jardiner.jpg?fit=1200%2C900&resize=1050%2C600 3x"},"classes":[]},{"id":19858,"url":"http:\/\/www.jojoenherbe.com\/index.php\/2021\/07\/26\/au-fil-des-pages-avec-lours-lelan-et-le-castor\/","url_meta":{"origin":7891,"position":3},"title":"Au fil des pages avec l&rsquo;ours, l&rsquo;\u00e9lan et le castor","author":"Jojo","date":"26 juillet 2021","format":false,"excerpt":"Depuis le mois dernier, nous lisons tr\u00e8s r\u00e9guli\u00e8rement une s\u00e9rie livresque rigolote mettant en sc\u00e8ne un ours, un \u00e9lan et un castor de Nicholas Oldland, un auteur\/illustrateur canadien. Nous en avons lu 4 de cette s\u00e9rie d'albums jeunesse \u00e0 partir de 3 ans. Les rameurs Nous avons commenc\u00e9 par Les\u2026","rel":"","context":"Dans &quot;Mini lecteur&quot;","block_context":{"text":"Mini lecteur","link":"http:\/\/www.jojoenherbe.com\/index.php\/category\/mini-lecteur\/"},"img":{"alt_text":"","src":"https:\/\/i0.wp.com\/www.jojoenherbe.com\/wp-content\/uploads\/2021\/07\/Albums-jeunesse-Nicholas-Oldland-scaled.jpg?fit=1200%2C954&resize=350%2C200","width":350,"height":200,"srcset":"https:\/\/i0.wp.com\/www.jojoenherbe.com\/wp-content\/uploads\/2021\/07\/Albums-jeunesse-Nicholas-Oldland-scaled.jpg?fit=1200%2C954&resize=350%2C200 1x, https:\/\/i0.wp.com\/www.jojoenherbe.com\/wp-content\/uploads\/2021\/07\/Albums-jeunesse-Nicholas-Oldland-scaled.jpg?fit=1200%2C954&resize=525%2C300 1.5x, https:\/\/i0.wp.com\/www.jojoenherbe.com\/wp-content\/uploads\/2021\/07\/Albums-jeunesse-Nicholas-Oldland-scaled.jpg?fit=1200%2C954&resize=700%2C400 2x, https:\/\/i0.wp.com\/www.jojoenherbe.com\/wp-content\/uploads\/2021\/07\/Albums-jeunesse-Nicholas-Oldland-scaled.jpg?fit=1200%2C954&resize=1050%2C600 3x"},"classes":[]},{"id":9780,"url":"http:\/\/www.jojoenherbe.com\/index.php\/2020\/01\/26\/au-fil-des-pages-avec-les-bons-amis\/","url_meta":{"origin":7891,"position":4},"title":"Au fil des pages avec Les bons amis","author":"Jojo","date":"26 janvier 2020","format":false,"excerpt":"Nous empruntons \u00e0 la biblioth\u00e8que Les bons amis de Paul Fran\u00e7ois et Gerda Muller (\u00e9d. P\u00e8re Castor Flammarion, r\u00e9\u00e9d. 1996), un album jeunesse \u00e0 partir de 3 ans, d'apr\u00e8s un conte chinois. En plein hiver, un lapin gris d\u00e9couvre deux carottes sous la neige. Il en mange une et d\u00e9cide\u2026","rel":"","context":"Dans &quot;Mini lecteur&quot;","block_context":{"text":"Mini lecteur","link":"http:\/\/www.jojoenherbe.com\/index.php\/category\/mini-lecteur\/"},"img":{"alt_text":"","src":"https:\/\/i0.wp.com\/www.jojoenherbe.com\/wp-content\/uploads\/2020\/01\/Les-bons-amis-scaled.jpg?fit=1200%2C978&resize=350%2C200","width":350,"height":200,"srcset":"https:\/\/i0.wp.com\/www.jojoenherbe.com\/wp-content\/uploads\/2020\/01\/Les-bons-amis-scaled.jpg?fit=1200%2C978&resize=350%2C200 1x, https:\/\/i0.wp.com\/www.jojoenherbe.com\/wp-content\/uploads\/2020\/01\/Les-bons-amis-scaled.jpg?fit=1200%2C978&resize=525%2C300 1.5x, https:\/\/i0.wp.com\/www.jojoenherbe.com\/wp-content\/uploads\/2020\/01\/Les-bons-amis-scaled.jpg?fit=1200%2C978&resize=700%2C400 2x, https:\/\/i0.wp.com\/www.jojoenherbe.com\/wp-content\/uploads\/2020\/01\/Les-bons-amis-scaled.jpg?fit=1200%2C978&resize=1050%2C600 3x"},"classes":[]},{"id":9503,"url":"http:\/\/www.jojoenherbe.com\/index.php\/2020\/01\/09\/au-fil-des-pages-avec-la-galette-des-rois\/","url_meta":{"origin":7891,"position":5},"title":"Au fil des pages avec la galette des rois","author":"Jojo","date":"9 janvier 2020","format":false,"excerpt":"Cette ann\u00e9e, nous rajoutons dans nos lectures deux albums jeunesse sur le th\u00e8me de la galette des rois, apr\u00e8s avoir relu les trois ressortis de notre biblioth\u00e8que: P'tit Loup est le roi de la galette, Loup Gouloup et la lune et Petit Lapin Blanc et la galette des rois. Ces\u2026","rel":"","context":"Dans &quot;Mini lecteur&quot;","block_context":{"text":"Mini lecteur","link":"http:\/\/www.jojoenherbe.com\/index.php\/category\/mini-lecteur\/"},"img":{"alt_text":"","src":"https:\/\/i0.wp.com\/www.jojoenherbe.com\/wp-content\/uploads\/2020\/01\/Albums-jeunesse-Galette-des-rois-3-scaled.jpg?fit=1200%2C853&resize=350%2C200","width":350,"height":200,"srcset":"https:\/\/i0.wp.com\/www.jojoenherbe.com\/wp-content\/uploads\/2020\/01\/Albums-jeunesse-Galette-des-rois-3-scaled.jpg?fit=1200%2C853&resize=350%2C200 1x, https:\/\/i0.wp.com\/www.jojoenherbe.com\/wp-content\/uploads\/2020\/01\/Albums-jeunesse-Galette-des-rois-3-scaled.jpg?fit=1200%2C853&resize=525%2C300 1.5x, https:\/\/i0.wp.com\/www.jojoenherbe.com\/wp-content\/uploads\/2020\/01\/Albums-jeunesse-Galette-des-rois-3-scaled.jpg?fit=1200%2C853&resize=700%2C400 2x, https:\/\/i0.wp.com\/www.jojoenherbe.com\/wp-content\/uploads\/2020\/01\/Albums-jeunesse-Galette-des-rois-3-scaled.jpg?fit=1200%2C853&resize=1050%2C600 3x"},"classes":[]}],"_links":{"self":[{"href":"http:\/\/www.jojoenherbe.com\/index.php\/wp-json\/wp\/v2\/posts\/7891","targetHints":{"allow":["GET"]}}],"collection":[{"href":"http:\/\/www.jojoenherbe.com\/index.php\/wp-json\/wp\/v2\/posts"}],"about":[{"href":"http:\/\/www.jojoenherbe.com\/index.php\/wp-json\/wp\/v2\/types\/post"}],"author":[{"embeddable":true,"href":"http:\/\/www.jojoenherbe.com\/index.php\/wp-json\/wp\/v2\/users\/1"}],"replies":[{"embeddable":true,"href":"http:\/\/www.jojoenherbe.com\/index.php\/wp-json\/wp\/v2\/comments?post=7891"}],"version-history":[{"count":0,"href":"http:\/\/www.jojoenherbe.com\/index.php\/wp-json\/wp\/v2\/posts\/7891\/revisions"}],"wp:featuredmedia":[{"embeddable":true,"href":"http:\/\/www.jojoenherbe.com\/index.php\/wp-json\/wp\/v2\/media\/7895"}],"wp:attachment":[{"href":"http:\/\/www.jojoenherbe.com\/index.php\/wp-json\/wp\/v2\/media?parent=7891"}],"wp:term":[{"taxonomy":"category","embeddable":true,"href":"http:\/\/www.jojoenherbe.com\/index.php\/wp-json\/wp\/v2\/categories?post=7891"},{"taxonomy":"post_tag","embeddable":true,"href":"http:\/\/www.jojoenherbe.com\/index.php\/wp-json\/wp\/v2\/tags?post=7891"}],"curies":[{"name":"wp","href":"https:\/\/api.w.org\/{rel}","templated":true}]}}