{"id":7876,"date":"2019-11-08T10:31:07","date_gmt":"2019-11-08T09:31:07","guid":{"rendered":"http:\/\/www.jojoenherbe.com\/?p=7876"},"modified":"2019-11-08T21:09:41","modified_gmt":"2019-11-08T20:09:41","slug":"petit-recap-du-halloween-challenge-2019","status":"publish","type":"post","link":"http:\/\/www.jojoenherbe.com\/index.php\/2019\/11\/08\/petit-recap-du-halloween-challenge-2019\/","title":{"rendered":"Petit r\u00e9cap&rsquo; du Halloween Challenge 2019"},"content":{"rendered":"<div id=\"attachment_25301\" style=\"width: 192px\" class=\"wp-caption alignright\"><img data-recalc-dims=\"1\" loading=\"lazy\" decoding=\"async\" aria-describedby=\"caption-attachment-25301\" class=\"wp-image-25301\" src=\"https:\/\/i0.wp.com\/www.myloubook.com\/wp-content\/uploads\/2019\/09\/logo-halloween-2019-candles.jpg?resize=182%2C123\" sizes=\"auto, (max-width: 1000px) 100vw, 1000px\" srcset=\"http:\/\/www.myloubook.com\/wp-content\/uploads\/2019\/09\/logo-halloween-2019-candles.jpg 1000w, http:\/\/www.myloubook.com\/wp-content\/uploads\/2019\/09\/logo-halloween-2019-candles-300x203.jpg 300w, http:\/\/www.myloubook.com\/wp-content\/uploads\/2019\/09\/logo-halloween-2019-candles-768x519.jpg 768w\" alt=\"\" width=\"182\" height=\"123\" \/><p id=\"caption-attachment-25301\" class=\"wp-caption-text\">Challenge Halloween 2019 de <a href=\"http:\/\/www.lelivroblog.fr\/archive\/2019\/09\/26\/le-recapitulatif-du-challenge-halloween-2019-6178421.html\">Hilde<\/a> et <a href=\"http:\/\/www.myloubook.com\/2019\/09\/28\/challenge-halloween-2019-10-ans-billet-recapitulatif\/\">Lou<\/a><\/p><\/div>\n<p style=\"text-align: justify;\"><em>Pour clore le Halloween Challenge 2019 de Hilde et Lou, voici un petit r\u00e9cap&rsquo; du mois \u00e9coul\u00e9 avec des lectures, bricolages, d\u00e9corations halloweenesques, etc. Un mois riche en d\u00e9couvertes, en \u00e9changes et partages avec les autres participants!<\/em><\/p>\n<p style=\"text-align: justify;\"><em><a href=\"https:\/\/i0.wp.com\/www.jojoenherbe.com\/wp-content\/uploads\/2019\/09\/Halloween-RAT.jpg\"><img data-recalc-dims=\"1\" loading=\"lazy\" decoding=\"async\" data-attachment-id=\"7638\" data-permalink=\"http:\/\/www.jojoenherbe.com\/index.php\/2019\/09\/27\/challenge-halloween-2019\/halloween-rat\/\" data-orig-file=\"https:\/\/i0.wp.com\/www.jojoenherbe.com\/wp-content\/uploads\/2019\/09\/Halloween-RAT.jpg?fit=3174%2C2240\" data-orig-size=\"3174,2240\" data-comments-opened=\"1\" data-image-meta=\"{&quot;aperture&quot;:&quot;2.4&quot;,&quot;credit&quot;:&quot;&quot;,&quot;camera&quot;:&quot;iPhone 4S&quot;,&quot;caption&quot;:&quot;&quot;,&quot;created_timestamp&quot;:&quot;1569578675&quot;,&quot;copyright&quot;:&quot;&quot;,&quot;focal_length&quot;:&quot;4.28&quot;,&quot;iso&quot;:&quot;800&quot;,&quot;shutter_speed&quot;:&quot;0.066666666666667&quot;,&quot;title&quot;:&quot;&quot;,&quot;orientation&quot;:&quot;1&quot;}\" data-image-title=\"Halloween RAT\" data-image-description=\"\" data-image-caption=\"\" data-large-file=\"https:\/\/i0.wp.com\/www.jojoenherbe.com\/wp-content\/uploads\/2019\/09\/Halloween-RAT.jpg?fit=676%2C477\" class=\"alignleft wp-image-7638 size-thumbnail\" src=\"https:\/\/i0.wp.com\/www.jojoenherbe.com\/wp-content\/uploads\/2019\/09\/Halloween-RAT.jpg?resize=150%2C150\" alt=\"\" width=\"150\" height=\"150\" srcset=\"https:\/\/i0.wp.com\/www.jojoenherbe.com\/wp-content\/uploads\/2019\/09\/Halloween-RAT.jpg?resize=150%2C150 150w, https:\/\/i0.wp.com\/www.jojoenherbe.com\/wp-content\/uploads\/2019\/09\/Halloween-RAT.jpg?zoom=2&amp;resize=150%2C150 300w, https:\/\/i0.wp.com\/www.jojoenherbe.com\/wp-content\/uploads\/2019\/09\/Halloween-RAT.jpg?zoom=3&amp;resize=150%2C150 450w\" sizes=\"auto, (max-width: 150px) 100vw, 150px\" \/><\/a> <a href=\"https:\/\/i0.wp.com\/www.jojoenherbe.com\/wp-content\/uploads\/2019\/09\/Halloween-RAT-2.jpg\"><img data-recalc-dims=\"1\" loading=\"lazy\" decoding=\"async\" data-attachment-id=\"7650\" data-permalink=\"http:\/\/www.jojoenherbe.com\/index.php\/2019\/09\/27\/des-livres-pour-les-grands-et-les-petits-pour-le-halloween-rat-2019\/halloween-rat-2-2\/\" data-orig-file=\"https:\/\/i0.wp.com\/www.jojoenherbe.com\/wp-content\/uploads\/2019\/09\/Halloween-RAT-2.jpg?fit=3058%2C2423\" data-orig-size=\"3058,2423\" data-comments-opened=\"1\" data-image-meta=\"{&quot;aperture&quot;:&quot;2.4&quot;,&quot;credit&quot;:&quot;&quot;,&quot;camera&quot;:&quot;iPhone 4S&quot;,&quot;caption&quot;:&quot;&quot;,&quot;created_timestamp&quot;:&quot;1569597201&quot;,&quot;copyright&quot;:&quot;&quot;,&quot;focal_length&quot;:&quot;4.28&quot;,&quot;iso&quot;:&quot;400&quot;,&quot;shutter_speed&quot;:&quot;0.066666666666667&quot;,&quot;title&quot;:&quot;&quot;,&quot;orientation&quot;:&quot;1&quot;}\" data-image-title=\"Halloween RAT 2\" data-image-description=\"\" data-image-caption=\"\" data-large-file=\"https:\/\/i0.wp.com\/www.jojoenherbe.com\/wp-content\/uploads\/2019\/09\/Halloween-RAT-2.jpg?fit=676%2C535\" class=\"alignleft wp-image-7650 size-thumbnail\" src=\"https:\/\/i0.wp.com\/www.jojoenherbe.com\/wp-content\/uploads\/2019\/09\/Halloween-RAT-2.jpg?resize=150%2C150\" alt=\"\" width=\"150\" height=\"150\" srcset=\"https:\/\/i0.wp.com\/www.jojoenherbe.com\/wp-content\/uploads\/2019\/09\/Halloween-RAT-2.jpg?resize=150%2C150 150w, https:\/\/i0.wp.com\/www.jojoenherbe.com\/wp-content\/uploads\/2019\/09\/Halloween-RAT-2.jpg?zoom=2&amp;resize=150%2C150 300w, https:\/\/i0.wp.com\/www.jojoenherbe.com\/wp-content\/uploads\/2019\/09\/Halloween-RAT-2.jpg?zoom=3&amp;resize=150%2C150 450w\" sizes=\"auto, (max-width: 150px) 100vw, 150px\" \/><\/a>Le challenge a d\u00e9but\u00e9 par un <a href=\"http:\/\/www.jojoenherbe.com\/index.php\/2019\/09\/27\/des-livres-pour-les-grands-et-les-petits-pour-le-halloween-rat-2019\/\">premier Hallow RAT<\/a> du 27 septembre minuit au 29 septembre 2019. Lors de ce RAT, nous avons surtout lu des albums jeunesse comme <a href=\"http:\/\/www.jojoenherbe.com\/index.php\/2019\/10\/02\/au-fil-des-pages-avec-merci-fantominus\/\"><span style=\"text-decoration: underline;\">Merci Fant\u00f4minus!<\/span><\/a> de Brigitte Weninger et \u00c8ve Tharlet, <a href=\"http:\/\/www.jojoenherbe.com\/index.php\/2019\/09\/28\/au-fil-des-pages-avec-une-maison-a-hanter\/\"><span style=\"text-decoration: underline;\">Une maison \u00e0 hanter<\/span><\/a> de Morgane de Cadier et Florian Pig\u00e9 et <a href=\"http:\/\/www.jojoenherbe.com\/index.php\/2019\/10\/05\/au-fil-des-pages-avec-oscar-le-fantome\/\"><span style=\"text-decoration: underline;\">Oscar le fant\u00f4me<\/span><\/a> d\u2019Andr\u00e9 Bouchard. J&rsquo;ai \u00e9galement un roman jeunesse: <a href=\"http:\/\/www.jojoenherbe.com\/index.php\/2019\/10\/01\/au-fil-des-pages-avec-la-fiancee-du-fantome\/\"><span style=\"text-decoration: underline;\">La fianc\u00e9e du fant\u00f4me<\/span><\/a> de Malika Ferdjoukh et un roman policier sur fond d&rsquo;Halloween: <span style=\"text-decoration: underline;\">Le Crime d\u2019Halloween<\/span> d\u2019Agatha Christie, mettant en sc\u00e8ne une enqu\u00eate d&rsquo;un Hercule Poirot vieillissant apr\u00e8s le meurtre d&rsquo;une petite fille pendant une f\u00eate d&rsquo;Halloween. \u00a0<\/em><\/p>\n<p style=\"text-align: justify;\"><a href=\"https:\/\/i0.wp.com\/www.jojoenherbe.com\/wp-content\/uploads\/2019\/10\/G%C3%A9n%C3%A9alogie-dune-sorci%C3%A8re.jpg\"><img data-recalc-dims=\"1\" loading=\"lazy\" decoding=\"async\" data-attachment-id=\"7767\" data-permalink=\"http:\/\/www.jojoenherbe.com\/index.php\/2019\/10\/02\/au-fil-des-pages-avec-genealogie-dune-sorciere\/genealogie-dune-sorciere\/\" data-orig-file=\"https:\/\/i0.wp.com\/www.jojoenherbe.com\/wp-content\/uploads\/2019\/10\/G%C3%A9n%C3%A9alogie-dune-sorci%C3%A8re.jpg?fit=2120%2C2076\" data-orig-size=\"2120,2076\" data-comments-opened=\"1\" data-image-meta=\"{&quot;aperture&quot;:&quot;2.4&quot;,&quot;credit&quot;:&quot;&quot;,&quot;camera&quot;:&quot;iPhone 4S&quot;,&quot;caption&quot;:&quot;&quot;,&quot;created_timestamp&quot;:&quot;1570024448&quot;,&quot;copyright&quot;:&quot;&quot;,&quot;focal_length&quot;:&quot;4.28&quot;,&quot;iso&quot;:&quot;200&quot;,&quot;shutter_speed&quot;:&quot;0.05&quot;,&quot;title&quot;:&quot;&quot;,&quot;orientation&quot;:&quot;1&quot;}\" data-image-title=\"G\u00e9n\u00e9alogie d&amp;rsquo;une sorci\u00e8re\" data-image-description=\"\" data-image-caption=\"\" data-large-file=\"https:\/\/i0.wp.com\/www.jojoenherbe.com\/wp-content\/uploads\/2019\/10\/G%C3%A9n%C3%A9alogie-dune-sorci%C3%A8re.jpg?fit=676%2C662\" class=\"wp-image-7767 size-thumbnail alignright\" src=\"https:\/\/i0.wp.com\/www.jojoenherbe.com\/wp-content\/uploads\/2019\/10\/G%C3%A9n%C3%A9alogie-dune-sorci%C3%A8re.jpg?resize=150%2C150\" alt=\"\" width=\"150\" height=\"150\" srcset=\"https:\/\/i0.wp.com\/www.jojoenherbe.com\/wp-content\/uploads\/2019\/10\/G%C3%A9n%C3%A9alogie-dune-sorci%C3%A8re.jpg?resize=150%2C150 150w, https:\/\/i0.wp.com\/www.jojoenherbe.com\/wp-content\/uploads\/2019\/10\/G%C3%A9n%C3%A9alogie-dune-sorci%C3%A8re.jpg?zoom=2&amp;resize=150%2C150 300w, https:\/\/i0.wp.com\/www.jojoenherbe.com\/wp-content\/uploads\/2019\/10\/G%C3%A9n%C3%A9alogie-dune-sorci%C3%A8re.jpg?zoom=3&amp;resize=150%2C150 450w\" sizes=\"auto, (max-width: 150px) 100vw, 150px\" \/><\/a><em>Puis du 2 au 4 octobre 2019, la France Obscure a \u00e9t\u00e9 mise \u00e0 l&rsquo;honneur. J&rsquo;ai alors lu <a href=\"http:\/\/www.jojoenherbe.com\/index.php\/2019\/10\/02\/au-fil-des-pages-avec-genealogie-dune-sorciere\/\"><span style=\"text-decoration: underline;\">G\u00e9n\u00e9alogie d\u2019une sorci\u00e8re<\/span><\/a> de Benjamin Lacombe et S\u00e9bastien Perez, le coffret comprenant deux albums jeunesse: <span style=\"text-decoration: underline;\">La Petite Sorci\u00e8re<\/span> et <span style=\"text-decoration: underline;\">Grimoire de Sorci\u00e8res<\/span>.<\/em><\/p>\n<p style=\"text-align: justify;\"><em><a href=\"https:\/\/i0.wp.com\/www.jojoenherbe.com\/wp-content\/uploads\/2019\/10\/Le-fant%C3%B4me-de-Canterville.jpg\"><img data-recalc-dims=\"1\" loading=\"lazy\" decoding=\"async\" data-attachment-id=\"7884\" data-permalink=\"http:\/\/www.jojoenherbe.com\/index.php\/2019\/10\/07\/au-fil-des-pages-avec-le-fantome-de-canterville-et-autres-nouvelles\/le-fantome-de-canterville\/\" data-orig-file=\"https:\/\/i0.wp.com\/www.jojoenherbe.com\/wp-content\/uploads\/2019\/10\/Le-fant%C3%B4me-de-Canterville.jpg?fit=2591%2C2183\" data-orig-size=\"2591,2183\" data-comments-opened=\"1\" data-image-meta=\"{&quot;aperture&quot;:&quot;2.4&quot;,&quot;credit&quot;:&quot;&quot;,&quot;camera&quot;:&quot;iPhone 4S&quot;,&quot;caption&quot;:&quot;&quot;,&quot;created_timestamp&quot;:&quot;1570379932&quot;,&quot;copyright&quot;:&quot;&quot;,&quot;focal_length&quot;:&quot;4.28&quot;,&quot;iso&quot;:&quot;320&quot;,&quot;shutter_speed&quot;:&quot;0.05&quot;,&quot;title&quot;:&quot;&quot;,&quot;orientation&quot;:&quot;1&quot;}\" data-image-title=\"Le fant\u00f4me de Canterville\" data-image-description=\"\" data-image-caption=\"\" data-large-file=\"https:\/\/i0.wp.com\/www.jojoenherbe.com\/wp-content\/uploads\/2019\/10\/Le-fant%C3%B4me-de-Canterville.jpg?fit=676%2C570\" class=\"alignleft wp-image-7884 size-thumbnail\" src=\"https:\/\/i0.wp.com\/www.jojoenherbe.com\/wp-content\/uploads\/2019\/10\/Le-fant%C3%B4me-de-Canterville.jpg?resize=150%2C150\" alt=\"\" width=\"150\" height=\"150\" srcset=\"https:\/\/i0.wp.com\/www.jojoenherbe.com\/wp-content\/uploads\/2019\/10\/Le-fant%C3%B4me-de-Canterville.jpg?resize=150%2C150 150w, https:\/\/i0.wp.com\/www.jojoenherbe.com\/wp-content\/uploads\/2019\/10\/Le-fant%C3%B4me-de-Canterville.jpg?zoom=2&amp;resize=150%2C150 300w, https:\/\/i0.wp.com\/www.jojoenherbe.com\/wp-content\/uploads\/2019\/10\/Le-fant%C3%B4me-de-Canterville.jpg?zoom=3&amp;resize=150%2C150 450w\" sizes=\"auto, (max-width: 150px) 100vw, 150px\" \/><\/a> <a href=\"https:\/\/i0.wp.com\/www.jojoenherbe.com\/wp-content\/uploads\/2019\/10\/Pepper-et-Carrot-T2.jpg\"><img data-recalc-dims=\"1\" loading=\"lazy\" decoding=\"async\" data-attachment-id=\"7859\" data-permalink=\"http:\/\/www.jojoenherbe.com\/index.php\/2019\/10\/05\/au-fil-des-pages-avec-pepper-et-carrot\/pepper-et-carrot-t2\/\" data-orig-file=\"https:\/\/i0.wp.com\/www.jojoenherbe.com\/wp-content\/uploads\/2019\/10\/Pepper-et-Carrot-T2.jpg?fit=2448%2C2294\" data-orig-size=\"2448,2294\" data-comments-opened=\"1\" data-image-meta=\"{&quot;aperture&quot;:&quot;2.4&quot;,&quot;credit&quot;:&quot;&quot;,&quot;camera&quot;:&quot;iPhone 4S&quot;,&quot;caption&quot;:&quot;&quot;,&quot;created_timestamp&quot;:&quot;1570303217&quot;,&quot;copyright&quot;:&quot;&quot;,&quot;focal_length&quot;:&quot;4.28&quot;,&quot;iso&quot;:&quot;800&quot;,&quot;shutter_speed&quot;:&quot;0.066666666666667&quot;,&quot;title&quot;:&quot;&quot;,&quot;orientation&quot;:&quot;1&quot;}\" data-image-title=\"Pepper et Carrot T2\" data-image-description=\"\" data-image-caption=\"\" data-large-file=\"https:\/\/i0.wp.com\/www.jojoenherbe.com\/wp-content\/uploads\/2019\/10\/Pepper-et-Carrot-T2.jpg?fit=676%2C634\" class=\"alignleft wp-image-7859 size-thumbnail\" src=\"https:\/\/i0.wp.com\/www.jojoenherbe.com\/wp-content\/uploads\/2019\/10\/Pepper-et-Carrot-T2.jpg?resize=150%2C150\" alt=\"\" width=\"150\" height=\"150\" srcset=\"https:\/\/i0.wp.com\/www.jojoenherbe.com\/wp-content\/uploads\/2019\/10\/Pepper-et-Carrot-T2.jpg?resize=150%2C150 150w, https:\/\/i0.wp.com\/www.jojoenherbe.com\/wp-content\/uploads\/2019\/10\/Pepper-et-Carrot-T2.jpg?zoom=2&amp;resize=150%2C150 300w, https:\/\/i0.wp.com\/www.jojoenherbe.com\/wp-content\/uploads\/2019\/10\/Pepper-et-Carrot-T2.jpg?zoom=3&amp;resize=150%2C150 450w\" sizes=\"auto, (max-width: 150px) 100vw, 150px\" \/><\/a>Nous sommes ensuite pass\u00e9s \u00e0 un week-end cosy les 5 et 6 octobre 2019 au cours duquel nous avons lu des livres jeunesse: le tome 2 de la BD <a href=\"http:\/\/www.jojoenherbe.com\/index.php\/2019\/10\/05\/au-fil-des-pages-avec-pepper-et-carrot\/\"><span style=\"text-decoration: underline;\">Pepper et Carrot, Les sorci\u00e8res de Chaosah<\/span><\/a> de David Revoy, <a href=\"http:\/\/www.jojoenherbe.com\/index.php\/2019\/10\/07\/au-fil-des-pages-avec-le-fantome-de-canterville-et-autres-nouvelles\/\"><span style=\"text-decoration: underline;\">Le fant\u00f4me de Canterville et autres nouvelles<\/span><\/a> d\u2019Oscar Wilde, <a href=\"http:\/\/www.jojoenherbe.com\/index.php\/2019\/10\/06\/au-fil-des-pages-avec-pas-la-pomme-blanche-neige\/\"><span style=\"text-decoration: underline;\">Pas la pomme, Blanche-Neige!<\/span><\/a> d\u2019Alexandre Jardin et Herv\u00e9 le Goff.<\/em><\/p>\n<p style=\"text-align: justify;\"><a href=\"https:\/\/i0.wp.com\/www.jojoenherbe.com\/wp-content\/uploads\/2019\/10\/Julia-et-les-monstres-perdus.jpg\"><img data-recalc-dims=\"1\" loading=\"lazy\" decoding=\"async\" data-attachment-id=\"7914\" data-permalink=\"http:\/\/www.jojoenherbe.com\/index.php\/2019\/10\/09\/au-fil-des-pages-avec-julia-et-les-monstres-perdus\/julia-et-les-monstres-perdus\/\" data-orig-file=\"https:\/\/i0.wp.com\/www.jojoenherbe.com\/wp-content\/uploads\/2019\/10\/Julia-et-les-monstres-perdus.jpg?fit=3108%2C2144\" data-orig-size=\"3108,2144\" data-comments-opened=\"1\" data-image-meta=\"{&quot;aperture&quot;:&quot;0&quot;,&quot;credit&quot;:&quot;&quot;,&quot;camera&quot;:&quot;&quot;,&quot;caption&quot;:&quot;&quot;,&quot;created_timestamp&quot;:&quot;0&quot;,&quot;copyright&quot;:&quot;&quot;,&quot;focal_length&quot;:&quot;0&quot;,&quot;iso&quot;:&quot;0&quot;,&quot;shutter_speed&quot;:&quot;0&quot;,&quot;title&quot;:&quot;&quot;,&quot;orientation&quot;:&quot;0&quot;}\" data-image-title=\"Julia et les monstres perdus\" data-image-description=\"\" data-image-caption=\"\" data-large-file=\"https:\/\/i0.wp.com\/www.jojoenherbe.com\/wp-content\/uploads\/2019\/10\/Julia-et-les-monstres-perdus.jpg?fit=676%2C466\" class=\"alignright wp-image-7914 size-thumbnail\" src=\"https:\/\/i0.wp.com\/www.jojoenherbe.com\/wp-content\/uploads\/2019\/10\/Julia-et-les-monstres-perdus.jpg?resize=150%2C150\" alt=\"\" width=\"150\" height=\"150\" srcset=\"https:\/\/i0.wp.com\/www.jojoenherbe.com\/wp-content\/uploads\/2019\/10\/Julia-et-les-monstres-perdus.jpg?resize=150%2C150 150w, https:\/\/i0.wp.com\/www.jojoenherbe.com\/wp-content\/uploads\/2019\/10\/Julia-et-les-monstres-perdus.jpg?zoom=2&amp;resize=150%2C150 300w, https:\/\/i0.wp.com\/www.jojoenherbe.com\/wp-content\/uploads\/2019\/10\/Julia-et-les-monstres-perdus.jpg?zoom=3&amp;resize=150%2C150 450w\" sizes=\"auto, (max-width: 150px) 100vw, 150px\" \/><\/a> <a href=\"https:\/\/i0.wp.com\/www.jojoenherbe.com\/wp-content\/uploads\/2019\/10\/Sortil%C3%A8ges.jpg\"><img data-recalc-dims=\"1\" loading=\"lazy\" decoding=\"async\" data-attachment-id=\"7942\" data-permalink=\"http:\/\/www.jojoenherbe.com\/index.php\/2019\/10\/09\/au-fil-des-pages-avec-sortileges\/sortileges\/\" data-orig-file=\"https:\/\/i0.wp.com\/www.jojoenherbe.com\/wp-content\/uploads\/2019\/10\/Sortil%C3%A8ges.jpg?fit=2771%2C2120\" data-orig-size=\"2771,2120\" data-comments-opened=\"1\" data-image-meta=\"{&quot;aperture&quot;:&quot;2.4&quot;,&quot;credit&quot;:&quot;&quot;,&quot;camera&quot;:&quot;iPhone 4S&quot;,&quot;caption&quot;:&quot;&quot;,&quot;created_timestamp&quot;:&quot;1570661533&quot;,&quot;copyright&quot;:&quot;&quot;,&quot;focal_length&quot;:&quot;4.28&quot;,&quot;iso&quot;:&quot;800&quot;,&quot;shutter_speed&quot;:&quot;0.066666666666667&quot;,&quot;title&quot;:&quot;&quot;,&quot;orientation&quot;:&quot;1&quot;}\" data-image-title=\"Sortil\u00e8ges\" data-image-description=\"\" data-image-caption=\"\" data-large-file=\"https:\/\/i0.wp.com\/www.jojoenherbe.com\/wp-content\/uploads\/2019\/10\/Sortil%C3%A8ges.jpg?fit=676%2C517\" class=\"alignright wp-image-7942 size-thumbnail\" src=\"https:\/\/i0.wp.com\/www.jojoenherbe.com\/wp-content\/uploads\/2019\/10\/Sortil%C3%A8ges.jpg?resize=150%2C150\" alt=\"\" width=\"150\" height=\"150\" srcset=\"https:\/\/i0.wp.com\/www.jojoenherbe.com\/wp-content\/uploads\/2019\/10\/Sortil%C3%A8ges.jpg?resize=150%2C150 150w, https:\/\/i0.wp.com\/www.jojoenherbe.com\/wp-content\/uploads\/2019\/10\/Sortil%C3%A8ges.jpg?zoom=2&amp;resize=150%2C150 300w, https:\/\/i0.wp.com\/www.jojoenherbe.com\/wp-content\/uploads\/2019\/10\/Sortil%C3%A8ges.jpg?zoom=3&amp;resize=150%2C150 450w\" sizes=\"auto, (max-width: 150px) 100vw, 150px\" \/><\/a><em>Puis c&rsquo;est au tour des Monstres et Cr\u00e9atures d&rsquo;\u00eatre mis \u00e0 l&rsquo;honneur du 7 au 9 octobre 2019: <a href=\"http:\/\/www.jojoenherbe.com\/index.php\/2019\/10\/08\/au-fil-des-pages-avec-le-fantome-de-lopera\/\"><span style=\"text-decoration: underline;\">Le Fant\u00f4me de l\u2019Op\u00e9ra<\/span><\/a> de Fabrice Boulanger, d&rsquo;apr\u00e8s Gaston Leroux, <a href=\"http:\/\/www.jojoenherbe.com\/index.php\/2019\/10\/08\/au-fil-des-pages-avec-une-drole-de-maison-hantee\/\"><span style=\"text-decoration: underline;\">Une dr\u00f4le de maison hant\u00e9e<\/span><\/a> de Janet Lawler et Anna Chambers, <a href=\"http:\/\/www.jojoenherbe.com\/index.php\/2019\/10\/09\/au-fil-des-pages-avec-julia-et-les-monstres-perdus\/\"><span style=\"text-decoration: underline;\">Julia et les monstres perdus<\/span><\/a> de Ben Hatke, <a href=\"http:\/\/www.jojoenherbe.com\/index.php\/2019\/10\/09\/au-fil-des-pages-avec-sortileges\/\"><span style=\"text-decoration: underline;\">Sortil\u00e8ges<\/span><\/a> d\u2019Emily Gravett.<\/em><\/p>\n<p style=\"text-align: justify;\"><a href=\"https:\/\/i0.wp.com\/www.jojoenherbe.com\/wp-content\/uploads\/2019\/10\/Hallow-RAT.jpg\"><img data-recalc-dims=\"1\" loading=\"lazy\" decoding=\"async\" data-attachment-id=\"7966\" data-permalink=\"http:\/\/www.jojoenherbe.com\/index.php\/2019\/10\/11\/un-second-hallow-rat-2019\/hallow-rat\/\" data-orig-file=\"https:\/\/i0.wp.com\/www.jojoenherbe.com\/wp-content\/uploads\/2019\/10\/Hallow-RAT.jpg?fit=3151%2C1994\" data-orig-size=\"3151,1994\" data-comments-opened=\"1\" data-image-meta=\"{&quot;aperture&quot;:&quot;2.4&quot;,&quot;credit&quot;:&quot;&quot;,&quot;camera&quot;:&quot;iPhone 4S&quot;,&quot;caption&quot;:&quot;&quot;,&quot;created_timestamp&quot;:&quot;1570786548&quot;,&quot;copyright&quot;:&quot;&quot;,&quot;focal_length&quot;:&quot;4.28&quot;,&quot;iso&quot;:&quot;250&quot;,&quot;shutter_speed&quot;:&quot;0.05&quot;,&quot;title&quot;:&quot;&quot;,&quot;orientation&quot;:&quot;1&quot;}\" data-image-title=\"Hallow RAT\" data-image-description=\"\" data-image-caption=\"\" data-large-file=\"https:\/\/i0.wp.com\/www.jojoenherbe.com\/wp-content\/uploads\/2019\/10\/Hallow-RAT.jpg?fit=676%2C428\" class=\"alignleft wp-image-7966 size-thumbnail\" src=\"https:\/\/i0.wp.com\/www.jojoenherbe.com\/wp-content\/uploads\/2019\/10\/Hallow-RAT.jpg?resize=150%2C150\" alt=\"\" width=\"150\" height=\"150\" srcset=\"https:\/\/i0.wp.com\/www.jojoenherbe.com\/wp-content\/uploads\/2019\/10\/Hallow-RAT.jpg?resize=150%2C150 150w, https:\/\/i0.wp.com\/www.jojoenherbe.com\/wp-content\/uploads\/2019\/10\/Hallow-RAT.jpg?zoom=2&amp;resize=150%2C150 300w, https:\/\/i0.wp.com\/www.jojoenherbe.com\/wp-content\/uploads\/2019\/10\/Hallow-RAT.jpg?zoom=3&amp;resize=150%2C150 450w\" sizes=\"auto, (max-width: 150px) 100vw, 150px\" \/><\/a><a href=\"https:\/\/i0.wp.com\/www.jojoenherbe.com\/wp-content\/uploads\/2019\/10\/Monsieur-Madame-Halloween-2.jpg\"><img data-recalc-dims=\"1\" loading=\"lazy\" decoding=\"async\" data-attachment-id=\"8076\" data-permalink=\"http:\/\/www.jojoenherbe.com\/index.php\/2019\/10\/16\/au-fil-des-pages-avec-monsieur-madame-et-halloween\/monsieur-madame-halloween-3\/\" data-orig-file=\"https:\/\/i0.wp.com\/www.jojoenherbe.com\/wp-content\/uploads\/2019\/10\/Monsieur-Madame-Halloween-2.jpg?fit=3071%2C2167\" data-orig-size=\"3071,2167\" data-comments-opened=\"1\" data-image-meta=\"{&quot;aperture&quot;:&quot;2.4&quot;,&quot;credit&quot;:&quot;&quot;,&quot;camera&quot;:&quot;iPhone 4S&quot;,&quot;caption&quot;:&quot;&quot;,&quot;created_timestamp&quot;:&quot;1571136377&quot;,&quot;copyright&quot;:&quot;&quot;,&quot;focal_length&quot;:&quot;4.28&quot;,&quot;iso&quot;:&quot;800&quot;,&quot;shutter_speed&quot;:&quot;0.066666666666667&quot;,&quot;title&quot;:&quot;&quot;,&quot;orientation&quot;:&quot;1&quot;}\" data-image-title=\"Monsieur Madame &amp;#8211; Halloween\" data-image-description=\"\" data-image-caption=\"\" data-large-file=\"https:\/\/i0.wp.com\/www.jojoenherbe.com\/wp-content\/uploads\/2019\/10\/Monsieur-Madame-Halloween-2.jpg?fit=676%2C477\" class=\"alignleft wp-image-8076 size-thumbnail\" src=\"https:\/\/i0.wp.com\/www.jojoenherbe.com\/wp-content\/uploads\/2019\/10\/Monsieur-Madame-Halloween-2.jpg?resize=150%2C150\" alt=\"\" width=\"150\" height=\"150\" srcset=\"https:\/\/i0.wp.com\/www.jojoenherbe.com\/wp-content\/uploads\/2019\/10\/Monsieur-Madame-Halloween-2.jpg?resize=150%2C150 150w, https:\/\/i0.wp.com\/www.jojoenherbe.com\/wp-content\/uploads\/2019\/10\/Monsieur-Madame-Halloween-2.jpg?zoom=2&amp;resize=150%2C150 300w, https:\/\/i0.wp.com\/www.jojoenherbe.com\/wp-content\/uploads\/2019\/10\/Monsieur-Madame-Halloween-2.jpg?zoom=3&amp;resize=150%2C150 450w\" sizes=\"auto, (max-width: 150px) 100vw, 150px\" \/><\/a><em>Des 11 au 13 octobre 2019, nous faisons un <a href=\"http:\/\/www.jojoenherbe.com\/index.php\/2019\/10\/11\/un-second-hallow-rat-2019\/\">second Hallow RAT<\/a> avec surtout des albums et romans jeunesse: <a href=\"http:\/\/www.jojoenherbe.com\/index.php\/2019\/10\/12\/au-fil-des-pages-avec-belfegor-et-lorage\/\"><span style=\"text-decoration: underline;\">Belf\u00e9gor et l\u2019orage<\/span><\/a> de Laurence Bourguignon et Vincent Hardy, <a href=\"http:\/\/www.jojoenherbe.com\/index.php\/2019\/10\/14\/au-fil-des-pages-avec-le-monstre-du-placard\/\"><span style=\"text-decoration: underline;\">Le monstre du placard existe et je vais vous le prouver\u2026<\/span><\/a> d\u2019Antoine Dole et Bruno Salamone, le tome 1 des <span style=\"text-decoration: underline;\">Chroniques de Spiderwick<\/span> de Tony Diterlizzi et Holly Black, <a href=\"http:\/\/www.jojoenherbe.com\/index.php\/2019\/10\/16\/au-fil-des-pages-avec-monsieur-madame-et-halloween\/\"><span style=\"text-decoration: underline;\">Les Monsieur Madame f\u00eatent Halloween<\/span><\/a> de Roger Hargreaves, <span style=\"text-decoration: underline;\">La sorci\u00e8re Tambouille<\/span> de Magdalena Guirao-Jullien et Marianne Barcilo et le tome 1, <span style=\"text-decoration: underline;\">Am\u00e9lia Fang et le bal barbare<\/span> de Laura Ellen Anderson.<\/em><\/p>\n<p style=\"text-align: justify;\"><a href=\"https:\/\/i0.wp.com\/www.jojoenherbe.com\/wp-content\/uploads\/2019\/10\/Glouton-croqueur-de-livres.jpg\"><img data-recalc-dims=\"1\" loading=\"lazy\" decoding=\"async\" data-attachment-id=\"8133\" data-permalink=\"http:\/\/www.jojoenherbe.com\/index.php\/2019\/10\/19\/au-fil-des-pages-avec-glouton-croqueur-de-livres\/glouton-croqueur-de-livres\/\" data-orig-file=\"https:\/\/i0.wp.com\/www.jojoenherbe.com\/wp-content\/uploads\/2019\/10\/Glouton-croqueur-de-livres.jpg?fit=2741%2C2237\" data-orig-size=\"2741,2237\" data-comments-opened=\"1\" data-image-meta=\"{&quot;aperture&quot;:&quot;2.4&quot;,&quot;credit&quot;:&quot;&quot;,&quot;camera&quot;:&quot;iPhone 4S&quot;,&quot;caption&quot;:&quot;&quot;,&quot;created_timestamp&quot;:&quot;1571496423&quot;,&quot;copyright&quot;:&quot;&quot;,&quot;focal_length&quot;:&quot;4.28&quot;,&quot;iso&quot;:&quot;800&quot;,&quot;shutter_speed&quot;:&quot;0.066666666666667&quot;,&quot;title&quot;:&quot;&quot;,&quot;orientation&quot;:&quot;1&quot;}\" data-image-title=\"Glouton, croqueur de livres\" data-image-description=\"\" data-image-caption=\"\" data-large-file=\"https:\/\/i0.wp.com\/www.jojoenherbe.com\/wp-content\/uploads\/2019\/10\/Glouton-croqueur-de-livres.jpg?fit=676%2C552\" class=\"alignright wp-image-8133 size-thumbnail\" src=\"https:\/\/i0.wp.com\/www.jojoenherbe.com\/wp-content\/uploads\/2019\/10\/Glouton-croqueur-de-livres.jpg?resize=150%2C150\" alt=\"\" width=\"150\" height=\"150\" srcset=\"https:\/\/i0.wp.com\/www.jojoenherbe.com\/wp-content\/uploads\/2019\/10\/Glouton-croqueur-de-livres.jpg?resize=150%2C150 150w, https:\/\/i0.wp.com\/www.jojoenherbe.com\/wp-content\/uploads\/2019\/10\/Glouton-croqueur-de-livres.jpg?zoom=2&amp;resize=150%2C150 300w, https:\/\/i0.wp.com\/www.jojoenherbe.com\/wp-content\/uploads\/2019\/10\/Glouton-croqueur-de-livres.jpg?zoom=3&amp;resize=150%2C150 450w\" sizes=\"auto, (max-width: 150px) 100vw, 150px\" \/><\/a><em>Puis du 18 au 20 octobre 2019, place au British Halloween au cours duquel nous avons lu <a href=\"http:\/\/www.jojoenherbe.com\/index.php\/2019\/10\/19\/au-fil-des-pages-avec-glouton-croqueur-de-livres\/\"><span style=\"text-decoration: underline;\">Glouton, Le croqueur de livres<\/span><\/a> d\u2019Emma Yarlett.<\/em><\/p>\n<p style=\"text-align: justify;\"><a href=\"https:\/\/i0.wp.com\/www.jojoenherbe.com\/wp-content\/uploads\/2019\/10\/La-sorci%C3%A8re-Tambouille.jpg\"><img data-recalc-dims=\"1\" loading=\"lazy\" decoding=\"async\" data-attachment-id=\"8185\" data-permalink=\"http:\/\/www.jojoenherbe.com\/index.php\/2019\/10\/24\/au-fil-des-pages-avec-la-sorciere-tambouille\/la-sorciere-tambouille\/\" data-orig-file=\"https:\/\/i0.wp.com\/www.jojoenherbe.com\/wp-content\/uploads\/2019\/10\/La-sorci%C3%A8re-Tambouille.jpg?fit=2422%2C2222\" data-orig-size=\"2422,2222\" data-comments-opened=\"1\" data-image-meta=\"{&quot;aperture&quot;:&quot;2.4&quot;,&quot;credit&quot;:&quot;&quot;,&quot;camera&quot;:&quot;iPhone 4S&quot;,&quot;caption&quot;:&quot;&quot;,&quot;created_timestamp&quot;:&quot;1571916921&quot;,&quot;copyright&quot;:&quot;&quot;,&quot;focal_length&quot;:&quot;4.28&quot;,&quot;iso&quot;:&quot;400&quot;,&quot;shutter_speed&quot;:&quot;0.066666666666667&quot;,&quot;title&quot;:&quot;&quot;,&quot;orientation&quot;:&quot;1&quot;}\" data-image-title=\"La sorci\u00e8re Tambouille\" data-image-description=\"\" data-image-caption=\"\" data-large-file=\"https:\/\/i0.wp.com\/www.jojoenherbe.com\/wp-content\/uploads\/2019\/10\/La-sorci%C3%A8re-Tambouille.jpg?fit=676%2C620\" class=\"alignleft wp-image-8185 size-thumbnail\" src=\"https:\/\/i0.wp.com\/www.jojoenherbe.com\/wp-content\/uploads\/2019\/10\/La-sorci%C3%A8re-Tambouille.jpg?resize=150%2C150\" alt=\"\" width=\"150\" height=\"150\" srcset=\"https:\/\/i0.wp.com\/www.jojoenherbe.com\/wp-content\/uploads\/2019\/10\/La-sorci%C3%A8re-Tambouille.jpg?resize=150%2C150 150w, https:\/\/i0.wp.com\/www.jojoenherbe.com\/wp-content\/uploads\/2019\/10\/La-sorci%C3%A8re-Tambouille.jpg?zoom=2&amp;resize=150%2C150 300w, https:\/\/i0.wp.com\/www.jojoenherbe.com\/wp-content\/uploads\/2019\/10\/La-sorci%C3%A8re-Tambouille.jpg?zoom=3&amp;resize=150%2C150 450w\" sizes=\"auto, (max-width: 150px) 100vw, 150px\" \/><\/a> <a href=\"https:\/\/i0.wp.com\/www.jojoenherbe.com\/wp-content\/uploads\/2019\/10\/Lapr%C3%A8s-midi-dune-f%C3%A9e.jpg\"><img data-recalc-dims=\"1\" loading=\"lazy\" decoding=\"async\" data-attachment-id=\"8174\" data-permalink=\"http:\/\/www.jojoenherbe.com\/index.php\/2019\/10\/23\/au-fil-des-pages-avec-lapres-midi-dune-fee\/lapres-midi-dune-fee\/\" data-orig-file=\"https:\/\/i0.wp.com\/www.jojoenherbe.com\/wp-content\/uploads\/2019\/10\/Lapr%C3%A8s-midi-dune-f%C3%A9e.jpg?fit=2448%2C2436\" data-orig-size=\"2448,2436\" data-comments-opened=\"1\" data-image-meta=\"{&quot;aperture&quot;:&quot;2.4&quot;,&quot;credit&quot;:&quot;&quot;,&quot;camera&quot;:&quot;iPhone 4S&quot;,&quot;caption&quot;:&quot;&quot;,&quot;created_timestamp&quot;:&quot;1571839251&quot;,&quot;copyright&quot;:&quot;&quot;,&quot;focal_length&quot;:&quot;4.28&quot;,&quot;iso&quot;:&quot;320&quot;,&quot;shutter_speed&quot;:&quot;0.058823529411765&quot;,&quot;title&quot;:&quot;&quot;,&quot;orientation&quot;:&quot;1&quot;}\" data-image-title=\"L&amp;rsquo;apr\u00e8s-midi d&amp;rsquo;une f\u00e9e\" data-image-description=\"\" data-image-caption=\"\" data-large-file=\"https:\/\/i0.wp.com\/www.jojoenherbe.com\/wp-content\/uploads\/2019\/10\/Lapr%C3%A8s-midi-dune-f%C3%A9e.jpg?fit=676%2C673\" class=\"alignleft wp-image-8174 size-thumbnail\" src=\"https:\/\/i0.wp.com\/www.jojoenherbe.com\/wp-content\/uploads\/2019\/10\/Lapr%C3%A8s-midi-dune-f%C3%A9e.jpg?resize=150%2C150\" alt=\"\" width=\"150\" height=\"150\" srcset=\"https:\/\/i0.wp.com\/www.jojoenherbe.com\/wp-content\/uploads\/2019\/10\/Lapr%C3%A8s-midi-dune-f%C3%A9e.jpg?resize=150%2C150 150w, https:\/\/i0.wp.com\/www.jojoenherbe.com\/wp-content\/uploads\/2019\/10\/Lapr%C3%A8s-midi-dune-f%C3%A9e.jpg?resize=300%2C300 300w, https:\/\/i0.wp.com\/www.jojoenherbe.com\/wp-content\/uploads\/2019\/10\/Lapr%C3%A8s-midi-dune-f%C3%A9e.jpg?resize=768%2C764 768w, https:\/\/i0.wp.com\/www.jojoenherbe.com\/wp-content\/uploads\/2019\/10\/Lapr%C3%A8s-midi-dune-f%C3%A9e.jpg?resize=1024%2C1019 1024w, https:\/\/i0.wp.com\/www.jojoenherbe.com\/wp-content\/uploads\/2019\/10\/Lapr%C3%A8s-midi-dune-f%C3%A9e.jpg?resize=676%2C673 676w, https:\/\/i0.wp.com\/www.jojoenherbe.com\/wp-content\/uploads\/2019\/10\/Lapr%C3%A8s-midi-dune-f%C3%A9e.jpg?w=1352 1352w, https:\/\/i0.wp.com\/www.jojoenherbe.com\/wp-content\/uploads\/2019\/10\/Lapr%C3%A8s-midi-dune-f%C3%A9e.jpg?w=2028 2028w\" sizes=\"auto, (max-width: 150px) 100vw, 150px\" \/><\/a><em>Un autre Cosy Halloween s&rsquo;est d\u00e9roul\u00e9 des 22 au 24 octobre 2019, ce qui a entra\u00een\u00e9 de nouvelles lectures d&rsquo;albums jeunesse: <a href=\"http:\/\/www.jojoenherbe.com\/index.php\/2019\/10\/22\/au-fil-des-pages-avec-petit-dragon-des-neiges\/\"><span style=\"text-decoration: underline;\">Petit Dragon des Neiges<\/span><\/a> d\u2019Andrew Breakspeare, <a href=\"http:\/\/www.jojoenherbe.com\/index.php\/2019\/10\/23\/au-fil-des-pages-avec-lapres-midi-dune-fee\/\"><span style=\"text-decoration: underline;\">L&rsquo;apr\u00e8s-midi d&rsquo;une f\u00e9e<\/span><\/a> d&rsquo;Andr\u00e9 Bouchard et la relecture de <a href=\"http:\/\/www.jojoenherbe.com\/index.php\/2019\/10\/24\/au-fil-des-pages-avec-la-sorciere-tambouille\/\"><span style=\"text-decoration: underline;\">La sorci\u00e8re Tambouille<\/span><\/a> de Magdalena Guirao-Jullien et Marianne Barcilon.<\/em><\/p>\n<p style=\"text-align: justify;\"><em><a href=\"https:\/\/i0.wp.com\/www.jojoenherbe.com\/wp-content\/uploads\/2019\/10\/Am%C3%A9lia-Fang.jpg\"><img data-recalc-dims=\"1\" loading=\"lazy\" decoding=\"async\" data-attachment-id=\"8211\" data-permalink=\"http:\/\/www.jojoenherbe.com\/index.php\/2019\/10\/25\/au-fil-des-pages-avec-amelia-fang\/amelia-fang\/\" data-orig-file=\"https:\/\/i0.wp.com\/www.jojoenherbe.com\/wp-content\/uploads\/2019\/10\/Am%C3%A9lia-Fang.jpg?fit=2731%2C2187\" data-orig-size=\"2731,2187\" data-comments-opened=\"1\" data-image-meta=\"{&quot;aperture&quot;:&quot;2.4&quot;,&quot;credit&quot;:&quot;&quot;,&quot;camera&quot;:&quot;iPhone 4S&quot;,&quot;caption&quot;:&quot;&quot;,&quot;created_timestamp&quot;:&quot;1572006243&quot;,&quot;copyright&quot;:&quot;&quot;,&quot;focal_length&quot;:&quot;4.28&quot;,&quot;iso&quot;:&quot;200&quot;,&quot;shutter_speed&quot;:&quot;0.05&quot;,&quot;title&quot;:&quot;&quot;,&quot;orientation&quot;:&quot;1&quot;}\" data-image-title=\"Am\u00e9lia Fang\" data-image-description=\"\" data-image-caption=\"\" data-large-file=\"https:\/\/i0.wp.com\/www.jojoenherbe.com\/wp-content\/uploads\/2019\/10\/Am%C3%A9lia-Fang.jpg?fit=676%2C541\" class=\"wp-image-8211 size-thumbnail alignright\" src=\"https:\/\/i0.wp.com\/www.jojoenherbe.com\/wp-content\/uploads\/2019\/10\/Am%C3%A9lia-Fang.jpg?resize=150%2C150\" alt=\"\" width=\"150\" height=\"150\" srcset=\"https:\/\/i0.wp.com\/www.jojoenherbe.com\/wp-content\/uploads\/2019\/10\/Am%C3%A9lia-Fang.jpg?resize=150%2C150 150w, https:\/\/i0.wp.com\/www.jojoenherbe.com\/wp-content\/uploads\/2019\/10\/Am%C3%A9lia-Fang.jpg?zoom=2&amp;resize=150%2C150 300w, https:\/\/i0.wp.com\/www.jojoenherbe.com\/wp-content\/uploads\/2019\/10\/Am%C3%A9lia-Fang.jpg?zoom=3&amp;resize=150%2C150 450w\" sizes=\"auto, (max-width: 150px) 100vw, 150px\" \/><\/a><\/em><\/p>\n<div style=\"width: 167px\" class=\"wp-caption alignright\"><img data-recalc-dims=\"1\" loading=\"lazy\" decoding=\"async\" src=\"https:\/\/i0.wp.com\/delivrer-des-livres.fr\/wp-content\/uploads\/2019\/05\/logoalbums2019.png?resize=157%2C157\" alt=\"\" width=\"157\" height=\"157\" \/><p class=\"wp-caption-text\">Challenge <a href=\"http:\/\/delivrer-des-livres.fr\/challenge-albums-2019\/\">Je lis aussi des albums<\/a> de Sophie H\u00e9risson<\/p><\/div>\n<p style=\"text-align: justify;\"><em>Sans oublier des rendez-vous en commun avec d&rsquo;autres participants comme la lecture commune d&rsquo;<a href=\"http:\/\/www.jojoenherbe.com\/index.php\/2019\/10\/25\/au-fil-des-pages-avec-amelia-fang\/\"><span style=\"text-decoration: underline;\">Am\u00e9lia Fang<\/span><\/a> de Laura Ellen Anderson avec les deux premiers tomes: <span style=\"text-decoration: underline;\">Am\u00e9lia Fang et le bal des barbares<\/span> et <span style=\"text-decoration: underline;\">Am\u00e9lia Fang et les seigneurs licornes<\/span>,\u00a0 un duo <\/em><em>tous les samedis avec le Challenge Je lis aussi des Albums de Sophie H\u00e9risson avec notamment <a href=\"http:\/\/www.jojoenherbe.com\/index.php\/2019\/10\/26\/au-fil-des-pages-avec-dentre-les-ogres\/\"><span style=\"text-decoration: underline;\">D\u2019entre les ogres<\/span><\/a> de Gilles Baum et Thierry Dedieu.<\/em><\/p>\n<div id=\"attachment_12539\" style=\"width: 163px\" class=\"wp-caption alignleft\"><img loading=\"lazy\" decoding=\"async\" aria-describedby=\"caption-attachment-12539\" class=\"wp-image-12539\" src=\"https:\/\/i0.wp.com\/mapetitemediatheque.fr\/wp-content\/uploads\/2019\/09\/challenge-halloween-contes-et-l\u00e9gendes.jpg?resize=165%2C121\" alt=\"\" width=\"153\" height=\"112\" aria-describedby=\"caption-attachment-12539\" \/><p id=\"caption-attachment-12539\" class=\"wp-caption-text\"><a href=\"https:\/\/mapetitemediatheque.fr\/2019\/10\/le-challenge-contes-et-legendes-au-pays-dhalloween-avec-lou-et-hilde\/\">Challenge Contes et L\u00e9gendes au pays d\u2019Halloween<\/a> de Bidib<\/p><\/div>\n<p style=\"text-align: justify;\"><em><a href=\"https:\/\/i0.wp.com\/www.jojoenherbe.com\/wp-content\/uploads\/2019\/10\/Coeur-de-pierre.jpg\"><img data-recalc-dims=\"1\" loading=\"lazy\" decoding=\"async\" data-attachment-id=\"7847\" data-permalink=\"http:\/\/www.jojoenherbe.com\/index.php\/2019\/10\/06\/au-fil-des-pages-avec-coeur-de-pierre\/coeur-de-pierre\/\" data-orig-file=\"https:\/\/i0.wp.com\/www.jojoenherbe.com\/wp-content\/uploads\/2019\/10\/Coeur-de-pierre.jpg?fit=2448%2C2622\" data-orig-size=\"2448,2622\" data-comments-opened=\"1\" data-image-meta=\"{&quot;aperture&quot;:&quot;2.4&quot;,&quot;credit&quot;:&quot;&quot;,&quot;camera&quot;:&quot;iPhone 4S&quot;,&quot;caption&quot;:&quot;&quot;,&quot;created_timestamp&quot;:&quot;1570203568&quot;,&quot;copyright&quot;:&quot;&quot;,&quot;focal_length&quot;:&quot;4.28&quot;,&quot;iso&quot;:&quot;400&quot;,&quot;shutter_speed&quot;:&quot;0.05&quot;,&quot;title&quot;:&quot;&quot;,&quot;orientation&quot;:&quot;1&quot;}\" data-image-title=\"Coeur de pierre\" data-image-description=\"\" data-image-caption=\"\" data-large-file=\"https:\/\/i0.wp.com\/www.jojoenherbe.com\/wp-content\/uploads\/2019\/10\/Coeur-de-pierre.jpg?fit=676%2C724\" class=\"alignleft wp-image-7847 size-thumbnail\" src=\"https:\/\/i0.wp.com\/www.jojoenherbe.com\/wp-content\/uploads\/2019\/10\/Coeur-de-pierre.jpg?resize=150%2C150\" alt=\"\" width=\"150\" height=\"150\" srcset=\"https:\/\/i0.wp.com\/www.jojoenherbe.com\/wp-content\/uploads\/2019\/10\/Coeur-de-pierre.jpg?resize=150%2C150 150w, https:\/\/i0.wp.com\/www.jojoenherbe.com\/wp-content\/uploads\/2019\/10\/Coeur-de-pierre.jpg?zoom=2&amp;resize=150%2C150 300w, https:\/\/i0.wp.com\/www.jojoenherbe.com\/wp-content\/uploads\/2019\/10\/Coeur-de-pierre.jpg?zoom=3&amp;resize=150%2C150 450w\" sizes=\"auto, (max-width: 150px) 100vw, 150px\" \/><\/a>Mais aussi <\/em><em>les deux rendez-vous des 17 et 27 octobre 2019 avec le Challenge Contes &amp; L\u00e9gendes au pays d&rsquo;Halloween de Bidid avec notamment: <a href=\"http:\/\/www.jojoenherbe.com\/index.php\/2019\/10\/06\/au-fil-des-pages-avec-coeur-de-pierre\/\"><span style=\"text-decoration: underline;\">C\u0153ur de pierre<\/span><\/a> de S\u00e9verine Gauthier et J\u00e9r\u00e9mie Almanza, les cinq tomes des <a href=\"http:\/\/www.jojoenherbe.com\/index.php\/2019\/10\/17\/au-fil-des-pages-avec-les-chroniques-de-spiderwick\/\"><span style=\"text-decoration: underline;\">Chroniques de Spiderwick<\/span><\/a> de Tony Diterlizzi et Holly Black, <a href=\"http:\/\/www.jojoenherbe.com\/index.php\/2019\/10\/24\/au-fil-des-pages-avec-le-petit-pecheur-et-le-squelette\/\"><span style=\"text-decoration: underline;\">Le petit p\u00eacheur et le squelette<\/span><\/a> de Chen Jiang Hong et <a href=\"http:\/\/www.jojoenherbe.com\/index.php\/2019\/10\/28\/au-fil-des-pages-avec-le-sortilege-des-enfants-squelettes\/\"><span style=\"text-decoration: underline;\">Le sortil\u00e8ge des enfants squelettes<\/span><\/a> de S\u00e9bastiaan Van Doninck.<br \/>\n<\/em><\/p>\n<div id=\"attachment_17830\" style=\"width: 130px\" class=\"wp-caption alignright\"><img data-recalc-dims=\"1\" loading=\"lazy\" decoding=\"async\" aria-describedby=\"caption-attachment-17830\" class=\"wp-image-17830\" src=\"https:\/\/sylectures.files.wordpress.com\/2015\/09\/logohalloweenbrico.jpg?w=132&#038;h=161&#038;resize=120%2C146&#038;fit=132%2C161\" alt=\"\" width=\"120\" height=\"146\" aria-describedby=\"caption-attachment-17830\" data-attachment-id=\"17830\" data-permalink=\"https:\/\/sylectures.wordpress.com\/2015\/10\/26\/mauricedoudou-sock-zombie\/logohalloweenbrico\/\" data-orig-file=\"https:\/\/sylectures.files.wordpress.com\/2015\/09\/logohalloweenbrico.jpg\" data-orig-size=\"300,373\" data-comments-opened=\"1\" data-image-meta=\"{&quot;aperture&quot;:&quot;0&quot;,&quot;credit&quot;:&quot;&quot;,&quot;camera&quot;:&quot;&quot;,&quot;caption&quot;:&quot;&quot;,&quot;created_timestamp&quot;:&quot;0&quot;,&quot;copyright&quot;:&quot;&quot;,&quot;focal_length&quot;:&quot;0&quot;,&quot;iso&quot;:&quot;0&quot;,&quot;shutter_speed&quot;:&quot;0&quot;,&quot;title&quot;:&quot;&quot;,&quot;orientation&quot;:&quot;0&quot;}\" data-image-title=\"logohalloweenbrico\" data-image-description=\"\" data-medium-file=\"https:\/\/sylectures.files.wordpress.com\/2015\/09\/logohalloweenbrico.jpg?w=241\" data-large-file=\"https:\/\/sylectures.files.wordpress.com\/2015\/09\/logohalloweenbrico.jpg?w=300\" \/><p id=\"caption-attachment-17830\" class=\"wp-caption-text\">Mercredi bricolage et couture chez <a href=\"https:\/\/sylectures.wordpress.com\/\">Syl<\/a><\/p><\/div>\n<p style=\"text-align: justify;\"><em><a href=\"https:\/\/i0.wp.com\/www.jojoenherbe.com\/wp-content\/uploads\/2019\/10\/Maison-hant%C3%A9e-collage-et-gommettes-2.jpg\"><img data-recalc-dims=\"1\" loading=\"lazy\" decoding=\"async\" data-attachment-id=\"8142\" data-permalink=\"http:\/\/www.jojoenherbe.com\/index.php\/2019\/10\/19\/des-maisons-hantees-en-collage-et-gommettes\/maison-hantee-collage-et-gommettes-2\/\" data-orig-file=\"https:\/\/i0.wp.com\/www.jojoenherbe.com\/wp-content\/uploads\/2019\/10\/Maison-hant%C3%A9e-collage-et-gommettes-2.jpg?fit=3264%2C2448\" data-orig-size=\"3264,2448\" data-comments-opened=\"1\" data-image-meta=\"{&quot;aperture&quot;:&quot;2.4&quot;,&quot;credit&quot;:&quot;&quot;,&quot;camera&quot;:&quot;iPhone 4S&quot;,&quot;caption&quot;:&quot;&quot;,&quot;created_timestamp&quot;:&quot;1571488653&quot;,&quot;copyright&quot;:&quot;&quot;,&quot;focal_length&quot;:&quot;4.28&quot;,&quot;iso&quot;:&quot;800&quot;,&quot;shutter_speed&quot;:&quot;0.066666666666667&quot;,&quot;title&quot;:&quot;&quot;,&quot;orientation&quot;:&quot;1&quot;}\" data-image-title=\"Maison hant\u00e9e &amp;#8211; collage et gommettes 2\" data-image-description=\"\" data-image-caption=\"\" data-large-file=\"https:\/\/i0.wp.com\/www.jojoenherbe.com\/wp-content\/uploads\/2019\/10\/Maison-hant%C3%A9e-collage-et-gommettes-2.jpg?fit=676%2C507\" class=\"wp-image-8142 size-thumbnail alignright\" src=\"https:\/\/i0.wp.com\/www.jojoenherbe.com\/wp-content\/uploads\/2019\/10\/Maison-hant%C3%A9e-collage-et-gommettes-2.jpg?resize=150%2C150\" alt=\"\" width=\"150\" height=\"150\" srcset=\"https:\/\/i0.wp.com\/www.jojoenherbe.com\/wp-content\/uploads\/2019\/10\/Maison-hant%C3%A9e-collage-et-gommettes-2.jpg?resize=150%2C150 150w, https:\/\/i0.wp.com\/www.jojoenherbe.com\/wp-content\/uploads\/2019\/10\/Maison-hant%C3%A9e-collage-et-gommettes-2.jpg?zoom=2&amp;resize=150%2C150 300w, https:\/\/i0.wp.com\/www.jojoenherbe.com\/wp-content\/uploads\/2019\/10\/Maison-hant%C3%A9e-collage-et-gommettes-2.jpg?zoom=3&amp;resize=150%2C150 450w\" sizes=\"auto, (max-width: 150px) 100vw, 150px\" \/><\/a>Nous avons \u00e9galement fait quelques activit\u00e9s autour d&rsquo;Halloween comme des <a href=\"http:\/\/www.jojoenherbe.com\/index.php\/2019\/10\/05\/momies-diy-pour-halloween\/\">petites momies<\/a> en papier et en laine, des <a href=\"http:\/\/www.jojoenherbe.com\/index.php\/2019\/10\/19\/des-maisons-hantees-en-collage-et-gommettes\/\">maisons hant\u00e9es<\/a> en collage et avec des gommettes, un <a href=\"http:\/\/www.jojoenherbe.com\/index.php\/2019\/10\/17\/un-hibou-sorcier\/\">hibou sorcier<\/a> en pomme de pin, une citrouille en feutrine, des <a href=\"http:\/\/www.jojoenherbe.com\/index.php\/2019\/10\/22\/des-sorcieres-en-empreinte-de-main\/\">sorci\u00e8res<\/a> en empreinte de main. J&rsquo;ai \u00e9galement repris des cr\u00e9ations faites l&rsquo;ann\u00e9e derni\u00e8re en feutrine comme la <a href=\"http:\/\/www.jojoenherbe.com\/index.php\/2018\/08\/07\/chauve-souris-en-feutrine\/\">chauve-souris<\/a> et la <a href=\"http:\/\/www.jojoenherbe.com\/index.php\/2018\/11\/01\/halloween-en-feutrine\/\">sorci\u00e8re<\/a>.\u00a0<\/em><\/p>\n<div id=\"attachment_30174\" style=\"width: 115px\" class=\"wp-caption alignleft\"><img data-recalc-dims=\"1\" loading=\"lazy\" decoding=\"async\" aria-describedby=\"caption-attachment-30174\" class=\"wp-image-30174\" src=\"https:\/\/sylectures.files.wordpress.com\/2019\/10\/logogourmandiseshalloween19.jpg?w=193&#038;h=300&#038;fit=193%2C300&#038;resize=105%2C164\" sizes=\"auto, (max-width: 193px) 100vw, 193px\" srcset=\"https:\/\/sylectures.files.wordpress.com\/2019\/10\/logogourmandiseshalloween19.jpg?w=193&amp;h=300 193w, https:\/\/sylectures.files.wordpress.com\/2019\/10\/logogourmandiseshalloween19.jpg?w=96&amp;h=150 96w, https:\/\/sylectures.files.wordpress.com\/2019\/10\/logogourmandiseshalloween19.jpg 385w\" alt=\"\" width=\"105\" height=\"164\" data-attachment-id=\"30174\" data-permalink=\"https:\/\/sylectures.wordpress.com\/?attachment_id=30174\" data-orig-file=\"https:\/\/sylectures.files.wordpress.com\/2019\/10\/logogourmandiseshalloween19.jpg\" data-orig-size=\"385,600\" data-comments-opened=\"1\" data-image-meta=\"{&quot;aperture&quot;:&quot;0&quot;,&quot;credit&quot;:&quot;&quot;,&quot;camera&quot;:&quot;&quot;,&quot;caption&quot;:&quot;&quot;,&quot;created_timestamp&quot;:&quot;0&quot;,&quot;copyright&quot;:&quot;&quot;,&quot;focal_length&quot;:&quot;0&quot;,&quot;iso&quot;:&quot;0&quot;,&quot;shutter_speed&quot;:&quot;0&quot;,&quot;title&quot;:&quot;&quot;,&quot;orientation&quot;:&quot;0&quot;}\" data-image-title=\"LogoGourmandisesHalloween19\" data-image-description=\"\" data-medium-file=\"https:\/\/sylectures.files.wordpress.com\/2019\/10\/logogourmandiseshalloween19.jpg?w=193\" data-large-file=\"https:\/\/sylectures.files.wordpress.com\/2019\/10\/logogourmandiseshalloween19.jpg?w=385\" \/><p id=\"caption-attachment-30174\" class=\"wp-caption-text\"><a href=\"https:\/\/sylectures.wordpress.com\/\">Les Gourmandises de Syl<\/a><\/p><\/div>\n<p style=\"text-align: justify;\"><a href=\"https:\/\/i0.wp.com\/www.jojoenherbe.com\/wp-content\/uploads\/2019\/10\/Biscuits-Halloween.jpg\"><img data-recalc-dims=\"1\" loading=\"lazy\" decoding=\"async\" data-attachment-id=\"8033\" data-permalink=\"http:\/\/www.jojoenherbe.com\/index.php\/2019\/10\/11\/un-second-hallow-rat-2019\/biscuits-halloween\/\" data-orig-file=\"https:\/\/i0.wp.com\/www.jojoenherbe.com\/wp-content\/uploads\/2019\/10\/Biscuits-Halloween.jpg?fit=3264%2C2448\" data-orig-size=\"3264,2448\" data-comments-opened=\"1\" data-image-meta=\"{&quot;aperture&quot;:&quot;2.4&quot;,&quot;credit&quot;:&quot;&quot;,&quot;camera&quot;:&quot;iPhone 4S&quot;,&quot;caption&quot;:&quot;&quot;,&quot;created_timestamp&quot;:&quot;1570990338&quot;,&quot;copyright&quot;:&quot;&quot;,&quot;focal_length&quot;:&quot;4.28&quot;,&quot;iso&quot;:&quot;800&quot;,&quot;shutter_speed&quot;:&quot;0.066666666666667&quot;,&quot;title&quot;:&quot;&quot;,&quot;orientation&quot;:&quot;1&quot;}\" data-image-title=\"Biscuits Halloween\" data-image-description=\"\" data-image-caption=\"\" data-large-file=\"https:\/\/i0.wp.com\/www.jojoenherbe.com\/wp-content\/uploads\/2019\/10\/Biscuits-Halloween.jpg?fit=676%2C507\" class=\"alignleft wp-image-8033 size-thumbnail\" src=\"https:\/\/i0.wp.com\/www.jojoenherbe.com\/wp-content\/uploads\/2019\/10\/Biscuits-Halloween.jpg?resize=150%2C150\" alt=\"\" width=\"150\" height=\"150\" srcset=\"https:\/\/i0.wp.com\/www.jojoenherbe.com\/wp-content\/uploads\/2019\/10\/Biscuits-Halloween.jpg?resize=150%2C150 150w, https:\/\/i0.wp.com\/www.jojoenherbe.com\/wp-content\/uploads\/2019\/10\/Biscuits-Halloween.jpg?zoom=2&amp;resize=150%2C150 300w, https:\/\/i0.wp.com\/www.jojoenherbe.com\/wp-content\/uploads\/2019\/10\/Biscuits-Halloween.jpg?zoom=3&amp;resize=150%2C150 450w\" sizes=\"auto, (max-width: 150px) 100vw, 150px\" \/><\/a>Il y a eu aussi <em>les rendez-vous gourmands du dimanche avec <a href=\"https:\/\/sylectures.wordpress.com\/\">Syl<\/a>. Je n&rsquo;y ai particip\u00e9 qu&rsquo;une fois pour des <a href=\"http:\/\/www.jojoenherbe.com\/index.php\/2019\/10\/14\/des-petits-monstres-halloweenesques-a-croquer\/\">petits biscuits de monstres<\/a>. N&rsquo;h\u00e9sitez pas \u00e0 aller voir les recettes de Syl et des autres participants, surtout si vous adorez les potirons, potimarrons et citrouilles.<br \/>\n<\/em><\/p>\n<p style=\"text-align: justify;\"><em><a href=\"https:\/\/i0.wp.com\/www.jojoenherbe.com\/wp-content\/uploads\/2019\/10\/Clathre-rouge-ou-coeur-de-sorci%C3%A8re.jpg\"><img data-recalc-dims=\"1\" loading=\"lazy\" decoding=\"async\" data-attachment-id=\"8253\" data-permalink=\"http:\/\/www.jojoenherbe.com\/index.php\/2019\/10\/29\/des-coeurs-de-sorciere-a-vaugrenier\/clathre-rouge-ou-coeur-de-sorciere\/\" data-orig-file=\"https:\/\/i0.wp.com\/www.jojoenherbe.com\/wp-content\/uploads\/2019\/10\/Clathre-rouge-ou-coeur-de-sorci%C3%A8re.jpg?fit=5184%2C3888\" data-orig-size=\"5184,3888\" data-comments-opened=\"1\" data-image-meta=\"{&quot;aperture&quot;:&quot;4.5&quot;,&quot;credit&quot;:&quot;&quot;,&quot;camera&quot;:&quot;DSC-HX400V&quot;,&quot;caption&quot;:&quot;&quot;,&quot;created_timestamp&quot;:&quot;1572350308&quot;,&quot;copyright&quot;:&quot;&quot;,&quot;focal_length&quot;:&quot;33.38&quot;,&quot;iso&quot;:&quot;250&quot;,&quot;shutter_speed&quot;:&quot;0.005&quot;,&quot;title&quot;:&quot;&quot;,&quot;orientation&quot;:&quot;1&quot;}\" data-image-title=\"Clathre rouge ou coeur de sorci\u00e8re\" data-image-description=\"\" data-image-caption=\"\" data-large-file=\"https:\/\/i0.wp.com\/www.jojoenherbe.com\/wp-content\/uploads\/2019\/10\/Clathre-rouge-ou-coeur-de-sorci%C3%A8re.jpg?fit=676%2C507\" class=\"wp-image-8253 size-thumbnail alignright\" src=\"https:\/\/i0.wp.com\/www.jojoenherbe.com\/wp-content\/uploads\/2019\/10\/Clathre-rouge-ou-coeur-de-sorci%C3%A8re.jpg?resize=150%2C150\" alt=\"\" width=\"150\" height=\"150\" srcset=\"https:\/\/i0.wp.com\/www.jojoenherbe.com\/wp-content\/uploads\/2019\/10\/Clathre-rouge-ou-coeur-de-sorci%C3%A8re.jpg?resize=150%2C150 150w, https:\/\/i0.wp.com\/www.jojoenherbe.com\/wp-content\/uploads\/2019\/10\/Clathre-rouge-ou-coeur-de-sorci%C3%A8re.jpg?zoom=2&amp;resize=150%2C150 300w, https:\/\/i0.wp.com\/www.jojoenherbe.com\/wp-content\/uploads\/2019\/10\/Clathre-rouge-ou-coeur-de-sorci%C3%A8re.jpg?zoom=3&amp;resize=150%2C150 450w\" sizes=\"auto, (max-width: 150px) 100vw, 150px\" \/><\/a> <a href=\"https:\/\/i0.wp.com\/www.jojoenherbe.com\/wp-content\/uploads\/2019\/11\/Parc-Alpha-Halloween-6.jpg\"><img data-recalc-dims=\"1\" loading=\"lazy\" decoding=\"async\" data-attachment-id=\"8289\" data-permalink=\"http:\/\/www.jojoenherbe.com\/index.php\/2019\/11\/02\/halloween-au-parc-alpha\/parc-alpha-halloween-6\/\" data-orig-file=\"https:\/\/i0.wp.com\/www.jojoenherbe.com\/wp-content\/uploads\/2019\/11\/Parc-Alpha-Halloween-6.jpg?fit=5184%2C3888\" data-orig-size=\"5184,3888\" data-comments-opened=\"1\" data-image-meta=\"{&quot;aperture&quot;:&quot;3.5&quot;,&quot;credit&quot;:&quot;&quot;,&quot;camera&quot;:&quot;DSC-HX400V&quot;,&quot;caption&quot;:&quot;&quot;,&quot;created_timestamp&quot;:&quot;1572535655&quot;,&quot;copyright&quot;:&quot;&quot;,&quot;focal_length&quot;:&quot;8.83&quot;,&quot;iso&quot;:&quot;800&quot;,&quot;shutter_speed&quot;:&quot;0.033333333333333&quot;,&quot;title&quot;:&quot;&quot;,&quot;orientation&quot;:&quot;1&quot;}\" data-image-title=\"Parc Alpha Halloween 6\" data-image-description=\"\" data-image-caption=\"\" data-large-file=\"https:\/\/i0.wp.com\/www.jojoenherbe.com\/wp-content\/uploads\/2019\/11\/Parc-Alpha-Halloween-6.jpg?fit=676%2C507\" class=\"wp-image-8289 size-thumbnail alignright\" src=\"https:\/\/i0.wp.com\/www.jojoenherbe.com\/wp-content\/uploads\/2019\/11\/Parc-Alpha-Halloween-6.jpg?resize=150%2C150\" alt=\"\" width=\"150\" height=\"150\" srcset=\"https:\/\/i0.wp.com\/www.jojoenherbe.com\/wp-content\/uploads\/2019\/11\/Parc-Alpha-Halloween-6.jpg?resize=150%2C150 150w, https:\/\/i0.wp.com\/www.jojoenherbe.com\/wp-content\/uploads\/2019\/11\/Parc-Alpha-Halloween-6.jpg?zoom=2&amp;resize=150%2C150 300w, https:\/\/i0.wp.com\/www.jojoenherbe.com\/wp-content\/uploads\/2019\/11\/Parc-Alpha-Halloween-6.jpg?zoom=3&amp;resize=150%2C150 450w\" sizes=\"auto, (max-width: 150px) 100vw, 150px\" \/><\/a>Nos sorties ont \u00e9galement \u00e9t\u00e9 plac\u00e9es sous le signe d&rsquo;Halloween: au parc Vaugrenier, nous avons pu voir des <a href=\"http:\/\/www.jojoenherbe.com\/index.php\/2019\/10\/29\/des-coeurs-de-sorciere-a-vaugrenier\/\">coeurs de sorci\u00e8re<\/a>. Puis le jour d&rsquo;Halloween, une journ\u00e9e sp\u00e9ciale avait \u00e9t\u00e9 organis\u00e9e au <a href=\"http:\/\/www.jojoenherbe.com\/index.php\/2019\/11\/02\/halloween-au-parc-alpha\/\">Parc Alpha<\/a>.<\/em><\/p>\n<p style=\"text-align: justify;\"><em><a href=\"https:\/\/i0.wp.com\/www.jojoenherbe.com\/wp-content\/uploads\/2019\/10\/Vicky-la-petite-sorci%C3%A8re.jpg\"><img data-recalc-dims=\"1\" loading=\"lazy\" decoding=\"async\" data-attachment-id=\"8266\" data-permalink=\"http:\/\/www.jojoenherbe.com\/index.php\/2019\/10\/30\/au-fil-des-pages-avec-vicky-la-petite-sorciere\/vicky-la-petite-sorciere\/\" data-orig-file=\"https:\/\/i0.wp.com\/www.jojoenherbe.com\/wp-content\/uploads\/2019\/10\/Vicky-la-petite-sorci%C3%A8re.jpg?fit=2448%2C2302\" data-orig-size=\"2448,2302\" data-comments-opened=\"1\" data-image-meta=\"{&quot;aperture&quot;:&quot;2.4&quot;,&quot;credit&quot;:&quot;&quot;,&quot;camera&quot;:&quot;iPhone 4S&quot;,&quot;caption&quot;:&quot;&quot;,&quot;created_timestamp&quot;:&quot;1572452732&quot;,&quot;copyright&quot;:&quot;&quot;,&quot;focal_length&quot;:&quot;4.28&quot;,&quot;iso&quot;:&quot;800&quot;,&quot;shutter_speed&quot;:&quot;0.066666666666667&quot;,&quot;title&quot;:&quot;&quot;,&quot;orientation&quot;:&quot;1&quot;}\" data-image-title=\"Vicky la petite sorci\u00e8re\" data-image-description=\"\" data-image-caption=\"\" data-large-file=\"https:\/\/i0.wp.com\/www.jojoenherbe.com\/wp-content\/uploads\/2019\/10\/Vicky-la-petite-sorci%C3%A8re.jpg?fit=676%2C636\" class=\"alignleft wp-image-8266 size-thumbnail\" src=\"https:\/\/i0.wp.com\/www.jojoenherbe.com\/wp-content\/uploads\/2019\/10\/Vicky-la-petite-sorci%C3%A8re.jpg?resize=150%2C150\" alt=\"\" width=\"150\" height=\"150\" srcset=\"https:\/\/i0.wp.com\/www.jojoenherbe.com\/wp-content\/uploads\/2019\/10\/Vicky-la-petite-sorci%C3%A8re.jpg?resize=150%2C150 150w, https:\/\/i0.wp.com\/www.jojoenherbe.com\/wp-content\/uploads\/2019\/10\/Vicky-la-petite-sorci%C3%A8re.jpg?zoom=2&amp;resize=150%2C150 300w, https:\/\/i0.wp.com\/www.jojoenherbe.com\/wp-content\/uploads\/2019\/10\/Vicky-la-petite-sorci%C3%A8re.jpg?zoom=3&amp;resize=150%2C150 450w\" sizes=\"auto, (max-width: 150px) 100vw, 150px\" \/><\/a> <a href=\"https:\/\/i0.wp.com\/www.jojoenherbe.com\/wp-content\/uploads\/2019\/11\/La-soupe-au-potiron-Un-d%C3%A9lice.jpg\"><img data-recalc-dims=\"1\" loading=\"lazy\" decoding=\"async\" data-attachment-id=\"8360\" data-permalink=\"http:\/\/www.jojoenherbe.com\/index.php\/2019\/11\/07\/au-fil-des-pages-avec-la-soupe-de-potiron-et-un-delice\/la-soupe-au-potiron-un-delice\/\" data-orig-file=\"https:\/\/i0.wp.com\/www.jojoenherbe.com\/wp-content\/uploads\/2019\/11\/La-soupe-au-potiron-Un-d%C3%A9lice.jpg?fit=3264%2C1974\" data-orig-size=\"3264,1974\" data-comments-opened=\"1\" data-image-meta=\"{&quot;aperture&quot;:&quot;2.4&quot;,&quot;credit&quot;:&quot;&quot;,&quot;camera&quot;:&quot;iPhone 4S&quot;,&quot;caption&quot;:&quot;&quot;,&quot;created_timestamp&quot;:&quot;1573119166&quot;,&quot;copyright&quot;:&quot;&quot;,&quot;focal_length&quot;:&quot;4.28&quot;,&quot;iso&quot;:&quot;400&quot;,&quot;shutter_speed&quot;:&quot;0.058823529411765&quot;,&quot;title&quot;:&quot;&quot;,&quot;orientation&quot;:&quot;1&quot;}\" data-image-title=\"La soupe au potiron &amp;#8211; Un d\u00e9lice\" data-image-description=\"\" data-image-caption=\"\" data-large-file=\"https:\/\/i0.wp.com\/www.jojoenherbe.com\/wp-content\/uploads\/2019\/11\/La-soupe-au-potiron-Un-d%C3%A9lice.jpg?fit=676%2C409\" class=\"alignleft wp-image-8360 size-thumbnail\" src=\"https:\/\/i0.wp.com\/www.jojoenherbe.com\/wp-content\/uploads\/2019\/11\/La-soupe-au-potiron-Un-d%C3%A9lice.jpg?resize=150%2C150\" alt=\"\" width=\"150\" height=\"150\" srcset=\"https:\/\/i0.wp.com\/www.jojoenherbe.com\/wp-content\/uploads\/2019\/11\/La-soupe-au-potiron-Un-d%C3%A9lice.jpg?resize=150%2C150 150w, https:\/\/i0.wp.com\/www.jojoenherbe.com\/wp-content\/uploads\/2019\/11\/La-soupe-au-potiron-Un-d%C3%A9lice.jpg?zoom=2&amp;resize=150%2C150 300w, https:\/\/i0.wp.com\/www.jojoenherbe.com\/wp-content\/uploads\/2019\/11\/La-soupe-au-potiron-Un-d%C3%A9lice.jpg?zoom=3&amp;resize=150%2C150 450w\" sizes=\"auto, (max-width: 150px) 100vw, 150px\" \/><\/a>Nous finissons le mois avec d&rsquo;autres albums jeunesse et qui permettent de faire la transition avec des histoires sur l&rsquo;automne: <a href=\"http:\/\/www.jojoenherbe.com\/index.php\/2019\/10\/30\/au-fil-des-pages-avec-vicky-la-petite-sorciere\/\"><span style=\"text-decoration: underline;\">Vicky la petite sorci\u00e8re<\/span><\/a> de Marion Billet puis <a href=\"http:\/\/www.jojoenherbe.com\/index.php\/2019\/11\/07\/au-fil-des-pages-avec-la-soupe-de-potiron-et-un-delice\/\"><span style=\"text-decoration: underline;\">La soupe au potiron<\/span><\/a> d\u2019Helen Cooper et sa suite, <span style=\"text-decoration: underline;\">Un d\u00e9lice!<\/span>. <\/em><\/p>\n<p style=\"text-align: justify;\"><em>N&rsquo;h\u00e9sitez pas \u00e0 aller sur les blogs des organisatrices: <a href=\"http:\/\/www.lelivroblog.fr\/archive\/2019\/09\/26\/le-recapitulatif-du-challenge-halloween-2019-6178421.html\">Hilde<\/a> et <a href=\"http:\/\/www.myloubook.com\/2019\/09\/28\/challenge-halloween-2019-10-ans-billet-recapitulatif\/\">Lou<\/a> et des autres participants pour continuer l&rsquo;ambiance halloweenesque avant de plonger dans No\u00ebl et ses nouveaux challenges. Pour ma part, je repars avec plein de nouvelles id\u00e9es pour l&rsquo;ann\u00e9e prochaine! Merci \u00e0 Hilde et Lou pour toute l&rsquo;organisation. Ce fut un tr\u00e8s bon mois halloweenesque.<br \/>\n<\/em><\/p>\n<p><em><img data-recalc-dims=\"1\" loading=\"lazy\" decoding=\"async\" id=\"media-6034815\" class=\"aligncenter\" title=\"\" src=\"https:\/\/i0.wp.com\/www.lelivroblog.fr\/media\/02\/00\/1478601929.jpg?resize=406%2C287\" alt=\"Challenge Halloween 2019, calendrier\" width=\"406\" height=\"287\" \/><\/em><\/p>\n<p><em>\u00a0<\/em><\/p>\n","protected":false},"excerpt":{"rendered":"<p>Pour clore le Halloween Challenge 2019 de Hilde et Lou, voici un petit r\u00e9cap&rsquo; du mois \u00e9coul\u00e9 avec des lectures, bricolages, d\u00e9corations halloweenesques, etc. Un mois riche en d\u00e9couvertes, en \u00e9changes et partages avec les autres participants! Le challenge a d\u00e9but\u00e9 par un premier Hallow RAT du 27 septembre minuit au 29 septembre 2019. Lors [&hellip;]<\/p>\n","protected":false},"author":1,"featured_media":8393,"comment_status":"open","ping_status":"open","sticky":false,"template":"","format":"standard","meta":{"jetpack_post_was_ever_published":false,"_jetpack_newsletter_access":"","_jetpack_dont_email_post_to_subs":false,"_jetpack_newsletter_tier_id":0,"_jetpack_memberships_contains_paywalled_content":false,"_jetpack_memberships_contains_paid_content":false,"footnotes":""},"categories":[873],"tags":[20,409,596,874,875,877,21,209,341,339,906,364,367,727,830,866,770,876,789,340],"class_list":["post-7876","post","type-post","status-publish","format-standard","has-post-thumbnail","hentry","category-mini-challenger","tag-activites-pour-les-enfants","tag-albums-jeunesse","tag-bandes-dessinees","tag-bricolage","tag-citrouille","tag-creatures","tag-decorations","tag-diy","tag-fantome","tag-halloween","tag-halloween-challenge","tag-lecture","tag-lecture-jeunesse","tag-magie","tag-maison-hantee","tag-momies","tag-monstre","tag-potiron","tag-romans-jeunesse","tag-sorciere","post-preview"],"jetpack_featured_media_url":"https:\/\/i0.wp.com\/www.jojoenherbe.com\/wp-content\/uploads\/2019\/11\/Halloween-Challenge-2019.jpg?fit=3141%2C2090","jetpack_sharing_enabled":true,"jetpack_shortlink":"https:\/\/wp.me\/p9zhGx-232","jetpack_likes_enabled":true,"jetpack-related-posts":[{"id":28617,"url":"http:\/\/www.jojoenherbe.com\/index.php\/2022\/11\/01\/notre-mois-bloguesque-doctobre-2022\/","url_meta":{"origin":7876,"position":0},"title":"Notre mois bloguesque d&rsquo;octobre 2022","author":"Jojo","date":"1 novembre 2022","format":false,"excerpt":"C\u2019est le premier du mois alors voici un petit retour bloguesque sur octobre 2022 avec de nombreuses (re)lectures automnales et halloweenesques. Dans le cadre du challenge Halloween de Hilde et Lou, il y a eu de nombreux \u00e9changes conviviaux, entre les LC, ateliers cr\u00e9atifs, rendez-vous photo et un RAT Halloween\u2026","rel":"","context":"Dans &quot;Mini blogueur&quot;","block_context":{"text":"Mini blogueur","link":"http:\/\/www.jojoenherbe.com\/index.php\/category\/mini-blogueur\/"},"img":{"alt_text":"","src":"https:\/\/i0.wp.com\/www.jojoenherbe.com\/wp-content\/uploads\/2022\/10\/Selection-Octobre-2022-scaled.jpg?fit=1200%2C880&resize=350%2C200","width":350,"height":200,"srcset":"https:\/\/i0.wp.com\/www.jojoenherbe.com\/wp-content\/uploads\/2022\/10\/Selection-Octobre-2022-scaled.jpg?fit=1200%2C880&resize=350%2C200 1x, https:\/\/i0.wp.com\/www.jojoenherbe.com\/wp-content\/uploads\/2022\/10\/Selection-Octobre-2022-scaled.jpg?fit=1200%2C880&resize=525%2C300 1.5x, https:\/\/i0.wp.com\/www.jojoenherbe.com\/wp-content\/uploads\/2022\/10\/Selection-Octobre-2022-scaled.jpg?fit=1200%2C880&resize=700%2C400 2x, https:\/\/i0.wp.com\/www.jojoenherbe.com\/wp-content\/uploads\/2022\/10\/Selection-Octobre-2022-scaled.jpg?fit=1200%2C880&resize=1050%2C600 3x"},"classes":[]},{"id":27285,"url":"http:\/\/www.jojoenherbe.com\/index.php\/2022\/09\/01\/notre-mois-bloguesque-daout-2022\/","url_meta":{"origin":7876,"position":1},"title":"Notre mois bloguesque d&rsquo;ao\u00fbt 2022","author":"Jojo","date":"1 septembre 2022","format":false,"excerpt":"C\u2019est le premier du mois alors voici un petit retour bloguesque sur ao\u00fbt 2022. Apr\u00e8s un mois de juillet qui est pass\u00e9 bien vite, nous \u00e9tions d\u00e9j\u00e0 en ao\u00fbt, un mois qui a r\u00e9serv\u00e9 encore de nombreuses lectures et quelques balades estivales et malgr\u00e9 la chaleur caniculaire et les (trop)\u2026","rel":"","context":"Dans &quot;Mini blogueur&quot;","block_context":{"text":"Mini blogueur","link":"http:\/\/www.jojoenherbe.com\/index.php\/category\/mini-blogueur\/"},"img":{"alt_text":"","src":"https:\/\/i0.wp.com\/www.jojoenherbe.com\/wp-content\/uploads\/2022\/08\/Selection-Aout-2022-scaled.jpg?fit=1200%2C804&resize=350%2C200","width":350,"height":200,"srcset":"https:\/\/i0.wp.com\/www.jojoenherbe.com\/wp-content\/uploads\/2022\/08\/Selection-Aout-2022-scaled.jpg?fit=1200%2C804&resize=350%2C200 1x, https:\/\/i0.wp.com\/www.jojoenherbe.com\/wp-content\/uploads\/2022\/08\/Selection-Aout-2022-scaled.jpg?fit=1200%2C804&resize=525%2C300 1.5x, https:\/\/i0.wp.com\/www.jojoenherbe.com\/wp-content\/uploads\/2022\/08\/Selection-Aout-2022-scaled.jpg?fit=1200%2C804&resize=700%2C400 2x, https:\/\/i0.wp.com\/www.jojoenherbe.com\/wp-content\/uploads\/2022\/08\/Selection-Aout-2022-scaled.jpg?fit=1200%2C804&resize=1050%2C600 3x"},"classes":[]},{"id":27586,"url":"http:\/\/www.jojoenherbe.com\/index.php\/2022\/09\/14\/billet-de-suivi-challenge-halloween-2022\/","url_meta":{"origin":7876,"position":2},"title":"Billet de suivi: Challenge Halloween 2022","author":"Jojo","date":"14 septembre 2022","format":false,"excerpt":"Je participe \u00e0 nouveau cette ann\u00e9e au Challenge Halloween organis\u00e9 par Hilde et Lou et qui se d\u00e9roule du 23 septembre jusqu'en novembre 2022. D\u00e8s le 23 septembre 2022, elles ouvrent les portes de leur manoir. Le challenge commence en douceur par un d\u00e9poussi\u00e9rage de PAL, premi\u00e8res suggestions halloweenesques et\u2026","rel":"","context":"Dans &quot;Mini challenger&quot;","block_context":{"text":"Mini challenger","link":"http:\/\/www.jojoenherbe.com\/index.php\/category\/mini-challenger\/"},"img":{"alt_text":"","src":"https:\/\/i0.wp.com\/www.jojoenherbe.com\/wp-content\/uploads\/2022\/09\/Challenge-Halloween-2022.jpg?fit=1080%2C1080&resize=350%2C200","width":350,"height":200,"srcset":"https:\/\/i0.wp.com\/www.jojoenherbe.com\/wp-content\/uploads\/2022\/09\/Challenge-Halloween-2022.jpg?fit=1080%2C1080&resize=350%2C200 1x, https:\/\/i0.wp.com\/www.jojoenherbe.com\/wp-content\/uploads\/2022\/09\/Challenge-Halloween-2022.jpg?fit=1080%2C1080&resize=525%2C300 1.5x, https:\/\/i0.wp.com\/www.jojoenherbe.com\/wp-content\/uploads\/2022\/09\/Challenge-Halloween-2022.jpg?fit=1080%2C1080&resize=700%2C400 2x, https:\/\/i0.wp.com\/www.jojoenherbe.com\/wp-content\/uploads\/2022\/09\/Challenge-Halloween-2022.jpg?fit=1080%2C1080&resize=1050%2C600 3x"},"classes":[]},{"id":27914,"url":"http:\/\/www.jojoenherbe.com\/index.php\/2022\/10\/01\/notre-mois-bloguesque-de-septembre-2022\/","url_meta":{"origin":7876,"position":3},"title":"Notre mois bloguesque de septembre 2022","author":"Jojo","date":"1 octobre 2022","format":false,"excerpt":"C\u2019est le premier du mois alors voici un petit retour bloguesque sur septembre 2022, un mois marquant la fin de l'\u00e9t\u00e9 et la rentr\u00e9e des classes. Laissant derri\u00e8re nous nos lectures estivales, nous nous sommes tourn\u00e9s vers celles automnales. J'ai \u00e9galement pr\u00e9par\u00e9 doucement mais s\u00fbrement nos\u00a0 lectures pour le challenge\u2026","rel":"","context":"Dans &quot;Mini blogueur&quot;","block_context":{"text":"Mini blogueur","link":"http:\/\/www.jojoenherbe.com\/index.php\/category\/mini-blogueur\/"},"img":{"alt_text":"","src":"https:\/\/i0.wp.com\/www.jojoenherbe.com\/wp-content\/uploads\/2022\/09\/Selection-Septembre-2022-scaled.jpg?fit=1200%2C906&resize=350%2C200","width":350,"height":200,"srcset":"https:\/\/i0.wp.com\/www.jojoenherbe.com\/wp-content\/uploads\/2022\/09\/Selection-Septembre-2022-scaled.jpg?fit=1200%2C906&resize=350%2C200 1x, https:\/\/i0.wp.com\/www.jojoenherbe.com\/wp-content\/uploads\/2022\/09\/Selection-Septembre-2022-scaled.jpg?fit=1200%2C906&resize=525%2C300 1.5x, https:\/\/i0.wp.com\/www.jojoenherbe.com\/wp-content\/uploads\/2022\/09\/Selection-Septembre-2022-scaled.jpg?fit=1200%2C906&resize=700%2C400 2x, https:\/\/i0.wp.com\/www.jojoenherbe.com\/wp-content\/uploads\/2022\/09\/Selection-Septembre-2022-scaled.jpg?fit=1200%2C906&resize=1050%2C600 3x"},"classes":[]},{"id":21156,"url":"http:\/\/www.jojoenherbe.com\/index.php\/2021\/10\/01\/notre-mois-bloguesque-de-septembre-2021\/","url_meta":{"origin":7876,"position":4},"title":"Notre mois bloguesque de septembre 2021","author":"Jojo","date":"1 octobre 2021","format":false,"excerpt":"C'est le d\u00e9but du mois d'octobre alors voici un petit retour bloguesque sur septembre 2021. Apr\u00e8s un mois d\u2019ao\u00fbt entre Nature et lectures, voici le temps de la rentr\u00e9e scolaire et un peu plus tard dans le mois de l\u2019automne. Nos (re)lectures estivales ont laisser place \u00e0 celles automnales. C\u00f4t\u00e9\u2026","rel":"","context":"Dans &quot;Mini blogueur&quot;","block_context":{"text":"Mini blogueur","link":"http:\/\/www.jojoenherbe.com\/index.php\/category\/mini-blogueur\/"},"img":{"alt_text":"","src":"https:\/\/i0.wp.com\/www.jojoenherbe.com\/wp-content\/uploads\/2021\/09\/Selection-septembre-2021-scaled.jpg?fit=1200%2C900&resize=350%2C200","width":350,"height":200,"srcset":"https:\/\/i0.wp.com\/www.jojoenherbe.com\/wp-content\/uploads\/2021\/09\/Selection-septembre-2021-scaled.jpg?fit=1200%2C900&resize=350%2C200 1x, https:\/\/i0.wp.com\/www.jojoenherbe.com\/wp-content\/uploads\/2021\/09\/Selection-septembre-2021-scaled.jpg?fit=1200%2C900&resize=525%2C300 1.5x, https:\/\/i0.wp.com\/www.jojoenherbe.com\/wp-content\/uploads\/2021\/09\/Selection-septembre-2021-scaled.jpg?fit=1200%2C900&resize=700%2C400 2x, https:\/\/i0.wp.com\/www.jojoenherbe.com\/wp-content\/uploads\/2021\/09\/Selection-septembre-2021-scaled.jpg?fit=1200%2C900&resize=1050%2C600 3x"},"classes":[]},{"id":41124,"url":"http:\/\/www.jojoenherbe.com\/index.php\/2025\/11\/03\/bilan-de-lecture-octobre-2025\/","url_meta":{"origin":7876,"position":5},"title":"Bilan de lecture: octobre 2025","author":"Jojo","date":"3 novembre 2025","format":false,"excerpt":"En ce d\u00e9but novembre 2025, voici mon bilan de lectures d'octobre 2025 avec surtout des lectures pour le\u00a0Challenge Halloween coorganis\u00e9, comme chaque ann\u00e9e, par Hilde et Lou. Comme depuis un certain temps d\u00e9j\u00e0, je pensais faire bien plus que ce qui a \u00e9t\u00e9 finalement fait, que ce soit c\u00f4t\u00e9 balades,\u2026","rel":"","context":"Dans &quot;Mini blogueur&quot;","block_context":{"text":"Mini blogueur","link":"http:\/\/www.jojoenherbe.com\/index.php\/category\/mini-blogueur\/"},"img":{"alt_text":"","src":"https:\/\/i0.wp.com\/www.jojoenherbe.com\/wp-content\/uploads\/2025\/10\/Selection-Octobre-2025-scaled.jpg?fit=1200%2C1005&resize=350%2C200","width":350,"height":200,"srcset":"https:\/\/i0.wp.com\/www.jojoenherbe.com\/wp-content\/uploads\/2025\/10\/Selection-Octobre-2025-scaled.jpg?fit=1200%2C1005&resize=350%2C200 1x, https:\/\/i0.wp.com\/www.jojoenherbe.com\/wp-content\/uploads\/2025\/10\/Selection-Octobre-2025-scaled.jpg?fit=1200%2C1005&resize=525%2C300 1.5x, https:\/\/i0.wp.com\/www.jojoenherbe.com\/wp-content\/uploads\/2025\/10\/Selection-Octobre-2025-scaled.jpg?fit=1200%2C1005&resize=700%2C400 2x, https:\/\/i0.wp.com\/www.jojoenherbe.com\/wp-content\/uploads\/2025\/10\/Selection-Octobre-2025-scaled.jpg?fit=1200%2C1005&resize=1050%2C600 3x"},"classes":[]}],"_links":{"self":[{"href":"http:\/\/www.jojoenherbe.com\/index.php\/wp-json\/wp\/v2\/posts\/7876","targetHints":{"allow":["GET"]}}],"collection":[{"href":"http:\/\/www.jojoenherbe.com\/index.php\/wp-json\/wp\/v2\/posts"}],"about":[{"href":"http:\/\/www.jojoenherbe.com\/index.php\/wp-json\/wp\/v2\/types\/post"}],"author":[{"embeddable":true,"href":"http:\/\/www.jojoenherbe.com\/index.php\/wp-json\/wp\/v2\/users\/1"}],"replies":[{"embeddable":true,"href":"http:\/\/www.jojoenherbe.com\/index.php\/wp-json\/wp\/v2\/comments?post=7876"}],"version-history":[{"count":0,"href":"http:\/\/www.jojoenherbe.com\/index.php\/wp-json\/wp\/v2\/posts\/7876\/revisions"}],"wp:featuredmedia":[{"embeddable":true,"href":"http:\/\/www.jojoenherbe.com\/index.php\/wp-json\/wp\/v2\/media\/8393"}],"wp:attachment":[{"href":"http:\/\/www.jojoenherbe.com\/index.php\/wp-json\/wp\/v2\/media?parent=7876"}],"wp:term":[{"taxonomy":"category","embeddable":true,"href":"http:\/\/www.jojoenherbe.com\/index.php\/wp-json\/wp\/v2\/categories?post=7876"},{"taxonomy":"post_tag","embeddable":true,"href":"http:\/\/www.jojoenherbe.com\/index.php\/wp-json\/wp\/v2\/tags?post=7876"}],"curies":[{"name":"wp","href":"https:\/\/api.w.org\/{rel}","templated":true}]}}