{"id":7871,"date":"2019-10-07T11:11:50","date_gmt":"2019-10-07T09:11:50","guid":{"rendered":"http:\/\/www.jojoenherbe.com\/?p=7871"},"modified":"2021-11-05T17:17:33","modified_gmt":"2021-11-05T16:17:33","slug":"au-fil-des-pages-avec-le-fantome-de-canterville-et-autres-nouvelles","status":"publish","type":"post","link":"http:\/\/www.jojoenherbe.com\/index.php\/2019\/10\/07\/au-fil-des-pages-avec-le-fantome-de-canterville-et-autres-nouvelles\/","title":{"rendered":"Au fil des pages avec Le fant\u00f4me de Canterville et autres nouvelles"},"content":{"rendered":"<p style=\"text-align: justify;\"><em><a href=\"https:\/\/i0.wp.com\/www.jojoenherbe.com\/wp-content\/uploads\/2019\/10\/Le-fant%C3%B4me-de-Canterville-2.jpg\"><img data-recalc-dims=\"1\" loading=\"lazy\" decoding=\"async\" data-attachment-id=\"7882\" data-permalink=\"http:\/\/www.jojoenherbe.com\/index.php\/2019\/10\/07\/au-fil-des-pages-avec-le-fantome-de-canterville-et-autres-nouvelles\/le-fantome-de-canterville-2\/\" data-orig-file=\"https:\/\/i0.wp.com\/www.jojoenherbe.com\/wp-content\/uploads\/2019\/10\/Le-fant%C3%B4me-de-Canterville-2.jpg?fit=3264%2C2448\" data-orig-size=\"3264,2448\" data-comments-opened=\"1\" data-image-meta=\"{&quot;aperture&quot;:&quot;2.4&quot;,&quot;credit&quot;:&quot;&quot;,&quot;camera&quot;:&quot;iPhone 4S&quot;,&quot;caption&quot;:&quot;&quot;,&quot;created_timestamp&quot;:&quot;1570379969&quot;,&quot;copyright&quot;:&quot;&quot;,&quot;focal_length&quot;:&quot;4.28&quot;,&quot;iso&quot;:&quot;320&quot;,&quot;shutter_speed&quot;:&quot;0.05&quot;,&quot;title&quot;:&quot;&quot;,&quot;orientation&quot;:&quot;1&quot;}\" data-image-title=\"Le fant\u00f4me de Canterville 2\" data-image-description=\"\" data-image-caption=\"\" data-large-file=\"https:\/\/i0.wp.com\/www.jojoenherbe.com\/wp-content\/uploads\/2019\/10\/Le-fant%C3%B4me-de-Canterville-2.jpg?fit=676%2C507\" class=\"alignleft wp-image-7882 size-thumbnail\" src=\"https:\/\/i0.wp.com\/www.jojoenherbe.com\/wp-content\/uploads\/2019\/10\/Le-fant%C3%B4me-de-Canterville-2.jpg?resize=150%2C150\" alt=\"\" width=\"150\" height=\"150\" srcset=\"https:\/\/i0.wp.com\/www.jojoenherbe.com\/wp-content\/uploads\/2019\/10\/Le-fant%C3%B4me-de-Canterville-2.jpg?resize=150%2C150 150w, https:\/\/i0.wp.com\/www.jojoenherbe.com\/wp-content\/uploads\/2019\/10\/Le-fant%C3%B4me-de-Canterville-2.jpg?zoom=2&amp;resize=150%2C150 300w, https:\/\/i0.wp.com\/www.jojoenherbe.com\/wp-content\/uploads\/2019\/10\/Le-fant%C3%B4me-de-Canterville-2.jpg?zoom=3&amp;resize=150%2C150 450w\" sizes=\"auto, (max-width: 150px) 100vw, 150px\" \/><\/a> <a href=\"https:\/\/i0.wp.com\/www.jojoenherbe.com\/wp-content\/uploads\/2019\/10\/Le-fant%C3%B4me-de-Canterville-3.jpg\"><img data-recalc-dims=\"1\" loading=\"lazy\" decoding=\"async\" data-attachment-id=\"7883\" data-permalink=\"http:\/\/www.jojoenherbe.com\/index.php\/2019\/10\/07\/au-fil-des-pages-avec-le-fantome-de-canterville-et-autres-nouvelles\/le-fantome-de-canterville-3\/\" data-orig-file=\"https:\/\/i0.wp.com\/www.jojoenherbe.com\/wp-content\/uploads\/2019\/10\/Le-fant%C3%B4me-de-Canterville-3.jpg?fit=3264%2C2117\" data-orig-size=\"3264,2117\" data-comments-opened=\"1\" data-image-meta=\"{&quot;aperture&quot;:&quot;2.4&quot;,&quot;credit&quot;:&quot;&quot;,&quot;camera&quot;:&quot;iPhone 4S&quot;,&quot;caption&quot;:&quot;&quot;,&quot;created_timestamp&quot;:&quot;1570445896&quot;,&quot;copyright&quot;:&quot;&quot;,&quot;focal_length&quot;:&quot;4.28&quot;,&quot;iso&quot;:&quot;400&quot;,&quot;shutter_speed&quot;:&quot;0.066666666666667&quot;,&quot;title&quot;:&quot;&quot;,&quot;orientation&quot;:&quot;1&quot;}\" data-image-title=\"Le fant\u00f4me de Canterville 3\" data-image-description=\"\" data-image-caption=\"\" data-large-file=\"https:\/\/i0.wp.com\/www.jojoenherbe.com\/wp-content\/uploads\/2019\/10\/Le-fant%C3%B4me-de-Canterville-3.jpg?fit=676%2C438\" class=\"alignleft wp-image-7883 size-thumbnail\" src=\"https:\/\/i0.wp.com\/www.jojoenherbe.com\/wp-content\/uploads\/2019\/10\/Le-fant%C3%B4me-de-Canterville-3.jpg?resize=150%2C150\" alt=\"\" width=\"150\" height=\"150\" srcset=\"https:\/\/i0.wp.com\/www.jojoenherbe.com\/wp-content\/uploads\/2019\/10\/Le-fant%C3%B4me-de-Canterville-3.jpg?resize=150%2C150 150w, https:\/\/i0.wp.com\/www.jojoenherbe.com\/wp-content\/uploads\/2019\/10\/Le-fant%C3%B4me-de-Canterville-3.jpg?zoom=2&amp;resize=150%2C150 300w, https:\/\/i0.wp.com\/www.jojoenherbe.com\/wp-content\/uploads\/2019\/10\/Le-fant%C3%B4me-de-Canterville-3.jpg?zoom=3&amp;resize=150%2C150 450w\" sizes=\"auto, (max-width: 150px) 100vw, 150px\" \/><\/a>J&#8217;emprunte \u00e0 la m\u00e9diath\u00e8que <span style=\"text-decoration: underline;\">Le fant\u00f4me de Canterville et autres nouvelles<\/span> d&rsquo;Oscar Wilde (\u00e9d. Le Livre de Poche Jeunesse, 2011), une nouvelle \u00e0 partir de 9 ans. Comme le titre l&rsquo;indique,\u00a0 nous suivons le fant\u00f4me de Sir Simon de Canterville qui hante depuis plusieurs si\u00e8cles un manoir r\u00e9cemment achet\u00e9 par la Famille Otis, des Am\u00e9ricains venus s&rsquo;installer au Domaine de Canterville Chase, en Angleterre. Aucun tour de fant\u00f4me ne semble fonctionner sur cette famille si mat\u00e9rialiste et pragmatique. Le fant\u00f4me, piqu\u00e9 dans son orgueil, est bien en peine face aux farces des jumeaux Otis et au scepticisme des parents? Serait-ce la fin de vie du fant\u00f4me terrifiant? <\/em><\/p>\n<p style=\"text-align: justify;\"><em>Les premiers chapitres auraient pu \u00eatre sous-titr\u00e9s les malheurs d&rsquo;un fant\u00f4me tant celui est martyris\u00e9 par les jumeaux Otis et bafou\u00e9 par les \u00e9poux Otis qui ont rem\u00e8de \u00e0 tout (de l&rsquo;huile pour graisser les cha\u00eenes du fant\u00f4me par exemple). Puis l&rsquo;humour grin\u00e7ant et satirique laisse place \u00e0 un texte plus intimiste avec la rencontre du fant\u00f4me avec Virginia, la fille des \u00e9poux Otis. <\/em><\/p>\n<p style=\"text-align: justify;\"><em>Dans cette nouvelle, sous des airs de conte surnaturel, l&rsquo;auteur s&rsquo;amuse du choc culturel de la fin du XIX\u00e8me si\u00e8cle entre la bourgeoisie am\u00e9ricaine bien trop mat\u00e9rialiste et l&rsquo;aristocratie britannique ancr\u00e9e dans ses vieilles traditions et superstitions. Un brin d&rsquo;humour so british \u00e9galement dans les deux autres nouvelles de ce livre, <span style=\"text-decoration: underline;\">Le crime de Lord Arthur Savile<\/span> et <span style=\"text-decoration: underline;\">Le millionnaire mod\u00e8le<\/span>!<br \/>\n<\/em><\/p>\n<p style=\"text-align: justify;\"><em>Pour un autre avis sur <span style=\"text-decoration: underline;\">Le fant\u00f4me de Canterville<\/span>: <a href=\"http:\/\/ribambelledhistoires.over-blog.com\/2019\/10\/le-fantome-de-canterville-oscar-wilde.html\">Isabelle<\/a>.<\/em><\/p>\n<div id=\"attachment_25301\" style=\"width: 152px\" class=\"wp-caption alignleft\"><img data-recalc-dims=\"1\" loading=\"lazy\" decoding=\"async\" aria-describedby=\"caption-attachment-25301\" class=\"wp-image-25301\" src=\"https:\/\/i0.wp.com\/www.myloubook.com\/wp-content\/uploads\/2019\/09\/logo-halloween-2019-candles.jpg?resize=142%2C96\" sizes=\"auto, (max-width: 1000px) 100vw, 1000px\" srcset=\"http:\/\/www.myloubook.com\/wp-content\/uploads\/2019\/09\/logo-halloween-2019-candles.jpg 1000w, http:\/\/www.myloubook.com\/wp-content\/uploads\/2019\/09\/logo-halloween-2019-candles-300x203.jpg 300w, http:\/\/www.myloubook.com\/wp-content\/uploads\/2019\/09\/logo-halloween-2019-candles-768x519.jpg 768w\" alt=\"\" width=\"142\" height=\"96\" \/><p id=\"caption-attachment-25301\" class=\"wp-caption-text\">Challenge Halloween 2019 de <a href=\"http:\/\/www.lelivroblog.fr\/archive\/2019\/09\/26\/le-recapitulatif-du-challenge-halloween-2019-6178421.html\">Hilde<\/a> et <a href=\"http:\/\/www.myloubook.com\/2019\/09\/28\/challenge-halloween-2019-10-ans-billet-recapitulatif\/\">Lou<\/a><\/p><\/div>\n<div id=\"attachment_12539\" style=\"width: 142px\" class=\"wp-caption alignleft\"><img data-recalc-dims=\"1\" loading=\"lazy\" decoding=\"async\" aria-describedby=\"caption-attachment-12539\" class=\"wp-image-12539\" src=\"https:\/\/i0.wp.com\/mapetitemediatheque.fr\/wp-content\/uploads\/2019\/09\/challenge-halloween-contes-et-l%C3%A9gendes.jpg?resize=132%2C97\" alt=\"\" width=\"132\" height=\"97\" \/><p id=\"caption-attachment-12539\" class=\"wp-caption-text\">participation #3 <a href=\"https:\/\/mapetitemediatheque.fr\/2019\/10\/le-challenge-contes-et-legendes-au-pays-dhalloween-avec-lou-et-hilde\/\">Challenge Contes et L\u00e9gendes au pays d&rsquo;Halloween<\/a> de Bidib<\/p><\/div>\n<div id=\"attachment_33643\" style=\"width: 148px\" class=\"wp-caption alignleft\"><img data-recalc-dims=\"1\" loading=\"lazy\" decoding=\"async\" aria-describedby=\"caption-attachment-33643\" class=\"wp-image-33643\" src=\"https:\/\/i0.wp.com\/delivrer-des-livres.fr\/wp-content\/uploads\/2019\/01\/petit-bac-2019.jpg?resize=138%2C105\" sizes=\"auto, (max-width: 200px) 100vw, 200px\" srcset=\"http:\/\/delivrer-des-livres.fr\/wp-content\/uploads\/2019\/01\/petit-bac-2019.jpg 285w, http:\/\/delivrer-des-livres.fr\/wp-content\/uploads\/2019\/01\/petit-bac-2019-150x114.jpg 150w\" alt=\"\" width=\"138\" height=\"105\" \/><p id=\"caption-attachment-33643\" class=\"wp-caption-text\"><a href=\"https:\/\/ennalit.wordpress.com\/2018\/12\/01\/challenge-petit-bac-2019-qui-veut-jouer\/\">Challenge Petit Bac d&rsquo;Enna<\/a> &#8211; #11 cat\u00e9gorie Lecture: \u00ab\u00a0Nouvelles\u00a0\u00bb<\/p><\/div>\n","protected":false},"excerpt":{"rendered":"<p>J&#8217;emprunte \u00e0 la m\u00e9diath\u00e8que Le fant\u00f4me de Canterville et autres nouvelles d&rsquo;Oscar Wilde (\u00e9d. Le Livre de Poche Jeunesse, 2011), une nouvelle \u00e0 partir de 9 ans. Comme le titre l&rsquo;indique,\u00a0 nous suivons le fant\u00f4me de Sir Simon de Canterville qui hante depuis plusieurs si\u00e8cles un manoir r\u00e9cemment achet\u00e9 par la Famille Otis, des Am\u00e9ricains [&hellip;]<\/p>\n","protected":false},"author":1,"featured_media":7884,"comment_status":"open","ping_status":"open","sticky":false,"template":"","format":"standard","meta":{"jetpack_post_was_ever_published":false,"_jetpack_newsletter_access":"","_jetpack_dont_email_post_to_subs":false,"_jetpack_newsletter_tier_id":0,"_jetpack_memberships_contains_paywalled_content":false,"_jetpack_memberships_contains_paid_content":false,"footnotes":""},"categories":[363],"tags":[852,1368,1349,245,341,1386,367,1797,872,871,1768,789],"class_list":["post-7871","post","type-post","status-publish","format-standard","has-post-thumbnail","hentry","category-mini-lecteur","tag-9-12-ans","tag-challenge-contes-et-legendes-2019","tag-challenge-petit-bac-2019","tag-contes","tag-fantome","tag-halloween-challenge-2019","tag-lecture-jeunesse","tag-lectures-dhalloween","tag-manoir-hante","tag-nouvelles","tag-osar-wilde","tag-romans-jeunesse","post-preview"],"jetpack_featured_media_url":"https:\/\/i0.wp.com\/www.jojoenherbe.com\/wp-content\/uploads\/2019\/10\/Le-fant%C3%B4me-de-Canterville.jpg?fit=2591%2C2183","jetpack_sharing_enabled":true,"jetpack_shortlink":"https:\/\/wp.me\/p9zhGx-22X","jetpack_likes_enabled":true,"jetpack-related-posts":[{"id":41221,"url":"http:\/\/www.jojoenherbe.com\/index.php\/2025\/11\/05\/au-fil-des-pages-avec-le-fantome-de-canterville\/","url_meta":{"origin":7871,"position":0},"title":"Au fil des pages avec Le fant\u00f4me de Canterville","author":"Jojo","date":"5 novembre 2025","format":false,"excerpt":"J'ai lu, en version num\u00e9rique via ma m\u00e9diath\u00e8que, Le fant\u00f4me de Canterville d'Ell\u00e9a Bird (\u00e9d. Jungle, octobre 2018, 64 pages), une adaptation en BD jeunesse \u00e0 partir de 9\/10 ans de la nouvelle \u00e9ponyme d'Oscar Wilde. A la fin du XIXe si\u00e8cle, la famille Otis, de riches Am\u00e9ricains, viennent s'installer\u2026","rel":"","context":"Dans &quot;Mini lecteur&quot;","block_context":{"text":"Mini lecteur","link":"http:\/\/www.jojoenherbe.com\/index.php\/category\/mini-lecteur\/"},"img":{"alt_text":"","src":"https:\/\/i0.wp.com\/www.jojoenherbe.com\/wp-content\/uploads\/2025\/11\/Le-Fantome-de-Canterville-BD.jpg?fit=750%2C1048&resize=350%2C200","width":350,"height":200,"srcset":"https:\/\/i0.wp.com\/www.jojoenherbe.com\/wp-content\/uploads\/2025\/11\/Le-Fantome-de-Canterville-BD.jpg?fit=750%2C1048&resize=350%2C200 1x, https:\/\/i0.wp.com\/www.jojoenherbe.com\/wp-content\/uploads\/2025\/11\/Le-Fantome-de-Canterville-BD.jpg?fit=750%2C1048&resize=525%2C300 1.5x, https:\/\/i0.wp.com\/www.jojoenherbe.com\/wp-content\/uploads\/2025\/11\/Le-Fantome-de-Canterville-BD.jpg?fit=750%2C1048&resize=700%2C400 2x"},"classes":[]},{"id":13089,"url":"http:\/\/www.jojoenherbe.com\/index.php\/2020\/10\/20\/notre-selection-fantomes-pour-le-challenge-halloween\/","url_meta":{"origin":7871,"position":1},"title":"Notre s\u00e9lection \u00ab\u00a0Fant\u00f4mes\u00a0\u00bb pour le Challenge Halloween","author":"Jojo","date":"20 octobre 2020","format":false,"excerpt":"Pour le Challenge Halloween 2020, je continue mes s\u00e9lections suivant les cr\u00e9atures halloweenesques que nous pouvons croiser. Apr\u00e8s les sorci\u00e8res et les ogres, voici notre s\u00e9lection \"Fant\u00f4mes\". Des albums jeunesse: Oscar le fant\u00f4me d'Andr\u00e9 Bouchard (\u00e9d. Saltimbanque, 2018), un album jeunesse \u00e0 partir de 3 ans selon l'\u00e9diteur mais, selon\u2026","rel":"","context":"Dans &quot;Mini challenger&quot;","block_context":{"text":"Mini challenger","link":"http:\/\/www.jojoenherbe.com\/index.php\/category\/mini-challenger\/"},"img":{"alt_text":"","src":"https:\/\/i0.wp.com\/www.jojoenherbe.com\/wp-content\/uploads\/2020\/10\/Selection-Fantomes-scaled.jpg?fit=1200%2C900&resize=350%2C200","width":350,"height":200,"srcset":"https:\/\/i0.wp.com\/www.jojoenherbe.com\/wp-content\/uploads\/2020\/10\/Selection-Fantomes-scaled.jpg?fit=1200%2C900&resize=350%2C200 1x, https:\/\/i0.wp.com\/www.jojoenherbe.com\/wp-content\/uploads\/2020\/10\/Selection-Fantomes-scaled.jpg?fit=1200%2C900&resize=525%2C300 1.5x, https:\/\/i0.wp.com\/www.jojoenherbe.com\/wp-content\/uploads\/2020\/10\/Selection-Fantomes-scaled.jpg?fit=1200%2C900&resize=700%2C400 2x, https:\/\/i0.wp.com\/www.jojoenherbe.com\/wp-content\/uploads\/2020\/10\/Selection-Fantomes-scaled.jpg?fit=1200%2C900&resize=1050%2C600 3x"},"classes":[]},{"id":7742,"url":"http:\/\/www.jojoenherbe.com\/index.php\/2019\/10\/01\/au-fil-des-pages-avec-la-fiancee-du-fantome\/","url_meta":{"origin":7871,"position":2},"title":"Au fil des pages avec La fianc\u00e9e du fant\u00f4me","author":"Jojo","date":"1 octobre 2019","format":false,"excerpt":"Dans le cadre du Halloween Challenge 2019 organis\u00e9 par Lou et Hilde, nous empruntons \u00e0 la biblioth\u00e8que La fianc\u00e9e du fant\u00f4me de Malika Ferdjoukh (\u00e9d. L'\u00e9cole des loisirs, 2013), un roman jeunesse \u00e0 partir de 6 ou 7 ans. Avec un style interpelant le jeune lecteur, ce roman nous met\u2026","rel":"","context":"Dans &quot;Mini lecteur&quot;","block_context":{"text":"Mini lecteur","link":"http:\/\/www.jojoenherbe.com\/index.php\/category\/mini-lecteur\/"},"img":{"alt_text":"","src":"https:\/\/i0.wp.com\/www.jojoenherbe.com\/wp-content\/uploads\/2019\/10\/La-fianc%C3%A9e-du-fant%C3%B4me-1.jpg?fit=1200%2C1085&resize=350%2C200","width":350,"height":200,"srcset":"https:\/\/i0.wp.com\/www.jojoenherbe.com\/wp-content\/uploads\/2019\/10\/La-fianc%C3%A9e-du-fant%C3%B4me-1.jpg?fit=1200%2C1085&resize=350%2C200 1x, https:\/\/i0.wp.com\/www.jojoenherbe.com\/wp-content\/uploads\/2019\/10\/La-fianc%C3%A9e-du-fant%C3%B4me-1.jpg?fit=1200%2C1085&resize=525%2C300 1.5x, https:\/\/i0.wp.com\/www.jojoenherbe.com\/wp-content\/uploads\/2019\/10\/La-fianc%C3%A9e-du-fant%C3%B4me-1.jpg?fit=1200%2C1085&resize=700%2C400 2x, https:\/\/i0.wp.com\/www.jojoenherbe.com\/wp-content\/uploads\/2019\/10\/La-fianc%C3%A9e-du-fant%C3%B4me-1.jpg?fit=1200%2C1085&resize=1050%2C600 3x"},"classes":[]},{"id":7733,"url":"http:\/\/www.jojoenherbe.com\/index.php\/2019\/10\/05\/au-fil-des-pages-avec-oscar-le-fantome\/","url_meta":{"origin":7871,"position":3},"title":"Au fil des pages avec Oscar le fant\u00f4me","author":"Jojo","date":"5 octobre 2019","format":false,"excerpt":"Dans le cadre du Halloween Challenge 2019 organis\u00e9 par Lou et Hilde en duo le samedi matin avec le challenge Je lis aussi des albums de Sophie H\u00e9risson, nous empruntons \u00e0 la biblioth\u00e8que Oscar le fant\u00f4me d'Andr\u00e9 Bouchard (\u00e9d. Saltimbanque, 2018), un album jeunesse \u00e0 partir de 3 ans selon\u2026","rel":"","context":"Dans &quot;Mini lecteur&quot;","block_context":{"text":"Mini lecteur","link":"http:\/\/www.jojoenherbe.com\/index.php\/category\/mini-lecteur\/"},"img":{"alt_text":"","src":"https:\/\/i0.wp.com\/www.jojoenherbe.com\/wp-content\/uploads\/2019\/10\/Oscar-le-fant%C3%B4me.jpg?fit=1200%2C1165&resize=350%2C200","width":350,"height":200,"srcset":"https:\/\/i0.wp.com\/www.jojoenherbe.com\/wp-content\/uploads\/2019\/10\/Oscar-le-fant%C3%B4me.jpg?fit=1200%2C1165&resize=350%2C200 1x, https:\/\/i0.wp.com\/www.jojoenherbe.com\/wp-content\/uploads\/2019\/10\/Oscar-le-fant%C3%B4me.jpg?fit=1200%2C1165&resize=525%2C300 1.5x, https:\/\/i0.wp.com\/www.jojoenherbe.com\/wp-content\/uploads\/2019\/10\/Oscar-le-fant%C3%B4me.jpg?fit=1200%2C1165&resize=700%2C400 2x, https:\/\/i0.wp.com\/www.jojoenherbe.com\/wp-content\/uploads\/2019\/10\/Oscar-le-fant%C3%B4me.jpg?fit=1200%2C1165&resize=1050%2C600 3x"},"classes":[]},{"id":7876,"url":"http:\/\/www.jojoenherbe.com\/index.php\/2019\/11\/08\/petit-recap-du-halloween-challenge-2019\/","url_meta":{"origin":7871,"position":4},"title":"Petit r\u00e9cap&rsquo; du Halloween Challenge 2019","author":"Jojo","date":"8 novembre 2019","format":false,"excerpt":"Pour clore le Halloween Challenge 2019 de Hilde et Lou, voici un petit r\u00e9cap' du mois \u00e9coul\u00e9 avec des lectures, bricolages, d\u00e9corations halloweenesques, etc. Un mois riche en d\u00e9couvertes, en \u00e9changes et partages avec les autres participants! Le challenge a d\u00e9but\u00e9 par un premier Hallow RAT du 27 septembre minuit\u2026","rel":"","context":"Dans &quot;Mini challenger&quot;","block_context":{"text":"Mini challenger","link":"http:\/\/www.jojoenherbe.com\/index.php\/category\/mini-challenger\/"},"img":{"alt_text":"","src":"https:\/\/i0.wp.com\/www.jojoenherbe.com\/wp-content\/uploads\/2019\/11\/Halloween-Challenge-2019.jpg?fit=1200%2C798&resize=350%2C200","width":350,"height":200,"srcset":"https:\/\/i0.wp.com\/www.jojoenherbe.com\/wp-content\/uploads\/2019\/11\/Halloween-Challenge-2019.jpg?fit=1200%2C798&resize=350%2C200 1x, https:\/\/i0.wp.com\/www.jojoenherbe.com\/wp-content\/uploads\/2019\/11\/Halloween-Challenge-2019.jpg?fit=1200%2C798&resize=525%2C300 1.5x, https:\/\/i0.wp.com\/www.jojoenherbe.com\/wp-content\/uploads\/2019\/11\/Halloween-Challenge-2019.jpg?fit=1200%2C798&resize=700%2C400 2x, https:\/\/i0.wp.com\/www.jojoenherbe.com\/wp-content\/uploads\/2019\/11\/Halloween-Challenge-2019.jpg?fit=1200%2C798&resize=1050%2C600 3x"},"classes":[]},{"id":41069,"url":"http:\/\/www.jojoenherbe.com\/index.php\/2025\/10\/30\/au-fil-des-pages-avec-edgar-et-la-malediction-du-corbeau\/","url_meta":{"origin":7871,"position":5},"title":"Au fil des pages avec Edgar et la mal\u00e9diction du corbeau","author":"Jojo","date":"30 octobre 2025","format":false,"excerpt":"Nous avons lu, avec mon mini sorcier, Edgar et la mal\u00e9diction du corbeau de S\u00e9verine Gauthier et Cl\u00e9ment Lef\u00e8vre (\u00e9d. Little Urban, septembre 2025, 48 pages), un album jeunesse \u00e0 partir de 4 ans. Edgar, un jeune gar\u00e7on vit dans un manoir hant\u00e9, s'\u00e9tant li\u00e9 d'amiti\u00e9 avec les fant\u00f4mes et\u2026","rel":"","context":"Dans &quot;Mini lecteur&quot;","block_context":{"text":"Mini lecteur","link":"http:\/\/www.jojoenherbe.com\/index.php\/category\/mini-lecteur\/"},"img":{"alt_text":"","src":"https:\/\/i0.wp.com\/www.jojoenherbe.com\/wp-content\/uploads\/2025\/10\/Edgar-et-la-malediction-du-corbeau-scaled.jpg?fit=1200%2C870&resize=350%2C200","width":350,"height":200,"srcset":"https:\/\/i0.wp.com\/www.jojoenherbe.com\/wp-content\/uploads\/2025\/10\/Edgar-et-la-malediction-du-corbeau-scaled.jpg?fit=1200%2C870&resize=350%2C200 1x, https:\/\/i0.wp.com\/www.jojoenherbe.com\/wp-content\/uploads\/2025\/10\/Edgar-et-la-malediction-du-corbeau-scaled.jpg?fit=1200%2C870&resize=525%2C300 1.5x, https:\/\/i0.wp.com\/www.jojoenherbe.com\/wp-content\/uploads\/2025\/10\/Edgar-et-la-malediction-du-corbeau-scaled.jpg?fit=1200%2C870&resize=700%2C400 2x, https:\/\/i0.wp.com\/www.jojoenherbe.com\/wp-content\/uploads\/2025\/10\/Edgar-et-la-malediction-du-corbeau-scaled.jpg?fit=1200%2C870&resize=1050%2C600 3x"},"classes":[]}],"_links":{"self":[{"href":"http:\/\/www.jojoenherbe.com\/index.php\/wp-json\/wp\/v2\/posts\/7871","targetHints":{"allow":["GET"]}}],"collection":[{"href":"http:\/\/www.jojoenherbe.com\/index.php\/wp-json\/wp\/v2\/posts"}],"about":[{"href":"http:\/\/www.jojoenherbe.com\/index.php\/wp-json\/wp\/v2\/types\/post"}],"author":[{"embeddable":true,"href":"http:\/\/www.jojoenherbe.com\/index.php\/wp-json\/wp\/v2\/users\/1"}],"replies":[{"embeddable":true,"href":"http:\/\/www.jojoenherbe.com\/index.php\/wp-json\/wp\/v2\/comments?post=7871"}],"version-history":[{"count":0,"href":"http:\/\/www.jojoenherbe.com\/index.php\/wp-json\/wp\/v2\/posts\/7871\/revisions"}],"wp:featuredmedia":[{"embeddable":true,"href":"http:\/\/www.jojoenherbe.com\/index.php\/wp-json\/wp\/v2\/media\/7884"}],"wp:attachment":[{"href":"http:\/\/www.jojoenherbe.com\/index.php\/wp-json\/wp\/v2\/media?parent=7871"}],"wp:term":[{"taxonomy":"category","embeddable":true,"href":"http:\/\/www.jojoenherbe.com\/index.php\/wp-json\/wp\/v2\/categories?post=7871"},{"taxonomy":"post_tag","embeddable":true,"href":"http:\/\/www.jojoenherbe.com\/index.php\/wp-json\/wp\/v2\/tags?post=7871"}],"curies":[{"name":"wp","href":"https:\/\/api.w.org\/{rel}","templated":true}]}}