{"id":7717,"date":"2019-10-02T08:00:53","date_gmt":"2019-10-02T06:00:53","guid":{"rendered":"http:\/\/www.jojoenherbe.com\/?p=7717"},"modified":"2020-09-15T13:06:52","modified_gmt":"2020-09-15T11:06:52","slug":"au-fil-des-pages-avec-merci-fantominus","status":"publish","type":"post","link":"http:\/\/www.jojoenherbe.com\/index.php\/2019\/10\/02\/au-fil-des-pages-avec-merci-fantominus\/","title":{"rendered":"Au fil des pages avec Merci Fant\u00f4minus!"},"content":{"rendered":"<p style=\"text-align: justify;\"><em><a href=\"https:\/\/i0.wp.com\/www.jojoenherbe.com\/wp-content\/uploads\/2019\/10\/Merci-Fant%C3%B4minus-2.jpg\"><img data-recalc-dims=\"1\" loading=\"lazy\" decoding=\"async\" data-attachment-id=\"7721\" data-permalink=\"http:\/\/www.jojoenherbe.com\/index.php\/2019\/10\/02\/au-fil-des-pages-avec-merci-fantominus\/merci-fantominus-2\/\" data-orig-file=\"https:\/\/i0.wp.com\/www.jojoenherbe.com\/wp-content\/uploads\/2019\/10\/Merci-Fant%C3%B4minus-2.jpg?fit=3264%2C2057\" data-orig-size=\"3264,2057\" data-comments-opened=\"1\" data-image-meta=\"{&quot;aperture&quot;:&quot;2.4&quot;,&quot;credit&quot;:&quot;&quot;,&quot;camera&quot;:&quot;iPhone 4S&quot;,&quot;caption&quot;:&quot;&quot;,&quot;created_timestamp&quot;:&quot;1569921313&quot;,&quot;copyright&quot;:&quot;&quot;,&quot;focal_length&quot;:&quot;4.28&quot;,&quot;iso&quot;:&quot;500&quot;,&quot;shutter_speed&quot;:&quot;0.066666666666667&quot;,&quot;title&quot;:&quot;&quot;,&quot;orientation&quot;:&quot;1&quot;}\" data-image-title=\"Merci Fant\u00f4minus 2\" data-image-description=\"\" data-image-caption=\"\" data-large-file=\"https:\/\/i0.wp.com\/www.jojoenherbe.com\/wp-content\/uploads\/2019\/10\/Merci-Fant%C3%B4minus-2.jpg?fit=676%2C426\" class=\"alignleft wp-image-7721 size-thumbnail\" src=\"https:\/\/i0.wp.com\/www.jojoenherbe.com\/wp-content\/uploads\/2019\/10\/Merci-Fant%C3%B4minus-2.jpg?resize=150%2C150\" alt=\"\" width=\"150\" height=\"150\" srcset=\"https:\/\/i0.wp.com\/www.jojoenherbe.com\/wp-content\/uploads\/2019\/10\/Merci-Fant%C3%B4minus-2.jpg?resize=150%2C150 150w, https:\/\/i0.wp.com\/www.jojoenherbe.com\/wp-content\/uploads\/2019\/10\/Merci-Fant%C3%B4minus-2.jpg?zoom=2&amp;resize=150%2C150 300w, https:\/\/i0.wp.com\/www.jojoenherbe.com\/wp-content\/uploads\/2019\/10\/Merci-Fant%C3%B4minus-2.jpg?zoom=3&amp;resize=150%2C150 450w\" sizes=\"auto, (max-width: 150px) 100vw, 150px\" \/><\/a> <a href=\"https:\/\/i0.wp.com\/www.jojoenherbe.com\/wp-content\/uploads\/2019\/10\/Merci-Fant%C3%B4minus-3.jpg\"><img data-recalc-dims=\"1\" loading=\"lazy\" decoding=\"async\" data-attachment-id=\"7722\" data-permalink=\"http:\/\/www.jojoenherbe.com\/index.php\/2019\/10\/02\/au-fil-des-pages-avec-merci-fantominus\/merci-fantominus-3\/\" data-orig-file=\"https:\/\/i0.wp.com\/www.jojoenherbe.com\/wp-content\/uploads\/2019\/10\/Merci-Fant%C3%B4minus-3.jpg?fit=3264%2C2033\" data-orig-size=\"3264,2033\" data-comments-opened=\"1\" data-image-meta=\"{&quot;aperture&quot;:&quot;2.4&quot;,&quot;credit&quot;:&quot;&quot;,&quot;camera&quot;:&quot;iPhone 4S&quot;,&quot;caption&quot;:&quot;&quot;,&quot;created_timestamp&quot;:&quot;1569921360&quot;,&quot;copyright&quot;:&quot;&quot;,&quot;focal_length&quot;:&quot;4.28&quot;,&quot;iso&quot;:&quot;500&quot;,&quot;shutter_speed&quot;:&quot;0.066666666666667&quot;,&quot;title&quot;:&quot;&quot;,&quot;orientation&quot;:&quot;1&quot;}\" data-image-title=\"Merci Fant\u00f4minus 3\" data-image-description=\"\" data-image-caption=\"\" data-large-file=\"https:\/\/i0.wp.com\/www.jojoenherbe.com\/wp-content\/uploads\/2019\/10\/Merci-Fant%C3%B4minus-3.jpg?fit=676%2C421\" class=\"alignleft wp-image-7722 size-thumbnail\" src=\"https:\/\/i0.wp.com\/www.jojoenherbe.com\/wp-content\/uploads\/2019\/10\/Merci-Fant%C3%B4minus-3.jpg?resize=150%2C150\" alt=\"\" width=\"150\" height=\"150\" srcset=\"https:\/\/i0.wp.com\/www.jojoenherbe.com\/wp-content\/uploads\/2019\/10\/Merci-Fant%C3%B4minus-3.jpg?resize=150%2C150 150w, https:\/\/i0.wp.com\/www.jojoenherbe.com\/wp-content\/uploads\/2019\/10\/Merci-Fant%C3%B4minus-3.jpg?zoom=2&amp;resize=150%2C150 300w, https:\/\/i0.wp.com\/www.jojoenherbe.com\/wp-content\/uploads\/2019\/10\/Merci-Fant%C3%B4minus-3.jpg?zoom=3&amp;resize=150%2C150 450w\" sizes=\"auto, (max-width: 150px) 100vw, 150px\" \/><\/a>Dans le cadre du Hallow RAT 2019, nous avons emprunt\u00e9 \u00e0 la biblioth\u00e8que <span style=\"text-decoration: underline;\">Merci Fant\u00f4minus!<\/span> de Brigitte Weninger et \u00c8ve Tharlet (\u00e9d. Minedition, 2008), un album jeunesse \u00e0 partir de 3 ans et qui relate l&rsquo;amiti\u00e9 entre un tout petit fant\u00f4me et L\u00e9onie, une petite fille qui a peur de trois grands fant\u00f4mes qui viennent hanter ses nuits. Fant\u00f4minus sera-t-il assez grand pour aider L\u00e9onie \u00e0 se d\u00e9barrasser de ces fant\u00f4mes? L\u00e9onie arrivera-t-elle \u00e0 apprivoiser sa peur? Nous appr\u00e9cions beaucoup le lapin Fenouil dont les aventures sont d\u00e9velopp\u00e9es par ce duo d&rsquo;autrices. Nous retrouvons d&rsquo;ailleurs le coup de crayon dans cet album qui aborde, de fa\u00e7on fantomatique, la peur du noir des tout-petits. Rien de telle qu&rsquo;une formule magique pour dormir paisiblement!<br \/>\n<\/em><\/p>\n<div id=\"attachment_25301\" style=\"width: 192px\" class=\"wp-caption alignleft\"><img data-recalc-dims=\"1\" loading=\"lazy\" decoding=\"async\" aria-describedby=\"caption-attachment-25301\" class=\"wp-image-25301\" src=\"https:\/\/i0.wp.com\/www.myloubook.com\/wp-content\/uploads\/2019\/09\/logo-halloween-2019-candles.jpg?resize=182%2C123\" sizes=\"auto, (max-width: 1000px) 100vw, 1000px\" srcset=\"http:\/\/www.myloubook.com\/wp-content\/uploads\/2019\/09\/logo-halloween-2019-candles.jpg 1000w, http:\/\/www.myloubook.com\/wp-content\/uploads\/2019\/09\/logo-halloween-2019-candles-300x203.jpg 300w, http:\/\/www.myloubook.com\/wp-content\/uploads\/2019\/09\/logo-halloween-2019-candles-768x519.jpg 768w\" alt=\"\" width=\"182\" height=\"123\" \/><p id=\"caption-attachment-25301\" class=\"wp-caption-text\"><a href=\"http:\/\/www.myloubook.com\/2019\/09\/23\/challenge-halloween-2019-10-years-celebration\/\">Challenge Halloween 2019<\/a><\/p><\/div>\n<div style=\"width: 167px\" class=\"wp-caption alignleft\"><img data-recalc-dims=\"1\" loading=\"lazy\" decoding=\"async\" src=\"https:\/\/i0.wp.com\/delivrer-des-livres.fr\/wp-content\/uploads\/2019\/05\/logoalbums2019.png?resize=157%2C157\" alt=\"\" width=\"157\" height=\"157\" \/><p class=\"wp-caption-text\">Participation #57 <a href=\"http:\/\/delivrer-des-livres.fr\/challenge-albums-2019\/\">Je lis aussi des albums<\/a><\/p><\/div>\n<div style=\"width: 120px\" class=\"wp-caption alignleft\"><img data-recalc-dims=\"1\" loading=\"lazy\" decoding=\"async\" class=\"wp-caption-dt\" src=\"https:\/\/i0.wp.com\/2.bp.blogspot.com\/-TKBnABVnvwc\/Vx4rlxCGC1I\/AAAAAAAAL0o\/vWHf3kJJ_oQFnl5_LYs-AhwhkwyCAd2cgCPcBGAYYCw\/s200\/chut-les-enfants-lisent-logo-I.jpg?resize=110%2C200&#038;ssl=1\" alt=\"\" width=\"110\" height=\"200\" border=\"0\" data-original-height=\"386\" data-original-width=\"215\" \/><p class=\"wp-caption-text\">Participation #20 Devine qui vient Bloguer?<\/p><\/div>\n","protected":false},"excerpt":{"rendered":"<p>Dans le cadre du Hallow RAT 2019, nous avons emprunt\u00e9 \u00e0 la biblioth\u00e8que Merci Fant\u00f4minus! de Brigitte Weninger et \u00c8ve Tharlet (\u00e9d. Minedition, 2008), un album jeunesse \u00e0 partir de 3 ans et qui relate l&rsquo;amiti\u00e9 entre un tout petit fant\u00f4me et L\u00e9onie, une petite fille qui a peur de trois grands fant\u00f4mes qui viennent [&hellip;]<\/p>\n","protected":false},"author":1,"featured_media":7723,"comment_status":"open","ping_status":"open","sticky":false,"template":"","format":"standard","meta":{"jetpack_post_was_ever_published":false,"_jetpack_newsletter_access":"","_jetpack_dont_email_post_to_subs":false,"_jetpack_newsletter_tier_id":0,"_jetpack_memberships_contains_paywalled_content":false,"_jetpack_memberships_contains_paid_content":false,"footnotes":""},"categories":[363],"tags":[409,386,1008,1119,1007,341,620,1386,1350,367,429,744],"class_list":["post-7717","post","type-post","status-publish","format-standard","has-post-thumbnail","hentry","category-mini-lecteur","tag-albums-jeunesse","tag-amitie","tag-brigitte-weninger","tag-chut-les-enfants-lisent","tag-eve-tharlier","tag-fantome","tag-fille","tag-halloween-challenge-2019","tag-je-lis-aussi-des-albums-2019","tag-lecture-jeunesse","tag-nuit","tag-peur-du-noir","post-preview"],"jetpack_featured_media_url":"https:\/\/i0.wp.com\/www.jojoenherbe.com\/wp-content\/uploads\/2019\/10\/Merci-Fant%C3%B4minus.jpg?fit=2448%2C2244","jetpack_sharing_enabled":true,"jetpack_shortlink":"https:\/\/wp.me\/p9zhGx-20t","jetpack_likes_enabled":true,"jetpack-related-posts":[{"id":13089,"url":"http:\/\/www.jojoenherbe.com\/index.php\/2020\/10\/20\/notre-selection-fantomes-pour-le-challenge-halloween\/","url_meta":{"origin":7717,"position":0},"title":"Notre s\u00e9lection \u00ab\u00a0Fant\u00f4mes\u00a0\u00bb pour le Challenge Halloween","author":"Jojo","date":"20 octobre 2020","format":false,"excerpt":"Pour le Challenge Halloween 2020, je continue mes s\u00e9lections suivant les cr\u00e9atures halloweenesques que nous pouvons croiser. Apr\u00e8s les sorci\u00e8res et les ogres, voici notre s\u00e9lection \"Fant\u00f4mes\". Des albums jeunesse: Oscar le fant\u00f4me d'Andr\u00e9 Bouchard (\u00e9d. Saltimbanque, 2018), un album jeunesse \u00e0 partir de 3 ans selon l'\u00e9diteur mais, selon\u2026","rel":"","context":"Dans &quot;Mini challenger&quot;","block_context":{"text":"Mini challenger","link":"http:\/\/www.jojoenherbe.com\/index.php\/category\/mini-challenger\/"},"img":{"alt_text":"","src":"https:\/\/i0.wp.com\/www.jojoenherbe.com\/wp-content\/uploads\/2020\/10\/Selection-Fantomes-scaled.jpg?fit=1200%2C900&resize=350%2C200","width":350,"height":200,"srcset":"https:\/\/i0.wp.com\/www.jojoenherbe.com\/wp-content\/uploads\/2020\/10\/Selection-Fantomes-scaled.jpg?fit=1200%2C900&resize=350%2C200 1x, https:\/\/i0.wp.com\/www.jojoenherbe.com\/wp-content\/uploads\/2020\/10\/Selection-Fantomes-scaled.jpg?fit=1200%2C900&resize=525%2C300 1.5x, https:\/\/i0.wp.com\/www.jojoenherbe.com\/wp-content\/uploads\/2020\/10\/Selection-Fantomes-scaled.jpg?fit=1200%2C900&resize=700%2C400 2x, https:\/\/i0.wp.com\/www.jojoenherbe.com\/wp-content\/uploads\/2020\/10\/Selection-Fantomes-scaled.jpg?fit=1200%2C900&resize=1050%2C600 3x"},"classes":[]},{"id":7649,"url":"http:\/\/www.jojoenherbe.com\/index.php\/2019\/09\/27\/des-livres-pour-les-grands-et-les-petits-pour-le-halloween-rat-2019\/","url_meta":{"origin":7717,"position":1},"title":"Des livres pour les grands et les petits pour le Halloween RAT 2019","author":"Jojo","date":"27 septembre 2019","format":false,"excerpt":"Comme indiqu\u00e9 dans mon pr\u00e9c\u00e9dent article, le Halloween Challenge 2019 commence par un RAT (read-a-thon) ce jour jusqu'au 29 septembre 2019. Apr\u00e8s une pause dans ma lecture du Crime d'Halloween d'Agatha Christie, me revoil\u00e0 avec des albums, romans et BD jeunesse emprunt\u00e9s \u00e0 la biblioth\u00e8que sur le th\u00e8me des fant\u00f4mes\u2026","rel":"","context":"Dans &quot;Mini challenger&quot;","block_context":{"text":"Mini challenger","link":"http:\/\/www.jojoenherbe.com\/index.php\/category\/mini-challenger\/"},"img":{"alt_text":"","src":"https:\/\/i0.wp.com\/www.jojoenherbe.com\/wp-content\/uploads\/2019\/09\/Halloween-RAT-2.jpg?fit=1200%2C951&resize=350%2C200","width":350,"height":200,"srcset":"https:\/\/i0.wp.com\/www.jojoenherbe.com\/wp-content\/uploads\/2019\/09\/Halloween-RAT-2.jpg?fit=1200%2C951&resize=350%2C200 1x, https:\/\/i0.wp.com\/www.jojoenherbe.com\/wp-content\/uploads\/2019\/09\/Halloween-RAT-2.jpg?fit=1200%2C951&resize=525%2C300 1.5x, https:\/\/i0.wp.com\/www.jojoenherbe.com\/wp-content\/uploads\/2019\/09\/Halloween-RAT-2.jpg?fit=1200%2C951&resize=700%2C400 2x, https:\/\/i0.wp.com\/www.jojoenherbe.com\/wp-content\/uploads\/2019\/09\/Halloween-RAT-2.jpg?fit=1200%2C951&resize=1050%2C600 3x"},"classes":[]},{"id":7876,"url":"http:\/\/www.jojoenherbe.com\/index.php\/2019\/11\/08\/petit-recap-du-halloween-challenge-2019\/","url_meta":{"origin":7717,"position":2},"title":"Petit r\u00e9cap&rsquo; du Halloween Challenge 2019","author":"Jojo","date":"8 novembre 2019","format":false,"excerpt":"Pour clore le Halloween Challenge 2019 de Hilde et Lou, voici un petit r\u00e9cap' du mois \u00e9coul\u00e9 avec des lectures, bricolages, d\u00e9corations halloweenesques, etc. Un mois riche en d\u00e9couvertes, en \u00e9changes et partages avec les autres participants! Le challenge a d\u00e9but\u00e9 par un premier Hallow RAT du 27 septembre minuit\u2026","rel":"","context":"Dans &quot;Mini challenger&quot;","block_context":{"text":"Mini challenger","link":"http:\/\/www.jojoenherbe.com\/index.php\/category\/mini-challenger\/"},"img":{"alt_text":"","src":"https:\/\/i0.wp.com\/www.jojoenherbe.com\/wp-content\/uploads\/2019\/11\/Halloween-Challenge-2019.jpg?fit=1200%2C798&resize=350%2C200","width":350,"height":200,"srcset":"https:\/\/i0.wp.com\/www.jojoenherbe.com\/wp-content\/uploads\/2019\/11\/Halloween-Challenge-2019.jpg?fit=1200%2C798&resize=350%2C200 1x, https:\/\/i0.wp.com\/www.jojoenherbe.com\/wp-content\/uploads\/2019\/11\/Halloween-Challenge-2019.jpg?fit=1200%2C798&resize=525%2C300 1.5x, https:\/\/i0.wp.com\/www.jojoenherbe.com\/wp-content\/uploads\/2019\/11\/Halloween-Challenge-2019.jpg?fit=1200%2C798&resize=700%2C400 2x, https:\/\/i0.wp.com\/www.jojoenherbe.com\/wp-content\/uploads\/2019\/11\/Halloween-Challenge-2019.jpg?fit=1200%2C798&resize=1050%2C600 3x"},"classes":[]},{"id":7461,"url":"http:\/\/www.jojoenherbe.com\/index.php\/2019\/09\/12\/au-fil-des-pages-avec-larrivee-dun-bebe\/","url_meta":{"origin":7717,"position":3},"title":"Au fil des pages avec l&rsquo;arriv\u00e9e d&rsquo;un b\u00e9b\u00e9","author":"Jojo","date":"12 septembre 2019","format":false,"excerpt":"Nous empruntons \u00e0 la biblioth\u00e8que deux albums sur l'arriv\u00e9e d'un b\u00e9b\u00e9 dans une famille, des albums \u00e0 partir de 2 ans et qui peuvent permettre de d\u00e9dramatiser l'arriv\u00e9e d'un nouvel enfant dans la famille ou tout simplement d'apporter les premi\u00e8res r\u00e9ponses au fait de voir des femmes avec des ventres\u2026","rel":"","context":"Dans &quot;Mini lecteur&quot;","block_context":{"text":"Mini lecteur","link":"http:\/\/www.jojoenherbe.com\/index.php\/category\/mini-lecteur\/"},"img":{"alt_text":"","src":"https:\/\/i0.wp.com\/www.jojoenherbe.com\/wp-content\/uploads\/2019\/09\/Albums-naissance.jpg?fit=1200%2C905&resize=350%2C200","width":350,"height":200,"srcset":"https:\/\/i0.wp.com\/www.jojoenherbe.com\/wp-content\/uploads\/2019\/09\/Albums-naissance.jpg?fit=1200%2C905&resize=350%2C200 1x, https:\/\/i0.wp.com\/www.jojoenherbe.com\/wp-content\/uploads\/2019\/09\/Albums-naissance.jpg?fit=1200%2C905&resize=525%2C300 1.5x, https:\/\/i0.wp.com\/www.jojoenherbe.com\/wp-content\/uploads\/2019\/09\/Albums-naissance.jpg?fit=1200%2C905&resize=700%2C400 2x, https:\/\/i0.wp.com\/www.jojoenherbe.com\/wp-content\/uploads\/2019\/09\/Albums-naissance.jpg?fit=1200%2C905&resize=1050%2C600 3x"},"classes":[]},{"id":7252,"url":"http:\/\/www.jojoenherbe.com\/index.php\/2019\/08\/28\/au-fil-des-pages-avec-fenouil\/","url_meta":{"origin":7717,"position":4},"title":"Au fil des pages avec Fenouil","author":"Jojo","date":"28 ao\u00fbt 2019","format":false,"excerpt":"Nous avions d\u00e9couvert le personnage de Fenouil avec Joyeuses P\u00e2ques, Fenouil! de Brigitte Weninger et \u00c8ve Tharlet, cette derni\u00e8re \u00e9tant aussi l'illustratrice de Cassis. Nous avions beaucoup appr\u00e9ci\u00e9 sa petite frimousse et celle de cette famille de lapins. Nous empruntons deux autres histoires de Fenouil \u00e0 la biblioth\u00e8que, des albums\u2026","rel":"","context":"Dans &quot;Mini lecteur&quot;","block_context":{"text":"Mini lecteur","link":"http:\/\/www.jojoenherbe.com\/index.php\/category\/mini-lecteur\/"},"img":{"alt_text":"","src":"https:\/\/i0.wp.com\/www.jojoenherbe.com\/wp-content\/uploads\/2019\/08\/Fenouil.jpg?fit=1200%2C875&resize=350%2C200","width":350,"height":200,"srcset":"https:\/\/i0.wp.com\/www.jojoenherbe.com\/wp-content\/uploads\/2019\/08\/Fenouil.jpg?fit=1200%2C875&resize=350%2C200 1x, https:\/\/i0.wp.com\/www.jojoenherbe.com\/wp-content\/uploads\/2019\/08\/Fenouil.jpg?fit=1200%2C875&resize=525%2C300 1.5x, https:\/\/i0.wp.com\/www.jojoenherbe.com\/wp-content\/uploads\/2019\/08\/Fenouil.jpg?fit=1200%2C875&resize=700%2C400 2x, https:\/\/i0.wp.com\/www.jojoenherbe.com\/wp-content\/uploads\/2019\/08\/Fenouil.jpg?fit=1200%2C875&resize=1050%2C600 3x"},"classes":[]},{"id":7733,"url":"http:\/\/www.jojoenherbe.com\/index.php\/2019\/10\/05\/au-fil-des-pages-avec-oscar-le-fantome\/","url_meta":{"origin":7717,"position":5},"title":"Au fil des pages avec Oscar le fant\u00f4me","author":"Jojo","date":"5 octobre 2019","format":false,"excerpt":"Dans le cadre du Halloween Challenge 2019 organis\u00e9 par Lou et Hilde en duo le samedi matin avec le challenge Je lis aussi des albums de Sophie H\u00e9risson, nous empruntons \u00e0 la biblioth\u00e8que Oscar le fant\u00f4me d'Andr\u00e9 Bouchard (\u00e9d. Saltimbanque, 2018), un album jeunesse \u00e0 partir de 3 ans selon\u2026","rel":"","context":"Dans &quot;Mini lecteur&quot;","block_context":{"text":"Mini lecteur","link":"http:\/\/www.jojoenherbe.com\/index.php\/category\/mini-lecteur\/"},"img":{"alt_text":"","src":"https:\/\/i0.wp.com\/www.jojoenherbe.com\/wp-content\/uploads\/2019\/10\/Oscar-le-fant%C3%B4me.jpg?fit=1200%2C1165&resize=350%2C200","width":350,"height":200,"srcset":"https:\/\/i0.wp.com\/www.jojoenherbe.com\/wp-content\/uploads\/2019\/10\/Oscar-le-fant%C3%B4me.jpg?fit=1200%2C1165&resize=350%2C200 1x, https:\/\/i0.wp.com\/www.jojoenherbe.com\/wp-content\/uploads\/2019\/10\/Oscar-le-fant%C3%B4me.jpg?fit=1200%2C1165&resize=525%2C300 1.5x, https:\/\/i0.wp.com\/www.jojoenherbe.com\/wp-content\/uploads\/2019\/10\/Oscar-le-fant%C3%B4me.jpg?fit=1200%2C1165&resize=700%2C400 2x, https:\/\/i0.wp.com\/www.jojoenherbe.com\/wp-content\/uploads\/2019\/10\/Oscar-le-fant%C3%B4me.jpg?fit=1200%2C1165&resize=1050%2C600 3x"},"classes":[]}],"_links":{"self":[{"href":"http:\/\/www.jojoenherbe.com\/index.php\/wp-json\/wp\/v2\/posts\/7717","targetHints":{"allow":["GET"]}}],"collection":[{"href":"http:\/\/www.jojoenherbe.com\/index.php\/wp-json\/wp\/v2\/posts"}],"about":[{"href":"http:\/\/www.jojoenherbe.com\/index.php\/wp-json\/wp\/v2\/types\/post"}],"author":[{"embeddable":true,"href":"http:\/\/www.jojoenherbe.com\/index.php\/wp-json\/wp\/v2\/users\/1"}],"replies":[{"embeddable":true,"href":"http:\/\/www.jojoenherbe.com\/index.php\/wp-json\/wp\/v2\/comments?post=7717"}],"version-history":[{"count":0,"href":"http:\/\/www.jojoenherbe.com\/index.php\/wp-json\/wp\/v2\/posts\/7717\/revisions"}],"wp:featuredmedia":[{"embeddable":true,"href":"http:\/\/www.jojoenherbe.com\/index.php\/wp-json\/wp\/v2\/media\/7723"}],"wp:attachment":[{"href":"http:\/\/www.jojoenherbe.com\/index.php\/wp-json\/wp\/v2\/media?parent=7717"}],"wp:term":[{"taxonomy":"category","embeddable":true,"href":"http:\/\/www.jojoenherbe.com\/index.php\/wp-json\/wp\/v2\/categories?post=7717"},{"taxonomy":"post_tag","embeddable":true,"href":"http:\/\/www.jojoenherbe.com\/index.php\/wp-json\/wp\/v2\/tags?post=7717"}],"curies":[{"name":"wp","href":"https:\/\/api.w.org\/{rel}","templated":true}]}}