{"id":7665,"date":"2019-09-28T15:02:54","date_gmt":"2019-09-28T13:02:54","guid":{"rendered":"http:\/\/www.jojoenherbe.com\/?p=7665"},"modified":"2020-03-13T11:00:45","modified_gmt":"2020-03-13T10:00:45","slug":"un-cadran-solaire-le-temps-qui-passe","status":"publish","type":"post","link":"http:\/\/www.jojoenherbe.com\/index.php\/2019\/09\/28\/un-cadran-solaire-le-temps-qui-passe\/","title":{"rendered":"Un cadran solaire, le temps qui passe"},"content":{"rendered":"<p style=\"text-align: justify;\"><em>Pour cette semaine 39 du Projet 52-2019 de Du c\u00f4t\u00e9 de chez Ma&rsquo;, le th\u00e8me est \u00ab\u00a0<a href=\"https:\/\/ducotedechezma.wordpress.com\/2019\/09\/28\/projet-52-2019-semaine-39-le-temps-qui-passe\/\">Le temps qui passe<\/a>\u00ab\u00a0. Pour illustrer ce th\u00e8me, j&rsquo;ai repris une photo prise, en d\u00e9cembre 2017, du cadran solaire fix\u00e9 sur l&rsquo;\u00e9glise Saint-Gr\u00e9goire, \u00e9glise datant du XVe si\u00e8cle et sise \u00e0 Tourrettes-sur-Loup, sa devise \u00e9tant: \u00ab\u00a0Ce n&rsquo;est pas aux cadrans humains que sonne l&rsquo;heure de la justice\u00a0\u00bb. Depuis l&rsquo;heure l\u00e9gale a pris le pas sur l&rsquo;heure solaire qui changeait au fil des saisons. Mais je ne me lancerai pas dans des explications de la gnomonique, n&rsquo;en ma\u00eetrisant pas l&rsquo;art!<br \/>\n<\/em><\/p>\n<p><iframe loading=\"lazy\" style=\"border: 0;\" src=\"https:\/\/www.google.com\/maps\/embed?pb=!1m18!1m12!1m3!1d2883.7042953494265!2d7.05669611549982!3d43.716693979119185!2m3!1f0!2f0!3f0!3m2!1i1024!2i768!4f13.1!3m3!1m2!1s0x12cc2d7a9be531c3%3A0x53d39d84052d4894!2s%C3%89glise%20Saint-Gr%C3%A9goire!5e0!3m2!1sfr!2sfr!4v1569674855789!5m2!1sfr!2sfr\" allowfullscreen=\"allowfullscreen\" width=\"400\" height=\"300\" frameborder=\"0\"><\/iframe><\/p>\n","protected":false},"excerpt":{"rendered":"<p>Pour cette semaine 39 du Projet 52-2019 de Du c\u00f4t\u00e9 de chez Ma&rsquo;, le th\u00e8me est \u00ab\u00a0Le temps qui passe\u00ab\u00a0. Pour illustrer ce th\u00e8me, j&rsquo;ai repris une photo prise, en d\u00e9cembre 2017, du cadran solaire fix\u00e9 sur l&rsquo;\u00e9glise Saint-Gr\u00e9goire, \u00e9glise datant du XVe si\u00e8cle et sise \u00e0 Tourrettes-sur-Loup, sa devise \u00e9tant: \u00ab\u00a0Ce n&rsquo;est pas aux [&hellip;]<\/p>\n","protected":false},"author":1,"featured_media":7666,"comment_status":"open","ping_status":"open","sticky":false,"template":"","format":"standard","meta":{"jetpack_post_was_ever_published":false,"_jetpack_newsletter_access":"","_jetpack_dont_email_post_to_subs":false,"_jetpack_newsletter_tier_id":0,"_jetpack_memberships_contains_paywalled_content":false,"_jetpack_memberships_contains_paid_content":false,"footnotes":""},"categories":[437],"tags":[25,831,68,832,5,1353,1354,376,40],"class_list":["post-7665","post","type-post","status-publish","format-standard","has-post-thumbnail","hentry","category-mini-photographe","tag-alpes-maritimes","tag-cadran-solaire","tag-eglises","tag-gnomonique","tag-paca","tag-projet-52-de-ma","tag-projet-52-2019","tag-temps","tag-tourrettes-sur-loup","post-preview"],"jetpack_featured_media_url":"https:\/\/i0.wp.com\/www.jojoenherbe.com\/wp-content\/uploads\/2019\/09\/Cadran-solaire-Eglise-de-Tourrettes-sur-Loup.jpg?fit=1492%2C1568","jetpack_sharing_enabled":true,"jetpack_shortlink":"https:\/\/wp.me\/p9zhGx-1ZD","jetpack_likes_enabled":true,"jetpack-related-posts":[{"id":5927,"url":"http:\/\/www.jojoenherbe.com\/index.php\/2019\/05\/11\/la-balance-symbole-de-la-justice-sur-la-tour-de-lhorloge-paris\/","url_meta":{"origin":7665,"position":0},"title":"La balance, symbole de la Justice sur la Tour de l&rsquo;Horloge &#8211; Paris","author":"Jojo","date":"11 mai 2019","format":false,"excerpt":"Pour cette semaine 19 du Projet 52-2019 de Du C\u00f4t\u00e9 de Chez Ma\u2019,\u00a0 le th\u00e8me est \"balance\". Il me vient imm\u00e9diatement \u00e0 l'esprit la balance comme symbole de la Justice et un ancien souvenir d'un monument historique de Paris lors de ma visite de No\u00ebl 2005: l'horloge de la Tour\u2026","rel":"","context":"Dans &quot;mini photographe&quot;","block_context":{"text":"mini photographe","link":"http:\/\/www.jojoenherbe.com\/index.php\/category\/mini-photographe\/"},"img":{"alt_text":"","src":"https:\/\/i0.wp.com\/www.jojoenherbe.com\/wp-content\/uploads\/2019\/05\/Tour-de-lHorloge-Paris.jpg?fit=1049%2C1200&resize=350%2C200","width":350,"height":200,"srcset":"https:\/\/i0.wp.com\/www.jojoenherbe.com\/wp-content\/uploads\/2019\/05\/Tour-de-lHorloge-Paris.jpg?fit=1049%2C1200&resize=350%2C200 1x, https:\/\/i0.wp.com\/www.jojoenherbe.com\/wp-content\/uploads\/2019\/05\/Tour-de-lHorloge-Paris.jpg?fit=1049%2C1200&resize=525%2C300 1.5x, https:\/\/i0.wp.com\/www.jojoenherbe.com\/wp-content\/uploads\/2019\/05\/Tour-de-lHorloge-Paris.jpg?fit=1049%2C1200&resize=700%2C400 2x"},"classes":[]},{"id":6427,"url":"http:\/\/www.jojoenherbe.com\/index.php\/2019\/06\/20\/au-fil-des-pages-sur-le-theme-de-lespace\/","url_meta":{"origin":7665,"position":1},"title":"Au fil des pages sur le th\u00e8me de l&rsquo;espace","author":"Jojo","date":"20 juin 2019","format":false,"excerpt":"Ce mois-ci, le th\u00e8me du rendez-vous \"Et dans leur biblioth\u00e8que il y a...\" est l'espace. C'est un th\u00e8me qui nous pla\u00eet, notamment avec la Lune. En effet, en janvier 2019, nous avions pu voir une \u00e9clipse lunaire. Ce mois- ci, c'est Jupiter qui est bien visible. Et le 20 juillet\u2026","rel":"","context":"Dans &quot;Mini lecteur&quot;","block_context":{"text":"Mini lecteur","link":"http:\/\/www.jojoenherbe.com\/index.php\/category\/mini-lecteur\/"},"img":{"alt_text":"","src":"https:\/\/i0.wp.com\/www.jojoenherbe.com\/wp-content\/uploads\/2019\/06\/albums-jeunesse-sur-lespace.jpg?fit=1200%2C1008&resize=350%2C200","width":350,"height":200,"srcset":"https:\/\/i0.wp.com\/www.jojoenherbe.com\/wp-content\/uploads\/2019\/06\/albums-jeunesse-sur-lespace.jpg?fit=1200%2C1008&resize=350%2C200 1x, https:\/\/i0.wp.com\/www.jojoenherbe.com\/wp-content\/uploads\/2019\/06\/albums-jeunesse-sur-lespace.jpg?fit=1200%2C1008&resize=525%2C300 1.5x, https:\/\/i0.wp.com\/www.jojoenherbe.com\/wp-content\/uploads\/2019\/06\/albums-jeunesse-sur-lespace.jpg?fit=1200%2C1008&resize=700%2C400 2x, https:\/\/i0.wp.com\/www.jojoenherbe.com\/wp-content\/uploads\/2019\/06\/albums-jeunesse-sur-lespace.jpg?fit=1200%2C1008&resize=1050%2C600 3x"},"classes":[]},{"id":7216,"url":"http:\/\/www.jojoenherbe.com\/index.php\/2019\/08\/25\/sur-les-traces-des-trolls-islandais\/","url_meta":{"origin":7665,"position":2},"title":"Sur les traces des trolls islandais","author":"Jojo","date":"25 ao\u00fbt 2019","format":false,"excerpt":"Pour cette semaine 34 du Projet 52-2019 de Du c\u00f4t\u00e9 de chez Ma', le th\u00e8me est \"Rire(s)\". Comme de plus en plus ces derniers temps, je pioche dans mes archives pour illustrer ce th\u00e8me avec une photo prise le 25 juillet 2011 \u00e0 J\u00f6kulsarlon. Pendant notre voyage, nous avons tent\u00e9\u2026","rel":"","context":"Dans &quot;mini photographe&quot;","block_context":{"text":"mini photographe","link":"http:\/\/www.jojoenherbe.com\/index.php\/category\/mini-photographe\/"},"img":{"alt_text":"","src":"https:\/\/i0.wp.com\/www.jojoenherbe.com\/wp-content\/uploads\/2011\/08\/J%C3%B6kulsarlon-9.jpg?fit=1163%2C1200&resize=350%2C200","width":350,"height":200,"srcset":"https:\/\/i0.wp.com\/www.jojoenherbe.com\/wp-content\/uploads\/2011\/08\/J%C3%B6kulsarlon-9.jpg?fit=1163%2C1200&resize=350%2C200 1x, https:\/\/i0.wp.com\/www.jojoenherbe.com\/wp-content\/uploads\/2011\/08\/J%C3%B6kulsarlon-9.jpg?fit=1163%2C1200&resize=525%2C300 1.5x, https:\/\/i0.wp.com\/www.jojoenherbe.com\/wp-content\/uploads\/2011\/08\/J%C3%B6kulsarlon-9.jpg?fit=1163%2C1200&resize=700%2C400 2x, https:\/\/i0.wp.com\/www.jojoenherbe.com\/wp-content\/uploads\/2011\/08\/J%C3%B6kulsarlon-9.jpg?fit=1163%2C1200&resize=1050%2C600 3x"},"classes":[]},{"id":7350,"url":"http:\/\/www.jojoenherbe.com\/index.php\/2019\/08\/31\/le-temps-des-vacances-a-la-plage\/","url_meta":{"origin":7665,"position":3},"title":"Le temps des vacances \u00e0 la plage","author":"Jojo","date":"31 ao\u00fbt 2019","format":false,"excerpt":"Pour cette semaine 35 du Projet 52-2019 de Du c\u00f4t\u00e9 de chez Ma', le th\u00e8me est \"Vacances\". Le mois d'ao\u00fbt se terminant, le temps des vacances va laisser place \u00e0 la fr\u00e9n\u00e9sie de la rentr\u00e9e. Voici une photo d'un oursin prise pendant une sortie plage \u00e0 Villefranche-sur-Mer ce mois-ci mais\u2026","rel":"","context":"Dans &quot;mini photographe&quot;","block_context":{"text":"mini photographe","link":"http:\/\/www.jojoenherbe.com\/index.php\/category\/mini-photographe\/"},"img":{"alt_text":"","src":"https:\/\/i0.wp.com\/www.jojoenherbe.com\/wp-content\/uploads\/2019\/08\/Oursin-Villefranche-sur-Mer.jpg?fit=1200%2C900&resize=350%2C200","width":350,"height":200,"srcset":"https:\/\/i0.wp.com\/www.jojoenherbe.com\/wp-content\/uploads\/2019\/08\/Oursin-Villefranche-sur-Mer.jpg?fit=1200%2C900&resize=350%2C200 1x, https:\/\/i0.wp.com\/www.jojoenherbe.com\/wp-content\/uploads\/2019\/08\/Oursin-Villefranche-sur-Mer.jpg?fit=1200%2C900&resize=525%2C300 1.5x, https:\/\/i0.wp.com\/www.jojoenherbe.com\/wp-content\/uploads\/2019\/08\/Oursin-Villefranche-sur-Mer.jpg?fit=1200%2C900&resize=700%2C400 2x, https:\/\/i0.wp.com\/www.jojoenherbe.com\/wp-content\/uploads\/2019\/08\/Oursin-Villefranche-sur-Mer.jpg?fit=1200%2C900&resize=1050%2C600 3x"},"classes":[]},{"id":9546,"url":"http:\/\/www.jojoenherbe.com\/index.php\/2020\/01\/12\/semaine-2-du-projet-52-2020-debut\/","url_meta":{"origin":7665,"position":4},"title":"Semaine 2 du Projet 52-2020: D\u00e9but","author":"Jojo","date":"12 janvier 2020","format":false,"excerpt":"Pour la semaine 2 du Projet 52-2020 de Du c\u00f4t\u00e9 de chez Ma', le th\u00e8me est \"D\u00e9but\". Que de possibilit\u00e9s encore pour illustrer ce th\u00e8me inspirant! La nouvelle ann\u00e9e vient de d\u00e9buter avec la pr\u00e9sentation des v\u0153ux, mettant fin \u00e0 la p\u00e9riode de No\u00ebl. J'avais pens\u00e9 dans un premier temps\u2026","rel":"","context":"Dans &quot;mini photographe&quot;","block_context":{"text":"mini photographe","link":"http:\/\/www.jojoenherbe.com\/index.php\/category\/mini-photographe\/"},"img":{"alt_text":"","src":"https:\/\/i0.wp.com\/www.jojoenherbe.com\/wp-content\/uploads\/2020\/01\/Mimosa-Th%C3%A9oule-sur-Mer-scaled.jpg?fit=1200%2C900&resize=350%2C200","width":350,"height":200,"srcset":"https:\/\/i0.wp.com\/www.jojoenherbe.com\/wp-content\/uploads\/2020\/01\/Mimosa-Th%C3%A9oule-sur-Mer-scaled.jpg?fit=1200%2C900&resize=350%2C200 1x, https:\/\/i0.wp.com\/www.jojoenherbe.com\/wp-content\/uploads\/2020\/01\/Mimosa-Th%C3%A9oule-sur-Mer-scaled.jpg?fit=1200%2C900&resize=525%2C300 1.5x, https:\/\/i0.wp.com\/www.jojoenherbe.com\/wp-content\/uploads\/2020\/01\/Mimosa-Th%C3%A9oule-sur-Mer-scaled.jpg?fit=1200%2C900&resize=700%2C400 2x, https:\/\/i0.wp.com\/www.jojoenherbe.com\/wp-content\/uploads\/2020\/01\/Mimosa-Th%C3%A9oule-sur-Mer-scaled.jpg?fit=1200%2C900&resize=1050%2C600 3x"},"classes":[]},{"id":5524,"url":"http:\/\/www.jojoenherbe.com\/index.php\/2019\/04\/14\/lobservatoire-de-caussols\/","url_meta":{"origin":7665,"position":5},"title":"L&rsquo;observatoire de Caussols","author":"Jojo","date":"14 avril 2019","format":false,"excerpt":"Ce 13 avril 2019, direction le plateau de Calern pour photographier un des b\u00e2timents de l'observatoire de Caussols, celui du GI2T (Grand interf\u00e9rom\u00e8tre \u00e0 deux t\u00e9lescopes) dans le cadre de la semaine 15 du Projet 52-2019 de Du C\u00f4t\u00e9 de Chez Ma\u2019, le th\u00e8me \u00e9tant \"architecture\". Nous y \u00e9tions d\u00e9j\u00e0\u2026","rel":"","context":"Dans &quot;Mini astronome&quot;","block_context":{"text":"Mini astronome","link":"http:\/\/www.jojoenherbe.com\/index.php\/category\/mini-decouvreur\/mini-astronome\/"},"img":{"alt_text":"","src":"https:\/\/i0.wp.com\/www.jojoenherbe.com\/wp-content\/uploads\/2019\/04\/Observatoire-de-Caussols.jpg?fit=1200%2C900&resize=350%2C200","width":350,"height":200,"srcset":"https:\/\/i0.wp.com\/www.jojoenherbe.com\/wp-content\/uploads\/2019\/04\/Observatoire-de-Caussols.jpg?fit=1200%2C900&resize=350%2C200 1x, https:\/\/i0.wp.com\/www.jojoenherbe.com\/wp-content\/uploads\/2019\/04\/Observatoire-de-Caussols.jpg?fit=1200%2C900&resize=525%2C300 1.5x, https:\/\/i0.wp.com\/www.jojoenherbe.com\/wp-content\/uploads\/2019\/04\/Observatoire-de-Caussols.jpg?fit=1200%2C900&resize=700%2C400 2x, https:\/\/i0.wp.com\/www.jojoenherbe.com\/wp-content\/uploads\/2019\/04\/Observatoire-de-Caussols.jpg?fit=1200%2C900&resize=1050%2C600 3x"},"classes":[]}],"_links":{"self":[{"href":"http:\/\/www.jojoenherbe.com\/index.php\/wp-json\/wp\/v2\/posts\/7665","targetHints":{"allow":["GET"]}}],"collection":[{"href":"http:\/\/www.jojoenherbe.com\/index.php\/wp-json\/wp\/v2\/posts"}],"about":[{"href":"http:\/\/www.jojoenherbe.com\/index.php\/wp-json\/wp\/v2\/types\/post"}],"author":[{"embeddable":true,"href":"http:\/\/www.jojoenherbe.com\/index.php\/wp-json\/wp\/v2\/users\/1"}],"replies":[{"embeddable":true,"href":"http:\/\/www.jojoenherbe.com\/index.php\/wp-json\/wp\/v2\/comments?post=7665"}],"version-history":[{"count":0,"href":"http:\/\/www.jojoenherbe.com\/index.php\/wp-json\/wp\/v2\/posts\/7665\/revisions"}],"wp:featuredmedia":[{"embeddable":true,"href":"http:\/\/www.jojoenherbe.com\/index.php\/wp-json\/wp\/v2\/media\/7666"}],"wp:attachment":[{"href":"http:\/\/www.jojoenherbe.com\/index.php\/wp-json\/wp\/v2\/media?parent=7665"}],"wp:term":[{"taxonomy":"category","embeddable":true,"href":"http:\/\/www.jojoenherbe.com\/index.php\/wp-json\/wp\/v2\/categories?post=7665"},{"taxonomy":"post_tag","embeddable":true,"href":"http:\/\/www.jojoenherbe.com\/index.php\/wp-json\/wp\/v2\/tags?post=7665"}],"curies":[{"name":"wp","href":"https:\/\/api.w.org\/{rel}","templated":true}]}}