{"id":7632,"date":"2019-09-27T10:20:31","date_gmt":"2019-09-27T08:20:31","guid":{"rendered":"http:\/\/www.jojoenherbe.com\/?p=7632"},"modified":"2023-10-18T18:25:30","modified_gmt":"2023-10-18T16:25:30","slug":"challenge-halloween-2019","status":"publish","type":"post","link":"http:\/\/www.jojoenherbe.com\/index.php\/2019\/09\/27\/challenge-halloween-2019\/","title":{"rendered":"Challenge Halloween 2019"},"content":{"rendered":"<p style=\"text-align: justify;\"><em>Le mois d&rsquo;octobre approchant, je viens de d\u00e9couvrir un nouveau challenge diaboliquement tentant: le Challenge Halloween 2019 coorganis\u00e9 par Hilde et Lou et qui se d\u00e9roule du 27 septembre au 31 octobre 2019. Pour plus d&rsquo;infos, n&rsquo;h\u00e9sitez pas \u00e0 aller sur leur blog et\/ou \u00e0 y participer \u00e0 votre tour. Ci-joint le lien des r\u00e8gles de leur challenge <a href=\"http:\/\/www.myloubook.com\/2019\/09\/23\/challenge-halloween-2019-10-years-celebration\/\">ici<\/a> ou <a href=\"http:\/\/www.lelivroblog.fr\/archive\/2019\/09\/22\/challenge-halloween-2019-10-years-6177673.html\">l\u00e0<\/a>.<\/em><\/p>\n<p style=\"text-align: justify;\"><img data-recalc-dims=\"1\" loading=\"lazy\" decoding=\"async\" data-attachment-id=\"32744\" data-permalink=\"http:\/\/www.jojoenherbe.com\/index.php\/2019\/09\/27\/challenge-halloween-2019\/challenge-halloween-2019-calendrier\/\" data-orig-file=\"https:\/\/i0.wp.com\/www.jojoenherbe.com\/wp-content\/uploads\/2019\/09\/Challenge-Halloween-2019-calendrier.jpg?fit=500%2C353\" data-orig-size=\"500,353\" data-comments-opened=\"1\" data-image-meta=\"{&quot;aperture&quot;:&quot;0&quot;,&quot;credit&quot;:&quot;&quot;,&quot;camera&quot;:&quot;&quot;,&quot;caption&quot;:&quot;&quot;,&quot;created_timestamp&quot;:&quot;0&quot;,&quot;copyright&quot;:&quot;&quot;,&quot;focal_length&quot;:&quot;0&quot;,&quot;iso&quot;:&quot;0&quot;,&quot;shutter_speed&quot;:&quot;0&quot;,&quot;title&quot;:&quot;&quot;,&quot;orientation&quot;:&quot;0&quot;}\" data-image-title=\"Challenge Halloween 2019 calendrier\" data-image-description=\"\" data-image-caption=\"\" data-large-file=\"https:\/\/i0.wp.com\/www.jojoenherbe.com\/wp-content\/uploads\/2019\/09\/Challenge-Halloween-2019-calendrier.jpg?fit=500%2C353\" class=\"aligncenter wp-image-32744 size-full\" src=\"https:\/\/i0.wp.com\/www.jojoenherbe.com\/wp-content\/uploads\/2019\/09\/Challenge-Halloween-2019-calendrier.jpg?resize=500%2C353\" alt=\"\" width=\"500\" height=\"353\" srcset=\"https:\/\/i0.wp.com\/www.jojoenherbe.com\/wp-content\/uploads\/2019\/09\/Challenge-Halloween-2019-calendrier.jpg?w=500 500w, https:\/\/i0.wp.com\/www.jojoenherbe.com\/wp-content\/uploads\/2019\/09\/Challenge-Halloween-2019-calendrier.jpg?resize=300%2C212 300w\" sizes=\"auto, (max-width: 500px) 100vw, 500px\" \/><\/p>\n<p style=\"text-align: justify;\"><em>Cela commence par un Hallow RAT du 27 au 29 septembre 2019. Un RAT, c&rsquo;est un Read-A-Thon, un grand week-end d\u00e9di\u00e9 \u00e0 la lecture! Et tous les samedis, ce challenge est coupl\u00e9 avec celui de Sophie H\u00e9risson, Je lis aussi des albums. Mais pas que&#8230; Mais pour le moment, place \u00e0 la lecture pour d\u00e9buter le RAT! Pour commencer, voici trois premiers livres \u00e0 relire ou \u00e0 d\u00e9couvrir:<br \/>\n<\/em><\/p>\n<ul>\n<li style=\"text-align: justify;\"><em><span style=\"text-decoration: underline;\">Le crime d&rsquo;Halloween<\/span> d&rsquo;Agatha Christie (LU)<br \/>\n<\/em><\/li>\n<li style=\"text-align: justify;\"><em><span style=\"text-decoration: underline;\">Frankenstein<\/span> de Mary Shelley (une relecture pr\u00e9vue)<br \/>\n<\/em><\/li>\n<li style=\"text-align: justify;\"><em><span style=\"text-decoration: underline;\">Le Ch\u00e2teau des Carpathes<\/span> de Jules Verne<\/em><\/li>\n<\/ul>\n<div id=\"attachment_25301\" style=\"width: 192px\" class=\"wp-caption aligncenter\"><img data-recalc-dims=\"1\" loading=\"lazy\" decoding=\"async\" aria-describedby=\"caption-attachment-25301\" class=\"wp-image-25301\" src=\"https:\/\/i0.wp.com\/www.myloubook.com\/wp-content\/uploads\/2019\/09\/logo-halloween-2019-candles.jpg?resize=182%2C123\" sizes=\"auto, (max-width: 1000px) 100vw, 1000px\" srcset=\"http:\/\/www.myloubook.com\/wp-content\/uploads\/2019\/09\/logo-halloween-2019-candles.jpg 1000w, http:\/\/www.myloubook.com\/wp-content\/uploads\/2019\/09\/logo-halloween-2019-candles-300x203.jpg 300w, http:\/\/www.myloubook.com\/wp-content\/uploads\/2019\/09\/logo-halloween-2019-candles-768x519.jpg 768w\" alt=\"\" width=\"182\" height=\"123\" \/><p id=\"caption-attachment-25301\" class=\"wp-caption-text\"><a href=\"http:\/\/www.myloubook.com\/2019\/09\/23\/challenge-halloween-2019-10-years-celebration\/\">Challenge Halloween 2019<\/a><\/p><\/div>\n","protected":false},"excerpt":{"rendered":"<p>Le mois d&rsquo;octobre approchant, je viens de d\u00e9couvrir un nouveau challenge diaboliquement tentant: le Challenge Halloween 2019 coorganis\u00e9 par Hilde et Lou et qui se d\u00e9roule du 27 septembre au 31 octobre 2019. Pour plus d&rsquo;infos, n&rsquo;h\u00e9sitez pas \u00e0 aller sur leur blog et\/ou \u00e0 y participer \u00e0 votre tour. Ci-joint le lien des r\u00e8gles [&hellip;]<\/p>\n","protected":false},"author":1,"featured_media":7638,"comment_status":"open","ping_status":"open","sticky":false,"template":"","format":"standard","meta":{"jetpack_post_was_ever_published":false,"_jetpack_newsletter_access":"","_jetpack_dont_email_post_to_subs":false,"_jetpack_newsletter_tier_id":0,"_jetpack_memberships_contains_paywalled_content":false,"_jetpack_memberships_contains_paid_content":false,"footnotes":""},"categories":[873,363],"tags":[409,339,906,1386,905,789],"class_list":["post-7632","post","type-post","status-publish","format-standard","has-post-thumbnail","hentry","category-mini-challenger","category-mini-lecteur","tag-albums-jeunesse","tag-halloween","tag-halloween-challenge","tag-halloween-challenge-2019","tag-romans-adulte","tag-romans-jeunesse","post-preview"],"jetpack_featured_media_url":"https:\/\/i0.wp.com\/www.jojoenherbe.com\/wp-content\/uploads\/2019\/09\/Halloween-RAT.jpg?fit=3174%2C2240","jetpack_sharing_enabled":true,"jetpack_shortlink":"https:\/\/wp.me\/p9zhGx-1Z6","jetpack_likes_enabled":true,"jetpack-related-posts":[{"id":7649,"url":"http:\/\/www.jojoenherbe.com\/index.php\/2019\/09\/27\/des-livres-pour-les-grands-et-les-petits-pour-le-halloween-rat-2019\/","url_meta":{"origin":7632,"position":0},"title":"Des livres pour les grands et les petits pour le Halloween RAT 2019","author":"Jojo","date":"27 septembre 2019","format":false,"excerpt":"Comme indiqu\u00e9 dans mon pr\u00e9c\u00e9dent article, le Halloween Challenge 2019 commence par un RAT (read-a-thon) ce jour jusqu'au 29 septembre 2019. Apr\u00e8s une pause dans ma lecture du Crime d'Halloween d'Agatha Christie, me revoil\u00e0 avec des albums, romans et BD jeunesse emprunt\u00e9s \u00e0 la biblioth\u00e8que sur le th\u00e8me des fant\u00f4mes\u2026","rel":"","context":"Dans &quot;Mini challenger&quot;","block_context":{"text":"Mini challenger","link":"http:\/\/www.jojoenherbe.com\/index.php\/category\/mini-challenger\/"},"img":{"alt_text":"","src":"https:\/\/i0.wp.com\/www.jojoenherbe.com\/wp-content\/uploads\/2019\/09\/Halloween-RAT-2.jpg?fit=1200%2C951&resize=350%2C200","width":350,"height":200,"srcset":"https:\/\/i0.wp.com\/www.jojoenherbe.com\/wp-content\/uploads\/2019\/09\/Halloween-RAT-2.jpg?fit=1200%2C951&resize=350%2C200 1x, https:\/\/i0.wp.com\/www.jojoenherbe.com\/wp-content\/uploads\/2019\/09\/Halloween-RAT-2.jpg?fit=1200%2C951&resize=525%2C300 1.5x, https:\/\/i0.wp.com\/www.jojoenherbe.com\/wp-content\/uploads\/2019\/09\/Halloween-RAT-2.jpg?fit=1200%2C951&resize=700%2C400 2x, https:\/\/i0.wp.com\/www.jojoenherbe.com\/wp-content\/uploads\/2019\/09\/Halloween-RAT-2.jpg?fit=1200%2C951&resize=1050%2C600 3x"},"classes":[]},{"id":27586,"url":"http:\/\/www.jojoenherbe.com\/index.php\/2022\/09\/14\/billet-de-suivi-challenge-halloween-2022\/","url_meta":{"origin":7632,"position":1},"title":"Billet de suivi: Challenge Halloween 2022","author":"Jojo","date":"14 septembre 2022","format":false,"excerpt":"Je participe \u00e0 nouveau cette ann\u00e9e au Challenge Halloween organis\u00e9 par Hilde et Lou et qui se d\u00e9roule du 23 septembre jusqu'en novembre 2022. D\u00e8s le 23 septembre 2022, elles ouvrent les portes de leur manoir. Le challenge commence en douceur par un d\u00e9poussi\u00e9rage de PAL, premi\u00e8res suggestions halloweenesques et\u2026","rel":"","context":"Dans &quot;Mini challenger&quot;","block_context":{"text":"Mini challenger","link":"http:\/\/www.jojoenherbe.com\/index.php\/category\/mini-challenger\/"},"img":{"alt_text":"","src":"https:\/\/i0.wp.com\/www.jojoenherbe.com\/wp-content\/uploads\/2022\/09\/Challenge-Halloween-2022.jpg?fit=1080%2C1080&resize=350%2C200","width":350,"height":200,"srcset":"https:\/\/i0.wp.com\/www.jojoenherbe.com\/wp-content\/uploads\/2022\/09\/Challenge-Halloween-2022.jpg?fit=1080%2C1080&resize=350%2C200 1x, https:\/\/i0.wp.com\/www.jojoenherbe.com\/wp-content\/uploads\/2022\/09\/Challenge-Halloween-2022.jpg?fit=1080%2C1080&resize=525%2C300 1.5x, https:\/\/i0.wp.com\/www.jojoenherbe.com\/wp-content\/uploads\/2022\/09\/Challenge-Halloween-2022.jpg?fit=1080%2C1080&resize=700%2C400 2x, https:\/\/i0.wp.com\/www.jojoenherbe.com\/wp-content\/uploads\/2022\/09\/Challenge-Halloween-2022.jpg?fit=1080%2C1080&resize=1050%2C600 3x"},"classes":[]},{"id":7876,"url":"http:\/\/www.jojoenherbe.com\/index.php\/2019\/11\/08\/petit-recap-du-halloween-challenge-2019\/","url_meta":{"origin":7632,"position":2},"title":"Petit r\u00e9cap&rsquo; du Halloween Challenge 2019","author":"Jojo","date":"8 novembre 2019","format":false,"excerpt":"Pour clore le Halloween Challenge 2019 de Hilde et Lou, voici un petit r\u00e9cap' du mois \u00e9coul\u00e9 avec des lectures, bricolages, d\u00e9corations halloweenesques, etc. Un mois riche en d\u00e9couvertes, en \u00e9changes et partages avec les autres participants! Le challenge a d\u00e9but\u00e9 par un premier Hallow RAT du 27 septembre minuit\u2026","rel":"","context":"Dans &quot;Mini challenger&quot;","block_context":{"text":"Mini challenger","link":"http:\/\/www.jojoenherbe.com\/index.php\/category\/mini-challenger\/"},"img":{"alt_text":"","src":"https:\/\/i0.wp.com\/www.jojoenherbe.com\/wp-content\/uploads\/2019\/11\/Halloween-Challenge-2019.jpg?fit=1200%2C798&resize=350%2C200","width":350,"height":200,"srcset":"https:\/\/i0.wp.com\/www.jojoenherbe.com\/wp-content\/uploads\/2019\/11\/Halloween-Challenge-2019.jpg?fit=1200%2C798&resize=350%2C200 1x, https:\/\/i0.wp.com\/www.jojoenherbe.com\/wp-content\/uploads\/2019\/11\/Halloween-Challenge-2019.jpg?fit=1200%2C798&resize=525%2C300 1.5x, https:\/\/i0.wp.com\/www.jojoenherbe.com\/wp-content\/uploads\/2019\/11\/Halloween-Challenge-2019.jpg?fit=1200%2C798&resize=700%2C400 2x, https:\/\/i0.wp.com\/www.jojoenherbe.com\/wp-content\/uploads\/2019\/11\/Halloween-Challenge-2019.jpg?fit=1200%2C798&resize=1050%2C600 3x"},"classes":[]},{"id":7742,"url":"http:\/\/www.jojoenherbe.com\/index.php\/2019\/10\/01\/au-fil-des-pages-avec-la-fiancee-du-fantome\/","url_meta":{"origin":7632,"position":3},"title":"Au fil des pages avec La fianc\u00e9e du fant\u00f4me","author":"Jojo","date":"1 octobre 2019","format":false,"excerpt":"Dans le cadre du Halloween Challenge 2019 organis\u00e9 par Lou et Hilde, nous empruntons \u00e0 la biblioth\u00e8que La fianc\u00e9e du fant\u00f4me de Malika Ferdjoukh (\u00e9d. L'\u00e9cole des loisirs, 2013), un roman jeunesse \u00e0 partir de 6 ou 7 ans. Avec un style interpelant le jeune lecteur, ce roman nous met\u2026","rel":"","context":"Dans &quot;Mini lecteur&quot;","block_context":{"text":"Mini lecteur","link":"http:\/\/www.jojoenherbe.com\/index.php\/category\/mini-lecteur\/"},"img":{"alt_text":"","src":"https:\/\/i0.wp.com\/www.jojoenherbe.com\/wp-content\/uploads\/2019\/10\/La-fianc%C3%A9e-du-fant%C3%B4me-1.jpg?fit=1200%2C1085&resize=350%2C200","width":350,"height":200,"srcset":"https:\/\/i0.wp.com\/www.jojoenherbe.com\/wp-content\/uploads\/2019\/10\/La-fianc%C3%A9e-du-fant%C3%B4me-1.jpg?fit=1200%2C1085&resize=350%2C200 1x, https:\/\/i0.wp.com\/www.jojoenherbe.com\/wp-content\/uploads\/2019\/10\/La-fianc%C3%A9e-du-fant%C3%B4me-1.jpg?fit=1200%2C1085&resize=525%2C300 1.5x, https:\/\/i0.wp.com\/www.jojoenherbe.com\/wp-content\/uploads\/2019\/10\/La-fianc%C3%A9e-du-fant%C3%B4me-1.jpg?fit=1200%2C1085&resize=700%2C400 2x, https:\/\/i0.wp.com\/www.jojoenherbe.com\/wp-content\/uploads\/2019\/10\/La-fianc%C3%A9e-du-fant%C3%B4me-1.jpg?fit=1200%2C1085&resize=1050%2C600 3x"},"classes":[]},{"id":32125,"url":"http:\/\/www.jojoenherbe.com\/index.php\/2023\/09\/23\/billet-de-suivi-challenge-halloween-2023\/","url_meta":{"origin":7632,"position":4},"title":"Billet de suivi: Challenge Halloween 2023","author":"Jojo","date":"23 septembre 2023","format":false,"excerpt":"Je participe \u00e0 nouveau cette ann\u00e9e au Challenge Halloween organis\u00e9 par Hilde et Lou. D\u00e8s le 23 septembre 2023, nos deux vampirettes coorganisatrices ouvrent les portes non du Manoir habituel mais celles d\u2019un ch\u00e2teau en ruines en Transylvanie, les Vampires \u00e9tant \u00e0 l\u2019honneur cette ann\u00e9e.\u00a0 Le challenge commence en douceur\u2026","rel":"","context":"Dans &quot;Mini challenger&quot;","block_context":{"text":"Mini challenger","link":"http:\/\/www.jojoenherbe.com\/index.php\/category\/mini-challenger\/"},"img":{"alt_text":"","src":"https:\/\/i0.wp.com\/www.jojoenherbe.com\/wp-content\/uploads\/2023\/09\/Logo-Challenge-Halloween-2023.jpg?fit=960%2C960&resize=350%2C200","width":350,"height":200,"srcset":"https:\/\/i0.wp.com\/www.jojoenherbe.com\/wp-content\/uploads\/2023\/09\/Logo-Challenge-Halloween-2023.jpg?fit=960%2C960&resize=350%2C200 1x, https:\/\/i0.wp.com\/www.jojoenherbe.com\/wp-content\/uploads\/2023\/09\/Logo-Challenge-Halloween-2023.jpg?fit=960%2C960&resize=525%2C300 1.5x, https:\/\/i0.wp.com\/www.jojoenherbe.com\/wp-content\/uploads\/2023\/09\/Logo-Challenge-Halloween-2023.jpg?fit=960%2C960&resize=700%2C400 2x"},"classes":[]},{"id":9272,"url":"http:\/\/www.jojoenherbe.com\/index.php\/2020\/01\/03\/ou-va-jojo-en-2020\/","url_meta":{"origin":7632,"position":5},"title":"Nos challenges livresques 2020","author":"Jojo","date":"3 janvier 2020","format":false,"excerpt":"Nous commen\u00e7ons d'abord par vous souhaiter une bonne ann\u00e9e et \u00e0 vous pr\u00e9senter nos meilleurs v\u0153ux. Cette ann\u00e9e 2019, nous avons beaucoup lu, balad\u00e9, jou\u00e9 et photographi\u00e9, profitant de tous ces petits moments de la vie. Ce fut l'occasion de\u00a0 participer \u00e0 des challenges photo ou lecture dans une grande\u2026","rel":"","context":"Dans &quot;Mini challenger&quot;","block_context":{"text":"Mini challenger","link":"http:\/\/www.jojoenherbe.com\/index.php\/category\/mini-challenger\/"},"img":{"alt_text":"","src":"https:\/\/i0.wp.com\/www.jojoenherbe.com\/wp-content\/uploads\/2020\/01\/Challenges-livresques-2020-scaled.jpg?fit=1200%2C900&resize=350%2C200","width":350,"height":200,"srcset":"https:\/\/i0.wp.com\/www.jojoenherbe.com\/wp-content\/uploads\/2020\/01\/Challenges-livresques-2020-scaled.jpg?fit=1200%2C900&resize=350%2C200 1x, https:\/\/i0.wp.com\/www.jojoenherbe.com\/wp-content\/uploads\/2020\/01\/Challenges-livresques-2020-scaled.jpg?fit=1200%2C900&resize=525%2C300 1.5x, https:\/\/i0.wp.com\/www.jojoenherbe.com\/wp-content\/uploads\/2020\/01\/Challenges-livresques-2020-scaled.jpg?fit=1200%2C900&resize=700%2C400 2x, https:\/\/i0.wp.com\/www.jojoenherbe.com\/wp-content\/uploads\/2020\/01\/Challenges-livresques-2020-scaled.jpg?fit=1200%2C900&resize=1050%2C600 3x"},"classes":[]}],"_links":{"self":[{"href":"http:\/\/www.jojoenherbe.com\/index.php\/wp-json\/wp\/v2\/posts\/7632","targetHints":{"allow":["GET"]}}],"collection":[{"href":"http:\/\/www.jojoenherbe.com\/index.php\/wp-json\/wp\/v2\/posts"}],"about":[{"href":"http:\/\/www.jojoenherbe.com\/index.php\/wp-json\/wp\/v2\/types\/post"}],"author":[{"embeddable":true,"href":"http:\/\/www.jojoenherbe.com\/index.php\/wp-json\/wp\/v2\/users\/1"}],"replies":[{"embeddable":true,"href":"http:\/\/www.jojoenherbe.com\/index.php\/wp-json\/wp\/v2\/comments?post=7632"}],"version-history":[{"count":3,"href":"http:\/\/www.jojoenherbe.com\/index.php\/wp-json\/wp\/v2\/posts\/7632\/revisions"}],"predecessor-version":[{"id":32747,"href":"http:\/\/www.jojoenherbe.com\/index.php\/wp-json\/wp\/v2\/posts\/7632\/revisions\/32747"}],"wp:featuredmedia":[{"embeddable":true,"href":"http:\/\/www.jojoenherbe.com\/index.php\/wp-json\/wp\/v2\/media\/7638"}],"wp:attachment":[{"href":"http:\/\/www.jojoenherbe.com\/index.php\/wp-json\/wp\/v2\/media?parent=7632"}],"wp:term":[{"taxonomy":"category","embeddable":true,"href":"http:\/\/www.jojoenherbe.com\/index.php\/wp-json\/wp\/v2\/categories?post=7632"},{"taxonomy":"post_tag","embeddable":true,"href":"http:\/\/www.jojoenherbe.com\/index.php\/wp-json\/wp\/v2\/tags?post=7632"}],"curies":[{"name":"wp","href":"https:\/\/api.w.org\/{rel}","templated":true}]}}