{"id":7547,"date":"2019-09-21T14:23:57","date_gmt":"2019-09-21T12:23:57","guid":{"rendered":"http:\/\/www.jojoenherbe.com\/?p=7547"},"modified":"2020-02-18T22:30:45","modified_gmt":"2020-02-18T21:30:45","slug":"des-marionnettes-a-doigt-du-monstre-des-couleurs","status":"publish","type":"post","link":"http:\/\/www.jojoenherbe.com\/index.php\/2019\/09\/21\/des-marionnettes-a-doigt-du-monstre-des-couleurs\/","title":{"rendered":"Des marionnettes \u00e0 doigt du Monstre des couleurs"},"content":{"rendered":"<p style=\"text-align: justify;\"><em data-rich-text-format-boundary=\"true\"><a href=\"https:\/\/i0.wp.com\/www.jojoenherbe.com\/wp-content\/uploads\/2019\/09\/Marionnettes-%C3%A0-doigt-Monstre-des-couleurs-5.jpg\"><img data-recalc-dims=\"1\" loading=\"lazy\" decoding=\"async\" data-attachment-id=\"7566\" data-permalink=\"http:\/\/www.jojoenherbe.com\/index.php\/2019\/09\/21\/des-marionnettes-a-doigt-du-monstre-des-couleurs\/marionnettes-a-doigt-monstre-des-couleurs-5\/\" data-orig-file=\"https:\/\/i0.wp.com\/www.jojoenherbe.com\/wp-content\/uploads\/2019\/09\/Marionnettes-%C3%A0-doigt-Monstre-des-couleurs-5.jpg?fit=2337%2C2034\" data-orig-size=\"2337,2034\" data-comments-opened=\"1\" data-image-meta=\"{&quot;aperture&quot;:&quot;2.4&quot;,&quot;credit&quot;:&quot;&quot;,&quot;camera&quot;:&quot;iPhone 4S&quot;,&quot;caption&quot;:&quot;&quot;,&quot;created_timestamp&quot;:&quot;1568976414&quot;,&quot;copyright&quot;:&quot;&quot;,&quot;focal_length&quot;:&quot;4.28&quot;,&quot;iso&quot;:&quot;640&quot;,&quot;shutter_speed&quot;:&quot;0.066666666666667&quot;,&quot;title&quot;:&quot;&quot;,&quot;orientation&quot;:&quot;1&quot;}\" data-image-title=\"Marionnettes \u00e0 doigt &amp;#8211; Monstre des couleurs 5\" data-image-description=\"\" data-image-caption=\"\" data-large-file=\"https:\/\/i0.wp.com\/www.jojoenherbe.com\/wp-content\/uploads\/2019\/09\/Marionnettes-%C3%A0-doigt-Monstre-des-couleurs-5.jpg?fit=676%2C588\" class=\"alignleft size-thumbnail wp-image-7566\" src=\"https:\/\/i0.wp.com\/www.jojoenherbe.com\/wp-content\/uploads\/2019\/09\/Marionnettes-%C3%A0-doigt-Monstre-des-couleurs-5.jpg?resize=150%2C150\" alt=\"\" width=\"150\" height=\"150\" srcset=\"https:\/\/i0.wp.com\/www.jojoenherbe.com\/wp-content\/uploads\/2019\/09\/Marionnettes-%C3%A0-doigt-Monstre-des-couleurs-5.jpg?resize=150%2C150 150w, https:\/\/i0.wp.com\/www.jojoenherbe.com\/wp-content\/uploads\/2019\/09\/Marionnettes-%C3%A0-doigt-Monstre-des-couleurs-5.jpg?zoom=2&amp;resize=150%2C150 300w, https:\/\/i0.wp.com\/www.jojoenherbe.com\/wp-content\/uploads\/2019\/09\/Marionnettes-%C3%A0-doigt-Monstre-des-couleurs-5.jpg?zoom=3&amp;resize=150%2C150 450w\" sizes=\"auto, (max-width: 150px) 100vw, 150px\" \/><\/a><a href=\"https:\/\/i0.wp.com\/www.jojoenherbe.com\/wp-content\/uploads\/2019\/09\/Marionnettes-%C3%A0-doigt-Monstre-des-couleurs-6.jpg\"><img data-recalc-dims=\"1\" loading=\"lazy\" decoding=\"async\" data-attachment-id=\"7578\" data-permalink=\"http:\/\/www.jojoenherbe.com\/index.php\/2019\/09\/21\/des-marionnettes-a-doigt-du-monstre-des-couleurs\/marionnettes-a-doigt-monstre-des-couleurs-6\/\" data-orig-file=\"https:\/\/i0.wp.com\/www.jojoenherbe.com\/wp-content\/uploads\/2019\/09\/Marionnettes-%C3%A0-doigt-Monstre-des-couleurs-6.jpg?fit=2448%2C2778\" data-orig-size=\"2448,2778\" data-comments-opened=\"1\" data-image-meta=\"{&quot;aperture&quot;:&quot;2.4&quot;,&quot;credit&quot;:&quot;&quot;,&quot;camera&quot;:&quot;iPhone 4S&quot;,&quot;caption&quot;:&quot;&quot;,&quot;created_timestamp&quot;:&quot;1569070645&quot;,&quot;copyright&quot;:&quot;&quot;,&quot;focal_length&quot;:&quot;4.28&quot;,&quot;iso&quot;:&quot;800&quot;,&quot;shutter_speed&quot;:&quot;0.066666666666667&quot;,&quot;title&quot;:&quot;&quot;,&quot;orientation&quot;:&quot;1&quot;}\" data-image-title=\"Marionnettes \u00e0 doigt &amp;#8211; Monstre des couleurs 6\" data-image-description=\"\" data-image-caption=\"\" data-large-file=\"https:\/\/i0.wp.com\/www.jojoenherbe.com\/wp-content\/uploads\/2019\/09\/Marionnettes-%C3%A0-doigt-Monstre-des-couleurs-6.jpg?fit=676%2C767\" class=\"alignleft wp-image-7578 size-thumbnail\" src=\"https:\/\/i0.wp.com\/www.jojoenherbe.com\/wp-content\/uploads\/2019\/09\/Marionnettes-%C3%A0-doigt-Monstre-des-couleurs-6.jpg?resize=150%2C150\" alt=\"\" width=\"150\" height=\"150\" srcset=\"https:\/\/i0.wp.com\/www.jojoenherbe.com\/wp-content\/uploads\/2019\/09\/Marionnettes-%C3%A0-doigt-Monstre-des-couleurs-6.jpg?resize=150%2C150 150w, https:\/\/i0.wp.com\/www.jojoenherbe.com\/wp-content\/uploads\/2019\/09\/Marionnettes-%C3%A0-doigt-Monstre-des-couleurs-6.jpg?zoom=2&amp;resize=150%2C150 300w, https:\/\/i0.wp.com\/www.jojoenherbe.com\/wp-content\/uploads\/2019\/09\/Marionnettes-%C3%A0-doigt-Monstre-des-couleurs-6.jpg?zoom=3&amp;resize=150%2C150 450w\" sizes=\"auto, (max-width: 150px) 100vw, 150px\" \/><\/a>Comme annonc\u00e9 il y a quelques temps dans mon article relatif aux albums jeunesse d&rsquo;Anna Llenas sur le <a href=\"http:\/\/www.jojoenherbe.com\/index.php\/2019\/08\/29\/au-fil-des-pages-avec-le-monstre-des-couleurs\/\">Monstre des couleurs<\/a>, j&rsquo;ai fabriqu\u00e9 des marionnettes \u00e0 doigt reprenant les 5 \u00e9motions ressenties par ce dernier: la joie, la tristesse, la col\u00e8re, la peur, la s\u00e9r\u00e9nit\u00e9. Pour les r\u00e9aliser, j&rsquo;ai repris des illustrations de l&rsquo;album <span style=\"text-decoration: underline;\">La couleur des \u00e9motions<\/span> d\u2019Anna Llenas (\u00e9d. Quatre Fleuves, 2017) que j&rsquo;ai au pr\u00e9alable redimensionn\u00e9es afin que les patrons fassent environ 5\/6 centim\u00e8tres pour le corps. Puis j&rsquo;ai rajout\u00e9 les bras et les jambes du personnage. <\/em><\/p>\n<p style=\"text-align: justify;\"><em data-rich-text-format-boundary=\"true\"><a href=\"https:\/\/i0.wp.com\/www.jojoenherbe.com\/wp-content\/uploads\/2019\/09\/Marionnettes-%C3%A0-doigt-Monstre-des-couleurs-2.jpg\"><img data-recalc-dims=\"1\" loading=\"lazy\" decoding=\"async\" data-attachment-id=\"7549\" data-permalink=\"http:\/\/www.jojoenherbe.com\/index.php\/2019\/09\/21\/des-marionnettes-a-doigt-du-monstre-des-couleurs\/marionnettes-a-doigt-monstre-des-couleurs-2\/\" data-orig-file=\"https:\/\/i0.wp.com\/www.jojoenherbe.com\/wp-content\/uploads\/2019\/09\/Marionnettes-%C3%A0-doigt-Monstre-des-couleurs-2.jpg?fit=2504%2C2134\" data-orig-size=\"2504,2134\" data-comments-opened=\"1\" data-image-meta=\"{&quot;aperture&quot;:&quot;2.4&quot;,&quot;credit&quot;:&quot;&quot;,&quot;camera&quot;:&quot;iPhone 4S&quot;,&quot;caption&quot;:&quot;&quot;,&quot;created_timestamp&quot;:&quot;1568907780&quot;,&quot;copyright&quot;:&quot;&quot;,&quot;focal_length&quot;:&quot;4.28&quot;,&quot;iso&quot;:&quot;500&quot;,&quot;shutter_speed&quot;:&quot;0.066666666666667&quot;,&quot;title&quot;:&quot;&quot;,&quot;orientation&quot;:&quot;1&quot;}\" data-image-title=\"Marionnettes \u00e0 doigt &amp;#8211; Monstre des couleurs 2\" data-image-description=\"\" data-image-caption=\"\" data-large-file=\"https:\/\/i0.wp.com\/www.jojoenherbe.com\/wp-content\/uploads\/2019\/09\/Marionnettes-%C3%A0-doigt-Monstre-des-couleurs-2.jpg?fit=676%2C576\" class=\"size-thumbnail wp-image-7549 alignright\" src=\"https:\/\/i0.wp.com\/www.jojoenherbe.com\/wp-content\/uploads\/2019\/09\/Marionnettes-%C3%A0-doigt-Monstre-des-couleurs-2.jpg?resize=150%2C150\" alt=\"\" width=\"150\" height=\"150\" srcset=\"https:\/\/i0.wp.com\/www.jojoenherbe.com\/wp-content\/uploads\/2019\/09\/Marionnettes-%C3%A0-doigt-Monstre-des-couleurs-2.jpg?resize=150%2C150 150w, https:\/\/i0.wp.com\/www.jojoenherbe.com\/wp-content\/uploads\/2019\/09\/Marionnettes-%C3%A0-doigt-Monstre-des-couleurs-2.jpg?zoom=2&amp;resize=150%2C150 300w, https:\/\/i0.wp.com\/www.jojoenherbe.com\/wp-content\/uploads\/2019\/09\/Marionnettes-%C3%A0-doigt-Monstre-des-couleurs-2.jpg?zoom=3&amp;resize=150%2C150 450w\" sizes=\"auto, (max-width: 150px) 100vw, 150px\" \/><\/a><a href=\"https:\/\/i0.wp.com\/www.jojoenherbe.com\/wp-content\/uploads\/2019\/09\/Marionnettes-%C3%A0-doigt-Monstre-des-couleurs-4.jpg\"><img data-recalc-dims=\"1\" loading=\"lazy\" decoding=\"async\" data-attachment-id=\"7565\" data-permalink=\"http:\/\/www.jojoenherbe.com\/index.php\/2019\/09\/21\/des-marionnettes-a-doigt-du-monstre-des-couleurs\/marionnettes-a-doigt-monstre-des-couleurs-4\/\" data-orig-file=\"https:\/\/i0.wp.com\/www.jojoenherbe.com\/wp-content\/uploads\/2019\/09\/Marionnettes-%C3%A0-doigt-Monstre-des-couleurs-4.jpg?fit=2855%2C1810\" data-orig-size=\"2855,1810\" data-comments-opened=\"1\" data-image-meta=\"{&quot;aperture&quot;:&quot;2.4&quot;,&quot;credit&quot;:&quot;&quot;,&quot;camera&quot;:&quot;iPhone 4S&quot;,&quot;caption&quot;:&quot;&quot;,&quot;created_timestamp&quot;:&quot;1568977965&quot;,&quot;copyright&quot;:&quot;&quot;,&quot;focal_length&quot;:&quot;4.28&quot;,&quot;iso&quot;:&quot;640&quot;,&quot;shutter_speed&quot;:&quot;0.066666666666667&quot;,&quot;title&quot;:&quot;&quot;,&quot;orientation&quot;:&quot;1&quot;}\" data-image-title=\"Marionnettes \u00e0 doigt &amp;#8211; Monstre des couleurs 4\" data-image-description=\"\" data-image-caption=\"\" data-large-file=\"https:\/\/i0.wp.com\/www.jojoenherbe.com\/wp-content\/uploads\/2019\/09\/Marionnettes-%C3%A0-doigt-Monstre-des-couleurs-4.jpg?fit=676%2C428\" class=\"alignright size-thumbnail wp-image-7565\" src=\"https:\/\/i0.wp.com\/www.jojoenherbe.com\/wp-content\/uploads\/2019\/09\/Marionnettes-%C3%A0-doigt-Monstre-des-couleurs-4.jpg?resize=150%2C150\" alt=\"\" width=\"150\" height=\"150\" srcset=\"https:\/\/i0.wp.com\/www.jojoenherbe.com\/wp-content\/uploads\/2019\/09\/Marionnettes-%C3%A0-doigt-Monstre-des-couleurs-4.jpg?resize=150%2C150 150w, https:\/\/i0.wp.com\/www.jojoenherbe.com\/wp-content\/uploads\/2019\/09\/Marionnettes-%C3%A0-doigt-Monstre-des-couleurs-4.jpg?zoom=2&amp;resize=150%2C150 300w, https:\/\/i0.wp.com\/www.jojoenherbe.com\/wp-content\/uploads\/2019\/09\/Marionnettes-%C3%A0-doigt-Monstre-des-couleurs-4.jpg?zoom=3&amp;resize=150%2C150 450w\" sizes=\"auto, (max-width: 150px) 100vw, 150px\" \/><\/a>Avant de coudre les deux parties du corps, j&rsquo;ai dessin\u00e9 au feutre noir les contours, les poils et le visage du Monstre en reprenant le code couleur de chaque \u00e9motion: rouge pour la col\u00e8re, bleu pour la tristesse, etc. Pour la col\u00e8re, l&rsquo;amour et la peur, j&rsquo;ai coll\u00e9 des ronds en feutrine blanche pour les yeux. <br><\/em><\/p>\n<p style=\"text-align: justify;\"><em><a href=\"https:\/\/i0.wp.com\/www.jojoenherbe.com\/wp-content\/uploads\/2019\/09\/Marionnettes-%C3%A0-doigt-Monstre-des-couleurs.jpg\"><img data-recalc-dims=\"1\" loading=\"lazy\" decoding=\"async\" data-attachment-id=\"7544\" data-permalink=\"http:\/\/www.jojoenherbe.com\/index.php\/2019\/09\/21\/des-marionnettes-a-doigt-du-monstre-des-couleurs\/marionnettes-a-doigt-monstre-des-couleurs\/\" data-orig-file=\"https:\/\/i0.wp.com\/www.jojoenherbe.com\/wp-content\/uploads\/2019\/09\/Marionnettes-%C3%A0-doigt-Monstre-des-couleurs.jpg?fit=2199%2C1999\" data-orig-size=\"2199,1999\" data-comments-opened=\"1\" data-image-meta=\"{&quot;aperture&quot;:&quot;2.4&quot;,&quot;credit&quot;:&quot;&quot;,&quot;camera&quot;:&quot;iPhone 4S&quot;,&quot;caption&quot;:&quot;&quot;,&quot;created_timestamp&quot;:&quot;1568907888&quot;,&quot;copyright&quot;:&quot;&quot;,&quot;focal_length&quot;:&quot;4.28&quot;,&quot;iso&quot;:&quot;400&quot;,&quot;shutter_speed&quot;:&quot;0.066666666666667&quot;,&quot;title&quot;:&quot;&quot;,&quot;orientation&quot;:&quot;1&quot;}\" data-image-title=\"Marionnettes \u00e0 doigt &amp;#8211; Monstre des couleurs\" data-image-description=\"\" data-image-caption=\"\" data-large-file=\"https:\/\/i0.wp.com\/www.jojoenherbe.com\/wp-content\/uploads\/2019\/09\/Marionnettes-%C3%A0-doigt-Monstre-des-couleurs.jpg?fit=676%2C615\" class=\"alignleft wp-image-7544 size-thumbnail\" src=\"https:\/\/i0.wp.com\/www.jojoenherbe.com\/wp-content\/uploads\/2019\/09\/Marionnettes-%C3%A0-doigt-Monstre-des-couleurs.jpg?resize=150%2C150\" alt=\"\" width=\"150\" height=\"150\" srcset=\"https:\/\/i0.wp.com\/www.jojoenherbe.com\/wp-content\/uploads\/2019\/09\/Marionnettes-%C3%A0-doigt-Monstre-des-couleurs.jpg?resize=150%2C150 150w, https:\/\/i0.wp.com\/www.jojoenherbe.com\/wp-content\/uploads\/2019\/09\/Marionnettes-%C3%A0-doigt-Monstre-des-couleurs.jpg?zoom=2&amp;resize=150%2C150 300w, https:\/\/i0.wp.com\/www.jojoenherbe.com\/wp-content\/uploads\/2019\/09\/Marionnettes-%C3%A0-doigt-Monstre-des-couleurs.jpg?zoom=3&amp;resize=150%2C150 450w\" sizes=\"auto, (max-width: 150px) 100vw, 150px\" \/><\/a><a href=\"https:\/\/i0.wp.com\/www.jojoenherbe.com\/wp-content\/uploads\/2019\/09\/Marionnettes-%C3%A0-doigt-Monstre-des-couleurs-8.jpg\"><img data-recalc-dims=\"1\" loading=\"lazy\" decoding=\"async\" data-attachment-id=\"7580\" data-permalink=\"http:\/\/www.jojoenherbe.com\/index.php\/2019\/09\/21\/des-marionnettes-a-doigt-du-monstre-des-couleurs\/marionnettes-a-doigt-monstre-des-couleurs-8\/\" data-orig-file=\"https:\/\/i0.wp.com\/www.jojoenherbe.com\/wp-content\/uploads\/2019\/09\/Marionnettes-%C3%A0-doigt-Monstre-des-couleurs-8.jpg?fit=3264%2C2448\" data-orig-size=\"3264,2448\" data-comments-opened=\"1\" data-image-meta=\"{&quot;aperture&quot;:&quot;2.4&quot;,&quot;credit&quot;:&quot;&quot;,&quot;camera&quot;:&quot;iPhone 4S&quot;,&quot;caption&quot;:&quot;&quot;,&quot;created_timestamp&quot;:&quot;1569075329&quot;,&quot;copyright&quot;:&quot;&quot;,&quot;focal_length&quot;:&quot;4.28&quot;,&quot;iso&quot;:&quot;800&quot;,&quot;shutter_speed&quot;:&quot;0.066666666666667&quot;,&quot;title&quot;:&quot;&quot;,&quot;orientation&quot;:&quot;1&quot;}\" data-image-title=\"Marionnettes \u00e0 doigt &amp;#8211; Monstre des couleurs 8\" data-image-description=\"\" data-image-caption=\"\" data-large-file=\"https:\/\/i0.wp.com\/www.jojoenherbe.com\/wp-content\/uploads\/2019\/09\/Marionnettes-%C3%A0-doigt-Monstre-des-couleurs-8.jpg?fit=676%2C507\" class=\"alignleft wp-image-7580 size-thumbnail\" src=\"https:\/\/i0.wp.com\/www.jojoenherbe.com\/wp-content\/uploads\/2019\/09\/Marionnettes-%C3%A0-doigt-Monstre-des-couleurs-8.jpg?resize=150%2C150\" alt=\"\" width=\"150\" height=\"150\" srcset=\"https:\/\/i0.wp.com\/www.jojoenherbe.com\/wp-content\/uploads\/2019\/09\/Marionnettes-%C3%A0-doigt-Monstre-des-couleurs-8.jpg?resize=150%2C150 150w, https:\/\/i0.wp.com\/www.jojoenherbe.com\/wp-content\/uploads\/2019\/09\/Marionnettes-%C3%A0-doigt-Monstre-des-couleurs-8.jpg?zoom=2&amp;resize=150%2C150 300w, https:\/\/i0.wp.com\/www.jojoenherbe.com\/wp-content\/uploads\/2019\/09\/Marionnettes-%C3%A0-doigt-Monstre-des-couleurs-8.jpg?zoom=3&amp;resize=150%2C150 450w\" sizes=\"auto, (max-width: 150px) 100vw, 150px\" \/><\/a>Gr\u00e2ce \u00e0 ces marionnettes \u00e0 doigt, nous pouvons rejouer l&rsquo;histoire des deux albums. C&rsquo;est aussi un moyen pour les tout-petits de s&rsquo;amuser autour des \u00e9motions qu&rsquo;ils peuvent eux-m\u00eames ressentir. Et vous, sauriez-vous les reconna\u00eetre?<br><\/em><\/p>\n\n\n<p><\/p>\n","protected":false},"excerpt":{"rendered":"<p>Comme annonc\u00e9 il y a quelques temps dans mon article relatif aux albums jeunesse d&rsquo;Anna Llenas sur le Monstre des couleurs, j&rsquo;ai fabriqu\u00e9 des marionnettes \u00e0 doigt reprenant les 5 \u00e9motions ressenties par ce dernier: la joie, la tristesse, la col\u00e8re, la peur, la s\u00e9r\u00e9nit\u00e9. Pour les r\u00e9aliser, j&rsquo;ai repris des illustrations de l&rsquo;album La [&hellip;]<\/p>\n","protected":false},"author":1,"featured_media":7579,"comment_status":"open","ping_status":"open","sticky":false,"template":"","format":"standard","meta":{"jetpack_post_was_ever_published":false,"_jetpack_newsletter_access":"","_jetpack_dont_email_post_to_subs":false,"_jetpack_newsletter_tier_id":0,"_jetpack_memberships_contains_paywalled_content":false,"_jetpack_memberships_contains_paid_content":false,"footnotes":""},"categories":[825],"tags":[20,1300,239,209,576,107,223,770,1299],"class_list":["post-7547","post","type-post","status-publish","format-standard","has-post-thumbnail","hentry","category-mini-couturier","tag-activites-pour-les-enfants","tag-anna-llenas","tag-couleurs","tag-diy","tag-emotions","tag-feutrine","tag-marionnettes-a-doigt","tag-monstre","tag-monstre-des-couleurs","post-preview"],"jetpack_featured_media_url":"https:\/\/i0.wp.com\/www.jojoenherbe.com\/wp-content\/uploads\/2019\/09\/Marionnettes-%C3%A0-doigt-Monstre-des-couleurs-7.jpg?fit=2514%2C2425","jetpack_sharing_enabled":true,"jetpack_shortlink":"https:\/\/wp.me\/p9zhGx-1XJ","jetpack_likes_enabled":true,"jetpack-related-posts":[{"id":7596,"url":"http:\/\/www.jojoenherbe.com\/index.php\/2019\/09\/23\/des-monstres-des-couleurs-tout-barbouilles-de-laine\/","url_meta":{"origin":7547,"position":0},"title":"Des monstres des couleurs tout barbouill\u00e9s de laine","author":"Jojo","date":"23 septembre 2019","format":false,"excerpt":"Un peu de motricit\u00e9 fine avec de la laine et le Monstre des couleurs! Une activit\u00e9 rep\u00e9r\u00e9e sur le blog de MC en maternelle qui relayait un article du blog de Parties de scrap \u00e0 4 mains qui met en avant les cr\u00e9ations d'\u00e9l\u00e8ves de moyenne section, soit \u00e0 partir\u2026","rel":"","context":"Dans &quot;Mini joueur&quot;","block_context":{"text":"Mini joueur","link":"http:\/\/www.jojoenherbe.com\/index.php\/category\/mini-decouvreur\/mini-joueur\/"},"img":{"alt_text":"","src":"https:\/\/i0.wp.com\/www.jojoenherbe.com\/wp-content\/uploads\/2019\/09\/Monstre-des-couleurs-fils-de-laine.jpg?fit=1200%2C1072&resize=350%2C200","width":350,"height":200,"srcset":"https:\/\/i0.wp.com\/www.jojoenherbe.com\/wp-content\/uploads\/2019\/09\/Monstre-des-couleurs-fils-de-laine.jpg?fit=1200%2C1072&resize=350%2C200 1x, https:\/\/i0.wp.com\/www.jojoenherbe.com\/wp-content\/uploads\/2019\/09\/Monstre-des-couleurs-fils-de-laine.jpg?fit=1200%2C1072&resize=525%2C300 1.5x, https:\/\/i0.wp.com\/www.jojoenherbe.com\/wp-content\/uploads\/2019\/09\/Monstre-des-couleurs-fils-de-laine.jpg?fit=1200%2C1072&resize=700%2C400 2x, https:\/\/i0.wp.com\/www.jojoenherbe.com\/wp-content\/uploads\/2019\/09\/Monstre-des-couleurs-fils-de-laine.jpg?fit=1200%2C1072&resize=1050%2C600 3x"},"classes":[]},{"id":7254,"url":"http:\/\/www.jojoenherbe.com\/index.php\/2019\/08\/29\/au-fil-des-pages-avec-le-monstre-des-couleurs\/","url_meta":{"origin":7547,"position":1},"title":"Au fil des pages avec Le monstre des couleurs","author":"Jojo","date":"29 ao\u00fbt 2019","format":false,"excerpt":"Nous lisons avec grand plaisir La couleur des \u00e9motions d'Anna Llenas (\u00e9d. Quatre Fleuves, 2017), un album jeunesse \u00e0 partir de 3 ans. Aid\u00e9e de son amie, une petite fille, le monstre des couleurs va tenter de comprendre toutes les \u00e9motions qui le traversent. En associant chaque \u00e9motion \u00e0 une\u2026","rel":"","context":"Dans &quot;Mini lecteur&quot;","block_context":{"text":"Mini lecteur","link":"http:\/\/www.jojoenherbe.com\/index.php\/category\/mini-lecteur\/"},"img":{"alt_text":"","src":"https:\/\/i0.wp.com\/www.jojoenherbe.com\/wp-content\/uploads\/2019\/08\/Le-monstre-des-couleurs.jpg?fit=1200%2C782&resize=350%2C200","width":350,"height":200,"srcset":"https:\/\/i0.wp.com\/www.jojoenherbe.com\/wp-content\/uploads\/2019\/08\/Le-monstre-des-couleurs.jpg?fit=1200%2C782&resize=350%2C200 1x, https:\/\/i0.wp.com\/www.jojoenherbe.com\/wp-content\/uploads\/2019\/08\/Le-monstre-des-couleurs.jpg?fit=1200%2C782&resize=525%2C300 1.5x, https:\/\/i0.wp.com\/www.jojoenherbe.com\/wp-content\/uploads\/2019\/08\/Le-monstre-des-couleurs.jpg?fit=1200%2C782&resize=700%2C400 2x, https:\/\/i0.wp.com\/www.jojoenherbe.com\/wp-content\/uploads\/2019\/08\/Le-monstre-des-couleurs.jpg?fit=1200%2C782&resize=1050%2C600 3x"},"classes":[]},{"id":7917,"url":"http:\/\/www.jojoenherbe.com\/index.php\/2019\/10\/08\/au-fil-des-pages-avec-la-couleur-des-emotions\/","url_meta":{"origin":7547,"position":2},"title":"Au fil des pages avec La couleur des \u00e9motions","author":"Jojo","date":"8 octobre 2019","format":false,"excerpt":"Nous avons d\u00e9j\u00e0 lu et relu les deux albums jeunesse du Monstre des couleurs que nous avons beaucoup appr\u00e9ci\u00e9s et avons \u00e9galement fait beaucoup d'activit\u00e9s autour de ce monstre attachant. Mais nous n'avions pas encore lu la version pop-up de La couleur des \u00e9motions d'Anna Llenas (\u00e9d. Quatre Fleuves, 2014),\u2026","rel":"","context":"Dans &quot;Mini lecteur&quot;","block_context":{"text":"Mini lecteur","link":"http:\/\/www.jojoenherbe.com\/index.php\/category\/mini-lecteur\/"},"img":{"alt_text":"","src":"https:\/\/i0.wp.com\/www.jojoenherbe.com\/wp-content\/uploads\/2019\/10\/La-couleur-des-%C3%A9motions-pop-up.jpg?fit=1200%2C808&resize=350%2C200","width":350,"height":200,"srcset":"https:\/\/i0.wp.com\/www.jojoenherbe.com\/wp-content\/uploads\/2019\/10\/La-couleur-des-%C3%A9motions-pop-up.jpg?fit=1200%2C808&resize=350%2C200 1x, https:\/\/i0.wp.com\/www.jojoenherbe.com\/wp-content\/uploads\/2019\/10\/La-couleur-des-%C3%A9motions-pop-up.jpg?fit=1200%2C808&resize=525%2C300 1.5x, https:\/\/i0.wp.com\/www.jojoenherbe.com\/wp-content\/uploads\/2019\/10\/La-couleur-des-%C3%A9motions-pop-up.jpg?fit=1200%2C808&resize=700%2C400 2x, https:\/\/i0.wp.com\/www.jojoenherbe.com\/wp-content\/uploads\/2019\/10\/La-couleur-des-%C3%A9motions-pop-up.jpg?fit=1200%2C808&resize=1050%2C600 3x"},"classes":[]},{"id":3922,"url":"http:\/\/www.jojoenherbe.com\/index.php\/2018\/11\/02\/licorne-en-feutrine\/","url_meta":{"origin":7547,"position":3},"title":"Licorne en feutrine","author":"Jojo","date":"2 novembre 2018","format":false,"excerpt":"Pour fabriquer une marionnette \u00e0 doigt de licorne, j'ai utilis\u00e9 de la feutrine aux couleurs de l'arc-en-ciel. Apr\u00e8s avoir dessin\u00e9 un patron, j'ai commenc\u00e9 par d\u00e9couper le corps de la licorne dans deux morceaux de feutrine blanche. Sur la partie face, j'ai cousu le nez et la frange de la\u2026","rel":"","context":"Dans &quot;Mini couturier&quot;","block_context":{"text":"Mini couturier","link":"http:\/\/www.jojoenherbe.com\/index.php\/category\/mini-decouvreur\/mini-couturier\/"},"img":{"alt_text":"","src":"https:\/\/i0.wp.com\/www.jojoenherbe.com\/wp-content\/uploads\/2018\/11\/licorne-en-feutrine.jpg?fit=1200%2C983&resize=350%2C200","width":350,"height":200,"srcset":"https:\/\/i0.wp.com\/www.jojoenherbe.com\/wp-content\/uploads\/2018\/11\/licorne-en-feutrine.jpg?fit=1200%2C983&resize=350%2C200 1x, https:\/\/i0.wp.com\/www.jojoenherbe.com\/wp-content\/uploads\/2018\/11\/licorne-en-feutrine.jpg?fit=1200%2C983&resize=525%2C300 1.5x, https:\/\/i0.wp.com\/www.jojoenherbe.com\/wp-content\/uploads\/2018\/11\/licorne-en-feutrine.jpg?fit=1200%2C983&resize=700%2C400 2x, https:\/\/i0.wp.com\/www.jojoenherbe.com\/wp-content\/uploads\/2018\/11\/licorne-en-feutrine.jpg?fit=1200%2C983&resize=1050%2C600 3x"},"classes":[]},{"id":10103,"url":"http:\/\/www.jojoenherbe.com\/index.php\/2020\/02\/19\/des-activites-sur-le-theme-de-lamour\/","url_meta":{"origin":7547,"position":4},"title":"Des activit\u00e9s sur le th\u00e8me de l&rsquo;amour","author":"Jojo","date":"19 f\u00e9vrier 2020","format":false,"excerpt":"Pour ce mois de f\u00e9vrier 2020, je participe une nouvelle fois, \u00e9galement via mon compte Instagram, au rendez-vous sur le fil organis\u00e9 par MamanSurLeFil. Le th\u00e8me de ce mois-ci est \"Love, love, love\". Nous avons r\u00e9alis\u00e9 une petite activit\u00e9 de collage et de gommettes. Je dessine une cigogne comme patron\u2026","rel":"","context":"Dans &quot;Mini joueur&quot;","block_context":{"text":"Mini joueur","link":"http:\/\/www.jojoenherbe.com\/index.php\/category\/mini-decouvreur\/mini-joueur\/"},"img":{"alt_text":"","src":"https:\/\/i0.wp.com\/www.jojoenherbe.com\/wp-content\/uploads\/2020\/02\/Activit%C3%A9s-sur-le-th%C3%A8me-de-lamour-scaled.jpg?fit=1200%2C949&resize=350%2C200","width":350,"height":200,"srcset":"https:\/\/i0.wp.com\/www.jojoenherbe.com\/wp-content\/uploads\/2020\/02\/Activit%C3%A9s-sur-le-th%C3%A8me-de-lamour-scaled.jpg?fit=1200%2C949&resize=350%2C200 1x, https:\/\/i0.wp.com\/www.jojoenherbe.com\/wp-content\/uploads\/2020\/02\/Activit%C3%A9s-sur-le-th%C3%A8me-de-lamour-scaled.jpg?fit=1200%2C949&resize=525%2C300 1.5x, https:\/\/i0.wp.com\/www.jojoenherbe.com\/wp-content\/uploads\/2020\/02\/Activit%C3%A9s-sur-le-th%C3%A8me-de-lamour-scaled.jpg?fit=1200%2C949&resize=700%2C400 2x, https:\/\/i0.wp.com\/www.jojoenherbe.com\/wp-content\/uploads\/2020\/02\/Activit%C3%A9s-sur-le-th%C3%A8me-de-lamour-scaled.jpg?fit=1200%2C949&resize=1050%2C600 3x"},"classes":[]},{"id":7162,"url":"http:\/\/www.jojoenherbe.com\/index.php\/2019\/09\/20\/au-fil-des-pages-sur-le-theme-de-lecole\/","url_meta":{"origin":7547,"position":5},"title":"Au fil des pages sur le th\u00e8me de l&rsquo;\u00e9cole","author":"Jojo","date":"20 septembre 2019","format":false,"excerpt":"Ce mois-ci, le th\u00e8me du rendez-vous \"Et dans leur biblioth\u00e8que il y a...\" est l'\u00e9cole. Cela est de circonstance, la rentr\u00e9e scolaire venant d'avoir lieu. Tout l'\u00e9t\u00e9, nous avons lu plusieurs albums jeunesse pour pr\u00e9parer la rentr\u00e9e scolaire en maternelle. Nous en avons emprunt\u00e9 \u00e0 la biblioth\u00e8que, comme Un ours\u2026","rel":"","context":"Dans &quot;Mini lecteur&quot;","block_context":{"text":"Mini lecteur","link":"http:\/\/www.jojoenherbe.com\/index.php\/category\/mini-lecteur\/"},"img":{"alt_text":"","src":"https:\/\/i0.wp.com\/www.jojoenherbe.com\/wp-content\/uploads\/2019\/08\/Albums-jeunesse-%C3%A9cole.jpg?fit=1200%2C1032&resize=350%2C200","width":350,"height":200,"srcset":"https:\/\/i0.wp.com\/www.jojoenherbe.com\/wp-content\/uploads\/2019\/08\/Albums-jeunesse-%C3%A9cole.jpg?fit=1200%2C1032&resize=350%2C200 1x, https:\/\/i0.wp.com\/www.jojoenherbe.com\/wp-content\/uploads\/2019\/08\/Albums-jeunesse-%C3%A9cole.jpg?fit=1200%2C1032&resize=525%2C300 1.5x, https:\/\/i0.wp.com\/www.jojoenherbe.com\/wp-content\/uploads\/2019\/08\/Albums-jeunesse-%C3%A9cole.jpg?fit=1200%2C1032&resize=700%2C400 2x, https:\/\/i0.wp.com\/www.jojoenherbe.com\/wp-content\/uploads\/2019\/08\/Albums-jeunesse-%C3%A9cole.jpg?fit=1200%2C1032&resize=1050%2C600 3x"},"classes":[]}],"_links":{"self":[{"href":"http:\/\/www.jojoenherbe.com\/index.php\/wp-json\/wp\/v2\/posts\/7547","targetHints":{"allow":["GET"]}}],"collection":[{"href":"http:\/\/www.jojoenherbe.com\/index.php\/wp-json\/wp\/v2\/posts"}],"about":[{"href":"http:\/\/www.jojoenherbe.com\/index.php\/wp-json\/wp\/v2\/types\/post"}],"author":[{"embeddable":true,"href":"http:\/\/www.jojoenherbe.com\/index.php\/wp-json\/wp\/v2\/users\/1"}],"replies":[{"embeddable":true,"href":"http:\/\/www.jojoenherbe.com\/index.php\/wp-json\/wp\/v2\/comments?post=7547"}],"version-history":[{"count":0,"href":"http:\/\/www.jojoenherbe.com\/index.php\/wp-json\/wp\/v2\/posts\/7547\/revisions"}],"wp:featuredmedia":[{"embeddable":true,"href":"http:\/\/www.jojoenherbe.com\/index.php\/wp-json\/wp\/v2\/media\/7579"}],"wp:attachment":[{"href":"http:\/\/www.jojoenherbe.com\/index.php\/wp-json\/wp\/v2\/media?parent=7547"}],"wp:term":[{"taxonomy":"category","embeddable":true,"href":"http:\/\/www.jojoenherbe.com\/index.php\/wp-json\/wp\/v2\/categories?post=7547"},{"taxonomy":"post_tag","embeddable":true,"href":"http:\/\/www.jojoenherbe.com\/index.php\/wp-json\/wp\/v2\/tags?post=7547"}],"curies":[{"name":"wp","href":"https:\/\/api.w.org\/{rel}","templated":true}]}}