{"id":7507,"date":"2019-09-16T11:18:45","date_gmt":"2019-09-16T09:18:45","guid":{"rendered":"http:\/\/www.jojoenherbe.com\/?p=7507"},"modified":"2022-02-05T12:28:08","modified_gmt":"2022-02-05T11:28:08","slug":"au-fil-des-pages-avec-le-voyage-de-lescargot","status":"publish","type":"post","link":"http:\/\/www.jojoenherbe.com\/index.php\/2019\/09\/16\/au-fil-des-pages-avec-le-voyage-de-lescargot\/","title":{"rendered":"Au fil des pages avec Le voyage de l&rsquo;escargot"},"content":{"rendered":"<p style=\"text-align: justify;\"><em><a href=\"https:\/\/i0.wp.com\/www.jojoenherbe.com\/wp-content\/uploads\/2019\/09\/Le-voyage-de-lescargot-2.jpg\"><img data-recalc-dims=\"1\" loading=\"lazy\" decoding=\"async\" data-attachment-id=\"7510\" data-permalink=\"http:\/\/www.jojoenherbe.com\/index.php\/2019\/09\/16\/au-fil-des-pages-avec-le-voyage-de-lescargot\/le-voyage-de-lescargot-2\/\" data-orig-file=\"https:\/\/i0.wp.com\/www.jojoenherbe.com\/wp-content\/uploads\/2019\/09\/Le-voyage-de-lescargot-2.jpg?fit=3264%2C2194\" data-orig-size=\"3264,2194\" data-comments-opened=\"1\" data-image-meta=\"{&quot;aperture&quot;:&quot;0&quot;,&quot;credit&quot;:&quot;&quot;,&quot;camera&quot;:&quot;&quot;,&quot;caption&quot;:&quot;&quot;,&quot;created_timestamp&quot;:&quot;0&quot;,&quot;copyright&quot;:&quot;&quot;,&quot;focal_length&quot;:&quot;0&quot;,&quot;iso&quot;:&quot;0&quot;,&quot;shutter_speed&quot;:&quot;0&quot;,&quot;title&quot;:&quot;&quot;,&quot;orientation&quot;:&quot;0&quot;}\" data-image-title=\"Le voyage de l&amp;rsquo;escargot 2\" data-image-description=\"\" data-image-caption=\"\" data-large-file=\"https:\/\/i0.wp.com\/www.jojoenherbe.com\/wp-content\/uploads\/2019\/09\/Le-voyage-de-lescargot-2.jpg?fit=676%2C454\" class=\"alignleft wp-image-7510 size-thumbnail\" src=\"https:\/\/i0.wp.com\/www.jojoenherbe.com\/wp-content\/uploads\/2019\/09\/Le-voyage-de-lescargot-2.jpg?resize=150%2C150\" alt=\"\" width=\"150\" height=\"150\" srcset=\"https:\/\/i0.wp.com\/www.jojoenherbe.com\/wp-content\/uploads\/2019\/09\/Le-voyage-de-lescargot-2.jpg?resize=150%2C150 150w, https:\/\/i0.wp.com\/www.jojoenherbe.com\/wp-content\/uploads\/2019\/09\/Le-voyage-de-lescargot-2.jpg?zoom=2&amp;resize=150%2C150 300w, https:\/\/i0.wp.com\/www.jojoenherbe.com\/wp-content\/uploads\/2019\/09\/Le-voyage-de-lescargot-2.jpg?zoom=3&amp;resize=150%2C150 450w\" sizes=\"auto, (max-width: 150px) 100vw, 150px\" \/><\/a> <a href=\"https:\/\/i0.wp.com\/www.jojoenherbe.com\/wp-content\/uploads\/2019\/09\/Le-voyage-de-lescargot-3.jpg\"><img data-recalc-dims=\"1\" loading=\"lazy\" decoding=\"async\" data-attachment-id=\"7511\" data-permalink=\"http:\/\/www.jojoenherbe.com\/index.php\/2019\/09\/16\/au-fil-des-pages-avec-le-voyage-de-lescargot\/le-voyage-de-lescargot-3\/\" data-orig-file=\"https:\/\/i0.wp.com\/www.jojoenherbe.com\/wp-content\/uploads\/2019\/09\/Le-voyage-de-lescargot-3.jpg?fit=3264%2C1937\" data-orig-size=\"3264,1937\" data-comments-opened=\"1\" data-image-meta=\"{&quot;aperture&quot;:&quot;2.4&quot;,&quot;credit&quot;:&quot;&quot;,&quot;camera&quot;:&quot;iPhone 4S&quot;,&quot;caption&quot;:&quot;&quot;,&quot;created_timestamp&quot;:&quot;1568543816&quot;,&quot;copyright&quot;:&quot;&quot;,&quot;focal_length&quot;:&quot;4.28&quot;,&quot;iso&quot;:&quot;320&quot;,&quot;shutter_speed&quot;:&quot;0.066666666666667&quot;,&quot;title&quot;:&quot;&quot;,&quot;orientation&quot;:&quot;1&quot;}\" data-image-title=\"Le voyage de l&amp;rsquo;escargot 3\" data-image-description=\"\" data-image-caption=\"\" data-large-file=\"https:\/\/i0.wp.com\/www.jojoenherbe.com\/wp-content\/uploads\/2019\/09\/Le-voyage-de-lescargot-3.jpg?fit=676%2C401\" class=\"alignleft wp-image-7511 size-thumbnail\" src=\"https:\/\/i0.wp.com\/www.jojoenherbe.com\/wp-content\/uploads\/2019\/09\/Le-voyage-de-lescargot-3.jpg?resize=150%2C150\" alt=\"\" width=\"150\" height=\"150\" srcset=\"https:\/\/i0.wp.com\/www.jojoenherbe.com\/wp-content\/uploads\/2019\/09\/Le-voyage-de-lescargot-3.jpg?resize=150%2C150 150w, https:\/\/i0.wp.com\/www.jojoenherbe.com\/wp-content\/uploads\/2019\/09\/Le-voyage-de-lescargot-3.jpg?zoom=2&amp;resize=150%2C150 300w, https:\/\/i0.wp.com\/www.jojoenherbe.com\/wp-content\/uploads\/2019\/09\/Le-voyage-de-lescargot-3.jpg?zoom=3&amp;resize=150%2C150 450w\" sizes=\"auto, (max-width: 150px) 100vw, 150px\" \/><\/a>Apr\u00e8s avoir lu <a href=\"http:\/\/www.jojoenherbe.com\/index.php\/2019\/06\/25\/au-fil-des-pages-avec-dix-petites-graines\/\"><span style=\"text-decoration: underline;\">Dix petites graines<\/span><\/a>, nous empruntons \u00e0 la biblioth\u00e8que <span style=\"text-decoration: underline;\">Le voyage de l&rsquo;escargot<\/span> de Ruth Brown (\u00e9d. Gallimard Jeunesse, 2000). Nous suivons Bavou, un escargot partant \u00e0 l&rsquo;aventure dans un potager. Quel p\u00e9riple! Que d&rsquo;obstacles semblant parfois immenses \u00e0 surmonter pour cet escargot, \u00e0 l&rsquo;instar d&rsquo;une journ\u00e9e chez les tout-petits! Je n&rsquo;en dirai pas davantage, vous laissant le plaisir de d\u00e9couvrir la chute de l&rsquo;histoire. Les illustrations de l&rsquo;escargot sont tr\u00e8s r\u00e9alistes et nous permettent d&rsquo;apprendre l&rsquo;anatomie de cet animal que nous croisons souvent en balade.<br \/>\n<\/em><\/p>\n<p style=\"text-align: justify;\"><em><a href=\"https:\/\/i0.wp.com\/www.jojoenherbe.com\/wp-content\/uploads\/2019\/09\/activit%C3%A9s-Le-voyage-de-lescargot.jpg\"><img data-recalc-dims=\"1\" loading=\"lazy\" decoding=\"async\" data-attachment-id=\"7515\" data-permalink=\"http:\/\/www.jojoenherbe.com\/index.php\/2019\/09\/16\/au-fil-des-pages-avec-le-voyage-de-lescargot\/activites-le-voyage-de-lescargot\/\" data-orig-file=\"https:\/\/i0.wp.com\/www.jojoenherbe.com\/wp-content\/uploads\/2019\/09\/activit%C3%A9s-Le-voyage-de-lescargot.jpg?fit=3141%2C2014\" data-orig-size=\"3141,2014\" data-comments-opened=\"1\" data-image-meta=\"{&quot;aperture&quot;:&quot;2.4&quot;,&quot;credit&quot;:&quot;&quot;,&quot;camera&quot;:&quot;iPhone 4S&quot;,&quot;caption&quot;:&quot;&quot;,&quot;created_timestamp&quot;:&quot;1568632053&quot;,&quot;copyright&quot;:&quot;&quot;,&quot;focal_length&quot;:&quot;4.28&quot;,&quot;iso&quot;:&quot;160&quot;,&quot;shutter_speed&quot;:&quot;0.05&quot;,&quot;title&quot;:&quot;&quot;,&quot;orientation&quot;:&quot;1&quot;}\" data-image-title=\"activit\u00e9s &amp;#8211; Le voyage de l&amp;rsquo;escargot\" data-image-description=\"\" data-image-caption=\"\" data-large-file=\"https:\/\/i0.wp.com\/www.jojoenherbe.com\/wp-content\/uploads\/2019\/09\/activit%C3%A9s-Le-voyage-de-lescargot.jpg?fit=676%2C434\" class=\"alignright wp-image-7515 size-thumbnail\" src=\"https:\/\/i0.wp.com\/www.jojoenherbe.com\/wp-content\/uploads\/2019\/09\/activit%C3%A9s-Le-voyage-de-lescargot.jpg?resize=150%2C150\" alt=\"\" width=\"150\" height=\"150\" srcset=\"https:\/\/i0.wp.com\/www.jojoenherbe.com\/wp-content\/uploads\/2019\/09\/activit%C3%A9s-Le-voyage-de-lescargot.jpg?resize=150%2C150 150w, https:\/\/i0.wp.com\/www.jojoenherbe.com\/wp-content\/uploads\/2019\/09\/activit%C3%A9s-Le-voyage-de-lescargot.jpg?zoom=2&amp;resize=150%2C150 300w, https:\/\/i0.wp.com\/www.jojoenherbe.com\/wp-content\/uploads\/2019\/09\/activit%C3%A9s-Le-voyage-de-lescargot.jpg?zoom=3&amp;resize=150%2C150 450w\" sizes=\"auto, (max-width: 150px) 100vw, 150px\" \/><\/a> <a href=\"https:\/\/i0.wp.com\/www.jojoenherbe.com\/wp-content\/uploads\/2019\/09\/puzzle-Le-voyage-de-lescargot.jpg\"><img data-recalc-dims=\"1\" loading=\"lazy\" decoding=\"async\" data-attachment-id=\"7516\" data-permalink=\"http:\/\/www.jojoenherbe.com\/index.php\/2019\/09\/16\/au-fil-des-pages-avec-le-voyage-de-lescargot\/puzzle-le-voyage-de-lescargot\/\" data-orig-file=\"https:\/\/i0.wp.com\/www.jojoenherbe.com\/wp-content\/uploads\/2019\/09\/puzzle-Le-voyage-de-lescargot.jpg?fit=2928%2C2220\" data-orig-size=\"2928,2220\" data-comments-opened=\"1\" data-image-meta=\"{&quot;aperture&quot;:&quot;2.4&quot;,&quot;credit&quot;:&quot;&quot;,&quot;camera&quot;:&quot;iPhone 4S&quot;,&quot;caption&quot;:&quot;&quot;,&quot;created_timestamp&quot;:&quot;1568631183&quot;,&quot;copyright&quot;:&quot;&quot;,&quot;focal_length&quot;:&quot;4.28&quot;,&quot;iso&quot;:&quot;200&quot;,&quot;shutter_speed&quot;:&quot;0.05&quot;,&quot;title&quot;:&quot;&quot;,&quot;orientation&quot;:&quot;1&quot;}\" data-image-title=\"puzzle &amp;#8211; Le voyage de l&amp;rsquo;escargot\" data-image-description=\"\" data-image-caption=\"\" data-large-file=\"https:\/\/i0.wp.com\/www.jojoenherbe.com\/wp-content\/uploads\/2019\/09\/puzzle-Le-voyage-de-lescargot.jpg?fit=676%2C512\" class=\"alignright wp-image-7516 size-thumbnail\" src=\"https:\/\/i0.wp.com\/www.jojoenherbe.com\/wp-content\/uploads\/2019\/09\/puzzle-Le-voyage-de-lescargot.jpg?resize=150%2C150\" alt=\"\" width=\"150\" height=\"150\" srcset=\"https:\/\/i0.wp.com\/www.jojoenherbe.com\/wp-content\/uploads\/2019\/09\/puzzle-Le-voyage-de-lescargot.jpg?resize=150%2C150 150w, https:\/\/i0.wp.com\/www.jojoenherbe.com\/wp-content\/uploads\/2019\/09\/puzzle-Le-voyage-de-lescargot.jpg?zoom=2&amp;resize=150%2C150 300w, https:\/\/i0.wp.com\/www.jojoenherbe.com\/wp-content\/uploads\/2019\/09\/puzzle-Le-voyage-de-lescargot.jpg?zoom=3&amp;resize=150%2C150 450w\" sizes=\"auto, (max-width: 150px) 100vw, 150px\" \/><\/a>Pour prolonger la lecture, nous faisons des puzzles de la couverture de l&rsquo;album puis nous repla\u00e7ons Bavou sur les diff\u00e9rents endroits qu&rsquo;il a travers\u00e9s. C&rsquo;est \u00e9galement l&rsquo;occasion de revoir le vocabulaire autour du potager et du jardinage avec des cartes plastifi\u00e9es fabriqu\u00e9es \u00e0 partir des illustrations de l&rsquo;album. Comme apr\u00e8s les histoires de Raymond l&rsquo;escargot, nous nous amusons aussi \u00e0 faire des escargots en p\u00e2te \u00e0 modeler et avec des feutres. Nous faisons \u00e9galement un peu de calcul en comptant les escargots.<br \/>\n<\/em><\/p>\n<div style=\"width: 137px\" class=\"wp-caption alignleft\"><img data-recalc-dims=\"1\" loading=\"lazy\" decoding=\"async\" class=\"\" src=\"https:\/\/i0.wp.com\/delivrer-des-livres.fr\/wp-content\/uploads\/2019\/05\/logoalbums2019.png?resize=127%2C127\" alt=\"\" width=\"127\" height=\"127\" \/><p class=\"wp-caption-text\">Participation #50 <a href=\"http:\/\/delivrer-des-livres.fr\/challenge-albums-2019\/\">Je lis aussi des albums<\/a><\/p><\/div>\n<div id=\"attachment_33643\" style=\"width: 157px\" class=\"wp-caption alignleft\"><img data-recalc-dims=\"1\" loading=\"lazy\" decoding=\"async\" aria-describedby=\"caption-attachment-33643\" class=\"wp-image-33643\" src=\"https:\/\/i0.wp.com\/delivrer-des-livres.fr\/wp-content\/uploads\/2019\/01\/petit-bac-2019.jpg?resize=147%2C112\" sizes=\"auto, (max-width: 200px) 100vw, 200px\" srcset=\"http:\/\/delivrer-des-livres.fr\/wp-content\/uploads\/2019\/01\/petit-bac-2019.jpg 285w, http:\/\/delivrer-des-livres.fr\/wp-content\/uploads\/2019\/01\/petit-bac-2019-150x114.jpg 150w\" alt=\"\" width=\"147\" height=\"112\" \/><p id=\"caption-attachment-33643\" class=\"wp-caption-text\"><a href=\"https:\/\/ennalit.wordpress.com\/2018\/12\/01\/challenge-petit-bac-2019-qui-veut-jouer\/\">Challenge Petit Bac d&rsquo;Enna<\/a> &#8211; #9 cat\u00e9gorie Animal: \u00ab\u00a0Escargot\u00a0\u00bb<\/p><\/div>\n","protected":false},"excerpt":{"rendered":"<p>Apr\u00e8s avoir lu Dix petites graines, nous empruntons \u00e0 la biblioth\u00e8que Le voyage de l&rsquo;escargot de Ruth Brown (\u00e9d. Gallimard Jeunesse, 2000). Nous suivons Bavou, un escargot partant \u00e0 l&rsquo;aventure dans un potager. Quel p\u00e9riple! Que d&rsquo;obstacles semblant parfois immenses \u00e0 surmonter pour cet escargot, \u00e0 l&rsquo;instar d&rsquo;une journ\u00e9e chez les tout-petits! Je n&rsquo;en dirai [&hellip;]<\/p>\n","protected":false},"author":1,"featured_media":7512,"comment_status":"open","ping_status":"open","sticky":false,"template":"","format":"standard","meta":{"jetpack_post_was_ever_published":false,"_jetpack_newsletter_access":"","_jetpack_dont_email_post_to_subs":false,"_jetpack_newsletter_tier_id":0,"_jetpack_memberships_contains_paywalled_content":false,"_jetpack_memberships_contains_paid_content":false,"footnotes":""},"categories":[363],"tags":[785,409,1349,344,749,1350,367,1022,532,1397],"class_list":["post-7507","post","type-post","status-publish","format-standard","has-post-thumbnail","hentry","category-mini-lecteur","tag-3-6-ans","tag-albums-jeunesse","tag-challenge-petit-bac-2019","tag-escargot","tag-exploitation-pedagogique","tag-je-lis-aussi-des-albums-2019","tag-lecture-jeunesse","tag-lectures-de-printemps","tag-potager","tag-ruth-brown","post-preview"],"jetpack_featured_media_url":"https:\/\/i0.wp.com\/www.jojoenherbe.com\/wp-content\/uploads\/2019\/09\/Le-voyage-de-lescargot.jpg?fit=2871%2C2217","jetpack_sharing_enabled":true,"jetpack_shortlink":"https:\/\/wp.me\/p9zhGx-1X5","jetpack_likes_enabled":true,"jetpack-related-posts":[{"id":13916,"url":"http:\/\/www.jojoenherbe.com\/index.php\/2020\/11\/16\/deuxieme-alphabet-des-animaux-e-comme-escargot\/","url_meta":{"origin":7507,"position":0},"title":"Deuxi\u00e8me alphabet des animaux: E comme Escargot","author":"Jojo","date":"16 novembre 2020","format":false,"excerpt":"Pour la semaine 31 de mon challenge sur Instagram #jojoenherbeetcieillustre qui associe la premi\u00e8re lettre d'un animal avec une illustration tir\u00e9e de la litt\u00e9rature jeunesse en suivant l'ordre de l'alphabet, il s'agit du E comme Escargot. Alors voici notre s\u00e9lection d'escargots qui sera mise \u00e0 jour au fur-et-\u00e0-mesure de nos\u2026","rel":"","context":"Dans &quot;Mini challenger&quot;","block_context":{"text":"Mini challenger","link":"http:\/\/www.jojoenherbe.com\/index.php\/category\/mini-challenger\/"},"img":{"alt_text":"","src":"https:\/\/i0.wp.com\/www.jojoenherbe.com\/wp-content\/uploads\/2020\/11\/Selection-Escargot-scaled.jpg?fit=1200%2C831&resize=350%2C200","width":350,"height":200,"srcset":"https:\/\/i0.wp.com\/www.jojoenherbe.com\/wp-content\/uploads\/2020\/11\/Selection-Escargot-scaled.jpg?fit=1200%2C831&resize=350%2C200 1x, https:\/\/i0.wp.com\/www.jojoenherbe.com\/wp-content\/uploads\/2020\/11\/Selection-Escargot-scaled.jpg?fit=1200%2C831&resize=525%2C300 1.5x, https:\/\/i0.wp.com\/www.jojoenherbe.com\/wp-content\/uploads\/2020\/11\/Selection-Escargot-scaled.jpg?fit=1200%2C831&resize=700%2C400 2x, https:\/\/i0.wp.com\/www.jojoenherbe.com\/wp-content\/uploads\/2020\/11\/Selection-Escargot-scaled.jpg?fit=1200%2C831&resize=1050%2C600 3x"},"classes":[]},{"id":7374,"url":"http:\/\/www.jojoenherbe.com\/index.php\/2019\/09\/11\/au-fil-des-pages-avec-raymond-lescargot\/","url_meta":{"origin":7507,"position":1},"title":"Au fil des pages avec Raymond l&rsquo;escargot","author":"Jojo","date":"11 septembre 2019","format":false,"excerpt":"Apr\u00e8s C'est l'histoire, nous empruntons \u00e0 la biblioth\u00e8que deux autres albums jeunesse d'Anne Crausaz dont le personnage principal est un escargot appel\u00e9 Raymond. Nous lisons d'abord Raymond r\u00eave (\u00e9d. MeMo, 2007), un album jeunesse \u00e0 partir de 3 ans et qui a re\u00e7u le Prix Sorci\u00e8res en 2009 dans la\u2026","rel":"","context":"Dans &quot;Mini lecteur&quot;","block_context":{"text":"Mini lecteur","link":"http:\/\/www.jojoenherbe.com\/index.php\/category\/mini-lecteur\/"},"img":{"alt_text":"","src":"https:\/\/i0.wp.com\/www.jojoenherbe.com\/wp-content\/uploads\/2019\/09\/Raymond-lescargot.jpg?fit=1200%2C558&resize=350%2C200","width":350,"height":200,"srcset":"https:\/\/i0.wp.com\/www.jojoenherbe.com\/wp-content\/uploads\/2019\/09\/Raymond-lescargot.jpg?fit=1200%2C558&resize=350%2C200 1x, https:\/\/i0.wp.com\/www.jojoenherbe.com\/wp-content\/uploads\/2019\/09\/Raymond-lescargot.jpg?fit=1200%2C558&resize=525%2C300 1.5x, https:\/\/i0.wp.com\/www.jojoenherbe.com\/wp-content\/uploads\/2019\/09\/Raymond-lescargot.jpg?fit=1200%2C558&resize=700%2C400 2x, https:\/\/i0.wp.com\/www.jojoenherbe.com\/wp-content\/uploads\/2019\/09\/Raymond-lescargot.jpg?fit=1200%2C558&resize=1050%2C600 3x"},"classes":[]},{"id":11077,"url":"http:\/\/www.jojoenherbe.com\/index.php\/2020\/05\/28\/au-fil-des-pages-avec-panique-au-potager\/","url_meta":{"origin":7507,"position":2},"title":"Au fil des pages avec Panique au potager","author":"Jojo","date":"28 mai 2020","format":false,"excerpt":"Nous empruntons \u00e0 la m\u00e9diath\u00e8que Panique au potager de Fran\u00e7oise Bobe et Yann Lovato (\u00e9d. du Bastberg, 2001), un album jeunesse \u00e0 partir de 3 ans. Bicorne est un escargot qui vit dans le potager de Monsieur Dulaurier et qui sait lire. Il adore lire, pas seulement les \u00e9tiquettes des\u2026","rel":"","context":"Dans &quot;Mini lecteur&quot;","block_context":{"text":"Mini lecteur","link":"http:\/\/www.jojoenherbe.com\/index.php\/category\/mini-lecteur\/"},"img":{"alt_text":"","src":"https:\/\/i0.wp.com\/www.jojoenherbe.com\/wp-content\/uploads\/2020\/05\/Panique-au-potager-scaled.jpg?fit=1200%2C834&resize=350%2C200","width":350,"height":200,"srcset":"https:\/\/i0.wp.com\/www.jojoenherbe.com\/wp-content\/uploads\/2020\/05\/Panique-au-potager-scaled.jpg?fit=1200%2C834&resize=350%2C200 1x, https:\/\/i0.wp.com\/www.jojoenherbe.com\/wp-content\/uploads\/2020\/05\/Panique-au-potager-scaled.jpg?fit=1200%2C834&resize=525%2C300 1.5x, https:\/\/i0.wp.com\/www.jojoenherbe.com\/wp-content\/uploads\/2020\/05\/Panique-au-potager-scaled.jpg?fit=1200%2C834&resize=700%2C400 2x, https:\/\/i0.wp.com\/www.jojoenherbe.com\/wp-content\/uploads\/2020\/05\/Panique-au-potager-scaled.jpg?fit=1200%2C834&resize=1050%2C600 3x"},"classes":[]},{"id":6041,"url":"http:\/\/www.jojoenherbe.com\/index.php\/2019\/05\/23\/du-collage-avec-la-comptine-petit-escargot\/","url_meta":{"origin":7507,"position":3},"title":"Du collage avec la comptine \u00ab\u00a0Petit escargot\u00a0\u00bb","author":"Jojo","date":"23 mai 2019","format":false,"excerpt":"Avec ce lundi encore pluvieux, nous relisons Petit Lapin Blanc \u00e0 la maternelle de Marie-France Floury et Fabienne Boisnard (\u00e9d. Gautier-Laugereau, 2011). Dans cette histoire, Petit Lapin Blanc d\u00e9couvre le d\u00e9roulement d'une journ\u00e9e type \u00e0 l'\u00e9cole maternelle. Il y est notamment question de comptines. Il y est repris le premier\u2026","rel":"","context":"Dans &quot;Mini joueur&quot;","block_context":{"text":"Mini joueur","link":"http:\/\/www.jojoenherbe.com\/index.php\/category\/mini-decouvreur\/mini-joueur\/"},"img":{"alt_text":"","src":"https:\/\/i0.wp.com\/www.jojoenherbe.com\/wp-content\/uploads\/2019\/05\/collage-petit-escargot-2.jpg?fit=900%2C1200&resize=350%2C200","width":350,"height":200,"srcset":"https:\/\/i0.wp.com\/www.jojoenherbe.com\/wp-content\/uploads\/2019\/05\/collage-petit-escargot-2.jpg?fit=900%2C1200&resize=350%2C200 1x, https:\/\/i0.wp.com\/www.jojoenherbe.com\/wp-content\/uploads\/2019\/05\/collage-petit-escargot-2.jpg?fit=900%2C1200&resize=525%2C300 1.5x, https:\/\/i0.wp.com\/www.jojoenherbe.com\/wp-content\/uploads\/2019\/05\/collage-petit-escargot-2.jpg?fit=900%2C1200&resize=700%2C400 2x"},"classes":[]},{"id":10569,"url":"http:\/\/www.jojoenherbe.com\/index.php\/2020\/03\/25\/au-fil-des-pages-avec-premiers-printemps\/","url_meta":{"origin":7507,"position":4},"title":"Au fil des pages avec Premiers printemps","author":"Jojo","date":"25 mars 2020","format":false,"excerpt":"Nous avions emprunt\u00e9, il y a d\u00e9j\u00e0 plusieurs mois, Premiers printemps d'Anne Crausaz (\u00e9d. MeMo, 2010), un album jeunesse \u00e0 partir de 3 ans mais que je n'avais pas encore pris le temps de chroniquer. Nous suivons une petite fille sur une ann\u00e9e, d'un printemps \u00e0 un autre qui d\u00e9couvre\u2026","rel":"","context":"Dans &quot;Mini lecteur&quot;","block_context":{"text":"Mini lecteur","link":"http:\/\/www.jojoenherbe.com\/index.php\/category\/mini-lecteur\/"},"img":{"alt_text":"","src":"https:\/\/i0.wp.com\/www.jojoenherbe.com\/wp-content\/uploads\/2020\/03\/Premiers-printemps-scaled.jpg?fit=1200%2C885&resize=350%2C200","width":350,"height":200,"srcset":"https:\/\/i0.wp.com\/www.jojoenherbe.com\/wp-content\/uploads\/2020\/03\/Premiers-printemps-scaled.jpg?fit=1200%2C885&resize=350%2C200 1x, https:\/\/i0.wp.com\/www.jojoenherbe.com\/wp-content\/uploads\/2020\/03\/Premiers-printemps-scaled.jpg?fit=1200%2C885&resize=525%2C300 1.5x, https:\/\/i0.wp.com\/www.jojoenherbe.com\/wp-content\/uploads\/2020\/03\/Premiers-printemps-scaled.jpg?fit=1200%2C885&resize=700%2C400 2x, https:\/\/i0.wp.com\/www.jojoenherbe.com\/wp-content\/uploads\/2020\/03\/Premiers-printemps-scaled.jpg?fit=1200%2C885&resize=1050%2C600 3x"},"classes":[]},{"id":10029,"url":"http:\/\/www.jojoenherbe.com\/index.php\/2020\/02\/14\/au-fil-des-pages-avec-le-mari-de-la-mante-religieuse-a-disparu\/","url_meta":{"origin":7507,"position":5},"title":"Au fil des pages avec Le mari de la mante religieuse a disparu","author":"Jojo","date":"14 f\u00e9vrier 2020","format":false,"excerpt":"Nous empruntons \u00e0 la m\u00e9diath\u00e8que une des enqu\u00eates de la Fourmi n\u00b07707, Le mari de la mante religieuse a disparu de Thierry Dedieu (\u00e9d. Saltimbanque, 2019), un album jeunesse \u00e0 partir de 3 ans. Accompagn\u00e9 de Cruchod l'Escargot et de Madame Chouette qui sait tout sur tout, la Fourmi n\u00b07707\u2026","rel":"","context":"Dans &quot;Mini lecteur&quot;","block_context":{"text":"Mini lecteur","link":"http:\/\/www.jojoenherbe.com\/index.php\/category\/mini-lecteur\/"},"img":{"alt_text":"","src":"https:\/\/i0.wp.com\/www.jojoenherbe.com\/wp-content\/uploads\/2020\/02\/Le-mari-de-la-mante-religieuse-a-disparu.jpg?fit=1200%2C1090&resize=350%2C200","width":350,"height":200,"srcset":"https:\/\/i0.wp.com\/www.jojoenherbe.com\/wp-content\/uploads\/2020\/02\/Le-mari-de-la-mante-religieuse-a-disparu.jpg?fit=1200%2C1090&resize=350%2C200 1x, https:\/\/i0.wp.com\/www.jojoenherbe.com\/wp-content\/uploads\/2020\/02\/Le-mari-de-la-mante-religieuse-a-disparu.jpg?fit=1200%2C1090&resize=525%2C300 1.5x, https:\/\/i0.wp.com\/www.jojoenherbe.com\/wp-content\/uploads\/2020\/02\/Le-mari-de-la-mante-religieuse-a-disparu.jpg?fit=1200%2C1090&resize=700%2C400 2x, https:\/\/i0.wp.com\/www.jojoenherbe.com\/wp-content\/uploads\/2020\/02\/Le-mari-de-la-mante-religieuse-a-disparu.jpg?fit=1200%2C1090&resize=1050%2C600 3x"},"classes":[]}],"_links":{"self":[{"href":"http:\/\/www.jojoenherbe.com\/index.php\/wp-json\/wp\/v2\/posts\/7507","targetHints":{"allow":["GET"]}}],"collection":[{"href":"http:\/\/www.jojoenherbe.com\/index.php\/wp-json\/wp\/v2\/posts"}],"about":[{"href":"http:\/\/www.jojoenherbe.com\/index.php\/wp-json\/wp\/v2\/types\/post"}],"author":[{"embeddable":true,"href":"http:\/\/www.jojoenherbe.com\/index.php\/wp-json\/wp\/v2\/users\/1"}],"replies":[{"embeddable":true,"href":"http:\/\/www.jojoenherbe.com\/index.php\/wp-json\/wp\/v2\/comments?post=7507"}],"version-history":[{"count":0,"href":"http:\/\/www.jojoenherbe.com\/index.php\/wp-json\/wp\/v2\/posts\/7507\/revisions"}],"wp:featuredmedia":[{"embeddable":true,"href":"http:\/\/www.jojoenherbe.com\/index.php\/wp-json\/wp\/v2\/media\/7512"}],"wp:attachment":[{"href":"http:\/\/www.jojoenherbe.com\/index.php\/wp-json\/wp\/v2\/media?parent=7507"}],"wp:term":[{"taxonomy":"category","embeddable":true,"href":"http:\/\/www.jojoenherbe.com\/index.php\/wp-json\/wp\/v2\/categories?post=7507"},{"taxonomy":"post_tag","embeddable":true,"href":"http:\/\/www.jojoenherbe.com\/index.php\/wp-json\/wp\/v2\/tags?post=7507"}],"curies":[{"name":"wp","href":"https:\/\/api.w.org\/{rel}","templated":true}]}}