{"id":7401,"date":"2019-09-08T14:17:57","date_gmt":"2019-09-08T12:17:57","guid":{"rendered":"http:\/\/www.jojoenherbe.com\/?p=7401"},"modified":"2019-09-10T10:06:42","modified_gmt":"2019-09-10T08:06:42","slug":"un-lendemain-de-pluie-au-boreon","status":"publish","type":"post","link":"http:\/\/www.jojoenherbe.com\/index.php\/2019\/09\/08\/un-lendemain-de-pluie-au-boreon\/","title":{"rendered":"Un lendemain de pluie au Bor\u00e9on"},"content":{"rendered":"<p style=\"text-align: justify;\"><em><a href=\"https:\/\/i0.wp.com\/www.jojoenherbe.com\/wp-content\/uploads\/2019\/09\/Balade-au-Bor%C3%A9on.jpg\"><img data-recalc-dims=\"1\" loading=\"lazy\" decoding=\"async\" data-attachment-id=\"7413\" data-permalink=\"http:\/\/www.jojoenherbe.com\/index.php\/2019\/09\/08\/un-lendemain-de-pluie-au-boreon\/balade-au-boreon\/\" data-orig-file=\"https:\/\/i0.wp.com\/www.jojoenherbe.com\/wp-content\/uploads\/2019\/09\/Balade-au-Bor%C3%A9on.jpg?fit=5184%2C3888\" data-orig-size=\"5184,3888\" data-comments-opened=\"1\" data-image-meta=\"{&quot;aperture&quot;:&quot;5&quot;,&quot;credit&quot;:&quot;&quot;,&quot;camera&quot;:&quot;DSC-HX400V&quot;,&quot;caption&quot;:&quot;&quot;,&quot;created_timestamp&quot;:&quot;1567860916&quot;,&quot;copyright&quot;:&quot;&quot;,&quot;focal_length&quot;:&quot;53.33&quot;,&quot;iso&quot;:&quot;320&quot;,&quot;shutter_speed&quot;:&quot;0.004&quot;,&quot;title&quot;:&quot;&quot;,&quot;orientation&quot;:&quot;1&quot;}\" data-image-title=\"Balade au Bor\u00e9on\" data-image-description=\"\" data-image-caption=\"\" data-large-file=\"https:\/\/i0.wp.com\/www.jojoenherbe.com\/wp-content\/uploads\/2019\/09\/Balade-au-Bor%C3%A9on.jpg?fit=676%2C507\" class=\"alignleft wp-image-7413 size-thumbnail\" src=\"https:\/\/i0.wp.com\/www.jojoenherbe.com\/wp-content\/uploads\/2019\/09\/Balade-au-Bor%C3%A9on.jpg?resize=150%2C150\" alt=\"\" width=\"150\" height=\"150\" srcset=\"https:\/\/i0.wp.com\/www.jojoenherbe.com\/wp-content\/uploads\/2019\/09\/Balade-au-Bor%C3%A9on.jpg?resize=150%2C150 150w, https:\/\/i0.wp.com\/www.jojoenherbe.com\/wp-content\/uploads\/2019\/09\/Balade-au-Bor%C3%A9on.jpg?zoom=2&amp;resize=150%2C150 300w, https:\/\/i0.wp.com\/www.jojoenherbe.com\/wp-content\/uploads\/2019\/09\/Balade-au-Bor%C3%A9on.jpg?zoom=3&amp;resize=150%2C150 450w\" sizes=\"auto, (max-width: 150px) 100vw, 150px\" \/><\/a><a href=\"https:\/\/i0.wp.com\/www.jojoenherbe.com\/wp-content\/uploads\/2019\/09\/Balade-au-Bor%C3%A9on-2.jpg\"><img data-recalc-dims=\"1\" loading=\"lazy\" decoding=\"async\" data-attachment-id=\"7403\" data-permalink=\"http:\/\/www.jojoenherbe.com\/index.php\/2019\/09\/08\/un-lendemain-de-pluie-au-boreon\/balade-au-boreon-2\/\" data-orig-file=\"https:\/\/i0.wp.com\/www.jojoenherbe.com\/wp-content\/uploads\/2019\/09\/Balade-au-Bor%C3%A9on-2.jpg?fit=5184%2C3888\" data-orig-size=\"5184,3888\" data-comments-opened=\"1\" data-image-meta=\"{&quot;aperture&quot;:&quot;5&quot;,&quot;credit&quot;:&quot;&quot;,&quot;camera&quot;:&quot;DSC-HX400V&quot;,&quot;caption&quot;:&quot;&quot;,&quot;created_timestamp&quot;:&quot;1567861003&quot;,&quot;copyright&quot;:&quot;&quot;,&quot;focal_length&quot;:&quot;48.99&quot;,&quot;iso&quot;:&quot;400&quot;,&quot;shutter_speed&quot;:&quot;0.004&quot;,&quot;title&quot;:&quot;&quot;,&quot;orientation&quot;:&quot;1&quot;}\" data-image-title=\"Balade au Bor\u00e9on 2\" data-image-description=\"\" data-image-caption=\"\" data-large-file=\"https:\/\/i0.wp.com\/www.jojoenherbe.com\/wp-content\/uploads\/2019\/09\/Balade-au-Bor%C3%A9on-2.jpg?fit=676%2C507\" class=\"alignleft size-thumbnail wp-image-7403\" src=\"https:\/\/i0.wp.com\/www.jojoenherbe.com\/wp-content\/uploads\/2019\/09\/Balade-au-Bor%C3%A9on-2.jpg?resize=150%2C150\" alt=\"\" width=\"150\" height=\"150\" srcset=\"https:\/\/i0.wp.com\/www.jojoenherbe.com\/wp-content\/uploads\/2019\/09\/Balade-au-Bor%C3%A9on-2.jpg?resize=150%2C150 150w, https:\/\/i0.wp.com\/www.jojoenherbe.com\/wp-content\/uploads\/2019\/09\/Balade-au-Bor%C3%A9on-2.jpg?zoom=2&amp;resize=150%2C150 300w, https:\/\/i0.wp.com\/www.jojoenherbe.com\/wp-content\/uploads\/2019\/09\/Balade-au-Bor%C3%A9on-2.jpg?zoom=3&amp;resize=150%2C150 450w\" sizes=\"auto, (max-width: 150px) 100vw, 150px\" \/><\/a> Ce 7 septembre 2019, nous partons balader dans la Vall\u00e9e de la V\u00e9subie, apr\u00e8s avoir gar\u00e9 la voiture sur le parking sup\u00e9rieur du Bor\u00e9on. La temp\u00e9rature a bien chut\u00e9 et nous rappelle, apr\u00e8s la pluie de la veille, que l&rsquo;automne approche\u00a0 \u00e0 grands pas. Il fait \u00e0 peine 14 degr\u00e9s et nous avons bien fait d&rsquo;avoir emport\u00e9 un thermos de caf\u00e9. Nous prenons le sentier en direction de la cascade de Pe\u00efrastr\u00e8che, apr\u00e8s \u00eatre pass\u00e9s \u00e0 c\u00f4t\u00e9 de trois poneys. <\/em><\/p>\n<p style=\"text-align: justify;\"><em><a href=\"https:\/\/i0.wp.com\/www.jojoenherbe.com\/wp-content\/uploads\/2019\/09\/Balade-au-Bor%C3%A9on-3.jpg\"><img data-recalc-dims=\"1\" loading=\"lazy\" decoding=\"async\" data-attachment-id=\"7404\" data-permalink=\"http:\/\/www.jojoenherbe.com\/index.php\/2019\/09\/08\/un-lendemain-de-pluie-au-boreon\/balade-au-boreon-3\/\" data-orig-file=\"https:\/\/i0.wp.com\/www.jojoenherbe.com\/wp-content\/uploads\/2019\/09\/Balade-au-Bor%C3%A9on-3.jpg?fit=5184%2C3888\" data-orig-size=\"5184,3888\" data-comments-opened=\"1\" data-image-meta=\"{&quot;aperture&quot;:&quot;4&quot;,&quot;credit&quot;:&quot;&quot;,&quot;camera&quot;:&quot;DSC-HX400V&quot;,&quot;caption&quot;:&quot;&quot;,&quot;created_timestamp&quot;:&quot;1567861631&quot;,&quot;copyright&quot;:&quot;&quot;,&quot;focal_length&quot;:&quot;20.68&quot;,&quot;iso&quot;:&quot;640&quot;,&quot;shutter_speed&quot;:&quot;0.008&quot;,&quot;title&quot;:&quot;&quot;,&quot;orientation&quot;:&quot;1&quot;}\" data-image-title=\"Balade au Bor\u00e9on 3\" data-image-description=\"\" data-image-caption=\"\" data-large-file=\"https:\/\/i0.wp.com\/www.jojoenherbe.com\/wp-content\/uploads\/2019\/09\/Balade-au-Bor%C3%A9on-3.jpg?fit=676%2C507\" class=\"size-thumbnail wp-image-7404 alignright\" src=\"https:\/\/i0.wp.com\/www.jojoenherbe.com\/wp-content\/uploads\/2019\/09\/Balade-au-Bor%C3%A9on-3.jpg?resize=150%2C150\" alt=\"\" width=\"150\" height=\"150\" srcset=\"https:\/\/i0.wp.com\/www.jojoenherbe.com\/wp-content\/uploads\/2019\/09\/Balade-au-Bor%C3%A9on-3.jpg?resize=150%2C150 150w, https:\/\/i0.wp.com\/www.jojoenherbe.com\/wp-content\/uploads\/2019\/09\/Balade-au-Bor%C3%A9on-3.jpg?zoom=2&amp;resize=150%2C150 300w, https:\/\/i0.wp.com\/www.jojoenherbe.com\/wp-content\/uploads\/2019\/09\/Balade-au-Bor%C3%A9on-3.jpg?zoom=3&amp;resize=150%2C150 450w\" sizes=\"auto, (max-width: 150px) 100vw, 150px\" \/><\/a> <a href=\"https:\/\/i0.wp.com\/www.jojoenherbe.com\/wp-content\/uploads\/2019\/09\/Balade-au-Bor%C3%A9on-5.jpg\"><img data-recalc-dims=\"1\" loading=\"lazy\" decoding=\"async\" data-attachment-id=\"7406\" data-permalink=\"http:\/\/www.jojoenherbe.com\/index.php\/2019\/09\/08\/un-lendemain-de-pluie-au-boreon\/balade-au-boreon-5\/\" data-orig-file=\"https:\/\/i0.wp.com\/www.jojoenherbe.com\/wp-content\/uploads\/2019\/09\/Balade-au-Bor%C3%A9on-5.jpg?fit=2969%2C2964\" data-orig-size=\"2969,2964\" data-comments-opened=\"1\" data-image-meta=\"{&quot;aperture&quot;:&quot;4.5&quot;,&quot;credit&quot;:&quot;&quot;,&quot;camera&quot;:&quot;DSC-HX400V&quot;,&quot;caption&quot;:&quot;&quot;,&quot;created_timestamp&quot;:&quot;1567862472&quot;,&quot;copyright&quot;:&quot;&quot;,&quot;focal_length&quot;:&quot;34.82&quot;,&quot;iso&quot;:&quot;800&quot;,&quot;shutter_speed&quot;:&quot;0.05&quot;,&quot;title&quot;:&quot;&quot;,&quot;orientation&quot;:&quot;1&quot;}\" data-image-title=\"Balade au Bor\u00e9on 5\" data-image-description=\"\" data-image-caption=\"\" data-large-file=\"https:\/\/i0.wp.com\/www.jojoenherbe.com\/wp-content\/uploads\/2019\/09\/Balade-au-Bor%C3%A9on-5.jpg?fit=676%2C675\" class=\"size-thumbnail wp-image-7406 alignright\" src=\"https:\/\/i0.wp.com\/www.jojoenherbe.com\/wp-content\/uploads\/2019\/09\/Balade-au-Bor%C3%A9on-5.jpg?resize=150%2C150\" alt=\"\" width=\"150\" height=\"150\" srcset=\"https:\/\/i0.wp.com\/www.jojoenherbe.com\/wp-content\/uploads\/2019\/09\/Balade-au-Bor%C3%A9on-5.jpg?resize=150%2C150 150w, https:\/\/i0.wp.com\/www.jojoenherbe.com\/wp-content\/uploads\/2019\/09\/Balade-au-Bor%C3%A9on-5.jpg?resize=300%2C300 300w, https:\/\/i0.wp.com\/www.jojoenherbe.com\/wp-content\/uploads\/2019\/09\/Balade-au-Bor%C3%A9on-5.jpg?resize=768%2C767 768w, https:\/\/i0.wp.com\/www.jojoenherbe.com\/wp-content\/uploads\/2019\/09\/Balade-au-Bor%C3%A9on-5.jpg?resize=1024%2C1022 1024w, https:\/\/i0.wp.com\/www.jojoenherbe.com\/wp-content\/uploads\/2019\/09\/Balade-au-Bor%C3%A9on-5.jpg?resize=676%2C675 676w, https:\/\/i0.wp.com\/www.jojoenherbe.com\/wp-content\/uploads\/2019\/09\/Balade-au-Bor%C3%A9on-5.jpg?w=1352 1352w, https:\/\/i0.wp.com\/www.jojoenherbe.com\/wp-content\/uploads\/2019\/09\/Balade-au-Bor%C3%A9on-5.jpg?w=2028 2028w\" sizes=\"auto, (max-width: 150px) 100vw, 150px\" \/><\/a>Tout au long de notre marche, nous voyons de nombreux champignons arrach\u00e9s, des promeneurs pr\u00e9c\u00e9dents \u00e9tant pass\u00e9s avant nous dans l&rsquo;espoir sans doute de d\u00e9nicher des champignons comestibles comme des pieds-bleus, des sparassis cr\u00e9pus ou des russules. <\/em><\/p>\n<p style=\"text-align: justify;\"><em><a href=\"https:\/\/i0.wp.com\/www.jojoenherbe.com\/wp-content\/uploads\/2019\/09\/Balade-au-Bor%C3%A9on-7.jpg\"><img data-recalc-dims=\"1\" loading=\"lazy\" decoding=\"async\" data-attachment-id=\"7408\" data-permalink=\"http:\/\/www.jojoenherbe.com\/index.php\/2019\/09\/08\/un-lendemain-de-pluie-au-boreon\/balade-au-boreon-7\/\" data-orig-file=\"https:\/\/i0.wp.com\/www.jojoenherbe.com\/wp-content\/uploads\/2019\/09\/Balade-au-Bor%C3%A9on-7.jpg?fit=3888%2C5184\" data-orig-size=\"3888,5184\" data-comments-opened=\"1\" data-image-meta=\"{&quot;aperture&quot;:&quot;3.5&quot;,&quot;credit&quot;:&quot;&quot;,&quot;camera&quot;:&quot;DSC-HX400V&quot;,&quot;caption&quot;:&quot;&quot;,&quot;created_timestamp&quot;:&quot;1567862617&quot;,&quot;copyright&quot;:&quot;&quot;,&quot;focal_length&quot;:&quot;11.86&quot;,&quot;iso&quot;:&quot;200&quot;,&quot;shutter_speed&quot;:&quot;0.0125&quot;,&quot;title&quot;:&quot;&quot;,&quot;orientation&quot;:&quot;1&quot;}\" data-image-title=\"Balade au Bor\u00e9on 7\" data-image-description=\"\" data-image-caption=\"\" data-large-file=\"https:\/\/i0.wp.com\/www.jojoenherbe.com\/wp-content\/uploads\/2019\/09\/Balade-au-Bor%C3%A9on-7.jpg?fit=676%2C901\" class=\"alignleft size-thumbnail wp-image-7408\" src=\"https:\/\/i0.wp.com\/www.jojoenherbe.com\/wp-content\/uploads\/2019\/09\/Balade-au-Bor%C3%A9on-7.jpg?resize=150%2C150\" alt=\"\" width=\"150\" height=\"150\" srcset=\"https:\/\/i0.wp.com\/www.jojoenherbe.com\/wp-content\/uploads\/2019\/09\/Balade-au-Bor%C3%A9on-7.jpg?resize=150%2C150 150w, https:\/\/i0.wp.com\/www.jojoenherbe.com\/wp-content\/uploads\/2019\/09\/Balade-au-Bor%C3%A9on-7.jpg?zoom=2&amp;resize=150%2C150 300w, https:\/\/i0.wp.com\/www.jojoenherbe.com\/wp-content\/uploads\/2019\/09\/Balade-au-Bor%C3%A9on-7.jpg?zoom=3&amp;resize=150%2C150 450w\" sizes=\"auto, (max-width: 150px) 100vw, 150px\" \/><\/a> <a href=\"https:\/\/i0.wp.com\/www.jojoenherbe.com\/wp-content\/uploads\/2019\/09\/Balade-au-Bor%C3%A9on-9.jpg\"><img data-recalc-dims=\"1\" loading=\"lazy\" decoding=\"async\" data-attachment-id=\"7410\" data-permalink=\"http:\/\/www.jojoenherbe.com\/index.php\/2019\/09\/08\/un-lendemain-de-pluie-au-boreon\/balade-au-boreon-9\/\" data-orig-file=\"https:\/\/i0.wp.com\/www.jojoenherbe.com\/wp-content\/uploads\/2019\/09\/Balade-au-Bor%C3%A9on-9.jpg?fit=5184%2C3888\" data-orig-size=\"5184,3888\" data-comments-opened=\"1\" data-image-meta=\"{&quot;aperture&quot;:&quot;3.2&quot;,&quot;credit&quot;:&quot;&quot;,&quot;camera&quot;:&quot;DSC-HX400V&quot;,&quot;caption&quot;:&quot;&quot;,&quot;created_timestamp&quot;:&quot;1567863763&quot;,&quot;copyright&quot;:&quot;&quot;,&quot;focal_length&quot;:&quot;7.84&quot;,&quot;iso&quot;:&quot;80&quot;,&quot;shutter_speed&quot;:&quot;0.016666666666667&quot;,&quot;title&quot;:&quot;&quot;,&quot;orientation&quot;:&quot;1&quot;}\" data-image-title=\"Balade au Bor\u00e9on 9\" data-image-description=\"\" data-image-caption=\"\" data-large-file=\"https:\/\/i0.wp.com\/www.jojoenherbe.com\/wp-content\/uploads\/2019\/09\/Balade-au-Bor%C3%A9on-9.jpg?fit=676%2C507\" class=\"alignleft size-thumbnail wp-image-7410\" src=\"https:\/\/i0.wp.com\/www.jojoenherbe.com\/wp-content\/uploads\/2019\/09\/Balade-au-Bor%C3%A9on-9.jpg?resize=150%2C150\" alt=\"\" width=\"150\" height=\"150\" srcset=\"https:\/\/i0.wp.com\/www.jojoenherbe.com\/wp-content\/uploads\/2019\/09\/Balade-au-Bor%C3%A9on-9.jpg?resize=150%2C150 150w, https:\/\/i0.wp.com\/www.jojoenherbe.com\/wp-content\/uploads\/2019\/09\/Balade-au-Bor%C3%A9on-9.jpg?zoom=2&amp;resize=150%2C150 300w, https:\/\/i0.wp.com\/www.jojoenherbe.com\/wp-content\/uploads\/2019\/09\/Balade-au-Bor%C3%A9on-9.jpg?zoom=3&amp;resize=150%2C150 450w\" sizes=\"auto, (max-width: 150px) 100vw, 150px\" \/><\/a>Il y a \u00e9galement de nombreuses fraises des bois et framboises. Nous traversons un premier pont apr\u00e8s la balise n\u00b0421a. Aux teintes prises par la v\u00e9g\u00e9tation, nous voyons bien ce changement de saison tout proche. Nous avons d\u00e9j\u00e0 h\u00e2te de revenir nous y balader cet automne!<br \/>\n<\/em><\/p>\n<div id=\"attachment_7407\" style=\"width: 160px\" class=\"wp-caption alignright\"><a href=\"https:\/\/i0.wp.com\/www.jojoenherbe.com\/wp-content\/uploads\/2019\/09\/Balade-au-Bor%C3%A9on-6.jpg\"><img data-recalc-dims=\"1\" loading=\"lazy\" decoding=\"async\" aria-describedby=\"caption-attachment-7407\" data-attachment-id=\"7407\" data-permalink=\"http:\/\/www.jojoenherbe.com\/index.php\/2019\/09\/08\/un-lendemain-de-pluie-au-boreon\/balade-au-boreon-6\/\" data-orig-file=\"https:\/\/i0.wp.com\/www.jojoenherbe.com\/wp-content\/uploads\/2019\/09\/Balade-au-Bor%C3%A9on-6.jpg?fit=3888%2C5184\" data-orig-size=\"3888,5184\" data-comments-opened=\"1\" data-image-meta=\"{&quot;aperture&quot;:&quot;5.6&quot;,&quot;credit&quot;:&quot;&quot;,&quot;camera&quot;:&quot;DSC-HX400V&quot;,&quot;caption&quot;:&quot;&quot;,&quot;created_timestamp&quot;:&quot;1567862566&quot;,&quot;copyright&quot;:&quot;&quot;,&quot;focal_length&quot;:&quot;65.7&quot;,&quot;iso&quot;:&quot;800&quot;,&quot;shutter_speed&quot;:&quot;0.016666666666667&quot;,&quot;title&quot;:&quot;&quot;,&quot;orientation&quot;:&quot;1&quot;}\" data-image-title=\"Balade au Bor\u00e9on 6\" data-image-description=\"\" data-image-caption=\"\" data-large-file=\"https:\/\/i0.wp.com\/www.jojoenherbe.com\/wp-content\/uploads\/2019\/09\/Balade-au-Bor%C3%A9on-6.jpg?fit=676%2C901\" class=\"wp-image-7407 size-thumbnail\" src=\"https:\/\/i0.wp.com\/www.jojoenherbe.com\/wp-content\/uploads\/2019\/09\/Balade-au-Bor%C3%A9on-6.jpg?resize=150%2C150\" alt=\"\" width=\"150\" height=\"150\" srcset=\"https:\/\/i0.wp.com\/www.jojoenherbe.com\/wp-content\/uploads\/2019\/09\/Balade-au-Bor%C3%A9on-6.jpg?resize=150%2C150 150w, https:\/\/i0.wp.com\/www.jojoenherbe.com\/wp-content\/uploads\/2019\/09\/Balade-au-Bor%C3%A9on-6.jpg?zoom=2&amp;resize=150%2C150 300w, https:\/\/i0.wp.com\/www.jojoenherbe.com\/wp-content\/uploads\/2019\/09\/Balade-au-Bor%C3%A9on-6.jpg?zoom=3&amp;resize=150%2C150 450w\" sizes=\"auto, (max-width: 150px) 100vw, 150px\" \/><\/a><p id=\"caption-attachment-7407\" class=\"wp-caption-text\">Russule<\/p><\/div>\n<p style=\"text-align: justify;\"><em> <a href=\"https:\/\/i0.wp.com\/www.jojoenherbe.com\/wp-content\/uploads\/2019\/09\/Balade-au-Bor%C3%A9on-10.jpg\"><img data-recalc-dims=\"1\" loading=\"lazy\" decoding=\"async\" data-attachment-id=\"7411\" data-permalink=\"http:\/\/www.jojoenherbe.com\/index.php\/2019\/09\/08\/un-lendemain-de-pluie-au-boreon\/balade-au-boreon-10\/\" data-orig-file=\"https:\/\/i0.wp.com\/www.jojoenherbe.com\/wp-content\/uploads\/2019\/09\/Balade-au-Bor%C3%A9on-10.jpg?fit=3888%2C5184\" data-orig-size=\"3888,5184\" data-comments-opened=\"1\" data-image-meta=\"{&quot;aperture&quot;:&quot;3.2&quot;,&quot;credit&quot;:&quot;&quot;,&quot;camera&quot;:&quot;DSC-HX400V&quot;,&quot;caption&quot;:&quot;&quot;,&quot;created_timestamp&quot;:&quot;1567863086&quot;,&quot;copyright&quot;:&quot;&quot;,&quot;focal_length&quot;:&quot;4.3&quot;,&quot;iso&quot;:&quot;80&quot;,&quot;shutter_speed&quot;:&quot;0.02&quot;,&quot;title&quot;:&quot;&quot;,&quot;orientation&quot;:&quot;1&quot;}\" data-image-title=\"Balade au Bor\u00e9on 10\" data-image-description=\"\" data-image-caption=\"\" data-large-file=\"https:\/\/i0.wp.com\/www.jojoenherbe.com\/wp-content\/uploads\/2019\/09\/Balade-au-Bor%C3%A9on-10.jpg?fit=676%2C901\" class=\"size-thumbnail wp-image-7411 alignright\" src=\"https:\/\/i0.wp.com\/www.jojoenherbe.com\/wp-content\/uploads\/2019\/09\/Balade-au-Bor%C3%A9on-10.jpg?resize=150%2C150\" alt=\"\" width=\"150\" height=\"150\" srcset=\"https:\/\/i0.wp.com\/www.jojoenherbe.com\/wp-content\/uploads\/2019\/09\/Balade-au-Bor%C3%A9on-10.jpg?resize=150%2C150 150w, https:\/\/i0.wp.com\/www.jojoenherbe.com\/wp-content\/uploads\/2019\/09\/Balade-au-Bor%C3%A9on-10.jpg?zoom=2&amp;resize=150%2C150 300w, https:\/\/i0.wp.com\/www.jojoenherbe.com\/wp-content\/uploads\/2019\/09\/Balade-au-Bor%C3%A9on-10.jpg?zoom=3&amp;resize=150%2C150 450w\" sizes=\"auto, (max-width: 150px) 100vw, 150px\" \/><\/a>Nous n&rsquo;irons gu\u00e8re plus loin, le ciel commen\u00e7ant \u00e0 se charger de plus en plus de nuages bien sombres. Nous faisons demi-tour et retournons \u00e0 notre voiture.<br \/>\n<\/em><\/p>\n<div id=\"attachment_7402\" style=\"width: 160px\" class=\"wp-caption alignleft\"><a href=\"https:\/\/i0.wp.com\/www.jojoenherbe.com\/wp-content\/uploads\/2019\/09\/Cascade-du-Bor%C3%A9on.jpg\"><img data-recalc-dims=\"1\" loading=\"lazy\" decoding=\"async\" aria-describedby=\"caption-attachment-7402\" data-attachment-id=\"7402\" data-permalink=\"http:\/\/www.jojoenherbe.com\/index.php\/2019\/09\/08\/un-lendemain-de-pluie-au-boreon\/cascade-du-boreon\/\" data-orig-file=\"https:\/\/i0.wp.com\/www.jojoenherbe.com\/wp-content\/uploads\/2019\/09\/Cascade-du-Bor%C3%A9on.jpg?fit=3888%2C5184\" data-orig-size=\"3888,5184\" data-comments-opened=\"1\" data-image-meta=\"{&quot;aperture&quot;:&quot;3.2&quot;,&quot;credit&quot;:&quot;&quot;,&quot;camera&quot;:&quot;DSC-HX400V&quot;,&quot;caption&quot;:&quot;&quot;,&quot;created_timestamp&quot;:&quot;1567865685&quot;,&quot;copyright&quot;:&quot;&quot;,&quot;focal_length&quot;:&quot;4.3&quot;,&quot;iso&quot;:&quot;80&quot;,&quot;shutter_speed&quot;:&quot;0.01&quot;,&quot;title&quot;:&quot;&quot;,&quot;orientation&quot;:&quot;1&quot;}\" data-image-title=\"Cascade du Bor\u00e9on\" data-image-description=\"\" data-image-caption=\"\" data-large-file=\"https:\/\/i0.wp.com\/www.jojoenherbe.com\/wp-content\/uploads\/2019\/09\/Cascade-du-Bor%C3%A9on.jpg?fit=676%2C901\" class=\"wp-image-7402 size-thumbnail\" src=\"https:\/\/i0.wp.com\/www.jojoenherbe.com\/wp-content\/uploads\/2019\/09\/Cascade-du-Bor%C3%A9on.jpg?resize=150%2C150\" alt=\"\" width=\"150\" height=\"150\" srcset=\"https:\/\/i0.wp.com\/www.jojoenherbe.com\/wp-content\/uploads\/2019\/09\/Cascade-du-Bor%C3%A9on.jpg?resize=150%2C150 150w, https:\/\/i0.wp.com\/www.jojoenherbe.com\/wp-content\/uploads\/2019\/09\/Cascade-du-Bor%C3%A9on.jpg?zoom=2&amp;resize=150%2C150 300w, https:\/\/i0.wp.com\/www.jojoenherbe.com\/wp-content\/uploads\/2019\/09\/Cascade-du-Bor%C3%A9on.jpg?zoom=3&amp;resize=150%2C150 450w\" sizes=\"auto, (max-width: 150px) 100vw, 150px\" \/><\/a><p id=\"caption-attachment-7402\" class=\"wp-caption-text\">Cascade du Bor\u00e9on<\/p><\/div>\n<p style=\"text-align: justify;\"><em>Avant de repartir, nous nous arr\u00eatons rapidement pour prendre une photo de la cascade du Bor\u00e9on. Il est alors temps de rentrer chez nous, sous des temp\u00e9ratures plus cl\u00e9mentes.<\/em><\/p>\n<p><iframe loading=\"lazy\" style=\"border: 0;\" src=\"https:\/\/www.google.com\/maps\/embed?pb=!1m18!1m12!1m3!1d22916.01547620078!2d7.2674424160682225!3d44.114268112907574!2m3!1f0!2f0!3f0!3m2!1i1024!2i768!4f13.1!3m3!1m2!1s0x12cda63ede2dda7f%3A0xa0819a891fb49c0!2sLe%20Bor%C3%A9on%2C%2006450%20Saint-Martin-V%C3%A9subie!5e0!3m2!1sfr!2sfr!4v1567944858458!5m2!1sfr!2sfr\" width=\"400\" height=\"300\" frameborder=\"0\" allowfullscreen=\"allowfullscreen\"><\/iframe><\/p>\n","protected":false},"excerpt":{"rendered":"<p>Ce 7 septembre 2019, nous partons balader dans la Vall\u00e9e de la V\u00e9subie, apr\u00e8s avoir gar\u00e9 la voiture sur le parking sup\u00e9rieur du Bor\u00e9on. La temp\u00e9rature a bien chut\u00e9 et nous rappelle, apr\u00e8s la pluie de la veille, que l&rsquo;automne approche\u00a0 \u00e0 grands pas. Il fait \u00e0 peine 14 degr\u00e9s et nous avons bien fait [&hellip;]<\/p>\n","protected":false},"author":1,"featured_media":7414,"comment_status":"open","ping_status":"open","sticky":false,"template":"","format":"standard","meta":{"jetpack_post_was_ever_published":false,"_jetpack_newsletter_access":"","_jetpack_dont_email_post_to_subs":false,"_jetpack_newsletter_tier_id":0,"_jetpack_memberships_contains_paywalled_content":false,"_jetpack_memberships_contains_paid_content":false,"footnotes":""},"categories":[128],"tags":[802,109,803,804,805,241,6,5,46,247],"class_list":["post-7401","post","type-post","status-publish","format-standard","has-post-thumbnail","hentry","category-mini-baladeur","tag-cascade-du-boreon","tag-cascades","tag-champignon","tag-fraise-des-bois","tag-framboise","tag-le-boreon","tag-mercantour","tag-paca","tag-randonnees","tag-vallee-de-la-vesubie","post-preview"],"jetpack_featured_media_url":"https:\/\/i0.wp.com\/www.jojoenherbe.com\/wp-content\/uploads\/2019\/09\/Balade-au-Bor%C3%A9on-11-1.jpg?fit=5184%2C3260","jetpack_sharing_enabled":true,"jetpack_shortlink":"https:\/\/wp.me\/p9zhGx-1Vn","jetpack_likes_enabled":true,"jetpack-related-posts":[{"id":10311,"url":"http:\/\/www.jojoenherbe.com\/index.php\/2020\/03\/10\/balade-hivernale-au-boreon\/","url_meta":{"origin":7401,"position":0},"title":"Balade hivernale au Bor\u00e9on","author":"Jojo","date":"10 mars 2020","format":false,"excerpt":"Ce 7 mars 2020, nous montons au Bor\u00e9on en passant devant la cascade et le lac encore en partie glac\u00e9e. Puis nous nous garons sur le parking en face du chalet d'accueil du Parc Alpha, la route pour monter au parking sup\u00e9rieur du Bor\u00e9on \u00e9tant ferm\u00e9 l'hiver. Puis nous suivons\u2026","rel":"","context":"Dans &quot;Mini baladeur&quot;","block_context":{"text":"Mini baladeur","link":"http:\/\/www.jojoenherbe.com\/index.php\/category\/mini-crapahuteur\/mini-baladeur\/"},"img":{"alt_text":"","src":"https:\/\/i0.wp.com\/www.jojoenherbe.com\/wp-content\/uploads\/2020\/03\/Bor%C3%A9on-4-scaled.jpg?fit=1200%2C900&resize=350%2C200","width":350,"height":200,"srcset":"https:\/\/i0.wp.com\/www.jojoenherbe.com\/wp-content\/uploads\/2020\/03\/Bor%C3%A9on-4-scaled.jpg?fit=1200%2C900&resize=350%2C200 1x, https:\/\/i0.wp.com\/www.jojoenherbe.com\/wp-content\/uploads\/2020\/03\/Bor%C3%A9on-4-scaled.jpg?fit=1200%2C900&resize=525%2C300 1.5x, https:\/\/i0.wp.com\/www.jojoenherbe.com\/wp-content\/uploads\/2020\/03\/Bor%C3%A9on-4-scaled.jpg?fit=1200%2C900&resize=700%2C400 2x, https:\/\/i0.wp.com\/www.jojoenherbe.com\/wp-content\/uploads\/2020\/03\/Bor%C3%A9on-4-scaled.jpg?fit=1200%2C900&resize=1050%2C600 3x"},"classes":[]},{"id":2815,"url":"http:\/\/www.jojoenherbe.com\/index.php\/2015\/08\/17\/randonnee-dans-le-boreon\/","url_meta":{"origin":7401,"position":1},"title":"Randonn\u00e9e dans le Bor\u00e9on","author":"Jojo","date":"17 ao\u00fbt 2015","format":false,"excerpt":"Ce 9 ao\u00fbt 2015, vers 9h00, nous nous garons sur le parking sup\u00e9rieur du Bor\u00e9on, apr\u00e8s avoir pass\u00e9 Saint-Martin-V\u00e9subie et le Lac du Bor\u00e9on. Nous partons de la balise n\u00b0420 (1.670 m\u00e8tres d'altitude) et suivons le sentier le long d'une rive du cours d'eau. Puis \u00e0 la balise n\u00b0421, nous\u2026","rel":"","context":"Dans &quot;Mini randonneur&quot;","block_context":{"text":"Mini randonneur","link":"http:\/\/www.jojoenherbe.com\/index.php\/category\/mini-crapahuteur\/mini-randonneur\/"},"img":{"alt_text":"","src":"https:\/\/i0.wp.com\/www.jojoenherbe.com\/wp-content\/uploads\/2015\/08\/Pas-des-Ladres-10.jpg?fit=1200%2C900&resize=350%2C200","width":350,"height":200,"srcset":"https:\/\/i0.wp.com\/www.jojoenherbe.com\/wp-content\/uploads\/2015\/08\/Pas-des-Ladres-10.jpg?fit=1200%2C900&resize=350%2C200 1x, https:\/\/i0.wp.com\/www.jojoenherbe.com\/wp-content\/uploads\/2015\/08\/Pas-des-Ladres-10.jpg?fit=1200%2C900&resize=525%2C300 1.5x, https:\/\/i0.wp.com\/www.jojoenherbe.com\/wp-content\/uploads\/2015\/08\/Pas-des-Ladres-10.jpg?fit=1200%2C900&resize=700%2C400 2x, https:\/\/i0.wp.com\/www.jojoenherbe.com\/wp-content\/uploads\/2015\/08\/Pas-des-Ladres-10.jpg?fit=1200%2C900&resize=1050%2C600 3x"},"classes":[]},{"id":6560,"url":"http:\/\/www.jojoenherbe.com\/index.php\/2019\/06\/29\/un-peu-de-fraicheur-au-boreon\/","url_meta":{"origin":7401,"position":2},"title":"Un peu de fra\u00eecheur au Bor\u00e9on","author":"Jojo","date":"29 juin 2019","format":false,"excerpt":"Ce 28 juin 2019, en cette journ\u00e9e qui s'annonce encore caniculaire, nous montons jusqu'\u00e0 un\u00a0 des parking du Bor\u00e9on, un peu apr\u00e8s l'entr\u00e9e du parc Alpha. Nous retrouvons avec plaisir les petits sentiers en sous-bois le long de la rivi\u00e8re Le Bor\u00e9on. Le thermom\u00e8tre de la voiture indique 35 degr\u00e9s\u2026","rel":"","context":"Dans &quot;Mini baladeur&quot;","block_context":{"text":"Mini baladeur","link":"http:\/\/www.jojoenherbe.com\/index.php\/category\/mini-crapahuteur\/mini-baladeur\/"},"img":{"alt_text":"","src":"https:\/\/i0.wp.com\/www.jojoenherbe.com\/wp-content\/uploads\/2019\/06\/Bor%C3%A9on.jpg?fit=1200%2C900&resize=350%2C200","width":350,"height":200,"srcset":"https:\/\/i0.wp.com\/www.jojoenherbe.com\/wp-content\/uploads\/2019\/06\/Bor%C3%A9on.jpg?fit=1200%2C900&resize=350%2C200 1x, https:\/\/i0.wp.com\/www.jojoenherbe.com\/wp-content\/uploads\/2019\/06\/Bor%C3%A9on.jpg?fit=1200%2C900&resize=525%2C300 1.5x, https:\/\/i0.wp.com\/www.jojoenherbe.com\/wp-content\/uploads\/2019\/06\/Bor%C3%A9on.jpg?fit=1200%2C900&resize=700%2C400 2x, https:\/\/i0.wp.com\/www.jojoenherbe.com\/wp-content\/uploads\/2019\/06\/Bor%C3%A9on.jpg?fit=1200%2C900&resize=1050%2C600 3x"},"classes":[]},{"id":19956,"url":"http:\/\/www.jojoenherbe.com\/index.php\/2021\/08\/03\/retour-au-boreon-pour-une-balade-estivale\/","url_meta":{"origin":7401,"position":3},"title":"Retour au Bor\u00e9on pour une balade estivale","author":"Jojo","date":"3 ao\u00fbt 2021","format":false,"excerpt":"Le 1er ao\u00fbt 2021, cela faisait plus d'un an que nous n'\u00e9tions plus all\u00e9s au Bor\u00e9on, dans la Haute-V\u00e9subie, qui avait \u00e9t\u00e9 lourdement frapp\u00e9 par la temp\u00eate Alex \u00e0 l'automne 2020. L'ambiance est particuli\u00e8re sur la route au vu des d\u00e9g\u00e2ts occasionn\u00e9s et du sacr\u00e9 travail fait de remise en\u2026","rel":"","context":"Dans &quot;Mini randonneur&quot;","block_context":{"text":"Mini randonneur","link":"http:\/\/www.jojoenherbe.com\/index.php\/category\/mini-crapahuteur\/mini-randonneur\/"},"img":{"alt_text":"","src":"https:\/\/i0.wp.com\/www.jojoenherbe.com\/wp-content\/uploads\/2021\/08\/Boreon-5-scaled.jpg?fit=900%2C1200&resize=350%2C200","width":350,"height":200,"srcset":"https:\/\/i0.wp.com\/www.jojoenherbe.com\/wp-content\/uploads\/2021\/08\/Boreon-5-scaled.jpg?fit=900%2C1200&resize=350%2C200 1x, https:\/\/i0.wp.com\/www.jojoenherbe.com\/wp-content\/uploads\/2021\/08\/Boreon-5-scaled.jpg?fit=900%2C1200&resize=525%2C300 1.5x, https:\/\/i0.wp.com\/www.jojoenherbe.com\/wp-content\/uploads\/2021\/08\/Boreon-5-scaled.jpg?fit=900%2C1200&resize=700%2C400 2x"},"classes":[]},{"id":10997,"url":"http:\/\/www.jojoenherbe.com\/index.php\/2020\/05\/22\/petite-balade-printaniere-au-boreon\/","url_meta":{"origin":7401,"position":4},"title":"Petite balade printani\u00e8re au Bor\u00e9on","author":"Jojo","date":"22 mai 2020","format":false,"excerpt":"En ce 21 mai 2020, nous partons nous balader et le soleil est enfin au rendez-vous. En cette premi\u00e8re balade post-confinement, direction un endroit que nous adorons: le Bor\u00e9on, dans la Haute-V\u00e9subie. Arriv\u00e9s au lac du Bor\u00e9on, il y a d\u00e9j\u00e0 beaucoup de monde et nous continuons jusqu'\u00e0 trouver un\u2026","rel":"","context":"Dans &quot;Mini baladeur&quot;","block_context":{"text":"Mini baladeur","link":"http:\/\/www.jojoenherbe.com\/index.php\/category\/mini-crapahuteur\/mini-baladeur\/"},"img":{"alt_text":"","src":"https:\/\/i0.wp.com\/www.jojoenherbe.com\/wp-content\/uploads\/2020\/05\/Bor%C3%A9on-3-scaled.jpg?fit=900%2C1200&resize=350%2C200","width":350,"height":200,"srcset":"https:\/\/i0.wp.com\/www.jojoenherbe.com\/wp-content\/uploads\/2020\/05\/Bor%C3%A9on-3-scaled.jpg?fit=900%2C1200&resize=350%2C200 1x, https:\/\/i0.wp.com\/www.jojoenherbe.com\/wp-content\/uploads\/2020\/05\/Bor%C3%A9on-3-scaled.jpg?fit=900%2C1200&resize=525%2C300 1.5x, https:\/\/i0.wp.com\/www.jojoenherbe.com\/wp-content\/uploads\/2020\/05\/Bor%C3%A9on-3-scaled.jpg?fit=900%2C1200&resize=700%2C400 2x"},"classes":[]},{"id":26544,"url":"http:\/\/www.jojoenherbe.com\/index.php\/2022\/07\/15\/la-nature-au-fil-de-lete-2022\/","url_meta":{"origin":7401,"position":5},"title":"La Nature au fil de l&rsquo;\u00e9t\u00e9 2022","author":"Jojo","date":"15 juillet 2022","format":false,"excerpt":"Pour ce nouveau rendez-vous photo avec Syl, Isabelle et Hilde d\u2019\u00e9coute et d\u2019observation de la Nature au fil de l'\u00e9t\u00e9, voici des photos prises le 14 juillet 2022 au Bor\u00e9on, dans la Haute-V\u00e9subie avant une grosse averse qui nous a fait \u00e9courter notre balade. Il s'agit d'un cuivr\u00e9 de la\u2026","rel":"","context":"Dans &quot;Mini baladeur&quot;","block_context":{"text":"Mini baladeur","link":"http:\/\/www.jojoenherbe.com\/index.php\/category\/mini-crapahuteur\/mini-baladeur\/"},"img":{"alt_text":"","src":"https:\/\/i0.wp.com\/www.jojoenherbe.com\/wp-content\/uploads\/2022\/07\/Cuivre-de-la-verge-dor-male-Boreon-scaled.jpg?fit=1200%2C939&resize=350%2C200","width":350,"height":200,"srcset":"https:\/\/i0.wp.com\/www.jojoenherbe.com\/wp-content\/uploads\/2022\/07\/Cuivre-de-la-verge-dor-male-Boreon-scaled.jpg?fit=1200%2C939&resize=350%2C200 1x, https:\/\/i0.wp.com\/www.jojoenherbe.com\/wp-content\/uploads\/2022\/07\/Cuivre-de-la-verge-dor-male-Boreon-scaled.jpg?fit=1200%2C939&resize=525%2C300 1.5x, https:\/\/i0.wp.com\/www.jojoenherbe.com\/wp-content\/uploads\/2022\/07\/Cuivre-de-la-verge-dor-male-Boreon-scaled.jpg?fit=1200%2C939&resize=700%2C400 2x, https:\/\/i0.wp.com\/www.jojoenherbe.com\/wp-content\/uploads\/2022\/07\/Cuivre-de-la-verge-dor-male-Boreon-scaled.jpg?fit=1200%2C939&resize=1050%2C600 3x"},"classes":[]}],"_links":{"self":[{"href":"http:\/\/www.jojoenherbe.com\/index.php\/wp-json\/wp\/v2\/posts\/7401","targetHints":{"allow":["GET"]}}],"collection":[{"href":"http:\/\/www.jojoenherbe.com\/index.php\/wp-json\/wp\/v2\/posts"}],"about":[{"href":"http:\/\/www.jojoenherbe.com\/index.php\/wp-json\/wp\/v2\/types\/post"}],"author":[{"embeddable":true,"href":"http:\/\/www.jojoenherbe.com\/index.php\/wp-json\/wp\/v2\/users\/1"}],"replies":[{"embeddable":true,"href":"http:\/\/www.jojoenherbe.com\/index.php\/wp-json\/wp\/v2\/comments?post=7401"}],"version-history":[{"count":0,"href":"http:\/\/www.jojoenherbe.com\/index.php\/wp-json\/wp\/v2\/posts\/7401\/revisions"}],"wp:featuredmedia":[{"embeddable":true,"href":"http:\/\/www.jojoenherbe.com\/index.php\/wp-json\/wp\/v2\/media\/7414"}],"wp:attachment":[{"href":"http:\/\/www.jojoenherbe.com\/index.php\/wp-json\/wp\/v2\/media?parent=7401"}],"wp:term":[{"taxonomy":"category","embeddable":true,"href":"http:\/\/www.jojoenherbe.com\/index.php\/wp-json\/wp\/v2\/categories?post=7401"},{"taxonomy":"post_tag","embeddable":true,"href":"http:\/\/www.jojoenherbe.com\/index.php\/wp-json\/wp\/v2\/tags?post=7401"}],"curies":[{"name":"wp","href":"https:\/\/api.w.org\/{rel}","templated":true}]}}