{"id":7374,"date":"2019-09-11T13:42:10","date_gmt":"2019-09-11T11:42:10","guid":{"rendered":"http:\/\/www.jojoenherbe.com\/?p=7374"},"modified":"2022-04-26T12:41:22","modified_gmt":"2022-04-26T10:41:22","slug":"au-fil-des-pages-avec-raymond-lescargot","status":"publish","type":"post","link":"http:\/\/www.jojoenherbe.com\/index.php\/2019\/09\/11\/au-fil-des-pages-avec-raymond-lescargot\/","title":{"rendered":"Au fil des pages avec Raymond l&rsquo;escargot"},"content":{"rendered":"<p style=\"text-align: justify;\"><em><a href=\"https:\/\/i0.wp.com\/www.jojoenherbe.com\/wp-content\/uploads\/2019\/09\/Raymond-r%C3%AAve-2.jpg\"><img data-recalc-dims=\"1\" loading=\"lazy\" decoding=\"async\" data-attachment-id=\"7440\" data-permalink=\"http:\/\/www.jojoenherbe.com\/index.php\/2019\/09\/11\/au-fil-des-pages-avec-raymond-lescargot\/raymond-reve-2\/\" data-orig-file=\"https:\/\/i0.wp.com\/www.jojoenherbe.com\/wp-content\/uploads\/2019\/09\/Raymond-r%C3%AAve-2.jpg?fit=3264%2C2448\" data-orig-size=\"3264,2448\" data-comments-opened=\"1\" data-image-meta=\"{&quot;aperture&quot;:&quot;2.4&quot;,&quot;credit&quot;:&quot;&quot;,&quot;camera&quot;:&quot;iPhone 4S&quot;,&quot;caption&quot;:&quot;&quot;,&quot;created_timestamp&quot;:&quot;1566237818&quot;,&quot;copyright&quot;:&quot;&quot;,&quot;focal_length&quot;:&quot;4.28&quot;,&quot;iso&quot;:&quot;400&quot;,&quot;shutter_speed&quot;:&quot;0.05&quot;,&quot;title&quot;:&quot;&quot;,&quot;orientation&quot;:&quot;1&quot;}\" data-image-title=\"Raymond r\u00eave 2\" data-image-description=\"\" data-image-caption=\"\" data-large-file=\"https:\/\/i0.wp.com\/www.jojoenherbe.com\/wp-content\/uploads\/2019\/09\/Raymond-r%C3%AAve-2.jpg?fit=676%2C507\" class=\"alignleft wp-image-7440 size-thumbnail\" src=\"https:\/\/i0.wp.com\/www.jojoenherbe.com\/wp-content\/uploads\/2019\/09\/Raymond-r%C3%AAve-2.jpg?resize=150%2C150\" alt=\"\" width=\"150\" height=\"150\" srcset=\"https:\/\/i0.wp.com\/www.jojoenherbe.com\/wp-content\/uploads\/2019\/09\/Raymond-r%C3%AAve-2.jpg?resize=150%2C150 150w, https:\/\/i0.wp.com\/www.jojoenherbe.com\/wp-content\/uploads\/2019\/09\/Raymond-r%C3%AAve-2.jpg?zoom=2&amp;resize=150%2C150 300w, https:\/\/i0.wp.com\/www.jojoenherbe.com\/wp-content\/uploads\/2019\/09\/Raymond-r%C3%AAve-2.jpg?zoom=3&amp;resize=150%2C150 450w\" sizes=\"auto, (max-width: 150px) 100vw, 150px\" \/><\/a> <a href=\"https:\/\/i0.wp.com\/www.jojoenherbe.com\/wp-content\/uploads\/2019\/09\/Raymond-r%C3%AAve-3.jpg\"><img data-recalc-dims=\"1\" loading=\"lazy\" decoding=\"async\" data-attachment-id=\"7441\" data-permalink=\"http:\/\/www.jojoenherbe.com\/index.php\/2019\/09\/11\/au-fil-des-pages-avec-raymond-lescargot\/raymond-reve-3\/\" data-orig-file=\"https:\/\/i0.wp.com\/www.jojoenherbe.com\/wp-content\/uploads\/2019\/09\/Raymond-r%C3%AAve-3.jpg?fit=3264%2C2448\" data-orig-size=\"3264,2448\" data-comments-opened=\"1\" data-image-meta=\"{&quot;aperture&quot;:&quot;2.4&quot;,&quot;credit&quot;:&quot;&quot;,&quot;camera&quot;:&quot;iPhone 4S&quot;,&quot;caption&quot;:&quot;&quot;,&quot;created_timestamp&quot;:&quot;1566664629&quot;,&quot;copyright&quot;:&quot;&quot;,&quot;focal_length&quot;:&quot;4.28&quot;,&quot;iso&quot;:&quot;160&quot;,&quot;shutter_speed&quot;:&quot;0.05&quot;,&quot;title&quot;:&quot;&quot;,&quot;orientation&quot;:&quot;1&quot;}\" data-image-title=\"Raymond r\u00eave 3\" data-image-description=\"\" data-image-caption=\"\" data-large-file=\"https:\/\/i0.wp.com\/www.jojoenherbe.com\/wp-content\/uploads\/2019\/09\/Raymond-r%C3%AAve-3.jpg?fit=676%2C507\" class=\"alignleft size-thumbnail wp-image-7441\" src=\"https:\/\/i0.wp.com\/www.jojoenherbe.com\/wp-content\/uploads\/2019\/09\/Raymond-r%C3%AAve-3.jpg?resize=150%2C150\" alt=\"\" width=\"150\" height=\"150\" srcset=\"https:\/\/i0.wp.com\/www.jojoenherbe.com\/wp-content\/uploads\/2019\/09\/Raymond-r%C3%AAve-3.jpg?resize=150%2C150 150w, https:\/\/i0.wp.com\/www.jojoenherbe.com\/wp-content\/uploads\/2019\/09\/Raymond-r%C3%AAve-3.jpg?zoom=2&amp;resize=150%2C150 300w, https:\/\/i0.wp.com\/www.jojoenherbe.com\/wp-content\/uploads\/2019\/09\/Raymond-r%C3%AAve-3.jpg?zoom=3&amp;resize=150%2C150 450w\" sizes=\"auto, (max-width: 150px) 100vw, 150px\" \/><\/a> Apr\u00e8s <a href=\"http:\/\/www.jojoenherbe.com\/index.php\/2019\/07\/24\/au-fil-des-pages-avec-cest-lhistoire\/\"><span style=\"text-decoration: underline;\">C&rsquo;est l&rsquo;histoire<\/span><\/a>, nous empruntons \u00e0 la biblioth\u00e8que deux autres albums jeunesse d&rsquo;Anne Crausaz dont le personnage principal est un escargot appel\u00e9 Raymond. Nous lisons d&rsquo;abord <strong><span style=\"text-decoration: underline;\">Raymond r\u00eave<\/span><\/strong> (\u00e9d. MeMo, 2007), un album jeunesse \u00e0 partir de 3 ans et qui a re\u00e7u le Prix Sorci\u00e8res en 2009 dans la cat\u00e9gorie tout-petits. En pleine hibernation, Raymond l&rsquo;escargot r\u00eave et se transforme au fil des pages en plein d&rsquo;autres animaux et fruits issus de son imagination. Mais finalement ne vaut-il pas mieux \u00eatre soi-m\u00eame? Et qui sait cela lui permettra peut-\u00eatre de trouver l&rsquo;amour.<br \/>\n<\/em><\/p>\n<p style=\"text-align: justify;\"><em><a href=\"https:\/\/i0.wp.com\/www.jojoenherbe.com\/wp-content\/uploads\/2019\/09\/R%C3%A9veille-toi-Raymond.jpg\"><img data-recalc-dims=\"1\" loading=\"lazy\" decoding=\"async\" data-attachment-id=\"7444\" data-permalink=\"http:\/\/www.jojoenherbe.com\/index.php\/2019\/09\/11\/au-fil-des-pages-avec-raymond-lescargot\/reveille-toi-raymond\/\" data-orig-file=\"https:\/\/i0.wp.com\/www.jojoenherbe.com\/wp-content\/uploads\/2019\/09\/R%C3%A9veille-toi-Raymond.jpg?fit=3264%2C1830\" data-orig-size=\"3264,1830\" data-comments-opened=\"1\" data-image-meta=\"{&quot;aperture&quot;:&quot;2.4&quot;,&quot;credit&quot;:&quot;&quot;,&quot;camera&quot;:&quot;iPhone 4S&quot;,&quot;caption&quot;:&quot;&quot;,&quot;created_timestamp&quot;:&quot;1567530911&quot;,&quot;copyright&quot;:&quot;&quot;,&quot;focal_length&quot;:&quot;4.28&quot;,&quot;iso&quot;:&quot;400&quot;,&quot;shutter_speed&quot;:&quot;0.05&quot;,&quot;title&quot;:&quot;&quot;,&quot;orientation&quot;:&quot;1&quot;}\" data-image-title=\"R\u00e9veille-toi Raymond\" data-image-description=\"\" data-image-caption=\"\" data-large-file=\"https:\/\/i0.wp.com\/www.jojoenherbe.com\/wp-content\/uploads\/2019\/09\/R%C3%A9veille-toi-Raymond.jpg?fit=676%2C379\" class=\"size-thumbnail wp-image-7444 alignright\" src=\"https:\/\/i0.wp.com\/www.jojoenherbe.com\/wp-content\/uploads\/2019\/09\/R%C3%A9veille-toi-Raymond.jpg?resize=150%2C150\" alt=\"\" width=\"150\" height=\"150\" srcset=\"https:\/\/i0.wp.com\/www.jojoenherbe.com\/wp-content\/uploads\/2019\/09\/R%C3%A9veille-toi-Raymond.jpg?resize=150%2C150 150w, https:\/\/i0.wp.com\/www.jojoenherbe.com\/wp-content\/uploads\/2019\/09\/R%C3%A9veille-toi-Raymond.jpg?zoom=2&amp;resize=150%2C150 300w, https:\/\/i0.wp.com\/www.jojoenherbe.com\/wp-content\/uploads\/2019\/09\/R%C3%A9veille-toi-Raymond.jpg?zoom=3&amp;resize=150%2C150 450w\" sizes=\"auto, (max-width: 150px) 100vw, 150px\" \/><\/a> <a href=\"https:\/\/i0.wp.com\/www.jojoenherbe.com\/wp-content\/uploads\/2019\/09\/R%C3%A9veille-toi-Raymond-2.jpg\"><img data-recalc-dims=\"1\" loading=\"lazy\" decoding=\"async\" data-attachment-id=\"7443\" data-permalink=\"http:\/\/www.jojoenherbe.com\/index.php\/2019\/09\/11\/au-fil-des-pages-avec-raymond-lescargot\/reveille-toi-raymond-2\/\" data-orig-file=\"https:\/\/i0.wp.com\/www.jojoenherbe.com\/wp-content\/uploads\/2019\/09\/R%C3%A9veille-toi-Raymond-2.jpg?fit=3264%2C1913\" data-orig-size=\"3264,1913\" data-comments-opened=\"1\" data-image-meta=\"{&quot;aperture&quot;:&quot;2.4&quot;,&quot;credit&quot;:&quot;&quot;,&quot;camera&quot;:&quot;iPhone 4S&quot;,&quot;caption&quot;:&quot;&quot;,&quot;created_timestamp&quot;:&quot;1567530939&quot;,&quot;copyright&quot;:&quot;&quot;,&quot;focal_length&quot;:&quot;4.28&quot;,&quot;iso&quot;:&quot;200&quot;,&quot;shutter_speed&quot;:&quot;0.05&quot;,&quot;title&quot;:&quot;&quot;,&quot;orientation&quot;:&quot;1&quot;}\" data-image-title=\"R\u00e9veille-toi Raymond 2\" data-image-description=\"\" data-image-caption=\"\" data-large-file=\"https:\/\/i0.wp.com\/www.jojoenherbe.com\/wp-content\/uploads\/2019\/09\/R%C3%A9veille-toi-Raymond-2.jpg?fit=676%2C396\" class=\"size-thumbnail wp-image-7443 alignright\" src=\"https:\/\/i0.wp.com\/www.jojoenherbe.com\/wp-content\/uploads\/2019\/09\/R%C3%A9veille-toi-Raymond-2.jpg?resize=150%2C150\" alt=\"\" width=\"150\" height=\"150\" srcset=\"https:\/\/i0.wp.com\/www.jojoenherbe.com\/wp-content\/uploads\/2019\/09\/R%C3%A9veille-toi-Raymond-2.jpg?resize=150%2C150 150w, https:\/\/i0.wp.com\/www.jojoenherbe.com\/wp-content\/uploads\/2019\/09\/R%C3%A9veille-toi-Raymond-2.jpg?zoom=2&amp;resize=150%2C150 300w, https:\/\/i0.wp.com\/www.jojoenherbe.com\/wp-content\/uploads\/2019\/09\/R%C3%A9veille-toi-Raymond-2.jpg?zoom=3&amp;resize=150%2C150 450w\" sizes=\"auto, (max-width: 150px) 100vw, 150px\" \/><\/a>Puis nous lisons une des suites de cette histoire, <strong><span style=\"text-decoration: underline;\">R\u00e9veille-toi Raymond<\/span>!<\/strong> (\u00e9d. MeMo, 2015). Cette fois-ci, le r\u00eave a laiss\u00e9 place aux cauchemars. Raymond l&rsquo;escargot r\u00e9ussira-t-il \u00e0 se r\u00e9veiller \u00e0 temps? Cet album fait \u00e9cho au premier. Mais les fraises, par exemple, sont bien plus terrifiantes. Heureusement, Juliette n&rsquo;est pas loin.<br \/>\n<\/em><\/p>\n<p style=\"text-align: justify;\"><em><a href=\"https:\/\/i0.wp.com\/www.jojoenherbe.com\/wp-content\/uploads\/2019\/09\/Escargot-gommettes.jpg\"><img data-recalc-dims=\"1\" loading=\"lazy\" decoding=\"async\" data-attachment-id=\"7456\" data-permalink=\"http:\/\/www.jojoenherbe.com\/index.php\/2019\/09\/11\/au-fil-des-pages-avec-raymond-lescargot\/escargot-gommettes\/\" data-orig-file=\"https:\/\/i0.wp.com\/www.jojoenherbe.com\/wp-content\/uploads\/2019\/09\/Escargot-gommettes.jpg?fit=3165%2C1843\" data-orig-size=\"3165,1843\" data-comments-opened=\"1\" data-image-meta=\"{&quot;aperture&quot;:&quot;2.4&quot;,&quot;credit&quot;:&quot;&quot;,&quot;camera&quot;:&quot;iPhone 4S&quot;,&quot;caption&quot;:&quot;&quot;,&quot;created_timestamp&quot;:&quot;1568216937&quot;,&quot;copyright&quot;:&quot;&quot;,&quot;focal_length&quot;:&quot;4.28&quot;,&quot;iso&quot;:&quot;125&quot;,&quot;shutter_speed&quot;:&quot;0.05&quot;,&quot;title&quot;:&quot;&quot;,&quot;orientation&quot;:&quot;1&quot;}\" data-image-title=\"Escargot gommettes\" data-image-description=\"\" data-image-caption=\"\" data-large-file=\"https:\/\/i0.wp.com\/www.jojoenherbe.com\/wp-content\/uploads\/2019\/09\/Escargot-gommettes.jpg?fit=676%2C393\" class=\"wp-image-7456 size-thumbnail alignleft\" src=\"https:\/\/i0.wp.com\/www.jojoenherbe.com\/wp-content\/uploads\/2019\/09\/Escargot-gommettes.jpg?resize=150%2C150\" alt=\"\" width=\"150\" height=\"150\" srcset=\"https:\/\/i0.wp.com\/www.jojoenherbe.com\/wp-content\/uploads\/2019\/09\/Escargot-gommettes.jpg?resize=150%2C150 150w, https:\/\/i0.wp.com\/www.jojoenherbe.com\/wp-content\/uploads\/2019\/09\/Escargot-gommettes.jpg?zoom=2&amp;resize=150%2C150 300w, https:\/\/i0.wp.com\/www.jojoenherbe.com\/wp-content\/uploads\/2019\/09\/Escargot-gommettes.jpg?zoom=3&amp;resize=150%2C150 450w\" sizes=\"auto, (max-width: 150px) 100vw, 150px\" \/><\/a><a href=\"https:\/\/i0.wp.com\/www.jojoenherbe.com\/wp-content\/uploads\/2019\/09\/Escargot-gommettes-2.jpg\"><img data-recalc-dims=\"1\" loading=\"lazy\" decoding=\"async\" data-attachment-id=\"7473\" data-permalink=\"http:\/\/www.jojoenherbe.com\/index.php\/2019\/09\/11\/au-fil-des-pages-avec-raymond-lescargot\/escargot-gommettes-2\/\" data-orig-file=\"https:\/\/i0.wp.com\/www.jojoenherbe.com\/wp-content\/uploads\/2019\/09\/Escargot-gommettes-2.jpg?fit=3201%2C2322\" data-orig-size=\"3201,2322\" data-comments-opened=\"1\" data-image-meta=\"{&quot;aperture&quot;:&quot;2.4&quot;,&quot;credit&quot;:&quot;&quot;,&quot;camera&quot;:&quot;iPhone 4S&quot;,&quot;caption&quot;:&quot;&quot;,&quot;created_timestamp&quot;:&quot;1568312960&quot;,&quot;copyright&quot;:&quot;&quot;,&quot;focal_length&quot;:&quot;4.28&quot;,&quot;iso&quot;:&quot;320&quot;,&quot;shutter_speed&quot;:&quot;0.05&quot;,&quot;title&quot;:&quot;&quot;,&quot;orientation&quot;:&quot;1&quot;}\" data-image-title=\"Escargot gommettes 2\" data-image-description=\"\" data-image-caption=\"\" data-large-file=\"https:\/\/i0.wp.com\/www.jojoenherbe.com\/wp-content\/uploads\/2019\/09\/Escargot-gommettes-2.jpg?fit=676%2C490\" class=\"alignleft size-thumbnail wp-image-7473\" src=\"https:\/\/i0.wp.com\/www.jojoenherbe.com\/wp-content\/uploads\/2019\/09\/Escargot-gommettes-2.jpg?resize=150%2C150\" alt=\"\" width=\"150\" height=\"150\" srcset=\"https:\/\/i0.wp.com\/www.jojoenherbe.com\/wp-content\/uploads\/2019\/09\/Escargot-gommettes-2.jpg?resize=150%2C150 150w, https:\/\/i0.wp.com\/www.jojoenherbe.com\/wp-content\/uploads\/2019\/09\/Escargot-gommettes-2.jpg?zoom=2&amp;resize=150%2C150 300w, https:\/\/i0.wp.com\/www.jojoenherbe.com\/wp-content\/uploads\/2019\/09\/Escargot-gommettes-2.jpg?zoom=3&amp;resize=150%2C150 450w\" sizes=\"auto, (max-width: 150px) 100vw, 150px\" \/><\/a>Dans ces deux histoires, nous retrouvons le style \u00e9pur\u00e9 de l&rsquo;autrice avec la part belle \u00e0 l&rsquo;imagination. Tant le texte que les illustrations permettent \u00e9galement une riche exploitation p\u00e9dagogique autour de l&rsquo;escargot, du sommeil, des saisons, etc. Par exemple, pour prolonger la lecture, nous nous amusons \u00e0 colorier des escargots. Cela permet de dessiner de nouvelles formes comme la spirale et d&rsquo;y coller ou non des gommettes rondes.<br \/>\n<\/em><\/p>\n<div style=\"width: 125px\" class=\"wp-caption alignleft\"><img data-recalc-dims=\"1\" loading=\"lazy\" decoding=\"async\" class=\"\" src=\"https:\/\/i0.wp.com\/delivrer-des-livres.fr\/wp-content\/uploads\/2019\/05\/logoalbums2019.png?resize=115%2C115\" alt=\"\" width=\"115\" height=\"115\" \/><p class=\"wp-caption-text\">Participation #46 <a href=\"http:\/\/delivrer-des-livres.fr\/challenge-albums-2019\/\">Je lis aussi des albums<\/a><\/p><\/div>\n<div style=\"width: 92px\" class=\"wp-caption alignleft\"><img data-recalc-dims=\"1\" loading=\"lazy\" decoding=\"async\" class=\"wp-caption-dt\" src=\"https:\/\/i0.wp.com\/2.bp.blogspot.com\/-TKBnABVnvwc\/Vx4rlxCGC1I\/AAAAAAAAL0o\/vWHf3kJJ_oQFnl5_LYs-AhwhkwyCAd2cgCPcBGAYYCw\/s200\/chut-les-enfants-lisent-logo-I.jpg?resize=82%2C148&#038;ssl=1\" alt=\"\" width=\"82\" height=\"148\" border=\"0\" data-original-height=\"386\" data-original-width=\"215\" \/><p class=\"wp-caption-text\">Participation #17 <a href=\"http:\/\/www.devinequivientbloguer.fr\/la-fois-ou-meme-a-vaincu-un-taureau-chut-les-enfants-lisent\/\">Devine qui vient Bloguer?<\/a><\/p><\/div>\n<div id=\"attachment_33643\" style=\"width: 141px\" class=\"wp-caption alignleft\"><img data-recalc-dims=\"1\" loading=\"lazy\" decoding=\"async\" aria-describedby=\"caption-attachment-33643\" class=\"wp-image-33643\" src=\"https:\/\/i0.wp.com\/delivrer-des-livres.fr\/wp-content\/uploads\/2019\/01\/petit-bac-2019.jpg?resize=131%2C100\" sizes=\"auto, (max-width: 200px) 100vw, 200px\" srcset=\"http:\/\/delivrer-des-livres.fr\/wp-content\/uploads\/2019\/01\/petit-bac-2019.jpg 285w, http:\/\/delivrer-des-livres.fr\/wp-content\/uploads\/2019\/01\/petit-bac-2019-150x114.jpg 150w\" alt=\"\" width=\"131\" height=\"100\" \/><p id=\"caption-attachment-33643\" class=\"wp-caption-text\"><a href=\"https:\/\/ennalit.wordpress.com\/2018\/12\/01\/challenge-petit-bac-2019-qui-veut-jouer\/\">Challenge Petit Bac d&rsquo;Enna<\/a> &#8211; #9 cat\u00e9gorie Pr\u00e9nom: \u00ab\u00a0Raymond\u00a0\u00bb<\/p><\/div>\n","protected":false},"excerpt":{"rendered":"<p>Apr\u00e8s C&rsquo;est l&rsquo;histoire, nous empruntons \u00e0 la biblioth\u00e8que deux autres albums jeunesse d&rsquo;Anne Crausaz dont le personnage principal est un escargot appel\u00e9 Raymond. Nous lisons d&rsquo;abord Raymond r\u00eave (\u00e9d. MeMo, 2007), un album jeunesse \u00e0 partir de 3 ans et qui a re\u00e7u le Prix Sorci\u00e8res en 2009 dans la cat\u00e9gorie tout-petits. En pleine hibernation, [&hellip;]<\/p>\n","protected":false},"author":1,"featured_media":7439,"comment_status":"open","ping_status":"open","sticky":false,"template":"","format":"standard","meta":{"jetpack_post_was_ever_published":false,"_jetpack_newsletter_access":"","_jetpack_dont_email_post_to_subs":false,"_jetpack_newsletter_tier_id":0,"_jetpack_memberships_contains_paywalled_content":false,"_jetpack_memberships_contains_paid_content":false,"footnotes":""},"categories":[363],"tags":[785,409,1398,321,799,1349,1119,344,749,741,590,1350,367,532,207,2390,2391,798,373,797,800],"class_list":["post-7374","post","type-post","status-publish","format-standard","has-post-thumbnail","hentry","category-mini-lecteur","tag-3-6-ans","tag-albums-jeunesse","tag-anne-crausaz","tag-automne","tag-cauchemar","tag-challenge-petit-bac-2019","tag-chut-les-enfants-lisent","tag-escargot","tag-exploitation-pedagogique","tag-hibernation","tag-jardin","tag-je-lis-aussi-des-albums-2019","tag-lecture-jeunesse","tag-potager","tag-printemps","tag-prix-sorcieres","tag-prix-sorcieres-2009","tag-reve","tag-saisons","tag-sommeil","tag-spirale","post-preview"],"jetpack_featured_media_url":"https:\/\/i0.wp.com\/www.jojoenherbe.com\/wp-content\/uploads\/2019\/09\/Raymond-lescargot.jpg?fit=5230%2C2433","jetpack_sharing_enabled":true,"jetpack_shortlink":"https:\/\/wp.me\/p9zhGx-1UW","jetpack_likes_enabled":true,"jetpack-related-posts":[{"id":13916,"url":"http:\/\/www.jojoenherbe.com\/index.php\/2020\/11\/16\/deuxieme-alphabet-des-animaux-e-comme-escargot\/","url_meta":{"origin":7374,"position":0},"title":"Deuxi\u00e8me alphabet des animaux: E comme Escargot","author":"Jojo","date":"16 novembre 2020","format":false,"excerpt":"Pour la semaine 31 de mon challenge sur Instagram #jojoenherbeetcieillustre qui associe la premi\u00e8re lettre d'un animal avec une illustration tir\u00e9e de la litt\u00e9rature jeunesse en suivant l'ordre de l'alphabet, il s'agit du E comme Escargot. Alors voici notre s\u00e9lection d'escargots qui sera mise \u00e0 jour au fur-et-\u00e0-mesure de nos\u2026","rel":"","context":"Dans &quot;Mini challenger&quot;","block_context":{"text":"Mini challenger","link":"http:\/\/www.jojoenherbe.com\/index.php\/category\/mini-challenger\/"},"img":{"alt_text":"","src":"https:\/\/i0.wp.com\/www.jojoenherbe.com\/wp-content\/uploads\/2020\/11\/Selection-Escargot-scaled.jpg?fit=1200%2C831&resize=350%2C200","width":350,"height":200,"srcset":"https:\/\/i0.wp.com\/www.jojoenherbe.com\/wp-content\/uploads\/2020\/11\/Selection-Escargot-scaled.jpg?fit=1200%2C831&resize=350%2C200 1x, https:\/\/i0.wp.com\/www.jojoenherbe.com\/wp-content\/uploads\/2020\/11\/Selection-Escargot-scaled.jpg?fit=1200%2C831&resize=525%2C300 1.5x, https:\/\/i0.wp.com\/www.jojoenherbe.com\/wp-content\/uploads\/2020\/11\/Selection-Escargot-scaled.jpg?fit=1200%2C831&resize=700%2C400 2x, https:\/\/i0.wp.com\/www.jojoenherbe.com\/wp-content\/uploads\/2020\/11\/Selection-Escargot-scaled.jpg?fit=1200%2C831&resize=1050%2C600 3x"},"classes":[]},{"id":10569,"url":"http:\/\/www.jojoenherbe.com\/index.php\/2020\/03\/25\/au-fil-des-pages-avec-premiers-printemps\/","url_meta":{"origin":7374,"position":1},"title":"Au fil des pages avec Premiers printemps","author":"Jojo","date":"25 mars 2020","format":false,"excerpt":"Nous avions emprunt\u00e9, il y a d\u00e9j\u00e0 plusieurs mois, Premiers printemps d'Anne Crausaz (\u00e9d. MeMo, 2010), un album jeunesse \u00e0 partir de 3 ans mais que je n'avais pas encore pris le temps de chroniquer. Nous suivons une petite fille sur une ann\u00e9e, d'un printemps \u00e0 un autre qui d\u00e9couvre\u2026","rel":"","context":"Dans &quot;Mini lecteur&quot;","block_context":{"text":"Mini lecteur","link":"http:\/\/www.jojoenherbe.com\/index.php\/category\/mini-lecteur\/"},"img":{"alt_text":"","src":"https:\/\/i0.wp.com\/www.jojoenherbe.com\/wp-content\/uploads\/2020\/03\/Premiers-printemps-scaled.jpg?fit=1200%2C885&resize=350%2C200","width":350,"height":200,"srcset":"https:\/\/i0.wp.com\/www.jojoenherbe.com\/wp-content\/uploads\/2020\/03\/Premiers-printemps-scaled.jpg?fit=1200%2C885&resize=350%2C200 1x, https:\/\/i0.wp.com\/www.jojoenherbe.com\/wp-content\/uploads\/2020\/03\/Premiers-printemps-scaled.jpg?fit=1200%2C885&resize=525%2C300 1.5x, https:\/\/i0.wp.com\/www.jojoenherbe.com\/wp-content\/uploads\/2020\/03\/Premiers-printemps-scaled.jpg?fit=1200%2C885&resize=700%2C400 2x, https:\/\/i0.wp.com\/www.jojoenherbe.com\/wp-content\/uploads\/2020\/03\/Premiers-printemps-scaled.jpg?fit=1200%2C885&resize=1050%2C600 3x"},"classes":[]},{"id":7507,"url":"http:\/\/www.jojoenherbe.com\/index.php\/2019\/09\/16\/au-fil-des-pages-avec-le-voyage-de-lescargot\/","url_meta":{"origin":7374,"position":2},"title":"Au fil des pages avec Le voyage de l&rsquo;escargot","author":"Jojo","date":"16 septembre 2019","format":false,"excerpt":"Apr\u00e8s avoir lu Dix petites graines, nous empruntons \u00e0 la biblioth\u00e8que Le voyage de l'escargot de Ruth Brown (\u00e9d. Gallimard Jeunesse, 2000). Nous suivons Bavou, un escargot partant \u00e0 l'aventure dans un potager. Quel p\u00e9riple! Que d'obstacles semblant parfois immenses \u00e0 surmonter pour cet escargot, \u00e0 l'instar d'une journ\u00e9e chez\u2026","rel":"","context":"Dans &quot;Mini lecteur&quot;","block_context":{"text":"Mini lecteur","link":"http:\/\/www.jojoenherbe.com\/index.php\/category\/mini-lecteur\/"},"img":{"alt_text":"","src":"https:\/\/i0.wp.com\/www.jojoenherbe.com\/wp-content\/uploads\/2019\/09\/Le-voyage-de-lescargot.jpg?fit=1200%2C927&resize=350%2C200","width":350,"height":200,"srcset":"https:\/\/i0.wp.com\/www.jojoenherbe.com\/wp-content\/uploads\/2019\/09\/Le-voyage-de-lescargot.jpg?fit=1200%2C927&resize=350%2C200 1x, https:\/\/i0.wp.com\/www.jojoenherbe.com\/wp-content\/uploads\/2019\/09\/Le-voyage-de-lescargot.jpg?fit=1200%2C927&resize=525%2C300 1.5x, https:\/\/i0.wp.com\/www.jojoenherbe.com\/wp-content\/uploads\/2019\/09\/Le-voyage-de-lescargot.jpg?fit=1200%2C927&resize=700%2C400 2x, https:\/\/i0.wp.com\/www.jojoenherbe.com\/wp-content\/uploads\/2019\/09\/Le-voyage-de-lescargot.jpg?fit=1200%2C927&resize=1050%2C600 3x"},"classes":[]},{"id":15203,"url":"http:\/\/www.jojoenherbe.com\/index.php\/2021\/01\/18\/au-fil-des-pages-avec-bon-voyage-petite-goutte\/","url_meta":{"origin":7374,"position":3},"title":"Au fil des pages avec Bon voyage petite goutte","author":"Jojo","date":"18 janvier 2021","format":false,"excerpt":"Nous empruntons \u00e0 la m\u00e9diath\u00e8que Bon voyage petite goutte d'Anne Crausaz (\u00e9d. MeMo, 2010), un album jeunesse \u00e0 partir de 3 ans. Dans un style toujours tr\u00e8s \u00e9pur\u00e9, Anne Crausaz nous raconte l'histoire naturelle d'une petite goutte qui voyage, changeant au fil des saisons d'\u00e9tats tout en d\u00e9couvrant la faune\u2026","rel":"","context":"Dans &quot;Mini lecteur&quot;","block_context":{"text":"Mini lecteur","link":"http:\/\/www.jojoenherbe.com\/index.php\/category\/mini-lecteur\/"},"img":{"alt_text":"","src":"https:\/\/i0.wp.com\/www.jojoenherbe.com\/wp-content\/uploads\/2021\/01\/Bon-voyage-petite-goutte-scaled.jpg?fit=1200%2C863&resize=350%2C200","width":350,"height":200,"srcset":"https:\/\/i0.wp.com\/www.jojoenherbe.com\/wp-content\/uploads\/2021\/01\/Bon-voyage-petite-goutte-scaled.jpg?fit=1200%2C863&resize=350%2C200 1x, https:\/\/i0.wp.com\/www.jojoenherbe.com\/wp-content\/uploads\/2021\/01\/Bon-voyage-petite-goutte-scaled.jpg?fit=1200%2C863&resize=525%2C300 1.5x, https:\/\/i0.wp.com\/www.jojoenherbe.com\/wp-content\/uploads\/2021\/01\/Bon-voyage-petite-goutte-scaled.jpg?fit=1200%2C863&resize=700%2C400 2x, https:\/\/i0.wp.com\/www.jojoenherbe.com\/wp-content\/uploads\/2021\/01\/Bon-voyage-petite-goutte-scaled.jpg?fit=1200%2C863&resize=1050%2C600 3x"},"classes":[]},{"id":12580,"url":"http:\/\/www.jojoenherbe.com\/index.php\/2020\/10\/01\/notre-selection-sorcieres-pour-le-challenge-halloween\/","url_meta":{"origin":7374,"position":4},"title":"Notre s\u00e9lection \u00ab\u00a0Sorci\u00e8res\u00a0\u00bb pour le Challenge Halloween","author":"Jojo","date":"1 octobre 2020","format":false,"excerpt":"Ce 1er octobre 2020, Hilde, Grande Sorci\u00e8re et coorganisatrice du Challenge Halloween pour sa 11\u00e8me \u00e9dition, a propos\u00e9 une superbe actualisation de son billet sp\u00e9cial Sorci\u00e8re et nous propose d'en faire un \u00e0 notre tour. Sit\u00f4t vu sit\u00f4t fait d'autant que cette ann\u00e9e j'ai d\u00e9j\u00e0 mis dans notre PAL de\u2026","rel":"","context":"Dans &quot;Mini challenger&quot;","block_context":{"text":"Mini challenger","link":"http:\/\/www.jojoenherbe.com\/index.php\/category\/mini-challenger\/"},"img":{"alt_text":"","src":"https:\/\/i0.wp.com\/www.jojoenherbe.com\/wp-content\/uploads\/2020\/10\/Billet-Sorciere-scaled.jpg?fit=1200%2C947&resize=350%2C200","width":350,"height":200,"srcset":"https:\/\/i0.wp.com\/www.jojoenherbe.com\/wp-content\/uploads\/2020\/10\/Billet-Sorciere-scaled.jpg?fit=1200%2C947&resize=350%2C200 1x, https:\/\/i0.wp.com\/www.jojoenherbe.com\/wp-content\/uploads\/2020\/10\/Billet-Sorciere-scaled.jpg?fit=1200%2C947&resize=525%2C300 1.5x, https:\/\/i0.wp.com\/www.jojoenherbe.com\/wp-content\/uploads\/2020\/10\/Billet-Sorciere-scaled.jpg?fit=1200%2C947&resize=700%2C400 2x, https:\/\/i0.wp.com\/www.jojoenherbe.com\/wp-content\/uploads\/2020\/10\/Billet-Sorciere-scaled.jpg?fit=1200%2C947&resize=1050%2C600 3x"},"classes":[]},{"id":6843,"url":"http:\/\/www.jojoenherbe.com\/index.php\/2019\/07\/24\/au-fil-des-pages-avec-cest-lhistoire\/","url_meta":{"origin":7374,"position":5},"title":"Au fil des pages avec C&rsquo;est l&rsquo;histoire","author":"Jojo","date":"24 juillet 2019","format":false,"excerpt":"Nous empruntons \u00e0 la biblioth\u00e8que C'est l'histoire d'Anne Crausaz (\u00e9d. MeMo, 2017), un album jeunesse \u00e0 partir de 3 ans. Quatre enfants animaux, Souris, Lapin, \u00c9l\u00e9phant et Singe sont impatients de voir arriver Madame Ourse et ses livres. Dans cet album, l'autrice d\u00e9crit de fa\u00e7on po\u00e9tique la transmission du go\u00fbt\u2026","rel":"","context":"Dans &quot;Mini lecteur&quot;","block_context":{"text":"Mini lecteur","link":"http:\/\/www.jojoenherbe.com\/index.php\/category\/mini-lecteur\/"},"img":{"alt_text":"","src":"https:\/\/i0.wp.com\/www.jojoenherbe.com\/wp-content\/uploads\/2019\/07\/Cest-lhistoire.jpg?fit=1200%2C1068&resize=350%2C200","width":350,"height":200,"srcset":"https:\/\/i0.wp.com\/www.jojoenherbe.com\/wp-content\/uploads\/2019\/07\/Cest-lhistoire.jpg?fit=1200%2C1068&resize=350%2C200 1x, https:\/\/i0.wp.com\/www.jojoenherbe.com\/wp-content\/uploads\/2019\/07\/Cest-lhistoire.jpg?fit=1200%2C1068&resize=525%2C300 1.5x, https:\/\/i0.wp.com\/www.jojoenherbe.com\/wp-content\/uploads\/2019\/07\/Cest-lhistoire.jpg?fit=1200%2C1068&resize=700%2C400 2x, https:\/\/i0.wp.com\/www.jojoenherbe.com\/wp-content\/uploads\/2019\/07\/Cest-lhistoire.jpg?fit=1200%2C1068&resize=1050%2C600 3x"},"classes":[]}],"_links":{"self":[{"href":"http:\/\/www.jojoenherbe.com\/index.php\/wp-json\/wp\/v2\/posts\/7374","targetHints":{"allow":["GET"]}}],"collection":[{"href":"http:\/\/www.jojoenherbe.com\/index.php\/wp-json\/wp\/v2\/posts"}],"about":[{"href":"http:\/\/www.jojoenherbe.com\/index.php\/wp-json\/wp\/v2\/types\/post"}],"author":[{"embeddable":true,"href":"http:\/\/www.jojoenherbe.com\/index.php\/wp-json\/wp\/v2\/users\/1"}],"replies":[{"embeddable":true,"href":"http:\/\/www.jojoenherbe.com\/index.php\/wp-json\/wp\/v2\/comments?post=7374"}],"version-history":[{"count":1,"href":"http:\/\/www.jojoenherbe.com\/index.php\/wp-json\/wp\/v2\/posts\/7374\/revisions"}],"predecessor-version":[{"id":25134,"href":"http:\/\/www.jojoenherbe.com\/index.php\/wp-json\/wp\/v2\/posts\/7374\/revisions\/25134"}],"wp:featuredmedia":[{"embeddable":true,"href":"http:\/\/www.jojoenherbe.com\/index.php\/wp-json\/wp\/v2\/media\/7439"}],"wp:attachment":[{"href":"http:\/\/www.jojoenherbe.com\/index.php\/wp-json\/wp\/v2\/media?parent=7374"}],"wp:term":[{"taxonomy":"category","embeddable":true,"href":"http:\/\/www.jojoenherbe.com\/index.php\/wp-json\/wp\/v2\/categories?post=7374"},{"taxonomy":"post_tag","embeddable":true,"href":"http:\/\/www.jojoenherbe.com\/index.php\/wp-json\/wp\/v2\/tags?post=7374"}],"curies":[{"name":"wp","href":"https:\/\/api.w.org\/{rel}","templated":true}]}}