{"id":7252,"date":"2019-08-28T14:36:28","date_gmt":"2019-08-28T12:36:28","guid":{"rendered":"http:\/\/www.jojoenherbe.com\/?p=7252"},"modified":"2022-01-25T12:16:34","modified_gmt":"2022-01-25T11:16:34","slug":"au-fil-des-pages-avec-fenouil","status":"publish","type":"post","link":"http:\/\/www.jojoenherbe.com\/index.php\/2019\/08\/28\/au-fil-des-pages-avec-fenouil\/","title":{"rendered":"Au fil des pages avec Fenouil"},"content":{"rendered":"<p style=\"text-align: justify;\"><em>Nous avions d\u00e9couvert le personnage de Fenouil avec <a href=\"http:\/\/www.jojoenherbe.com\/index.php\/2019\/04\/20\/au-fil-des-pages-sur-le-theme-de-paques\/\"><span style=\"text-decoration: underline;\">Joyeuses P\u00e2ques, Fenouil!<\/span><\/a> de Brigitte Weninger et \u00c8ve Tharlet, cette derni\u00e8re \u00e9tant aussi l&rsquo;illustratrice de <a href=\"http:\/\/www.jojoenherbe.com\/index.php\/2019\/02\/18\/au-fil-des-pages-avec-cassis\/\"><span style=\"text-decoration: underline;\">Cassis<\/span><\/a>. Nous avions beaucoup appr\u00e9ci\u00e9 sa petite frimousse et celle de cette famille de lapins. Nous empruntons deux autres histoires de Fenouil \u00e0 la biblioth\u00e8que, des albums jeunesse \u00e0 partir de 3 ans. <\/em><\/p>\n<p style=\"text-align: justify;\"><em><a href=\"https:\/\/i0.wp.com\/www.jojoenherbe.com\/wp-content\/uploads\/2019\/08\/Fenouil-reviens.jpg\"><img data-recalc-dims=\"1\" loading=\"lazy\" decoding=\"async\" data-attachment-id=\"7266\" data-permalink=\"http:\/\/www.jojoenherbe.com\/index.php\/2019\/08\/28\/au-fil-des-pages-avec-fenouil\/fenouil-reviens\/\" data-orig-file=\"https:\/\/i0.wp.com\/www.jojoenherbe.com\/wp-content\/uploads\/2019\/08\/Fenouil-reviens.jpg?fit=2279%2C2685\" data-orig-size=\"2279,2685\" data-comments-opened=\"1\" data-image-meta=\"{&quot;aperture&quot;:&quot;0&quot;,&quot;credit&quot;:&quot;&quot;,&quot;camera&quot;:&quot;&quot;,&quot;caption&quot;:&quot;&quot;,&quot;created_timestamp&quot;:&quot;0&quot;,&quot;copyright&quot;:&quot;&quot;,&quot;focal_length&quot;:&quot;0&quot;,&quot;iso&quot;:&quot;0&quot;,&quot;shutter_speed&quot;:&quot;0&quot;,&quot;title&quot;:&quot;&quot;,&quot;orientation&quot;:&quot;0&quot;}\" data-image-title=\"Fenouil reviens\" data-image-description=\"\" data-image-caption=\"\" data-large-file=\"https:\/\/i0.wp.com\/www.jojoenherbe.com\/wp-content\/uploads\/2019\/08\/Fenouil-reviens.jpg?fit=676%2C797\" class=\"wp-image-7266 size-thumbnail alignleft\" src=\"https:\/\/i0.wp.com\/www.jojoenherbe.com\/wp-content\/uploads\/2019\/08\/Fenouil-reviens.jpg?resize=150%2C150\" alt=\"\" width=\"150\" height=\"150\" srcset=\"https:\/\/i0.wp.com\/www.jojoenherbe.com\/wp-content\/uploads\/2019\/08\/Fenouil-reviens.jpg?resize=150%2C150 150w, https:\/\/i0.wp.com\/www.jojoenherbe.com\/wp-content\/uploads\/2019\/08\/Fenouil-reviens.jpg?zoom=2&amp;resize=150%2C150 300w, https:\/\/i0.wp.com\/www.jojoenherbe.com\/wp-content\/uploads\/2019\/08\/Fenouil-reviens.jpg?zoom=3&amp;resize=150%2C150 450w\" sizes=\"auto, (max-width: 150px) 100vw, 150px\" \/><\/a> <a href=\"https:\/\/i0.wp.com\/www.jojoenherbe.com\/wp-content\/uploads\/2019\/08\/Fenouil-reviens-2.jpg\"><img data-recalc-dims=\"1\" loading=\"lazy\" decoding=\"async\" data-attachment-id=\"7265\" data-permalink=\"http:\/\/www.jojoenherbe.com\/index.php\/2019\/08\/28\/au-fil-des-pages-avec-fenouil\/fenouil-reviens-2\/\" data-orig-file=\"https:\/\/i0.wp.com\/www.jojoenherbe.com\/wp-content\/uploads\/2019\/08\/Fenouil-reviens-2.jpg?fit=2995%2C2314\" data-orig-size=\"2995,2314\" data-comments-opened=\"1\" data-image-meta=\"{&quot;aperture&quot;:&quot;2.4&quot;,&quot;credit&quot;:&quot;&quot;,&quot;camera&quot;:&quot;iPhone 4S&quot;,&quot;caption&quot;:&quot;&quot;,&quot;created_timestamp&quot;:&quot;1566999761&quot;,&quot;copyright&quot;:&quot;&quot;,&quot;focal_length&quot;:&quot;4.28&quot;,&quot;iso&quot;:&quot;400&quot;,&quot;shutter_speed&quot;:&quot;0.05&quot;,&quot;title&quot;:&quot;&quot;,&quot;orientation&quot;:&quot;1&quot;}\" data-image-title=\"Fenouil reviens 2\" data-image-description=\"\" data-image-caption=\"\" data-large-file=\"https:\/\/i0.wp.com\/www.jojoenherbe.com\/wp-content\/uploads\/2019\/08\/Fenouil-reviens-2.jpg?fit=676%2C522\" class=\"alignleft wp-image-7265 size-thumbnail\" src=\"https:\/\/i0.wp.com\/www.jojoenherbe.com\/wp-content\/uploads\/2019\/08\/Fenouil-reviens-2.jpg?resize=150%2C150\" alt=\"\" width=\"150\" height=\"150\" srcset=\"https:\/\/i0.wp.com\/www.jojoenherbe.com\/wp-content\/uploads\/2019\/08\/Fenouil-reviens-2.jpg?resize=150%2C150 150w, https:\/\/i0.wp.com\/www.jojoenherbe.com\/wp-content\/uploads\/2019\/08\/Fenouil-reviens-2.jpg?zoom=2&amp;resize=150%2C150 300w, https:\/\/i0.wp.com\/www.jojoenherbe.com\/wp-content\/uploads\/2019\/08\/Fenouil-reviens-2.jpg?zoom=3&amp;resize=150%2C150 450w\" sizes=\"auto, (max-width: 150px) 100vw, 150px\" \/><\/a>Nous commen\u00e7ons par lire <span style=\"text-decoration: underline;\">Fenouil, reviens!<\/span> de Brigitte Weninger et Eve Tharlet (\u00e9d. Nord-Sud, 1996). Un bol a \u00e9t\u00e9 cass\u00e9 dans la cuisine et tout porte \u00e0 croire que l&rsquo;auteur en soit Fenouil puisqu&rsquo;il \u00ab\u00a0fait toujours des b\u00eatises\u00a0\u00bb. Bless\u00e9 d&rsquo;avoir \u00e9t\u00e9 grond\u00e9 \u00e0 tort par sa m\u00e8re, Fenouil part avec son baluchon. <\/em><\/p>\n<p style=\"text-align: justify;\"><em>Cette histoire t\u00e9moigne de ce qui peut se passer dans une fratrie, les parents pouvant eux-m\u00eames faire des erreurs. En effet, pour le jeune lecteur, cela peut lui rappeler des \u00e9motions ressenties, qu&rsquo;il soit auteur ou non de la \u00ab\u00a0b\u00eatise\u00a0\u00bb, notamment lorsqu&rsquo;il a des fr\u00e8res et s\u0153urs ou lorsqu&rsquo;il est en collectivit\u00e9 (\u00e9cole, centres de loisirs, en famille avec des cousins par exemple&#8230;). Pour le parent lecteur, cela lui rappelle l&rsquo;importance de ne pas coller des \u00e9tiquettes toute faites sur son enfant, au vu des cons\u00e9quences que cela peut avoir sur lui et le sentiment d&rsquo;injustice qui s&rsquo;ensuit. <\/em><\/p>\n<p style=\"text-align: justify;\"><em>Cet album plus sombre permet ainsi d&rsquo;aborder avec les tout-petits de nouvelles \u00e9motions que m\u00eame les adultes peuvent ressentir. Les illustrations mettent en exergue la douleur ressentie par Fenouil. Par exemple, il para\u00eet tellement petit face \u00e0 la col\u00e8re de sa m\u00e8re. Qu&rsquo;il est important de laisser la place au dialogue! D&rsquo;ailleurs, nous prolongeons la lecture de cette histoire en revenant sur ce qui s&rsquo;est pass\u00e9.<br \/>\n<\/em><\/p>\n<p style=\"text-align: justify;\"><em><a href=\"https:\/\/i0.wp.com\/www.jojoenherbe.com\/wp-content\/uploads\/2019\/08\/Fenouil-parole-de-lapinou-2.jpg\"><img data-recalc-dims=\"1\" loading=\"lazy\" decoding=\"async\" data-attachment-id=\"7263\" data-permalink=\"http:\/\/www.jojoenherbe.com\/index.php\/2019\/08\/28\/au-fil-des-pages-avec-fenouil\/fenouil-parole-de-lapinou-2\/\" data-orig-file=\"https:\/\/i0.wp.com\/www.jojoenherbe.com\/wp-content\/uploads\/2019\/08\/Fenouil-parole-de-lapinou-2.jpg?fit=3264%2C2263\" data-orig-size=\"3264,2263\" data-comments-opened=\"1\" data-image-meta=\"{&quot;aperture&quot;:&quot;2.4&quot;,&quot;credit&quot;:&quot;&quot;,&quot;camera&quot;:&quot;iPhone 4S&quot;,&quot;caption&quot;:&quot;&quot;,&quot;created_timestamp&quot;:&quot;1566999810&quot;,&quot;copyright&quot;:&quot;&quot;,&quot;focal_length&quot;:&quot;4.28&quot;,&quot;iso&quot;:&quot;320&quot;,&quot;shutter_speed&quot;:&quot;0.05&quot;,&quot;title&quot;:&quot;&quot;,&quot;orientation&quot;:&quot;1&quot;}\" data-image-title=\"Fenouil parole de lapinou 2\" data-image-description=\"\" data-image-caption=\"\" data-large-file=\"https:\/\/i0.wp.com\/www.jojoenherbe.com\/wp-content\/uploads\/2019\/08\/Fenouil-parole-de-lapinou-2.jpg?fit=676%2C469\" class=\"alignright wp-image-7263 size-thumbnail\" src=\"https:\/\/i0.wp.com\/www.jojoenherbe.com\/wp-content\/uploads\/2019\/08\/Fenouil-parole-de-lapinou-2.jpg?resize=150%2C150\" alt=\"\" width=\"150\" height=\"150\" srcset=\"https:\/\/i0.wp.com\/www.jojoenherbe.com\/wp-content\/uploads\/2019\/08\/Fenouil-parole-de-lapinou-2.jpg?resize=150%2C150 150w, https:\/\/i0.wp.com\/www.jojoenherbe.com\/wp-content\/uploads\/2019\/08\/Fenouil-parole-de-lapinou-2.jpg?zoom=2&amp;resize=150%2C150 300w, https:\/\/i0.wp.com\/www.jojoenherbe.com\/wp-content\/uploads\/2019\/08\/Fenouil-parole-de-lapinou-2.jpg?zoom=3&amp;resize=150%2C150 450w\" sizes=\"auto, (max-width: 150px) 100vw, 150px\" \/><\/a> <a href=\"https:\/\/i0.wp.com\/www.jojoenherbe.com\/wp-content\/uploads\/2019\/08\/Fenouil-parole-de-lapinou.jpg\"><img data-recalc-dims=\"1\" loading=\"lazy\" decoding=\"async\" data-attachment-id=\"7264\" data-permalink=\"http:\/\/www.jojoenherbe.com\/index.php\/2019\/08\/28\/au-fil-des-pages-avec-fenouil\/fenouil-parole-de-lapinou\/\" data-orig-file=\"https:\/\/i0.wp.com\/www.jojoenherbe.com\/wp-content\/uploads\/2019\/08\/Fenouil-parole-de-lapinou.jpg?fit=2382%2C2556\" data-orig-size=\"2382,2556\" data-comments-opened=\"1\" data-image-meta=\"{&quot;aperture&quot;:&quot;0&quot;,&quot;credit&quot;:&quot;&quot;,&quot;camera&quot;:&quot;&quot;,&quot;caption&quot;:&quot;&quot;,&quot;created_timestamp&quot;:&quot;0&quot;,&quot;copyright&quot;:&quot;&quot;,&quot;focal_length&quot;:&quot;0&quot;,&quot;iso&quot;:&quot;0&quot;,&quot;shutter_speed&quot;:&quot;0&quot;,&quot;title&quot;:&quot;&quot;,&quot;orientation&quot;:&quot;0&quot;}\" data-image-title=\"Fenouil parole de lapinou\" data-image-description=\"\" data-image-caption=\"\" data-large-file=\"https:\/\/i0.wp.com\/www.jojoenherbe.com\/wp-content\/uploads\/2019\/08\/Fenouil-parole-de-lapinou.jpg?fit=676%2C726\" class=\"alignright wp-image-7264 size-thumbnail\" src=\"https:\/\/i0.wp.com\/www.jojoenherbe.com\/wp-content\/uploads\/2019\/08\/Fenouil-parole-de-lapinou.jpg?resize=150%2C150\" alt=\"\" width=\"150\" height=\"150\" srcset=\"https:\/\/i0.wp.com\/www.jojoenherbe.com\/wp-content\/uploads\/2019\/08\/Fenouil-parole-de-lapinou.jpg?resize=150%2C150 150w, https:\/\/i0.wp.com\/www.jojoenherbe.com\/wp-content\/uploads\/2019\/08\/Fenouil-parole-de-lapinou.jpg?zoom=2&amp;resize=150%2C150 300w, https:\/\/i0.wp.com\/www.jojoenherbe.com\/wp-content\/uploads\/2019\/08\/Fenouil-parole-de-lapinou.jpg?zoom=3&amp;resize=150%2C150 450w\" sizes=\"auto, (max-width: 150px) 100vw, 150px\" \/><\/a>Puis nous poursuivons avec <span style=\"text-decoration: underline;\">Fenouil, parole de lapinou!<\/span> de Brigitte Weninger et Eve Tharlet (\u00e9d. Nord-Sud, 2005). Cette fois-ci, l&rsquo;histoire est bien plus rigolote que la pr\u00e9c\u00e9dente. Fenouil se sent malade apr\u00e8s avoir mang\u00e9 tout un buisson de m\u00fbres, m\u00eame les vertes. Gard\u00e9 par Tony et Cooky, il promet \u00e0 sa m\u00e8re de ne pas sortir de son lit. Mais qui a dit que rester dans son lit ne peut pas se transformer en folle aventure? Le lit devient alors gr\u00e2ce \u00e0 l&rsquo;imagination des trois lapereaux un bateau pirate. Parole de Jojo &#8211; euh de lapinou! Nous appr\u00e9cions beaucoup les illustrations d&rsquo;\u00c8ve Tharlet qui mettent en sc\u00e8ne le texte tout en fantaisie de Brigitte Weninger. Encore un bon moment de lecture!<br \/>\n<\/em><\/p>\n<div style=\"width: 140px\" class=\"wp-caption alignleft\"><img data-recalc-dims=\"1\" loading=\"lazy\" decoding=\"async\" class=\"\" src=\"https:\/\/i0.wp.com\/delivrer-des-livres.fr\/wp-content\/uploads\/2019\/05\/logoalbums2019.png?resize=130%2C130\" alt=\"\" width=\"130\" height=\"130\" \/><p class=\"wp-caption-text\">Participation #40 <a href=\"http:\/\/delivrer-des-livres.fr\/challenge-albums-2019\/\">Je lis aussi des albums<\/a><\/p><\/div>\n<div id=\"attachment_33643\" style=\"width: 156px\" class=\"wp-caption alignleft\"><img data-recalc-dims=\"1\" loading=\"lazy\" decoding=\"async\" aria-describedby=\"caption-attachment-33643\" class=\"wp-image-33643\" src=\"https:\/\/i0.wp.com\/delivrer-des-livres.fr\/wp-content\/uploads\/2019\/01\/petit-bac-2019.jpg?resize=146%2C111\" sizes=\"auto, (max-width: 200px) 100vw, 200px\" srcset=\"http:\/\/delivrer-des-livres.fr\/wp-content\/uploads\/2019\/01\/petit-bac-2019.jpg 285w, http:\/\/delivrer-des-livres.fr\/wp-content\/uploads\/2019\/01\/petit-bac-2019-150x114.jpg 150w\" alt=\"\" width=\"146\" height=\"111\" \/><p id=\"caption-attachment-33643\" class=\"wp-caption-text\"><a href=\"https:\/\/ennalit.wordpress.com\/2018\/12\/01\/challenge-petit-bac-2019-qui-veut-jouer\/\">Challenge Petit Bac d&rsquo;Enna<\/a> &#8211; #7 et #8 cat\u00e9gorie V\u00e9g\u00e9tal: \u00ab\u00a0Fenouil\u00a0\u00bb<\/p><\/div>\n","protected":false},"excerpt":{"rendered":"<p>Nous avions d\u00e9couvert le personnage de Fenouil avec Joyeuses P\u00e2ques, Fenouil! de Brigitte Weninger et \u00c8ve Tharlet, cette derni\u00e8re \u00e9tant aussi l&rsquo;illustratrice de Cassis. Nous avions beaucoup appr\u00e9ci\u00e9 sa petite frimousse et celle de cette famille de lapins. Nous empruntons deux autres histoires de Fenouil \u00e0 la biblioth\u00e8que, des albums jeunesse \u00e0 partir de 3 [&hellip;]<\/p>\n","protected":false},"author":1,"featured_media":7267,"comment_status":"open","ping_status":"open","sticky":false,"template":"","format":"standard","meta":{"jetpack_post_was_ever_published":false,"_jetpack_newsletter_access":"","_jetpack_dont_email_post_to_subs":false,"_jetpack_newsletter_tier_id":0,"_jetpack_memberships_contains_paywalled_content":false,"_jetpack_memberships_contains_paid_content":false,"footnotes":""},"categories":[363],"tags":[785,409,456,1008,1349,576,1998,459,453,784,1350,452,222,367,781,782,594,448],"class_list":["post-7252","post","type-post","status-publish","format-standard","has-post-thumbnail","hentry","category-mini-lecteur","tag-3-6-ans","tag-albums-jeunesse","tag-betises","tag-brigitte-weninger","tag-challenge-petit-bac-2019","tag-emotions","tag-eve-tharlet","tag-famille","tag-imagination","tag-injustice","tag-je-lis-aussi-des-albums-2019","tag-jeux-denfants","tag-lapin","tag-lecture-jeunesse","tag-lit","tag-maladie","tag-pirates","tag-vivre-ensemble","post-preview"],"jetpack_featured_media_url":"https:\/\/i0.wp.com\/www.jojoenherbe.com\/wp-content\/uploads\/2019\/08\/Fenouil.jpg?fit=2951%2C2151","jetpack_sharing_enabled":true,"jetpack_shortlink":"https:\/\/wp.me\/p9zhGx-1SY","jetpack_likes_enabled":true,"jetpack-related-posts":[{"id":7461,"url":"http:\/\/www.jojoenherbe.com\/index.php\/2019\/09\/12\/au-fil-des-pages-avec-larrivee-dun-bebe\/","url_meta":{"origin":7252,"position":0},"title":"Au fil des pages avec l&rsquo;arriv\u00e9e d&rsquo;un b\u00e9b\u00e9","author":"Jojo","date":"12 septembre 2019","format":false,"excerpt":"Nous empruntons \u00e0 la biblioth\u00e8que deux albums sur l'arriv\u00e9e d'un b\u00e9b\u00e9 dans une famille, des albums \u00e0 partir de 2 ans et qui peuvent permettre de d\u00e9dramatiser l'arriv\u00e9e d'un nouvel enfant dans la famille ou tout simplement d'apporter les premi\u00e8res r\u00e9ponses au fait de voir des femmes avec des ventres\u2026","rel":"","context":"Dans &quot;Mini lecteur&quot;","block_context":{"text":"Mini lecteur","link":"http:\/\/www.jojoenherbe.com\/index.php\/category\/mini-lecteur\/"},"img":{"alt_text":"","src":"https:\/\/i0.wp.com\/www.jojoenherbe.com\/wp-content\/uploads\/2019\/09\/Albums-naissance.jpg?fit=1200%2C905&resize=350%2C200","width":350,"height":200,"srcset":"https:\/\/i0.wp.com\/www.jojoenherbe.com\/wp-content\/uploads\/2019\/09\/Albums-naissance.jpg?fit=1200%2C905&resize=350%2C200 1x, https:\/\/i0.wp.com\/www.jojoenherbe.com\/wp-content\/uploads\/2019\/09\/Albums-naissance.jpg?fit=1200%2C905&resize=525%2C300 1.5x, https:\/\/i0.wp.com\/www.jojoenherbe.com\/wp-content\/uploads\/2019\/09\/Albums-naissance.jpg?fit=1200%2C905&resize=700%2C400 2x, https:\/\/i0.wp.com\/www.jojoenherbe.com\/wp-content\/uploads\/2019\/09\/Albums-naissance.jpg?fit=1200%2C905&resize=1050%2C600 3x"},"classes":[]},{"id":9080,"url":"http:\/\/www.jojoenherbe.com\/index.php\/2019\/12\/24\/au-fil-des-pages-avec-le-noel-de-fenouil\/","url_meta":{"origin":7252,"position":1},"title":"Au fil des pages avec Le No\u00ebl de Fenouil","author":"Jojo","date":"24 d\u00e9cembre 2019","format":false,"excerpt":"Nous lisons une nouvelle aventure de Fenouil: Le No\u00ebl de Fenouil de Brigitte Weninger et \u00c8ve Tharlet (\u00e9d. Mijade, 2017), un album jeunesse \u00e0 partir de 3 ans. Apr\u00e8s avoir retenu l'importance du partage expliqu\u00e9 par Papa Lapin, Fenouil vient en aide \u00e0 de nombreux animaux de la for\u00eat en\u2026","rel":"","context":"Dans &quot;Mini lecteur&quot;","block_context":{"text":"Mini lecteur","link":"http:\/\/www.jojoenherbe.com\/index.php\/category\/mini-lecteur\/"},"img":{"alt_text":"","src":"https:\/\/i0.wp.com\/www.jojoenherbe.com\/wp-content\/uploads\/2019\/12\/Le-No%C3%ABl-de-Fenouil.jpg?fit=1200%2C1025&resize=350%2C200","width":350,"height":200,"srcset":"https:\/\/i0.wp.com\/www.jojoenherbe.com\/wp-content\/uploads\/2019\/12\/Le-No%C3%ABl-de-Fenouil.jpg?fit=1200%2C1025&resize=350%2C200 1x, https:\/\/i0.wp.com\/www.jojoenherbe.com\/wp-content\/uploads\/2019\/12\/Le-No%C3%ABl-de-Fenouil.jpg?fit=1200%2C1025&resize=525%2C300 1.5x, https:\/\/i0.wp.com\/www.jojoenherbe.com\/wp-content\/uploads\/2019\/12\/Le-No%C3%ABl-de-Fenouil.jpg?fit=1200%2C1025&resize=700%2C400 2x, https:\/\/i0.wp.com\/www.jojoenherbe.com\/wp-content\/uploads\/2019\/12\/Le-No%C3%ABl-de-Fenouil.jpg?fit=1200%2C1025&resize=1050%2C600 3x"},"classes":[]},{"id":7717,"url":"http:\/\/www.jojoenherbe.com\/index.php\/2019\/10\/02\/au-fil-des-pages-avec-merci-fantominus\/","url_meta":{"origin":7252,"position":2},"title":"Au fil des pages avec Merci Fant\u00f4minus!","author":"Jojo","date":"2 octobre 2019","format":false,"excerpt":"Dans le cadre du Hallow RAT 2019, nous avons emprunt\u00e9 \u00e0 la biblioth\u00e8que Merci Fant\u00f4minus! de Brigitte Weninger et \u00c8ve Tharlet (\u00e9d. Minedition, 2008), un album jeunesse \u00e0 partir de 3 ans et qui relate l'amiti\u00e9 entre un tout petit fant\u00f4me et L\u00e9onie, une petite fille qui a peur de\u2026","rel":"","context":"Dans &quot;Mini lecteur&quot;","block_context":{"text":"Mini lecteur","link":"http:\/\/www.jojoenherbe.com\/index.php\/category\/mini-lecteur\/"},"img":{"alt_text":"","src":"https:\/\/i0.wp.com\/www.jojoenherbe.com\/wp-content\/uploads\/2019\/10\/Merci-Fant%C3%B4minus.jpg?fit=1200%2C1100&resize=350%2C200","width":350,"height":200,"srcset":"https:\/\/i0.wp.com\/www.jojoenherbe.com\/wp-content\/uploads\/2019\/10\/Merci-Fant%C3%B4minus.jpg?fit=1200%2C1100&resize=350%2C200 1x, https:\/\/i0.wp.com\/www.jojoenherbe.com\/wp-content\/uploads\/2019\/10\/Merci-Fant%C3%B4minus.jpg?fit=1200%2C1100&resize=525%2C300 1.5x, https:\/\/i0.wp.com\/www.jojoenherbe.com\/wp-content\/uploads\/2019\/10\/Merci-Fant%C3%B4minus.jpg?fit=1200%2C1100&resize=700%2C400 2x, https:\/\/i0.wp.com\/www.jojoenherbe.com\/wp-content\/uploads\/2019\/10\/Merci-Fant%C3%B4minus.jpg?fit=1200%2C1100&resize=1050%2C600 3x"},"classes":[]},{"id":5377,"url":"http:\/\/www.jojoenherbe.com\/index.php\/2019\/04\/20\/au-fil-des-pages-sur-le-theme-de-paques\/","url_meta":{"origin":7252,"position":3},"title":"Au fil des pages sur le th\u00e8me de P\u00e2ques","author":"Jojo","date":"20 avril 2019","format":false,"excerpt":"Ce mois-ci, le th\u00e8me du rendez-vous \"Et dans leur biblioth\u00e8que il y a...\" est P\u00e2ques. Nous n'avons pas attendu le 20 avril pour commencer \u00e0 lire ou relire des albums jeunesse sur cette f\u00eate. Voici les n\u00f4tres, sans ordre de pr\u00e9f\u00e9rence et la plupart \u00e0 partir de 3 ans (voire\u2026","rel":"","context":"Dans &quot;Mini lecteur&quot;","block_context":{"text":"Mini lecteur","link":"http:\/\/www.jojoenherbe.com\/index.php\/category\/mini-lecteur\/"},"img":{"alt_text":"","src":"https:\/\/i0.wp.com\/www.jojoenherbe.com\/wp-content\/uploads\/2019\/04\/albums-P%C3%A2ques-1.jpg?fit=1200%2C871&resize=350%2C200","width":350,"height":200,"srcset":"https:\/\/i0.wp.com\/www.jojoenherbe.com\/wp-content\/uploads\/2019\/04\/albums-P%C3%A2ques-1.jpg?fit=1200%2C871&resize=350%2C200 1x, https:\/\/i0.wp.com\/www.jojoenherbe.com\/wp-content\/uploads\/2019\/04\/albums-P%C3%A2ques-1.jpg?fit=1200%2C871&resize=525%2C300 1.5x, https:\/\/i0.wp.com\/www.jojoenherbe.com\/wp-content\/uploads\/2019\/04\/albums-P%C3%A2ques-1.jpg?fit=1200%2C871&resize=700%2C400 2x, https:\/\/i0.wp.com\/www.jojoenherbe.com\/wp-content\/uploads\/2019\/04\/albums-P%C3%A2ques-1.jpg?fit=1200%2C871&resize=1050%2C600 3x"},"classes":[]},{"id":16945,"url":"http:\/\/www.jojoenherbe.com\/index.php\/2021\/04\/01\/nos-lectures-de-paques-2021\/","url_meta":{"origin":7252,"position":4},"title":"Nos lectures de P\u00e2ques 2021","author":"Jojo","date":"1 avril 2021","format":false,"excerpt":"Apr\u00e8s le carnaval, place au lecture de P\u00e2ques en attendant notre chasse aux \u0153ufs ce week-end (miam miam les chocolats). Nous relisons des albums jeunesse des ann\u00e9es pr\u00e9c\u00e9dentes mais aussi deux \"nouveaut\u00e9s\" que je n'avais pas pu encore emprunter \u00e0 la m\u00e9diath\u00e8que. Mais cette ann\u00e9e, je m'y suis prise t\u00f4t\u2026","rel":"","context":"Dans &quot;Mini lecteur&quot;","block_context":{"text":"Mini lecteur","link":"http:\/\/www.jojoenherbe.com\/index.php\/category\/mini-lecteur\/"},"img":{"alt_text":"","src":"https:\/\/i0.wp.com\/www.jojoenherbe.com\/wp-content\/uploads\/2021\/04\/Nos-lectures-de-Paques-2021-scaled.jpg?fit=1200%2C933&resize=350%2C200","width":350,"height":200,"srcset":"https:\/\/i0.wp.com\/www.jojoenherbe.com\/wp-content\/uploads\/2021\/04\/Nos-lectures-de-Paques-2021-scaled.jpg?fit=1200%2C933&resize=350%2C200 1x, https:\/\/i0.wp.com\/www.jojoenherbe.com\/wp-content\/uploads\/2021\/04\/Nos-lectures-de-Paques-2021-scaled.jpg?fit=1200%2C933&resize=525%2C300 1.5x, https:\/\/i0.wp.com\/www.jojoenherbe.com\/wp-content\/uploads\/2021\/04\/Nos-lectures-de-Paques-2021-scaled.jpg?fit=1200%2C933&resize=700%2C400 2x, https:\/\/i0.wp.com\/www.jojoenherbe.com\/wp-content\/uploads\/2021\/04\/Nos-lectures-de-Paques-2021-scaled.jpg?fit=1200%2C933&resize=1050%2C600 3x"},"classes":[]},{"id":14522,"url":"http:\/\/www.jojoenherbe.com\/index.php\/2020\/12\/20\/deuxieme-alphabet-des-animaux-l-comme-lapin\/","url_meta":{"origin":7252,"position":5},"title":"Deuxi\u00e8me alphabet des animaux: L comme Lapin","author":"Jojo","date":"20 d\u00e9cembre 2020","format":false,"excerpt":"Pour la semaine 36 de mon challenge sur Instagram #jojoenherbeetcieillustre qui associe la premi\u00e8re lettre d'un animal avec une illustration tir\u00e9e de la litt\u00e9rature jeunesse en suivant l'ordre de l'alphabet, il s'agit du L comme Lapin. Alors voici notre s\u00e9lection de lapins qui sera mise \u00e0 jour au fur-et-\u00e0-mesure de\u2026","rel":"","context":"Dans &quot;Mini challenger&quot;","block_context":{"text":"Mini challenger","link":"http:\/\/www.jojoenherbe.com\/index.php\/category\/mini-challenger\/"},"img":{"alt_text":"","src":"https:\/\/i0.wp.com\/www.jojoenherbe.com\/wp-content\/uploads\/2020\/12\/Selection-de-lapins-scaled.jpg?fit=1200%2C773&resize=350%2C200","width":350,"height":200,"srcset":"https:\/\/i0.wp.com\/www.jojoenherbe.com\/wp-content\/uploads\/2020\/12\/Selection-de-lapins-scaled.jpg?fit=1200%2C773&resize=350%2C200 1x, https:\/\/i0.wp.com\/www.jojoenherbe.com\/wp-content\/uploads\/2020\/12\/Selection-de-lapins-scaled.jpg?fit=1200%2C773&resize=525%2C300 1.5x, https:\/\/i0.wp.com\/www.jojoenherbe.com\/wp-content\/uploads\/2020\/12\/Selection-de-lapins-scaled.jpg?fit=1200%2C773&resize=700%2C400 2x, https:\/\/i0.wp.com\/www.jojoenherbe.com\/wp-content\/uploads\/2020\/12\/Selection-de-lapins-scaled.jpg?fit=1200%2C773&resize=1050%2C600 3x"},"classes":[]}],"_links":{"self":[{"href":"http:\/\/www.jojoenherbe.com\/index.php\/wp-json\/wp\/v2\/posts\/7252","targetHints":{"allow":["GET"]}}],"collection":[{"href":"http:\/\/www.jojoenherbe.com\/index.php\/wp-json\/wp\/v2\/posts"}],"about":[{"href":"http:\/\/www.jojoenherbe.com\/index.php\/wp-json\/wp\/v2\/types\/post"}],"author":[{"embeddable":true,"href":"http:\/\/www.jojoenherbe.com\/index.php\/wp-json\/wp\/v2\/users\/1"}],"replies":[{"embeddable":true,"href":"http:\/\/www.jojoenherbe.com\/index.php\/wp-json\/wp\/v2\/comments?post=7252"}],"version-history":[{"count":0,"href":"http:\/\/www.jojoenherbe.com\/index.php\/wp-json\/wp\/v2\/posts\/7252\/revisions"}],"wp:featuredmedia":[{"embeddable":true,"href":"http:\/\/www.jojoenherbe.com\/index.php\/wp-json\/wp\/v2\/media\/7267"}],"wp:attachment":[{"href":"http:\/\/www.jojoenherbe.com\/index.php\/wp-json\/wp\/v2\/media?parent=7252"}],"wp:term":[{"taxonomy":"category","embeddable":true,"href":"http:\/\/www.jojoenherbe.com\/index.php\/wp-json\/wp\/v2\/categories?post=7252"},{"taxonomy":"post_tag","embeddable":true,"href":"http:\/\/www.jojoenherbe.com\/index.php\/wp-json\/wp\/v2\/tags?post=7252"}],"curies":[{"name":"wp","href":"https:\/\/api.w.org\/{rel}","templated":true}]}}