{"id":7239,"date":"2019-08-26T23:06:37","date_gmt":"2019-08-26T21:06:37","guid":{"rendered":"http:\/\/www.jojoenherbe.com\/?p=7239"},"modified":"2026-04-20T18:05:14","modified_gmt":"2026-04-20T16:05:14","slug":"au-fil-des-pages-avec-dans-mon-petit-coeur","status":"publish","type":"post","link":"http:\/\/www.jojoenherbe.com\/index.php\/2019\/08\/26\/au-fil-des-pages-avec-dans-mon-petit-coeur\/","title":{"rendered":"Au fil des pages avec Dans mon petit c\u0153ur"},"content":{"rendered":"<p style=\"text-align: justify;\"><em><a href=\"https:\/\/i0.wp.com\/www.jojoenherbe.com\/wp-content\/uploads\/2019\/08\/Dans-mon-petit-coeur-2.jpg\"><img data-recalc-dims=\"1\" loading=\"lazy\" decoding=\"async\" data-attachment-id=\"7241\" data-permalink=\"http:\/\/www.jojoenherbe.com\/index.php\/2019\/08\/26\/au-fil-des-pages-avec-dans-mon-petit-coeur\/dans-mon-petit-coeur-2\/\" data-orig-file=\"https:\/\/i0.wp.com\/www.jojoenherbe.com\/wp-content\/uploads\/2019\/08\/Dans-mon-petit-coeur-2.jpg?fit=3264%2C2160\" data-orig-size=\"3264,2160\" data-comments-opened=\"1\" data-image-meta=\"{&quot;aperture&quot;:&quot;2.4&quot;,&quot;credit&quot;:&quot;&quot;,&quot;camera&quot;:&quot;iPhone 4S&quot;,&quot;caption&quot;:&quot;&quot;,&quot;created_timestamp&quot;:&quot;1566838473&quot;,&quot;copyright&quot;:&quot;&quot;,&quot;focal_length&quot;:&quot;4.28&quot;,&quot;iso&quot;:&quot;160&quot;,&quot;shutter_speed&quot;:&quot;0.05&quot;,&quot;title&quot;:&quot;&quot;,&quot;orientation&quot;:&quot;1&quot;}\" data-image-title=\"Dans mon petit coeur 2\" data-image-description=\"\" data-image-caption=\"\" data-large-file=\"https:\/\/i0.wp.com\/www.jojoenherbe.com\/wp-content\/uploads\/2019\/08\/Dans-mon-petit-coeur-2.jpg?fit=676%2C448\" class=\"alignleft size-thumbnail wp-image-7241\" src=\"https:\/\/i0.wp.com\/www.jojoenherbe.com\/wp-content\/uploads\/2019\/08\/Dans-mon-petit-coeur-2.jpg?resize=150%2C150\" alt=\"\" width=\"150\" height=\"150\" srcset=\"https:\/\/i0.wp.com\/www.jojoenherbe.com\/wp-content\/uploads\/2019\/08\/Dans-mon-petit-coeur-2.jpg?resize=150%2C150 150w, https:\/\/i0.wp.com\/www.jojoenherbe.com\/wp-content\/uploads\/2019\/08\/Dans-mon-petit-coeur-2.jpg?zoom=2&amp;resize=150%2C150 300w, https:\/\/i0.wp.com\/www.jojoenherbe.com\/wp-content\/uploads\/2019\/08\/Dans-mon-petit-coeur-2.jpg?zoom=3&amp;resize=150%2C150 450w\" sizes=\"auto, (max-width: 150px) 100vw, 150px\" \/><\/a> <a href=\"https:\/\/i0.wp.com\/www.jojoenherbe.com\/wp-content\/uploads\/2019\/08\/Dans-mon-petit-coeur-3.jpg\"><img data-recalc-dims=\"1\" loading=\"lazy\" decoding=\"async\" data-attachment-id=\"7242\" data-permalink=\"http:\/\/www.jojoenherbe.com\/index.php\/2019\/08\/26\/au-fil-des-pages-avec-dans-mon-petit-coeur\/dans-mon-petit-coeur-3\/\" data-orig-file=\"https:\/\/i0.wp.com\/www.jojoenherbe.com\/wp-content\/uploads\/2019\/08\/Dans-mon-petit-coeur-3.jpg?fit=3188%2C2314\" data-orig-size=\"3188,2314\" data-comments-opened=\"1\" data-image-meta=\"{&quot;aperture&quot;:&quot;2.4&quot;,&quot;credit&quot;:&quot;&quot;,&quot;camera&quot;:&quot;iPhone 4S&quot;,&quot;caption&quot;:&quot;&quot;,&quot;created_timestamp&quot;:&quot;1566838496&quot;,&quot;copyright&quot;:&quot;&quot;,&quot;focal_length&quot;:&quot;4.28&quot;,&quot;iso&quot;:&quot;200&quot;,&quot;shutter_speed&quot;:&quot;0.05&quot;,&quot;title&quot;:&quot;&quot;,&quot;orientation&quot;:&quot;1&quot;}\" data-image-title=\"Dans mon petit coeur 3\" data-image-description=\"\" data-image-caption=\"\" data-large-file=\"https:\/\/i0.wp.com\/www.jojoenherbe.com\/wp-content\/uploads\/2019\/08\/Dans-mon-petit-coeur-3.jpg?fit=676%2C490\" class=\"alignleft size-thumbnail wp-image-7242\" src=\"https:\/\/i0.wp.com\/www.jojoenherbe.com\/wp-content\/uploads\/2019\/08\/Dans-mon-petit-coeur-3.jpg?resize=150%2C150\" alt=\"\" width=\"150\" height=\"150\" srcset=\"https:\/\/i0.wp.com\/www.jojoenherbe.com\/wp-content\/uploads\/2019\/08\/Dans-mon-petit-coeur-3.jpg?resize=150%2C150 150w, https:\/\/i0.wp.com\/www.jojoenherbe.com\/wp-content\/uploads\/2019\/08\/Dans-mon-petit-coeur-3.jpg?zoom=2&amp;resize=150%2C150 300w, https:\/\/i0.wp.com\/www.jojoenherbe.com\/wp-content\/uploads\/2019\/08\/Dans-mon-petit-coeur-3.jpg?zoom=3&amp;resize=150%2C150 450w\" sizes=\"auto, (max-width: 150px) 100vw, 150px\" \/><\/a>Nous empruntons \u00e0 la biblioth\u00e8que <span style=\"text-decoration: underline;\">Dans mon petit c\u0153ur<\/span> de Jo Witek et Christine Roussey (\u00e9d. De la Martini\u00e8re jeunesse, 2013), un album jeunesse cartonn\u00e9 \u00e0 partir de 3 ans et dont les c\u0153urs en d\u00e9coupe de la couverture nous ont attir\u00e9s. De page en page, la petite fille de l&rsquo;histoire nous ouvre son c\u0153ur, passant d&rsquo;une \u00e9motion \u00e0 une autre. Joie, col\u00e8re ou peur s&rsquo;entrem\u00ealent, les c\u0153urs changeant de couleur et devenant de plus en plus petits. Quel floril\u00e8ge d&rsquo;\u00e9motions hautes en couleur! Les illustrations au graphisme \u00e9pur\u00e9 et tr\u00e8s color\u00e9es de l&rsquo;album renforcent la po\u00e9sie du texte. Encore un joli moment de lecture tout en tendresse et qui finit par plein de bisous et de c\u00e2lins!<br \/>\n<\/em><\/p>\n<p style=\"text-align: justify;\"><em><a href=\"https:\/\/i0.wp.com\/www.jojoenherbe.com\/wp-content\/uploads\/2019\/08\/Selection-Emotions-scaled.jpg\"><img data-recalc-dims=\"1\" loading=\"lazy\" decoding=\"async\" data-attachment-id=\"16073\" data-permalink=\"http:\/\/www.jojoenherbe.com\/index.php\/2019\/08\/26\/au-fil-des-pages-avec-dans-mon-petit-coeur\/selection-emotions\/\" data-orig-file=\"https:\/\/i0.wp.com\/www.jojoenherbe.com\/wp-content\/uploads\/2019\/08\/Selection-Emotions-scaled.jpg?fit=2560%2C1920\" data-orig-size=\"2560,1920\" data-comments-opened=\"1\" data-image-meta=\"{&quot;aperture&quot;:&quot;1.8&quot;,&quot;credit&quot;:&quot;&quot;,&quot;camera&quot;:&quot;iPhone 7&quot;,&quot;caption&quot;:&quot;&quot;,&quot;created_timestamp&quot;:&quot;1614256223&quot;,&quot;copyright&quot;:&quot;&quot;,&quot;focal_length&quot;:&quot;3.99&quot;,&quot;iso&quot;:&quot;50&quot;,&quot;shutter_speed&quot;:&quot;0.058823529411765&quot;,&quot;title&quot;:&quot;&quot;,&quot;orientation&quot;:&quot;1&quot;}\" data-image-title=\"S\u00e9lection Emotions\" data-image-description=\"\" data-image-caption=\"\" data-large-file=\"https:\/\/i0.wp.com\/www.jojoenherbe.com\/wp-content\/uploads\/2019\/08\/Selection-Emotions-scaled.jpg?fit=676%2C507\" class=\"size-thumbnail wp-image-16073 alignright\" src=\"https:\/\/i0.wp.com\/www.jojoenherbe.com\/wp-content\/uploads\/2019\/08\/Selection-Emotions-150x150.jpg?resize=150%2C150\" alt=\"\" width=\"150\" height=\"150\" srcset=\"https:\/\/i0.wp.com\/www.jojoenherbe.com\/wp-content\/uploads\/2019\/08\/Selection-Emotions-scaled.jpg?resize=150%2C150 150w, https:\/\/i0.wp.com\/www.jojoenherbe.com\/wp-content\/uploads\/2019\/08\/Selection-Emotions-scaled.jpg?zoom=2&amp;resize=150%2C150 300w, https:\/\/i0.wp.com\/www.jojoenherbe.com\/wp-content\/uploads\/2019\/08\/Selection-Emotions-scaled.jpg?zoom=3&amp;resize=150%2C150 450w\" sizes=\"auto, (max-width: 150px) 100vw, 150px\" \/><\/a>D&rsquo;ailleurs, ce nouvel album jeunesse nous permet de poursuivre l&rsquo;exploration des \u00e9motions, comme ce fut le cas \u00e0 la lecture d&rsquo;autres albums jeunesse sur ce th\u00e8me, comme <span style=\"text-decoration: underline;\"><a href=\"http:\/\/www.jojoenherbe.com\/index.php\/2019\/05\/11\/au-fil-des-pages-avec-le-loup-qui-apprivoisait-ses-emotions\/\">Le loup qui apprivoisait ses \u00e9motions<\/a><\/span> d\u2019Orianne Lallemand et \u00c9l\u00e9onore Thuillier (\u00e9d. Auzou, 2017), <span style=\"text-decoration: underline;\"><a href=\"http:\/\/www.jojoenherbe.com\/index.php\/2019\/06\/19\/au-fil-des-pages-avec-de-quelle-couleur-sont-les-bisous\/\">De quelle couleur sont les bisous?<\/a><\/span> de Rocio Bonilla (\u00e9d. P\u00e8re Fouettard, 2018), <span style=\"text-decoration: underline;\">Les \u00e9motions<\/span>, <a href=\"http:\/\/www.jojoenherbe.com\/index.php\/2019\/08\/29\/au-fil-des-pages-avec-le-monstre-des-couleurs\/\"><span style=\"text-decoration: underline;\">La couleur des \u00e9motions<\/span><\/a> d\u2019Anna Llenas (\u00e9d. Quatre Fleuves, 2017), etc. <\/em><em>Pour prolonger la lecture, nous faisons du coloriage en dessinant des c\u0153urs de toutes les couleurs comme ceux de l&rsquo;album.<br \/>\n<\/em><\/p>\n<div style=\"width: 109px\" class=\"wp-caption alignleft\"><img data-recalc-dims=\"1\" loading=\"lazy\" decoding=\"async\" class=\"\" src=\"https:\/\/i0.wp.com\/delivrer-des-livres.fr\/wp-content\/uploads\/2019\/05\/logoalbums2019.png?resize=99%2C99\" alt=\"\" width=\"99\" height=\"99\" \/><p class=\"wp-caption-text\">Participation #39 <a href=\"http:\/\/delivrer-des-livres.fr\/challenge-albums-2019\/\">Je lis aussi des albums<\/a><\/p><\/div>\n<div id=\"attachment_33643\" style=\"width: 105px\" class=\"wp-caption alignleft\"><img data-recalc-dims=\"1\" loading=\"lazy\" decoding=\"async\" aria-describedby=\"caption-attachment-33643\" class=\"wp-image-33643\" src=\"https:\/\/i0.wp.com\/delivrer-des-livres.fr\/wp-content\/uploads\/2019\/01\/petit-bac-2019.jpg?resize=95%2C72\" sizes=\"auto, (max-width: 200px) 100vw, 200px\" srcset=\"http:\/\/delivrer-des-livres.fr\/wp-content\/uploads\/2019\/01\/petit-bac-2019.jpg 285w, http:\/\/delivrer-des-livres.fr\/wp-content\/uploads\/2019\/01\/petit-bac-2019-150x114.jpg 150w\" alt=\"\" width=\"95\" height=\"72\" \/><p id=\"caption-attachment-33643\" class=\"wp-caption-text\"><a href=\"https:\/\/ennalit.wordpress.com\/2018\/12\/01\/challenge-petit-bac-2019-qui-veut-jouer\/\">Challenge Petit Bac d&rsquo;Enna<\/a> &#8211; #7 cat\u00e9gorie Partie du corps: \u00ab\u00a0C\u0153ur\u00a0\u00bb<\/p><\/div>\n","protected":false},"excerpt":{"rendered":"<p>Nous empruntons \u00e0 la biblioth\u00e8que Dans mon petit c\u0153ur de Jo Witek et Christine Roussey (\u00e9d. De la Martini\u00e8re jeunesse, 2013), un album jeunesse cartonn\u00e9 \u00e0 partir de 3 ans et dont les c\u0153urs en d\u00e9coupe de la couverture nous ont attir\u00e9s. De page en page, la petite fille de l&rsquo;histoire nous ouvre son c\u0153ur, [&hellip;]<\/p>\n","protected":false},"author":1,"featured_media":7243,"comment_status":"open","ping_status":"open","sticky":false,"template":"","format":"standard","meta":{"jetpack_post_was_ever_published":false,"_jetpack_newsletter_access":"","_jetpack_dont_email_post_to_subs":false,"_jetpack_newsletter_tier_id":0,"_jetpack_memberships_contains_paywalled_content":false,"_jetpack_memberships_contains_paid_content":false,"footnotes":""},"categories":[363],"tags":[785,409,1349,2176,778,239,576,620,453,1350,2175,367,780],"class_list":["post-7239","post","type-post","status-publish","format-standard","has-post-thumbnail","hentry","category-mini-lecteur","tag-3-6-ans","tag-albums-jeunesse","tag-challenge-petit-bac-2019","tag-christine-roussey","tag-coeur","tag-couleurs","tag-emotions","tag-fille","tag-imagination","tag-je-lis-aussi-des-albums-2019","tag-jo-witek","tag-lecture-jeunesse","tag-sentiments","post-preview"],"jetpack_featured_media_url":"https:\/\/i0.wp.com\/www.jojoenherbe.com\/wp-content\/uploads\/2019\/08\/Dans-mon-petit-coeur.jpg?fit=3264%2C2448","jetpack_sharing_enabled":true,"jetpack_shortlink":"https:\/\/wp.me\/p9zhGx-1SL","jetpack_likes_enabled":true,"jetpack-related-posts":[{"id":7447,"url":"http:\/\/www.jojoenherbe.com\/index.php\/2019\/09\/11\/au-fil-des-pages-avec-les-bras-de-papa-rien-que-pour-moi\/","url_meta":{"origin":7239,"position":0},"title":"Au fil des pages avec Les bras de papa rien que pour moi","author":"Jojo","date":"11 septembre 2019","format":false,"excerpt":"Apr\u00e8s avoir lu Dans mon petit c\u0153ur, nous empruntons \u00e0 la biblioth\u00e8que Les bras de papa rien que pour moi de Jo Witek et Christine Roussey (\u00e9d. De la Martini\u00e8re Jeunesse, 2012), un album jeunesse cartonn\u00e9 \u00e0 partir de 3 ans. Nous retrouvons la m\u00eame petite fille qui nous d\u00e9voile,\u2026","rel":"","context":"Dans &quot;Mini lecteur&quot;","block_context":{"text":"Mini lecteur","link":"http:\/\/www.jojoenherbe.com\/index.php\/category\/mini-lecteur\/"},"img":{"alt_text":"","src":"https:\/\/i0.wp.com\/www.jojoenherbe.com\/wp-content\/uploads\/2019\/09\/Dans-les-bras-de-papa.jpg?fit=1200%2C928&resize=350%2C200","width":350,"height":200,"srcset":"https:\/\/i0.wp.com\/www.jojoenherbe.com\/wp-content\/uploads\/2019\/09\/Dans-les-bras-de-papa.jpg?fit=1200%2C928&resize=350%2C200 1x, https:\/\/i0.wp.com\/www.jojoenherbe.com\/wp-content\/uploads\/2019\/09\/Dans-les-bras-de-papa.jpg?fit=1200%2C928&resize=525%2C300 1.5x, https:\/\/i0.wp.com\/www.jojoenherbe.com\/wp-content\/uploads\/2019\/09\/Dans-les-bras-de-papa.jpg?fit=1200%2C928&resize=700%2C400 2x, https:\/\/i0.wp.com\/www.jojoenherbe.com\/wp-content\/uploads\/2019\/09\/Dans-les-bras-de-papa.jpg?fit=1200%2C928&resize=1050%2C600 3x"},"classes":[]},{"id":42761,"url":"http:\/\/www.jojoenherbe.com\/index.php\/2026\/02\/12\/throwback-thursday-livresque-des-coeurs-sur-la-couverture\/","url_meta":{"origin":7239,"position":1},"title":"Throwback Thursday Livresque: Des c\u0153urs sur la couverture","author":"Jojo","date":"12 f\u00e9vrier 2026","format":false,"excerpt":"Ce jeudi 12 f\u00e9vrier 2026, je participe au Throwback Thursday Livresque, un rendez-vous livresque initialement chez Bettie Rose Books et repris depuis par Carole, les liens \u00e9tant \u00e0 d\u00e9poser chez My-Bo0ks. Le principe est de partager chaque jeudi un livre \"ancien\" de notre biblioth\u00e8que en fonction d\u2019un th\u00e8me donn\u00e9. Cette\u2026","rel":"","context":"Dans &quot;Mini blogueur&quot;","block_context":{"text":"Mini blogueur","link":"http:\/\/www.jojoenherbe.com\/index.php\/category\/mini-blogueur\/"},"img":{"alt_text":"","src":"https:\/\/i0.wp.com\/www.jojoenherbe.com\/wp-content\/uploads\/2023\/10\/TTL-logo.jpg?resize=350%2C200","width":350,"height":200},"classes":[]},{"id":6470,"url":"http:\/\/www.jojoenherbe.com\/index.php\/2019\/06\/19\/au-fil-des-pages-avec-de-quelle-couleur-sont-les-bisous\/","url_meta":{"origin":7239,"position":2},"title":"Au fil des pages avec De quelle couleur sont les bisous?","author":"Jojo","date":"19 juin 2019","format":false,"excerpt":"Apr\u00e8s la F\u00eate des m\u00e8res et la F\u00eate des p\u00e8res, nous lisons avec grand plaisir De quelle couleur sont les bisous? de Rocio Bonilla (\u00e9d. P\u00e8re Fouettard, 2018). Nous adorons la frimousse de cette petite fille, Monica surnomm\u00e9e Minimoni, aussi brune qu'Ana Ana est blonde. Lorsqu'elle veut peindre des bisous,\u2026","rel":"","context":"Dans &quot;Mini lecteur&quot;","block_context":{"text":"Mini lecteur","link":"http:\/\/www.jojoenherbe.com\/index.php\/category\/mini-lecteur\/"},"img":{"alt_text":"","src":"https:\/\/i0.wp.com\/www.jojoenherbe.com\/wp-content\/uploads\/2019\/06\/de-quelle-couleur-sont-les-bisous.jpg?fit=1200%2C900&resize=350%2C200","width":350,"height":200,"srcset":"https:\/\/i0.wp.com\/www.jojoenherbe.com\/wp-content\/uploads\/2019\/06\/de-quelle-couleur-sont-les-bisous.jpg?fit=1200%2C900&resize=350%2C200 1x, https:\/\/i0.wp.com\/www.jojoenherbe.com\/wp-content\/uploads\/2019\/06\/de-quelle-couleur-sont-les-bisous.jpg?fit=1200%2C900&resize=525%2C300 1.5x, https:\/\/i0.wp.com\/www.jojoenherbe.com\/wp-content\/uploads\/2019\/06\/de-quelle-couleur-sont-les-bisous.jpg?fit=1200%2C900&resize=700%2C400 2x, https:\/\/i0.wp.com\/www.jojoenherbe.com\/wp-content\/uploads\/2019\/06\/de-quelle-couleur-sont-les-bisous.jpg?fit=1200%2C900&resize=1050%2C600 3x"},"classes":[]},{"id":14709,"url":"http:\/\/www.jojoenherbe.com\/index.php\/2021\/01\/02\/un-second-rat-post-noel-2020\/","url_meta":{"origin":7239,"position":3},"title":"Un second RAT post-No\u00ebl 2020","author":"Jojo","date":"2 janvier 2021","format":false,"excerpt":"Pour ce premier week-end de l'ann\u00e9e 2021, Chicky Poo et Samarian nous propose de cl\u00f4turer leur challenge Il \u00e9tait 8 fois No\u00ebl par un RAT post-No\u00ebl 2020. Dans notre PAL de ce week-end, nous avons encore quelques lectures de No\u00ebl, des relectures sur le th\u00e8me de la galette des rois\u2026","rel":"","context":"Dans &quot;Mini challenger&quot;","block_context":{"text":"Mini challenger","link":"http:\/\/www.jojoenherbe.com\/index.php\/category\/mini-challenger\/"},"img":{"alt_text":"","src":"https:\/\/i0.wp.com\/www.jojoenherbe.com\/wp-content\/uploads\/2021\/01\/PAL-2e-RAT-de-Noel-et-de-lhiver-scaled.jpg?fit=1200%2C851&resize=350%2C200","width":350,"height":200,"srcset":"https:\/\/i0.wp.com\/www.jojoenherbe.com\/wp-content\/uploads\/2021\/01\/PAL-2e-RAT-de-Noel-et-de-lhiver-scaled.jpg?fit=1200%2C851&resize=350%2C200 1x, https:\/\/i0.wp.com\/www.jojoenherbe.com\/wp-content\/uploads\/2021\/01\/PAL-2e-RAT-de-Noel-et-de-lhiver-scaled.jpg?fit=1200%2C851&resize=525%2C300 1.5x, https:\/\/i0.wp.com\/www.jojoenherbe.com\/wp-content\/uploads\/2021\/01\/PAL-2e-RAT-de-Noel-et-de-lhiver-scaled.jpg?fit=1200%2C851&resize=700%2C400 2x, https:\/\/i0.wp.com\/www.jojoenherbe.com\/wp-content\/uploads\/2021\/01\/PAL-2e-RAT-de-Noel-et-de-lhiver-scaled.jpg?fit=1200%2C851&resize=1050%2C600 3x"},"classes":[]},{"id":7162,"url":"http:\/\/www.jojoenherbe.com\/index.php\/2019\/09\/20\/au-fil-des-pages-sur-le-theme-de-lecole\/","url_meta":{"origin":7239,"position":4},"title":"Au fil des pages sur le th\u00e8me de l&rsquo;\u00e9cole","author":"Jojo","date":"20 septembre 2019","format":false,"excerpt":"Ce mois-ci, le th\u00e8me du rendez-vous \"Et dans leur biblioth\u00e8que il y a...\" est l'\u00e9cole. Cela est de circonstance, la rentr\u00e9e scolaire venant d'avoir lieu. Tout l'\u00e9t\u00e9, nous avons lu plusieurs albums jeunesse pour pr\u00e9parer la rentr\u00e9e scolaire en maternelle. Nous en avons emprunt\u00e9 \u00e0 la biblioth\u00e8que, comme Un ours\u2026","rel":"","context":"Dans &quot;Mini lecteur&quot;","block_context":{"text":"Mini lecteur","link":"http:\/\/www.jojoenherbe.com\/index.php\/category\/mini-lecteur\/"},"img":{"alt_text":"","src":"https:\/\/i0.wp.com\/www.jojoenherbe.com\/wp-content\/uploads\/2019\/08\/Albums-jeunesse-%C3%A9cole.jpg?fit=1200%2C1032&resize=350%2C200","width":350,"height":200,"srcset":"https:\/\/i0.wp.com\/www.jojoenherbe.com\/wp-content\/uploads\/2019\/08\/Albums-jeunesse-%C3%A9cole.jpg?fit=1200%2C1032&resize=350%2C200 1x, https:\/\/i0.wp.com\/www.jojoenherbe.com\/wp-content\/uploads\/2019\/08\/Albums-jeunesse-%C3%A9cole.jpg?fit=1200%2C1032&resize=525%2C300 1.5x, https:\/\/i0.wp.com\/www.jojoenherbe.com\/wp-content\/uploads\/2019\/08\/Albums-jeunesse-%C3%A9cole.jpg?fit=1200%2C1032&resize=700%2C400 2x, https:\/\/i0.wp.com\/www.jojoenherbe.com\/wp-content\/uploads\/2019\/08\/Albums-jeunesse-%C3%A9cole.jpg?fit=1200%2C1032&resize=1050%2C600 3x"},"classes":[]},{"id":9721,"url":"http:\/\/www.jojoenherbe.com\/index.php\/2020\/01\/23\/au-fil-des-pages-avec-la-colere-de-banshee\/","url_meta":{"origin":7239,"position":5},"title":"Au fil des pages avec La col\u00e8re de Banshee","author":"Jojo","date":"23 janvier 2020","format":false,"excerpt":"Nous empruntons \u00e0 la biblioth\u00e8que La col\u00e8re de Banshee de Jean-Fran\u00e7ois Chabas et David Sala (\u00e9d. Casterman, 2010), un album jeunesse \u00e0 partir de 5 ans. J'ai \u00e9t\u00e9 imm\u00e9diatement attir\u00e9e par la beaut\u00e9 de l'illustration de couverture avec cette petite fille \u00e0 la robe dor\u00e9e tenant dans les mains sa\u2026","rel":"","context":"Dans &quot;Mini lecteur&quot;","block_context":{"text":"Mini lecteur","link":"http:\/\/www.jojoenherbe.com\/index.php\/category\/mini-lecteur\/"},"img":{"alt_text":"","src":"https:\/\/i0.wp.com\/www.jojoenherbe.com\/wp-content\/uploads\/2020\/01\/La-col%C3%A8re-de-Banshee-scaled.jpg?fit=1200%2C982&resize=350%2C200","width":350,"height":200,"srcset":"https:\/\/i0.wp.com\/www.jojoenherbe.com\/wp-content\/uploads\/2020\/01\/La-col%C3%A8re-de-Banshee-scaled.jpg?fit=1200%2C982&resize=350%2C200 1x, https:\/\/i0.wp.com\/www.jojoenherbe.com\/wp-content\/uploads\/2020\/01\/La-col%C3%A8re-de-Banshee-scaled.jpg?fit=1200%2C982&resize=525%2C300 1.5x, https:\/\/i0.wp.com\/www.jojoenherbe.com\/wp-content\/uploads\/2020\/01\/La-col%C3%A8re-de-Banshee-scaled.jpg?fit=1200%2C982&resize=700%2C400 2x, https:\/\/i0.wp.com\/www.jojoenherbe.com\/wp-content\/uploads\/2020\/01\/La-col%C3%A8re-de-Banshee-scaled.jpg?fit=1200%2C982&resize=1050%2C600 3x"},"classes":[]}],"_links":{"self":[{"href":"http:\/\/www.jojoenherbe.com\/index.php\/wp-json\/wp\/v2\/posts\/7239","targetHints":{"allow":["GET"]}}],"collection":[{"href":"http:\/\/www.jojoenherbe.com\/index.php\/wp-json\/wp\/v2\/posts"}],"about":[{"href":"http:\/\/www.jojoenherbe.com\/index.php\/wp-json\/wp\/v2\/types\/post"}],"author":[{"embeddable":true,"href":"http:\/\/www.jojoenherbe.com\/index.php\/wp-json\/wp\/v2\/users\/1"}],"replies":[{"embeddable":true,"href":"http:\/\/www.jojoenherbe.com\/index.php\/wp-json\/wp\/v2\/comments?post=7239"}],"version-history":[{"count":1,"href":"http:\/\/www.jojoenherbe.com\/index.php\/wp-json\/wp\/v2\/posts\/7239\/revisions"}],"predecessor-version":[{"id":43843,"href":"http:\/\/www.jojoenherbe.com\/index.php\/wp-json\/wp\/v2\/posts\/7239\/revisions\/43843"}],"wp:featuredmedia":[{"embeddable":true,"href":"http:\/\/www.jojoenherbe.com\/index.php\/wp-json\/wp\/v2\/media\/7243"}],"wp:attachment":[{"href":"http:\/\/www.jojoenherbe.com\/index.php\/wp-json\/wp\/v2\/media?parent=7239"}],"wp:term":[{"taxonomy":"category","embeddable":true,"href":"http:\/\/www.jojoenherbe.com\/index.php\/wp-json\/wp\/v2\/categories?post=7239"},{"taxonomy":"post_tag","embeddable":true,"href":"http:\/\/www.jojoenherbe.com\/index.php\/wp-json\/wp\/v2\/tags?post=7239"}],"curies":[{"name":"wp","href":"https:\/\/api.w.org\/{rel}","templated":true}]}}