{"id":7162,"date":"2019-09-20T08:45:19","date_gmt":"2019-09-20T06:45:19","guid":{"rendered":"http:\/\/www.jojoenherbe.com\/?p=7162"},"modified":"2022-07-15T11:10:14","modified_gmt":"2022-07-15T09:10:14","slug":"au-fil-des-pages-sur-le-theme-de-lecole","status":"publish","type":"post","link":"http:\/\/www.jojoenherbe.com\/index.php\/2019\/09\/20\/au-fil-des-pages-sur-le-theme-de-lecole\/","title":{"rendered":"Au fil des pages sur le th\u00e8me de l&rsquo;\u00e9cole"},"content":{"rendered":"<p style=\"text-align: justify;\"><em>Ce mois-ci, le th\u00e8me du rendez-vous \u00ab\u00a0Et dans leur biblioth\u00e8que il y a&#8230;\u00a0\u00bb est l&rsquo;\u00e9cole. Cela est de circonstance, la rentr\u00e9e scolaire venant d&rsquo;avoir lieu.<\/em><em> Tout l&rsquo;\u00e9t\u00e9, nous avons lu plusieurs albums jeunesse pour pr\u00e9parer la rentr\u00e9e scolaire en maternelle. Nous en avons emprunt\u00e9 \u00e0 la biblioth\u00e8que, comme <a href=\"http:\/\/www.jojoenherbe.com\/index.php\/2019\/07\/30\/au-fil-des-pages-avec-lecole\/\"><span style=\"text-decoration: underline;\">Un ours \u00e0 l&rsquo;\u00e9cole<\/span>, <span style=\"text-decoration: underline;\">Mon premier jour d&rsquo;\u00e9cole<\/span><\/a> et <a href=\"http:\/\/www.jojoenherbe.com\/index.php\/2019\/08\/14\/au-fil-des-pages-avec-tortue-pingouin\/\"><span style=\"text-decoration: underline;\">Tortue Pingouin<\/span><\/a>. Voici les n\u00f4tres, sans ordre de pr\u00e9f\u00e9rence et la plupart \u00e0 partir de 2\/3 ans.<\/em><\/p>\n<ul>\n<li><em><strong><span style=\"text-decoration: underline;\">Petit Lapin Blanc \u00e0 la maternelle<\/span><\/strong> de Marie-France Floury et Fabienne Boisnard<\/em><\/li>\n<\/ul>\n<p style=\"text-align: justify;\"><em><a href=\"https:\/\/i0.wp.com\/www.jojoenherbe.com\/wp-content\/uploads\/2019\/08\/Petit-Lapin-Blanc-%C3%A0-la-maternelle.jpg\"><img data-recalc-dims=\"1\" loading=\"lazy\" decoding=\"async\" data-attachment-id=\"7164\" data-permalink=\"http:\/\/www.jojoenherbe.com\/index.php\/2019\/09\/20\/au-fil-des-pages-sur-le-theme-de-lecole\/petit-lapin-blanc-a-la-maternelle-3\/\" data-orig-file=\"https:\/\/i0.wp.com\/www.jojoenherbe.com\/wp-content\/uploads\/2019\/08\/Petit-Lapin-Blanc-%C3%A0-la-maternelle.jpg?fit=3264%2C2448\" data-orig-size=\"3264,2448\" data-comments-opened=\"1\" data-image-meta=\"{&quot;aperture&quot;:&quot;2.4&quot;,&quot;credit&quot;:&quot;&quot;,&quot;camera&quot;:&quot;iPhone 4S&quot;,&quot;caption&quot;:&quot;&quot;,&quot;created_timestamp&quot;:&quot;1566399068&quot;,&quot;copyright&quot;:&quot;&quot;,&quot;focal_length&quot;:&quot;4.28&quot;,&quot;iso&quot;:&quot;250&quot;,&quot;shutter_speed&quot;:&quot;0.05&quot;,&quot;title&quot;:&quot;&quot;,&quot;orientation&quot;:&quot;1&quot;}\" data-image-title=\"Petit Lapin Blanc \u00e0 la maternelle\" data-image-description=\"\" data-image-caption=\"\" data-large-file=\"https:\/\/i0.wp.com\/www.jojoenherbe.com\/wp-content\/uploads\/2019\/08\/Petit-Lapin-Blanc-%C3%A0-la-maternelle.jpg?fit=676%2C507\" class=\"alignleft size-thumbnail wp-image-7164\" src=\"https:\/\/i0.wp.com\/www.jojoenherbe.com\/wp-content\/uploads\/2019\/08\/Petit-Lapin-Blanc-%C3%A0-la-maternelle.jpg?resize=150%2C150\" alt=\"\" width=\"150\" height=\"150\" srcset=\"https:\/\/i0.wp.com\/www.jojoenherbe.com\/wp-content\/uploads\/2019\/08\/Petit-Lapin-Blanc-%C3%A0-la-maternelle.jpg?resize=150%2C150 150w, https:\/\/i0.wp.com\/www.jojoenherbe.com\/wp-content\/uploads\/2019\/08\/Petit-Lapin-Blanc-%C3%A0-la-maternelle.jpg?zoom=2&amp;resize=150%2C150 300w, https:\/\/i0.wp.com\/www.jojoenherbe.com\/wp-content\/uploads\/2019\/08\/Petit-Lapin-Blanc-%C3%A0-la-maternelle.jpg?zoom=3&amp;resize=150%2C150 450w\" sizes=\"auto, (max-width: 150px) 100vw, 150px\" \/><\/a> <a href=\"https:\/\/i0.wp.com\/www.jojoenherbe.com\/wp-content\/uploads\/2019\/08\/Petit-Lapin-Blanc-%C3%A0-la-maternelle-2.jpg\"><img data-recalc-dims=\"1\" loading=\"lazy\" decoding=\"async\" data-attachment-id=\"7163\" data-permalink=\"http:\/\/www.jojoenherbe.com\/index.php\/2019\/09\/20\/au-fil-des-pages-sur-le-theme-de-lecole\/petit-lapin-blanc-a-la-maternelle-2-2\/\" data-orig-file=\"https:\/\/i0.wp.com\/www.jojoenherbe.com\/wp-content\/uploads\/2019\/08\/Petit-Lapin-Blanc-%C3%A0-la-maternelle-2.jpg?fit=3264%2C2448\" data-orig-size=\"3264,2448\" data-comments-opened=\"1\" data-image-meta=\"{&quot;aperture&quot;:&quot;2.4&quot;,&quot;credit&quot;:&quot;&quot;,&quot;camera&quot;:&quot;iPhone 4S&quot;,&quot;caption&quot;:&quot;&quot;,&quot;created_timestamp&quot;:&quot;1566399153&quot;,&quot;copyright&quot;:&quot;&quot;,&quot;focal_length&quot;:&quot;4.28&quot;,&quot;iso&quot;:&quot;160&quot;,&quot;shutter_speed&quot;:&quot;0.05&quot;,&quot;title&quot;:&quot;&quot;,&quot;orientation&quot;:&quot;1&quot;}\" data-image-title=\"Petit Lapin Blanc \u00e0 la maternelle 2\" data-image-description=\"\" data-image-caption=\"\" data-large-file=\"https:\/\/i0.wp.com\/www.jojoenherbe.com\/wp-content\/uploads\/2019\/08\/Petit-Lapin-Blanc-%C3%A0-la-maternelle-2.jpg?fit=676%2C507\" class=\"alignleft size-thumbnail wp-image-7163\" src=\"https:\/\/i0.wp.com\/www.jojoenherbe.com\/wp-content\/uploads\/2019\/08\/Petit-Lapin-Blanc-%C3%A0-la-maternelle-2.jpg?resize=150%2C150\" alt=\"\" width=\"150\" height=\"150\" srcset=\"https:\/\/i0.wp.com\/www.jojoenherbe.com\/wp-content\/uploads\/2019\/08\/Petit-Lapin-Blanc-%C3%A0-la-maternelle-2.jpg?resize=150%2C150 150w, https:\/\/i0.wp.com\/www.jojoenherbe.com\/wp-content\/uploads\/2019\/08\/Petit-Lapin-Blanc-%C3%A0-la-maternelle-2.jpg?zoom=2&amp;resize=150%2C150 300w, https:\/\/i0.wp.com\/www.jojoenherbe.com\/wp-content\/uploads\/2019\/08\/Petit-Lapin-Blanc-%C3%A0-la-maternelle-2.jpg?zoom=3&amp;resize=150%2C150 450w\" sizes=\"auto, (max-width: 150px) 100vw, 150px\" \/><\/a>Nous lisons <span style=\"text-decoration: underline;\">Petit Lapin Blanc \u00e0 la maternelle<\/span> de Marie-France Floury et Fabienne Boisnard (\u00e9d. Gautier-Laugereau, 2011), album jeunesse que nous avions d\u00e9nich\u00e9 dans un range ta chambre. Dans cette histoire, Petit Lapin Blanc d\u00e9couvre le d\u00e9roulement d&rsquo;une journ\u00e9e type \u00e0 l&rsquo;\u00e9cole maternelle. Cela permet aux tout-petits de se pr\u00e9parer \u00e0 leur premier jour d&rsquo;\u00e9cole, m\u00eame si chaque professeur des \u00e9coles a ses propres rituels pour sa classe. Nous avions d&rsquo;ailleurs d\u00e9j\u00e0 fait des activit\u00e9s autour de cet album jeunesse en jouant et chantant la <a href=\"http:\/\/www.jojoenherbe.com\/index.php\/2019\/05\/23\/du-collage-avec-la-comptine-petit-escargot\/\">comptine \u00ab\u00a0Petit escargot\u00a0\u00bb<\/a>.<br \/>\n<\/em><\/p>\n<ul>\n<li><em><strong><span style=\"text-decoration: underline;\">T&rsquo;choupi fait la sieste<\/span><\/strong> de Thierry Courtin<\/em><\/li>\n<\/ul>\n<p style=\"text-align: justify;\"><em><a href=\"https:\/\/i0.wp.com\/www.jojoenherbe.com\/wp-content\/uploads\/2019\/08\/Tchoupi-fait-la-sieste-2.jpg\"><img data-recalc-dims=\"1\" loading=\"lazy\" decoding=\"async\" data-attachment-id=\"7165\" data-permalink=\"http:\/\/www.jojoenherbe.com\/index.php\/2019\/09\/20\/au-fil-des-pages-sur-le-theme-de-lecole\/tchoupi-fait-la-sieste-2\/\" data-orig-file=\"https:\/\/i0.wp.com\/www.jojoenherbe.com\/wp-content\/uploads\/2019\/08\/Tchoupi-fait-la-sieste-2.jpg?fit=3264%2C2064\" data-orig-size=\"3264,2064\" data-comments-opened=\"1\" data-image-meta=\"{&quot;aperture&quot;:&quot;2.4&quot;,&quot;credit&quot;:&quot;&quot;,&quot;camera&quot;:&quot;iPhone 4S&quot;,&quot;caption&quot;:&quot;&quot;,&quot;created_timestamp&quot;:&quot;1566399206&quot;,&quot;copyright&quot;:&quot;&quot;,&quot;focal_length&quot;:&quot;4.28&quot;,&quot;iso&quot;:&quot;160&quot;,&quot;shutter_speed&quot;:&quot;0.05&quot;,&quot;title&quot;:&quot;&quot;,&quot;orientation&quot;:&quot;1&quot;}\" data-image-title=\"T&amp;rsquo;choupi fait la sieste 2\" data-image-description=\"\" data-image-caption=\"\" data-large-file=\"https:\/\/i0.wp.com\/www.jojoenherbe.com\/wp-content\/uploads\/2019\/08\/Tchoupi-fait-la-sieste-2.jpg?fit=676%2C428\" class=\"size-thumbnail wp-image-7165 alignright\" src=\"https:\/\/i0.wp.com\/www.jojoenherbe.com\/wp-content\/uploads\/2019\/08\/Tchoupi-fait-la-sieste-2.jpg?resize=150%2C150\" alt=\"\" width=\"150\" height=\"150\" srcset=\"https:\/\/i0.wp.com\/www.jojoenherbe.com\/wp-content\/uploads\/2019\/08\/Tchoupi-fait-la-sieste-2.jpg?resize=150%2C150 150w, https:\/\/i0.wp.com\/www.jojoenherbe.com\/wp-content\/uploads\/2019\/08\/Tchoupi-fait-la-sieste-2.jpg?zoom=2&amp;resize=150%2C150 300w, https:\/\/i0.wp.com\/www.jojoenherbe.com\/wp-content\/uploads\/2019\/08\/Tchoupi-fait-la-sieste-2.jpg?zoom=3&amp;resize=150%2C150 450w\" sizes=\"auto, (max-width: 150px) 100vw, 150px\" \/><\/a> <a href=\"https:\/\/i0.wp.com\/www.jojoenherbe.com\/wp-content\/uploads\/2019\/08\/Tchoupi-fait-la-sieste.jpg\"><img data-recalc-dims=\"1\" loading=\"lazy\" decoding=\"async\" data-attachment-id=\"7166\" data-permalink=\"http:\/\/www.jojoenherbe.com\/index.php\/2019\/09\/20\/au-fil-des-pages-sur-le-theme-de-lecole\/tchoupi-fait-la-sieste\/\" data-orig-file=\"https:\/\/i0.wp.com\/www.jojoenherbe.com\/wp-content\/uploads\/2019\/08\/Tchoupi-fait-la-sieste.jpg?fit=2568%2C2147\" data-orig-size=\"2568,2147\" data-comments-opened=\"1\" data-image-meta=\"{&quot;aperture&quot;:&quot;2.4&quot;,&quot;credit&quot;:&quot;&quot;,&quot;camera&quot;:&quot;iPhone 4S&quot;,&quot;caption&quot;:&quot;&quot;,&quot;created_timestamp&quot;:&quot;1566399173&quot;,&quot;copyright&quot;:&quot;&quot;,&quot;focal_length&quot;:&quot;4.28&quot;,&quot;iso&quot;:&quot;250&quot;,&quot;shutter_speed&quot;:&quot;0.05&quot;,&quot;title&quot;:&quot;&quot;,&quot;orientation&quot;:&quot;1&quot;}\" data-image-title=\"T&amp;rsquo;choupi fait la sieste\" data-image-description=\"\" data-image-caption=\"\" data-large-file=\"https:\/\/i0.wp.com\/www.jojoenherbe.com\/wp-content\/uploads\/2019\/08\/Tchoupi-fait-la-sieste.jpg?fit=676%2C565\" class=\"size-thumbnail wp-image-7166 alignright\" src=\"https:\/\/i0.wp.com\/www.jojoenherbe.com\/wp-content\/uploads\/2019\/08\/Tchoupi-fait-la-sieste.jpg?resize=150%2C150\" alt=\"\" width=\"150\" height=\"150\" srcset=\"https:\/\/i0.wp.com\/www.jojoenherbe.com\/wp-content\/uploads\/2019\/08\/Tchoupi-fait-la-sieste.jpg?resize=150%2C150 150w, https:\/\/i0.wp.com\/www.jojoenherbe.com\/wp-content\/uploads\/2019\/08\/Tchoupi-fait-la-sieste.jpg?zoom=2&amp;resize=150%2C150 300w, https:\/\/i0.wp.com\/www.jojoenherbe.com\/wp-content\/uploads\/2019\/08\/Tchoupi-fait-la-sieste.jpg?zoom=3&amp;resize=150%2C150 450w\" sizes=\"auto, (max-width: 150px) 100vw, 150px\" \/><\/a>Nous lisons \u00e9galement <span style=\"text-decoration: underline;\">T&rsquo;choupi fait la sieste<\/span> de Thierry Courtin (\u00e9d. Nathan, 2004). Nous suivons T&rsquo;choupi au moment de la sieste \u00e0 l&rsquo;\u00e9cole. Comme certain tout-petit, il lui est bien difficile d&rsquo;arriver \u00e0 s&rsquo;endormir. Cet album jeunesse permet de poser ou reposer, si besoin \u00e9tait, l&rsquo;importance de la sieste et les rituels qui l&rsquo;accompagne tant \u00e0 la maison qu&rsquo;\u00e0 l&rsquo;\u00e9cole, m\u00eame si les r\u00e8gles peuvent ne pas \u00eatre les m\u00eames.<br \/>\n<\/em><\/p>\n<ul>\n<li><em><strong><span style=\"text-decoration: underline;\">Gloups<\/span><\/strong> de Christine Naumann-Villemin et Marianne Barcilon<\/em><\/li>\n<\/ul>\n<p style=\"text-align: justify;\"><em><a href=\"https:\/\/i0.wp.com\/www.jojoenherbe.com\/wp-content\/uploads\/2019\/08\/Gloups-2.jpg\"><img data-recalc-dims=\"1\" loading=\"lazy\" decoding=\"async\" data-attachment-id=\"7167\" data-permalink=\"http:\/\/www.jojoenherbe.com\/index.php\/2019\/09\/20\/au-fil-des-pages-sur-le-theme-de-lecole\/gloups-2\/\" data-orig-file=\"https:\/\/i0.wp.com\/www.jojoenherbe.com\/wp-content\/uploads\/2019\/08\/Gloups-2.jpg?fit=3261%2C2090\" data-orig-size=\"3261,2090\" data-comments-opened=\"1\" data-image-meta=\"{&quot;aperture&quot;:&quot;2.4&quot;,&quot;credit&quot;:&quot;&quot;,&quot;camera&quot;:&quot;iPhone 4S&quot;,&quot;caption&quot;:&quot;&quot;,&quot;created_timestamp&quot;:&quot;1566399300&quot;,&quot;copyright&quot;:&quot;&quot;,&quot;focal_length&quot;:&quot;4.28&quot;,&quot;iso&quot;:&quot;200&quot;,&quot;shutter_speed&quot;:&quot;0.05&quot;,&quot;title&quot;:&quot;&quot;,&quot;orientation&quot;:&quot;1&quot;}\" data-image-title=\"Gloups 2\" data-image-description=\"\" data-image-caption=\"\" data-large-file=\"https:\/\/i0.wp.com\/www.jojoenherbe.com\/wp-content\/uploads\/2019\/08\/Gloups-2.jpg?fit=676%2C433\" class=\"alignleft size-thumbnail wp-image-7167\" src=\"https:\/\/i0.wp.com\/www.jojoenherbe.com\/wp-content\/uploads\/2019\/08\/Gloups-2.jpg?resize=150%2C150\" alt=\"\" width=\"150\" height=\"150\" srcset=\"https:\/\/i0.wp.com\/www.jojoenherbe.com\/wp-content\/uploads\/2019\/08\/Gloups-2.jpg?resize=150%2C150 150w, https:\/\/i0.wp.com\/www.jojoenherbe.com\/wp-content\/uploads\/2019\/08\/Gloups-2.jpg?zoom=2&amp;resize=150%2C150 300w, https:\/\/i0.wp.com\/www.jojoenherbe.com\/wp-content\/uploads\/2019\/08\/Gloups-2.jpg?zoom=3&amp;resize=150%2C150 450w\" sizes=\"auto, (max-width: 150px) 100vw, 150px\" \/><\/a> <a href=\"https:\/\/i0.wp.com\/www.jojoenherbe.com\/wp-content\/uploads\/2019\/08\/Gloups.jpg\"><img data-recalc-dims=\"1\" loading=\"lazy\" decoding=\"async\" data-attachment-id=\"7168\" data-permalink=\"http:\/\/www.jojoenherbe.com\/index.php\/2019\/09\/20\/au-fil-des-pages-sur-le-theme-de-lecole\/gloups\/\" data-orig-file=\"https:\/\/i0.wp.com\/www.jojoenherbe.com\/wp-content\/uploads\/2019\/08\/Gloups.jpg?fit=2872%2C2177\" data-orig-size=\"2872,2177\" data-comments-opened=\"1\" data-image-meta=\"{&quot;aperture&quot;:&quot;2.4&quot;,&quot;credit&quot;:&quot;&quot;,&quot;camera&quot;:&quot;iPhone 4S&quot;,&quot;caption&quot;:&quot;&quot;,&quot;created_timestamp&quot;:&quot;1566399224&quot;,&quot;copyright&quot;:&quot;&quot;,&quot;focal_length&quot;:&quot;4.28&quot;,&quot;iso&quot;:&quot;160&quot;,&quot;shutter_speed&quot;:&quot;0.05&quot;,&quot;title&quot;:&quot;&quot;,&quot;orientation&quot;:&quot;1&quot;}\" data-image-title=\"Gloups\" data-image-description=\"\" data-image-caption=\"\" data-large-file=\"https:\/\/i0.wp.com\/www.jojoenherbe.com\/wp-content\/uploads\/2019\/08\/Gloups.jpg?fit=676%2C512\" class=\"alignleft size-thumbnail wp-image-7168\" src=\"https:\/\/i0.wp.com\/www.jojoenherbe.com\/wp-content\/uploads\/2019\/08\/Gloups.jpg?resize=150%2C150\" alt=\"\" width=\"150\" height=\"150\" srcset=\"https:\/\/i0.wp.com\/www.jojoenherbe.com\/wp-content\/uploads\/2019\/08\/Gloups.jpg?resize=150%2C150 150w, https:\/\/i0.wp.com\/www.jojoenherbe.com\/wp-content\/uploads\/2019\/08\/Gloups.jpg?zoom=2&amp;resize=150%2C150 300w, https:\/\/i0.wp.com\/www.jojoenherbe.com\/wp-content\/uploads\/2019\/08\/Gloups.jpg?zoom=3&amp;resize=150%2C150 450w\" sizes=\"auto, (max-width: 150px) 100vw, 150px\" \/><\/a>Puis nous lisons <span style=\"text-decoration: underline;\">Gloups<\/span> de Christine Naumann-Villemin et Marianne Barcilon (\u00e9d. L&rsquo;\u00e9cole des loisirs, 2018). Nous suivons un petit gloupson, \u00e0 la frimousse adorable, lors de sa premi\u00e8re journ\u00e9e d&rsquo;\u00e9cole. Nous retrouvons tous les moments cl\u00e9 d&rsquo;une journ\u00e9e \u00e0 l&rsquo;\u00e9cole maternelle mais de fa\u00e7on un brin d\u00e9cal\u00e9e. Gloups arrivera-t-il \u00e0 terminer la journ\u00e9e sans d\u00e9vorer personne? Nous avions bien rigol\u00e9 \u00e0 la lecture de cet album et appr\u00e9ci\u00e9 les illustrations. Que de tentations pour ce \u00ab\u00a0p\u00f4vre\u00a0\u00bb Gloups! Comme dans les albums jeunesse pr\u00e9c\u00e9dents, cela permet de rappeler les r\u00e8gles \u00e0 suivre en classe.<br \/>\n<\/em><\/p>\n<ul>\n<li><em><strong><span style=\"text-decoration: underline;\">Pop \u00e0 l&rsquo;\u00e9cole<\/span><\/strong> de Pierrick Bisinski et Alex Sanders<\/em><\/li>\n<\/ul>\n<p style=\"text-align: justify;\"><em><a href=\"https:\/\/i0.wp.com\/www.jojoenherbe.com\/wp-content\/uploads\/2019\/08\/Pop-%C3%A0-l%C3%A9cole-2.jpg\"><img data-recalc-dims=\"1\" loading=\"lazy\" decoding=\"async\" data-attachment-id=\"7203\" data-permalink=\"http:\/\/www.jojoenherbe.com\/index.php\/2019\/09\/20\/au-fil-des-pages-sur-le-theme-de-lecole\/pop-a-lecole-2\/\" data-orig-file=\"https:\/\/i0.wp.com\/www.jojoenherbe.com\/wp-content\/uploads\/2019\/08\/Pop-%C3%A0-l%C3%A9cole-2.jpg?fit=3184%2C2067\" data-orig-size=\"3184,2067\" data-comments-opened=\"1\" data-image-meta=\"{&quot;aperture&quot;:&quot;2.4&quot;,&quot;credit&quot;:&quot;&quot;,&quot;camera&quot;:&quot;iPhone 4S&quot;,&quot;caption&quot;:&quot;&quot;,&quot;created_timestamp&quot;:&quot;1566411743&quot;,&quot;copyright&quot;:&quot;&quot;,&quot;focal_length&quot;:&quot;4.28&quot;,&quot;iso&quot;:&quot;320&quot;,&quot;shutter_speed&quot;:&quot;0.05&quot;,&quot;title&quot;:&quot;&quot;,&quot;orientation&quot;:&quot;1&quot;}\" data-image-title=\"Pop \u00e0 l&amp;rsquo;\u00e9cole 2\" data-image-description=\"\" data-image-caption=\"\" data-large-file=\"https:\/\/i0.wp.com\/www.jojoenherbe.com\/wp-content\/uploads\/2019\/08\/Pop-%C3%A0-l%C3%A9cole-2.jpg?fit=676%2C439\" class=\"alignright wp-image-7203 size-thumbnail\" src=\"https:\/\/i0.wp.com\/www.jojoenherbe.com\/wp-content\/uploads\/2019\/08\/Pop-%C3%A0-l%C3%A9cole-2.jpg?resize=150%2C150\" alt=\"\" width=\"150\" height=\"150\" srcset=\"https:\/\/i0.wp.com\/www.jojoenherbe.com\/wp-content\/uploads\/2019\/08\/Pop-%C3%A0-l%C3%A9cole-2.jpg?resize=150%2C150 150w, https:\/\/i0.wp.com\/www.jojoenherbe.com\/wp-content\/uploads\/2019\/08\/Pop-%C3%A0-l%C3%A9cole-2.jpg?zoom=2&amp;resize=150%2C150 300w, https:\/\/i0.wp.com\/www.jojoenherbe.com\/wp-content\/uploads\/2019\/08\/Pop-%C3%A0-l%C3%A9cole-2.jpg?zoom=3&amp;resize=150%2C150 450w\" sizes=\"auto, (max-width: 150px) 100vw, 150px\" \/><\/a> <a href=\"https:\/\/i0.wp.com\/www.jojoenherbe.com\/wp-content\/uploads\/2019\/08\/Pop-%C3%A0-l%C3%A9cole.jpg\"><img data-recalc-dims=\"1\" loading=\"lazy\" decoding=\"async\" data-attachment-id=\"7204\" data-permalink=\"http:\/\/www.jojoenherbe.com\/index.php\/2019\/09\/20\/au-fil-des-pages-sur-le-theme-de-lecole\/pop-a-lecole\/\" data-orig-file=\"https:\/\/i0.wp.com\/www.jojoenherbe.com\/wp-content\/uploads\/2019\/08\/Pop-%C3%A0-l%C3%A9cole.jpg?fit=2864%2C1730\" data-orig-size=\"2864,1730\" data-comments-opened=\"1\" data-image-meta=\"{&quot;aperture&quot;:&quot;2.4&quot;,&quot;credit&quot;:&quot;&quot;,&quot;camera&quot;:&quot;iPhone 4S&quot;,&quot;caption&quot;:&quot;&quot;,&quot;created_timestamp&quot;:&quot;1566411687&quot;,&quot;copyright&quot;:&quot;&quot;,&quot;focal_length&quot;:&quot;4.28&quot;,&quot;iso&quot;:&quot;400&quot;,&quot;shutter_speed&quot;:&quot;0.066666666666667&quot;,&quot;title&quot;:&quot;&quot;,&quot;orientation&quot;:&quot;1&quot;}\" data-image-title=\"Pop \u00e0 l&amp;rsquo;\u00e9cole\" data-image-description=\"\" data-image-caption=\"\" data-large-file=\"https:\/\/i0.wp.com\/www.jojoenherbe.com\/wp-content\/uploads\/2019\/08\/Pop-%C3%A0-l%C3%A9cole.jpg?fit=676%2C409\" class=\"alignright wp-image-7204 size-thumbnail\" src=\"https:\/\/i0.wp.com\/www.jojoenherbe.com\/wp-content\/uploads\/2019\/08\/Pop-%C3%A0-l%C3%A9cole.jpg?resize=150%2C150\" alt=\"\" width=\"150\" height=\"150\" srcset=\"https:\/\/i0.wp.com\/www.jojoenherbe.com\/wp-content\/uploads\/2019\/08\/Pop-%C3%A0-l%C3%A9cole.jpg?resize=150%2C150 150w, https:\/\/i0.wp.com\/www.jojoenherbe.com\/wp-content\/uploads\/2019\/08\/Pop-%C3%A0-l%C3%A9cole.jpg?zoom=2&amp;resize=150%2C150 300w, https:\/\/i0.wp.com\/www.jojoenherbe.com\/wp-content\/uploads\/2019\/08\/Pop-%C3%A0-l%C3%A9cole.jpg?zoom=3&amp;resize=150%2C150 450w\" sizes=\"auto, (max-width: 150px) 100vw, 150px\" \/><\/a>Nous lisons \u00e9galement <span style=\"text-decoration: underline;\">Pop \u00e0 l&rsquo;\u00e9cole<\/span> de Pierrick Bisinski et Alex Sanders (\u00e9d. L&rsquo;\u00e9cole des loisirs, coll. Les lutins, 2018). Nous retrouvons avec plaisir ce dinosaure multicolore que nous avions d\u00e9couvert avec <a href=\"http:\/\/www.jojoenherbe.com\/index.php\/2019\/03\/20\/au-fil-des-pages-avec-pop-mange-de-toutes-les-couleurs\/\"><span style=\"text-decoration: underline;\">Pop mange de toutes les couleurs<\/span><\/a>. Nous suivons cette fois-ci Pop lors d&rsquo;une journ\u00e9e d&rsquo;\u00e9cole et apprenons \u00e0 compter jusqu&rsquo;\u00e0 10.<br \/>\n<\/em><\/p>\n<ul>\n<li><em><strong><span style=\"text-decoration: underline;\">Le monstre des couleurs va \u00e0 l&rsquo;\u00e9cole<\/span><\/strong> d&rsquo;Anna Llenas<\/em><\/li>\n<\/ul>\n<p style=\"text-align: justify;\"><em><a href=\"https:\/\/i0.wp.com\/www.jojoenherbe.com\/wp-content\/uploads\/2019\/08\/Le-monstre-des-couleurs-va-%C3%A0-l%C3%A9cole-2.jpg\"><img data-recalc-dims=\"1\" loading=\"lazy\" decoding=\"async\" data-attachment-id=\"7206\" data-permalink=\"http:\/\/www.jojoenherbe.com\/index.php\/2019\/09\/20\/au-fil-des-pages-sur-le-theme-de-lecole\/le-monstre-des-couleurs-va-a-lecole-2\/\" data-orig-file=\"https:\/\/i0.wp.com\/www.jojoenherbe.com\/wp-content\/uploads\/2019\/08\/Le-monstre-des-couleurs-va-%C3%A0-l%C3%A9cole-2.jpg?fit=3264%2C2448\" data-orig-size=\"3264,2448\" data-comments-opened=\"1\" data-image-meta=\"{&quot;aperture&quot;:&quot;2.4&quot;,&quot;credit&quot;:&quot;&quot;,&quot;camera&quot;:&quot;iPhone 4S&quot;,&quot;caption&quot;:&quot;&quot;,&quot;created_timestamp&quot;:&quot;1566576734&quot;,&quot;copyright&quot;:&quot;&quot;,&quot;focal_length&quot;:&quot;4.28&quot;,&quot;iso&quot;:&quot;400&quot;,&quot;shutter_speed&quot;:&quot;0.05&quot;,&quot;title&quot;:&quot;&quot;,&quot;orientation&quot;:&quot;1&quot;}\" data-image-title=\"Le monstre des couleurs va \u00e0 l&amp;rsquo;\u00e9cole 2\" data-image-description=\"\" data-image-caption=\"\" data-large-file=\"https:\/\/i0.wp.com\/www.jojoenherbe.com\/wp-content\/uploads\/2019\/08\/Le-monstre-des-couleurs-va-%C3%A0-l%C3%A9cole-2.jpg?fit=676%2C507\" class=\"alignleft wp-image-7206 size-thumbnail\" src=\"https:\/\/i0.wp.com\/www.jojoenherbe.com\/wp-content\/uploads\/2019\/08\/Le-monstre-des-couleurs-va-%C3%A0-l%C3%A9cole-2.jpg?resize=150%2C150\" alt=\"\" width=\"150\" height=\"150\" srcset=\"https:\/\/i0.wp.com\/www.jojoenherbe.com\/wp-content\/uploads\/2019\/08\/Le-monstre-des-couleurs-va-%C3%A0-l%C3%A9cole-2.jpg?resize=150%2C150 150w, https:\/\/i0.wp.com\/www.jojoenherbe.com\/wp-content\/uploads\/2019\/08\/Le-monstre-des-couleurs-va-%C3%A0-l%C3%A9cole-2.jpg?zoom=2&amp;resize=150%2C150 300w, https:\/\/i0.wp.com\/www.jojoenherbe.com\/wp-content\/uploads\/2019\/08\/Le-monstre-des-couleurs-va-%C3%A0-l%C3%A9cole-2.jpg?zoom=3&amp;resize=150%2C150 450w\" sizes=\"auto, (max-width: 150px) 100vw, 150px\" \/><\/a> <a href=\"https:\/\/i0.wp.com\/www.jojoenherbe.com\/wp-content\/uploads\/2019\/08\/Le-monstre-des-couleurs-va-%C3%A0-l%C3%A9cole.jpg\"><img data-recalc-dims=\"1\" loading=\"lazy\" decoding=\"async\" data-attachment-id=\"7207\" data-permalink=\"http:\/\/www.jojoenherbe.com\/index.php\/2019\/09\/20\/au-fil-des-pages-sur-le-theme-de-lecole\/le-monstre-des-couleurs-va-a-lecole\/\" data-orig-file=\"https:\/\/i0.wp.com\/www.jojoenherbe.com\/wp-content\/uploads\/2019\/08\/Le-monstre-des-couleurs-va-%C3%A0-l%C3%A9cole.jpg?fit=2571%2C2167\" data-orig-size=\"2571,2167\" data-comments-opened=\"1\" data-image-meta=\"{&quot;aperture&quot;:&quot;2.4&quot;,&quot;credit&quot;:&quot;&quot;,&quot;camera&quot;:&quot;iPhone 4S&quot;,&quot;caption&quot;:&quot;&quot;,&quot;created_timestamp&quot;:&quot;1566576634&quot;,&quot;copyright&quot;:&quot;&quot;,&quot;focal_length&quot;:&quot;4.28&quot;,&quot;iso&quot;:&quot;320&quot;,&quot;shutter_speed&quot;:&quot;0.066666666666667&quot;,&quot;title&quot;:&quot;&quot;,&quot;orientation&quot;:&quot;1&quot;}\" data-image-title=\"Le monstre des couleurs va \u00e0 l&amp;rsquo;\u00e9cole\" data-image-description=\"\" data-image-caption=\"\" data-large-file=\"https:\/\/i0.wp.com\/www.jojoenherbe.com\/wp-content\/uploads\/2019\/08\/Le-monstre-des-couleurs-va-%C3%A0-l%C3%A9cole.jpg?fit=676%2C570\" class=\"alignleft size-thumbnail wp-image-7207\" src=\"https:\/\/i0.wp.com\/www.jojoenherbe.com\/wp-content\/uploads\/2019\/08\/Le-monstre-des-couleurs-va-%C3%A0-l%C3%A9cole.jpg?resize=150%2C150\" alt=\"\" width=\"150\" height=\"150\" srcset=\"https:\/\/i0.wp.com\/www.jojoenherbe.com\/wp-content\/uploads\/2019\/08\/Le-monstre-des-couleurs-va-%C3%A0-l%C3%A9cole.jpg?resize=150%2C150 150w, https:\/\/i0.wp.com\/www.jojoenherbe.com\/wp-content\/uploads\/2019\/08\/Le-monstre-des-couleurs-va-%C3%A0-l%C3%A9cole.jpg?zoom=2&amp;resize=150%2C150 300w, https:\/\/i0.wp.com\/www.jojoenherbe.com\/wp-content\/uploads\/2019\/08\/Le-monstre-des-couleurs-va-%C3%A0-l%C3%A9cole.jpg?zoom=3&amp;resize=150%2C150 450w\" sizes=\"auto, (max-width: 150px) 100vw, 150px\" \/><\/a>Enfin, notre coup de c\u0153ur va pour <span style=\"text-decoration: underline;\">Le monstre des couleurs va \u00e0 l&rsquo;\u00e9cole<\/span> d&rsquo;Anna Llenas (\u00e9d. Quatre fleuves, 2019), album jeunesse \u00e0 partir de 3 ans. Il s&rsquo;agit de la suite de <a href=\"http:\/\/www.jojoenherbe.com\/index.php\/2019\/08\/29\/au-fil-des-pages-avec-le-monstre-des-couleurs\/\"><span style=\"text-decoration: underline;\">La couleur des \u00e9motions<\/span><\/a>. Le monstre des couleurs se retrouve dans la peau d&rsquo;un \u00e9l\u00e8ve lors de sa premi\u00e8re rentr\u00e9e scolaire. Que d&rsquo;\u00e9motions \u00e0 g\u00e9rer lors de son premier jour d&rsquo;\u00e9cole!<br \/>\n<\/em><\/p>\n<div style=\"width: 132px\" class=\"wp-caption alignleft\"><img data-recalc-dims=\"1\" loading=\"lazy\" decoding=\"async\" class=\"\" src=\"https:\/\/i0.wp.com\/1.bp.blogspot.com\/-TiENECUfSg8\/Wv7LJW9RohI\/AAAAAAAAhTI\/CllMrjdlEqcMCUmWMZRMXVWnQHOuU-SVwCLcBGAs\/s320\/etdans.jpg?resize=122%2C110&#038;ssl=1\" alt=\"\" width=\"122\" height=\"110\" border=\"0\" data-original-height=\"340\" data-original-width=\"376\" \/><p class=\"wp-caption-text\">Participation #4 <a href=\"http:\/\/monbazarcolore.com\/\">Mon Bazar color\u00e9<\/a><\/p><\/div>\n<div style=\"width: 126px\" class=\"wp-caption alignleft\"><img data-recalc-dims=\"1\" loading=\"lazy\" decoding=\"async\" class=\"\" src=\"https:\/\/i0.wp.com\/delivrer-des-livres.fr\/wp-content\/uploads\/2019\/05\/logoalbums2019.png?resize=116%2C116\" alt=\"\" width=\"116\" height=\"116\" \/><p class=\"wp-caption-text\">Participation #52 <a href=\"http:\/\/delivrer-des-livres.fr\/challenge-albums-2019\/\">Je lis aussi des albums<\/a><\/p><\/div>\n<div id=\"attachment_33643\" style=\"width: 132px\" class=\"wp-caption alignleft\"><img data-recalc-dims=\"1\" loading=\"lazy\" decoding=\"async\" aria-describedby=\"caption-attachment-33643\" class=\"wp-image-33643\" src=\"https:\/\/i0.wp.com\/delivrer-des-livres.fr\/wp-content\/uploads\/2019\/01\/petit-bac-2019.jpg?resize=122%2C93\" sizes=\"auto, (max-width: 200px) 100vw, 200px\" srcset=\"http:\/\/delivrer-des-livres.fr\/wp-content\/uploads\/2019\/01\/petit-bac-2019.jpg 285w, http:\/\/delivrer-des-livres.fr\/wp-content\/uploads\/2019\/01\/petit-bac-2019-150x114.jpg 150w\" alt=\"\" width=\"122\" height=\"93\" \/><p id=\"caption-attachment-33643\" class=\"wp-caption-text\"><a href=\"https:\/\/ennalit.wordpress.com\/2018\/12\/01\/challenge-petit-bac-2019-qui-veut-jouer\/\">Challenge Petit Bac d&rsquo;Enna<\/a> &#8211; #9 cat\u00e9gorie Lieu : \u00ab\u00a0\u00c9cole\u00a0\u00bb et #10 cat\u00e9gorie Adjectif : \u00ab\u00a0Petit\u00a0\u00bb<\/p><\/div>\n","protected":false},"excerpt":{"rendered":"<p>Ce mois-ci, le th\u00e8me du rendez-vous \u00ab\u00a0Et dans leur biblioth\u00e8que il y a&#8230;\u00a0\u00bb est l&rsquo;\u00e9cole. Cela est de circonstance, la rentr\u00e9e scolaire venant d&rsquo;avoir lieu. Tout l&rsquo;\u00e9t\u00e9, nous avons lu plusieurs albums jeunesse pour pr\u00e9parer la rentr\u00e9e scolaire en maternelle. Nous en avons emprunt\u00e9 \u00e0 la biblioth\u00e8que, comme Un ours \u00e0 l&rsquo;\u00e9cole, Mon premier jour [&hellip;]<\/p>\n","protected":false},"author":1,"featured_media":7209,"comment_status":"open","ping_status":"open","sticky":false,"template":"","format":"standard","meta":{"jetpack_post_was_ever_published":false,"_jetpack_newsletter_access":"","_jetpack_dont_email_post_to_subs":false,"_jetpack_newsletter_tier_id":0,"_jetpack_memberships_contains_paywalled_content":false,"_jetpack_memberships_contains_paid_content":false,"footnotes":""},"categories":[363],"tags":[786,787,409,1018,1300,1349,430,1701,771,740,1456,1125,1350,222,367,520,1476,1010,379,770,1017,346,605,1009],"class_list":["post-7162","post","type-post","status-publish","format-standard","has-post-thumbnail","hentry","category-mini-lecteur","tag-0-3-ans","tag-2-5-ans","tag-albums-jeunesse","tag-alex-sanders","tag-anna-llenas","tag-challenge-petit-bac-2019","tag-chiffres","tag-christine-naumann-villemin","tag-dinosaure","tag-ecole","tag-et-dans-leur-bibliotheque-il-y-a","tag-fabienne-boisnard","tag-je-lis-aussi-des-albums-2019","tag-lapin","tag-lecture-jeunesse","tag-manchot-empereur","tag-marianne-barcilon","tag-marie-france-floury","tag-maternelle","tag-monstre","tag-pierrick-bisinski","tag-pingouin","tag-rentree-scolaire","tag-thierry-courtin","post-preview"],"jetpack_featured_media_url":"https:\/\/i0.wp.com\/www.jojoenherbe.com\/wp-content\/uploads\/2019\/08\/Albums-jeunesse-%C3%A9cole.jpg?fit=2517%2C2164","jetpack_sharing_enabled":true,"jetpack_shortlink":"https:\/\/wp.me\/p9zhGx-1Rw","jetpack_likes_enabled":true,"jetpack-related-posts":[{"id":6920,"url":"http:\/\/www.jojoenherbe.com\/index.php\/2019\/07\/30\/au-fil-des-pages-avec-lecole\/","url_meta":{"origin":7162,"position":0},"title":"Au fil des pages avec l&rsquo;\u00e9cole","author":"Jojo","date":"30 juillet 2019","format":false,"excerpt":"En attendant la rentr\u00e9e des classes et pour continuer de se familiariser avec l'\u00e9cole maternelle, nous empruntons \u00e0 la biblioth\u00e8que deux albums jeunesse sur ce th\u00e8me et qui permettent aux tout-petits, d\u00e8s 3 ans, de d\u00e9dramatiser leur premi\u00e8re rentr\u00e9e. (Album jeunesse) Un ours \u00e0 l'\u00e9cole de Jean-Luc Englebert Il s'agit\u2026","rel":"","context":"Dans &quot;Mini lecteur&quot;","block_context":{"text":"Mini lecteur","link":"http:\/\/www.jojoenherbe.com\/index.php\/category\/mini-lecteur\/"},"img":{"alt_text":"","src":"https:\/\/i0.wp.com\/www.jojoenherbe.com\/wp-content\/uploads\/2019\/07\/Albums-jeunesse-%C3%A9cole.jpg?fit=1200%2C778&resize=350%2C200","width":350,"height":200,"srcset":"https:\/\/i0.wp.com\/www.jojoenherbe.com\/wp-content\/uploads\/2019\/07\/Albums-jeunesse-%C3%A9cole.jpg?fit=1200%2C778&resize=350%2C200 1x, https:\/\/i0.wp.com\/www.jojoenherbe.com\/wp-content\/uploads\/2019\/07\/Albums-jeunesse-%C3%A9cole.jpg?fit=1200%2C778&resize=525%2C300 1.5x, https:\/\/i0.wp.com\/www.jojoenherbe.com\/wp-content\/uploads\/2019\/07\/Albums-jeunesse-%C3%A9cole.jpg?fit=1200%2C778&resize=700%2C400 2x, https:\/\/i0.wp.com\/www.jojoenherbe.com\/wp-content\/uploads\/2019\/07\/Albums-jeunesse-%C3%A9cole.jpg?fit=1200%2C778&resize=1050%2C600 3x"},"classes":[]},{"id":36974,"url":"http:\/\/www.jojoenherbe.com\/index.php\/2024\/09\/05\/throwback-thursday-livresque-rentree\/","url_meta":{"origin":7162,"position":1},"title":"Throwback Thursday Livresque: Rentr\u00e9e","author":"Jojo","date":"5 septembre 2024","format":false,"excerpt":"Ce jeudi 5 septembre 2024, je participe au Throwback Thursday Livresque, un rendez-vous livresque initialement chez Bettie Rose Books et repris depuis par Carole, les liens \u00e9tant \u00e0 d\u00e9poser chez My-Bo0ks. Le principe est de partager chaque jeudi un livre en fonction d\u2019un th\u00e8me donn\u00e9. Cette semaine, le th\u00e8me est\u2026","rel":"","context":"Dans &quot;Mini challenger&quot;","block_context":{"text":"Mini challenger","link":"http:\/\/www.jojoenherbe.com\/index.php\/category\/mini-challenger\/"},"img":{"alt_text":"","src":"https:\/\/i0.wp.com\/www.jojoenherbe.com\/wp-content\/uploads\/2023\/10\/TTL-logo.jpg?resize=350%2C200","width":350,"height":200},"classes":[]},{"id":7254,"url":"http:\/\/www.jojoenherbe.com\/index.php\/2019\/08\/29\/au-fil-des-pages-avec-le-monstre-des-couleurs\/","url_meta":{"origin":7162,"position":2},"title":"Au fil des pages avec Le monstre des couleurs","author":"Jojo","date":"29 ao\u00fbt 2019","format":false,"excerpt":"Nous lisons avec grand plaisir La couleur des \u00e9motions d'Anna Llenas (\u00e9d. Quatre Fleuves, 2017), un album jeunesse \u00e0 partir de 3 ans. Aid\u00e9e de son amie, une petite fille, le monstre des couleurs va tenter de comprendre toutes les \u00e9motions qui le traversent. En associant chaque \u00e9motion \u00e0 une\u2026","rel":"","context":"Dans &quot;Mini lecteur&quot;","block_context":{"text":"Mini lecteur","link":"http:\/\/www.jojoenherbe.com\/index.php\/category\/mini-lecteur\/"},"img":{"alt_text":"","src":"https:\/\/i0.wp.com\/www.jojoenherbe.com\/wp-content\/uploads\/2019\/08\/Le-monstre-des-couleurs.jpg?fit=1200%2C782&resize=350%2C200","width":350,"height":200,"srcset":"https:\/\/i0.wp.com\/www.jojoenherbe.com\/wp-content\/uploads\/2019\/08\/Le-monstre-des-couleurs.jpg?fit=1200%2C782&resize=350%2C200 1x, https:\/\/i0.wp.com\/www.jojoenherbe.com\/wp-content\/uploads\/2019\/08\/Le-monstre-des-couleurs.jpg?fit=1200%2C782&resize=525%2C300 1.5x, https:\/\/i0.wp.com\/www.jojoenherbe.com\/wp-content\/uploads\/2019\/08\/Le-monstre-des-couleurs.jpg?fit=1200%2C782&resize=700%2C400 2x, https:\/\/i0.wp.com\/www.jojoenherbe.com\/wp-content\/uploads\/2019\/08\/Le-monstre-des-couleurs.jpg?fit=1200%2C782&resize=1050%2C600 3x"},"classes":[]},{"id":6041,"url":"http:\/\/www.jojoenherbe.com\/index.php\/2019\/05\/23\/du-collage-avec-la-comptine-petit-escargot\/","url_meta":{"origin":7162,"position":3},"title":"Du collage avec la comptine \u00ab\u00a0Petit escargot\u00a0\u00bb","author":"Jojo","date":"23 mai 2019","format":false,"excerpt":"Avec ce lundi encore pluvieux, nous relisons Petit Lapin Blanc \u00e0 la maternelle de Marie-France Floury et Fabienne Boisnard (\u00e9d. Gautier-Laugereau, 2011). Dans cette histoire, Petit Lapin Blanc d\u00e9couvre le d\u00e9roulement d'une journ\u00e9e type \u00e0 l'\u00e9cole maternelle. Il y est notamment question de comptines. Il y est repris le premier\u2026","rel":"","context":"Dans &quot;Mini joueur&quot;","block_context":{"text":"Mini joueur","link":"http:\/\/www.jojoenherbe.com\/index.php\/category\/mini-decouvreur\/mini-joueur\/"},"img":{"alt_text":"","src":"https:\/\/i0.wp.com\/www.jojoenherbe.com\/wp-content\/uploads\/2019\/05\/collage-petit-escargot-2.jpg?fit=900%2C1200&resize=350%2C200","width":350,"height":200,"srcset":"https:\/\/i0.wp.com\/www.jojoenherbe.com\/wp-content\/uploads\/2019\/05\/collage-petit-escargot-2.jpg?fit=900%2C1200&resize=350%2C200 1x, https:\/\/i0.wp.com\/www.jojoenherbe.com\/wp-content\/uploads\/2019\/05\/collage-petit-escargot-2.jpg?fit=900%2C1200&resize=525%2C300 1.5x, https:\/\/i0.wp.com\/www.jojoenherbe.com\/wp-content\/uploads\/2019\/05\/collage-petit-escargot-2.jpg?fit=900%2C1200&resize=700%2C400 2x"},"classes":[]},{"id":27056,"url":"http:\/\/www.jojoenherbe.com\/index.php\/2022\/08\/17\/au-fil-des-pages-avec-nina-et-le-petit-ours-a-lecole\/","url_meta":{"origin":7162,"position":4},"title":"Au fil des pages avec Nina et le petit ours \u00e0 l&rsquo;\u00e9cole","author":"Jojo","date":"17 ao\u00fbt 2022","format":false,"excerpt":"La rentr\u00e9e des classes approchant, c'est l'occasion cette semaine de d\u00e9couvrir un album jeunesse que j'avais achet\u00e9 \u00e0 sa parution en juin 2022 et qui est la quatri\u00e8me histoire de Nina (apr\u00e8s P\u00e2ques, Halloween et No\u00ebl): Nina et le petit ours \u00e0 l'\u00e9cole de Nicola Killen (\u00e9d. Gl\u00e9nat, 2022), un\u2026","rel":"","context":"Dans &quot;Mini lecteur&quot;","block_context":{"text":"Mini lecteur","link":"http:\/\/www.jojoenherbe.com\/index.php\/category\/mini-lecteur\/"},"img":{"alt_text":"","src":"https:\/\/i0.wp.com\/www.jojoenherbe.com\/wp-content\/uploads\/2022\/08\/Nina-et-le-petit-ours-a-lecole-scaled.jpg?fit=1200%2C883&resize=350%2C200","width":350,"height":200,"srcset":"https:\/\/i0.wp.com\/www.jojoenherbe.com\/wp-content\/uploads\/2022\/08\/Nina-et-le-petit-ours-a-lecole-scaled.jpg?fit=1200%2C883&resize=350%2C200 1x, https:\/\/i0.wp.com\/www.jojoenherbe.com\/wp-content\/uploads\/2022\/08\/Nina-et-le-petit-ours-a-lecole-scaled.jpg?fit=1200%2C883&resize=525%2C300 1.5x, https:\/\/i0.wp.com\/www.jojoenherbe.com\/wp-content\/uploads\/2022\/08\/Nina-et-le-petit-ours-a-lecole-scaled.jpg?fit=1200%2C883&resize=700%2C400 2x, https:\/\/i0.wp.com\/www.jojoenherbe.com\/wp-content\/uploads\/2022\/08\/Nina-et-le-petit-ours-a-lecole-scaled.jpg?fit=1200%2C883&resize=1050%2C600 3x"},"classes":[]},{"id":11412,"url":"http:\/\/www.jojoenherbe.com\/index.php\/2020\/08\/27\/au-fil-des-pages-avec-le-train-des-souris\/","url_meta":{"origin":7162,"position":5},"title":"Au fil des pages avec Le train des souris","author":"Jojo","date":"27 ao\u00fbt 2020","format":false,"excerpt":"Apr\u00e8s l'avoir d\u00e9couvert en lecture cont\u00e9e gratuite sur le compte Instagram de L\u2019\u00c9cole des Loisirs pendant le confinement, nous empruntons \u00e0 la m\u00e9diath\u00e8que Le train des souris d'Haruo Yamashita et Kazuo Iwamura (\u00e9d. L'\u00e9cole des loisirs, 1999), un album jeunesse \u00e0 partir de 3 ans. La veille du premier jour\u2026","rel":"","context":"Dans &quot;Mini lecteur&quot;","block_context":{"text":"Mini lecteur","link":"http:\/\/www.jojoenherbe.com\/index.php\/category\/mini-lecteur\/"},"img":{"alt_text":"","src":"https:\/\/i0.wp.com\/www.jojoenherbe.com\/wp-content\/uploads\/2020\/07\/Le-train-des-souris-scaled.jpg?fit=1200%2C900&resize=350%2C200","width":350,"height":200,"srcset":"https:\/\/i0.wp.com\/www.jojoenherbe.com\/wp-content\/uploads\/2020\/07\/Le-train-des-souris-scaled.jpg?fit=1200%2C900&resize=350%2C200 1x, https:\/\/i0.wp.com\/www.jojoenherbe.com\/wp-content\/uploads\/2020\/07\/Le-train-des-souris-scaled.jpg?fit=1200%2C900&resize=525%2C300 1.5x, https:\/\/i0.wp.com\/www.jojoenherbe.com\/wp-content\/uploads\/2020\/07\/Le-train-des-souris-scaled.jpg?fit=1200%2C900&resize=700%2C400 2x, https:\/\/i0.wp.com\/www.jojoenherbe.com\/wp-content\/uploads\/2020\/07\/Le-train-des-souris-scaled.jpg?fit=1200%2C900&resize=1050%2C600 3x"},"classes":[]}],"_links":{"self":[{"href":"http:\/\/www.jojoenherbe.com\/index.php\/wp-json\/wp\/v2\/posts\/7162","targetHints":{"allow":["GET"]}}],"collection":[{"href":"http:\/\/www.jojoenherbe.com\/index.php\/wp-json\/wp\/v2\/posts"}],"about":[{"href":"http:\/\/www.jojoenherbe.com\/index.php\/wp-json\/wp\/v2\/types\/post"}],"author":[{"embeddable":true,"href":"http:\/\/www.jojoenherbe.com\/index.php\/wp-json\/wp\/v2\/users\/1"}],"replies":[{"embeddable":true,"href":"http:\/\/www.jojoenherbe.com\/index.php\/wp-json\/wp\/v2\/comments?post=7162"}],"version-history":[{"count":2,"href":"http:\/\/www.jojoenherbe.com\/index.php\/wp-json\/wp\/v2\/posts\/7162\/revisions"}],"predecessor-version":[{"id":26564,"href":"http:\/\/www.jojoenherbe.com\/index.php\/wp-json\/wp\/v2\/posts\/7162\/revisions\/26564"}],"wp:featuredmedia":[{"embeddable":true,"href":"http:\/\/www.jojoenherbe.com\/index.php\/wp-json\/wp\/v2\/media\/7209"}],"wp:attachment":[{"href":"http:\/\/www.jojoenherbe.com\/index.php\/wp-json\/wp\/v2\/media?parent=7162"}],"wp:term":[{"taxonomy":"category","embeddable":true,"href":"http:\/\/www.jojoenherbe.com\/index.php\/wp-json\/wp\/v2\/categories?post=7162"},{"taxonomy":"post_tag","embeddable":true,"href":"http:\/\/www.jojoenherbe.com\/index.php\/wp-json\/wp\/v2\/tags?post=7162"}],"curies":[{"name":"wp","href":"https:\/\/api.w.org\/{rel}","templated":true}]}}