{"id":7120,"date":"2019-08-19T15:35:29","date_gmt":"2019-08-19T13:35:29","guid":{"rendered":"http:\/\/www.jojoenherbe.com\/?p=7120"},"modified":"2020-03-23T20:38:05","modified_gmt":"2020-03-23T19:38:05","slug":"au-fil-des-pages-avec-ptit-loup-apprend-a-jardiner","status":"publish","type":"post","link":"http:\/\/www.jojoenherbe.com\/index.php\/2019\/08\/19\/au-fil-des-pages-avec-ptit-loup-apprend-a-jardiner\/","title":{"rendered":"Au fil des pages avec P&rsquo;tit Loup apprend \u00e0 jardiner"},"content":{"rendered":"<p style=\"text-align: justify;\"><em><a href=\"https:\/\/i0.wp.com\/www.jojoenherbe.com\/wp-content\/uploads\/2019\/08\/Ptit-Loup-apprend-%C3%A0-jardiner-2.jpg\"><img data-recalc-dims=\"1\" loading=\"lazy\" decoding=\"async\" data-attachment-id=\"7121\" data-permalink=\"http:\/\/www.jojoenherbe.com\/index.php\/2019\/08\/19\/au-fil-des-pages-avec-ptit-loup-apprend-a-jardiner\/ptit-loup-apprend-a-jardiner-2\/\" data-orig-file=\"https:\/\/i0.wp.com\/www.jojoenherbe.com\/wp-content\/uploads\/2019\/08\/Ptit-Loup-apprend-%C3%A0-jardiner-2.jpg?fit=3264%2C2448\" data-orig-size=\"3264,2448\" data-comments-opened=\"1\" data-image-meta=\"{&quot;aperture&quot;:&quot;2.4&quot;,&quot;credit&quot;:&quot;&quot;,&quot;camera&quot;:&quot;iPhone 4S&quot;,&quot;caption&quot;:&quot;&quot;,&quot;created_timestamp&quot;:&quot;1564768010&quot;,&quot;copyright&quot;:&quot;&quot;,&quot;focal_length&quot;:&quot;4.28&quot;,&quot;iso&quot;:&quot;400&quot;,&quot;shutter_speed&quot;:&quot;0.05&quot;,&quot;title&quot;:&quot;&quot;,&quot;orientation&quot;:&quot;1&quot;}\" data-image-title=\"P&amp;rsquo;tit Loup apprend \u00e0 jardiner 2\" data-image-description=\"\" data-image-caption=\"\" data-large-file=\"https:\/\/i0.wp.com\/www.jojoenherbe.com\/wp-content\/uploads\/2019\/08\/Ptit-Loup-apprend-%C3%A0-jardiner-2.jpg?fit=676%2C507\" class=\"alignleft wp-image-7121 size-thumbnail\" src=\"https:\/\/i0.wp.com\/www.jojoenherbe.com\/wp-content\/uploads\/2019\/08\/Ptit-Loup-apprend-%C3%A0-jardiner-2.jpg?resize=150%2C150\" alt=\"\" width=\"150\" height=\"150\" srcset=\"https:\/\/i0.wp.com\/www.jojoenherbe.com\/wp-content\/uploads\/2019\/08\/Ptit-Loup-apprend-%C3%A0-jardiner-2.jpg?resize=150%2C150 150w, https:\/\/i0.wp.com\/www.jojoenherbe.com\/wp-content\/uploads\/2019\/08\/Ptit-Loup-apprend-%C3%A0-jardiner-2.jpg?zoom=2&amp;resize=150%2C150 300w, https:\/\/i0.wp.com\/www.jojoenherbe.com\/wp-content\/uploads\/2019\/08\/Ptit-Loup-apprend-%C3%A0-jardiner-2.jpg?zoom=3&amp;resize=150%2C150 450w\" sizes=\"auto, (max-width: 150px) 100vw, 150px\" \/><\/a> <a href=\"https:\/\/i0.wp.com\/www.jojoenherbe.com\/wp-content\/uploads\/2019\/08\/Ptit-Loup-apprend-%C3%A0-jardiner-3.jpg\"><img data-recalc-dims=\"1\" loading=\"lazy\" decoding=\"async\" data-attachment-id=\"7122\" data-permalink=\"http:\/\/www.jojoenherbe.com\/index.php\/2019\/08\/19\/au-fil-des-pages-avec-ptit-loup-apprend-a-jardiner\/ptit-loup-apprend-a-jardiner-3\/\" data-orig-file=\"https:\/\/i0.wp.com\/www.jojoenherbe.com\/wp-content\/uploads\/2019\/08\/Ptit-Loup-apprend-%C3%A0-jardiner-3.jpg?fit=3264%2C2448\" data-orig-size=\"3264,2448\" data-comments-opened=\"1\" data-image-meta=\"{&quot;aperture&quot;:&quot;2.4&quot;,&quot;credit&quot;:&quot;&quot;,&quot;camera&quot;:&quot;iPhone 4S&quot;,&quot;caption&quot;:&quot;&quot;,&quot;created_timestamp&quot;:&quot;1564768027&quot;,&quot;copyright&quot;:&quot;&quot;,&quot;focal_length&quot;:&quot;4.28&quot;,&quot;iso&quot;:&quot;320&quot;,&quot;shutter_speed&quot;:&quot;0.05&quot;,&quot;title&quot;:&quot;&quot;,&quot;orientation&quot;:&quot;1&quot;}\" data-image-title=\"P&amp;rsquo;tit Loup apprend \u00e0 jardiner 3\" data-image-description=\"\" data-image-caption=\"\" data-large-file=\"https:\/\/i0.wp.com\/www.jojoenherbe.com\/wp-content\/uploads\/2019\/08\/Ptit-Loup-apprend-%C3%A0-jardiner-3.jpg?fit=676%2C507\" class=\"alignleft wp-image-7122 size-thumbnail\" src=\"https:\/\/i0.wp.com\/www.jojoenherbe.com\/wp-content\/uploads\/2019\/08\/Ptit-Loup-apprend-%C3%A0-jardiner-3.jpg?resize=150%2C150\" alt=\"\" width=\"150\" height=\"150\" srcset=\"https:\/\/i0.wp.com\/www.jojoenherbe.com\/wp-content\/uploads\/2019\/08\/Ptit-Loup-apprend-%C3%A0-jardiner-3.jpg?resize=150%2C150 150w, https:\/\/i0.wp.com\/www.jojoenherbe.com\/wp-content\/uploads\/2019\/08\/Ptit-Loup-apprend-%C3%A0-jardiner-3.jpg?zoom=2&amp;resize=150%2C150 300w, https:\/\/i0.wp.com\/www.jojoenherbe.com\/wp-content\/uploads\/2019\/08\/Ptit-Loup-apprend-%C3%A0-jardiner-3.jpg?zoom=3&amp;resize=150%2C150 450w\" sizes=\"auto, (max-width: 150px) 100vw, 150px\" \/><\/a>Nous lisons une nouvelle histoire de P&rsquo;tit Loup. Cette fois-ci, il s&rsquo;agit de <span style=\"text-decoration: underline;\">P&rsquo;tit Loup apprend \u00e0 jardiner<\/span> d&rsquo;Orianne Lallemand et d\u2019\u00c9l\u00e9onore Thuillier (\u00e9d. Auzou \u00e9veil, 2018), un album jeunesse \u00e0 partir de 2\/3 ans: P&rsquo;tit Loup apprend les rudiments du jardinage avec son p\u00e8re. Que de complicit\u00e9 entre les deux! Comme dans les autres albums de cette collection, les tout-petits peuvent se rem\u00e9morer des situations de la vie quotidienne et enrichir leur vocabulaire (outils de jardinage, cycle de la vie de la plante, bons gestes du jardinier, etc.). Nous avions d\u00e9j\u00e0 lu cette histoire \u00e0 plusieurs reprises lorsque nous avions emprunt\u00e9 \u00e0 la biblioth\u00e8que <a href=\"http:\/\/www.jojoenherbe.com\/index.php\/2019\/06\/25\/au-fil-des-pages-avec-dix-petites-graines\/\"><span style=\"text-decoration: underline;\">Dix petites graines<\/span><\/a> abordant \u00e9galement le cycle des plantes.<br \/>\n<\/em><\/p>\n<p style=\"text-align: justify;\"><em><a href=\"https:\/\/i0.wp.com\/www.jojoenherbe.com\/wp-content\/uploads\/2019\/08\/Plants-de-tomates-cerises.jpg\"><img data-recalc-dims=\"1\" loading=\"lazy\" decoding=\"async\" data-attachment-id=\"7126\" data-permalink=\"http:\/\/www.jojoenherbe.com\/index.php\/2019\/08\/19\/au-fil-des-pages-avec-ptit-loup-apprend-a-jardiner\/plants-de-tomates-cerises\/\" data-orig-file=\"https:\/\/i0.wp.com\/www.jojoenherbe.com\/wp-content\/uploads\/2019\/08\/Plants-de-tomates-cerises.jpg?fit=5184%2C3888\" data-orig-size=\"5184,3888\" data-comments-opened=\"1\" data-image-meta=\"{&quot;aperture&quot;:&quot;4&quot;,&quot;credit&quot;:&quot;&quot;,&quot;camera&quot;:&quot;DSC-HX400V&quot;,&quot;caption&quot;:&quot;&quot;,&quot;created_timestamp&quot;:&quot;1563906829&quot;,&quot;copyright&quot;:&quot;&quot;,&quot;focal_length&quot;:&quot;15.64&quot;,&quot;iso&quot;:&quot;100&quot;,&quot;shutter_speed&quot;:&quot;0.01&quot;,&quot;title&quot;:&quot;&quot;,&quot;orientation&quot;:&quot;1&quot;}\" data-image-title=\"Plants de tomates cerises\" data-image-description=\"\" data-image-caption=\"\" data-large-file=\"https:\/\/i0.wp.com\/www.jojoenherbe.com\/wp-content\/uploads\/2019\/08\/Plants-de-tomates-cerises.jpg?fit=676%2C507\" class=\"alignright wp-image-7126 size-thumbnail\" src=\"https:\/\/i0.wp.com\/www.jojoenherbe.com\/wp-content\/uploads\/2019\/08\/Plants-de-tomates-cerises.jpg?resize=150%2C150\" alt=\"\" width=\"150\" height=\"150\" srcset=\"https:\/\/i0.wp.com\/www.jojoenherbe.com\/wp-content\/uploads\/2019\/08\/Plants-de-tomates-cerises.jpg?resize=150%2C150 150w, https:\/\/i0.wp.com\/www.jojoenherbe.com\/wp-content\/uploads\/2019\/08\/Plants-de-tomates-cerises.jpg?zoom=2&amp;resize=150%2C150 300w, https:\/\/i0.wp.com\/www.jojoenherbe.com\/wp-content\/uploads\/2019\/08\/Plants-de-tomates-cerises.jpg?zoom=3&amp;resize=150%2C150 450w\" sizes=\"auto, (max-width: 150px) 100vw, 150px\" \/><\/a> <a href=\"https:\/\/i0.wp.com\/www.jojoenherbe.com\/wp-content\/uploads\/2019\/08\/Plants-de-tomates-cerises-2.jpg\"><img data-recalc-dims=\"1\" loading=\"lazy\" decoding=\"async\" data-attachment-id=\"7124\" data-permalink=\"http:\/\/www.jojoenherbe.com\/index.php\/2019\/08\/19\/au-fil-des-pages-avec-ptit-loup-apprend-a-jardiner\/plants-de-tomates-cerises-2\/\" data-orig-file=\"https:\/\/i0.wp.com\/www.jojoenherbe.com\/wp-content\/uploads\/2019\/08\/Plants-de-tomates-cerises-2.jpg?fit=5184%2C3888\" data-orig-size=\"5184,3888\" data-comments-opened=\"1\" data-image-meta=\"{&quot;aperture&quot;:&quot;4.5&quot;,&quot;credit&quot;:&quot;&quot;,&quot;camera&quot;:&quot;DSC-HX400V&quot;,&quot;caption&quot;:&quot;&quot;,&quot;created_timestamp&quot;:&quot;1565685930&quot;,&quot;copyright&quot;:&quot;&quot;,&quot;focal_length&quot;:&quot;29.44&quot;,&quot;iso&quot;:&quot;500&quot;,&quot;shutter_speed&quot;:&quot;0.005&quot;,&quot;title&quot;:&quot;&quot;,&quot;orientation&quot;:&quot;1&quot;}\" data-image-title=\"Plants de tomates cerises 2\" data-image-description=\"\" data-image-caption=\"\" data-large-file=\"https:\/\/i0.wp.com\/www.jojoenherbe.com\/wp-content\/uploads\/2019\/08\/Plants-de-tomates-cerises-2.jpg?fit=676%2C507\" class=\"alignright wp-image-7124 size-thumbnail\" src=\"https:\/\/i0.wp.com\/www.jojoenherbe.com\/wp-content\/uploads\/2019\/08\/Plants-de-tomates-cerises-2.jpg?resize=150%2C150\" alt=\"\" width=\"150\" height=\"150\" srcset=\"https:\/\/i0.wp.com\/www.jojoenherbe.com\/wp-content\/uploads\/2019\/08\/Plants-de-tomates-cerises-2.jpg?resize=150%2C150 150w, https:\/\/i0.wp.com\/www.jojoenherbe.com\/wp-content\/uploads\/2019\/08\/Plants-de-tomates-cerises-2.jpg?zoom=2&amp;resize=150%2C150 300w, https:\/\/i0.wp.com\/www.jojoenherbe.com\/wp-content\/uploads\/2019\/08\/Plants-de-tomates-cerises-2.jpg?zoom=3&amp;resize=150%2C150 450w\" sizes=\"auto, (max-width: 150px) 100vw, 150px\" \/><\/a> Avec cet album jeunesse, nous associons lecture et jardinage puisque nous nous retrouvons dans la m\u00eame situation que P&rsquo;tit Loup, (presque) aussi impatients de pouvoir manger nos tomates cerises.<\/em><\/p>\n<p style=\"text-align: justify;\"><em><a href=\"https:\/\/i0.wp.com\/www.jojoenherbe.com\/wp-content\/uploads\/2019\/08\/Plants-de-tomates-cerises-3.jpg\"><img data-recalc-dims=\"1\" loading=\"lazy\" decoding=\"async\" data-attachment-id=\"7125\" data-permalink=\"http:\/\/www.jojoenherbe.com\/index.php\/2019\/08\/19\/au-fil-des-pages-avec-ptit-loup-apprend-a-jardiner\/plants-de-tomates-cerises-3\/\" data-orig-file=\"https:\/\/i0.wp.com\/www.jojoenherbe.com\/wp-content\/uploads\/2019\/08\/Plants-de-tomates-cerises-3.jpg?fit=1943%2C1909\" data-orig-size=\"1943,1909\" data-comments-opened=\"1\" data-image-meta=\"{&quot;aperture&quot;:&quot;2.4&quot;,&quot;credit&quot;:&quot;&quot;,&quot;camera&quot;:&quot;iPhone 4S&quot;,&quot;caption&quot;:&quot;&quot;,&quot;created_timestamp&quot;:&quot;1536940137&quot;,&quot;copyright&quot;:&quot;&quot;,&quot;focal_length&quot;:&quot;4.28&quot;,&quot;iso&quot;:&quot;50&quot;,&quot;shutter_speed&quot;:&quot;0.0024630541871921&quot;,&quot;title&quot;:&quot;&quot;,&quot;orientation&quot;:&quot;1&quot;}\" data-image-title=\"Plants de tomates cerises 3\" data-image-description=\"\" data-image-caption=\"\" data-large-file=\"https:\/\/i0.wp.com\/www.jojoenherbe.com\/wp-content\/uploads\/2019\/08\/Plants-de-tomates-cerises-3.jpg?fit=676%2C664\" class=\"alignleft wp-image-7125 size-thumbnail\" src=\"https:\/\/i0.wp.com\/www.jojoenherbe.com\/wp-content\/uploads\/2019\/08\/Plants-de-tomates-cerises-3.jpg?resize=150%2C150\" alt=\"\" width=\"150\" height=\"150\" srcset=\"https:\/\/i0.wp.com\/www.jojoenherbe.com\/wp-content\/uploads\/2019\/08\/Plants-de-tomates-cerises-3.jpg?resize=150%2C150 150w, https:\/\/i0.wp.com\/www.jojoenherbe.com\/wp-content\/uploads\/2019\/08\/Plants-de-tomates-cerises-3.jpg?zoom=2&amp;resize=150%2C150 300w, https:\/\/i0.wp.com\/www.jojoenherbe.com\/wp-content\/uploads\/2019\/08\/Plants-de-tomates-cerises-3.jpg?zoom=3&amp;resize=150%2C150 450w\" sizes=\"auto, (max-width: 150px) 100vw, 150px\" \/><\/a> Il en a fallu du temps pass\u00e9 entre le moment o\u00f9 nous avions plant\u00e9 les graines et que les premi\u00e8res tomates deviennent rouges. En attendant, nous continuons d&rsquo;arroser les plants de tomates avant la nouvelle r\u00e9colte de tomates bien m\u00fbres. Quelle d\u00e9lice et fiert\u00e9 de pouvoir les d\u00e9guster en sachant qu&rsquo;elles proviennent de notre labeur!<br \/>\n<\/em><\/p>\n<div style=\"width: 167px\" class=\"wp-caption aligncenter\"><img data-recalc-dims=\"1\" loading=\"lazy\" decoding=\"async\" src=\"https:\/\/i0.wp.com\/delivrer-des-livres.fr\/wp-content\/uploads\/2019\/05\/logoalbums2019.png?resize=157%2C157\" alt=\"\" width=\"157\" height=\"157\"><p class=\"wp-caption-text\">Participation #35 <a href=\"http:\/\/delivrer-des-livres.fr\/challenge-albums-2019\/\">Je lis aussi des albums<\/a><\/p><\/div>\n","protected":false},"excerpt":{"rendered":"<p>Nous lisons une nouvelle histoire de P&rsquo;tit Loup. Cette fois-ci, il s&rsquo;agit de P&rsquo;tit Loup apprend \u00e0 jardiner d&rsquo;Orianne Lallemand et d\u2019\u00c9l\u00e9onore Thuillier (\u00e9d. Auzou \u00e9veil, 2018), un album jeunesse \u00e0 partir de 2\/3 ans: P&rsquo;tit Loup apprend les rudiments du jardinage avec son p\u00e8re. Que de complicit\u00e9 entre les deux! Comme dans les autres [&hellip;]<\/p>\n","protected":false},"author":1,"featured_media":7123,"comment_status":"open","ping_status":"open","sticky":false,"template":"","format":"standard","meta":{"jetpack_post_was_ever_published":false,"_jetpack_newsletter_access":"","_jetpack_dont_email_post_to_subs":false,"_jetpack_newsletter_tier_id":0,"_jetpack_memberships_contains_paywalled_content":false,"_jetpack_memberships_contains_paid_content":false,"footnotes":""},"categories":[530,363],"tags":[787,20,409,674,1090,673,367,1022,541,1089,764,1203,763],"class_list":["post-7120","post","type-post","status-publish","format-standard","has-post-thumbnail","hentry","category-mini-jardinier","category-mini-lecteur","tag-2-5-ans","tag-activites-pour-les-enfants","tag-albums-jeunesse","tag-cycle-de-la-plante","tag-eleonore-thuillier","tag-jardinage","tag-lecture-jeunesse","tag-lectures-de-printemps","tag-loup","tag-orianne-lallemand","tag-patience","tag-relation-pere-fils","tag-tomates","post-preview"],"jetpack_featured_media_url":"https:\/\/i0.wp.com\/www.jojoenherbe.com\/wp-content\/uploads\/2019\/08\/Ptit-Loup-apprend-%C3%A0-jardiner.jpg?fit=3264%2C2448","jetpack_sharing_enabled":true,"jetpack_shortlink":"https:\/\/wp.me\/p9zhGx-1QQ","jetpack_likes_enabled":true,"jetpack-related-posts":[{"id":4340,"url":"http:\/\/www.jojoenherbe.com\/index.php\/2019\/01\/19\/au-fil-des-pages-sur-le-theme-de-la-galette-des-rois\/","url_meta":{"origin":7120,"position":0},"title":"Au fil des pages sur le th\u00e8me de la galette des rois","author":"Jojo","date":"19 janvier 2019","format":false,"excerpt":"Apr\u00e8s avoir mang\u00e9 de la galette et fabriqu\u00e9 des couronnes il y a quelques jours, nous poursuivons par la lecture d'histoires sur le th\u00e8me de la galette des rois. Je ne parlerai que de trois d'entre elles. Le premier album jeunesse lu est celui avec un des personnages pr\u00e9f\u00e9r\u00e9s de\u2026","rel":"","context":"Dans &quot;Mini lecteur&quot;","block_context":{"text":"Mini lecteur","link":"http:\/\/www.jojoenherbe.com\/index.php\/category\/mini-lecteur\/"},"img":{"alt_text":"","src":"https:\/\/i0.wp.com\/www.jojoenherbe.com\/wp-content\/uploads\/2019\/01\/albums-jeunesse-galette.jpg?fit=1200%2C977&resize=350%2C200","width":350,"height":200,"srcset":"https:\/\/i0.wp.com\/www.jojoenherbe.com\/wp-content\/uploads\/2019\/01\/albums-jeunesse-galette.jpg?fit=1200%2C977&resize=350%2C200 1x, https:\/\/i0.wp.com\/www.jojoenherbe.com\/wp-content\/uploads\/2019\/01\/albums-jeunesse-galette.jpg?fit=1200%2C977&resize=525%2C300 1.5x, https:\/\/i0.wp.com\/www.jojoenherbe.com\/wp-content\/uploads\/2019\/01\/albums-jeunesse-galette.jpg?fit=1200%2C977&resize=700%2C400 2x, https:\/\/i0.wp.com\/www.jojoenherbe.com\/wp-content\/uploads\/2019\/01\/albums-jeunesse-galette.jpg?fit=1200%2C977&resize=1050%2C600 3x"},"classes":[]},{"id":6547,"url":"http:\/\/www.jojoenherbe.com\/index.php\/2019\/06\/26\/au-fil-des-pages-avec-la-plage\/","url_meta":{"origin":7120,"position":1},"title":"Au fil des pages avec la plage","author":"Jojo","date":"26 juin 2019","format":false,"excerpt":"Nous continuons \u00e0 emprunter des livres sur l'\u00e9t\u00e9, la plage et les vacances (d\u00e8s 2\/3 ans). Nous lisons Les souris \u00e0 la plage de Haruo Yamashita et Kazuo Iwamura (\u00e9d. L'\u00e9cole des loisirs, 1999). Nous retrouvons avec plaisir le coup de crayon de Kazuo Iwamura pour les illustrations mais une\u2026","rel":"","context":"Dans &quot;Mini lecteur&quot;","block_context":{"text":"Mini lecteur","link":"http:\/\/www.jojoenherbe.com\/index.php\/category\/mini-lecteur\/"},"img":{"alt_text":"","src":"https:\/\/i0.wp.com\/www.jojoenherbe.com\/wp-content\/uploads\/2019\/06\/%C3%A0-la-plage.jpg?fit=1200%2C900&resize=350%2C200","width":350,"height":200,"srcset":"https:\/\/i0.wp.com\/www.jojoenherbe.com\/wp-content\/uploads\/2019\/06\/%C3%A0-la-plage.jpg?fit=1200%2C900&resize=350%2C200 1x, https:\/\/i0.wp.com\/www.jojoenherbe.com\/wp-content\/uploads\/2019\/06\/%C3%A0-la-plage.jpg?fit=1200%2C900&resize=525%2C300 1.5x, https:\/\/i0.wp.com\/www.jojoenherbe.com\/wp-content\/uploads\/2019\/06\/%C3%A0-la-plage.jpg?fit=1200%2C900&resize=700%2C400 2x, https:\/\/i0.wp.com\/www.jojoenherbe.com\/wp-content\/uploads\/2019\/06\/%C3%A0-la-plage.jpg?fit=1200%2C900&resize=1050%2C600 3x"},"classes":[]},{"id":10631,"url":"http:\/\/www.jojoenherbe.com\/index.php\/2020\/04\/04\/un-rat-pour-ce-premier-week-end-davril-2020\/","url_meta":{"origin":7120,"position":2},"title":"Un RAT pour ce premier week-end d&rsquo;avril 2020","author":"Jojo","date":"4 avril 2020","format":false,"excerpt":"Et c'est parti pour un RAT pour ce premier week-end d'avril 2020, d'aujourd'hui 13h \u00e0 demain soir minuit. Ce marathon de lectures reste dans l'esprit du British Mysteries 2020 tout en se joignant avec des livres hors th\u00e8me au RAT du Mois au Japon organis\u00e9 par Lou et Hilde. Comme\u2026","rel":"","context":"Dans &quot;Mini challenger&quot;","block_context":{"text":"Mini challenger","link":"http:\/\/www.jojoenherbe.com\/index.php\/category\/mini-challenger\/"},"img":{"alt_text":"","src":"https:\/\/i0.wp.com\/www.jojoenherbe.com\/wp-content\/uploads\/2020\/04\/RAT-davril-2020.jpg?fit=1200%2C1156&resize=350%2C200","width":350,"height":200,"srcset":"https:\/\/i0.wp.com\/www.jojoenherbe.com\/wp-content\/uploads\/2020\/04\/RAT-davril-2020.jpg?fit=1200%2C1156&resize=350%2C200 1x, https:\/\/i0.wp.com\/www.jojoenherbe.com\/wp-content\/uploads\/2020\/04\/RAT-davril-2020.jpg?fit=1200%2C1156&resize=525%2C300 1.5x, https:\/\/i0.wp.com\/www.jojoenherbe.com\/wp-content\/uploads\/2020\/04\/RAT-davril-2020.jpg?fit=1200%2C1156&resize=700%2C400 2x, https:\/\/i0.wp.com\/www.jojoenherbe.com\/wp-content\/uploads\/2020\/04\/RAT-davril-2020.jpg?fit=1200%2C1156&resize=1050%2C600 3x"},"classes":[]},{"id":6797,"url":"http:\/\/www.jojoenherbe.com\/index.php\/2019\/07\/18\/au-fil-des-pages-avec-le-lapin-magicien\/","url_meta":{"origin":7120,"position":3},"title":"Au fil des pages avec Le lapin magicien","author":"Jojo","date":"18 juillet 2019","format":false,"excerpt":"Nous empruntons \u00e0 la biblioth\u00e8que Le lapin magicien de Micha\u00ebl Escoffier et \u00c9l\u00e9onore Thuillier (\u00e9d. Kal\u00e9idoscope, 2015), album jeunesse \u00e0 partir de 3 ans. Nous reconnaissons le coup de crayon de l'illustratrice, \u00c9l\u00e9onore Thuillier puisque c'est elle qui donne vie \u00e0 Loup et P'tit Loup. Dans la for\u00eat, un gentil\u2026","rel":"","context":"Dans &quot;Mini lecteur&quot;","block_context":{"text":"Mini lecteur","link":"http:\/\/www.jojoenherbe.com\/index.php\/category\/mini-lecteur\/"},"img":{"alt_text":"","src":"https:\/\/i0.wp.com\/www.jojoenherbe.com\/wp-content\/uploads\/2019\/07\/Le-lapin-magicien.jpg?fit=1200%2C1157&resize=350%2C200","width":350,"height":200,"srcset":"https:\/\/i0.wp.com\/www.jojoenherbe.com\/wp-content\/uploads\/2019\/07\/Le-lapin-magicien.jpg?fit=1200%2C1157&resize=350%2C200 1x, https:\/\/i0.wp.com\/www.jojoenherbe.com\/wp-content\/uploads\/2019\/07\/Le-lapin-magicien.jpg?fit=1200%2C1157&resize=525%2C300 1.5x, https:\/\/i0.wp.com\/www.jojoenherbe.com\/wp-content\/uploads\/2019\/07\/Le-lapin-magicien.jpg?fit=1200%2C1157&resize=700%2C400 2x, https:\/\/i0.wp.com\/www.jojoenherbe.com\/wp-content\/uploads\/2019\/07\/Le-lapin-magicien.jpg?fit=1200%2C1157&resize=1050%2C600 3x"},"classes":[]},{"id":5919,"url":"http:\/\/www.jojoenherbe.com\/index.php\/2019\/05\/11\/au-fil-des-pages-avec-le-loup-qui-apprivoisait-ses-emotions\/","url_meta":{"origin":7120,"position":4},"title":"Au fil des pages avec Le loup qui apprivoisait ses \u00e9motions","author":"Jojo","date":"11 mai 2019","format":false,"excerpt":"Apr\u00e8s avoir r\u00e9alis\u00e9 un dessin en collage avec le personnage de Loup, nous relisons Le loup qui apprivoisait ses \u00e9motions d'Orianne Lallemand et \u00c9l\u00e9onore Thuillier (\u00e9d. Auzou, 2017). Nous suivons l'histoire de Loup qui va tenter de ma\u00eetriser ses \u00e9motions gr\u00e2ce \u00e0 l'aide de ses amis. Cet album jeunesse permet\u2026","rel":"","context":"Dans &quot;Mini lecteur&quot;","block_context":{"text":"Mini lecteur","link":"http:\/\/www.jojoenherbe.com\/index.php\/category\/mini-lecteur\/"},"img":{"alt_text":"","src":"https:\/\/i0.wp.com\/www.jojoenherbe.com\/wp-content\/uploads\/2019\/05\/Le-loup-qui-apprivoisait-ses-%C3%A9motions.jpg?fit=934%2C1200&resize=350%2C200","width":350,"height":200,"srcset":"https:\/\/i0.wp.com\/www.jojoenherbe.com\/wp-content\/uploads\/2019\/05\/Le-loup-qui-apprivoisait-ses-%C3%A9motions.jpg?fit=934%2C1200&resize=350%2C200 1x, https:\/\/i0.wp.com\/www.jojoenherbe.com\/wp-content\/uploads\/2019\/05\/Le-loup-qui-apprivoisait-ses-%C3%A9motions.jpg?fit=934%2C1200&resize=525%2C300 1.5x, https:\/\/i0.wp.com\/www.jojoenherbe.com\/wp-content\/uploads\/2019\/05\/Le-loup-qui-apprivoisait-ses-%C3%A9motions.jpg?fit=934%2C1200&resize=700%2C400 2x"},"classes":[]},{"id":6302,"url":"http:\/\/www.jojoenherbe.com\/index.php\/2019\/06\/10\/au-fil-des-pages-avec-le-loup-qui-voyageait-dans-le-temps\/","url_meta":{"origin":7120,"position":5},"title":"Au fil des pages avec Le loup qui voyageait dans le temps","author":"Jojo","date":"10 juin 2019","format":false,"excerpt":"Apr\u00e8s notre balade \u00e0 Tourrette-Levens \u00e0 travers les \u00e2ges, nous lisons Le loup qui voyageait dans le temps d'Orianne Lallemand et \u00c9l\u00e9onore Thuillier (\u00e9d. Auzou, 2014). Apr\u00e8s avoir abord\u00e9 les \u00e9motions avec Loup, nous voil\u00e0 d\u00e9sormais \u00e0 remonter le temps avec lui: au temps des dinosaures puis des Temps modernes\u2026","rel":"","context":"Dans &quot;Mini lecteur&quot;","block_context":{"text":"Mini lecteur","link":"http:\/\/www.jojoenherbe.com\/index.php\/category\/mini-lecteur\/"},"img":{"alt_text":"","src":"https:\/\/i0.wp.com\/www.jojoenherbe.com\/wp-content\/uploads\/2019\/06\/Le-loup-qui-voyageait-dans-le-temps.jpg?fit=1059%2C1200&resize=350%2C200","width":350,"height":200,"srcset":"https:\/\/i0.wp.com\/www.jojoenherbe.com\/wp-content\/uploads\/2019\/06\/Le-loup-qui-voyageait-dans-le-temps.jpg?fit=1059%2C1200&resize=350%2C200 1x, https:\/\/i0.wp.com\/www.jojoenherbe.com\/wp-content\/uploads\/2019\/06\/Le-loup-qui-voyageait-dans-le-temps.jpg?fit=1059%2C1200&resize=525%2C300 1.5x, https:\/\/i0.wp.com\/www.jojoenherbe.com\/wp-content\/uploads\/2019\/06\/Le-loup-qui-voyageait-dans-le-temps.jpg?fit=1059%2C1200&resize=700%2C400 2x, https:\/\/i0.wp.com\/www.jojoenherbe.com\/wp-content\/uploads\/2019\/06\/Le-loup-qui-voyageait-dans-le-temps.jpg?fit=1059%2C1200&resize=1050%2C600 3x"},"classes":[]}],"_links":{"self":[{"href":"http:\/\/www.jojoenherbe.com\/index.php\/wp-json\/wp\/v2\/posts\/7120","targetHints":{"allow":["GET"]}}],"collection":[{"href":"http:\/\/www.jojoenherbe.com\/index.php\/wp-json\/wp\/v2\/posts"}],"about":[{"href":"http:\/\/www.jojoenherbe.com\/index.php\/wp-json\/wp\/v2\/types\/post"}],"author":[{"embeddable":true,"href":"http:\/\/www.jojoenherbe.com\/index.php\/wp-json\/wp\/v2\/users\/1"}],"replies":[{"embeddable":true,"href":"http:\/\/www.jojoenherbe.com\/index.php\/wp-json\/wp\/v2\/comments?post=7120"}],"version-history":[{"count":0,"href":"http:\/\/www.jojoenherbe.com\/index.php\/wp-json\/wp\/v2\/posts\/7120\/revisions"}],"wp:featuredmedia":[{"embeddable":true,"href":"http:\/\/www.jojoenherbe.com\/index.php\/wp-json\/wp\/v2\/media\/7123"}],"wp:attachment":[{"href":"http:\/\/www.jojoenherbe.com\/index.php\/wp-json\/wp\/v2\/media?parent=7120"}],"wp:term":[{"taxonomy":"category","embeddable":true,"href":"http:\/\/www.jojoenherbe.com\/index.php\/wp-json\/wp\/v2\/categories?post=7120"},{"taxonomy":"post_tag","embeddable":true,"href":"http:\/\/www.jojoenherbe.com\/index.php\/wp-json\/wp\/v2\/tags?post=7120"}],"curies":[{"name":"wp","href":"https:\/\/api.w.org\/{rel}","templated":true}]}}