{"id":7116,"date":"2019-08-19T14:32:15","date_gmt":"2019-08-19T12:32:15","guid":{"rendered":"http:\/\/www.jojoenherbe.com\/?p=7116"},"modified":"2020-03-13T11:02:19","modified_gmt":"2020-03-13T10:02:19","slug":"sur-le-sentier-des-douaniers-st-aygulf","status":"publish","type":"post","link":"http:\/\/www.jojoenherbe.com\/index.php\/2019\/08\/19\/sur-le-sentier-des-douaniers-st-aygulf\/","title":{"rendered":"Sur le sentier des douaniers &#8211; St-Aygulf"},"content":{"rendered":"<p style=\"text-align: justify;\"><em>Pour cette semaine 33 du Projet 52-2019 de Du c\u00f4t\u00e9 de chez Ma&rsquo;, le th\u00e8me est \u00ab\u00a0<a href=\"http:\/\/manuelles.canalblog.com\/archives\/2019\/08\/17\/37553701.html\">Lointain<\/a>\u00ab\u00a0. Avec un peu de retard, je publie ma photo, m\u00eame si celle-ci a bien \u00e9t\u00e9 prise le week-end dernier pendant une balade le long du sentier des douaniers reliant Saint-Aygulf aux Issambres. A l&rsquo;horizon, nous pouvons voir Saint-Rapha\u00ebl et le Dramont.<br \/>\n<\/em><\/p>\n","protected":false},"excerpt":{"rendered":"<p>Pour cette semaine 33 du Projet 52-2019 de Du c\u00f4t\u00e9 de chez Ma&rsquo;, le th\u00e8me est \u00ab\u00a0Lointain\u00ab\u00a0. Avec un peu de retard, je publie ma photo, m\u00eame si celle-ci a bien \u00e9t\u00e9 prise le week-end dernier pendant une balade le long du sentier des douaniers reliant Saint-Aygulf aux Issambres. A l&rsquo;horizon, nous pouvons voir Saint-Rapha\u00ebl [&hellip;]<\/p>\n","protected":false},"author":1,"featured_media":7117,"comment_status":"open","ping_status":"open","sticky":false,"template":"","format":"standard","meta":{"jetpack_post_was_ever_published":false,"_jetpack_newsletter_access":"","_jetpack_dont_email_post_to_subs":false,"_jetpack_newsletter_tier_id":0,"_jetpack_memberships_contains_paywalled_content":false,"_jetpack_memberships_contains_paid_content":false,"footnotes":""},"categories":[437],"tags":[22,658,5,1353,1354,166,401,27],"class_list":["post-7116","post","type-post","status-publish","format-standard","has-post-thumbnail","hentry","category-mini-photographe","tag-balades","tag-mer","tag-paca","tag-projet-52-de-ma","tag-projet-52-2019","tag-saint-aygulf","tag-sentiers","tag-var","post-preview"],"jetpack_featured_media_url":"https:\/\/i0.wp.com\/www.jojoenherbe.com\/wp-content\/uploads\/2019\/08\/Sentier-des-douaniers-St-Aygulf.jpg?fit=3888%2C5184","jetpack_sharing_enabled":true,"jetpack_shortlink":"https:\/\/wp.me\/p9zhGx-1QM","jetpack_likes_enabled":true,"jetpack-related-posts":[{"id":9902,"url":"http:\/\/www.jojoenherbe.com\/index.php\/2020\/02\/03\/semaine-5-du-projet-52-2020-boutons\/","url_meta":{"origin":7116,"position":0},"title":"Semaine 5 du Projet 52-2020: Bouton(s)","author":"Jojo","date":"3 f\u00e9vrier 2020","format":false,"excerpt":"Pour la semaine 5 du Projet 52-2020 de Du c\u00f4t\u00e9 de chez Ma', le th\u00e8me est \"Bouton(s)\". J'ai choisi d'illustrer ce th\u00e8me avec des boutons de fleur. Si si il y a encore des boutons sur cette orchis photographi\u00e9e ce 1er f\u00e9vrier 2020 pendant le rallye-d\u00e9couverte organis\u00e9 par l'association Les\u2026","rel":"","context":"Dans &quot;mini photographe&quot;","block_context":{"text":"mini photographe","link":"http:\/\/www.jojoenherbe.com\/index.php\/category\/mini-photographe\/"},"img":{"alt_text":"","src":"https:\/\/i0.wp.com\/www.jojoenherbe.com\/wp-content\/uploads\/2020\/02\/Orchys-%C3%A9tangs-de-Villepey-scaled.jpg?fit=1005%2C1200&resize=350%2C200","width":350,"height":200,"srcset":"https:\/\/i0.wp.com\/www.jojoenherbe.com\/wp-content\/uploads\/2020\/02\/Orchys-%C3%A9tangs-de-Villepey-scaled.jpg?fit=1005%2C1200&resize=350%2C200 1x, https:\/\/i0.wp.com\/www.jojoenherbe.com\/wp-content\/uploads\/2020\/02\/Orchys-%C3%A9tangs-de-Villepey-scaled.jpg?fit=1005%2C1200&resize=525%2C300 1.5x, https:\/\/i0.wp.com\/www.jojoenherbe.com\/wp-content\/uploads\/2020\/02\/Orchys-%C3%A9tangs-de-Villepey-scaled.jpg?fit=1005%2C1200&resize=700%2C400 2x"},"classes":[]},{"id":3427,"url":"http:\/\/www.jojoenherbe.com\/index.php\/2018\/08\/06\/petite-sortie-au-parc-areca-saint-aygulf\/","url_meta":{"origin":7116,"position":1},"title":"Petite sortie au parc Areca &#8211; Saint-Aygulf","author":"Jojo","date":"6 ao\u00fbt 2018","format":false,"excerpt":"Ce 2 ao\u00fbt 2018, nous allons au parc Areca, \u00e0 Saint-Aygulf, pour une petite sortie \u00e0 l'ombre des arbres et sous les chants des oiseaux. Cr\u00e9\u00e9 au d\u00e9but des ann\u00e9es 2000\/2001, ce jardin botanique permet aux enfants de jouer dans l'aire de jeux, \u00e0 d'autres de se promener dans les\u2026","rel":"","context":"Dans &quot;Mini ornitho&quot;","block_context":{"text":"Mini ornitho","link":"http:\/\/www.jojoenherbe.com\/index.php\/category\/mini-ornitho\/"},"img":{"alt_text":"","src":"https:\/\/i0.wp.com\/www.jojoenherbe.com\/wp-content\/uploads\/2018\/08\/perruche-%C3%A0-collier-parc-Areca-2.jpg?fit=1200%2C900&resize=350%2C200","width":350,"height":200,"srcset":"https:\/\/i0.wp.com\/www.jojoenherbe.com\/wp-content\/uploads\/2018\/08\/perruche-%C3%A0-collier-parc-Areca-2.jpg?fit=1200%2C900&resize=350%2C200 1x, https:\/\/i0.wp.com\/www.jojoenherbe.com\/wp-content\/uploads\/2018\/08\/perruche-%C3%A0-collier-parc-Areca-2.jpg?fit=1200%2C900&resize=525%2C300 1.5x, https:\/\/i0.wp.com\/www.jojoenherbe.com\/wp-content\/uploads\/2018\/08\/perruche-%C3%A0-collier-parc-Areca-2.jpg?fit=1200%2C900&resize=700%2C400 2x, https:\/\/i0.wp.com\/www.jojoenherbe.com\/wp-content\/uploads\/2018\/08\/perruche-%C3%A0-collier-parc-Areca-2.jpg?fit=1200%2C900&resize=1050%2C600 3x"},"classes":[]},{"id":2589,"url":"http:\/\/www.jojoenherbe.com\/index.php\/2018\/05\/13\/petite-balade-aux-etangs-de-villepey\/","url_meta":{"origin":7116,"position":2},"title":"Petite balade aux \u00e9tangs de Villepey","author":"Jojo","date":"13 mai 2018","format":false,"excerpt":"Ce 11 mai 2018, nous partons dans l'apr\u00e8s-midi nous balader le long d'un des sentiers am\u00e9nag\u00e9s des \u00e9tangs de Villepey, au niveau de l'entr\u00e9e de Saint-Aygulf. Nous laissons les vacanciers sur les plages de sable au niveau o\u00f9 les \u00e9tangs se m\u00e9langent avec la Mer M\u00e9diterran\u00e9e sous le pont de\u2026","rel":"","context":"Dans &quot;Mini baladeur&quot;","block_context":{"text":"Mini baladeur","link":"http:\/\/www.jojoenherbe.com\/index.php\/category\/mini-crapahuteur\/mini-baladeur\/"},"img":{"alt_text":"","src":"https:\/\/i0.wp.com\/www.jojoenherbe.com\/wp-content\/uploads\/2018\/05\/Perruche-%C3%A0-collier-bleue-%C3%A9tangs-de-Villepey-2.jpg?fit=1004%2C1200&resize=350%2C200","width":350,"height":200,"srcset":"https:\/\/i0.wp.com\/www.jojoenherbe.com\/wp-content\/uploads\/2018\/05\/Perruche-%C3%A0-collier-bleue-%C3%A9tangs-de-Villepey-2.jpg?fit=1004%2C1200&resize=350%2C200 1x, https:\/\/i0.wp.com\/www.jojoenherbe.com\/wp-content\/uploads\/2018\/05\/Perruche-%C3%A0-collier-bleue-%C3%A9tangs-de-Villepey-2.jpg?fit=1004%2C1200&resize=525%2C300 1.5x, https:\/\/i0.wp.com\/www.jojoenherbe.com\/wp-content\/uploads\/2018\/05\/Perruche-%C3%A0-collier-bleue-%C3%A9tangs-de-Villepey-2.jpg?fit=1004%2C1200&resize=700%2C400 2x"},"classes":[]},{"id":6522,"url":"http:\/\/www.jojoenherbe.com\/index.php\/2019\/06\/24\/balade-dans-la-vallee-de-la-gordolasque\/","url_meta":{"origin":7116,"position":3},"title":"Balade dans la vall\u00e9e de la Gordolasque","author":"Jojo","date":"24 juin 2019","format":false,"excerpt":"Ce 23 juin 2019, nous passons par Belv\u00e9d\u00e8re pour gagner, une dizaine de kilom\u00e8tres plus loin, la vall\u00e9e de la Gordolasque faisant partie du parc national du Mercantour. Nous faisons une pause d\u00e9jeuner sur une table de pique-nique install\u00e9e \u00e0 c\u00f4t\u00e9 de la cascade du Ray (1.360 m\u00e8tres d'altitude), toute\u2026","rel":"","context":"Dans &quot;Mini baladeur&quot;","block_context":{"text":"Mini baladeur","link":"http:\/\/www.jojoenherbe.com\/index.php\/category\/mini-crapahuteur\/mini-baladeur\/"},"img":{"alt_text":"","src":"https:\/\/i0.wp.com\/www.jojoenherbe.com\/wp-content\/uploads\/2019\/06\/Lac-de-Saint-Gras.jpg?fit=1200%2C900&resize=350%2C200","width":350,"height":200,"srcset":"https:\/\/i0.wp.com\/www.jojoenherbe.com\/wp-content\/uploads\/2019\/06\/Lac-de-Saint-Gras.jpg?fit=1200%2C900&resize=350%2C200 1x, https:\/\/i0.wp.com\/www.jojoenherbe.com\/wp-content\/uploads\/2019\/06\/Lac-de-Saint-Gras.jpg?fit=1200%2C900&resize=525%2C300 1.5x, https:\/\/i0.wp.com\/www.jojoenherbe.com\/wp-content\/uploads\/2019\/06\/Lac-de-Saint-Gras.jpg?fit=1200%2C900&resize=700%2C400 2x, https:\/\/i0.wp.com\/www.jojoenherbe.com\/wp-content\/uploads\/2019\/06\/Lac-de-Saint-Gras.jpg?fit=1200%2C900&resize=1050%2C600 3x"},"classes":[]},{"id":27261,"url":"http:\/\/www.jojoenherbe.com\/index.php\/2022\/08\/27\/soiree-plage-a-saint-aygulf\/","url_meta":{"origin":7116,"position":4},"title":"Soir\u00e9e plage \u00e0 Saint-Aygulf","author":"Jojo","date":"27 ao\u00fbt 2022","format":false,"excerpt":"Le 23 ao\u00fbt 2022, nous partons en fin d'apr\u00e8s-midi, vers 18h\/18h30, \u00e0 la plage des Esclamandes \u00e0 Saint-Aygulf et y restons jusqu'au cr\u00e9puscule, le soleil se couchant alors derri\u00e8re les dunes de sable o\u00f9 fleurissent de nombreux lys maritimes. Depuis la derni\u00e8re fois que nous sommes venus sur cette plage\u2026","rel":"","context":"Dans &quot;Mini baladeur&quot;","block_context":{"text":"Mini baladeur","link":"http:\/\/www.jojoenherbe.com\/index.php\/category\/mini-crapahuteur\/mini-baladeur\/"},"img":{"alt_text":"","src":"https:\/\/i0.wp.com\/www.jojoenherbe.com\/wp-content\/uploads\/2022\/08\/Plage-des-Esclamandes-St-Aygulf-6-scaled.jpg?fit=1200%2C729&resize=350%2C200","width":350,"height":200,"srcset":"https:\/\/i0.wp.com\/www.jojoenherbe.com\/wp-content\/uploads\/2022\/08\/Plage-des-Esclamandes-St-Aygulf-6-scaled.jpg?fit=1200%2C729&resize=350%2C200 1x, https:\/\/i0.wp.com\/www.jojoenherbe.com\/wp-content\/uploads\/2022\/08\/Plage-des-Esclamandes-St-Aygulf-6-scaled.jpg?fit=1200%2C729&resize=525%2C300 1.5x, https:\/\/i0.wp.com\/www.jojoenherbe.com\/wp-content\/uploads\/2022\/08\/Plage-des-Esclamandes-St-Aygulf-6-scaled.jpg?fit=1200%2C729&resize=700%2C400 2x, https:\/\/i0.wp.com\/www.jojoenherbe.com\/wp-content\/uploads\/2022\/08\/Plage-des-Esclamandes-St-Aygulf-6-scaled.jpg?fit=1200%2C729&resize=1050%2C600 3x"},"classes":[]},{"id":5085,"url":"http:\/\/www.jojoenherbe.com\/index.php\/2019\/03\/17\/tout-proche-du-printemps\/","url_meta":{"origin":7116,"position":5},"title":"Tout proche du printemps","author":"Jojo","date":"17 mars 2019","format":false,"excerpt":"Pour la semaine 11 du Projet 52-2019 de Du C\u00f4t\u00e9 de Chez Ma\u2019, le th\u00e8me est \"Proche\". A quelques jours du printemps, quoi de mieux que ces deux fleurs printani\u00e8res poussant l'une \u00e0 c\u00f4t\u00e9 de l'autre, si proches, le long du sentier de l\u2019\u00e9cluse \u00e0 P\u00e9gomas? Ce sentier permet de\u2026","rel":"","context":"Dans &quot;mini photographe&quot;","block_context":{"text":"mini photographe","link":"http:\/\/www.jojoenherbe.com\/index.php\/category\/mini-photographe\/"},"img":{"alt_text":"","src":"https:\/\/i0.wp.com\/www.jojoenherbe.com\/wp-content\/uploads\/2019\/03\/Sentier-de-lEcluse-P%C3%A9gomas.jpg?fit=1200%2C900&resize=350%2C200","width":350,"height":200,"srcset":"https:\/\/i0.wp.com\/www.jojoenherbe.com\/wp-content\/uploads\/2019\/03\/Sentier-de-lEcluse-P%C3%A9gomas.jpg?fit=1200%2C900&resize=350%2C200 1x, https:\/\/i0.wp.com\/www.jojoenherbe.com\/wp-content\/uploads\/2019\/03\/Sentier-de-lEcluse-P%C3%A9gomas.jpg?fit=1200%2C900&resize=525%2C300 1.5x, https:\/\/i0.wp.com\/www.jojoenherbe.com\/wp-content\/uploads\/2019\/03\/Sentier-de-lEcluse-P%C3%A9gomas.jpg?fit=1200%2C900&resize=700%2C400 2x, https:\/\/i0.wp.com\/www.jojoenherbe.com\/wp-content\/uploads\/2019\/03\/Sentier-de-lEcluse-P%C3%A9gomas.jpg?fit=1200%2C900&resize=1050%2C600 3x"},"classes":[]}],"_links":{"self":[{"href":"http:\/\/www.jojoenherbe.com\/index.php\/wp-json\/wp\/v2\/posts\/7116","targetHints":{"allow":["GET"]}}],"collection":[{"href":"http:\/\/www.jojoenherbe.com\/index.php\/wp-json\/wp\/v2\/posts"}],"about":[{"href":"http:\/\/www.jojoenherbe.com\/index.php\/wp-json\/wp\/v2\/types\/post"}],"author":[{"embeddable":true,"href":"http:\/\/www.jojoenherbe.com\/index.php\/wp-json\/wp\/v2\/users\/1"}],"replies":[{"embeddable":true,"href":"http:\/\/www.jojoenherbe.com\/index.php\/wp-json\/wp\/v2\/comments?post=7116"}],"version-history":[{"count":0,"href":"http:\/\/www.jojoenherbe.com\/index.php\/wp-json\/wp\/v2\/posts\/7116\/revisions"}],"wp:featuredmedia":[{"embeddable":true,"href":"http:\/\/www.jojoenherbe.com\/index.php\/wp-json\/wp\/v2\/media\/7117"}],"wp:attachment":[{"href":"http:\/\/www.jojoenherbe.com\/index.php\/wp-json\/wp\/v2\/media?parent=7116"}],"wp:term":[{"taxonomy":"category","embeddable":true,"href":"http:\/\/www.jojoenherbe.com\/index.php\/wp-json\/wp\/v2\/categories?post=7116"},{"taxonomy":"post_tag","embeddable":true,"href":"http:\/\/www.jojoenherbe.com\/index.php\/wp-json\/wp\/v2\/tags?post=7116"}],"curies":[{"name":"wp","href":"https:\/\/api.w.org\/{rel}","templated":true}]}}