{"id":7048,"date":"2019-08-13T14:28:22","date_gmt":"2019-08-13T12:28:22","guid":{"rendered":"http:\/\/www.jojoenherbe.com\/?p=7048"},"modified":"2022-07-21T16:17:36","modified_gmt":"2022-07-21T14:17:36","slug":"balade-a-isola-2000","status":"publish","type":"post","link":"http:\/\/www.jojoenherbe.com\/index.php\/2019\/08\/13\/balade-a-isola-2000\/","title":{"rendered":"Balade estivale \u00e0 Isola 2000"},"content":{"rendered":"<p style=\"text-align: justify;\"><em><a href=\"https:\/\/i0.wp.com\/www.jojoenherbe.com\/wp-content\/uploads\/2019\/08\/Isola-2000-2.jpg\"><img data-recalc-dims=\"1\" loading=\"lazy\" decoding=\"async\" data-attachment-id=\"7056\" data-permalink=\"http:\/\/www.jojoenherbe.com\/index.php\/2019\/08\/13\/balade-a-isola-2000\/isola-2000-2\/\" data-orig-file=\"https:\/\/i0.wp.com\/www.jojoenherbe.com\/wp-content\/uploads\/2019\/08\/Isola-2000-2.jpg?fit=5184%2C3888\" data-orig-size=\"5184,3888\" data-comments-opened=\"1\" data-image-meta=\"{&quot;aperture&quot;:&quot;3.2&quot;,&quot;credit&quot;:&quot;&quot;,&quot;camera&quot;:&quot;DSC-HX400V&quot;,&quot;caption&quot;:&quot;&quot;,&quot;created_timestamp&quot;:&quot;1565531458&quot;,&quot;copyright&quot;:&quot;&quot;,&quot;focal_length&quot;:&quot;4.3&quot;,&quot;iso&quot;:&quot;80&quot;,&quot;shutter_speed&quot;:&quot;0.003125&quot;,&quot;title&quot;:&quot;&quot;,&quot;orientation&quot;:&quot;1&quot;}\" data-image-title=\"Isola 2000 2\" data-image-description=\"\" data-image-caption=\"\" data-large-file=\"https:\/\/i0.wp.com\/www.jojoenherbe.com\/wp-content\/uploads\/2019\/08\/Isola-2000-2.jpg?fit=676%2C507\" class=\"alignleft size-thumbnail wp-image-7056\" src=\"https:\/\/i0.wp.com\/www.jojoenherbe.com\/wp-content\/uploads\/2019\/08\/Isola-2000-2.jpg?resize=150%2C150\" alt=\"\" width=\"150\" height=\"150\" srcset=\"https:\/\/i0.wp.com\/www.jojoenherbe.com\/wp-content\/uploads\/2019\/08\/Isola-2000-2.jpg?resize=150%2C150 150w, https:\/\/i0.wp.com\/www.jojoenherbe.com\/wp-content\/uploads\/2019\/08\/Isola-2000-2.jpg?zoom=2&amp;resize=150%2C150 300w, https:\/\/i0.wp.com\/www.jojoenherbe.com\/wp-content\/uploads\/2019\/08\/Isola-2000-2.jpg?zoom=3&amp;resize=150%2C150 450w\" sizes=\"auto, (max-width: 150px) 100vw, 150px\" \/><\/a> <a href=\"https:\/\/i0.wp.com\/www.jojoenherbe.com\/wp-content\/uploads\/2019\/08\/Fleur-Isola-2000.jpg\"><img data-recalc-dims=\"1\" loading=\"lazy\" decoding=\"async\" data-attachment-id=\"7073\" data-permalink=\"http:\/\/www.jojoenherbe.com\/index.php\/2019\/08\/13\/balade-a-isola-2000\/fleur-isola-2000\/\" data-orig-file=\"https:\/\/i0.wp.com\/www.jojoenherbe.com\/wp-content\/uploads\/2019\/08\/Fleur-Isola-2000.jpg?fit=3888%2C5184\" data-orig-size=\"3888,5184\" data-comments-opened=\"1\" data-image-meta=\"{&quot;aperture&quot;:&quot;3.5&quot;,&quot;credit&quot;:&quot;&quot;,&quot;camera&quot;:&quot;DSC-HX400V&quot;,&quot;caption&quot;:&quot;&quot;,&quot;created_timestamp&quot;:&quot;1565531697&quot;,&quot;copyright&quot;:&quot;&quot;,&quot;focal_length&quot;:&quot;10.9&quot;,&quot;iso&quot;:&quot;80&quot;,&quot;shutter_speed&quot;:&quot;0.003125&quot;,&quot;title&quot;:&quot;&quot;,&quot;orientation&quot;:&quot;1&quot;}\" data-image-title=\"Fleur &amp;#8211; Isola 2000\" data-image-description=\"\" data-image-caption=\"\" data-large-file=\"https:\/\/i0.wp.com\/www.jojoenherbe.com\/wp-content\/uploads\/2019\/08\/Fleur-Isola-2000.jpg?fit=676%2C901\" class=\"alignleft size-thumbnail wp-image-7073\" src=\"https:\/\/i0.wp.com\/www.jojoenherbe.com\/wp-content\/uploads\/2019\/08\/Fleur-Isola-2000.jpg?resize=150%2C150\" alt=\"\" width=\"150\" height=\"150\" srcset=\"https:\/\/i0.wp.com\/www.jojoenherbe.com\/wp-content\/uploads\/2019\/08\/Fleur-Isola-2000.jpg?resize=150%2C150 150w, https:\/\/i0.wp.com\/www.jojoenherbe.com\/wp-content\/uploads\/2019\/08\/Fleur-Isola-2000.jpg?zoom=2&amp;resize=150%2C150 300w, https:\/\/i0.wp.com\/www.jojoenherbe.com\/wp-content\/uploads\/2019\/08\/Fleur-Isola-2000.jpg?zoom=3&amp;resize=150%2C150 450w\" sizes=\"auto, (max-width: 150px) 100vw, 150px\" \/><\/a>Ce 11 ao\u00fbt 2019, nous montons \u00e0 Isola 2000 pour une balade estivale au d\u00e9part de la station de ski, \u00e0 la&nbsp; balise n\u00b090a qui permet d&rsquo;acc\u00e9der par exemple \u00e0 la Baisse du Druos ou une fois la fronti\u00e8re italienne pass\u00e9e, aux lacs de Valscura. Mais cette fois-ci, nous n&rsquo;irons pas aussi loin.<br \/>\n<\/em><\/p>\n<div id=\"attachment_7055\" style=\"width: 160px\" class=\"wp-caption alignright\"><a href=\"https:\/\/i0.wp.com\/www.jojoenherbe.com\/wp-content\/uploads\/2019\/08\/Chrysom%C3%A8les-de-la-menthe-Isola-2000.jpg\"><img data-recalc-dims=\"1\" loading=\"lazy\" decoding=\"async\" aria-describedby=\"caption-attachment-7055\" data-attachment-id=\"7055\" data-permalink=\"http:\/\/www.jojoenherbe.com\/index.php\/2019\/08\/13\/balade-a-isola-2000\/chrysomeles-de-la-menthe-isola-2000\/\" data-orig-file=\"https:\/\/i0.wp.com\/www.jojoenherbe.com\/wp-content\/uploads\/2019\/08\/Chrysom%C3%A8les-de-la-menthe-Isola-2000.jpg?fit=5184%2C3888\" data-orig-size=\"5184,3888\" data-comments-opened=\"1\" data-image-meta=\"{&quot;aperture&quot;:&quot;4.5&quot;,&quot;credit&quot;:&quot;&quot;,&quot;camera&quot;:&quot;DSC-HX400V&quot;,&quot;caption&quot;:&quot;&quot;,&quot;created_timestamp&quot;:&quot;1565530957&quot;,&quot;copyright&quot;:&quot;&quot;,&quot;focal_length&quot;:&quot;28.27&quot;,&quot;iso&quot;:&quot;500&quot;,&quot;shutter_speed&quot;:&quot;0.00625&quot;,&quot;title&quot;:&quot;&quot;,&quot;orientation&quot;:&quot;1&quot;}\" data-image-title=\"Chrysom\u00e8les de la menthe &amp;#8211; Isola 2000\" data-image-description=\"\" data-image-caption=\"\" data-large-file=\"https:\/\/i0.wp.com\/www.jojoenherbe.com\/wp-content\/uploads\/2019\/08\/Chrysom%C3%A8les-de-la-menthe-Isola-2000.jpg?fit=676%2C507\" class=\"wp-image-7055 size-thumbnail\" src=\"https:\/\/i0.wp.com\/www.jojoenherbe.com\/wp-content\/uploads\/2019\/08\/Chrysom%C3%A8les-de-la-menthe-Isola-2000.jpg?resize=150%2C150\" alt=\"\" width=\"150\" height=\"150\" srcset=\"https:\/\/i0.wp.com\/www.jojoenherbe.com\/wp-content\/uploads\/2019\/08\/Chrysom%C3%A8les-de-la-menthe-Isola-2000.jpg?resize=150%2C150 150w, https:\/\/i0.wp.com\/www.jojoenherbe.com\/wp-content\/uploads\/2019\/08\/Chrysom%C3%A8les-de-la-menthe-Isola-2000.jpg?zoom=2&amp;resize=150%2C150 300w, https:\/\/i0.wp.com\/www.jojoenherbe.com\/wp-content\/uploads\/2019\/08\/Chrysom%C3%A8les-de-la-menthe-Isola-2000.jpg?zoom=3&amp;resize=150%2C150 450w\" sizes=\"auto, (max-width: 150px) 100vw, 150px\" \/><\/a><p id=\"caption-attachment-7055\" class=\"wp-caption-text\">Chrysom\u00e8les de la menthe<\/p><\/div>\n<div id=\"attachment_7074\" style=\"width: 160px\" class=\"wp-caption alignright\"><a href=\"https:\/\/i0.wp.com\/www.jojoenherbe.com\/wp-content\/uploads\/2019\/08\/Oeillets-Isola-2000.jpg\"><img data-recalc-dims=\"1\" loading=\"lazy\" decoding=\"async\" aria-describedby=\"caption-attachment-7074\" data-attachment-id=\"7074\" data-permalink=\"http:\/\/www.jojoenherbe.com\/index.php\/2019\/08\/13\/balade-a-isola-2000\/oeillets-isola-2000\/\" data-orig-file=\"https:\/\/i0.wp.com\/www.jojoenherbe.com\/wp-content\/uploads\/2019\/08\/Oeillets-Isola-2000.jpg?fit=3888%2C5184\" data-orig-size=\"3888,5184\" data-comments-opened=\"1\" data-image-meta=\"{&quot;aperture&quot;:&quot;4&quot;,&quot;credit&quot;:&quot;&quot;,&quot;camera&quot;:&quot;DSC-HX400V&quot;,&quot;caption&quot;:&quot;&quot;,&quot;created_timestamp&quot;:&quot;1565532250&quot;,&quot;copyright&quot;:&quot;&quot;,&quot;focal_length&quot;:&quot;15.64&quot;,&quot;iso&quot;:&quot;80&quot;,&quot;shutter_speed&quot;:&quot;0.003125&quot;,&quot;title&quot;:&quot;&quot;,&quot;orientation&quot;:&quot;1&quot;}\" data-image-title=\"Oeillets &amp;#8211; Isola 2000\" data-image-description=\"\" data-image-caption=\"\" data-large-file=\"https:\/\/i0.wp.com\/www.jojoenherbe.com\/wp-content\/uploads\/2019\/08\/Oeillets-Isola-2000.jpg?fit=676%2C901\" class=\"wp-image-7074 size-thumbnail\" src=\"https:\/\/i0.wp.com\/www.jojoenherbe.com\/wp-content\/uploads\/2019\/08\/Oeillets-Isola-2000.jpg?resize=150%2C150\" alt=\"\" width=\"150\" height=\"150\" srcset=\"https:\/\/i0.wp.com\/www.jojoenherbe.com\/wp-content\/uploads\/2019\/08\/Oeillets-Isola-2000.jpg?resize=150%2C150 150w, https:\/\/i0.wp.com\/www.jojoenherbe.com\/wp-content\/uploads\/2019\/08\/Oeillets-Isola-2000.jpg?zoom=2&amp;resize=150%2C150 300w, https:\/\/i0.wp.com\/www.jojoenherbe.com\/wp-content\/uploads\/2019\/08\/Oeillets-Isola-2000.jpg?zoom=3&amp;resize=150%2C150 450w\" sizes=\"auto, (max-width: 150px) 100vw, 150px\" \/><\/a><p id=\"caption-attachment-7074\" class=\"wp-caption-text\">\u0152illets<\/p><\/div>\n<p style=\"text-align: justify;\"><em>D\u00e8s les premiers pas de la mont\u00e9e assez raide, nous laissons derri\u00e8re nous les chalets de la station de ski pour s&rsquo;impr\u00e9gner de la nature de la Haute Tin\u00e9e: des plantes envahies de<\/em><em> chrysom\u00e8les de la menthe puis des framboisiers bordent le sentier rocailleux. <\/em><\/p>\n<p style=\"text-align: justify;\"><em><a href=\"https:\/\/i0.wp.com\/www.jojoenherbe.com\/wp-content\/uploads\/2019\/08\/Isola-2000-3.jpg\"><img data-recalc-dims=\"1\" loading=\"lazy\" decoding=\"async\" data-attachment-id=\"7057\" data-permalink=\"http:\/\/www.jojoenherbe.com\/index.php\/2019\/08\/13\/balade-a-isola-2000\/isola-2000-3\/\" data-orig-file=\"https:\/\/i0.wp.com\/www.jojoenherbe.com\/wp-content\/uploads\/2019\/08\/Isola-2000-3.jpg?fit=5184%2C3888\" data-orig-size=\"5184,3888\" data-comments-opened=\"1\" data-image-meta=\"{&quot;aperture&quot;:&quot;3.2&quot;,&quot;credit&quot;:&quot;&quot;,&quot;camera&quot;:&quot;DSC-HX400V&quot;,&quot;caption&quot;:&quot;&quot;,&quot;created_timestamp&quot;:&quot;1565532841&quot;,&quot;copyright&quot;:&quot;&quot;,&quot;focal_length&quot;:&quot;4.3&quot;,&quot;iso&quot;:&quot;80&quot;,&quot;shutter_speed&quot;:&quot;0.003125&quot;,&quot;title&quot;:&quot;&quot;,&quot;orientation&quot;:&quot;1&quot;}\" data-image-title=\"Isola 2000 3\" data-image-description=\"\" data-image-caption=\"\" data-large-file=\"https:\/\/i0.wp.com\/www.jojoenherbe.com\/wp-content\/uploads\/2019\/08\/Isola-2000-3.jpg?fit=676%2C507\" class=\"alignleft size-thumbnail wp-image-7057\" src=\"https:\/\/i0.wp.com\/www.jojoenherbe.com\/wp-content\/uploads\/2019\/08\/Isola-2000-3.jpg?resize=150%2C150\" alt=\"\" width=\"150\" height=\"150\" srcset=\"https:\/\/i0.wp.com\/www.jojoenherbe.com\/wp-content\/uploads\/2019\/08\/Isola-2000-3.jpg?resize=150%2C150 150w, https:\/\/i0.wp.com\/www.jojoenherbe.com\/wp-content\/uploads\/2019\/08\/Isola-2000-3.jpg?zoom=2&amp;resize=150%2C150 300w, https:\/\/i0.wp.com\/www.jojoenherbe.com\/wp-content\/uploads\/2019\/08\/Isola-2000-3.jpg?zoom=3&amp;resize=150%2C150 450w\" sizes=\"auto, (max-width: 150px) 100vw, 150px\" \/><\/a><\/em><\/p>\n<div id=\"attachment_7071\" style=\"width: 160px\" class=\"wp-caption alignleft\"><a href=\"https:\/\/i0.wp.com\/www.jojoenherbe.com\/wp-content\/uploads\/2019\/08\/Criquet-bariol%C3%A9-Isola-2000.jpg\"><img data-recalc-dims=\"1\" loading=\"lazy\" decoding=\"async\" aria-describedby=\"caption-attachment-7071\" data-attachment-id=\"7071\" data-permalink=\"http:\/\/www.jojoenherbe.com\/index.php\/2019\/08\/13\/balade-a-isola-2000\/criquet-bariole-isola-2000\/\" data-orig-file=\"https:\/\/i0.wp.com\/www.jojoenherbe.com\/wp-content\/uploads\/2019\/08\/Criquet-bariol%C3%A9-Isola-2000.jpg?fit=5184%2C3888\" data-orig-size=\"5184,3888\" data-comments-opened=\"1\" data-image-meta=\"{&quot;aperture&quot;:&quot;5&quot;,&quot;credit&quot;:&quot;&quot;,&quot;camera&quot;:&quot;DSC-HX400V&quot;,&quot;caption&quot;:&quot;&quot;,&quot;created_timestamp&quot;:&quot;1565533886&quot;,&quot;copyright&quot;:&quot;&quot;,&quot;focal_length&quot;:&quot;60.5&quot;,&quot;iso&quot;:&quot;320&quot;,&quot;shutter_speed&quot;:&quot;0.004&quot;,&quot;title&quot;:&quot;&quot;,&quot;orientation&quot;:&quot;1&quot;}\" data-image-title=\"Criquet bariol\u00e9 &amp;#8211; Isola 2000\" data-image-description=\"\" data-image-caption=\"&lt;p&gt;Criquet bariol\u00e9&lt;\/p&gt;\n\" data-large-file=\"https:\/\/i0.wp.com\/www.jojoenherbe.com\/wp-content\/uploads\/2019\/08\/Criquet-bariol%C3%A9-Isola-2000.jpg?fit=676%2C507\" class=\"size-thumbnail wp-image-7071\" src=\"https:\/\/i0.wp.com\/www.jojoenherbe.com\/wp-content\/uploads\/2019\/08\/Criquet-bariol%C3%A9-Isola-2000.jpg?resize=150%2C150\" alt=\"\" width=\"150\" height=\"150\" srcset=\"https:\/\/i0.wp.com\/www.jojoenherbe.com\/wp-content\/uploads\/2019\/08\/Criquet-bariol%C3%A9-Isola-2000.jpg?resize=150%2C150 150w, https:\/\/i0.wp.com\/www.jojoenherbe.com\/wp-content\/uploads\/2019\/08\/Criquet-bariol%C3%A9-Isola-2000.jpg?zoom=2&amp;resize=150%2C150 300w, https:\/\/i0.wp.com\/www.jojoenherbe.com\/wp-content\/uploads\/2019\/08\/Criquet-bariol%C3%A9-Isola-2000.jpg?zoom=3&amp;resize=150%2C150 450w\" sizes=\"auto, (max-width: 150px) 100vw, 150px\" \/><\/a><p id=\"caption-attachment-7071\" class=\"wp-caption-text\">Criquet bariol\u00e9<\/p><\/div>\n<p style=\"text-align: justify;\"><em>Nous verrons m\u00eame plus loin des framboises bien m\u00fbres et des myrtilles sauvages. Les chrysom\u00e8les ont laiss\u00e9 place \u00e0 de nombreux criquets bariol\u00e9s dont les stridulations rythment nos pas.<br \/>\n<\/em><\/p>\n<div id=\"attachment_7075\" style=\"width: 160px\" class=\"wp-caption alignright\"><a href=\"https:\/\/i0.wp.com\/www.jojoenherbe.com\/wp-content\/uploads\/2019\/08\/Orchis-Isola-2000.jpg\"><img data-recalc-dims=\"1\" loading=\"lazy\" decoding=\"async\" aria-describedby=\"caption-attachment-7075\" data-attachment-id=\"7075\" data-permalink=\"http:\/\/www.jojoenherbe.com\/index.php\/2019\/08\/13\/balade-a-isola-2000\/orchis-isola-2000\/\" data-orig-file=\"https:\/\/i0.wp.com\/www.jojoenherbe.com\/wp-content\/uploads\/2019\/08\/Orchis-Isola-2000.jpg?fit=3888%2C5184\" data-orig-size=\"3888,5184\" data-comments-opened=\"1\" data-image-meta=\"{&quot;aperture&quot;:&quot;3.5&quot;,&quot;credit&quot;:&quot;&quot;,&quot;camera&quot;:&quot;DSC-HX400V&quot;,&quot;caption&quot;:&quot;&quot;,&quot;created_timestamp&quot;:&quot;1565537735&quot;,&quot;copyright&quot;:&quot;&quot;,&quot;focal_length&quot;:&quot;10.61&quot;,&quot;iso&quot;:&quot;80&quot;,&quot;shutter_speed&quot;:&quot;0.002&quot;,&quot;title&quot;:&quot;&quot;,&quot;orientation&quot;:&quot;1&quot;}\" data-image-title=\"Orchis &amp;#8211; Isola 2000\" data-image-description=\"\" data-image-caption=\"\" data-large-file=\"https:\/\/i0.wp.com\/www.jojoenherbe.com\/wp-content\/uploads\/2019\/08\/Orchis-Isola-2000.jpg?fit=676%2C901\" class=\"wp-image-7075 size-thumbnail\" src=\"https:\/\/i0.wp.com\/www.jojoenherbe.com\/wp-content\/uploads\/2019\/08\/Orchis-Isola-2000.jpg?resize=150%2C150\" alt=\"\" width=\"150\" height=\"150\" srcset=\"https:\/\/i0.wp.com\/www.jojoenherbe.com\/wp-content\/uploads\/2019\/08\/Orchis-Isola-2000.jpg?resize=150%2C150 150w, https:\/\/i0.wp.com\/www.jojoenherbe.com\/wp-content\/uploads\/2019\/08\/Orchis-Isola-2000.jpg?zoom=2&amp;resize=150%2C150 300w, https:\/\/i0.wp.com\/www.jojoenherbe.com\/wp-content\/uploads\/2019\/08\/Orchis-Isola-2000.jpg?zoom=3&amp;resize=150%2C150 450w\" sizes=\"auto, (max-width: 150px) 100vw, 150px\" \/><\/a><p id=\"caption-attachment-7075\" class=\"wp-caption-text\">Orchid\u00e9e<\/p><\/div>\n<p style=\"text-align: justify;\"><em> <a href=\"https:\/\/i0.wp.com\/www.jojoenherbe.com\/wp-content\/uploads\/2019\/08\/Fleur-Isola-2000-2.jpg\"><img data-recalc-dims=\"1\" loading=\"lazy\" decoding=\"async\" data-attachment-id=\"7072\" data-permalink=\"http:\/\/www.jojoenherbe.com\/index.php\/2019\/08\/13\/balade-a-isola-2000\/fleur-isola-2000-2\/\" data-orig-file=\"https:\/\/i0.wp.com\/www.jojoenherbe.com\/wp-content\/uploads\/2019\/08\/Fleur-Isola-2000-2.jpg?fit=3888%2C5184\" data-orig-size=\"3888,5184\" data-comments-opened=\"1\" data-image-meta=\"{&quot;aperture&quot;:&quot;4&quot;,&quot;credit&quot;:&quot;&quot;,&quot;camera&quot;:&quot;DSC-HX400V&quot;,&quot;caption&quot;:&quot;&quot;,&quot;created_timestamp&quot;:&quot;1565532238&quot;,&quot;copyright&quot;:&quot;&quot;,&quot;focal_length&quot;:&quot;20.68&quot;,&quot;iso&quot;:&quot;80&quot;,&quot;shutter_speed&quot;:&quot;0.00625&quot;,&quot;title&quot;:&quot;&quot;,&quot;orientation&quot;:&quot;1&quot;}\" data-image-title=\"Fleur &amp;#8211; Isola 2000 2\" data-image-description=\"\" data-image-caption=\"\" data-large-file=\"https:\/\/i0.wp.com\/www.jojoenherbe.com\/wp-content\/uploads\/2019\/08\/Fleur-Isola-2000-2.jpg?fit=676%2C901\" class=\"size-thumbnail wp-image-7072 alignright\" src=\"https:\/\/i0.wp.com\/www.jojoenherbe.com\/wp-content\/uploads\/2019\/08\/Fleur-Isola-2000-2.jpg?resize=150%2C150\" alt=\"\" width=\"150\" height=\"150\" srcset=\"https:\/\/i0.wp.com\/www.jojoenherbe.com\/wp-content\/uploads\/2019\/08\/Fleur-Isola-2000-2.jpg?resize=150%2C150 150w, https:\/\/i0.wp.com\/www.jojoenherbe.com\/wp-content\/uploads\/2019\/08\/Fleur-Isola-2000-2.jpg?zoom=2&amp;resize=150%2C150 300w, https:\/\/i0.wp.com\/www.jojoenherbe.com\/wp-content\/uploads\/2019\/08\/Fleur-Isola-2000-2.jpg?zoom=3&amp;resize=150%2C150 450w\" sizes=\"auto, (max-width: 150px) 100vw, 150px\" \/><\/a>C&rsquo;est encore bien fleuri tout autour de nous, ce qui fait la joie des insectes: orchid\u00e9es,&nbsp; \u0153illets sauvages, joubarbes \u00e0 toile d&rsquo;araign\u00e9e, chardons, etc.<\/em><\/p>\n<div id=\"attachment_7076\" style=\"width: 160px\" class=\"wp-caption alignleft\"><a href=\"https:\/\/i0.wp.com\/www.jojoenherbe.com\/wp-content\/uploads\/2019\/08\/Papillon-Isola-2000-2.jpg\"><img data-recalc-dims=\"1\" loading=\"lazy\" decoding=\"async\" aria-describedby=\"caption-attachment-7076\" data-attachment-id=\"7076\" data-permalink=\"http:\/\/www.jojoenherbe.com\/index.php\/2019\/08\/13\/balade-a-isola-2000\/papillon-isola-2000-2\/\" data-orig-file=\"https:\/\/i0.wp.com\/www.jojoenherbe.com\/wp-content\/uploads\/2019\/08\/Papillon-Isola-2000-2.jpg?fit=5184%2C3888\" data-orig-size=\"5184,3888\" data-comments-opened=\"1\" data-image-meta=\"{&quot;aperture&quot;:&quot;5&quot;,&quot;credit&quot;:&quot;&quot;,&quot;camera&quot;:&quot;DSC-HX400V&quot;,&quot;caption&quot;:&quot;&quot;,&quot;created_timestamp&quot;:&quot;1565534840&quot;,&quot;copyright&quot;:&quot;&quot;,&quot;focal_length&quot;:&quot;41.27&quot;,&quot;iso&quot;:&quot;80&quot;,&quot;shutter_speed&quot;:&quot;0.004&quot;,&quot;title&quot;:&quot;&quot;,&quot;orientation&quot;:&quot;1&quot;}\" data-image-title=\"Papillon &amp;#8211; Isola 2000 2\" data-image-description=\"\" data-image-caption=\"\" data-large-file=\"https:\/\/i0.wp.com\/www.jojoenherbe.com\/wp-content\/uploads\/2019\/08\/Papillon-Isola-2000-2.jpg?fit=676%2C507\" class=\"wp-image-7076 size-thumbnail\" src=\"https:\/\/i0.wp.com\/www.jojoenherbe.com\/wp-content\/uploads\/2019\/08\/Papillon-Isola-2000-2.jpg?resize=150%2C150\" alt=\"\" width=\"150\" height=\"150\" srcset=\"https:\/\/i0.wp.com\/www.jojoenherbe.com\/wp-content\/uploads\/2019\/08\/Papillon-Isola-2000-2.jpg?resize=150%2C150 150w, https:\/\/i0.wp.com\/www.jojoenherbe.com\/wp-content\/uploads\/2019\/08\/Papillon-Isola-2000-2.jpg?zoom=2&amp;resize=150%2C150 300w, https:\/\/i0.wp.com\/www.jojoenherbe.com\/wp-content\/uploads\/2019\/08\/Papillon-Isola-2000-2.jpg?zoom=3&amp;resize=150%2C150 450w\" sizes=\"auto, (max-width: 150px) 100vw, 150px\" \/><\/a><p id=\"caption-attachment-7076\" class=\"wp-caption-text\">Petite tortue<\/p><\/div>\n<p style=\"text-align: justify;\"><em> <a href=\"https:\/\/i0.wp.com\/www.jojoenherbe.com\/wp-content\/uploads\/2019\/08\/Papillon-Isola-2000.jpg\"><img data-recalc-dims=\"1\" loading=\"lazy\" decoding=\"async\" data-attachment-id=\"7077\" data-permalink=\"http:\/\/www.jojoenherbe.com\/index.php\/2019\/08\/13\/balade-a-isola-2000\/papillon-isola-2000\/\" data-orig-file=\"https:\/\/i0.wp.com\/www.jojoenherbe.com\/wp-content\/uploads\/2019\/08\/Papillon-Isola-2000.jpg?fit=5184%2C3888\" data-orig-size=\"5184,3888\" data-comments-opened=\"1\" data-image-meta=\"{&quot;aperture&quot;:&quot;5.6&quot;,&quot;credit&quot;:&quot;&quot;,&quot;camera&quot;:&quot;DSC-HX400V&quot;,&quot;caption&quot;:&quot;&quot;,&quot;created_timestamp&quot;:&quot;1565532908&quot;,&quot;copyright&quot;:&quot;&quot;,&quot;focal_length&quot;:&quot;157.36&quot;,&quot;iso&quot;:&quot;125&quot;,&quot;shutter_speed&quot;:&quot;0.004&quot;,&quot;title&quot;:&quot;&quot;,&quot;orientation&quot;:&quot;1&quot;}\" data-image-title=\"Papillon &amp;#8211; Isola 2000\" data-image-description=\"\" data-image-caption=\"\" data-large-file=\"https:\/\/i0.wp.com\/www.jojoenherbe.com\/wp-content\/uploads\/2019\/08\/Papillon-Isola-2000.jpg?fit=676%2C507\" class=\"alignleft size-thumbnail wp-image-7077\" src=\"https:\/\/i0.wp.com\/www.jojoenherbe.com\/wp-content\/uploads\/2019\/08\/Papillon-Isola-2000.jpg?resize=150%2C150\" alt=\"\" width=\"150\" height=\"150\" srcset=\"https:\/\/i0.wp.com\/www.jojoenherbe.com\/wp-content\/uploads\/2019\/08\/Papillon-Isola-2000.jpg?resize=150%2C150 150w, https:\/\/i0.wp.com\/www.jojoenherbe.com\/wp-content\/uploads\/2019\/08\/Papillon-Isola-2000.jpg?zoom=2&amp;resize=150%2C150 300w, https:\/\/i0.wp.com\/www.jojoenherbe.com\/wp-content\/uploads\/2019\/08\/Papillon-Isola-2000.jpg?zoom=3&amp;resize=150%2C150 450w\" sizes=\"auto, (max-width: 150px) 100vw, 150px\" \/><\/a>Nous voyons \u00e9galement de nombreux papillons voleter autour de nous, comme cette petite tortue pos\u00e9e sur le sentier et qui se laisse facilement photographier. <\/em><\/p>\n<p style=\"text-align: justify;\"><em><a href=\"https:\/\/i0.wp.com\/www.jojoenherbe.com\/wp-content\/uploads\/2019\/08\/Sculpture-Isola-2000.jpg\"><img data-recalc-dims=\"1\" loading=\"lazy\" decoding=\"async\" data-attachment-id=\"7078\" data-permalink=\"http:\/\/www.jojoenherbe.com\/index.php\/2019\/08\/13\/balade-a-isola-2000\/sculpture-isola-2000\/\" data-orig-file=\"https:\/\/i0.wp.com\/www.jojoenherbe.com\/wp-content\/uploads\/2019\/08\/Sculpture-Isola-2000.jpg?fit=5184%2C3888\" data-orig-size=\"5184,3888\" data-comments-opened=\"1\" data-image-meta=\"{&quot;aperture&quot;:&quot;3.2&quot;,&quot;credit&quot;:&quot;&quot;,&quot;camera&quot;:&quot;DSC-HX400V&quot;,&quot;caption&quot;:&quot;&quot;,&quot;created_timestamp&quot;:&quot;1565535968&quot;,&quot;copyright&quot;:&quot;&quot;,&quot;focal_length&quot;:&quot;8.02&quot;,&quot;iso&quot;:&quot;80&quot;,&quot;shutter_speed&quot;:&quot;0.001&quot;,&quot;title&quot;:&quot;&quot;,&quot;orientation&quot;:&quot;1&quot;}\" data-image-title=\"Sculpture &amp;#8211; Isola 2000\" data-image-description=\"\" data-image-caption=\"\" data-large-file=\"https:\/\/i0.wp.com\/www.jojoenherbe.com\/wp-content\/uploads\/2019\/08\/Sculpture-Isola-2000.jpg?fit=676%2C507\" class=\"size-thumbnail wp-image-7078 alignright\" src=\"https:\/\/i0.wp.com\/www.jojoenherbe.com\/wp-content\/uploads\/2019\/08\/Sculpture-Isola-2000.jpg?resize=150%2C150\" alt=\"\" width=\"150\" height=\"150\" srcset=\"https:\/\/i0.wp.com\/www.jojoenherbe.com\/wp-content\/uploads\/2019\/08\/Sculpture-Isola-2000.jpg?resize=150%2C150 150w, https:\/\/i0.wp.com\/www.jojoenherbe.com\/wp-content\/uploads\/2019\/08\/Sculpture-Isola-2000.jpg?zoom=2&amp;resize=150%2C150 300w, https:\/\/i0.wp.com\/www.jojoenherbe.com\/wp-content\/uploads\/2019\/08\/Sculpture-Isola-2000.jpg?zoom=3&amp;resize=150%2C150 450w\" sizes=\"auto, (max-width: 150px) 100vw, 150px\" \/><\/a> <a href=\"https:\/\/i0.wp.com\/www.jojoenherbe.com\/wp-content\/uploads\/2019\/08\/Isola-2000-6.jpg\"><img data-recalc-dims=\"1\" loading=\"lazy\" decoding=\"async\" data-attachment-id=\"7081\" data-permalink=\"http:\/\/www.jojoenherbe.com\/index.php\/2019\/08\/13\/balade-a-isola-2000\/isola-2000-6\/\" data-orig-file=\"https:\/\/i0.wp.com\/www.jojoenherbe.com\/wp-content\/uploads\/2019\/08\/Isola-2000-6.jpg?fit=5184%2C3888\" data-orig-size=\"5184,3888\" data-comments-opened=\"1\" data-image-meta=\"{&quot;aperture&quot;:&quot;3.2&quot;,&quot;credit&quot;:&quot;&quot;,&quot;camera&quot;:&quot;DSC-HX400V&quot;,&quot;caption&quot;:&quot;&quot;,&quot;created_timestamp&quot;:&quot;1565536644&quot;,&quot;copyright&quot;:&quot;&quot;,&quot;focal_length&quot;:&quot;4.3&quot;,&quot;iso&quot;:&quot;80&quot;,&quot;shutter_speed&quot;:&quot;0.00125&quot;,&quot;title&quot;:&quot;&quot;,&quot;orientation&quot;:&quot;1&quot;}\" data-image-title=\"Isola 2000 6\" data-image-description=\"\" data-image-caption=\"\" data-large-file=\"https:\/\/i0.wp.com\/www.jojoenherbe.com\/wp-content\/uploads\/2019\/08\/Isola-2000-6.jpg?fit=676%2C507\" class=\"size-thumbnail wp-image-7081 alignright\" src=\"https:\/\/i0.wp.com\/www.jojoenherbe.com\/wp-content\/uploads\/2019\/08\/Isola-2000-6.jpg?resize=150%2C150\" alt=\"\" width=\"150\" height=\"150\" srcset=\"https:\/\/i0.wp.com\/www.jojoenherbe.com\/wp-content\/uploads\/2019\/08\/Isola-2000-6.jpg?resize=150%2C150 150w, https:\/\/i0.wp.com\/www.jojoenherbe.com\/wp-content\/uploads\/2019\/08\/Isola-2000-6.jpg?zoom=2&amp;resize=150%2C150 300w, https:\/\/i0.wp.com\/www.jojoenherbe.com\/wp-content\/uploads\/2019\/08\/Isola-2000-6.jpg?zoom=3&amp;resize=150%2C150 450w\" sizes=\"auto, (max-width: 150px) 100vw, 150px\" \/><\/a>Arriv\u00e9s au niveau des pistes de ski, du c\u00f4t\u00e9 de Combe Grosse, nous voyons une sculpture d&rsquo;un pointu ni\u00e7ois. Apr\u00e8s recherches au retour de la balade, nous apprenons que cette sculpture a \u00e9t\u00e9&nbsp; r\u00e9alis\u00e9e par C\u00e9dric Pignataro, un carnavalier ni\u00e7ois et qu&rsquo;il existe d&rsquo;autres sculptures de cet artiste comme un bouquetin toujours \u00e0 Isola 2000 et un aigle de Nice \u00e0 Auron depuis novembre 2017.<\/em><\/p>\n<p style=\"text-align: justify;\"><em><a href=\"https:\/\/i0.wp.com\/www.jojoenherbe.com\/wp-content\/uploads\/2019\/08\/Isola-2000-4.jpg\"><img data-recalc-dims=\"1\" loading=\"lazy\" decoding=\"async\" data-attachment-id=\"7079\" data-permalink=\"http:\/\/www.jojoenherbe.com\/index.php\/2019\/08\/13\/balade-a-isola-2000\/isola-2000-4\/\" data-orig-file=\"https:\/\/i0.wp.com\/www.jojoenherbe.com\/wp-content\/uploads\/2019\/08\/Isola-2000-4.jpg?fit=5184%2C3888\" data-orig-size=\"5184,3888\" data-comments-opened=\"1\" data-image-meta=\"{&quot;aperture&quot;:&quot;3.2&quot;,&quot;credit&quot;:&quot;&quot;,&quot;camera&quot;:&quot;DSC-HX400V&quot;,&quot;caption&quot;:&quot;&quot;,&quot;created_timestamp&quot;:&quot;1565537758&quot;,&quot;copyright&quot;:&quot;&quot;,&quot;focal_length&quot;:&quot;4.3&quot;,&quot;iso&quot;:&quot;80&quot;,&quot;shutter_speed&quot;:&quot;0.001&quot;,&quot;title&quot;:&quot;&quot;,&quot;orientation&quot;:&quot;1&quot;}\" data-image-title=\"Isola 2000 4\" data-image-description=\"\" data-image-caption=\"\" data-large-file=\"https:\/\/i0.wp.com\/www.jojoenherbe.com\/wp-content\/uploads\/2019\/08\/Isola-2000-4.jpg?fit=676%2C507\" class=\"alignleft size-thumbnail wp-image-7079\" src=\"https:\/\/i0.wp.com\/www.jojoenherbe.com\/wp-content\/uploads\/2019\/08\/Isola-2000-4.jpg?resize=150%2C150\" alt=\"\" width=\"150\" height=\"150\" srcset=\"https:\/\/i0.wp.com\/www.jojoenherbe.com\/wp-content\/uploads\/2019\/08\/Isola-2000-4.jpg?resize=150%2C150 150w, https:\/\/i0.wp.com\/www.jojoenherbe.com\/wp-content\/uploads\/2019\/08\/Isola-2000-4.jpg?zoom=2&amp;resize=150%2C150 300w, https:\/\/i0.wp.com\/www.jojoenherbe.com\/wp-content\/uploads\/2019\/08\/Isola-2000-4.jpg?zoom=3&amp;resize=150%2C150 450w\" sizes=\"auto, (max-width: 150px) 100vw, 150px\" \/><\/a> <a href=\"https:\/\/i0.wp.com\/www.jojoenherbe.com\/wp-content\/uploads\/2019\/08\/Isola-2000-5.jpg\"><img data-recalc-dims=\"1\" loading=\"lazy\" decoding=\"async\" data-attachment-id=\"7080\" data-permalink=\"http:\/\/www.jojoenherbe.com\/index.php\/2019\/08\/13\/balade-a-isola-2000\/isola-2000-5\/\" data-orig-file=\"https:\/\/i0.wp.com\/www.jojoenherbe.com\/wp-content\/uploads\/2019\/08\/Isola-2000-5.jpg?fit=5184%2C3888\" data-orig-size=\"5184,3888\" data-comments-opened=\"1\" data-image-meta=\"{&quot;aperture&quot;:&quot;6.3&quot;,&quot;credit&quot;:&quot;&quot;,&quot;camera&quot;:&quot;DSC-HX400V&quot;,&quot;caption&quot;:&quot;&quot;,&quot;created_timestamp&quot;:&quot;1565536659&quot;,&quot;copyright&quot;:&quot;&quot;,&quot;focal_length&quot;:&quot;215&quot;,&quot;iso&quot;:&quot;160&quot;,&quot;shutter_speed&quot;:&quot;0.004&quot;,&quot;title&quot;:&quot;&quot;,&quot;orientation&quot;:&quot;1&quot;}\" data-image-title=\"Isola 2000 5\" data-image-description=\"\" data-image-caption=\"\" data-large-file=\"https:\/\/i0.wp.com\/www.jojoenherbe.com\/wp-content\/uploads\/2019\/08\/Isola-2000-5.jpg?fit=676%2C507\" class=\"alignleft size-thumbnail wp-image-7080\" src=\"https:\/\/i0.wp.com\/www.jojoenherbe.com\/wp-content\/uploads\/2019\/08\/Isola-2000-5.jpg?resize=150%2C150\" alt=\"\" width=\"150\" height=\"150\" srcset=\"https:\/\/i0.wp.com\/www.jojoenherbe.com\/wp-content\/uploads\/2019\/08\/Isola-2000-5.jpg?resize=150%2C150 150w, https:\/\/i0.wp.com\/www.jojoenherbe.com\/wp-content\/uploads\/2019\/08\/Isola-2000-5.jpg?zoom=2&amp;resize=150%2C150 300w, https:\/\/i0.wp.com\/www.jojoenherbe.com\/wp-content\/uploads\/2019\/08\/Isola-2000-5.jpg?zoom=3&amp;resize=150%2C150 450w\" sizes=\"auto, (max-width: 150px) 100vw, 150px\" \/><\/a>Nous faisons \u00e0 c\u00f4t\u00e9 une petite pause caf\u00e9 sur une table de pique-nique. En effet, la pause est de courte dur\u00e9e car nous entendons le cri de marmottes, des randonneurs marchant un peu plus haut sur le sentier que nous avons d\u00e9laiss\u00e9 pour nous approcher de la sculpture.<\/em><\/p>\n<div id=\"attachment_7049\" style=\"width: 160px\" class=\"wp-caption alignright\"><a href=\"https:\/\/i0.wp.com\/www.jojoenherbe.com\/wp-content\/uploads\/2019\/08\/Grive-musicienne-Isola-2000.jpg\"><img data-recalc-dims=\"1\" loading=\"lazy\" decoding=\"async\" aria-describedby=\"caption-attachment-7049\" data-attachment-id=\"7049\" data-permalink=\"http:\/\/www.jojoenherbe.com\/index.php\/2019\/08\/13\/balade-a-isola-2000\/grive-musicienne-isola-2000\/\" data-orig-file=\"https:\/\/i0.wp.com\/www.jojoenherbe.com\/wp-content\/uploads\/2019\/08\/Grive-musicienne-Isola-2000.jpg?fit=5184%2C3888\" data-orig-size=\"5184,3888\" data-comments-opened=\"1\" data-image-meta=\"{&quot;aperture&quot;:&quot;6.3&quot;,&quot;credit&quot;:&quot;&quot;,&quot;camera&quot;:&quot;DSC-HX400V&quot;,&quot;caption&quot;:&quot;&quot;,&quot;created_timestamp&quot;:&quot;1565534177&quot;,&quot;copyright&quot;:&quot;&quot;,&quot;focal_length&quot;:&quot;215&quot;,&quot;iso&quot;:&quot;500&quot;,&quot;shutter_speed&quot;:&quot;0.004&quot;,&quot;title&quot;:&quot;&quot;,&quot;orientation&quot;:&quot;1&quot;}\" data-image-title=\"Grive musicienne &amp;#8211; Isola 2000\" data-image-description=\"\" data-image-caption=\"&lt;p&gt;Grive musicienne&lt;\/p&gt;\n\" data-large-file=\"https:\/\/i0.wp.com\/www.jojoenherbe.com\/wp-content\/uploads\/2019\/08\/Grive-musicienne-Isola-2000.jpg?fit=676%2C507\" class=\"wp-image-7049 size-thumbnail\" src=\"https:\/\/i0.wp.com\/www.jojoenherbe.com\/wp-content\/uploads\/2019\/08\/Grive-musicienne-Isola-2000.jpg?resize=150%2C150\" alt=\"\" width=\"150\" height=\"150\" srcset=\"https:\/\/i0.wp.com\/www.jojoenherbe.com\/wp-content\/uploads\/2019\/08\/Grive-musicienne-Isola-2000.jpg?resize=150%2C150 150w, https:\/\/i0.wp.com\/www.jojoenherbe.com\/wp-content\/uploads\/2019\/08\/Grive-musicienne-Isola-2000.jpg?zoom=2&amp;resize=150%2C150 300w, https:\/\/i0.wp.com\/www.jojoenherbe.com\/wp-content\/uploads\/2019\/08\/Grive-musicienne-Isola-2000.jpg?zoom=3&amp;resize=150%2C150 450w\" sizes=\"auto, (max-width: 150px) 100vw, 150px\" \/><\/a><p id=\"caption-attachment-7049\" class=\"wp-caption-text\">Grive musicienne<\/p><\/div>\n<div id=\"attachment_7050\" style=\"width: 160px\" class=\"wp-caption alignright\"><a href=\"https:\/\/i0.wp.com\/www.jojoenherbe.com\/wp-content\/uploads\/2019\/08\/Traquet-motteux-Isola-2000.jpg\"><img data-recalc-dims=\"1\" loading=\"lazy\" decoding=\"async\" aria-describedby=\"caption-attachment-7050\" data-attachment-id=\"7050\" data-permalink=\"http:\/\/www.jojoenherbe.com\/index.php\/2019\/08\/13\/balade-a-isola-2000\/traquet-motteux-isola-2000\/\" data-orig-file=\"https:\/\/i0.wp.com\/www.jojoenherbe.com\/wp-content\/uploads\/2019\/08\/Traquet-motteux-Isola-2000.jpg?fit=4353%2C3055\" data-orig-size=\"4353,3055\" data-comments-opened=\"1\" data-image-meta=\"{&quot;aperture&quot;:&quot;6.3&quot;,&quot;credit&quot;:&quot;&quot;,&quot;camera&quot;:&quot;DSC-HX400V&quot;,&quot;caption&quot;:&quot;&quot;,&quot;created_timestamp&quot;:&quot;1565536443&quot;,&quot;copyright&quot;:&quot;&quot;,&quot;focal_length&quot;:&quot;215&quot;,&quot;iso&quot;:&quot;200&quot;,&quot;shutter_speed&quot;:&quot;0.004&quot;,&quot;title&quot;:&quot;&quot;,&quot;orientation&quot;:&quot;1&quot;}\" data-image-title=\"Traquet motteux &amp;#8211; Isola 2000\" data-image-description=\"\" data-image-caption=\"&lt;p&gt;Traquet motteux&lt;\/p&gt;\n\" data-large-file=\"https:\/\/i0.wp.com\/www.jojoenherbe.com\/wp-content\/uploads\/2019\/08\/Traquet-motteux-Isola-2000.jpg?fit=676%2C475\" class=\"wp-image-7050 size-thumbnail\" src=\"https:\/\/i0.wp.com\/www.jojoenherbe.com\/wp-content\/uploads\/2019\/08\/Traquet-motteux-Isola-2000.jpg?resize=150%2C150\" alt=\"\" width=\"150\" height=\"150\" srcset=\"https:\/\/i0.wp.com\/www.jojoenherbe.com\/wp-content\/uploads\/2019\/08\/Traquet-motteux-Isola-2000.jpg?resize=150%2C150 150w, https:\/\/i0.wp.com\/www.jojoenherbe.com\/wp-content\/uploads\/2019\/08\/Traquet-motteux-Isola-2000.jpg?zoom=2&amp;resize=150%2C150 300w, https:\/\/i0.wp.com\/www.jojoenherbe.com\/wp-content\/uploads\/2019\/08\/Traquet-motteux-Isola-2000.jpg?zoom=3&amp;resize=150%2C150 450w\" sizes=\"auto, (max-width: 150px) 100vw, 150px\" \/><\/a><p id=\"caption-attachment-7050\" class=\"wp-caption-text\">Traquet motteux<\/p><\/div>\n<p style=\"text-align: justify;\"><em>Nous rep\u00e9rons, au-dessus des tourbi\u00e8res remplies de linaigrettes, des amoncellements de cailloux qui pourraient \u00eatre propices \u00e0 l&rsquo;observation de marmottes. Nous voyons des terriers. Nous entendons les cris de marmottes. Mais nous ne les verrons pas. A la place, nous verrons des traquets motteux et des grives musiciennes. Une bien jolie et agr\u00e9able balade pour terminer ce week-end, entre soleil et bienfaits de la nature!<br \/>\n<\/em><\/p>\n<p><iframe loading=\"lazy\" style=\"border: 0;\" src=\"https:\/\/www.google.com\/maps\/embed?pb=!1m18!1m12!1m3!1d22887.972570573635!2d7.147069916220525!3d44.186537412807525!2m3!1f0!2f0!3f0!3m2!1i1024!2i768!4f13.1!3m3!1m2!1s0x12cd009231f701b5%3A0x66b6e5e5bbf251c2!2sIsola+2000!5e0!3m2!1sfr!2sfr!4v1565616050318!5m2!1sfr!2sfr\" allowfullscreen=\"allowfullscreen\" width=\"400\" height=\"300\" frameborder=\"0\"><\/iframe><\/p>\n","protected":false},"excerpt":{"rendered":"<p>Ce 11 ao\u00fbt 2019, nous montons \u00e0 Isola 2000 pour une balade estivale au d\u00e9part de la station de ski, \u00e0 la&nbsp; balise n\u00b090a qui permet d&rsquo;acc\u00e9der par exemple \u00e0 la Baisse du Druos ou une fois la fronti\u00e8re italienne pass\u00e9e, aux lacs de Valscura. Mais cette fois-ci, nous n&rsquo;irons pas aussi loin. D\u00e8s les [&hellip;]<\/p>\n","protected":false},"author":1,"featured_media":7045,"comment_status":"open","ping_status":"open","sticky":false,"template":"","format":"standard","meta":{"jetpack_post_was_ever_published":false,"_jetpack_newsletter_access":"","_jetpack_dont_email_post_to_subs":false,"_jetpack_newsletter_tier_id":0,"_jetpack_memberships_contains_paywalled_content":false,"_jetpack_memberships_contains_paid_content":false,"footnotes":""},"categories":[128],"tags":[25,758,757,5,45,516],"class_list":["post-7048","post","type-post","status-publish","format-standard","has-post-thumbnail","hentry","category-mini-baladeur","tag-alpes-maritimes","tag-haute-tinee","tag-isola-2000","tag-paca","tag-stations-de-ski","tag-vallee-de-la-tinee","post-preview"],"jetpack_featured_media_url":"https:\/\/i0.wp.com\/www.jojoenherbe.com\/wp-content\/uploads\/2019\/08\/Isola-2000.jpg?fit=5184%2C3888","jetpack_sharing_enabled":true,"jetpack_shortlink":"https:\/\/wp.me\/p9zhGx-1PG","jetpack_likes_enabled":true,"jetpack-related-posts":[{"id":12134,"url":"http:\/\/www.jojoenherbe.com\/index.php\/2020\/09\/06\/semaine-36-du-projet-52-2020-touriste\/","url_meta":{"origin":7048,"position":0},"title":"Semaine 36 du Projet 52-2020: Touriste","author":"Jojo","date":"6 septembre 2020","format":false,"excerpt":"Pour la semaine 36 du Projet 52-2020 de Du c\u00f4t\u00e9 de chez Ma', le th\u00e8me est \"Touriste\". Voici une photo prise lors de notre balade d\u2019hier \u00e0 Isola 2000, une station hautement touristique de l\u2019arri\u00e8re-pays ni\u00e7ois. Il s\u2019agit de l\u2019Aigle ni\u00e7ois, une sculpture de C\u00e9dric Pignataro, un carnavalier ni\u00e7ois. Cette\u2026","rel":"","context":"Dans &quot;mini photographe&quot;","block_context":{"text":"mini photographe","link":"http:\/\/www.jojoenherbe.com\/index.php\/category\/mini-photographe\/"},"img":{"alt_text":"","src":"https:\/\/i0.wp.com\/www.jojoenherbe.com\/wp-content\/uploads\/2020\/09\/Laigle-nicois-Isola-2000-scaled.jpg?fit=1200%2C900&resize=350%2C200","width":350,"height":200,"srcset":"https:\/\/i0.wp.com\/www.jojoenherbe.com\/wp-content\/uploads\/2020\/09\/Laigle-nicois-Isola-2000-scaled.jpg?fit=1200%2C900&resize=350%2C200 1x, https:\/\/i0.wp.com\/www.jojoenherbe.com\/wp-content\/uploads\/2020\/09\/Laigle-nicois-Isola-2000-scaled.jpg?fit=1200%2C900&resize=525%2C300 1.5x, https:\/\/i0.wp.com\/www.jojoenherbe.com\/wp-content\/uploads\/2020\/09\/Laigle-nicois-Isola-2000-scaled.jpg?fit=1200%2C900&resize=700%2C400 2x, https:\/\/i0.wp.com\/www.jojoenherbe.com\/wp-content\/uploads\/2020\/09\/Laigle-nicois-Isola-2000-scaled.jpg?fit=1200%2C900&resize=1050%2C600 3x"},"classes":[]},{"id":7485,"url":"http:\/\/www.jojoenherbe.com\/index.php\/2019\/09\/14\/des-myrtilliers-sauvages\/","url_meta":{"origin":7048,"position":1},"title":"Des myrtilliers sauvages","author":"Jojo","date":"14 septembre 2019","format":false,"excerpt":"Pour cette semaine 37 du Projet 52-2019 de Du c\u00f4t\u00e9 de chez Ma', le th\u00e8me est \"Feuille(s)\". Nous sommes encore en \u00e9t\u00e9 et les feuilles des arbres ne se sont pas encore par\u00e9es de leurs couleurs automnales. Alors pour illustrer ce th\u00e8me, j'ai choisi une photo de feuilles appelant \u00e0\u2026","rel":"","context":"Dans &quot;mini photographe&quot;","block_context":{"text":"mini photographe","link":"http:\/\/www.jojoenherbe.com\/index.php\/category\/mini-photographe\/"},"img":{"alt_text":"","src":"https:\/\/i0.wp.com\/www.jojoenherbe.com\/wp-content\/uploads\/2019\/09\/Myrtilliers-Isola-2000.jpg?fit=1200%2C900&resize=350%2C200","width":350,"height":200,"srcset":"https:\/\/i0.wp.com\/www.jojoenherbe.com\/wp-content\/uploads\/2019\/09\/Myrtilliers-Isola-2000.jpg?fit=1200%2C900&resize=350%2C200 1x, https:\/\/i0.wp.com\/www.jojoenherbe.com\/wp-content\/uploads\/2019\/09\/Myrtilliers-Isola-2000.jpg?fit=1200%2C900&resize=525%2C300 1.5x, https:\/\/i0.wp.com\/www.jojoenherbe.com\/wp-content\/uploads\/2019\/09\/Myrtilliers-Isola-2000.jpg?fit=1200%2C900&resize=700%2C400 2x, https:\/\/i0.wp.com\/www.jojoenherbe.com\/wp-content\/uploads\/2019\/09\/Myrtilliers-Isola-2000.jpg?fit=1200%2C900&resize=1050%2C600 3x"},"classes":[]},{"id":19956,"url":"http:\/\/www.jojoenherbe.com\/index.php\/2021\/08\/03\/retour-au-boreon-pour-une-balade-estivale\/","url_meta":{"origin":7048,"position":2},"title":"Retour au Bor\u00e9on pour une balade estivale","author":"Jojo","date":"3 ao\u00fbt 2021","format":false,"excerpt":"Le 1er ao\u00fbt 2021, cela faisait plus d'un an que nous n'\u00e9tions plus all\u00e9s au Bor\u00e9on, dans la Haute-V\u00e9subie, qui avait \u00e9t\u00e9 lourdement frapp\u00e9 par la temp\u00eate Alex \u00e0 l'automne 2020. L'ambiance est particuli\u00e8re sur la route au vu des d\u00e9g\u00e2ts occasionn\u00e9s et du sacr\u00e9 travail fait de remise en\u2026","rel":"","context":"Dans &quot;Mini randonneur&quot;","block_context":{"text":"Mini randonneur","link":"http:\/\/www.jojoenherbe.com\/index.php\/category\/mini-crapahuteur\/mini-randonneur\/"},"img":{"alt_text":"","src":"https:\/\/i0.wp.com\/www.jojoenherbe.com\/wp-content\/uploads\/2021\/08\/Boreon-5-scaled.jpg?fit=900%2C1200&resize=350%2C200","width":350,"height":200,"srcset":"https:\/\/i0.wp.com\/www.jojoenherbe.com\/wp-content\/uploads\/2021\/08\/Boreon-5-scaled.jpg?fit=900%2C1200&resize=350%2C200 1x, https:\/\/i0.wp.com\/www.jojoenherbe.com\/wp-content\/uploads\/2021\/08\/Boreon-5-scaled.jpg?fit=900%2C1200&resize=525%2C300 1.5x, https:\/\/i0.wp.com\/www.jojoenherbe.com\/wp-content\/uploads\/2021\/08\/Boreon-5-scaled.jpg?fit=900%2C1200&resize=700%2C400 2x"},"classes":[]},{"id":2130,"url":"http:\/\/www.jojoenherbe.com\/index.php\/2018\/04\/03\/balade-a-annot\/","url_meta":{"origin":7048,"position":3},"title":"Balade \u00e0 Annot","author":"Jojo","date":"3 avril 2018","format":false,"excerpt":"Ce 31 mars 2018, nous partons \u00e0 Annot. En raison de travaux de voirie, nous n'empruntons par l'itin\u00e9raire habituel, une d\u00e9viation \u00e9tant mise en place au niveau de la gare de Tin\u00e9e. La route est \u00e0 double sens jusqu'au viaduc de la Mescla. Puis nous r\u00e9cup\u00e9rons la route 202 en\u2026","rel":"","context":"Dans &quot;Mini baladeur&quot;","block_context":{"text":"Mini baladeur","link":"http:\/\/www.jojoenherbe.com\/index.php\/category\/mini-crapahuteur\/mini-baladeur\/"},"img":{"alt_text":"","src":"https:\/\/i0.wp.com\/www.jojoenherbe.com\/wp-content\/uploads\/2018\/04\/pont-sur-la-Va%C3%AFre-Annot.jpg?fit=1200%2C900&resize=350%2C200","width":350,"height":200,"srcset":"https:\/\/i0.wp.com\/www.jojoenherbe.com\/wp-content\/uploads\/2018\/04\/pont-sur-la-Va%C3%AFre-Annot.jpg?fit=1200%2C900&resize=350%2C200 1x, https:\/\/i0.wp.com\/www.jojoenherbe.com\/wp-content\/uploads\/2018\/04\/pont-sur-la-Va%C3%AFre-Annot.jpg?fit=1200%2C900&resize=525%2C300 1.5x, https:\/\/i0.wp.com\/www.jojoenherbe.com\/wp-content\/uploads\/2018\/04\/pont-sur-la-Va%C3%AFre-Annot.jpg?fit=1200%2C900&resize=700%2C400 2x, https:\/\/i0.wp.com\/www.jojoenherbe.com\/wp-content\/uploads\/2018\/04\/pont-sur-la-Va%C3%AFre-Annot.jpg?fit=1200%2C900&resize=1050%2C600 3x"},"classes":[]},{"id":3140,"url":"http:\/\/www.jojoenherbe.com\/index.php\/2018\/07\/15\/balade-estivale-autour-de-letang-de-fontmerle\/","url_meta":{"origin":7048,"position":4},"title":"Balade estivale autour de l&rsquo;\u00e9tang de Fontmerle","author":"Jojo","date":"15 juillet 2018","format":false,"excerpt":"Ce 14 juillet 2018, nous nous rendons \u00e0 Mougins et plus pr\u00e9cis\u00e9ment \u00e0 l'\u00e9tang de Fontmerle pour observer les lotus d'Asie, leur floraison commen\u00e7ant fin juin jusqu'\u00e0 mi-septembre. Pour y aller en voiture, nous empruntons la D35 qui traverse le parc de la Valmasque puis au niveau du rond-point de\u2026","rel":"","context":"Dans &quot;Mini baladeur&quot;","block_context":{"text":"Mini baladeur","link":"http:\/\/www.jojoenherbe.com\/index.php\/category\/mini-crapahuteur\/mini-baladeur\/"},"img":{"alt_text":"","src":"https:\/\/i0.wp.com\/www.jojoenherbe.com\/wp-content\/uploads\/2018\/07\/%C3%A9tang-de-Fontmerle-13.jpg?fit=1200%2C900&resize=350%2C200","width":350,"height":200,"srcset":"https:\/\/i0.wp.com\/www.jojoenherbe.com\/wp-content\/uploads\/2018\/07\/%C3%A9tang-de-Fontmerle-13.jpg?fit=1200%2C900&resize=350%2C200 1x, https:\/\/i0.wp.com\/www.jojoenherbe.com\/wp-content\/uploads\/2018\/07\/%C3%A9tang-de-Fontmerle-13.jpg?fit=1200%2C900&resize=525%2C300 1.5x, https:\/\/i0.wp.com\/www.jojoenherbe.com\/wp-content\/uploads\/2018\/07\/%C3%A9tang-de-Fontmerle-13.jpg?fit=1200%2C900&resize=700%2C400 2x, https:\/\/i0.wp.com\/www.jojoenherbe.com\/wp-content\/uploads\/2018\/07\/%C3%A9tang-de-Fontmerle-13.jpg?fit=1200%2C900&resize=1050%2C600 3x"},"classes":[]},{"id":3357,"url":"http:\/\/www.jojoenherbe.com\/index.php\/2018\/07\/29\/balade-sur-le-sentier-planetaire-de-valberg\/","url_meta":{"origin":7048,"position":5},"title":"Balade sur le sentier plan\u00e9taire de Valberg","author":"Jojo","date":"29 juillet 2018","format":false,"excerpt":"Ce 28 juillet 2018, nous montons \u00e0 Valberg par les gorges du Cians. D\u00e8s le parking gratuit derri\u00e8re la place centrale, nous sommes accueillis sous les chants des moineaux cisalpins. Les remont\u00e9es m\u00e9caniques de l'hiver ont laiss\u00e9 la place aux activit\u00e9s estivales telles que la luge d'\u00e9t\u00e9 et des structures\u2026","rel":"","context":"Dans &quot;Mini randonneur&quot;","block_context":{"text":"Mini randonneur","link":"http:\/\/www.jojoenherbe.com\/index.php\/category\/mini-crapahuteur\/mini-randonneur\/"},"img":{"alt_text":"","src":"https:\/\/i0.wp.com\/www.jojoenherbe.com\/wp-content\/uploads\/2018\/07\/Sentier-plan%C3%A9taire-Valberg.jpg?fit=900%2C1200&resize=350%2C200","width":350,"height":200,"srcset":"https:\/\/i0.wp.com\/www.jojoenherbe.com\/wp-content\/uploads\/2018\/07\/Sentier-plan%C3%A9taire-Valberg.jpg?fit=900%2C1200&resize=350%2C200 1x, https:\/\/i0.wp.com\/www.jojoenherbe.com\/wp-content\/uploads\/2018\/07\/Sentier-plan%C3%A9taire-Valberg.jpg?fit=900%2C1200&resize=525%2C300 1.5x, https:\/\/i0.wp.com\/www.jojoenherbe.com\/wp-content\/uploads\/2018\/07\/Sentier-plan%C3%A9taire-Valberg.jpg?fit=900%2C1200&resize=700%2C400 2x"},"classes":[]}],"_links":{"self":[{"href":"http:\/\/www.jojoenherbe.com\/index.php\/wp-json\/wp\/v2\/posts\/7048","targetHints":{"allow":["GET"]}}],"collection":[{"href":"http:\/\/www.jojoenherbe.com\/index.php\/wp-json\/wp\/v2\/posts"}],"about":[{"href":"http:\/\/www.jojoenherbe.com\/index.php\/wp-json\/wp\/v2\/types\/post"}],"author":[{"embeddable":true,"href":"http:\/\/www.jojoenherbe.com\/index.php\/wp-json\/wp\/v2\/users\/1"}],"replies":[{"embeddable":true,"href":"http:\/\/www.jojoenherbe.com\/index.php\/wp-json\/wp\/v2\/comments?post=7048"}],"version-history":[{"count":1,"href":"http:\/\/www.jojoenherbe.com\/index.php\/wp-json\/wp\/v2\/posts\/7048\/revisions"}],"predecessor-version":[{"id":26631,"href":"http:\/\/www.jojoenherbe.com\/index.php\/wp-json\/wp\/v2\/posts\/7048\/revisions\/26631"}],"wp:featuredmedia":[{"embeddable":true,"href":"http:\/\/www.jojoenherbe.com\/index.php\/wp-json\/wp\/v2\/media\/7045"}],"wp:attachment":[{"href":"http:\/\/www.jojoenherbe.com\/index.php\/wp-json\/wp\/v2\/media?parent=7048"}],"wp:term":[{"taxonomy":"category","embeddable":true,"href":"http:\/\/www.jojoenherbe.com\/index.php\/wp-json\/wp\/v2\/categories?post=7048"},{"taxonomy":"post_tag","embeddable":true,"href":"http:\/\/www.jojoenherbe.com\/index.php\/wp-json\/wp\/v2\/tags?post=7048"}],"curies":[{"name":"wp","href":"https:\/\/api.w.org\/{rel}","templated":true}]}}