{"id":6959,"date":"2019-08-05T11:18:39","date_gmt":"2019-08-05T09:18:39","guid":{"rendered":"http:\/\/www.jojoenherbe.com\/?p=6959"},"modified":"2019-08-05T11:18:39","modified_gmt":"2019-08-05T09:18:39","slug":"la-lune-pendant-la-nuit-des-etoiles-2019","status":"publish","type":"post","link":"http:\/\/www.jojoenherbe.com\/index.php\/2019\/08\/05\/la-lune-pendant-la-nuit-des-etoiles-2019\/","title":{"rendered":"La Lune pendant la Nuit des \u00c9toiles 2019"},"content":{"rendered":"<p style=\"text-align: justify;\"><em>Qu&rsquo;il est agr\u00e9able d&rsquo;observer le ciel, l&rsquo;\u00e9t\u00e9, au moment du coucher de soleil et m\u00eame plus tard dans la nuit, comme ces jours-ci avec la Nuit des \u00e9toiles 2019! Sous un ciel bien noir, la Lune a rev\u00eatu une couleur cuivr\u00e9e ce week-end. Les \u00e9toiles \u00e9taient \u00e9galement bien visibles et aussi deux plan\u00e8tes: Saturne et Jupiter. Mais nous n&rsquo;avons pas vu d&rsquo;\u00e9toiles filantes. Nous tenterons \u00e0 nouveau d&rsquo;en voir une autre nuit de ce mois d&rsquo;ao\u00fbt.<br \/>\n<\/em><\/p>\n","protected":false},"excerpt":{"rendered":"<p>Qu&rsquo;il est agr\u00e9able d&rsquo;observer le ciel, l&rsquo;\u00e9t\u00e9, au moment du coucher de soleil et m\u00eame plus tard dans la nuit, comme ces jours-ci avec la Nuit des \u00e9toiles 2019! Sous un ciel bien noir, la Lune a rev\u00eatu une couleur cuivr\u00e9e ce week-end. Les \u00e9toiles \u00e9taient \u00e9galement bien visibles et aussi deux plan\u00e8tes: Saturne et [&hellip;]<\/p>\n","protected":false},"author":1,"featured_media":6960,"comment_status":"open","ping_status":"open","sticky":false,"template":"","format":"standard","meta":{"jetpack_post_was_ever_published":false,"_jetpack_newsletter_access":"","_jetpack_dont_email_post_to_subs":false,"_jetpack_newsletter_tier_id":0,"_jetpack_memberships_contains_paywalled_content":false,"_jetpack_memberships_contains_paid_content":false,"footnotes":""},"categories":[329],"tags":[299,745,611,380],"class_list":["post-6959","post","type-post","status-publish","format-standard","has-post-thumbnail","hentry","category-mini-astronome","tag-astronomie","tag-ciel","tag-ete","tag-lune","post-preview"],"jetpack_featured_media_url":"https:\/\/i0.wp.com\/www.jojoenherbe.com\/wp-content\/uploads\/2019\/08\/Lune.jpg?fit=5184%2C3888","jetpack_sharing_enabled":true,"jetpack_shortlink":"https:\/\/wp.me\/p9zhGx-1Of","jetpack_likes_enabled":true,"jetpack-related-posts":[{"id":6655,"url":"http:\/\/www.jojoenherbe.com\/index.php\/2019\/07\/07\/le-temps-dune-visite-a-la-20e-nuit-des-coupoles-ouvertes\/","url_meta":{"origin":6959,"position":0},"title":"Le temps d&rsquo;une visite \u00e0 la 20e Nuit des Coupoles Ouvertes","author":"Jojo","date":"7 juillet 2019","format":false,"excerpt":"Ce 6 juillet 2019, nous nous rendons \u00e0 la 20e \u00e9dition de la Nuit Coupoles Ouvertes qui a lieu, comme tous les deux ans, sur le plateau de Calern, de 14h \u00e0 minuit. L'observatoire de Caussols ouvre ainsi ses portes, ou plut\u00f4t ses coupoles, au public, pour la plus grande\u2026","rel":"","context":"Dans &quot;Mini astronome&quot;","block_context":{"text":"Mini astronome","link":"http:\/\/www.jojoenherbe.com\/index.php\/category\/mini-decouvreur\/mini-astronome\/"},"img":{"alt_text":"","src":"https:\/\/i0.wp.com\/www.jojoenherbe.com\/wp-content\/uploads\/2019\/07\/20e-Nuit-des-Coupoles-Ouvertes.jpg?fit=1200%2C900&resize=350%2C200","width":350,"height":200,"srcset":"https:\/\/i0.wp.com\/www.jojoenherbe.com\/wp-content\/uploads\/2019\/07\/20e-Nuit-des-Coupoles-Ouvertes.jpg?fit=1200%2C900&resize=350%2C200 1x, https:\/\/i0.wp.com\/www.jojoenherbe.com\/wp-content\/uploads\/2019\/07\/20e-Nuit-des-Coupoles-Ouvertes.jpg?fit=1200%2C900&resize=525%2C300 1.5x, https:\/\/i0.wp.com\/www.jojoenherbe.com\/wp-content\/uploads\/2019\/07\/20e-Nuit-des-Coupoles-Ouvertes.jpg?fit=1200%2C900&resize=700%2C400 2x, https:\/\/i0.wp.com\/www.jojoenherbe.com\/wp-content\/uploads\/2019\/07\/20e-Nuit-des-Coupoles-Ouvertes.jpg?fit=1200%2C900&resize=1050%2C600 3x"},"classes":[]},{"id":5627,"url":"http:\/\/www.jojoenherbe.com\/index.php\/2019\/04\/20\/une-pleine-lune-lumineuse\/","url_meta":{"origin":6959,"position":1},"title":"Une pleine lune lumineuse","author":"Jojo","date":"20 avril 2019","format":false,"excerpt":"Dans cette nuit du 19 au 20 avril 2019, il y avait une pleine lune. Avec son halo dor\u00e9, la lune tr\u00e8s lumineuse \u00e9clairait un ciel bien noir encore \u00e0 5h30. Certes, la lune m'a d\u00e9j\u00e0 servi de mod\u00e8le pour le Projet 52-2019 de Du C\u00f4t\u00e9 de Chez Ma\u2019. Mais\u2026","rel":"","context":"Dans &quot;Mini astronome&quot;","block_context":{"text":"Mini astronome","link":"http:\/\/www.jojoenherbe.com\/index.php\/category\/mini-decouvreur\/mini-astronome\/"},"img":{"alt_text":"","src":"https:\/\/i0.wp.com\/www.jojoenherbe.com\/wp-content\/uploads\/2019\/04\/Pleine-lune-du-19-avril-2019.jpg?fit=1200%2C900&resize=350%2C200","width":350,"height":200,"srcset":"https:\/\/i0.wp.com\/www.jojoenherbe.com\/wp-content\/uploads\/2019\/04\/Pleine-lune-du-19-avril-2019.jpg?fit=1200%2C900&resize=350%2C200 1x, https:\/\/i0.wp.com\/www.jojoenherbe.com\/wp-content\/uploads\/2019\/04\/Pleine-lune-du-19-avril-2019.jpg?fit=1200%2C900&resize=525%2C300 1.5x, https:\/\/i0.wp.com\/www.jojoenherbe.com\/wp-content\/uploads\/2019\/04\/Pleine-lune-du-19-avril-2019.jpg?fit=1200%2C900&resize=700%2C400 2x, https:\/\/i0.wp.com\/www.jojoenherbe.com\/wp-content\/uploads\/2019\/04\/Pleine-lune-du-19-avril-2019.jpg?fit=1200%2C900&resize=1050%2C600 3x"},"classes":[]},{"id":4787,"url":"http:\/\/www.jojoenherbe.com\/index.php\/2019\/02\/26\/pleine-lune-nuageuse\/","url_meta":{"origin":6959,"position":2},"title":"Pleine lune nuageuse","author":"Jojo","date":"26 f\u00e9vrier 2019","format":false,"excerpt":"Ce 19 f\u00e9vrier 2019, nous pouvons observer difficilement la pleine lune. Le ciel est tr\u00e8s nuageux et en m\u00eame temps tr\u00e8s \u00e9toil\u00e9. La lune semble jouer \u00e0 cache-cache avec les nuages. Nous la laissons s'amuser pour la nuit. Avec cette photo, je participe, pour la premi\u00e8re fois, au Projet 52-2019\u2026","rel":"","context":"Dans &quot;Mini astronome&quot;","block_context":{"text":"Mini astronome","link":"http:\/\/www.jojoenherbe.com\/index.php\/category\/mini-decouvreur\/mini-astronome\/"},"img":{"alt_text":"","src":"https:\/\/i0.wp.com\/www.jojoenherbe.com\/wp-content\/uploads\/2019\/02\/Pleine-lune-nuageuse.jpg?fit=1200%2C900&resize=350%2C200","width":350,"height":200,"srcset":"https:\/\/i0.wp.com\/www.jojoenherbe.com\/wp-content\/uploads\/2019\/02\/Pleine-lune-nuageuse.jpg?fit=1200%2C900&resize=350%2C200 1x, https:\/\/i0.wp.com\/www.jojoenherbe.com\/wp-content\/uploads\/2019\/02\/Pleine-lune-nuageuse.jpg?fit=1200%2C900&resize=525%2C300 1.5x, https:\/\/i0.wp.com\/www.jojoenherbe.com\/wp-content\/uploads\/2019\/02\/Pleine-lune-nuageuse.jpg?fit=1200%2C900&resize=700%2C400 2x, https:\/\/i0.wp.com\/www.jojoenherbe.com\/wp-content\/uploads\/2019\/02\/Pleine-lune-nuageuse.jpg?fit=1200%2C900&resize=1050%2C600 3x"},"classes":[]},{"id":5239,"url":"http:\/\/www.jojoenherbe.com\/index.php\/2019\/03\/25\/au-fil-des-pages-avec-la-lune\/","url_meta":{"origin":6959,"position":3},"title":"Au fil des pages avec la lune","author":"Jojo","date":"25 mars 2019","format":false,"excerpt":"Dans la nuit du 20 au 21 mars 2019, a eu lieu une nouvelle pleine lune. Quel \u00e9merveillement de pouvoir l'observer! Nous appr\u00e9cions \u00e9galement de lire des histoires avec pour toile de fond la lune et plus largement la nuit, comme par exemple Loup Gouloup et la lune ou La\u2026","rel":"","context":"Dans &quot;Mini lecteur&quot;","block_context":{"text":"Mini lecteur","link":"http:\/\/www.jojoenherbe.com\/index.php\/category\/mini-lecteur\/"},"img":{"alt_text":"","src":"https:\/\/i0.wp.com\/www.jojoenherbe.com\/wp-content\/uploads\/2019\/03\/Albums-jeunesse-lune.jpg?fit=1200%2C823&resize=350%2C200","width":350,"height":200,"srcset":"https:\/\/i0.wp.com\/www.jojoenherbe.com\/wp-content\/uploads\/2019\/03\/Albums-jeunesse-lune.jpg?fit=1200%2C823&resize=350%2C200 1x, https:\/\/i0.wp.com\/www.jojoenherbe.com\/wp-content\/uploads\/2019\/03\/Albums-jeunesse-lune.jpg?fit=1200%2C823&resize=525%2C300 1.5x, https:\/\/i0.wp.com\/www.jojoenherbe.com\/wp-content\/uploads\/2019\/03\/Albums-jeunesse-lune.jpg?fit=1200%2C823&resize=700%2C400 2x, https:\/\/i0.wp.com\/www.jojoenherbe.com\/wp-content\/uploads\/2019\/03\/Albums-jeunesse-lune.jpg?fit=1200%2C823&resize=1050%2C600 3x"},"classes":[]},{"id":6819,"url":"http:\/\/www.jojoenherbe.com\/index.php\/2019\/07\/20\/une-eclipse-partielle-de-lune\/","url_meta":{"origin":6959,"position":4},"title":"Une \u00e9clipse partielle de Lune","author":"Jojo","date":"20 juillet 2019","format":false,"excerpt":"Ce 16 juillet 2019, jour de pleine Lune, nous pouvons observer une \u00e9clipse partielle de Lune. En effet, le Soleil, la Terre et la Lune n'\u00e9tant pas totalement align\u00e9s, cette \u00e9clipse n'est que partielle, \u00e0 65% vers 23h30. Apr\u00e8s un d\u00e9but de soir\u00e9e nuageux et une Lune se trouvant en\u2026","rel":"","context":"Dans &quot;Mini astronome&quot;","block_context":{"text":"Mini astronome","link":"http:\/\/www.jojoenherbe.com\/index.php\/category\/mini-decouvreur\/mini-astronome\/"},"img":{"alt_text":"","src":"https:\/\/i0.wp.com\/www.jojoenherbe.com\/wp-content\/uploads\/2019\/07\/%C3%A9clipse-partielle-de-Lune.jpg?fit=1200%2C900&resize=350%2C200","width":350,"height":200,"srcset":"https:\/\/i0.wp.com\/www.jojoenherbe.com\/wp-content\/uploads\/2019\/07\/%C3%A9clipse-partielle-de-Lune.jpg?fit=1200%2C900&resize=350%2C200 1x, https:\/\/i0.wp.com\/www.jojoenherbe.com\/wp-content\/uploads\/2019\/07\/%C3%A9clipse-partielle-de-Lune.jpg?fit=1200%2C900&resize=525%2C300 1.5x, https:\/\/i0.wp.com\/www.jojoenherbe.com\/wp-content\/uploads\/2019\/07\/%C3%A9clipse-partielle-de-Lune.jpg?fit=1200%2C900&resize=700%2C400 2x, https:\/\/i0.wp.com\/www.jojoenherbe.com\/wp-content\/uploads\/2019\/07\/%C3%A9clipse-partielle-de-Lune.jpg?fit=1200%2C900&resize=1050%2C600 3x"},"classes":[]},{"id":4361,"url":"http:\/\/www.jojoenherbe.com\/index.php\/2019\/01\/21\/une-eclipse-lunaire-tres-matinale\/","url_meta":{"origin":6959,"position":5},"title":"Une \u00e9clipse lunaire tr\u00e8s matinale","author":"Jojo","date":"21 janvier 2019","format":false,"excerpt":"Dans la nuit du 20 au 21 janvier 2019 a eu lieu une nouvelle \u00e9clipse lunaire, apr\u00e8s celle du 27 juillet 2018. Il fait bien plus froid que la fois pr\u00e9c\u00e9dente. La veille au soir, il y avait encore pas mal de nuages. J'avoue ne pas avoir mis mon r\u00e9veil\u2026","rel":"","context":"Dans &quot;Mini astronome&quot;","block_context":{"text":"Mini astronome","link":"http:\/\/www.jojoenherbe.com\/index.php\/category\/mini-decouvreur\/mini-astronome\/"},"img":{"alt_text":"","src":"https:\/\/i0.wp.com\/www.jojoenherbe.com\/wp-content\/uploads\/2019\/01\/%C3%A9clipse-de-lune-4.jpg?fit=1200%2C900&resize=350%2C200","width":350,"height":200,"srcset":"https:\/\/i0.wp.com\/www.jojoenherbe.com\/wp-content\/uploads\/2019\/01\/%C3%A9clipse-de-lune-4.jpg?fit=1200%2C900&resize=350%2C200 1x, https:\/\/i0.wp.com\/www.jojoenherbe.com\/wp-content\/uploads\/2019\/01\/%C3%A9clipse-de-lune-4.jpg?fit=1200%2C900&resize=525%2C300 1.5x, https:\/\/i0.wp.com\/www.jojoenherbe.com\/wp-content\/uploads\/2019\/01\/%C3%A9clipse-de-lune-4.jpg?fit=1200%2C900&resize=700%2C400 2x, https:\/\/i0.wp.com\/www.jojoenherbe.com\/wp-content\/uploads\/2019\/01\/%C3%A9clipse-de-lune-4.jpg?fit=1200%2C900&resize=1050%2C600 3x"},"classes":[]}],"_links":{"self":[{"href":"http:\/\/www.jojoenherbe.com\/index.php\/wp-json\/wp\/v2\/posts\/6959","targetHints":{"allow":["GET"]}}],"collection":[{"href":"http:\/\/www.jojoenherbe.com\/index.php\/wp-json\/wp\/v2\/posts"}],"about":[{"href":"http:\/\/www.jojoenherbe.com\/index.php\/wp-json\/wp\/v2\/types\/post"}],"author":[{"embeddable":true,"href":"http:\/\/www.jojoenherbe.com\/index.php\/wp-json\/wp\/v2\/users\/1"}],"replies":[{"embeddable":true,"href":"http:\/\/www.jojoenherbe.com\/index.php\/wp-json\/wp\/v2\/comments?post=6959"}],"version-history":[{"count":0,"href":"http:\/\/www.jojoenherbe.com\/index.php\/wp-json\/wp\/v2\/posts\/6959\/revisions"}],"wp:featuredmedia":[{"embeddable":true,"href":"http:\/\/www.jojoenherbe.com\/index.php\/wp-json\/wp\/v2\/media\/6960"}],"wp:attachment":[{"href":"http:\/\/www.jojoenherbe.com\/index.php\/wp-json\/wp\/v2\/media?parent=6959"}],"wp:term":[{"taxonomy":"category","embeddable":true,"href":"http:\/\/www.jojoenherbe.com\/index.php\/wp-json\/wp\/v2\/categories?post=6959"},{"taxonomy":"post_tag","embeddable":true,"href":"http:\/\/www.jojoenherbe.com\/index.php\/wp-json\/wp\/v2\/tags?post=6959"}],"curies":[{"name":"wp","href":"https:\/\/api.w.org\/{rel}","templated":true}]}}