{"id":6883,"date":"2019-07-27T09:58:02","date_gmt":"2019-07-27T07:58:02","guid":{"rendered":"http:\/\/www.jojoenherbe.com\/?p=6883"},"modified":"2022-07-12T16:34:37","modified_gmt":"2022-07-12T14:34:37","slug":"o-liberte","status":"publish","type":"post","link":"http:\/\/www.jojoenherbe.com\/index.php\/2019\/07\/27\/o-liberte\/","title":{"rendered":"\u00d4 libert\u00e9!"},"content":{"rendered":"<p style=\"text-align: justify;\"><em>Pour cette semaine 30 du Projet 52-2019 de Du c\u00f4t\u00e9 de chez Ma&rsquo;, le th\u00e8me est \u00ab\u00a0<a href=\"http:\/\/manuelles.canalblog.com\/archives\/2019\/07\/27\/37511826.html\">Libert\u00e9<\/a>\u00ab\u00a0. Alors direction le Palais de Justice de Nice et la devise de la R\u00e9publique fran\u00e7aise inscrite au-dessus des trois portes du palais. On entre par la Fraternit\u00e9.\u00a0 Puis on ressort par la Libert\u00e9.\u00a0 Mais pas pour tout le monde, le Palais abritant en son sein\u00a0 la Cour d&rsquo;assises,\u00a0 le Tribunal correctionnel et le Tribunal pour Enfants.\u00a0 Certains arrivant par la sourici\u00e8re ne verront jamais la devise et leur privation de libert\u00e9 continuera. D&rsquo;autres ressortiront libres. Puis d&rsquo;autres encore arriveront libres mais sortiront condamn\u00e9s et menott\u00e9s, un mandat de d\u00e9p\u00f4t ayant \u00e9t\u00e9 prononc\u00e9 \u00e0 leur encontre.\u00a0 <\/em><\/p>\n<p style=\"text-align: justify;\"><em>C&rsquo;est dire comme se joue la libert\u00e9 dans le Palais entra\u00eenant dans son sillage toute une palette d&rsquo;\u00e9motions! Elle est d&rsquo;ailleurs palpable dans la salle des pas perdus lors de l&rsquo;attente parfois angoissante des d\u00e9lib\u00e9r\u00e9s. <\/em><\/p>\n<p style=\"text-align: justify;\"><em>Puis le d\u00e9lib\u00e9r\u00e9 est prononc\u00e9: soit la joie en cas de relaxe soit le soulagement en cas de condamnation sans emprisonnement soit la douleur ou la col\u00e8re face \u00e0 la libert\u00e9 perdue. Pour d&rsquo;autres enfin,\u00a0 la libert\u00e9 sera de courte dur\u00e9e en attendant la mise \u00e0 ex\u00e9cution du jugement par le Juge de l&rsquo;Application des Peines.\u00a0 Devant ce dernier, la d\u00e9fense de la libert\u00e9 se rejouera alors. De m\u00eame,\u00a0 du c\u00f4t\u00e9 des victimes quand libert\u00e9 et s\u00e9r\u00e9nit\u00e9 r\u00e9sonnent dans leur t\u00eate lorsque leur constitution de partie civile est accept\u00e9e et aussi devant des excuses sinc\u00e8res du pr\u00e9venu &#8211; ce qui est malheureusement rare. <\/em><\/p>\n<p style=\"text-align: justify;\"><em>D&rsquo;autres situations me viennent en t\u00eate pour lesquelles il ne reste que ma libert\u00e9 d&rsquo;en parler ou non, n&rsquo;ayant abord\u00e9 que le p\u00e9nal: retrait du permis de conduire, hospitalisation d&rsquo;office en h\u00f4pital psychiatrique, placement d&rsquo;enfant, mise sous tutelle ou curatelle, expulsion ou vente forc\u00e9e de son logement, prolongation de placement en centre de r\u00e9tention, etc. \u00d4 libert\u00e9!<\/em><\/p>\n","protected":false},"excerpt":{"rendered":"<p>Pour cette semaine 30 du Projet 52-2019 de Du c\u00f4t\u00e9 de chez Ma&rsquo;, le th\u00e8me est \u00ab\u00a0Libert\u00e9\u00ab\u00a0. Alors direction le Palais de Justice de Nice et la devise de la R\u00e9publique fran\u00e7aise inscrite au-dessus des trois portes du palais. On entre par la Fraternit\u00e9.\u00a0 Puis on ressort par la Libert\u00e9.\u00a0 Mais pas pour tout le [&hellip;]<\/p>\n","protected":false},"author":1,"featured_media":1850,"comment_status":"open","ping_status":"open","sticky":false,"template":"","format":"standard","meta":{"jetpack_post_was_ever_published":false,"_jetpack_newsletter_access":"","_jetpack_dont_email_post_to_subs":false,"_jetpack_newsletter_tier_id":0,"_jetpack_memberships_contains_paywalled_content":false,"_jetpack_memberships_contains_paid_content":false,"footnotes":""},"categories":[15,437],"tags":[169,739,582,1353,1354],"class_list":["post-6883","post","type-post","status-publish","format-standard","has-post-thumbnail","hentry","category-mini-citoyen","category-mini-photographe","tag-justice","tag-liberte","tag-palais-de-justice","tag-projet-52-de-ma","tag-projet-52-2019","post-preview"],"jetpack_featured_media_url":"https:\/\/i0.wp.com\/www.jojoenherbe.com\/wp-content\/uploads\/2018\/03\/15-juin-2006-vieux-nice-avec-sophie-017.jpg?fit=1944%2C2174","jetpack_sharing_enabled":true,"jetpack_shortlink":"https:\/\/wp.me\/p9zhGx-1N1","jetpack_likes_enabled":true,"jetpack-related-posts":[{"id":10935,"url":"http:\/\/www.jojoenherbe.com\/index.php\/2020\/05\/09\/semaine-19-du-projet-52-2020-lart-dans-la-ville\/","url_meta":{"origin":6883,"position":0},"title":"Semaine 19 du Projet 52-2020: L&rsquo;art dans la ville","author":"Jojo","date":"9 mai 2020","format":false,"excerpt":"Pour la semaine 19 du Projet 52-2020 de Du c\u00f4t\u00e9 de chez Ma', le th\u00e8me est \"L'art dans la ville\". Cela me fait imm\u00e9diatement penser \u00e0 du Street Art, comme \u00e0 Mouans-Sartoux. Et puis finalement, je choisis la Statue de la Libert\u00e9, une petite r\u00e9plique du sculpteur Auguste Bartholdi, pr\u00e9sente\u2026","rel":"","context":"Dans &quot;mini photographe&quot;","block_context":{"text":"mini photographe","link":"http:\/\/www.jojoenherbe.com\/index.php\/category\/mini-photographe\/"},"img":{"alt_text":"","src":"https:\/\/i0.wp.com\/www.jojoenherbe.com\/wp-content\/uploads\/2020\/05\/Statue-de-la-Libert%C3%A9-Nice-scaled.jpg?fit=900%2C1200&resize=350%2C200","width":350,"height":200,"srcset":"https:\/\/i0.wp.com\/www.jojoenherbe.com\/wp-content\/uploads\/2020\/05\/Statue-de-la-Libert%C3%A9-Nice-scaled.jpg?fit=900%2C1200&resize=350%2C200 1x, https:\/\/i0.wp.com\/www.jojoenherbe.com\/wp-content\/uploads\/2020\/05\/Statue-de-la-Libert%C3%A9-Nice-scaled.jpg?fit=900%2C1200&resize=525%2C300 1.5x, https:\/\/i0.wp.com\/www.jojoenherbe.com\/wp-content\/uploads\/2020\/05\/Statue-de-la-Libert%C3%A9-Nice-scaled.jpg?fit=900%2C1200&resize=700%2C400 2x"},"classes":[]},{"id":5927,"url":"http:\/\/www.jojoenherbe.com\/index.php\/2019\/05\/11\/la-balance-symbole-de-la-justice-sur-la-tour-de-lhorloge-paris\/","url_meta":{"origin":6883,"position":1},"title":"La balance, symbole de la Justice sur la Tour de l&rsquo;Horloge &#8211; Paris","author":"Jojo","date":"11 mai 2019","format":false,"excerpt":"Pour cette semaine 19 du Projet 52-2019 de Du C\u00f4t\u00e9 de Chez Ma\u2019,\u00a0 le th\u00e8me est \"balance\". Il me vient imm\u00e9diatement \u00e0 l'esprit la balance comme symbole de la Justice et un ancien souvenir d'un monument historique de Paris lors de ma visite de No\u00ebl 2005: l'horloge de la Tour\u2026","rel":"","context":"Dans &quot;mini photographe&quot;","block_context":{"text":"mini photographe","link":"http:\/\/www.jojoenherbe.com\/index.php\/category\/mini-photographe\/"},"img":{"alt_text":"","src":"https:\/\/i0.wp.com\/www.jojoenherbe.com\/wp-content\/uploads\/2019\/05\/Tour-de-lHorloge-Paris.jpg?fit=1049%2C1200&resize=350%2C200","width":350,"height":200,"srcset":"https:\/\/i0.wp.com\/www.jojoenherbe.com\/wp-content\/uploads\/2019\/05\/Tour-de-lHorloge-Paris.jpg?fit=1049%2C1200&resize=350%2C200 1x, https:\/\/i0.wp.com\/www.jojoenherbe.com\/wp-content\/uploads\/2019\/05\/Tour-de-lHorloge-Paris.jpg?fit=1049%2C1200&resize=525%2C300 1.5x, https:\/\/i0.wp.com\/www.jojoenherbe.com\/wp-content\/uploads\/2019\/05\/Tour-de-lHorloge-Paris.jpg?fit=1049%2C1200&resize=700%2C400 2x"},"classes":[]},{"id":12558,"url":"http:\/\/www.jojoenherbe.com\/index.php\/2020\/09\/29\/au-fil-des-pages-avec-les-chemins-secrets-de-la-liberte\/","url_meta":{"origin":6883,"position":2},"title":"Au fil des pages avec Les chemins secrets de la libert\u00e9","author":"Jojo","date":"29 septembre 2020","format":false,"excerpt":"Apr\u00e8s l'avoir lu il y a presque trente ans, j'ai ressorti la semaine derni\u00e8re, pour le Mois Am\u00e9ricain, Les chemins secrets de la libert\u00e9 de Barbara Smucker et illustr\u00e9 par Yves Beaujard (\u00e9d. Castor Poche Flammarion, 1982, r\u00e9\u00e9d. 1991), un roman jeunesse \u00e0 partir de 10 ans. \u00c2g\u00e9es de 13\u2026","rel":"","context":"Dans &quot;Mini lecteur&quot;","block_context":{"text":"Mini lecteur","link":"http:\/\/www.jojoenherbe.com\/index.php\/category\/mini-lecteur\/"},"img":{"alt_text":"","src":"https:\/\/i0.wp.com\/www.jojoenherbe.com\/wp-content\/uploads\/2020\/09\/Les-chemins-secrets-de-la-liberte-scaled.jpg?fit=1200%2C900&resize=350%2C200","width":350,"height":200,"srcset":"https:\/\/i0.wp.com\/www.jojoenherbe.com\/wp-content\/uploads\/2020\/09\/Les-chemins-secrets-de-la-liberte-scaled.jpg?fit=1200%2C900&resize=350%2C200 1x, https:\/\/i0.wp.com\/www.jojoenherbe.com\/wp-content\/uploads\/2020\/09\/Les-chemins-secrets-de-la-liberte-scaled.jpg?fit=1200%2C900&resize=525%2C300 1.5x, https:\/\/i0.wp.com\/www.jojoenherbe.com\/wp-content\/uploads\/2020\/09\/Les-chemins-secrets-de-la-liberte-scaled.jpg?fit=1200%2C900&resize=700%2C400 2x, https:\/\/i0.wp.com\/www.jojoenherbe.com\/wp-content\/uploads\/2020\/09\/Les-chemins-secrets-de-la-liberte-scaled.jpg?fit=1200%2C900&resize=1050%2C600 3x"},"classes":[]},{"id":38466,"url":"http:\/\/www.jojoenherbe.com\/index.php\/2025\/03\/08\/au-fil-des-pages-avec-panorama\/","url_meta":{"origin":6883,"position":3},"title":"Au fil des pages avec Panorama","author":"Jojo","date":"8 mars 2025","format":false,"excerpt":"Attir\u00e9e par le r\u00e9sum\u00e9 de la quatri\u00e8me de couverture, j'ai lu Panorama de Lilia Hassaine (\u00e9d. Gallimard, ao\u00fbt 2023, 240 pages), un court roman policier contre-utopique dans lequel la narratrice quinquag\u00e9naire, H\u00e9l\u00e8ne Dubern, ancienne commissaire de police devenue gardienne de protection, revient sur l'enqu\u00eate polici\u00e8re qu'elle a men\u00e9e avec son\u2026","rel":"","context":"Dans &quot;Mini lecteur&quot;","block_context":{"text":"Mini lecteur","link":"http:\/\/www.jojoenherbe.com\/index.php\/category\/mini-lecteur\/"},"img":{"alt_text":"","src":"https:\/\/i0.wp.com\/www.jojoenherbe.com\/wp-content\/uploads\/2025\/03\/Panorama-2.jpg?fit=264%2C384&resize=350%2C200","width":350,"height":200},"classes":[]},{"id":34864,"url":"http:\/\/www.jojoenherbe.com\/index.php\/2024\/03\/12\/au-fil-des-pages-avec-underground-railroad\/","url_meta":{"origin":6883,"position":4},"title":"Au fil des pages avec Underground Railroad","author":"Jojo","date":"12 mars 2024","format":false,"excerpt":"Dans le cadre de l'AAHM Challenge 2024 le mois dernier, j'ai lu Underground Railroad de Colson Whitehead (\u00e9d. Albin Michel, ao\u00fbt 2017, 416 pages), un roman historique qui a re\u00e7u le Prix Pulitzer en 2017 et se d\u00e9roulant dans les ann\u00e9es 1850 aux \u00c9tats-Unis. Abandonn\u00e9e quelques ann\u00e9es auparavant par sa\u2026","rel":"","context":"Dans &quot;Mini lecteur&quot;","block_context":{"text":"Mini lecteur","link":"http:\/\/www.jojoenherbe.com\/index.php\/category\/mini-lecteur\/"},"img":{"alt_text":"","src":"https:\/\/i0.wp.com\/www.jojoenherbe.com\/wp-content\/uploads\/2024\/03\/Underground-Railroad-2-scaled.jpg?fit=1200%2C891&resize=350%2C200","width":350,"height":200,"srcset":"https:\/\/i0.wp.com\/www.jojoenherbe.com\/wp-content\/uploads\/2024\/03\/Underground-Railroad-2-scaled.jpg?fit=1200%2C891&resize=350%2C200 1x, https:\/\/i0.wp.com\/www.jojoenherbe.com\/wp-content\/uploads\/2024\/03\/Underground-Railroad-2-scaled.jpg?fit=1200%2C891&resize=525%2C300 1.5x, https:\/\/i0.wp.com\/www.jojoenherbe.com\/wp-content\/uploads\/2024\/03\/Underground-Railroad-2-scaled.jpg?fit=1200%2C891&resize=700%2C400 2x, https:\/\/i0.wp.com\/www.jojoenherbe.com\/wp-content\/uploads\/2024\/03\/Underground-Railroad-2-scaled.jpg?fit=1200%2C891&resize=1050%2C600 3x"},"classes":[]},{"id":7665,"url":"http:\/\/www.jojoenherbe.com\/index.php\/2019\/09\/28\/un-cadran-solaire-le-temps-qui-passe\/","url_meta":{"origin":6883,"position":5},"title":"Un cadran solaire, le temps qui passe","author":"Jojo","date":"28 septembre 2019","format":false,"excerpt":"Pour cette semaine 39 du Projet 52-2019 de Du c\u00f4t\u00e9 de chez Ma', le th\u00e8me est \"Le temps qui passe\". Pour illustrer ce th\u00e8me, j'ai repris une photo prise, en d\u00e9cembre 2017, du cadran solaire fix\u00e9 sur l'\u00e9glise Saint-Gr\u00e9goire, \u00e9glise datant du XVe si\u00e8cle et sise \u00e0 Tourrettes-sur-Loup, sa devise\u2026","rel":"","context":"Dans &quot;mini photographe&quot;","block_context":{"text":"mini photographe","link":"http:\/\/www.jojoenherbe.com\/index.php\/category\/mini-photographe\/"},"img":{"alt_text":"","src":"https:\/\/i0.wp.com\/www.jojoenherbe.com\/wp-content\/uploads\/2019\/09\/Cadran-solaire-Eglise-de-Tourrettes-sur-Loup.jpg?fit=1142%2C1200&resize=350%2C200","width":350,"height":200,"srcset":"https:\/\/i0.wp.com\/www.jojoenherbe.com\/wp-content\/uploads\/2019\/09\/Cadran-solaire-Eglise-de-Tourrettes-sur-Loup.jpg?fit=1142%2C1200&resize=350%2C200 1x, https:\/\/i0.wp.com\/www.jojoenherbe.com\/wp-content\/uploads\/2019\/09\/Cadran-solaire-Eglise-de-Tourrettes-sur-Loup.jpg?fit=1142%2C1200&resize=525%2C300 1.5x, https:\/\/i0.wp.com\/www.jojoenherbe.com\/wp-content\/uploads\/2019\/09\/Cadran-solaire-Eglise-de-Tourrettes-sur-Loup.jpg?fit=1142%2C1200&resize=700%2C400 2x, https:\/\/i0.wp.com\/www.jojoenherbe.com\/wp-content\/uploads\/2019\/09\/Cadran-solaire-Eglise-de-Tourrettes-sur-Loup.jpg?fit=1142%2C1200&resize=1050%2C600 3x"},"classes":[]}],"_links":{"self":[{"href":"http:\/\/www.jojoenherbe.com\/index.php\/wp-json\/wp\/v2\/posts\/6883","targetHints":{"allow":["GET"]}}],"collection":[{"href":"http:\/\/www.jojoenherbe.com\/index.php\/wp-json\/wp\/v2\/posts"}],"about":[{"href":"http:\/\/www.jojoenherbe.com\/index.php\/wp-json\/wp\/v2\/types\/post"}],"author":[{"embeddable":true,"href":"http:\/\/www.jojoenherbe.com\/index.php\/wp-json\/wp\/v2\/users\/1"}],"replies":[{"embeddable":true,"href":"http:\/\/www.jojoenherbe.com\/index.php\/wp-json\/wp\/v2\/comments?post=6883"}],"version-history":[{"count":2,"href":"http:\/\/www.jojoenherbe.com\/index.php\/wp-json\/wp\/v2\/posts\/6883\/revisions"}],"predecessor-version":[{"id":26410,"href":"http:\/\/www.jojoenherbe.com\/index.php\/wp-json\/wp\/v2\/posts\/6883\/revisions\/26410"}],"wp:featuredmedia":[{"embeddable":true,"href":"http:\/\/www.jojoenherbe.com\/index.php\/wp-json\/wp\/v2\/media\/1850"}],"wp:attachment":[{"href":"http:\/\/www.jojoenherbe.com\/index.php\/wp-json\/wp\/v2\/media?parent=6883"}],"wp:term":[{"taxonomy":"category","embeddable":true,"href":"http:\/\/www.jojoenherbe.com\/index.php\/wp-json\/wp\/v2\/categories?post=6883"},{"taxonomy":"post_tag","embeddable":true,"href":"http:\/\/www.jojoenherbe.com\/index.php\/wp-json\/wp\/v2\/tags?post=6883"}],"curies":[{"name":"wp","href":"https:\/\/api.w.org\/{rel}","templated":true}]}}