{"id":6756,"date":"2019-07-15T15:29:05","date_gmt":"2019-07-15T13:29:05","guid":{"rendered":"http:\/\/www.jojoenherbe.com\/?p=6756"},"modified":"2022-04-15T14:12:23","modified_gmt":"2022-04-15T12:12:23","slug":"au-fil-des-pages-avec-un-orage-dete","status":"publish","type":"post","link":"http:\/\/www.jojoenherbe.com\/index.php\/2019\/07\/15\/au-fil-des-pages-avec-un-orage-dete\/","title":{"rendered":"Au fil des pages avec Un orage d&rsquo;\u00e9t\u00e9"},"content":{"rendered":"<p style=\"text-align: justify;\"><em><a href=\"https:\/\/i0.wp.com\/www.jojoenherbe.com\/wp-content\/uploads\/2019\/07\/Un-orage-d%C3%A9t%C3%A9-2.jpg\"><img data-recalc-dims=\"1\" loading=\"lazy\" decoding=\"async\" data-attachment-id=\"6757\" data-permalink=\"http:\/\/www.jojoenherbe.com\/index.php\/2019\/07\/15\/au-fil-des-pages-avec-un-orage-dete\/un-orage-dete-2\/\" data-orig-file=\"https:\/\/i0.wp.com\/www.jojoenherbe.com\/wp-content\/uploads\/2019\/07\/Un-orage-d%C3%A9t%C3%A9-2.jpg?fit=3074%2C2233\" data-orig-size=\"3074,2233\" data-comments-opened=\"1\" data-image-meta=\"{&quot;aperture&quot;:&quot;2.4&quot;,&quot;credit&quot;:&quot;&quot;,&quot;camera&quot;:&quot;iPhone 4S&quot;,&quot;caption&quot;:&quot;&quot;,&quot;created_timestamp&quot;:&quot;1563201609&quot;,&quot;copyright&quot;:&quot;&quot;,&quot;focal_length&quot;:&quot;4.28&quot;,&quot;iso&quot;:&quot;250&quot;,&quot;shutter_speed&quot;:&quot;0.05&quot;,&quot;title&quot;:&quot;&quot;,&quot;orientation&quot;:&quot;1&quot;}\" data-image-title=\"Un orage d&amp;rsquo;\u00e9t\u00e9 2\" data-image-description=\"\" data-image-caption=\"\" data-large-file=\"https:\/\/i0.wp.com\/www.jojoenherbe.com\/wp-content\/uploads\/2019\/07\/Un-orage-d%C3%A9t%C3%A9-2.jpg?fit=676%2C491\" class=\"alignleft size-thumbnail wp-image-6757\" src=\"https:\/\/i0.wp.com\/www.jojoenherbe.com\/wp-content\/uploads\/2019\/07\/Un-orage-d%C3%A9t%C3%A9-2.jpg?resize=150%2C150\" alt=\"\" width=\"150\" height=\"150\" srcset=\"https:\/\/i0.wp.com\/www.jojoenherbe.com\/wp-content\/uploads\/2019\/07\/Un-orage-d%C3%A9t%C3%A9-2.jpg?resize=150%2C150 150w, https:\/\/i0.wp.com\/www.jojoenherbe.com\/wp-content\/uploads\/2019\/07\/Un-orage-d%C3%A9t%C3%A9-2.jpg?zoom=2&amp;resize=150%2C150 300w, https:\/\/i0.wp.com\/www.jojoenherbe.com\/wp-content\/uploads\/2019\/07\/Un-orage-d%C3%A9t%C3%A9-2.jpg?zoom=3&amp;resize=150%2C150 450w\" sizes=\"auto, (max-width: 150px) 100vw, 150px\" \/><\/a> <a href=\"https:\/\/i0.wp.com\/www.jojoenherbe.com\/wp-content\/uploads\/2019\/07\/Un-orage-d%C3%A9t%C3%A9-3.jpg\"><img data-recalc-dims=\"1\" loading=\"lazy\" decoding=\"async\" data-attachment-id=\"6758\" data-permalink=\"http:\/\/www.jojoenherbe.com\/index.php\/2019\/07\/15\/au-fil-des-pages-avec-un-orage-dete\/un-orage-dete-3\/\" data-orig-file=\"https:\/\/i0.wp.com\/www.jojoenherbe.com\/wp-content\/uploads\/2019\/07\/Un-orage-d%C3%A9t%C3%A9-3.jpg?fit=3264%2C2057\" data-orig-size=\"3264,2057\" data-comments-opened=\"1\" data-image-meta=\"{&quot;aperture&quot;:&quot;2.4&quot;,&quot;credit&quot;:&quot;&quot;,&quot;camera&quot;:&quot;iPhone 4S&quot;,&quot;caption&quot;:&quot;&quot;,&quot;created_timestamp&quot;:&quot;1563201580&quot;,&quot;copyright&quot;:&quot;&quot;,&quot;focal_length&quot;:&quot;4.28&quot;,&quot;iso&quot;:&quot;200&quot;,&quot;shutter_speed&quot;:&quot;0.05&quot;,&quot;title&quot;:&quot;&quot;,&quot;orientation&quot;:&quot;1&quot;}\" data-image-title=\"Un orage d&amp;rsquo;\u00e9t\u00e9 3\" data-image-description=\"\" data-image-caption=\"\" data-large-file=\"https:\/\/i0.wp.com\/www.jojoenherbe.com\/wp-content\/uploads\/2019\/07\/Un-orage-d%C3%A9t%C3%A9-3.jpg?fit=676%2C426\" class=\"alignleft size-thumbnail wp-image-6758\" src=\"https:\/\/i0.wp.com\/www.jojoenherbe.com\/wp-content\/uploads\/2019\/07\/Un-orage-d%C3%A9t%C3%A9-3.jpg?resize=150%2C150\" alt=\"\" width=\"150\" height=\"150\" srcset=\"https:\/\/i0.wp.com\/www.jojoenherbe.com\/wp-content\/uploads\/2019\/07\/Un-orage-d%C3%A9t%C3%A9-3.jpg?resize=150%2C150 150w, https:\/\/i0.wp.com\/www.jojoenherbe.com\/wp-content\/uploads\/2019\/07\/Un-orage-d%C3%A9t%C3%A9-3.jpg?zoom=2&amp;resize=150%2C150 300w, https:\/\/i0.wp.com\/www.jojoenherbe.com\/wp-content\/uploads\/2019\/07\/Un-orage-d%C3%A9t%C3%A9-3.jpg?zoom=3&amp;resize=150%2C150 450w\" sizes=\"auto, (max-width: 150px) 100vw, 150px\" \/><\/a>Nous lisons une nouvelle aventure des trois \u00e9cureuils Nic, Nac et Noc qui se d\u00e9roule cette fois-ci en \u00e9t\u00e9 : <span style=\"text-decoration: underline;\">Un orage d&rsquo;\u00e9t\u00e9<\/span> de Kazuo Iwamura (\u00e9d. Mijade, 2016). Lors d&rsquo;un apr\u00e8s-midi, Nic, Nac et Noc sont surpris par l&rsquo;orage. Ce sera l&rsquo;occasion de se faire de nouveaux amis. Les illustrations de Kazuo Iwamura sont toujours aussi r\u00e9alistes dans leur description de la nature, notamment les \u00e9clairs qui s&rsquo;abattent sur l&rsquo;abri trouv\u00e9 par les personnages. On ressent \u00e9galement leur peur et puis leur soulagement une fois l&rsquo;orage pass\u00e9. A la toute derni\u00e8re page de l&rsquo;album jeunesse, l&rsquo;auteur ne nous relate pas une anecdote personnelle comme dans les autres albums mais ce qu&rsquo;ont v\u00e9cu les parents de Nic, Nac et Noc en ne les voyant pas rentrer malgr\u00e9 l&rsquo;orage. Encore un joli moment de lecture alors que l&rsquo;orage gronde \u00e9galement dehors!<br \/>\n<\/em><\/p>\n<div style=\"width: 129px\" class=\"wp-caption aligncenter\"><img data-recalc-dims=\"1\" loading=\"lazy\" decoding=\"async\" class=\"\" src=\"https:\/\/i0.wp.com\/delivrer-des-livres.fr\/wp-content\/uploads\/2019\/05\/logoalbums2019.png?resize=119%2C119\" alt=\"\" width=\"119\" height=\"119\" \/><p class=\"wp-caption-text\">Participation #24 <a href=\"http:\/\/delivrer-des-livres.fr\/challenge-albums-2019\/\">Je lis aussi des albums<\/a><\/p><\/div>\n","protected":false},"excerpt":{"rendered":"<p>Nous lisons une nouvelle aventure des trois \u00e9cureuils Nic, Nac et Noc qui se d\u00e9roule cette fois-ci en \u00e9t\u00e9 : Un orage d&rsquo;\u00e9t\u00e9 de Kazuo Iwamura (\u00e9d. Mijade, 2016). Lors d&rsquo;un apr\u00e8s-midi, Nic, Nac et Noc sont surpris par l&rsquo;orage. Ce sera l&rsquo;occasion de se faire de nouveaux amis. Les illustrations de Kazuo Iwamura sont [&hellip;]<\/p>\n","protected":false},"author":1,"featured_media":6759,"comment_status":"open","ping_status":"open","sticky":false,"template":"","format":"standard","meta":{"jetpack_post_was_ever_published":false,"_jetpack_newsletter_access":"","_jetpack_dont_email_post_to_subs":false,"_jetpack_newsletter_tier_id":0,"_jetpack_memberships_contains_paywalled_content":false,"_jetpack_memberships_contains_paid_content":false,"footnotes":""},"categories":[363],"tags":[20,409,386,391,390,611,1002,367,1020,725],"class_list":["post-6756","post","type-post","status-publish","format-standard","has-post-thumbnail","hentry","category-mini-lecteur","tag-activites-pour-les-enfants","tag-albums-jeunesse","tag-amitie","tag-ecureuil","tag-entraide","tag-ete","tag-kazuo-iwamura","tag-lecture-jeunesse","tag-lectures-dete","tag-orage","post-preview"],"jetpack_featured_media_url":"https:\/\/i0.wp.com\/www.jojoenherbe.com\/wp-content\/uploads\/2019\/07\/Un-orage-d%C3%A9t%C3%A9.jpg?fit=2435%2C2271","jetpack_sharing_enabled":true,"jetpack_shortlink":"https:\/\/wp.me\/p9zhGx-1KY","jetpack_likes_enabled":true,"jetpack-related-posts":[{"id":5137,"url":"http:\/\/www.jojoenherbe.com\/index.php\/2019\/03\/20\/au-fil-des-pages-sur-le-theme-du-printemps\/","url_meta":{"origin":6756,"position":0},"title":"Au fil des pages sur le th\u00e8me du printemps","author":"Jojo","date":"20 mars 2019","format":false,"excerpt":"Nous avons d\u00e9couvert la famille \u00e9cureuil de Kazuo Iwamura (\u00e9d. Mijade, 2016) en suivant les aventures automnales de Nic, Nac et Noc dans Tout est rouge puis hivernales avec Vive la neige. Nous les retrouvons, avec beaucoup de plaisir, dans deux histoires printani\u00e8res. Les illustrations sont toujours aussi splendides, le\u2026","rel":"","context":"Dans &quot;Mini lecteur&quot;","block_context":{"text":"Mini lecteur","link":"http:\/\/www.jojoenherbe.com\/index.php\/category\/mini-lecteur\/"},"img":{"alt_text":"","src":"https:\/\/i0.wp.com\/www.jojoenherbe.com\/wp-content\/uploads\/2019\/03\/%C3%A9cureuils-Kazuo-Iwamura.jpg?fit=1200%2C867&resize=350%2C200","width":350,"height":200,"srcset":"https:\/\/i0.wp.com\/www.jojoenherbe.com\/wp-content\/uploads\/2019\/03\/%C3%A9cureuils-Kazuo-Iwamura.jpg?fit=1200%2C867&resize=350%2C200 1x, https:\/\/i0.wp.com\/www.jojoenherbe.com\/wp-content\/uploads\/2019\/03\/%C3%A9cureuils-Kazuo-Iwamura.jpg?fit=1200%2C867&resize=525%2C300 1.5x, https:\/\/i0.wp.com\/www.jojoenherbe.com\/wp-content\/uploads\/2019\/03\/%C3%A9cureuils-Kazuo-Iwamura.jpg?fit=1200%2C867&resize=700%2C400 2x, https:\/\/i0.wp.com\/www.jojoenherbe.com\/wp-content\/uploads\/2019\/03\/%C3%A9cureuils-Kazuo-Iwamura.jpg?fit=1200%2C867&resize=1050%2C600 3x"},"classes":[]},{"id":16691,"url":"http:\/\/www.jojoenherbe.com\/index.php\/2021\/03\/22\/nos-lectures-printanieres-2021\/","url_meta":{"origin":6756,"position":1},"title":"Nos lectures printani\u00e8res 2021","author":"Jojo","date":"22 mars 2021","format":false,"excerpt":"Avec l'arriv\u00e9e du printemps ce 20 mars 2021, nous changeons \u00e9galement nos lectures pour nous plonger dans un th\u00e8me printanier, l\u00e9ger et color\u00e9. Ce billet sera ainsi actualis\u00e9 tout au long de ce printemps au gr\u00e9 de nos lectures sur ce th\u00e8me. Des albums jeunesse: l'arriv\u00e9e du printemps avec les\u2026","rel":"","context":"Dans &quot;Mini lecteur&quot;","block_context":{"text":"Mini lecteur","link":"http:\/\/www.jojoenherbe.com\/index.php\/category\/mini-lecteur\/"},"img":{"alt_text":"","src":"https:\/\/i0.wp.com\/www.jojoenherbe.com\/wp-content\/uploads\/2021\/03\/Nos-lectures-Printemps-scaled.jpg?fit=1200%2C900&resize=350%2C200","width":350,"height":200,"srcset":"https:\/\/i0.wp.com\/www.jojoenherbe.com\/wp-content\/uploads\/2021\/03\/Nos-lectures-Printemps-scaled.jpg?fit=1200%2C900&resize=350%2C200 1x, https:\/\/i0.wp.com\/www.jojoenherbe.com\/wp-content\/uploads\/2021\/03\/Nos-lectures-Printemps-scaled.jpg?fit=1200%2C900&resize=525%2C300 1.5x, https:\/\/i0.wp.com\/www.jojoenherbe.com\/wp-content\/uploads\/2021\/03\/Nos-lectures-Printemps-scaled.jpg?fit=1200%2C900&resize=700%2C400 2x, https:\/\/i0.wp.com\/www.jojoenherbe.com\/wp-content\/uploads\/2021\/03\/Nos-lectures-Printemps-scaled.jpg?fit=1200%2C900&resize=1050%2C600 3x"},"classes":[]},{"id":6372,"url":"http:\/\/www.jojoenherbe.com\/index.php\/2019\/06\/18\/au-fil-des-pages-avec-la-lessive-de-la-famille-souris\/","url_meta":{"origin":6756,"position":2},"title":"Au fil des pages avec La  lessive de la famille Souris","author":"Jojo","date":"18 juin 2019","format":false,"excerpt":"Nous continuons avec la saison estivale en lisant La lessive de la famille Souris de Kazuo Iwamura (\u00e9d. L'\u00e9cole des Loisirs, 2008). En cette belle journ\u00e9e d'\u00e9t\u00e9 bien chaude, la famille Souris se l\u00e8ve t\u00f4t pour une grande journ\u00e9e de lessive. Nous retrouvons toujours avec beaucoup de plaisir les petites\u2026","rel":"","context":"Dans &quot;Mini lecteur&quot;","block_context":{"text":"Mini lecteur","link":"http:\/\/www.jojoenherbe.com\/index.php\/category\/mini-lecteur\/"},"img":{"alt_text":"","src":"https:\/\/i0.wp.com\/www.jojoenherbe.com\/wp-content\/uploads\/2019\/06\/La-lessive-de-la-famille-Souris.jpg?fit=1060%2C1200&resize=350%2C200","width":350,"height":200,"srcset":"https:\/\/i0.wp.com\/www.jojoenherbe.com\/wp-content\/uploads\/2019\/06\/La-lessive-de-la-famille-Souris.jpg?fit=1060%2C1200&resize=350%2C200 1x, https:\/\/i0.wp.com\/www.jojoenherbe.com\/wp-content\/uploads\/2019\/06\/La-lessive-de-la-famille-Souris.jpg?fit=1060%2C1200&resize=525%2C300 1.5x, https:\/\/i0.wp.com\/www.jojoenherbe.com\/wp-content\/uploads\/2019\/06\/La-lessive-de-la-famille-Souris.jpg?fit=1060%2C1200&resize=700%2C400 2x, https:\/\/i0.wp.com\/www.jojoenherbe.com\/wp-content\/uploads\/2019\/06\/La-lessive-de-la-famille-Souris.jpg?fit=1060%2C1200&resize=1050%2C600 3x"},"classes":[]},{"id":4506,"url":"http:\/\/www.jojoenherbe.com\/index.php\/2019\/02\/06\/au-fil-des-pages-avec-tout-est-rouge\/","url_meta":{"origin":6756,"position":3},"title":"Au fil des pages avec Tout est rouge","author":"Jojo","date":"6 f\u00e9vrier 2019","format":false,"excerpt":"Nous nous replongeons, avec Tout est rouge de Kazuo Iwamura (\u00e9d. Mijade, 2016), dans l'automne avec la d\u00e9couverte de cette saison par les \u00e9cureuils, Nic, Nac et Noc. Nous avions pu \u00eatre aussi \u00e9merveill\u00e9s qu'eux en nous promenant en for\u00eat cet automne en observant la v\u00e9g\u00e9tation et les couchers de\u2026","rel":"","context":"Dans &quot;Mini lecteur&quot;","block_context":{"text":"Mini lecteur","link":"http:\/\/www.jojoenherbe.com\/index.php\/category\/mini-lecteur\/"},"img":{"alt_text":"","src":"https:\/\/i0.wp.com\/www.jojoenherbe.com\/wp-content\/uploads\/2019\/02\/Tout-est-rouge.jpg?fit=1051%2C1200&resize=350%2C200","width":350,"height":200,"srcset":"https:\/\/i0.wp.com\/www.jojoenherbe.com\/wp-content\/uploads\/2019\/02\/Tout-est-rouge.jpg?fit=1051%2C1200&resize=350%2C200 1x, https:\/\/i0.wp.com\/www.jojoenherbe.com\/wp-content\/uploads\/2019\/02\/Tout-est-rouge.jpg?fit=1051%2C1200&resize=525%2C300 1.5x, https:\/\/i0.wp.com\/www.jojoenherbe.com\/wp-content\/uploads\/2019\/02\/Tout-est-rouge.jpg?fit=1051%2C1200&resize=700%2C400 2x, https:\/\/i0.wp.com\/www.jojoenherbe.com\/wp-content\/uploads\/2019\/02\/Tout-est-rouge.jpg?fit=1051%2C1200&resize=1050%2C600 3x"},"classes":[]},{"id":5046,"url":"http:\/\/www.jojoenherbe.com\/index.php\/2019\/03\/16\/deux-autres-albums-jeunesse-sur-lhiver\/","url_meta":{"origin":6756,"position":4},"title":"Deux autres albums jeunesse sur l&rsquo;hiver","author":"Jojo","date":"16 mars 2019","format":false,"excerpt":"Dans cette derni\u00e8re semaine d'hiver, nous empruntons \u00e0 la biblioth\u00e8que deux albums jeunesse sur cette saison. Cette ann\u00e9e, l'hiver ayant \u00e9t\u00e9 particuli\u00e8rement doux dans le Sud de la France, nous n'avons pas vraiment pu profiter de la neige. Nous avions ador\u00e9 d\u00e9couvrir les aventures automnales de Nic, Nac, Noc, trois\u2026","rel":"","context":"Dans &quot;Mini lecteur&quot;","block_context":{"text":"Mini lecteur","link":"http:\/\/www.jojoenherbe.com\/index.php\/category\/mini-lecteur\/"},"img":{"alt_text":"","src":"https:\/\/i0.wp.com\/www.jojoenherbe.com\/wp-content\/uploads\/2019\/03\/Vive-la-neige.jpg?fit=1200%2C714&resize=350%2C200","width":350,"height":200,"srcset":"https:\/\/i0.wp.com\/www.jojoenherbe.com\/wp-content\/uploads\/2019\/03\/Vive-la-neige.jpg?fit=1200%2C714&resize=350%2C200 1x, https:\/\/i0.wp.com\/www.jojoenherbe.com\/wp-content\/uploads\/2019\/03\/Vive-la-neige.jpg?fit=1200%2C714&resize=525%2C300 1.5x, https:\/\/i0.wp.com\/www.jojoenherbe.com\/wp-content\/uploads\/2019\/03\/Vive-la-neige.jpg?fit=1200%2C714&resize=700%2C400 2x, https:\/\/i0.wp.com\/www.jojoenherbe.com\/wp-content\/uploads\/2019\/03\/Vive-la-neige.jpg?fit=1200%2C714&resize=1050%2C600 3x"},"classes":[]},{"id":6547,"url":"http:\/\/www.jojoenherbe.com\/index.php\/2019\/06\/26\/au-fil-des-pages-avec-la-plage\/","url_meta":{"origin":6756,"position":5},"title":"Au fil des pages avec la plage","author":"Jojo","date":"26 juin 2019","format":false,"excerpt":"Nous continuons \u00e0 emprunter des livres sur l'\u00e9t\u00e9, la plage et les vacances (d\u00e8s 2\/3 ans). Nous lisons Les souris \u00e0 la plage de Haruo Yamashita et Kazuo Iwamura (\u00e9d. L'\u00e9cole des loisirs, 1999). Nous retrouvons avec plaisir le coup de crayon de Kazuo Iwamura pour les illustrations mais une\u2026","rel":"","context":"Dans &quot;Mini lecteur&quot;","block_context":{"text":"Mini lecteur","link":"http:\/\/www.jojoenherbe.com\/index.php\/category\/mini-lecteur\/"},"img":{"alt_text":"","src":"https:\/\/i0.wp.com\/www.jojoenherbe.com\/wp-content\/uploads\/2019\/06\/%C3%A0-la-plage.jpg?fit=1200%2C900&resize=350%2C200","width":350,"height":200,"srcset":"https:\/\/i0.wp.com\/www.jojoenherbe.com\/wp-content\/uploads\/2019\/06\/%C3%A0-la-plage.jpg?fit=1200%2C900&resize=350%2C200 1x, https:\/\/i0.wp.com\/www.jojoenherbe.com\/wp-content\/uploads\/2019\/06\/%C3%A0-la-plage.jpg?fit=1200%2C900&resize=525%2C300 1.5x, https:\/\/i0.wp.com\/www.jojoenherbe.com\/wp-content\/uploads\/2019\/06\/%C3%A0-la-plage.jpg?fit=1200%2C900&resize=700%2C400 2x, https:\/\/i0.wp.com\/www.jojoenherbe.com\/wp-content\/uploads\/2019\/06\/%C3%A0-la-plage.jpg?fit=1200%2C900&resize=1050%2C600 3x"},"classes":[]}],"_links":{"self":[{"href":"http:\/\/www.jojoenherbe.com\/index.php\/wp-json\/wp\/v2\/posts\/6756","targetHints":{"allow":["GET"]}}],"collection":[{"href":"http:\/\/www.jojoenherbe.com\/index.php\/wp-json\/wp\/v2\/posts"}],"about":[{"href":"http:\/\/www.jojoenherbe.com\/index.php\/wp-json\/wp\/v2\/types\/post"}],"author":[{"embeddable":true,"href":"http:\/\/www.jojoenherbe.com\/index.php\/wp-json\/wp\/v2\/users\/1"}],"replies":[{"embeddable":true,"href":"http:\/\/www.jojoenherbe.com\/index.php\/wp-json\/wp\/v2\/comments?post=6756"}],"version-history":[{"count":1,"href":"http:\/\/www.jojoenherbe.com\/index.php\/wp-json\/wp\/v2\/posts\/6756\/revisions"}],"predecessor-version":[{"id":25002,"href":"http:\/\/www.jojoenherbe.com\/index.php\/wp-json\/wp\/v2\/posts\/6756\/revisions\/25002"}],"wp:featuredmedia":[{"embeddable":true,"href":"http:\/\/www.jojoenherbe.com\/index.php\/wp-json\/wp\/v2\/media\/6759"}],"wp:attachment":[{"href":"http:\/\/www.jojoenherbe.com\/index.php\/wp-json\/wp\/v2\/media?parent=6756"}],"wp:term":[{"taxonomy":"category","embeddable":true,"href":"http:\/\/www.jojoenherbe.com\/index.php\/wp-json\/wp\/v2\/categories?post=6756"},{"taxonomy":"post_tag","embeddable":true,"href":"http:\/\/www.jojoenherbe.com\/index.php\/wp-json\/wp\/v2\/tags?post=6756"}],"curies":[{"name":"wp","href":"https:\/\/api.w.org\/{rel}","templated":true}]}}